{"id":104820,"date":"2017-09-26T01:50:27","date_gmt":"2017-09-25T23:50:27","guid":{"rendered":"http:\/\/www.24gliwice.pl\/wiadomosci\/?p=104820"},"modified":"2017-10-02T22:31:18","modified_gmt":"2017-10-02T20:31:18","slug":"gala-bokserska-na-inauguracje-hali-gliwice-jest-zyczliwosc-by-taka-impreza-sie-odbyla","status":"publish","type":"post","link":"https:\/\/www.24gliwice.pl\/wiadomosci\/gala-bokserska-na-inauguracje-hali-gliwice-jest-zyczliwosc-by-taka-impreza-sie-odbyla\/","title":{"rendered":"Gala bokserska na inauguracj\u0119 Hali Gliwice? &#8220;Jest \u017cyczliwo\u015b\u0107 by taka impreza si\u0119 odby\u0142a&#8221;"},"content":{"rendered":"<div class=\"gliwi-a6-nad-leadem-artykulow gliwi-entity-placement\" id=\"gliwi-1815427405\"><div class=\"gliwi-adlabel\"><span style=\"font-size: 9px\">REKLAMA<\/span><\/div><div id=\"gliwi-3051805341\" style=\"margin-bottom: 25px;margin-left: auto;margin-right: auto;text-align: center;\"><a data-no-instant=\"1\" href=\"https:\/\/dom100.eu\/\" rel=\"noopener\" class=\"a2t-link\" target=\"_blank\" aria-label=\"20260415 DOM100 D\"><img loading=\"lazy\" decoding=\"async\" src=\"https:\/\/www.24gliwice.pl\/wiadomosci\/wp-content\/uploads\/2026\/04\/20260415-DOM100-D.jpg\" alt=\"\"  srcset=\"https:\/\/www.24gliwice.pl\/wiadomosci\/wp-content\/uploads\/2026\/04\/20260415-DOM100-D.jpg 750w, https:\/\/www.24gliwice.pl\/wiadomosci\/wp-content\/uploads\/2026\/04\/20260415-DOM100-D-410x109.jpg 410w\" sizes=\"(max-width: 750px) 100vw, 750px\" class=\"no-lazyload\" width=\"750\" height=\"200\"  style=\"display: inline-block; max-width: 100%; height: auto;\" \/><\/a><\/div><\/div><h3>&#8211; Ju\u017c trzy lata temu chodzi\u0142em do Urz\u0119du Miasta i przedstawia\u0142em wizj\u0119 tego co mo\u017cna by\u0142oby zrobi\u0107 na otwarcie tej hali: fantastyczn\u0105 imprez\u0119, gal\u0119 boksu zawodowego z udzia\u0142em najlepszych polskich bokser\u00f3w<\/h3>\n<p>&#8211; m\u00f3wi w rozmowie z portalem <a href=\"http:\/\/future-champion.pl\/\" rel=\"noopener\" target=\"_blank\">Future Champion<\/a>, <strong>Piotr Werner<\/strong>, by\u0142y s\u0119dzia pi\u0142karski, a obecnie bokserski promotor. &#8211; Powoli nam si\u0119 to uk\u0142ada, jestem po rozmowach z Urz\u0119dem Miejskim i w sp\u00f3\u0142ce miejskiej, kt\u00f3ra b\u0119dzie kierowa\u0142a hal\u0105. My\u015bl\u0119, \u017ce jest \u017cyczliwo\u015b\u0107 by taka gala odby\u0142a si\u0119 na inauguracj\u0119 &#8211; twierdzi Werner.<\/p>\n<p>To nie pierwsza informacja o planach zorganizowania gali sport\u00f3w walki na inauguracj\u0119 Hali Gliwice. W lutym ubieg\u0142ego roku o podobnym pomy\u015ble m\u00f3wi\u0142 wsp\u00f3\u0142w\u0142a\u015bciciel federacji KSW (Konfrontacje Sztuk Walki) Maciej Kawulski. Miasto w\u00f3wczas zaprzeczy\u0142o by przedstawiciele federacji kontaktowali si\u0119 w tej sprawie z Magistratem.<\/p><div class=\"gliwi-a3-w-tresci-artykulow gliwi-entity-placement\" id=\"gliwi-1749456458\"><div class=\"gliwi-adlabel\"><span style=\"font-size: 9px\">REKLAMA<\/span><\/div><div id=\"gliwi-3813484826\" style=\"margin-bottom: 30px;margin-left: auto;margin-right: auto;text-align: center;\"><a data-no-instant=\"1\" href=\"https:\/\/ogrodyandersa.pl\/\" rel=\"noopener\" class=\"a2t-link\" target=\"_blank\" aria-label=\"20260415 Ogrody Andersa KUP TERAZ D\"><img loading=\"lazy\" decoding=\"async\" src=\"https:\/\/www.24gliwice.pl\/wiadomosci\/wp-content\/uploads\/2026\/04\/20260415-Ogrody-Andersa-KUP-TERAZ-D.jpg\" alt=\"\"  srcset=\"https:\/\/www.24gliwice.pl\/wiadomosci\/wp-content\/uploads\/2026\/04\/20260415-Ogrody-Andersa-KUP-TERAZ-D.jpg 750w, https:\/\/www.24gliwice.pl\/wiadomosci\/wp-content\/uploads\/2026\/04\/20260415-Ogrody-Andersa-KUP-TERAZ-D-410x109.jpg 410w\" sizes=\"(max-width: 750px) 100vw, 750px\" class=\"no-lazyload\" width=\"750\" height=\"200\"  style=\"display: inline-block; max-width: 100%; height: auto;\" \/><\/a><\/div><\/div>\n[perfectpullquote align=&#8221;full&#8221; cite=&#8221;&#8221; link=&#8221;&#8221; color=&#8221;&#8221; class=&#8221;&#8221; size=&#8221;&#8221;]Z rozmowy z Piotrem Wernerem wynika, \u017ce w tym wypadku rozmowy s\u0105 ju\u017c bardziej zaawansowane. [\/perfectpullquote]Co wi\u0119cej, promotor pozytywnie odni\u00f3s\u0142 si\u0119 do pomys\u0142u organizacji pokazowego pojedynku bokserskiego z udzia\u0142em przedstawicieli Magistratu, w tym&#8230; prezydenta Zygmunta Frankiewicza.<\/p>\n<p>&#8211; Kupuj\u0119 ten temat. B\u0119dziemy szli w tym kierunku. Nie wiem czy pan prezydent Frankiewicz b\u0119dzie zainteresowany takim pojedynkiem, ale ma m\u0142odych, zdolnych i silnych wiceprezydent\u00f3w i na pewno w\u015br\u00f3d nich wybra\u0142oby si\u0119 kogo\u015b kto wejdzie na ring. B\u0119dziemy starali si\u0119 doprowadzi\u0107 do takiej walki. Ale zaznaczam, \u017ce jest to nowy temat, b\u0119d\u0119 rozmawia\u0107 z promotorem <strong>Babilo\u0144skim<\/strong> i wiceprezydentem <strong>Piotrem Wieczorkiem<\/strong>. Zobaczymy co z tego wyniknie &#8211; podsumowa\u0142 Werner.<\/p>\n<p><em>&#8220;Gliwicki fragment&#8221; rozmowy z portalem Future Champion mo\u017cna zobaczy\u0107 tutaj:<\/em><br \/>\n<iframe loading=\"lazy\" width=\"810\" height=\"456\" src=\"https:\/\/www.youtube.com\/embed\/8HkbZpkA4cI?start=617&#038;feature=oembed\" frameborder=\"0\" allowfullscreen><\/iframe><\/p>\n<p>Hala Gliwice, kt\u00f3rej budowa w\u0142a\u015bnie dobiega ko\u0144ca, pomie\u015bci 17 tysi\u0119cy widz\u00f3w. Pierwsza impreza w obiekcie planowana jest na po\u0142ow\u0119 przysz\u0142ego roku.<br \/>\n(msz)<\/p>\n<div class=\"gliwi-a5-na-koncu-artykulow gliwi-entity-placement\" id=\"gliwi-774501555\"><div class=\"gliwi-adlabel\"><span style=\"font-size: 9px\">REKLAMA<\/span><\/div><div id=\"gliwi-750595765\" style=\"margin-left: auto;margin-right: auto;text-align: center;\"><a data-no-instant=\"1\" href=\"https:\/\/prezeroarenagliwice.pl\/\" rel=\"noopener\" class=\"a2t-link\" target=\"_blank\" aria-label=\"20260309-PREZERO-WIOSNA-D\"><img loading=\"lazy\" decoding=\"async\" src=\"https:\/\/www.24gliwice.pl\/wiadomosci\/wp-content\/uploads\/2026\/03\/20260309-PREZERO-WIOSNA-D.webp\" alt=\"\"  srcset=\"https:\/\/www.24gliwice.pl\/wiadomosci\/wp-content\/uploads\/2026\/03\/20260309-PREZERO-WIOSNA-D.webp 750w, https:\/\/www.24gliwice.pl\/wiadomosci\/wp-content\/uploads\/2026\/03\/20260309-PREZERO-WIOSNA-D-410x109.webp 410w\" sizes=\"(max-width: 750px) 100vw, 750px\" class=\"no-lazyload\" width=\"750\" height=\"200\"  style=\"display: inline-block; max-width: 100%; height: auto;\" \/><\/a><\/div><\/div>","protected":false},"excerpt":{"rendered":"<p>&#8211; Ju\u017c trzy lata temu chodzi\u0142em do Urz\u0119du Miasta i przedstawia\u0142em wizj\u0119 tego co mo\u017cna by\u0142oby zrobi\u0107 na otwarcie tej hali: fantastyczn\u0105 imprez\u0119, gal\u0119 boksu zawodowego z udzia\u0142em najlepszych polskich bokser\u00f3w &#8211; m\u00f3wi w rozmowie z portalem Future Champion, Piotr Werner, by\u0142y s\u0119dzia pi\u0142karski, a obecnie bokserski promotor. &#8211; Powoli nam si\u0119 to uk\u0142ada, jestem [&hellip;]<\/p>\n","protected":false},"author":12,"featured_media":104824,"comment_status":"open","ping_status":"closed","sticky":false,"template":"","format":"standard","meta":{"_monsterinsights_skip_tracking":false,"_monsterinsights_sitenote_active":false,"_monsterinsights_sitenote_note":"","_monsterinsights_sitenote_category":0,"footnotes":"","_links_to":"","_links_to_target":""},"categories":[3,1,9],"tags":[4739],"class_list":["post-104820","post","type-post","status-publish","format-standard","has-post-thumbnail","hentry","category-gliwice","category-wszystko","category-aktualnosci_lokalne","tag-hala-gliwice"],"yoast_head":"<!-- This site is optimized with the Yoast SEO plugin v27.5 - https:\/\/yoast.com\/product\/yoast-seo-wordpress\/ -->\n<title>Gala bokserska na inauguracj\u0119 Hali Gliwice? &quot;Jest \u017cyczliwo\u015b\u0107 by taka impreza si\u0119 odby\u0142a&quot; - 24GLIWICE - Portal Gliwice | codziennie nowe informacje<\/title>\n<meta name=\"robots\" content=\"index, follow, max-snippet:-1, max-image-preview:large, max-video-preview:-1\" \/>\n<link rel=\"canonical\" href=\"https:\/\/www.24gliwice.pl\/wiadomosci\/gala-bokserska-na-inauguracje-hali-gliwice-jest-zyczliwosc-by-taka-impreza-sie-odbyla\/\" \/>\n<meta property=\"og:locale\" content=\"pl_PL\" \/>\n<meta property=\"og:type\" content=\"article\" \/>\n<meta property=\"og:title\" content=\"Gala bokserska na inauguracj\u0119 Hali Gliwice? &quot;Jest \u017cyczliwo\u015b\u0107 by taka impreza si\u0119 odby\u0142a&quot; - 24GLIWICE - Portal Gliwice | codziennie nowe informacje\" \/>\n<meta property=\"og:description\" content=\"&#8211; Ju\u017c trzy lata temu chodzi\u0142em do Urz\u0119du Miasta i przedstawia\u0142em wizj\u0119 tego co mo\u017cna by\u0142oby zrobi\u0107 na otwarcie tej hali: fantastyczn\u0105 imprez\u0119, gal\u0119 boksu zawodowego z udzia\u0142em najlepszych polskich bokser\u00f3w &#8211; m\u00f3wi w rozmowie z portalem Future Champion, Piotr Werner, by\u0142y s\u0119dzia pi\u0142karski, a obecnie bokserski promotor. &#8211; Powoli nam si\u0119 to uk\u0142ada, jestem [&hellip;]\" \/>\n<meta property=\"og:url\" content=\"https:\/\/www.24gliwice.pl\/wiadomosci\/gala-bokserska-na-inauguracje-hali-gliwice-jest-zyczliwosc-by-taka-impreza-sie-odbyla\/\" \/>\n<meta property=\"og:site_name\" content=\"24GLIWICE - Portal Gliwice | codziennie nowe informacje\" \/>\n<meta property=\"article:publisher\" content=\"https:\/\/www.facebook.com\/24gliwice\" \/>\n<meta property=\"article:published_time\" content=\"2017-09-25T23:50:27+00:00\" \/>\n<meta property=\"article:modified_time\" content=\"2017-10-02T20:31:18+00:00\" \/>\n<meta property=\"og:image\" content=\"https:\/\/www.24gliwice.pl\/wiadomosci\/wp-content\/uploads\/2017\/09\/1-1-20170525_141303-002.jpg\" \/>\n\t<meta property=\"og:image:width\" content=\"1140\" \/>\n\t<meta property=\"og:image:height\" content=\"639\" \/>\n\t<meta property=\"og:image:type\" content=\"image\/jpeg\" \/>\n<meta name=\"author\" content=\"Micha\u0142 Szewczyk\" \/>\n<meta name=\"twitter:card\" content=\"summary_large_image\" \/>\n<meta name=\"twitter:creator\" content=\"@24gliwice\" \/>\n<meta name=\"twitter:site\" content=\"@24gliwice\" \/>\n<meta name=\"twitter:label1\" content=\"Napisane przez\" \/>\n\t<meta name=\"twitter:data1\" content=\"Micha\u0142 Szewczyk\" \/>\n\t<meta name=\"twitter:label2\" content=\"Szacowany czas czytania\" \/>\n\t<meta name=\"twitter:data2\" content=\"2 minuty\" \/>\n<script type=\"application\/ld+json\" class=\"yoast-schema-graph\">{\"@context\":\"https:\\\/\\\/schema.org\",\"@graph\":[{\"@type\":\"Article\",\"@id\":\"https:\\\/\\\/www.24gliwice.pl\\\/wiadomosci\\\/gala-bokserska-na-inauguracje-hali-gliwice-jest-zyczliwosc-by-taka-impreza-sie-odbyla\\\/#article\",\"isPartOf\":{\"@id\":\"https:\\\/\\\/www.24gliwice.pl\\\/wiadomosci\\\/gala-bokserska-na-inauguracje-hali-gliwice-jest-zyczliwosc-by-taka-impreza-sie-odbyla\\\/\"},\"author\":{\"name\":\"Micha\u0142 Szewczyk\",\"@id\":\"https:\\\/\\\/www.24gliwice.pl\\\/wiadomosci\\\/#\\\/schema\\\/person\\\/940e8f8a097e322de4f463f061ef8d45\"},\"headline\":\"Gala bokserska na inauguracj\u0119 Hali Gliwice? &#8220;Jest \u017cyczliwo\u015b\u0107 by taka impreza si\u0119 odby\u0142a&#8221;\",\"datePublished\":\"2017-09-25T23:50:27+00:00\",\"dateModified\":\"2017-10-02T20:31:18+00:00\",\"mainEntityOfPage\":{\"@id\":\"https:\\\/\\\/www.24gliwice.pl\\\/wiadomosci\\\/gala-bokserska-na-inauguracje-hali-gliwice-jest-zyczliwosc-by-taka-impreza-sie-odbyla\\\/\"},\"wordCount\":344,\"commentCount\":0,\"publisher\":{\"@id\":\"https:\\\/\\\/www.24gliwice.pl\\\/wiadomosci\\\/#organization\"},\"image\":{\"@id\":\"https:\\\/\\\/www.24gliwice.pl\\\/wiadomosci\\\/gala-bokserska-na-inauguracje-hali-gliwice-jest-zyczliwosc-by-taka-impreza-sie-odbyla\\\/#primaryimage\"},\"thumbnailUrl\":\"https:\\\/\\\/www.24gliwice.pl\\\/wiadomosci\\\/wp-content\\\/uploads\\\/2017\\\/09\\\/1-1-20170525_141303-002.jpg\",\"keywords\":[\"HALA GLIWICE\"],\"articleSection\":[\"Gliwice\",\"Najnowsze wiadomo\u015bci\",\"Portal Gliwice - Wiadomo\u015bci lokalne\"],\"inLanguage\":\"pl-PL\",\"potentialAction\":[{\"@type\":\"CommentAction\",\"name\":\"Comment\",\"target\":[\"https:\\\/\\\/www.24gliwice.pl\\\/wiadomosci\\\/gala-bokserska-na-inauguracje-hali-gliwice-jest-zyczliwosc-by-taka-impreza-sie-odbyla\\\/#respond\"]}]},{\"@type\":\"WebPage\",\"@id\":\"https:\\\/\\\/www.24gliwice.pl\\\/wiadomosci\\\/gala-bokserska-na-inauguracje-hali-gliwice-jest-zyczliwosc-by-taka-impreza-sie-odbyla\\\/\",\"url\":\"https:\\\/\\\/www.24gliwice.pl\\\/wiadomosci\\\/gala-bokserska-na-inauguracje-hali-gliwice-jest-zyczliwosc-by-taka-impreza-sie-odbyla\\\/\",\"name\":\"Gala bokserska na inauguracj\u0119 Hali Gliwice? \\\"Jest \u017cyczliwo\u015b\u0107 by taka impreza si\u0119 odby\u0142a\\\" - 24GLIWICE - Portal Gliwice | codziennie nowe informacje\",\"isPartOf\":{\"@id\":\"https:\\\/\\\/www.24gliwice.pl\\\/wiadomosci\\\/#website\"},\"primaryImageOfPage\":{\"@id\":\"https:\\\/\\\/www.24gliwice.pl\\\/wiadomosci\\\/gala-bokserska-na-inauguracje-hali-gliwice-jest-zyczliwosc-by-taka-impreza-sie-odbyla\\\/#primaryimage\"},\"image\":{\"@id\":\"https:\\\/\\\/www.24gliwice.pl\\\/wiadomosci\\\/gala-bokserska-na-inauguracje-hali-gliwice-jest-zyczliwosc-by-taka-impreza-sie-odbyla\\\/#primaryimage\"},\"thumbnailUrl\":\"https:\\\/\\\/www.24gliwice.pl\\\/wiadomosci\\\/wp-content\\\/uploads\\\/2017\\\/09\\\/1-1-20170525_141303-002.jpg\",\"datePublished\":\"2017-09-25T23:50:27+00:00\",\"dateModified\":\"2017-10-02T20:31:18+00:00\",\"breadcrumb\":{\"@id\":\"https:\\\/\\\/www.24gliwice.pl\\\/wiadomosci\\\/gala-bokserska-na-inauguracje-hali-gliwice-jest-zyczliwosc-by-taka-impreza-sie-odbyla\\\/#breadcrumb\"},\"inLanguage\":\"pl-PL\",\"potentialAction\":[{\"@type\":\"ReadAction\",\"target\":[\"https:\\\/\\\/www.24gliwice.pl\\\/wiadomosci\\\/gala-bokserska-na-inauguracje-hali-gliwice-jest-zyczliwosc-by-taka-impreza-sie-odbyla\\\/\"]}]},{\"@type\":\"ImageObject\",\"inLanguage\":\"pl-PL\",\"@id\":\"https:\\\/\\\/www.24gliwice.pl\\\/wiadomosci\\\/gala-bokserska-na-inauguracje-hali-gliwice-jest-zyczliwosc-by-taka-impreza-sie-odbyla\\\/#primaryimage\",\"url\":\"https:\\\/\\\/www.24gliwice.pl\\\/wiadomosci\\\/wp-content\\\/uploads\\\/2017\\\/09\\\/1-1-20170525_141303-002.jpg\",\"contentUrl\":\"https:\\\/\\\/www.24gliwice.pl\\\/wiadomosci\\\/wp-content\\\/uploads\\\/2017\\\/09\\\/1-1-20170525_141303-002.jpg\",\"width\":1140,\"height\":639},{\"@type\":\"BreadcrumbList\",\"@id\":\"https:\\\/\\\/www.24gliwice.pl\\\/wiadomosci\\\/gala-bokserska-na-inauguracje-hali-gliwice-jest-zyczliwosc-by-taka-impreza-sie-odbyla\\\/#breadcrumb\",\"itemListElement\":[{\"@type\":\"ListItem\",\"position\":1,\"name\":\"Strona g\u0142\u00f3wna\",\"item\":\"https:\\\/\\\/www.24gliwice.pl\\\/wiadomosci\\\/\"},{\"@type\":\"ListItem\",\"position\":2,\"name\":\"Gala bokserska na inauguracj\u0119 Hali Gliwice? &#8222;Jest \u017cyczliwo\u015b\u0107 by taka impreza si\u0119 odby\u0142a&#8221;\"}]},{\"@type\":\"WebSite\",\"@id\":\"https:\\\/\\\/www.24gliwice.pl\\\/wiadomosci\\\/#website\",\"url\":\"https:\\\/\\\/www.24gliwice.pl\\\/wiadomosci\\\/\",\"name\":\"24GLIWICE - Portal Gliwice | codziennie nowe wiadomo\u015bci\",\"description\":\"Portal Miejski Gliwice\",\"publisher\":{\"@id\":\"https:\\\/\\\/www.24gliwice.pl\\\/wiadomosci\\\/#organization\"},\"potentialAction\":[{\"@type\":\"SearchAction\",\"target\":{\"@type\":\"EntryPoint\",\"urlTemplate\":\"https:\\\/\\\/www.24gliwice.pl\\\/wiadomosci\\\/?s={search_term_string}\"},\"query-input\":{\"@type\":\"PropertyValueSpecification\",\"valueRequired\":true,\"valueName\":\"search_term_string\"}}],\"inLanguage\":\"pl-PL\"},{\"@type\":\"Organization\",\"@id\":\"https:\\\/\\\/www.24gliwice.pl\\\/wiadomosci\\\/#organization\",\"name\":\"24gliwice\",\"url\":\"https:\\\/\\\/www.24gliwice.pl\\\/wiadomosci\\\/\",\"logo\":{\"@type\":\"ImageObject\",\"inLanguage\":\"pl-PL\",\"@id\":\"https:\\\/\\\/www.24gliwice.pl\\\/wiadomosci\\\/#\\\/schema\\\/logo\\\/image\\\/\",\"url\":\"https:\\\/\\\/www.24gliwice.pl\\\/wiadomosci\\\/wp-content\\\/uploads\\\/2024\\\/10\\\/24gliwice-logo-696.jpg\",\"contentUrl\":\"https:\\\/\\\/www.24gliwice.pl\\\/wiadomosci\\\/wp-content\\\/uploads\\\/2024\\\/10\\\/24gliwice-logo-696.jpg\",\"width\":696,\"height\":696,\"caption\":\"24gliwice\"},\"image\":{\"@id\":\"https:\\\/\\\/www.24gliwice.pl\\\/wiadomosci\\\/#\\\/schema\\\/logo\\\/image\\\/\"},\"sameAs\":[\"https:\\\/\\\/www.facebook.com\\\/24gliwice\",\"https:\\\/\\\/x.com\\\/24gliwice\",\"https:\\\/\\\/www.youtube.com\\\/@24gliwice\"]},{\"@type\":\"Person\",\"@id\":\"https:\\\/\\\/www.24gliwice.pl\\\/wiadomosci\\\/#\\\/schema\\\/person\\\/940e8f8a097e322de4f463f061ef8d45\",\"name\":\"Micha\u0142 Szewczyk\",\"image\":{\"@type\":\"ImageObject\",\"inLanguage\":\"pl-PL\",\"@id\":\"https:\\\/\\\/secure.gravatar.com\\\/avatar\\\/771b8b6c74cd8d255e46392d605e01a86133900ef09b6ef3c8d451c9d92288cf?s=96&d=mm&r=g\",\"url\":\"https:\\\/\\\/secure.gravatar.com\\\/avatar\\\/771b8b6c74cd8d255e46392d605e01a86133900ef09b6ef3c8d451c9d92288cf?s=96&d=mm&r=g\",\"contentUrl\":\"https:\\\/\\\/secure.gravatar.com\\\/avatar\\\/771b8b6c74cd8d255e46392d605e01a86133900ef09b6ef3c8d451c9d92288cf?s=96&d=mm&r=g\",\"caption\":\"Micha\u0142 Szewczyk\"},\"sameAs\":[\"http:\\\/\\\/www.gazeta-miejska.pl\"],\"url\":\"https:\\\/\\\/www.24gliwice.pl\\\/wiadomosci\\\/author\\\/michal-szewczyk\\\/\"}]}<\/script>\n<!-- \/ Yoast SEO plugin. -->","yoast_head_json":{"title":"Gala bokserska na inauguracj\u0119 Hali Gliwice? \"Jest \u017cyczliwo\u015b\u0107 by taka impreza si\u0119 odby\u0142a\" - 24GLIWICE - Portal Gliwice | codziennie nowe informacje","robots":{"index":"index","follow":"follow","max-snippet":"max-snippet:-1","max-image-preview":"max-image-preview:large","max-video-preview":"max-video-preview:-1"},"canonical":"https:\/\/www.24gliwice.pl\/wiadomosci\/gala-bokserska-na-inauguracje-hali-gliwice-jest-zyczliwosc-by-taka-impreza-sie-odbyla\/","og_locale":"pl_PL","og_type":"article","og_title":"Gala bokserska na inauguracj\u0119 Hali Gliwice? \"Jest \u017cyczliwo\u015b\u0107 by taka impreza si\u0119 odby\u0142a\" - 24GLIWICE - Portal Gliwice | codziennie nowe informacje","og_description":"&#8211; Ju\u017c trzy lata temu chodzi\u0142em do Urz\u0119du Miasta i przedstawia\u0142em wizj\u0119 tego co mo\u017cna by\u0142oby zrobi\u0107 na otwarcie tej hali: fantastyczn\u0105 imprez\u0119, gal\u0119 boksu zawodowego z udzia\u0142em najlepszych polskich bokser\u00f3w &#8211; m\u00f3wi w rozmowie z portalem Future Champion, Piotr Werner, by\u0142y s\u0119dzia pi\u0142karski, a obecnie bokserski promotor. &#8211; Powoli nam si\u0119 to uk\u0142ada, jestem [&hellip;]","og_url":"https:\/\/www.24gliwice.pl\/wiadomosci\/gala-bokserska-na-inauguracje-hali-gliwice-jest-zyczliwosc-by-taka-impreza-sie-odbyla\/","og_site_name":"24GLIWICE - Portal Gliwice | codziennie nowe informacje","article_publisher":"https:\/\/www.facebook.com\/24gliwice","article_published_time":"2017-09-25T23:50:27+00:00","article_modified_time":"2017-10-02T20:31:18+00:00","og_image":[{"width":1140,"height":639,"url":"https:\/\/www.24gliwice.pl\/wiadomosci\/wp-content\/uploads\/2017\/09\/1-1-20170525_141303-002.jpg","type":"image\/jpeg"}],"author":"Micha\u0142 Szewczyk","twitter_card":"summary_large_image","twitter_creator":"@24gliwice","twitter_site":"@24gliwice","twitter_misc":{"Napisane przez":"Micha\u0142 Szewczyk","Szacowany czas czytania":"2 minuty"},"schema":{"@context":"https:\/\/schema.org","@graph":[{"@type":"Article","@id":"https:\/\/www.24gliwice.pl\/wiadomosci\/gala-bokserska-na-inauguracje-hali-gliwice-jest-zyczliwosc-by-taka-impreza-sie-odbyla\/#article","isPartOf":{"@id":"https:\/\/www.24gliwice.pl\/wiadomosci\/gala-bokserska-na-inauguracje-hali-gliwice-jest-zyczliwosc-by-taka-impreza-sie-odbyla\/"},"author":{"name":"Micha\u0142 Szewczyk","@id":"https:\/\/www.24gliwice.pl\/wiadomosci\/#\/schema\/person\/940e8f8a097e322de4f463f061ef8d45"},"headline":"Gala bokserska na inauguracj\u0119 Hali Gliwice? &#8220;Jest \u017cyczliwo\u015b\u0107 by taka impreza si\u0119 odby\u0142a&#8221;","datePublished":"2017-09-25T23:50:27+00:00","dateModified":"2017-10-02T20:31:18+00:00","mainEntityOfPage":{"@id":"https:\/\/www.24gliwice.pl\/wiadomosci\/gala-bokserska-na-inauguracje-hali-gliwice-jest-zyczliwosc-by-taka-impreza-sie-odbyla\/"},"wordCount":344,"commentCount":0,"publisher":{"@id":"https:\/\/www.24gliwice.pl\/wiadomosci\/#organization"},"image":{"@id":"https:\/\/www.24gliwice.pl\/wiadomosci\/gala-bokserska-na-inauguracje-hali-gliwice-jest-zyczliwosc-by-taka-impreza-sie-odbyla\/#primaryimage"},"thumbnailUrl":"https:\/\/www.24gliwice.pl\/wiadomosci\/wp-content\/uploads\/2017\/09\/1-1-20170525_141303-002.jpg","keywords":["HALA GLIWICE"],"articleSection":["Gliwice","Najnowsze wiadomo\u015bci","Portal Gliwice - Wiadomo\u015bci lokalne"],"inLanguage":"pl-PL","potentialAction":[{"@type":"CommentAction","name":"Comment","target":["https:\/\/www.24gliwice.pl\/wiadomosci\/gala-bokserska-na-inauguracje-hali-gliwice-jest-zyczliwosc-by-taka-impreza-sie-odbyla\/#respond"]}]},{"@type":"WebPage","@id":"https:\/\/www.24gliwice.pl\/wiadomosci\/gala-bokserska-na-inauguracje-hali-gliwice-jest-zyczliwosc-by-taka-impreza-sie-odbyla\/","url":"https:\/\/www.24gliwice.pl\/wiadomosci\/gala-bokserska-na-inauguracje-hali-gliwice-jest-zyczliwosc-by-taka-impreza-sie-odbyla\/","name":"Gala bokserska na inauguracj\u0119 Hali Gliwice? \"Jest \u017cyczliwo\u015b\u0107 by taka impreza si\u0119 odby\u0142a\" - 24GLIWICE - Portal Gliwice | codziennie nowe informacje","isPartOf":{"@id":"https:\/\/www.24gliwice.pl\/wiadomosci\/#website"},"primaryImageOfPage":{"@id":"https:\/\/www.24gliwice.pl\/wiadomosci\/gala-bokserska-na-inauguracje-hali-gliwice-jest-zyczliwosc-by-taka-impreza-sie-odbyla\/#primaryimage"},"image":{"@id":"https:\/\/www.24gliwice.pl\/wiadomosci\/gala-bokserska-na-inauguracje-hali-gliwice-jest-zyczliwosc-by-taka-impreza-sie-odbyla\/#primaryimage"},"thumbnailUrl":"https:\/\/www.24gliwice.pl\/wiadomosci\/wp-content\/uploads\/2017\/09\/1-1-20170525_141303-002.jpg","datePublished":"2017-09-25T23:50:27+00:00","dateModified":"2017-10-02T20:31:18+00:00","breadcrumb":{"@id":"https:\/\/www.24gliwice.pl\/wiadomosci\/gala-bokserska-na-inauguracje-hali-gliwice-jest-zyczliwosc-by-taka-impreza-sie-odbyla\/#breadcrumb"},"inLanguage":"pl-PL","potentialAction":[{"@type":"ReadAction","target":["https:\/\/www.24gliwice.pl\/wiadomosci\/gala-bokserska-na-inauguracje-hali-gliwice-jest-zyczliwosc-by-taka-impreza-sie-odbyla\/"]}]},{"@type":"ImageObject","inLanguage":"pl-PL","@id":"https:\/\/www.24gliwice.pl\/wiadomosci\/gala-bokserska-na-inauguracje-hali-gliwice-jest-zyczliwosc-by-taka-impreza-sie-odbyla\/#primaryimage","url":"https:\/\/www.24gliwice.pl\/wiadomosci\/wp-content\/uploads\/2017\/09\/1-1-20170525_141303-002.jpg","contentUrl":"https:\/\/www.24gliwice.pl\/wiadomosci\/wp-content\/uploads\/2017\/09\/1-1-20170525_141303-002.jpg","width":1140,"height":639},{"@type":"BreadcrumbList","@id":"https:\/\/www.24gliwice.pl\/wiadomosci\/gala-bokserska-na-inauguracje-hali-gliwice-jest-zyczliwosc-by-taka-impreza-sie-odbyla\/#breadcrumb","itemListElement":[{"@type":"ListItem","position":1,"name":"Strona g\u0142\u00f3wna","item":"https:\/\/www.24gliwice.pl\/wiadomosci\/"},{"@type":"ListItem","position":2,"name":"Gala bokserska na inauguracj\u0119 Hali Gliwice? &#8222;Jest \u017cyczliwo\u015b\u0107 by taka impreza si\u0119 odby\u0142a&#8221;"}]},{"@type":"WebSite","@id":"https:\/\/www.24gliwice.pl\/wiadomosci\/#website","url":"https:\/\/www.24gliwice.pl\/wiadomosci\/","name":"24GLIWICE - Portal Gliwice | codziennie nowe wiadomo\u015bci","description":"Portal Miejski Gliwice","publisher":{"@id":"https:\/\/www.24gliwice.pl\/wiadomosci\/#organization"},"potentialAction":[{"@type":"SearchAction","target":{"@type":"EntryPoint","urlTemplate":"https:\/\/www.24gliwice.pl\/wiadomosci\/?s={search_term_string}"},"query-input":{"@type":"PropertyValueSpecification","valueRequired":true,"valueName":"search_term_string"}}],"inLanguage":"pl-PL"},{"@type":"Organization","@id":"https:\/\/www.24gliwice.pl\/wiadomosci\/#organization","name":"24gliwice","url":"https:\/\/www.24gliwice.pl\/wiadomosci\/","logo":{"@type":"ImageObject","inLanguage":"pl-PL","@id":"https:\/\/www.24gliwice.pl\/wiadomosci\/#\/schema\/logo\/image\/","url":"https:\/\/www.24gliwice.pl\/wiadomosci\/wp-content\/uploads\/2024\/10\/24gliwice-logo-696.jpg","contentUrl":"https:\/\/www.24gliwice.pl\/wiadomosci\/wp-content\/uploads\/2024\/10\/24gliwice-logo-696.jpg","width":696,"height":696,"caption":"24gliwice"},"image":{"@id":"https:\/\/www.24gliwice.pl\/wiadomosci\/#\/schema\/logo\/image\/"},"sameAs":["https:\/\/www.facebook.com\/24gliwice","https:\/\/x.com\/24gliwice","https:\/\/www.youtube.com\/@24gliwice"]},{"@type":"Person","@id":"https:\/\/www.24gliwice.pl\/wiadomosci\/#\/schema\/person\/940e8f8a097e322de4f463f061ef8d45","name":"Micha\u0142 Szewczyk","image":{"@type":"ImageObject","inLanguage":"pl-PL","@id":"https:\/\/secure.gravatar.com\/avatar\/771b8b6c74cd8d255e46392d605e01a86133900ef09b6ef3c8d451c9d92288cf?s=96&d=mm&r=g","url":"https:\/\/secure.gravatar.com\/avatar\/771b8b6c74cd8d255e46392d605e01a86133900ef09b6ef3c8d451c9d92288cf?s=96&d=mm&r=g","contentUrl":"https:\/\/secure.gravatar.com\/avatar\/771b8b6c74cd8d255e46392d605e01a86133900ef09b6ef3c8d451c9d92288cf?s=96&d=mm&r=g","caption":"Micha\u0142 Szewczyk"},"sameAs":["http:\/\/www.gazeta-miejska.pl"],"url":"https:\/\/www.24gliwice.pl\/wiadomosci\/author\/michal-szewczyk\/"}]}},"_links":{"self":[{"href":"https:\/\/www.24gliwice.pl\/wiadomosci\/wp-json\/wp\/v2\/posts\/104820","targetHints":{"allow":["GET"]}}],"collection":[{"href":"https:\/\/www.24gliwice.pl\/wiadomosci\/wp-json\/wp\/v2\/posts"}],"about":[{"href":"https:\/\/www.24gliwice.pl\/wiadomosci\/wp-json\/wp\/v2\/types\/post"}],"author":[{"embeddable":true,"href":"https:\/\/www.24gliwice.pl\/wiadomosci\/wp-json\/wp\/v2\/users\/12"}],"replies":[{"embeddable":true,"href":"https:\/\/www.24gliwice.pl\/wiadomosci\/wp-json\/wp\/v2\/comments?post=104820"}],"version-history":[{"count":0,"href":"https:\/\/www.24gliwice.pl\/wiadomosci\/wp-json\/wp\/v2\/posts\/104820\/revisions"}],"wp:featuredmedia":[{"embeddable":true,"href":"https:\/\/www.24gliwice.pl\/wiadomosci\/wp-json\/wp\/v2\/media\/104824"}],"wp:attachment":[{"href":"https:\/\/www.24gliwice.pl\/wiadomosci\/wp-json\/wp\/v2\/media?parent=104820"}],"wp:term":[{"taxonomy":"category","embeddable":true,"href":"https:\/\/www.24gliwice.pl\/wiadomosci\/wp-json\/wp\/v2\/categories?post=104820"},{"taxonomy":"post_tag","embeddable":true,"href":"https:\/\/www.24gliwice.pl\/wiadomosci\/wp-json\/wp\/v2\/tags?post=104820"}],"curies":[{"name":"wp","href":"https:\/\/api.w.org\/{rel}","templated":true}]}}