{"id":104878,"date":"2017-09-28T03:05:25","date_gmt":"2017-09-28T01:05:25","guid":{"rendered":"http:\/\/www.24gliwice.pl\/wiadomosci\/?p=104878"},"modified":"2017-09-28T10:36:26","modified_gmt":"2017-09-28T08:36:26","slug":"pomoc-w-naglych-przypadkach-zdrowotnych-w-nocy-i-w-swieta-nowe-punkty-w-gliwicach-od-1-x","status":"publish","type":"post","link":"https:\/\/www.24gliwice.pl\/wiadomosci\/pomoc-w-naglych-przypadkach-zdrowotnych-w-nocy-i-w-swieta-nowe-punkty-w-gliwicach-od-1-x\/","title":{"rendered":"Pomoc w nag\u0142ych przypadkach zdrowotnych w nocy i w \u015bwi\u0119ta. Nowe punkty w Gliwicach od 1.X"},"content":{"rendered":"<div class=\"gliwi-a6-nad-leadem-artykulow gliwi-entity-placement\" id=\"gliwi-945320436\"><div class=\"gliwi-adlabel\"><span style=\"font-size: 9px\">REKLAMA<\/span><\/div><div id=\"gliwi-1498468966\" style=\"margin-bottom: 30px;margin-left: auto;margin-right: auto;text-align: center;\"><a data-no-instant=\"1\" href=\"https:\/\/przedszkole.halogen.org.pl\/\" rel=\"noopener\" class=\"a2t-link\" target=\"_blank\" aria-label=\"20260402-ANIMATOR-przedszkole_grafika_750x200\"><img loading=\"lazy\" decoding=\"async\" src=\"https:\/\/www.24gliwice.pl\/wiadomosci\/wp-content\/uploads\/2026\/04\/20260402-ANIMATOR-przedszkole_grafika_750x200.webp\" alt=\"\"  srcset=\"https:\/\/www.24gliwice.pl\/wiadomosci\/wp-content\/uploads\/2026\/04\/20260402-ANIMATOR-przedszkole_grafika_750x200.webp 750w, https:\/\/www.24gliwice.pl\/wiadomosci\/wp-content\/uploads\/2026\/04\/20260402-ANIMATOR-przedszkole_grafika_750x200-410x109.webp 410w\" sizes=\"(max-width: 750px) 100vw, 750px\" class=\"no-lazyload\" width=\"750\" height=\"200\"  style=\"display: inline-block; max-width: 100%; height: auto;\" \/><\/a><\/div><\/div><h3>W Gliwicach za nocn\u0105 i \u015bwi\u0105teczn\u0105 opiek\u0119 zdrowotn\u0105 odpowiada\u0142y do tej pory dwie przychodnie prowadzone przez Fundacj\u0119 &#8220;Unia Bracka&#8221;. Po zmianach w razie nag\u0142ego zachorowania w dni wolne od pracy b\u0119dzie trzeba uda\u0107 si\u0119 do szpitala.<\/h3>\n<p>Nocna i \u015bwi\u0105teczna opieka zdrowotna to \u015bwiadczenia w zakresie podstawowej opieki zdrowotnej udzielane od poniedzia\u0142ku do pi\u0105tku w godzinach od 18.00 do 8.00 dnia nast\u0119pnego oraz ca\u0142odobowo w dni ustawowo wolne od pracy.<\/p>\n<p>W razie nag\u0142ego zachorowania lub nag\u0142ego pogorszenia stanu zdrowia pacjent mo\u017ce uda\u0107 si\u0119 po pomoc do dowolnego punktu nocnej i \u015bwi\u0105tecznej opieki zdrowotnej, niezale\u017cnie od tego, gdzie mieszka, i do kt\u00f3rego lekarza\/piel\u0119gniarki podstawowej opieki zdrowotnej (POZ) z\u0142o\u017cy\u0142 swoj\u0105 deklaracj\u0119.<\/p><div class=\"gliwi-a3-w-tresci-artykulow gliwi-entity-placement\" id=\"gliwi-252488820\"><div class=\"gliwi-adlabel\"><span style=\"font-size: 9px\">REKLAMA<\/span><\/div><div id=\"gliwi-2922074824\" style=\"margin-bottom: 30px;margin-left: auto;margin-right: auto;text-align: center;\"><a data-no-instant=\"1\" href=\"https:\/\/zlobek.halogen.org.pl\/\" rel=\"noopener\" class=\"a2t-link\" target=\"_blank\" aria-label=\"animator-zlobek_750x200\"><img loading=\"lazy\" decoding=\"async\" src=\"https:\/\/www.24gliwice.pl\/wiadomosci\/wp-content\/uploads\/2026\/02\/animator-zlobek_750x200.webp\" alt=\"\"  srcset=\"https:\/\/www.24gliwice.pl\/wiadomosci\/wp-content\/uploads\/2026\/02\/animator-zlobek_750x200.webp 750w, https:\/\/www.24gliwice.pl\/wiadomosci\/wp-content\/uploads\/2026\/02\/animator-zlobek_750x200-410x109.webp 410w\" sizes=\"(max-width: 750px) 100vw, 750px\" class=\"no-lazyload\" width=\"750\" height=\"200\"  style=\"display: inline-block; max-width: 100%; height: auto;\" \/><\/a><\/div><\/div>\n<p>Dy\u017curuj\u0105cy lekarz udziela porad:<br \/>\n&#8211; w warunkach ambulatoryjnych,<br \/>\n&#8211; w domu pacjenta (w przypadkach medycznie uzasadnionych),<br \/>\n&#8211; telefonicznie.<\/p>\n<p><strong>Z pomocy lekarza i piel\u0119gniarki w nocy, w dni wolne i w \u015bwi\u0119ta mo\u017cna skorzysta\u0107 w razie:<\/strong><br \/>\n&#8211; nag\u0142ego zachorowania;<br \/>\n&#8211; nag\u0142ego pogorszenia stanu zdrowia, gdy nie ma objaw\u00f3w sugeruj\u0105cych bezpo\u015brednie zagro\u017cenie \u017cycia lub istotny uszczerbek zdrowia, a zastosowane \u015brodki domowe lub leki dost\u0119pne bez recepty nie przynios\u0142y spodziewanej poprawy;<br \/>\n&#8211; gdy zachodzi obawa, \u017ce oczekiwanie na otwarcie przychodni mo\u017ce znacz\u0105co niekorzystnie wp\u0142yn\u0105\u0107 na stan zdrowia.<\/p>\n[perfectpullquote align=&#8221;full&#8221; cite=&#8221;&#8221; link=&#8221;&#8221; color=&#8221;&#8221; class=&#8221;&#8221; size=&#8221;&#8221;]UWAGA! \u015awiadczenia w zakresie nocnej i \u015bwi\u0105tecznej opieki zdrowotnej, realizowane do tej pory w przychodniach Unii Brackiej przy ul. B\u0142onie oraz Bojkowskiej, wykonywane b\u0119d\u0105 tam do 1 pa\u017adziernika do godz. 8.00 (niedziela). [\/perfectpullquote]\n<p>Po tej godzinie prac\u0119 rozpoczn\u0105 nowe punkty zlokalizowane w 2 gliwickich szpitalach.<\/p>\n<h4>Tutaj uzyskasz pomoc po zmianach<\/h4>\n<p>W Gliwicach z nocnej i \u015bwi\u0105tecznej opieki zdrowotnej mo\u017cna b\u0119dzie skorzysta\u0107 w nast\u0119puj\u0105cych miejscach:<br \/>\nSzpital Miejski nr 4, ul. Zygmunta Starego 20, Gliwice<br \/>\nSzpital Wielospecjalistyczny, ul. Ko\u015bciuszki 1, Gliwice<\/p>\n<p>(\u017cms)<\/p>\n<div class=\"gliwi-a5-na-koncu-artykulow gliwi-entity-placement\" id=\"gliwi-734119091\"><div class=\"gliwi-adlabel\"><span style=\"font-size: 9px\">REKLAMA<\/span><\/div><div id=\"gliwi-4211607733\" style=\"margin-left: auto;margin-right: auto;text-align: center;\"><a data-no-instant=\"1\" href=\"https:\/\/prezeroarenagliwice.pl\/\" rel=\"noopener\" class=\"a2t-link\" target=\"_blank\" aria-label=\"20260309-PREZERO-WIOSNA-D\"><img loading=\"lazy\" decoding=\"async\" src=\"https:\/\/www.24gliwice.pl\/wiadomosci\/wp-content\/uploads\/2026\/03\/20260309-PREZERO-WIOSNA-D.webp\" alt=\"\"  srcset=\"https:\/\/www.24gliwice.pl\/wiadomosci\/wp-content\/uploads\/2026\/03\/20260309-PREZERO-WIOSNA-D.webp 750w, https:\/\/www.24gliwice.pl\/wiadomosci\/wp-content\/uploads\/2026\/03\/20260309-PREZERO-WIOSNA-D-410x109.webp 410w\" sizes=\"(max-width: 750px) 100vw, 750px\" class=\"no-lazyload\" width=\"750\" height=\"200\"  style=\"display: inline-block; max-width: 100%; height: auto;\" \/><\/a><\/div><\/div>","protected":false},"excerpt":{"rendered":"<p>W Gliwicach za nocn\u0105 i \u015bwi\u0105teczn\u0105 opiek\u0119 zdrowotn\u0105 odpowiada\u0142y do tej pory dwie przychodnie prowadzone przez Fundacj\u0119 &#8220;Unia Bracka&#8221;. Po zmianach w razie nag\u0142ego zachorowania w dni wolne od pracy b\u0119dzie trzeba uda\u0107 si\u0119 do szpitala. Nocna i \u015bwi\u0105teczna opieka zdrowotna to \u015bwiadczenia w zakresie podstawowej opieki zdrowotnej udzielane od poniedzia\u0142ku do pi\u0105tku w godzinach [&hellip;]<\/p>\n","protected":false},"author":15,"featured_media":104944,"comment_status":"open","ping_status":"closed","sticky":false,"template":"","format":"standard","meta":{"_monsterinsights_skip_tracking":false,"_monsterinsights_sitenote_active":false,"_monsterinsights_sitenote_note":"","_monsterinsights_sitenote_category":0,"footnotes":"","_links_to":"","_links_to_target":""},"categories":[3,1,9],"tags":[8390,10290,10289,940,9066,5000],"class_list":["post-104878","post","type-post","status-publish","format-standard","has-post-thumbnail","hentry","category-gliwice","category-wszystko","category-aktualnosci_lokalne","tag-lekarz","tag-nocna-i-swiateczna-opieka-zdrowotna","tag-opieka-medyczna","tag-przychodnia","tag-siec-szpitali","tag-szpital"],"yoast_head":"<!-- This site is optimized with the Yoast SEO plugin v27.5 - https:\/\/yoast.com\/product\/yoast-seo-wordpress\/ -->\n<title>Pomoc w nag\u0142ych przypadkach zdrowotnych w nocy i w \u015bwi\u0119ta. Nowe punkty w Gliwicach od 1.X - 24GLIWICE - Portal Gliwice | codziennie nowe informacje<\/title>\n<meta name=\"robots\" content=\"index, follow, max-snippet:-1, max-image-preview:large, max-video-preview:-1\" \/>\n<link rel=\"canonical\" href=\"https:\/\/www.24gliwice.pl\/wiadomosci\/pomoc-w-naglych-przypadkach-zdrowotnych-w-nocy-i-w-swieta-nowe-punkty-w-gliwicach-od-1-x\/\" \/>\n<meta property=\"og:locale\" content=\"pl_PL\" \/>\n<meta property=\"og:type\" content=\"article\" \/>\n<meta property=\"og:title\" content=\"Pomoc w nag\u0142ych przypadkach zdrowotnych w nocy i w \u015bwi\u0119ta. Nowe punkty w Gliwicach od 1.X - 24GLIWICE - Portal Gliwice | codziennie nowe informacje\" \/>\n<meta property=\"og:description\" content=\"W Gliwicach za nocn\u0105 i \u015bwi\u0105teczn\u0105 opiek\u0119 zdrowotn\u0105 odpowiada\u0142y do tej pory dwie przychodnie prowadzone przez Fundacj\u0119 &#8220;Unia Bracka&#8221;. Po zmianach w razie nag\u0142ego zachorowania w dni wolne od pracy b\u0119dzie trzeba uda\u0107 si\u0119 do szpitala. Nocna i \u015bwi\u0105teczna opieka zdrowotna to \u015bwiadczenia w zakresie podstawowej opieki zdrowotnej udzielane od poniedzia\u0142ku do pi\u0105tku w godzinach [&hellip;]\" \/>\n<meta property=\"og:url\" content=\"https:\/\/www.24gliwice.pl\/wiadomosci\/pomoc-w-naglych-przypadkach-zdrowotnych-w-nocy-i-w-swieta-nowe-punkty-w-gliwicach-od-1-x\/\" \/>\n<meta property=\"og:site_name\" content=\"24GLIWICE - Portal Gliwice | codziennie nowe informacje\" \/>\n<meta property=\"article:publisher\" content=\"https:\/\/www.facebook.com\/24gliwice\" \/>\n<meta property=\"article:published_time\" content=\"2017-09-28T01:05:25+00:00\" \/>\n<meta property=\"article:modified_time\" content=\"2017-09-28T08:36:26+00:00\" \/>\n<meta property=\"og:image\" content=\"https:\/\/www.24gliwice.pl\/wiadomosci\/wp-content\/uploads\/2017\/09\/Screenshot_73.jpg\" \/>\n\t<meta property=\"og:image:width\" content=\"957\" \/>\n\t<meta property=\"og:image:height\" content=\"534\" \/>\n\t<meta property=\"og:image:type\" content=\"image\/jpeg\" \/>\n<meta name=\"author\" content=\"\u017baneta Mrozek-Siewierska\" \/>\n<meta name=\"twitter:card\" content=\"summary_large_image\" \/>\n<meta name=\"twitter:creator\" content=\"@24gliwice\" \/>\n<meta name=\"twitter:site\" content=\"@24gliwice\" \/>\n<meta name=\"twitter:label1\" content=\"Napisane przez\" \/>\n\t<meta name=\"twitter:data1\" content=\"\u017baneta Mrozek-Siewierska\" \/>\n\t<meta name=\"twitter:label2\" content=\"Szacowany czas czytania\" \/>\n\t<meta name=\"twitter:data2\" content=\"2 minuty\" \/>\n<script type=\"application\/ld+json\" class=\"yoast-schema-graph\">{\"@context\":\"https:\\\/\\\/schema.org\",\"@graph\":[{\"@type\":\"Article\",\"@id\":\"https:\\\/\\\/www.24gliwice.pl\\\/wiadomosci\\\/pomoc-w-naglych-przypadkach-zdrowotnych-w-nocy-i-w-swieta-nowe-punkty-w-gliwicach-od-1-x\\\/#article\",\"isPartOf\":{\"@id\":\"https:\\\/\\\/www.24gliwice.pl\\\/wiadomosci\\\/pomoc-w-naglych-przypadkach-zdrowotnych-w-nocy-i-w-swieta-nowe-punkty-w-gliwicach-od-1-x\\\/\"},\"author\":{\"name\":\"\u017baneta Mrozek-Siewierska\",\"@id\":\"https:\\\/\\\/www.24gliwice.pl\\\/wiadomosci\\\/#\\\/schema\\\/person\\\/e42c650edd7f2fa332be3811fb166b6e\"},\"headline\":\"Pomoc w nag\u0142ych przypadkach zdrowotnych w nocy i w \u015bwi\u0119ta. Nowe punkty w Gliwicach od 1.X\",\"datePublished\":\"2017-09-28T01:05:25+00:00\",\"dateModified\":\"2017-09-28T08:36:26+00:00\",\"mainEntityOfPage\":{\"@id\":\"https:\\\/\\\/www.24gliwice.pl\\\/wiadomosci\\\/pomoc-w-naglych-przypadkach-zdrowotnych-w-nocy-i-w-swieta-nowe-punkty-w-gliwicach-od-1-x\\\/\"},\"wordCount\":335,\"commentCount\":0,\"publisher\":{\"@id\":\"https:\\\/\\\/www.24gliwice.pl\\\/wiadomosci\\\/#organization\"},\"image\":{\"@id\":\"https:\\\/\\\/www.24gliwice.pl\\\/wiadomosci\\\/pomoc-w-naglych-przypadkach-zdrowotnych-w-nocy-i-w-swieta-nowe-punkty-w-gliwicach-od-1-x\\\/#primaryimage\"},\"thumbnailUrl\":\"https:\\\/\\\/www.24gliwice.pl\\\/wiadomosci\\\/wp-content\\\/uploads\\\/2017\\\/09\\\/Screenshot_73.jpg\",\"keywords\":[\"lekarz\",\"nocna i \u015bwi\u0105teczna opieka zdrowotna\",\"opieka medyczna\",\"przychodnia\",\"sie\u0107 szpitali\",\"SZPITAL\"],\"articleSection\":[\"Gliwice\",\"Najnowsze wiadomo\u015bci\",\"Portal Gliwice - Wiadomo\u015bci lokalne\"],\"inLanguage\":\"pl-PL\",\"potentialAction\":[{\"@type\":\"CommentAction\",\"name\":\"Comment\",\"target\":[\"https:\\\/\\\/www.24gliwice.pl\\\/wiadomosci\\\/pomoc-w-naglych-przypadkach-zdrowotnych-w-nocy-i-w-swieta-nowe-punkty-w-gliwicach-od-1-x\\\/#respond\"]}]},{\"@type\":\"WebPage\",\"@id\":\"https:\\\/\\\/www.24gliwice.pl\\\/wiadomosci\\\/pomoc-w-naglych-przypadkach-zdrowotnych-w-nocy-i-w-swieta-nowe-punkty-w-gliwicach-od-1-x\\\/\",\"url\":\"https:\\\/\\\/www.24gliwice.pl\\\/wiadomosci\\\/pomoc-w-naglych-przypadkach-zdrowotnych-w-nocy-i-w-swieta-nowe-punkty-w-gliwicach-od-1-x\\\/\",\"name\":\"Pomoc w nag\u0142ych przypadkach zdrowotnych w nocy i w \u015bwi\u0119ta. Nowe punkty w Gliwicach od 1.X - 24GLIWICE - Portal Gliwice | codziennie nowe informacje\",\"isPartOf\":{\"@id\":\"https:\\\/\\\/www.24gliwice.pl\\\/wiadomosci\\\/#website\"},\"primaryImageOfPage\":{\"@id\":\"https:\\\/\\\/www.24gliwice.pl\\\/wiadomosci\\\/pomoc-w-naglych-przypadkach-zdrowotnych-w-nocy-i-w-swieta-nowe-punkty-w-gliwicach-od-1-x\\\/#primaryimage\"},\"image\":{\"@id\":\"https:\\\/\\\/www.24gliwice.pl\\\/wiadomosci\\\/pomoc-w-naglych-przypadkach-zdrowotnych-w-nocy-i-w-swieta-nowe-punkty-w-gliwicach-od-1-x\\\/#primaryimage\"},\"thumbnailUrl\":\"https:\\\/\\\/www.24gliwice.pl\\\/wiadomosci\\\/wp-content\\\/uploads\\\/2017\\\/09\\\/Screenshot_73.jpg\",\"datePublished\":\"2017-09-28T01:05:25+00:00\",\"dateModified\":\"2017-09-28T08:36:26+00:00\",\"breadcrumb\":{\"@id\":\"https:\\\/\\\/www.24gliwice.pl\\\/wiadomosci\\\/pomoc-w-naglych-przypadkach-zdrowotnych-w-nocy-i-w-swieta-nowe-punkty-w-gliwicach-od-1-x\\\/#breadcrumb\"},\"inLanguage\":\"pl-PL\",\"potentialAction\":[{\"@type\":\"ReadAction\",\"target\":[\"https:\\\/\\\/www.24gliwice.pl\\\/wiadomosci\\\/pomoc-w-naglych-przypadkach-zdrowotnych-w-nocy-i-w-swieta-nowe-punkty-w-gliwicach-od-1-x\\\/\"]}]},{\"@type\":\"ImageObject\",\"inLanguage\":\"pl-PL\",\"@id\":\"https:\\\/\\\/www.24gliwice.pl\\\/wiadomosci\\\/pomoc-w-naglych-przypadkach-zdrowotnych-w-nocy-i-w-swieta-nowe-punkty-w-gliwicach-od-1-x\\\/#primaryimage\",\"url\":\"https:\\\/\\\/www.24gliwice.pl\\\/wiadomosci\\\/wp-content\\\/uploads\\\/2017\\\/09\\\/Screenshot_73.jpg\",\"contentUrl\":\"https:\\\/\\\/www.24gliwice.pl\\\/wiadomosci\\\/wp-content\\\/uploads\\\/2017\\\/09\\\/Screenshot_73.jpg\",\"width\":957,\"height\":534},{\"@type\":\"BreadcrumbList\",\"@id\":\"https:\\\/\\\/www.24gliwice.pl\\\/wiadomosci\\\/pomoc-w-naglych-przypadkach-zdrowotnych-w-nocy-i-w-swieta-nowe-punkty-w-gliwicach-od-1-x\\\/#breadcrumb\",\"itemListElement\":[{\"@type\":\"ListItem\",\"position\":1,\"name\":\"Strona g\u0142\u00f3wna\",\"item\":\"https:\\\/\\\/www.24gliwice.pl\\\/wiadomosci\\\/\"},{\"@type\":\"ListItem\",\"position\":2,\"name\":\"Pomoc w nag\u0142ych przypadkach zdrowotnych w nocy i w \u015bwi\u0119ta. Nowe punkty w Gliwicach od 1.X\"}]},{\"@type\":\"WebSite\",\"@id\":\"https:\\\/\\\/www.24gliwice.pl\\\/wiadomosci\\\/#website\",\"url\":\"https:\\\/\\\/www.24gliwice.pl\\\/wiadomosci\\\/\",\"name\":\"24GLIWICE - Portal Gliwice | codziennie nowe wiadomo\u015bci\",\"description\":\"Portal Miejski Gliwice\",\"publisher\":{\"@id\":\"https:\\\/\\\/www.24gliwice.pl\\\/wiadomosci\\\/#organization\"},\"potentialAction\":[{\"@type\":\"SearchAction\",\"target\":{\"@type\":\"EntryPoint\",\"urlTemplate\":\"https:\\\/\\\/www.24gliwice.pl\\\/wiadomosci\\\/?s={search_term_string}\"},\"query-input\":{\"@type\":\"PropertyValueSpecification\",\"valueRequired\":true,\"valueName\":\"search_term_string\"}}],\"inLanguage\":\"pl-PL\"},{\"@type\":\"Organization\",\"@id\":\"https:\\\/\\\/www.24gliwice.pl\\\/wiadomosci\\\/#organization\",\"name\":\"24gliwice\",\"url\":\"https:\\\/\\\/www.24gliwice.pl\\\/wiadomosci\\\/\",\"logo\":{\"@type\":\"ImageObject\",\"inLanguage\":\"pl-PL\",\"@id\":\"https:\\\/\\\/www.24gliwice.pl\\\/wiadomosci\\\/#\\\/schema\\\/logo\\\/image\\\/\",\"url\":\"https:\\\/\\\/www.24gliwice.pl\\\/wiadomosci\\\/wp-content\\\/uploads\\\/2024\\\/10\\\/24gliwice-logo-696.jpg\",\"contentUrl\":\"https:\\\/\\\/www.24gliwice.pl\\\/wiadomosci\\\/wp-content\\\/uploads\\\/2024\\\/10\\\/24gliwice-logo-696.jpg\",\"width\":696,\"height\":696,\"caption\":\"24gliwice\"},\"image\":{\"@id\":\"https:\\\/\\\/www.24gliwice.pl\\\/wiadomosci\\\/#\\\/schema\\\/logo\\\/image\\\/\"},\"sameAs\":[\"https:\\\/\\\/www.facebook.com\\\/24gliwice\",\"https:\\\/\\\/x.com\\\/24gliwice\",\"https:\\\/\\\/www.youtube.com\\\/@24gliwice\"]},{\"@type\":\"Person\",\"@id\":\"https:\\\/\\\/www.24gliwice.pl\\\/wiadomosci\\\/#\\\/schema\\\/person\\\/e42c650edd7f2fa332be3811fb166b6e\",\"name\":\"\u017baneta Mrozek-Siewierska\",\"image\":{\"@type\":\"ImageObject\",\"inLanguage\":\"pl-PL\",\"@id\":\"https:\\\/\\\/secure.gravatar.com\\\/avatar\\\/1881429e9c64597c77ad7aef2d0a19be69a3253e57534d16aa15bf3a4d34a0a3?s=96&d=mm&r=g\",\"url\":\"https:\\\/\\\/secure.gravatar.com\\\/avatar\\\/1881429e9c64597c77ad7aef2d0a19be69a3253e57534d16aa15bf3a4d34a0a3?s=96&d=mm&r=g\",\"contentUrl\":\"https:\\\/\\\/secure.gravatar.com\\\/avatar\\\/1881429e9c64597c77ad7aef2d0a19be69a3253e57534d16aa15bf3a4d34a0a3?s=96&d=mm&r=g\",\"caption\":\"\u017baneta Mrozek-Siewierska\"},\"url\":\"https:\\\/\\\/www.24gliwice.pl\\\/wiadomosci\\\/author\\\/zms\\\/\"}]}<\/script>\n<!-- \/ Yoast SEO plugin. -->","yoast_head_json":{"title":"Pomoc w nag\u0142ych przypadkach zdrowotnych w nocy i w \u015bwi\u0119ta. Nowe punkty w Gliwicach od 1.X - 24GLIWICE - Portal Gliwice | codziennie nowe informacje","robots":{"index":"index","follow":"follow","max-snippet":"max-snippet:-1","max-image-preview":"max-image-preview:large","max-video-preview":"max-video-preview:-1"},"canonical":"https:\/\/www.24gliwice.pl\/wiadomosci\/pomoc-w-naglych-przypadkach-zdrowotnych-w-nocy-i-w-swieta-nowe-punkty-w-gliwicach-od-1-x\/","og_locale":"pl_PL","og_type":"article","og_title":"Pomoc w nag\u0142ych przypadkach zdrowotnych w nocy i w \u015bwi\u0119ta. Nowe punkty w Gliwicach od 1.X - 24GLIWICE - Portal Gliwice | codziennie nowe informacje","og_description":"W Gliwicach za nocn\u0105 i \u015bwi\u0105teczn\u0105 opiek\u0119 zdrowotn\u0105 odpowiada\u0142y do tej pory dwie przychodnie prowadzone przez Fundacj\u0119 &#8220;Unia Bracka&#8221;. Po zmianach w razie nag\u0142ego zachorowania w dni wolne od pracy b\u0119dzie trzeba uda\u0107 si\u0119 do szpitala. Nocna i \u015bwi\u0105teczna opieka zdrowotna to \u015bwiadczenia w zakresie podstawowej opieki zdrowotnej udzielane od poniedzia\u0142ku do pi\u0105tku w godzinach [&hellip;]","og_url":"https:\/\/www.24gliwice.pl\/wiadomosci\/pomoc-w-naglych-przypadkach-zdrowotnych-w-nocy-i-w-swieta-nowe-punkty-w-gliwicach-od-1-x\/","og_site_name":"24GLIWICE - Portal Gliwice | codziennie nowe informacje","article_publisher":"https:\/\/www.facebook.com\/24gliwice","article_published_time":"2017-09-28T01:05:25+00:00","article_modified_time":"2017-09-28T08:36:26+00:00","og_image":[{"width":957,"height":534,"url":"https:\/\/www.24gliwice.pl\/wiadomosci\/wp-content\/uploads\/2017\/09\/Screenshot_73.jpg","type":"image\/jpeg"}],"author":"\u017baneta Mrozek-Siewierska","twitter_card":"summary_large_image","twitter_creator":"@24gliwice","twitter_site":"@24gliwice","twitter_misc":{"Napisane przez":"\u017baneta Mrozek-Siewierska","Szacowany czas czytania":"2 minuty"},"schema":{"@context":"https:\/\/schema.org","@graph":[{"@type":"Article","@id":"https:\/\/www.24gliwice.pl\/wiadomosci\/pomoc-w-naglych-przypadkach-zdrowotnych-w-nocy-i-w-swieta-nowe-punkty-w-gliwicach-od-1-x\/#article","isPartOf":{"@id":"https:\/\/www.24gliwice.pl\/wiadomosci\/pomoc-w-naglych-przypadkach-zdrowotnych-w-nocy-i-w-swieta-nowe-punkty-w-gliwicach-od-1-x\/"},"author":{"name":"\u017baneta Mrozek-Siewierska","@id":"https:\/\/www.24gliwice.pl\/wiadomosci\/#\/schema\/person\/e42c650edd7f2fa332be3811fb166b6e"},"headline":"Pomoc w nag\u0142ych przypadkach zdrowotnych w nocy i w \u015bwi\u0119ta. Nowe punkty w Gliwicach od 1.X","datePublished":"2017-09-28T01:05:25+00:00","dateModified":"2017-09-28T08:36:26+00:00","mainEntityOfPage":{"@id":"https:\/\/www.24gliwice.pl\/wiadomosci\/pomoc-w-naglych-przypadkach-zdrowotnych-w-nocy-i-w-swieta-nowe-punkty-w-gliwicach-od-1-x\/"},"wordCount":335,"commentCount":0,"publisher":{"@id":"https:\/\/www.24gliwice.pl\/wiadomosci\/#organization"},"image":{"@id":"https:\/\/www.24gliwice.pl\/wiadomosci\/pomoc-w-naglych-przypadkach-zdrowotnych-w-nocy-i-w-swieta-nowe-punkty-w-gliwicach-od-1-x\/#primaryimage"},"thumbnailUrl":"https:\/\/www.24gliwice.pl\/wiadomosci\/wp-content\/uploads\/2017\/09\/Screenshot_73.jpg","keywords":["lekarz","nocna i \u015bwi\u0105teczna opieka zdrowotna","opieka medyczna","przychodnia","sie\u0107 szpitali","SZPITAL"],"articleSection":["Gliwice","Najnowsze wiadomo\u015bci","Portal Gliwice - Wiadomo\u015bci lokalne"],"inLanguage":"pl-PL","potentialAction":[{"@type":"CommentAction","name":"Comment","target":["https:\/\/www.24gliwice.pl\/wiadomosci\/pomoc-w-naglych-przypadkach-zdrowotnych-w-nocy-i-w-swieta-nowe-punkty-w-gliwicach-od-1-x\/#respond"]}]},{"@type":"WebPage","@id":"https:\/\/www.24gliwice.pl\/wiadomosci\/pomoc-w-naglych-przypadkach-zdrowotnych-w-nocy-i-w-swieta-nowe-punkty-w-gliwicach-od-1-x\/","url":"https:\/\/www.24gliwice.pl\/wiadomosci\/pomoc-w-naglych-przypadkach-zdrowotnych-w-nocy-i-w-swieta-nowe-punkty-w-gliwicach-od-1-x\/","name":"Pomoc w nag\u0142ych przypadkach zdrowotnych w nocy i w \u015bwi\u0119ta. Nowe punkty w Gliwicach od 1.X - 24GLIWICE - Portal Gliwice | codziennie nowe informacje","isPartOf":{"@id":"https:\/\/www.24gliwice.pl\/wiadomosci\/#website"},"primaryImageOfPage":{"@id":"https:\/\/www.24gliwice.pl\/wiadomosci\/pomoc-w-naglych-przypadkach-zdrowotnych-w-nocy-i-w-swieta-nowe-punkty-w-gliwicach-od-1-x\/#primaryimage"},"image":{"@id":"https:\/\/www.24gliwice.pl\/wiadomosci\/pomoc-w-naglych-przypadkach-zdrowotnych-w-nocy-i-w-swieta-nowe-punkty-w-gliwicach-od-1-x\/#primaryimage"},"thumbnailUrl":"https:\/\/www.24gliwice.pl\/wiadomosci\/wp-content\/uploads\/2017\/09\/Screenshot_73.jpg","datePublished":"2017-09-28T01:05:25+00:00","dateModified":"2017-09-28T08:36:26+00:00","breadcrumb":{"@id":"https:\/\/www.24gliwice.pl\/wiadomosci\/pomoc-w-naglych-przypadkach-zdrowotnych-w-nocy-i-w-swieta-nowe-punkty-w-gliwicach-od-1-x\/#breadcrumb"},"inLanguage":"pl-PL","potentialAction":[{"@type":"ReadAction","target":["https:\/\/www.24gliwice.pl\/wiadomosci\/pomoc-w-naglych-przypadkach-zdrowotnych-w-nocy-i-w-swieta-nowe-punkty-w-gliwicach-od-1-x\/"]}]},{"@type":"ImageObject","inLanguage":"pl-PL","@id":"https:\/\/www.24gliwice.pl\/wiadomosci\/pomoc-w-naglych-przypadkach-zdrowotnych-w-nocy-i-w-swieta-nowe-punkty-w-gliwicach-od-1-x\/#primaryimage","url":"https:\/\/www.24gliwice.pl\/wiadomosci\/wp-content\/uploads\/2017\/09\/Screenshot_73.jpg","contentUrl":"https:\/\/www.24gliwice.pl\/wiadomosci\/wp-content\/uploads\/2017\/09\/Screenshot_73.jpg","width":957,"height":534},{"@type":"BreadcrumbList","@id":"https:\/\/www.24gliwice.pl\/wiadomosci\/pomoc-w-naglych-przypadkach-zdrowotnych-w-nocy-i-w-swieta-nowe-punkty-w-gliwicach-od-1-x\/#breadcrumb","itemListElement":[{"@type":"ListItem","position":1,"name":"Strona g\u0142\u00f3wna","item":"https:\/\/www.24gliwice.pl\/wiadomosci\/"},{"@type":"ListItem","position":2,"name":"Pomoc w nag\u0142ych przypadkach zdrowotnych w nocy i w \u015bwi\u0119ta. Nowe punkty w Gliwicach od 1.X"}]},{"@type":"WebSite","@id":"https:\/\/www.24gliwice.pl\/wiadomosci\/#website","url":"https:\/\/www.24gliwice.pl\/wiadomosci\/","name":"24GLIWICE - Portal Gliwice | codziennie nowe wiadomo\u015bci","description":"Portal Miejski Gliwice","publisher":{"@id":"https:\/\/www.24gliwice.pl\/wiadomosci\/#organization"},"potentialAction":[{"@type":"SearchAction","target":{"@type":"EntryPoint","urlTemplate":"https:\/\/www.24gliwice.pl\/wiadomosci\/?s={search_term_string}"},"query-input":{"@type":"PropertyValueSpecification","valueRequired":true,"valueName":"search_term_string"}}],"inLanguage":"pl-PL"},{"@type":"Organization","@id":"https:\/\/www.24gliwice.pl\/wiadomosci\/#organization","name":"24gliwice","url":"https:\/\/www.24gliwice.pl\/wiadomosci\/","logo":{"@type":"ImageObject","inLanguage":"pl-PL","@id":"https:\/\/www.24gliwice.pl\/wiadomosci\/#\/schema\/logo\/image\/","url":"https:\/\/www.24gliwice.pl\/wiadomosci\/wp-content\/uploads\/2024\/10\/24gliwice-logo-696.jpg","contentUrl":"https:\/\/www.24gliwice.pl\/wiadomosci\/wp-content\/uploads\/2024\/10\/24gliwice-logo-696.jpg","width":696,"height":696,"caption":"24gliwice"},"image":{"@id":"https:\/\/www.24gliwice.pl\/wiadomosci\/#\/schema\/logo\/image\/"},"sameAs":["https:\/\/www.facebook.com\/24gliwice","https:\/\/x.com\/24gliwice","https:\/\/www.youtube.com\/@24gliwice"]},{"@type":"Person","@id":"https:\/\/www.24gliwice.pl\/wiadomosci\/#\/schema\/person\/e42c650edd7f2fa332be3811fb166b6e","name":"\u017baneta Mrozek-Siewierska","image":{"@type":"ImageObject","inLanguage":"pl-PL","@id":"https:\/\/secure.gravatar.com\/avatar\/1881429e9c64597c77ad7aef2d0a19be69a3253e57534d16aa15bf3a4d34a0a3?s=96&d=mm&r=g","url":"https:\/\/secure.gravatar.com\/avatar\/1881429e9c64597c77ad7aef2d0a19be69a3253e57534d16aa15bf3a4d34a0a3?s=96&d=mm&r=g","contentUrl":"https:\/\/secure.gravatar.com\/avatar\/1881429e9c64597c77ad7aef2d0a19be69a3253e57534d16aa15bf3a4d34a0a3?s=96&d=mm&r=g","caption":"\u017baneta Mrozek-Siewierska"},"url":"https:\/\/www.24gliwice.pl\/wiadomosci\/author\/zms\/"}]}},"_links":{"self":[{"href":"https:\/\/www.24gliwice.pl\/wiadomosci\/wp-json\/wp\/v2\/posts\/104878","targetHints":{"allow":["GET"]}}],"collection":[{"href":"https:\/\/www.24gliwice.pl\/wiadomosci\/wp-json\/wp\/v2\/posts"}],"about":[{"href":"https:\/\/www.24gliwice.pl\/wiadomosci\/wp-json\/wp\/v2\/types\/post"}],"author":[{"embeddable":true,"href":"https:\/\/www.24gliwice.pl\/wiadomosci\/wp-json\/wp\/v2\/users\/15"}],"replies":[{"embeddable":true,"href":"https:\/\/www.24gliwice.pl\/wiadomosci\/wp-json\/wp\/v2\/comments?post=104878"}],"version-history":[{"count":0,"href":"https:\/\/www.24gliwice.pl\/wiadomosci\/wp-json\/wp\/v2\/posts\/104878\/revisions"}],"wp:featuredmedia":[{"embeddable":true,"href":"https:\/\/www.24gliwice.pl\/wiadomosci\/wp-json\/wp\/v2\/media\/104944"}],"wp:attachment":[{"href":"https:\/\/www.24gliwice.pl\/wiadomosci\/wp-json\/wp\/v2\/media?parent=104878"}],"wp:term":[{"taxonomy":"category","embeddable":true,"href":"https:\/\/www.24gliwice.pl\/wiadomosci\/wp-json\/wp\/v2\/categories?post=104878"},{"taxonomy":"post_tag","embeddable":true,"href":"https:\/\/www.24gliwice.pl\/wiadomosci\/wp-json\/wp\/v2\/tags?post=104878"}],"curies":[{"name":"wp","href":"https:\/\/api.w.org\/{rel}","templated":true}]}}