{"id":104883,"date":"2017-09-28T00:56:49","date_gmt":"2017-09-27T22:56:49","guid":{"rendered":"http:\/\/www.24gliwice.pl\/wiadomosci\/?p=104883"},"modified":"2017-09-29T11:19:11","modified_gmt":"2017-09-29T09:19:11","slug":"ukradl-zloty-lancuszek-o-sporej-wartosci-moze-ktos-rozpozna-go-na-zdjeciach","status":"publish","type":"post","link":"https:\/\/www.24gliwice.pl\/wiadomosci\/ukradl-zloty-lancuszek-o-sporej-wartosci-moze-ktos-rozpozna-go-na-zdjeciach\/","title":{"rendered":"Jest podejrzany o kradzie\u017c z\u0142otego \u0142a\u0144cuszka w jednym z gliwickich lombard\u00f3w. Mo\u017ce kto\u015b rozpozna?"},"content":{"rendered":"<div class=\"gliwi-a6-nad-leadem-artykulow gliwi-entity-placement\" id=\"gliwi-1355810318\"><div class=\"gliwi-adlabel\"><span style=\"font-size: 9px\">REKLAMA<\/span><\/div><div id=\"gliwi-1361217122\" style=\"margin-bottom: 30px;margin-left: auto;margin-right: auto;text-align: center;\"><a data-no-instant=\"1\" href=\"https:\/\/przedszkole.halogen.org.pl\/\" rel=\"noopener\" class=\"a2t-link\" target=\"_blank\" aria-label=\"20260402-ANIMATOR-przedszkole_grafika_750x200\"><img loading=\"lazy\" decoding=\"async\" src=\"https:\/\/www.24gliwice.pl\/wiadomosci\/wp-content\/uploads\/2026\/04\/20260402-ANIMATOR-przedszkole_grafika_750x200.webp\" alt=\"\"  srcset=\"https:\/\/www.24gliwice.pl\/wiadomosci\/wp-content\/uploads\/2026\/04\/20260402-ANIMATOR-przedszkole_grafika_750x200.webp 750w, https:\/\/www.24gliwice.pl\/wiadomosci\/wp-content\/uploads\/2026\/04\/20260402-ANIMATOR-przedszkole_grafika_750x200-410x109.webp 410w\" sizes=\"(max-width: 750px) 100vw, 750px\" class=\"no-lazyload\" width=\"750\" height=\"200\"  style=\"display: inline-block; max-width: 100%; height: auto;\" \/><\/a><\/div><\/div><h3>M\u0119\u017cczyzna wszed\u0142 do lombardu pod pretekstem zakupu damskiego z\u0142otego \u0142a\u0144cuszka. Interesowa\u0142 go ten najci\u0119\u017cszy. Gdy go dosta\u0142 do obejrzenia, nie p\u0142ac\u0105c uciek\u0142 wraz z cenn\u0105 ozdob\u0105.<\/h3>\n<p>Do kradzie\u017cy dosz\u0142o 20 wrze\u015bnia oko\u0142o godziny 13.30 w jednej z plac\u00f3wek handlowych przy ul. Basztowej, niedaleko gliwickiego Rynku. Warto\u015b\u0107 skradzionej bi\u017cuterii wynosi 1737 z\u0142.<\/p>\n<p>Policjanci prowadz\u0105cy spraw\u0119 wytypowali podejrzanego m\u0119\u017cczyzn\u0119, jednak nie ustalono jego to\u017csamo\u015bci. W zwi\u0105zku z powy\u017cszym funkcjonariusze zwracaj\u0105 si\u0119 z apelem do os\u00f3b, kt\u00f3re znaj\u0105 b\u0105d\u017a podejrzewaj\u0105, kogo przedstawiaj\u0105 za\u0142\u0105czone zdj\u0119cia, o kontakt z Wydzia\u0142em Kryminalnym I Komisariatu Policji w Gliwicach.<\/p><div class=\"gliwi-a3-w-tresci-artykulow gliwi-entity-placement\" id=\"gliwi-4186976275\"><div class=\"gliwi-adlabel\"><span style=\"font-size: 9px\">REKLAMA<\/span><\/div><div id=\"gliwi-3903428466\" style=\"margin-bottom: 30px;margin-left: auto;margin-right: auto;text-align: center;\"><a data-no-instant=\"1\" href=\"https:\/\/zlobek.halogen.org.pl\/\" rel=\"noopener\" class=\"a2t-link\" target=\"_blank\" aria-label=\"animator-zlobek_750x200\"><img loading=\"lazy\" decoding=\"async\" src=\"https:\/\/www.24gliwice.pl\/wiadomosci\/wp-content\/uploads\/2026\/02\/animator-zlobek_750x200.webp\" alt=\"\"  srcset=\"https:\/\/www.24gliwice.pl\/wiadomosci\/wp-content\/uploads\/2026\/02\/animator-zlobek_750x200.webp 750w, https:\/\/www.24gliwice.pl\/wiadomosci\/wp-content\/uploads\/2026\/02\/animator-zlobek_750x200-410x109.webp 410w\" sizes=\"(max-width: 750px) 100vw, 750px\" class=\"no-lazyload\" width=\"750\" height=\"200\"  style=\"display: inline-block; max-width: 100%; height: auto;\" \/><\/a><\/div><\/div>\n<p><strong><span style=\"color: #ff0000;\">AKTUALIZACJA: Dzi\u0119ki pomocy internaut\u00f3w uda\u0142o si\u0119 ju\u017c zidentyfikowa\u0107 sprawc\u0119 kradzie\u017cy.<\/strong> <span style=\"color: #ff0000;\">Policja dzi\u0119kuje za reakcj\u0119 i liczne informacje na temat to\u017csamo\u015bci poszukiwanego m\u0119\u017cczyzny. To, jak si\u0119 okaza\u0142o, 30-latek, mieszkaniec wojew\u00f3dztwa opolskiego. Zgodnie z obowi\u0105zuj\u0105cymi przepisami, wizerunek podejrzanego na zdj\u0119ciach zosta\u0142 ukryty.<\/span><\/p>\n<div class=\"gliwi-a5-na-koncu-artykulow gliwi-entity-placement\" id=\"gliwi-249828979\"><div class=\"gliwi-adlabel\"><span style=\"font-size: 9px\">REKLAMA<\/span><\/div><div id=\"gliwi-2724976530\" style=\"margin-left: auto;margin-right: auto;text-align: center;\"><a data-no-instant=\"1\" href=\"https:\/\/prezeroarenagliwice.pl\/\" rel=\"noopener\" class=\"a2t-link\" target=\"_blank\" aria-label=\"20260309-PREZERO-WIOSNA-D\"><img loading=\"lazy\" decoding=\"async\" src=\"https:\/\/www.24gliwice.pl\/wiadomosci\/wp-content\/uploads\/2026\/03\/20260309-PREZERO-WIOSNA-D.webp\" alt=\"\"  srcset=\"https:\/\/www.24gliwice.pl\/wiadomosci\/wp-content\/uploads\/2026\/03\/20260309-PREZERO-WIOSNA-D.webp 750w, https:\/\/www.24gliwice.pl\/wiadomosci\/wp-content\/uploads\/2026\/03\/20260309-PREZERO-WIOSNA-D-410x109.webp 410w\" sizes=\"(max-width: 750px) 100vw, 750px\" class=\"no-lazyload\" width=\"750\" height=\"200\"  style=\"display: inline-block; max-width: 100%; height: auto;\" \/><\/a><\/div><\/div>","protected":false},"excerpt":{"rendered":"<p>M\u0119\u017cczyzna wszed\u0142 do lombardu pod pretekstem zakupu damskiego z\u0142otego \u0142a\u0144cuszka. Interesowa\u0142 go ten najci\u0119\u017cszy. Gdy go dosta\u0142 do obejrzenia, nie p\u0142ac\u0105c uciek\u0142 wraz z cenn\u0105 ozdob\u0105. Do kradzie\u017cy dosz\u0142o 20 wrze\u015bnia oko\u0142o godziny 13.30 w jednej z plac\u00f3wek handlowych przy ul. Basztowej, niedaleko gliwickiego Rynku. Warto\u015b\u0107 skradzionej bi\u017cuterii wynosi 1737 z\u0142. Policjanci prowadz\u0105cy spraw\u0119 wytypowali [&hellip;]<\/p>\n","protected":false},"author":15,"featured_media":105004,"comment_status":"open","ping_status":"closed","sticky":false,"template":"","format":"standard","meta":{"_monsterinsights_skip_tracking":false,"_monsterinsights_sitenote_active":false,"_monsterinsights_sitenote_note":"","_monsterinsights_sitenote_category":0,"footnotes":"","_links_to":"","_links_to_target":""},"categories":[3,1,5],"tags":[10154,6470,10298],"class_list":["post-104883","post","type-post","status-publish","format-standard","has-post-thumbnail","hentry","category-gliwice","category-wszystko","category-kryminalki","tag-lombard","tag-zlodziej","tag-lancuszek"],"yoast_head":"<!-- This site is optimized with the Yoast SEO plugin v27.5 - https:\/\/yoast.com\/product\/yoast-seo-wordpress\/ -->\n<title>Jest podejrzany o kradzie\u017c z\u0142otego \u0142a\u0144cuszka w jednym z gliwickich lombard\u00f3w. Mo\u017ce kto\u015b rozpozna? - 24GLIWICE - Portal Gliwice | codziennie nowe informacje<\/title>\n<meta name=\"robots\" content=\"index, follow, max-snippet:-1, max-image-preview:large, max-video-preview:-1\" \/>\n<link rel=\"canonical\" href=\"https:\/\/www.24gliwice.pl\/wiadomosci\/ukradl-zloty-lancuszek-o-sporej-wartosci-moze-ktos-rozpozna-go-na-zdjeciach\/\" \/>\n<meta property=\"og:locale\" content=\"pl_PL\" \/>\n<meta property=\"og:type\" content=\"article\" \/>\n<meta property=\"og:title\" content=\"Jest podejrzany o kradzie\u017c z\u0142otego \u0142a\u0144cuszka w jednym z gliwickich lombard\u00f3w. Mo\u017ce kto\u015b rozpozna? - 24GLIWICE - Portal Gliwice | codziennie nowe informacje\" \/>\n<meta property=\"og:description\" content=\"M\u0119\u017cczyzna wszed\u0142 do lombardu pod pretekstem zakupu damskiego z\u0142otego \u0142a\u0144cuszka. Interesowa\u0142 go ten najci\u0119\u017cszy. Gdy go dosta\u0142 do obejrzenia, nie p\u0142ac\u0105c uciek\u0142 wraz z cenn\u0105 ozdob\u0105. Do kradzie\u017cy dosz\u0142o 20 wrze\u015bnia oko\u0142o godziny 13.30 w jednej z plac\u00f3wek handlowych przy ul. Basztowej, niedaleko gliwickiego Rynku. Warto\u015b\u0107 skradzionej bi\u017cuterii wynosi 1737 z\u0142. Policjanci prowadz\u0105cy spraw\u0119 wytypowali [&hellip;]\" \/>\n<meta property=\"og:url\" content=\"https:\/\/www.24gliwice.pl\/wiadomosci\/ukradl-zloty-lancuszek-o-sporej-wartosci-moze-ktos-rozpozna-go-na-zdjeciach\/\" \/>\n<meta property=\"og:site_name\" content=\"24GLIWICE - Portal Gliwice | codziennie nowe informacje\" \/>\n<meta property=\"article:publisher\" content=\"https:\/\/www.facebook.com\/24gliwice\" \/>\n<meta property=\"article:published_time\" content=\"2017-09-27T22:56:49+00:00\" \/>\n<meta property=\"article:modified_time\" content=\"2017-09-29T09:19:11+00:00\" \/>\n<meta property=\"og:image\" content=\"https:\/\/www.24gliwice.pl\/wiadomosci\/wp-content\/uploads\/2017\/09\/1-Screenshot_71-001.jpg\" \/>\n\t<meta property=\"og:image:width\" content=\"810\" \/>\n\t<meta property=\"og:image:height\" content=\"473\" \/>\n\t<meta property=\"og:image:type\" content=\"image\/jpeg\" \/>\n<meta name=\"author\" content=\"\u017baneta Mrozek-Siewierska\" \/>\n<meta name=\"twitter:card\" content=\"summary_large_image\" \/>\n<meta name=\"twitter:creator\" content=\"@24gliwice\" \/>\n<meta name=\"twitter:site\" content=\"@24gliwice\" \/>\n<meta name=\"twitter:label1\" content=\"Napisane przez\" \/>\n\t<meta name=\"twitter:data1\" content=\"\u017baneta Mrozek-Siewierska\" \/>\n\t<meta name=\"twitter:label2\" content=\"Szacowany czas czytania\" \/>\n\t<meta name=\"twitter:data2\" content=\"1 minuta\" \/>\n<script type=\"application\/ld+json\" class=\"yoast-schema-graph\">{\"@context\":\"https:\\\/\\\/schema.org\",\"@graph\":[{\"@type\":\"Article\",\"@id\":\"https:\\\/\\\/www.24gliwice.pl\\\/wiadomosci\\\/ukradl-zloty-lancuszek-o-sporej-wartosci-moze-ktos-rozpozna-go-na-zdjeciach\\\/#article\",\"isPartOf\":{\"@id\":\"https:\\\/\\\/www.24gliwice.pl\\\/wiadomosci\\\/ukradl-zloty-lancuszek-o-sporej-wartosci-moze-ktos-rozpozna-go-na-zdjeciach\\\/\"},\"author\":{\"name\":\"\u017baneta Mrozek-Siewierska\",\"@id\":\"https:\\\/\\\/www.24gliwice.pl\\\/wiadomosci\\\/#\\\/schema\\\/person\\\/e42c650edd7f2fa332be3811fb166b6e\"},\"headline\":\"Jest podejrzany o kradzie\u017c z\u0142otego \u0142a\u0144cuszka w jednym z gliwickich lombard\u00f3w. Mo\u017ce kto\u015b rozpozna?\",\"datePublished\":\"2017-09-27T22:56:49+00:00\",\"dateModified\":\"2017-09-29T09:19:11+00:00\",\"mainEntityOfPage\":{\"@id\":\"https:\\\/\\\/www.24gliwice.pl\\\/wiadomosci\\\/ukradl-zloty-lancuszek-o-sporej-wartosci-moze-ktos-rozpozna-go-na-zdjeciach\\\/\"},\"wordCount\":183,\"commentCount\":0,\"publisher\":{\"@id\":\"https:\\\/\\\/www.24gliwice.pl\\\/wiadomosci\\\/#organization\"},\"image\":{\"@id\":\"https:\\\/\\\/www.24gliwice.pl\\\/wiadomosci\\\/ukradl-zloty-lancuszek-o-sporej-wartosci-moze-ktos-rozpozna-go-na-zdjeciach\\\/#primaryimage\"},\"thumbnailUrl\":\"https:\\\/\\\/www.24gliwice.pl\\\/wiadomosci\\\/wp-content\\\/uploads\\\/2017\\\/09\\\/1-Screenshot_71-001.jpg\",\"keywords\":[\"lombard\",\"Z\u0141ODZIEJ\",\"\u0142a\u0144cuszek\"],\"articleSection\":[\"Gliwice\",\"Najnowsze wiadomo\u015bci\",\"Prawo\"],\"inLanguage\":\"pl-PL\",\"potentialAction\":[{\"@type\":\"CommentAction\",\"name\":\"Comment\",\"target\":[\"https:\\\/\\\/www.24gliwice.pl\\\/wiadomosci\\\/ukradl-zloty-lancuszek-o-sporej-wartosci-moze-ktos-rozpozna-go-na-zdjeciach\\\/#respond\"]}]},{\"@type\":\"WebPage\",\"@id\":\"https:\\\/\\\/www.24gliwice.pl\\\/wiadomosci\\\/ukradl-zloty-lancuszek-o-sporej-wartosci-moze-ktos-rozpozna-go-na-zdjeciach\\\/\",\"url\":\"https:\\\/\\\/www.24gliwice.pl\\\/wiadomosci\\\/ukradl-zloty-lancuszek-o-sporej-wartosci-moze-ktos-rozpozna-go-na-zdjeciach\\\/\",\"name\":\"Jest podejrzany o kradzie\u017c z\u0142otego \u0142a\u0144cuszka w jednym z gliwickich lombard\u00f3w. Mo\u017ce kto\u015b rozpozna? - 24GLIWICE - Portal Gliwice | codziennie nowe informacje\",\"isPartOf\":{\"@id\":\"https:\\\/\\\/www.24gliwice.pl\\\/wiadomosci\\\/#website\"},\"primaryImageOfPage\":{\"@id\":\"https:\\\/\\\/www.24gliwice.pl\\\/wiadomosci\\\/ukradl-zloty-lancuszek-o-sporej-wartosci-moze-ktos-rozpozna-go-na-zdjeciach\\\/#primaryimage\"},\"image\":{\"@id\":\"https:\\\/\\\/www.24gliwice.pl\\\/wiadomosci\\\/ukradl-zloty-lancuszek-o-sporej-wartosci-moze-ktos-rozpozna-go-na-zdjeciach\\\/#primaryimage\"},\"thumbnailUrl\":\"https:\\\/\\\/www.24gliwice.pl\\\/wiadomosci\\\/wp-content\\\/uploads\\\/2017\\\/09\\\/1-Screenshot_71-001.jpg\",\"datePublished\":\"2017-09-27T22:56:49+00:00\",\"dateModified\":\"2017-09-29T09:19:11+00:00\",\"breadcrumb\":{\"@id\":\"https:\\\/\\\/www.24gliwice.pl\\\/wiadomosci\\\/ukradl-zloty-lancuszek-o-sporej-wartosci-moze-ktos-rozpozna-go-na-zdjeciach\\\/#breadcrumb\"},\"inLanguage\":\"pl-PL\",\"potentialAction\":[{\"@type\":\"ReadAction\",\"target\":[\"https:\\\/\\\/www.24gliwice.pl\\\/wiadomosci\\\/ukradl-zloty-lancuszek-o-sporej-wartosci-moze-ktos-rozpozna-go-na-zdjeciach\\\/\"]}]},{\"@type\":\"ImageObject\",\"inLanguage\":\"pl-PL\",\"@id\":\"https:\\\/\\\/www.24gliwice.pl\\\/wiadomosci\\\/ukradl-zloty-lancuszek-o-sporej-wartosci-moze-ktos-rozpozna-go-na-zdjeciach\\\/#primaryimage\",\"url\":\"https:\\\/\\\/www.24gliwice.pl\\\/wiadomosci\\\/wp-content\\\/uploads\\\/2017\\\/09\\\/1-Screenshot_71-001.jpg\",\"contentUrl\":\"https:\\\/\\\/www.24gliwice.pl\\\/wiadomosci\\\/wp-content\\\/uploads\\\/2017\\\/09\\\/1-Screenshot_71-001.jpg\",\"width\":810,\"height\":473},{\"@type\":\"BreadcrumbList\",\"@id\":\"https:\\\/\\\/www.24gliwice.pl\\\/wiadomosci\\\/ukradl-zloty-lancuszek-o-sporej-wartosci-moze-ktos-rozpozna-go-na-zdjeciach\\\/#breadcrumb\",\"itemListElement\":[{\"@type\":\"ListItem\",\"position\":1,\"name\":\"Strona g\u0142\u00f3wna\",\"item\":\"https:\\\/\\\/www.24gliwice.pl\\\/wiadomosci\\\/\"},{\"@type\":\"ListItem\",\"position\":2,\"name\":\"Jest podejrzany o kradzie\u017c z\u0142otego \u0142a\u0144cuszka w jednym z gliwickich lombard\u00f3w. Mo\u017ce kto\u015b rozpozna?\"}]},{\"@type\":\"WebSite\",\"@id\":\"https:\\\/\\\/www.24gliwice.pl\\\/wiadomosci\\\/#website\",\"url\":\"https:\\\/\\\/www.24gliwice.pl\\\/wiadomosci\\\/\",\"name\":\"24GLIWICE - Portal Gliwice | codziennie nowe wiadomo\u015bci\",\"description\":\"Portal Miejski Gliwice\",\"publisher\":{\"@id\":\"https:\\\/\\\/www.24gliwice.pl\\\/wiadomosci\\\/#organization\"},\"potentialAction\":[{\"@type\":\"SearchAction\",\"target\":{\"@type\":\"EntryPoint\",\"urlTemplate\":\"https:\\\/\\\/www.24gliwice.pl\\\/wiadomosci\\\/?s={search_term_string}\"},\"query-input\":{\"@type\":\"PropertyValueSpecification\",\"valueRequired\":true,\"valueName\":\"search_term_string\"}}],\"inLanguage\":\"pl-PL\"},{\"@type\":\"Organization\",\"@id\":\"https:\\\/\\\/www.24gliwice.pl\\\/wiadomosci\\\/#organization\",\"name\":\"24gliwice\",\"url\":\"https:\\\/\\\/www.24gliwice.pl\\\/wiadomosci\\\/\",\"logo\":{\"@type\":\"ImageObject\",\"inLanguage\":\"pl-PL\",\"@id\":\"https:\\\/\\\/www.24gliwice.pl\\\/wiadomosci\\\/#\\\/schema\\\/logo\\\/image\\\/\",\"url\":\"https:\\\/\\\/www.24gliwice.pl\\\/wiadomosci\\\/wp-content\\\/uploads\\\/2024\\\/10\\\/24gliwice-logo-696.jpg\",\"contentUrl\":\"https:\\\/\\\/www.24gliwice.pl\\\/wiadomosci\\\/wp-content\\\/uploads\\\/2024\\\/10\\\/24gliwice-logo-696.jpg\",\"width\":696,\"height\":696,\"caption\":\"24gliwice\"},\"image\":{\"@id\":\"https:\\\/\\\/www.24gliwice.pl\\\/wiadomosci\\\/#\\\/schema\\\/logo\\\/image\\\/\"},\"sameAs\":[\"https:\\\/\\\/www.facebook.com\\\/24gliwice\",\"https:\\\/\\\/x.com\\\/24gliwice\",\"https:\\\/\\\/www.youtube.com\\\/@24gliwice\"]},{\"@type\":\"Person\",\"@id\":\"https:\\\/\\\/www.24gliwice.pl\\\/wiadomosci\\\/#\\\/schema\\\/person\\\/e42c650edd7f2fa332be3811fb166b6e\",\"name\":\"\u017baneta Mrozek-Siewierska\",\"image\":{\"@type\":\"ImageObject\",\"inLanguage\":\"pl-PL\",\"@id\":\"https:\\\/\\\/secure.gravatar.com\\\/avatar\\\/1881429e9c64597c77ad7aef2d0a19be69a3253e57534d16aa15bf3a4d34a0a3?s=96&d=mm&r=g\",\"url\":\"https:\\\/\\\/secure.gravatar.com\\\/avatar\\\/1881429e9c64597c77ad7aef2d0a19be69a3253e57534d16aa15bf3a4d34a0a3?s=96&d=mm&r=g\",\"contentUrl\":\"https:\\\/\\\/secure.gravatar.com\\\/avatar\\\/1881429e9c64597c77ad7aef2d0a19be69a3253e57534d16aa15bf3a4d34a0a3?s=96&d=mm&r=g\",\"caption\":\"\u017baneta Mrozek-Siewierska\"},\"url\":\"https:\\\/\\\/www.24gliwice.pl\\\/wiadomosci\\\/author\\\/zms\\\/\"}]}<\/script>\n<!-- \/ Yoast SEO plugin. -->","yoast_head_json":{"title":"Jest podejrzany o kradzie\u017c z\u0142otego \u0142a\u0144cuszka w jednym z gliwickich lombard\u00f3w. Mo\u017ce kto\u015b rozpozna? - 24GLIWICE - Portal Gliwice | codziennie nowe informacje","robots":{"index":"index","follow":"follow","max-snippet":"max-snippet:-1","max-image-preview":"max-image-preview:large","max-video-preview":"max-video-preview:-1"},"canonical":"https:\/\/www.24gliwice.pl\/wiadomosci\/ukradl-zloty-lancuszek-o-sporej-wartosci-moze-ktos-rozpozna-go-na-zdjeciach\/","og_locale":"pl_PL","og_type":"article","og_title":"Jest podejrzany o kradzie\u017c z\u0142otego \u0142a\u0144cuszka w jednym z gliwickich lombard\u00f3w. Mo\u017ce kto\u015b rozpozna? - 24GLIWICE - Portal Gliwice | codziennie nowe informacje","og_description":"M\u0119\u017cczyzna wszed\u0142 do lombardu pod pretekstem zakupu damskiego z\u0142otego \u0142a\u0144cuszka. Interesowa\u0142 go ten najci\u0119\u017cszy. Gdy go dosta\u0142 do obejrzenia, nie p\u0142ac\u0105c uciek\u0142 wraz z cenn\u0105 ozdob\u0105. Do kradzie\u017cy dosz\u0142o 20 wrze\u015bnia oko\u0142o godziny 13.30 w jednej z plac\u00f3wek handlowych przy ul. Basztowej, niedaleko gliwickiego Rynku. Warto\u015b\u0107 skradzionej bi\u017cuterii wynosi 1737 z\u0142. Policjanci prowadz\u0105cy spraw\u0119 wytypowali [&hellip;]","og_url":"https:\/\/www.24gliwice.pl\/wiadomosci\/ukradl-zloty-lancuszek-o-sporej-wartosci-moze-ktos-rozpozna-go-na-zdjeciach\/","og_site_name":"24GLIWICE - Portal Gliwice | codziennie nowe informacje","article_publisher":"https:\/\/www.facebook.com\/24gliwice","article_published_time":"2017-09-27T22:56:49+00:00","article_modified_time":"2017-09-29T09:19:11+00:00","og_image":[{"width":810,"height":473,"url":"https:\/\/www.24gliwice.pl\/wiadomosci\/wp-content\/uploads\/2017\/09\/1-Screenshot_71-001.jpg","type":"image\/jpeg"}],"author":"\u017baneta Mrozek-Siewierska","twitter_card":"summary_large_image","twitter_creator":"@24gliwice","twitter_site":"@24gliwice","twitter_misc":{"Napisane przez":"\u017baneta Mrozek-Siewierska","Szacowany czas czytania":"1 minuta"},"schema":{"@context":"https:\/\/schema.org","@graph":[{"@type":"Article","@id":"https:\/\/www.24gliwice.pl\/wiadomosci\/ukradl-zloty-lancuszek-o-sporej-wartosci-moze-ktos-rozpozna-go-na-zdjeciach\/#article","isPartOf":{"@id":"https:\/\/www.24gliwice.pl\/wiadomosci\/ukradl-zloty-lancuszek-o-sporej-wartosci-moze-ktos-rozpozna-go-na-zdjeciach\/"},"author":{"name":"\u017baneta Mrozek-Siewierska","@id":"https:\/\/www.24gliwice.pl\/wiadomosci\/#\/schema\/person\/e42c650edd7f2fa332be3811fb166b6e"},"headline":"Jest podejrzany o kradzie\u017c z\u0142otego \u0142a\u0144cuszka w jednym z gliwickich lombard\u00f3w. Mo\u017ce kto\u015b rozpozna?","datePublished":"2017-09-27T22:56:49+00:00","dateModified":"2017-09-29T09:19:11+00:00","mainEntityOfPage":{"@id":"https:\/\/www.24gliwice.pl\/wiadomosci\/ukradl-zloty-lancuszek-o-sporej-wartosci-moze-ktos-rozpozna-go-na-zdjeciach\/"},"wordCount":183,"commentCount":0,"publisher":{"@id":"https:\/\/www.24gliwice.pl\/wiadomosci\/#organization"},"image":{"@id":"https:\/\/www.24gliwice.pl\/wiadomosci\/ukradl-zloty-lancuszek-o-sporej-wartosci-moze-ktos-rozpozna-go-na-zdjeciach\/#primaryimage"},"thumbnailUrl":"https:\/\/www.24gliwice.pl\/wiadomosci\/wp-content\/uploads\/2017\/09\/1-Screenshot_71-001.jpg","keywords":["lombard","Z\u0141ODZIEJ","\u0142a\u0144cuszek"],"articleSection":["Gliwice","Najnowsze wiadomo\u015bci","Prawo"],"inLanguage":"pl-PL","potentialAction":[{"@type":"CommentAction","name":"Comment","target":["https:\/\/www.24gliwice.pl\/wiadomosci\/ukradl-zloty-lancuszek-o-sporej-wartosci-moze-ktos-rozpozna-go-na-zdjeciach\/#respond"]}]},{"@type":"WebPage","@id":"https:\/\/www.24gliwice.pl\/wiadomosci\/ukradl-zloty-lancuszek-o-sporej-wartosci-moze-ktos-rozpozna-go-na-zdjeciach\/","url":"https:\/\/www.24gliwice.pl\/wiadomosci\/ukradl-zloty-lancuszek-o-sporej-wartosci-moze-ktos-rozpozna-go-na-zdjeciach\/","name":"Jest podejrzany o kradzie\u017c z\u0142otego \u0142a\u0144cuszka w jednym z gliwickich lombard\u00f3w. Mo\u017ce kto\u015b rozpozna? - 24GLIWICE - Portal Gliwice | codziennie nowe informacje","isPartOf":{"@id":"https:\/\/www.24gliwice.pl\/wiadomosci\/#website"},"primaryImageOfPage":{"@id":"https:\/\/www.24gliwice.pl\/wiadomosci\/ukradl-zloty-lancuszek-o-sporej-wartosci-moze-ktos-rozpozna-go-na-zdjeciach\/#primaryimage"},"image":{"@id":"https:\/\/www.24gliwice.pl\/wiadomosci\/ukradl-zloty-lancuszek-o-sporej-wartosci-moze-ktos-rozpozna-go-na-zdjeciach\/#primaryimage"},"thumbnailUrl":"https:\/\/www.24gliwice.pl\/wiadomosci\/wp-content\/uploads\/2017\/09\/1-Screenshot_71-001.jpg","datePublished":"2017-09-27T22:56:49+00:00","dateModified":"2017-09-29T09:19:11+00:00","breadcrumb":{"@id":"https:\/\/www.24gliwice.pl\/wiadomosci\/ukradl-zloty-lancuszek-o-sporej-wartosci-moze-ktos-rozpozna-go-na-zdjeciach\/#breadcrumb"},"inLanguage":"pl-PL","potentialAction":[{"@type":"ReadAction","target":["https:\/\/www.24gliwice.pl\/wiadomosci\/ukradl-zloty-lancuszek-o-sporej-wartosci-moze-ktos-rozpozna-go-na-zdjeciach\/"]}]},{"@type":"ImageObject","inLanguage":"pl-PL","@id":"https:\/\/www.24gliwice.pl\/wiadomosci\/ukradl-zloty-lancuszek-o-sporej-wartosci-moze-ktos-rozpozna-go-na-zdjeciach\/#primaryimage","url":"https:\/\/www.24gliwice.pl\/wiadomosci\/wp-content\/uploads\/2017\/09\/1-Screenshot_71-001.jpg","contentUrl":"https:\/\/www.24gliwice.pl\/wiadomosci\/wp-content\/uploads\/2017\/09\/1-Screenshot_71-001.jpg","width":810,"height":473},{"@type":"BreadcrumbList","@id":"https:\/\/www.24gliwice.pl\/wiadomosci\/ukradl-zloty-lancuszek-o-sporej-wartosci-moze-ktos-rozpozna-go-na-zdjeciach\/#breadcrumb","itemListElement":[{"@type":"ListItem","position":1,"name":"Strona g\u0142\u00f3wna","item":"https:\/\/www.24gliwice.pl\/wiadomosci\/"},{"@type":"ListItem","position":2,"name":"Jest podejrzany o kradzie\u017c z\u0142otego \u0142a\u0144cuszka w jednym z gliwickich lombard\u00f3w. Mo\u017ce kto\u015b rozpozna?"}]},{"@type":"WebSite","@id":"https:\/\/www.24gliwice.pl\/wiadomosci\/#website","url":"https:\/\/www.24gliwice.pl\/wiadomosci\/","name":"24GLIWICE - Portal Gliwice | codziennie nowe wiadomo\u015bci","description":"Portal Miejski Gliwice","publisher":{"@id":"https:\/\/www.24gliwice.pl\/wiadomosci\/#organization"},"potentialAction":[{"@type":"SearchAction","target":{"@type":"EntryPoint","urlTemplate":"https:\/\/www.24gliwice.pl\/wiadomosci\/?s={search_term_string}"},"query-input":{"@type":"PropertyValueSpecification","valueRequired":true,"valueName":"search_term_string"}}],"inLanguage":"pl-PL"},{"@type":"Organization","@id":"https:\/\/www.24gliwice.pl\/wiadomosci\/#organization","name":"24gliwice","url":"https:\/\/www.24gliwice.pl\/wiadomosci\/","logo":{"@type":"ImageObject","inLanguage":"pl-PL","@id":"https:\/\/www.24gliwice.pl\/wiadomosci\/#\/schema\/logo\/image\/","url":"https:\/\/www.24gliwice.pl\/wiadomosci\/wp-content\/uploads\/2024\/10\/24gliwice-logo-696.jpg","contentUrl":"https:\/\/www.24gliwice.pl\/wiadomosci\/wp-content\/uploads\/2024\/10\/24gliwice-logo-696.jpg","width":696,"height":696,"caption":"24gliwice"},"image":{"@id":"https:\/\/www.24gliwice.pl\/wiadomosci\/#\/schema\/logo\/image\/"},"sameAs":["https:\/\/www.facebook.com\/24gliwice","https:\/\/x.com\/24gliwice","https:\/\/www.youtube.com\/@24gliwice"]},{"@type":"Person","@id":"https:\/\/www.24gliwice.pl\/wiadomosci\/#\/schema\/person\/e42c650edd7f2fa332be3811fb166b6e","name":"\u017baneta Mrozek-Siewierska","image":{"@type":"ImageObject","inLanguage":"pl-PL","@id":"https:\/\/secure.gravatar.com\/avatar\/1881429e9c64597c77ad7aef2d0a19be69a3253e57534d16aa15bf3a4d34a0a3?s=96&d=mm&r=g","url":"https:\/\/secure.gravatar.com\/avatar\/1881429e9c64597c77ad7aef2d0a19be69a3253e57534d16aa15bf3a4d34a0a3?s=96&d=mm&r=g","contentUrl":"https:\/\/secure.gravatar.com\/avatar\/1881429e9c64597c77ad7aef2d0a19be69a3253e57534d16aa15bf3a4d34a0a3?s=96&d=mm&r=g","caption":"\u017baneta Mrozek-Siewierska"},"url":"https:\/\/www.24gliwice.pl\/wiadomosci\/author\/zms\/"}]}},"_links":{"self":[{"href":"https:\/\/www.24gliwice.pl\/wiadomosci\/wp-json\/wp\/v2\/posts\/104883","targetHints":{"allow":["GET"]}}],"collection":[{"href":"https:\/\/www.24gliwice.pl\/wiadomosci\/wp-json\/wp\/v2\/posts"}],"about":[{"href":"https:\/\/www.24gliwice.pl\/wiadomosci\/wp-json\/wp\/v2\/types\/post"}],"author":[{"embeddable":true,"href":"https:\/\/www.24gliwice.pl\/wiadomosci\/wp-json\/wp\/v2\/users\/15"}],"replies":[{"embeddable":true,"href":"https:\/\/www.24gliwice.pl\/wiadomosci\/wp-json\/wp\/v2\/comments?post=104883"}],"version-history":[{"count":0,"href":"https:\/\/www.24gliwice.pl\/wiadomosci\/wp-json\/wp\/v2\/posts\/104883\/revisions"}],"wp:featuredmedia":[{"embeddable":true,"href":"https:\/\/www.24gliwice.pl\/wiadomosci\/wp-json\/wp\/v2\/media\/105004"}],"wp:attachment":[{"href":"https:\/\/www.24gliwice.pl\/wiadomosci\/wp-json\/wp\/v2\/media?parent=104883"}],"wp:term":[{"taxonomy":"category","embeddable":true,"href":"https:\/\/www.24gliwice.pl\/wiadomosci\/wp-json\/wp\/v2\/categories?post=104883"},{"taxonomy":"post_tag","embeddable":true,"href":"https:\/\/www.24gliwice.pl\/wiadomosci\/wp-json\/wp\/v2\/tags?post=104883"}],"curies":[{"name":"wp","href":"https:\/\/api.w.org\/{rel}","templated":true}]}}