{"id":105094,"date":"2017-10-02T14:01:17","date_gmt":"2017-10-02T12:01:17","guid":{"rendered":"http:\/\/www.24gliwice.pl\/wiadomosci\/?p=105094"},"modified":"2024-08-20T02:01:10","modified_gmt":"2024-08-20T00:01:10","slug":"za-zniszczenia-na-arenie-zabrze-zaplaci-piast-gliwice-trwa-szacowanie-strat","status":"publish","type":"post","link":"https:\/\/www.24gliwice.pl\/wiadomosci\/za-zniszczenia-na-arenie-zabrze-zaplaci-piast-gliwice-trwa-szacowanie-strat\/","title":{"rendered":"Za zniszczenia na Arenie Zabrze zap\u0142aci Piast Gliwice. Trwa szacowanie strat"},"content":{"rendered":"<div class=\"gliwi-a6-nad-leadem-artykulow gliwi-entity-placement\" id=\"gliwi-2221392486\"><div class=\"gliwi-adlabel\"><span style=\"font-size: 9px\">REKLAMA<\/span><\/div><div id=\"gliwi-4242990846\" style=\"margin-bottom: 25px;margin-left: auto;margin-right: auto;text-align: center;\"><a data-no-instant=\"1\" href=\"https:\/\/dom100.eu\/\" rel=\"noopener\" class=\"a2t-link\" target=\"_blank\" aria-label=\"20260415 DOM100 D\"><img loading=\"lazy\" decoding=\"async\" src=\"https:\/\/www.24gliwice.pl\/wiadomosci\/wp-content\/uploads\/2026\/04\/20260415-DOM100-D.jpg\" alt=\"\"  srcset=\"https:\/\/www.24gliwice.pl\/wiadomosci\/wp-content\/uploads\/2026\/04\/20260415-DOM100-D.jpg 750w, https:\/\/www.24gliwice.pl\/wiadomosci\/wp-content\/uploads\/2026\/04\/20260415-DOM100-D-410x109.jpg 410w\" sizes=\"(max-width: 750px) 100vw, 750px\" class=\"no-lazyload\" width=\"750\" height=\"200\"  style=\"display: inline-block; max-width: 100%; height: auto;\" \/><\/a><\/div><\/div><h3>Podczas niedzielnego meczu w Zabrzu nie oby\u0142o si\u0119 bez pewnych napi\u0119\u0107. Gliwiczanie obserwuj\u0105cy spotkanie z G\u00f3rnikiem nie wytrzymali i zacz\u0119li rzuca\u0107 race w kierunku sektora, w kt\u00f3rym siedzieli doro\u015bli z dzie\u0107mi.<\/h3>\n<p>Stowarzyszeniu Piastocholicy nie uda\u0142o si\u0119 utrzyma\u0107 porz\u0105dku w szeregach swoich cz\u0142onk\u00f3w.<\/p>\n<p>&#8211; Stowarzyszenie nie popiera tego typu zachowa\u0144 i niestety nie uda\u0142o si\u0119 ca\u0142ej grupy upilnowa\u0107, natomiast warto podkre\u015bli\u0107, \u017ce przez ca\u0142y mecz po stronie sektora rodzinnego, na p\u0142ocie wisia\u0142a grupa kibic\u00f3w Zabrza\u0144skiej Torcidy w kominiarkach, kt\u00f3ra prowokowa\u0142a go\u015bci &#8211; odni\u00f3s\u0142 si\u0119 do sprawy <strong>Vartan Ayvazyan<\/strong>, redaktor portalu piastgliwice.eu.<\/p><div class=\"gliwi-a3-w-tresci-artykulow gliwi-entity-placement\" id=\"gliwi-797678020\"><div class=\"gliwi-adlabel\"><span style=\"font-size: 9px\">REKLAMA<\/span><\/div><div id=\"gliwi-2507027119\" style=\"margin-bottom: 30px;margin-left: auto;margin-right: auto;text-align: center;\"><a data-no-instant=\"1\" href=\"https:\/\/ogrodyandersa.pl\/\" rel=\"noopener\" class=\"a2t-link\" target=\"_blank\" aria-label=\"20260415 Ogrody Andersa KUP TERAZ D\"><img loading=\"lazy\" decoding=\"async\" src=\"https:\/\/www.24gliwice.pl\/wiadomosci\/wp-content\/uploads\/2026\/04\/20260415-Ogrody-Andersa-KUP-TERAZ-D.jpg\" alt=\"\"  srcset=\"https:\/\/www.24gliwice.pl\/wiadomosci\/wp-content\/uploads\/2026\/04\/20260415-Ogrody-Andersa-KUP-TERAZ-D.jpg 750w, https:\/\/www.24gliwice.pl\/wiadomosci\/wp-content\/uploads\/2026\/04\/20260415-Ogrody-Andersa-KUP-TERAZ-D-410x109.jpg 410w\" sizes=\"(max-width: 750px) 100vw, 750px\" class=\"no-lazyload\" width=\"750\" height=\"200\"  style=\"display: inline-block; max-width: 100%; height: auto;\" \/><\/a><\/div><\/div>\n<p>Jak podaje serwis kibic\u00f3w G\u00f3rnika &#8211; roosevelta81.pl &#8211; na derbowy mecz sprzedano 977 spo\u015br\u00f3d 1135 bilet\u00f3w przeznaczonych dla go\u015bci. Udzia\u0142 w nim mogli wzi\u0105\u0107 wy\u0142\u0105cznie m\u0119\u017cczy\u017ani. Pocz\u0105tkowo fani Piasta Gliwice mieli na stadion gospodarzy przemaszerowa\u0107 na piechot\u0119, jednak zabrza\u0144ski magistrat nie zezwoli\u0142 na zgromadzenie, w zwi\u0105zku z czym pojechano autobusami. Kibice zebrali si\u0119 pod dawnym klubem Bravo przy ulicy Chorzowskiej, sk\u0105d wyruszyli do Zabrza.<\/p>\n<p><iframe loading=\"lazy\" src=\"https:\/\/www.youtube.com\/embed\/fkVcisIlP6E\" width=\"810\" height=\"455\" frameborder=\"0\" allowfullscreen=\"allowfullscreen\"><\/iframe><\/p>\n<p>Podczas meczu dosz\u0142o do prowokacji, jakie zdarza\u0142y si\u0119 ju\u017c wcze\u015bniej, przed meczem, w niekt\u00f3rych dzielnicach Gliwic. Na trybunie zajmowanej przez fan\u00f3w G\u00f3rnika spalono flag\u0119 Niebiesko-Czerwonych. Atmosfera przed, w trakcie i po meczu by\u0142a napi\u0119ta. Wobec kibic\u00f3w u\u017cyto m.in. gazu \u0142zawi\u0105cego.<\/p>\n<p><iframe loading=\"lazy\" src=\"https:\/\/www.youtube.com\/embed\/peB5Q5h3Ufw\" width=\"810\" height=\"455\" frameborder=\"0\" allowfullscreen=\"allowfullscreen\"><\/iframe><\/p>\n<p>Kibice Piasta Gliwice, prowokowani przez fan\u00f3w G\u00f3rnika Zabrze, w kt\u00f3rym\u015b momencie zacz\u0119li demolowa\u0107 stadion, m.in. wyrywano siedziska krzese\u0142. W kierunku trybuny zajmowanej zabrzan rzucano race, nie zwa\u017caj\u0105c na fakt, i\u017c znajduje si\u0119 tam wiele kobiet i dzieci.<\/p>\n<p><iframe loading=\"lazy\" src=\"https:\/\/www.youtube.com\/embed\/JSN9sJeNFUo\" width=\"810\" height=\"455\" frameborder=\"0\" allowfullscreen=\"allowfullscreen\"><\/iframe><\/p>\n<p>W klubie z Zabrza trwa teraz szacowanie strat. Nieoficjalnie m\u00f3wi si\u0119, \u017ce takich zniszcze\u0144 na niedawno oddanym do u\u017cytku obiekcie jeszcze nie by\u0142o. Kosztami naprawy zostanie teraz obci\u0105\u017cony Piast Gliwice, a je\u017celi uda si\u0119 na podstawie monitoringu ustali\u0107 to\u017csamo\u015b\u0107 chuligan\u00f3w, r\u00f3wnie\u017c oni sami. Policjanci zajmuj\u0105cy si\u0119 zwalczaniem przest\u0119pczo\u015bci stadionowej ju\u017c prowadz\u0105 czynno\u015bci zmierzaj\u0105ce do identyfikacji sprawc\u00f3w i ich zatrzymania.<\/p>\n[perfectpullquote align=&#8221;full&#8221; cite=&#8221;&#8221; link=&#8221;&#8221; color=&#8221;&#8221; class=&#8221;&#8221; size=&#8221;&#8221;] Koszt niedzielnego zabezpieczenia wyni\u00f3s\u0142 ponad 120 tys. z\u0142otych. \u00a0 [\/perfectpullquote]\n<p>Jak informuje zabrza\u0144ska policja, w dniu meczu do s\u0142u\u017cby skierowano ponad 400 policjant\u00f3w z r\u00f3\u017cnych pion\u00f3w. Mundurowi z Zabrza wspierani byli nie tylko przez str\u00f3\u017c\u00f3w prawa z katowickiego i cz\u0119stochowskiego oddzia\u0142u prewencji, ale r\u00f3wnie\u017c policj\u0119 konn\u0105, przewodnik\u00f3w ps\u00f3w s\u0142u\u017cbowych, policyjny \u015bmig\u0142owiec i drony, a tak\u017ce str\u00f3\u017c\u00f3w prawa z jednostek, gdzie kibice sympatyzuj\u0105 z dru\u017cynami, kt\u00f3re rozgrywa\u0142y mecz. Wszyscy oni dbali o bezpiecze\u0144stwo nie tylko w trakcie meczu, ale r\u00f3wnie\u017c na d\u0142ugo przed jego rozpocz\u0119ciem oraz po ostatnim gwizdku s\u0119dziego.<\/p>\n<p>(\u017cms)<\/p>\n<div class=\"gliwi-a5-na-koncu-artykulow gliwi-entity-placement\" id=\"gliwi-908445638\"><div class=\"gliwi-adlabel\"><span style=\"font-size: 9px\">REKLAMA<\/span><\/div><div id=\"gliwi-3284325218\" style=\"margin-left: auto;margin-right: auto;text-align: center;\"><a data-no-instant=\"1\" href=\"https:\/\/prezeroarenagliwice.pl\/\" rel=\"noopener\" class=\"a2t-link\" target=\"_blank\" aria-label=\"20260309-PREZERO-WIOSNA-D\"><img loading=\"lazy\" decoding=\"async\" src=\"https:\/\/www.24gliwice.pl\/wiadomosci\/wp-content\/uploads\/2026\/03\/20260309-PREZERO-WIOSNA-D.webp\" alt=\"\"  srcset=\"https:\/\/www.24gliwice.pl\/wiadomosci\/wp-content\/uploads\/2026\/03\/20260309-PREZERO-WIOSNA-D.webp 750w, https:\/\/www.24gliwice.pl\/wiadomosci\/wp-content\/uploads\/2026\/03\/20260309-PREZERO-WIOSNA-D-410x109.webp 410w\" sizes=\"(max-width: 750px) 100vw, 750px\" class=\"no-lazyload\" width=\"750\" height=\"200\"  style=\"display: inline-block; max-width: 100%; height: auto;\" \/><\/a><\/div><\/div>","protected":false},"excerpt":{"rendered":"<p>Podczas niedzielnego meczu w Zabrzu nie oby\u0142o si\u0119 bez pewnych napi\u0119\u0107. Gliwiczanie obserwuj\u0105cy spotkanie z G\u00f3rnikiem nie wytrzymali i zacz\u0119li rzuca\u0107 race w kierunku sektora, w kt\u00f3rym siedzieli doro\u015bli z dzie\u0107mi. Stowarzyszeniu Piastocholicy nie uda\u0142o si\u0119 utrzyma\u0107 porz\u0105dku w szeregach swoich cz\u0142onk\u00f3w. &#8211; Stowarzyszenie nie popiera tego typu zachowa\u0144 i niestety nie uda\u0142o si\u0119 ca\u0142ej [&hellip;]<\/p>\n","protected":false},"author":15,"featured_media":105131,"comment_status":"open","ping_status":"closed","sticky":false,"template":"","format":"standard","meta":{"_monsterinsights_skip_tracking":false,"_monsterinsights_sitenote_active":false,"_monsterinsights_sitenote_note":"","_monsterinsights_sitenote_category":0,"footnotes":"","_links_to":"","_links_to_target":""},"categories":[3,1,9,23842],"tags":[8296,10091,429,8186,74,10320],"class_list":["post-105094","post","type-post","status-publish","format-standard","has-post-thumbnail","hentry","category-gliwice","category-wszystko","category-aktualnosci_lokalne","category-sport_gliwice","tag-demolka","tag-derby-slaska","tag-gornik-zabrze","tag-mecz","tag-piast-gliwice","tag-race"],"yoast_head":"<!-- This site is optimized with the Yoast SEO plugin v27.5 - https:\/\/yoast.com\/product\/yoast-seo-wordpress\/ -->\n<title>Za zniszczenia na Arenie Zabrze zap\u0142aci Piast Gliwice. Trwa szacowanie strat - 24GLIWICE - Portal Gliwice | codziennie nowe informacje<\/title>\n<meta name=\"robots\" content=\"index, follow, max-snippet:-1, max-image-preview:large, max-video-preview:-1\" \/>\n<link rel=\"canonical\" href=\"https:\/\/www.24gliwice.pl\/wiadomosci\/za-zniszczenia-na-arenie-zabrze-zaplaci-piast-gliwice-trwa-szacowanie-strat\/\" \/>\n<meta property=\"og:locale\" content=\"pl_PL\" \/>\n<meta property=\"og:type\" content=\"article\" \/>\n<meta property=\"og:title\" content=\"Za zniszczenia na Arenie Zabrze zap\u0142aci Piast Gliwice. Trwa szacowanie strat - 24GLIWICE - Portal Gliwice | codziennie nowe informacje\" \/>\n<meta property=\"og:description\" content=\"Podczas niedzielnego meczu w Zabrzu nie oby\u0142o si\u0119 bez pewnych napi\u0119\u0107. Gliwiczanie obserwuj\u0105cy spotkanie z G\u00f3rnikiem nie wytrzymali i zacz\u0119li rzuca\u0107 race w kierunku sektora, w kt\u00f3rym siedzieli doro\u015bli z dzie\u0107mi. Stowarzyszeniu Piastocholicy nie uda\u0142o si\u0119 utrzyma\u0107 porz\u0105dku w szeregach swoich cz\u0142onk\u00f3w. &#8211; Stowarzyszenie nie popiera tego typu zachowa\u0144 i niestety nie uda\u0142o si\u0119 ca\u0142ej [&hellip;]\" \/>\n<meta property=\"og:url\" content=\"https:\/\/www.24gliwice.pl\/wiadomosci\/za-zniszczenia-na-arenie-zabrze-zaplaci-piast-gliwice-trwa-szacowanie-strat\/\" \/>\n<meta property=\"og:site_name\" content=\"24GLIWICE - Portal Gliwice | codziennie nowe informacje\" \/>\n<meta property=\"article:publisher\" content=\"https:\/\/www.facebook.com\/24gliwice\" \/>\n<meta property=\"article:published_time\" content=\"2017-10-02T12:01:17+00:00\" \/>\n<meta property=\"article:modified_time\" content=\"2024-08-20T00:01:10+00:00\" \/>\n<meta property=\"og:image\" content=\"https:\/\/www.24gliwice.pl\/wiadomosci\/wp-content\/uploads\/2017\/10\/1-Screenshot_82.jpg\" \/>\n\t<meta property=\"og:image:width\" content=\"810\" \/>\n\t<meta property=\"og:image:height\" content=\"457\" \/>\n\t<meta property=\"og:image:type\" content=\"image\/jpeg\" \/>\n<meta name=\"author\" content=\"\u017baneta Mrozek-Siewierska\" \/>\n<meta name=\"twitter:card\" content=\"summary_large_image\" \/>\n<meta name=\"twitter:creator\" content=\"@24gliwice\" \/>\n<meta name=\"twitter:site\" content=\"@24gliwice\" \/>\n<meta name=\"twitter:label1\" content=\"Napisane przez\" \/>\n\t<meta name=\"twitter:data1\" content=\"\u017baneta Mrozek-Siewierska\" \/>\n\t<meta name=\"twitter:label2\" content=\"Szacowany czas czytania\" \/>\n\t<meta name=\"twitter:data2\" content=\"2 minuty\" \/>\n<script type=\"application\/ld+json\" class=\"yoast-schema-graph\">{\"@context\":\"https:\\\/\\\/schema.org\",\"@graph\":[{\"@type\":\"Article\",\"@id\":\"https:\\\/\\\/www.24gliwice.pl\\\/wiadomosci\\\/za-zniszczenia-na-arenie-zabrze-zaplaci-piast-gliwice-trwa-szacowanie-strat\\\/#article\",\"isPartOf\":{\"@id\":\"https:\\\/\\\/www.24gliwice.pl\\\/wiadomosci\\\/za-zniszczenia-na-arenie-zabrze-zaplaci-piast-gliwice-trwa-szacowanie-strat\\\/\"},\"author\":{\"name\":\"\u017baneta Mrozek-Siewierska\",\"@id\":\"https:\\\/\\\/www.24gliwice.pl\\\/wiadomosci\\\/#\\\/schema\\\/person\\\/e42c650edd7f2fa332be3811fb166b6e\"},\"headline\":\"Za zniszczenia na Arenie Zabrze zap\u0142aci Piast Gliwice. Trwa szacowanie strat\",\"datePublished\":\"2017-10-02T12:01:17+00:00\",\"dateModified\":\"2024-08-20T00:01:10+00:00\",\"mainEntityOfPage\":{\"@id\":\"https:\\\/\\\/www.24gliwice.pl\\\/wiadomosci\\\/za-zniszczenia-na-arenie-zabrze-zaplaci-piast-gliwice-trwa-szacowanie-strat\\\/\"},\"wordCount\":493,\"commentCount\":0,\"publisher\":{\"@id\":\"https:\\\/\\\/www.24gliwice.pl\\\/wiadomosci\\\/#organization\"},\"image\":{\"@id\":\"https:\\\/\\\/www.24gliwice.pl\\\/wiadomosci\\\/za-zniszczenia-na-arenie-zabrze-zaplaci-piast-gliwice-trwa-szacowanie-strat\\\/#primaryimage\"},\"thumbnailUrl\":\"https:\\\/\\\/www.24gliwice.pl\\\/wiadomosci\\\/wp-content\\\/uploads\\\/2017\\\/10\\\/1-Screenshot_82.jpg\",\"keywords\":[\"demolka\",\"DERBY \u015aL\u0104SKA\",\"G\u00d3RNIK ZABRZE\",\"MECZ\",\"PIAST GLIWICE\",\"race\"],\"articleSection\":[\"Gliwice\",\"Najnowsze wiadomo\u015bci\",\"Portal Gliwice - Wiadomo\u015bci lokalne\",\"Sport\"],\"inLanguage\":\"pl-PL\",\"potentialAction\":[{\"@type\":\"CommentAction\",\"name\":\"Comment\",\"target\":[\"https:\\\/\\\/www.24gliwice.pl\\\/wiadomosci\\\/za-zniszczenia-na-arenie-zabrze-zaplaci-piast-gliwice-trwa-szacowanie-strat\\\/#respond\"]}]},{\"@type\":\"WebPage\",\"@id\":\"https:\\\/\\\/www.24gliwice.pl\\\/wiadomosci\\\/za-zniszczenia-na-arenie-zabrze-zaplaci-piast-gliwice-trwa-szacowanie-strat\\\/\",\"url\":\"https:\\\/\\\/www.24gliwice.pl\\\/wiadomosci\\\/za-zniszczenia-na-arenie-zabrze-zaplaci-piast-gliwice-trwa-szacowanie-strat\\\/\",\"name\":\"Za zniszczenia na Arenie Zabrze zap\u0142aci Piast Gliwice. Trwa szacowanie strat - 24GLIWICE - Portal Gliwice | codziennie nowe informacje\",\"isPartOf\":{\"@id\":\"https:\\\/\\\/www.24gliwice.pl\\\/wiadomosci\\\/#website\"},\"primaryImageOfPage\":{\"@id\":\"https:\\\/\\\/www.24gliwice.pl\\\/wiadomosci\\\/za-zniszczenia-na-arenie-zabrze-zaplaci-piast-gliwice-trwa-szacowanie-strat\\\/#primaryimage\"},\"image\":{\"@id\":\"https:\\\/\\\/www.24gliwice.pl\\\/wiadomosci\\\/za-zniszczenia-na-arenie-zabrze-zaplaci-piast-gliwice-trwa-szacowanie-strat\\\/#primaryimage\"},\"thumbnailUrl\":\"https:\\\/\\\/www.24gliwice.pl\\\/wiadomosci\\\/wp-content\\\/uploads\\\/2017\\\/10\\\/1-Screenshot_82.jpg\",\"datePublished\":\"2017-10-02T12:01:17+00:00\",\"dateModified\":\"2024-08-20T00:01:10+00:00\",\"breadcrumb\":{\"@id\":\"https:\\\/\\\/www.24gliwice.pl\\\/wiadomosci\\\/za-zniszczenia-na-arenie-zabrze-zaplaci-piast-gliwice-trwa-szacowanie-strat\\\/#breadcrumb\"},\"inLanguage\":\"pl-PL\",\"potentialAction\":[{\"@type\":\"ReadAction\",\"target\":[\"https:\\\/\\\/www.24gliwice.pl\\\/wiadomosci\\\/za-zniszczenia-na-arenie-zabrze-zaplaci-piast-gliwice-trwa-szacowanie-strat\\\/\"]}]},{\"@type\":\"ImageObject\",\"inLanguage\":\"pl-PL\",\"@id\":\"https:\\\/\\\/www.24gliwice.pl\\\/wiadomosci\\\/za-zniszczenia-na-arenie-zabrze-zaplaci-piast-gliwice-trwa-szacowanie-strat\\\/#primaryimage\",\"url\":\"https:\\\/\\\/www.24gliwice.pl\\\/wiadomosci\\\/wp-content\\\/uploads\\\/2017\\\/10\\\/1-Screenshot_82.jpg\",\"contentUrl\":\"https:\\\/\\\/www.24gliwice.pl\\\/wiadomosci\\\/wp-content\\\/uploads\\\/2017\\\/10\\\/1-Screenshot_82.jpg\",\"width\":810,\"height\":457,\"caption\":\"screen: YouTube\"},{\"@type\":\"BreadcrumbList\",\"@id\":\"https:\\\/\\\/www.24gliwice.pl\\\/wiadomosci\\\/za-zniszczenia-na-arenie-zabrze-zaplaci-piast-gliwice-trwa-szacowanie-strat\\\/#breadcrumb\",\"itemListElement\":[{\"@type\":\"ListItem\",\"position\":1,\"name\":\"Strona g\u0142\u00f3wna\",\"item\":\"https:\\\/\\\/www.24gliwice.pl\\\/wiadomosci\\\/\"},{\"@type\":\"ListItem\",\"position\":2,\"name\":\"Za zniszczenia na Arenie Zabrze zap\u0142aci Piast Gliwice. Trwa szacowanie strat\"}]},{\"@type\":\"WebSite\",\"@id\":\"https:\\\/\\\/www.24gliwice.pl\\\/wiadomosci\\\/#website\",\"url\":\"https:\\\/\\\/www.24gliwice.pl\\\/wiadomosci\\\/\",\"name\":\"24GLIWICE - Portal Gliwice | codziennie nowe wiadomo\u015bci\",\"description\":\"Portal Miejski Gliwice\",\"publisher\":{\"@id\":\"https:\\\/\\\/www.24gliwice.pl\\\/wiadomosci\\\/#organization\"},\"potentialAction\":[{\"@type\":\"SearchAction\",\"target\":{\"@type\":\"EntryPoint\",\"urlTemplate\":\"https:\\\/\\\/www.24gliwice.pl\\\/wiadomosci\\\/?s={search_term_string}\"},\"query-input\":{\"@type\":\"PropertyValueSpecification\",\"valueRequired\":true,\"valueName\":\"search_term_string\"}}],\"inLanguage\":\"pl-PL\"},{\"@type\":\"Organization\",\"@id\":\"https:\\\/\\\/www.24gliwice.pl\\\/wiadomosci\\\/#organization\",\"name\":\"24gliwice\",\"url\":\"https:\\\/\\\/www.24gliwice.pl\\\/wiadomosci\\\/\",\"logo\":{\"@type\":\"ImageObject\",\"inLanguage\":\"pl-PL\",\"@id\":\"https:\\\/\\\/www.24gliwice.pl\\\/wiadomosci\\\/#\\\/schema\\\/logo\\\/image\\\/\",\"url\":\"https:\\\/\\\/www.24gliwice.pl\\\/wiadomosci\\\/wp-content\\\/uploads\\\/2024\\\/10\\\/24gliwice-logo-696.jpg\",\"contentUrl\":\"https:\\\/\\\/www.24gliwice.pl\\\/wiadomosci\\\/wp-content\\\/uploads\\\/2024\\\/10\\\/24gliwice-logo-696.jpg\",\"width\":696,\"height\":696,\"caption\":\"24gliwice\"},\"image\":{\"@id\":\"https:\\\/\\\/www.24gliwice.pl\\\/wiadomosci\\\/#\\\/schema\\\/logo\\\/image\\\/\"},\"sameAs\":[\"https:\\\/\\\/www.facebook.com\\\/24gliwice\",\"https:\\\/\\\/x.com\\\/24gliwice\",\"https:\\\/\\\/www.youtube.com\\\/@24gliwice\"]},{\"@type\":\"Person\",\"@id\":\"https:\\\/\\\/www.24gliwice.pl\\\/wiadomosci\\\/#\\\/schema\\\/person\\\/e42c650edd7f2fa332be3811fb166b6e\",\"name\":\"\u017baneta Mrozek-Siewierska\",\"image\":{\"@type\":\"ImageObject\",\"inLanguage\":\"pl-PL\",\"@id\":\"https:\\\/\\\/secure.gravatar.com\\\/avatar\\\/1881429e9c64597c77ad7aef2d0a19be69a3253e57534d16aa15bf3a4d34a0a3?s=96&d=mm&r=g\",\"url\":\"https:\\\/\\\/secure.gravatar.com\\\/avatar\\\/1881429e9c64597c77ad7aef2d0a19be69a3253e57534d16aa15bf3a4d34a0a3?s=96&d=mm&r=g\",\"contentUrl\":\"https:\\\/\\\/secure.gravatar.com\\\/avatar\\\/1881429e9c64597c77ad7aef2d0a19be69a3253e57534d16aa15bf3a4d34a0a3?s=96&d=mm&r=g\",\"caption\":\"\u017baneta Mrozek-Siewierska\"},\"url\":\"https:\\\/\\\/www.24gliwice.pl\\\/wiadomosci\\\/author\\\/zms\\\/\"}]}<\/script>\n<!-- \/ Yoast SEO plugin. -->","yoast_head_json":{"title":"Za zniszczenia na Arenie Zabrze zap\u0142aci Piast Gliwice. Trwa szacowanie strat - 24GLIWICE - Portal Gliwice | codziennie nowe informacje","robots":{"index":"index","follow":"follow","max-snippet":"max-snippet:-1","max-image-preview":"max-image-preview:large","max-video-preview":"max-video-preview:-1"},"canonical":"https:\/\/www.24gliwice.pl\/wiadomosci\/za-zniszczenia-na-arenie-zabrze-zaplaci-piast-gliwice-trwa-szacowanie-strat\/","og_locale":"pl_PL","og_type":"article","og_title":"Za zniszczenia na Arenie Zabrze zap\u0142aci Piast Gliwice. Trwa szacowanie strat - 24GLIWICE - Portal Gliwice | codziennie nowe informacje","og_description":"Podczas niedzielnego meczu w Zabrzu nie oby\u0142o si\u0119 bez pewnych napi\u0119\u0107. Gliwiczanie obserwuj\u0105cy spotkanie z G\u00f3rnikiem nie wytrzymali i zacz\u0119li rzuca\u0107 race w kierunku sektora, w kt\u00f3rym siedzieli doro\u015bli z dzie\u0107mi. Stowarzyszeniu Piastocholicy nie uda\u0142o si\u0119 utrzyma\u0107 porz\u0105dku w szeregach swoich cz\u0142onk\u00f3w. &#8211; Stowarzyszenie nie popiera tego typu zachowa\u0144 i niestety nie uda\u0142o si\u0119 ca\u0142ej [&hellip;]","og_url":"https:\/\/www.24gliwice.pl\/wiadomosci\/za-zniszczenia-na-arenie-zabrze-zaplaci-piast-gliwice-trwa-szacowanie-strat\/","og_site_name":"24GLIWICE - Portal Gliwice | codziennie nowe informacje","article_publisher":"https:\/\/www.facebook.com\/24gliwice","article_published_time":"2017-10-02T12:01:17+00:00","article_modified_time":"2024-08-20T00:01:10+00:00","og_image":[{"width":810,"height":457,"url":"https:\/\/www.24gliwice.pl\/wiadomosci\/wp-content\/uploads\/2017\/10\/1-Screenshot_82.jpg","type":"image\/jpeg"}],"author":"\u017baneta Mrozek-Siewierska","twitter_card":"summary_large_image","twitter_creator":"@24gliwice","twitter_site":"@24gliwice","twitter_misc":{"Napisane przez":"\u017baneta Mrozek-Siewierska","Szacowany czas czytania":"2 minuty"},"schema":{"@context":"https:\/\/schema.org","@graph":[{"@type":"Article","@id":"https:\/\/www.24gliwice.pl\/wiadomosci\/za-zniszczenia-na-arenie-zabrze-zaplaci-piast-gliwice-trwa-szacowanie-strat\/#article","isPartOf":{"@id":"https:\/\/www.24gliwice.pl\/wiadomosci\/za-zniszczenia-na-arenie-zabrze-zaplaci-piast-gliwice-trwa-szacowanie-strat\/"},"author":{"name":"\u017baneta Mrozek-Siewierska","@id":"https:\/\/www.24gliwice.pl\/wiadomosci\/#\/schema\/person\/e42c650edd7f2fa332be3811fb166b6e"},"headline":"Za zniszczenia na Arenie Zabrze zap\u0142aci Piast Gliwice. Trwa szacowanie strat","datePublished":"2017-10-02T12:01:17+00:00","dateModified":"2024-08-20T00:01:10+00:00","mainEntityOfPage":{"@id":"https:\/\/www.24gliwice.pl\/wiadomosci\/za-zniszczenia-na-arenie-zabrze-zaplaci-piast-gliwice-trwa-szacowanie-strat\/"},"wordCount":493,"commentCount":0,"publisher":{"@id":"https:\/\/www.24gliwice.pl\/wiadomosci\/#organization"},"image":{"@id":"https:\/\/www.24gliwice.pl\/wiadomosci\/za-zniszczenia-na-arenie-zabrze-zaplaci-piast-gliwice-trwa-szacowanie-strat\/#primaryimage"},"thumbnailUrl":"https:\/\/www.24gliwice.pl\/wiadomosci\/wp-content\/uploads\/2017\/10\/1-Screenshot_82.jpg","keywords":["demolka","DERBY \u015aL\u0104SKA","G\u00d3RNIK ZABRZE","MECZ","PIAST GLIWICE","race"],"articleSection":["Gliwice","Najnowsze wiadomo\u015bci","Portal Gliwice - Wiadomo\u015bci lokalne","Sport"],"inLanguage":"pl-PL","potentialAction":[{"@type":"CommentAction","name":"Comment","target":["https:\/\/www.24gliwice.pl\/wiadomosci\/za-zniszczenia-na-arenie-zabrze-zaplaci-piast-gliwice-trwa-szacowanie-strat\/#respond"]}]},{"@type":"WebPage","@id":"https:\/\/www.24gliwice.pl\/wiadomosci\/za-zniszczenia-na-arenie-zabrze-zaplaci-piast-gliwice-trwa-szacowanie-strat\/","url":"https:\/\/www.24gliwice.pl\/wiadomosci\/za-zniszczenia-na-arenie-zabrze-zaplaci-piast-gliwice-trwa-szacowanie-strat\/","name":"Za zniszczenia na Arenie Zabrze zap\u0142aci Piast Gliwice. Trwa szacowanie strat - 24GLIWICE - Portal Gliwice | codziennie nowe informacje","isPartOf":{"@id":"https:\/\/www.24gliwice.pl\/wiadomosci\/#website"},"primaryImageOfPage":{"@id":"https:\/\/www.24gliwice.pl\/wiadomosci\/za-zniszczenia-na-arenie-zabrze-zaplaci-piast-gliwice-trwa-szacowanie-strat\/#primaryimage"},"image":{"@id":"https:\/\/www.24gliwice.pl\/wiadomosci\/za-zniszczenia-na-arenie-zabrze-zaplaci-piast-gliwice-trwa-szacowanie-strat\/#primaryimage"},"thumbnailUrl":"https:\/\/www.24gliwice.pl\/wiadomosci\/wp-content\/uploads\/2017\/10\/1-Screenshot_82.jpg","datePublished":"2017-10-02T12:01:17+00:00","dateModified":"2024-08-20T00:01:10+00:00","breadcrumb":{"@id":"https:\/\/www.24gliwice.pl\/wiadomosci\/za-zniszczenia-na-arenie-zabrze-zaplaci-piast-gliwice-trwa-szacowanie-strat\/#breadcrumb"},"inLanguage":"pl-PL","potentialAction":[{"@type":"ReadAction","target":["https:\/\/www.24gliwice.pl\/wiadomosci\/za-zniszczenia-na-arenie-zabrze-zaplaci-piast-gliwice-trwa-szacowanie-strat\/"]}]},{"@type":"ImageObject","inLanguage":"pl-PL","@id":"https:\/\/www.24gliwice.pl\/wiadomosci\/za-zniszczenia-na-arenie-zabrze-zaplaci-piast-gliwice-trwa-szacowanie-strat\/#primaryimage","url":"https:\/\/www.24gliwice.pl\/wiadomosci\/wp-content\/uploads\/2017\/10\/1-Screenshot_82.jpg","contentUrl":"https:\/\/www.24gliwice.pl\/wiadomosci\/wp-content\/uploads\/2017\/10\/1-Screenshot_82.jpg","width":810,"height":457,"caption":"screen: YouTube"},{"@type":"BreadcrumbList","@id":"https:\/\/www.24gliwice.pl\/wiadomosci\/za-zniszczenia-na-arenie-zabrze-zaplaci-piast-gliwice-trwa-szacowanie-strat\/#breadcrumb","itemListElement":[{"@type":"ListItem","position":1,"name":"Strona g\u0142\u00f3wna","item":"https:\/\/www.24gliwice.pl\/wiadomosci\/"},{"@type":"ListItem","position":2,"name":"Za zniszczenia na Arenie Zabrze zap\u0142aci Piast Gliwice. Trwa szacowanie strat"}]},{"@type":"WebSite","@id":"https:\/\/www.24gliwice.pl\/wiadomosci\/#website","url":"https:\/\/www.24gliwice.pl\/wiadomosci\/","name":"24GLIWICE - Portal Gliwice | codziennie nowe wiadomo\u015bci","description":"Portal Miejski Gliwice","publisher":{"@id":"https:\/\/www.24gliwice.pl\/wiadomosci\/#organization"},"potentialAction":[{"@type":"SearchAction","target":{"@type":"EntryPoint","urlTemplate":"https:\/\/www.24gliwice.pl\/wiadomosci\/?s={search_term_string}"},"query-input":{"@type":"PropertyValueSpecification","valueRequired":true,"valueName":"search_term_string"}}],"inLanguage":"pl-PL"},{"@type":"Organization","@id":"https:\/\/www.24gliwice.pl\/wiadomosci\/#organization","name":"24gliwice","url":"https:\/\/www.24gliwice.pl\/wiadomosci\/","logo":{"@type":"ImageObject","inLanguage":"pl-PL","@id":"https:\/\/www.24gliwice.pl\/wiadomosci\/#\/schema\/logo\/image\/","url":"https:\/\/www.24gliwice.pl\/wiadomosci\/wp-content\/uploads\/2024\/10\/24gliwice-logo-696.jpg","contentUrl":"https:\/\/www.24gliwice.pl\/wiadomosci\/wp-content\/uploads\/2024\/10\/24gliwice-logo-696.jpg","width":696,"height":696,"caption":"24gliwice"},"image":{"@id":"https:\/\/www.24gliwice.pl\/wiadomosci\/#\/schema\/logo\/image\/"},"sameAs":["https:\/\/www.facebook.com\/24gliwice","https:\/\/x.com\/24gliwice","https:\/\/www.youtube.com\/@24gliwice"]},{"@type":"Person","@id":"https:\/\/www.24gliwice.pl\/wiadomosci\/#\/schema\/person\/e42c650edd7f2fa332be3811fb166b6e","name":"\u017baneta Mrozek-Siewierska","image":{"@type":"ImageObject","inLanguage":"pl-PL","@id":"https:\/\/secure.gravatar.com\/avatar\/1881429e9c64597c77ad7aef2d0a19be69a3253e57534d16aa15bf3a4d34a0a3?s=96&d=mm&r=g","url":"https:\/\/secure.gravatar.com\/avatar\/1881429e9c64597c77ad7aef2d0a19be69a3253e57534d16aa15bf3a4d34a0a3?s=96&d=mm&r=g","contentUrl":"https:\/\/secure.gravatar.com\/avatar\/1881429e9c64597c77ad7aef2d0a19be69a3253e57534d16aa15bf3a4d34a0a3?s=96&d=mm&r=g","caption":"\u017baneta Mrozek-Siewierska"},"url":"https:\/\/www.24gliwice.pl\/wiadomosci\/author\/zms\/"}]}},"_links":{"self":[{"href":"https:\/\/www.24gliwice.pl\/wiadomosci\/wp-json\/wp\/v2\/posts\/105094","targetHints":{"allow":["GET"]}}],"collection":[{"href":"https:\/\/www.24gliwice.pl\/wiadomosci\/wp-json\/wp\/v2\/posts"}],"about":[{"href":"https:\/\/www.24gliwice.pl\/wiadomosci\/wp-json\/wp\/v2\/types\/post"}],"author":[{"embeddable":true,"href":"https:\/\/www.24gliwice.pl\/wiadomosci\/wp-json\/wp\/v2\/users\/15"}],"replies":[{"embeddable":true,"href":"https:\/\/www.24gliwice.pl\/wiadomosci\/wp-json\/wp\/v2\/comments?post=105094"}],"version-history":[{"count":0,"href":"https:\/\/www.24gliwice.pl\/wiadomosci\/wp-json\/wp\/v2\/posts\/105094\/revisions"}],"wp:featuredmedia":[{"embeddable":true,"href":"https:\/\/www.24gliwice.pl\/wiadomosci\/wp-json\/wp\/v2\/media\/105131"}],"wp:attachment":[{"href":"https:\/\/www.24gliwice.pl\/wiadomosci\/wp-json\/wp\/v2\/media?parent=105094"}],"wp:term":[{"taxonomy":"category","embeddable":true,"href":"https:\/\/www.24gliwice.pl\/wiadomosci\/wp-json\/wp\/v2\/categories?post=105094"},{"taxonomy":"post_tag","embeddable":true,"href":"https:\/\/www.24gliwice.pl\/wiadomosci\/wp-json\/wp\/v2\/tags?post=105094"}],"curies":[{"name":"wp","href":"https:\/\/api.w.org\/{rel}","templated":true}]}}