{"id":105100,"date":"2017-10-02T13:01:59","date_gmt":"2017-10-02T11:01:59","guid":{"rendered":"http:\/\/www.24gliwice.pl\/wiadomosci\/?p=105100"},"modified":"2017-10-02T13:01:59","modified_gmt":"2017-10-02T11:01:59","slug":"poinformowal-o-bombie-ewakuowano-170-osob-grozi-mu-do-8-lat-pozbawienia-wolnosci","status":"publish","type":"post","link":"https:\/\/www.24gliwice.pl\/wiadomosci\/poinformowal-o-bombie-ewakuowano-170-osob-grozi-mu-do-8-lat-pozbawienia-wolnosci\/","title":{"rendered":"Poinformowa\u0142 o bombie, ewakuowano 170 os\u00f3b. Grozi mu do 8 lat pozbawienia wolno\u015bci"},"content":{"rendered":"<div class=\"gliwi-a6-nad-leadem-artykulow gliwi-entity-placement\" id=\"gliwi-1464470880\"><div class=\"gliwi-adlabel\"><span style=\"font-size: 9px\">REKLAMA<\/span><\/div><div id=\"gliwi-4183909548\" style=\"margin-bottom: 25px;margin-left: auto;margin-right: auto;text-align: center;\"><a data-no-instant=\"1\" href=\"https:\/\/dom100.eu\/\" rel=\"noopener\" class=\"a2t-link\" target=\"_blank\" aria-label=\"20260415 DOM100 D\"><img loading=\"lazy\" decoding=\"async\" src=\"https:\/\/www.24gliwice.pl\/wiadomosci\/wp-content\/uploads\/2026\/04\/20260415-DOM100-D.jpg\" alt=\"\"  srcset=\"https:\/\/www.24gliwice.pl\/wiadomosci\/wp-content\/uploads\/2026\/04\/20260415-DOM100-D.jpg 750w, https:\/\/www.24gliwice.pl\/wiadomosci\/wp-content\/uploads\/2026\/04\/20260415-DOM100-D-410x109.jpg 410w\" sizes=\"(max-width: 750px) 100vw, 750px\" class=\"no-lazyload\" width=\"750\" height=\"200\"  style=\"display: inline-block; max-width: 100%; height: auto;\" \/><\/a><\/div><\/div><h3>Nie wiadomo, czy sprawcy nie chcia\u0142o si\u0119 i\u015b\u0107 do pracy, czy te\u017c by\u0142 on \u017c\u0105dny wra\u017ce\u0144. Wszak by\u0142 ju\u017c taki, kt\u00f3ry zg\u0142osi\u0142 nieistniej\u0105c\u0105 napa\u015b\u0107, \u017ceby zobaczy\u0107 jak pracuje policja.<\/h3>\n<p>Podczas minionego weekendu policja interweniowa\u0142a 570 razy. W\u015br\u00f3d zg\u0142osze\u0144 znalaz\u0142o si\u0119 to o pod\u0142o\u017ceniu \u0142adunku wybuchowego w jednej z fabryk na strefie ekonomicznej. <\/p>\n<p>W pi\u0105tkowy wiecz\u00f3r z zak\u0142adu pracy musia\u0142o ewakuowa\u0107 si\u0119 170 pracownik\u00f3w. Po przeszukaniu, nie wykryto \u017cadnej bomby. Funkcjonariusze namierzyli jednak sprawc\u0119 fa\u0142szywego zawiadomienia. Zosta\u0142 on zatrzymany i przewieziony do policyjnego aresztu. Za tego rodzaju &#8220;\u017cart&#8221; grozi mu do 8 lat pozbawienia wolno\u015bci.<\/p><div class=\"gliwi-a3-w-tresci-artykulow gliwi-entity-placement\" id=\"gliwi-3148596231\"><div class=\"gliwi-adlabel\"><span style=\"font-size: 9px\">REKLAMA<\/span><\/div><div id=\"gliwi-2111796370\" style=\"margin-bottom: 30px;margin-left: auto;margin-right: auto;text-align: center;\"><a data-no-instant=\"1\" href=\"https:\/\/ogrodyandersa.pl\/\" rel=\"noopener\" class=\"a2t-link\" target=\"_blank\" aria-label=\"20260415 Ogrody Andersa KUP TERAZ D\"><img loading=\"lazy\" decoding=\"async\" src=\"https:\/\/www.24gliwice.pl\/wiadomosci\/wp-content\/uploads\/2026\/04\/20260415-Ogrody-Andersa-KUP-TERAZ-D.jpg\" alt=\"\"  srcset=\"https:\/\/www.24gliwice.pl\/wiadomosci\/wp-content\/uploads\/2026\/04\/20260415-Ogrody-Andersa-KUP-TERAZ-D.jpg 750w, https:\/\/www.24gliwice.pl\/wiadomosci\/wp-content\/uploads\/2026\/04\/20260415-Ogrody-Andersa-KUP-TERAZ-D-410x109.jpg 410w\" sizes=\"(max-width: 750px) 100vw, 750px\" class=\"no-lazyload\" width=\"750\" height=\"200\"  style=\"display: inline-block; max-width: 100%; height: auto;\" \/><\/a><\/div><\/div>\n<p>(\u017cms)\/KMP Gliwice<br \/>\nfot. zdj\u0119cie pogl\u0105dowe<\/p>\n<div class=\"gliwi-a5-na-koncu-artykulow gliwi-entity-placement\" id=\"gliwi-1447613543\"><div class=\"gliwi-adlabel\"><span style=\"font-size: 9px\">REKLAMA<\/span><\/div><div id=\"gliwi-1701525674\" style=\"margin-left: auto;margin-right: auto;text-align: center;\"><a data-no-instant=\"1\" href=\"https:\/\/www.jasek.pl\/\" rel=\"noopener\" class=\"a2t-link\" target=\"_blank\" aria-label=\"20200401-jasek 600\"><img loading=\"lazy\" decoding=\"async\" src=\"https:\/\/www.24gliwice.pl\/wiadomosci\/wp-content\/uploads\/2020\/04\/20200401-jasek-600.jpg\" alt=\"\"  srcset=\"https:\/\/www.24gliwice.pl\/wiadomosci\/wp-content\/uploads\/2020\/04\/20200401-jasek-600.jpg 600w, https:\/\/www.24gliwice.pl\/wiadomosci\/wp-content\/uploads\/2020\/04\/20200401-jasek-600-410x109.jpg 410w\" sizes=\"(max-width: 600px) 100vw, 600px\" class=\"no-lazyload\" width=\"600\" height=\"160\"  style=\"display: inline-block; max-width: 100%; height: auto;\" \/><\/a><\/div><\/div>","protected":false},"excerpt":{"rendered":"<p>Nie wiadomo, czy sprawcy nie chcia\u0142o si\u0119 i\u015b\u0107 do pracy, czy te\u017c by\u0142 on \u017c\u0105dny wra\u017ce\u0144. Wszak by\u0142 ju\u017c taki, kt\u00f3ry zg\u0142osi\u0142 nieistniej\u0105c\u0105 napa\u015b\u0107, \u017ceby zobaczy\u0107 jak pracuje policja. Podczas minionego weekendu policja interweniowa\u0142a 570 razy. W\u015br\u00f3d zg\u0142osze\u0144 znalaz\u0142o si\u0119 to o pod\u0142o\u017ceniu \u0142adunku wybuchowego w jednej z fabryk na strefie ekonomicznej. W pi\u0105tkowy wiecz\u00f3r [&hellip;]<\/p>\n","protected":false},"author":15,"featured_media":105101,"comment_status":"open","ping_status":"closed","sticky":false,"template":"","format":"standard","meta":{"_monsterinsights_skip_tracking":false,"_monsterinsights_sitenote_active":false,"_monsterinsights_sitenote_note":"","_monsterinsights_sitenote_category":0,"footnotes":"","_links_to":"","_links_to_target":""},"categories":[3,1,5],"tags":[9251,10316,8076,8548,10315],"class_list":["post-105100","post","type-post","status-publish","format-standard","has-post-thumbnail","hentry","category-gliwice","category-wszystko","category-kryminalki","tag-bomba","tag-ewakuacja","tag-wybuch","tag-ladunek","tag-ladunek-wybuchowy"],"yoast_head":"<!-- This site is optimized with the Yoast SEO plugin v27.5 - https:\/\/yoast.com\/product\/yoast-seo-wordpress\/ -->\n<title>Poinformowa\u0142 o bombie, ewakuowano 170 os\u00f3b. Grozi mu do 8 lat pozbawienia wolno\u015bci - 24GLIWICE - Portal Gliwice | codziennie nowe informacje<\/title>\n<meta name=\"robots\" content=\"index, follow, max-snippet:-1, max-image-preview:large, max-video-preview:-1\" \/>\n<link rel=\"canonical\" href=\"https:\/\/www.24gliwice.pl\/wiadomosci\/poinformowal-o-bombie-ewakuowano-170-osob-grozi-mu-do-8-lat-pozbawienia-wolnosci\/\" \/>\n<meta property=\"og:locale\" content=\"pl_PL\" \/>\n<meta property=\"og:type\" content=\"article\" \/>\n<meta property=\"og:title\" content=\"Poinformowa\u0142 o bombie, ewakuowano 170 os\u00f3b. Grozi mu do 8 lat pozbawienia wolno\u015bci - 24GLIWICE - Portal Gliwice | codziennie nowe informacje\" \/>\n<meta property=\"og:description\" content=\"Nie wiadomo, czy sprawcy nie chcia\u0142o si\u0119 i\u015b\u0107 do pracy, czy te\u017c by\u0142 on \u017c\u0105dny wra\u017ce\u0144. Wszak by\u0142 ju\u017c taki, kt\u00f3ry zg\u0142osi\u0142 nieistniej\u0105c\u0105 napa\u015b\u0107, \u017ceby zobaczy\u0107 jak pracuje policja. Podczas minionego weekendu policja interweniowa\u0142a 570 razy. W\u015br\u00f3d zg\u0142osze\u0144 znalaz\u0142o si\u0119 to o pod\u0142o\u017ceniu \u0142adunku wybuchowego w jednej z fabryk na strefie ekonomicznej. W pi\u0105tkowy wiecz\u00f3r [&hellip;]\" \/>\n<meta property=\"og:url\" content=\"https:\/\/www.24gliwice.pl\/wiadomosci\/poinformowal-o-bombie-ewakuowano-170-osob-grozi-mu-do-8-lat-pozbawienia-wolnosci\/\" \/>\n<meta property=\"og:site_name\" content=\"24GLIWICE - Portal Gliwice | codziennie nowe informacje\" \/>\n<meta property=\"article:publisher\" content=\"https:\/\/www.facebook.com\/24gliwice\" \/>\n<meta property=\"article:published_time\" content=\"2017-10-02T11:01:59+00:00\" \/>\n<meta property=\"og:image\" content=\"https:\/\/www.24gliwice.pl\/wiadomosci\/wp-content\/uploads\/2017\/10\/zawiadomi\u0142-o-bombie-e1506938430590.jpeg\" \/>\n\t<meta property=\"og:image:width\" content=\"810\" \/>\n\t<meta property=\"og:image:height\" content=\"455\" \/>\n\t<meta property=\"og:image:type\" content=\"image\/jpeg\" \/>\n<meta name=\"author\" content=\"\u017baneta Mrozek-Siewierska\" \/>\n<meta name=\"twitter:card\" content=\"summary_large_image\" \/>\n<meta name=\"twitter:creator\" content=\"@24gliwice\" \/>\n<meta name=\"twitter:site\" content=\"@24gliwice\" \/>\n<meta name=\"twitter:label1\" content=\"Napisane przez\" \/>\n\t<meta name=\"twitter:data1\" content=\"\u017baneta Mrozek-Siewierska\" \/>\n\t<meta name=\"twitter:label2\" content=\"Szacowany czas czytania\" \/>\n\t<meta name=\"twitter:data2\" content=\"1 minuta\" \/>\n<script type=\"application\/ld+json\" class=\"yoast-schema-graph\">{\"@context\":\"https:\\\/\\\/schema.org\",\"@graph\":[{\"@type\":\"Article\",\"@id\":\"https:\\\/\\\/www.24gliwice.pl\\\/wiadomosci\\\/poinformowal-o-bombie-ewakuowano-170-osob-grozi-mu-do-8-lat-pozbawienia-wolnosci\\\/#article\",\"isPartOf\":{\"@id\":\"https:\\\/\\\/www.24gliwice.pl\\\/wiadomosci\\\/poinformowal-o-bombie-ewakuowano-170-osob-grozi-mu-do-8-lat-pozbawienia-wolnosci\\\/\"},\"author\":{\"name\":\"\u017baneta Mrozek-Siewierska\",\"@id\":\"https:\\\/\\\/www.24gliwice.pl\\\/wiadomosci\\\/#\\\/schema\\\/person\\\/e42c650edd7f2fa332be3811fb166b6e\"},\"headline\":\"Poinformowa\u0142 o bombie, ewakuowano 170 os\u00f3b. Grozi mu do 8 lat pozbawienia wolno\u015bci\",\"datePublished\":\"2017-10-02T11:01:59+00:00\",\"mainEntityOfPage\":{\"@id\":\"https:\\\/\\\/www.24gliwice.pl\\\/wiadomosci\\\/poinformowal-o-bombie-ewakuowano-170-osob-grozi-mu-do-8-lat-pozbawienia-wolnosci\\\/\"},\"wordCount\":131,\"commentCount\":0,\"publisher\":{\"@id\":\"https:\\\/\\\/www.24gliwice.pl\\\/wiadomosci\\\/#organization\"},\"image\":{\"@id\":\"https:\\\/\\\/www.24gliwice.pl\\\/wiadomosci\\\/poinformowal-o-bombie-ewakuowano-170-osob-grozi-mu-do-8-lat-pozbawienia-wolnosci\\\/#primaryimage\"},\"thumbnailUrl\":\"https:\\\/\\\/www.24gliwice.pl\\\/wiadomosci\\\/wp-content\\\/uploads\\\/2017\\\/10\\\/zawiadomi\u0142-o-bombie-e1506938430590.jpeg\",\"keywords\":[\"bomba\",\"ewakuacja\",\"wybuch\",\"\u0142adunek\",\"\u0142adunek wybuchowy\"],\"articleSection\":[\"Gliwice\",\"Najnowsze wiadomo\u015bci\",\"Prawo\"],\"inLanguage\":\"pl-PL\",\"potentialAction\":[{\"@type\":\"CommentAction\",\"name\":\"Comment\",\"target\":[\"https:\\\/\\\/www.24gliwice.pl\\\/wiadomosci\\\/poinformowal-o-bombie-ewakuowano-170-osob-grozi-mu-do-8-lat-pozbawienia-wolnosci\\\/#respond\"]}]},{\"@type\":\"WebPage\",\"@id\":\"https:\\\/\\\/www.24gliwice.pl\\\/wiadomosci\\\/poinformowal-o-bombie-ewakuowano-170-osob-grozi-mu-do-8-lat-pozbawienia-wolnosci\\\/\",\"url\":\"https:\\\/\\\/www.24gliwice.pl\\\/wiadomosci\\\/poinformowal-o-bombie-ewakuowano-170-osob-grozi-mu-do-8-lat-pozbawienia-wolnosci\\\/\",\"name\":\"Poinformowa\u0142 o bombie, ewakuowano 170 os\u00f3b. Grozi mu do 8 lat pozbawienia wolno\u015bci - 24GLIWICE - Portal Gliwice | codziennie nowe informacje\",\"isPartOf\":{\"@id\":\"https:\\\/\\\/www.24gliwice.pl\\\/wiadomosci\\\/#website\"},\"primaryImageOfPage\":{\"@id\":\"https:\\\/\\\/www.24gliwice.pl\\\/wiadomosci\\\/poinformowal-o-bombie-ewakuowano-170-osob-grozi-mu-do-8-lat-pozbawienia-wolnosci\\\/#primaryimage\"},\"image\":{\"@id\":\"https:\\\/\\\/www.24gliwice.pl\\\/wiadomosci\\\/poinformowal-o-bombie-ewakuowano-170-osob-grozi-mu-do-8-lat-pozbawienia-wolnosci\\\/#primaryimage\"},\"thumbnailUrl\":\"https:\\\/\\\/www.24gliwice.pl\\\/wiadomosci\\\/wp-content\\\/uploads\\\/2017\\\/10\\\/zawiadomi\u0142-o-bombie-e1506938430590.jpeg\",\"datePublished\":\"2017-10-02T11:01:59+00:00\",\"breadcrumb\":{\"@id\":\"https:\\\/\\\/www.24gliwice.pl\\\/wiadomosci\\\/poinformowal-o-bombie-ewakuowano-170-osob-grozi-mu-do-8-lat-pozbawienia-wolnosci\\\/#breadcrumb\"},\"inLanguage\":\"pl-PL\",\"potentialAction\":[{\"@type\":\"ReadAction\",\"target\":[\"https:\\\/\\\/www.24gliwice.pl\\\/wiadomosci\\\/poinformowal-o-bombie-ewakuowano-170-osob-grozi-mu-do-8-lat-pozbawienia-wolnosci\\\/\"]}]},{\"@type\":\"ImageObject\",\"inLanguage\":\"pl-PL\",\"@id\":\"https:\\\/\\\/www.24gliwice.pl\\\/wiadomosci\\\/poinformowal-o-bombie-ewakuowano-170-osob-grozi-mu-do-8-lat-pozbawienia-wolnosci\\\/#primaryimage\",\"url\":\"https:\\\/\\\/www.24gliwice.pl\\\/wiadomosci\\\/wp-content\\\/uploads\\\/2017\\\/10\\\/zawiadomi\u0142-o-bombie-e1506938430590.jpeg\",\"contentUrl\":\"https:\\\/\\\/www.24gliwice.pl\\\/wiadomosci\\\/wp-content\\\/uploads\\\/2017\\\/10\\\/zawiadomi\u0142-o-bombie-e1506938430590.jpeg\",\"width\":810,\"height\":455},{\"@type\":\"BreadcrumbList\",\"@id\":\"https:\\\/\\\/www.24gliwice.pl\\\/wiadomosci\\\/poinformowal-o-bombie-ewakuowano-170-osob-grozi-mu-do-8-lat-pozbawienia-wolnosci\\\/#breadcrumb\",\"itemListElement\":[{\"@type\":\"ListItem\",\"position\":1,\"name\":\"Strona g\u0142\u00f3wna\",\"item\":\"https:\\\/\\\/www.24gliwice.pl\\\/wiadomosci\\\/\"},{\"@type\":\"ListItem\",\"position\":2,\"name\":\"Poinformowa\u0142 o bombie, ewakuowano 170 os\u00f3b. Grozi mu do 8 lat pozbawienia wolno\u015bci\"}]},{\"@type\":\"WebSite\",\"@id\":\"https:\\\/\\\/www.24gliwice.pl\\\/wiadomosci\\\/#website\",\"url\":\"https:\\\/\\\/www.24gliwice.pl\\\/wiadomosci\\\/\",\"name\":\"24GLIWICE - Portal Gliwice | codziennie nowe wiadomo\u015bci\",\"description\":\"Portal Miejski Gliwice\",\"publisher\":{\"@id\":\"https:\\\/\\\/www.24gliwice.pl\\\/wiadomosci\\\/#organization\"},\"potentialAction\":[{\"@type\":\"SearchAction\",\"target\":{\"@type\":\"EntryPoint\",\"urlTemplate\":\"https:\\\/\\\/www.24gliwice.pl\\\/wiadomosci\\\/?s={search_term_string}\"},\"query-input\":{\"@type\":\"PropertyValueSpecification\",\"valueRequired\":true,\"valueName\":\"search_term_string\"}}],\"inLanguage\":\"pl-PL\"},{\"@type\":\"Organization\",\"@id\":\"https:\\\/\\\/www.24gliwice.pl\\\/wiadomosci\\\/#organization\",\"name\":\"24gliwice\",\"url\":\"https:\\\/\\\/www.24gliwice.pl\\\/wiadomosci\\\/\",\"logo\":{\"@type\":\"ImageObject\",\"inLanguage\":\"pl-PL\",\"@id\":\"https:\\\/\\\/www.24gliwice.pl\\\/wiadomosci\\\/#\\\/schema\\\/logo\\\/image\\\/\",\"url\":\"https:\\\/\\\/www.24gliwice.pl\\\/wiadomosci\\\/wp-content\\\/uploads\\\/2024\\\/10\\\/24gliwice-logo-696.jpg\",\"contentUrl\":\"https:\\\/\\\/www.24gliwice.pl\\\/wiadomosci\\\/wp-content\\\/uploads\\\/2024\\\/10\\\/24gliwice-logo-696.jpg\",\"width\":696,\"height\":696,\"caption\":\"24gliwice\"},\"image\":{\"@id\":\"https:\\\/\\\/www.24gliwice.pl\\\/wiadomosci\\\/#\\\/schema\\\/logo\\\/image\\\/\"},\"sameAs\":[\"https:\\\/\\\/www.facebook.com\\\/24gliwice\",\"https:\\\/\\\/x.com\\\/24gliwice\",\"https:\\\/\\\/www.youtube.com\\\/@24gliwice\"]},{\"@type\":\"Person\",\"@id\":\"https:\\\/\\\/www.24gliwice.pl\\\/wiadomosci\\\/#\\\/schema\\\/person\\\/e42c650edd7f2fa332be3811fb166b6e\",\"name\":\"\u017baneta Mrozek-Siewierska\",\"image\":{\"@type\":\"ImageObject\",\"inLanguage\":\"pl-PL\",\"@id\":\"https:\\\/\\\/secure.gravatar.com\\\/avatar\\\/1881429e9c64597c77ad7aef2d0a19be69a3253e57534d16aa15bf3a4d34a0a3?s=96&d=mm&r=g\",\"url\":\"https:\\\/\\\/secure.gravatar.com\\\/avatar\\\/1881429e9c64597c77ad7aef2d0a19be69a3253e57534d16aa15bf3a4d34a0a3?s=96&d=mm&r=g\",\"contentUrl\":\"https:\\\/\\\/secure.gravatar.com\\\/avatar\\\/1881429e9c64597c77ad7aef2d0a19be69a3253e57534d16aa15bf3a4d34a0a3?s=96&d=mm&r=g\",\"caption\":\"\u017baneta Mrozek-Siewierska\"},\"url\":\"https:\\\/\\\/www.24gliwice.pl\\\/wiadomosci\\\/author\\\/zms\\\/\"}]}<\/script>\n<!-- \/ Yoast SEO plugin. -->","yoast_head_json":{"title":"Poinformowa\u0142 o bombie, ewakuowano 170 os\u00f3b. Grozi mu do 8 lat pozbawienia wolno\u015bci - 24GLIWICE - Portal Gliwice | codziennie nowe informacje","robots":{"index":"index","follow":"follow","max-snippet":"max-snippet:-1","max-image-preview":"max-image-preview:large","max-video-preview":"max-video-preview:-1"},"canonical":"https:\/\/www.24gliwice.pl\/wiadomosci\/poinformowal-o-bombie-ewakuowano-170-osob-grozi-mu-do-8-lat-pozbawienia-wolnosci\/","og_locale":"pl_PL","og_type":"article","og_title":"Poinformowa\u0142 o bombie, ewakuowano 170 os\u00f3b. Grozi mu do 8 lat pozbawienia wolno\u015bci - 24GLIWICE - Portal Gliwice | codziennie nowe informacje","og_description":"Nie wiadomo, czy sprawcy nie chcia\u0142o si\u0119 i\u015b\u0107 do pracy, czy te\u017c by\u0142 on \u017c\u0105dny wra\u017ce\u0144. Wszak by\u0142 ju\u017c taki, kt\u00f3ry zg\u0142osi\u0142 nieistniej\u0105c\u0105 napa\u015b\u0107, \u017ceby zobaczy\u0107 jak pracuje policja. Podczas minionego weekendu policja interweniowa\u0142a 570 razy. W\u015br\u00f3d zg\u0142osze\u0144 znalaz\u0142o si\u0119 to o pod\u0142o\u017ceniu \u0142adunku wybuchowego w jednej z fabryk na strefie ekonomicznej. W pi\u0105tkowy wiecz\u00f3r [&hellip;]","og_url":"https:\/\/www.24gliwice.pl\/wiadomosci\/poinformowal-o-bombie-ewakuowano-170-osob-grozi-mu-do-8-lat-pozbawienia-wolnosci\/","og_site_name":"24GLIWICE - Portal Gliwice | codziennie nowe informacje","article_publisher":"https:\/\/www.facebook.com\/24gliwice","article_published_time":"2017-10-02T11:01:59+00:00","og_image":[{"width":810,"height":455,"url":"https:\/\/www.24gliwice.pl\/wiadomosci\/wp-content\/uploads\/2017\/10\/zawiadomi\u0142-o-bombie-e1506938430590.jpeg","type":"image\/jpeg"}],"author":"\u017baneta Mrozek-Siewierska","twitter_card":"summary_large_image","twitter_creator":"@24gliwice","twitter_site":"@24gliwice","twitter_misc":{"Napisane przez":"\u017baneta Mrozek-Siewierska","Szacowany czas czytania":"1 minuta"},"schema":{"@context":"https:\/\/schema.org","@graph":[{"@type":"Article","@id":"https:\/\/www.24gliwice.pl\/wiadomosci\/poinformowal-o-bombie-ewakuowano-170-osob-grozi-mu-do-8-lat-pozbawienia-wolnosci\/#article","isPartOf":{"@id":"https:\/\/www.24gliwice.pl\/wiadomosci\/poinformowal-o-bombie-ewakuowano-170-osob-grozi-mu-do-8-lat-pozbawienia-wolnosci\/"},"author":{"name":"\u017baneta Mrozek-Siewierska","@id":"https:\/\/www.24gliwice.pl\/wiadomosci\/#\/schema\/person\/e42c650edd7f2fa332be3811fb166b6e"},"headline":"Poinformowa\u0142 o bombie, ewakuowano 170 os\u00f3b. Grozi mu do 8 lat pozbawienia wolno\u015bci","datePublished":"2017-10-02T11:01:59+00:00","mainEntityOfPage":{"@id":"https:\/\/www.24gliwice.pl\/wiadomosci\/poinformowal-o-bombie-ewakuowano-170-osob-grozi-mu-do-8-lat-pozbawienia-wolnosci\/"},"wordCount":131,"commentCount":0,"publisher":{"@id":"https:\/\/www.24gliwice.pl\/wiadomosci\/#organization"},"image":{"@id":"https:\/\/www.24gliwice.pl\/wiadomosci\/poinformowal-o-bombie-ewakuowano-170-osob-grozi-mu-do-8-lat-pozbawienia-wolnosci\/#primaryimage"},"thumbnailUrl":"https:\/\/www.24gliwice.pl\/wiadomosci\/wp-content\/uploads\/2017\/10\/zawiadomi\u0142-o-bombie-e1506938430590.jpeg","keywords":["bomba","ewakuacja","wybuch","\u0142adunek","\u0142adunek wybuchowy"],"articleSection":["Gliwice","Najnowsze wiadomo\u015bci","Prawo"],"inLanguage":"pl-PL","potentialAction":[{"@type":"CommentAction","name":"Comment","target":["https:\/\/www.24gliwice.pl\/wiadomosci\/poinformowal-o-bombie-ewakuowano-170-osob-grozi-mu-do-8-lat-pozbawienia-wolnosci\/#respond"]}]},{"@type":"WebPage","@id":"https:\/\/www.24gliwice.pl\/wiadomosci\/poinformowal-o-bombie-ewakuowano-170-osob-grozi-mu-do-8-lat-pozbawienia-wolnosci\/","url":"https:\/\/www.24gliwice.pl\/wiadomosci\/poinformowal-o-bombie-ewakuowano-170-osob-grozi-mu-do-8-lat-pozbawienia-wolnosci\/","name":"Poinformowa\u0142 o bombie, ewakuowano 170 os\u00f3b. Grozi mu do 8 lat pozbawienia wolno\u015bci - 24GLIWICE - Portal Gliwice | codziennie nowe informacje","isPartOf":{"@id":"https:\/\/www.24gliwice.pl\/wiadomosci\/#website"},"primaryImageOfPage":{"@id":"https:\/\/www.24gliwice.pl\/wiadomosci\/poinformowal-o-bombie-ewakuowano-170-osob-grozi-mu-do-8-lat-pozbawienia-wolnosci\/#primaryimage"},"image":{"@id":"https:\/\/www.24gliwice.pl\/wiadomosci\/poinformowal-o-bombie-ewakuowano-170-osob-grozi-mu-do-8-lat-pozbawienia-wolnosci\/#primaryimage"},"thumbnailUrl":"https:\/\/www.24gliwice.pl\/wiadomosci\/wp-content\/uploads\/2017\/10\/zawiadomi\u0142-o-bombie-e1506938430590.jpeg","datePublished":"2017-10-02T11:01:59+00:00","breadcrumb":{"@id":"https:\/\/www.24gliwice.pl\/wiadomosci\/poinformowal-o-bombie-ewakuowano-170-osob-grozi-mu-do-8-lat-pozbawienia-wolnosci\/#breadcrumb"},"inLanguage":"pl-PL","potentialAction":[{"@type":"ReadAction","target":["https:\/\/www.24gliwice.pl\/wiadomosci\/poinformowal-o-bombie-ewakuowano-170-osob-grozi-mu-do-8-lat-pozbawienia-wolnosci\/"]}]},{"@type":"ImageObject","inLanguage":"pl-PL","@id":"https:\/\/www.24gliwice.pl\/wiadomosci\/poinformowal-o-bombie-ewakuowano-170-osob-grozi-mu-do-8-lat-pozbawienia-wolnosci\/#primaryimage","url":"https:\/\/www.24gliwice.pl\/wiadomosci\/wp-content\/uploads\/2017\/10\/zawiadomi\u0142-o-bombie-e1506938430590.jpeg","contentUrl":"https:\/\/www.24gliwice.pl\/wiadomosci\/wp-content\/uploads\/2017\/10\/zawiadomi\u0142-o-bombie-e1506938430590.jpeg","width":810,"height":455},{"@type":"BreadcrumbList","@id":"https:\/\/www.24gliwice.pl\/wiadomosci\/poinformowal-o-bombie-ewakuowano-170-osob-grozi-mu-do-8-lat-pozbawienia-wolnosci\/#breadcrumb","itemListElement":[{"@type":"ListItem","position":1,"name":"Strona g\u0142\u00f3wna","item":"https:\/\/www.24gliwice.pl\/wiadomosci\/"},{"@type":"ListItem","position":2,"name":"Poinformowa\u0142 o bombie, ewakuowano 170 os\u00f3b. Grozi mu do 8 lat pozbawienia wolno\u015bci"}]},{"@type":"WebSite","@id":"https:\/\/www.24gliwice.pl\/wiadomosci\/#website","url":"https:\/\/www.24gliwice.pl\/wiadomosci\/","name":"24GLIWICE - Portal Gliwice | codziennie nowe wiadomo\u015bci","description":"Portal Miejski Gliwice","publisher":{"@id":"https:\/\/www.24gliwice.pl\/wiadomosci\/#organization"},"potentialAction":[{"@type":"SearchAction","target":{"@type":"EntryPoint","urlTemplate":"https:\/\/www.24gliwice.pl\/wiadomosci\/?s={search_term_string}"},"query-input":{"@type":"PropertyValueSpecification","valueRequired":true,"valueName":"search_term_string"}}],"inLanguage":"pl-PL"},{"@type":"Organization","@id":"https:\/\/www.24gliwice.pl\/wiadomosci\/#organization","name":"24gliwice","url":"https:\/\/www.24gliwice.pl\/wiadomosci\/","logo":{"@type":"ImageObject","inLanguage":"pl-PL","@id":"https:\/\/www.24gliwice.pl\/wiadomosci\/#\/schema\/logo\/image\/","url":"https:\/\/www.24gliwice.pl\/wiadomosci\/wp-content\/uploads\/2024\/10\/24gliwice-logo-696.jpg","contentUrl":"https:\/\/www.24gliwice.pl\/wiadomosci\/wp-content\/uploads\/2024\/10\/24gliwice-logo-696.jpg","width":696,"height":696,"caption":"24gliwice"},"image":{"@id":"https:\/\/www.24gliwice.pl\/wiadomosci\/#\/schema\/logo\/image\/"},"sameAs":["https:\/\/www.facebook.com\/24gliwice","https:\/\/x.com\/24gliwice","https:\/\/www.youtube.com\/@24gliwice"]},{"@type":"Person","@id":"https:\/\/www.24gliwice.pl\/wiadomosci\/#\/schema\/person\/e42c650edd7f2fa332be3811fb166b6e","name":"\u017baneta Mrozek-Siewierska","image":{"@type":"ImageObject","inLanguage":"pl-PL","@id":"https:\/\/secure.gravatar.com\/avatar\/1881429e9c64597c77ad7aef2d0a19be69a3253e57534d16aa15bf3a4d34a0a3?s=96&d=mm&r=g","url":"https:\/\/secure.gravatar.com\/avatar\/1881429e9c64597c77ad7aef2d0a19be69a3253e57534d16aa15bf3a4d34a0a3?s=96&d=mm&r=g","contentUrl":"https:\/\/secure.gravatar.com\/avatar\/1881429e9c64597c77ad7aef2d0a19be69a3253e57534d16aa15bf3a4d34a0a3?s=96&d=mm&r=g","caption":"\u017baneta Mrozek-Siewierska"},"url":"https:\/\/www.24gliwice.pl\/wiadomosci\/author\/zms\/"}]}},"_links":{"self":[{"href":"https:\/\/www.24gliwice.pl\/wiadomosci\/wp-json\/wp\/v2\/posts\/105100","targetHints":{"allow":["GET"]}}],"collection":[{"href":"https:\/\/www.24gliwice.pl\/wiadomosci\/wp-json\/wp\/v2\/posts"}],"about":[{"href":"https:\/\/www.24gliwice.pl\/wiadomosci\/wp-json\/wp\/v2\/types\/post"}],"author":[{"embeddable":true,"href":"https:\/\/www.24gliwice.pl\/wiadomosci\/wp-json\/wp\/v2\/users\/15"}],"replies":[{"embeddable":true,"href":"https:\/\/www.24gliwice.pl\/wiadomosci\/wp-json\/wp\/v2\/comments?post=105100"}],"version-history":[{"count":0,"href":"https:\/\/www.24gliwice.pl\/wiadomosci\/wp-json\/wp\/v2\/posts\/105100\/revisions"}],"wp:featuredmedia":[{"embeddable":true,"href":"https:\/\/www.24gliwice.pl\/wiadomosci\/wp-json\/wp\/v2\/media\/105101"}],"wp:attachment":[{"href":"https:\/\/www.24gliwice.pl\/wiadomosci\/wp-json\/wp\/v2\/media?parent=105100"}],"wp:term":[{"taxonomy":"category","embeddable":true,"href":"https:\/\/www.24gliwice.pl\/wiadomosci\/wp-json\/wp\/v2\/categories?post=105100"},{"taxonomy":"post_tag","embeddable":true,"href":"https:\/\/www.24gliwice.pl\/wiadomosci\/wp-json\/wp\/v2\/tags?post=105100"}],"curies":[{"name":"wp","href":"https:\/\/api.w.org\/{rel}","templated":true}]}}