{"id":105137,"date":"2017-10-03T08:37:58","date_gmt":"2017-10-03T06:37:58","guid":{"rendered":"http:\/\/www.24gliwice.pl\/wiadomosci\/?p=105137"},"modified":"2017-10-03T00:42:17","modified_gmt":"2017-10-02T22:42:17","slug":"byly-koszary-beda-biura-ostatni-z-zachowanych-budynkow-trafil-na-wynajem","status":"publish","type":"post","link":"https:\/\/www.24gliwice.pl\/wiadomosci\/byly-koszary-beda-biura-ostatni-z-zachowanych-budynkow-trafil-na-wynajem\/","title":{"rendered":"By\u0142y koszary, b\u0119d\u0105 biura? Ostatni z zachowanych budynk\u00f3w trafi\u0142 na wynajem"},"content":{"rendered":"<div class=\"gliwi-a6-nad-leadem-artykulow gliwi-entity-placement\" id=\"gliwi-2274263623\"><div class=\"gliwi-adlabel\"><span style=\"font-size: 9px\">REKLAMA<\/span><\/div><div id=\"gliwi-718944178\" style=\"margin-bottom: 25px;margin-left: auto;margin-right: auto;text-align: center;\"><a data-no-instant=\"1\" href=\"https:\/\/dom100.eu\/\" rel=\"noopener\" class=\"a2t-link\" target=\"_blank\" aria-label=\"20260415 DOM100 D\"><img loading=\"lazy\" decoding=\"async\" src=\"https:\/\/www.24gliwice.pl\/wiadomosci\/wp-content\/uploads\/2026\/04\/20260415-DOM100-D.jpg\" alt=\"\"  srcset=\"https:\/\/www.24gliwice.pl\/wiadomosci\/wp-content\/uploads\/2026\/04\/20260415-DOM100-D.jpg 750w, https:\/\/www.24gliwice.pl\/wiadomosci\/wp-content\/uploads\/2026\/04\/20260415-DOM100-D-410x109.jpg 410w\" sizes=\"(max-width: 750px) 100vw, 750px\" class=\"no-lazyload\" width=\"750\" height=\"200\"  style=\"display: inline-block; max-width: 100%; height: auto;\" \/><\/a><\/div><\/div><h3>Ostatni z zachowanych budynk\u00f3w po dawnych koszarach wojskowych przy ul. Daszy\u0144skiego 68 trafi\u0142 pod wynajem. W\u0142a\u015bciciel terenu, firma Renner z Katowic, wierzy, \u017ce najemca pomo\u017ce w sfinansowaniu remontu obiektu. <\/h3>\n<p>Nadal jednak nie wiadomo co powstanie na pozosta\u0142ym prawie 4,5-hektarowym terenie nieruchomo\u015bci.<\/p>\n<h4>WYNAJEM POD US\u0141UGI<\/h4>\n<p>&#8211; Nasza oferta nie jest sprofilowana pod konkretnego najemc\u0119. Nieruchomo\u015b\u0107 jest przeznaczona pod dzia\u0142alno\u015b\u0107 us\u0142ugow\u0105, a budynek oferuje wiele mo\u017cliwo\u015bci aran\u017cacyjnych &#8211; m\u00f3wi <strong>Dominika \u0141achan<\/strong> z Renner Sp. z o.o.<\/p><div class=\"gliwi-a3-w-tresci-artykulow gliwi-entity-placement\" id=\"gliwi-1272198197\"><div class=\"gliwi-adlabel\"><span style=\"font-size: 9px\">REKLAMA<\/span><\/div><div id=\"gliwi-1637387777\" style=\"margin-bottom: 30px;margin-left: auto;margin-right: auto;text-align: center;\"><a data-no-instant=\"1\" href=\"https:\/\/ogrodyandersa.pl\/\" rel=\"noopener\" class=\"a2t-link\" target=\"_blank\" aria-label=\"20260415 Ogrody Andersa KUP TERAZ D\"><img loading=\"lazy\" decoding=\"async\" src=\"https:\/\/www.24gliwice.pl\/wiadomosci\/wp-content\/uploads\/2026\/04\/20260415-Ogrody-Andersa-KUP-TERAZ-D.jpg\" alt=\"\"  srcset=\"https:\/\/www.24gliwice.pl\/wiadomosci\/wp-content\/uploads\/2026\/04\/20260415-Ogrody-Andersa-KUP-TERAZ-D.jpg 750w, https:\/\/www.24gliwice.pl\/wiadomosci\/wp-content\/uploads\/2026\/04\/20260415-Ogrody-Andersa-KUP-TERAZ-D-410x109.jpg 410w\" sizes=\"(max-width: 750px) 100vw, 750px\" class=\"no-lazyload\" width=\"750\" height=\"200\"  style=\"display: inline-block; max-width: 100%; height: auto;\" \/><\/a><\/div><\/div>\n<p>Cena wynajmu to 40z\u0142 za m2. Powierzchnia samego budynku wynosi 584m2, a powierzchnia dzia\u0142ki, na kt\u00f3rej si\u0119 znajduje to 1700m2. <\/p>\n<p>&#8211; Do dyspozycji s\u0105 trzy kondygnacje (w tym podziemna) oraz poddasze. Budynek wymaga remontu, dlatego te\u017c dajemy mo\u017cliwo\u015b\u0107 przystosowania go wed\u0142ug indywidualnych potrzeb przysz\u0142ego najemcy. Jest to idealne miejsce dla biura, przychodni czy te\u017c restauracji &#8211; czytamy w og\u0142oszeniu o wynajmie.<\/p>\n<p>Renner na razie nie chce ujawni\u0107, jakie ma plany wobec ca\u0142ej nieruchomo\u015bci, cho\u0107 przedstawiciele firmy nie ukrywaj\u0105, \u017ce prace pod tym k\u0105tem s\u0105 prowadzone, natomiast najpierw firma musi zako\u0144czy\u0107 realizacj\u0119 inwestycji w Tychach. <\/p>\n<p><img loading=\"lazy\" decoding=\"async\" src=\"http:\/\/www.24gliwice.pl\/wiadomosci\/wp-content\/uploads\/2017\/10\/74229455_71339417_renner-gliwice-srodmiescie-daszynskiego.jpg\" alt=\"\" width=\"934\" height=\"577\" class=\"alignnone size-full wp-image-105150\" srcset=\"https:\/\/www.24gliwice.pl\/wiadomosci\/wp-content\/uploads\/2017\/10\/74229455_71339417_renner-gliwice-srodmiescie-daszynskiego.jpg 934w, https:\/\/www.24gliwice.pl\/wiadomosci\/wp-content\/uploads\/2017\/10\/74229455_71339417_renner-gliwice-srodmiescie-daszynskiego-376x232.jpg 376w, https:\/\/www.24gliwice.pl\/wiadomosci\/wp-content\/uploads\/2017\/10\/74229455_71339417_renner-gliwice-srodmiescie-daszynskiego-768x474.jpg 768w, https:\/\/www.24gliwice.pl\/wiadomosci\/wp-content\/uploads\/2017\/10\/74229455_71339417_renner-gliwice-srodmiescie-daszynskiego-737x455.jpg 737w, https:\/\/www.24gliwice.pl\/wiadomosci\/wp-content\/uploads\/2017\/10\/74229455_71339417_renner-gliwice-srodmiescie-daszynskiego-810x500.jpg 810w\" sizes=\"auto, (max-width: 934px) 100vw, 934px\" \/><\/p>\n<h4>ZAWIEDZIONE NADZIEJE<\/h4>\n<p>Obiekt przy ul. Daszy\u0144skiego nie jest wpisany do rejestru zabytk\u00f3w, natomiast le\u017cy w strefie tzw. ochrony konserwatorskiej co wymaga stosownych konsultacji z konserwatorami. <\/p>\n<p>Przypomnijmy, przez lata w koszarach stacjonowa\u0142a gliwicka jednostka Wojsk Ochrony Pogranicza. Wojskowi wyprowadzili si\u0119 z tego terenu w 1990 roku, ale na konkretny plan rewitalizacji koszary musia\u0142y poczeka\u0107 prawie dekad\u0119, kiedy za spraw\u0105 firmy ING Real Estate pojawi\u0142 si\u0119 pomys\u0142 zaadaptowania nieruchomo\u015bci pod nowoczesne osiedle &#8220;Glivia&#8221;. W jego sk\u0142ad mia\u0142y wej\u015b\u0107 nowoczesne apartamenty w by\u0142ych budynkach wojskowych oraz nowe domy mieszkalne. \u0141\u0105cznie 14 czteropi\u0119trowych budynk\u00f3w, kawiarnia, pasa\u017c handlowy i place z \u0142awkami i miejscami zabaw dla dzieci.<\/p>\n<p>Pomys\u0142 zderzy\u0142 si\u0119 jednak w 2009 roku z kryzysem na \u015bwiatowych rynkach finansowych, kt\u00f3ry uderzy\u0142 w dzia\u0142alno\u015b\u0107 ING, a rykoszetem tak\u017ce w jego sp\u00f3\u0142ki. Ostatecznie ING Real Estate wycofa\u0142 si\u0119 z realizowania ambitnej inwestycji, a w kwietniu 2015 roku teren naby\u0142a firma Henniger Investment. Nast\u0119pnie nieruchomo\u015b\u0107 ponownie zosta\u0142a sprzedana, tym razem firmie Glivia sp z o.o., kt\u00f3ra zmieni\u0142a nazw\u0119 na Renner. Jak wynika ze strony internetowej sp\u00f3\u0142ki, jej dzia\u0142alno\u015b\u0107 koncentruje si\u0119 na du\u017cych projektach mieszkaniowych. Renner Group odpowiedzialna jest za &#8220;Osiedle D\u0119bowe&#8221; w Tychach i &#8220;Zielone Tarasy&#8221; w Rzeszowie.<br \/>\nMicha\u0142 Szewczyk<\/p>\n<div class=\"gliwi-a5-na-koncu-artykulow gliwi-entity-placement\" id=\"gliwi-3770346196\"><div class=\"gliwi-adlabel\"><span style=\"font-size: 9px\">REKLAMA<\/span><\/div><div id=\"gliwi-2596364810\" style=\"margin-left: auto;margin-right: auto;text-align: center;\"><a data-no-instant=\"1\" href=\"https:\/\/prezeroarenagliwice.pl\/\" rel=\"noopener\" class=\"a2t-link\" target=\"_blank\" aria-label=\"20260309-PREZERO-WIOSNA-D\"><img loading=\"lazy\" decoding=\"async\" src=\"https:\/\/www.24gliwice.pl\/wiadomosci\/wp-content\/uploads\/2026\/03\/20260309-PREZERO-WIOSNA-D.webp\" alt=\"\"  srcset=\"https:\/\/www.24gliwice.pl\/wiadomosci\/wp-content\/uploads\/2026\/03\/20260309-PREZERO-WIOSNA-D.webp 750w, https:\/\/www.24gliwice.pl\/wiadomosci\/wp-content\/uploads\/2026\/03\/20260309-PREZERO-WIOSNA-D-410x109.webp 410w\" sizes=\"(max-width: 750px) 100vw, 750px\" class=\"no-lazyload\" width=\"750\" height=\"200\"  style=\"display: inline-block; max-width: 100%; height: auto;\" \/><\/a><\/div><\/div>","protected":false},"excerpt":{"rendered":"<p>Ostatni z zachowanych budynk\u00f3w po dawnych koszarach wojskowych przy ul. Daszy\u0144skiego 68 trafi\u0142 pod wynajem. W\u0142a\u015bciciel terenu, firma Renner z Katowic, wierzy, \u017ce najemca pomo\u017ce w sfinansowaniu remontu obiektu. Nadal jednak nie wiadomo co powstanie na pozosta\u0142ym prawie 4,5-hektarowym terenie nieruchomo\u015bci. WYNAJEM POD US\u0141UGI &#8211; Nasza oferta nie jest sprofilowana pod konkretnego najemc\u0119. Nieruchomo\u015b\u0107 jest [&hellip;]<\/p>\n","protected":false},"author":12,"featured_media":105152,"comment_status":"open","ping_status":"closed","sticky":false,"template":"","format":"standard","meta":{"_monsterinsights_skip_tracking":false,"_monsterinsights_sitenote_active":false,"_monsterinsights_sitenote_note":"","_monsterinsights_sitenote_category":0,"footnotes":"","_links_to":"","_links_to_target":""},"categories":[3,1],"tags":[10331,6961],"class_list":["post-105137","post","type-post","status-publish","format-standard","has-post-thumbnail","hentry","category-gliwice","category-wszystko","tag-renner-gliwice","tag-renner-katowice"],"yoast_head":"<!-- This site is optimized with the Yoast SEO plugin v27.5 - https:\/\/yoast.com\/product\/yoast-seo-wordpress\/ -->\n<title>By\u0142y koszary, b\u0119d\u0105 biura? Ostatni z zachowanych budynk\u00f3w trafi\u0142 na wynajem - 24GLIWICE - Portal Gliwice | codziennie nowe informacje<\/title>\n<meta name=\"robots\" content=\"index, follow, max-snippet:-1, max-image-preview:large, max-video-preview:-1\" \/>\n<link rel=\"canonical\" href=\"https:\/\/www.24gliwice.pl\/wiadomosci\/byly-koszary-beda-biura-ostatni-z-zachowanych-budynkow-trafil-na-wynajem\/\" \/>\n<meta property=\"og:locale\" content=\"pl_PL\" \/>\n<meta property=\"og:type\" content=\"article\" \/>\n<meta property=\"og:title\" content=\"By\u0142y koszary, b\u0119d\u0105 biura? Ostatni z zachowanych budynk\u00f3w trafi\u0142 na wynajem - 24GLIWICE - Portal Gliwice | codziennie nowe informacje\" \/>\n<meta property=\"og:description\" content=\"Ostatni z zachowanych budynk\u00f3w po dawnych koszarach wojskowych przy ul. Daszy\u0144skiego 68 trafi\u0142 pod wynajem. W\u0142a\u015bciciel terenu, firma Renner z Katowic, wierzy, \u017ce najemca pomo\u017ce w sfinansowaniu remontu obiektu. Nadal jednak nie wiadomo co powstanie na pozosta\u0142ym prawie 4,5-hektarowym terenie nieruchomo\u015bci. WYNAJEM POD US\u0141UGI &#8211; Nasza oferta nie jest sprofilowana pod konkretnego najemc\u0119. Nieruchomo\u015b\u0107 jest [&hellip;]\" \/>\n<meta property=\"og:url\" content=\"https:\/\/www.24gliwice.pl\/wiadomosci\/byly-koszary-beda-biura-ostatni-z-zachowanych-budynkow-trafil-na-wynajem\/\" \/>\n<meta property=\"og:site_name\" content=\"24GLIWICE - Portal Gliwice | codziennie nowe informacje\" \/>\n<meta property=\"article:publisher\" content=\"https:\/\/www.facebook.com\/24gliwice\" \/>\n<meta property=\"article:published_time\" content=\"2017-10-03T06:37:58+00:00\" \/>\n<meta property=\"og:image\" content=\"https:\/\/www.24gliwice.pl\/wiadomosci\/wp-content\/uploads\/2017\/10\/G0174732.jpg\" \/>\n\t<meta property=\"og:image:width\" content=\"1200\" \/>\n\t<meta property=\"og:image:height\" content=\"661\" \/>\n\t<meta property=\"og:image:type\" content=\"image\/jpeg\" \/>\n<meta name=\"author\" content=\"Micha\u0142 Szewczyk\" \/>\n<meta name=\"twitter:card\" content=\"summary_large_image\" \/>\n<meta name=\"twitter:creator\" content=\"@24gliwice\" \/>\n<meta name=\"twitter:site\" content=\"@24gliwice\" \/>\n<meta name=\"twitter:label1\" content=\"Napisane przez\" \/>\n\t<meta name=\"twitter:data1\" content=\"Micha\u0142 Szewczyk\" \/>\n\t<meta name=\"twitter:label2\" content=\"Szacowany czas czytania\" \/>\n\t<meta name=\"twitter:data2\" content=\"2 minuty\" \/>\n<script type=\"application\/ld+json\" class=\"yoast-schema-graph\">{\"@context\":\"https:\\\/\\\/schema.org\",\"@graph\":[{\"@type\":\"Article\",\"@id\":\"https:\\\/\\\/www.24gliwice.pl\\\/wiadomosci\\\/byly-koszary-beda-biura-ostatni-z-zachowanych-budynkow-trafil-na-wynajem\\\/#article\",\"isPartOf\":{\"@id\":\"https:\\\/\\\/www.24gliwice.pl\\\/wiadomosci\\\/byly-koszary-beda-biura-ostatni-z-zachowanych-budynkow-trafil-na-wynajem\\\/\"},\"author\":{\"name\":\"Micha\u0142 Szewczyk\",\"@id\":\"https:\\\/\\\/www.24gliwice.pl\\\/wiadomosci\\\/#\\\/schema\\\/person\\\/940e8f8a097e322de4f463f061ef8d45\"},\"headline\":\"By\u0142y koszary, b\u0119d\u0105 biura? Ostatni z zachowanych budynk\u00f3w trafi\u0142 na wynajem\",\"datePublished\":\"2017-10-03T06:37:58+00:00\",\"mainEntityOfPage\":{\"@id\":\"https:\\\/\\\/www.24gliwice.pl\\\/wiadomosci\\\/byly-koszary-beda-biura-ostatni-z-zachowanych-budynkow-trafil-na-wynajem\\\/\"},\"wordCount\":420,\"commentCount\":0,\"publisher\":{\"@id\":\"https:\\\/\\\/www.24gliwice.pl\\\/wiadomosci\\\/#organization\"},\"image\":{\"@id\":\"https:\\\/\\\/www.24gliwice.pl\\\/wiadomosci\\\/byly-koszary-beda-biura-ostatni-z-zachowanych-budynkow-trafil-na-wynajem\\\/#primaryimage\"},\"thumbnailUrl\":\"https:\\\/\\\/www.24gliwice.pl\\\/wiadomosci\\\/wp-content\\\/uploads\\\/2017\\\/10\\\/G0174732.jpg\",\"keywords\":[\"renner gliwice\",\"renner katowice\"],\"articleSection\":[\"Gliwice\",\"Najnowsze wiadomo\u015bci\"],\"inLanguage\":\"pl-PL\",\"potentialAction\":[{\"@type\":\"CommentAction\",\"name\":\"Comment\",\"target\":[\"https:\\\/\\\/www.24gliwice.pl\\\/wiadomosci\\\/byly-koszary-beda-biura-ostatni-z-zachowanych-budynkow-trafil-na-wynajem\\\/#respond\"]}]},{\"@type\":\"WebPage\",\"@id\":\"https:\\\/\\\/www.24gliwice.pl\\\/wiadomosci\\\/byly-koszary-beda-biura-ostatni-z-zachowanych-budynkow-trafil-na-wynajem\\\/\",\"url\":\"https:\\\/\\\/www.24gliwice.pl\\\/wiadomosci\\\/byly-koszary-beda-biura-ostatni-z-zachowanych-budynkow-trafil-na-wynajem\\\/\",\"name\":\"By\u0142y koszary, b\u0119d\u0105 biura? Ostatni z zachowanych budynk\u00f3w trafi\u0142 na wynajem - 24GLIWICE - Portal Gliwice | codziennie nowe informacje\",\"isPartOf\":{\"@id\":\"https:\\\/\\\/www.24gliwice.pl\\\/wiadomosci\\\/#website\"},\"primaryImageOfPage\":{\"@id\":\"https:\\\/\\\/www.24gliwice.pl\\\/wiadomosci\\\/byly-koszary-beda-biura-ostatni-z-zachowanych-budynkow-trafil-na-wynajem\\\/#primaryimage\"},\"image\":{\"@id\":\"https:\\\/\\\/www.24gliwice.pl\\\/wiadomosci\\\/byly-koszary-beda-biura-ostatni-z-zachowanych-budynkow-trafil-na-wynajem\\\/#primaryimage\"},\"thumbnailUrl\":\"https:\\\/\\\/www.24gliwice.pl\\\/wiadomosci\\\/wp-content\\\/uploads\\\/2017\\\/10\\\/G0174732.jpg\",\"datePublished\":\"2017-10-03T06:37:58+00:00\",\"breadcrumb\":{\"@id\":\"https:\\\/\\\/www.24gliwice.pl\\\/wiadomosci\\\/byly-koszary-beda-biura-ostatni-z-zachowanych-budynkow-trafil-na-wynajem\\\/#breadcrumb\"},\"inLanguage\":\"pl-PL\",\"potentialAction\":[{\"@type\":\"ReadAction\",\"target\":[\"https:\\\/\\\/www.24gliwice.pl\\\/wiadomosci\\\/byly-koszary-beda-biura-ostatni-z-zachowanych-budynkow-trafil-na-wynajem\\\/\"]}]},{\"@type\":\"ImageObject\",\"inLanguage\":\"pl-PL\",\"@id\":\"https:\\\/\\\/www.24gliwice.pl\\\/wiadomosci\\\/byly-koszary-beda-biura-ostatni-z-zachowanych-budynkow-trafil-na-wynajem\\\/#primaryimage\",\"url\":\"https:\\\/\\\/www.24gliwice.pl\\\/wiadomosci\\\/wp-content\\\/uploads\\\/2017\\\/10\\\/G0174732.jpg\",\"contentUrl\":\"https:\\\/\\\/www.24gliwice.pl\\\/wiadomosci\\\/wp-content\\\/uploads\\\/2017\\\/10\\\/G0174732.jpg\",\"width\":1200,\"height\":661},{\"@type\":\"BreadcrumbList\",\"@id\":\"https:\\\/\\\/www.24gliwice.pl\\\/wiadomosci\\\/byly-koszary-beda-biura-ostatni-z-zachowanych-budynkow-trafil-na-wynajem\\\/#breadcrumb\",\"itemListElement\":[{\"@type\":\"ListItem\",\"position\":1,\"name\":\"Strona g\u0142\u00f3wna\",\"item\":\"https:\\\/\\\/www.24gliwice.pl\\\/wiadomosci\\\/\"},{\"@type\":\"ListItem\",\"position\":2,\"name\":\"By\u0142y koszary, b\u0119d\u0105 biura? Ostatni z zachowanych budynk\u00f3w trafi\u0142 na wynajem\"}]},{\"@type\":\"WebSite\",\"@id\":\"https:\\\/\\\/www.24gliwice.pl\\\/wiadomosci\\\/#website\",\"url\":\"https:\\\/\\\/www.24gliwice.pl\\\/wiadomosci\\\/\",\"name\":\"24GLIWICE - Portal Gliwice | codziennie nowe wiadomo\u015bci\",\"description\":\"Portal Miejski Gliwice\",\"publisher\":{\"@id\":\"https:\\\/\\\/www.24gliwice.pl\\\/wiadomosci\\\/#organization\"},\"potentialAction\":[{\"@type\":\"SearchAction\",\"target\":{\"@type\":\"EntryPoint\",\"urlTemplate\":\"https:\\\/\\\/www.24gliwice.pl\\\/wiadomosci\\\/?s={search_term_string}\"},\"query-input\":{\"@type\":\"PropertyValueSpecification\",\"valueRequired\":true,\"valueName\":\"search_term_string\"}}],\"inLanguage\":\"pl-PL\"},{\"@type\":\"Organization\",\"@id\":\"https:\\\/\\\/www.24gliwice.pl\\\/wiadomosci\\\/#organization\",\"name\":\"24gliwice\",\"url\":\"https:\\\/\\\/www.24gliwice.pl\\\/wiadomosci\\\/\",\"logo\":{\"@type\":\"ImageObject\",\"inLanguage\":\"pl-PL\",\"@id\":\"https:\\\/\\\/www.24gliwice.pl\\\/wiadomosci\\\/#\\\/schema\\\/logo\\\/image\\\/\",\"url\":\"https:\\\/\\\/www.24gliwice.pl\\\/wiadomosci\\\/wp-content\\\/uploads\\\/2024\\\/10\\\/24gliwice-logo-696.jpg\",\"contentUrl\":\"https:\\\/\\\/www.24gliwice.pl\\\/wiadomosci\\\/wp-content\\\/uploads\\\/2024\\\/10\\\/24gliwice-logo-696.jpg\",\"width\":696,\"height\":696,\"caption\":\"24gliwice\"},\"image\":{\"@id\":\"https:\\\/\\\/www.24gliwice.pl\\\/wiadomosci\\\/#\\\/schema\\\/logo\\\/image\\\/\"},\"sameAs\":[\"https:\\\/\\\/www.facebook.com\\\/24gliwice\",\"https:\\\/\\\/x.com\\\/24gliwice\",\"https:\\\/\\\/www.youtube.com\\\/@24gliwice\"]},{\"@type\":\"Person\",\"@id\":\"https:\\\/\\\/www.24gliwice.pl\\\/wiadomosci\\\/#\\\/schema\\\/person\\\/940e8f8a097e322de4f463f061ef8d45\",\"name\":\"Micha\u0142 Szewczyk\",\"image\":{\"@type\":\"ImageObject\",\"inLanguage\":\"pl-PL\",\"@id\":\"https:\\\/\\\/secure.gravatar.com\\\/avatar\\\/771b8b6c74cd8d255e46392d605e01a86133900ef09b6ef3c8d451c9d92288cf?s=96&d=mm&r=g\",\"url\":\"https:\\\/\\\/secure.gravatar.com\\\/avatar\\\/771b8b6c74cd8d255e46392d605e01a86133900ef09b6ef3c8d451c9d92288cf?s=96&d=mm&r=g\",\"contentUrl\":\"https:\\\/\\\/secure.gravatar.com\\\/avatar\\\/771b8b6c74cd8d255e46392d605e01a86133900ef09b6ef3c8d451c9d92288cf?s=96&d=mm&r=g\",\"caption\":\"Micha\u0142 Szewczyk\"},\"sameAs\":[\"http:\\\/\\\/www.gazeta-miejska.pl\"],\"url\":\"https:\\\/\\\/www.24gliwice.pl\\\/wiadomosci\\\/author\\\/michal-szewczyk\\\/\"}]}<\/script>\n<!-- \/ Yoast SEO plugin. -->","yoast_head_json":{"title":"By\u0142y koszary, b\u0119d\u0105 biura? Ostatni z zachowanych budynk\u00f3w trafi\u0142 na wynajem - 24GLIWICE - Portal Gliwice | codziennie nowe informacje","robots":{"index":"index","follow":"follow","max-snippet":"max-snippet:-1","max-image-preview":"max-image-preview:large","max-video-preview":"max-video-preview:-1"},"canonical":"https:\/\/www.24gliwice.pl\/wiadomosci\/byly-koszary-beda-biura-ostatni-z-zachowanych-budynkow-trafil-na-wynajem\/","og_locale":"pl_PL","og_type":"article","og_title":"By\u0142y koszary, b\u0119d\u0105 biura? Ostatni z zachowanych budynk\u00f3w trafi\u0142 na wynajem - 24GLIWICE - Portal Gliwice | codziennie nowe informacje","og_description":"Ostatni z zachowanych budynk\u00f3w po dawnych koszarach wojskowych przy ul. Daszy\u0144skiego 68 trafi\u0142 pod wynajem. W\u0142a\u015bciciel terenu, firma Renner z Katowic, wierzy, \u017ce najemca pomo\u017ce w sfinansowaniu remontu obiektu. Nadal jednak nie wiadomo co powstanie na pozosta\u0142ym prawie 4,5-hektarowym terenie nieruchomo\u015bci. WYNAJEM POD US\u0141UGI &#8211; Nasza oferta nie jest sprofilowana pod konkretnego najemc\u0119. Nieruchomo\u015b\u0107 jest [&hellip;]","og_url":"https:\/\/www.24gliwice.pl\/wiadomosci\/byly-koszary-beda-biura-ostatni-z-zachowanych-budynkow-trafil-na-wynajem\/","og_site_name":"24GLIWICE - Portal Gliwice | codziennie nowe informacje","article_publisher":"https:\/\/www.facebook.com\/24gliwice","article_published_time":"2017-10-03T06:37:58+00:00","og_image":[{"width":1200,"height":661,"url":"https:\/\/www.24gliwice.pl\/wiadomosci\/wp-content\/uploads\/2017\/10\/G0174732.jpg","type":"image\/jpeg"}],"author":"Micha\u0142 Szewczyk","twitter_card":"summary_large_image","twitter_creator":"@24gliwice","twitter_site":"@24gliwice","twitter_misc":{"Napisane przez":"Micha\u0142 Szewczyk","Szacowany czas czytania":"2 minuty"},"schema":{"@context":"https:\/\/schema.org","@graph":[{"@type":"Article","@id":"https:\/\/www.24gliwice.pl\/wiadomosci\/byly-koszary-beda-biura-ostatni-z-zachowanych-budynkow-trafil-na-wynajem\/#article","isPartOf":{"@id":"https:\/\/www.24gliwice.pl\/wiadomosci\/byly-koszary-beda-biura-ostatni-z-zachowanych-budynkow-trafil-na-wynajem\/"},"author":{"name":"Micha\u0142 Szewczyk","@id":"https:\/\/www.24gliwice.pl\/wiadomosci\/#\/schema\/person\/940e8f8a097e322de4f463f061ef8d45"},"headline":"By\u0142y koszary, b\u0119d\u0105 biura? Ostatni z zachowanych budynk\u00f3w trafi\u0142 na wynajem","datePublished":"2017-10-03T06:37:58+00:00","mainEntityOfPage":{"@id":"https:\/\/www.24gliwice.pl\/wiadomosci\/byly-koszary-beda-biura-ostatni-z-zachowanych-budynkow-trafil-na-wynajem\/"},"wordCount":420,"commentCount":0,"publisher":{"@id":"https:\/\/www.24gliwice.pl\/wiadomosci\/#organization"},"image":{"@id":"https:\/\/www.24gliwice.pl\/wiadomosci\/byly-koszary-beda-biura-ostatni-z-zachowanych-budynkow-trafil-na-wynajem\/#primaryimage"},"thumbnailUrl":"https:\/\/www.24gliwice.pl\/wiadomosci\/wp-content\/uploads\/2017\/10\/G0174732.jpg","keywords":["renner gliwice","renner katowice"],"articleSection":["Gliwice","Najnowsze wiadomo\u015bci"],"inLanguage":"pl-PL","potentialAction":[{"@type":"CommentAction","name":"Comment","target":["https:\/\/www.24gliwice.pl\/wiadomosci\/byly-koszary-beda-biura-ostatni-z-zachowanych-budynkow-trafil-na-wynajem\/#respond"]}]},{"@type":"WebPage","@id":"https:\/\/www.24gliwice.pl\/wiadomosci\/byly-koszary-beda-biura-ostatni-z-zachowanych-budynkow-trafil-na-wynajem\/","url":"https:\/\/www.24gliwice.pl\/wiadomosci\/byly-koszary-beda-biura-ostatni-z-zachowanych-budynkow-trafil-na-wynajem\/","name":"By\u0142y koszary, b\u0119d\u0105 biura? Ostatni z zachowanych budynk\u00f3w trafi\u0142 na wynajem - 24GLIWICE - Portal Gliwice | codziennie nowe informacje","isPartOf":{"@id":"https:\/\/www.24gliwice.pl\/wiadomosci\/#website"},"primaryImageOfPage":{"@id":"https:\/\/www.24gliwice.pl\/wiadomosci\/byly-koszary-beda-biura-ostatni-z-zachowanych-budynkow-trafil-na-wynajem\/#primaryimage"},"image":{"@id":"https:\/\/www.24gliwice.pl\/wiadomosci\/byly-koszary-beda-biura-ostatni-z-zachowanych-budynkow-trafil-na-wynajem\/#primaryimage"},"thumbnailUrl":"https:\/\/www.24gliwice.pl\/wiadomosci\/wp-content\/uploads\/2017\/10\/G0174732.jpg","datePublished":"2017-10-03T06:37:58+00:00","breadcrumb":{"@id":"https:\/\/www.24gliwice.pl\/wiadomosci\/byly-koszary-beda-biura-ostatni-z-zachowanych-budynkow-trafil-na-wynajem\/#breadcrumb"},"inLanguage":"pl-PL","potentialAction":[{"@type":"ReadAction","target":["https:\/\/www.24gliwice.pl\/wiadomosci\/byly-koszary-beda-biura-ostatni-z-zachowanych-budynkow-trafil-na-wynajem\/"]}]},{"@type":"ImageObject","inLanguage":"pl-PL","@id":"https:\/\/www.24gliwice.pl\/wiadomosci\/byly-koszary-beda-biura-ostatni-z-zachowanych-budynkow-trafil-na-wynajem\/#primaryimage","url":"https:\/\/www.24gliwice.pl\/wiadomosci\/wp-content\/uploads\/2017\/10\/G0174732.jpg","contentUrl":"https:\/\/www.24gliwice.pl\/wiadomosci\/wp-content\/uploads\/2017\/10\/G0174732.jpg","width":1200,"height":661},{"@type":"BreadcrumbList","@id":"https:\/\/www.24gliwice.pl\/wiadomosci\/byly-koszary-beda-biura-ostatni-z-zachowanych-budynkow-trafil-na-wynajem\/#breadcrumb","itemListElement":[{"@type":"ListItem","position":1,"name":"Strona g\u0142\u00f3wna","item":"https:\/\/www.24gliwice.pl\/wiadomosci\/"},{"@type":"ListItem","position":2,"name":"By\u0142y koszary, b\u0119d\u0105 biura? Ostatni z zachowanych budynk\u00f3w trafi\u0142 na wynajem"}]},{"@type":"WebSite","@id":"https:\/\/www.24gliwice.pl\/wiadomosci\/#website","url":"https:\/\/www.24gliwice.pl\/wiadomosci\/","name":"24GLIWICE - Portal Gliwice | codziennie nowe wiadomo\u015bci","description":"Portal Miejski Gliwice","publisher":{"@id":"https:\/\/www.24gliwice.pl\/wiadomosci\/#organization"},"potentialAction":[{"@type":"SearchAction","target":{"@type":"EntryPoint","urlTemplate":"https:\/\/www.24gliwice.pl\/wiadomosci\/?s={search_term_string}"},"query-input":{"@type":"PropertyValueSpecification","valueRequired":true,"valueName":"search_term_string"}}],"inLanguage":"pl-PL"},{"@type":"Organization","@id":"https:\/\/www.24gliwice.pl\/wiadomosci\/#organization","name":"24gliwice","url":"https:\/\/www.24gliwice.pl\/wiadomosci\/","logo":{"@type":"ImageObject","inLanguage":"pl-PL","@id":"https:\/\/www.24gliwice.pl\/wiadomosci\/#\/schema\/logo\/image\/","url":"https:\/\/www.24gliwice.pl\/wiadomosci\/wp-content\/uploads\/2024\/10\/24gliwice-logo-696.jpg","contentUrl":"https:\/\/www.24gliwice.pl\/wiadomosci\/wp-content\/uploads\/2024\/10\/24gliwice-logo-696.jpg","width":696,"height":696,"caption":"24gliwice"},"image":{"@id":"https:\/\/www.24gliwice.pl\/wiadomosci\/#\/schema\/logo\/image\/"},"sameAs":["https:\/\/www.facebook.com\/24gliwice","https:\/\/x.com\/24gliwice","https:\/\/www.youtube.com\/@24gliwice"]},{"@type":"Person","@id":"https:\/\/www.24gliwice.pl\/wiadomosci\/#\/schema\/person\/940e8f8a097e322de4f463f061ef8d45","name":"Micha\u0142 Szewczyk","image":{"@type":"ImageObject","inLanguage":"pl-PL","@id":"https:\/\/secure.gravatar.com\/avatar\/771b8b6c74cd8d255e46392d605e01a86133900ef09b6ef3c8d451c9d92288cf?s=96&d=mm&r=g","url":"https:\/\/secure.gravatar.com\/avatar\/771b8b6c74cd8d255e46392d605e01a86133900ef09b6ef3c8d451c9d92288cf?s=96&d=mm&r=g","contentUrl":"https:\/\/secure.gravatar.com\/avatar\/771b8b6c74cd8d255e46392d605e01a86133900ef09b6ef3c8d451c9d92288cf?s=96&d=mm&r=g","caption":"Micha\u0142 Szewczyk"},"sameAs":["http:\/\/www.gazeta-miejska.pl"],"url":"https:\/\/www.24gliwice.pl\/wiadomosci\/author\/michal-szewczyk\/"}]}},"_links":{"self":[{"href":"https:\/\/www.24gliwice.pl\/wiadomosci\/wp-json\/wp\/v2\/posts\/105137","targetHints":{"allow":["GET"]}}],"collection":[{"href":"https:\/\/www.24gliwice.pl\/wiadomosci\/wp-json\/wp\/v2\/posts"}],"about":[{"href":"https:\/\/www.24gliwice.pl\/wiadomosci\/wp-json\/wp\/v2\/types\/post"}],"author":[{"embeddable":true,"href":"https:\/\/www.24gliwice.pl\/wiadomosci\/wp-json\/wp\/v2\/users\/12"}],"replies":[{"embeddable":true,"href":"https:\/\/www.24gliwice.pl\/wiadomosci\/wp-json\/wp\/v2\/comments?post=105137"}],"version-history":[{"count":0,"href":"https:\/\/www.24gliwice.pl\/wiadomosci\/wp-json\/wp\/v2\/posts\/105137\/revisions"}],"wp:featuredmedia":[{"embeddable":true,"href":"https:\/\/www.24gliwice.pl\/wiadomosci\/wp-json\/wp\/v2\/media\/105152"}],"wp:attachment":[{"href":"https:\/\/www.24gliwice.pl\/wiadomosci\/wp-json\/wp\/v2\/media?parent=105137"}],"wp:term":[{"taxonomy":"category","embeddable":true,"href":"https:\/\/www.24gliwice.pl\/wiadomosci\/wp-json\/wp\/v2\/categories?post=105137"},{"taxonomy":"post_tag","embeddable":true,"href":"https:\/\/www.24gliwice.pl\/wiadomosci\/wp-json\/wp\/v2\/tags?post=105137"}],"curies":[{"name":"wp","href":"https:\/\/api.w.org\/{rel}","templated":true}]}}