{"id":105202,"date":"2017-10-03T16:51:04","date_gmt":"2017-10-03T14:51:04","guid":{"rendered":"http:\/\/www.24gliwice.pl\/wiadomosci\/?p=105202"},"modified":"2017-10-03T16:51:04","modified_gmt":"2017-10-03T14:51:04","slug":"ciezarowka-najechala-chlopcu-na-noge-dziecko-trafilo-do-szpitala-lacznie-12-tys-zl-kary-dla-kierowcy","status":"publish","type":"post","link":"https:\/\/www.24gliwice.pl\/wiadomosci\/ciezarowka-najechala-chlopcu-na-noge-dziecko-trafilo-do-szpitala-lacznie-12-tys-zl-kary-dla-kierowcy\/","title":{"rendered":"Ci\u0119\u017car\u00f3wka najecha\u0142a ch\u0142opcu na nog\u0119, dziecko trafi\u0142o do szpitala. \u0141\u0105cznie 12 tys. z\u0142 kary dla kierowcy"},"content":{"rendered":"<div class=\"gliwi-a6-nad-leadem-artykulow gliwi-entity-placement\" id=\"gliwi-843273297\"><div class=\"gliwi-adlabel\"><span style=\"font-size: 9px\">REKLAMA<\/span><\/div><div id=\"gliwi-2200043039\" style=\"margin-bottom: 30px;margin-left: auto;margin-right: auto;text-align: center;\"><a data-no-instant=\"1\" href=\"https:\/\/przedszkole.halogen.org.pl\/\" rel=\"noopener\" class=\"a2t-link\" target=\"_blank\" aria-label=\"20260402-ANIMATOR-przedszkole_grafika_750x200\"><img loading=\"lazy\" decoding=\"async\" src=\"https:\/\/www.24gliwice.pl\/wiadomosci\/wp-content\/uploads\/2026\/04\/20260402-ANIMATOR-przedszkole_grafika_750x200.webp\" alt=\"\"  srcset=\"https:\/\/www.24gliwice.pl\/wiadomosci\/wp-content\/uploads\/2026\/04\/20260402-ANIMATOR-przedszkole_grafika_750x200.webp 750w, https:\/\/www.24gliwice.pl\/wiadomosci\/wp-content\/uploads\/2026\/04\/20260402-ANIMATOR-przedszkole_grafika_750x200-410x109.webp 410w\" sizes=\"(max-width: 750px) 100vw, 750px\" class=\"no-lazyload\" width=\"750\" height=\"200\"  style=\"display: inline-block; max-width: 100%; height: auto;\" \/><\/a><\/div><\/div><h3>9-letni ch\u0142opiec je\u017adzi\u0142 rowerem. Gdy pr\u00f3bowa\u0142 omin\u0105\u0107 zaparkowan\u0105 na chodniku ci\u0119\u017car\u00f3wk\u0119, mia\u0142 kolizj\u0119 z rowerzystk\u0105, w wyniku kt\u00f3rej przewr\u00f3ci\u0142 si\u0119. Kobieta pojecha\u0142a dalej, w tym czasie ci\u0119\u017car\u00f3wka zacz\u0119\u0142a manewrowa\u0107.<\/h3>\n<p>42-letni kierowca ci\u0119\u017car\u00f3wki, nie upewniwszy si\u0119, czy mo\u017ce bezpiecznie ruszy\u0107, najecha\u0142 na rowerek i nog\u0119 dziecka. Ch\u0142opczyk z obra\u017ceniami trafi\u0142 do szpitala, na miejsce wezwano policj\u0119. Do zdarzenia dosz\u0142o w Pyskowicach.<\/p>\n[perfectpullquote align=&#8221;full&#8221; cite=&#8221;&#8221; link=&#8221;&#8221; color=&#8221;&#8221; class=&#8221;&#8221; size=&#8221;&#8221;]Okaza\u0142o si\u0119, \u017ce pojazd ci\u0119\u017carowy nie do ko\u0144ca spe\u0142nia\u0142 wymogi techniczne. Policjanci wykryli m.in. niesprawny uk\u0142ad hamulcowy. [\/perfectpullquote]\n<p>Pod wzgl\u0119dem formalnym te\u017c pojawi\u0142o si\u0119 wiele nieprawid\u0142owo\u015bci, kt\u00f3re w konsekwencji poskutkowa\u0142y zatrzymaniem uprawnie\u0144 do kierowania, skierowaniem ci\u0119\u017car\u00f3wki na badanie techniczne, mandatami karnymi dla kierowcy i grzywnami administracyjnymi dla w\u0142a\u015bciciela \u2013 na \u0142\u0105czn\u0105 kwot\u0119 ponad 12 tysi\u0119cy z\u0142. Osobn\u0105 kwesti\u0105 b\u0119dzie sprawa s\u0105dowa, kt\u00f3ra czeka kieruj\u0105cego.<\/p><div class=\"gliwi-a3-w-tresci-artykulow gliwi-entity-placement\" id=\"gliwi-213004120\"><div class=\"gliwi-adlabel\"><span style=\"font-size: 9px\">REKLAMA<\/span><\/div><div id=\"gliwi-1100717919\" style=\"margin-bottom: 30px;margin-left: auto;margin-right: auto;text-align: center;\"><a data-no-instant=\"1\" href=\"https:\/\/zlobek.halogen.org.pl\/\" rel=\"noopener\" class=\"a2t-link\" target=\"_blank\" aria-label=\"animator-zlobek_750x200\"><img loading=\"lazy\" decoding=\"async\" src=\"https:\/\/www.24gliwice.pl\/wiadomosci\/wp-content\/uploads\/2026\/02\/animator-zlobek_750x200.webp\" alt=\"\"  srcset=\"https:\/\/www.24gliwice.pl\/wiadomosci\/wp-content\/uploads\/2026\/02\/animator-zlobek_750x200.webp 750w, https:\/\/www.24gliwice.pl\/wiadomosci\/wp-content\/uploads\/2026\/02\/animator-zlobek_750x200-410x109.webp 410w\" sizes=\"(max-width: 750px) 100vw, 750px\" class=\"no-lazyload\" width=\"750\" height=\"200\"  style=\"display: inline-block; max-width: 100%; height: auto;\" \/><\/a><\/div><\/div>\n<p>&#8211; Ten przyk\u0142ad powinien by\u0107 przestrog\u0105 dla w\u0142a\u015bcicieli samochod\u00f3w ci\u0119\u017carowych. U\u017cytkowanie tego typu sprz\u0119tu obwarowane jest przepisami, kt\u00f3rych nieprzestrzeganie rodzi powa\u017cne konsekwencje finansowe. M\u00f3wimy tu o tachografach, licencjach, przegl\u0105dach technicznych itp. Nie dope\u0142niaj\u0105c ich, w razie kontroli nara\u017camy si\u0119 na wysokie kary &#8211; komentuje nadkomisarz<strong> Marek S\u0142omski<\/strong>, oficer prasowy KMP Gliwice.<\/p>\n<p>(\u017cms)\/KMP Gliwice<\/p>\n<div class=\"gliwi-a5-na-koncu-artykulow gliwi-entity-placement\" id=\"gliwi-2988511213\"><div class=\"gliwi-adlabel\"><span style=\"font-size: 9px\">REKLAMA<\/span><\/div><div id=\"gliwi-3582545432\" style=\"margin-left: auto;margin-right: auto;text-align: center;\"><a data-no-instant=\"1\" href=\"https:\/\/prezeroarenagliwice.pl\/\" rel=\"noopener\" class=\"a2t-link\" target=\"_blank\" aria-label=\"20260309-PREZERO-WIOSNA-D\"><img loading=\"lazy\" decoding=\"async\" src=\"https:\/\/www.24gliwice.pl\/wiadomosci\/wp-content\/uploads\/2026\/03\/20260309-PREZERO-WIOSNA-D.webp\" alt=\"\"  srcset=\"https:\/\/www.24gliwice.pl\/wiadomosci\/wp-content\/uploads\/2026\/03\/20260309-PREZERO-WIOSNA-D.webp 750w, https:\/\/www.24gliwice.pl\/wiadomosci\/wp-content\/uploads\/2026\/03\/20260309-PREZERO-WIOSNA-D-410x109.webp 410w\" sizes=\"(max-width: 750px) 100vw, 750px\" class=\"no-lazyload\" width=\"750\" height=\"200\"  style=\"display: inline-block; max-width: 100%; height: auto;\" \/><\/a><\/div><\/div>","protected":false},"excerpt":{"rendered":"<p>9-letni ch\u0142opiec je\u017adzi\u0142 rowerem. Gdy pr\u00f3bowa\u0142 omin\u0105\u0107 zaparkowan\u0105 na chodniku ci\u0119\u017car\u00f3wk\u0119, mia\u0142 kolizj\u0119 z rowerzystk\u0105, w wyniku kt\u00f3rej przewr\u00f3ci\u0142 si\u0119. Kobieta pojecha\u0142a dalej, w tym czasie ci\u0119\u017car\u00f3wka zacz\u0119\u0142a manewrowa\u0107. 42-letni kierowca ci\u0119\u017car\u00f3wki, nie upewniwszy si\u0119, czy mo\u017ce bezpiecznie ruszy\u0107, najecha\u0142 na rowerek i nog\u0119 dziecka. Ch\u0142opczyk z obra\u017ceniami trafi\u0142 do szpitala, na miejsce wezwano policj\u0119. [&hellip;]<\/p>\n","protected":false},"author":15,"featured_media":105203,"comment_status":"open","ping_status":"closed","sticky":false,"template":"","format":"standard","meta":{"_monsterinsights_skip_tracking":false,"_monsterinsights_sitenote_active":false,"_monsterinsights_sitenote_note":"","_monsterinsights_sitenote_category":0,"footnotes":"","_links_to":"","_links_to_target":""},"categories":[3,1,5],"tags":[8520,8492,949,10351,54],"class_list":["post-105202","post","type-post","status-publish","format-standard","has-post-thumbnail","hentry","category-gliwice","category-wszystko","category-kryminalki","tag-grzywna","tag-mandat","tag-pyskowice","tag-tachograf","tag-wypadek"],"yoast_head":"<!-- This site is optimized with the Yoast SEO plugin v27.5 - https:\/\/yoast.com\/product\/yoast-seo-wordpress\/ -->\n<title>Ci\u0119\u017car\u00f3wka najecha\u0142a ch\u0142opcu na nog\u0119, dziecko trafi\u0142o do szpitala. \u0141\u0105cznie 12 tys. z\u0142 kary dla kierowcy - 24GLIWICE - Portal Gliwice | codziennie nowe informacje<\/title>\n<meta name=\"robots\" content=\"index, follow, max-snippet:-1, max-image-preview:large, max-video-preview:-1\" \/>\n<link rel=\"canonical\" href=\"https:\/\/www.24gliwice.pl\/wiadomosci\/ciezarowka-najechala-chlopcu-na-noge-dziecko-trafilo-do-szpitala-lacznie-12-tys-zl-kary-dla-kierowcy\/\" \/>\n<meta property=\"og:locale\" content=\"pl_PL\" \/>\n<meta property=\"og:type\" content=\"article\" \/>\n<meta property=\"og:title\" content=\"Ci\u0119\u017car\u00f3wka najecha\u0142a ch\u0142opcu na nog\u0119, dziecko trafi\u0142o do szpitala. \u0141\u0105cznie 12 tys. z\u0142 kary dla kierowcy - 24GLIWICE - Portal Gliwice | codziennie nowe informacje\" \/>\n<meta property=\"og:description\" content=\"9-letni ch\u0142opiec je\u017adzi\u0142 rowerem. Gdy pr\u00f3bowa\u0142 omin\u0105\u0107 zaparkowan\u0105 na chodniku ci\u0119\u017car\u00f3wk\u0119, mia\u0142 kolizj\u0119 z rowerzystk\u0105, w wyniku kt\u00f3rej przewr\u00f3ci\u0142 si\u0119. Kobieta pojecha\u0142a dalej, w tym czasie ci\u0119\u017car\u00f3wka zacz\u0119\u0142a manewrowa\u0107. 42-letni kierowca ci\u0119\u017car\u00f3wki, nie upewniwszy si\u0119, czy mo\u017ce bezpiecznie ruszy\u0107, najecha\u0142 na rowerek i nog\u0119 dziecka. Ch\u0142opczyk z obra\u017ceniami trafi\u0142 do szpitala, na miejsce wezwano policj\u0119. [&hellip;]\" \/>\n<meta property=\"og:url\" content=\"https:\/\/www.24gliwice.pl\/wiadomosci\/ciezarowka-najechala-chlopcu-na-noge-dziecko-trafilo-do-szpitala-lacznie-12-tys-zl-kary-dla-kierowcy\/\" \/>\n<meta property=\"og:site_name\" content=\"24GLIWICE - Portal Gliwice | codziennie nowe informacje\" \/>\n<meta property=\"article:publisher\" content=\"https:\/\/www.facebook.com\/24gliwice\" \/>\n<meta property=\"article:published_time\" content=\"2017-10-03T14:51:04+00:00\" \/>\n<meta property=\"og:image\" content=\"https:\/\/www.24gliwice.pl\/wiadomosci\/wp-content\/uploads\/2017\/10\/najecha\u0142-na-nog\u0119.jpeg\" \/>\n\t<meta property=\"og:image:width\" content=\"810\" \/>\n\t<meta property=\"og:image:height\" content=\"457\" \/>\n\t<meta property=\"og:image:type\" content=\"image\/jpeg\" \/>\n<meta name=\"author\" content=\"\u017baneta Mrozek-Siewierska\" \/>\n<meta name=\"twitter:card\" content=\"summary_large_image\" \/>\n<meta name=\"twitter:creator\" content=\"@24gliwice\" \/>\n<meta name=\"twitter:site\" content=\"@24gliwice\" \/>\n<meta name=\"twitter:label1\" content=\"Napisane przez\" \/>\n\t<meta name=\"twitter:data1\" content=\"\u017baneta Mrozek-Siewierska\" \/>\n\t<meta name=\"twitter:label2\" content=\"Szacowany czas czytania\" \/>\n\t<meta name=\"twitter:data2\" content=\"1 minuta\" \/>\n<script type=\"application\/ld+json\" class=\"yoast-schema-graph\">{\"@context\":\"https:\\\/\\\/schema.org\",\"@graph\":[{\"@type\":\"Article\",\"@id\":\"https:\\\/\\\/www.24gliwice.pl\\\/wiadomosci\\\/ciezarowka-najechala-chlopcu-na-noge-dziecko-trafilo-do-szpitala-lacznie-12-tys-zl-kary-dla-kierowcy\\\/#article\",\"isPartOf\":{\"@id\":\"https:\\\/\\\/www.24gliwice.pl\\\/wiadomosci\\\/ciezarowka-najechala-chlopcu-na-noge-dziecko-trafilo-do-szpitala-lacznie-12-tys-zl-kary-dla-kierowcy\\\/\"},\"author\":{\"name\":\"\u017baneta Mrozek-Siewierska\",\"@id\":\"https:\\\/\\\/www.24gliwice.pl\\\/wiadomosci\\\/#\\\/schema\\\/person\\\/e42c650edd7f2fa332be3811fb166b6e\"},\"headline\":\"Ci\u0119\u017car\u00f3wka najecha\u0142a ch\u0142opcu na nog\u0119, dziecko trafi\u0142o do szpitala. \u0141\u0105cznie 12 tys. z\u0142 kary dla kierowcy\",\"datePublished\":\"2017-10-03T14:51:04+00:00\",\"mainEntityOfPage\":{\"@id\":\"https:\\\/\\\/www.24gliwice.pl\\\/wiadomosci\\\/ciezarowka-najechala-chlopcu-na-noge-dziecko-trafilo-do-szpitala-lacznie-12-tys-zl-kary-dla-kierowcy\\\/\"},\"wordCount\":257,\"commentCount\":0,\"publisher\":{\"@id\":\"https:\\\/\\\/www.24gliwice.pl\\\/wiadomosci\\\/#organization\"},\"image\":{\"@id\":\"https:\\\/\\\/www.24gliwice.pl\\\/wiadomosci\\\/ciezarowka-najechala-chlopcu-na-noge-dziecko-trafilo-do-szpitala-lacznie-12-tys-zl-kary-dla-kierowcy\\\/#primaryimage\"},\"thumbnailUrl\":\"https:\\\/\\\/www.24gliwice.pl\\\/wiadomosci\\\/wp-content\\\/uploads\\\/2017\\\/10\\\/najecha\u0142-na-nog\u0119.jpeg\",\"keywords\":[\"GRZYWNA\",\"MANDAT\",\"PYSKOWICE\",\"tachograf\",\"WYPADEK\"],\"articleSection\":[\"Gliwice\",\"Najnowsze wiadomo\u015bci\",\"Prawo\"],\"inLanguage\":\"pl-PL\",\"potentialAction\":[{\"@type\":\"CommentAction\",\"name\":\"Comment\",\"target\":[\"https:\\\/\\\/www.24gliwice.pl\\\/wiadomosci\\\/ciezarowka-najechala-chlopcu-na-noge-dziecko-trafilo-do-szpitala-lacznie-12-tys-zl-kary-dla-kierowcy\\\/#respond\"]}]},{\"@type\":\"WebPage\",\"@id\":\"https:\\\/\\\/www.24gliwice.pl\\\/wiadomosci\\\/ciezarowka-najechala-chlopcu-na-noge-dziecko-trafilo-do-szpitala-lacznie-12-tys-zl-kary-dla-kierowcy\\\/\",\"url\":\"https:\\\/\\\/www.24gliwice.pl\\\/wiadomosci\\\/ciezarowka-najechala-chlopcu-na-noge-dziecko-trafilo-do-szpitala-lacznie-12-tys-zl-kary-dla-kierowcy\\\/\",\"name\":\"Ci\u0119\u017car\u00f3wka najecha\u0142a ch\u0142opcu na nog\u0119, dziecko trafi\u0142o do szpitala. \u0141\u0105cznie 12 tys. z\u0142 kary dla kierowcy - 24GLIWICE - Portal Gliwice | codziennie nowe informacje\",\"isPartOf\":{\"@id\":\"https:\\\/\\\/www.24gliwice.pl\\\/wiadomosci\\\/#website\"},\"primaryImageOfPage\":{\"@id\":\"https:\\\/\\\/www.24gliwice.pl\\\/wiadomosci\\\/ciezarowka-najechala-chlopcu-na-noge-dziecko-trafilo-do-szpitala-lacznie-12-tys-zl-kary-dla-kierowcy\\\/#primaryimage\"},\"image\":{\"@id\":\"https:\\\/\\\/www.24gliwice.pl\\\/wiadomosci\\\/ciezarowka-najechala-chlopcu-na-noge-dziecko-trafilo-do-szpitala-lacznie-12-tys-zl-kary-dla-kierowcy\\\/#primaryimage\"},\"thumbnailUrl\":\"https:\\\/\\\/www.24gliwice.pl\\\/wiadomosci\\\/wp-content\\\/uploads\\\/2017\\\/10\\\/najecha\u0142-na-nog\u0119.jpeg\",\"datePublished\":\"2017-10-03T14:51:04+00:00\",\"breadcrumb\":{\"@id\":\"https:\\\/\\\/www.24gliwice.pl\\\/wiadomosci\\\/ciezarowka-najechala-chlopcu-na-noge-dziecko-trafilo-do-szpitala-lacznie-12-tys-zl-kary-dla-kierowcy\\\/#breadcrumb\"},\"inLanguage\":\"pl-PL\",\"potentialAction\":[{\"@type\":\"ReadAction\",\"target\":[\"https:\\\/\\\/www.24gliwice.pl\\\/wiadomosci\\\/ciezarowka-najechala-chlopcu-na-noge-dziecko-trafilo-do-szpitala-lacznie-12-tys-zl-kary-dla-kierowcy\\\/\"]}]},{\"@type\":\"ImageObject\",\"inLanguage\":\"pl-PL\",\"@id\":\"https:\\\/\\\/www.24gliwice.pl\\\/wiadomosci\\\/ciezarowka-najechala-chlopcu-na-noge-dziecko-trafilo-do-szpitala-lacznie-12-tys-zl-kary-dla-kierowcy\\\/#primaryimage\",\"url\":\"https:\\\/\\\/www.24gliwice.pl\\\/wiadomosci\\\/wp-content\\\/uploads\\\/2017\\\/10\\\/najecha\u0142-na-nog\u0119.jpeg\",\"contentUrl\":\"https:\\\/\\\/www.24gliwice.pl\\\/wiadomosci\\\/wp-content\\\/uploads\\\/2017\\\/10\\\/najecha\u0142-na-nog\u0119.jpeg\",\"width\":810,\"height\":457},{\"@type\":\"BreadcrumbList\",\"@id\":\"https:\\\/\\\/www.24gliwice.pl\\\/wiadomosci\\\/ciezarowka-najechala-chlopcu-na-noge-dziecko-trafilo-do-szpitala-lacznie-12-tys-zl-kary-dla-kierowcy\\\/#breadcrumb\",\"itemListElement\":[{\"@type\":\"ListItem\",\"position\":1,\"name\":\"Strona g\u0142\u00f3wna\",\"item\":\"https:\\\/\\\/www.24gliwice.pl\\\/wiadomosci\\\/\"},{\"@type\":\"ListItem\",\"position\":2,\"name\":\"Ci\u0119\u017car\u00f3wka najecha\u0142a ch\u0142opcu na nog\u0119, dziecko trafi\u0142o do szpitala. \u0141\u0105cznie 12 tys. z\u0142 kary dla kierowcy\"}]},{\"@type\":\"WebSite\",\"@id\":\"https:\\\/\\\/www.24gliwice.pl\\\/wiadomosci\\\/#website\",\"url\":\"https:\\\/\\\/www.24gliwice.pl\\\/wiadomosci\\\/\",\"name\":\"24GLIWICE - Portal Gliwice | codziennie nowe wiadomo\u015bci\",\"description\":\"Portal Miejski Gliwice\",\"publisher\":{\"@id\":\"https:\\\/\\\/www.24gliwice.pl\\\/wiadomosci\\\/#organization\"},\"potentialAction\":[{\"@type\":\"SearchAction\",\"target\":{\"@type\":\"EntryPoint\",\"urlTemplate\":\"https:\\\/\\\/www.24gliwice.pl\\\/wiadomosci\\\/?s={search_term_string}\"},\"query-input\":{\"@type\":\"PropertyValueSpecification\",\"valueRequired\":true,\"valueName\":\"search_term_string\"}}],\"inLanguage\":\"pl-PL\"},{\"@type\":\"Organization\",\"@id\":\"https:\\\/\\\/www.24gliwice.pl\\\/wiadomosci\\\/#organization\",\"name\":\"24gliwice\",\"url\":\"https:\\\/\\\/www.24gliwice.pl\\\/wiadomosci\\\/\",\"logo\":{\"@type\":\"ImageObject\",\"inLanguage\":\"pl-PL\",\"@id\":\"https:\\\/\\\/www.24gliwice.pl\\\/wiadomosci\\\/#\\\/schema\\\/logo\\\/image\\\/\",\"url\":\"https:\\\/\\\/www.24gliwice.pl\\\/wiadomosci\\\/wp-content\\\/uploads\\\/2024\\\/10\\\/24gliwice-logo-696.jpg\",\"contentUrl\":\"https:\\\/\\\/www.24gliwice.pl\\\/wiadomosci\\\/wp-content\\\/uploads\\\/2024\\\/10\\\/24gliwice-logo-696.jpg\",\"width\":696,\"height\":696,\"caption\":\"24gliwice\"},\"image\":{\"@id\":\"https:\\\/\\\/www.24gliwice.pl\\\/wiadomosci\\\/#\\\/schema\\\/logo\\\/image\\\/\"},\"sameAs\":[\"https:\\\/\\\/www.facebook.com\\\/24gliwice\",\"https:\\\/\\\/x.com\\\/24gliwice\",\"https:\\\/\\\/www.youtube.com\\\/@24gliwice\"]},{\"@type\":\"Person\",\"@id\":\"https:\\\/\\\/www.24gliwice.pl\\\/wiadomosci\\\/#\\\/schema\\\/person\\\/e42c650edd7f2fa332be3811fb166b6e\",\"name\":\"\u017baneta Mrozek-Siewierska\",\"image\":{\"@type\":\"ImageObject\",\"inLanguage\":\"pl-PL\",\"@id\":\"https:\\\/\\\/secure.gravatar.com\\\/avatar\\\/1881429e9c64597c77ad7aef2d0a19be69a3253e57534d16aa15bf3a4d34a0a3?s=96&d=mm&r=g\",\"url\":\"https:\\\/\\\/secure.gravatar.com\\\/avatar\\\/1881429e9c64597c77ad7aef2d0a19be69a3253e57534d16aa15bf3a4d34a0a3?s=96&d=mm&r=g\",\"contentUrl\":\"https:\\\/\\\/secure.gravatar.com\\\/avatar\\\/1881429e9c64597c77ad7aef2d0a19be69a3253e57534d16aa15bf3a4d34a0a3?s=96&d=mm&r=g\",\"caption\":\"\u017baneta Mrozek-Siewierska\"},\"url\":\"https:\\\/\\\/www.24gliwice.pl\\\/wiadomosci\\\/author\\\/zms\\\/\"}]}<\/script>\n<!-- \/ Yoast SEO plugin. -->","yoast_head_json":{"title":"Ci\u0119\u017car\u00f3wka najecha\u0142a ch\u0142opcu na nog\u0119, dziecko trafi\u0142o do szpitala. \u0141\u0105cznie 12 tys. z\u0142 kary dla kierowcy - 24GLIWICE - Portal Gliwice | codziennie nowe informacje","robots":{"index":"index","follow":"follow","max-snippet":"max-snippet:-1","max-image-preview":"max-image-preview:large","max-video-preview":"max-video-preview:-1"},"canonical":"https:\/\/www.24gliwice.pl\/wiadomosci\/ciezarowka-najechala-chlopcu-na-noge-dziecko-trafilo-do-szpitala-lacznie-12-tys-zl-kary-dla-kierowcy\/","og_locale":"pl_PL","og_type":"article","og_title":"Ci\u0119\u017car\u00f3wka najecha\u0142a ch\u0142opcu na nog\u0119, dziecko trafi\u0142o do szpitala. \u0141\u0105cznie 12 tys. z\u0142 kary dla kierowcy - 24GLIWICE - Portal Gliwice | codziennie nowe informacje","og_description":"9-letni ch\u0142opiec je\u017adzi\u0142 rowerem. Gdy pr\u00f3bowa\u0142 omin\u0105\u0107 zaparkowan\u0105 na chodniku ci\u0119\u017car\u00f3wk\u0119, mia\u0142 kolizj\u0119 z rowerzystk\u0105, w wyniku kt\u00f3rej przewr\u00f3ci\u0142 si\u0119. Kobieta pojecha\u0142a dalej, w tym czasie ci\u0119\u017car\u00f3wka zacz\u0119\u0142a manewrowa\u0107. 42-letni kierowca ci\u0119\u017car\u00f3wki, nie upewniwszy si\u0119, czy mo\u017ce bezpiecznie ruszy\u0107, najecha\u0142 na rowerek i nog\u0119 dziecka. Ch\u0142opczyk z obra\u017ceniami trafi\u0142 do szpitala, na miejsce wezwano policj\u0119. [&hellip;]","og_url":"https:\/\/www.24gliwice.pl\/wiadomosci\/ciezarowka-najechala-chlopcu-na-noge-dziecko-trafilo-do-szpitala-lacznie-12-tys-zl-kary-dla-kierowcy\/","og_site_name":"24GLIWICE - Portal Gliwice | codziennie nowe informacje","article_publisher":"https:\/\/www.facebook.com\/24gliwice","article_published_time":"2017-10-03T14:51:04+00:00","og_image":[{"width":810,"height":457,"url":"https:\/\/www.24gliwice.pl\/wiadomosci\/wp-content\/uploads\/2017\/10\/najecha\u0142-na-nog\u0119.jpeg","type":"image\/jpeg"}],"author":"\u017baneta Mrozek-Siewierska","twitter_card":"summary_large_image","twitter_creator":"@24gliwice","twitter_site":"@24gliwice","twitter_misc":{"Napisane przez":"\u017baneta Mrozek-Siewierska","Szacowany czas czytania":"1 minuta"},"schema":{"@context":"https:\/\/schema.org","@graph":[{"@type":"Article","@id":"https:\/\/www.24gliwice.pl\/wiadomosci\/ciezarowka-najechala-chlopcu-na-noge-dziecko-trafilo-do-szpitala-lacznie-12-tys-zl-kary-dla-kierowcy\/#article","isPartOf":{"@id":"https:\/\/www.24gliwice.pl\/wiadomosci\/ciezarowka-najechala-chlopcu-na-noge-dziecko-trafilo-do-szpitala-lacznie-12-tys-zl-kary-dla-kierowcy\/"},"author":{"name":"\u017baneta Mrozek-Siewierska","@id":"https:\/\/www.24gliwice.pl\/wiadomosci\/#\/schema\/person\/e42c650edd7f2fa332be3811fb166b6e"},"headline":"Ci\u0119\u017car\u00f3wka najecha\u0142a ch\u0142opcu na nog\u0119, dziecko trafi\u0142o do szpitala. \u0141\u0105cznie 12 tys. z\u0142 kary dla kierowcy","datePublished":"2017-10-03T14:51:04+00:00","mainEntityOfPage":{"@id":"https:\/\/www.24gliwice.pl\/wiadomosci\/ciezarowka-najechala-chlopcu-na-noge-dziecko-trafilo-do-szpitala-lacznie-12-tys-zl-kary-dla-kierowcy\/"},"wordCount":257,"commentCount":0,"publisher":{"@id":"https:\/\/www.24gliwice.pl\/wiadomosci\/#organization"},"image":{"@id":"https:\/\/www.24gliwice.pl\/wiadomosci\/ciezarowka-najechala-chlopcu-na-noge-dziecko-trafilo-do-szpitala-lacznie-12-tys-zl-kary-dla-kierowcy\/#primaryimage"},"thumbnailUrl":"https:\/\/www.24gliwice.pl\/wiadomosci\/wp-content\/uploads\/2017\/10\/najecha\u0142-na-nog\u0119.jpeg","keywords":["GRZYWNA","MANDAT","PYSKOWICE","tachograf","WYPADEK"],"articleSection":["Gliwice","Najnowsze wiadomo\u015bci","Prawo"],"inLanguage":"pl-PL","potentialAction":[{"@type":"CommentAction","name":"Comment","target":["https:\/\/www.24gliwice.pl\/wiadomosci\/ciezarowka-najechala-chlopcu-na-noge-dziecko-trafilo-do-szpitala-lacznie-12-tys-zl-kary-dla-kierowcy\/#respond"]}]},{"@type":"WebPage","@id":"https:\/\/www.24gliwice.pl\/wiadomosci\/ciezarowka-najechala-chlopcu-na-noge-dziecko-trafilo-do-szpitala-lacznie-12-tys-zl-kary-dla-kierowcy\/","url":"https:\/\/www.24gliwice.pl\/wiadomosci\/ciezarowka-najechala-chlopcu-na-noge-dziecko-trafilo-do-szpitala-lacznie-12-tys-zl-kary-dla-kierowcy\/","name":"Ci\u0119\u017car\u00f3wka najecha\u0142a ch\u0142opcu na nog\u0119, dziecko trafi\u0142o do szpitala. \u0141\u0105cznie 12 tys. z\u0142 kary dla kierowcy - 24GLIWICE - Portal Gliwice | codziennie nowe informacje","isPartOf":{"@id":"https:\/\/www.24gliwice.pl\/wiadomosci\/#website"},"primaryImageOfPage":{"@id":"https:\/\/www.24gliwice.pl\/wiadomosci\/ciezarowka-najechala-chlopcu-na-noge-dziecko-trafilo-do-szpitala-lacznie-12-tys-zl-kary-dla-kierowcy\/#primaryimage"},"image":{"@id":"https:\/\/www.24gliwice.pl\/wiadomosci\/ciezarowka-najechala-chlopcu-na-noge-dziecko-trafilo-do-szpitala-lacznie-12-tys-zl-kary-dla-kierowcy\/#primaryimage"},"thumbnailUrl":"https:\/\/www.24gliwice.pl\/wiadomosci\/wp-content\/uploads\/2017\/10\/najecha\u0142-na-nog\u0119.jpeg","datePublished":"2017-10-03T14:51:04+00:00","breadcrumb":{"@id":"https:\/\/www.24gliwice.pl\/wiadomosci\/ciezarowka-najechala-chlopcu-na-noge-dziecko-trafilo-do-szpitala-lacznie-12-tys-zl-kary-dla-kierowcy\/#breadcrumb"},"inLanguage":"pl-PL","potentialAction":[{"@type":"ReadAction","target":["https:\/\/www.24gliwice.pl\/wiadomosci\/ciezarowka-najechala-chlopcu-na-noge-dziecko-trafilo-do-szpitala-lacznie-12-tys-zl-kary-dla-kierowcy\/"]}]},{"@type":"ImageObject","inLanguage":"pl-PL","@id":"https:\/\/www.24gliwice.pl\/wiadomosci\/ciezarowka-najechala-chlopcu-na-noge-dziecko-trafilo-do-szpitala-lacznie-12-tys-zl-kary-dla-kierowcy\/#primaryimage","url":"https:\/\/www.24gliwice.pl\/wiadomosci\/wp-content\/uploads\/2017\/10\/najecha\u0142-na-nog\u0119.jpeg","contentUrl":"https:\/\/www.24gliwice.pl\/wiadomosci\/wp-content\/uploads\/2017\/10\/najecha\u0142-na-nog\u0119.jpeg","width":810,"height":457},{"@type":"BreadcrumbList","@id":"https:\/\/www.24gliwice.pl\/wiadomosci\/ciezarowka-najechala-chlopcu-na-noge-dziecko-trafilo-do-szpitala-lacznie-12-tys-zl-kary-dla-kierowcy\/#breadcrumb","itemListElement":[{"@type":"ListItem","position":1,"name":"Strona g\u0142\u00f3wna","item":"https:\/\/www.24gliwice.pl\/wiadomosci\/"},{"@type":"ListItem","position":2,"name":"Ci\u0119\u017car\u00f3wka najecha\u0142a ch\u0142opcu na nog\u0119, dziecko trafi\u0142o do szpitala. \u0141\u0105cznie 12 tys. z\u0142 kary dla kierowcy"}]},{"@type":"WebSite","@id":"https:\/\/www.24gliwice.pl\/wiadomosci\/#website","url":"https:\/\/www.24gliwice.pl\/wiadomosci\/","name":"24GLIWICE - Portal Gliwice | codziennie nowe wiadomo\u015bci","description":"Portal Miejski Gliwice","publisher":{"@id":"https:\/\/www.24gliwice.pl\/wiadomosci\/#organization"},"potentialAction":[{"@type":"SearchAction","target":{"@type":"EntryPoint","urlTemplate":"https:\/\/www.24gliwice.pl\/wiadomosci\/?s={search_term_string}"},"query-input":{"@type":"PropertyValueSpecification","valueRequired":true,"valueName":"search_term_string"}}],"inLanguage":"pl-PL"},{"@type":"Organization","@id":"https:\/\/www.24gliwice.pl\/wiadomosci\/#organization","name":"24gliwice","url":"https:\/\/www.24gliwice.pl\/wiadomosci\/","logo":{"@type":"ImageObject","inLanguage":"pl-PL","@id":"https:\/\/www.24gliwice.pl\/wiadomosci\/#\/schema\/logo\/image\/","url":"https:\/\/www.24gliwice.pl\/wiadomosci\/wp-content\/uploads\/2024\/10\/24gliwice-logo-696.jpg","contentUrl":"https:\/\/www.24gliwice.pl\/wiadomosci\/wp-content\/uploads\/2024\/10\/24gliwice-logo-696.jpg","width":696,"height":696,"caption":"24gliwice"},"image":{"@id":"https:\/\/www.24gliwice.pl\/wiadomosci\/#\/schema\/logo\/image\/"},"sameAs":["https:\/\/www.facebook.com\/24gliwice","https:\/\/x.com\/24gliwice","https:\/\/www.youtube.com\/@24gliwice"]},{"@type":"Person","@id":"https:\/\/www.24gliwice.pl\/wiadomosci\/#\/schema\/person\/e42c650edd7f2fa332be3811fb166b6e","name":"\u017baneta Mrozek-Siewierska","image":{"@type":"ImageObject","inLanguage":"pl-PL","@id":"https:\/\/secure.gravatar.com\/avatar\/1881429e9c64597c77ad7aef2d0a19be69a3253e57534d16aa15bf3a4d34a0a3?s=96&d=mm&r=g","url":"https:\/\/secure.gravatar.com\/avatar\/1881429e9c64597c77ad7aef2d0a19be69a3253e57534d16aa15bf3a4d34a0a3?s=96&d=mm&r=g","contentUrl":"https:\/\/secure.gravatar.com\/avatar\/1881429e9c64597c77ad7aef2d0a19be69a3253e57534d16aa15bf3a4d34a0a3?s=96&d=mm&r=g","caption":"\u017baneta Mrozek-Siewierska"},"url":"https:\/\/www.24gliwice.pl\/wiadomosci\/author\/zms\/"}]}},"_links":{"self":[{"href":"https:\/\/www.24gliwice.pl\/wiadomosci\/wp-json\/wp\/v2\/posts\/105202","targetHints":{"allow":["GET"]}}],"collection":[{"href":"https:\/\/www.24gliwice.pl\/wiadomosci\/wp-json\/wp\/v2\/posts"}],"about":[{"href":"https:\/\/www.24gliwice.pl\/wiadomosci\/wp-json\/wp\/v2\/types\/post"}],"author":[{"embeddable":true,"href":"https:\/\/www.24gliwice.pl\/wiadomosci\/wp-json\/wp\/v2\/users\/15"}],"replies":[{"embeddable":true,"href":"https:\/\/www.24gliwice.pl\/wiadomosci\/wp-json\/wp\/v2\/comments?post=105202"}],"version-history":[{"count":0,"href":"https:\/\/www.24gliwice.pl\/wiadomosci\/wp-json\/wp\/v2\/posts\/105202\/revisions"}],"wp:featuredmedia":[{"embeddable":true,"href":"https:\/\/www.24gliwice.pl\/wiadomosci\/wp-json\/wp\/v2\/media\/105203"}],"wp:attachment":[{"href":"https:\/\/www.24gliwice.pl\/wiadomosci\/wp-json\/wp\/v2\/media?parent=105202"}],"wp:term":[{"taxonomy":"category","embeddable":true,"href":"https:\/\/www.24gliwice.pl\/wiadomosci\/wp-json\/wp\/v2\/categories?post=105202"},{"taxonomy":"post_tag","embeddable":true,"href":"https:\/\/www.24gliwice.pl\/wiadomosci\/wp-json\/wp\/v2\/tags?post=105202"}],"curies":[{"name":"wp","href":"https:\/\/api.w.org\/{rel}","templated":true}]}}