{"id":105708,"date":"2017-10-16T12:31:22","date_gmt":"2017-10-16T10:31:22","guid":{"rendered":"http:\/\/www.24gliwice.pl\/wiadomosci\/?p=105708"},"modified":"2017-10-17T21:30:11","modified_gmt":"2017-10-17T19:30:11","slug":"na-ulicy-dworcowej-powstaje-nowa-wysepka-dzieki-niej-ma-tu-byc-bezpieczniej","status":"publish","type":"post","link":"https:\/\/www.24gliwice.pl\/wiadomosci\/na-ulicy-dworcowej-powstaje-nowa-wysepka-dzieki-niej-ma-tu-byc-bezpieczniej\/","title":{"rendered":"Na ulicy Dworcowej pojawi\u0142a si\u0119 nowa wysepka. Dzi\u0119ki niej ma tu by\u0107 bezpieczniej"},"content":{"rendered":"<div class=\"gliwi-a6-nad-leadem-artykulow gliwi-entity-placement\" id=\"gliwi-2612683565\"><div class=\"gliwi-adlabel\"><span style=\"font-size: 9px\">REKLAMA<\/span><\/div><div id=\"gliwi-159202959\" style=\"margin-bottom: 30px;margin-left: auto;margin-right: auto;text-align: center;\"><a data-no-instant=\"1\" href=\"https:\/\/przedszkole.halogen.org.pl\/\" rel=\"noopener\" class=\"a2t-link\" target=\"_blank\" aria-label=\"20260402-ANIMATOR-przedszkole_grafika_750x200\"><img loading=\"lazy\" decoding=\"async\" src=\"https:\/\/www.24gliwice.pl\/wiadomosci\/wp-content\/uploads\/2026\/04\/20260402-ANIMATOR-przedszkole_grafika_750x200.webp\" alt=\"\"  srcset=\"https:\/\/www.24gliwice.pl\/wiadomosci\/wp-content\/uploads\/2026\/04\/20260402-ANIMATOR-przedszkole_grafika_750x200.webp 750w, https:\/\/www.24gliwice.pl\/wiadomosci\/wp-content\/uploads\/2026\/04\/20260402-ANIMATOR-przedszkole_grafika_750x200-410x109.webp 410w\" sizes=\"(max-width: 750px) 100vw, 750px\" class=\"no-lazyload\" width=\"750\" height=\"200\"  style=\"display: inline-block; max-width: 100%; height: auto;\" \/><\/a><\/div><\/div><h3>Jednokierunkowa ulica Dworcowa na przej\u015bciu dla pieszych w rejonie sklepu Jysk zosta\u0142a rozdzielona wysepk\u0105. Ma to poprawi\u0107 bezpiecze\u0144stwo na powstaj\u0105cym tu przeje\u017adzie rowerowym.<\/h3>\n<p>&#8211; Na przej\u015bciu dla pieszych przez ul. Dworcow\u0105 (naprzeciw Jyska) dochodzi\u0142o do wypadk\u00f3w z udzia\u0142em pieszych. Poniewa\u017c budowa trasy rowerowej dodatkowo spowoduje wzmo\u017cenie ruchu na tym przej\u015bciu (piesi i rowerzy\u015bci) budowana jest wyspa w \u015brodkowej cz\u0119\u015bci przej\u015bcia, co ma na celu popraw\u0119 bezpiecze\u0144stwa &#8211; wyja\u015bnia rzecznik prezydenta Gliwic, <strong>Marek Jarz\u0119bowski<\/strong>.<\/p>\n<p>Mo\u017cna si\u0119 spodziewa\u0107, \u017ce otwarcie drogi rowerowej wygeneruje zwi\u0119kszenie obci\u0105\u017cenia ci\u0105gu rowerowo-pieszego na Alei Przyja\u017ani, a co za tym idzie wi\u0119ksz\u0105 cz\u0119stotliwo\u015b\u0107 przejazd\u00f3w przez Dworcow\u0105.<\/p><div class=\"gliwi-a3-w-tresci-artykulow gliwi-entity-placement\" id=\"gliwi-903641359\"><div class=\"gliwi-adlabel\"><span style=\"font-size: 9px\">REKLAMA<\/span><\/div><div id=\"gliwi-3671805862\" style=\"margin-bottom: 30px;margin-left: auto;margin-right: auto;text-align: center;\"><a data-no-instant=\"1\" href=\"https:\/\/ogrodyandersa.pl\/\" rel=\"noopener\" class=\"a2t-link\" target=\"_blank\" aria-label=\"20260415 Ogrody Andersa KUP TERAZ D\"><img loading=\"lazy\" decoding=\"async\" src=\"https:\/\/www.24gliwice.pl\/wiadomosci\/wp-content\/uploads\/2026\/04\/20260415-Ogrody-Andersa-KUP-TERAZ-D.jpg\" alt=\"\"  srcset=\"https:\/\/www.24gliwice.pl\/wiadomosci\/wp-content\/uploads\/2026\/04\/20260415-Ogrody-Andersa-KUP-TERAZ-D.jpg 750w, https:\/\/www.24gliwice.pl\/wiadomosci\/wp-content\/uploads\/2026\/04\/20260415-Ogrody-Andersa-KUP-TERAZ-D-410x109.jpg 410w\" sizes=\"(max-width: 750px) 100vw, 750px\" class=\"no-lazyload\" width=\"750\" height=\"200\"  style=\"display: inline-block; max-width: 100%; height: auto;\" \/><\/a><\/div><\/div>\n<blockquote><p>&#8211; Organizacja ruchu w tym miejscu pozostaje bez zmian. W miejscu, gdzie krzy\u017cuje si\u0119 ul. Dworcowa i przejazd rowerowy prowadz\u0105cy Alej\u0105 Przyja\u017ani umieszczone b\u0119d\u0105 (jak dot\u0105d) znaki D-6b<\/p><\/blockquote>\n<p> &#8211; informuje <strong>Jadwiga Stiborska<\/strong>, rzeczniczka Zarz\u0105du Dr\u00f3g Miejskich. &#8211; To informacja dla kierowcy, \u017ce zbli\u017ca si\u0119 do przej\u015bcia i przejazdu rowerowego i jest zobowi\u0105zany do zmniejszenia pr\u0119dko\u015bci, tak aby nie narazi\u0107 na niebezpiecze\u0144stwo pieszych lub rowerzyst\u00f3w znajduj\u0105cych si\u0119 w tych miejscach lub na nie wchodz\u0105cych\/wje\u017cd\u017caj\u0105cych. <\/p>\n<p><img loading=\"lazy\" decoding=\"async\" src=\"http:\/\/www.24gliwice.pl\/wiadomosci\/wp-content\/uploads\/2017\/10\/1-dworcowa-wysepka-1.jpg\" alt=\"\" width=\"810\" height=\"456\" class=\"aligncenter size-full wp-image-105758\" srcset=\"https:\/\/www.24gliwice.pl\/wiadomosci\/wp-content\/uploads\/2017\/10\/1-dworcowa-wysepka-1.jpg 810w, https:\/\/www.24gliwice.pl\/wiadomosci\/wp-content\/uploads\/2017\/10\/1-dworcowa-wysepka-1-410x232.jpg 410w, https:\/\/www.24gliwice.pl\/wiadomosci\/wp-content\/uploads\/2017\/10\/1-dworcowa-wysepka-1-768x432.jpg 768w, https:\/\/www.24gliwice.pl\/wiadomosci\/wp-content\/uploads\/2017\/10\/1-dworcowa-wysepka-1-808x455.jpg 808w\" sizes=\"auto, (max-width: 810px) 100vw, 810px\" \/><\/p>\n<p>(\u017cms)<\/p>\n<div class=\"gliwi-a5-na-koncu-artykulow gliwi-entity-placement\" id=\"gliwi-1039698385\"><div class=\"gliwi-adlabel\"><span style=\"font-size: 9px\">REKLAMA<\/span><\/div><div id=\"gliwi-1433454135\" style=\"margin-left: auto;margin-right: auto;text-align: center;\"><a data-no-instant=\"1\" href=\"https:\/\/prezeroarenagliwice.pl\/\" rel=\"noopener\" class=\"a2t-link\" target=\"_blank\" aria-label=\"20260309-PREZERO-WIOSNA-D\"><img loading=\"lazy\" decoding=\"async\" src=\"https:\/\/www.24gliwice.pl\/wiadomosci\/wp-content\/uploads\/2026\/03\/20260309-PREZERO-WIOSNA-D.webp\" alt=\"\"  srcset=\"https:\/\/www.24gliwice.pl\/wiadomosci\/wp-content\/uploads\/2026\/03\/20260309-PREZERO-WIOSNA-D.webp 750w, https:\/\/www.24gliwice.pl\/wiadomosci\/wp-content\/uploads\/2026\/03\/20260309-PREZERO-WIOSNA-D-410x109.webp 410w\" sizes=\"(max-width: 750px) 100vw, 750px\" class=\"no-lazyload\" width=\"750\" height=\"200\"  style=\"display: inline-block; max-width: 100%; height: auto;\" \/><\/a><\/div><\/div>","protected":false},"excerpt":{"rendered":"<p>Jednokierunkowa ulica Dworcowa na przej\u015bciu dla pieszych w rejonie sklepu Jysk zosta\u0142a rozdzielona wysepk\u0105. Ma to poprawi\u0107 bezpiecze\u0144stwo na powstaj\u0105cym tu przeje\u017adzie rowerowym. &#8211; Na przej\u015bciu dla pieszych przez ul. Dworcow\u0105 (naprzeciw Jyska) dochodzi\u0142o do wypadk\u00f3w z udzia\u0142em pieszych. Poniewa\u017c budowa trasy rowerowej dodatkowo spowoduje wzmo\u017cenie ruchu na tym przej\u015bciu (piesi i rowerzy\u015bci) budowana jest [&hellip;]<\/p>\n","protected":false},"author":15,"featured_media":105759,"comment_status":"open","ping_status":"closed","sticky":false,"template":"","format":"standard","meta":{"_monsterinsights_skip_tracking":false,"_monsterinsights_sitenote_active":false,"_monsterinsights_sitenote_note":"","_monsterinsights_sitenote_category":0,"footnotes":"","_links_to":"","_links_to_target":""},"categories":[3,1,9],"tags":[8480,10427,7750,3297],"class_list":["post-105708","post","type-post","status-publish","format-standard","has-post-thumbnail","hentry","category-gliwice","category-wszystko","category-aktualnosci_lokalne","tag-dworcowa","tag-przejazd-rowerowy","tag-przejscie-dla-pieszych","tag-skrzyzowanie"],"yoast_head":"<!-- This site is optimized with the Yoast SEO plugin v27.5 - https:\/\/yoast.com\/product\/yoast-seo-wordpress\/ -->\n<title>Na ulicy Dworcowej pojawi\u0142a si\u0119 nowa wysepka. Dzi\u0119ki niej ma tu by\u0107 bezpieczniej - 24GLIWICE - Portal Gliwice | codziennie nowe informacje<\/title>\n<meta name=\"robots\" content=\"index, follow, max-snippet:-1, max-image-preview:large, max-video-preview:-1\" \/>\n<link rel=\"canonical\" href=\"https:\/\/www.24gliwice.pl\/wiadomosci\/na-ulicy-dworcowej-powstaje-nowa-wysepka-dzieki-niej-ma-tu-byc-bezpieczniej\/\" \/>\n<meta property=\"og:locale\" content=\"pl_PL\" \/>\n<meta property=\"og:type\" content=\"article\" \/>\n<meta property=\"og:title\" content=\"Na ulicy Dworcowej pojawi\u0142a si\u0119 nowa wysepka. Dzi\u0119ki niej ma tu by\u0107 bezpieczniej - 24GLIWICE - Portal Gliwice | codziennie nowe informacje\" \/>\n<meta property=\"og:description\" content=\"Jednokierunkowa ulica Dworcowa na przej\u015bciu dla pieszych w rejonie sklepu Jysk zosta\u0142a rozdzielona wysepk\u0105. Ma to poprawi\u0107 bezpiecze\u0144stwo na powstaj\u0105cym tu przeje\u017adzie rowerowym. &#8211; Na przej\u015bciu dla pieszych przez ul. Dworcow\u0105 (naprzeciw Jyska) dochodzi\u0142o do wypadk\u00f3w z udzia\u0142em pieszych. Poniewa\u017c budowa trasy rowerowej dodatkowo spowoduje wzmo\u017cenie ruchu na tym przej\u015bciu (piesi i rowerzy\u015bci) budowana jest [&hellip;]\" \/>\n<meta property=\"og:url\" content=\"https:\/\/www.24gliwice.pl\/wiadomosci\/na-ulicy-dworcowej-powstaje-nowa-wysepka-dzieki-niej-ma-tu-byc-bezpieczniej\/\" \/>\n<meta property=\"og:site_name\" content=\"24GLIWICE - Portal Gliwice | codziennie nowe informacje\" \/>\n<meta property=\"article:publisher\" content=\"https:\/\/www.facebook.com\/24gliwice\" \/>\n<meta property=\"article:published_time\" content=\"2017-10-16T10:31:22+00:00\" \/>\n<meta property=\"article:modified_time\" content=\"2017-10-17T19:30:11+00:00\" \/>\n<meta property=\"og:image\" content=\"https:\/\/www.24gliwice.pl\/wiadomosci\/wp-content\/uploads\/2017\/10\/1-dworcowa-wysepka-2.jpg\" \/>\n\t<meta property=\"og:image:width\" content=\"810\" \/>\n\t<meta property=\"og:image:height\" content=\"456\" \/>\n\t<meta property=\"og:image:type\" content=\"image\/jpeg\" \/>\n<meta name=\"author\" content=\"\u017baneta Mrozek-Siewierska\" \/>\n<meta name=\"twitter:card\" content=\"summary_large_image\" \/>\n<meta name=\"twitter:creator\" content=\"@24gliwice\" \/>\n<meta name=\"twitter:site\" content=\"@24gliwice\" \/>\n<meta name=\"twitter:label1\" content=\"Napisane przez\" \/>\n\t<meta name=\"twitter:data1\" content=\"\u017baneta Mrozek-Siewierska\" \/>\n\t<meta name=\"twitter:label2\" content=\"Szacowany czas czytania\" \/>\n\t<meta name=\"twitter:data2\" content=\"1 minuta\" \/>\n<script type=\"application\/ld+json\" class=\"yoast-schema-graph\">{\"@context\":\"https:\\\/\\\/schema.org\",\"@graph\":[{\"@type\":\"Article\",\"@id\":\"https:\\\/\\\/www.24gliwice.pl\\\/wiadomosci\\\/na-ulicy-dworcowej-powstaje-nowa-wysepka-dzieki-niej-ma-tu-byc-bezpieczniej\\\/#article\",\"isPartOf\":{\"@id\":\"https:\\\/\\\/www.24gliwice.pl\\\/wiadomosci\\\/na-ulicy-dworcowej-powstaje-nowa-wysepka-dzieki-niej-ma-tu-byc-bezpieczniej\\\/\"},\"author\":{\"name\":\"\u017baneta Mrozek-Siewierska\",\"@id\":\"https:\\\/\\\/www.24gliwice.pl\\\/wiadomosci\\\/#\\\/schema\\\/person\\\/e42c650edd7f2fa332be3811fb166b6e\"},\"headline\":\"Na ulicy Dworcowej pojawi\u0142a si\u0119 nowa wysepka. Dzi\u0119ki niej ma tu by\u0107 bezpieczniej\",\"datePublished\":\"2017-10-16T10:31:22+00:00\",\"dateModified\":\"2017-10-17T19:30:11+00:00\",\"mainEntityOfPage\":{\"@id\":\"https:\\\/\\\/www.24gliwice.pl\\\/wiadomosci\\\/na-ulicy-dworcowej-powstaje-nowa-wysepka-dzieki-niej-ma-tu-byc-bezpieczniej\\\/\"},\"wordCount\":233,\"commentCount\":0,\"publisher\":{\"@id\":\"https:\\\/\\\/www.24gliwice.pl\\\/wiadomosci\\\/#organization\"},\"image\":{\"@id\":\"https:\\\/\\\/www.24gliwice.pl\\\/wiadomosci\\\/na-ulicy-dworcowej-powstaje-nowa-wysepka-dzieki-niej-ma-tu-byc-bezpieczniej\\\/#primaryimage\"},\"thumbnailUrl\":\"https:\\\/\\\/www.24gliwice.pl\\\/wiadomosci\\\/wp-content\\\/uploads\\\/2017\\\/10\\\/1-dworcowa-wysepka-2.jpg\",\"keywords\":[\"DWORCOWA\",\"przejazd rowerowy\",\"PRZEJ\u015aCIE DLA PIESZYCH\",\"SKRZY\u017bOWANIE\"],\"articleSection\":[\"Gliwice\",\"Najnowsze wiadomo\u015bci\",\"Portal Gliwice - Wiadomo\u015bci lokalne\"],\"inLanguage\":\"pl-PL\",\"potentialAction\":[{\"@type\":\"CommentAction\",\"name\":\"Comment\",\"target\":[\"https:\\\/\\\/www.24gliwice.pl\\\/wiadomosci\\\/na-ulicy-dworcowej-powstaje-nowa-wysepka-dzieki-niej-ma-tu-byc-bezpieczniej\\\/#respond\"]}]},{\"@type\":\"WebPage\",\"@id\":\"https:\\\/\\\/www.24gliwice.pl\\\/wiadomosci\\\/na-ulicy-dworcowej-powstaje-nowa-wysepka-dzieki-niej-ma-tu-byc-bezpieczniej\\\/\",\"url\":\"https:\\\/\\\/www.24gliwice.pl\\\/wiadomosci\\\/na-ulicy-dworcowej-powstaje-nowa-wysepka-dzieki-niej-ma-tu-byc-bezpieczniej\\\/\",\"name\":\"Na ulicy Dworcowej pojawi\u0142a si\u0119 nowa wysepka. Dzi\u0119ki niej ma tu by\u0107 bezpieczniej - 24GLIWICE - Portal Gliwice | codziennie nowe informacje\",\"isPartOf\":{\"@id\":\"https:\\\/\\\/www.24gliwice.pl\\\/wiadomosci\\\/#website\"},\"primaryImageOfPage\":{\"@id\":\"https:\\\/\\\/www.24gliwice.pl\\\/wiadomosci\\\/na-ulicy-dworcowej-powstaje-nowa-wysepka-dzieki-niej-ma-tu-byc-bezpieczniej\\\/#primaryimage\"},\"image\":{\"@id\":\"https:\\\/\\\/www.24gliwice.pl\\\/wiadomosci\\\/na-ulicy-dworcowej-powstaje-nowa-wysepka-dzieki-niej-ma-tu-byc-bezpieczniej\\\/#primaryimage\"},\"thumbnailUrl\":\"https:\\\/\\\/www.24gliwice.pl\\\/wiadomosci\\\/wp-content\\\/uploads\\\/2017\\\/10\\\/1-dworcowa-wysepka-2.jpg\",\"datePublished\":\"2017-10-16T10:31:22+00:00\",\"dateModified\":\"2017-10-17T19:30:11+00:00\",\"breadcrumb\":{\"@id\":\"https:\\\/\\\/www.24gliwice.pl\\\/wiadomosci\\\/na-ulicy-dworcowej-powstaje-nowa-wysepka-dzieki-niej-ma-tu-byc-bezpieczniej\\\/#breadcrumb\"},\"inLanguage\":\"pl-PL\",\"potentialAction\":[{\"@type\":\"ReadAction\",\"target\":[\"https:\\\/\\\/www.24gliwice.pl\\\/wiadomosci\\\/na-ulicy-dworcowej-powstaje-nowa-wysepka-dzieki-niej-ma-tu-byc-bezpieczniej\\\/\"]}]},{\"@type\":\"ImageObject\",\"inLanguage\":\"pl-PL\",\"@id\":\"https:\\\/\\\/www.24gliwice.pl\\\/wiadomosci\\\/na-ulicy-dworcowej-powstaje-nowa-wysepka-dzieki-niej-ma-tu-byc-bezpieczniej\\\/#primaryimage\",\"url\":\"https:\\\/\\\/www.24gliwice.pl\\\/wiadomosci\\\/wp-content\\\/uploads\\\/2017\\\/10\\\/1-dworcowa-wysepka-2.jpg\",\"contentUrl\":\"https:\\\/\\\/www.24gliwice.pl\\\/wiadomosci\\\/wp-content\\\/uploads\\\/2017\\\/10\\\/1-dworcowa-wysepka-2.jpg\",\"width\":810,\"height\":456},{\"@type\":\"BreadcrumbList\",\"@id\":\"https:\\\/\\\/www.24gliwice.pl\\\/wiadomosci\\\/na-ulicy-dworcowej-powstaje-nowa-wysepka-dzieki-niej-ma-tu-byc-bezpieczniej\\\/#breadcrumb\",\"itemListElement\":[{\"@type\":\"ListItem\",\"position\":1,\"name\":\"Strona g\u0142\u00f3wna\",\"item\":\"https:\\\/\\\/www.24gliwice.pl\\\/wiadomosci\\\/\"},{\"@type\":\"ListItem\",\"position\":2,\"name\":\"Na ulicy Dworcowej pojawi\u0142a si\u0119 nowa wysepka. Dzi\u0119ki niej ma tu by\u0107 bezpieczniej\"}]},{\"@type\":\"WebSite\",\"@id\":\"https:\\\/\\\/www.24gliwice.pl\\\/wiadomosci\\\/#website\",\"url\":\"https:\\\/\\\/www.24gliwice.pl\\\/wiadomosci\\\/\",\"name\":\"24GLIWICE - Portal Gliwice | codziennie nowe wiadomo\u015bci\",\"description\":\"Portal Miejski Gliwice\",\"publisher\":{\"@id\":\"https:\\\/\\\/www.24gliwice.pl\\\/wiadomosci\\\/#organization\"},\"potentialAction\":[{\"@type\":\"SearchAction\",\"target\":{\"@type\":\"EntryPoint\",\"urlTemplate\":\"https:\\\/\\\/www.24gliwice.pl\\\/wiadomosci\\\/?s={search_term_string}\"},\"query-input\":{\"@type\":\"PropertyValueSpecification\",\"valueRequired\":true,\"valueName\":\"search_term_string\"}}],\"inLanguage\":\"pl-PL\"},{\"@type\":\"Organization\",\"@id\":\"https:\\\/\\\/www.24gliwice.pl\\\/wiadomosci\\\/#organization\",\"name\":\"24gliwice\",\"url\":\"https:\\\/\\\/www.24gliwice.pl\\\/wiadomosci\\\/\",\"logo\":{\"@type\":\"ImageObject\",\"inLanguage\":\"pl-PL\",\"@id\":\"https:\\\/\\\/www.24gliwice.pl\\\/wiadomosci\\\/#\\\/schema\\\/logo\\\/image\\\/\",\"url\":\"https:\\\/\\\/www.24gliwice.pl\\\/wiadomosci\\\/wp-content\\\/uploads\\\/2024\\\/10\\\/24gliwice-logo-696.jpg\",\"contentUrl\":\"https:\\\/\\\/www.24gliwice.pl\\\/wiadomosci\\\/wp-content\\\/uploads\\\/2024\\\/10\\\/24gliwice-logo-696.jpg\",\"width\":696,\"height\":696,\"caption\":\"24gliwice\"},\"image\":{\"@id\":\"https:\\\/\\\/www.24gliwice.pl\\\/wiadomosci\\\/#\\\/schema\\\/logo\\\/image\\\/\"},\"sameAs\":[\"https:\\\/\\\/www.facebook.com\\\/24gliwice\",\"https:\\\/\\\/x.com\\\/24gliwice\",\"https:\\\/\\\/www.youtube.com\\\/@24gliwice\"]},{\"@type\":\"Person\",\"@id\":\"https:\\\/\\\/www.24gliwice.pl\\\/wiadomosci\\\/#\\\/schema\\\/person\\\/e42c650edd7f2fa332be3811fb166b6e\",\"name\":\"\u017baneta Mrozek-Siewierska\",\"image\":{\"@type\":\"ImageObject\",\"inLanguage\":\"pl-PL\",\"@id\":\"https:\\\/\\\/secure.gravatar.com\\\/avatar\\\/1881429e9c64597c77ad7aef2d0a19be69a3253e57534d16aa15bf3a4d34a0a3?s=96&d=mm&r=g\",\"url\":\"https:\\\/\\\/secure.gravatar.com\\\/avatar\\\/1881429e9c64597c77ad7aef2d0a19be69a3253e57534d16aa15bf3a4d34a0a3?s=96&d=mm&r=g\",\"contentUrl\":\"https:\\\/\\\/secure.gravatar.com\\\/avatar\\\/1881429e9c64597c77ad7aef2d0a19be69a3253e57534d16aa15bf3a4d34a0a3?s=96&d=mm&r=g\",\"caption\":\"\u017baneta Mrozek-Siewierska\"},\"url\":\"https:\\\/\\\/www.24gliwice.pl\\\/wiadomosci\\\/author\\\/zms\\\/\"}]}<\/script>\n<!-- \/ Yoast SEO plugin. -->","yoast_head_json":{"title":"Na ulicy Dworcowej pojawi\u0142a si\u0119 nowa wysepka. Dzi\u0119ki niej ma tu by\u0107 bezpieczniej - 24GLIWICE - Portal Gliwice | codziennie nowe informacje","robots":{"index":"index","follow":"follow","max-snippet":"max-snippet:-1","max-image-preview":"max-image-preview:large","max-video-preview":"max-video-preview:-1"},"canonical":"https:\/\/www.24gliwice.pl\/wiadomosci\/na-ulicy-dworcowej-powstaje-nowa-wysepka-dzieki-niej-ma-tu-byc-bezpieczniej\/","og_locale":"pl_PL","og_type":"article","og_title":"Na ulicy Dworcowej pojawi\u0142a si\u0119 nowa wysepka. Dzi\u0119ki niej ma tu by\u0107 bezpieczniej - 24GLIWICE - Portal Gliwice | codziennie nowe informacje","og_description":"Jednokierunkowa ulica Dworcowa na przej\u015bciu dla pieszych w rejonie sklepu Jysk zosta\u0142a rozdzielona wysepk\u0105. Ma to poprawi\u0107 bezpiecze\u0144stwo na powstaj\u0105cym tu przeje\u017adzie rowerowym. &#8211; Na przej\u015bciu dla pieszych przez ul. Dworcow\u0105 (naprzeciw Jyska) dochodzi\u0142o do wypadk\u00f3w z udzia\u0142em pieszych. Poniewa\u017c budowa trasy rowerowej dodatkowo spowoduje wzmo\u017cenie ruchu na tym przej\u015bciu (piesi i rowerzy\u015bci) budowana jest [&hellip;]","og_url":"https:\/\/www.24gliwice.pl\/wiadomosci\/na-ulicy-dworcowej-powstaje-nowa-wysepka-dzieki-niej-ma-tu-byc-bezpieczniej\/","og_site_name":"24GLIWICE - Portal Gliwice | codziennie nowe informacje","article_publisher":"https:\/\/www.facebook.com\/24gliwice","article_published_time":"2017-10-16T10:31:22+00:00","article_modified_time":"2017-10-17T19:30:11+00:00","og_image":[{"width":810,"height":456,"url":"https:\/\/www.24gliwice.pl\/wiadomosci\/wp-content\/uploads\/2017\/10\/1-dworcowa-wysepka-2.jpg","type":"image\/jpeg"}],"author":"\u017baneta Mrozek-Siewierska","twitter_card":"summary_large_image","twitter_creator":"@24gliwice","twitter_site":"@24gliwice","twitter_misc":{"Napisane przez":"\u017baneta Mrozek-Siewierska","Szacowany czas czytania":"1 minuta"},"schema":{"@context":"https:\/\/schema.org","@graph":[{"@type":"Article","@id":"https:\/\/www.24gliwice.pl\/wiadomosci\/na-ulicy-dworcowej-powstaje-nowa-wysepka-dzieki-niej-ma-tu-byc-bezpieczniej\/#article","isPartOf":{"@id":"https:\/\/www.24gliwice.pl\/wiadomosci\/na-ulicy-dworcowej-powstaje-nowa-wysepka-dzieki-niej-ma-tu-byc-bezpieczniej\/"},"author":{"name":"\u017baneta Mrozek-Siewierska","@id":"https:\/\/www.24gliwice.pl\/wiadomosci\/#\/schema\/person\/e42c650edd7f2fa332be3811fb166b6e"},"headline":"Na ulicy Dworcowej pojawi\u0142a si\u0119 nowa wysepka. Dzi\u0119ki niej ma tu by\u0107 bezpieczniej","datePublished":"2017-10-16T10:31:22+00:00","dateModified":"2017-10-17T19:30:11+00:00","mainEntityOfPage":{"@id":"https:\/\/www.24gliwice.pl\/wiadomosci\/na-ulicy-dworcowej-powstaje-nowa-wysepka-dzieki-niej-ma-tu-byc-bezpieczniej\/"},"wordCount":233,"commentCount":0,"publisher":{"@id":"https:\/\/www.24gliwice.pl\/wiadomosci\/#organization"},"image":{"@id":"https:\/\/www.24gliwice.pl\/wiadomosci\/na-ulicy-dworcowej-powstaje-nowa-wysepka-dzieki-niej-ma-tu-byc-bezpieczniej\/#primaryimage"},"thumbnailUrl":"https:\/\/www.24gliwice.pl\/wiadomosci\/wp-content\/uploads\/2017\/10\/1-dworcowa-wysepka-2.jpg","keywords":["DWORCOWA","przejazd rowerowy","PRZEJ\u015aCIE DLA PIESZYCH","SKRZY\u017bOWANIE"],"articleSection":["Gliwice","Najnowsze wiadomo\u015bci","Portal Gliwice - Wiadomo\u015bci lokalne"],"inLanguage":"pl-PL","potentialAction":[{"@type":"CommentAction","name":"Comment","target":["https:\/\/www.24gliwice.pl\/wiadomosci\/na-ulicy-dworcowej-powstaje-nowa-wysepka-dzieki-niej-ma-tu-byc-bezpieczniej\/#respond"]}]},{"@type":"WebPage","@id":"https:\/\/www.24gliwice.pl\/wiadomosci\/na-ulicy-dworcowej-powstaje-nowa-wysepka-dzieki-niej-ma-tu-byc-bezpieczniej\/","url":"https:\/\/www.24gliwice.pl\/wiadomosci\/na-ulicy-dworcowej-powstaje-nowa-wysepka-dzieki-niej-ma-tu-byc-bezpieczniej\/","name":"Na ulicy Dworcowej pojawi\u0142a si\u0119 nowa wysepka. Dzi\u0119ki niej ma tu by\u0107 bezpieczniej - 24GLIWICE - Portal Gliwice | codziennie nowe informacje","isPartOf":{"@id":"https:\/\/www.24gliwice.pl\/wiadomosci\/#website"},"primaryImageOfPage":{"@id":"https:\/\/www.24gliwice.pl\/wiadomosci\/na-ulicy-dworcowej-powstaje-nowa-wysepka-dzieki-niej-ma-tu-byc-bezpieczniej\/#primaryimage"},"image":{"@id":"https:\/\/www.24gliwice.pl\/wiadomosci\/na-ulicy-dworcowej-powstaje-nowa-wysepka-dzieki-niej-ma-tu-byc-bezpieczniej\/#primaryimage"},"thumbnailUrl":"https:\/\/www.24gliwice.pl\/wiadomosci\/wp-content\/uploads\/2017\/10\/1-dworcowa-wysepka-2.jpg","datePublished":"2017-10-16T10:31:22+00:00","dateModified":"2017-10-17T19:30:11+00:00","breadcrumb":{"@id":"https:\/\/www.24gliwice.pl\/wiadomosci\/na-ulicy-dworcowej-powstaje-nowa-wysepka-dzieki-niej-ma-tu-byc-bezpieczniej\/#breadcrumb"},"inLanguage":"pl-PL","potentialAction":[{"@type":"ReadAction","target":["https:\/\/www.24gliwice.pl\/wiadomosci\/na-ulicy-dworcowej-powstaje-nowa-wysepka-dzieki-niej-ma-tu-byc-bezpieczniej\/"]}]},{"@type":"ImageObject","inLanguage":"pl-PL","@id":"https:\/\/www.24gliwice.pl\/wiadomosci\/na-ulicy-dworcowej-powstaje-nowa-wysepka-dzieki-niej-ma-tu-byc-bezpieczniej\/#primaryimage","url":"https:\/\/www.24gliwice.pl\/wiadomosci\/wp-content\/uploads\/2017\/10\/1-dworcowa-wysepka-2.jpg","contentUrl":"https:\/\/www.24gliwice.pl\/wiadomosci\/wp-content\/uploads\/2017\/10\/1-dworcowa-wysepka-2.jpg","width":810,"height":456},{"@type":"BreadcrumbList","@id":"https:\/\/www.24gliwice.pl\/wiadomosci\/na-ulicy-dworcowej-powstaje-nowa-wysepka-dzieki-niej-ma-tu-byc-bezpieczniej\/#breadcrumb","itemListElement":[{"@type":"ListItem","position":1,"name":"Strona g\u0142\u00f3wna","item":"https:\/\/www.24gliwice.pl\/wiadomosci\/"},{"@type":"ListItem","position":2,"name":"Na ulicy Dworcowej pojawi\u0142a si\u0119 nowa wysepka. Dzi\u0119ki niej ma tu by\u0107 bezpieczniej"}]},{"@type":"WebSite","@id":"https:\/\/www.24gliwice.pl\/wiadomosci\/#website","url":"https:\/\/www.24gliwice.pl\/wiadomosci\/","name":"24GLIWICE - Portal Gliwice | codziennie nowe wiadomo\u015bci","description":"Portal Miejski Gliwice","publisher":{"@id":"https:\/\/www.24gliwice.pl\/wiadomosci\/#organization"},"potentialAction":[{"@type":"SearchAction","target":{"@type":"EntryPoint","urlTemplate":"https:\/\/www.24gliwice.pl\/wiadomosci\/?s={search_term_string}"},"query-input":{"@type":"PropertyValueSpecification","valueRequired":true,"valueName":"search_term_string"}}],"inLanguage":"pl-PL"},{"@type":"Organization","@id":"https:\/\/www.24gliwice.pl\/wiadomosci\/#organization","name":"24gliwice","url":"https:\/\/www.24gliwice.pl\/wiadomosci\/","logo":{"@type":"ImageObject","inLanguage":"pl-PL","@id":"https:\/\/www.24gliwice.pl\/wiadomosci\/#\/schema\/logo\/image\/","url":"https:\/\/www.24gliwice.pl\/wiadomosci\/wp-content\/uploads\/2024\/10\/24gliwice-logo-696.jpg","contentUrl":"https:\/\/www.24gliwice.pl\/wiadomosci\/wp-content\/uploads\/2024\/10\/24gliwice-logo-696.jpg","width":696,"height":696,"caption":"24gliwice"},"image":{"@id":"https:\/\/www.24gliwice.pl\/wiadomosci\/#\/schema\/logo\/image\/"},"sameAs":["https:\/\/www.facebook.com\/24gliwice","https:\/\/x.com\/24gliwice","https:\/\/www.youtube.com\/@24gliwice"]},{"@type":"Person","@id":"https:\/\/www.24gliwice.pl\/wiadomosci\/#\/schema\/person\/e42c650edd7f2fa332be3811fb166b6e","name":"\u017baneta Mrozek-Siewierska","image":{"@type":"ImageObject","inLanguage":"pl-PL","@id":"https:\/\/secure.gravatar.com\/avatar\/1881429e9c64597c77ad7aef2d0a19be69a3253e57534d16aa15bf3a4d34a0a3?s=96&d=mm&r=g","url":"https:\/\/secure.gravatar.com\/avatar\/1881429e9c64597c77ad7aef2d0a19be69a3253e57534d16aa15bf3a4d34a0a3?s=96&d=mm&r=g","contentUrl":"https:\/\/secure.gravatar.com\/avatar\/1881429e9c64597c77ad7aef2d0a19be69a3253e57534d16aa15bf3a4d34a0a3?s=96&d=mm&r=g","caption":"\u017baneta Mrozek-Siewierska"},"url":"https:\/\/www.24gliwice.pl\/wiadomosci\/author\/zms\/"}]}},"_links":{"self":[{"href":"https:\/\/www.24gliwice.pl\/wiadomosci\/wp-json\/wp\/v2\/posts\/105708","targetHints":{"allow":["GET"]}}],"collection":[{"href":"https:\/\/www.24gliwice.pl\/wiadomosci\/wp-json\/wp\/v2\/posts"}],"about":[{"href":"https:\/\/www.24gliwice.pl\/wiadomosci\/wp-json\/wp\/v2\/types\/post"}],"author":[{"embeddable":true,"href":"https:\/\/www.24gliwice.pl\/wiadomosci\/wp-json\/wp\/v2\/users\/15"}],"replies":[{"embeddable":true,"href":"https:\/\/www.24gliwice.pl\/wiadomosci\/wp-json\/wp\/v2\/comments?post=105708"}],"version-history":[{"count":0,"href":"https:\/\/www.24gliwice.pl\/wiadomosci\/wp-json\/wp\/v2\/posts\/105708\/revisions"}],"wp:featuredmedia":[{"embeddable":true,"href":"https:\/\/www.24gliwice.pl\/wiadomosci\/wp-json\/wp\/v2\/media\/105759"}],"wp:attachment":[{"href":"https:\/\/www.24gliwice.pl\/wiadomosci\/wp-json\/wp\/v2\/media?parent=105708"}],"wp:term":[{"taxonomy":"category","embeddable":true,"href":"https:\/\/www.24gliwice.pl\/wiadomosci\/wp-json\/wp\/v2\/categories?post=105708"},{"taxonomy":"post_tag","embeddable":true,"href":"https:\/\/www.24gliwice.pl\/wiadomosci\/wp-json\/wp\/v2\/tags?post=105708"}],"curies":[{"name":"wp","href":"https:\/\/api.w.org\/{rel}","templated":true}]}}