{"id":105741,"date":"2017-10-14T01:22:16","date_gmt":"2017-10-13T23:22:16","guid":{"rendered":"http:\/\/www.24gliwice.pl\/wiadomosci\/?p=105741"},"modified":"2017-10-14T01:22:16","modified_gmt":"2017-10-13T23:22:16","slug":"ruszyly-zapisy-na-bezplatne-badania-medyczne-w-akcji-uczestniczy-kilkanascie-placowek","status":"publish","type":"post","link":"https:\/\/www.24gliwice.pl\/wiadomosci\/ruszyly-zapisy-na-bezplatne-badania-medyczne-w-akcji-uczestniczy-kilkanascie-placowek\/","title":{"rendered":"Ruszy\u0142y zapisy na bezp\u0142atne badania medyczne. W akcji uczestniczy kilkana\u015bcie plac\u00f3wek"},"content":{"rendered":"<div class=\"gliwi-a6-nad-leadem-artykulow gliwi-entity-placement\" id=\"gliwi-1436338731\"><div class=\"gliwi-adlabel\"><span style=\"font-size: 9px\">REKLAMA<\/span><\/div><div id=\"gliwi-1380801395\" style=\"margin-bottom: 30px;margin-left: auto;margin-right: auto;text-align: center;\"><a data-no-instant=\"1\" href=\"https:\/\/przedszkole.halogen.org.pl\/\" rel=\"noopener\" class=\"a2t-link\" target=\"_blank\" aria-label=\"20260402-ANIMATOR-przedszkole_grafika_750x200\"><img loading=\"lazy\" decoding=\"async\" src=\"https:\/\/www.24gliwice.pl\/wiadomosci\/wp-content\/uploads\/2026\/04\/20260402-ANIMATOR-przedszkole_grafika_750x200.webp\" alt=\"\"  srcset=\"https:\/\/www.24gliwice.pl\/wiadomosci\/wp-content\/uploads\/2026\/04\/20260402-ANIMATOR-przedszkole_grafika_750x200.webp 750w, https:\/\/www.24gliwice.pl\/wiadomosci\/wp-content\/uploads\/2026\/04\/20260402-ANIMATOR-przedszkole_grafika_750x200-410x109.webp 410w\" sizes=\"(max-width: 750px) 100vw, 750px\" class=\"no-lazyload\" width=\"750\" height=\"200\"  style=\"display: inline-block; max-width: 100%; height: auto;\" \/><\/a><\/div><\/div><h3>21 pa\u017adziernika po raz kolejny b\u0119dzie mo\u017cna skorzysta\u0107 z bezp\u0142atnych bada\u0144, specjalistycznych konsultacji i spotka\u0144 o tematyce medycznej w ramach miejskiej akcji \u201eGliwicki Dzie\u0144 dla Zdrowia\u201d.<\/h3>\n<p>Rejestracja telefoniczna do plac\u00f3wek ruszy\u0142a 12 pa\u017adziernika.<\/p>\n<p>\u201eGliwicki Dzie\u0144 dla Zdrowia\u201d jest organizowany po raz si\u00f3dmy i cieszy si\u0119 nies\u0142abn\u0105cym zainteresowaniem mieszka\u0144c\u00f3w. W ubieg\u0142ym roku z oferty skorzysta\u0142o niemal 900 os\u00f3b. Na podkre\u015blenie zas\u0142uguje fakt, \u017ce dzia\u0142aj\u0105ce w Gliwicach plac\u00f3wki medyczne nieodp\u0142atnie przy\u0142\u0105czaj\u0105 si\u0119 na zaproszenie miasta do tej wa\u017cnej akcji spo\u0142ecznej. Bez nich zrealizowanie tego przedsi\u0119wzi\u0119cia by\u0142oby niemo\u017cliwe.<\/p><div class=\"gliwi-a3-w-tresci-artykulow gliwi-entity-placement\" id=\"gliwi-876123607\"><div class=\"gliwi-adlabel\"><span style=\"font-size: 9px\">REKLAMA<\/span><\/div><div id=\"gliwi-3025354413\" style=\"margin-bottom: 30px;margin-left: auto;margin-right: auto;text-align: center;\"><a data-no-instant=\"1\" href=\"https:\/\/zlobek.halogen.org.pl\/\" rel=\"noopener\" class=\"a2t-link\" target=\"_blank\" aria-label=\"animator-zlobek_750x200\"><img loading=\"lazy\" decoding=\"async\" src=\"https:\/\/www.24gliwice.pl\/wiadomosci\/wp-content\/uploads\/2026\/02\/animator-zlobek_750x200.webp\" alt=\"\"  srcset=\"https:\/\/www.24gliwice.pl\/wiadomosci\/wp-content\/uploads\/2026\/02\/animator-zlobek_750x200.webp 750w, https:\/\/www.24gliwice.pl\/wiadomosci\/wp-content\/uploads\/2026\/02\/animator-zlobek_750x200-410x109.webp 410w\" sizes=\"(max-width: 750px) 100vw, 750px\" class=\"no-lazyload\" width=\"750\" height=\"200\"  style=\"display: inline-block; max-width: 100%; height: auto;\" \/><\/a><\/div><\/div>\n[perfectpullquote align=&#8221;full&#8221; cite=&#8221;&#8221; link=&#8221;&#8221; color=&#8221;&#8221; class=&#8221;&#8221; size=&#8221;&#8221;] Warto zapozna\u0107 si\u0119 ze szczeg\u00f3\u0142owym wykazem tegorocznych propozycji, bo jest w czym wybiera\u0107.\u00a0\u00a0 \u00a0 [\/perfectpullquote]\n<p>Tradycyjnie w wyznaczonych godzinach (g\u0142\u00f3wnie od 10.00 do 15.00) b\u0119dzie okazja do przeprowadzenia r\u00f3\u017cnorodnych bada\u0144, uzyskania porad dotycz\u0105cych wielu schorze\u0144, zadbania o kondycj\u0119 zdrowotn\u0105 i fizyczn\u0105. Uwaga! W tym roku konieczna b\u0119dzie wcze\u015bniejsza <strong>rejestracja telefoniczna<\/strong> \u2013 od 12 pa\u017adziernika.<\/p>\n<h4>LISTA PUNKT\u00d3W, W KT\u00d3RYCH MO\u017bNA SI\u0118 PRZEBADA\u0106<\/h4>\n<p><strong>Przychodnia Bracka Gliwice, ul. Bojkowska 20 \u2013 bez rejestracji<\/strong><\/p>\n<p>&#8211; pomiary ci\u015bnienia oraz poziomu glukozy we krwi,<br \/>\n&#8211; badanie czynno\u015bciowe uk\u0142adu oddechowego \u2013 spirometria dla doros\u0142ych,<br \/>\n&#8211; taping \u2013 plastrowanie miejsc b\u00f3lowych dla doros\u0142ych,<br \/>\n&#8211; konsultacje fizjoterapeutyczne w zakresie wad postawy dla doros\u0142ych i dzieci,<br \/>\n&#8211; przegl\u0105dy stomatologiczne dla doros\u0142ych i dzieci,<br \/>\n&#8211; przesiewowe badania USG jamy brzusznej dla dzieci w wieku 0-10 lat.<\/p>\n<p><strong>B Dental Baron Sp.J. Gliwice, ul. Chemiczna 3, rejestracja 32\/330-30-35 , 517-264-244<\/strong><\/p>\n<p>&#8211; konsultacje stomatologiczne<br \/>\n&#8211; konsultacje lekarskie z zakresu chirurgii, proktologii, chirurgii \u017cylak\u00f3w.<\/p>\n<p><strong>Augmed Centrum Okulistyczne Gliwice, ul. \u0141ab\u0119dzka 20, rejestracja tel. 32\/888-58-08<\/strong><\/p>\n<p>&#8211; badanie przesiewowe w celu wczesnego wykrycia za\u0107my dla doros\u0142ych, a w szczeg\u00f3lno\u015bci dla os\u00f3b powy\u017cej 45. roku \u017cycia.<\/p>\n<p><strong>ARTE CLINIC Ma\u0142gorzata Warcho\u0142 Gliwice, ul. Zygmunta Starego 31\/1, rejestracja 508-006-002<\/strong><\/p>\n<p>&#8211; konsultacje z zakresu higieny stomatologicznej i kosmetologii.<\/p>\n<p><strong>Centrum Kszta\u0142cenia Zawodowego i Ustawicznego Woj. \u015al\u0105skiego w Gliwicach, ul. Chudoby 10, rejestracja tel. 32\/231-22-55<\/strong><\/p>\n<p>&#8211; zabiegi z zakresu kosmetyki, wiza\u017cu, masa\u017c, oznaczanie poziomu cukru we krwi, pomiary ci\u015bnienia krwi.<\/p>\n<p><strong>Ewelina Domnieniewska, Wo\u0142owski Jacek, Gliwice, ul. Lipowa, Targowisko Miejskie (naprzeciwko Stadionu Piast) \u2013 bez zapis\u00f3w<\/strong><\/p>\n<p>&#8211; holistyczny test obci\u0105\u017ce\u0144, bezinwazyjny bilans mineralno-funkcjonalny ca\u0142ego organizmu i narz\u0105d\u00f3w.<\/p>\n<p><strong>SKPON Gliwice, ul. S\u0142owackiego 58b, rejestracja tel. 32\/231-22-55<\/strong><\/p>\n<p>&#8211; konsultacje fizjoterapeuty, logopedy i pedagoga.<\/p>\n<p><strong>BM Quality Med. Sp. z o.o. Gliwice, ul. Kozielska 141D, rejestracja tel. 698-681-790<\/strong><\/p>\n<p>&#8211; konsultacje: onkologiczne, stomatologiczne, dietetyczne oraz us\u0142ugi z zakresu stomatologii.<\/p>\n<p><strong>Szpital Wielospecjalistyczny Sp. z o.o. Gliwice, ul. Ko\u015bciuszki 1, rejestracja tel. 32\/238-20-91\/95<\/strong><\/p>\n<p>&#8211; diagnostyka i leczenie bezdechu sennego.<\/p>\n<p><strong>Poradnia Zdrowia Psychicznego CZPiLU Gliwice, ul. D\u0119bowa 5, rejestracja tel. 32\/231-86-15 w. 33<\/strong><\/p>\n<p>&#8211; porada psychiatryczna, psychologiczna,<br \/>\n&#8211; porada terapeuty uzale\u017cnie\u0144.<\/p>\n<p><strong>MARGA \u2013 Gabinety Terapeutyczno-Rehabilitacyjne, ul. Hoblera 10, rejestracja tel. 505-098-653<\/strong><\/p>\n<p>&#8211; logorytmika dla dzieci w wieku 5\u20137 lat od godz. 11.30,<br \/>\n&#8211; zaj\u0119cia logopedyczne po\u0142\u0105czone z zabaw\u0105 ruchow\u0105, stymuluj\u0105ce rozw\u00f3j mowy i rozw\u00f3j motoryczny dziecka,<br \/>\n&#8211; konsultacje specjalistyczne (od 8.00 do 14.00 EEG Biofeedback, terapia r\u0119ki, od 14.00 do 16.30 konsultacje fizjoterapeutyczne).<\/p>\n<p><strong>Us\u0142ugi stomatologiczne s.c. Izabela Kraczla-Bizo\u0144, Zbigniew Bizo\u0144, rejestracja: gabinet przy ul. Gwiazdy Polarnej 50 \u2013 tel. 791-883-229, gabinet przy ul. Czajki 5a \u2013 tel. 723-331-100<\/strong><\/p>\n<p>&#8211; profilaktyczne badania stomatologiczne z profilaktyk\u0105 fluorkow\u0105.<\/p>\n<p><strong>Fizjofit sp. zo.o., ul. Szparagowa 19, rejestracja tel. 698-609-920, 32\/234-07-25<\/strong><\/p>\n<p>&#8211; badanie wad postawy dzieci w wieku 6\u201312 lat, badanie neurologiczne dzieci do 5. roku \u017cycia, konsultacje ortopedyczne doros\u0142ych, konsultacje treningowe doros\u0142ych.<\/p>\n<p><strong>Amplifon Poland Sp. z o.o., Pod Murami 8, rejestracja tel.666-932-626<\/strong><\/p>\n<p>&#8211; badania s\u0142uchu.<\/p>\n<p><strong>GEERS Akustyka S\u0142uchu Sp. z o.o., ul. Dubois 2, rejestracja tel. 32\/230-84-29<\/strong><\/p>\n<p>&#8211; badanie s\u0142uchu, otoskopia (fizykalne badanie ucha), przegl\u0105d aparatu s\u0142uchowego, porady dotycz\u0105ce dopasowania indywidualnej wk\u0142adki usznej i aparatu s\u0142uchowego.<\/p>\n<p><strong>Agnieszka Niewiadomska \u2013 Dietetyk, Klinika Zdrowego Od\u017cywiania, ul. Rybnicka 22, rejestracja tel. 728-324-969<\/strong><\/p>\n<p>&#8211; konsultacja \u017cywieniowa, analiza sk\u0142adu i masy cia\u0142a.<\/p>\n<p><strong>Pryzmat Salon Optyczny i Galeria sztuki Karina Rzendkowska, PH ARENA, aleja Jana Nowaka-Jeziora\u0144skiego 1, rejestracja tel. 530-595-595<\/strong><\/p>\n<p>&#8211; badanie OCT \u2013 diagnostyka chor\u00f3b oczu w kierunku jaskry i AMD.<\/p>\n<p><strong>Pryzmat Sp. z o.o. Gliwice, ul. Tarnog\u00f3rska 70, rejestracja tel. 32\/233-40-32<\/strong><\/p>\n<p>&#8211; 10.00\u201315.00 \u2013 badanie SOCT \u2013 optyczna koherentna tomografia siatk\u00f3wki i nerwu wzrokowego,<br \/>\n&#8211; 15.00\u201317.00 \u2013 wst\u0119pna kwalifikacja do zabiegu laserowej korekcji wad wzorku \u2013 badanie autorefraktometrem oraz badanie grubo\u015bci rog\u00f3wki.<\/p>\n<p>(\u017cms)\/UM(kik)<\/p>\n<div class=\"gliwi-a5-na-koncu-artykulow gliwi-entity-placement\" id=\"gliwi-302259035\"><div class=\"gliwi-adlabel\"><span style=\"font-size: 9px\">REKLAMA<\/span><\/div><div id=\"gliwi-1445876075\" style=\"margin-left: auto;margin-right: auto;text-align: center;\"><a data-no-instant=\"1\" href=\"https:\/\/prezeroarenagliwice.pl\/\" rel=\"noopener\" class=\"a2t-link\" target=\"_blank\" aria-label=\"20260309-PREZERO-WIOSNA-D\"><img loading=\"lazy\" decoding=\"async\" src=\"https:\/\/www.24gliwice.pl\/wiadomosci\/wp-content\/uploads\/2026\/03\/20260309-PREZERO-WIOSNA-D.webp\" alt=\"\"  srcset=\"https:\/\/www.24gliwice.pl\/wiadomosci\/wp-content\/uploads\/2026\/03\/20260309-PREZERO-WIOSNA-D.webp 750w, https:\/\/www.24gliwice.pl\/wiadomosci\/wp-content\/uploads\/2026\/03\/20260309-PREZERO-WIOSNA-D-410x109.webp 410w\" sizes=\"(max-width: 750px) 100vw, 750px\" class=\"no-lazyload\" width=\"750\" height=\"200\"  style=\"display: inline-block; max-width: 100%; height: auto;\" \/><\/a><\/div><\/div>","protected":false},"excerpt":{"rendered":"<p>21 pa\u017adziernika po raz kolejny b\u0119dzie mo\u017cna skorzysta\u0107 z bezp\u0142atnych bada\u0144, specjalistycznych konsultacji i spotka\u0144 o tematyce medycznej w ramach miejskiej akcji \u201eGliwicki Dzie\u0144 dla Zdrowia\u201d. Rejestracja telefoniczna do plac\u00f3wek ruszy\u0142a 12 pa\u017adziernika. \u201eGliwicki Dzie\u0144 dla Zdrowia\u201d jest organizowany po raz si\u00f3dmy i cieszy si\u0119 nies\u0142abn\u0105cym zainteresowaniem mieszka\u0144c\u00f3w. W ubieg\u0142ym roku z oferty skorzysta\u0142o niemal [&hellip;]<\/p>\n","protected":false},"author":15,"featured_media":105743,"comment_status":"open","ping_status":"closed","sticky":false,"template":"","format":"standard","meta":{"_monsterinsights_skip_tracking":false,"_monsterinsights_sitenote_active":false,"_monsterinsights_sitenote_note":"","_monsterinsights_sitenote_category":0,"footnotes":"","_links_to":"","_links_to_target":""},"categories":[3,1],"tags":[10434,5186],"class_list":["post-105741","post","type-post","status-publish","format-standard","has-post-thumbnail","hentry","category-gliwice","category-wszystko","tag-bezplatne-badania","tag-zdrowie"],"yoast_head":"<!-- This site is optimized with the Yoast SEO plugin v27.5 - https:\/\/yoast.com\/product\/yoast-seo-wordpress\/ -->\n<title>Ruszy\u0142y zapisy na bezp\u0142atne badania medyczne. W akcji uczestniczy kilkana\u015bcie plac\u00f3wek - 24GLIWICE - Portal Gliwice | codziennie nowe informacje<\/title>\n<meta name=\"robots\" content=\"index, follow, max-snippet:-1, max-image-preview:large, max-video-preview:-1\" \/>\n<link rel=\"canonical\" href=\"https:\/\/www.24gliwice.pl\/wiadomosci\/ruszyly-zapisy-na-bezplatne-badania-medyczne-w-akcji-uczestniczy-kilkanascie-placowek\/\" \/>\n<meta property=\"og:locale\" content=\"pl_PL\" \/>\n<meta property=\"og:type\" content=\"article\" \/>\n<meta property=\"og:title\" content=\"Ruszy\u0142y zapisy na bezp\u0142atne badania medyczne. W akcji uczestniczy kilkana\u015bcie plac\u00f3wek - 24GLIWICE - Portal Gliwice | codziennie nowe informacje\" \/>\n<meta property=\"og:description\" content=\"21 pa\u017adziernika po raz kolejny b\u0119dzie mo\u017cna skorzysta\u0107 z bezp\u0142atnych bada\u0144, specjalistycznych konsultacji i spotka\u0144 o tematyce medycznej w ramach miejskiej akcji \u201eGliwicki Dzie\u0144 dla Zdrowia\u201d. Rejestracja telefoniczna do plac\u00f3wek ruszy\u0142a 12 pa\u017adziernika. \u201eGliwicki Dzie\u0144 dla Zdrowia\u201d jest organizowany po raz si\u00f3dmy i cieszy si\u0119 nies\u0142abn\u0105cym zainteresowaniem mieszka\u0144c\u00f3w. W ubieg\u0142ym roku z oferty skorzysta\u0142o niemal [&hellip;]\" \/>\n<meta property=\"og:url\" content=\"https:\/\/www.24gliwice.pl\/wiadomosci\/ruszyly-zapisy-na-bezplatne-badania-medyczne-w-akcji-uczestniczy-kilkanascie-placowek\/\" \/>\n<meta property=\"og:site_name\" content=\"24GLIWICE - Portal Gliwice | codziennie nowe informacje\" \/>\n<meta property=\"article:publisher\" content=\"https:\/\/www.facebook.com\/24gliwice\" \/>\n<meta property=\"article:published_time\" content=\"2017-10-13T23:22:16+00:00\" \/>\n<meta property=\"og:image\" content=\"https:\/\/www.24gliwice.pl\/wiadomosci\/wp-content\/uploads\/2017\/10\/Gliwicka-akademia-zdrowia-e1507816098570.jpeg\" \/>\n\t<meta property=\"og:image:width\" content=\"810\" \/>\n\t<meta property=\"og:image:height\" content=\"456\" \/>\n\t<meta property=\"og:image:type\" content=\"image\/jpeg\" \/>\n<meta name=\"author\" content=\"\u017baneta Mrozek-Siewierska\" \/>\n<meta name=\"twitter:card\" content=\"summary_large_image\" \/>\n<meta name=\"twitter:creator\" content=\"@24gliwice\" \/>\n<meta name=\"twitter:site\" content=\"@24gliwice\" \/>\n<meta name=\"twitter:label1\" content=\"Napisane przez\" \/>\n\t<meta name=\"twitter:data1\" content=\"\u017baneta Mrozek-Siewierska\" \/>\n\t<meta name=\"twitter:label2\" content=\"Szacowany czas czytania\" \/>\n\t<meta name=\"twitter:data2\" content=\"4 minuty\" \/>\n<script type=\"application\/ld+json\" class=\"yoast-schema-graph\">{\"@context\":\"https:\\\/\\\/schema.org\",\"@graph\":[{\"@type\":\"Article\",\"@id\":\"https:\\\/\\\/www.24gliwice.pl\\\/wiadomosci\\\/ruszyly-zapisy-na-bezplatne-badania-medyczne-w-akcji-uczestniczy-kilkanascie-placowek\\\/#article\",\"isPartOf\":{\"@id\":\"https:\\\/\\\/www.24gliwice.pl\\\/wiadomosci\\\/ruszyly-zapisy-na-bezplatne-badania-medyczne-w-akcji-uczestniczy-kilkanascie-placowek\\\/\"},\"author\":{\"name\":\"\u017baneta Mrozek-Siewierska\",\"@id\":\"https:\\\/\\\/www.24gliwice.pl\\\/wiadomosci\\\/#\\\/schema\\\/person\\\/e42c650edd7f2fa332be3811fb166b6e\"},\"headline\":\"Ruszy\u0142y zapisy na bezp\u0142atne badania medyczne. W akcji uczestniczy kilkana\u015bcie plac\u00f3wek\",\"datePublished\":\"2017-10-13T23:22:16+00:00\",\"mainEntityOfPage\":{\"@id\":\"https:\\\/\\\/www.24gliwice.pl\\\/wiadomosci\\\/ruszyly-zapisy-na-bezplatne-badania-medyczne-w-akcji-uczestniczy-kilkanascie-placowek\\\/\"},\"wordCount\":770,\"commentCount\":0,\"publisher\":{\"@id\":\"https:\\\/\\\/www.24gliwice.pl\\\/wiadomosci\\\/#organization\"},\"image\":{\"@id\":\"https:\\\/\\\/www.24gliwice.pl\\\/wiadomosci\\\/ruszyly-zapisy-na-bezplatne-badania-medyczne-w-akcji-uczestniczy-kilkanascie-placowek\\\/#primaryimage\"},\"thumbnailUrl\":\"https:\\\/\\\/www.24gliwice.pl\\\/wiadomosci\\\/wp-content\\\/uploads\\\/2017\\\/10\\\/Gliwicka-akademia-zdrowia-e1507816098570.jpeg\",\"keywords\":[\"bezp\u0142atne badania\",\"zdrowie\"],\"articleSection\":[\"Gliwice\",\"Najnowsze wiadomo\u015bci\"],\"inLanguage\":\"pl-PL\",\"potentialAction\":[{\"@type\":\"CommentAction\",\"name\":\"Comment\",\"target\":[\"https:\\\/\\\/www.24gliwice.pl\\\/wiadomosci\\\/ruszyly-zapisy-na-bezplatne-badania-medyczne-w-akcji-uczestniczy-kilkanascie-placowek\\\/#respond\"]}]},{\"@type\":\"WebPage\",\"@id\":\"https:\\\/\\\/www.24gliwice.pl\\\/wiadomosci\\\/ruszyly-zapisy-na-bezplatne-badania-medyczne-w-akcji-uczestniczy-kilkanascie-placowek\\\/\",\"url\":\"https:\\\/\\\/www.24gliwice.pl\\\/wiadomosci\\\/ruszyly-zapisy-na-bezplatne-badania-medyczne-w-akcji-uczestniczy-kilkanascie-placowek\\\/\",\"name\":\"Ruszy\u0142y zapisy na bezp\u0142atne badania medyczne. W akcji uczestniczy kilkana\u015bcie plac\u00f3wek - 24GLIWICE - Portal Gliwice | codziennie nowe informacje\",\"isPartOf\":{\"@id\":\"https:\\\/\\\/www.24gliwice.pl\\\/wiadomosci\\\/#website\"},\"primaryImageOfPage\":{\"@id\":\"https:\\\/\\\/www.24gliwice.pl\\\/wiadomosci\\\/ruszyly-zapisy-na-bezplatne-badania-medyczne-w-akcji-uczestniczy-kilkanascie-placowek\\\/#primaryimage\"},\"image\":{\"@id\":\"https:\\\/\\\/www.24gliwice.pl\\\/wiadomosci\\\/ruszyly-zapisy-na-bezplatne-badania-medyczne-w-akcji-uczestniczy-kilkanascie-placowek\\\/#primaryimage\"},\"thumbnailUrl\":\"https:\\\/\\\/www.24gliwice.pl\\\/wiadomosci\\\/wp-content\\\/uploads\\\/2017\\\/10\\\/Gliwicka-akademia-zdrowia-e1507816098570.jpeg\",\"datePublished\":\"2017-10-13T23:22:16+00:00\",\"breadcrumb\":{\"@id\":\"https:\\\/\\\/www.24gliwice.pl\\\/wiadomosci\\\/ruszyly-zapisy-na-bezplatne-badania-medyczne-w-akcji-uczestniczy-kilkanascie-placowek\\\/#breadcrumb\"},\"inLanguage\":\"pl-PL\",\"potentialAction\":[{\"@type\":\"ReadAction\",\"target\":[\"https:\\\/\\\/www.24gliwice.pl\\\/wiadomosci\\\/ruszyly-zapisy-na-bezplatne-badania-medyczne-w-akcji-uczestniczy-kilkanascie-placowek\\\/\"]}]},{\"@type\":\"ImageObject\",\"inLanguage\":\"pl-PL\",\"@id\":\"https:\\\/\\\/www.24gliwice.pl\\\/wiadomosci\\\/ruszyly-zapisy-na-bezplatne-badania-medyczne-w-akcji-uczestniczy-kilkanascie-placowek\\\/#primaryimage\",\"url\":\"https:\\\/\\\/www.24gliwice.pl\\\/wiadomosci\\\/wp-content\\\/uploads\\\/2017\\\/10\\\/Gliwicka-akademia-zdrowia-e1507816098570.jpeg\",\"contentUrl\":\"https:\\\/\\\/www.24gliwice.pl\\\/wiadomosci\\\/wp-content\\\/uploads\\\/2017\\\/10\\\/Gliwicka-akademia-zdrowia-e1507816098570.jpeg\",\"width\":810,\"height\":456},{\"@type\":\"BreadcrumbList\",\"@id\":\"https:\\\/\\\/www.24gliwice.pl\\\/wiadomosci\\\/ruszyly-zapisy-na-bezplatne-badania-medyczne-w-akcji-uczestniczy-kilkanascie-placowek\\\/#breadcrumb\",\"itemListElement\":[{\"@type\":\"ListItem\",\"position\":1,\"name\":\"Strona g\u0142\u00f3wna\",\"item\":\"https:\\\/\\\/www.24gliwice.pl\\\/wiadomosci\\\/\"},{\"@type\":\"ListItem\",\"position\":2,\"name\":\"Ruszy\u0142y zapisy na bezp\u0142atne badania medyczne. W akcji uczestniczy kilkana\u015bcie plac\u00f3wek\"}]},{\"@type\":\"WebSite\",\"@id\":\"https:\\\/\\\/www.24gliwice.pl\\\/wiadomosci\\\/#website\",\"url\":\"https:\\\/\\\/www.24gliwice.pl\\\/wiadomosci\\\/\",\"name\":\"24GLIWICE - Portal Gliwice | codziennie nowe wiadomo\u015bci\",\"description\":\"Portal Miejski Gliwice\",\"publisher\":{\"@id\":\"https:\\\/\\\/www.24gliwice.pl\\\/wiadomosci\\\/#organization\"},\"potentialAction\":[{\"@type\":\"SearchAction\",\"target\":{\"@type\":\"EntryPoint\",\"urlTemplate\":\"https:\\\/\\\/www.24gliwice.pl\\\/wiadomosci\\\/?s={search_term_string}\"},\"query-input\":{\"@type\":\"PropertyValueSpecification\",\"valueRequired\":true,\"valueName\":\"search_term_string\"}}],\"inLanguage\":\"pl-PL\"},{\"@type\":\"Organization\",\"@id\":\"https:\\\/\\\/www.24gliwice.pl\\\/wiadomosci\\\/#organization\",\"name\":\"24gliwice\",\"url\":\"https:\\\/\\\/www.24gliwice.pl\\\/wiadomosci\\\/\",\"logo\":{\"@type\":\"ImageObject\",\"inLanguage\":\"pl-PL\",\"@id\":\"https:\\\/\\\/www.24gliwice.pl\\\/wiadomosci\\\/#\\\/schema\\\/logo\\\/image\\\/\",\"url\":\"https:\\\/\\\/www.24gliwice.pl\\\/wiadomosci\\\/wp-content\\\/uploads\\\/2024\\\/10\\\/24gliwice-logo-696.jpg\",\"contentUrl\":\"https:\\\/\\\/www.24gliwice.pl\\\/wiadomosci\\\/wp-content\\\/uploads\\\/2024\\\/10\\\/24gliwice-logo-696.jpg\",\"width\":696,\"height\":696,\"caption\":\"24gliwice\"},\"image\":{\"@id\":\"https:\\\/\\\/www.24gliwice.pl\\\/wiadomosci\\\/#\\\/schema\\\/logo\\\/image\\\/\"},\"sameAs\":[\"https:\\\/\\\/www.facebook.com\\\/24gliwice\",\"https:\\\/\\\/x.com\\\/24gliwice\",\"https:\\\/\\\/www.youtube.com\\\/@24gliwice\"]},{\"@type\":\"Person\",\"@id\":\"https:\\\/\\\/www.24gliwice.pl\\\/wiadomosci\\\/#\\\/schema\\\/person\\\/e42c650edd7f2fa332be3811fb166b6e\",\"name\":\"\u017baneta Mrozek-Siewierska\",\"image\":{\"@type\":\"ImageObject\",\"inLanguage\":\"pl-PL\",\"@id\":\"https:\\\/\\\/secure.gravatar.com\\\/avatar\\\/1881429e9c64597c77ad7aef2d0a19be69a3253e57534d16aa15bf3a4d34a0a3?s=96&d=mm&r=g\",\"url\":\"https:\\\/\\\/secure.gravatar.com\\\/avatar\\\/1881429e9c64597c77ad7aef2d0a19be69a3253e57534d16aa15bf3a4d34a0a3?s=96&d=mm&r=g\",\"contentUrl\":\"https:\\\/\\\/secure.gravatar.com\\\/avatar\\\/1881429e9c64597c77ad7aef2d0a19be69a3253e57534d16aa15bf3a4d34a0a3?s=96&d=mm&r=g\",\"caption\":\"\u017baneta Mrozek-Siewierska\"},\"url\":\"https:\\\/\\\/www.24gliwice.pl\\\/wiadomosci\\\/author\\\/zms\\\/\"}]}<\/script>\n<!-- \/ Yoast SEO plugin. -->","yoast_head_json":{"title":"Ruszy\u0142y zapisy na bezp\u0142atne badania medyczne. W akcji uczestniczy kilkana\u015bcie plac\u00f3wek - 24GLIWICE - Portal Gliwice | codziennie nowe informacje","robots":{"index":"index","follow":"follow","max-snippet":"max-snippet:-1","max-image-preview":"max-image-preview:large","max-video-preview":"max-video-preview:-1"},"canonical":"https:\/\/www.24gliwice.pl\/wiadomosci\/ruszyly-zapisy-na-bezplatne-badania-medyczne-w-akcji-uczestniczy-kilkanascie-placowek\/","og_locale":"pl_PL","og_type":"article","og_title":"Ruszy\u0142y zapisy na bezp\u0142atne badania medyczne. W akcji uczestniczy kilkana\u015bcie plac\u00f3wek - 24GLIWICE - Portal Gliwice | codziennie nowe informacje","og_description":"21 pa\u017adziernika po raz kolejny b\u0119dzie mo\u017cna skorzysta\u0107 z bezp\u0142atnych bada\u0144, specjalistycznych konsultacji i spotka\u0144 o tematyce medycznej w ramach miejskiej akcji \u201eGliwicki Dzie\u0144 dla Zdrowia\u201d. Rejestracja telefoniczna do plac\u00f3wek ruszy\u0142a 12 pa\u017adziernika. \u201eGliwicki Dzie\u0144 dla Zdrowia\u201d jest organizowany po raz si\u00f3dmy i cieszy si\u0119 nies\u0142abn\u0105cym zainteresowaniem mieszka\u0144c\u00f3w. W ubieg\u0142ym roku z oferty skorzysta\u0142o niemal [&hellip;]","og_url":"https:\/\/www.24gliwice.pl\/wiadomosci\/ruszyly-zapisy-na-bezplatne-badania-medyczne-w-akcji-uczestniczy-kilkanascie-placowek\/","og_site_name":"24GLIWICE - Portal Gliwice | codziennie nowe informacje","article_publisher":"https:\/\/www.facebook.com\/24gliwice","article_published_time":"2017-10-13T23:22:16+00:00","og_image":[{"width":810,"height":456,"url":"https:\/\/www.24gliwice.pl\/wiadomosci\/wp-content\/uploads\/2017\/10\/Gliwicka-akademia-zdrowia-e1507816098570.jpeg","type":"image\/jpeg"}],"author":"\u017baneta Mrozek-Siewierska","twitter_card":"summary_large_image","twitter_creator":"@24gliwice","twitter_site":"@24gliwice","twitter_misc":{"Napisane przez":"\u017baneta Mrozek-Siewierska","Szacowany czas czytania":"4 minuty"},"schema":{"@context":"https:\/\/schema.org","@graph":[{"@type":"Article","@id":"https:\/\/www.24gliwice.pl\/wiadomosci\/ruszyly-zapisy-na-bezplatne-badania-medyczne-w-akcji-uczestniczy-kilkanascie-placowek\/#article","isPartOf":{"@id":"https:\/\/www.24gliwice.pl\/wiadomosci\/ruszyly-zapisy-na-bezplatne-badania-medyczne-w-akcji-uczestniczy-kilkanascie-placowek\/"},"author":{"name":"\u017baneta Mrozek-Siewierska","@id":"https:\/\/www.24gliwice.pl\/wiadomosci\/#\/schema\/person\/e42c650edd7f2fa332be3811fb166b6e"},"headline":"Ruszy\u0142y zapisy na bezp\u0142atne badania medyczne. W akcji uczestniczy kilkana\u015bcie plac\u00f3wek","datePublished":"2017-10-13T23:22:16+00:00","mainEntityOfPage":{"@id":"https:\/\/www.24gliwice.pl\/wiadomosci\/ruszyly-zapisy-na-bezplatne-badania-medyczne-w-akcji-uczestniczy-kilkanascie-placowek\/"},"wordCount":770,"commentCount":0,"publisher":{"@id":"https:\/\/www.24gliwice.pl\/wiadomosci\/#organization"},"image":{"@id":"https:\/\/www.24gliwice.pl\/wiadomosci\/ruszyly-zapisy-na-bezplatne-badania-medyczne-w-akcji-uczestniczy-kilkanascie-placowek\/#primaryimage"},"thumbnailUrl":"https:\/\/www.24gliwice.pl\/wiadomosci\/wp-content\/uploads\/2017\/10\/Gliwicka-akademia-zdrowia-e1507816098570.jpeg","keywords":["bezp\u0142atne badania","zdrowie"],"articleSection":["Gliwice","Najnowsze wiadomo\u015bci"],"inLanguage":"pl-PL","potentialAction":[{"@type":"CommentAction","name":"Comment","target":["https:\/\/www.24gliwice.pl\/wiadomosci\/ruszyly-zapisy-na-bezplatne-badania-medyczne-w-akcji-uczestniczy-kilkanascie-placowek\/#respond"]}]},{"@type":"WebPage","@id":"https:\/\/www.24gliwice.pl\/wiadomosci\/ruszyly-zapisy-na-bezplatne-badania-medyczne-w-akcji-uczestniczy-kilkanascie-placowek\/","url":"https:\/\/www.24gliwice.pl\/wiadomosci\/ruszyly-zapisy-na-bezplatne-badania-medyczne-w-akcji-uczestniczy-kilkanascie-placowek\/","name":"Ruszy\u0142y zapisy na bezp\u0142atne badania medyczne. W akcji uczestniczy kilkana\u015bcie plac\u00f3wek - 24GLIWICE - Portal Gliwice | codziennie nowe informacje","isPartOf":{"@id":"https:\/\/www.24gliwice.pl\/wiadomosci\/#website"},"primaryImageOfPage":{"@id":"https:\/\/www.24gliwice.pl\/wiadomosci\/ruszyly-zapisy-na-bezplatne-badania-medyczne-w-akcji-uczestniczy-kilkanascie-placowek\/#primaryimage"},"image":{"@id":"https:\/\/www.24gliwice.pl\/wiadomosci\/ruszyly-zapisy-na-bezplatne-badania-medyczne-w-akcji-uczestniczy-kilkanascie-placowek\/#primaryimage"},"thumbnailUrl":"https:\/\/www.24gliwice.pl\/wiadomosci\/wp-content\/uploads\/2017\/10\/Gliwicka-akademia-zdrowia-e1507816098570.jpeg","datePublished":"2017-10-13T23:22:16+00:00","breadcrumb":{"@id":"https:\/\/www.24gliwice.pl\/wiadomosci\/ruszyly-zapisy-na-bezplatne-badania-medyczne-w-akcji-uczestniczy-kilkanascie-placowek\/#breadcrumb"},"inLanguage":"pl-PL","potentialAction":[{"@type":"ReadAction","target":["https:\/\/www.24gliwice.pl\/wiadomosci\/ruszyly-zapisy-na-bezplatne-badania-medyczne-w-akcji-uczestniczy-kilkanascie-placowek\/"]}]},{"@type":"ImageObject","inLanguage":"pl-PL","@id":"https:\/\/www.24gliwice.pl\/wiadomosci\/ruszyly-zapisy-na-bezplatne-badania-medyczne-w-akcji-uczestniczy-kilkanascie-placowek\/#primaryimage","url":"https:\/\/www.24gliwice.pl\/wiadomosci\/wp-content\/uploads\/2017\/10\/Gliwicka-akademia-zdrowia-e1507816098570.jpeg","contentUrl":"https:\/\/www.24gliwice.pl\/wiadomosci\/wp-content\/uploads\/2017\/10\/Gliwicka-akademia-zdrowia-e1507816098570.jpeg","width":810,"height":456},{"@type":"BreadcrumbList","@id":"https:\/\/www.24gliwice.pl\/wiadomosci\/ruszyly-zapisy-na-bezplatne-badania-medyczne-w-akcji-uczestniczy-kilkanascie-placowek\/#breadcrumb","itemListElement":[{"@type":"ListItem","position":1,"name":"Strona g\u0142\u00f3wna","item":"https:\/\/www.24gliwice.pl\/wiadomosci\/"},{"@type":"ListItem","position":2,"name":"Ruszy\u0142y zapisy na bezp\u0142atne badania medyczne. W akcji uczestniczy kilkana\u015bcie plac\u00f3wek"}]},{"@type":"WebSite","@id":"https:\/\/www.24gliwice.pl\/wiadomosci\/#website","url":"https:\/\/www.24gliwice.pl\/wiadomosci\/","name":"24GLIWICE - Portal Gliwice | codziennie nowe wiadomo\u015bci","description":"Portal Miejski Gliwice","publisher":{"@id":"https:\/\/www.24gliwice.pl\/wiadomosci\/#organization"},"potentialAction":[{"@type":"SearchAction","target":{"@type":"EntryPoint","urlTemplate":"https:\/\/www.24gliwice.pl\/wiadomosci\/?s={search_term_string}"},"query-input":{"@type":"PropertyValueSpecification","valueRequired":true,"valueName":"search_term_string"}}],"inLanguage":"pl-PL"},{"@type":"Organization","@id":"https:\/\/www.24gliwice.pl\/wiadomosci\/#organization","name":"24gliwice","url":"https:\/\/www.24gliwice.pl\/wiadomosci\/","logo":{"@type":"ImageObject","inLanguage":"pl-PL","@id":"https:\/\/www.24gliwice.pl\/wiadomosci\/#\/schema\/logo\/image\/","url":"https:\/\/www.24gliwice.pl\/wiadomosci\/wp-content\/uploads\/2024\/10\/24gliwice-logo-696.jpg","contentUrl":"https:\/\/www.24gliwice.pl\/wiadomosci\/wp-content\/uploads\/2024\/10\/24gliwice-logo-696.jpg","width":696,"height":696,"caption":"24gliwice"},"image":{"@id":"https:\/\/www.24gliwice.pl\/wiadomosci\/#\/schema\/logo\/image\/"},"sameAs":["https:\/\/www.facebook.com\/24gliwice","https:\/\/x.com\/24gliwice","https:\/\/www.youtube.com\/@24gliwice"]},{"@type":"Person","@id":"https:\/\/www.24gliwice.pl\/wiadomosci\/#\/schema\/person\/e42c650edd7f2fa332be3811fb166b6e","name":"\u017baneta Mrozek-Siewierska","image":{"@type":"ImageObject","inLanguage":"pl-PL","@id":"https:\/\/secure.gravatar.com\/avatar\/1881429e9c64597c77ad7aef2d0a19be69a3253e57534d16aa15bf3a4d34a0a3?s=96&d=mm&r=g","url":"https:\/\/secure.gravatar.com\/avatar\/1881429e9c64597c77ad7aef2d0a19be69a3253e57534d16aa15bf3a4d34a0a3?s=96&d=mm&r=g","contentUrl":"https:\/\/secure.gravatar.com\/avatar\/1881429e9c64597c77ad7aef2d0a19be69a3253e57534d16aa15bf3a4d34a0a3?s=96&d=mm&r=g","caption":"\u017baneta Mrozek-Siewierska"},"url":"https:\/\/www.24gliwice.pl\/wiadomosci\/author\/zms\/"}]}},"_links":{"self":[{"href":"https:\/\/www.24gliwice.pl\/wiadomosci\/wp-json\/wp\/v2\/posts\/105741","targetHints":{"allow":["GET"]}}],"collection":[{"href":"https:\/\/www.24gliwice.pl\/wiadomosci\/wp-json\/wp\/v2\/posts"}],"about":[{"href":"https:\/\/www.24gliwice.pl\/wiadomosci\/wp-json\/wp\/v2\/types\/post"}],"author":[{"embeddable":true,"href":"https:\/\/www.24gliwice.pl\/wiadomosci\/wp-json\/wp\/v2\/users\/15"}],"replies":[{"embeddable":true,"href":"https:\/\/www.24gliwice.pl\/wiadomosci\/wp-json\/wp\/v2\/comments?post=105741"}],"version-history":[{"count":0,"href":"https:\/\/www.24gliwice.pl\/wiadomosci\/wp-json\/wp\/v2\/posts\/105741\/revisions"}],"wp:featuredmedia":[{"embeddable":true,"href":"https:\/\/www.24gliwice.pl\/wiadomosci\/wp-json\/wp\/v2\/media\/105743"}],"wp:attachment":[{"href":"https:\/\/www.24gliwice.pl\/wiadomosci\/wp-json\/wp\/v2\/media?parent=105741"}],"wp:term":[{"taxonomy":"category","embeddable":true,"href":"https:\/\/www.24gliwice.pl\/wiadomosci\/wp-json\/wp\/v2\/categories?post=105741"},{"taxonomy":"post_tag","embeddable":true,"href":"https:\/\/www.24gliwice.pl\/wiadomosci\/wp-json\/wp\/v2\/tags?post=105741"}],"curies":[{"name":"wp","href":"https:\/\/api.w.org\/{rel}","templated":true}]}}