{"id":105884,"date":"2017-10-30T11:07:42","date_gmt":"2017-10-30T10:07:42","guid":{"rendered":"http:\/\/www.24gliwice.pl\/wiadomosci\/?p=105884"},"modified":"2017-10-31T01:30:41","modified_gmt":"2017-10-31T00:30:41","slug":"juz-od-wtorku-zmiany-w-organizacji-ruchu-przy-cmentarzach-inaczej-niz-w-ubieglym-roku","status":"publish","type":"post","link":"https:\/\/www.24gliwice.pl\/wiadomosci\/juz-od-wtorku-zmiany-w-organizacji-ruchu-przy-cmentarzach-inaczej-niz-w-ubieglym-roku\/","title":{"rendered":"Ju\u017c od wtorku zmiany w organizacji ruchu przy cmentarzach. Inaczej ni\u017c w ubieg\u0142ym roku"},"content":{"rendered":"<div class=\"gliwi-a6-nad-leadem-artykulow gliwi-entity-placement\" id=\"gliwi-406640258\"><div class=\"gliwi-adlabel\"><span style=\"font-size: 9px\">REKLAMA<\/span><\/div><div id=\"gliwi-486875778\" style=\"margin-bottom: 30px;margin-left: auto;margin-right: auto;text-align: center;\"><a data-no-instant=\"1\" href=\"https:\/\/przedszkole.halogen.org.pl\/\" rel=\"noopener\" class=\"a2t-link\" target=\"_blank\" aria-label=\"20260402-ANIMATOR-przedszkole_grafika_750x200\"><img loading=\"lazy\" decoding=\"async\" src=\"https:\/\/www.24gliwice.pl\/wiadomosci\/wp-content\/uploads\/2026\/04\/20260402-ANIMATOR-przedszkole_grafika_750x200.webp\" alt=\"\"  srcset=\"https:\/\/www.24gliwice.pl\/wiadomosci\/wp-content\/uploads\/2026\/04\/20260402-ANIMATOR-przedszkole_grafika_750x200.webp 750w, https:\/\/www.24gliwice.pl\/wiadomosci\/wp-content\/uploads\/2026\/04\/20260402-ANIMATOR-przedszkole_grafika_750x200-410x109.webp 410w\" sizes=\"(max-width: 750px) 100vw, 750px\" class=\"no-lazyload\" width=\"750\" height=\"200\"  style=\"display: inline-block; max-width: 100%; height: auto;\" \/><\/a><\/div><\/div><h3>ZDM informuje, \u017ce w okresie Wszystkich \u015awi\u0119tych, jak co roku wprowadzone zostan\u0105 zmiany w organizacji ruchu. Dotycz\u0105 one rejonu dw\u00f3ch gliwickich nekropolii: Cmentarza Centralnego i cmentarza przy ul.\u015bw. Wojciecha.<\/h3>\n<p>Zmiany w organizacji ruchu przy Cmentarzu Centralnym wprowadzone zostan\u0105 ju\u017c 31 pa\u017adziernika od godz. 06:00 i obowi\u0105zywa\u0107 b\u0119d\u0105 do 2 listopada do godz. 24:00. W tym okresie wy\u0142\u0105czony z ruchu zostanie odcinek ul. Kozielskiej, od ul. Okulickiego do ronda im. W\u0142adys\u0142awa Andersa. Dodatkowo, tego samego dnia (31 pa\u017adziernika \u2013 od godz. 22:00) wprowadzony zostanie ruch jednokierunkowy w ci\u0105gu ul. Okulickiego. Obowi\u0105zywa\u0107 on b\u0119dzie do 01 listopada, do godz.24:00<\/p>\n[perfectpullquote align=&#8221;full&#8221; cite=&#8221;&#8221; link=&#8221;&#8221; color=&#8221;&#8221; class=&#8221;&#8221; size=&#8221;&#8221;]Uwaga istotna zmiana! Z ul. Kozielskiej b\u0119dzie mo\u017cna tylko i wy\u0142\u0105cznie skr\u0119ci\u0107 w prawo w ul. Leopolda Okulickiego. Nie b\u0119dzie mo\u017cliwo\u015bci dojazdu do ul. W\u0142adys\u0142awa Andersa i dalej do ronda im. W\u0142adys\u0142awa Andersa i ul. \u0141ab\u0119dzkiej.[\/perfectpullquote]\n<p>Odcinkiem bezpo\u015brednio przy Cmentarzu Centralnym (od ul. L. Okulickiego do ronda im. W. Andersa) porusza\u0107 si\u0119 b\u0119d\u0105 mog\u0142y tylko i wy\u0142\u0105cznie autobusy PKS, KZK GOP i TAXI oraz pojazdy dostawcze do 3,5 t. Ruch odbywa\u0107 si\u0119 b\u0119dzie jednokierunkowo od ul. Leopolda Okulickiego w stron\u0119 ronda im. W\u0142adys\u0142awa Andersa.<\/p><div class=\"gliwi-a3-w-tresci-artykulow gliwi-entity-placement\" id=\"gliwi-1715109827\"><div class=\"gliwi-adlabel\"><span style=\"font-size: 9px\">REKLAMA<\/span><\/div><div id=\"gliwi-2119585009\" style=\"margin-bottom: 30px;margin-left: auto;margin-right: auto;text-align: center;\"><a data-no-instant=\"1\" href=\"https:\/\/ogrodyandersa.pl\/\" rel=\"noopener\" class=\"a2t-link\" target=\"_blank\" aria-label=\"20260415 Ogrody Andersa KUP TERAZ D\"><img loading=\"lazy\" decoding=\"async\" src=\"https:\/\/www.24gliwice.pl\/wiadomosci\/wp-content\/uploads\/2026\/04\/20260415-Ogrody-Andersa-KUP-TERAZ-D.jpg\" alt=\"\"  srcset=\"https:\/\/www.24gliwice.pl\/wiadomosci\/wp-content\/uploads\/2026\/04\/20260415-Ogrody-Andersa-KUP-TERAZ-D.jpg 750w, https:\/\/www.24gliwice.pl\/wiadomosci\/wp-content\/uploads\/2026\/04\/20260415-Ogrody-Andersa-KUP-TERAZ-D-410x109.jpg 410w\" sizes=\"(max-width: 750px) 100vw, 750px\" class=\"no-lazyload\" width=\"750\" height=\"200\"  style=\"display: inline-block; max-width: 100%; height: auto;\" \/><\/a><\/div><\/div>\n<p>1 listopada wy\u0142\u0105czona zostanie sygnalizacja \u015bwietlna na skrzy\u017cowaniu ul. Kozielskiej z ul. Leopolda Okulickiego.<\/p>\n<h4>Parkowanie w okolicach Cmentarza Centralnego<\/h4>\n<p>Kierowcy jad\u0105cy od w\u0119z\u0142a DK88 \u2013 Okulickiego b\u0119d\u0105 mogli pozostawi\u0107 samoch\u00f3d na parkingu przy centrum handlowym Arena lub na parkingu usytuowanym na ty\u0142ach Cmentarza Centralnego. Dodatkowo samochody pozostawi\u0107 b\u0119dzie mo\u017cna po obu stronach ul. W\u0142adys\u0142awa Andersa oraz jednostronnie na ul. Leopolda Okulickiego.<\/p>\n<h4>Cmentarz przy ul. \u015bw. Wojciecha<\/h4>\n<p>Zmiany w organizacji ruchu zostan\u0105 wprowadzone 31 pa\u017adziernika od godziny 22:00 i obowi\u0105zywa\u0107 b\u0119d\u0105 do 01 listopada do godziny 24:00.<\/p>\n<p>Jeden kierunek ruchu wprowadzony zostanie na ul. \u015bw. Wojciecha i na ul. My\u015bliwskiej, na odcinku od ul. Ja\u0142owcowej do ul. Toszeckiej. Dojazd do cmentarza przy ul. \u015bw. Wojciecha odbywa\u0142 si\u0119 b\u0119dzie od ul. Toszeckiej.<br \/>\n[perfectpullquote align=&#8221;full&#8221; cite=&#8221;&#8221; link=&#8221;&#8221; color=&#8221;&#8221; class=&#8221;&#8221; size=&#8221;&#8221;] Uwaga !!! Na cz\u0119\u015bci ul. \u015bw. Wojciecha wprowadzony zostanie prawostronny zakaz zatrzymywania si\u0119. \u00a0 [\/perfectpullquote]\n<p>Jad\u0105cy od DK88 prowadzeni b\u0119d\u0105 objazdem ulicami: \u015bw. Wojciecha, Ja\u0142owcow\u0105, My\u015bliwsk\u0105 oraz Toszeck\u0105. Dla samochod\u00f3w ci\u0119\u017carowych wytyczony zostanie przejazd : DK88 przez rondo na ul. Pionier\u00f3w do ul. Toszeckiej.<\/p>\n<p>(\u017cms)\/ZDM Gliwice<\/p>\n<div class=\"gliwi-a5-na-koncu-artykulow gliwi-entity-placement\" id=\"gliwi-2385746899\"><div class=\"gliwi-adlabel\"><span style=\"font-size: 9px\">REKLAMA<\/span><\/div><div id=\"gliwi-300493148\" style=\"margin-left: auto;margin-right: auto;text-align: center;\"><a data-no-instant=\"1\" href=\"https:\/\/prezeroarenagliwice.pl\/\" rel=\"noopener\" class=\"a2t-link\" target=\"_blank\" aria-label=\"20260309-PREZERO-WIOSNA-D\"><img loading=\"lazy\" decoding=\"async\" src=\"https:\/\/www.24gliwice.pl\/wiadomosci\/wp-content\/uploads\/2026\/03\/20260309-PREZERO-WIOSNA-D.webp\" alt=\"\"  srcset=\"https:\/\/www.24gliwice.pl\/wiadomosci\/wp-content\/uploads\/2026\/03\/20260309-PREZERO-WIOSNA-D.webp 750w, https:\/\/www.24gliwice.pl\/wiadomosci\/wp-content\/uploads\/2026\/03\/20260309-PREZERO-WIOSNA-D-410x109.webp 410w\" sizes=\"(max-width: 750px) 100vw, 750px\" class=\"no-lazyload\" width=\"750\" height=\"200\"  style=\"display: inline-block; max-width: 100%; height: auto;\" \/><\/a><\/div><\/div>","protected":false},"excerpt":{"rendered":"<p>ZDM informuje, \u017ce w okresie Wszystkich \u015awi\u0119tych, jak co roku wprowadzone zostan\u0105 zmiany w organizacji ruchu. Dotycz\u0105 one rejonu dw\u00f3ch gliwickich nekropolii: Cmentarza Centralnego i cmentarza przy ul.\u015bw. Wojciecha. Zmiany w organizacji ruchu przy Cmentarzu Centralnym wprowadzone zostan\u0105 ju\u017c 31 pa\u017adziernika od godz. 06:00 i obowi\u0105zywa\u0107 b\u0119d\u0105 do 2 listopada do godz. 24:00. W tym [&hellip;]<\/p>\n","protected":false},"author":15,"featured_media":89491,"comment_status":"open","ping_status":"closed","sticky":false,"template":"","format":"standard","meta":{"_monsterinsights_skip_tracking":false,"_monsterinsights_sitenote_active":false,"_monsterinsights_sitenote_note":"","_monsterinsights_sitenote_category":0,"footnotes":"","_links_to":"","_links_to_target":""},"categories":[3,1],"tags":[5711,214,9436],"class_list":["post-105884","post","type-post","status-publish","format-standard","has-post-thumbnail","hentry","category-gliwice","category-wszystko","tag-wszystkich-swietych","tag-zdm","tag-zmiana-organizacji-ruchu"],"yoast_head":"<!-- This site is optimized with the Yoast SEO plugin v27.5 - https:\/\/yoast.com\/product\/yoast-seo-wordpress\/ -->\n<title>Ju\u017c od wtorku zmiany w organizacji ruchu przy cmentarzach. Inaczej ni\u017c w ubieg\u0142ym roku - 24GLIWICE - Portal Gliwice | codziennie nowe informacje<\/title>\n<meta name=\"robots\" content=\"index, follow, max-snippet:-1, max-image-preview:large, max-video-preview:-1\" \/>\n<link rel=\"canonical\" href=\"https:\/\/www.24gliwice.pl\/wiadomosci\/juz-od-wtorku-zmiany-w-organizacji-ruchu-przy-cmentarzach-inaczej-niz-w-ubieglym-roku\/\" \/>\n<meta property=\"og:locale\" content=\"pl_PL\" \/>\n<meta property=\"og:type\" content=\"article\" \/>\n<meta property=\"og:title\" content=\"Ju\u017c od wtorku zmiany w organizacji ruchu przy cmentarzach. Inaczej ni\u017c w ubieg\u0142ym roku - 24GLIWICE - Portal Gliwice | codziennie nowe informacje\" \/>\n<meta property=\"og:description\" content=\"ZDM informuje, \u017ce w okresie Wszystkich \u015awi\u0119tych, jak co roku wprowadzone zostan\u0105 zmiany w organizacji ruchu. Dotycz\u0105 one rejonu dw\u00f3ch gliwickich nekropolii: Cmentarza Centralnego i cmentarza przy ul.\u015bw. Wojciecha. Zmiany w organizacji ruchu przy Cmentarzu Centralnym wprowadzone zostan\u0105 ju\u017c 31 pa\u017adziernika od godz. 06:00 i obowi\u0105zywa\u0107 b\u0119d\u0105 do 2 listopada do godz. 24:00. W tym [&hellip;]\" \/>\n<meta property=\"og:url\" content=\"https:\/\/www.24gliwice.pl\/wiadomosci\/juz-od-wtorku-zmiany-w-organizacji-ruchu-przy-cmentarzach-inaczej-niz-w-ubieglym-roku\/\" \/>\n<meta property=\"og:site_name\" content=\"24GLIWICE - Portal Gliwice | codziennie nowe informacje\" \/>\n<meta property=\"article:publisher\" content=\"https:\/\/www.facebook.com\/24gliwice\" \/>\n<meta property=\"article:published_time\" content=\"2017-10-30T10:07:42+00:00\" \/>\n<meta property=\"article:modified_time\" content=\"2017-10-31T00:30:41+00:00\" \/>\n<meta property=\"og:image\" content=\"https:\/\/www.24gliwice.pl\/wiadomosci\/wp-content\/uploads\/2016\/10\/G0204038-001-e1508240251307.jpg\" \/>\n\t<meta property=\"og:image:width\" content=\"810\" \/>\n\t<meta property=\"og:image:height\" content=\"469\" \/>\n\t<meta property=\"og:image:type\" content=\"image\/jpeg\" \/>\n<meta name=\"author\" content=\"\u017baneta Mrozek-Siewierska\" \/>\n<meta name=\"twitter:card\" content=\"summary_large_image\" \/>\n<meta name=\"twitter:creator\" content=\"@24gliwice\" \/>\n<meta name=\"twitter:site\" content=\"@24gliwice\" \/>\n<meta name=\"twitter:label1\" content=\"Napisane przez\" \/>\n\t<meta name=\"twitter:data1\" content=\"\u017baneta Mrozek-Siewierska\" \/>\n\t<meta name=\"twitter:label2\" content=\"Szacowany czas czytania\" \/>\n\t<meta name=\"twitter:data2\" content=\"2 minuty\" \/>\n<script type=\"application\/ld+json\" class=\"yoast-schema-graph\">{\"@context\":\"https:\\\/\\\/schema.org\",\"@graph\":[{\"@type\":\"Article\",\"@id\":\"https:\\\/\\\/www.24gliwice.pl\\\/wiadomosci\\\/juz-od-wtorku-zmiany-w-organizacji-ruchu-przy-cmentarzach-inaczej-niz-w-ubieglym-roku\\\/#article\",\"isPartOf\":{\"@id\":\"https:\\\/\\\/www.24gliwice.pl\\\/wiadomosci\\\/juz-od-wtorku-zmiany-w-organizacji-ruchu-przy-cmentarzach-inaczej-niz-w-ubieglym-roku\\\/\"},\"author\":{\"name\":\"\u017baneta Mrozek-Siewierska\",\"@id\":\"https:\\\/\\\/www.24gliwice.pl\\\/wiadomosci\\\/#\\\/schema\\\/person\\\/e42c650edd7f2fa332be3811fb166b6e\"},\"headline\":\"Ju\u017c od wtorku zmiany w organizacji ruchu przy cmentarzach. Inaczej ni\u017c w ubieg\u0142ym roku\",\"datePublished\":\"2017-10-30T10:07:42+00:00\",\"dateModified\":\"2017-10-31T00:30:41+00:00\",\"mainEntityOfPage\":{\"@id\":\"https:\\\/\\\/www.24gliwice.pl\\\/wiadomosci\\\/juz-od-wtorku-zmiany-w-organizacji-ruchu-przy-cmentarzach-inaczej-niz-w-ubieglym-roku\\\/\"},\"wordCount\":420,\"commentCount\":0,\"publisher\":{\"@id\":\"https:\\\/\\\/www.24gliwice.pl\\\/wiadomosci\\\/#organization\"},\"image\":{\"@id\":\"https:\\\/\\\/www.24gliwice.pl\\\/wiadomosci\\\/juz-od-wtorku-zmiany-w-organizacji-ruchu-przy-cmentarzach-inaczej-niz-w-ubieglym-roku\\\/#primaryimage\"},\"thumbnailUrl\":\"https:\\\/\\\/www.24gliwice.pl\\\/wiadomosci\\\/wp-content\\\/uploads\\\/2016\\\/10\\\/G0204038-001-e1508240251307.jpg\",\"keywords\":[\"WSZYSTKICH \u015aWI\u0118TYCH\",\"ZDM\",\"ZMIANA ORGANIZACJI RUCHU\"],\"articleSection\":[\"Gliwice\",\"Najnowsze wiadomo\u015bci\"],\"inLanguage\":\"pl-PL\",\"potentialAction\":[{\"@type\":\"CommentAction\",\"name\":\"Comment\",\"target\":[\"https:\\\/\\\/www.24gliwice.pl\\\/wiadomosci\\\/juz-od-wtorku-zmiany-w-organizacji-ruchu-przy-cmentarzach-inaczej-niz-w-ubieglym-roku\\\/#respond\"]}]},{\"@type\":\"WebPage\",\"@id\":\"https:\\\/\\\/www.24gliwice.pl\\\/wiadomosci\\\/juz-od-wtorku-zmiany-w-organizacji-ruchu-przy-cmentarzach-inaczej-niz-w-ubieglym-roku\\\/\",\"url\":\"https:\\\/\\\/www.24gliwice.pl\\\/wiadomosci\\\/juz-od-wtorku-zmiany-w-organizacji-ruchu-przy-cmentarzach-inaczej-niz-w-ubieglym-roku\\\/\",\"name\":\"Ju\u017c od wtorku zmiany w organizacji ruchu przy cmentarzach. Inaczej ni\u017c w ubieg\u0142ym roku - 24GLIWICE - Portal Gliwice | codziennie nowe informacje\",\"isPartOf\":{\"@id\":\"https:\\\/\\\/www.24gliwice.pl\\\/wiadomosci\\\/#website\"},\"primaryImageOfPage\":{\"@id\":\"https:\\\/\\\/www.24gliwice.pl\\\/wiadomosci\\\/juz-od-wtorku-zmiany-w-organizacji-ruchu-przy-cmentarzach-inaczej-niz-w-ubieglym-roku\\\/#primaryimage\"},\"image\":{\"@id\":\"https:\\\/\\\/www.24gliwice.pl\\\/wiadomosci\\\/juz-od-wtorku-zmiany-w-organizacji-ruchu-przy-cmentarzach-inaczej-niz-w-ubieglym-roku\\\/#primaryimage\"},\"thumbnailUrl\":\"https:\\\/\\\/www.24gliwice.pl\\\/wiadomosci\\\/wp-content\\\/uploads\\\/2016\\\/10\\\/G0204038-001-e1508240251307.jpg\",\"datePublished\":\"2017-10-30T10:07:42+00:00\",\"dateModified\":\"2017-10-31T00:30:41+00:00\",\"breadcrumb\":{\"@id\":\"https:\\\/\\\/www.24gliwice.pl\\\/wiadomosci\\\/juz-od-wtorku-zmiany-w-organizacji-ruchu-przy-cmentarzach-inaczej-niz-w-ubieglym-roku\\\/#breadcrumb\"},\"inLanguage\":\"pl-PL\",\"potentialAction\":[{\"@type\":\"ReadAction\",\"target\":[\"https:\\\/\\\/www.24gliwice.pl\\\/wiadomosci\\\/juz-od-wtorku-zmiany-w-organizacji-ruchu-przy-cmentarzach-inaczej-niz-w-ubieglym-roku\\\/\"]}]},{\"@type\":\"ImageObject\",\"inLanguage\":\"pl-PL\",\"@id\":\"https:\\\/\\\/www.24gliwice.pl\\\/wiadomosci\\\/juz-od-wtorku-zmiany-w-organizacji-ruchu-przy-cmentarzach-inaczej-niz-w-ubieglym-roku\\\/#primaryimage\",\"url\":\"https:\\\/\\\/www.24gliwice.pl\\\/wiadomosci\\\/wp-content\\\/uploads\\\/2016\\\/10\\\/G0204038-001-e1508240251307.jpg\",\"contentUrl\":\"https:\\\/\\\/www.24gliwice.pl\\\/wiadomosci\\\/wp-content\\\/uploads\\\/2016\\\/10\\\/G0204038-001-e1508240251307.jpg\",\"width\":810,\"height\":469},{\"@type\":\"BreadcrumbList\",\"@id\":\"https:\\\/\\\/www.24gliwice.pl\\\/wiadomosci\\\/juz-od-wtorku-zmiany-w-organizacji-ruchu-przy-cmentarzach-inaczej-niz-w-ubieglym-roku\\\/#breadcrumb\",\"itemListElement\":[{\"@type\":\"ListItem\",\"position\":1,\"name\":\"Strona g\u0142\u00f3wna\",\"item\":\"https:\\\/\\\/www.24gliwice.pl\\\/wiadomosci\\\/\"},{\"@type\":\"ListItem\",\"position\":2,\"name\":\"Ju\u017c od wtorku zmiany w organizacji ruchu przy cmentarzach. Inaczej ni\u017c w ubieg\u0142ym roku\"}]},{\"@type\":\"WebSite\",\"@id\":\"https:\\\/\\\/www.24gliwice.pl\\\/wiadomosci\\\/#website\",\"url\":\"https:\\\/\\\/www.24gliwice.pl\\\/wiadomosci\\\/\",\"name\":\"24GLIWICE - Portal Gliwice | codziennie nowe wiadomo\u015bci\",\"description\":\"Portal Miejski Gliwice\",\"publisher\":{\"@id\":\"https:\\\/\\\/www.24gliwice.pl\\\/wiadomosci\\\/#organization\"},\"potentialAction\":[{\"@type\":\"SearchAction\",\"target\":{\"@type\":\"EntryPoint\",\"urlTemplate\":\"https:\\\/\\\/www.24gliwice.pl\\\/wiadomosci\\\/?s={search_term_string}\"},\"query-input\":{\"@type\":\"PropertyValueSpecification\",\"valueRequired\":true,\"valueName\":\"search_term_string\"}}],\"inLanguage\":\"pl-PL\"},{\"@type\":\"Organization\",\"@id\":\"https:\\\/\\\/www.24gliwice.pl\\\/wiadomosci\\\/#organization\",\"name\":\"24gliwice\",\"url\":\"https:\\\/\\\/www.24gliwice.pl\\\/wiadomosci\\\/\",\"logo\":{\"@type\":\"ImageObject\",\"inLanguage\":\"pl-PL\",\"@id\":\"https:\\\/\\\/www.24gliwice.pl\\\/wiadomosci\\\/#\\\/schema\\\/logo\\\/image\\\/\",\"url\":\"https:\\\/\\\/www.24gliwice.pl\\\/wiadomosci\\\/wp-content\\\/uploads\\\/2024\\\/10\\\/24gliwice-logo-696.jpg\",\"contentUrl\":\"https:\\\/\\\/www.24gliwice.pl\\\/wiadomosci\\\/wp-content\\\/uploads\\\/2024\\\/10\\\/24gliwice-logo-696.jpg\",\"width\":696,\"height\":696,\"caption\":\"24gliwice\"},\"image\":{\"@id\":\"https:\\\/\\\/www.24gliwice.pl\\\/wiadomosci\\\/#\\\/schema\\\/logo\\\/image\\\/\"},\"sameAs\":[\"https:\\\/\\\/www.facebook.com\\\/24gliwice\",\"https:\\\/\\\/x.com\\\/24gliwice\",\"https:\\\/\\\/www.youtube.com\\\/@24gliwice\"]},{\"@type\":\"Person\",\"@id\":\"https:\\\/\\\/www.24gliwice.pl\\\/wiadomosci\\\/#\\\/schema\\\/person\\\/e42c650edd7f2fa332be3811fb166b6e\",\"name\":\"\u017baneta Mrozek-Siewierska\",\"image\":{\"@type\":\"ImageObject\",\"inLanguage\":\"pl-PL\",\"@id\":\"https:\\\/\\\/secure.gravatar.com\\\/avatar\\\/1881429e9c64597c77ad7aef2d0a19be69a3253e57534d16aa15bf3a4d34a0a3?s=96&d=mm&r=g\",\"url\":\"https:\\\/\\\/secure.gravatar.com\\\/avatar\\\/1881429e9c64597c77ad7aef2d0a19be69a3253e57534d16aa15bf3a4d34a0a3?s=96&d=mm&r=g\",\"contentUrl\":\"https:\\\/\\\/secure.gravatar.com\\\/avatar\\\/1881429e9c64597c77ad7aef2d0a19be69a3253e57534d16aa15bf3a4d34a0a3?s=96&d=mm&r=g\",\"caption\":\"\u017baneta Mrozek-Siewierska\"},\"url\":\"https:\\\/\\\/www.24gliwice.pl\\\/wiadomosci\\\/author\\\/zms\\\/\"}]}<\/script>\n<!-- \/ Yoast SEO plugin. -->","yoast_head_json":{"title":"Ju\u017c od wtorku zmiany w organizacji ruchu przy cmentarzach. Inaczej ni\u017c w ubieg\u0142ym roku - 24GLIWICE - Portal Gliwice | codziennie nowe informacje","robots":{"index":"index","follow":"follow","max-snippet":"max-snippet:-1","max-image-preview":"max-image-preview:large","max-video-preview":"max-video-preview:-1"},"canonical":"https:\/\/www.24gliwice.pl\/wiadomosci\/juz-od-wtorku-zmiany-w-organizacji-ruchu-przy-cmentarzach-inaczej-niz-w-ubieglym-roku\/","og_locale":"pl_PL","og_type":"article","og_title":"Ju\u017c od wtorku zmiany w organizacji ruchu przy cmentarzach. Inaczej ni\u017c w ubieg\u0142ym roku - 24GLIWICE - Portal Gliwice | codziennie nowe informacje","og_description":"ZDM informuje, \u017ce w okresie Wszystkich \u015awi\u0119tych, jak co roku wprowadzone zostan\u0105 zmiany w organizacji ruchu. Dotycz\u0105 one rejonu dw\u00f3ch gliwickich nekropolii: Cmentarza Centralnego i cmentarza przy ul.\u015bw. Wojciecha. Zmiany w organizacji ruchu przy Cmentarzu Centralnym wprowadzone zostan\u0105 ju\u017c 31 pa\u017adziernika od godz. 06:00 i obowi\u0105zywa\u0107 b\u0119d\u0105 do 2 listopada do godz. 24:00. W tym [&hellip;]","og_url":"https:\/\/www.24gliwice.pl\/wiadomosci\/juz-od-wtorku-zmiany-w-organizacji-ruchu-przy-cmentarzach-inaczej-niz-w-ubieglym-roku\/","og_site_name":"24GLIWICE - Portal Gliwice | codziennie nowe informacje","article_publisher":"https:\/\/www.facebook.com\/24gliwice","article_published_time":"2017-10-30T10:07:42+00:00","article_modified_time":"2017-10-31T00:30:41+00:00","og_image":[{"width":810,"height":469,"url":"https:\/\/www.24gliwice.pl\/wiadomosci\/wp-content\/uploads\/2016\/10\/G0204038-001-e1508240251307.jpg","type":"image\/jpeg"}],"author":"\u017baneta Mrozek-Siewierska","twitter_card":"summary_large_image","twitter_creator":"@24gliwice","twitter_site":"@24gliwice","twitter_misc":{"Napisane przez":"\u017baneta Mrozek-Siewierska","Szacowany czas czytania":"2 minuty"},"schema":{"@context":"https:\/\/schema.org","@graph":[{"@type":"Article","@id":"https:\/\/www.24gliwice.pl\/wiadomosci\/juz-od-wtorku-zmiany-w-organizacji-ruchu-przy-cmentarzach-inaczej-niz-w-ubieglym-roku\/#article","isPartOf":{"@id":"https:\/\/www.24gliwice.pl\/wiadomosci\/juz-od-wtorku-zmiany-w-organizacji-ruchu-przy-cmentarzach-inaczej-niz-w-ubieglym-roku\/"},"author":{"name":"\u017baneta Mrozek-Siewierska","@id":"https:\/\/www.24gliwice.pl\/wiadomosci\/#\/schema\/person\/e42c650edd7f2fa332be3811fb166b6e"},"headline":"Ju\u017c od wtorku zmiany w organizacji ruchu przy cmentarzach. Inaczej ni\u017c w ubieg\u0142ym roku","datePublished":"2017-10-30T10:07:42+00:00","dateModified":"2017-10-31T00:30:41+00:00","mainEntityOfPage":{"@id":"https:\/\/www.24gliwice.pl\/wiadomosci\/juz-od-wtorku-zmiany-w-organizacji-ruchu-przy-cmentarzach-inaczej-niz-w-ubieglym-roku\/"},"wordCount":420,"commentCount":0,"publisher":{"@id":"https:\/\/www.24gliwice.pl\/wiadomosci\/#organization"},"image":{"@id":"https:\/\/www.24gliwice.pl\/wiadomosci\/juz-od-wtorku-zmiany-w-organizacji-ruchu-przy-cmentarzach-inaczej-niz-w-ubieglym-roku\/#primaryimage"},"thumbnailUrl":"https:\/\/www.24gliwice.pl\/wiadomosci\/wp-content\/uploads\/2016\/10\/G0204038-001-e1508240251307.jpg","keywords":["WSZYSTKICH \u015aWI\u0118TYCH","ZDM","ZMIANA ORGANIZACJI RUCHU"],"articleSection":["Gliwice","Najnowsze wiadomo\u015bci"],"inLanguage":"pl-PL","potentialAction":[{"@type":"CommentAction","name":"Comment","target":["https:\/\/www.24gliwice.pl\/wiadomosci\/juz-od-wtorku-zmiany-w-organizacji-ruchu-przy-cmentarzach-inaczej-niz-w-ubieglym-roku\/#respond"]}]},{"@type":"WebPage","@id":"https:\/\/www.24gliwice.pl\/wiadomosci\/juz-od-wtorku-zmiany-w-organizacji-ruchu-przy-cmentarzach-inaczej-niz-w-ubieglym-roku\/","url":"https:\/\/www.24gliwice.pl\/wiadomosci\/juz-od-wtorku-zmiany-w-organizacji-ruchu-przy-cmentarzach-inaczej-niz-w-ubieglym-roku\/","name":"Ju\u017c od wtorku zmiany w organizacji ruchu przy cmentarzach. Inaczej ni\u017c w ubieg\u0142ym roku - 24GLIWICE - Portal Gliwice | codziennie nowe informacje","isPartOf":{"@id":"https:\/\/www.24gliwice.pl\/wiadomosci\/#website"},"primaryImageOfPage":{"@id":"https:\/\/www.24gliwice.pl\/wiadomosci\/juz-od-wtorku-zmiany-w-organizacji-ruchu-przy-cmentarzach-inaczej-niz-w-ubieglym-roku\/#primaryimage"},"image":{"@id":"https:\/\/www.24gliwice.pl\/wiadomosci\/juz-od-wtorku-zmiany-w-organizacji-ruchu-przy-cmentarzach-inaczej-niz-w-ubieglym-roku\/#primaryimage"},"thumbnailUrl":"https:\/\/www.24gliwice.pl\/wiadomosci\/wp-content\/uploads\/2016\/10\/G0204038-001-e1508240251307.jpg","datePublished":"2017-10-30T10:07:42+00:00","dateModified":"2017-10-31T00:30:41+00:00","breadcrumb":{"@id":"https:\/\/www.24gliwice.pl\/wiadomosci\/juz-od-wtorku-zmiany-w-organizacji-ruchu-przy-cmentarzach-inaczej-niz-w-ubieglym-roku\/#breadcrumb"},"inLanguage":"pl-PL","potentialAction":[{"@type":"ReadAction","target":["https:\/\/www.24gliwice.pl\/wiadomosci\/juz-od-wtorku-zmiany-w-organizacji-ruchu-przy-cmentarzach-inaczej-niz-w-ubieglym-roku\/"]}]},{"@type":"ImageObject","inLanguage":"pl-PL","@id":"https:\/\/www.24gliwice.pl\/wiadomosci\/juz-od-wtorku-zmiany-w-organizacji-ruchu-przy-cmentarzach-inaczej-niz-w-ubieglym-roku\/#primaryimage","url":"https:\/\/www.24gliwice.pl\/wiadomosci\/wp-content\/uploads\/2016\/10\/G0204038-001-e1508240251307.jpg","contentUrl":"https:\/\/www.24gliwice.pl\/wiadomosci\/wp-content\/uploads\/2016\/10\/G0204038-001-e1508240251307.jpg","width":810,"height":469},{"@type":"BreadcrumbList","@id":"https:\/\/www.24gliwice.pl\/wiadomosci\/juz-od-wtorku-zmiany-w-organizacji-ruchu-przy-cmentarzach-inaczej-niz-w-ubieglym-roku\/#breadcrumb","itemListElement":[{"@type":"ListItem","position":1,"name":"Strona g\u0142\u00f3wna","item":"https:\/\/www.24gliwice.pl\/wiadomosci\/"},{"@type":"ListItem","position":2,"name":"Ju\u017c od wtorku zmiany w organizacji ruchu przy cmentarzach. Inaczej ni\u017c w ubieg\u0142ym roku"}]},{"@type":"WebSite","@id":"https:\/\/www.24gliwice.pl\/wiadomosci\/#website","url":"https:\/\/www.24gliwice.pl\/wiadomosci\/","name":"24GLIWICE - Portal Gliwice | codziennie nowe wiadomo\u015bci","description":"Portal Miejski Gliwice","publisher":{"@id":"https:\/\/www.24gliwice.pl\/wiadomosci\/#organization"},"potentialAction":[{"@type":"SearchAction","target":{"@type":"EntryPoint","urlTemplate":"https:\/\/www.24gliwice.pl\/wiadomosci\/?s={search_term_string}"},"query-input":{"@type":"PropertyValueSpecification","valueRequired":true,"valueName":"search_term_string"}}],"inLanguage":"pl-PL"},{"@type":"Organization","@id":"https:\/\/www.24gliwice.pl\/wiadomosci\/#organization","name":"24gliwice","url":"https:\/\/www.24gliwice.pl\/wiadomosci\/","logo":{"@type":"ImageObject","inLanguage":"pl-PL","@id":"https:\/\/www.24gliwice.pl\/wiadomosci\/#\/schema\/logo\/image\/","url":"https:\/\/www.24gliwice.pl\/wiadomosci\/wp-content\/uploads\/2024\/10\/24gliwice-logo-696.jpg","contentUrl":"https:\/\/www.24gliwice.pl\/wiadomosci\/wp-content\/uploads\/2024\/10\/24gliwice-logo-696.jpg","width":696,"height":696,"caption":"24gliwice"},"image":{"@id":"https:\/\/www.24gliwice.pl\/wiadomosci\/#\/schema\/logo\/image\/"},"sameAs":["https:\/\/www.facebook.com\/24gliwice","https:\/\/x.com\/24gliwice","https:\/\/www.youtube.com\/@24gliwice"]},{"@type":"Person","@id":"https:\/\/www.24gliwice.pl\/wiadomosci\/#\/schema\/person\/e42c650edd7f2fa332be3811fb166b6e","name":"\u017baneta Mrozek-Siewierska","image":{"@type":"ImageObject","inLanguage":"pl-PL","@id":"https:\/\/secure.gravatar.com\/avatar\/1881429e9c64597c77ad7aef2d0a19be69a3253e57534d16aa15bf3a4d34a0a3?s=96&d=mm&r=g","url":"https:\/\/secure.gravatar.com\/avatar\/1881429e9c64597c77ad7aef2d0a19be69a3253e57534d16aa15bf3a4d34a0a3?s=96&d=mm&r=g","contentUrl":"https:\/\/secure.gravatar.com\/avatar\/1881429e9c64597c77ad7aef2d0a19be69a3253e57534d16aa15bf3a4d34a0a3?s=96&d=mm&r=g","caption":"\u017baneta Mrozek-Siewierska"},"url":"https:\/\/www.24gliwice.pl\/wiadomosci\/author\/zms\/"}]}},"_links":{"self":[{"href":"https:\/\/www.24gliwice.pl\/wiadomosci\/wp-json\/wp\/v2\/posts\/105884","targetHints":{"allow":["GET"]}}],"collection":[{"href":"https:\/\/www.24gliwice.pl\/wiadomosci\/wp-json\/wp\/v2\/posts"}],"about":[{"href":"https:\/\/www.24gliwice.pl\/wiadomosci\/wp-json\/wp\/v2\/types\/post"}],"author":[{"embeddable":true,"href":"https:\/\/www.24gliwice.pl\/wiadomosci\/wp-json\/wp\/v2\/users\/15"}],"replies":[{"embeddable":true,"href":"https:\/\/www.24gliwice.pl\/wiadomosci\/wp-json\/wp\/v2\/comments?post=105884"}],"version-history":[{"count":0,"href":"https:\/\/www.24gliwice.pl\/wiadomosci\/wp-json\/wp\/v2\/posts\/105884\/revisions"}],"wp:featuredmedia":[{"embeddable":true,"href":"https:\/\/www.24gliwice.pl\/wiadomosci\/wp-json\/wp\/v2\/media\/89491"}],"wp:attachment":[{"href":"https:\/\/www.24gliwice.pl\/wiadomosci\/wp-json\/wp\/v2\/media?parent=105884"}],"wp:term":[{"taxonomy":"category","embeddable":true,"href":"https:\/\/www.24gliwice.pl\/wiadomosci\/wp-json\/wp\/v2\/categories?post=105884"},{"taxonomy":"post_tag","embeddable":true,"href":"https:\/\/www.24gliwice.pl\/wiadomosci\/wp-json\/wp\/v2\/tags?post=105884"}],"curies":[{"name":"wp","href":"https:\/\/api.w.org\/{rel}","templated":true}]}}