{"id":106032,"date":"2017-10-24T01:20:17","date_gmt":"2017-10-23T23:20:17","guid":{"rendered":"http:\/\/www.24gliwice.pl\/wiadomosci\/?p=106032"},"modified":"2017-10-24T01:20:17","modified_gmt":"2017-10-23T23:20:17","slug":"byly-drzewa-sa-samochody-wycinka-pod-centrum-onkologii-budzi-sprzeciw-mieszkancow","status":"publish","type":"post","link":"https:\/\/www.24gliwice.pl\/wiadomosci\/byly-drzewa-sa-samochody-wycinka-pod-centrum-onkologii-budzi-sprzeciw-mieszkancow\/","title":{"rendered":"By\u0142y drzewa, s\u0105 samochody. Wycinka pod Centrum Onkologii budzi sprzeciw mieszka\u0144c\u00f3w"},"content":{"rendered":"<div class=\"gliwi-a6-nad-leadem-artykulow gliwi-entity-placement\" id=\"gliwi-4034299016\"><div class=\"gliwi-adlabel\"><span style=\"font-size: 9px\">REKLAMA<\/span><\/div><div id=\"gliwi-2914959287\" style=\"margin-bottom: 25px;margin-left: auto;margin-right: auto;text-align: center;\"><a data-no-instant=\"1\" href=\"https:\/\/dom100.eu\/\" rel=\"noopener\" class=\"a2t-link\" target=\"_blank\" aria-label=\"20260415 DOM100 D\"><img loading=\"lazy\" decoding=\"async\" src=\"https:\/\/www.24gliwice.pl\/wiadomosci\/wp-content\/uploads\/2026\/04\/20260415-DOM100-D.jpg\" alt=\"\"  srcset=\"https:\/\/www.24gliwice.pl\/wiadomosci\/wp-content\/uploads\/2026\/04\/20260415-DOM100-D.jpg 750w, https:\/\/www.24gliwice.pl\/wiadomosci\/wp-content\/uploads\/2026\/04\/20260415-DOM100-D-410x109.jpg 410w\" sizes=\"(max-width: 750px) 100vw, 750px\" class=\"no-lazyload\" width=\"750\" height=\"200\"  style=\"display: inline-block; max-width: 100%; height: auto;\" \/><\/a><\/div><\/div><h3>W okolicach Centrum Onkologii \u0142\u0105cznie zostanie lub cz\u0119\u015bciowo ju\u017c zosta\u0142o wyci\u0119tych 30 drzew.<\/h3>\n<p>Drogowcy t\u0142umacz\u0105 si\u0119 z\u0142ym stanem fitosanitarnym drzew, pobliskie Centrum Onkologii zapewnia, \u017ce o wycince nie mia\u0142o poj\u0119cia, a obro\u0144cy drzew wymieniaj\u0105 kolejne zastrze\u017cenia.<\/p>\n<p>&#8211; W sumie usuni\u0119tych zostanie 30 drzew. O tym fakcie zdecydowa\u0142 tylko i wy\u0142\u0105cznie z\u0142y stan fitosanitarny. Drzewa s\u0105 zamieraj\u0105ce, maj\u0105 zachwian\u0105 statyk\u0119. Stwarzaj\u0105 zagro\u017cenie dla bezpiecze\u0144stwa ludzi i mienia oraz ruchu drogowego- t\u0142umaczy <strong>Jadwiga Stiborska<\/strong> z Zarz\u0105du Dr\u00f3g Miejskich w Gliwicach i podkre\u015bla, \u017ce wycinka odby\u0142a si\u0119 za zgod\u0105 Marsza\u0142ka Wojew\u00f3dztwa \u015al\u0105skiego. &#8211; W oczekiwaniu na uzyskanie decyzji (marsza\u0142ka &#8211; red.), w rejonie Centrum Onkologii w Gliwicach przewr\u00f3ci\u0142y si\u0119 trzy drzewa &#8211; dodaje.<\/p><div class=\"gliwi-a3-w-tresci-artykulow gliwi-entity-placement\" id=\"gliwi-2421868764\"><div class=\"gliwi-adlabel\"><span style=\"font-size: 9px\">REKLAMA<\/span><\/div><div id=\"gliwi-3265746723\" style=\"margin-bottom: 30px;margin-left: auto;margin-right: auto;text-align: center;\"><a data-no-instant=\"1\" href=\"https:\/\/zlobek.halogen.org.pl\/\" rel=\"noopener\" class=\"a2t-link\" target=\"_blank\" aria-label=\"animator-zlobek_750x200\"><img loading=\"lazy\" decoding=\"async\" src=\"https:\/\/www.24gliwice.pl\/wiadomosci\/wp-content\/uploads\/2026\/02\/animator-zlobek_750x200.webp\" alt=\"\"  srcset=\"https:\/\/www.24gliwice.pl\/wiadomosci\/wp-content\/uploads\/2026\/02\/animator-zlobek_750x200.webp 750w, https:\/\/www.24gliwice.pl\/wiadomosci\/wp-content\/uploads\/2026\/02\/animator-zlobek_750x200-410x109.webp 410w\" sizes=\"(max-width: 750px) 100vw, 750px\" class=\"no-lazyload\" width=\"750\" height=\"200\"  style=\"display: inline-block; max-width: 100%; height: auto;\" \/><\/a><\/div><\/div>\n[perfectpullquote align=&#8221;full&#8221; cite=&#8221;&#8221; link=&#8221;&#8221; color=&#8221;&#8221; class=&#8221;&#8221; size=&#8221;&#8221;]Obro\u0144cy drzew maj\u0105 jednak w\u0105tpliwo\u015bci co do intencji wycinki i sugeruj\u0105, \u017ce drzewa &#8211; przynajmniej cz\u0119\u015bciowo &#8211; znikn\u0119\u0142y po to, by pod Onkologi\u0105 mog\u0142y powsta\u0107 miejsca parkingowe.[\/perfectpullquote]\n<p>&#8211; S\u0105 powody \u017ceby przypuszcza\u0107, \u017ce g\u0142\u00f3wnym powodem wycinek nie jest troska o zdrowie drzew i bezpiecze\u0144stwo ruchu, tylko zwi\u0119kszenie liczby miejsc parkingowych. Oczywi\u015bcie Onkologia ich potrzebuje, ale czy na pewno kosztem rosn\u0105cej od dziesi\u0119cioleci alei drzew? A je\u015bli nawet, to czy nie warto powiedzie\u0107 to wprost i otwarcie? &#8211; pisz\u0105 na facebook&#8217;owym profilu &#8220;Ratujmy Lipy&#8221;.<\/p>\n<p><img loading=\"lazy\" decoding=\"async\" class=\"alignnone size-full wp-image-106156\" src=\"http:\/\/www.24gliwice.pl\/wiadomosci\/wp-content\/uploads\/2017\/10\/lip2-1.jpg\" alt=\"\" width=\"1200\" height=\"675\" srcset=\"https:\/\/www.24gliwice.pl\/wiadomosci\/wp-content\/uploads\/2017\/10\/lip2-1.jpg 1200w, https:\/\/www.24gliwice.pl\/wiadomosci\/wp-content\/uploads\/2017\/10\/lip2-1-410x232.jpg 410w, https:\/\/www.24gliwice.pl\/wiadomosci\/wp-content\/uploads\/2017\/10\/lip2-1-768x432.jpg 768w, https:\/\/www.24gliwice.pl\/wiadomosci\/wp-content\/uploads\/2017\/10\/lip2-1-810x456.jpg 810w, https:\/\/www.24gliwice.pl\/wiadomosci\/wp-content\/uploads\/2017\/10\/lip2-1-1140x641.jpg 1140w\" sizes=\"auto, (max-width: 1200px) 100vw, 1200px\" \/><\/p>\n<p>Ich zdaniem nie ma pewno\u015bci czy ZDM przeprowadzi\u0142 odpowiednie ekspertyzy dotycz\u0105ce chor\u00f3b drzew.<\/p>\n<p>&#8211; Dostajemy sygna\u0142y od mieszka\u0144c\u00f3w \u017ce wycinane s\u0105 drzewa w dobrym stanie. Drug\u0105 kwesti\u0105 s\u0105 nasadzenia. Na miejsce drzew wyci\u0119tych wbrew deklaracjom ZDM nie pojawiaj\u0105 si\u0119 nowe, tylko miejsca parkingowe. Tak by\u0142o w przesz\u0142o\u015bci a teraz podejrzewamy \u017ce b\u0119dzie podobnie &#8211; komentuje <strong>Jakub S\u0142upski<\/strong> ze Stowarzyszenia Gliwickie Drzewa.<\/p>\n<p>Termin nasadze\u0144 zast\u0119pczych zosta\u0142 wyznaczony do 31 grudnia 2018 r. Drzewa (lipy) zostan\u0105 posadzone w pasach drogowych. Nie ma jednak pewno\u015bci, \u017ce nowe sadzonki pojawi\u0105 si\u0119 tam, gdzie dokonano ci\u0119cia.<br \/>\n&#8211; W chwili obecnej trudno okre\u015bli\u0107 konkretne miejsca wzd\u0142u\u017c ul. Wybrze\u017ca Armii Krajowej &#8211; enigmatycznie informuje ZDM.<\/p>\n<p>Na razie w miejscach po usuni\u0119tych drzewach powstaj\u0105 miejsca postojowe z nawierzchni\u0105 z przepuszczalnych p\u0142yt a\u017curowych. Centrum Onkologii zmaga si\u0119 od lat z brakiem odpowiedniego parkingu, kt\u00f3ry pomie\u015bci\u0142bym samochody pacjent\u00f3w plac\u00f3wki. Okazuje si\u0119 jednak, \u017ce Centrum Onkologii o planowanej wycince nie zosta\u0142o powiadomione.<\/p>\n<p>&#8211; Miejsc parkingowych rzeczywi\u015bcie brakuje, ale szukamy ich na w\u0142asnym terenie &#8211; poinformowali nas przedstawiciele CO.<\/p>\n<p>O dzia\u0142aniach przy ul. Wybrze\u017ca Armii Krajowej nie by\u0142a poinformowana te\u017c Rada Osiedlowa \u015ar\u00f3dmie\u015bcie.<\/p>\n<p>Micha\u0142 Szewczyk<\/p>\n<div class=\"gliwi-a5-na-koncu-artykulow gliwi-entity-placement\" id=\"gliwi-2104677620\"><div class=\"gliwi-adlabel\"><span style=\"font-size: 9px\">REKLAMA<\/span><\/div><div id=\"gliwi-1126821254\" style=\"margin-left: auto;margin-right: auto;text-align: center;\"><a data-no-instant=\"1\" href=\"https:\/\/prezeroarenagliwice.pl\/\" rel=\"noopener\" class=\"a2t-link\" target=\"_blank\" aria-label=\"20260309-PREZERO-WIOSNA-D\"><img loading=\"lazy\" decoding=\"async\" src=\"https:\/\/www.24gliwice.pl\/wiadomosci\/wp-content\/uploads\/2026\/03\/20260309-PREZERO-WIOSNA-D.webp\" alt=\"\"  srcset=\"https:\/\/www.24gliwice.pl\/wiadomosci\/wp-content\/uploads\/2026\/03\/20260309-PREZERO-WIOSNA-D.webp 750w, https:\/\/www.24gliwice.pl\/wiadomosci\/wp-content\/uploads\/2026\/03\/20260309-PREZERO-WIOSNA-D-410x109.webp 410w\" sizes=\"(max-width: 750px) 100vw, 750px\" class=\"no-lazyload\" width=\"750\" height=\"200\"  style=\"display: inline-block; max-width: 100%; height: auto;\" \/><\/a><\/div><\/div>","protected":false},"excerpt":{"rendered":"<p>W okolicach Centrum Onkologii \u0142\u0105cznie zostanie lub cz\u0119\u015bciowo ju\u017c zosta\u0142o wyci\u0119tych 30 drzew. Drogowcy t\u0142umacz\u0105 si\u0119 z\u0142ym stanem fitosanitarnym drzew, pobliskie Centrum Onkologii zapewnia, \u017ce o wycince nie mia\u0142o poj\u0119cia, a obro\u0144cy drzew wymieniaj\u0105 kolejne zastrze\u017cenia. &#8211; W sumie usuni\u0119tych zostanie 30 drzew. O tym fakcie zdecydowa\u0142 tylko i wy\u0142\u0105cznie z\u0142y stan fitosanitarny. Drzewa s\u0105 [&hellip;]<\/p>\n","protected":false},"author":12,"featured_media":106157,"comment_status":"open","ping_status":"closed","sticky":false,"template":"","format":"standard","meta":{"_monsterinsights_skip_tracking":false,"_monsterinsights_sitenote_active":false,"_monsterinsights_sitenote_note":"","_monsterinsights_sitenote_category":0,"footnotes":"","_links_to":"","_links_to_target":""},"categories":[3,1,9],"tags":[4191,6335],"class_list":["post-106032","post","type-post","status-publish","format-standard","has-post-thumbnail","hentry","category-gliwice","category-wszystko","category-aktualnosci_lokalne","tag-gliwickie-drzewa","tag-jakub-slupski"],"yoast_head":"<!-- This site is optimized with the Yoast SEO plugin v27.5 - https:\/\/yoast.com\/product\/yoast-seo-wordpress\/ -->\n<title>By\u0142y drzewa, s\u0105 samochody. Wycinka pod Centrum Onkologii budzi sprzeciw mieszka\u0144c\u00f3w - 24GLIWICE - Portal Gliwice | codziennie nowe informacje<\/title>\n<meta name=\"robots\" content=\"index, follow, max-snippet:-1, max-image-preview:large, max-video-preview:-1\" \/>\n<link rel=\"canonical\" href=\"https:\/\/www.24gliwice.pl\/wiadomosci\/byly-drzewa-sa-samochody-wycinka-pod-centrum-onkologii-budzi-sprzeciw-mieszkancow\/\" \/>\n<meta property=\"og:locale\" content=\"pl_PL\" \/>\n<meta property=\"og:type\" content=\"article\" \/>\n<meta property=\"og:title\" content=\"By\u0142y drzewa, s\u0105 samochody. Wycinka pod Centrum Onkologii budzi sprzeciw mieszka\u0144c\u00f3w - 24GLIWICE - Portal Gliwice | codziennie nowe informacje\" \/>\n<meta property=\"og:description\" content=\"W okolicach Centrum Onkologii \u0142\u0105cznie zostanie lub cz\u0119\u015bciowo ju\u017c zosta\u0142o wyci\u0119tych 30 drzew. Drogowcy t\u0142umacz\u0105 si\u0119 z\u0142ym stanem fitosanitarnym drzew, pobliskie Centrum Onkologii zapewnia, \u017ce o wycince nie mia\u0142o poj\u0119cia, a obro\u0144cy drzew wymieniaj\u0105 kolejne zastrze\u017cenia. &#8211; W sumie usuni\u0119tych zostanie 30 drzew. O tym fakcie zdecydowa\u0142 tylko i wy\u0142\u0105cznie z\u0142y stan fitosanitarny. Drzewa s\u0105 [&hellip;]\" \/>\n<meta property=\"og:url\" content=\"https:\/\/www.24gliwice.pl\/wiadomosci\/byly-drzewa-sa-samochody-wycinka-pod-centrum-onkologii-budzi-sprzeciw-mieszkancow\/\" \/>\n<meta property=\"og:site_name\" content=\"24GLIWICE - Portal Gliwice | codziennie nowe informacje\" \/>\n<meta property=\"article:publisher\" content=\"https:\/\/www.facebook.com\/24gliwice\" \/>\n<meta property=\"article:published_time\" content=\"2017-10-23T23:20:17+00:00\" \/>\n<meta property=\"og:image\" content=\"https:\/\/www.24gliwice.pl\/wiadomosci\/wp-content\/uploads\/2017\/10\/lipy1-1.jpg\" \/>\n\t<meta property=\"og:image:width\" content=\"1200\" \/>\n\t<meta property=\"og:image:height\" content=\"675\" \/>\n\t<meta property=\"og:image:type\" content=\"image\/jpeg\" \/>\n<meta name=\"author\" content=\"Micha\u0142 Szewczyk\" \/>\n<meta name=\"twitter:card\" content=\"summary_large_image\" \/>\n<meta name=\"twitter:creator\" content=\"@24gliwice\" \/>\n<meta name=\"twitter:site\" content=\"@24gliwice\" \/>\n<meta name=\"twitter:label1\" content=\"Napisane przez\" \/>\n\t<meta name=\"twitter:data1\" content=\"Micha\u0142 Szewczyk\" \/>\n\t<meta name=\"twitter:label2\" content=\"Szacowany czas czytania\" \/>\n\t<meta name=\"twitter:data2\" content=\"2 minuty\" \/>\n<script type=\"application\/ld+json\" class=\"yoast-schema-graph\">{\"@context\":\"https:\\\/\\\/schema.org\",\"@graph\":[{\"@type\":\"Article\",\"@id\":\"https:\\\/\\\/www.24gliwice.pl\\\/wiadomosci\\\/byly-drzewa-sa-samochody-wycinka-pod-centrum-onkologii-budzi-sprzeciw-mieszkancow\\\/#article\",\"isPartOf\":{\"@id\":\"https:\\\/\\\/www.24gliwice.pl\\\/wiadomosci\\\/byly-drzewa-sa-samochody-wycinka-pod-centrum-onkologii-budzi-sprzeciw-mieszkancow\\\/\"},\"author\":{\"name\":\"Micha\u0142 Szewczyk\",\"@id\":\"https:\\\/\\\/www.24gliwice.pl\\\/wiadomosci\\\/#\\\/schema\\\/person\\\/940e8f8a097e322de4f463f061ef8d45\"},\"headline\":\"By\u0142y drzewa, s\u0105 samochody. Wycinka pod Centrum Onkologii budzi sprzeciw mieszka\u0144c\u00f3w\",\"datePublished\":\"2017-10-23T23:20:17+00:00\",\"mainEntityOfPage\":{\"@id\":\"https:\\\/\\\/www.24gliwice.pl\\\/wiadomosci\\\/byly-drzewa-sa-samochody-wycinka-pod-centrum-onkologii-budzi-sprzeciw-mieszkancow\\\/\"},\"wordCount\":469,\"commentCount\":0,\"publisher\":{\"@id\":\"https:\\\/\\\/www.24gliwice.pl\\\/wiadomosci\\\/#organization\"},\"image\":{\"@id\":\"https:\\\/\\\/www.24gliwice.pl\\\/wiadomosci\\\/byly-drzewa-sa-samochody-wycinka-pod-centrum-onkologii-budzi-sprzeciw-mieszkancow\\\/#primaryimage\"},\"thumbnailUrl\":\"https:\\\/\\\/www.24gliwice.pl\\\/wiadomosci\\\/wp-content\\\/uploads\\\/2017\\\/10\\\/lipy1-1.jpg\",\"keywords\":[\"gliwickie drzewa\",\"jakub s\u0142upski\"],\"articleSection\":[\"Gliwice\",\"Najnowsze wiadomo\u015bci\",\"Portal Gliwice - Wiadomo\u015bci lokalne\"],\"inLanguage\":\"pl-PL\",\"potentialAction\":[{\"@type\":\"CommentAction\",\"name\":\"Comment\",\"target\":[\"https:\\\/\\\/www.24gliwice.pl\\\/wiadomosci\\\/byly-drzewa-sa-samochody-wycinka-pod-centrum-onkologii-budzi-sprzeciw-mieszkancow\\\/#respond\"]}]},{\"@type\":\"WebPage\",\"@id\":\"https:\\\/\\\/www.24gliwice.pl\\\/wiadomosci\\\/byly-drzewa-sa-samochody-wycinka-pod-centrum-onkologii-budzi-sprzeciw-mieszkancow\\\/\",\"url\":\"https:\\\/\\\/www.24gliwice.pl\\\/wiadomosci\\\/byly-drzewa-sa-samochody-wycinka-pod-centrum-onkologii-budzi-sprzeciw-mieszkancow\\\/\",\"name\":\"By\u0142y drzewa, s\u0105 samochody. Wycinka pod Centrum Onkologii budzi sprzeciw mieszka\u0144c\u00f3w - 24GLIWICE - Portal Gliwice | codziennie nowe informacje\",\"isPartOf\":{\"@id\":\"https:\\\/\\\/www.24gliwice.pl\\\/wiadomosci\\\/#website\"},\"primaryImageOfPage\":{\"@id\":\"https:\\\/\\\/www.24gliwice.pl\\\/wiadomosci\\\/byly-drzewa-sa-samochody-wycinka-pod-centrum-onkologii-budzi-sprzeciw-mieszkancow\\\/#primaryimage\"},\"image\":{\"@id\":\"https:\\\/\\\/www.24gliwice.pl\\\/wiadomosci\\\/byly-drzewa-sa-samochody-wycinka-pod-centrum-onkologii-budzi-sprzeciw-mieszkancow\\\/#primaryimage\"},\"thumbnailUrl\":\"https:\\\/\\\/www.24gliwice.pl\\\/wiadomosci\\\/wp-content\\\/uploads\\\/2017\\\/10\\\/lipy1-1.jpg\",\"datePublished\":\"2017-10-23T23:20:17+00:00\",\"breadcrumb\":{\"@id\":\"https:\\\/\\\/www.24gliwice.pl\\\/wiadomosci\\\/byly-drzewa-sa-samochody-wycinka-pod-centrum-onkologii-budzi-sprzeciw-mieszkancow\\\/#breadcrumb\"},\"inLanguage\":\"pl-PL\",\"potentialAction\":[{\"@type\":\"ReadAction\",\"target\":[\"https:\\\/\\\/www.24gliwice.pl\\\/wiadomosci\\\/byly-drzewa-sa-samochody-wycinka-pod-centrum-onkologii-budzi-sprzeciw-mieszkancow\\\/\"]}]},{\"@type\":\"ImageObject\",\"inLanguage\":\"pl-PL\",\"@id\":\"https:\\\/\\\/www.24gliwice.pl\\\/wiadomosci\\\/byly-drzewa-sa-samochody-wycinka-pod-centrum-onkologii-budzi-sprzeciw-mieszkancow\\\/#primaryimage\",\"url\":\"https:\\\/\\\/www.24gliwice.pl\\\/wiadomosci\\\/wp-content\\\/uploads\\\/2017\\\/10\\\/lipy1-1.jpg\",\"contentUrl\":\"https:\\\/\\\/www.24gliwice.pl\\\/wiadomosci\\\/wp-content\\\/uploads\\\/2017\\\/10\\\/lipy1-1.jpg\",\"width\":1200,\"height\":675},{\"@type\":\"BreadcrumbList\",\"@id\":\"https:\\\/\\\/www.24gliwice.pl\\\/wiadomosci\\\/byly-drzewa-sa-samochody-wycinka-pod-centrum-onkologii-budzi-sprzeciw-mieszkancow\\\/#breadcrumb\",\"itemListElement\":[{\"@type\":\"ListItem\",\"position\":1,\"name\":\"Strona g\u0142\u00f3wna\",\"item\":\"https:\\\/\\\/www.24gliwice.pl\\\/wiadomosci\\\/\"},{\"@type\":\"ListItem\",\"position\":2,\"name\":\"By\u0142y drzewa, s\u0105 samochody. Wycinka pod Centrum Onkologii budzi sprzeciw mieszka\u0144c\u00f3w\"}]},{\"@type\":\"WebSite\",\"@id\":\"https:\\\/\\\/www.24gliwice.pl\\\/wiadomosci\\\/#website\",\"url\":\"https:\\\/\\\/www.24gliwice.pl\\\/wiadomosci\\\/\",\"name\":\"24GLIWICE - Portal Gliwice | codziennie nowe wiadomo\u015bci\",\"description\":\"Portal Miejski Gliwice\",\"publisher\":{\"@id\":\"https:\\\/\\\/www.24gliwice.pl\\\/wiadomosci\\\/#organization\"},\"potentialAction\":[{\"@type\":\"SearchAction\",\"target\":{\"@type\":\"EntryPoint\",\"urlTemplate\":\"https:\\\/\\\/www.24gliwice.pl\\\/wiadomosci\\\/?s={search_term_string}\"},\"query-input\":{\"@type\":\"PropertyValueSpecification\",\"valueRequired\":true,\"valueName\":\"search_term_string\"}}],\"inLanguage\":\"pl-PL\"},{\"@type\":\"Organization\",\"@id\":\"https:\\\/\\\/www.24gliwice.pl\\\/wiadomosci\\\/#organization\",\"name\":\"24gliwice\",\"url\":\"https:\\\/\\\/www.24gliwice.pl\\\/wiadomosci\\\/\",\"logo\":{\"@type\":\"ImageObject\",\"inLanguage\":\"pl-PL\",\"@id\":\"https:\\\/\\\/www.24gliwice.pl\\\/wiadomosci\\\/#\\\/schema\\\/logo\\\/image\\\/\",\"url\":\"https:\\\/\\\/www.24gliwice.pl\\\/wiadomosci\\\/wp-content\\\/uploads\\\/2024\\\/10\\\/24gliwice-logo-696.jpg\",\"contentUrl\":\"https:\\\/\\\/www.24gliwice.pl\\\/wiadomosci\\\/wp-content\\\/uploads\\\/2024\\\/10\\\/24gliwice-logo-696.jpg\",\"width\":696,\"height\":696,\"caption\":\"24gliwice\"},\"image\":{\"@id\":\"https:\\\/\\\/www.24gliwice.pl\\\/wiadomosci\\\/#\\\/schema\\\/logo\\\/image\\\/\"},\"sameAs\":[\"https:\\\/\\\/www.facebook.com\\\/24gliwice\",\"https:\\\/\\\/x.com\\\/24gliwice\",\"https:\\\/\\\/www.youtube.com\\\/@24gliwice\"]},{\"@type\":\"Person\",\"@id\":\"https:\\\/\\\/www.24gliwice.pl\\\/wiadomosci\\\/#\\\/schema\\\/person\\\/940e8f8a097e322de4f463f061ef8d45\",\"name\":\"Micha\u0142 Szewczyk\",\"image\":{\"@type\":\"ImageObject\",\"inLanguage\":\"pl-PL\",\"@id\":\"https:\\\/\\\/secure.gravatar.com\\\/avatar\\\/771b8b6c74cd8d255e46392d605e01a86133900ef09b6ef3c8d451c9d92288cf?s=96&d=mm&r=g\",\"url\":\"https:\\\/\\\/secure.gravatar.com\\\/avatar\\\/771b8b6c74cd8d255e46392d605e01a86133900ef09b6ef3c8d451c9d92288cf?s=96&d=mm&r=g\",\"contentUrl\":\"https:\\\/\\\/secure.gravatar.com\\\/avatar\\\/771b8b6c74cd8d255e46392d605e01a86133900ef09b6ef3c8d451c9d92288cf?s=96&d=mm&r=g\",\"caption\":\"Micha\u0142 Szewczyk\"},\"sameAs\":[\"http:\\\/\\\/www.gazeta-miejska.pl\"],\"url\":\"https:\\\/\\\/www.24gliwice.pl\\\/wiadomosci\\\/author\\\/michal-szewczyk\\\/\"}]}<\/script>\n<!-- \/ Yoast SEO plugin. -->","yoast_head_json":{"title":"By\u0142y drzewa, s\u0105 samochody. Wycinka pod Centrum Onkologii budzi sprzeciw mieszka\u0144c\u00f3w - 24GLIWICE - Portal Gliwice | codziennie nowe informacje","robots":{"index":"index","follow":"follow","max-snippet":"max-snippet:-1","max-image-preview":"max-image-preview:large","max-video-preview":"max-video-preview:-1"},"canonical":"https:\/\/www.24gliwice.pl\/wiadomosci\/byly-drzewa-sa-samochody-wycinka-pod-centrum-onkologii-budzi-sprzeciw-mieszkancow\/","og_locale":"pl_PL","og_type":"article","og_title":"By\u0142y drzewa, s\u0105 samochody. Wycinka pod Centrum Onkologii budzi sprzeciw mieszka\u0144c\u00f3w - 24GLIWICE - Portal Gliwice | codziennie nowe informacje","og_description":"W okolicach Centrum Onkologii \u0142\u0105cznie zostanie lub cz\u0119\u015bciowo ju\u017c zosta\u0142o wyci\u0119tych 30 drzew. Drogowcy t\u0142umacz\u0105 si\u0119 z\u0142ym stanem fitosanitarnym drzew, pobliskie Centrum Onkologii zapewnia, \u017ce o wycince nie mia\u0142o poj\u0119cia, a obro\u0144cy drzew wymieniaj\u0105 kolejne zastrze\u017cenia. &#8211; W sumie usuni\u0119tych zostanie 30 drzew. O tym fakcie zdecydowa\u0142 tylko i wy\u0142\u0105cznie z\u0142y stan fitosanitarny. Drzewa s\u0105 [&hellip;]","og_url":"https:\/\/www.24gliwice.pl\/wiadomosci\/byly-drzewa-sa-samochody-wycinka-pod-centrum-onkologii-budzi-sprzeciw-mieszkancow\/","og_site_name":"24GLIWICE - Portal Gliwice | codziennie nowe informacje","article_publisher":"https:\/\/www.facebook.com\/24gliwice","article_published_time":"2017-10-23T23:20:17+00:00","og_image":[{"width":1200,"height":675,"url":"https:\/\/www.24gliwice.pl\/wiadomosci\/wp-content\/uploads\/2017\/10\/lipy1-1.jpg","type":"image\/jpeg"}],"author":"Micha\u0142 Szewczyk","twitter_card":"summary_large_image","twitter_creator":"@24gliwice","twitter_site":"@24gliwice","twitter_misc":{"Napisane przez":"Micha\u0142 Szewczyk","Szacowany czas czytania":"2 minuty"},"schema":{"@context":"https:\/\/schema.org","@graph":[{"@type":"Article","@id":"https:\/\/www.24gliwice.pl\/wiadomosci\/byly-drzewa-sa-samochody-wycinka-pod-centrum-onkologii-budzi-sprzeciw-mieszkancow\/#article","isPartOf":{"@id":"https:\/\/www.24gliwice.pl\/wiadomosci\/byly-drzewa-sa-samochody-wycinka-pod-centrum-onkologii-budzi-sprzeciw-mieszkancow\/"},"author":{"name":"Micha\u0142 Szewczyk","@id":"https:\/\/www.24gliwice.pl\/wiadomosci\/#\/schema\/person\/940e8f8a097e322de4f463f061ef8d45"},"headline":"By\u0142y drzewa, s\u0105 samochody. Wycinka pod Centrum Onkologii budzi sprzeciw mieszka\u0144c\u00f3w","datePublished":"2017-10-23T23:20:17+00:00","mainEntityOfPage":{"@id":"https:\/\/www.24gliwice.pl\/wiadomosci\/byly-drzewa-sa-samochody-wycinka-pod-centrum-onkologii-budzi-sprzeciw-mieszkancow\/"},"wordCount":469,"commentCount":0,"publisher":{"@id":"https:\/\/www.24gliwice.pl\/wiadomosci\/#organization"},"image":{"@id":"https:\/\/www.24gliwice.pl\/wiadomosci\/byly-drzewa-sa-samochody-wycinka-pod-centrum-onkologii-budzi-sprzeciw-mieszkancow\/#primaryimage"},"thumbnailUrl":"https:\/\/www.24gliwice.pl\/wiadomosci\/wp-content\/uploads\/2017\/10\/lipy1-1.jpg","keywords":["gliwickie drzewa","jakub s\u0142upski"],"articleSection":["Gliwice","Najnowsze wiadomo\u015bci","Portal Gliwice - Wiadomo\u015bci lokalne"],"inLanguage":"pl-PL","potentialAction":[{"@type":"CommentAction","name":"Comment","target":["https:\/\/www.24gliwice.pl\/wiadomosci\/byly-drzewa-sa-samochody-wycinka-pod-centrum-onkologii-budzi-sprzeciw-mieszkancow\/#respond"]}]},{"@type":"WebPage","@id":"https:\/\/www.24gliwice.pl\/wiadomosci\/byly-drzewa-sa-samochody-wycinka-pod-centrum-onkologii-budzi-sprzeciw-mieszkancow\/","url":"https:\/\/www.24gliwice.pl\/wiadomosci\/byly-drzewa-sa-samochody-wycinka-pod-centrum-onkologii-budzi-sprzeciw-mieszkancow\/","name":"By\u0142y drzewa, s\u0105 samochody. Wycinka pod Centrum Onkologii budzi sprzeciw mieszka\u0144c\u00f3w - 24GLIWICE - Portal Gliwice | codziennie nowe informacje","isPartOf":{"@id":"https:\/\/www.24gliwice.pl\/wiadomosci\/#website"},"primaryImageOfPage":{"@id":"https:\/\/www.24gliwice.pl\/wiadomosci\/byly-drzewa-sa-samochody-wycinka-pod-centrum-onkologii-budzi-sprzeciw-mieszkancow\/#primaryimage"},"image":{"@id":"https:\/\/www.24gliwice.pl\/wiadomosci\/byly-drzewa-sa-samochody-wycinka-pod-centrum-onkologii-budzi-sprzeciw-mieszkancow\/#primaryimage"},"thumbnailUrl":"https:\/\/www.24gliwice.pl\/wiadomosci\/wp-content\/uploads\/2017\/10\/lipy1-1.jpg","datePublished":"2017-10-23T23:20:17+00:00","breadcrumb":{"@id":"https:\/\/www.24gliwice.pl\/wiadomosci\/byly-drzewa-sa-samochody-wycinka-pod-centrum-onkologii-budzi-sprzeciw-mieszkancow\/#breadcrumb"},"inLanguage":"pl-PL","potentialAction":[{"@type":"ReadAction","target":["https:\/\/www.24gliwice.pl\/wiadomosci\/byly-drzewa-sa-samochody-wycinka-pod-centrum-onkologii-budzi-sprzeciw-mieszkancow\/"]}]},{"@type":"ImageObject","inLanguage":"pl-PL","@id":"https:\/\/www.24gliwice.pl\/wiadomosci\/byly-drzewa-sa-samochody-wycinka-pod-centrum-onkologii-budzi-sprzeciw-mieszkancow\/#primaryimage","url":"https:\/\/www.24gliwice.pl\/wiadomosci\/wp-content\/uploads\/2017\/10\/lipy1-1.jpg","contentUrl":"https:\/\/www.24gliwice.pl\/wiadomosci\/wp-content\/uploads\/2017\/10\/lipy1-1.jpg","width":1200,"height":675},{"@type":"BreadcrumbList","@id":"https:\/\/www.24gliwice.pl\/wiadomosci\/byly-drzewa-sa-samochody-wycinka-pod-centrum-onkologii-budzi-sprzeciw-mieszkancow\/#breadcrumb","itemListElement":[{"@type":"ListItem","position":1,"name":"Strona g\u0142\u00f3wna","item":"https:\/\/www.24gliwice.pl\/wiadomosci\/"},{"@type":"ListItem","position":2,"name":"By\u0142y drzewa, s\u0105 samochody. Wycinka pod Centrum Onkologii budzi sprzeciw mieszka\u0144c\u00f3w"}]},{"@type":"WebSite","@id":"https:\/\/www.24gliwice.pl\/wiadomosci\/#website","url":"https:\/\/www.24gliwice.pl\/wiadomosci\/","name":"24GLIWICE - Portal Gliwice | codziennie nowe wiadomo\u015bci","description":"Portal Miejski Gliwice","publisher":{"@id":"https:\/\/www.24gliwice.pl\/wiadomosci\/#organization"},"potentialAction":[{"@type":"SearchAction","target":{"@type":"EntryPoint","urlTemplate":"https:\/\/www.24gliwice.pl\/wiadomosci\/?s={search_term_string}"},"query-input":{"@type":"PropertyValueSpecification","valueRequired":true,"valueName":"search_term_string"}}],"inLanguage":"pl-PL"},{"@type":"Organization","@id":"https:\/\/www.24gliwice.pl\/wiadomosci\/#organization","name":"24gliwice","url":"https:\/\/www.24gliwice.pl\/wiadomosci\/","logo":{"@type":"ImageObject","inLanguage":"pl-PL","@id":"https:\/\/www.24gliwice.pl\/wiadomosci\/#\/schema\/logo\/image\/","url":"https:\/\/www.24gliwice.pl\/wiadomosci\/wp-content\/uploads\/2024\/10\/24gliwice-logo-696.jpg","contentUrl":"https:\/\/www.24gliwice.pl\/wiadomosci\/wp-content\/uploads\/2024\/10\/24gliwice-logo-696.jpg","width":696,"height":696,"caption":"24gliwice"},"image":{"@id":"https:\/\/www.24gliwice.pl\/wiadomosci\/#\/schema\/logo\/image\/"},"sameAs":["https:\/\/www.facebook.com\/24gliwice","https:\/\/x.com\/24gliwice","https:\/\/www.youtube.com\/@24gliwice"]},{"@type":"Person","@id":"https:\/\/www.24gliwice.pl\/wiadomosci\/#\/schema\/person\/940e8f8a097e322de4f463f061ef8d45","name":"Micha\u0142 Szewczyk","image":{"@type":"ImageObject","inLanguage":"pl-PL","@id":"https:\/\/secure.gravatar.com\/avatar\/771b8b6c74cd8d255e46392d605e01a86133900ef09b6ef3c8d451c9d92288cf?s=96&d=mm&r=g","url":"https:\/\/secure.gravatar.com\/avatar\/771b8b6c74cd8d255e46392d605e01a86133900ef09b6ef3c8d451c9d92288cf?s=96&d=mm&r=g","contentUrl":"https:\/\/secure.gravatar.com\/avatar\/771b8b6c74cd8d255e46392d605e01a86133900ef09b6ef3c8d451c9d92288cf?s=96&d=mm&r=g","caption":"Micha\u0142 Szewczyk"},"sameAs":["http:\/\/www.gazeta-miejska.pl"],"url":"https:\/\/www.24gliwice.pl\/wiadomosci\/author\/michal-szewczyk\/"}]}},"_links":{"self":[{"href":"https:\/\/www.24gliwice.pl\/wiadomosci\/wp-json\/wp\/v2\/posts\/106032","targetHints":{"allow":["GET"]}}],"collection":[{"href":"https:\/\/www.24gliwice.pl\/wiadomosci\/wp-json\/wp\/v2\/posts"}],"about":[{"href":"https:\/\/www.24gliwice.pl\/wiadomosci\/wp-json\/wp\/v2\/types\/post"}],"author":[{"embeddable":true,"href":"https:\/\/www.24gliwice.pl\/wiadomosci\/wp-json\/wp\/v2\/users\/12"}],"replies":[{"embeddable":true,"href":"https:\/\/www.24gliwice.pl\/wiadomosci\/wp-json\/wp\/v2\/comments?post=106032"}],"version-history":[{"count":0,"href":"https:\/\/www.24gliwice.pl\/wiadomosci\/wp-json\/wp\/v2\/posts\/106032\/revisions"}],"wp:featuredmedia":[{"embeddable":true,"href":"https:\/\/www.24gliwice.pl\/wiadomosci\/wp-json\/wp\/v2\/media\/106157"}],"wp:attachment":[{"href":"https:\/\/www.24gliwice.pl\/wiadomosci\/wp-json\/wp\/v2\/media?parent=106032"}],"wp:term":[{"taxonomy":"category","embeddable":true,"href":"https:\/\/www.24gliwice.pl\/wiadomosci\/wp-json\/wp\/v2\/categories?post=106032"},{"taxonomy":"post_tag","embeddable":true,"href":"https:\/\/www.24gliwice.pl\/wiadomosci\/wp-json\/wp\/v2\/tags?post=106032"}],"curies":[{"name":"wp","href":"https:\/\/api.w.org\/{rel}","templated":true}]}}