{"id":106192,"date":"2017-10-23T15:23:19","date_gmt":"2017-10-23T13:23:19","guid":{"rendered":"http:\/\/www.24gliwice.pl\/wiadomosci\/?p=106192"},"modified":"2017-10-23T15:23:19","modified_gmt":"2017-10-23T13:23:19","slug":"bez-utrudnien-na-daszynskiego-mialo-byc-wahadlo-nie-bylo-pwik-wykona-prace-w-innym-terminie","status":"publish","type":"post","link":"https:\/\/www.24gliwice.pl\/wiadomosci\/bez-utrudnien-na-daszynskiego-mialo-byc-wahadlo-nie-bylo-pwik-wykona-prace-w-innym-terminie\/","title":{"rendered":"Bez utrudnie\u0144 na Daszy\u0144skiego. Mia\u0142o by\u0107 wahad\u0142o, nie by\u0142o. PWiK wykona prace w innym terminie"},"content":{"rendered":"<div class=\"gliwi-a6-nad-leadem-artykulow gliwi-entity-placement\" id=\"gliwi-636917067\"><div class=\"gliwi-adlabel\"><span style=\"font-size: 9px\">REKLAMA<\/span><\/div><div id=\"gliwi-1095961797\" style=\"margin-bottom: 25px;margin-left: auto;margin-right: auto;text-align: center;\"><a data-no-instant=\"1\" href=\"https:\/\/dom100.eu\/\" rel=\"noopener\" class=\"a2t-link\" target=\"_blank\" aria-label=\"20260415 DOM100 D\"><img loading=\"lazy\" decoding=\"async\" src=\"https:\/\/www.24gliwice.pl\/wiadomosci\/wp-content\/uploads\/2026\/04\/20260415-DOM100-D.jpg\" alt=\"\"  srcset=\"https:\/\/www.24gliwice.pl\/wiadomosci\/wp-content\/uploads\/2026\/04\/20260415-DOM100-D.jpg 750w, https:\/\/www.24gliwice.pl\/wiadomosci\/wp-content\/uploads\/2026\/04\/20260415-DOM100-D-410x109.jpg 410w\" sizes=\"(max-width: 750px) 100vw, 750px\" class=\"no-lazyload\" width=\"750\" height=\"200\"  style=\"display: inline-block; max-width: 100%; height: auto;\" \/><\/a><\/div><\/div><h3>W ubieg\u0142ym tygodniu informowali\u015bmy o planach zaj\u0119cia pasa drogowego Przez Przedsi\u0119biorstwo Wodoci\u0105g\u00f3w i Kanalizacji w zwi\u0105zku z potrzeb\u0105 przeprowadzenia tam prac. Mia\u0142 by\u0107 tam wprowadzony ruch wahad\u0142owy.<\/h3>\n<p>Wbrew wcze\u015bniejszym zapowiedziom, na razie nie b\u0119dzie utrudnie\u0144 na ul.Daszy\u0144skiego, gdzie na odcinku od ul.Architekt\u00f3w do ul.Ceramik\u00f3w, prowadzone mia\u0142y by\u0107 prace, zlecone przez PWiK. O nowym terminie rozpocz\u0119cia prac Zarz\u0105d Dr\u00f3g Miejskich poinformuje osobnym komunikatem.<\/p>\n<p>(\u017cms)\/ZDM<\/p><div class=\"gliwi-a3-w-tresci-artykulow gliwi-entity-placement\" id=\"gliwi-966197331\"><div class=\"gliwi-adlabel\"><span style=\"font-size: 9px\">REKLAMA<\/span><\/div><div id=\"gliwi-2811417515\" style=\"margin-bottom: 30px;margin-left: auto;margin-right: auto;text-align: center;\"><a data-no-instant=\"1\" href=\"https:\/\/ogrodyandersa.pl\/\" rel=\"noopener\" class=\"a2t-link\" target=\"_blank\" aria-label=\"20260415 Ogrody Andersa KUP TERAZ D\"><img loading=\"lazy\" decoding=\"async\" src=\"https:\/\/www.24gliwice.pl\/wiadomosci\/wp-content\/uploads\/2026\/04\/20260415-Ogrody-Andersa-KUP-TERAZ-D.jpg\" alt=\"\"  srcset=\"https:\/\/www.24gliwice.pl\/wiadomosci\/wp-content\/uploads\/2026\/04\/20260415-Ogrody-Andersa-KUP-TERAZ-D.jpg 750w, https:\/\/www.24gliwice.pl\/wiadomosci\/wp-content\/uploads\/2026\/04\/20260415-Ogrody-Andersa-KUP-TERAZ-D-410x109.jpg 410w\" sizes=\"(max-width: 750px) 100vw, 750px\" class=\"no-lazyload\" width=\"750\" height=\"200\"  style=\"display: inline-block; max-width: 100%; height: auto;\" \/><\/a><\/div><\/div>\n<p><iframe loading=\"lazy\" src=\"https:\/\/www.google.com\/maps\/embed?pb=!1m0!4v1508330491123!6m8!1m7!1sbu3LiRbCoCCKnB1pzvXK0w!2m2!1d50.27803118992789!2d18.5808895445137!3f246.84501187412576!4f-4.170762208044337!5f1.1924812503605782\" width=\"810\" height=\"455\" frameborder=\"0\" style=\"border:0\" allowfullscreen><\/iframe><\/p>\n<div class=\"gliwi-a5-na-koncu-artykulow gliwi-entity-placement\" id=\"gliwi-4153662136\"><div class=\"gliwi-adlabel\"><span style=\"font-size: 9px\">REKLAMA<\/span><\/div><div id=\"gliwi-1174634119\" style=\"margin-left: auto;margin-right: auto;text-align: center;\"><a data-no-instant=\"1\" href=\"https:\/\/prezeroarenagliwice.pl\/\" rel=\"noopener\" class=\"a2t-link\" target=\"_blank\" aria-label=\"20260309-PREZERO-WIOSNA-D\"><img loading=\"lazy\" decoding=\"async\" src=\"https:\/\/www.24gliwice.pl\/wiadomosci\/wp-content\/uploads\/2026\/03\/20260309-PREZERO-WIOSNA-D.webp\" alt=\"\"  srcset=\"https:\/\/www.24gliwice.pl\/wiadomosci\/wp-content\/uploads\/2026\/03\/20260309-PREZERO-WIOSNA-D.webp 750w, https:\/\/www.24gliwice.pl\/wiadomosci\/wp-content\/uploads\/2026\/03\/20260309-PREZERO-WIOSNA-D-410x109.webp 410w\" sizes=\"(max-width: 750px) 100vw, 750px\" class=\"no-lazyload\" width=\"750\" height=\"200\"  style=\"display: inline-block; max-width: 100%; height: auto;\" \/><\/a><\/div><\/div>","protected":false},"excerpt":{"rendered":"<p>W ubieg\u0142ym tygodniu informowali\u015bmy o planach zaj\u0119cia pasa drogowego Przez Przedsi\u0119biorstwo Wodoci\u0105g\u00f3w i Kanalizacji w zwi\u0105zku z potrzeb\u0105 przeprowadzenia tam prac. Mia\u0142 by\u0107 tam wprowadzony ruch wahad\u0142owy. Wbrew wcze\u015bniejszym zapowiedziom, na razie nie b\u0119dzie utrudnie\u0144 na ul.Daszy\u0144skiego, gdzie na odcinku od ul.Architekt\u00f3w do ul.Ceramik\u00f3w, prowadzone mia\u0142y by\u0107 prace, zlecone przez PWiK. O nowym terminie rozpocz\u0119cia [&hellip;]<\/p>\n","protected":false},"author":15,"featured_media":105968,"comment_status":"open","ping_status":"closed","sticky":false,"template":"","format":"standard","meta":{"_monsterinsights_skip_tracking":false,"_monsterinsights_sitenote_active":false,"_monsterinsights_sitenote_note":"","_monsterinsights_sitenote_category":0,"footnotes":"","_links_to":"","_links_to_target":""},"categories":[3,1],"tags":[990,1804,9759,214],"class_list":["post-106192","post","type-post","status-publish","format-standard","has-post-thumbnail","hentry","category-gliwice","category-wszystko","tag-daszynskiego","tag-pwik","tag-wahadlo","tag-zdm"],"yoast_head":"<!-- This site is optimized with the Yoast SEO plugin v27.5 - https:\/\/yoast.com\/product\/yoast-seo-wordpress\/ -->\n<title>Bez utrudnie\u0144 na Daszy\u0144skiego. Mia\u0142o by\u0107 wahad\u0142o, nie by\u0142o. PWiK wykona prace w innym terminie - 24GLIWICE - Portal Gliwice | codziennie nowe informacje<\/title>\n<meta name=\"robots\" content=\"index, follow, max-snippet:-1, max-image-preview:large, max-video-preview:-1\" \/>\n<link rel=\"canonical\" href=\"https:\/\/www.24gliwice.pl\/wiadomosci\/bez-utrudnien-na-daszynskiego-mialo-byc-wahadlo-nie-bylo-pwik-wykona-prace-w-innym-terminie\/\" \/>\n<meta property=\"og:locale\" content=\"pl_PL\" \/>\n<meta property=\"og:type\" content=\"article\" \/>\n<meta property=\"og:title\" content=\"Bez utrudnie\u0144 na Daszy\u0144skiego. Mia\u0142o by\u0107 wahad\u0142o, nie by\u0142o. PWiK wykona prace w innym terminie - 24GLIWICE - Portal Gliwice | codziennie nowe informacje\" \/>\n<meta property=\"og:description\" content=\"W ubieg\u0142ym tygodniu informowali\u015bmy o planach zaj\u0119cia pasa drogowego Przez Przedsi\u0119biorstwo Wodoci\u0105g\u00f3w i Kanalizacji w zwi\u0105zku z potrzeb\u0105 przeprowadzenia tam prac. Mia\u0142 by\u0107 tam wprowadzony ruch wahad\u0142owy. Wbrew wcze\u015bniejszym zapowiedziom, na razie nie b\u0119dzie utrudnie\u0144 na ul.Daszy\u0144skiego, gdzie na odcinku od ul.Architekt\u00f3w do ul.Ceramik\u00f3w, prowadzone mia\u0142y by\u0107 prace, zlecone przez PWiK. O nowym terminie rozpocz\u0119cia [&hellip;]\" \/>\n<meta property=\"og:url\" content=\"https:\/\/www.24gliwice.pl\/wiadomosci\/bez-utrudnien-na-daszynskiego-mialo-byc-wahadlo-nie-bylo-pwik-wykona-prace-w-innym-terminie\/\" \/>\n<meta property=\"og:site_name\" content=\"24GLIWICE - Portal Gliwice | codziennie nowe informacje\" \/>\n<meta property=\"article:publisher\" content=\"https:\/\/www.facebook.com\/24gliwice\" \/>\n<meta property=\"article:published_time\" content=\"2017-10-23T13:23:19+00:00\" \/>\n<meta property=\"og:image\" content=\"https:\/\/www.24gliwice.pl\/wiadomosci\/wp-content\/uploads\/2017\/10\/daszy\u0144skiego-e1508330384430.jpg\" \/>\n\t<meta property=\"og:image:width\" content=\"810\" \/>\n\t<meta property=\"og:image:height\" content=\"456\" \/>\n\t<meta property=\"og:image:type\" content=\"image\/jpeg\" \/>\n<meta name=\"author\" content=\"\u017baneta Mrozek-Siewierska\" \/>\n<meta name=\"twitter:card\" content=\"summary_large_image\" \/>\n<meta name=\"twitter:creator\" content=\"@24gliwice\" \/>\n<meta name=\"twitter:site\" content=\"@24gliwice\" \/>\n<meta name=\"twitter:label1\" content=\"Napisane przez\" \/>\n\t<meta name=\"twitter:data1\" content=\"\u017baneta Mrozek-Siewierska\" \/>\n<script type=\"application\/ld+json\" class=\"yoast-schema-graph\">{\"@context\":\"https:\\\/\\\/schema.org\",\"@graph\":[{\"@type\":\"Article\",\"@id\":\"https:\\\/\\\/www.24gliwice.pl\\\/wiadomosci\\\/bez-utrudnien-na-daszynskiego-mialo-byc-wahadlo-nie-bylo-pwik-wykona-prace-w-innym-terminie\\\/#article\",\"isPartOf\":{\"@id\":\"https:\\\/\\\/www.24gliwice.pl\\\/wiadomosci\\\/bez-utrudnien-na-daszynskiego-mialo-byc-wahadlo-nie-bylo-pwik-wykona-prace-w-innym-terminie\\\/\"},\"author\":{\"name\":\"\u017baneta Mrozek-Siewierska\",\"@id\":\"https:\\\/\\\/www.24gliwice.pl\\\/wiadomosci\\\/#\\\/schema\\\/person\\\/e42c650edd7f2fa332be3811fb166b6e\"},\"headline\":\"Bez utrudnie\u0144 na Daszy\u0144skiego. Mia\u0142o by\u0107 wahad\u0142o, nie by\u0142o. PWiK wykona prace w innym terminie\",\"datePublished\":\"2017-10-23T13:23:19+00:00\",\"mainEntityOfPage\":{\"@id\":\"https:\\\/\\\/www.24gliwice.pl\\\/wiadomosci\\\/bez-utrudnien-na-daszynskiego-mialo-byc-wahadlo-nie-bylo-pwik-wykona-prace-w-innym-terminie\\\/\"},\"wordCount\":103,\"commentCount\":0,\"publisher\":{\"@id\":\"https:\\\/\\\/www.24gliwice.pl\\\/wiadomosci\\\/#organization\"},\"image\":{\"@id\":\"https:\\\/\\\/www.24gliwice.pl\\\/wiadomosci\\\/bez-utrudnien-na-daszynskiego-mialo-byc-wahadlo-nie-bylo-pwik-wykona-prace-w-innym-terminie\\\/#primaryimage\"},\"thumbnailUrl\":\"https:\\\/\\\/www.24gliwice.pl\\\/wiadomosci\\\/wp-content\\\/uploads\\\/2017\\\/10\\\/daszy\u0144skiego-e1508330384430.jpg\",\"keywords\":[\"DASZY\u0143SKIEGO\",\"PWIK\",\"wahad\u0142o\",\"ZDM\"],\"articleSection\":[\"Gliwice\",\"Najnowsze wiadomo\u015bci\"],\"inLanguage\":\"pl-PL\",\"potentialAction\":[{\"@type\":\"CommentAction\",\"name\":\"Comment\",\"target\":[\"https:\\\/\\\/www.24gliwice.pl\\\/wiadomosci\\\/bez-utrudnien-na-daszynskiego-mialo-byc-wahadlo-nie-bylo-pwik-wykona-prace-w-innym-terminie\\\/#respond\"]}]},{\"@type\":\"WebPage\",\"@id\":\"https:\\\/\\\/www.24gliwice.pl\\\/wiadomosci\\\/bez-utrudnien-na-daszynskiego-mialo-byc-wahadlo-nie-bylo-pwik-wykona-prace-w-innym-terminie\\\/\",\"url\":\"https:\\\/\\\/www.24gliwice.pl\\\/wiadomosci\\\/bez-utrudnien-na-daszynskiego-mialo-byc-wahadlo-nie-bylo-pwik-wykona-prace-w-innym-terminie\\\/\",\"name\":\"Bez utrudnie\u0144 na Daszy\u0144skiego. Mia\u0142o by\u0107 wahad\u0142o, nie by\u0142o. PWiK wykona prace w innym terminie - 24GLIWICE - Portal Gliwice | codziennie nowe informacje\",\"isPartOf\":{\"@id\":\"https:\\\/\\\/www.24gliwice.pl\\\/wiadomosci\\\/#website\"},\"primaryImageOfPage\":{\"@id\":\"https:\\\/\\\/www.24gliwice.pl\\\/wiadomosci\\\/bez-utrudnien-na-daszynskiego-mialo-byc-wahadlo-nie-bylo-pwik-wykona-prace-w-innym-terminie\\\/#primaryimage\"},\"image\":{\"@id\":\"https:\\\/\\\/www.24gliwice.pl\\\/wiadomosci\\\/bez-utrudnien-na-daszynskiego-mialo-byc-wahadlo-nie-bylo-pwik-wykona-prace-w-innym-terminie\\\/#primaryimage\"},\"thumbnailUrl\":\"https:\\\/\\\/www.24gliwice.pl\\\/wiadomosci\\\/wp-content\\\/uploads\\\/2017\\\/10\\\/daszy\u0144skiego-e1508330384430.jpg\",\"datePublished\":\"2017-10-23T13:23:19+00:00\",\"breadcrumb\":{\"@id\":\"https:\\\/\\\/www.24gliwice.pl\\\/wiadomosci\\\/bez-utrudnien-na-daszynskiego-mialo-byc-wahadlo-nie-bylo-pwik-wykona-prace-w-innym-terminie\\\/#breadcrumb\"},\"inLanguage\":\"pl-PL\",\"potentialAction\":[{\"@type\":\"ReadAction\",\"target\":[\"https:\\\/\\\/www.24gliwice.pl\\\/wiadomosci\\\/bez-utrudnien-na-daszynskiego-mialo-byc-wahadlo-nie-bylo-pwik-wykona-prace-w-innym-terminie\\\/\"]}]},{\"@type\":\"ImageObject\",\"inLanguage\":\"pl-PL\",\"@id\":\"https:\\\/\\\/www.24gliwice.pl\\\/wiadomosci\\\/bez-utrudnien-na-daszynskiego-mialo-byc-wahadlo-nie-bylo-pwik-wykona-prace-w-innym-terminie\\\/#primaryimage\",\"url\":\"https:\\\/\\\/www.24gliwice.pl\\\/wiadomosci\\\/wp-content\\\/uploads\\\/2017\\\/10\\\/daszy\u0144skiego-e1508330384430.jpg\",\"contentUrl\":\"https:\\\/\\\/www.24gliwice.pl\\\/wiadomosci\\\/wp-content\\\/uploads\\\/2017\\\/10\\\/daszy\u0144skiego-e1508330384430.jpg\",\"width\":810,\"height\":456,\"caption\":\"fot. scr. Google Maps\"},{\"@type\":\"BreadcrumbList\",\"@id\":\"https:\\\/\\\/www.24gliwice.pl\\\/wiadomosci\\\/bez-utrudnien-na-daszynskiego-mialo-byc-wahadlo-nie-bylo-pwik-wykona-prace-w-innym-terminie\\\/#breadcrumb\",\"itemListElement\":[{\"@type\":\"ListItem\",\"position\":1,\"name\":\"Strona g\u0142\u00f3wna\",\"item\":\"https:\\\/\\\/www.24gliwice.pl\\\/wiadomosci\\\/\"},{\"@type\":\"ListItem\",\"position\":2,\"name\":\"Bez utrudnie\u0144 na Daszy\u0144skiego. Mia\u0142o by\u0107 wahad\u0142o, nie by\u0142o. PWiK wykona prace w innym terminie\"}]},{\"@type\":\"WebSite\",\"@id\":\"https:\\\/\\\/www.24gliwice.pl\\\/wiadomosci\\\/#website\",\"url\":\"https:\\\/\\\/www.24gliwice.pl\\\/wiadomosci\\\/\",\"name\":\"24GLIWICE - Portal Gliwice | codziennie nowe wiadomo\u015bci\",\"description\":\"Portal Miejski Gliwice\",\"publisher\":{\"@id\":\"https:\\\/\\\/www.24gliwice.pl\\\/wiadomosci\\\/#organization\"},\"potentialAction\":[{\"@type\":\"SearchAction\",\"target\":{\"@type\":\"EntryPoint\",\"urlTemplate\":\"https:\\\/\\\/www.24gliwice.pl\\\/wiadomosci\\\/?s={search_term_string}\"},\"query-input\":{\"@type\":\"PropertyValueSpecification\",\"valueRequired\":true,\"valueName\":\"search_term_string\"}}],\"inLanguage\":\"pl-PL\"},{\"@type\":\"Organization\",\"@id\":\"https:\\\/\\\/www.24gliwice.pl\\\/wiadomosci\\\/#organization\",\"name\":\"24gliwice\",\"url\":\"https:\\\/\\\/www.24gliwice.pl\\\/wiadomosci\\\/\",\"logo\":{\"@type\":\"ImageObject\",\"inLanguage\":\"pl-PL\",\"@id\":\"https:\\\/\\\/www.24gliwice.pl\\\/wiadomosci\\\/#\\\/schema\\\/logo\\\/image\\\/\",\"url\":\"https:\\\/\\\/www.24gliwice.pl\\\/wiadomosci\\\/wp-content\\\/uploads\\\/2024\\\/10\\\/24gliwice-logo-696.jpg\",\"contentUrl\":\"https:\\\/\\\/www.24gliwice.pl\\\/wiadomosci\\\/wp-content\\\/uploads\\\/2024\\\/10\\\/24gliwice-logo-696.jpg\",\"width\":696,\"height\":696,\"caption\":\"24gliwice\"},\"image\":{\"@id\":\"https:\\\/\\\/www.24gliwice.pl\\\/wiadomosci\\\/#\\\/schema\\\/logo\\\/image\\\/\"},\"sameAs\":[\"https:\\\/\\\/www.facebook.com\\\/24gliwice\",\"https:\\\/\\\/x.com\\\/24gliwice\",\"https:\\\/\\\/www.youtube.com\\\/@24gliwice\"]},{\"@type\":\"Person\",\"@id\":\"https:\\\/\\\/www.24gliwice.pl\\\/wiadomosci\\\/#\\\/schema\\\/person\\\/e42c650edd7f2fa332be3811fb166b6e\",\"name\":\"\u017baneta Mrozek-Siewierska\",\"image\":{\"@type\":\"ImageObject\",\"inLanguage\":\"pl-PL\",\"@id\":\"https:\\\/\\\/secure.gravatar.com\\\/avatar\\\/1881429e9c64597c77ad7aef2d0a19be69a3253e57534d16aa15bf3a4d34a0a3?s=96&d=mm&r=g\",\"url\":\"https:\\\/\\\/secure.gravatar.com\\\/avatar\\\/1881429e9c64597c77ad7aef2d0a19be69a3253e57534d16aa15bf3a4d34a0a3?s=96&d=mm&r=g\",\"contentUrl\":\"https:\\\/\\\/secure.gravatar.com\\\/avatar\\\/1881429e9c64597c77ad7aef2d0a19be69a3253e57534d16aa15bf3a4d34a0a3?s=96&d=mm&r=g\",\"caption\":\"\u017baneta Mrozek-Siewierska\"},\"url\":\"https:\\\/\\\/www.24gliwice.pl\\\/wiadomosci\\\/author\\\/zms\\\/\"}]}<\/script>\n<!-- \/ Yoast SEO plugin. -->","yoast_head_json":{"title":"Bez utrudnie\u0144 na Daszy\u0144skiego. Mia\u0142o by\u0107 wahad\u0142o, nie by\u0142o. PWiK wykona prace w innym terminie - 24GLIWICE - Portal Gliwice | codziennie nowe informacje","robots":{"index":"index","follow":"follow","max-snippet":"max-snippet:-1","max-image-preview":"max-image-preview:large","max-video-preview":"max-video-preview:-1"},"canonical":"https:\/\/www.24gliwice.pl\/wiadomosci\/bez-utrudnien-na-daszynskiego-mialo-byc-wahadlo-nie-bylo-pwik-wykona-prace-w-innym-terminie\/","og_locale":"pl_PL","og_type":"article","og_title":"Bez utrudnie\u0144 na Daszy\u0144skiego. Mia\u0142o by\u0107 wahad\u0142o, nie by\u0142o. PWiK wykona prace w innym terminie - 24GLIWICE - Portal Gliwice | codziennie nowe informacje","og_description":"W ubieg\u0142ym tygodniu informowali\u015bmy o planach zaj\u0119cia pasa drogowego Przez Przedsi\u0119biorstwo Wodoci\u0105g\u00f3w i Kanalizacji w zwi\u0105zku z potrzeb\u0105 przeprowadzenia tam prac. Mia\u0142 by\u0107 tam wprowadzony ruch wahad\u0142owy. Wbrew wcze\u015bniejszym zapowiedziom, na razie nie b\u0119dzie utrudnie\u0144 na ul.Daszy\u0144skiego, gdzie na odcinku od ul.Architekt\u00f3w do ul.Ceramik\u00f3w, prowadzone mia\u0142y by\u0107 prace, zlecone przez PWiK. O nowym terminie rozpocz\u0119cia [&hellip;]","og_url":"https:\/\/www.24gliwice.pl\/wiadomosci\/bez-utrudnien-na-daszynskiego-mialo-byc-wahadlo-nie-bylo-pwik-wykona-prace-w-innym-terminie\/","og_site_name":"24GLIWICE - Portal Gliwice | codziennie nowe informacje","article_publisher":"https:\/\/www.facebook.com\/24gliwice","article_published_time":"2017-10-23T13:23:19+00:00","og_image":[{"width":810,"height":456,"url":"https:\/\/www.24gliwice.pl\/wiadomosci\/wp-content\/uploads\/2017\/10\/daszy\u0144skiego-e1508330384430.jpg","type":"image\/jpeg"}],"author":"\u017baneta Mrozek-Siewierska","twitter_card":"summary_large_image","twitter_creator":"@24gliwice","twitter_site":"@24gliwice","twitter_misc":{"Napisane przez":"\u017baneta Mrozek-Siewierska"},"schema":{"@context":"https:\/\/schema.org","@graph":[{"@type":"Article","@id":"https:\/\/www.24gliwice.pl\/wiadomosci\/bez-utrudnien-na-daszynskiego-mialo-byc-wahadlo-nie-bylo-pwik-wykona-prace-w-innym-terminie\/#article","isPartOf":{"@id":"https:\/\/www.24gliwice.pl\/wiadomosci\/bez-utrudnien-na-daszynskiego-mialo-byc-wahadlo-nie-bylo-pwik-wykona-prace-w-innym-terminie\/"},"author":{"name":"\u017baneta Mrozek-Siewierska","@id":"https:\/\/www.24gliwice.pl\/wiadomosci\/#\/schema\/person\/e42c650edd7f2fa332be3811fb166b6e"},"headline":"Bez utrudnie\u0144 na Daszy\u0144skiego. Mia\u0142o by\u0107 wahad\u0142o, nie by\u0142o. PWiK wykona prace w innym terminie","datePublished":"2017-10-23T13:23:19+00:00","mainEntityOfPage":{"@id":"https:\/\/www.24gliwice.pl\/wiadomosci\/bez-utrudnien-na-daszynskiego-mialo-byc-wahadlo-nie-bylo-pwik-wykona-prace-w-innym-terminie\/"},"wordCount":103,"commentCount":0,"publisher":{"@id":"https:\/\/www.24gliwice.pl\/wiadomosci\/#organization"},"image":{"@id":"https:\/\/www.24gliwice.pl\/wiadomosci\/bez-utrudnien-na-daszynskiego-mialo-byc-wahadlo-nie-bylo-pwik-wykona-prace-w-innym-terminie\/#primaryimage"},"thumbnailUrl":"https:\/\/www.24gliwice.pl\/wiadomosci\/wp-content\/uploads\/2017\/10\/daszy\u0144skiego-e1508330384430.jpg","keywords":["DASZY\u0143SKIEGO","PWIK","wahad\u0142o","ZDM"],"articleSection":["Gliwice","Najnowsze wiadomo\u015bci"],"inLanguage":"pl-PL","potentialAction":[{"@type":"CommentAction","name":"Comment","target":["https:\/\/www.24gliwice.pl\/wiadomosci\/bez-utrudnien-na-daszynskiego-mialo-byc-wahadlo-nie-bylo-pwik-wykona-prace-w-innym-terminie\/#respond"]}]},{"@type":"WebPage","@id":"https:\/\/www.24gliwice.pl\/wiadomosci\/bez-utrudnien-na-daszynskiego-mialo-byc-wahadlo-nie-bylo-pwik-wykona-prace-w-innym-terminie\/","url":"https:\/\/www.24gliwice.pl\/wiadomosci\/bez-utrudnien-na-daszynskiego-mialo-byc-wahadlo-nie-bylo-pwik-wykona-prace-w-innym-terminie\/","name":"Bez utrudnie\u0144 na Daszy\u0144skiego. Mia\u0142o by\u0107 wahad\u0142o, nie by\u0142o. PWiK wykona prace w innym terminie - 24GLIWICE - Portal Gliwice | codziennie nowe informacje","isPartOf":{"@id":"https:\/\/www.24gliwice.pl\/wiadomosci\/#website"},"primaryImageOfPage":{"@id":"https:\/\/www.24gliwice.pl\/wiadomosci\/bez-utrudnien-na-daszynskiego-mialo-byc-wahadlo-nie-bylo-pwik-wykona-prace-w-innym-terminie\/#primaryimage"},"image":{"@id":"https:\/\/www.24gliwice.pl\/wiadomosci\/bez-utrudnien-na-daszynskiego-mialo-byc-wahadlo-nie-bylo-pwik-wykona-prace-w-innym-terminie\/#primaryimage"},"thumbnailUrl":"https:\/\/www.24gliwice.pl\/wiadomosci\/wp-content\/uploads\/2017\/10\/daszy\u0144skiego-e1508330384430.jpg","datePublished":"2017-10-23T13:23:19+00:00","breadcrumb":{"@id":"https:\/\/www.24gliwice.pl\/wiadomosci\/bez-utrudnien-na-daszynskiego-mialo-byc-wahadlo-nie-bylo-pwik-wykona-prace-w-innym-terminie\/#breadcrumb"},"inLanguage":"pl-PL","potentialAction":[{"@type":"ReadAction","target":["https:\/\/www.24gliwice.pl\/wiadomosci\/bez-utrudnien-na-daszynskiego-mialo-byc-wahadlo-nie-bylo-pwik-wykona-prace-w-innym-terminie\/"]}]},{"@type":"ImageObject","inLanguage":"pl-PL","@id":"https:\/\/www.24gliwice.pl\/wiadomosci\/bez-utrudnien-na-daszynskiego-mialo-byc-wahadlo-nie-bylo-pwik-wykona-prace-w-innym-terminie\/#primaryimage","url":"https:\/\/www.24gliwice.pl\/wiadomosci\/wp-content\/uploads\/2017\/10\/daszy\u0144skiego-e1508330384430.jpg","contentUrl":"https:\/\/www.24gliwice.pl\/wiadomosci\/wp-content\/uploads\/2017\/10\/daszy\u0144skiego-e1508330384430.jpg","width":810,"height":456,"caption":"fot. scr. Google Maps"},{"@type":"BreadcrumbList","@id":"https:\/\/www.24gliwice.pl\/wiadomosci\/bez-utrudnien-na-daszynskiego-mialo-byc-wahadlo-nie-bylo-pwik-wykona-prace-w-innym-terminie\/#breadcrumb","itemListElement":[{"@type":"ListItem","position":1,"name":"Strona g\u0142\u00f3wna","item":"https:\/\/www.24gliwice.pl\/wiadomosci\/"},{"@type":"ListItem","position":2,"name":"Bez utrudnie\u0144 na Daszy\u0144skiego. Mia\u0142o by\u0107 wahad\u0142o, nie by\u0142o. PWiK wykona prace w innym terminie"}]},{"@type":"WebSite","@id":"https:\/\/www.24gliwice.pl\/wiadomosci\/#website","url":"https:\/\/www.24gliwice.pl\/wiadomosci\/","name":"24GLIWICE - Portal Gliwice | codziennie nowe wiadomo\u015bci","description":"Portal Miejski Gliwice","publisher":{"@id":"https:\/\/www.24gliwice.pl\/wiadomosci\/#organization"},"potentialAction":[{"@type":"SearchAction","target":{"@type":"EntryPoint","urlTemplate":"https:\/\/www.24gliwice.pl\/wiadomosci\/?s={search_term_string}"},"query-input":{"@type":"PropertyValueSpecification","valueRequired":true,"valueName":"search_term_string"}}],"inLanguage":"pl-PL"},{"@type":"Organization","@id":"https:\/\/www.24gliwice.pl\/wiadomosci\/#organization","name":"24gliwice","url":"https:\/\/www.24gliwice.pl\/wiadomosci\/","logo":{"@type":"ImageObject","inLanguage":"pl-PL","@id":"https:\/\/www.24gliwice.pl\/wiadomosci\/#\/schema\/logo\/image\/","url":"https:\/\/www.24gliwice.pl\/wiadomosci\/wp-content\/uploads\/2024\/10\/24gliwice-logo-696.jpg","contentUrl":"https:\/\/www.24gliwice.pl\/wiadomosci\/wp-content\/uploads\/2024\/10\/24gliwice-logo-696.jpg","width":696,"height":696,"caption":"24gliwice"},"image":{"@id":"https:\/\/www.24gliwice.pl\/wiadomosci\/#\/schema\/logo\/image\/"},"sameAs":["https:\/\/www.facebook.com\/24gliwice","https:\/\/x.com\/24gliwice","https:\/\/www.youtube.com\/@24gliwice"]},{"@type":"Person","@id":"https:\/\/www.24gliwice.pl\/wiadomosci\/#\/schema\/person\/e42c650edd7f2fa332be3811fb166b6e","name":"\u017baneta Mrozek-Siewierska","image":{"@type":"ImageObject","inLanguage":"pl-PL","@id":"https:\/\/secure.gravatar.com\/avatar\/1881429e9c64597c77ad7aef2d0a19be69a3253e57534d16aa15bf3a4d34a0a3?s=96&d=mm&r=g","url":"https:\/\/secure.gravatar.com\/avatar\/1881429e9c64597c77ad7aef2d0a19be69a3253e57534d16aa15bf3a4d34a0a3?s=96&d=mm&r=g","contentUrl":"https:\/\/secure.gravatar.com\/avatar\/1881429e9c64597c77ad7aef2d0a19be69a3253e57534d16aa15bf3a4d34a0a3?s=96&d=mm&r=g","caption":"\u017baneta Mrozek-Siewierska"},"url":"https:\/\/www.24gliwice.pl\/wiadomosci\/author\/zms\/"}]}},"_links":{"self":[{"href":"https:\/\/www.24gliwice.pl\/wiadomosci\/wp-json\/wp\/v2\/posts\/106192","targetHints":{"allow":["GET"]}}],"collection":[{"href":"https:\/\/www.24gliwice.pl\/wiadomosci\/wp-json\/wp\/v2\/posts"}],"about":[{"href":"https:\/\/www.24gliwice.pl\/wiadomosci\/wp-json\/wp\/v2\/types\/post"}],"author":[{"embeddable":true,"href":"https:\/\/www.24gliwice.pl\/wiadomosci\/wp-json\/wp\/v2\/users\/15"}],"replies":[{"embeddable":true,"href":"https:\/\/www.24gliwice.pl\/wiadomosci\/wp-json\/wp\/v2\/comments?post=106192"}],"version-history":[{"count":0,"href":"https:\/\/www.24gliwice.pl\/wiadomosci\/wp-json\/wp\/v2\/posts\/106192\/revisions"}],"wp:featuredmedia":[{"embeddable":true,"href":"https:\/\/www.24gliwice.pl\/wiadomosci\/wp-json\/wp\/v2\/media\/105968"}],"wp:attachment":[{"href":"https:\/\/www.24gliwice.pl\/wiadomosci\/wp-json\/wp\/v2\/media?parent=106192"}],"wp:term":[{"taxonomy":"category","embeddable":true,"href":"https:\/\/www.24gliwice.pl\/wiadomosci\/wp-json\/wp\/v2\/categories?post=106192"},{"taxonomy":"post_tag","embeddable":true,"href":"https:\/\/www.24gliwice.pl\/wiadomosci\/wp-json\/wp\/v2\/tags?post=106192"}],"curies":[{"name":"wp","href":"https:\/\/api.w.org\/{rel}","templated":true}]}}