{"id":106868,"date":"2017-10-30T12:38:42","date_gmt":"2017-10-30T11:38:42","guid":{"rendered":"http:\/\/www.24gliwice.pl\/wiadomosci\/?p=106868"},"modified":"2017-10-30T12:38:42","modified_gmt":"2017-10-30T11:38:42","slug":"lodowisko-tafla-nie-zostanie-uruchomione-od-poczatku-sezonu-usuniecie-awarii-potrwa","status":"publish","type":"post","link":"https:\/\/www.24gliwice.pl\/wiadomosci\/lodowisko-tafla-nie-zostanie-uruchomione-od-poczatku-sezonu-usuniecie-awarii-potrwa\/","title":{"rendered":"Lodowisko Tafla nie zostanie uruchomione od pocz\u0105tku sezonu. Usuni\u0119cie awarii potrwa"},"content":{"rendered":"<div class=\"gliwi-a6-nad-leadem-artykulow gliwi-entity-placement\" id=\"gliwi-3948353079\"><div class=\"gliwi-adlabel\"><span style=\"font-size: 9px\">REKLAMA<\/span><\/div><div id=\"gliwi-1161816446\" style=\"margin-bottom: 25px;margin-left: auto;margin-right: auto;text-align: center;\"><a data-no-instant=\"1\" href=\"https:\/\/dom100.eu\/\" rel=\"noopener\" class=\"a2t-link\" target=\"_blank\" aria-label=\"20260415 DOM100 D\"><img loading=\"lazy\" decoding=\"async\" src=\"https:\/\/www.24gliwice.pl\/wiadomosci\/wp-content\/uploads\/2026\/04\/20260415-DOM100-D.jpg\" alt=\"\"  srcset=\"https:\/\/www.24gliwice.pl\/wiadomosci\/wp-content\/uploads\/2026\/04\/20260415-DOM100-D.jpg 750w, https:\/\/www.24gliwice.pl\/wiadomosci\/wp-content\/uploads\/2026\/04\/20260415-DOM100-D-410x109.jpg 410w\" sizes=\"(max-width: 750px) 100vw, 750px\" class=\"no-lazyload\" width=\"750\" height=\"200\"  style=\"display: inline-block; max-width: 100%; height: auto;\" \/><\/a><\/div><\/div><h3>Wymiana systemu ch\u0142odzenia to pow\u00f3d, dla kt\u00f3rego obiekt jest nadal nieczynny. W ci\u0105gu najbli\u017cszych tygodni nie przewiduje si\u0119 jego otwarcia. Gliwiczanom pozostanie \u015blizgawka na osiedlu Kopernika.<\/h3>\n<p>Lodowisko nie dzia\u0142a i szybko nie zostanie otwarte. Jego naprawa to koszt rz\u0119du 100 tysi\u0119cy z\u0142otych, na co Politechniki \u015al\u0105skiej, kt\u00f3ra dzier\u017cawi obiekt od miasta, nie sta\u0107. System ch\u0142odzenia powinien zosta\u0107 wymieniony na bardziej nowoczesny, z technologi\u0105 wykorzystuj\u0105c\u0105 glikol. <\/p>\n<p><strong>Krzysztof Czapla<\/strong>, Dyrektor O\u015brodka Sportu Politechniki \u015al\u0105skiej by\u0142 go\u015bciem na pa\u017adziernikowym zebraniu Komisji Edukacji, Kultury i Sportu, dotycz\u0105cym awarii. W efekcie skierowano do prezydenta miasta wniosek o sfinansowanie inwestycji, w poniedzia\u0142ek ma zapa\u015b\u0107 decyzja Urz\u0119du Miasta.<\/p><div class=\"gliwi-a3-w-tresci-artykulow gliwi-entity-placement\" id=\"gliwi-2378084077\"><div class=\"gliwi-adlabel\"><span style=\"font-size: 9px\">REKLAMA<\/span><\/div><div id=\"gliwi-3964563665\" style=\"margin-bottom: 30px;margin-left: auto;margin-right: auto;text-align: center;\"><a data-no-instant=\"1\" href=\"https:\/\/ogrodyandersa.pl\/\" rel=\"noopener\" class=\"a2t-link\" target=\"_blank\" aria-label=\"20260415 Ogrody Andersa KUP TERAZ D\"><img loading=\"lazy\" decoding=\"async\" src=\"https:\/\/www.24gliwice.pl\/wiadomosci\/wp-content\/uploads\/2026\/04\/20260415-Ogrody-Andersa-KUP-TERAZ-D.jpg\" alt=\"\"  srcset=\"https:\/\/www.24gliwice.pl\/wiadomosci\/wp-content\/uploads\/2026\/04\/20260415-Ogrody-Andersa-KUP-TERAZ-D.jpg 750w, https:\/\/www.24gliwice.pl\/wiadomosci\/wp-content\/uploads\/2026\/04\/20260415-Ogrody-Andersa-KUP-TERAZ-D-410x109.jpg 410w\" sizes=\"(max-width: 750px) 100vw, 750px\" class=\"no-lazyload\" width=\"750\" height=\"200\"  style=\"display: inline-block; max-width: 100%; height: auto;\" \/><\/a><\/div><\/div>\n<blockquote><p>Je\u017celi decyzja urz\u0119dnik\u00f3w b\u0119dzie pozytywna, od razu zrobimy zam\u00f3wienie nowych urz\u0105dze\u0144. Bardzo nam zale\u017cy na tym, aby to uruchomi\u0107 jak najszybciej, by\u0107 mo\u017ce uda nam si\u0119 to przed Bo\u017cym Narodzeniem<\/p><\/blockquote>\n<p>&#8211; zapewnia Dyrektor O\u015brodka Sportu.<\/p>\n<p>Prace remontowe mog\u0105 potrwa\u0107 nawet dwa miesi\u0105ce. Gliwiczanie, kt\u00f3rzy korzystali z mo\u017cliwo\u015bci je\u017cd\u017cenia tam na \u0142y\u017cwach, b\u0119d\u0105 musieli uzbroi\u0107 si\u0119 w cierpliwo\u015b\u0107, w szczeg\u00f3lno\u015bci jednak awaria lodowiska dotyka cz\u0142onk\u00f3w sekcji curlingu, do tej pory realizuj\u0105cej treningi na obiekcie przy Akademickiej. Jak teraz b\u0119d\u0105 wygl\u0105da\u0142y ich przygotowania do udzia\u0142u w rozgrywkach?<\/p>\n<p>&#8211; Planujemy zorganizowa\u0107 treningi w Paw\u0142owicach jak tylko ruszy u nich tor curlingowy &#8211; informuje <strong>przedstawiciel <\/strong>sekcji curlingowej AZS Politechniki \u015al\u0105skiej.<\/p>\n<h4>Ca\u0142oroczny obiekt dzia\u0142a tylko zim\u0105<\/h4>\n<p>Obiekt przy Akademickiej m\u00f3g\u0142by by\u0107 otwarty dla mi\u0142o\u015bnik\u00f3w jazdy na \u0142y\u017cwach i sekcji curlingu z Gliwic przez ca\u0142y rok, jednak pod wzgl\u0119dem ekonomicznym si\u0119 to nie op\u0142aca. Miesi\u0119czne koszty utrzymania Tafli, w tym rachunki za pr\u0105d, opiewaj\u0105 na kwoty rz\u0119du kilkudziesi\u0119ciu tysi\u0119cy z\u0142otych.<\/p>\n<p>&#8211; Kiedy tylko na dworze robi si\u0119 ciep\u0142o, wychodzi s\u0142o\u0144ce, na lodowisko przestaj\u0105 przychodzi\u0107 ludzie. Nie kalkuluje si\u0119 pokrywa\u0107 tak wysokich op\u0142at dla kilku ch\u0119tnych &#8211; zaznacza dyrektor O\u015brodka Sportu.<\/p>\n<p>Jak podkre\u015bla Krzysztof Czapla, gdyby opr\u00f3cz sekcji curlingowej w Gliwicach odbywa\u0142y si\u0119 mecze hokejowe, obiekt mia\u0142by szans\u0119 na siebie zarabia\u0107. Jednak dop\u00f3ki w Gliwicach nie ma hokeist\u00f3w z prawdziwego zdarzenia, nie ma mowy o ca\u0142orocznym funkcjonowaniu lodowiska.<\/p>\n<p>(\u017cms)<\/p>\n<div class=\"gliwi-a5-na-koncu-artykulow gliwi-entity-placement\" id=\"gliwi-2787489965\"><div class=\"gliwi-adlabel\"><span style=\"font-size: 9px\">REKLAMA<\/span><\/div><div id=\"gliwi-102822023\" style=\"margin-left: auto;margin-right: auto;text-align: center;\"><a data-no-instant=\"1\" href=\"https:\/\/prezeroarenagliwice.pl\/\" rel=\"noopener\" class=\"a2t-link\" target=\"_blank\" aria-label=\"20260309-PREZERO-WIOSNA-D\"><img loading=\"lazy\" decoding=\"async\" src=\"https:\/\/www.24gliwice.pl\/wiadomosci\/wp-content\/uploads\/2026\/03\/20260309-PREZERO-WIOSNA-D.webp\" alt=\"\"  srcset=\"https:\/\/www.24gliwice.pl\/wiadomosci\/wp-content\/uploads\/2026\/03\/20260309-PREZERO-WIOSNA-D.webp 750w, https:\/\/www.24gliwice.pl\/wiadomosci\/wp-content\/uploads\/2026\/03\/20260309-PREZERO-WIOSNA-D-410x109.webp 410w\" sizes=\"(max-width: 750px) 100vw, 750px\" class=\"no-lazyload\" width=\"750\" height=\"200\"  style=\"display: inline-block; max-width: 100%; height: auto;\" \/><\/a><\/div><\/div>","protected":false},"excerpt":{"rendered":"<p>Wymiana systemu ch\u0142odzenia to pow\u00f3d, dla kt\u00f3rego obiekt jest nadal nieczynny. W ci\u0105gu najbli\u017cszych tygodni nie przewiduje si\u0119 jego otwarcia. Gliwiczanom pozostanie \u015blizgawka na osiedlu Kopernika. Lodowisko nie dzia\u0142a i szybko nie zostanie otwarte. Jego naprawa to koszt rz\u0119du 100 tysi\u0119cy z\u0142otych, na co Politechniki \u015al\u0105skiej, kt\u00f3ra dzier\u017cawi obiekt od miasta, nie sta\u0107. System ch\u0142odzenia [&hellip;]<\/p>\n","protected":false},"author":15,"featured_media":106890,"comment_status":"open","ping_status":"closed","sticky":false,"template":"","format":"standard","meta":{"_monsterinsights_skip_tracking":false,"_monsterinsights_sitenote_active":false,"_monsterinsights_sitenote_note":"","_monsterinsights_sitenote_category":0,"footnotes":"","_links_to":"","_links_to_target":""},"categories":[3,1,9],"tags":[8311,10548,10549,6976,219,10260,10547],"class_list":["post-106868","post","type-post","status-publish","format-standard","has-post-thumbnail","hentry","category-gliwice","category-wszystko","category-aktualnosci_lokalne","tag-awaria","tag-azs","tag-czapla","tag-lodowisko","tag-politechnika-slaska","tag-slizgawka","tag-tafla"],"yoast_head":"<!-- This site is optimized with the Yoast SEO plugin v27.5 - https:\/\/yoast.com\/product\/yoast-seo-wordpress\/ -->\n<title>Lodowisko Tafla nie zostanie uruchomione od pocz\u0105tku sezonu. Usuni\u0119cie awarii potrwa - 24GLIWICE - Portal Gliwice | codziennie nowe informacje<\/title>\n<meta name=\"robots\" content=\"index, follow, max-snippet:-1, max-image-preview:large, max-video-preview:-1\" \/>\n<link rel=\"canonical\" href=\"https:\/\/www.24gliwice.pl\/wiadomosci\/lodowisko-tafla-nie-zostanie-uruchomione-od-poczatku-sezonu-usuniecie-awarii-potrwa\/\" \/>\n<meta property=\"og:locale\" content=\"pl_PL\" \/>\n<meta property=\"og:type\" content=\"article\" \/>\n<meta property=\"og:title\" content=\"Lodowisko Tafla nie zostanie uruchomione od pocz\u0105tku sezonu. Usuni\u0119cie awarii potrwa - 24GLIWICE - Portal Gliwice | codziennie nowe informacje\" \/>\n<meta property=\"og:description\" content=\"Wymiana systemu ch\u0142odzenia to pow\u00f3d, dla kt\u00f3rego obiekt jest nadal nieczynny. W ci\u0105gu najbli\u017cszych tygodni nie przewiduje si\u0119 jego otwarcia. Gliwiczanom pozostanie \u015blizgawka na osiedlu Kopernika. Lodowisko nie dzia\u0142a i szybko nie zostanie otwarte. Jego naprawa to koszt rz\u0119du 100 tysi\u0119cy z\u0142otych, na co Politechniki \u015al\u0105skiej, kt\u00f3ra dzier\u017cawi obiekt od miasta, nie sta\u0107. System ch\u0142odzenia [&hellip;]\" \/>\n<meta property=\"og:url\" content=\"https:\/\/www.24gliwice.pl\/wiadomosci\/lodowisko-tafla-nie-zostanie-uruchomione-od-poczatku-sezonu-usuniecie-awarii-potrwa\/\" \/>\n<meta property=\"og:site_name\" content=\"24GLIWICE - Portal Gliwice | codziennie nowe informacje\" \/>\n<meta property=\"article:publisher\" content=\"https:\/\/www.facebook.com\/24gliwice\" \/>\n<meta property=\"article:published_time\" content=\"2017-10-30T11:38:42+00:00\" \/>\n<meta property=\"og:image\" content=\"https:\/\/www.24gliwice.pl\/wiadomosci\/wp-content\/uploads\/2017\/10\/lodowisko-e1509102199910.jpg\" \/>\n\t<meta property=\"og:image:width\" content=\"810\" \/>\n\t<meta property=\"og:image:height\" content=\"456\" \/>\n\t<meta property=\"og:image:type\" content=\"image\/jpeg\" \/>\n<meta name=\"author\" content=\"\u017baneta Mrozek-Siewierska\" \/>\n<meta name=\"twitter:card\" content=\"summary_large_image\" \/>\n<meta name=\"twitter:creator\" content=\"@24gliwice\" \/>\n<meta name=\"twitter:site\" content=\"@24gliwice\" \/>\n<meta name=\"twitter:label1\" content=\"Napisane przez\" \/>\n\t<meta name=\"twitter:data1\" content=\"\u017baneta Mrozek-Siewierska\" \/>\n\t<meta name=\"twitter:label2\" content=\"Szacowany czas czytania\" \/>\n\t<meta name=\"twitter:data2\" content=\"2 minuty\" \/>\n<script type=\"application\/ld+json\" class=\"yoast-schema-graph\">{\"@context\":\"https:\\\/\\\/schema.org\",\"@graph\":[{\"@type\":\"Article\",\"@id\":\"https:\\\/\\\/www.24gliwice.pl\\\/wiadomosci\\\/lodowisko-tafla-nie-zostanie-uruchomione-od-poczatku-sezonu-usuniecie-awarii-potrwa\\\/#article\",\"isPartOf\":{\"@id\":\"https:\\\/\\\/www.24gliwice.pl\\\/wiadomosci\\\/lodowisko-tafla-nie-zostanie-uruchomione-od-poczatku-sezonu-usuniecie-awarii-potrwa\\\/\"},\"author\":{\"name\":\"\u017baneta Mrozek-Siewierska\",\"@id\":\"https:\\\/\\\/www.24gliwice.pl\\\/wiadomosci\\\/#\\\/schema\\\/person\\\/e42c650edd7f2fa332be3811fb166b6e\"},\"headline\":\"Lodowisko Tafla nie zostanie uruchomione od pocz\u0105tku sezonu. Usuni\u0119cie awarii potrwa\",\"datePublished\":\"2017-10-30T11:38:42+00:00\",\"mainEntityOfPage\":{\"@id\":\"https:\\\/\\\/www.24gliwice.pl\\\/wiadomosci\\\/lodowisko-tafla-nie-zostanie-uruchomione-od-poczatku-sezonu-usuniecie-awarii-potrwa\\\/\"},\"wordCount\":415,\"commentCount\":0,\"publisher\":{\"@id\":\"https:\\\/\\\/www.24gliwice.pl\\\/wiadomosci\\\/#organization\"},\"image\":{\"@id\":\"https:\\\/\\\/www.24gliwice.pl\\\/wiadomosci\\\/lodowisko-tafla-nie-zostanie-uruchomione-od-poczatku-sezonu-usuniecie-awarii-potrwa\\\/#primaryimage\"},\"thumbnailUrl\":\"https:\\\/\\\/www.24gliwice.pl\\\/wiadomosci\\\/wp-content\\\/uploads\\\/2017\\\/10\\\/lodowisko-e1509102199910.jpg\",\"keywords\":[\"awaria\",\"azs\",\"czapla\",\"LODOWISKO\",\"POLITECHNIKA \u015aL\u0104SKA\",\"\u015blizgawka\",\"tafla\"],\"articleSection\":[\"Gliwice\",\"Najnowsze wiadomo\u015bci\",\"Portal Gliwice - Wiadomo\u015bci lokalne\"],\"inLanguage\":\"pl-PL\",\"potentialAction\":[{\"@type\":\"CommentAction\",\"name\":\"Comment\",\"target\":[\"https:\\\/\\\/www.24gliwice.pl\\\/wiadomosci\\\/lodowisko-tafla-nie-zostanie-uruchomione-od-poczatku-sezonu-usuniecie-awarii-potrwa\\\/#respond\"]}]},{\"@type\":\"WebPage\",\"@id\":\"https:\\\/\\\/www.24gliwice.pl\\\/wiadomosci\\\/lodowisko-tafla-nie-zostanie-uruchomione-od-poczatku-sezonu-usuniecie-awarii-potrwa\\\/\",\"url\":\"https:\\\/\\\/www.24gliwice.pl\\\/wiadomosci\\\/lodowisko-tafla-nie-zostanie-uruchomione-od-poczatku-sezonu-usuniecie-awarii-potrwa\\\/\",\"name\":\"Lodowisko Tafla nie zostanie uruchomione od pocz\u0105tku sezonu. Usuni\u0119cie awarii potrwa - 24GLIWICE - Portal Gliwice | codziennie nowe informacje\",\"isPartOf\":{\"@id\":\"https:\\\/\\\/www.24gliwice.pl\\\/wiadomosci\\\/#website\"},\"primaryImageOfPage\":{\"@id\":\"https:\\\/\\\/www.24gliwice.pl\\\/wiadomosci\\\/lodowisko-tafla-nie-zostanie-uruchomione-od-poczatku-sezonu-usuniecie-awarii-potrwa\\\/#primaryimage\"},\"image\":{\"@id\":\"https:\\\/\\\/www.24gliwice.pl\\\/wiadomosci\\\/lodowisko-tafla-nie-zostanie-uruchomione-od-poczatku-sezonu-usuniecie-awarii-potrwa\\\/#primaryimage\"},\"thumbnailUrl\":\"https:\\\/\\\/www.24gliwice.pl\\\/wiadomosci\\\/wp-content\\\/uploads\\\/2017\\\/10\\\/lodowisko-e1509102199910.jpg\",\"datePublished\":\"2017-10-30T11:38:42+00:00\",\"breadcrumb\":{\"@id\":\"https:\\\/\\\/www.24gliwice.pl\\\/wiadomosci\\\/lodowisko-tafla-nie-zostanie-uruchomione-od-poczatku-sezonu-usuniecie-awarii-potrwa\\\/#breadcrumb\"},\"inLanguage\":\"pl-PL\",\"potentialAction\":[{\"@type\":\"ReadAction\",\"target\":[\"https:\\\/\\\/www.24gliwice.pl\\\/wiadomosci\\\/lodowisko-tafla-nie-zostanie-uruchomione-od-poczatku-sezonu-usuniecie-awarii-potrwa\\\/\"]}]},{\"@type\":\"ImageObject\",\"inLanguage\":\"pl-PL\",\"@id\":\"https:\\\/\\\/www.24gliwice.pl\\\/wiadomosci\\\/lodowisko-tafla-nie-zostanie-uruchomione-od-poczatku-sezonu-usuniecie-awarii-potrwa\\\/#primaryimage\",\"url\":\"https:\\\/\\\/www.24gliwice.pl\\\/wiadomosci\\\/wp-content\\\/uploads\\\/2017\\\/10\\\/lodowisko-e1509102199910.jpg\",\"contentUrl\":\"https:\\\/\\\/www.24gliwice.pl\\\/wiadomosci\\\/wp-content\\\/uploads\\\/2017\\\/10\\\/lodowisko-e1509102199910.jpg\",\"width\":810,\"height\":456},{\"@type\":\"BreadcrumbList\",\"@id\":\"https:\\\/\\\/www.24gliwice.pl\\\/wiadomosci\\\/lodowisko-tafla-nie-zostanie-uruchomione-od-poczatku-sezonu-usuniecie-awarii-potrwa\\\/#breadcrumb\",\"itemListElement\":[{\"@type\":\"ListItem\",\"position\":1,\"name\":\"Strona g\u0142\u00f3wna\",\"item\":\"https:\\\/\\\/www.24gliwice.pl\\\/wiadomosci\\\/\"},{\"@type\":\"ListItem\",\"position\":2,\"name\":\"Lodowisko Tafla nie zostanie uruchomione od pocz\u0105tku sezonu. Usuni\u0119cie awarii potrwa\"}]},{\"@type\":\"WebSite\",\"@id\":\"https:\\\/\\\/www.24gliwice.pl\\\/wiadomosci\\\/#website\",\"url\":\"https:\\\/\\\/www.24gliwice.pl\\\/wiadomosci\\\/\",\"name\":\"24GLIWICE - Portal Gliwice | codziennie nowe wiadomo\u015bci\",\"description\":\"Portal Miejski Gliwice\",\"publisher\":{\"@id\":\"https:\\\/\\\/www.24gliwice.pl\\\/wiadomosci\\\/#organization\"},\"potentialAction\":[{\"@type\":\"SearchAction\",\"target\":{\"@type\":\"EntryPoint\",\"urlTemplate\":\"https:\\\/\\\/www.24gliwice.pl\\\/wiadomosci\\\/?s={search_term_string}\"},\"query-input\":{\"@type\":\"PropertyValueSpecification\",\"valueRequired\":true,\"valueName\":\"search_term_string\"}}],\"inLanguage\":\"pl-PL\"},{\"@type\":\"Organization\",\"@id\":\"https:\\\/\\\/www.24gliwice.pl\\\/wiadomosci\\\/#organization\",\"name\":\"24gliwice\",\"url\":\"https:\\\/\\\/www.24gliwice.pl\\\/wiadomosci\\\/\",\"logo\":{\"@type\":\"ImageObject\",\"inLanguage\":\"pl-PL\",\"@id\":\"https:\\\/\\\/www.24gliwice.pl\\\/wiadomosci\\\/#\\\/schema\\\/logo\\\/image\\\/\",\"url\":\"https:\\\/\\\/www.24gliwice.pl\\\/wiadomosci\\\/wp-content\\\/uploads\\\/2024\\\/10\\\/24gliwice-logo-696.jpg\",\"contentUrl\":\"https:\\\/\\\/www.24gliwice.pl\\\/wiadomosci\\\/wp-content\\\/uploads\\\/2024\\\/10\\\/24gliwice-logo-696.jpg\",\"width\":696,\"height\":696,\"caption\":\"24gliwice\"},\"image\":{\"@id\":\"https:\\\/\\\/www.24gliwice.pl\\\/wiadomosci\\\/#\\\/schema\\\/logo\\\/image\\\/\"},\"sameAs\":[\"https:\\\/\\\/www.facebook.com\\\/24gliwice\",\"https:\\\/\\\/x.com\\\/24gliwice\",\"https:\\\/\\\/www.youtube.com\\\/@24gliwice\"]},{\"@type\":\"Person\",\"@id\":\"https:\\\/\\\/www.24gliwice.pl\\\/wiadomosci\\\/#\\\/schema\\\/person\\\/e42c650edd7f2fa332be3811fb166b6e\",\"name\":\"\u017baneta Mrozek-Siewierska\",\"image\":{\"@type\":\"ImageObject\",\"inLanguage\":\"pl-PL\",\"@id\":\"https:\\\/\\\/secure.gravatar.com\\\/avatar\\\/1881429e9c64597c77ad7aef2d0a19be69a3253e57534d16aa15bf3a4d34a0a3?s=96&d=mm&r=g\",\"url\":\"https:\\\/\\\/secure.gravatar.com\\\/avatar\\\/1881429e9c64597c77ad7aef2d0a19be69a3253e57534d16aa15bf3a4d34a0a3?s=96&d=mm&r=g\",\"contentUrl\":\"https:\\\/\\\/secure.gravatar.com\\\/avatar\\\/1881429e9c64597c77ad7aef2d0a19be69a3253e57534d16aa15bf3a4d34a0a3?s=96&d=mm&r=g\",\"caption\":\"\u017baneta Mrozek-Siewierska\"},\"url\":\"https:\\\/\\\/www.24gliwice.pl\\\/wiadomosci\\\/author\\\/zms\\\/\"}]}<\/script>\n<!-- \/ Yoast SEO plugin. -->","yoast_head_json":{"title":"Lodowisko Tafla nie zostanie uruchomione od pocz\u0105tku sezonu. Usuni\u0119cie awarii potrwa - 24GLIWICE - Portal Gliwice | codziennie nowe informacje","robots":{"index":"index","follow":"follow","max-snippet":"max-snippet:-1","max-image-preview":"max-image-preview:large","max-video-preview":"max-video-preview:-1"},"canonical":"https:\/\/www.24gliwice.pl\/wiadomosci\/lodowisko-tafla-nie-zostanie-uruchomione-od-poczatku-sezonu-usuniecie-awarii-potrwa\/","og_locale":"pl_PL","og_type":"article","og_title":"Lodowisko Tafla nie zostanie uruchomione od pocz\u0105tku sezonu. Usuni\u0119cie awarii potrwa - 24GLIWICE - Portal Gliwice | codziennie nowe informacje","og_description":"Wymiana systemu ch\u0142odzenia to pow\u00f3d, dla kt\u00f3rego obiekt jest nadal nieczynny. W ci\u0105gu najbli\u017cszych tygodni nie przewiduje si\u0119 jego otwarcia. Gliwiczanom pozostanie \u015blizgawka na osiedlu Kopernika. Lodowisko nie dzia\u0142a i szybko nie zostanie otwarte. Jego naprawa to koszt rz\u0119du 100 tysi\u0119cy z\u0142otych, na co Politechniki \u015al\u0105skiej, kt\u00f3ra dzier\u017cawi obiekt od miasta, nie sta\u0107. System ch\u0142odzenia [&hellip;]","og_url":"https:\/\/www.24gliwice.pl\/wiadomosci\/lodowisko-tafla-nie-zostanie-uruchomione-od-poczatku-sezonu-usuniecie-awarii-potrwa\/","og_site_name":"24GLIWICE - Portal Gliwice | codziennie nowe informacje","article_publisher":"https:\/\/www.facebook.com\/24gliwice","article_published_time":"2017-10-30T11:38:42+00:00","og_image":[{"width":810,"height":456,"url":"https:\/\/www.24gliwice.pl\/wiadomosci\/wp-content\/uploads\/2017\/10\/lodowisko-e1509102199910.jpg","type":"image\/jpeg"}],"author":"\u017baneta Mrozek-Siewierska","twitter_card":"summary_large_image","twitter_creator":"@24gliwice","twitter_site":"@24gliwice","twitter_misc":{"Napisane przez":"\u017baneta Mrozek-Siewierska","Szacowany czas czytania":"2 minuty"},"schema":{"@context":"https:\/\/schema.org","@graph":[{"@type":"Article","@id":"https:\/\/www.24gliwice.pl\/wiadomosci\/lodowisko-tafla-nie-zostanie-uruchomione-od-poczatku-sezonu-usuniecie-awarii-potrwa\/#article","isPartOf":{"@id":"https:\/\/www.24gliwice.pl\/wiadomosci\/lodowisko-tafla-nie-zostanie-uruchomione-od-poczatku-sezonu-usuniecie-awarii-potrwa\/"},"author":{"name":"\u017baneta Mrozek-Siewierska","@id":"https:\/\/www.24gliwice.pl\/wiadomosci\/#\/schema\/person\/e42c650edd7f2fa332be3811fb166b6e"},"headline":"Lodowisko Tafla nie zostanie uruchomione od pocz\u0105tku sezonu. Usuni\u0119cie awarii potrwa","datePublished":"2017-10-30T11:38:42+00:00","mainEntityOfPage":{"@id":"https:\/\/www.24gliwice.pl\/wiadomosci\/lodowisko-tafla-nie-zostanie-uruchomione-od-poczatku-sezonu-usuniecie-awarii-potrwa\/"},"wordCount":415,"commentCount":0,"publisher":{"@id":"https:\/\/www.24gliwice.pl\/wiadomosci\/#organization"},"image":{"@id":"https:\/\/www.24gliwice.pl\/wiadomosci\/lodowisko-tafla-nie-zostanie-uruchomione-od-poczatku-sezonu-usuniecie-awarii-potrwa\/#primaryimage"},"thumbnailUrl":"https:\/\/www.24gliwice.pl\/wiadomosci\/wp-content\/uploads\/2017\/10\/lodowisko-e1509102199910.jpg","keywords":["awaria","azs","czapla","LODOWISKO","POLITECHNIKA \u015aL\u0104SKA","\u015blizgawka","tafla"],"articleSection":["Gliwice","Najnowsze wiadomo\u015bci","Portal Gliwice - Wiadomo\u015bci lokalne"],"inLanguage":"pl-PL","potentialAction":[{"@type":"CommentAction","name":"Comment","target":["https:\/\/www.24gliwice.pl\/wiadomosci\/lodowisko-tafla-nie-zostanie-uruchomione-od-poczatku-sezonu-usuniecie-awarii-potrwa\/#respond"]}]},{"@type":"WebPage","@id":"https:\/\/www.24gliwice.pl\/wiadomosci\/lodowisko-tafla-nie-zostanie-uruchomione-od-poczatku-sezonu-usuniecie-awarii-potrwa\/","url":"https:\/\/www.24gliwice.pl\/wiadomosci\/lodowisko-tafla-nie-zostanie-uruchomione-od-poczatku-sezonu-usuniecie-awarii-potrwa\/","name":"Lodowisko Tafla nie zostanie uruchomione od pocz\u0105tku sezonu. Usuni\u0119cie awarii potrwa - 24GLIWICE - Portal Gliwice | codziennie nowe informacje","isPartOf":{"@id":"https:\/\/www.24gliwice.pl\/wiadomosci\/#website"},"primaryImageOfPage":{"@id":"https:\/\/www.24gliwice.pl\/wiadomosci\/lodowisko-tafla-nie-zostanie-uruchomione-od-poczatku-sezonu-usuniecie-awarii-potrwa\/#primaryimage"},"image":{"@id":"https:\/\/www.24gliwice.pl\/wiadomosci\/lodowisko-tafla-nie-zostanie-uruchomione-od-poczatku-sezonu-usuniecie-awarii-potrwa\/#primaryimage"},"thumbnailUrl":"https:\/\/www.24gliwice.pl\/wiadomosci\/wp-content\/uploads\/2017\/10\/lodowisko-e1509102199910.jpg","datePublished":"2017-10-30T11:38:42+00:00","breadcrumb":{"@id":"https:\/\/www.24gliwice.pl\/wiadomosci\/lodowisko-tafla-nie-zostanie-uruchomione-od-poczatku-sezonu-usuniecie-awarii-potrwa\/#breadcrumb"},"inLanguage":"pl-PL","potentialAction":[{"@type":"ReadAction","target":["https:\/\/www.24gliwice.pl\/wiadomosci\/lodowisko-tafla-nie-zostanie-uruchomione-od-poczatku-sezonu-usuniecie-awarii-potrwa\/"]}]},{"@type":"ImageObject","inLanguage":"pl-PL","@id":"https:\/\/www.24gliwice.pl\/wiadomosci\/lodowisko-tafla-nie-zostanie-uruchomione-od-poczatku-sezonu-usuniecie-awarii-potrwa\/#primaryimage","url":"https:\/\/www.24gliwice.pl\/wiadomosci\/wp-content\/uploads\/2017\/10\/lodowisko-e1509102199910.jpg","contentUrl":"https:\/\/www.24gliwice.pl\/wiadomosci\/wp-content\/uploads\/2017\/10\/lodowisko-e1509102199910.jpg","width":810,"height":456},{"@type":"BreadcrumbList","@id":"https:\/\/www.24gliwice.pl\/wiadomosci\/lodowisko-tafla-nie-zostanie-uruchomione-od-poczatku-sezonu-usuniecie-awarii-potrwa\/#breadcrumb","itemListElement":[{"@type":"ListItem","position":1,"name":"Strona g\u0142\u00f3wna","item":"https:\/\/www.24gliwice.pl\/wiadomosci\/"},{"@type":"ListItem","position":2,"name":"Lodowisko Tafla nie zostanie uruchomione od pocz\u0105tku sezonu. Usuni\u0119cie awarii potrwa"}]},{"@type":"WebSite","@id":"https:\/\/www.24gliwice.pl\/wiadomosci\/#website","url":"https:\/\/www.24gliwice.pl\/wiadomosci\/","name":"24GLIWICE - Portal Gliwice | codziennie nowe wiadomo\u015bci","description":"Portal Miejski Gliwice","publisher":{"@id":"https:\/\/www.24gliwice.pl\/wiadomosci\/#organization"},"potentialAction":[{"@type":"SearchAction","target":{"@type":"EntryPoint","urlTemplate":"https:\/\/www.24gliwice.pl\/wiadomosci\/?s={search_term_string}"},"query-input":{"@type":"PropertyValueSpecification","valueRequired":true,"valueName":"search_term_string"}}],"inLanguage":"pl-PL"},{"@type":"Organization","@id":"https:\/\/www.24gliwice.pl\/wiadomosci\/#organization","name":"24gliwice","url":"https:\/\/www.24gliwice.pl\/wiadomosci\/","logo":{"@type":"ImageObject","inLanguage":"pl-PL","@id":"https:\/\/www.24gliwice.pl\/wiadomosci\/#\/schema\/logo\/image\/","url":"https:\/\/www.24gliwice.pl\/wiadomosci\/wp-content\/uploads\/2024\/10\/24gliwice-logo-696.jpg","contentUrl":"https:\/\/www.24gliwice.pl\/wiadomosci\/wp-content\/uploads\/2024\/10\/24gliwice-logo-696.jpg","width":696,"height":696,"caption":"24gliwice"},"image":{"@id":"https:\/\/www.24gliwice.pl\/wiadomosci\/#\/schema\/logo\/image\/"},"sameAs":["https:\/\/www.facebook.com\/24gliwice","https:\/\/x.com\/24gliwice","https:\/\/www.youtube.com\/@24gliwice"]},{"@type":"Person","@id":"https:\/\/www.24gliwice.pl\/wiadomosci\/#\/schema\/person\/e42c650edd7f2fa332be3811fb166b6e","name":"\u017baneta Mrozek-Siewierska","image":{"@type":"ImageObject","inLanguage":"pl-PL","@id":"https:\/\/secure.gravatar.com\/avatar\/1881429e9c64597c77ad7aef2d0a19be69a3253e57534d16aa15bf3a4d34a0a3?s=96&d=mm&r=g","url":"https:\/\/secure.gravatar.com\/avatar\/1881429e9c64597c77ad7aef2d0a19be69a3253e57534d16aa15bf3a4d34a0a3?s=96&d=mm&r=g","contentUrl":"https:\/\/secure.gravatar.com\/avatar\/1881429e9c64597c77ad7aef2d0a19be69a3253e57534d16aa15bf3a4d34a0a3?s=96&d=mm&r=g","caption":"\u017baneta Mrozek-Siewierska"},"url":"https:\/\/www.24gliwice.pl\/wiadomosci\/author\/zms\/"}]}},"_links":{"self":[{"href":"https:\/\/www.24gliwice.pl\/wiadomosci\/wp-json\/wp\/v2\/posts\/106868","targetHints":{"allow":["GET"]}}],"collection":[{"href":"https:\/\/www.24gliwice.pl\/wiadomosci\/wp-json\/wp\/v2\/posts"}],"about":[{"href":"https:\/\/www.24gliwice.pl\/wiadomosci\/wp-json\/wp\/v2\/types\/post"}],"author":[{"embeddable":true,"href":"https:\/\/www.24gliwice.pl\/wiadomosci\/wp-json\/wp\/v2\/users\/15"}],"replies":[{"embeddable":true,"href":"https:\/\/www.24gliwice.pl\/wiadomosci\/wp-json\/wp\/v2\/comments?post=106868"}],"version-history":[{"count":0,"href":"https:\/\/www.24gliwice.pl\/wiadomosci\/wp-json\/wp\/v2\/posts\/106868\/revisions"}],"wp:featuredmedia":[{"embeddable":true,"href":"https:\/\/www.24gliwice.pl\/wiadomosci\/wp-json\/wp\/v2\/media\/106890"}],"wp:attachment":[{"href":"https:\/\/www.24gliwice.pl\/wiadomosci\/wp-json\/wp\/v2\/media?parent=106868"}],"wp:term":[{"taxonomy":"category","embeddable":true,"href":"https:\/\/www.24gliwice.pl\/wiadomosci\/wp-json\/wp\/v2\/categories?post=106868"},{"taxonomy":"post_tag","embeddable":true,"href":"https:\/\/www.24gliwice.pl\/wiadomosci\/wp-json\/wp\/v2\/tags?post=106868"}],"curies":[{"name":"wp","href":"https:\/\/api.w.org\/{rel}","templated":true}]}}