{"id":106896,"date":"2017-10-28T02:07:21","date_gmt":"2017-10-28T00:07:21","guid":{"rendered":"http:\/\/www.24gliwice.pl\/wiadomosci\/?p=106896"},"modified":"2017-11-02T11:38:21","modified_gmt":"2017-11-02T10:38:21","slug":"dobre-wiesci-dla-kierowcow-lada-dzien-ta-wazna-droga-w-kierunku-sosnicowic-bedzie-przejezdna","status":"publish","type":"post","link":"https:\/\/www.24gliwice.pl\/wiadomosci\/dobre-wiesci-dla-kierowcow-lada-dzien-ta-wazna-droga-w-kierunku-sosnicowic-bedzie-przejezdna\/","title":{"rendered":"Dobre wie\u015bci dla kierowc\u00f3w. Lada dzie\u0144 ta wa\u017cna droga w kierunku So\u015bnicowic b\u0119dzie przejezdna"},"content":{"rendered":"<div class=\"gliwi-a6-nad-leadem-artykulow gliwi-entity-placement\" id=\"gliwi-2246967677\"><div class=\"gliwi-adlabel\"><span style=\"font-size: 9px\">REKLAMA<\/span><\/div><div id=\"gliwi-2050955949\" style=\"margin-bottom: 30px;margin-left: auto;margin-right: auto;text-align: center;\"><a data-no-instant=\"1\" href=\"https:\/\/przedszkole.halogen.org.pl\/\" rel=\"noopener\" class=\"a2t-link\" target=\"_blank\" aria-label=\"20260402-ANIMATOR-przedszkole_grafika_750x200\"><img loading=\"lazy\" decoding=\"async\" src=\"https:\/\/www.24gliwice.pl\/wiadomosci\/wp-content\/uploads\/2026\/04\/20260402-ANIMATOR-przedszkole_grafika_750x200.webp\" alt=\"\"  srcset=\"https:\/\/www.24gliwice.pl\/wiadomosci\/wp-content\/uploads\/2026\/04\/20260402-ANIMATOR-przedszkole_grafika_750x200.webp 750w, https:\/\/www.24gliwice.pl\/wiadomosci\/wp-content\/uploads\/2026\/04\/20260402-ANIMATOR-przedszkole_grafika_750x200-410x109.webp 410w\" sizes=\"(max-width: 750px) 100vw, 750px\" class=\"no-lazyload\" width=\"750\" height=\"200\"  style=\"display: inline-block; max-width: 100%; height: auto;\" \/><\/a><\/div><\/div><h3>Z op\u00f3\u017anieniem, ale tym to ju\u017c ostateczny termin. Zarz\u0105d Dr\u00f3g Powiatowych w Gliwicach informuje, \u017ce dobiegaj\u0105 ko\u0144ca roboty drogowe na drodze powiatowej nr 2991S na odcinku Koz\u0142\u00f3w \u2013 Gliwice.<\/h3>\n<p>Planowane otwarcie drogi nast\u0105pi we wtorek 31 pa\u017adziernika w godzinach popo\u0142udniowych.<\/p>\n<p>Z powodu trwaj\u0105cego od po\u0142owy sierpnia remontu drogi powiatowej nr 2991S w Koz\u0142owie, kierowcy musieli korzysta\u0107 z d\u0142ugich objazd\u00f3w. Pierwotnie droga mia\u0142a by\u0107 oddana do u\u017cytku na pocz\u0105tku pa\u017adziernika. Drogowcy t\u0142umaczyli op\u00f3\u017anienie prac niesprzyjaj\u0105cymi warunkami pogodowymi.<\/p><div class=\"gliwi-a3-w-tresci-artykulow gliwi-entity-placement\" id=\"gliwi-998089913\"><div class=\"gliwi-adlabel\"><span style=\"font-size: 9px\">REKLAMA<\/span><\/div><div id=\"gliwi-1736828924\" style=\"margin-bottom: 30px;margin-left: auto;margin-right: auto;text-align: center;\"><a data-no-instant=\"1\" href=\"https:\/\/zlobek.halogen.org.pl\/\" rel=\"noopener\" class=\"a2t-link\" target=\"_blank\" aria-label=\"animator-zlobek_750x200\"><img loading=\"lazy\" decoding=\"async\" src=\"https:\/\/www.24gliwice.pl\/wiadomosci\/wp-content\/uploads\/2026\/02\/animator-zlobek_750x200.webp\" alt=\"\"  srcset=\"https:\/\/www.24gliwice.pl\/wiadomosci\/wp-content\/uploads\/2026\/02\/animator-zlobek_750x200.webp 750w, https:\/\/www.24gliwice.pl\/wiadomosci\/wp-content\/uploads\/2026\/02\/animator-zlobek_750x200-410x109.webp 410w\" sizes=\"(max-width: 750px) 100vw, 750px\" class=\"no-lazyload\" width=\"750\" height=\"200\"  style=\"display: inline-block; max-width: 100%; height: auto;\" \/><\/a><\/div><\/div>\n<p>(\u017cms)<br \/>\nfot. ZDP Gliwice<\/p>\n<p>Droga przed remontem &#8211; zdj\u0119cie z sierpnia 2017.<\/p>\n<p><img loading=\"lazy\" decoding=\"async\" class=\"alignnone size-medium wp-image-102865\" src=\"http:\/\/www.24gliwice.pl\/wiadomosci\/wp-content\/uploads\/2017\/08\/remont-w-koz\u0142owie2-410x232.jpg\" alt=\"\" width=\"810\" height=\"455\" \/><\/p>\n<p><span style=\"color: #ff0000;\"><strong>AKTUALIZACJA: Niestety, wbrew zapowiedziom Zarz\u0105du Dr\u00f3g Powiatowych, otwarcie drogi uleg\u0142o kolejnemu op\u00f3\u017anieniu. Wi\u0119cej szczeg\u00f3\u0142\u00f3w: <a href=\"http:\/\/www.24gliwice.pl\/wiadomosci\/droga-gliwice-kozlow-wciaz-zamknieta-mimo-zapowiadanego-otwarcia-nie-zostala-odebrana\/\">TUTAJ<\/a><\/strong><\/span><\/p>\n<div class=\"gliwi-a5-na-koncu-artykulow gliwi-entity-placement\" id=\"gliwi-1679951909\"><div class=\"gliwi-adlabel\"><span style=\"font-size: 9px\">REKLAMA<\/span><\/div><div id=\"gliwi-179783670\" style=\"margin-left: auto;margin-right: auto;text-align: center;\"><a data-no-instant=\"1\" href=\"https:\/\/prezeroarenagliwice.pl\/\" rel=\"noopener\" class=\"a2t-link\" target=\"_blank\" aria-label=\"20260309-PREZERO-WIOSNA-D\"><img loading=\"lazy\" decoding=\"async\" src=\"https:\/\/www.24gliwice.pl\/wiadomosci\/wp-content\/uploads\/2026\/03\/20260309-PREZERO-WIOSNA-D.webp\" alt=\"\"  srcset=\"https:\/\/www.24gliwice.pl\/wiadomosci\/wp-content\/uploads\/2026\/03\/20260309-PREZERO-WIOSNA-D.webp 750w, https:\/\/www.24gliwice.pl\/wiadomosci\/wp-content\/uploads\/2026\/03\/20260309-PREZERO-WIOSNA-D-410x109.webp 410w\" sizes=\"(max-width: 750px) 100vw, 750px\" class=\"no-lazyload\" width=\"750\" height=\"200\"  style=\"display: inline-block; max-width: 100%; height: auto;\" \/><\/a><\/div><\/div>","protected":false},"excerpt":{"rendered":"<p>Z op\u00f3\u017anieniem, ale tym to ju\u017c ostateczny termin. Zarz\u0105d Dr\u00f3g Powiatowych w Gliwicach informuje, \u017ce dobiegaj\u0105 ko\u0144ca roboty drogowe na drodze powiatowej nr 2991S na odcinku Koz\u0142\u00f3w \u2013 Gliwice. Planowane otwarcie drogi nast\u0105pi we wtorek 31 pa\u017adziernika w godzinach popo\u0142udniowych. Z powodu trwaj\u0105cego od po\u0142owy sierpnia remontu drogi powiatowej nr 2991S w Koz\u0142owie, kierowcy musieli [&hellip;]<\/p>\n","protected":false},"author":15,"featured_media":106973,"comment_status":"open","ping_status":"closed","sticky":false,"template":"","format":"standard","meta":{"_monsterinsights_skip_tracking":false,"_monsterinsights_sitenote_active":false,"_monsterinsights_sitenote_note":"","_monsterinsights_sitenote_category":0,"footnotes":"","_links_to":"","_links_to_target":""},"categories":[3,1,9],"tags":[10347,9683,9264,214],"class_list":["post-106896","post","type-post","status-publish","format-standard","has-post-thumbnail","hentry","category-gliwice","category-wszystko","category-aktualnosci_lokalne","tag-droga-do-kozlowa","tag-remont-nawierzchni","tag-wymiana-nawierzchni","tag-zdm"],"yoast_head":"<!-- This site is optimized with the Yoast SEO plugin v27.5 - https:\/\/yoast.com\/product\/yoast-seo-wordpress\/ -->\n<title>Dobre wie\u015bci dla kierowc\u00f3w. Lada dzie\u0144 ta wa\u017cna droga w kierunku So\u015bnicowic b\u0119dzie przejezdna - 24GLIWICE - Portal Gliwice | codziennie nowe informacje<\/title>\n<meta name=\"robots\" content=\"index, follow, max-snippet:-1, max-image-preview:large, max-video-preview:-1\" \/>\n<link rel=\"canonical\" href=\"https:\/\/www.24gliwice.pl\/wiadomosci\/dobre-wiesci-dla-kierowcow-lada-dzien-ta-wazna-droga-w-kierunku-sosnicowic-bedzie-przejezdna\/\" \/>\n<meta property=\"og:locale\" content=\"pl_PL\" \/>\n<meta property=\"og:type\" content=\"article\" \/>\n<meta property=\"og:title\" content=\"Dobre wie\u015bci dla kierowc\u00f3w. Lada dzie\u0144 ta wa\u017cna droga w kierunku So\u015bnicowic b\u0119dzie przejezdna - 24GLIWICE - Portal Gliwice | codziennie nowe informacje\" \/>\n<meta property=\"og:description\" content=\"Z op\u00f3\u017anieniem, ale tym to ju\u017c ostateczny termin. Zarz\u0105d Dr\u00f3g Powiatowych w Gliwicach informuje, \u017ce dobiegaj\u0105 ko\u0144ca roboty drogowe na drodze powiatowej nr 2991S na odcinku Koz\u0142\u00f3w \u2013 Gliwice. Planowane otwarcie drogi nast\u0105pi we wtorek 31 pa\u017adziernika w godzinach popo\u0142udniowych. Z powodu trwaj\u0105cego od po\u0142owy sierpnia remontu drogi powiatowej nr 2991S w Koz\u0142owie, kierowcy musieli [&hellip;]\" \/>\n<meta property=\"og:url\" content=\"https:\/\/www.24gliwice.pl\/wiadomosci\/dobre-wiesci-dla-kierowcow-lada-dzien-ta-wazna-droga-w-kierunku-sosnicowic-bedzie-przejezdna\/\" \/>\n<meta property=\"og:site_name\" content=\"24GLIWICE - Portal Gliwice | codziennie nowe informacje\" \/>\n<meta property=\"article:publisher\" content=\"https:\/\/www.facebook.com\/24gliwice\" \/>\n<meta property=\"article:published_time\" content=\"2017-10-28T00:07:21+00:00\" \/>\n<meta property=\"article:modified_time\" content=\"2017-11-02T10:38:21+00:00\" \/>\n<meta property=\"og:image\" content=\"https:\/\/www.24gliwice.pl\/wiadomosci\/wp-content\/uploads\/2017\/10\/1-droga-do-kozlowa-001.jpg\" \/>\n\t<meta property=\"og:image:width\" content=\"810\" \/>\n\t<meta property=\"og:image:height\" content=\"439\" \/>\n\t<meta property=\"og:image:type\" content=\"image\/jpeg\" \/>\n<meta name=\"author\" content=\"\u017baneta Mrozek-Siewierska\" \/>\n<meta name=\"twitter:card\" content=\"summary_large_image\" \/>\n<meta name=\"twitter:creator\" content=\"@24gliwice\" \/>\n<meta name=\"twitter:site\" content=\"@24gliwice\" \/>\n<meta name=\"twitter:label1\" content=\"Napisane przez\" \/>\n\t<meta name=\"twitter:data1\" content=\"\u017baneta Mrozek-Siewierska\" \/>\n\t<meta name=\"twitter:label2\" content=\"Szacowany czas czytania\" \/>\n\t<meta name=\"twitter:data2\" content=\"1 minuta\" \/>\n<script type=\"application\/ld+json\" class=\"yoast-schema-graph\">{\"@context\":\"https:\\\/\\\/schema.org\",\"@graph\":[{\"@type\":\"Article\",\"@id\":\"https:\\\/\\\/www.24gliwice.pl\\\/wiadomosci\\\/dobre-wiesci-dla-kierowcow-lada-dzien-ta-wazna-droga-w-kierunku-sosnicowic-bedzie-przejezdna\\\/#article\",\"isPartOf\":{\"@id\":\"https:\\\/\\\/www.24gliwice.pl\\\/wiadomosci\\\/dobre-wiesci-dla-kierowcow-lada-dzien-ta-wazna-droga-w-kierunku-sosnicowic-bedzie-przejezdna\\\/\"},\"author\":{\"name\":\"\u017baneta Mrozek-Siewierska\",\"@id\":\"https:\\\/\\\/www.24gliwice.pl\\\/wiadomosci\\\/#\\\/schema\\\/person\\\/e42c650edd7f2fa332be3811fb166b6e\"},\"headline\":\"Dobre wie\u015bci dla kierowc\u00f3w. Lada dzie\u0144 ta wa\u017cna droga w kierunku So\u015bnicowic b\u0119dzie przejezdna\",\"datePublished\":\"2017-10-28T00:07:21+00:00\",\"dateModified\":\"2017-11-02T10:38:21+00:00\",\"mainEntityOfPage\":{\"@id\":\"https:\\\/\\\/www.24gliwice.pl\\\/wiadomosci\\\/dobre-wiesci-dla-kierowcow-lada-dzien-ta-wazna-droga-w-kierunku-sosnicowic-bedzie-przejezdna\\\/\"},\"wordCount\":146,\"commentCount\":0,\"publisher\":{\"@id\":\"https:\\\/\\\/www.24gliwice.pl\\\/wiadomosci\\\/#organization\"},\"image\":{\"@id\":\"https:\\\/\\\/www.24gliwice.pl\\\/wiadomosci\\\/dobre-wiesci-dla-kierowcow-lada-dzien-ta-wazna-droga-w-kierunku-sosnicowic-bedzie-przejezdna\\\/#primaryimage\"},\"thumbnailUrl\":\"https:\\\/\\\/www.24gliwice.pl\\\/wiadomosci\\\/wp-content\\\/uploads\\\/2017\\\/10\\\/1-droga-do-kozlowa-001.jpg\",\"keywords\":[\"droga do koz\u0142owa\",\"remont nawierzchni\",\"wymiana nawierzchni\",\"ZDM\"],\"articleSection\":[\"Gliwice\",\"Najnowsze wiadomo\u015bci\",\"Portal Gliwice - Wiadomo\u015bci lokalne\"],\"inLanguage\":\"pl-PL\",\"potentialAction\":[{\"@type\":\"CommentAction\",\"name\":\"Comment\",\"target\":[\"https:\\\/\\\/www.24gliwice.pl\\\/wiadomosci\\\/dobre-wiesci-dla-kierowcow-lada-dzien-ta-wazna-droga-w-kierunku-sosnicowic-bedzie-przejezdna\\\/#respond\"]}]},{\"@type\":\"WebPage\",\"@id\":\"https:\\\/\\\/www.24gliwice.pl\\\/wiadomosci\\\/dobre-wiesci-dla-kierowcow-lada-dzien-ta-wazna-droga-w-kierunku-sosnicowic-bedzie-przejezdna\\\/\",\"url\":\"https:\\\/\\\/www.24gliwice.pl\\\/wiadomosci\\\/dobre-wiesci-dla-kierowcow-lada-dzien-ta-wazna-droga-w-kierunku-sosnicowic-bedzie-przejezdna\\\/\",\"name\":\"Dobre wie\u015bci dla kierowc\u00f3w. Lada dzie\u0144 ta wa\u017cna droga w kierunku So\u015bnicowic b\u0119dzie przejezdna - 24GLIWICE - Portal Gliwice | codziennie nowe informacje\",\"isPartOf\":{\"@id\":\"https:\\\/\\\/www.24gliwice.pl\\\/wiadomosci\\\/#website\"},\"primaryImageOfPage\":{\"@id\":\"https:\\\/\\\/www.24gliwice.pl\\\/wiadomosci\\\/dobre-wiesci-dla-kierowcow-lada-dzien-ta-wazna-droga-w-kierunku-sosnicowic-bedzie-przejezdna\\\/#primaryimage\"},\"image\":{\"@id\":\"https:\\\/\\\/www.24gliwice.pl\\\/wiadomosci\\\/dobre-wiesci-dla-kierowcow-lada-dzien-ta-wazna-droga-w-kierunku-sosnicowic-bedzie-przejezdna\\\/#primaryimage\"},\"thumbnailUrl\":\"https:\\\/\\\/www.24gliwice.pl\\\/wiadomosci\\\/wp-content\\\/uploads\\\/2017\\\/10\\\/1-droga-do-kozlowa-001.jpg\",\"datePublished\":\"2017-10-28T00:07:21+00:00\",\"dateModified\":\"2017-11-02T10:38:21+00:00\",\"breadcrumb\":{\"@id\":\"https:\\\/\\\/www.24gliwice.pl\\\/wiadomosci\\\/dobre-wiesci-dla-kierowcow-lada-dzien-ta-wazna-droga-w-kierunku-sosnicowic-bedzie-przejezdna\\\/#breadcrumb\"},\"inLanguage\":\"pl-PL\",\"potentialAction\":[{\"@type\":\"ReadAction\",\"target\":[\"https:\\\/\\\/www.24gliwice.pl\\\/wiadomosci\\\/dobre-wiesci-dla-kierowcow-lada-dzien-ta-wazna-droga-w-kierunku-sosnicowic-bedzie-przejezdna\\\/\"]}]},{\"@type\":\"ImageObject\",\"inLanguage\":\"pl-PL\",\"@id\":\"https:\\\/\\\/www.24gliwice.pl\\\/wiadomosci\\\/dobre-wiesci-dla-kierowcow-lada-dzien-ta-wazna-droga-w-kierunku-sosnicowic-bedzie-przejezdna\\\/#primaryimage\",\"url\":\"https:\\\/\\\/www.24gliwice.pl\\\/wiadomosci\\\/wp-content\\\/uploads\\\/2017\\\/10\\\/1-droga-do-kozlowa-001.jpg\",\"contentUrl\":\"https:\\\/\\\/www.24gliwice.pl\\\/wiadomosci\\\/wp-content\\\/uploads\\\/2017\\\/10\\\/1-droga-do-kozlowa-001.jpg\",\"width\":810,\"height\":439},{\"@type\":\"BreadcrumbList\",\"@id\":\"https:\\\/\\\/www.24gliwice.pl\\\/wiadomosci\\\/dobre-wiesci-dla-kierowcow-lada-dzien-ta-wazna-droga-w-kierunku-sosnicowic-bedzie-przejezdna\\\/#breadcrumb\",\"itemListElement\":[{\"@type\":\"ListItem\",\"position\":1,\"name\":\"Strona g\u0142\u00f3wna\",\"item\":\"https:\\\/\\\/www.24gliwice.pl\\\/wiadomosci\\\/\"},{\"@type\":\"ListItem\",\"position\":2,\"name\":\"Dobre wie\u015bci dla kierowc\u00f3w. Lada dzie\u0144 ta wa\u017cna droga w kierunku So\u015bnicowic b\u0119dzie przejezdna\"}]},{\"@type\":\"WebSite\",\"@id\":\"https:\\\/\\\/www.24gliwice.pl\\\/wiadomosci\\\/#website\",\"url\":\"https:\\\/\\\/www.24gliwice.pl\\\/wiadomosci\\\/\",\"name\":\"24GLIWICE - Portal Gliwice | codziennie nowe wiadomo\u015bci\",\"description\":\"Portal Miejski Gliwice\",\"publisher\":{\"@id\":\"https:\\\/\\\/www.24gliwice.pl\\\/wiadomosci\\\/#organization\"},\"potentialAction\":[{\"@type\":\"SearchAction\",\"target\":{\"@type\":\"EntryPoint\",\"urlTemplate\":\"https:\\\/\\\/www.24gliwice.pl\\\/wiadomosci\\\/?s={search_term_string}\"},\"query-input\":{\"@type\":\"PropertyValueSpecification\",\"valueRequired\":true,\"valueName\":\"search_term_string\"}}],\"inLanguage\":\"pl-PL\"},{\"@type\":\"Organization\",\"@id\":\"https:\\\/\\\/www.24gliwice.pl\\\/wiadomosci\\\/#organization\",\"name\":\"24gliwice\",\"url\":\"https:\\\/\\\/www.24gliwice.pl\\\/wiadomosci\\\/\",\"logo\":{\"@type\":\"ImageObject\",\"inLanguage\":\"pl-PL\",\"@id\":\"https:\\\/\\\/www.24gliwice.pl\\\/wiadomosci\\\/#\\\/schema\\\/logo\\\/image\\\/\",\"url\":\"https:\\\/\\\/www.24gliwice.pl\\\/wiadomosci\\\/wp-content\\\/uploads\\\/2024\\\/10\\\/24gliwice-logo-696.jpg\",\"contentUrl\":\"https:\\\/\\\/www.24gliwice.pl\\\/wiadomosci\\\/wp-content\\\/uploads\\\/2024\\\/10\\\/24gliwice-logo-696.jpg\",\"width\":696,\"height\":696,\"caption\":\"24gliwice\"},\"image\":{\"@id\":\"https:\\\/\\\/www.24gliwice.pl\\\/wiadomosci\\\/#\\\/schema\\\/logo\\\/image\\\/\"},\"sameAs\":[\"https:\\\/\\\/www.facebook.com\\\/24gliwice\",\"https:\\\/\\\/x.com\\\/24gliwice\",\"https:\\\/\\\/www.youtube.com\\\/@24gliwice\"]},{\"@type\":\"Person\",\"@id\":\"https:\\\/\\\/www.24gliwice.pl\\\/wiadomosci\\\/#\\\/schema\\\/person\\\/e42c650edd7f2fa332be3811fb166b6e\",\"name\":\"\u017baneta Mrozek-Siewierska\",\"image\":{\"@type\":\"ImageObject\",\"inLanguage\":\"pl-PL\",\"@id\":\"https:\\\/\\\/secure.gravatar.com\\\/avatar\\\/1881429e9c64597c77ad7aef2d0a19be69a3253e57534d16aa15bf3a4d34a0a3?s=96&d=mm&r=g\",\"url\":\"https:\\\/\\\/secure.gravatar.com\\\/avatar\\\/1881429e9c64597c77ad7aef2d0a19be69a3253e57534d16aa15bf3a4d34a0a3?s=96&d=mm&r=g\",\"contentUrl\":\"https:\\\/\\\/secure.gravatar.com\\\/avatar\\\/1881429e9c64597c77ad7aef2d0a19be69a3253e57534d16aa15bf3a4d34a0a3?s=96&d=mm&r=g\",\"caption\":\"\u017baneta Mrozek-Siewierska\"},\"url\":\"https:\\\/\\\/www.24gliwice.pl\\\/wiadomosci\\\/author\\\/zms\\\/\"}]}<\/script>\n<!-- \/ Yoast SEO plugin. -->","yoast_head_json":{"title":"Dobre wie\u015bci dla kierowc\u00f3w. Lada dzie\u0144 ta wa\u017cna droga w kierunku So\u015bnicowic b\u0119dzie przejezdna - 24GLIWICE - Portal Gliwice | codziennie nowe informacje","robots":{"index":"index","follow":"follow","max-snippet":"max-snippet:-1","max-image-preview":"max-image-preview:large","max-video-preview":"max-video-preview:-1"},"canonical":"https:\/\/www.24gliwice.pl\/wiadomosci\/dobre-wiesci-dla-kierowcow-lada-dzien-ta-wazna-droga-w-kierunku-sosnicowic-bedzie-przejezdna\/","og_locale":"pl_PL","og_type":"article","og_title":"Dobre wie\u015bci dla kierowc\u00f3w. Lada dzie\u0144 ta wa\u017cna droga w kierunku So\u015bnicowic b\u0119dzie przejezdna - 24GLIWICE - Portal Gliwice | codziennie nowe informacje","og_description":"Z op\u00f3\u017anieniem, ale tym to ju\u017c ostateczny termin. Zarz\u0105d Dr\u00f3g Powiatowych w Gliwicach informuje, \u017ce dobiegaj\u0105 ko\u0144ca roboty drogowe na drodze powiatowej nr 2991S na odcinku Koz\u0142\u00f3w \u2013 Gliwice. Planowane otwarcie drogi nast\u0105pi we wtorek 31 pa\u017adziernika w godzinach popo\u0142udniowych. Z powodu trwaj\u0105cego od po\u0142owy sierpnia remontu drogi powiatowej nr 2991S w Koz\u0142owie, kierowcy musieli [&hellip;]","og_url":"https:\/\/www.24gliwice.pl\/wiadomosci\/dobre-wiesci-dla-kierowcow-lada-dzien-ta-wazna-droga-w-kierunku-sosnicowic-bedzie-przejezdna\/","og_site_name":"24GLIWICE - Portal Gliwice | codziennie nowe informacje","article_publisher":"https:\/\/www.facebook.com\/24gliwice","article_published_time":"2017-10-28T00:07:21+00:00","article_modified_time":"2017-11-02T10:38:21+00:00","og_image":[{"width":810,"height":439,"url":"https:\/\/www.24gliwice.pl\/wiadomosci\/wp-content\/uploads\/2017\/10\/1-droga-do-kozlowa-001.jpg","type":"image\/jpeg"}],"author":"\u017baneta Mrozek-Siewierska","twitter_card":"summary_large_image","twitter_creator":"@24gliwice","twitter_site":"@24gliwice","twitter_misc":{"Napisane przez":"\u017baneta Mrozek-Siewierska","Szacowany czas czytania":"1 minuta"},"schema":{"@context":"https:\/\/schema.org","@graph":[{"@type":"Article","@id":"https:\/\/www.24gliwice.pl\/wiadomosci\/dobre-wiesci-dla-kierowcow-lada-dzien-ta-wazna-droga-w-kierunku-sosnicowic-bedzie-przejezdna\/#article","isPartOf":{"@id":"https:\/\/www.24gliwice.pl\/wiadomosci\/dobre-wiesci-dla-kierowcow-lada-dzien-ta-wazna-droga-w-kierunku-sosnicowic-bedzie-przejezdna\/"},"author":{"name":"\u017baneta Mrozek-Siewierska","@id":"https:\/\/www.24gliwice.pl\/wiadomosci\/#\/schema\/person\/e42c650edd7f2fa332be3811fb166b6e"},"headline":"Dobre wie\u015bci dla kierowc\u00f3w. Lada dzie\u0144 ta wa\u017cna droga w kierunku So\u015bnicowic b\u0119dzie przejezdna","datePublished":"2017-10-28T00:07:21+00:00","dateModified":"2017-11-02T10:38:21+00:00","mainEntityOfPage":{"@id":"https:\/\/www.24gliwice.pl\/wiadomosci\/dobre-wiesci-dla-kierowcow-lada-dzien-ta-wazna-droga-w-kierunku-sosnicowic-bedzie-przejezdna\/"},"wordCount":146,"commentCount":0,"publisher":{"@id":"https:\/\/www.24gliwice.pl\/wiadomosci\/#organization"},"image":{"@id":"https:\/\/www.24gliwice.pl\/wiadomosci\/dobre-wiesci-dla-kierowcow-lada-dzien-ta-wazna-droga-w-kierunku-sosnicowic-bedzie-przejezdna\/#primaryimage"},"thumbnailUrl":"https:\/\/www.24gliwice.pl\/wiadomosci\/wp-content\/uploads\/2017\/10\/1-droga-do-kozlowa-001.jpg","keywords":["droga do koz\u0142owa","remont nawierzchni","wymiana nawierzchni","ZDM"],"articleSection":["Gliwice","Najnowsze wiadomo\u015bci","Portal Gliwice - Wiadomo\u015bci lokalne"],"inLanguage":"pl-PL","potentialAction":[{"@type":"CommentAction","name":"Comment","target":["https:\/\/www.24gliwice.pl\/wiadomosci\/dobre-wiesci-dla-kierowcow-lada-dzien-ta-wazna-droga-w-kierunku-sosnicowic-bedzie-przejezdna\/#respond"]}]},{"@type":"WebPage","@id":"https:\/\/www.24gliwice.pl\/wiadomosci\/dobre-wiesci-dla-kierowcow-lada-dzien-ta-wazna-droga-w-kierunku-sosnicowic-bedzie-przejezdna\/","url":"https:\/\/www.24gliwice.pl\/wiadomosci\/dobre-wiesci-dla-kierowcow-lada-dzien-ta-wazna-droga-w-kierunku-sosnicowic-bedzie-przejezdna\/","name":"Dobre wie\u015bci dla kierowc\u00f3w. Lada dzie\u0144 ta wa\u017cna droga w kierunku So\u015bnicowic b\u0119dzie przejezdna - 24GLIWICE - Portal Gliwice | codziennie nowe informacje","isPartOf":{"@id":"https:\/\/www.24gliwice.pl\/wiadomosci\/#website"},"primaryImageOfPage":{"@id":"https:\/\/www.24gliwice.pl\/wiadomosci\/dobre-wiesci-dla-kierowcow-lada-dzien-ta-wazna-droga-w-kierunku-sosnicowic-bedzie-przejezdna\/#primaryimage"},"image":{"@id":"https:\/\/www.24gliwice.pl\/wiadomosci\/dobre-wiesci-dla-kierowcow-lada-dzien-ta-wazna-droga-w-kierunku-sosnicowic-bedzie-przejezdna\/#primaryimage"},"thumbnailUrl":"https:\/\/www.24gliwice.pl\/wiadomosci\/wp-content\/uploads\/2017\/10\/1-droga-do-kozlowa-001.jpg","datePublished":"2017-10-28T00:07:21+00:00","dateModified":"2017-11-02T10:38:21+00:00","breadcrumb":{"@id":"https:\/\/www.24gliwice.pl\/wiadomosci\/dobre-wiesci-dla-kierowcow-lada-dzien-ta-wazna-droga-w-kierunku-sosnicowic-bedzie-przejezdna\/#breadcrumb"},"inLanguage":"pl-PL","potentialAction":[{"@type":"ReadAction","target":["https:\/\/www.24gliwice.pl\/wiadomosci\/dobre-wiesci-dla-kierowcow-lada-dzien-ta-wazna-droga-w-kierunku-sosnicowic-bedzie-przejezdna\/"]}]},{"@type":"ImageObject","inLanguage":"pl-PL","@id":"https:\/\/www.24gliwice.pl\/wiadomosci\/dobre-wiesci-dla-kierowcow-lada-dzien-ta-wazna-droga-w-kierunku-sosnicowic-bedzie-przejezdna\/#primaryimage","url":"https:\/\/www.24gliwice.pl\/wiadomosci\/wp-content\/uploads\/2017\/10\/1-droga-do-kozlowa-001.jpg","contentUrl":"https:\/\/www.24gliwice.pl\/wiadomosci\/wp-content\/uploads\/2017\/10\/1-droga-do-kozlowa-001.jpg","width":810,"height":439},{"@type":"BreadcrumbList","@id":"https:\/\/www.24gliwice.pl\/wiadomosci\/dobre-wiesci-dla-kierowcow-lada-dzien-ta-wazna-droga-w-kierunku-sosnicowic-bedzie-przejezdna\/#breadcrumb","itemListElement":[{"@type":"ListItem","position":1,"name":"Strona g\u0142\u00f3wna","item":"https:\/\/www.24gliwice.pl\/wiadomosci\/"},{"@type":"ListItem","position":2,"name":"Dobre wie\u015bci dla kierowc\u00f3w. Lada dzie\u0144 ta wa\u017cna droga w kierunku So\u015bnicowic b\u0119dzie przejezdna"}]},{"@type":"WebSite","@id":"https:\/\/www.24gliwice.pl\/wiadomosci\/#website","url":"https:\/\/www.24gliwice.pl\/wiadomosci\/","name":"24GLIWICE - Portal Gliwice | codziennie nowe wiadomo\u015bci","description":"Portal Miejski Gliwice","publisher":{"@id":"https:\/\/www.24gliwice.pl\/wiadomosci\/#organization"},"potentialAction":[{"@type":"SearchAction","target":{"@type":"EntryPoint","urlTemplate":"https:\/\/www.24gliwice.pl\/wiadomosci\/?s={search_term_string}"},"query-input":{"@type":"PropertyValueSpecification","valueRequired":true,"valueName":"search_term_string"}}],"inLanguage":"pl-PL"},{"@type":"Organization","@id":"https:\/\/www.24gliwice.pl\/wiadomosci\/#organization","name":"24gliwice","url":"https:\/\/www.24gliwice.pl\/wiadomosci\/","logo":{"@type":"ImageObject","inLanguage":"pl-PL","@id":"https:\/\/www.24gliwice.pl\/wiadomosci\/#\/schema\/logo\/image\/","url":"https:\/\/www.24gliwice.pl\/wiadomosci\/wp-content\/uploads\/2024\/10\/24gliwice-logo-696.jpg","contentUrl":"https:\/\/www.24gliwice.pl\/wiadomosci\/wp-content\/uploads\/2024\/10\/24gliwice-logo-696.jpg","width":696,"height":696,"caption":"24gliwice"},"image":{"@id":"https:\/\/www.24gliwice.pl\/wiadomosci\/#\/schema\/logo\/image\/"},"sameAs":["https:\/\/www.facebook.com\/24gliwice","https:\/\/x.com\/24gliwice","https:\/\/www.youtube.com\/@24gliwice"]},{"@type":"Person","@id":"https:\/\/www.24gliwice.pl\/wiadomosci\/#\/schema\/person\/e42c650edd7f2fa332be3811fb166b6e","name":"\u017baneta Mrozek-Siewierska","image":{"@type":"ImageObject","inLanguage":"pl-PL","@id":"https:\/\/secure.gravatar.com\/avatar\/1881429e9c64597c77ad7aef2d0a19be69a3253e57534d16aa15bf3a4d34a0a3?s=96&d=mm&r=g","url":"https:\/\/secure.gravatar.com\/avatar\/1881429e9c64597c77ad7aef2d0a19be69a3253e57534d16aa15bf3a4d34a0a3?s=96&d=mm&r=g","contentUrl":"https:\/\/secure.gravatar.com\/avatar\/1881429e9c64597c77ad7aef2d0a19be69a3253e57534d16aa15bf3a4d34a0a3?s=96&d=mm&r=g","caption":"\u017baneta Mrozek-Siewierska"},"url":"https:\/\/www.24gliwice.pl\/wiadomosci\/author\/zms\/"}]}},"_links":{"self":[{"href":"https:\/\/www.24gliwice.pl\/wiadomosci\/wp-json\/wp\/v2\/posts\/106896","targetHints":{"allow":["GET"]}}],"collection":[{"href":"https:\/\/www.24gliwice.pl\/wiadomosci\/wp-json\/wp\/v2\/posts"}],"about":[{"href":"https:\/\/www.24gliwice.pl\/wiadomosci\/wp-json\/wp\/v2\/types\/post"}],"author":[{"embeddable":true,"href":"https:\/\/www.24gliwice.pl\/wiadomosci\/wp-json\/wp\/v2\/users\/15"}],"replies":[{"embeddable":true,"href":"https:\/\/www.24gliwice.pl\/wiadomosci\/wp-json\/wp\/v2\/comments?post=106896"}],"version-history":[{"count":0,"href":"https:\/\/www.24gliwice.pl\/wiadomosci\/wp-json\/wp\/v2\/posts\/106896\/revisions"}],"wp:featuredmedia":[{"embeddable":true,"href":"https:\/\/www.24gliwice.pl\/wiadomosci\/wp-json\/wp\/v2\/media\/106973"}],"wp:attachment":[{"href":"https:\/\/www.24gliwice.pl\/wiadomosci\/wp-json\/wp\/v2\/media?parent=106896"}],"wp:term":[{"taxonomy":"category","embeddable":true,"href":"https:\/\/www.24gliwice.pl\/wiadomosci\/wp-json\/wp\/v2\/categories?post=106896"},{"taxonomy":"post_tag","embeddable":true,"href":"https:\/\/www.24gliwice.pl\/wiadomosci\/wp-json\/wp\/v2\/tags?post=106896"}],"curies":[{"name":"wp","href":"https:\/\/api.w.org\/{rel}","templated":true}]}}