{"id":107001,"date":"2017-10-30T12:31:16","date_gmt":"2017-10-30T11:31:16","guid":{"rendered":"http:\/\/www.24gliwice.pl\/wiadomosci\/?p=107001"},"modified":"2017-10-30T12:31:16","modified_gmt":"2017-10-30T11:31:16","slug":"uszkodzone-samochody-polamane-drzewa-niespokojny-weekend-z-orkanem-grzegorz","status":"publish","type":"post","link":"https:\/\/www.24gliwice.pl\/wiadomosci\/uszkodzone-samochody-polamane-drzewa-niespokojny-weekend-z-orkanem-grzegorz\/","title":{"rendered":"Uszkodzone samochody, po\u0142amane drzewa. Niespokojny weekend z orkanem &#8220;Grzegorz&#8221;"},"content":{"rendered":"<div class=\"gliwi-a6-nad-leadem-artykulow gliwi-entity-placement\" id=\"gliwi-2638897304\"><div class=\"gliwi-adlabel\"><span style=\"font-size: 9px\">REKLAMA<\/span><\/div><div id=\"gliwi-1409415686\" style=\"margin-bottom: 25px;margin-left: auto;margin-right: auto;text-align: center;\"><a data-no-instant=\"1\" href=\"https:\/\/dom100.eu\/\" rel=\"noopener\" class=\"a2t-link\" target=\"_blank\" aria-label=\"20260415 DOM100 D\"><img loading=\"lazy\" decoding=\"async\" src=\"https:\/\/www.24gliwice.pl\/wiadomosci\/wp-content\/uploads\/2026\/04\/20260415-DOM100-D.jpg\" alt=\"\"  srcset=\"https:\/\/www.24gliwice.pl\/wiadomosci\/wp-content\/uploads\/2026\/04\/20260415-DOM100-D.jpg 750w, https:\/\/www.24gliwice.pl\/wiadomosci\/wp-content\/uploads\/2026\/04\/20260415-DOM100-D-410x109.jpg 410w\" sizes=\"(max-width: 750px) 100vw, 750px\" class=\"no-lazyload\" width=\"750\" height=\"200\"  style=\"display: inline-block; max-width: 100%; height: auto;\" \/><\/a><\/div><\/div><h3>Orkan &#8220;Grzegorz&#8221; przeszed\u0142 przez Polsk\u0119, najmocniej wia\u0142o w nocy z soboty na niedziel\u0119. W Gliwicach na szcz\u0119\u015bcie straty nie s\u0105 tak du\u017ce jak w innych miastach. <\/h3>\n<p>Nie by\u0142o ofiar \u015bmiertelnych, nikt nie zosta\u0142 ranny. W zwi\u0105zku z porywistymi wiatrami gliwiccy stra\u017cacy interweniowali w terenie ponad 70 razy, z czego 58 razy w samych tylko Gliwicach.<\/p>\n<p>W\u015br\u00f3d powod\u00f3w wyjazd\u00f3w stra\u017cak\u00f3w dominowa\u0142y powalone drzewa b\u0105d\u017a ich cz\u0119\u015bci, kt\u00f3re run\u0119\u0142y m.in. w rejonie ulicy Konarskiego, Zygmuntowskiej. Zdarzy\u0142y si\u0119 r\u00f3wnie\u017c przypadki uszkodzenia samochod\u00f3w, tarasowania przej\u015bcia b\u0105d\u017a przejazdu, zerwania rynien, a w jednym z niezamieszka\u0142ych budynk\u00f3w zawali\u0142a si\u0119 \u015bciana.<\/p><div class=\"gliwi-a3-w-tresci-artykulow gliwi-entity-placement\" id=\"gliwi-2379865981\"><div class=\"gliwi-adlabel\"><span style=\"font-size: 9px\">REKLAMA<\/span><\/div><div id=\"gliwi-2507915521\" style=\"margin-bottom: 30px;margin-left: auto;margin-right: auto;text-align: center;\"><a data-no-instant=\"1\" href=\"https:\/\/ogrodyandersa.pl\/\" rel=\"noopener\" class=\"a2t-link\" target=\"_blank\" aria-label=\"20260415 Ogrody Andersa KUP TERAZ D\"><img loading=\"lazy\" decoding=\"async\" src=\"https:\/\/www.24gliwice.pl\/wiadomosci\/wp-content\/uploads\/2026\/04\/20260415-Ogrody-Andersa-KUP-TERAZ-D.jpg\" alt=\"\"  srcset=\"https:\/\/www.24gliwice.pl\/wiadomosci\/wp-content\/uploads\/2026\/04\/20260415-Ogrody-Andersa-KUP-TERAZ-D.jpg 750w, https:\/\/www.24gliwice.pl\/wiadomosci\/wp-content\/uploads\/2026\/04\/20260415-Ogrody-Andersa-KUP-TERAZ-D-410x109.jpg 410w\" sizes=\"(max-width: 750px) 100vw, 750px\" class=\"no-lazyload\" width=\"750\" height=\"200\"  style=\"display: inline-block; max-width: 100%; height: auto;\" \/><\/a><\/div><\/div>\n<p>Wszystkie skutki wichur by\u0142y na bie\u017c\u0105co usuwane przez stra\u017cak\u00f3w.<\/p>\n<p>(\u017cms)\/UM\/Rada Osiedla \u0141ab\u0119dy<br \/>\nfot. Nasze \u0141ab\u0119dy &#8211; strona Rady Osiedla \u0141ab\u0119dy<\/p>\n<div class=\"gliwi-a5-na-koncu-artykulow gliwi-entity-placement\" id=\"gliwi-400589151\"><div class=\"gliwi-adlabel\"><span style=\"font-size: 9px\">REKLAMA<\/span><\/div><div id=\"gliwi-1742521814\" style=\"margin-left: auto;margin-right: auto;text-align: center;\"><a data-no-instant=\"1\" href=\"https:\/\/prezeroarenagliwice.pl\/\" rel=\"noopener\" class=\"a2t-link\" target=\"_blank\" aria-label=\"20260309-PREZERO-WIOSNA-D\"><img loading=\"lazy\" decoding=\"async\" src=\"https:\/\/www.24gliwice.pl\/wiadomosci\/wp-content\/uploads\/2026\/03\/20260309-PREZERO-WIOSNA-D.webp\" alt=\"\"  srcset=\"https:\/\/www.24gliwice.pl\/wiadomosci\/wp-content\/uploads\/2026\/03\/20260309-PREZERO-WIOSNA-D.webp 750w, https:\/\/www.24gliwice.pl\/wiadomosci\/wp-content\/uploads\/2026\/03\/20260309-PREZERO-WIOSNA-D-410x109.webp 410w\" sizes=\"(max-width: 750px) 100vw, 750px\" class=\"no-lazyload\" width=\"750\" height=\"200\"  style=\"display: inline-block; max-width: 100%; height: auto;\" \/><\/a><\/div><\/div>","protected":false},"excerpt":{"rendered":"<p>Orkan &#8220;Grzegorz&#8221; przeszed\u0142 przez Polsk\u0119, najmocniej wia\u0142o w nocy z soboty na niedziel\u0119. W Gliwicach na szcz\u0119\u015bcie straty nie s\u0105 tak du\u017ce jak w innych miastach. Nie by\u0142o ofiar \u015bmiertelnych, nikt nie zosta\u0142 ranny. W zwi\u0105zku z porywistymi wiatrami gliwiccy stra\u017cacy interweniowali w terenie ponad 70 razy, z czego 58 razy w samych tylko Gliwicach. [&hellip;]<\/p>\n","protected":false},"author":15,"featured_media":107013,"comment_status":"open","ping_status":"closed","sticky":false,"template":"","format":"standard","meta":{"_monsterinsights_skip_tracking":false,"_monsterinsights_sitenote_active":false,"_monsterinsights_sitenote_note":"","_monsterinsights_sitenote_category":0,"footnotes":"","_links_to":"","_links_to_target":""},"categories":[3,1],"tags":[10564,10560,10562,1472,10563,10353,1438],"class_list":["post-107001","post","type-post","status-publish","format-standard","has-post-thumbnail","hentry","category-gliwice","category-wszystko","tag-huragan","tag-orkan","tag-powalone-drzewa","tag-straz-pozarna","tag-wichura","tag-zniszczenia","tag-labedy"],"yoast_head":"<!-- This site is optimized with the Yoast SEO plugin v27.5 - https:\/\/yoast.com\/product\/yoast-seo-wordpress\/ -->\n<title>Uszkodzone samochody, po\u0142amane drzewa. Niespokojny weekend z orkanem &quot;Grzegorz&quot; - 24GLIWICE - Portal Gliwice | codziennie nowe informacje<\/title>\n<meta name=\"robots\" content=\"index, follow, max-snippet:-1, max-image-preview:large, max-video-preview:-1\" \/>\n<link rel=\"canonical\" href=\"https:\/\/www.24gliwice.pl\/wiadomosci\/uszkodzone-samochody-polamane-drzewa-niespokojny-weekend-z-orkanem-grzegorz\/\" \/>\n<meta property=\"og:locale\" content=\"pl_PL\" \/>\n<meta property=\"og:type\" content=\"article\" \/>\n<meta property=\"og:title\" content=\"Uszkodzone samochody, po\u0142amane drzewa. Niespokojny weekend z orkanem &quot;Grzegorz&quot; - 24GLIWICE - Portal Gliwice | codziennie nowe informacje\" \/>\n<meta property=\"og:description\" content=\"Orkan &#8220;Grzegorz&#8221; przeszed\u0142 przez Polsk\u0119, najmocniej wia\u0142o w nocy z soboty na niedziel\u0119. W Gliwicach na szcz\u0119\u015bcie straty nie s\u0105 tak du\u017ce jak w innych miastach. Nie by\u0142o ofiar \u015bmiertelnych, nikt nie zosta\u0142 ranny. W zwi\u0105zku z porywistymi wiatrami gliwiccy stra\u017cacy interweniowali w terenie ponad 70 razy, z czego 58 razy w samych tylko Gliwicach. [&hellip;]\" \/>\n<meta property=\"og:url\" content=\"https:\/\/www.24gliwice.pl\/wiadomosci\/uszkodzone-samochody-polamane-drzewa-niespokojny-weekend-z-orkanem-grzegorz\/\" \/>\n<meta property=\"og:site_name\" content=\"24GLIWICE - Portal Gliwice | codziennie nowe informacje\" \/>\n<meta property=\"article:publisher\" content=\"https:\/\/www.facebook.com\/24gliwice\" \/>\n<meta property=\"article:published_time\" content=\"2017-10-30T11:31:16+00:00\" \/>\n<meta property=\"og:image\" content=\"https:\/\/www.24gliwice.pl\/wiadomosci\/wp-content\/uploads\/2017\/10\/1-powalone-drzewo-e1509362183494.jpg\" \/>\n\t<meta property=\"og:image:width\" content=\"810\" \/>\n\t<meta property=\"og:image:height\" content=\"457\" \/>\n\t<meta property=\"og:image:type\" content=\"image\/jpeg\" \/>\n<meta name=\"author\" content=\"\u017baneta Mrozek-Siewierska\" \/>\n<meta name=\"twitter:card\" content=\"summary_large_image\" \/>\n<meta name=\"twitter:creator\" content=\"@24gliwice\" \/>\n<meta name=\"twitter:site\" content=\"@24gliwice\" \/>\n<meta name=\"twitter:label1\" content=\"Napisane przez\" \/>\n\t<meta name=\"twitter:data1\" content=\"\u017baneta Mrozek-Siewierska\" \/>\n\t<meta name=\"twitter:label2\" content=\"Szacowany czas czytania\" \/>\n\t<meta name=\"twitter:data2\" content=\"1 minuta\" \/>\n<script type=\"application\/ld+json\" class=\"yoast-schema-graph\">{\"@context\":\"https:\\\/\\\/schema.org\",\"@graph\":[{\"@type\":\"Article\",\"@id\":\"https:\\\/\\\/www.24gliwice.pl\\\/wiadomosci\\\/uszkodzone-samochody-polamane-drzewa-niespokojny-weekend-z-orkanem-grzegorz\\\/#article\",\"isPartOf\":{\"@id\":\"https:\\\/\\\/www.24gliwice.pl\\\/wiadomosci\\\/uszkodzone-samochody-polamane-drzewa-niespokojny-weekend-z-orkanem-grzegorz\\\/\"},\"author\":{\"name\":\"\u017baneta Mrozek-Siewierska\",\"@id\":\"https:\\\/\\\/www.24gliwice.pl\\\/wiadomosci\\\/#\\\/schema\\\/person\\\/e42c650edd7f2fa332be3811fb166b6e\"},\"headline\":\"Uszkodzone samochody, po\u0142amane drzewa. Niespokojny weekend z orkanem &#8220;Grzegorz&#8221;\",\"datePublished\":\"2017-10-30T11:31:16+00:00\",\"mainEntityOfPage\":{\"@id\":\"https:\\\/\\\/www.24gliwice.pl\\\/wiadomosci\\\/uszkodzone-samochody-polamane-drzewa-niespokojny-weekend-z-orkanem-grzegorz\\\/\"},\"wordCount\":157,\"commentCount\":0,\"publisher\":{\"@id\":\"https:\\\/\\\/www.24gliwice.pl\\\/wiadomosci\\\/#organization\"},\"image\":{\"@id\":\"https:\\\/\\\/www.24gliwice.pl\\\/wiadomosci\\\/uszkodzone-samochody-polamane-drzewa-niespokojny-weekend-z-orkanem-grzegorz\\\/#primaryimage\"},\"thumbnailUrl\":\"https:\\\/\\\/www.24gliwice.pl\\\/wiadomosci\\\/wp-content\\\/uploads\\\/2017\\\/10\\\/1-powalone-drzewo-e1509362183494.jpg\",\"keywords\":[\"huragan\",\"orkan\",\"powalone drzewa\",\"STRA\u017b PO\u017bARNA\",\"wichura\",\"zniszczenia\",\"\u0141AB\u0118DY\"],\"articleSection\":[\"Gliwice\",\"Najnowsze wiadomo\u015bci\"],\"inLanguage\":\"pl-PL\",\"potentialAction\":[{\"@type\":\"CommentAction\",\"name\":\"Comment\",\"target\":[\"https:\\\/\\\/www.24gliwice.pl\\\/wiadomosci\\\/uszkodzone-samochody-polamane-drzewa-niespokojny-weekend-z-orkanem-grzegorz\\\/#respond\"]}]},{\"@type\":\"WebPage\",\"@id\":\"https:\\\/\\\/www.24gliwice.pl\\\/wiadomosci\\\/uszkodzone-samochody-polamane-drzewa-niespokojny-weekend-z-orkanem-grzegorz\\\/\",\"url\":\"https:\\\/\\\/www.24gliwice.pl\\\/wiadomosci\\\/uszkodzone-samochody-polamane-drzewa-niespokojny-weekend-z-orkanem-grzegorz\\\/\",\"name\":\"Uszkodzone samochody, po\u0142amane drzewa. Niespokojny weekend z orkanem \\\"Grzegorz\\\" - 24GLIWICE - Portal Gliwice | codziennie nowe informacje\",\"isPartOf\":{\"@id\":\"https:\\\/\\\/www.24gliwice.pl\\\/wiadomosci\\\/#website\"},\"primaryImageOfPage\":{\"@id\":\"https:\\\/\\\/www.24gliwice.pl\\\/wiadomosci\\\/uszkodzone-samochody-polamane-drzewa-niespokojny-weekend-z-orkanem-grzegorz\\\/#primaryimage\"},\"image\":{\"@id\":\"https:\\\/\\\/www.24gliwice.pl\\\/wiadomosci\\\/uszkodzone-samochody-polamane-drzewa-niespokojny-weekend-z-orkanem-grzegorz\\\/#primaryimage\"},\"thumbnailUrl\":\"https:\\\/\\\/www.24gliwice.pl\\\/wiadomosci\\\/wp-content\\\/uploads\\\/2017\\\/10\\\/1-powalone-drzewo-e1509362183494.jpg\",\"datePublished\":\"2017-10-30T11:31:16+00:00\",\"breadcrumb\":{\"@id\":\"https:\\\/\\\/www.24gliwice.pl\\\/wiadomosci\\\/uszkodzone-samochody-polamane-drzewa-niespokojny-weekend-z-orkanem-grzegorz\\\/#breadcrumb\"},\"inLanguage\":\"pl-PL\",\"potentialAction\":[{\"@type\":\"ReadAction\",\"target\":[\"https:\\\/\\\/www.24gliwice.pl\\\/wiadomosci\\\/uszkodzone-samochody-polamane-drzewa-niespokojny-weekend-z-orkanem-grzegorz\\\/\"]}]},{\"@type\":\"ImageObject\",\"inLanguage\":\"pl-PL\",\"@id\":\"https:\\\/\\\/www.24gliwice.pl\\\/wiadomosci\\\/uszkodzone-samochody-polamane-drzewa-niespokojny-weekend-z-orkanem-grzegorz\\\/#primaryimage\",\"url\":\"https:\\\/\\\/www.24gliwice.pl\\\/wiadomosci\\\/wp-content\\\/uploads\\\/2017\\\/10\\\/1-powalone-drzewo-e1509362183494.jpg\",\"contentUrl\":\"https:\\\/\\\/www.24gliwice.pl\\\/wiadomosci\\\/wp-content\\\/uploads\\\/2017\\\/10\\\/1-powalone-drzewo-e1509362183494.jpg\",\"width\":810,\"height\":457},{\"@type\":\"BreadcrumbList\",\"@id\":\"https:\\\/\\\/www.24gliwice.pl\\\/wiadomosci\\\/uszkodzone-samochody-polamane-drzewa-niespokojny-weekend-z-orkanem-grzegorz\\\/#breadcrumb\",\"itemListElement\":[{\"@type\":\"ListItem\",\"position\":1,\"name\":\"Strona g\u0142\u00f3wna\",\"item\":\"https:\\\/\\\/www.24gliwice.pl\\\/wiadomosci\\\/\"},{\"@type\":\"ListItem\",\"position\":2,\"name\":\"Uszkodzone samochody, po\u0142amane drzewa. Niespokojny weekend z orkanem &#8222;Grzegorz&#8221;\"}]},{\"@type\":\"WebSite\",\"@id\":\"https:\\\/\\\/www.24gliwice.pl\\\/wiadomosci\\\/#website\",\"url\":\"https:\\\/\\\/www.24gliwice.pl\\\/wiadomosci\\\/\",\"name\":\"24GLIWICE - Portal Gliwice | codziennie nowe wiadomo\u015bci\",\"description\":\"Portal Miejski Gliwice\",\"publisher\":{\"@id\":\"https:\\\/\\\/www.24gliwice.pl\\\/wiadomosci\\\/#organization\"},\"potentialAction\":[{\"@type\":\"SearchAction\",\"target\":{\"@type\":\"EntryPoint\",\"urlTemplate\":\"https:\\\/\\\/www.24gliwice.pl\\\/wiadomosci\\\/?s={search_term_string}\"},\"query-input\":{\"@type\":\"PropertyValueSpecification\",\"valueRequired\":true,\"valueName\":\"search_term_string\"}}],\"inLanguage\":\"pl-PL\"},{\"@type\":\"Organization\",\"@id\":\"https:\\\/\\\/www.24gliwice.pl\\\/wiadomosci\\\/#organization\",\"name\":\"24gliwice\",\"url\":\"https:\\\/\\\/www.24gliwice.pl\\\/wiadomosci\\\/\",\"logo\":{\"@type\":\"ImageObject\",\"inLanguage\":\"pl-PL\",\"@id\":\"https:\\\/\\\/www.24gliwice.pl\\\/wiadomosci\\\/#\\\/schema\\\/logo\\\/image\\\/\",\"url\":\"https:\\\/\\\/www.24gliwice.pl\\\/wiadomosci\\\/wp-content\\\/uploads\\\/2024\\\/10\\\/24gliwice-logo-696.jpg\",\"contentUrl\":\"https:\\\/\\\/www.24gliwice.pl\\\/wiadomosci\\\/wp-content\\\/uploads\\\/2024\\\/10\\\/24gliwice-logo-696.jpg\",\"width\":696,\"height\":696,\"caption\":\"24gliwice\"},\"image\":{\"@id\":\"https:\\\/\\\/www.24gliwice.pl\\\/wiadomosci\\\/#\\\/schema\\\/logo\\\/image\\\/\"},\"sameAs\":[\"https:\\\/\\\/www.facebook.com\\\/24gliwice\",\"https:\\\/\\\/x.com\\\/24gliwice\",\"https:\\\/\\\/www.youtube.com\\\/@24gliwice\"]},{\"@type\":\"Person\",\"@id\":\"https:\\\/\\\/www.24gliwice.pl\\\/wiadomosci\\\/#\\\/schema\\\/person\\\/e42c650edd7f2fa332be3811fb166b6e\",\"name\":\"\u017baneta Mrozek-Siewierska\",\"image\":{\"@type\":\"ImageObject\",\"inLanguage\":\"pl-PL\",\"@id\":\"https:\\\/\\\/secure.gravatar.com\\\/avatar\\\/1881429e9c64597c77ad7aef2d0a19be69a3253e57534d16aa15bf3a4d34a0a3?s=96&d=mm&r=g\",\"url\":\"https:\\\/\\\/secure.gravatar.com\\\/avatar\\\/1881429e9c64597c77ad7aef2d0a19be69a3253e57534d16aa15bf3a4d34a0a3?s=96&d=mm&r=g\",\"contentUrl\":\"https:\\\/\\\/secure.gravatar.com\\\/avatar\\\/1881429e9c64597c77ad7aef2d0a19be69a3253e57534d16aa15bf3a4d34a0a3?s=96&d=mm&r=g\",\"caption\":\"\u017baneta Mrozek-Siewierska\"},\"url\":\"https:\\\/\\\/www.24gliwice.pl\\\/wiadomosci\\\/author\\\/zms\\\/\"}]}<\/script>\n<!-- \/ Yoast SEO plugin. -->","yoast_head_json":{"title":"Uszkodzone samochody, po\u0142amane drzewa. Niespokojny weekend z orkanem \"Grzegorz\" - 24GLIWICE - Portal Gliwice | codziennie nowe informacje","robots":{"index":"index","follow":"follow","max-snippet":"max-snippet:-1","max-image-preview":"max-image-preview:large","max-video-preview":"max-video-preview:-1"},"canonical":"https:\/\/www.24gliwice.pl\/wiadomosci\/uszkodzone-samochody-polamane-drzewa-niespokojny-weekend-z-orkanem-grzegorz\/","og_locale":"pl_PL","og_type":"article","og_title":"Uszkodzone samochody, po\u0142amane drzewa. Niespokojny weekend z orkanem \"Grzegorz\" - 24GLIWICE - Portal Gliwice | codziennie nowe informacje","og_description":"Orkan &#8220;Grzegorz&#8221; przeszed\u0142 przez Polsk\u0119, najmocniej wia\u0142o w nocy z soboty na niedziel\u0119. W Gliwicach na szcz\u0119\u015bcie straty nie s\u0105 tak du\u017ce jak w innych miastach. Nie by\u0142o ofiar \u015bmiertelnych, nikt nie zosta\u0142 ranny. W zwi\u0105zku z porywistymi wiatrami gliwiccy stra\u017cacy interweniowali w terenie ponad 70 razy, z czego 58 razy w samych tylko Gliwicach. [&hellip;]","og_url":"https:\/\/www.24gliwice.pl\/wiadomosci\/uszkodzone-samochody-polamane-drzewa-niespokojny-weekend-z-orkanem-grzegorz\/","og_site_name":"24GLIWICE - Portal Gliwice | codziennie nowe informacje","article_publisher":"https:\/\/www.facebook.com\/24gliwice","article_published_time":"2017-10-30T11:31:16+00:00","og_image":[{"width":810,"height":457,"url":"https:\/\/www.24gliwice.pl\/wiadomosci\/wp-content\/uploads\/2017\/10\/1-powalone-drzewo-e1509362183494.jpg","type":"image\/jpeg"}],"author":"\u017baneta Mrozek-Siewierska","twitter_card":"summary_large_image","twitter_creator":"@24gliwice","twitter_site":"@24gliwice","twitter_misc":{"Napisane przez":"\u017baneta Mrozek-Siewierska","Szacowany czas czytania":"1 minuta"},"schema":{"@context":"https:\/\/schema.org","@graph":[{"@type":"Article","@id":"https:\/\/www.24gliwice.pl\/wiadomosci\/uszkodzone-samochody-polamane-drzewa-niespokojny-weekend-z-orkanem-grzegorz\/#article","isPartOf":{"@id":"https:\/\/www.24gliwice.pl\/wiadomosci\/uszkodzone-samochody-polamane-drzewa-niespokojny-weekend-z-orkanem-grzegorz\/"},"author":{"name":"\u017baneta Mrozek-Siewierska","@id":"https:\/\/www.24gliwice.pl\/wiadomosci\/#\/schema\/person\/e42c650edd7f2fa332be3811fb166b6e"},"headline":"Uszkodzone samochody, po\u0142amane drzewa. Niespokojny weekend z orkanem &#8220;Grzegorz&#8221;","datePublished":"2017-10-30T11:31:16+00:00","mainEntityOfPage":{"@id":"https:\/\/www.24gliwice.pl\/wiadomosci\/uszkodzone-samochody-polamane-drzewa-niespokojny-weekend-z-orkanem-grzegorz\/"},"wordCount":157,"commentCount":0,"publisher":{"@id":"https:\/\/www.24gliwice.pl\/wiadomosci\/#organization"},"image":{"@id":"https:\/\/www.24gliwice.pl\/wiadomosci\/uszkodzone-samochody-polamane-drzewa-niespokojny-weekend-z-orkanem-grzegorz\/#primaryimage"},"thumbnailUrl":"https:\/\/www.24gliwice.pl\/wiadomosci\/wp-content\/uploads\/2017\/10\/1-powalone-drzewo-e1509362183494.jpg","keywords":["huragan","orkan","powalone drzewa","STRA\u017b PO\u017bARNA","wichura","zniszczenia","\u0141AB\u0118DY"],"articleSection":["Gliwice","Najnowsze wiadomo\u015bci"],"inLanguage":"pl-PL","potentialAction":[{"@type":"CommentAction","name":"Comment","target":["https:\/\/www.24gliwice.pl\/wiadomosci\/uszkodzone-samochody-polamane-drzewa-niespokojny-weekend-z-orkanem-grzegorz\/#respond"]}]},{"@type":"WebPage","@id":"https:\/\/www.24gliwice.pl\/wiadomosci\/uszkodzone-samochody-polamane-drzewa-niespokojny-weekend-z-orkanem-grzegorz\/","url":"https:\/\/www.24gliwice.pl\/wiadomosci\/uszkodzone-samochody-polamane-drzewa-niespokojny-weekend-z-orkanem-grzegorz\/","name":"Uszkodzone samochody, po\u0142amane drzewa. Niespokojny weekend z orkanem \"Grzegorz\" - 24GLIWICE - Portal Gliwice | codziennie nowe informacje","isPartOf":{"@id":"https:\/\/www.24gliwice.pl\/wiadomosci\/#website"},"primaryImageOfPage":{"@id":"https:\/\/www.24gliwice.pl\/wiadomosci\/uszkodzone-samochody-polamane-drzewa-niespokojny-weekend-z-orkanem-grzegorz\/#primaryimage"},"image":{"@id":"https:\/\/www.24gliwice.pl\/wiadomosci\/uszkodzone-samochody-polamane-drzewa-niespokojny-weekend-z-orkanem-grzegorz\/#primaryimage"},"thumbnailUrl":"https:\/\/www.24gliwice.pl\/wiadomosci\/wp-content\/uploads\/2017\/10\/1-powalone-drzewo-e1509362183494.jpg","datePublished":"2017-10-30T11:31:16+00:00","breadcrumb":{"@id":"https:\/\/www.24gliwice.pl\/wiadomosci\/uszkodzone-samochody-polamane-drzewa-niespokojny-weekend-z-orkanem-grzegorz\/#breadcrumb"},"inLanguage":"pl-PL","potentialAction":[{"@type":"ReadAction","target":["https:\/\/www.24gliwice.pl\/wiadomosci\/uszkodzone-samochody-polamane-drzewa-niespokojny-weekend-z-orkanem-grzegorz\/"]}]},{"@type":"ImageObject","inLanguage":"pl-PL","@id":"https:\/\/www.24gliwice.pl\/wiadomosci\/uszkodzone-samochody-polamane-drzewa-niespokojny-weekend-z-orkanem-grzegorz\/#primaryimage","url":"https:\/\/www.24gliwice.pl\/wiadomosci\/wp-content\/uploads\/2017\/10\/1-powalone-drzewo-e1509362183494.jpg","contentUrl":"https:\/\/www.24gliwice.pl\/wiadomosci\/wp-content\/uploads\/2017\/10\/1-powalone-drzewo-e1509362183494.jpg","width":810,"height":457},{"@type":"BreadcrumbList","@id":"https:\/\/www.24gliwice.pl\/wiadomosci\/uszkodzone-samochody-polamane-drzewa-niespokojny-weekend-z-orkanem-grzegorz\/#breadcrumb","itemListElement":[{"@type":"ListItem","position":1,"name":"Strona g\u0142\u00f3wna","item":"https:\/\/www.24gliwice.pl\/wiadomosci\/"},{"@type":"ListItem","position":2,"name":"Uszkodzone samochody, po\u0142amane drzewa. Niespokojny weekend z orkanem &#8222;Grzegorz&#8221;"}]},{"@type":"WebSite","@id":"https:\/\/www.24gliwice.pl\/wiadomosci\/#website","url":"https:\/\/www.24gliwice.pl\/wiadomosci\/","name":"24GLIWICE - Portal Gliwice | codziennie nowe wiadomo\u015bci","description":"Portal Miejski Gliwice","publisher":{"@id":"https:\/\/www.24gliwice.pl\/wiadomosci\/#organization"},"potentialAction":[{"@type":"SearchAction","target":{"@type":"EntryPoint","urlTemplate":"https:\/\/www.24gliwice.pl\/wiadomosci\/?s={search_term_string}"},"query-input":{"@type":"PropertyValueSpecification","valueRequired":true,"valueName":"search_term_string"}}],"inLanguage":"pl-PL"},{"@type":"Organization","@id":"https:\/\/www.24gliwice.pl\/wiadomosci\/#organization","name":"24gliwice","url":"https:\/\/www.24gliwice.pl\/wiadomosci\/","logo":{"@type":"ImageObject","inLanguage":"pl-PL","@id":"https:\/\/www.24gliwice.pl\/wiadomosci\/#\/schema\/logo\/image\/","url":"https:\/\/www.24gliwice.pl\/wiadomosci\/wp-content\/uploads\/2024\/10\/24gliwice-logo-696.jpg","contentUrl":"https:\/\/www.24gliwice.pl\/wiadomosci\/wp-content\/uploads\/2024\/10\/24gliwice-logo-696.jpg","width":696,"height":696,"caption":"24gliwice"},"image":{"@id":"https:\/\/www.24gliwice.pl\/wiadomosci\/#\/schema\/logo\/image\/"},"sameAs":["https:\/\/www.facebook.com\/24gliwice","https:\/\/x.com\/24gliwice","https:\/\/www.youtube.com\/@24gliwice"]},{"@type":"Person","@id":"https:\/\/www.24gliwice.pl\/wiadomosci\/#\/schema\/person\/e42c650edd7f2fa332be3811fb166b6e","name":"\u017baneta Mrozek-Siewierska","image":{"@type":"ImageObject","inLanguage":"pl-PL","@id":"https:\/\/secure.gravatar.com\/avatar\/1881429e9c64597c77ad7aef2d0a19be69a3253e57534d16aa15bf3a4d34a0a3?s=96&d=mm&r=g","url":"https:\/\/secure.gravatar.com\/avatar\/1881429e9c64597c77ad7aef2d0a19be69a3253e57534d16aa15bf3a4d34a0a3?s=96&d=mm&r=g","contentUrl":"https:\/\/secure.gravatar.com\/avatar\/1881429e9c64597c77ad7aef2d0a19be69a3253e57534d16aa15bf3a4d34a0a3?s=96&d=mm&r=g","caption":"\u017baneta Mrozek-Siewierska"},"url":"https:\/\/www.24gliwice.pl\/wiadomosci\/author\/zms\/"}]}},"_links":{"self":[{"href":"https:\/\/www.24gliwice.pl\/wiadomosci\/wp-json\/wp\/v2\/posts\/107001","targetHints":{"allow":["GET"]}}],"collection":[{"href":"https:\/\/www.24gliwice.pl\/wiadomosci\/wp-json\/wp\/v2\/posts"}],"about":[{"href":"https:\/\/www.24gliwice.pl\/wiadomosci\/wp-json\/wp\/v2\/types\/post"}],"author":[{"embeddable":true,"href":"https:\/\/www.24gliwice.pl\/wiadomosci\/wp-json\/wp\/v2\/users\/15"}],"replies":[{"embeddable":true,"href":"https:\/\/www.24gliwice.pl\/wiadomosci\/wp-json\/wp\/v2\/comments?post=107001"}],"version-history":[{"count":0,"href":"https:\/\/www.24gliwice.pl\/wiadomosci\/wp-json\/wp\/v2\/posts\/107001\/revisions"}],"wp:featuredmedia":[{"embeddable":true,"href":"https:\/\/www.24gliwice.pl\/wiadomosci\/wp-json\/wp\/v2\/media\/107013"}],"wp:attachment":[{"href":"https:\/\/www.24gliwice.pl\/wiadomosci\/wp-json\/wp\/v2\/media?parent=107001"}],"wp:term":[{"taxonomy":"category","embeddable":true,"href":"https:\/\/www.24gliwice.pl\/wiadomosci\/wp-json\/wp\/v2\/categories?post=107001"},{"taxonomy":"post_tag","embeddable":true,"href":"https:\/\/www.24gliwice.pl\/wiadomosci\/wp-json\/wp\/v2\/tags?post=107001"}],"curies":[{"name":"wp","href":"https:\/\/api.w.org\/{rel}","templated":true}]}}