{"id":107047,"date":"2017-11-02T02:35:31","date_gmt":"2017-11-02T01:35:31","guid":{"rendered":"http:\/\/www.24gliwice.pl\/wiadomosci\/?p=107047"},"modified":"2017-11-02T11:13:56","modified_gmt":"2017-11-02T10:13:56","slug":"przerwa-dostawy-wody-pare-razy-w-roku-w-tej-dzielnicy-to-juz-norma-zakrecaja-bez-uprzedzenia","status":"publish","type":"post","link":"https:\/\/www.24gliwice.pl\/wiadomosci\/przerwa-dostawy-wody-pare-razy-w-roku-w-tej-dzielnicy-to-juz-norma-zakrecaja-bez-uprzedzenia\/","title":{"rendered":"Przerwa dostawy wody par\u0119 razy w roku w tej dzielnicy to ju\u017c norma. &#8220;Zakr\u0119caj\u0105 bez uprzedzenia&#8221;"},"content":{"rendered":"<div class=\"gliwi-a6-nad-leadem-artykulow gliwi-entity-placement\" id=\"gliwi-2233359817\"><div class=\"gliwi-adlabel\"><span style=\"font-size: 9px\">REKLAMA<\/span><\/div><div id=\"gliwi-3921198131\" style=\"margin-bottom: 30px;margin-left: auto;margin-right: auto;text-align: center;\"><a href=\"https:\/\/przedszkole.halogen.org.pl\/\" target=\"_blank\" aria-label=\"20260402-ANIMATOR-przedszkole_grafika_750x200\"><img loading=\"lazy\" decoding=\"async\" src=\"https:\/\/www.24gliwice.pl\/wiadomosci\/wp-content\/uploads\/2026\/04\/20260402-ANIMATOR-przedszkole_grafika_750x200.webp\" alt=\"\"  srcset=\"https:\/\/www.24gliwice.pl\/wiadomosci\/wp-content\/uploads\/2026\/04\/20260402-ANIMATOR-przedszkole_grafika_750x200.webp 750w, https:\/\/www.24gliwice.pl\/wiadomosci\/wp-content\/uploads\/2026\/04\/20260402-ANIMATOR-przedszkole_grafika_750x200-410x109.webp 410w\" sizes=\"(max-width: 750px) 100vw, 750px\" class=\"no-lazyload\" width=\"750\" height=\"200\"  style=\"display: inline-block; max-width: 100%; height: auto;\" \/><\/a><\/div><\/div><h3>Ta sytuacja ci\u0105gnie si\u0119 od kilku lat. Wybudowany nied\u0142ugo po wojnie wodoci\u0105g na Ligocie Zabrskiej co jaki\u015b czas szwankuje. By\u0142 nawet rok, w kt\u00f3rym awaria zdarzy\u0142a si\u0119 tam kilkana\u015bcie razy.<\/h3>\n<p>Sie\u0107 wodoci\u0105gowa w rejonie ulic G\u00f3rnik\u00f3w, Ceglarskiej, Klonowej i Cichej nale\u017cy aktualnie do Polskiej Grupy G\u00f3rniczej. Sp\u00f3\u0142ka powsta\u0142a w celu przej\u0119cia maj\u0105tku i zobowi\u0105za\u0144 bankrutuj\u0105cej\u00a0Kompanii W\u0119glowej, kt\u00f3ra by\u0142a wcze\u015bniejszym w\u0142a\u015bcicielem tej infrastruktury.<\/p>\n<p>Jak twierdz\u0105 mieszka\u0144cy dzielnicy, PGG odmawia im remontu sieci, ograniczaj\u0105c si\u0119 jedynie do interwencyjnego usuwania wyciek\u00f3w, poprzez zak\u0142adanie obejm na fragmenty uszkodzonej instalacji. Powoduje to niejednokrotnie, \u017ce awarie pojawiaj\u0105 si\u0119 ponownie w miejscach, w kt\u00f3rych wyst\u0119powa\u0142y ju\u017c wcze\u015bniej.<\/p><div class=\"gliwi-a3-w-tresci-artykulow gliwi-entity-placement\" id=\"gliwi-92728859\"><div class=\"gliwi-adlabel\"><span style=\"font-size: 9px\">REKLAMA<\/span><\/div><div id=\"gliwi-258658402\" style=\"margin-bottom: 30px;margin-left: auto;margin-right: auto;text-align: center;\"><a href=\"https:\/\/ogrodyandersa.pl\/\" target=\"_blank\" aria-label=\"20260415 Ogrody Andersa KUP TERAZ D\"><img loading=\"lazy\" decoding=\"async\" src=\"https:\/\/www.24gliwice.pl\/wiadomosci\/wp-content\/uploads\/2026\/04\/20260415-Ogrody-Andersa-KUP-TERAZ-D.jpg\" alt=\"\"  srcset=\"https:\/\/www.24gliwice.pl\/wiadomosci\/wp-content\/uploads\/2026\/04\/20260415-Ogrody-Andersa-KUP-TERAZ-D.jpg 750w, https:\/\/www.24gliwice.pl\/wiadomosci\/wp-content\/uploads\/2026\/04\/20260415-Ogrody-Andersa-KUP-TERAZ-D-410x109.jpg 410w\" sizes=\"(max-width: 750px) 100vw, 750px\" class=\"no-lazyload\" width=\"750\" height=\"200\"  style=\"display: inline-block; max-width: 100%; height: auto;\" \/><\/a><\/div><\/div>\n<blockquote><p>Ignorancja w\u0142a\u015bciciela sieci jest bulwersuj\u0105ca. W zwi\u0105zku z cz\u0119stotliwo\u015bci\u0105 awarii podj\u0119li\u015bmy konsultacje z prawnikami oraz specjalistami w temacie gospodarki wodnej<\/p><\/blockquote>\n<p>&#8211; informuje <strong>Marcin Ziach<\/strong>, przewodnicz\u0105cy Rady Osiedla Ligota Zabrska.<\/p>\n<p>&#8211; Postanowili\u015bmy podj\u0105\u0107 kroki maj\u0105ce na celu zawiadomienie o patologiach jakie zachodz\u0105 w tej materii na naszym osiedlu Wiceministra Energii odpowiedzialnego za Polsk\u0105 Grup\u0119 G\u00f3rnicz\u0105, Pana <strong>Grzegorza Tobiszowskiego<\/strong>. Pragniemy, by pod pismem do Pana Wiceministra podpisali si\u0119 mieszka\u0144cy Ligoty Zabrskiej. Od jutra tre\u015b\u0107 pisma oraz lista podpis\u00f3w b\u0119dzie dost\u0119pna w sklepie OdiDo przy ul. Ceglarskiej &#8211; pisa\u0142 w poniedzia\u0142ek Ziach na stronie serwisu facebook.<\/p>\n<p>Radny osiedlowy wytyka PGG zbywanie tematu remontu sieci. W pierwszej kolejno\u015bci wskazuje na nieodpowiednie wyposa\u017cenie firmy, kt\u00f3rej sp\u00f3\u0142ka podzleca wykonywanie napraw. &#8211; Aktualnie wyst\u0119puj\u0105ca awaria zostanie usuni\u0119ta dopiero w czwartek, bo wykonawca nie dysponuje do tego czasu minikopark\u0105 &#8211; m\u00f3wi. Nast\u0119pnym wymienionym zaniechaniem jest nieinformowanie mieszka\u0144c\u00f3w o planowanych wy\u0142\u0105czeniach i pozostawianie ich zupe\u0142nie bez dost\u0119pu do wody w razie jej odci\u0119cia na czas wykonania rob\u00f3t.<\/p>\n<blockquote><p>W minionym czasie musieli\u015bmy sami organizowa\u0107 beczkowozy. Raz pom\u00f3g\u0142 nam PWiK, ale przy kolejnym wy\u0142\u0105czeniu cysterny by\u0142y niedost\u0119pne. Uda\u0142o si\u0119 je pozyska\u0107 we wsp\u00f3\u0142pracy z Centrum Zarz\u0105dzania Kryzysowego <\/p><\/blockquote>\n<p>&#8211; m\u00f3wi Ziach.<\/p>\n<p><img loading=\"lazy\" decoding=\"async\" src=\"http:\/\/www.24gliwice.pl\/wiadomosci\/wp-content\/uploads\/2017\/10\/beczkow\u00f3z-e1509459742520.jpg\" alt=\"\" width=\"810\" height=\"456\" class=\"alignnone size-full wp-image-107074\" \/><\/p>\n<h4>Mieszka\u0144cy musz\u0105 poczeka\u0107<\/h4>\n<p>Rzeczniczka prasowa Przedsi\u0119biorstwa Wodoci\u0105g\u00f3w i Kanalizacji, <strong>Anna Wietrzyk<\/strong>, t\u0142umaczy, \u017ce sprawa utkn\u0119\u0142a w miejscu ze wzgl\u0119d\u00f3w niezale\u017cnych od miasta. <\/p>\n<p>&#8211; Sie\u0107 wodoci\u0105gowa w tym rejonie nie jest w\u0142asno\u015bci\u0105 PWiK Gliwice, lecz nale\u017cy do Kompanii W\u0119glowej S.A., w kt\u00f3rej obecnie trwaj\u0105 zmiany strukturalne. W zwi\u0105zku z tym nie dokonuje ona obecnie \u017cadnych czynno\u015bci zwi\u0105zanych z przekazaniem b\u0105d\u017a sprzeda\u017c\u0105 sk\u0142adnik\u00f3w maj\u0105tku. Z przej\u0119ciem przez Gmin\u0119 ww. sieci, a w nast\u0119pstwie przekazaniem ich na stan maj\u0105tkowy PWiK, wi\u0105\u017ce si\u0119 p\u00f3\u017aniejsza konieczno\u015b\u0107 jej wyremontowania (a w praktyce, uwzgl\u0119dniaj\u0105c z\u0142y stan techniczny wodoci\u0105g\u00f3w, konieczno\u015b\u0107 ich wymiany) &#8211; wyja\u015bnia Anna Wietrzyk. <\/p>\n<blockquote><p>Potrzeba remontu dotyczy\u0107 b\u0119dzie r\u00f3wnie\u017c przy\u0142\u0105czy wodoci\u0105gowych do budynk\u00f3w, kt\u00f3re zgodnie z ustaleniami prawnymi aktualnymi na dzie\u0144 dzisiejszy winny by\u0107 wymienione we w\u0142asnym zakresie przez odbiorc\u00f3w wody <\/p><\/blockquote>\n<p>&#8211; dodaje rzeczniczka.<\/p>\n<p>Jak zapewnia Anna Wietrzyk, chocia\u017c z uwagi na wspomniane uwarunkowania formalne wymiana tej sieci nie zosta\u0142a uj\u0119ta w \u00a0\u201eWieloletnim Planie Rozwoju i Modernizacji Urz\u0105dze\u0144 Wodoci\u0105gowych i Kanalizacyjnych na lata 2018-2020\u201d, w przypadku pojawienia si\u0119 mo\u017cliwo\u015bci realizacji tego zadania, b\u0119dzie ono mog\u0142o by\u0107 wprowadzone do \u00a0tego planu jako korekta. Stanie si\u0119 to pod warunkiem, \u017ce pozwol\u0105 na to \u015brodki finansowe PWiK.<\/p>\n<p>***<br \/>\nRedakcja 24gliwice.pl wys\u0142a\u0142a zapytania do Polskiej Grupy G\u00f3rniczej dotycz\u0105ce opisywanej sytuacji. O stanowisku sp\u00f3\u0142ki b\u0119dziemy jeszcze informowa\u0107. <\/p>\n<p>\u017baneta Mrozek-Siewierska<br \/>\nfot. Marcin Ziach, Rada Osiedla Ligota Zabrska<\/p>\n<div class=\"gliwi-a5-na-koncu-artykulow gliwi-entity-placement\" id=\"gliwi-258979498\"><div class=\"gliwi-adlabel\"><span style=\"font-size: 9px\">REKLAMA<\/span><\/div><div id=\"gliwi-285521041\" style=\"margin-left: auto;margin-right: auto;text-align: center;\"><a href=\"https:\/\/www.jasek.pl\/\" target=\"_blank\" aria-label=\"20200401-jasek 600\"><img loading=\"lazy\" decoding=\"async\" src=\"https:\/\/www.24gliwice.pl\/wiadomosci\/wp-content\/uploads\/2020\/04\/20200401-jasek-600.jpg\" alt=\"\"  srcset=\"https:\/\/www.24gliwice.pl\/wiadomosci\/wp-content\/uploads\/2020\/04\/20200401-jasek-600.jpg 600w, https:\/\/www.24gliwice.pl\/wiadomosci\/wp-content\/uploads\/2020\/04\/20200401-jasek-600-410x109.jpg 410w\" sizes=\"(max-width: 600px) 100vw, 600px\" class=\"no-lazyload\" width=\"600\" height=\"160\"  style=\"display: inline-block; max-width: 100%; height: auto;\" \/><\/a><\/div><\/div>","protected":false},"excerpt":{"rendered":"<p>Ta sytuacja ci\u0105gnie si\u0119 od kilku lat. Wybudowany nied\u0142ugo po wojnie wodoci\u0105g na Ligocie Zabrskiej co jaki\u015b czas szwankuje. By\u0142 nawet rok, w kt\u00f3rym awaria zdarzy\u0142a si\u0119 tam kilkana\u015bcie razy. Sie\u0107 wodoci\u0105gowa w rejonie ulic G\u00f3rnik\u00f3w, Ceglarskiej, Klonowej i Cichej nale\u017cy aktualnie do Polskiej Grupy G\u00f3rniczej. Sp\u00f3\u0142ka powsta\u0142a w celu przej\u0119cia maj\u0105tku i zobowi\u0105za\u0144 bankrutuj\u0105cej\u00a0Kompanii [&hellip;]<\/p>\n","protected":false},"author":15,"featured_media":107073,"comment_status":"open","ping_status":"closed","sticky":false,"template":"","format":"standard","meta":{"footnotes":""},"categories":[3,1,9],"tags":[3168,10524,10578,10575,7663,1804,10033,10577,10576,6213],"class_list":["post-107047","post","type-post","status-publish","format-standard","has-post-thumbnail","hentry","category-gliwice","category-wszystko","category-aktualnosci_lokalne","tag-awaria-wodociagu","tag-centrum-zarzadzania-kryzysowego","tag-ligota-zabrska","tag-pgg","tag-polska-grupa-gornicza","tag-pwik","tag-rada-osiedla","tag-spolka-restrukturyzacji-kopaln","tag-srk","tag-wodociagi"],"_links":{"self":[{"href":"https:\/\/www.24gliwice.pl\/wiadomosci\/wp-json\/wp\/v2\/posts\/107047","targetHints":{"allow":["GET"]}}],"collection":[{"href":"https:\/\/www.24gliwice.pl\/wiadomosci\/wp-json\/wp\/v2\/posts"}],"about":[{"href":"https:\/\/www.24gliwice.pl\/wiadomosci\/wp-json\/wp\/v2\/types\/post"}],"author":[{"embeddable":true,"href":"https:\/\/www.24gliwice.pl\/wiadomosci\/wp-json\/wp\/v2\/users\/15"}],"replies":[{"embeddable":true,"href":"https:\/\/www.24gliwice.pl\/wiadomosci\/wp-json\/wp\/v2\/comments?post=107047"}],"version-history":[{"count":0,"href":"https:\/\/www.24gliwice.pl\/wiadomosci\/wp-json\/wp\/v2\/posts\/107047\/revisions"}],"wp:featuredmedia":[{"embeddable":true,"href":"https:\/\/www.24gliwice.pl\/wiadomosci\/wp-json\/wp\/v2\/media\/107073"}],"wp:attachment":[{"href":"https:\/\/www.24gliwice.pl\/wiadomosci\/wp-json\/wp\/v2\/media?parent=107047"}],"wp:term":[{"taxonomy":"category","embeddable":true,"href":"https:\/\/www.24gliwice.pl\/wiadomosci\/wp-json\/wp\/v2\/categories?post=107047"},{"taxonomy":"post_tag","embeddable":true,"href":"https:\/\/www.24gliwice.pl\/wiadomosci\/wp-json\/wp\/v2\/tags?post=107047"}],"curies":[{"name":"wp","href":"https:\/\/api.w.org\/{rel}","templated":true}]}}