{"id":107245,"date":"2017-11-06T11:54:54","date_gmt":"2017-11-06T10:54:54","guid":{"rendered":"http:\/\/www.24gliwice.pl\/wiadomosci\/?p=107245"},"modified":"2017-11-06T12:14:12","modified_gmt":"2017-11-06T11:14:12","slug":"budowa-poludniowej-obwodnicy-wlasnie-sie-zaczyna-postanie-rondo-turbinowe","status":"publish","type":"post","link":"https:\/\/www.24gliwice.pl\/wiadomosci\/budowa-poludniowej-obwodnicy-wlasnie-sie-zaczyna-postanie-rondo-turbinowe\/","title":{"rendered":"Budowa po\u0142udniowej obwodnicy w\u0142a\u015bnie si\u0119 zaczyna. Powstanie rondo turbinowe"},"content":{"rendered":"<div class=\"gliwi-a6-nad-leadem-artykulow gliwi-entity-placement\" id=\"gliwi-3578151714\"><div class=\"gliwi-adlabel\"><span style=\"font-size: 9px\">REKLAMA<\/span><\/div><div id=\"gliwi-3408833046\" style=\"margin-bottom: 30px;margin-left: auto;margin-right: auto;text-align: center;\"><a href=\"https:\/\/przedszkole.halogen.org.pl\/\" target=\"_blank\" aria-label=\"20260402-ANIMATOR-przedszkole_grafika_750x200\"><img loading=\"lazy\" decoding=\"async\" src=\"https:\/\/www.24gliwice.pl\/wiadomosci\/wp-content\/uploads\/2026\/04\/20260402-ANIMATOR-przedszkole_grafika_750x200.webp\" alt=\"\"  srcset=\"https:\/\/www.24gliwice.pl\/wiadomosci\/wp-content\/uploads\/2026\/04\/20260402-ANIMATOR-przedszkole_grafika_750x200.webp 750w, https:\/\/www.24gliwice.pl\/wiadomosci\/wp-content\/uploads\/2026\/04\/20260402-ANIMATOR-przedszkole_grafika_750x200-410x109.webp 410w\" sizes=\"(max-width: 750px) 100vw, 750px\" class=\"no-lazyload\" width=\"750\" height=\"200\"  style=\"display: inline-block; max-width: 100%; height: auto;\" \/><\/a><\/div><\/div><h3>Na tym rondzie nie mo\u017cna zmienia\u0107 pasa ruchu, dlatego w\u0142a\u015bciwy kierunek trzeba b\u0119dzie wybiera\u0107 przed dojazdem do skrzy\u017cowania. W poniedzia\u0142ek rozpocz\u0119\u0142y si\u0119 prace drogowe na Bojkowskiej.<\/h3>\n<p>Jest to pocz\u0105tkowa faza realizacji inwestycji pod nazw\u0105 \u201eBudowa po\u0142udniowej cz\u0119\u015bci obwodnicy miasta, przebudowa i rozbudowa uk\u0142adu drogowego pomi\u0119dzy ul. Bojkowsk\u0105 i Pszczy\u0144sk\u0105 w Gliwicach wraz z infrastruktur\u0105 towarzysz\u0105c\u0105. Etap I. Rozbudowa ul. Bojkowskiej i budowa fragmentu obwodnicy\u201d. <\/p>\n<p>Docelowo w tym miejscu powstanie rondo turbinowe, na kt\u00f3rym organizacja ruchu b\u0119dzie inna, ni\u017c na wi\u0119kszo\u015bci dotychczas istniej\u0105cych tego rodzaju skrzy\u017cowa\u0144 w mie\u015bcie. <\/p><div class=\"gliwi-a3-w-tresci-artykulow gliwi-entity-placement\" id=\"gliwi-3469724593\"><div class=\"gliwi-adlabel\"><span style=\"font-size: 9px\">REKLAMA<\/span><\/div><div id=\"gliwi-2025495850\" style=\"margin-bottom: 30px;margin-left: auto;margin-right: auto;text-align: center;\"><a href=\"https:\/\/zlobek.halogen.org.pl\/\" target=\"_blank\" aria-label=\"animator-zlobek_750x200\"><img loading=\"lazy\" decoding=\"async\" src=\"https:\/\/www.24gliwice.pl\/wiadomosci\/wp-content\/uploads\/2026\/02\/animator-zlobek_750x200.webp\" alt=\"\"  srcset=\"https:\/\/www.24gliwice.pl\/wiadomosci\/wp-content\/uploads\/2026\/02\/animator-zlobek_750x200.webp 750w, https:\/\/www.24gliwice.pl\/wiadomosci\/wp-content\/uploads\/2026\/02\/animator-zlobek_750x200-410x109.webp 410w\" sizes=\"(max-width: 750px) 100vw, 750px\" class=\"no-lazyload\" width=\"750\" height=\"200\"  style=\"display: inline-block; max-width: 100%; height: auto;\" \/><\/a><\/div><\/div>\n<blockquote><p>W ramach prac aktualnie prowadzone jest przygotowanie terenu pod budow\u0119, przebudowa sieci infrastruktury podziemnej, budowa nowych sieci, kanalizacji i o\u015bwietlenia<\/p><\/blockquote>\n<p>&#8211; informuje <strong>Jadwiga Stiborska<\/strong>, rzeczniczka ZDM. <\/p>\n<p>Pocz\u0105tkowo roboty nie spowoduj\u0105 zmian w organizacji ruchu, ani wi\u0119kszych utrudnie\u0144 dla kierowc\u00f3w. Realizacj\u0119 prac przeprowadzi Przedsi\u0119biorstwo Remont\u00f3w Ulic i Most\u00f3w z Gliwic &#8211; wykonawca wy\u0142oniony w przetargu. Szacowany koszt budowy to ok. 6 mln z\u0142.<\/p>\n<p>(\u017cms)\/ZDM Gliwice<\/p>\n<p><iframe loading=\"lazy\" src=\"https:\/\/www.google.com\/maps\/embed?pb=!1m0!4v1509965810854!6m8!1m7!1scdMwmj1Vg7MulxQyHVH0Lg!2m2!1d50.26742289928654!2d18.68885520319148!3f126.45855748034612!4f-0.22246980177700948!5f0.7820865974627469\" width=\"810\" height=\"455\" frameborder=\"0\" style=\"border:0\" allowfullscreen><\/iframe><\/p>\n<div class=\"gliwi-a5-na-koncu-artykulow gliwi-entity-placement\" id=\"gliwi-3838485468\"><div class=\"gliwi-adlabel\"><span style=\"font-size: 9px\">REKLAMA<\/span><\/div><div id=\"gliwi-1876091800\" style=\"margin-left: auto;margin-right: auto;text-align: center;\"><a href=\"https:\/\/prezeroarenagliwice.pl\/\" target=\"_blank\" aria-label=\"20260309-PREZERO-WIOSNA-D\"><img loading=\"lazy\" decoding=\"async\" src=\"https:\/\/www.24gliwice.pl\/wiadomosci\/wp-content\/uploads\/2026\/03\/20260309-PREZERO-WIOSNA-D.webp\" alt=\"\"  srcset=\"https:\/\/www.24gliwice.pl\/wiadomosci\/wp-content\/uploads\/2026\/03\/20260309-PREZERO-WIOSNA-D.webp 750w, https:\/\/www.24gliwice.pl\/wiadomosci\/wp-content\/uploads\/2026\/03\/20260309-PREZERO-WIOSNA-D-410x109.webp 410w\" sizes=\"(max-width: 750px) 100vw, 750px\" class=\"no-lazyload\" width=\"750\" height=\"200\"  style=\"display: inline-block; max-width: 100%; height: auto;\" \/><\/a><\/div><\/div>","protected":false},"excerpt":{"rendered":"<p>Na tym rondzie nie mo\u017cna zmienia\u0107 pasa ruchu, dlatego w\u0142a\u015bciwy kierunek trzeba b\u0119dzie wybiera\u0107 przed dojazdem do skrzy\u017cowania. W poniedzia\u0142ek rozpocz\u0119\u0142y si\u0119 prace drogowe na Bojkowskiej. Jest to pocz\u0105tkowa faza realizacji inwestycji pod nazw\u0105 \u201eBudowa po\u0142udniowej cz\u0119\u015bci obwodnicy miasta, przebudowa i rozbudowa uk\u0142adu drogowego pomi\u0119dzy ul. Bojkowsk\u0105 i Pszczy\u0144sk\u0105 w Gliwicach wraz z infrastruktur\u0105 towarzysz\u0105c\u0105. [&hellip;]<\/p>\n","protected":false},"author":15,"featured_media":107252,"comment_status":"open","ping_status":"closed","sticky":false,"template":"","format":"standard","meta":{"footnotes":""},"categories":[3,1,9],"tags":[5611,10602,369,213,10603,214],"class_list":["post-107245","post","type-post","status-publish","format-standard","has-post-thumbnail","hentry","category-gliwice","category-wszystko","category-aktualnosci_lokalne","tag-bojkowska","tag-poludniowa-obwodnica-miasta","tag-pruim","tag-rondo","tag-rondo-turbinowe","tag-zdm"],"_links":{"self":[{"href":"https:\/\/www.24gliwice.pl\/wiadomosci\/wp-json\/wp\/v2\/posts\/107245","targetHints":{"allow":["GET"]}}],"collection":[{"href":"https:\/\/www.24gliwice.pl\/wiadomosci\/wp-json\/wp\/v2\/posts"}],"about":[{"href":"https:\/\/www.24gliwice.pl\/wiadomosci\/wp-json\/wp\/v2\/types\/post"}],"author":[{"embeddable":true,"href":"https:\/\/www.24gliwice.pl\/wiadomosci\/wp-json\/wp\/v2\/users\/15"}],"replies":[{"embeddable":true,"href":"https:\/\/www.24gliwice.pl\/wiadomosci\/wp-json\/wp\/v2\/comments?post=107245"}],"version-history":[{"count":0,"href":"https:\/\/www.24gliwice.pl\/wiadomosci\/wp-json\/wp\/v2\/posts\/107245\/revisions"}],"wp:featuredmedia":[{"embeddable":true,"href":"https:\/\/www.24gliwice.pl\/wiadomosci\/wp-json\/wp\/v2\/media\/107252"}],"wp:attachment":[{"href":"https:\/\/www.24gliwice.pl\/wiadomosci\/wp-json\/wp\/v2\/media?parent=107245"}],"wp:term":[{"taxonomy":"category","embeddable":true,"href":"https:\/\/www.24gliwice.pl\/wiadomosci\/wp-json\/wp\/v2\/categories?post=107245"},{"taxonomy":"post_tag","embeddable":true,"href":"https:\/\/www.24gliwice.pl\/wiadomosci\/wp-json\/wp\/v2\/tags?post=107245"}],"curies":[{"name":"wp","href":"https:\/\/api.w.org\/{rel}","templated":true}]}}