{"id":107334,"date":"2017-11-07T00:15:07","date_gmt":"2017-11-06T23:15:07","guid":{"rendered":"http:\/\/www.24gliwice.pl\/wiadomosci\/?p=107334"},"modified":"2017-11-08T13:23:25","modified_gmt":"2017-11-08T12:23:25","slug":"uwaga-kierowcy-dwukierunkowa-ul-slowackiego-zamkniety-fragment-ul-dolnej-wsi","status":"publish","type":"post","link":"https:\/\/www.24gliwice.pl\/wiadomosci\/uwaga-kierowcy-dwukierunkowa-ul-slowackiego-zamkniety-fragment-ul-dolnej-wsi\/","title":{"rendered":"Uwaga kierowcy! Dwukierunkowa ul. S\u0142owackiego, zamkni\u0119ty fragment ul. Dolnej Wsi"},"content":{"rendered":"<div class=\"gliwi-a6-nad-leadem-artykulow gliwi-entity-placement\" id=\"gliwi-1825864500\"><div class=\"gliwi-adlabel\"><span style=\"font-size: 9px\">REKLAMA<\/span><\/div><div id=\"gliwi-1697463002\" style=\"margin-bottom: 30px;margin-left: auto;margin-right: auto;text-align: center;\"><a data-no-instant=\"1\" href=\"https:\/\/przedszkole.halogen.org.pl\/\" rel=\"noopener\" class=\"a2t-link\" target=\"_blank\" aria-label=\"20260402-ANIMATOR-przedszkole_grafika_750x200\"><img loading=\"lazy\" decoding=\"async\" src=\"https:\/\/www.24gliwice.pl\/wiadomosci\/wp-content\/uploads\/2026\/04\/20260402-ANIMATOR-przedszkole_grafika_750x200.webp\" alt=\"\"  srcset=\"https:\/\/www.24gliwice.pl\/wiadomosci\/wp-content\/uploads\/2026\/04\/20260402-ANIMATOR-przedszkole_grafika_750x200.webp 750w, https:\/\/www.24gliwice.pl\/wiadomosci\/wp-content\/uploads\/2026\/04\/20260402-ANIMATOR-przedszkole_grafika_750x200-410x109.webp 410w\" sizes=\"(max-width: 750px) 100vw, 750px\" class=\"no-lazyload\" width=\"750\" height=\"200\"  style=\"display: inline-block; max-width: 100%; height: auto;\" \/><\/a><\/div><\/div><h3>Zarz\u0105d Dr\u00f3g Miejskich w Gliwicach informuje o zmianie organizacji ruchu na ulicy Dolnej Wsi. Cz\u0119\u015b\u0107 drogi zostanie zamkni\u0119ta. Na pozosta\u0142ym odcinku oraz na ulicy S\u0142owackiego wprowadzony b\u0119dzie ruch dwukierunkowy.<\/h3>\n<p>Tymczasowe utrudnienia w tym rejonie spowodowane s\u0105 przez budow\u0119 sieci kanalizacji deszczowej. Mo\u017cna si\u0119 ich spodziewa\u0107 od czwartku 9 listopada.<\/p>\n<p>Odcinek ul. Dolnej Wsi, gdzie mie\u015bci si\u0119 Zesp\u00f3\u0142 Szk\u00f3\u0142 im. Janusza Korczaka, ze wzgl\u0119du na zakres rob\u00f3t, zostanie ca\u0142kowicie wy\u0142\u0105czony z ruchu. Od skrzy\u017cowania ulic: Ciupk\u00f3w, Daszy\u0144skiego i S\u0142owackiego. Do miejsca prac mo\u017cliwy b\u0119dzie tylko dojazd dla mieszka\u0144c\u00f3w.<\/p><div class=\"gliwi-a3-w-tresci-artykulow gliwi-entity-placement\" id=\"gliwi-358855205\"><div class=\"gliwi-adlabel\"><span style=\"font-size: 9px\">REKLAMA<\/span><\/div><div id=\"gliwi-3291644627\" style=\"margin-bottom: 30px;margin-left: auto;margin-right: auto;text-align: center;\"><a data-no-instant=\"1\" href=\"https:\/\/zlobek.halogen.org.pl\/\" rel=\"noopener\" class=\"a2t-link\" target=\"_blank\" aria-label=\"animator-zlobek_750x200\"><img loading=\"lazy\" decoding=\"async\" src=\"https:\/\/www.24gliwice.pl\/wiadomosci\/wp-content\/uploads\/2026\/02\/animator-zlobek_750x200.webp\" alt=\"\"  srcset=\"https:\/\/www.24gliwice.pl\/wiadomosci\/wp-content\/uploads\/2026\/02\/animator-zlobek_750x200.webp 750w, https:\/\/www.24gliwice.pl\/wiadomosci\/wp-content\/uploads\/2026\/02\/animator-zlobek_750x200-410x109.webp 410w\" sizes=\"(max-width: 750px) 100vw, 750px\" class=\"no-lazyload\" width=\"750\" height=\"200\"  style=\"display: inline-block; max-width: 100%; height: auto;\" \/><\/a><\/div><\/div>\n<p>Ruch na odcinku ul. Dolnej Wsi, od Zespo\u0142u Szk\u00f3\u0142 im.J.Korczaka do skrzy\u017cowania z ul. Sobieskiego b\u0119dzie odbywa\u0142 si\u0119 w obu kierunkach. Podobnie <strong>na ul. S\u0142owackiego, gdzie wprowadzony zostanie ruch dwukierunkowy<\/strong>, kt\u00f3ry obowi\u0105zywa\u0142 b\u0119dzie na odcinku od skrzy\u017cowania z ul. Ciupk\u00f3w i ul. Daszy\u0144skiego do skrzy\u017cowania z ul. Sobieskiego.<\/p>\n[perfectpullquote align=&#8221;full&#8221; cite=&#8221;&#8221; link=&#8221;&#8221; color=&#8221;&#8221; class=&#8221;&#8221; size=&#8221;&#8221;] T\u0105 drog\u0105 od 9 listopada porusza\u0107 si\u0119 b\u0119d\u0105 tak\u017ce autobusy komunikacji miejskiej, kt\u00f3rych trasa dot\u0105d prowadzi\u0142a ul. Dolnej Wsi. \u00a0 [\/perfectpullquote]\n<p>Wed\u0142ug wst\u0119pnej deklaracji wykonawcy rob\u00f3t, prace zrealizowane zostan\u0105 do ko\u0144ca listopada. Inwestorem prac jest Przedsi\u0119biorstwo Wodoci\u0105g\u00f3w i Kanalizacji w Gliwicach.<br \/>\n(\u017cms)\/ZDM Gliwice<\/p>\n<p>fot. scr. Google Maps<\/p>\n<p><iframe loading=\"lazy\" src=\"https:\/\/www.google.com\/maps\/embed?pb=!1m0!4v1510051264492!6m8!1m7!1sUII6pQ8NsW_PMWBndAImpw!2m2!1d50.28756959508889!2d18.64069504899641!3f86.49514264348433!4f2.0926288400809767!5f0.7820865974627469\" width=\"810\" height=\"455\" frameborder=\"0\" style=\"border:0\" allowfullscreen><\/iframe><\/p>\n<div class=\"gliwi-a5-na-koncu-artykulow gliwi-entity-placement\" id=\"gliwi-823161647\"><div class=\"gliwi-adlabel\"><span style=\"font-size: 9px\">REKLAMA<\/span><\/div><div id=\"gliwi-2399951711\" style=\"margin-left: auto;margin-right: auto;text-align: center;\"><a data-no-instant=\"1\" href=\"https:\/\/prezeroarenagliwice.pl\/\" rel=\"noopener\" class=\"a2t-link\" target=\"_blank\" aria-label=\"20260309-PREZERO-WIOSNA-D\"><img loading=\"lazy\" decoding=\"async\" src=\"https:\/\/www.24gliwice.pl\/wiadomosci\/wp-content\/uploads\/2026\/03\/20260309-PREZERO-WIOSNA-D.webp\" alt=\"\"  srcset=\"https:\/\/www.24gliwice.pl\/wiadomosci\/wp-content\/uploads\/2026\/03\/20260309-PREZERO-WIOSNA-D.webp 750w, https:\/\/www.24gliwice.pl\/wiadomosci\/wp-content\/uploads\/2026\/03\/20260309-PREZERO-WIOSNA-D-410x109.webp 410w\" sizes=\"(max-width: 750px) 100vw, 750px\" class=\"no-lazyload\" width=\"750\" height=\"200\"  style=\"display: inline-block; max-width: 100%; height: auto;\" \/><\/a><\/div><\/div>","protected":false},"excerpt":{"rendered":"<p>Zarz\u0105d Dr\u00f3g Miejskich w Gliwicach informuje o zmianie organizacji ruchu na ulicy Dolnej Wsi. Cz\u0119\u015b\u0107 drogi zostanie zamkni\u0119ta. Na pozosta\u0142ym odcinku oraz na ulicy S\u0142owackiego wprowadzony b\u0119dzie ruch dwukierunkowy. Tymczasowe utrudnienia w tym rejonie spowodowane s\u0105 przez budow\u0119 sieci kanalizacji deszczowej. Mo\u017cna si\u0119 ich spodziewa\u0107 od czwartku 9 listopada. Odcinek ul. Dolnej Wsi, gdzie mie\u015bci [&hellip;]<\/p>\n","protected":false},"author":15,"featured_media":107354,"comment_status":"open","ping_status":"closed","sticky":false,"template":"","format":"standard","meta":{"_monsterinsights_skip_tracking":false,"_monsterinsights_sitenote_active":false,"_monsterinsights_sitenote_note":"","_monsterinsights_sitenote_category":0,"footnotes":"","_links_to":"","_links_to_target":""},"categories":[3,1,9],"tags":[990,7271,10614,10613,214],"class_list":["post-107334","post","type-post","status-publish","format-standard","has-post-thumbnail","hentry","category-gliwice","category-wszystko","category-aktualnosci_lokalne","tag-daszynskiego","tag-dolnej-wsi","tag-ruch-dwukierunkowy","tag-slowackiego","tag-zdm"],"yoast_head":"<!-- This site is optimized with the Yoast SEO plugin v27.5 - https:\/\/yoast.com\/product\/yoast-seo-wordpress\/ -->\n<title>Uwaga kierowcy! Dwukierunkowa ul. S\u0142owackiego, zamkni\u0119ty fragment ul. Dolnej Wsi - 24GLIWICE - Portal Gliwice | codziennie nowe informacje<\/title>\n<meta name=\"robots\" content=\"index, follow, max-snippet:-1, max-image-preview:large, max-video-preview:-1\" \/>\n<link rel=\"canonical\" href=\"https:\/\/www.24gliwice.pl\/wiadomosci\/uwaga-kierowcy-dwukierunkowa-ul-slowackiego-zamkniety-fragment-ul-dolnej-wsi\/\" \/>\n<meta property=\"og:locale\" content=\"pl_PL\" \/>\n<meta property=\"og:type\" content=\"article\" \/>\n<meta property=\"og:title\" content=\"Uwaga kierowcy! Dwukierunkowa ul. S\u0142owackiego, zamkni\u0119ty fragment ul. Dolnej Wsi - 24GLIWICE - Portal Gliwice | codziennie nowe informacje\" \/>\n<meta property=\"og:description\" content=\"Zarz\u0105d Dr\u00f3g Miejskich w Gliwicach informuje o zmianie organizacji ruchu na ulicy Dolnej Wsi. Cz\u0119\u015b\u0107 drogi zostanie zamkni\u0119ta. Na pozosta\u0142ym odcinku oraz na ulicy S\u0142owackiego wprowadzony b\u0119dzie ruch dwukierunkowy. Tymczasowe utrudnienia w tym rejonie spowodowane s\u0105 przez budow\u0119 sieci kanalizacji deszczowej. Mo\u017cna si\u0119 ich spodziewa\u0107 od czwartku 9 listopada. Odcinek ul. Dolnej Wsi, gdzie mie\u015bci [&hellip;]\" \/>\n<meta property=\"og:url\" content=\"https:\/\/www.24gliwice.pl\/wiadomosci\/uwaga-kierowcy-dwukierunkowa-ul-slowackiego-zamkniety-fragment-ul-dolnej-wsi\/\" \/>\n<meta property=\"og:site_name\" content=\"24GLIWICE - Portal Gliwice | codziennie nowe informacje\" \/>\n<meta property=\"article:publisher\" content=\"https:\/\/www.facebook.com\/24gliwice\" \/>\n<meta property=\"article:published_time\" content=\"2017-11-06T23:15:07+00:00\" \/>\n<meta property=\"article:modified_time\" content=\"2017-11-08T12:23:25+00:00\" \/>\n<meta property=\"og:image\" content=\"https:\/\/www.24gliwice.pl\/wiadomosci\/wp-content\/uploads\/2017\/11\/dolnej-wsi-e1510051086937-1.jpg\" \/>\n\t<meta property=\"og:image:width\" content=\"810\" \/>\n\t<meta property=\"og:image:height\" content=\"456\" \/>\n\t<meta property=\"og:image:type\" content=\"image\/jpeg\" \/>\n<meta name=\"author\" content=\"\u017baneta Mrozek-Siewierska\" \/>\n<meta name=\"twitter:card\" content=\"summary_large_image\" \/>\n<meta name=\"twitter:creator\" content=\"@24gliwice\" \/>\n<meta name=\"twitter:site\" content=\"@24gliwice\" \/>\n<meta name=\"twitter:label1\" content=\"Napisane przez\" \/>\n\t<meta name=\"twitter:data1\" content=\"\u017baneta Mrozek-Siewierska\" \/>\n\t<meta name=\"twitter:label2\" content=\"Szacowany czas czytania\" \/>\n\t<meta name=\"twitter:data2\" content=\"1 minuta\" \/>\n<script type=\"application\/ld+json\" class=\"yoast-schema-graph\">{\"@context\":\"https:\\\/\\\/schema.org\",\"@graph\":[{\"@type\":\"Article\",\"@id\":\"https:\\\/\\\/www.24gliwice.pl\\\/wiadomosci\\\/uwaga-kierowcy-dwukierunkowa-ul-slowackiego-zamkniety-fragment-ul-dolnej-wsi\\\/#article\",\"isPartOf\":{\"@id\":\"https:\\\/\\\/www.24gliwice.pl\\\/wiadomosci\\\/uwaga-kierowcy-dwukierunkowa-ul-slowackiego-zamkniety-fragment-ul-dolnej-wsi\\\/\"},\"author\":{\"name\":\"\u017baneta Mrozek-Siewierska\",\"@id\":\"https:\\\/\\\/www.24gliwice.pl\\\/wiadomosci\\\/#\\\/schema\\\/person\\\/e42c650edd7f2fa332be3811fb166b6e\"},\"headline\":\"Uwaga kierowcy! Dwukierunkowa ul. S\u0142owackiego, zamkni\u0119ty fragment ul. Dolnej Wsi\",\"datePublished\":\"2017-11-06T23:15:07+00:00\",\"dateModified\":\"2017-11-08T12:23:25+00:00\",\"mainEntityOfPage\":{\"@id\":\"https:\\\/\\\/www.24gliwice.pl\\\/wiadomosci\\\/uwaga-kierowcy-dwukierunkowa-ul-slowackiego-zamkniety-fragment-ul-dolnej-wsi\\\/\"},\"wordCount\":245,\"commentCount\":0,\"publisher\":{\"@id\":\"https:\\\/\\\/www.24gliwice.pl\\\/wiadomosci\\\/#organization\"},\"image\":{\"@id\":\"https:\\\/\\\/www.24gliwice.pl\\\/wiadomosci\\\/uwaga-kierowcy-dwukierunkowa-ul-slowackiego-zamkniety-fragment-ul-dolnej-wsi\\\/#primaryimage\"},\"thumbnailUrl\":\"https:\\\/\\\/www.24gliwice.pl\\\/wiadomosci\\\/wp-content\\\/uploads\\\/2017\\\/11\\\/dolnej-wsi-e1510051086937-1.jpg\",\"keywords\":[\"DASZY\u0143SKIEGO\",\"dolnej wsi\",\"ruch dwukierunkowy\",\"s\u0142owackiego\",\"ZDM\"],\"articleSection\":[\"Gliwice\",\"Najnowsze wiadomo\u015bci\",\"Portal Gliwice - Wiadomo\u015bci lokalne\"],\"inLanguage\":\"pl-PL\",\"potentialAction\":[{\"@type\":\"CommentAction\",\"name\":\"Comment\",\"target\":[\"https:\\\/\\\/www.24gliwice.pl\\\/wiadomosci\\\/uwaga-kierowcy-dwukierunkowa-ul-slowackiego-zamkniety-fragment-ul-dolnej-wsi\\\/#respond\"]}]},{\"@type\":\"WebPage\",\"@id\":\"https:\\\/\\\/www.24gliwice.pl\\\/wiadomosci\\\/uwaga-kierowcy-dwukierunkowa-ul-slowackiego-zamkniety-fragment-ul-dolnej-wsi\\\/\",\"url\":\"https:\\\/\\\/www.24gliwice.pl\\\/wiadomosci\\\/uwaga-kierowcy-dwukierunkowa-ul-slowackiego-zamkniety-fragment-ul-dolnej-wsi\\\/\",\"name\":\"Uwaga kierowcy! Dwukierunkowa ul. S\u0142owackiego, zamkni\u0119ty fragment ul. Dolnej Wsi - 24GLIWICE - Portal Gliwice | codziennie nowe informacje\",\"isPartOf\":{\"@id\":\"https:\\\/\\\/www.24gliwice.pl\\\/wiadomosci\\\/#website\"},\"primaryImageOfPage\":{\"@id\":\"https:\\\/\\\/www.24gliwice.pl\\\/wiadomosci\\\/uwaga-kierowcy-dwukierunkowa-ul-slowackiego-zamkniety-fragment-ul-dolnej-wsi\\\/#primaryimage\"},\"image\":{\"@id\":\"https:\\\/\\\/www.24gliwice.pl\\\/wiadomosci\\\/uwaga-kierowcy-dwukierunkowa-ul-slowackiego-zamkniety-fragment-ul-dolnej-wsi\\\/#primaryimage\"},\"thumbnailUrl\":\"https:\\\/\\\/www.24gliwice.pl\\\/wiadomosci\\\/wp-content\\\/uploads\\\/2017\\\/11\\\/dolnej-wsi-e1510051086937-1.jpg\",\"datePublished\":\"2017-11-06T23:15:07+00:00\",\"dateModified\":\"2017-11-08T12:23:25+00:00\",\"breadcrumb\":{\"@id\":\"https:\\\/\\\/www.24gliwice.pl\\\/wiadomosci\\\/uwaga-kierowcy-dwukierunkowa-ul-slowackiego-zamkniety-fragment-ul-dolnej-wsi\\\/#breadcrumb\"},\"inLanguage\":\"pl-PL\",\"potentialAction\":[{\"@type\":\"ReadAction\",\"target\":[\"https:\\\/\\\/www.24gliwice.pl\\\/wiadomosci\\\/uwaga-kierowcy-dwukierunkowa-ul-slowackiego-zamkniety-fragment-ul-dolnej-wsi\\\/\"]}]},{\"@type\":\"ImageObject\",\"inLanguage\":\"pl-PL\",\"@id\":\"https:\\\/\\\/www.24gliwice.pl\\\/wiadomosci\\\/uwaga-kierowcy-dwukierunkowa-ul-slowackiego-zamkniety-fragment-ul-dolnej-wsi\\\/#primaryimage\",\"url\":\"https:\\\/\\\/www.24gliwice.pl\\\/wiadomosci\\\/wp-content\\\/uploads\\\/2017\\\/11\\\/dolnej-wsi-e1510051086937-1.jpg\",\"contentUrl\":\"https:\\\/\\\/www.24gliwice.pl\\\/wiadomosci\\\/wp-content\\\/uploads\\\/2017\\\/11\\\/dolnej-wsi-e1510051086937-1.jpg\",\"width\":810,\"height\":456,\"caption\":\"fot. scr. Google Maps\"},{\"@type\":\"BreadcrumbList\",\"@id\":\"https:\\\/\\\/www.24gliwice.pl\\\/wiadomosci\\\/uwaga-kierowcy-dwukierunkowa-ul-slowackiego-zamkniety-fragment-ul-dolnej-wsi\\\/#breadcrumb\",\"itemListElement\":[{\"@type\":\"ListItem\",\"position\":1,\"name\":\"Strona g\u0142\u00f3wna\",\"item\":\"https:\\\/\\\/www.24gliwice.pl\\\/wiadomosci\\\/\"},{\"@type\":\"ListItem\",\"position\":2,\"name\":\"Uwaga kierowcy! Dwukierunkowa ul. S\u0142owackiego, zamkni\u0119ty fragment ul. Dolnej Wsi\"}]},{\"@type\":\"WebSite\",\"@id\":\"https:\\\/\\\/www.24gliwice.pl\\\/wiadomosci\\\/#website\",\"url\":\"https:\\\/\\\/www.24gliwice.pl\\\/wiadomosci\\\/\",\"name\":\"24GLIWICE - Portal Gliwice | codziennie nowe wiadomo\u015bci\",\"description\":\"Portal Miejski Gliwice\",\"publisher\":{\"@id\":\"https:\\\/\\\/www.24gliwice.pl\\\/wiadomosci\\\/#organization\"},\"potentialAction\":[{\"@type\":\"SearchAction\",\"target\":{\"@type\":\"EntryPoint\",\"urlTemplate\":\"https:\\\/\\\/www.24gliwice.pl\\\/wiadomosci\\\/?s={search_term_string}\"},\"query-input\":{\"@type\":\"PropertyValueSpecification\",\"valueRequired\":true,\"valueName\":\"search_term_string\"}}],\"inLanguage\":\"pl-PL\"},{\"@type\":\"Organization\",\"@id\":\"https:\\\/\\\/www.24gliwice.pl\\\/wiadomosci\\\/#organization\",\"name\":\"24gliwice\",\"url\":\"https:\\\/\\\/www.24gliwice.pl\\\/wiadomosci\\\/\",\"logo\":{\"@type\":\"ImageObject\",\"inLanguage\":\"pl-PL\",\"@id\":\"https:\\\/\\\/www.24gliwice.pl\\\/wiadomosci\\\/#\\\/schema\\\/logo\\\/image\\\/\",\"url\":\"https:\\\/\\\/www.24gliwice.pl\\\/wiadomosci\\\/wp-content\\\/uploads\\\/2024\\\/10\\\/24gliwice-logo-696.jpg\",\"contentUrl\":\"https:\\\/\\\/www.24gliwice.pl\\\/wiadomosci\\\/wp-content\\\/uploads\\\/2024\\\/10\\\/24gliwice-logo-696.jpg\",\"width\":696,\"height\":696,\"caption\":\"24gliwice\"},\"image\":{\"@id\":\"https:\\\/\\\/www.24gliwice.pl\\\/wiadomosci\\\/#\\\/schema\\\/logo\\\/image\\\/\"},\"sameAs\":[\"https:\\\/\\\/www.facebook.com\\\/24gliwice\",\"https:\\\/\\\/x.com\\\/24gliwice\",\"https:\\\/\\\/www.youtube.com\\\/@24gliwice\"]},{\"@type\":\"Person\",\"@id\":\"https:\\\/\\\/www.24gliwice.pl\\\/wiadomosci\\\/#\\\/schema\\\/person\\\/e42c650edd7f2fa332be3811fb166b6e\",\"name\":\"\u017baneta Mrozek-Siewierska\",\"image\":{\"@type\":\"ImageObject\",\"inLanguage\":\"pl-PL\",\"@id\":\"https:\\\/\\\/secure.gravatar.com\\\/avatar\\\/1881429e9c64597c77ad7aef2d0a19be69a3253e57534d16aa15bf3a4d34a0a3?s=96&d=mm&r=g\",\"url\":\"https:\\\/\\\/secure.gravatar.com\\\/avatar\\\/1881429e9c64597c77ad7aef2d0a19be69a3253e57534d16aa15bf3a4d34a0a3?s=96&d=mm&r=g\",\"contentUrl\":\"https:\\\/\\\/secure.gravatar.com\\\/avatar\\\/1881429e9c64597c77ad7aef2d0a19be69a3253e57534d16aa15bf3a4d34a0a3?s=96&d=mm&r=g\",\"caption\":\"\u017baneta Mrozek-Siewierska\"},\"url\":\"https:\\\/\\\/www.24gliwice.pl\\\/wiadomosci\\\/author\\\/zms\\\/\"}]}<\/script>\n<!-- \/ Yoast SEO plugin. -->","yoast_head_json":{"title":"Uwaga kierowcy! Dwukierunkowa ul. S\u0142owackiego, zamkni\u0119ty fragment ul. Dolnej Wsi - 24GLIWICE - Portal Gliwice | codziennie nowe informacje","robots":{"index":"index","follow":"follow","max-snippet":"max-snippet:-1","max-image-preview":"max-image-preview:large","max-video-preview":"max-video-preview:-1"},"canonical":"https:\/\/www.24gliwice.pl\/wiadomosci\/uwaga-kierowcy-dwukierunkowa-ul-slowackiego-zamkniety-fragment-ul-dolnej-wsi\/","og_locale":"pl_PL","og_type":"article","og_title":"Uwaga kierowcy! Dwukierunkowa ul. S\u0142owackiego, zamkni\u0119ty fragment ul. Dolnej Wsi - 24GLIWICE - Portal Gliwice | codziennie nowe informacje","og_description":"Zarz\u0105d Dr\u00f3g Miejskich w Gliwicach informuje o zmianie organizacji ruchu na ulicy Dolnej Wsi. Cz\u0119\u015b\u0107 drogi zostanie zamkni\u0119ta. Na pozosta\u0142ym odcinku oraz na ulicy S\u0142owackiego wprowadzony b\u0119dzie ruch dwukierunkowy. Tymczasowe utrudnienia w tym rejonie spowodowane s\u0105 przez budow\u0119 sieci kanalizacji deszczowej. Mo\u017cna si\u0119 ich spodziewa\u0107 od czwartku 9 listopada. Odcinek ul. Dolnej Wsi, gdzie mie\u015bci [&hellip;]","og_url":"https:\/\/www.24gliwice.pl\/wiadomosci\/uwaga-kierowcy-dwukierunkowa-ul-slowackiego-zamkniety-fragment-ul-dolnej-wsi\/","og_site_name":"24GLIWICE - Portal Gliwice | codziennie nowe informacje","article_publisher":"https:\/\/www.facebook.com\/24gliwice","article_published_time":"2017-11-06T23:15:07+00:00","article_modified_time":"2017-11-08T12:23:25+00:00","og_image":[{"width":810,"height":456,"url":"https:\/\/www.24gliwice.pl\/wiadomosci\/wp-content\/uploads\/2017\/11\/dolnej-wsi-e1510051086937-1.jpg","type":"image\/jpeg"}],"author":"\u017baneta Mrozek-Siewierska","twitter_card":"summary_large_image","twitter_creator":"@24gliwice","twitter_site":"@24gliwice","twitter_misc":{"Napisane przez":"\u017baneta Mrozek-Siewierska","Szacowany czas czytania":"1 minuta"},"schema":{"@context":"https:\/\/schema.org","@graph":[{"@type":"Article","@id":"https:\/\/www.24gliwice.pl\/wiadomosci\/uwaga-kierowcy-dwukierunkowa-ul-slowackiego-zamkniety-fragment-ul-dolnej-wsi\/#article","isPartOf":{"@id":"https:\/\/www.24gliwice.pl\/wiadomosci\/uwaga-kierowcy-dwukierunkowa-ul-slowackiego-zamkniety-fragment-ul-dolnej-wsi\/"},"author":{"name":"\u017baneta Mrozek-Siewierska","@id":"https:\/\/www.24gliwice.pl\/wiadomosci\/#\/schema\/person\/e42c650edd7f2fa332be3811fb166b6e"},"headline":"Uwaga kierowcy! Dwukierunkowa ul. S\u0142owackiego, zamkni\u0119ty fragment ul. Dolnej Wsi","datePublished":"2017-11-06T23:15:07+00:00","dateModified":"2017-11-08T12:23:25+00:00","mainEntityOfPage":{"@id":"https:\/\/www.24gliwice.pl\/wiadomosci\/uwaga-kierowcy-dwukierunkowa-ul-slowackiego-zamkniety-fragment-ul-dolnej-wsi\/"},"wordCount":245,"commentCount":0,"publisher":{"@id":"https:\/\/www.24gliwice.pl\/wiadomosci\/#organization"},"image":{"@id":"https:\/\/www.24gliwice.pl\/wiadomosci\/uwaga-kierowcy-dwukierunkowa-ul-slowackiego-zamkniety-fragment-ul-dolnej-wsi\/#primaryimage"},"thumbnailUrl":"https:\/\/www.24gliwice.pl\/wiadomosci\/wp-content\/uploads\/2017\/11\/dolnej-wsi-e1510051086937-1.jpg","keywords":["DASZY\u0143SKIEGO","dolnej wsi","ruch dwukierunkowy","s\u0142owackiego","ZDM"],"articleSection":["Gliwice","Najnowsze wiadomo\u015bci","Portal Gliwice - Wiadomo\u015bci lokalne"],"inLanguage":"pl-PL","potentialAction":[{"@type":"CommentAction","name":"Comment","target":["https:\/\/www.24gliwice.pl\/wiadomosci\/uwaga-kierowcy-dwukierunkowa-ul-slowackiego-zamkniety-fragment-ul-dolnej-wsi\/#respond"]}]},{"@type":"WebPage","@id":"https:\/\/www.24gliwice.pl\/wiadomosci\/uwaga-kierowcy-dwukierunkowa-ul-slowackiego-zamkniety-fragment-ul-dolnej-wsi\/","url":"https:\/\/www.24gliwice.pl\/wiadomosci\/uwaga-kierowcy-dwukierunkowa-ul-slowackiego-zamkniety-fragment-ul-dolnej-wsi\/","name":"Uwaga kierowcy! Dwukierunkowa ul. S\u0142owackiego, zamkni\u0119ty fragment ul. Dolnej Wsi - 24GLIWICE - Portal Gliwice | codziennie nowe informacje","isPartOf":{"@id":"https:\/\/www.24gliwice.pl\/wiadomosci\/#website"},"primaryImageOfPage":{"@id":"https:\/\/www.24gliwice.pl\/wiadomosci\/uwaga-kierowcy-dwukierunkowa-ul-slowackiego-zamkniety-fragment-ul-dolnej-wsi\/#primaryimage"},"image":{"@id":"https:\/\/www.24gliwice.pl\/wiadomosci\/uwaga-kierowcy-dwukierunkowa-ul-slowackiego-zamkniety-fragment-ul-dolnej-wsi\/#primaryimage"},"thumbnailUrl":"https:\/\/www.24gliwice.pl\/wiadomosci\/wp-content\/uploads\/2017\/11\/dolnej-wsi-e1510051086937-1.jpg","datePublished":"2017-11-06T23:15:07+00:00","dateModified":"2017-11-08T12:23:25+00:00","breadcrumb":{"@id":"https:\/\/www.24gliwice.pl\/wiadomosci\/uwaga-kierowcy-dwukierunkowa-ul-slowackiego-zamkniety-fragment-ul-dolnej-wsi\/#breadcrumb"},"inLanguage":"pl-PL","potentialAction":[{"@type":"ReadAction","target":["https:\/\/www.24gliwice.pl\/wiadomosci\/uwaga-kierowcy-dwukierunkowa-ul-slowackiego-zamkniety-fragment-ul-dolnej-wsi\/"]}]},{"@type":"ImageObject","inLanguage":"pl-PL","@id":"https:\/\/www.24gliwice.pl\/wiadomosci\/uwaga-kierowcy-dwukierunkowa-ul-slowackiego-zamkniety-fragment-ul-dolnej-wsi\/#primaryimage","url":"https:\/\/www.24gliwice.pl\/wiadomosci\/wp-content\/uploads\/2017\/11\/dolnej-wsi-e1510051086937-1.jpg","contentUrl":"https:\/\/www.24gliwice.pl\/wiadomosci\/wp-content\/uploads\/2017\/11\/dolnej-wsi-e1510051086937-1.jpg","width":810,"height":456,"caption":"fot. scr. Google Maps"},{"@type":"BreadcrumbList","@id":"https:\/\/www.24gliwice.pl\/wiadomosci\/uwaga-kierowcy-dwukierunkowa-ul-slowackiego-zamkniety-fragment-ul-dolnej-wsi\/#breadcrumb","itemListElement":[{"@type":"ListItem","position":1,"name":"Strona g\u0142\u00f3wna","item":"https:\/\/www.24gliwice.pl\/wiadomosci\/"},{"@type":"ListItem","position":2,"name":"Uwaga kierowcy! Dwukierunkowa ul. S\u0142owackiego, zamkni\u0119ty fragment ul. Dolnej Wsi"}]},{"@type":"WebSite","@id":"https:\/\/www.24gliwice.pl\/wiadomosci\/#website","url":"https:\/\/www.24gliwice.pl\/wiadomosci\/","name":"24GLIWICE - Portal Gliwice | codziennie nowe wiadomo\u015bci","description":"Portal Miejski Gliwice","publisher":{"@id":"https:\/\/www.24gliwice.pl\/wiadomosci\/#organization"},"potentialAction":[{"@type":"SearchAction","target":{"@type":"EntryPoint","urlTemplate":"https:\/\/www.24gliwice.pl\/wiadomosci\/?s={search_term_string}"},"query-input":{"@type":"PropertyValueSpecification","valueRequired":true,"valueName":"search_term_string"}}],"inLanguage":"pl-PL"},{"@type":"Organization","@id":"https:\/\/www.24gliwice.pl\/wiadomosci\/#organization","name":"24gliwice","url":"https:\/\/www.24gliwice.pl\/wiadomosci\/","logo":{"@type":"ImageObject","inLanguage":"pl-PL","@id":"https:\/\/www.24gliwice.pl\/wiadomosci\/#\/schema\/logo\/image\/","url":"https:\/\/www.24gliwice.pl\/wiadomosci\/wp-content\/uploads\/2024\/10\/24gliwice-logo-696.jpg","contentUrl":"https:\/\/www.24gliwice.pl\/wiadomosci\/wp-content\/uploads\/2024\/10\/24gliwice-logo-696.jpg","width":696,"height":696,"caption":"24gliwice"},"image":{"@id":"https:\/\/www.24gliwice.pl\/wiadomosci\/#\/schema\/logo\/image\/"},"sameAs":["https:\/\/www.facebook.com\/24gliwice","https:\/\/x.com\/24gliwice","https:\/\/www.youtube.com\/@24gliwice"]},{"@type":"Person","@id":"https:\/\/www.24gliwice.pl\/wiadomosci\/#\/schema\/person\/e42c650edd7f2fa332be3811fb166b6e","name":"\u017baneta Mrozek-Siewierska","image":{"@type":"ImageObject","inLanguage":"pl-PL","@id":"https:\/\/secure.gravatar.com\/avatar\/1881429e9c64597c77ad7aef2d0a19be69a3253e57534d16aa15bf3a4d34a0a3?s=96&d=mm&r=g","url":"https:\/\/secure.gravatar.com\/avatar\/1881429e9c64597c77ad7aef2d0a19be69a3253e57534d16aa15bf3a4d34a0a3?s=96&d=mm&r=g","contentUrl":"https:\/\/secure.gravatar.com\/avatar\/1881429e9c64597c77ad7aef2d0a19be69a3253e57534d16aa15bf3a4d34a0a3?s=96&d=mm&r=g","caption":"\u017baneta Mrozek-Siewierska"},"url":"https:\/\/www.24gliwice.pl\/wiadomosci\/author\/zms\/"}]}},"_links":{"self":[{"href":"https:\/\/www.24gliwice.pl\/wiadomosci\/wp-json\/wp\/v2\/posts\/107334","targetHints":{"allow":["GET"]}}],"collection":[{"href":"https:\/\/www.24gliwice.pl\/wiadomosci\/wp-json\/wp\/v2\/posts"}],"about":[{"href":"https:\/\/www.24gliwice.pl\/wiadomosci\/wp-json\/wp\/v2\/types\/post"}],"author":[{"embeddable":true,"href":"https:\/\/www.24gliwice.pl\/wiadomosci\/wp-json\/wp\/v2\/users\/15"}],"replies":[{"embeddable":true,"href":"https:\/\/www.24gliwice.pl\/wiadomosci\/wp-json\/wp\/v2\/comments?post=107334"}],"version-history":[{"count":0,"href":"https:\/\/www.24gliwice.pl\/wiadomosci\/wp-json\/wp\/v2\/posts\/107334\/revisions"}],"wp:featuredmedia":[{"embeddable":true,"href":"https:\/\/www.24gliwice.pl\/wiadomosci\/wp-json\/wp\/v2\/media\/107354"}],"wp:attachment":[{"href":"https:\/\/www.24gliwice.pl\/wiadomosci\/wp-json\/wp\/v2\/media?parent=107334"}],"wp:term":[{"taxonomy":"category","embeddable":true,"href":"https:\/\/www.24gliwice.pl\/wiadomosci\/wp-json\/wp\/v2\/categories?post=107334"},{"taxonomy":"post_tag","embeddable":true,"href":"https:\/\/www.24gliwice.pl\/wiadomosci\/wp-json\/wp\/v2\/tags?post=107334"}],"curies":[{"name":"wp","href":"https:\/\/api.w.org\/{rel}","templated":true}]}}