{"id":107356,"date":"2017-11-16T17:35:55","date_gmt":"2017-11-16T16:35:55","guid":{"rendered":"http:\/\/www.24gliwice.pl\/wiadomosci\/?p=107356"},"modified":"2017-11-16T17:35:55","modified_gmt":"2017-11-16T16:35:55","slug":"latarnie-w-gliwicach-swieca-teraz-dluzej-niz-w-ubieglym-roku-lacznie-20-minut-poprawilo-bezpieczenstwo","status":"publish","type":"post","link":"https:\/\/www.24gliwice.pl\/wiadomosci\/latarnie-w-gliwicach-swieca-teraz-dluzej-niz-w-ubieglym-roku-lacznie-20-minut-poprawilo-bezpieczenstwo\/","title":{"rendered":"Latarnie w Gliwicach \u015bwiec\u0105 teraz d\u0142u\u017cej ni\u017c w ubieg\u0142ym roku. \u0141\u0105cznie 20 minut poprawi\u0142o bezpiecze\u0144stwo"},"content":{"rendered":"<div class=\"gliwi-a6-nad-leadem-artykulow gliwi-entity-placement\" id=\"gliwi-4169894706\"><div class=\"gliwi-adlabel\"><span style=\"font-size: 9px\">REKLAMA<\/span><\/div><div id=\"gliwi-418616343\" style=\"margin-bottom: 25px;margin-left: auto;margin-right: auto;text-align: center;\"><a data-no-instant=\"1\" href=\"https:\/\/dom100.eu\/\" rel=\"noopener\" class=\"a2t-link\" target=\"_blank\" aria-label=\"20260415 DOM100 D\"><img loading=\"lazy\" decoding=\"async\" src=\"https:\/\/www.24gliwice.pl\/wiadomosci\/wp-content\/uploads\/2026\/04\/20260415-DOM100-D.jpg\" alt=\"\"  srcset=\"https:\/\/www.24gliwice.pl\/wiadomosci\/wp-content\/uploads\/2026\/04\/20260415-DOM100-D.jpg 750w, https:\/\/www.24gliwice.pl\/wiadomosci\/wp-content\/uploads\/2026\/04\/20260415-DOM100-D-410x109.jpg 410w\" sizes=\"(max-width: 750px) 100vw, 750px\" class=\"no-lazyload\" width=\"750\" height=\"200\"  style=\"display: inline-block; max-width: 100%; height: auto;\" \/><\/a><\/div><\/div><h3>W ubieg\u0142ych latach pisali\u015bmy o <a href=\"http:\/\/www.24gliwice.pl\/wiadomosci\/latarnie-wylaczone-a-na-ulicach-ciemnosci-zdenerwowani-mieszkancy-jakas-masakra\/\" rel=\"noopener\" target=\"_blank\">ciemno\u015bciach<\/a>, jakie w sezonie jesienno-zimowym zapada\u0142y w Gliwicach tu\u017c po zachodzie s\u0142o\u0144ca oraz po wy\u0142\u0105czeniu latarni przed \u015bwitem. Sytuacja si\u0119 poprawi\u0142a.<\/h3>\n<p>Niebezpiecze\u0144stwo, jakie stwarza\u0142y ciemno\u015bci zwi\u0105zane ze zbyt wczesnym wy\u0142\u0105czaniem i zbyt p\u00f3\u017anym w\u0142\u0105czaniem o\u015bwietlenia ulicznego, dawa\u0142o si\u0119 we znaki g\u0142\u00f3wnie pieszym i kierowcom. Mo\u017cliwo\u015b\u0107 dostrze\u017cenia cz\u0142owieka na przej\u015bciu dla pieszych przy z\u0142ych warunkach atmosferycznych by\u0142o bardzo ograniczona.<\/p>\n<p>Jeszcze w ubieg\u0142ym roku w okresie jesieni i zimy autonomiczne zegary uruchamia\u0142y b\u0105d\u017a wygasza\u0142y latarnie zgodnie ze wschodem i zachodem s\u0142o\u0144ca. Nie rozwi\u0105za\u0142o to jednak problemu przej\u015bciowych ciemno\u015bci. Przez kilka minut mieszka\u0144cy Gliwic musieli porusza\u0107 si\u0119 z zachowaniem szczeg\u00f3lnej ostro\u017cno\u015bci. Teraz sytuacja zmieni\u0142a si\u0119 na lepsze.<\/p><div class=\"gliwi-a3-w-tresci-artykulow gliwi-entity-placement\" id=\"gliwi-2140942728\"><div class=\"gliwi-adlabel\"><span style=\"font-size: 9px\">REKLAMA<\/span><\/div><div id=\"gliwi-381372550\" style=\"margin-bottom: 30px;margin-left: auto;margin-right: auto;text-align: center;\"><a data-no-instant=\"1\" href=\"https:\/\/zlobek.halogen.org.pl\/\" rel=\"noopener\" class=\"a2t-link\" target=\"_blank\" aria-label=\"animator-zlobek_750x200\"><img loading=\"lazy\" decoding=\"async\" src=\"https:\/\/www.24gliwice.pl\/wiadomosci\/wp-content\/uploads\/2026\/02\/animator-zlobek_750x200.webp\" alt=\"\"  srcset=\"https:\/\/www.24gliwice.pl\/wiadomosci\/wp-content\/uploads\/2026\/02\/animator-zlobek_750x200.webp 750w, https:\/\/www.24gliwice.pl\/wiadomosci\/wp-content\/uploads\/2026\/02\/animator-zlobek_750x200-410x109.webp 410w\" sizes=\"(max-width: 750px) 100vw, 750px\" class=\"no-lazyload\" width=\"750\" height=\"200\"  style=\"display: inline-block; max-width: 100%; height: auto;\" \/><\/a><\/div><\/div>\n<p>&#8211; Ze wzgl\u0119d\u00f3w bezpiecze\u0144stwa, co roku w okresie jesienno-zimowym, Wydzia\u0142 zleca firmom zajmuj\u0105cym si\u0119 konserwacj\u0105 i eksploatacj\u0105 o\u015bwietlenia ulicznego na terenie Gliwic przestawienie ustawie\u0144 zegar\u00f3w w celu wyd\u0142u\u017cenia czasu \u015bwiecenia opraw &#8211; wyja\u015bnia <strong>Mariola Pendzia\u0142ek<\/strong>, naczelnik Wydzia\u0142u Przedsi\u0119wzi\u0119\u0107 Gospodarczych i Us\u0142ug Komunalnych.<\/p>\n[perfectpullquote align=&#8221;full&#8221; cite=&#8221;&#8221; link=&#8221;&#8221; color=&#8221;&#8221; class=&#8221;&#8221; size=&#8221;&#8221;]W tym roku zmiana godzin \u015bwiecenia nast\u0105pi\u0142a 16 pa\u017adziernika i potrwa do 28 lutego 2018 roku. Zgodnie z nowym ustawieniem w\u0142\u0105czanie o\u015bwietlenia ulicznego nast\u0119puje 10 min przed zachodem s\u0142o\u0144ca, a wy\u0142\u0105czanie &#8211; 10 min po wschodzie s\u0142o\u0144ca.[\/perfectpullquote]\n<p>Zmiana trybu dzia\u0142ania latarni o \u0142\u0105cznie 20 minut spowodowa\u0142a poprawienie komfortu poruszania si\u0119 po mie\u015bcie. Nawet przy deszczowej i pochmurnej pogodzie widoczno\u015b\u0107 na ulicach Gliwic jest zdecydowanie lepsza. <\/p>\n<p>(\u017cms)<\/p>\n<div class=\"gliwi-a5-na-koncu-artykulow gliwi-entity-placement\" id=\"gliwi-2115948703\"><div class=\"gliwi-adlabel\"><span style=\"font-size: 9px\">REKLAMA<\/span><\/div><div id=\"gliwi-3853795133\" style=\"margin-left: auto;margin-right: auto;text-align: center;\"><a data-no-instant=\"1\" href=\"https:\/\/prezeroarenagliwice.pl\/\" rel=\"noopener\" class=\"a2t-link\" target=\"_blank\" aria-label=\"20260309-PREZERO-WIOSNA-D\"><img loading=\"lazy\" decoding=\"async\" src=\"https:\/\/www.24gliwice.pl\/wiadomosci\/wp-content\/uploads\/2026\/03\/20260309-PREZERO-WIOSNA-D.webp\" alt=\"\"  srcset=\"https:\/\/www.24gliwice.pl\/wiadomosci\/wp-content\/uploads\/2026\/03\/20260309-PREZERO-WIOSNA-D.webp 750w, https:\/\/www.24gliwice.pl\/wiadomosci\/wp-content\/uploads\/2026\/03\/20260309-PREZERO-WIOSNA-D-410x109.webp 410w\" sizes=\"(max-width: 750px) 100vw, 750px\" class=\"no-lazyload\" width=\"750\" height=\"200\"  style=\"display: inline-block; max-width: 100%; height: auto;\" \/><\/a><\/div><\/div>","protected":false},"excerpt":{"rendered":"<p>W ubieg\u0142ych latach pisali\u015bmy o ciemno\u015bciach, jakie w sezonie jesienno-zimowym zapada\u0142y w Gliwicach tu\u017c po zachodzie s\u0142o\u0144ca oraz po wy\u0142\u0105czeniu latarni przed \u015bwitem. Sytuacja si\u0119 poprawi\u0142a. Niebezpiecze\u0144stwo, jakie stwarza\u0142y ciemno\u015bci zwi\u0105zane ze zbyt wczesnym wy\u0142\u0105czaniem i zbyt p\u00f3\u017anym w\u0142\u0105czaniem o\u015bwietlenia ulicznego, dawa\u0142o si\u0119 we znaki g\u0142\u00f3wnie pieszym i kierowcom. Mo\u017cliwo\u015b\u0107 dostrze\u017cenia cz\u0142owieka na przej\u015bciu dla [&hellip;]<\/p>\n","protected":false},"author":15,"featured_media":107708,"comment_status":"open","ping_status":"closed","sticky":false,"template":"","format":"standard","meta":{"_monsterinsights_skip_tracking":false,"_monsterinsights_sitenote_active":false,"_monsterinsights_sitenote_note":"","_monsterinsights_sitenote_category":0,"footnotes":"","_links_to":"","_links_to_target":""},"categories":[3,1,9],"tags":[5059,5058],"class_list":["post-107356","post","type-post","status-publish","format-standard","has-post-thumbnail","hentry","category-gliwice","category-wszystko","category-aktualnosci_lokalne","tag-latarnie","tag-oswietlenie"],"yoast_head":"<!-- This site is optimized with the Yoast SEO plugin v27.5 - https:\/\/yoast.com\/product\/yoast-seo-wordpress\/ -->\n<title>Latarnie w Gliwicach \u015bwiec\u0105 teraz d\u0142u\u017cej ni\u017c w ubieg\u0142ym roku. \u0141\u0105cznie 20 minut poprawi\u0142o bezpiecze\u0144stwo - 24GLIWICE - Portal Gliwice | codziennie nowe informacje<\/title>\n<meta name=\"robots\" content=\"index, follow, max-snippet:-1, max-image-preview:large, max-video-preview:-1\" \/>\n<link rel=\"canonical\" href=\"https:\/\/www.24gliwice.pl\/wiadomosci\/latarnie-w-gliwicach-swieca-teraz-dluzej-niz-w-ubieglym-roku-lacznie-20-minut-poprawilo-bezpieczenstwo\/\" \/>\n<meta property=\"og:locale\" content=\"pl_PL\" \/>\n<meta property=\"og:type\" content=\"article\" \/>\n<meta property=\"og:title\" content=\"Latarnie w Gliwicach \u015bwiec\u0105 teraz d\u0142u\u017cej ni\u017c w ubieg\u0142ym roku. \u0141\u0105cznie 20 minut poprawi\u0142o bezpiecze\u0144stwo - 24GLIWICE - Portal Gliwice | codziennie nowe informacje\" \/>\n<meta property=\"og:description\" content=\"W ubieg\u0142ych latach pisali\u015bmy o ciemno\u015bciach, jakie w sezonie jesienno-zimowym zapada\u0142y w Gliwicach tu\u017c po zachodzie s\u0142o\u0144ca oraz po wy\u0142\u0105czeniu latarni przed \u015bwitem. Sytuacja si\u0119 poprawi\u0142a. Niebezpiecze\u0144stwo, jakie stwarza\u0142y ciemno\u015bci zwi\u0105zane ze zbyt wczesnym wy\u0142\u0105czaniem i zbyt p\u00f3\u017anym w\u0142\u0105czaniem o\u015bwietlenia ulicznego, dawa\u0142o si\u0119 we znaki g\u0142\u00f3wnie pieszym i kierowcom. Mo\u017cliwo\u015b\u0107 dostrze\u017cenia cz\u0142owieka na przej\u015bciu dla [&hellip;]\" \/>\n<meta property=\"og:url\" content=\"https:\/\/www.24gliwice.pl\/wiadomosci\/latarnie-w-gliwicach-swieca-teraz-dluzej-niz-w-ubieglym-roku-lacznie-20-minut-poprawilo-bezpieczenstwo\/\" \/>\n<meta property=\"og:site_name\" content=\"24GLIWICE - Portal Gliwice | codziennie nowe informacje\" \/>\n<meta property=\"article:publisher\" content=\"https:\/\/www.facebook.com\/24gliwice\" \/>\n<meta property=\"article:published_time\" content=\"2017-11-16T16:35:55+00:00\" \/>\n<meta property=\"og:image\" content=\"https:\/\/www.24gliwice.pl\/wiadomosci\/wp-content\/uploads\/2017\/11\/latarnie-e1510671864586.jpg\" \/>\n\t<meta property=\"og:image:width\" content=\"810\" \/>\n\t<meta property=\"og:image:height\" content=\"455\" \/>\n\t<meta property=\"og:image:type\" content=\"image\/jpeg\" \/>\n<meta name=\"author\" content=\"\u017baneta Mrozek-Siewierska\" \/>\n<meta name=\"twitter:card\" content=\"summary_large_image\" \/>\n<meta name=\"twitter:creator\" content=\"@24gliwice\" \/>\n<meta name=\"twitter:site\" content=\"@24gliwice\" \/>\n<meta name=\"twitter:label1\" content=\"Napisane przez\" \/>\n\t<meta name=\"twitter:data1\" content=\"\u017baneta Mrozek-Siewierska\" \/>\n\t<meta name=\"twitter:label2\" content=\"Szacowany czas czytania\" \/>\n\t<meta name=\"twitter:data2\" content=\"1 minuta\" \/>\n<script type=\"application\/ld+json\" class=\"yoast-schema-graph\">{\"@context\":\"https:\\\/\\\/schema.org\",\"@graph\":[{\"@type\":\"Article\",\"@id\":\"https:\\\/\\\/www.24gliwice.pl\\\/wiadomosci\\\/latarnie-w-gliwicach-swieca-teraz-dluzej-niz-w-ubieglym-roku-lacznie-20-minut-poprawilo-bezpieczenstwo\\\/#article\",\"isPartOf\":{\"@id\":\"https:\\\/\\\/www.24gliwice.pl\\\/wiadomosci\\\/latarnie-w-gliwicach-swieca-teraz-dluzej-niz-w-ubieglym-roku-lacznie-20-minut-poprawilo-bezpieczenstwo\\\/\"},\"author\":{\"name\":\"\u017baneta Mrozek-Siewierska\",\"@id\":\"https:\\\/\\\/www.24gliwice.pl\\\/wiadomosci\\\/#\\\/schema\\\/person\\\/e42c650edd7f2fa332be3811fb166b6e\"},\"headline\":\"Latarnie w Gliwicach \u015bwiec\u0105 teraz d\u0142u\u017cej ni\u017c w ubieg\u0142ym roku. \u0141\u0105cznie 20 minut poprawi\u0142o bezpiecze\u0144stwo\",\"datePublished\":\"2017-11-16T16:35:55+00:00\",\"mainEntityOfPage\":{\"@id\":\"https:\\\/\\\/www.24gliwice.pl\\\/wiadomosci\\\/latarnie-w-gliwicach-swieca-teraz-dluzej-niz-w-ubieglym-roku-lacznie-20-minut-poprawilo-bezpieczenstwo\\\/\"},\"wordCount\":305,\"commentCount\":0,\"publisher\":{\"@id\":\"https:\\\/\\\/www.24gliwice.pl\\\/wiadomosci\\\/#organization\"},\"image\":{\"@id\":\"https:\\\/\\\/www.24gliwice.pl\\\/wiadomosci\\\/latarnie-w-gliwicach-swieca-teraz-dluzej-niz-w-ubieglym-roku-lacznie-20-minut-poprawilo-bezpieczenstwo\\\/#primaryimage\"},\"thumbnailUrl\":\"https:\\\/\\\/www.24gliwice.pl\\\/wiadomosci\\\/wp-content\\\/uploads\\\/2017\\\/11\\\/latarnie-e1510671864586.jpg\",\"keywords\":[\"latarnie\",\"O\u015aWIETLENIE\"],\"articleSection\":[\"Gliwice\",\"Najnowsze wiadomo\u015bci\",\"Portal Gliwice - Wiadomo\u015bci lokalne\"],\"inLanguage\":\"pl-PL\",\"potentialAction\":[{\"@type\":\"CommentAction\",\"name\":\"Comment\",\"target\":[\"https:\\\/\\\/www.24gliwice.pl\\\/wiadomosci\\\/latarnie-w-gliwicach-swieca-teraz-dluzej-niz-w-ubieglym-roku-lacznie-20-minut-poprawilo-bezpieczenstwo\\\/#respond\"]}]},{\"@type\":\"WebPage\",\"@id\":\"https:\\\/\\\/www.24gliwice.pl\\\/wiadomosci\\\/latarnie-w-gliwicach-swieca-teraz-dluzej-niz-w-ubieglym-roku-lacznie-20-minut-poprawilo-bezpieczenstwo\\\/\",\"url\":\"https:\\\/\\\/www.24gliwice.pl\\\/wiadomosci\\\/latarnie-w-gliwicach-swieca-teraz-dluzej-niz-w-ubieglym-roku-lacznie-20-minut-poprawilo-bezpieczenstwo\\\/\",\"name\":\"Latarnie w Gliwicach \u015bwiec\u0105 teraz d\u0142u\u017cej ni\u017c w ubieg\u0142ym roku. \u0141\u0105cznie 20 minut poprawi\u0142o bezpiecze\u0144stwo - 24GLIWICE - Portal Gliwice | codziennie nowe informacje\",\"isPartOf\":{\"@id\":\"https:\\\/\\\/www.24gliwice.pl\\\/wiadomosci\\\/#website\"},\"primaryImageOfPage\":{\"@id\":\"https:\\\/\\\/www.24gliwice.pl\\\/wiadomosci\\\/latarnie-w-gliwicach-swieca-teraz-dluzej-niz-w-ubieglym-roku-lacznie-20-minut-poprawilo-bezpieczenstwo\\\/#primaryimage\"},\"image\":{\"@id\":\"https:\\\/\\\/www.24gliwice.pl\\\/wiadomosci\\\/latarnie-w-gliwicach-swieca-teraz-dluzej-niz-w-ubieglym-roku-lacznie-20-minut-poprawilo-bezpieczenstwo\\\/#primaryimage\"},\"thumbnailUrl\":\"https:\\\/\\\/www.24gliwice.pl\\\/wiadomosci\\\/wp-content\\\/uploads\\\/2017\\\/11\\\/latarnie-e1510671864586.jpg\",\"datePublished\":\"2017-11-16T16:35:55+00:00\",\"breadcrumb\":{\"@id\":\"https:\\\/\\\/www.24gliwice.pl\\\/wiadomosci\\\/latarnie-w-gliwicach-swieca-teraz-dluzej-niz-w-ubieglym-roku-lacznie-20-minut-poprawilo-bezpieczenstwo\\\/#breadcrumb\"},\"inLanguage\":\"pl-PL\",\"potentialAction\":[{\"@type\":\"ReadAction\",\"target\":[\"https:\\\/\\\/www.24gliwice.pl\\\/wiadomosci\\\/latarnie-w-gliwicach-swieca-teraz-dluzej-niz-w-ubieglym-roku-lacznie-20-minut-poprawilo-bezpieczenstwo\\\/\"]}]},{\"@type\":\"ImageObject\",\"inLanguage\":\"pl-PL\",\"@id\":\"https:\\\/\\\/www.24gliwice.pl\\\/wiadomosci\\\/latarnie-w-gliwicach-swieca-teraz-dluzej-niz-w-ubieglym-roku-lacznie-20-minut-poprawilo-bezpieczenstwo\\\/#primaryimage\",\"url\":\"https:\\\/\\\/www.24gliwice.pl\\\/wiadomosci\\\/wp-content\\\/uploads\\\/2017\\\/11\\\/latarnie-e1510671864586.jpg\",\"contentUrl\":\"https:\\\/\\\/www.24gliwice.pl\\\/wiadomosci\\\/wp-content\\\/uploads\\\/2017\\\/11\\\/latarnie-e1510671864586.jpg\",\"width\":810,\"height\":455},{\"@type\":\"BreadcrumbList\",\"@id\":\"https:\\\/\\\/www.24gliwice.pl\\\/wiadomosci\\\/latarnie-w-gliwicach-swieca-teraz-dluzej-niz-w-ubieglym-roku-lacznie-20-minut-poprawilo-bezpieczenstwo\\\/#breadcrumb\",\"itemListElement\":[{\"@type\":\"ListItem\",\"position\":1,\"name\":\"Strona g\u0142\u00f3wna\",\"item\":\"https:\\\/\\\/www.24gliwice.pl\\\/wiadomosci\\\/\"},{\"@type\":\"ListItem\",\"position\":2,\"name\":\"Latarnie w Gliwicach \u015bwiec\u0105 teraz d\u0142u\u017cej ni\u017c w ubieg\u0142ym roku. \u0141\u0105cznie 20 minut poprawi\u0142o bezpiecze\u0144stwo\"}]},{\"@type\":\"WebSite\",\"@id\":\"https:\\\/\\\/www.24gliwice.pl\\\/wiadomosci\\\/#website\",\"url\":\"https:\\\/\\\/www.24gliwice.pl\\\/wiadomosci\\\/\",\"name\":\"24GLIWICE - Portal Gliwice | codziennie nowe wiadomo\u015bci\",\"description\":\"Portal Miejski Gliwice\",\"publisher\":{\"@id\":\"https:\\\/\\\/www.24gliwice.pl\\\/wiadomosci\\\/#organization\"},\"potentialAction\":[{\"@type\":\"SearchAction\",\"target\":{\"@type\":\"EntryPoint\",\"urlTemplate\":\"https:\\\/\\\/www.24gliwice.pl\\\/wiadomosci\\\/?s={search_term_string}\"},\"query-input\":{\"@type\":\"PropertyValueSpecification\",\"valueRequired\":true,\"valueName\":\"search_term_string\"}}],\"inLanguage\":\"pl-PL\"},{\"@type\":\"Organization\",\"@id\":\"https:\\\/\\\/www.24gliwice.pl\\\/wiadomosci\\\/#organization\",\"name\":\"24gliwice\",\"url\":\"https:\\\/\\\/www.24gliwice.pl\\\/wiadomosci\\\/\",\"logo\":{\"@type\":\"ImageObject\",\"inLanguage\":\"pl-PL\",\"@id\":\"https:\\\/\\\/www.24gliwice.pl\\\/wiadomosci\\\/#\\\/schema\\\/logo\\\/image\\\/\",\"url\":\"https:\\\/\\\/www.24gliwice.pl\\\/wiadomosci\\\/wp-content\\\/uploads\\\/2024\\\/10\\\/24gliwice-logo-696.jpg\",\"contentUrl\":\"https:\\\/\\\/www.24gliwice.pl\\\/wiadomosci\\\/wp-content\\\/uploads\\\/2024\\\/10\\\/24gliwice-logo-696.jpg\",\"width\":696,\"height\":696,\"caption\":\"24gliwice\"},\"image\":{\"@id\":\"https:\\\/\\\/www.24gliwice.pl\\\/wiadomosci\\\/#\\\/schema\\\/logo\\\/image\\\/\"},\"sameAs\":[\"https:\\\/\\\/www.facebook.com\\\/24gliwice\",\"https:\\\/\\\/x.com\\\/24gliwice\",\"https:\\\/\\\/www.youtube.com\\\/@24gliwice\"]},{\"@type\":\"Person\",\"@id\":\"https:\\\/\\\/www.24gliwice.pl\\\/wiadomosci\\\/#\\\/schema\\\/person\\\/e42c650edd7f2fa332be3811fb166b6e\",\"name\":\"\u017baneta Mrozek-Siewierska\",\"image\":{\"@type\":\"ImageObject\",\"inLanguage\":\"pl-PL\",\"@id\":\"https:\\\/\\\/secure.gravatar.com\\\/avatar\\\/1881429e9c64597c77ad7aef2d0a19be69a3253e57534d16aa15bf3a4d34a0a3?s=96&d=mm&r=g\",\"url\":\"https:\\\/\\\/secure.gravatar.com\\\/avatar\\\/1881429e9c64597c77ad7aef2d0a19be69a3253e57534d16aa15bf3a4d34a0a3?s=96&d=mm&r=g\",\"contentUrl\":\"https:\\\/\\\/secure.gravatar.com\\\/avatar\\\/1881429e9c64597c77ad7aef2d0a19be69a3253e57534d16aa15bf3a4d34a0a3?s=96&d=mm&r=g\",\"caption\":\"\u017baneta Mrozek-Siewierska\"},\"url\":\"https:\\\/\\\/www.24gliwice.pl\\\/wiadomosci\\\/author\\\/zms\\\/\"}]}<\/script>\n<!-- \/ Yoast SEO plugin. -->","yoast_head_json":{"title":"Latarnie w Gliwicach \u015bwiec\u0105 teraz d\u0142u\u017cej ni\u017c w ubieg\u0142ym roku. \u0141\u0105cznie 20 minut poprawi\u0142o bezpiecze\u0144stwo - 24GLIWICE - Portal Gliwice | codziennie nowe informacje","robots":{"index":"index","follow":"follow","max-snippet":"max-snippet:-1","max-image-preview":"max-image-preview:large","max-video-preview":"max-video-preview:-1"},"canonical":"https:\/\/www.24gliwice.pl\/wiadomosci\/latarnie-w-gliwicach-swieca-teraz-dluzej-niz-w-ubieglym-roku-lacznie-20-minut-poprawilo-bezpieczenstwo\/","og_locale":"pl_PL","og_type":"article","og_title":"Latarnie w Gliwicach \u015bwiec\u0105 teraz d\u0142u\u017cej ni\u017c w ubieg\u0142ym roku. \u0141\u0105cznie 20 minut poprawi\u0142o bezpiecze\u0144stwo - 24GLIWICE - Portal Gliwice | codziennie nowe informacje","og_description":"W ubieg\u0142ych latach pisali\u015bmy o ciemno\u015bciach, jakie w sezonie jesienno-zimowym zapada\u0142y w Gliwicach tu\u017c po zachodzie s\u0142o\u0144ca oraz po wy\u0142\u0105czeniu latarni przed \u015bwitem. Sytuacja si\u0119 poprawi\u0142a. Niebezpiecze\u0144stwo, jakie stwarza\u0142y ciemno\u015bci zwi\u0105zane ze zbyt wczesnym wy\u0142\u0105czaniem i zbyt p\u00f3\u017anym w\u0142\u0105czaniem o\u015bwietlenia ulicznego, dawa\u0142o si\u0119 we znaki g\u0142\u00f3wnie pieszym i kierowcom. Mo\u017cliwo\u015b\u0107 dostrze\u017cenia cz\u0142owieka na przej\u015bciu dla [&hellip;]","og_url":"https:\/\/www.24gliwice.pl\/wiadomosci\/latarnie-w-gliwicach-swieca-teraz-dluzej-niz-w-ubieglym-roku-lacznie-20-minut-poprawilo-bezpieczenstwo\/","og_site_name":"24GLIWICE - Portal Gliwice | codziennie nowe informacje","article_publisher":"https:\/\/www.facebook.com\/24gliwice","article_published_time":"2017-11-16T16:35:55+00:00","og_image":[{"width":810,"height":455,"url":"https:\/\/www.24gliwice.pl\/wiadomosci\/wp-content\/uploads\/2017\/11\/latarnie-e1510671864586.jpg","type":"image\/jpeg"}],"author":"\u017baneta Mrozek-Siewierska","twitter_card":"summary_large_image","twitter_creator":"@24gliwice","twitter_site":"@24gliwice","twitter_misc":{"Napisane przez":"\u017baneta Mrozek-Siewierska","Szacowany czas czytania":"1 minuta"},"schema":{"@context":"https:\/\/schema.org","@graph":[{"@type":"Article","@id":"https:\/\/www.24gliwice.pl\/wiadomosci\/latarnie-w-gliwicach-swieca-teraz-dluzej-niz-w-ubieglym-roku-lacznie-20-minut-poprawilo-bezpieczenstwo\/#article","isPartOf":{"@id":"https:\/\/www.24gliwice.pl\/wiadomosci\/latarnie-w-gliwicach-swieca-teraz-dluzej-niz-w-ubieglym-roku-lacznie-20-minut-poprawilo-bezpieczenstwo\/"},"author":{"name":"\u017baneta Mrozek-Siewierska","@id":"https:\/\/www.24gliwice.pl\/wiadomosci\/#\/schema\/person\/e42c650edd7f2fa332be3811fb166b6e"},"headline":"Latarnie w Gliwicach \u015bwiec\u0105 teraz d\u0142u\u017cej ni\u017c w ubieg\u0142ym roku. \u0141\u0105cznie 20 minut poprawi\u0142o bezpiecze\u0144stwo","datePublished":"2017-11-16T16:35:55+00:00","mainEntityOfPage":{"@id":"https:\/\/www.24gliwice.pl\/wiadomosci\/latarnie-w-gliwicach-swieca-teraz-dluzej-niz-w-ubieglym-roku-lacznie-20-minut-poprawilo-bezpieczenstwo\/"},"wordCount":305,"commentCount":0,"publisher":{"@id":"https:\/\/www.24gliwice.pl\/wiadomosci\/#organization"},"image":{"@id":"https:\/\/www.24gliwice.pl\/wiadomosci\/latarnie-w-gliwicach-swieca-teraz-dluzej-niz-w-ubieglym-roku-lacznie-20-minut-poprawilo-bezpieczenstwo\/#primaryimage"},"thumbnailUrl":"https:\/\/www.24gliwice.pl\/wiadomosci\/wp-content\/uploads\/2017\/11\/latarnie-e1510671864586.jpg","keywords":["latarnie","O\u015aWIETLENIE"],"articleSection":["Gliwice","Najnowsze wiadomo\u015bci","Portal Gliwice - Wiadomo\u015bci lokalne"],"inLanguage":"pl-PL","potentialAction":[{"@type":"CommentAction","name":"Comment","target":["https:\/\/www.24gliwice.pl\/wiadomosci\/latarnie-w-gliwicach-swieca-teraz-dluzej-niz-w-ubieglym-roku-lacznie-20-minut-poprawilo-bezpieczenstwo\/#respond"]}]},{"@type":"WebPage","@id":"https:\/\/www.24gliwice.pl\/wiadomosci\/latarnie-w-gliwicach-swieca-teraz-dluzej-niz-w-ubieglym-roku-lacznie-20-minut-poprawilo-bezpieczenstwo\/","url":"https:\/\/www.24gliwice.pl\/wiadomosci\/latarnie-w-gliwicach-swieca-teraz-dluzej-niz-w-ubieglym-roku-lacznie-20-minut-poprawilo-bezpieczenstwo\/","name":"Latarnie w Gliwicach \u015bwiec\u0105 teraz d\u0142u\u017cej ni\u017c w ubieg\u0142ym roku. \u0141\u0105cznie 20 minut poprawi\u0142o bezpiecze\u0144stwo - 24GLIWICE - Portal Gliwice | codziennie nowe informacje","isPartOf":{"@id":"https:\/\/www.24gliwice.pl\/wiadomosci\/#website"},"primaryImageOfPage":{"@id":"https:\/\/www.24gliwice.pl\/wiadomosci\/latarnie-w-gliwicach-swieca-teraz-dluzej-niz-w-ubieglym-roku-lacznie-20-minut-poprawilo-bezpieczenstwo\/#primaryimage"},"image":{"@id":"https:\/\/www.24gliwice.pl\/wiadomosci\/latarnie-w-gliwicach-swieca-teraz-dluzej-niz-w-ubieglym-roku-lacznie-20-minut-poprawilo-bezpieczenstwo\/#primaryimage"},"thumbnailUrl":"https:\/\/www.24gliwice.pl\/wiadomosci\/wp-content\/uploads\/2017\/11\/latarnie-e1510671864586.jpg","datePublished":"2017-11-16T16:35:55+00:00","breadcrumb":{"@id":"https:\/\/www.24gliwice.pl\/wiadomosci\/latarnie-w-gliwicach-swieca-teraz-dluzej-niz-w-ubieglym-roku-lacznie-20-minut-poprawilo-bezpieczenstwo\/#breadcrumb"},"inLanguage":"pl-PL","potentialAction":[{"@type":"ReadAction","target":["https:\/\/www.24gliwice.pl\/wiadomosci\/latarnie-w-gliwicach-swieca-teraz-dluzej-niz-w-ubieglym-roku-lacznie-20-minut-poprawilo-bezpieczenstwo\/"]}]},{"@type":"ImageObject","inLanguage":"pl-PL","@id":"https:\/\/www.24gliwice.pl\/wiadomosci\/latarnie-w-gliwicach-swieca-teraz-dluzej-niz-w-ubieglym-roku-lacznie-20-minut-poprawilo-bezpieczenstwo\/#primaryimage","url":"https:\/\/www.24gliwice.pl\/wiadomosci\/wp-content\/uploads\/2017\/11\/latarnie-e1510671864586.jpg","contentUrl":"https:\/\/www.24gliwice.pl\/wiadomosci\/wp-content\/uploads\/2017\/11\/latarnie-e1510671864586.jpg","width":810,"height":455},{"@type":"BreadcrumbList","@id":"https:\/\/www.24gliwice.pl\/wiadomosci\/latarnie-w-gliwicach-swieca-teraz-dluzej-niz-w-ubieglym-roku-lacznie-20-minut-poprawilo-bezpieczenstwo\/#breadcrumb","itemListElement":[{"@type":"ListItem","position":1,"name":"Strona g\u0142\u00f3wna","item":"https:\/\/www.24gliwice.pl\/wiadomosci\/"},{"@type":"ListItem","position":2,"name":"Latarnie w Gliwicach \u015bwiec\u0105 teraz d\u0142u\u017cej ni\u017c w ubieg\u0142ym roku. \u0141\u0105cznie 20 minut poprawi\u0142o bezpiecze\u0144stwo"}]},{"@type":"WebSite","@id":"https:\/\/www.24gliwice.pl\/wiadomosci\/#website","url":"https:\/\/www.24gliwice.pl\/wiadomosci\/","name":"24GLIWICE - Portal Gliwice | codziennie nowe wiadomo\u015bci","description":"Portal Miejski Gliwice","publisher":{"@id":"https:\/\/www.24gliwice.pl\/wiadomosci\/#organization"},"potentialAction":[{"@type":"SearchAction","target":{"@type":"EntryPoint","urlTemplate":"https:\/\/www.24gliwice.pl\/wiadomosci\/?s={search_term_string}"},"query-input":{"@type":"PropertyValueSpecification","valueRequired":true,"valueName":"search_term_string"}}],"inLanguage":"pl-PL"},{"@type":"Organization","@id":"https:\/\/www.24gliwice.pl\/wiadomosci\/#organization","name":"24gliwice","url":"https:\/\/www.24gliwice.pl\/wiadomosci\/","logo":{"@type":"ImageObject","inLanguage":"pl-PL","@id":"https:\/\/www.24gliwice.pl\/wiadomosci\/#\/schema\/logo\/image\/","url":"https:\/\/www.24gliwice.pl\/wiadomosci\/wp-content\/uploads\/2024\/10\/24gliwice-logo-696.jpg","contentUrl":"https:\/\/www.24gliwice.pl\/wiadomosci\/wp-content\/uploads\/2024\/10\/24gliwice-logo-696.jpg","width":696,"height":696,"caption":"24gliwice"},"image":{"@id":"https:\/\/www.24gliwice.pl\/wiadomosci\/#\/schema\/logo\/image\/"},"sameAs":["https:\/\/www.facebook.com\/24gliwice","https:\/\/x.com\/24gliwice","https:\/\/www.youtube.com\/@24gliwice"]},{"@type":"Person","@id":"https:\/\/www.24gliwice.pl\/wiadomosci\/#\/schema\/person\/e42c650edd7f2fa332be3811fb166b6e","name":"\u017baneta Mrozek-Siewierska","image":{"@type":"ImageObject","inLanguage":"pl-PL","@id":"https:\/\/secure.gravatar.com\/avatar\/1881429e9c64597c77ad7aef2d0a19be69a3253e57534d16aa15bf3a4d34a0a3?s=96&d=mm&r=g","url":"https:\/\/secure.gravatar.com\/avatar\/1881429e9c64597c77ad7aef2d0a19be69a3253e57534d16aa15bf3a4d34a0a3?s=96&d=mm&r=g","contentUrl":"https:\/\/secure.gravatar.com\/avatar\/1881429e9c64597c77ad7aef2d0a19be69a3253e57534d16aa15bf3a4d34a0a3?s=96&d=mm&r=g","caption":"\u017baneta Mrozek-Siewierska"},"url":"https:\/\/www.24gliwice.pl\/wiadomosci\/author\/zms\/"}]}},"_links":{"self":[{"href":"https:\/\/www.24gliwice.pl\/wiadomosci\/wp-json\/wp\/v2\/posts\/107356","targetHints":{"allow":["GET"]}}],"collection":[{"href":"https:\/\/www.24gliwice.pl\/wiadomosci\/wp-json\/wp\/v2\/posts"}],"about":[{"href":"https:\/\/www.24gliwice.pl\/wiadomosci\/wp-json\/wp\/v2\/types\/post"}],"author":[{"embeddable":true,"href":"https:\/\/www.24gliwice.pl\/wiadomosci\/wp-json\/wp\/v2\/users\/15"}],"replies":[{"embeddable":true,"href":"https:\/\/www.24gliwice.pl\/wiadomosci\/wp-json\/wp\/v2\/comments?post=107356"}],"version-history":[{"count":0,"href":"https:\/\/www.24gliwice.pl\/wiadomosci\/wp-json\/wp\/v2\/posts\/107356\/revisions"}],"wp:featuredmedia":[{"embeddable":true,"href":"https:\/\/www.24gliwice.pl\/wiadomosci\/wp-json\/wp\/v2\/media\/107708"}],"wp:attachment":[{"href":"https:\/\/www.24gliwice.pl\/wiadomosci\/wp-json\/wp\/v2\/media?parent=107356"}],"wp:term":[{"taxonomy":"category","embeddable":true,"href":"https:\/\/www.24gliwice.pl\/wiadomosci\/wp-json\/wp\/v2\/categories?post=107356"},{"taxonomy":"post_tag","embeddable":true,"href":"https:\/\/www.24gliwice.pl\/wiadomosci\/wp-json\/wp\/v2\/tags?post=107356"}],"curies":[{"name":"wp","href":"https:\/\/api.w.org\/{rel}","templated":true}]}}