{"id":107358,"date":"2017-11-10T11:37:10","date_gmt":"2017-11-10T10:37:10","guid":{"rendered":"http:\/\/www.24gliwice.pl\/wiadomosci\/?p=107358"},"modified":"2017-11-13T21:16:52","modified_gmt":"2017-11-13T20:16:52","slug":"urzednicy-chwala-sie-uruchomieniem-geoportalu-dla-rowerzystow-niestety-jest-tam-sporo-bledow","status":"publish","type":"post","link":"https:\/\/www.24gliwice.pl\/wiadomosci\/urzednicy-chwala-sie-uruchomieniem-geoportalu-dla-rowerzystow-niestety-jest-tam-sporo-bledow\/","title":{"rendered":"Urz\u0119dnicy chwal\u0105 si\u0119 uruchomieniem geoportalu dla rowerzyst\u00f3w. Niestety, jest tam sporo b\u0142\u0119d\u00f3w"},"content":{"rendered":"<div class=\"gliwi-a6-nad-leadem-artykulow gliwi-entity-placement\" id=\"gliwi-1127147037\"><div class=\"gliwi-adlabel\"><span style=\"font-size: 9px\">REKLAMA<\/span><\/div><div id=\"gliwi-1135905898\" style=\"margin-bottom: 30px;margin-left: auto;margin-right: auto;text-align: center;\"><a data-no-instant=\"1\" href=\"https:\/\/przedszkole.halogen.org.pl\/\" rel=\"noopener\" class=\"a2t-link\" target=\"_blank\" aria-label=\"20260402-ANIMATOR-przedszkole_grafika_750x200\"><img loading=\"lazy\" decoding=\"async\" src=\"https:\/\/www.24gliwice.pl\/wiadomosci\/wp-content\/uploads\/2026\/04\/20260402-ANIMATOR-przedszkole_grafika_750x200.webp\" alt=\"\"  srcset=\"https:\/\/www.24gliwice.pl\/wiadomosci\/wp-content\/uploads\/2026\/04\/20260402-ANIMATOR-przedszkole_grafika_750x200.webp 750w, https:\/\/www.24gliwice.pl\/wiadomosci\/wp-content\/uploads\/2026\/04\/20260402-ANIMATOR-przedszkole_grafika_750x200-410x109.webp 410w\" sizes=\"(max-width: 750px) 100vw, 750px\" class=\"no-lazyload\" width=\"750\" height=\"200\"  style=\"display: inline-block; max-width: 100%; height: auto;\" \/><\/a><\/div><\/div><h3>Miejski System Informacji Przestrzennej wzbogaci\u0142 si\u0119 o geoportal, w kt\u00f3rym powinny si\u0119 znale\u017a\u0107 wszystkie informacje przydatne rowerzystom. Ciekawy pomys\u0142 wymaga jednak licznych poprawek.<\/h3>\n<p>Trzeba przyzna\u0107, \u017ce w Gliwicach w temacie infrastruktury rowerowej ostatnio sporo si\u0119 dzieje. Pojawi\u0142 si\u0119 system wypo\u017cyczalni oraz nowe punkty, gdzie mo\u017cna dokona\u0107 samodzielnej naprawy jedno\u015bladu. Od marca z pewnym op\u00f3\u017anieniem realizowana jest tak\u017ce trasa Centrum &#8211; So\u015bnica. <strong>Teraz urz\u0119dnicy pochwalili si\u0119 nowym udogodnieniem. Geoportalem rowerzysty.<\/strong><\/p>\n<p>Jak informuje Miejski Serwis Informacyjny, w <a href=\"http:\/\/msip-mapa.um.gliwice.pl:9090\/gpt4\/?profile=5524815\" target=\"_blank\" rel=\"noopener\">geoportalu rowerzysty <\/a>mo\u017cna znale\u017a\u0107 lokalizacj\u0119 wypo\u017cyczalni rower\u00f3w miejskich, stojak\u00f3w rowerowych (wraz z mo\u017cliwo\u015bci\u0105 dodania przez internaut\u00f3w nowych obiekt\u00f3w) oraz samoobs\u0142ugowych serwis\u00f3w rowerowych<\/p><div class=\"gliwi-a3-w-tresci-artykulow gliwi-entity-placement\" id=\"gliwi-3333288169\"><div class=\"gliwi-adlabel\"><span style=\"font-size: 9px\">REKLAMA<\/span><\/div><div id=\"gliwi-1189105959\" style=\"margin-bottom: 30px;margin-left: auto;margin-right: auto;text-align: center;\"><a data-no-instant=\"1\" href=\"https:\/\/zlobek.halogen.org.pl\/\" rel=\"noopener\" class=\"a2t-link\" target=\"_blank\" aria-label=\"animator-zlobek_750x200\"><img loading=\"lazy\" decoding=\"async\" src=\"https:\/\/www.24gliwice.pl\/wiadomosci\/wp-content\/uploads\/2026\/02\/animator-zlobek_750x200.webp\" alt=\"\"  srcset=\"https:\/\/www.24gliwice.pl\/wiadomosci\/wp-content\/uploads\/2026\/02\/animator-zlobek_750x200.webp 750w, https:\/\/www.24gliwice.pl\/wiadomosci\/wp-content\/uploads\/2026\/02\/animator-zlobek_750x200-410x109.webp 410w\" sizes=\"(max-width: 750px) 100vw, 750px\" class=\"no-lazyload\" width=\"750\" height=\"200\"  style=\"display: inline-block; max-width: 100%; height: auto;\" \/><\/a><\/div><\/div>\n[perfectpullquote align=&#8221;full&#8221; cite=&#8221;&#8221; link=&#8221;&#8221; color=&#8221;&#8221; class=&#8221;&#8221; size=&#8221;&#8221;]Mo\u017cna te\u017c sprawdzi\u0107 aktualny przebieg \u015bcie\u017cek rowerowych. Ta ostatnia funkcja pozostawia wiele do \u017cyczenia, gdy\u017c na mapie zosta\u0142y one zaznaczone w miejscach, w kt\u00f3rych ich&#8230; nie ma.[\/perfectpullquote]\n<p>I tak, chocia\u017c droga dla rower\u00f3w przebiega ulic\u0105 Jana \u015aliwki, u\u017cytkownik geoportalu jest prowadzony ulic\u0105 J\u00f3zefa Uszczyka. Nieistniej\u0105ce \u015bcie\u017cki znalaz\u0142y si\u0119 m.in. na ulicach Nadrzecznej, Sowi\u0144skiego oraz M\u0142y\u0144skiej.<\/p>\n<p><iframe loading=\"lazy\" style=\"border: 0;\" src=\"https:\/\/www.google.com\/maps\/embed?pb=!1m0!4v1510171953064!6m8!1m7!1sv7wOHBG8hlGa6_2GjQz1ag!2m2!1d50.30458387163551!2d18.65640830647806!3f317.28104258012814!4f-8.261205425321535!5f0.7820865974627469\" width=\"800\" height=\"600\" frameborder=\"0\" allowfullscreen=\"allowfullscreen\"><\/iframe><br \/>\n<strong><em>Wed\u0142ug urz\u0119dnik\u00f3w opracowuj\u0105cych geoportal, na ulicy Nadrzecznej znajduje si\u0119 \u015bcie\u017cka rowerowa. W rzeczywisto\u015bci, nie ma tu nawet chodnika.<\/em><\/strong><\/p>\n<p><em><strong>Kolejne miejsce, gdzie &#8220;mamy&#8221; \u015bcie\u017ck\u0119 rowerow\u0105, ale tylko na portalu. Ulica M\u0142y\u0144ska.<\/strong><\/em><br \/>\n<iframe loading=\"lazy\" style=\"border: 0;\" src=\"https:\/\/www.google.com\/maps\/embed?pb=!1m0!4v1510172191879!6m8!1m7!1svzQwE1PYz_k4mSsAKUbVYw!2m2!1d50.29690638906515!2d18.66238380164214!3f111.41712112500909!4f1.4765446029001623!5f0.7820865974627469\" width=\"800\" height=\"600\" frameborder=\"0\" allowfullscreen=\"allowfullscreen\"><\/iframe><\/p>\n<p>Zapytali\u015bmy miasto, jakie by\u0142y koszty utworzenia tego geoportalu. Jak si\u0119 okazuje urz\u0119dnicy poradzili sobie we w\u0142asnym zakresie.<\/p>\n<p>&#8211; Geoportal rowerzysty zrealizowany zosta\u0142 przez pracownik\u00f3w Samodzielnego Referatu Miejskiego Systemu Informacji Przestrzennej na podstawie danych udost\u0119pnionych przez Wydzia\u0142 Przedsi\u0119wzi\u0119\u0107 Gospodarczych i Us\u0142ug Komunalnych oraz Zarz\u0105d Dr\u00f3g Miejskich &#8211; informuje <strong>Iwona Pylypenko-Wilk<\/strong>, Kierownik Referatu MSIP.<\/p>\n<p>Mapka niestety jest r\u00f3wnie\u017c ma\u0142o czytelna. Cz\u0119\u015b\u0107 dr\u00f3g publicznych oznaczono na czerowono, podobnie jak \u015bcie\u017cki rowerowe. Trudno odr\u00f3\u017cni\u0107 jedno od drugiego.<\/p>\n<p>Geoportal z pewno\u015bci\u0105 wymaga dopracowania i poprawek. Warto wprowadzi\u0107 je jak najszybciej, w obecnej formie u\u017cyteczno\u015b\u0107 opracowania jest niestety w\u0105tpliwa.<\/p>\n<p>(\u017cms)<\/p>\n<p><span style=\"color: #ff0000;\"><strong>AKTUALIZACJA (13\/11\/2017).<\/strong> Po publikacji 24gliwice, na geoportalu usuni\u0119to wszystkie wskazane przez nas b\u0142\u0119dy. \u015acie\u017cki rowerowe zosta\u0142y (ju\u017c prawid\u0142owo) opisane jako trasy, zmieniono r\u00f3wnie\u017c ma\u0142o czyteln\u0105 kolorystyk\u0119.<\/span><\/p>\n<div id='gallery-1' class='vce-gallery gallery galleryid-107358 gallery-columns-3 gallery-size-vce-lay-b'><div class=\"vce-gallery-big\"><div class=\"big-gallery-item item-0\" >\n\t\t\t<div class='gallery-icon'>\n\t\t\t\t<a href='https:\/\/www.24gliwice.pl\/wiadomosci\/wp-content\/uploads\/2017\/11\/Screenshot_18.jpg'><img loading=\"lazy\" decoding=\"async\" width=\"810\" height=\"448\" src=\"https:\/\/www.24gliwice.pl\/wiadomosci\/wp-content\/uploads\/2017\/11\/Screenshot_18-810x448.jpg\" class=\"attachment-vce-lay-a size-vce-lay-a\" alt=\"\" srcset=\"https:\/\/www.24gliwice.pl\/wiadomosci\/wp-content\/uploads\/2017\/11\/Screenshot_18-810x448.jpg 810w, https:\/\/www.24gliwice.pl\/wiadomosci\/wp-content\/uploads\/2017\/11\/Screenshot_18-410x227.jpg 410w, https:\/\/www.24gliwice.pl\/wiadomosci\/wp-content\/uploads\/2017\/11\/Screenshot_18-768x425.jpg 768w, https:\/\/www.24gliwice.pl\/wiadomosci\/wp-content\/uploads\/2017\/11\/Screenshot_18.jpg 1001w\" sizes=\"auto, (max-width: 810px) 100vw, 810px\" \/><\/a>\n\t\t\t<\/div><\/div><div class=\"big-gallery-item item-1\" style=\"display:none;\">\n\t\t\t<div class='gallery-icon'>\n\t\t\t\t<a href='https:\/\/www.24gliwice.pl\/wiadomosci\/wp-content\/uploads\/2017\/11\/Screenshot_16.jpg'><img loading=\"lazy\" decoding=\"async\" width=\"810\" height=\"476\" src=\"https:\/\/www.24gliwice.pl\/wiadomosci\/wp-content\/uploads\/2017\/11\/Screenshot_16-810x476.jpg\" class=\"attachment-vce-lay-a size-vce-lay-a\" alt=\"\" srcset=\"https:\/\/www.24gliwice.pl\/wiadomosci\/wp-content\/uploads\/2017\/11\/Screenshot_16-810x476.jpg 810w, https:\/\/www.24gliwice.pl\/wiadomosci\/wp-content\/uploads\/2017\/11\/Screenshot_16-395x232.jpg 395w, https:\/\/www.24gliwice.pl\/wiadomosci\/wp-content\/uploads\/2017\/11\/Screenshot_16-768x451.jpg 768w, https:\/\/www.24gliwice.pl\/wiadomosci\/wp-content\/uploads\/2017\/11\/Screenshot_16-775x455.jpg 775w, https:\/\/www.24gliwice.pl\/wiadomosci\/wp-content\/uploads\/2017\/11\/Screenshot_16.jpg 1020w\" sizes=\"auto, (max-width: 810px) 100vw, 810px\" \/><\/a>\n\t\t\t<\/div><\/div><div class=\"big-gallery-item item-2\" style=\"display:none;\">\n\t\t\t<div class='gallery-icon'>\n\t\t\t\t<a href='https:\/\/www.24gliwice.pl\/wiadomosci\/wp-content\/uploads\/2017\/11\/Screenshot_17.jpg'><img loading=\"lazy\" decoding=\"async\" width=\"810\" height=\"369\" src=\"https:\/\/www.24gliwice.pl\/wiadomosci\/wp-content\/uploads\/2017\/11\/Screenshot_17-810x369.jpg\" class=\"attachment-vce-lay-a size-vce-lay-a\" alt=\"\" srcset=\"https:\/\/www.24gliwice.pl\/wiadomosci\/wp-content\/uploads\/2017\/11\/Screenshot_17-810x369.jpg 810w, https:\/\/www.24gliwice.pl\/wiadomosci\/wp-content\/uploads\/2017\/11\/Screenshot_17-410x187.jpg 410w, https:\/\/www.24gliwice.pl\/wiadomosci\/wp-content\/uploads\/2017\/11\/Screenshot_17-768x350.jpg 768w, https:\/\/www.24gliwice.pl\/wiadomosci\/wp-content\/uploads\/2017\/11\/Screenshot_17.jpg 852w\" sizes=\"auto, (max-width: 810px) 100vw, 810px\" \/><\/a>\n\t\t\t<\/div>\n\t\t\t\t<figcaption class='wp-caption-text gallery-caption'>\n\t\t\t\tFragment OBWIESZCZENIA MINISTRA INFRASTRUKTURY I BUDOWNICTWA z dnia 23 grudnia 2015 r. w sprawie og\u0142oszenia jednolitego tekstu rozporz\u0105dzenia Ministra Transportu i Gospodarki Morskiej w sprawie warunk\u00f3w technicznych, jakim powinny odpowiada\u0107 drogi publiczne i ich usytuowanie (Dz.U. z 2016 r. poz. 124)\n\t\t\t\t<\/figcaption><\/div><\/div><div class=\"vce-gallery-slider\" data-columns=\"3\"><figure class='gallery-item' data-item='0'>\n\t\t\t<div class='gallery-icon landscape'>\n\t\t\t\t<a href='https:\/\/www.24gliwice.pl\/wiadomosci\/wp-content\/uploads\/2017\/11\/Screenshot_18.jpg'><img loading=\"lazy\" decoding=\"async\" width=\"375\" height=\"195\" src=\"https:\/\/www.24gliwice.pl\/wiadomosci\/wp-content\/uploads\/2017\/11\/Screenshot_18-375x195.jpg\" class=\"attachment-vce-lay-b size-vce-lay-b\" alt=\"\" \/><\/a>\n\t\t\t<\/div><\/figure><figure class='gallery-item' data-item='1'>\n\t\t\t<div class='gallery-icon landscape'>\n\t\t\t\t<a href='https:\/\/www.24gliwice.pl\/wiadomosci\/wp-content\/uploads\/2017\/11\/Screenshot_16.jpg'><img loading=\"lazy\" decoding=\"async\" width=\"375\" height=\"195\" src=\"https:\/\/www.24gliwice.pl\/wiadomosci\/wp-content\/uploads\/2017\/11\/Screenshot_16-375x195.jpg\" class=\"attachment-vce-lay-b size-vce-lay-b\" alt=\"\" \/><\/a>\n\t\t\t<\/div><\/figure><figure class='gallery-item' data-item='2'>\n\t\t\t<div class='gallery-icon landscape'>\n\t\t\t\t<a href='https:\/\/www.24gliwice.pl\/wiadomosci\/wp-content\/uploads\/2017\/11\/Screenshot_17.jpg'><img loading=\"lazy\" decoding=\"async\" width=\"375\" height=\"195\" src=\"https:\/\/www.24gliwice.pl\/wiadomosci\/wp-content\/uploads\/2017\/11\/Screenshot_17-375x195.jpg\" class=\"attachment-vce-lay-b size-vce-lay-b\" alt=\"\" \/><\/a>\n\t\t\t<\/div><\/figure><\/div><\/div>\n\n<div class=\"gliwi-a5-na-koncu-artykulow gliwi-entity-placement\" id=\"gliwi-3682157143\"><div class=\"gliwi-adlabel\"><span style=\"font-size: 9px\">REKLAMA<\/span><\/div><div id=\"gliwi-1426728558\" style=\"margin-left: auto;margin-right: auto;text-align: center;\"><a data-no-instant=\"1\" href=\"https:\/\/prezeroarenagliwice.pl\/\" rel=\"noopener\" class=\"a2t-link\" target=\"_blank\" aria-label=\"20260309-PREZERO-WIOSNA-D\"><img loading=\"lazy\" decoding=\"async\" src=\"https:\/\/www.24gliwice.pl\/wiadomosci\/wp-content\/uploads\/2026\/03\/20260309-PREZERO-WIOSNA-D.webp\" alt=\"\"  srcset=\"https:\/\/www.24gliwice.pl\/wiadomosci\/wp-content\/uploads\/2026\/03\/20260309-PREZERO-WIOSNA-D.webp 750w, https:\/\/www.24gliwice.pl\/wiadomosci\/wp-content\/uploads\/2026\/03\/20260309-PREZERO-WIOSNA-D-410x109.webp 410w\" sizes=\"(max-width: 750px) 100vw, 750px\" class=\"no-lazyload\" width=\"750\" height=\"200\"  style=\"display: inline-block; max-width: 100%; height: auto;\" \/><\/a><\/div><\/div>","protected":false},"excerpt":{"rendered":"<p>Miejski System Informacji Przestrzennej wzbogaci\u0142 si\u0119 o geoportal, w kt\u00f3rym powinny si\u0119 znale\u017a\u0107 wszystkie informacje przydatne rowerzystom. Ciekawy pomys\u0142 wymaga jednak licznych poprawek. Trzeba przyzna\u0107, \u017ce w Gliwicach w temacie infrastruktury rowerowej ostatnio sporo si\u0119 dzieje. Pojawi\u0142 si\u0119 system wypo\u017cyczalni oraz nowe punkty, gdzie mo\u017cna dokona\u0107 samodzielnej naprawy jedno\u015bladu. Od marca z pewnym op\u00f3\u017anieniem realizowana [&hellip;]<\/p>\n","protected":false},"author":15,"featured_media":107360,"comment_status":"open","ping_status":"closed","sticky":false,"template":"","format":"standard","meta":{"_monsterinsights_skip_tracking":false,"_monsterinsights_sitenote_active":false,"_monsterinsights_sitenote_note":"","_monsterinsights_sitenote_category":0,"footnotes":"","_links_to":"","_links_to_target":""},"categories":[3,1,9],"tags":[8873,10622,9430],"class_list":["post-107358","post","type-post","status-publish","format-standard","has-post-thumbnail","hentry","category-gliwice","category-wszystko","category-aktualnosci_lokalne","tag-drogi-rowerowe","tag-geoportal","tag-infrastruktura"],"yoast_head":"<!-- This site is optimized with the Yoast SEO plugin v27.5 - https:\/\/yoast.com\/product\/yoast-seo-wordpress\/ -->\n<title>Urz\u0119dnicy chwal\u0105 si\u0119 uruchomieniem geoportalu dla rowerzyst\u00f3w. Niestety, jest tam sporo b\u0142\u0119d\u00f3w - 24GLIWICE - Portal Gliwice | codziennie nowe informacje<\/title>\n<meta name=\"robots\" content=\"index, follow, max-snippet:-1, max-image-preview:large, max-video-preview:-1\" \/>\n<link rel=\"canonical\" href=\"https:\/\/www.24gliwice.pl\/wiadomosci\/urzednicy-chwala-sie-uruchomieniem-geoportalu-dla-rowerzystow-niestety-jest-tam-sporo-bledow\/\" \/>\n<meta property=\"og:locale\" content=\"pl_PL\" \/>\n<meta property=\"og:type\" content=\"article\" \/>\n<meta property=\"og:title\" content=\"Urz\u0119dnicy chwal\u0105 si\u0119 uruchomieniem geoportalu dla rowerzyst\u00f3w. Niestety, jest tam sporo b\u0142\u0119d\u00f3w - 24GLIWICE - Portal Gliwice | codziennie nowe informacje\" \/>\n<meta property=\"og:description\" content=\"Miejski System Informacji Przestrzennej wzbogaci\u0142 si\u0119 o geoportal, w kt\u00f3rym powinny si\u0119 znale\u017a\u0107 wszystkie informacje przydatne rowerzystom. Ciekawy pomys\u0142 wymaga jednak licznych poprawek. Trzeba przyzna\u0107, \u017ce w Gliwicach w temacie infrastruktury rowerowej ostatnio sporo si\u0119 dzieje. Pojawi\u0142 si\u0119 system wypo\u017cyczalni oraz nowe punkty, gdzie mo\u017cna dokona\u0107 samodzielnej naprawy jedno\u015bladu. Od marca z pewnym op\u00f3\u017anieniem realizowana [&hellip;]\" \/>\n<meta property=\"og:url\" content=\"https:\/\/www.24gliwice.pl\/wiadomosci\/urzednicy-chwala-sie-uruchomieniem-geoportalu-dla-rowerzystow-niestety-jest-tam-sporo-bledow\/\" \/>\n<meta property=\"og:site_name\" content=\"24GLIWICE - Portal Gliwice | codziennie nowe informacje\" \/>\n<meta property=\"article:publisher\" content=\"https:\/\/www.facebook.com\/24gliwice\" \/>\n<meta property=\"article:published_time\" content=\"2017-11-10T10:37:10+00:00\" \/>\n<meta property=\"article:modified_time\" content=\"2017-11-13T20:16:52+00:00\" \/>\n<meta property=\"og:image\" content=\"https:\/\/www.24gliwice.pl\/wiadomosci\/wp-content\/uploads\/2017\/11\/geoportal-rowerowy-e1510056873581.jpg\" \/>\n\t<meta property=\"og:image:width\" content=\"810\" \/>\n\t<meta property=\"og:image:height\" content=\"455\" \/>\n\t<meta property=\"og:image:type\" content=\"image\/jpeg\" \/>\n<meta name=\"author\" content=\"\u017baneta Mrozek-Siewierska\" \/>\n<meta name=\"twitter:card\" content=\"summary_large_image\" \/>\n<meta name=\"twitter:creator\" content=\"@24gliwice\" \/>\n<meta name=\"twitter:site\" content=\"@24gliwice\" \/>\n<meta name=\"twitter:label1\" content=\"Napisane przez\" \/>\n\t<meta name=\"twitter:data1\" content=\"\u017baneta Mrozek-Siewierska\" \/>\n\t<meta name=\"twitter:label2\" content=\"Szacowany czas czytania\" \/>\n\t<meta name=\"twitter:data2\" content=\"2 minuty\" \/>\n<script type=\"application\/ld+json\" class=\"yoast-schema-graph\">{\"@context\":\"https:\\\/\\\/schema.org\",\"@graph\":[{\"@type\":\"Article\",\"@id\":\"https:\\\/\\\/www.24gliwice.pl\\\/wiadomosci\\\/urzednicy-chwala-sie-uruchomieniem-geoportalu-dla-rowerzystow-niestety-jest-tam-sporo-bledow\\\/#article\",\"isPartOf\":{\"@id\":\"https:\\\/\\\/www.24gliwice.pl\\\/wiadomosci\\\/urzednicy-chwala-sie-uruchomieniem-geoportalu-dla-rowerzystow-niestety-jest-tam-sporo-bledow\\\/\"},\"author\":{\"name\":\"\u017baneta Mrozek-Siewierska\",\"@id\":\"https:\\\/\\\/www.24gliwice.pl\\\/wiadomosci\\\/#\\\/schema\\\/person\\\/e42c650edd7f2fa332be3811fb166b6e\"},\"headline\":\"Urz\u0119dnicy chwal\u0105 si\u0119 uruchomieniem geoportalu dla rowerzyst\u00f3w. Niestety, jest tam sporo b\u0142\u0119d\u00f3w\",\"datePublished\":\"2017-11-10T10:37:10+00:00\",\"dateModified\":\"2017-11-13T20:16:52+00:00\",\"mainEntityOfPage\":{\"@id\":\"https:\\\/\\\/www.24gliwice.pl\\\/wiadomosci\\\/urzednicy-chwala-sie-uruchomieniem-geoportalu-dla-rowerzystow-niestety-jest-tam-sporo-bledow\\\/\"},\"wordCount\":394,\"commentCount\":0,\"publisher\":{\"@id\":\"https:\\\/\\\/www.24gliwice.pl\\\/wiadomosci\\\/#organization\"},\"image\":{\"@id\":\"https:\\\/\\\/www.24gliwice.pl\\\/wiadomosci\\\/urzednicy-chwala-sie-uruchomieniem-geoportalu-dla-rowerzystow-niestety-jest-tam-sporo-bledow\\\/#primaryimage\"},\"thumbnailUrl\":\"https:\\\/\\\/www.24gliwice.pl\\\/wiadomosci\\\/wp-content\\\/uploads\\\/2017\\\/11\\\/geoportal-rowerowy-e1510056873581.jpg\",\"keywords\":[\"DROGI ROWEROWE\",\"geoportal\",\"infrastruktura\"],\"articleSection\":[\"Gliwice\",\"Najnowsze wiadomo\u015bci\",\"Portal Gliwice - Wiadomo\u015bci lokalne\"],\"inLanguage\":\"pl-PL\",\"potentialAction\":[{\"@type\":\"CommentAction\",\"name\":\"Comment\",\"target\":[\"https:\\\/\\\/www.24gliwice.pl\\\/wiadomosci\\\/urzednicy-chwala-sie-uruchomieniem-geoportalu-dla-rowerzystow-niestety-jest-tam-sporo-bledow\\\/#respond\"]}]},{\"@type\":\"WebPage\",\"@id\":\"https:\\\/\\\/www.24gliwice.pl\\\/wiadomosci\\\/urzednicy-chwala-sie-uruchomieniem-geoportalu-dla-rowerzystow-niestety-jest-tam-sporo-bledow\\\/\",\"url\":\"https:\\\/\\\/www.24gliwice.pl\\\/wiadomosci\\\/urzednicy-chwala-sie-uruchomieniem-geoportalu-dla-rowerzystow-niestety-jest-tam-sporo-bledow\\\/\",\"name\":\"Urz\u0119dnicy chwal\u0105 si\u0119 uruchomieniem geoportalu dla rowerzyst\u00f3w. Niestety, jest tam sporo b\u0142\u0119d\u00f3w - 24GLIWICE - Portal Gliwice | codziennie nowe informacje\",\"isPartOf\":{\"@id\":\"https:\\\/\\\/www.24gliwice.pl\\\/wiadomosci\\\/#website\"},\"primaryImageOfPage\":{\"@id\":\"https:\\\/\\\/www.24gliwice.pl\\\/wiadomosci\\\/urzednicy-chwala-sie-uruchomieniem-geoportalu-dla-rowerzystow-niestety-jest-tam-sporo-bledow\\\/#primaryimage\"},\"image\":{\"@id\":\"https:\\\/\\\/www.24gliwice.pl\\\/wiadomosci\\\/urzednicy-chwala-sie-uruchomieniem-geoportalu-dla-rowerzystow-niestety-jest-tam-sporo-bledow\\\/#primaryimage\"},\"thumbnailUrl\":\"https:\\\/\\\/www.24gliwice.pl\\\/wiadomosci\\\/wp-content\\\/uploads\\\/2017\\\/11\\\/geoportal-rowerowy-e1510056873581.jpg\",\"datePublished\":\"2017-11-10T10:37:10+00:00\",\"dateModified\":\"2017-11-13T20:16:52+00:00\",\"breadcrumb\":{\"@id\":\"https:\\\/\\\/www.24gliwice.pl\\\/wiadomosci\\\/urzednicy-chwala-sie-uruchomieniem-geoportalu-dla-rowerzystow-niestety-jest-tam-sporo-bledow\\\/#breadcrumb\"},\"inLanguage\":\"pl-PL\",\"potentialAction\":[{\"@type\":\"ReadAction\",\"target\":[\"https:\\\/\\\/www.24gliwice.pl\\\/wiadomosci\\\/urzednicy-chwala-sie-uruchomieniem-geoportalu-dla-rowerzystow-niestety-jest-tam-sporo-bledow\\\/\"]}]},{\"@type\":\"ImageObject\",\"inLanguage\":\"pl-PL\",\"@id\":\"https:\\\/\\\/www.24gliwice.pl\\\/wiadomosci\\\/urzednicy-chwala-sie-uruchomieniem-geoportalu-dla-rowerzystow-niestety-jest-tam-sporo-bledow\\\/#primaryimage\",\"url\":\"https:\\\/\\\/www.24gliwice.pl\\\/wiadomosci\\\/wp-content\\\/uploads\\\/2017\\\/11\\\/geoportal-rowerowy-e1510056873581.jpg\",\"contentUrl\":\"https:\\\/\\\/www.24gliwice.pl\\\/wiadomosci\\\/wp-content\\\/uploads\\\/2017\\\/11\\\/geoportal-rowerowy-e1510056873581.jpg\",\"width\":810,\"height\":455},{\"@type\":\"BreadcrumbList\",\"@id\":\"https:\\\/\\\/www.24gliwice.pl\\\/wiadomosci\\\/urzednicy-chwala-sie-uruchomieniem-geoportalu-dla-rowerzystow-niestety-jest-tam-sporo-bledow\\\/#breadcrumb\",\"itemListElement\":[{\"@type\":\"ListItem\",\"position\":1,\"name\":\"Strona g\u0142\u00f3wna\",\"item\":\"https:\\\/\\\/www.24gliwice.pl\\\/wiadomosci\\\/\"},{\"@type\":\"ListItem\",\"position\":2,\"name\":\"Urz\u0119dnicy chwal\u0105 si\u0119 uruchomieniem geoportalu dla rowerzyst\u00f3w. Niestety, jest tam sporo b\u0142\u0119d\u00f3w\"}]},{\"@type\":\"WebSite\",\"@id\":\"https:\\\/\\\/www.24gliwice.pl\\\/wiadomosci\\\/#website\",\"url\":\"https:\\\/\\\/www.24gliwice.pl\\\/wiadomosci\\\/\",\"name\":\"24GLIWICE - Portal Gliwice | codziennie nowe wiadomo\u015bci\",\"description\":\"Portal Miejski Gliwice\",\"publisher\":{\"@id\":\"https:\\\/\\\/www.24gliwice.pl\\\/wiadomosci\\\/#organization\"},\"potentialAction\":[{\"@type\":\"SearchAction\",\"target\":{\"@type\":\"EntryPoint\",\"urlTemplate\":\"https:\\\/\\\/www.24gliwice.pl\\\/wiadomosci\\\/?s={search_term_string}\"},\"query-input\":{\"@type\":\"PropertyValueSpecification\",\"valueRequired\":true,\"valueName\":\"search_term_string\"}}],\"inLanguage\":\"pl-PL\"},{\"@type\":\"Organization\",\"@id\":\"https:\\\/\\\/www.24gliwice.pl\\\/wiadomosci\\\/#organization\",\"name\":\"24gliwice\",\"url\":\"https:\\\/\\\/www.24gliwice.pl\\\/wiadomosci\\\/\",\"logo\":{\"@type\":\"ImageObject\",\"inLanguage\":\"pl-PL\",\"@id\":\"https:\\\/\\\/www.24gliwice.pl\\\/wiadomosci\\\/#\\\/schema\\\/logo\\\/image\\\/\",\"url\":\"https:\\\/\\\/www.24gliwice.pl\\\/wiadomosci\\\/wp-content\\\/uploads\\\/2024\\\/10\\\/24gliwice-logo-696.jpg\",\"contentUrl\":\"https:\\\/\\\/www.24gliwice.pl\\\/wiadomosci\\\/wp-content\\\/uploads\\\/2024\\\/10\\\/24gliwice-logo-696.jpg\",\"width\":696,\"height\":696,\"caption\":\"24gliwice\"},\"image\":{\"@id\":\"https:\\\/\\\/www.24gliwice.pl\\\/wiadomosci\\\/#\\\/schema\\\/logo\\\/image\\\/\"},\"sameAs\":[\"https:\\\/\\\/www.facebook.com\\\/24gliwice\",\"https:\\\/\\\/x.com\\\/24gliwice\",\"https:\\\/\\\/www.youtube.com\\\/@24gliwice\"]},{\"@type\":\"Person\",\"@id\":\"https:\\\/\\\/www.24gliwice.pl\\\/wiadomosci\\\/#\\\/schema\\\/person\\\/e42c650edd7f2fa332be3811fb166b6e\",\"name\":\"\u017baneta Mrozek-Siewierska\",\"image\":{\"@type\":\"ImageObject\",\"inLanguage\":\"pl-PL\",\"@id\":\"https:\\\/\\\/secure.gravatar.com\\\/avatar\\\/1881429e9c64597c77ad7aef2d0a19be69a3253e57534d16aa15bf3a4d34a0a3?s=96&d=mm&r=g\",\"url\":\"https:\\\/\\\/secure.gravatar.com\\\/avatar\\\/1881429e9c64597c77ad7aef2d0a19be69a3253e57534d16aa15bf3a4d34a0a3?s=96&d=mm&r=g\",\"contentUrl\":\"https:\\\/\\\/secure.gravatar.com\\\/avatar\\\/1881429e9c64597c77ad7aef2d0a19be69a3253e57534d16aa15bf3a4d34a0a3?s=96&d=mm&r=g\",\"caption\":\"\u017baneta Mrozek-Siewierska\"},\"url\":\"https:\\\/\\\/www.24gliwice.pl\\\/wiadomosci\\\/author\\\/zms\\\/\"}]}<\/script>\n<!-- \/ Yoast SEO plugin. -->","yoast_head_json":{"title":"Urz\u0119dnicy chwal\u0105 si\u0119 uruchomieniem geoportalu dla rowerzyst\u00f3w. Niestety, jest tam sporo b\u0142\u0119d\u00f3w - 24GLIWICE - Portal Gliwice | codziennie nowe informacje","robots":{"index":"index","follow":"follow","max-snippet":"max-snippet:-1","max-image-preview":"max-image-preview:large","max-video-preview":"max-video-preview:-1"},"canonical":"https:\/\/www.24gliwice.pl\/wiadomosci\/urzednicy-chwala-sie-uruchomieniem-geoportalu-dla-rowerzystow-niestety-jest-tam-sporo-bledow\/","og_locale":"pl_PL","og_type":"article","og_title":"Urz\u0119dnicy chwal\u0105 si\u0119 uruchomieniem geoportalu dla rowerzyst\u00f3w. Niestety, jest tam sporo b\u0142\u0119d\u00f3w - 24GLIWICE - Portal Gliwice | codziennie nowe informacje","og_description":"Miejski System Informacji Przestrzennej wzbogaci\u0142 si\u0119 o geoportal, w kt\u00f3rym powinny si\u0119 znale\u017a\u0107 wszystkie informacje przydatne rowerzystom. Ciekawy pomys\u0142 wymaga jednak licznych poprawek. Trzeba przyzna\u0107, \u017ce w Gliwicach w temacie infrastruktury rowerowej ostatnio sporo si\u0119 dzieje. Pojawi\u0142 si\u0119 system wypo\u017cyczalni oraz nowe punkty, gdzie mo\u017cna dokona\u0107 samodzielnej naprawy jedno\u015bladu. Od marca z pewnym op\u00f3\u017anieniem realizowana [&hellip;]","og_url":"https:\/\/www.24gliwice.pl\/wiadomosci\/urzednicy-chwala-sie-uruchomieniem-geoportalu-dla-rowerzystow-niestety-jest-tam-sporo-bledow\/","og_site_name":"24GLIWICE - Portal Gliwice | codziennie nowe informacje","article_publisher":"https:\/\/www.facebook.com\/24gliwice","article_published_time":"2017-11-10T10:37:10+00:00","article_modified_time":"2017-11-13T20:16:52+00:00","og_image":[{"width":810,"height":455,"url":"https:\/\/www.24gliwice.pl\/wiadomosci\/wp-content\/uploads\/2017\/11\/geoportal-rowerowy-e1510056873581.jpg","type":"image\/jpeg"}],"author":"\u017baneta Mrozek-Siewierska","twitter_card":"summary_large_image","twitter_creator":"@24gliwice","twitter_site":"@24gliwice","twitter_misc":{"Napisane przez":"\u017baneta Mrozek-Siewierska","Szacowany czas czytania":"2 minuty"},"schema":{"@context":"https:\/\/schema.org","@graph":[{"@type":"Article","@id":"https:\/\/www.24gliwice.pl\/wiadomosci\/urzednicy-chwala-sie-uruchomieniem-geoportalu-dla-rowerzystow-niestety-jest-tam-sporo-bledow\/#article","isPartOf":{"@id":"https:\/\/www.24gliwice.pl\/wiadomosci\/urzednicy-chwala-sie-uruchomieniem-geoportalu-dla-rowerzystow-niestety-jest-tam-sporo-bledow\/"},"author":{"name":"\u017baneta Mrozek-Siewierska","@id":"https:\/\/www.24gliwice.pl\/wiadomosci\/#\/schema\/person\/e42c650edd7f2fa332be3811fb166b6e"},"headline":"Urz\u0119dnicy chwal\u0105 si\u0119 uruchomieniem geoportalu dla rowerzyst\u00f3w. Niestety, jest tam sporo b\u0142\u0119d\u00f3w","datePublished":"2017-11-10T10:37:10+00:00","dateModified":"2017-11-13T20:16:52+00:00","mainEntityOfPage":{"@id":"https:\/\/www.24gliwice.pl\/wiadomosci\/urzednicy-chwala-sie-uruchomieniem-geoportalu-dla-rowerzystow-niestety-jest-tam-sporo-bledow\/"},"wordCount":394,"commentCount":0,"publisher":{"@id":"https:\/\/www.24gliwice.pl\/wiadomosci\/#organization"},"image":{"@id":"https:\/\/www.24gliwice.pl\/wiadomosci\/urzednicy-chwala-sie-uruchomieniem-geoportalu-dla-rowerzystow-niestety-jest-tam-sporo-bledow\/#primaryimage"},"thumbnailUrl":"https:\/\/www.24gliwice.pl\/wiadomosci\/wp-content\/uploads\/2017\/11\/geoportal-rowerowy-e1510056873581.jpg","keywords":["DROGI ROWEROWE","geoportal","infrastruktura"],"articleSection":["Gliwice","Najnowsze wiadomo\u015bci","Portal Gliwice - Wiadomo\u015bci lokalne"],"inLanguage":"pl-PL","potentialAction":[{"@type":"CommentAction","name":"Comment","target":["https:\/\/www.24gliwice.pl\/wiadomosci\/urzednicy-chwala-sie-uruchomieniem-geoportalu-dla-rowerzystow-niestety-jest-tam-sporo-bledow\/#respond"]}]},{"@type":"WebPage","@id":"https:\/\/www.24gliwice.pl\/wiadomosci\/urzednicy-chwala-sie-uruchomieniem-geoportalu-dla-rowerzystow-niestety-jest-tam-sporo-bledow\/","url":"https:\/\/www.24gliwice.pl\/wiadomosci\/urzednicy-chwala-sie-uruchomieniem-geoportalu-dla-rowerzystow-niestety-jest-tam-sporo-bledow\/","name":"Urz\u0119dnicy chwal\u0105 si\u0119 uruchomieniem geoportalu dla rowerzyst\u00f3w. Niestety, jest tam sporo b\u0142\u0119d\u00f3w - 24GLIWICE - Portal Gliwice | codziennie nowe informacje","isPartOf":{"@id":"https:\/\/www.24gliwice.pl\/wiadomosci\/#website"},"primaryImageOfPage":{"@id":"https:\/\/www.24gliwice.pl\/wiadomosci\/urzednicy-chwala-sie-uruchomieniem-geoportalu-dla-rowerzystow-niestety-jest-tam-sporo-bledow\/#primaryimage"},"image":{"@id":"https:\/\/www.24gliwice.pl\/wiadomosci\/urzednicy-chwala-sie-uruchomieniem-geoportalu-dla-rowerzystow-niestety-jest-tam-sporo-bledow\/#primaryimage"},"thumbnailUrl":"https:\/\/www.24gliwice.pl\/wiadomosci\/wp-content\/uploads\/2017\/11\/geoportal-rowerowy-e1510056873581.jpg","datePublished":"2017-11-10T10:37:10+00:00","dateModified":"2017-11-13T20:16:52+00:00","breadcrumb":{"@id":"https:\/\/www.24gliwice.pl\/wiadomosci\/urzednicy-chwala-sie-uruchomieniem-geoportalu-dla-rowerzystow-niestety-jest-tam-sporo-bledow\/#breadcrumb"},"inLanguage":"pl-PL","potentialAction":[{"@type":"ReadAction","target":["https:\/\/www.24gliwice.pl\/wiadomosci\/urzednicy-chwala-sie-uruchomieniem-geoportalu-dla-rowerzystow-niestety-jest-tam-sporo-bledow\/"]}]},{"@type":"ImageObject","inLanguage":"pl-PL","@id":"https:\/\/www.24gliwice.pl\/wiadomosci\/urzednicy-chwala-sie-uruchomieniem-geoportalu-dla-rowerzystow-niestety-jest-tam-sporo-bledow\/#primaryimage","url":"https:\/\/www.24gliwice.pl\/wiadomosci\/wp-content\/uploads\/2017\/11\/geoportal-rowerowy-e1510056873581.jpg","contentUrl":"https:\/\/www.24gliwice.pl\/wiadomosci\/wp-content\/uploads\/2017\/11\/geoportal-rowerowy-e1510056873581.jpg","width":810,"height":455},{"@type":"BreadcrumbList","@id":"https:\/\/www.24gliwice.pl\/wiadomosci\/urzednicy-chwala-sie-uruchomieniem-geoportalu-dla-rowerzystow-niestety-jest-tam-sporo-bledow\/#breadcrumb","itemListElement":[{"@type":"ListItem","position":1,"name":"Strona g\u0142\u00f3wna","item":"https:\/\/www.24gliwice.pl\/wiadomosci\/"},{"@type":"ListItem","position":2,"name":"Urz\u0119dnicy chwal\u0105 si\u0119 uruchomieniem geoportalu dla rowerzyst\u00f3w. Niestety, jest tam sporo b\u0142\u0119d\u00f3w"}]},{"@type":"WebSite","@id":"https:\/\/www.24gliwice.pl\/wiadomosci\/#website","url":"https:\/\/www.24gliwice.pl\/wiadomosci\/","name":"24GLIWICE - Portal Gliwice | codziennie nowe wiadomo\u015bci","description":"Portal Miejski Gliwice","publisher":{"@id":"https:\/\/www.24gliwice.pl\/wiadomosci\/#organization"},"potentialAction":[{"@type":"SearchAction","target":{"@type":"EntryPoint","urlTemplate":"https:\/\/www.24gliwice.pl\/wiadomosci\/?s={search_term_string}"},"query-input":{"@type":"PropertyValueSpecification","valueRequired":true,"valueName":"search_term_string"}}],"inLanguage":"pl-PL"},{"@type":"Organization","@id":"https:\/\/www.24gliwice.pl\/wiadomosci\/#organization","name":"24gliwice","url":"https:\/\/www.24gliwice.pl\/wiadomosci\/","logo":{"@type":"ImageObject","inLanguage":"pl-PL","@id":"https:\/\/www.24gliwice.pl\/wiadomosci\/#\/schema\/logo\/image\/","url":"https:\/\/www.24gliwice.pl\/wiadomosci\/wp-content\/uploads\/2024\/10\/24gliwice-logo-696.jpg","contentUrl":"https:\/\/www.24gliwice.pl\/wiadomosci\/wp-content\/uploads\/2024\/10\/24gliwice-logo-696.jpg","width":696,"height":696,"caption":"24gliwice"},"image":{"@id":"https:\/\/www.24gliwice.pl\/wiadomosci\/#\/schema\/logo\/image\/"},"sameAs":["https:\/\/www.facebook.com\/24gliwice","https:\/\/x.com\/24gliwice","https:\/\/www.youtube.com\/@24gliwice"]},{"@type":"Person","@id":"https:\/\/www.24gliwice.pl\/wiadomosci\/#\/schema\/person\/e42c650edd7f2fa332be3811fb166b6e","name":"\u017baneta Mrozek-Siewierska","image":{"@type":"ImageObject","inLanguage":"pl-PL","@id":"https:\/\/secure.gravatar.com\/avatar\/1881429e9c64597c77ad7aef2d0a19be69a3253e57534d16aa15bf3a4d34a0a3?s=96&d=mm&r=g","url":"https:\/\/secure.gravatar.com\/avatar\/1881429e9c64597c77ad7aef2d0a19be69a3253e57534d16aa15bf3a4d34a0a3?s=96&d=mm&r=g","contentUrl":"https:\/\/secure.gravatar.com\/avatar\/1881429e9c64597c77ad7aef2d0a19be69a3253e57534d16aa15bf3a4d34a0a3?s=96&d=mm&r=g","caption":"\u017baneta Mrozek-Siewierska"},"url":"https:\/\/www.24gliwice.pl\/wiadomosci\/author\/zms\/"}]}},"_links":{"self":[{"href":"https:\/\/www.24gliwice.pl\/wiadomosci\/wp-json\/wp\/v2\/posts\/107358","targetHints":{"allow":["GET"]}}],"collection":[{"href":"https:\/\/www.24gliwice.pl\/wiadomosci\/wp-json\/wp\/v2\/posts"}],"about":[{"href":"https:\/\/www.24gliwice.pl\/wiadomosci\/wp-json\/wp\/v2\/types\/post"}],"author":[{"embeddable":true,"href":"https:\/\/www.24gliwice.pl\/wiadomosci\/wp-json\/wp\/v2\/users\/15"}],"replies":[{"embeddable":true,"href":"https:\/\/www.24gliwice.pl\/wiadomosci\/wp-json\/wp\/v2\/comments?post=107358"}],"version-history":[{"count":0,"href":"https:\/\/www.24gliwice.pl\/wiadomosci\/wp-json\/wp\/v2\/posts\/107358\/revisions"}],"wp:featuredmedia":[{"embeddable":true,"href":"https:\/\/www.24gliwice.pl\/wiadomosci\/wp-json\/wp\/v2\/media\/107360"}],"wp:attachment":[{"href":"https:\/\/www.24gliwice.pl\/wiadomosci\/wp-json\/wp\/v2\/media?parent=107358"}],"wp:term":[{"taxonomy":"category","embeddable":true,"href":"https:\/\/www.24gliwice.pl\/wiadomosci\/wp-json\/wp\/v2\/categories?post=107358"},{"taxonomy":"post_tag","embeddable":true,"href":"https:\/\/www.24gliwice.pl\/wiadomosci\/wp-json\/wp\/v2\/tags?post=107358"}],"curies":[{"name":"wp","href":"https:\/\/api.w.org\/{rel}","templated":true}]}}