{"id":107504,"date":"2017-11-13T02:43:22","date_gmt":"2017-11-13T01:43:22","guid":{"rendered":"http:\/\/www.24gliwice.pl\/wiadomosci\/?p=107504"},"modified":"2017-11-13T02:43:22","modified_gmt":"2017-11-13T01:43:22","slug":"ikar-rozwija-skrzydla-jego-rozbudowa-zakonczy-sie-jeszcze-w-tym-roku","status":"publish","type":"post","link":"https:\/\/www.24gliwice.pl\/wiadomosci\/ikar-rozwija-skrzydla-jego-rozbudowa-zakonczy-sie-jeszcze-w-tym-roku\/","title":{"rendered":"IKAR rozwija skrzyd\u0142a. Jego rozbudowa zako\u0144czy si\u0119 jeszcze w tym roku"},"content":{"rendered":"<div class=\"gliwi-a6-nad-leadem-artykulow gliwi-entity-placement\" id=\"gliwi-1320790629\"><div class=\"gliwi-adlabel\"><span style=\"font-size: 9px\">REKLAMA<\/span><\/div><div id=\"gliwi-2324808158\" style=\"margin-bottom: 30px;margin-left: auto;margin-right: auto;text-align: center;\"><a data-no-instant=\"1\" href=\"https:\/\/przedszkole.halogen.org.pl\/\" rel=\"noopener\" class=\"a2t-link\" target=\"_blank\" aria-label=\"20260402-ANIMATOR-przedszkole_grafika_750x200\"><img loading=\"lazy\" decoding=\"async\" src=\"https:\/\/www.24gliwice.pl\/wiadomosci\/wp-content\/uploads\/2026\/04\/20260402-ANIMATOR-przedszkole_grafika_750x200.webp\" alt=\"\"  srcset=\"https:\/\/www.24gliwice.pl\/wiadomosci\/wp-content\/uploads\/2026\/04\/20260402-ANIMATOR-przedszkole_grafika_750x200.webp 750w, https:\/\/www.24gliwice.pl\/wiadomosci\/wp-content\/uploads\/2026\/04\/20260402-ANIMATOR-przedszkole_grafika_750x200-410x109.webp 410w\" sizes=\"(max-width: 750px) 100vw, 750px\" class=\"no-lazyload\" width=\"750\" height=\"200\"  style=\"display: inline-block; max-width: 100%; height: auto;\" \/><\/a><\/div><\/div><h3>Dom Handlowy Ikar powi\u0119kszy si\u0119 o blisko 1225 m2. Tyle wyniesie powierzchnia nowej cz\u0119\u015bci obiektu, kt\u00f3ra powstaje w\u0142a\u015bnie od strony ul. K\u0142odnickiej.<\/h3>\n<p>&#8211; B\u0119dzie nawi\u0105zywa\u0107 stylem do istniej\u0105cej cz\u0119\u015bci i podkre\u015bla\u0107 industrialny charakter budynku &#8211; m\u00f3wi nam <strong>Beata Cierpia\u0142<\/strong>, prezes Domu Handlowego \u201eIKAR\u201d A.C. Salich Sp. z o.o., administratora i w\u0142a\u015bciciela obiektu. &#8211; Wszystkie podejmowane dzia\u0142ania by\u0142y konsultowane z Wojew\u00f3dzkim Konserwatorem Zabytk\u00f3w &#8211; podkre\u015bla. <\/p>\n<p>Rozbudowa powinna zako\u0144czy\u0107 si\u0119 w tym roku. Od stycznia nowa powierzchnia b\u0119dzie wynajmowana firmie SAP Hybris, kt\u00f3ra od 2014 roku zajmuje ju\u017c cztery dotychczasowe pi\u0119tra budynku (swoje miejsce w Ikarze ma tak\u017ce na parterze drogeria Rossmann, a w piwnicy kr\u0119gielnia).<\/p><div class=\"gliwi-a3-w-tresci-artykulow gliwi-entity-placement\" id=\"gliwi-3556041301\"><div class=\"gliwi-adlabel\"><span style=\"font-size: 9px\">REKLAMA<\/span><\/div><div id=\"gliwi-3285936795\" style=\"margin-bottom: 30px;margin-left: auto;margin-right: auto;text-align: center;\"><a data-no-instant=\"1\" href=\"https:\/\/zlobek.halogen.org.pl\/\" rel=\"noopener\" class=\"a2t-link\" target=\"_blank\" aria-label=\"animator-zlobek_750x200\"><img loading=\"lazy\" decoding=\"async\" src=\"https:\/\/www.24gliwice.pl\/wiadomosci\/wp-content\/uploads\/2026\/02\/animator-zlobek_750x200.webp\" alt=\"\"  srcset=\"https:\/\/www.24gliwice.pl\/wiadomosci\/wp-content\/uploads\/2026\/02\/animator-zlobek_750x200.webp 750w, https:\/\/www.24gliwice.pl\/wiadomosci\/wp-content\/uploads\/2026\/02\/animator-zlobek_750x200-410x109.webp 410w\" sizes=\"(max-width: 750px) 100vw, 750px\" class=\"no-lazyload\" width=\"750\" height=\"200\"  style=\"display: inline-block; max-width: 100%; height: auto;\" \/><\/a><\/div><\/div>\n<p>Wiele wskazuje, \u017ce nawi\u0105zanie wsp\u00f3\u0142pracy z SAP Hybris (w\u00f3wczas Hybris Software) by\u0142o punktem zwrotnym w najnowszej historii domu handlowego przy ul. Zwyci\u0119stwa. Przez lata, mimo gruntownej modernizacji, najemc\u00f3w w &#8220;Ikarze&#8221; by\u0142o jak na lekarstwo. <\/p>\n<p>&#8211; Na ul. Zwyci\u0119stwa bank goni bank, brakowa\u0142o klient\u00f3w, m.in. dlatego zdecydowali\u015bmy si\u0119 na udost\u0119pnienie powierzchni du\u017cemu najemcy. Trzeba by\u0142o \u201estan\u0105\u0107 na nogi\u201d i zacz\u0105\u0107 \u017cy\u0107 \u2013 m\u00f3wi\u0142a nam w 2014 roku Beata Cierpia\u0142.<\/p>\n<p><img loading=\"lazy\" decoding=\"async\" src=\"http:\/\/www.24gliwice.pl\/wiadomosci\/wp-content\/uploads\/2017\/11\/1-ikar.jpg\" alt=\"\" width=\"810\" height=\"456\" class=\"aligncenter size-full wp-image-107581\" srcset=\"https:\/\/www.24gliwice.pl\/wiadomosci\/wp-content\/uploads\/2017\/11\/1-ikar.jpg 810w, https:\/\/www.24gliwice.pl\/wiadomosci\/wp-content\/uploads\/2017\/11\/1-ikar-410x232.jpg 410w, https:\/\/www.24gliwice.pl\/wiadomosci\/wp-content\/uploads\/2017\/11\/1-ikar-768x432.jpg 768w, https:\/\/www.24gliwice.pl\/wiadomosci\/wp-content\/uploads\/2017\/11\/1-ikar-808x455.jpg 808w\" sizes=\"auto, (max-width: 810px) 100vw, 810px\" \/><\/p>\n<p>Gdy &#8220;Ikar&#8221; zawiera\u0142 wsp\u00f3\u0142prac\u0119 z potentatem bran\u017cy e-commerce, spore nadzieje wi\u0105zano tak\u017ce z o\u017cywieniem g\u0142\u00f3wnej ulicy miasta. Technologie IT koncentrowane dotychczas by\u0142y daleko poza centrum miasta, w &#8220;Nowych Gliwicach&#8221; przy ul. Bojkowskiej. Czas jednak pokaza\u0142, \u017ce jeden &#8220;Hybris&#8221; Zwyci\u0119stwa nie odmieni, ale jego obecno\u015b\u0107 mo\u017ce by\u0107 ku temu pierwszym krokiem, a przestrze\u0144 dla innowacji pojawi si\u0119 tak\u017ce w centrum miasta. Takie przynajmniej jest jedno z g\u0142\u00f3wnych za\u0142o\u017ce\u0144 dla teren\u00f3w po dawnej Fabryce Drutu przy ul. Dubois (w s\u0105siedztwie DT\u015a). Do zagospodarowania jest ok. 2,5 ha.  <\/p>\n<p><strong>Micha\u0142 Szewczyk<\/strong><\/p>\n<p><em>Obecny Dom Handlowy Ikar zosta\u0142 zaprojektowany przez Justusa Fiedlera, a wzniesiono go w 1928 roku. By\u0142 to pierwszy dom handlowy w Gliwicach, a jego modernistyczna bry\u0142a architektoniczna wyznacza\u0142a trendy dla kolejnych budowli przeznaczonych do prowadzenia dzia\u0142alno\u015bci handlowej. Przed wojn\u0105 obiekt funkcjonowa\u0142 pod nazw\u0105 DeFaKa-Kaufhaus, a do 1933 roku by\u0142 w\u0142asno\u015bci\u0105 globalnego koncernu F.W. Woolworth Co. Pod piecz\u0119 obecnego w\u0142a\u015bciciela, sp\u00f3\u0142ki Dom Handlowy \u201eIkar\u201d A.C. Salich obiekt przeszed\u0142 na pocz\u0105tku lat 90 XX wieku.<\/em><\/p>\n<div class=\"gliwi-a5-na-koncu-artykulow gliwi-entity-placement\" id=\"gliwi-180255021\"><div class=\"gliwi-adlabel\"><span style=\"font-size: 9px\">REKLAMA<\/span><\/div><div id=\"gliwi-3478264911\" style=\"margin-left: auto;margin-right: auto;text-align: center;\"><a data-no-instant=\"1\" href=\"https:\/\/prezeroarenagliwice.pl\/\" rel=\"noopener\" class=\"a2t-link\" target=\"_blank\" aria-label=\"20260309-PREZERO-WIOSNA-D\"><img loading=\"lazy\" decoding=\"async\" src=\"https:\/\/www.24gliwice.pl\/wiadomosci\/wp-content\/uploads\/2026\/03\/20260309-PREZERO-WIOSNA-D.webp\" alt=\"\"  srcset=\"https:\/\/www.24gliwice.pl\/wiadomosci\/wp-content\/uploads\/2026\/03\/20260309-PREZERO-WIOSNA-D.webp 750w, https:\/\/www.24gliwice.pl\/wiadomosci\/wp-content\/uploads\/2026\/03\/20260309-PREZERO-WIOSNA-D-410x109.webp 410w\" sizes=\"(max-width: 750px) 100vw, 750px\" class=\"no-lazyload\" width=\"750\" height=\"200\"  style=\"display: inline-block; max-width: 100%; height: auto;\" \/><\/a><\/div><\/div>","protected":false},"excerpt":{"rendered":"<p>Dom Handlowy Ikar powi\u0119kszy si\u0119 o blisko 1225 m2. Tyle wyniesie powierzchnia nowej cz\u0119\u015bci obiektu, kt\u00f3ra powstaje w\u0142a\u015bnie od strony ul. K\u0142odnickiej. &#8211; B\u0119dzie nawi\u0105zywa\u0107 stylem do istniej\u0105cej cz\u0119\u015bci i podkre\u015bla\u0107 industrialny charakter budynku &#8211; m\u00f3wi nam Beata Cierpia\u0142, prezes Domu Handlowego \u201eIKAR\u201d A.C. Salich Sp. z o.o., administratora i w\u0142a\u015bciciela obiektu. &#8211; Wszystkie podejmowane [&hellip;]<\/p>\n","protected":false},"author":12,"featured_media":107505,"comment_status":"open","ping_status":"closed","sticky":false,"template":"","format":"standard","meta":{"_monsterinsights_skip_tracking":false,"_monsterinsights_sitenote_active":false,"_monsterinsights_sitenote_note":"","_monsterinsights_sitenote_category":0,"footnotes":"","_links_to":"","_links_to_target":""},"categories":[3,1,9],"tags":[5671,10638],"class_list":["post-107504","post","type-post","status-publish","format-standard","has-post-thumbnail","hentry","category-gliwice","category-wszystko","category-aktualnosci_lokalne","tag-beata-cierpial","tag-ikar-gliwice"],"yoast_head":"<!-- This site is optimized with the Yoast SEO plugin v27.5 - https:\/\/yoast.com\/product\/yoast-seo-wordpress\/ -->\n<title>IKAR rozwija skrzyd\u0142a. Jego rozbudowa zako\u0144czy si\u0119 jeszcze w tym roku - 24GLIWICE - Portal Gliwice | codziennie nowe informacje<\/title>\n<meta name=\"robots\" content=\"index, follow, max-snippet:-1, max-image-preview:large, max-video-preview:-1\" \/>\n<link rel=\"canonical\" href=\"https:\/\/www.24gliwice.pl\/wiadomosci\/ikar-rozwija-skrzydla-jego-rozbudowa-zakonczy-sie-jeszcze-w-tym-roku\/\" \/>\n<meta property=\"og:locale\" content=\"pl_PL\" \/>\n<meta property=\"og:type\" content=\"article\" \/>\n<meta property=\"og:title\" content=\"IKAR rozwija skrzyd\u0142a. Jego rozbudowa zako\u0144czy si\u0119 jeszcze w tym roku - 24GLIWICE - Portal Gliwice | codziennie nowe informacje\" \/>\n<meta property=\"og:description\" content=\"Dom Handlowy Ikar powi\u0119kszy si\u0119 o blisko 1225 m2. Tyle wyniesie powierzchnia nowej cz\u0119\u015bci obiektu, kt\u00f3ra powstaje w\u0142a\u015bnie od strony ul. K\u0142odnickiej. &#8211; B\u0119dzie nawi\u0105zywa\u0107 stylem do istniej\u0105cej cz\u0119\u015bci i podkre\u015bla\u0107 industrialny charakter budynku &#8211; m\u00f3wi nam Beata Cierpia\u0142, prezes Domu Handlowego \u201eIKAR\u201d A.C. Salich Sp. z o.o., administratora i w\u0142a\u015bciciela obiektu. &#8211; Wszystkie podejmowane [&hellip;]\" \/>\n<meta property=\"og:url\" content=\"https:\/\/www.24gliwice.pl\/wiadomosci\/ikar-rozwija-skrzydla-jego-rozbudowa-zakonczy-sie-jeszcze-w-tym-roku\/\" \/>\n<meta property=\"og:site_name\" content=\"24GLIWICE - Portal Gliwice | codziennie nowe informacje\" \/>\n<meta property=\"article:publisher\" content=\"https:\/\/www.facebook.com\/24gliwice\" \/>\n<meta property=\"article:published_time\" content=\"2017-11-13T01:43:22+00:00\" \/>\n<meta property=\"og:image\" content=\"https:\/\/www.24gliwice.pl\/wiadomosci\/wp-content\/uploads\/2017\/11\/20171103_085904.jpg\" \/>\n\t<meta property=\"og:image:width\" content=\"1200\" \/>\n\t<meta property=\"og:image:height\" content=\"675\" \/>\n\t<meta property=\"og:image:type\" content=\"image\/jpeg\" \/>\n<meta name=\"author\" content=\"Micha\u0142 Szewczyk\" \/>\n<meta name=\"twitter:card\" content=\"summary_large_image\" \/>\n<meta name=\"twitter:creator\" content=\"@24gliwice\" \/>\n<meta name=\"twitter:site\" content=\"@24gliwice\" \/>\n<meta name=\"twitter:label1\" content=\"Napisane przez\" \/>\n\t<meta name=\"twitter:data1\" content=\"Micha\u0142 Szewczyk\" \/>\n\t<meta name=\"twitter:label2\" content=\"Szacowany czas czytania\" \/>\n\t<meta name=\"twitter:data2\" content=\"2 minuty\" \/>\n<script type=\"application\/ld+json\" class=\"yoast-schema-graph\">{\"@context\":\"https:\\\/\\\/schema.org\",\"@graph\":[{\"@type\":\"Article\",\"@id\":\"https:\\\/\\\/www.24gliwice.pl\\\/wiadomosci\\\/ikar-rozwija-skrzydla-jego-rozbudowa-zakonczy-sie-jeszcze-w-tym-roku\\\/#article\",\"isPartOf\":{\"@id\":\"https:\\\/\\\/www.24gliwice.pl\\\/wiadomosci\\\/ikar-rozwija-skrzydla-jego-rozbudowa-zakonczy-sie-jeszcze-w-tym-roku\\\/\"},\"author\":{\"name\":\"Micha\u0142 Szewczyk\",\"@id\":\"https:\\\/\\\/www.24gliwice.pl\\\/wiadomosci\\\/#\\\/schema\\\/person\\\/940e8f8a097e322de4f463f061ef8d45\"},\"headline\":\"IKAR rozwija skrzyd\u0142a. Jego rozbudowa zako\u0144czy si\u0119 jeszcze w tym roku\",\"datePublished\":\"2017-11-13T01:43:22+00:00\",\"mainEntityOfPage\":{\"@id\":\"https:\\\/\\\/www.24gliwice.pl\\\/wiadomosci\\\/ikar-rozwija-skrzydla-jego-rozbudowa-zakonczy-sie-jeszcze-w-tym-roku\\\/\"},\"wordCount\":408,\"commentCount\":0,\"publisher\":{\"@id\":\"https:\\\/\\\/www.24gliwice.pl\\\/wiadomosci\\\/#organization\"},\"image\":{\"@id\":\"https:\\\/\\\/www.24gliwice.pl\\\/wiadomosci\\\/ikar-rozwija-skrzydla-jego-rozbudowa-zakonczy-sie-jeszcze-w-tym-roku\\\/#primaryimage\"},\"thumbnailUrl\":\"https:\\\/\\\/www.24gliwice.pl\\\/wiadomosci\\\/wp-content\\\/uploads\\\/2017\\\/11\\\/20171103_085904.jpg\",\"keywords\":[\"beata cierpia\u0142\",\"ikar gliwice\"],\"articleSection\":[\"Gliwice\",\"Najnowsze wiadomo\u015bci\",\"Portal Gliwice - Wiadomo\u015bci lokalne\"],\"inLanguage\":\"pl-PL\",\"potentialAction\":[{\"@type\":\"CommentAction\",\"name\":\"Comment\",\"target\":[\"https:\\\/\\\/www.24gliwice.pl\\\/wiadomosci\\\/ikar-rozwija-skrzydla-jego-rozbudowa-zakonczy-sie-jeszcze-w-tym-roku\\\/#respond\"]}]},{\"@type\":\"WebPage\",\"@id\":\"https:\\\/\\\/www.24gliwice.pl\\\/wiadomosci\\\/ikar-rozwija-skrzydla-jego-rozbudowa-zakonczy-sie-jeszcze-w-tym-roku\\\/\",\"url\":\"https:\\\/\\\/www.24gliwice.pl\\\/wiadomosci\\\/ikar-rozwija-skrzydla-jego-rozbudowa-zakonczy-sie-jeszcze-w-tym-roku\\\/\",\"name\":\"IKAR rozwija skrzyd\u0142a. Jego rozbudowa zako\u0144czy si\u0119 jeszcze w tym roku - 24GLIWICE - Portal Gliwice | codziennie nowe informacje\",\"isPartOf\":{\"@id\":\"https:\\\/\\\/www.24gliwice.pl\\\/wiadomosci\\\/#website\"},\"primaryImageOfPage\":{\"@id\":\"https:\\\/\\\/www.24gliwice.pl\\\/wiadomosci\\\/ikar-rozwija-skrzydla-jego-rozbudowa-zakonczy-sie-jeszcze-w-tym-roku\\\/#primaryimage\"},\"image\":{\"@id\":\"https:\\\/\\\/www.24gliwice.pl\\\/wiadomosci\\\/ikar-rozwija-skrzydla-jego-rozbudowa-zakonczy-sie-jeszcze-w-tym-roku\\\/#primaryimage\"},\"thumbnailUrl\":\"https:\\\/\\\/www.24gliwice.pl\\\/wiadomosci\\\/wp-content\\\/uploads\\\/2017\\\/11\\\/20171103_085904.jpg\",\"datePublished\":\"2017-11-13T01:43:22+00:00\",\"breadcrumb\":{\"@id\":\"https:\\\/\\\/www.24gliwice.pl\\\/wiadomosci\\\/ikar-rozwija-skrzydla-jego-rozbudowa-zakonczy-sie-jeszcze-w-tym-roku\\\/#breadcrumb\"},\"inLanguage\":\"pl-PL\",\"potentialAction\":[{\"@type\":\"ReadAction\",\"target\":[\"https:\\\/\\\/www.24gliwice.pl\\\/wiadomosci\\\/ikar-rozwija-skrzydla-jego-rozbudowa-zakonczy-sie-jeszcze-w-tym-roku\\\/\"]}]},{\"@type\":\"ImageObject\",\"inLanguage\":\"pl-PL\",\"@id\":\"https:\\\/\\\/www.24gliwice.pl\\\/wiadomosci\\\/ikar-rozwija-skrzydla-jego-rozbudowa-zakonczy-sie-jeszcze-w-tym-roku\\\/#primaryimage\",\"url\":\"https:\\\/\\\/www.24gliwice.pl\\\/wiadomosci\\\/wp-content\\\/uploads\\\/2017\\\/11\\\/20171103_085904.jpg\",\"contentUrl\":\"https:\\\/\\\/www.24gliwice.pl\\\/wiadomosci\\\/wp-content\\\/uploads\\\/2017\\\/11\\\/20171103_085904.jpg\",\"width\":1200,\"height\":675},{\"@type\":\"BreadcrumbList\",\"@id\":\"https:\\\/\\\/www.24gliwice.pl\\\/wiadomosci\\\/ikar-rozwija-skrzydla-jego-rozbudowa-zakonczy-sie-jeszcze-w-tym-roku\\\/#breadcrumb\",\"itemListElement\":[{\"@type\":\"ListItem\",\"position\":1,\"name\":\"Strona g\u0142\u00f3wna\",\"item\":\"https:\\\/\\\/www.24gliwice.pl\\\/wiadomosci\\\/\"},{\"@type\":\"ListItem\",\"position\":2,\"name\":\"IKAR rozwija skrzyd\u0142a. Jego rozbudowa zako\u0144czy si\u0119 jeszcze w tym roku\"}]},{\"@type\":\"WebSite\",\"@id\":\"https:\\\/\\\/www.24gliwice.pl\\\/wiadomosci\\\/#website\",\"url\":\"https:\\\/\\\/www.24gliwice.pl\\\/wiadomosci\\\/\",\"name\":\"24GLIWICE - Portal Gliwice | codziennie nowe wiadomo\u015bci\",\"description\":\"Portal Miejski Gliwice\",\"publisher\":{\"@id\":\"https:\\\/\\\/www.24gliwice.pl\\\/wiadomosci\\\/#organization\"},\"potentialAction\":[{\"@type\":\"SearchAction\",\"target\":{\"@type\":\"EntryPoint\",\"urlTemplate\":\"https:\\\/\\\/www.24gliwice.pl\\\/wiadomosci\\\/?s={search_term_string}\"},\"query-input\":{\"@type\":\"PropertyValueSpecification\",\"valueRequired\":true,\"valueName\":\"search_term_string\"}}],\"inLanguage\":\"pl-PL\"},{\"@type\":\"Organization\",\"@id\":\"https:\\\/\\\/www.24gliwice.pl\\\/wiadomosci\\\/#organization\",\"name\":\"24gliwice\",\"url\":\"https:\\\/\\\/www.24gliwice.pl\\\/wiadomosci\\\/\",\"logo\":{\"@type\":\"ImageObject\",\"inLanguage\":\"pl-PL\",\"@id\":\"https:\\\/\\\/www.24gliwice.pl\\\/wiadomosci\\\/#\\\/schema\\\/logo\\\/image\\\/\",\"url\":\"https:\\\/\\\/www.24gliwice.pl\\\/wiadomosci\\\/wp-content\\\/uploads\\\/2024\\\/10\\\/24gliwice-logo-696.jpg\",\"contentUrl\":\"https:\\\/\\\/www.24gliwice.pl\\\/wiadomosci\\\/wp-content\\\/uploads\\\/2024\\\/10\\\/24gliwice-logo-696.jpg\",\"width\":696,\"height\":696,\"caption\":\"24gliwice\"},\"image\":{\"@id\":\"https:\\\/\\\/www.24gliwice.pl\\\/wiadomosci\\\/#\\\/schema\\\/logo\\\/image\\\/\"},\"sameAs\":[\"https:\\\/\\\/www.facebook.com\\\/24gliwice\",\"https:\\\/\\\/x.com\\\/24gliwice\",\"https:\\\/\\\/www.youtube.com\\\/@24gliwice\"]},{\"@type\":\"Person\",\"@id\":\"https:\\\/\\\/www.24gliwice.pl\\\/wiadomosci\\\/#\\\/schema\\\/person\\\/940e8f8a097e322de4f463f061ef8d45\",\"name\":\"Micha\u0142 Szewczyk\",\"image\":{\"@type\":\"ImageObject\",\"inLanguage\":\"pl-PL\",\"@id\":\"https:\\\/\\\/secure.gravatar.com\\\/avatar\\\/771b8b6c74cd8d255e46392d605e01a86133900ef09b6ef3c8d451c9d92288cf?s=96&d=mm&r=g\",\"url\":\"https:\\\/\\\/secure.gravatar.com\\\/avatar\\\/771b8b6c74cd8d255e46392d605e01a86133900ef09b6ef3c8d451c9d92288cf?s=96&d=mm&r=g\",\"contentUrl\":\"https:\\\/\\\/secure.gravatar.com\\\/avatar\\\/771b8b6c74cd8d255e46392d605e01a86133900ef09b6ef3c8d451c9d92288cf?s=96&d=mm&r=g\",\"caption\":\"Micha\u0142 Szewczyk\"},\"sameAs\":[\"http:\\\/\\\/www.gazeta-miejska.pl\"],\"url\":\"https:\\\/\\\/www.24gliwice.pl\\\/wiadomosci\\\/author\\\/michal-szewczyk\\\/\"}]}<\/script>\n<!-- \/ Yoast SEO plugin. -->","yoast_head_json":{"title":"IKAR rozwija skrzyd\u0142a. Jego rozbudowa zako\u0144czy si\u0119 jeszcze w tym roku - 24GLIWICE - Portal Gliwice | codziennie nowe informacje","robots":{"index":"index","follow":"follow","max-snippet":"max-snippet:-1","max-image-preview":"max-image-preview:large","max-video-preview":"max-video-preview:-1"},"canonical":"https:\/\/www.24gliwice.pl\/wiadomosci\/ikar-rozwija-skrzydla-jego-rozbudowa-zakonczy-sie-jeszcze-w-tym-roku\/","og_locale":"pl_PL","og_type":"article","og_title":"IKAR rozwija skrzyd\u0142a. Jego rozbudowa zako\u0144czy si\u0119 jeszcze w tym roku - 24GLIWICE - Portal Gliwice | codziennie nowe informacje","og_description":"Dom Handlowy Ikar powi\u0119kszy si\u0119 o blisko 1225 m2. Tyle wyniesie powierzchnia nowej cz\u0119\u015bci obiektu, kt\u00f3ra powstaje w\u0142a\u015bnie od strony ul. K\u0142odnickiej. &#8211; B\u0119dzie nawi\u0105zywa\u0107 stylem do istniej\u0105cej cz\u0119\u015bci i podkre\u015bla\u0107 industrialny charakter budynku &#8211; m\u00f3wi nam Beata Cierpia\u0142, prezes Domu Handlowego \u201eIKAR\u201d A.C. Salich Sp. z o.o., administratora i w\u0142a\u015bciciela obiektu. &#8211; Wszystkie podejmowane [&hellip;]","og_url":"https:\/\/www.24gliwice.pl\/wiadomosci\/ikar-rozwija-skrzydla-jego-rozbudowa-zakonczy-sie-jeszcze-w-tym-roku\/","og_site_name":"24GLIWICE - Portal Gliwice | codziennie nowe informacje","article_publisher":"https:\/\/www.facebook.com\/24gliwice","article_published_time":"2017-11-13T01:43:22+00:00","og_image":[{"width":1200,"height":675,"url":"https:\/\/www.24gliwice.pl\/wiadomosci\/wp-content\/uploads\/2017\/11\/20171103_085904.jpg","type":"image\/jpeg"}],"author":"Micha\u0142 Szewczyk","twitter_card":"summary_large_image","twitter_creator":"@24gliwice","twitter_site":"@24gliwice","twitter_misc":{"Napisane przez":"Micha\u0142 Szewczyk","Szacowany czas czytania":"2 minuty"},"schema":{"@context":"https:\/\/schema.org","@graph":[{"@type":"Article","@id":"https:\/\/www.24gliwice.pl\/wiadomosci\/ikar-rozwija-skrzydla-jego-rozbudowa-zakonczy-sie-jeszcze-w-tym-roku\/#article","isPartOf":{"@id":"https:\/\/www.24gliwice.pl\/wiadomosci\/ikar-rozwija-skrzydla-jego-rozbudowa-zakonczy-sie-jeszcze-w-tym-roku\/"},"author":{"name":"Micha\u0142 Szewczyk","@id":"https:\/\/www.24gliwice.pl\/wiadomosci\/#\/schema\/person\/940e8f8a097e322de4f463f061ef8d45"},"headline":"IKAR rozwija skrzyd\u0142a. Jego rozbudowa zako\u0144czy si\u0119 jeszcze w tym roku","datePublished":"2017-11-13T01:43:22+00:00","mainEntityOfPage":{"@id":"https:\/\/www.24gliwice.pl\/wiadomosci\/ikar-rozwija-skrzydla-jego-rozbudowa-zakonczy-sie-jeszcze-w-tym-roku\/"},"wordCount":408,"commentCount":0,"publisher":{"@id":"https:\/\/www.24gliwice.pl\/wiadomosci\/#organization"},"image":{"@id":"https:\/\/www.24gliwice.pl\/wiadomosci\/ikar-rozwija-skrzydla-jego-rozbudowa-zakonczy-sie-jeszcze-w-tym-roku\/#primaryimage"},"thumbnailUrl":"https:\/\/www.24gliwice.pl\/wiadomosci\/wp-content\/uploads\/2017\/11\/20171103_085904.jpg","keywords":["beata cierpia\u0142","ikar gliwice"],"articleSection":["Gliwice","Najnowsze wiadomo\u015bci","Portal Gliwice - Wiadomo\u015bci lokalne"],"inLanguage":"pl-PL","potentialAction":[{"@type":"CommentAction","name":"Comment","target":["https:\/\/www.24gliwice.pl\/wiadomosci\/ikar-rozwija-skrzydla-jego-rozbudowa-zakonczy-sie-jeszcze-w-tym-roku\/#respond"]}]},{"@type":"WebPage","@id":"https:\/\/www.24gliwice.pl\/wiadomosci\/ikar-rozwija-skrzydla-jego-rozbudowa-zakonczy-sie-jeszcze-w-tym-roku\/","url":"https:\/\/www.24gliwice.pl\/wiadomosci\/ikar-rozwija-skrzydla-jego-rozbudowa-zakonczy-sie-jeszcze-w-tym-roku\/","name":"IKAR rozwija skrzyd\u0142a. Jego rozbudowa zako\u0144czy si\u0119 jeszcze w tym roku - 24GLIWICE - Portal Gliwice | codziennie nowe informacje","isPartOf":{"@id":"https:\/\/www.24gliwice.pl\/wiadomosci\/#website"},"primaryImageOfPage":{"@id":"https:\/\/www.24gliwice.pl\/wiadomosci\/ikar-rozwija-skrzydla-jego-rozbudowa-zakonczy-sie-jeszcze-w-tym-roku\/#primaryimage"},"image":{"@id":"https:\/\/www.24gliwice.pl\/wiadomosci\/ikar-rozwija-skrzydla-jego-rozbudowa-zakonczy-sie-jeszcze-w-tym-roku\/#primaryimage"},"thumbnailUrl":"https:\/\/www.24gliwice.pl\/wiadomosci\/wp-content\/uploads\/2017\/11\/20171103_085904.jpg","datePublished":"2017-11-13T01:43:22+00:00","breadcrumb":{"@id":"https:\/\/www.24gliwice.pl\/wiadomosci\/ikar-rozwija-skrzydla-jego-rozbudowa-zakonczy-sie-jeszcze-w-tym-roku\/#breadcrumb"},"inLanguage":"pl-PL","potentialAction":[{"@type":"ReadAction","target":["https:\/\/www.24gliwice.pl\/wiadomosci\/ikar-rozwija-skrzydla-jego-rozbudowa-zakonczy-sie-jeszcze-w-tym-roku\/"]}]},{"@type":"ImageObject","inLanguage":"pl-PL","@id":"https:\/\/www.24gliwice.pl\/wiadomosci\/ikar-rozwija-skrzydla-jego-rozbudowa-zakonczy-sie-jeszcze-w-tym-roku\/#primaryimage","url":"https:\/\/www.24gliwice.pl\/wiadomosci\/wp-content\/uploads\/2017\/11\/20171103_085904.jpg","contentUrl":"https:\/\/www.24gliwice.pl\/wiadomosci\/wp-content\/uploads\/2017\/11\/20171103_085904.jpg","width":1200,"height":675},{"@type":"BreadcrumbList","@id":"https:\/\/www.24gliwice.pl\/wiadomosci\/ikar-rozwija-skrzydla-jego-rozbudowa-zakonczy-sie-jeszcze-w-tym-roku\/#breadcrumb","itemListElement":[{"@type":"ListItem","position":1,"name":"Strona g\u0142\u00f3wna","item":"https:\/\/www.24gliwice.pl\/wiadomosci\/"},{"@type":"ListItem","position":2,"name":"IKAR rozwija skrzyd\u0142a. Jego rozbudowa zako\u0144czy si\u0119 jeszcze w tym roku"}]},{"@type":"WebSite","@id":"https:\/\/www.24gliwice.pl\/wiadomosci\/#website","url":"https:\/\/www.24gliwice.pl\/wiadomosci\/","name":"24GLIWICE - Portal Gliwice | codziennie nowe wiadomo\u015bci","description":"Portal Miejski Gliwice","publisher":{"@id":"https:\/\/www.24gliwice.pl\/wiadomosci\/#organization"},"potentialAction":[{"@type":"SearchAction","target":{"@type":"EntryPoint","urlTemplate":"https:\/\/www.24gliwice.pl\/wiadomosci\/?s={search_term_string}"},"query-input":{"@type":"PropertyValueSpecification","valueRequired":true,"valueName":"search_term_string"}}],"inLanguage":"pl-PL"},{"@type":"Organization","@id":"https:\/\/www.24gliwice.pl\/wiadomosci\/#organization","name":"24gliwice","url":"https:\/\/www.24gliwice.pl\/wiadomosci\/","logo":{"@type":"ImageObject","inLanguage":"pl-PL","@id":"https:\/\/www.24gliwice.pl\/wiadomosci\/#\/schema\/logo\/image\/","url":"https:\/\/www.24gliwice.pl\/wiadomosci\/wp-content\/uploads\/2024\/10\/24gliwice-logo-696.jpg","contentUrl":"https:\/\/www.24gliwice.pl\/wiadomosci\/wp-content\/uploads\/2024\/10\/24gliwice-logo-696.jpg","width":696,"height":696,"caption":"24gliwice"},"image":{"@id":"https:\/\/www.24gliwice.pl\/wiadomosci\/#\/schema\/logo\/image\/"},"sameAs":["https:\/\/www.facebook.com\/24gliwice","https:\/\/x.com\/24gliwice","https:\/\/www.youtube.com\/@24gliwice"]},{"@type":"Person","@id":"https:\/\/www.24gliwice.pl\/wiadomosci\/#\/schema\/person\/940e8f8a097e322de4f463f061ef8d45","name":"Micha\u0142 Szewczyk","image":{"@type":"ImageObject","inLanguage":"pl-PL","@id":"https:\/\/secure.gravatar.com\/avatar\/771b8b6c74cd8d255e46392d605e01a86133900ef09b6ef3c8d451c9d92288cf?s=96&d=mm&r=g","url":"https:\/\/secure.gravatar.com\/avatar\/771b8b6c74cd8d255e46392d605e01a86133900ef09b6ef3c8d451c9d92288cf?s=96&d=mm&r=g","contentUrl":"https:\/\/secure.gravatar.com\/avatar\/771b8b6c74cd8d255e46392d605e01a86133900ef09b6ef3c8d451c9d92288cf?s=96&d=mm&r=g","caption":"Micha\u0142 Szewczyk"},"sameAs":["http:\/\/www.gazeta-miejska.pl"],"url":"https:\/\/www.24gliwice.pl\/wiadomosci\/author\/michal-szewczyk\/"}]}},"_links":{"self":[{"href":"https:\/\/www.24gliwice.pl\/wiadomosci\/wp-json\/wp\/v2\/posts\/107504","targetHints":{"allow":["GET"]}}],"collection":[{"href":"https:\/\/www.24gliwice.pl\/wiadomosci\/wp-json\/wp\/v2\/posts"}],"about":[{"href":"https:\/\/www.24gliwice.pl\/wiadomosci\/wp-json\/wp\/v2\/types\/post"}],"author":[{"embeddable":true,"href":"https:\/\/www.24gliwice.pl\/wiadomosci\/wp-json\/wp\/v2\/users\/12"}],"replies":[{"embeddable":true,"href":"https:\/\/www.24gliwice.pl\/wiadomosci\/wp-json\/wp\/v2\/comments?post=107504"}],"version-history":[{"count":0,"href":"https:\/\/www.24gliwice.pl\/wiadomosci\/wp-json\/wp\/v2\/posts\/107504\/revisions"}],"wp:featuredmedia":[{"embeddable":true,"href":"https:\/\/www.24gliwice.pl\/wiadomosci\/wp-json\/wp\/v2\/media\/107505"}],"wp:attachment":[{"href":"https:\/\/www.24gliwice.pl\/wiadomosci\/wp-json\/wp\/v2\/media?parent=107504"}],"wp:term":[{"taxonomy":"category","embeddable":true,"href":"https:\/\/www.24gliwice.pl\/wiadomosci\/wp-json\/wp\/v2\/categories?post=107504"},{"taxonomy":"post_tag","embeddable":true,"href":"https:\/\/www.24gliwice.pl\/wiadomosci\/wp-json\/wp\/v2\/tags?post=107504"}],"curies":[{"name":"wp","href":"https:\/\/api.w.org\/{rel}","templated":true}]}}