{"id":107688,"date":"2017-11-15T02:47:43","date_gmt":"2017-11-15T01:47:43","guid":{"rendered":"http:\/\/www.24gliwice.pl\/wiadomosci\/?p=107688"},"modified":"2017-11-18T15:07:49","modified_gmt":"2017-11-18T14:07:49","slug":"wraca-gornik-do-warszawy-od-grudnia-dwa-nowe-polaczenia-z-gliwic-do-stolicy","status":"publish","type":"post","link":"https:\/\/www.24gliwice.pl\/wiadomosci\/wraca-gornik-do-warszawy-od-grudnia-dwa-nowe-polaczenia-z-gliwic-do-stolicy\/","title":{"rendered":"Wraca &#8220;G\u00f3rnik&#8221; do Warszawy. Od grudnia dwa nowe po\u0142\u0105czenia z Gliwic do stolicy"},"content":{"rendered":"<div class=\"gliwi-a6-nad-leadem-artykulow gliwi-entity-placement\" id=\"gliwi-1686888047\"><div class=\"gliwi-adlabel\"><span style=\"font-size: 9px\">REKLAMA<\/span><\/div><div id=\"gliwi-1853020764\" style=\"margin-bottom: 25px;margin-left: auto;margin-right: auto;text-align: center;\"><a data-no-instant=\"1\" href=\"https:\/\/dom100.eu\/\" rel=\"noopener\" class=\"a2t-link\" target=\"_blank\" aria-label=\"20260415 DOM100 D\"><img loading=\"lazy\" decoding=\"async\" src=\"https:\/\/www.24gliwice.pl\/wiadomosci\/wp-content\/uploads\/2026\/04\/20260415-DOM100-D.jpg\" alt=\"\"  srcset=\"https:\/\/www.24gliwice.pl\/wiadomosci\/wp-content\/uploads\/2026\/04\/20260415-DOM100-D.jpg 750w, https:\/\/www.24gliwice.pl\/wiadomosci\/wp-content\/uploads\/2026\/04\/20260415-DOM100-D-410x109.jpg 410w\" sizes=\"(max-width: 750px) 100vw, 750px\" class=\"no-lazyload\" width=\"750\" height=\"200\"  style=\"display: inline-block; max-width: 100%; height: auto;\" \/><\/a><\/div><\/div><h3>Od grudnia pojedziemy do Warszawy bezpo\u015brednim ekspresem &#8220;G\u00f3rnik&#8221;. Legendarne po\u0142\u0105czenie powraca po kilkuletniej przerwie spowodowanej wprowadzeniem na polskie tory Pendolino.<\/h3>\n<p> Zmiany nie oznaczaj\u0105 jednak rezygnacji z tego presti\u017cowego po\u0142\u0105czenia. Wr\u0119cz przeciwnie &#8211; nowy rozk\u0142ad jazdy rozszerza liczb\u0119 bezpo\u015brednich relacji z Gliwic do Warszawy. <\/p>\n<p><H4>NOWE PO\u0141\u0104CZENIA DO WARSZAWY<\/H4><\/p>\n<p>&#8211; Poci\u0105g TLK Kormoran b\u0119dzie kursowa\u0142 z Wroc\u0142awia do Olsztyna przez m.in. Katowice i Warszaw\u0119, a sk\u0142ad EIC G\u00f3rnik pojedzie z Gliwic do stolicy &#8211; informuje nas <strong>Agnieszka Serbe\u0144ska<\/strong>, rzecznik Prasowy PKP Intercity.<\/p><div class=\"gliwi-a3-w-tresci-artykulow gliwi-entity-placement\" id=\"gliwi-3398838997\"><div class=\"gliwi-adlabel\"><span style=\"font-size: 9px\">REKLAMA<\/span><\/div><div id=\"gliwi-1765669010\" style=\"margin-bottom: 30px;margin-left: auto;margin-right: auto;text-align: center;\"><a data-no-instant=\"1\" href=\"https:\/\/zlobek.halogen.org.pl\/\" rel=\"noopener\" class=\"a2t-link\" target=\"_blank\" aria-label=\"animator-zlobek_750x200\"><img loading=\"lazy\" decoding=\"async\" src=\"https:\/\/www.24gliwice.pl\/wiadomosci\/wp-content\/uploads\/2026\/02\/animator-zlobek_750x200.webp\" alt=\"\"  srcset=\"https:\/\/www.24gliwice.pl\/wiadomosci\/wp-content\/uploads\/2026\/02\/animator-zlobek_750x200.webp 750w, https:\/\/www.24gliwice.pl\/wiadomosci\/wp-content\/uploads\/2026\/02\/animator-zlobek_750x200-410x109.webp 410w\" sizes=\"(max-width: 750px) 100vw, 750px\" class=\"no-lazyload\" width=\"750\" height=\"200\"  style=\"display: inline-block; max-width: 100%; height: auto;\" \/><\/a><\/div><\/div>\n<p>Kolejowa sp\u00f3\u0142ka nie udost\u0119pni\u0142a jeszcze szczeg\u00f3\u0142\u00f3w nowych po\u0142\u0105cze\u0144, ale co ciekawe, w obecnym rozk\u0142adzie jazdy PKP znajduje si\u0119 ju\u017c &#8220;G\u00f3rnik&#8221;. Tak\u0105 nazw\u0119 ma sk\u0142ad TLK kursuj\u0105cy mi\u0119dzy Warszaw\u0105 a Bielskiem-Bia\u0142\u0105. <\/p>\n<p>&#8211; W odpowiedzi na g\u0142osy spo\u0142eczne mieszka\u0144c\u00f3w regionu, przewo\u017anik postanowi\u0142 przywr\u00f3ci\u0107 t\u0119 nazw\u0119 dla po\u0142\u0105czenia ekspresowego, z kt\u00f3rym wcze\u015bniej by\u0142o kojarzone przez pasa\u017cer\u00f3w &#8211; m\u00f3wi Serbe\u0144ska. &#8211; W miejsce obecnego \u201eG\u00f3rnika\u201d od grudnia bie\u017c\u0105cego roku pojedzie sk\u0142ad IC Pilecki z Raciborza, przez Katowice, do Warszawy &#8211; dodaje.<\/p>\n<p><H4>G\u00d3RNIK NA KOLEJOWYM ROLLERCOASTERZE<\/H4><\/p>\n<p>Jeszcze kilka lat temu trudno by\u0142o przypuszcza\u0107, \u017ce gliwiccy pasa\u017cerowie otrzymaj\u0105 od PKP tak szeroki wachlarz mo\u017cliwo\u015bci dotarcia do stolicy. Przypomnijmy, w 2014 roku ca\u0142kiem realna sta\u0142a si\u0119 utrata jakiejkolwiek bezpo\u015bredniej relacji Gliwice-Warszawa. Wprowadzaj\u0105c po\u0142\u0105czenie obs\u0142ugiwane przez sk\u0142ady Pendolino (w\u00f3wczas kursuj\u0105ce ze stolicy jedynie do Katowic), PKP Intercity zamierza\u0142a wycofa\u0107 niekt\u00f3re ekspresy, w tym &#8220;G\u00f3rnika&#8221;. Ostatecznie, po licznych apelach, w tym zaanga\u017cowaniu samorz\u0105du, &#8220;G\u00f3rnik&#8221; pozosta\u0142 w skr\u00f3conej, cho\u0107 korzystnej dla gliwiczan formie &#8211; sk\u0142ad wyrusza\u0142 nie z Wroc\u0142awia, ale w\u0142a\u015bnie z Gliwic. <\/p>\n<p>Losy popularnego sk\u0142adu rozstrzygn\u0119\u0142y si\u0119 rok p\u00f3\u017aniej, kiedy do Gliwic wjecha\u0142o Pendolino, czyli po\u0142\u0105czenie klasy Premium. &#8220;G\u00f3rnik&#8221; znikn\u0105\u0142 z Gliwic, ale nie z kolejowej mapy Polski. Jego nazw\u0119 nosi\u0142 pierwotnie poci\u0105g relacji Katowice-\u0141\u00f3d\u017a. O tradycj\u0119 upomnieli si\u0119 jeszcze kolejarze i pasjonaci zrzeszeni w inicjatywie &#8220;Chcemy G\u00d3RNIKiem do stolicy&#8221;, kt\u00f3rzy apelowali o nazwanie &#8220;G\u00f3rnikiem&#8221; nowego Pendolino relacji Gliwice-Warszawa.<\/p>\n<p>&#8211; \u0141\u0105cz\u0105 nas wspania\u0142e wspomnienia i historie zwi\u0105zane z ekspresem. Chcemy G\u00f3rnika ponownie na torach. Chcemy aby nazwa ta w dalszym ci\u0105gu by\u0142a wyznacznikiem istotnej cechy wyr\u00f3\u017cniaj\u0105cej ten poci\u0105g spo\u015br\u00f3d innych. G\u00f3rnik to premium, Premium to G\u00f3rnik \u2013 pisali w\u00f3wczas w o\u015bwiadczeniu na facebooku, nie spodziewaj\u0105c si\u0119 zapewne, \u017ce po dw\u00f3ch latach ich pro\u015bb\u0105 zostanie zrealizowana z nawi\u0105zk\u0105.<\/p>\n<p>Tegoroczne zmiany PKP Intercity nie dotycz\u0105 jedynie Gliwic. \u015arednio w ci\u0105gu dnia do dyspozycji pasa\u017cer\u00f3w ma by\u0107 o 17 poci\u0105g\u00f3w wi\u0119cej ni\u017c w poprzednim rozk\u0142adzie jazdy.<br \/>\n<strong>Micha\u0142 Szewczyk<\/strong><\/p>\n<p>fot. intercity.pl<\/p>\n<div class=\"gliwi-a5-na-koncu-artykulow gliwi-entity-placement\" id=\"gliwi-1427750884\"><div class=\"gliwi-adlabel\"><span style=\"font-size: 9px\">REKLAMA<\/span><\/div><div id=\"gliwi-2154409879\" style=\"margin-left: auto;margin-right: auto;text-align: center;\"><a data-no-instant=\"1\" href=\"https:\/\/prezeroarenagliwice.pl\/\" rel=\"noopener\" class=\"a2t-link\" target=\"_blank\" aria-label=\"20260309-PREZERO-WIOSNA-D\"><img loading=\"lazy\" decoding=\"async\" src=\"https:\/\/www.24gliwice.pl\/wiadomosci\/wp-content\/uploads\/2026\/03\/20260309-PREZERO-WIOSNA-D.webp\" alt=\"\"  srcset=\"https:\/\/www.24gliwice.pl\/wiadomosci\/wp-content\/uploads\/2026\/03\/20260309-PREZERO-WIOSNA-D.webp 750w, https:\/\/www.24gliwice.pl\/wiadomosci\/wp-content\/uploads\/2026\/03\/20260309-PREZERO-WIOSNA-D-410x109.webp 410w\" sizes=\"(max-width: 750px) 100vw, 750px\" class=\"no-lazyload\" width=\"750\" height=\"200\"  style=\"display: inline-block; max-width: 100%; height: auto;\" \/><\/a><\/div><\/div>","protected":false},"excerpt":{"rendered":"<p>Od grudnia pojedziemy do Warszawy bezpo\u015brednim ekspresem &#8220;G\u00f3rnik&#8221;. Legendarne po\u0142\u0105czenie powraca po kilkuletniej przerwie spowodowanej wprowadzeniem na polskie tory Pendolino. Zmiany nie oznaczaj\u0105 jednak rezygnacji z tego presti\u017cowego po\u0142\u0105czenia. Wr\u0119cz przeciwnie &#8211; nowy rozk\u0142ad jazdy rozszerza liczb\u0119 bezpo\u015brednich relacji z Gliwic do Warszawy. NOWE PO\u0141\u0104CZENIA DO WARSZAWY &#8211; Poci\u0105g TLK Kormoran b\u0119dzie kursowa\u0142 z Wroc\u0142awia [&hellip;]<\/p>\n","protected":false},"author":12,"featured_media":107695,"comment_status":"open","ping_status":"closed","sticky":false,"template":"","format":"standard","meta":{"_monsterinsights_skip_tracking":false,"_monsterinsights_sitenote_active":false,"_monsterinsights_sitenote_note":"","_monsterinsights_sitenote_category":0,"footnotes":"","_links_to":"","_links_to_target":""},"categories":[3,1],"tags":[5756,6407,4540,5532,10681],"class_list":["post-107688","post","type-post","status-publish","format-standard","has-post-thumbnail","hentry","category-gliwice","category-wszystko","tag-gliwice-warszawa","tag-gornik-gliwice","tag-pkp","tag-pkp-intercity","tag-rozklad-jazdy-pkp"],"yoast_head":"<!-- This site is optimized with the Yoast SEO plugin v27.5 - https:\/\/yoast.com\/product\/yoast-seo-wordpress\/ -->\n<title>Wraca &quot;G\u00f3rnik&quot; do Warszawy. Od grudnia dwa nowe po\u0142\u0105czenia z Gliwic do stolicy - 24GLIWICE - Portal Gliwice | codziennie nowe informacje<\/title>\n<meta name=\"robots\" content=\"index, follow, max-snippet:-1, max-image-preview:large, max-video-preview:-1\" \/>\n<link rel=\"canonical\" href=\"https:\/\/www.24gliwice.pl\/wiadomosci\/wraca-gornik-do-warszawy-od-grudnia-dwa-nowe-polaczenia-z-gliwic-do-stolicy\/\" \/>\n<meta property=\"og:locale\" content=\"pl_PL\" \/>\n<meta property=\"og:type\" content=\"article\" \/>\n<meta property=\"og:title\" content=\"Wraca &quot;G\u00f3rnik&quot; do Warszawy. Od grudnia dwa nowe po\u0142\u0105czenia z Gliwic do stolicy - 24GLIWICE - Portal Gliwice | codziennie nowe informacje\" \/>\n<meta property=\"og:description\" content=\"Od grudnia pojedziemy do Warszawy bezpo\u015brednim ekspresem &#8220;G\u00f3rnik&#8221;. Legendarne po\u0142\u0105czenie powraca po kilkuletniej przerwie spowodowanej wprowadzeniem na polskie tory Pendolino. Zmiany nie oznaczaj\u0105 jednak rezygnacji z tego presti\u017cowego po\u0142\u0105czenia. Wr\u0119cz przeciwnie &#8211; nowy rozk\u0142ad jazdy rozszerza liczb\u0119 bezpo\u015brednich relacji z Gliwic do Warszawy. NOWE PO\u0141\u0104CZENIA DO WARSZAWY &#8211; Poci\u0105g TLK Kormoran b\u0119dzie kursowa\u0142 z Wroc\u0142awia [&hellip;]\" \/>\n<meta property=\"og:url\" content=\"https:\/\/www.24gliwice.pl\/wiadomosci\/wraca-gornik-do-warszawy-od-grudnia-dwa-nowe-polaczenia-z-gliwic-do-stolicy\/\" \/>\n<meta property=\"og:site_name\" content=\"24GLIWICE - Portal Gliwice | codziennie nowe informacje\" \/>\n<meta property=\"article:publisher\" content=\"https:\/\/www.facebook.com\/24gliwice\" \/>\n<meta property=\"article:published_time\" content=\"2017-11-15T01:47:43+00:00\" \/>\n<meta property=\"article:modified_time\" content=\"2017-11-18T14:07:49+00:00\" \/>\n<meta property=\"og:image\" content=\"https:\/\/www.24gliwice.pl\/wiadomosci\/wp-content\/uploads\/2017\/11\/EIC-www727.jpg\" \/>\n\t<meta property=\"og:image:width\" content=\"727\" \/>\n\t<meta property=\"og:image:height\" content=\"409\" \/>\n\t<meta property=\"og:image:type\" content=\"image\/jpeg\" \/>\n<meta name=\"author\" content=\"Micha\u0142 Szewczyk\" \/>\n<meta name=\"twitter:card\" content=\"summary_large_image\" \/>\n<meta name=\"twitter:creator\" content=\"@24gliwice\" \/>\n<meta name=\"twitter:site\" content=\"@24gliwice\" \/>\n<meta name=\"twitter:label1\" content=\"Napisane przez\" \/>\n\t<meta name=\"twitter:data1\" content=\"Micha\u0142 Szewczyk\" \/>\n\t<meta name=\"twitter:label2\" content=\"Szacowany czas czytania\" \/>\n\t<meta name=\"twitter:data2\" content=\"2 minuty\" \/>\n<script type=\"application\/ld+json\" class=\"yoast-schema-graph\">{\"@context\":\"https:\\\/\\\/schema.org\",\"@graph\":[{\"@type\":\"Article\",\"@id\":\"https:\\\/\\\/www.24gliwice.pl\\\/wiadomosci\\\/wraca-gornik-do-warszawy-od-grudnia-dwa-nowe-polaczenia-z-gliwic-do-stolicy\\\/#article\",\"isPartOf\":{\"@id\":\"https:\\\/\\\/www.24gliwice.pl\\\/wiadomosci\\\/wraca-gornik-do-warszawy-od-grudnia-dwa-nowe-polaczenia-z-gliwic-do-stolicy\\\/\"},\"author\":{\"name\":\"Micha\u0142 Szewczyk\",\"@id\":\"https:\\\/\\\/www.24gliwice.pl\\\/wiadomosci\\\/#\\\/schema\\\/person\\\/940e8f8a097e322de4f463f061ef8d45\"},\"headline\":\"Wraca &#8220;G\u00f3rnik&#8221; do Warszawy. Od grudnia dwa nowe po\u0142\u0105czenia z Gliwic do stolicy\",\"datePublished\":\"2017-11-15T01:47:43+00:00\",\"dateModified\":\"2017-11-18T14:07:49+00:00\",\"mainEntityOfPage\":{\"@id\":\"https:\\\/\\\/www.24gliwice.pl\\\/wiadomosci\\\/wraca-gornik-do-warszawy-od-grudnia-dwa-nowe-polaczenia-z-gliwic-do-stolicy\\\/\"},\"wordCount\":505,\"commentCount\":0,\"publisher\":{\"@id\":\"https:\\\/\\\/www.24gliwice.pl\\\/wiadomosci\\\/#organization\"},\"image\":{\"@id\":\"https:\\\/\\\/www.24gliwice.pl\\\/wiadomosci\\\/wraca-gornik-do-warszawy-od-grudnia-dwa-nowe-polaczenia-z-gliwic-do-stolicy\\\/#primaryimage\"},\"thumbnailUrl\":\"https:\\\/\\\/www.24gliwice.pl\\\/wiadomosci\\\/wp-content\\\/uploads\\\/2017\\\/11\\\/EIC-www727.jpg\",\"keywords\":[\"gliwice warszawa\",\"g\u00f3rnik gliwice\",\"PKP\",\"pkp intercity\",\"rozk\u0142ad jazdy pkp\"],\"articleSection\":[\"Gliwice\",\"Najnowsze wiadomo\u015bci\"],\"inLanguage\":\"pl-PL\",\"potentialAction\":[{\"@type\":\"CommentAction\",\"name\":\"Comment\",\"target\":[\"https:\\\/\\\/www.24gliwice.pl\\\/wiadomosci\\\/wraca-gornik-do-warszawy-od-grudnia-dwa-nowe-polaczenia-z-gliwic-do-stolicy\\\/#respond\"]}]},{\"@type\":\"WebPage\",\"@id\":\"https:\\\/\\\/www.24gliwice.pl\\\/wiadomosci\\\/wraca-gornik-do-warszawy-od-grudnia-dwa-nowe-polaczenia-z-gliwic-do-stolicy\\\/\",\"url\":\"https:\\\/\\\/www.24gliwice.pl\\\/wiadomosci\\\/wraca-gornik-do-warszawy-od-grudnia-dwa-nowe-polaczenia-z-gliwic-do-stolicy\\\/\",\"name\":\"Wraca \\\"G\u00f3rnik\\\" do Warszawy. Od grudnia dwa nowe po\u0142\u0105czenia z Gliwic do stolicy - 24GLIWICE - Portal Gliwice | codziennie nowe informacje\",\"isPartOf\":{\"@id\":\"https:\\\/\\\/www.24gliwice.pl\\\/wiadomosci\\\/#website\"},\"primaryImageOfPage\":{\"@id\":\"https:\\\/\\\/www.24gliwice.pl\\\/wiadomosci\\\/wraca-gornik-do-warszawy-od-grudnia-dwa-nowe-polaczenia-z-gliwic-do-stolicy\\\/#primaryimage\"},\"image\":{\"@id\":\"https:\\\/\\\/www.24gliwice.pl\\\/wiadomosci\\\/wraca-gornik-do-warszawy-od-grudnia-dwa-nowe-polaczenia-z-gliwic-do-stolicy\\\/#primaryimage\"},\"thumbnailUrl\":\"https:\\\/\\\/www.24gliwice.pl\\\/wiadomosci\\\/wp-content\\\/uploads\\\/2017\\\/11\\\/EIC-www727.jpg\",\"datePublished\":\"2017-11-15T01:47:43+00:00\",\"dateModified\":\"2017-11-18T14:07:49+00:00\",\"breadcrumb\":{\"@id\":\"https:\\\/\\\/www.24gliwice.pl\\\/wiadomosci\\\/wraca-gornik-do-warszawy-od-grudnia-dwa-nowe-polaczenia-z-gliwic-do-stolicy\\\/#breadcrumb\"},\"inLanguage\":\"pl-PL\",\"potentialAction\":[{\"@type\":\"ReadAction\",\"target\":[\"https:\\\/\\\/www.24gliwice.pl\\\/wiadomosci\\\/wraca-gornik-do-warszawy-od-grudnia-dwa-nowe-polaczenia-z-gliwic-do-stolicy\\\/\"]}]},{\"@type\":\"ImageObject\",\"inLanguage\":\"pl-PL\",\"@id\":\"https:\\\/\\\/www.24gliwice.pl\\\/wiadomosci\\\/wraca-gornik-do-warszawy-od-grudnia-dwa-nowe-polaczenia-z-gliwic-do-stolicy\\\/#primaryimage\",\"url\":\"https:\\\/\\\/www.24gliwice.pl\\\/wiadomosci\\\/wp-content\\\/uploads\\\/2017\\\/11\\\/EIC-www727.jpg\",\"contentUrl\":\"https:\\\/\\\/www.24gliwice.pl\\\/wiadomosci\\\/wp-content\\\/uploads\\\/2017\\\/11\\\/EIC-www727.jpg\",\"width\":727,\"height\":409},{\"@type\":\"BreadcrumbList\",\"@id\":\"https:\\\/\\\/www.24gliwice.pl\\\/wiadomosci\\\/wraca-gornik-do-warszawy-od-grudnia-dwa-nowe-polaczenia-z-gliwic-do-stolicy\\\/#breadcrumb\",\"itemListElement\":[{\"@type\":\"ListItem\",\"position\":1,\"name\":\"Strona g\u0142\u00f3wna\",\"item\":\"https:\\\/\\\/www.24gliwice.pl\\\/wiadomosci\\\/\"},{\"@type\":\"ListItem\",\"position\":2,\"name\":\"Wraca &#8222;G\u00f3rnik&#8221; do Warszawy. Od grudnia dwa nowe po\u0142\u0105czenia z Gliwic do stolicy\"}]},{\"@type\":\"WebSite\",\"@id\":\"https:\\\/\\\/www.24gliwice.pl\\\/wiadomosci\\\/#website\",\"url\":\"https:\\\/\\\/www.24gliwice.pl\\\/wiadomosci\\\/\",\"name\":\"24GLIWICE - Portal Gliwice | codziennie nowe wiadomo\u015bci\",\"description\":\"Portal Miejski Gliwice\",\"publisher\":{\"@id\":\"https:\\\/\\\/www.24gliwice.pl\\\/wiadomosci\\\/#organization\"},\"potentialAction\":[{\"@type\":\"SearchAction\",\"target\":{\"@type\":\"EntryPoint\",\"urlTemplate\":\"https:\\\/\\\/www.24gliwice.pl\\\/wiadomosci\\\/?s={search_term_string}\"},\"query-input\":{\"@type\":\"PropertyValueSpecification\",\"valueRequired\":true,\"valueName\":\"search_term_string\"}}],\"inLanguage\":\"pl-PL\"},{\"@type\":\"Organization\",\"@id\":\"https:\\\/\\\/www.24gliwice.pl\\\/wiadomosci\\\/#organization\",\"name\":\"24gliwice\",\"url\":\"https:\\\/\\\/www.24gliwice.pl\\\/wiadomosci\\\/\",\"logo\":{\"@type\":\"ImageObject\",\"inLanguage\":\"pl-PL\",\"@id\":\"https:\\\/\\\/www.24gliwice.pl\\\/wiadomosci\\\/#\\\/schema\\\/logo\\\/image\\\/\",\"url\":\"https:\\\/\\\/www.24gliwice.pl\\\/wiadomosci\\\/wp-content\\\/uploads\\\/2024\\\/10\\\/24gliwice-logo-696.jpg\",\"contentUrl\":\"https:\\\/\\\/www.24gliwice.pl\\\/wiadomosci\\\/wp-content\\\/uploads\\\/2024\\\/10\\\/24gliwice-logo-696.jpg\",\"width\":696,\"height\":696,\"caption\":\"24gliwice\"},\"image\":{\"@id\":\"https:\\\/\\\/www.24gliwice.pl\\\/wiadomosci\\\/#\\\/schema\\\/logo\\\/image\\\/\"},\"sameAs\":[\"https:\\\/\\\/www.facebook.com\\\/24gliwice\",\"https:\\\/\\\/x.com\\\/24gliwice\",\"https:\\\/\\\/www.youtube.com\\\/@24gliwice\"]},{\"@type\":\"Person\",\"@id\":\"https:\\\/\\\/www.24gliwice.pl\\\/wiadomosci\\\/#\\\/schema\\\/person\\\/940e8f8a097e322de4f463f061ef8d45\",\"name\":\"Micha\u0142 Szewczyk\",\"image\":{\"@type\":\"ImageObject\",\"inLanguage\":\"pl-PL\",\"@id\":\"https:\\\/\\\/secure.gravatar.com\\\/avatar\\\/771b8b6c74cd8d255e46392d605e01a86133900ef09b6ef3c8d451c9d92288cf?s=96&d=mm&r=g\",\"url\":\"https:\\\/\\\/secure.gravatar.com\\\/avatar\\\/771b8b6c74cd8d255e46392d605e01a86133900ef09b6ef3c8d451c9d92288cf?s=96&d=mm&r=g\",\"contentUrl\":\"https:\\\/\\\/secure.gravatar.com\\\/avatar\\\/771b8b6c74cd8d255e46392d605e01a86133900ef09b6ef3c8d451c9d92288cf?s=96&d=mm&r=g\",\"caption\":\"Micha\u0142 Szewczyk\"},\"sameAs\":[\"http:\\\/\\\/www.gazeta-miejska.pl\"],\"url\":\"https:\\\/\\\/www.24gliwice.pl\\\/wiadomosci\\\/author\\\/michal-szewczyk\\\/\"}]}<\/script>\n<!-- \/ Yoast SEO plugin. -->","yoast_head_json":{"title":"Wraca \"G\u00f3rnik\" do Warszawy. Od grudnia dwa nowe po\u0142\u0105czenia z Gliwic do stolicy - 24GLIWICE - Portal Gliwice | codziennie nowe informacje","robots":{"index":"index","follow":"follow","max-snippet":"max-snippet:-1","max-image-preview":"max-image-preview:large","max-video-preview":"max-video-preview:-1"},"canonical":"https:\/\/www.24gliwice.pl\/wiadomosci\/wraca-gornik-do-warszawy-od-grudnia-dwa-nowe-polaczenia-z-gliwic-do-stolicy\/","og_locale":"pl_PL","og_type":"article","og_title":"Wraca \"G\u00f3rnik\" do Warszawy. Od grudnia dwa nowe po\u0142\u0105czenia z Gliwic do stolicy - 24GLIWICE - Portal Gliwice | codziennie nowe informacje","og_description":"Od grudnia pojedziemy do Warszawy bezpo\u015brednim ekspresem &#8220;G\u00f3rnik&#8221;. Legendarne po\u0142\u0105czenie powraca po kilkuletniej przerwie spowodowanej wprowadzeniem na polskie tory Pendolino. Zmiany nie oznaczaj\u0105 jednak rezygnacji z tego presti\u017cowego po\u0142\u0105czenia. Wr\u0119cz przeciwnie &#8211; nowy rozk\u0142ad jazdy rozszerza liczb\u0119 bezpo\u015brednich relacji z Gliwic do Warszawy. NOWE PO\u0141\u0104CZENIA DO WARSZAWY &#8211; Poci\u0105g TLK Kormoran b\u0119dzie kursowa\u0142 z Wroc\u0142awia [&hellip;]","og_url":"https:\/\/www.24gliwice.pl\/wiadomosci\/wraca-gornik-do-warszawy-od-grudnia-dwa-nowe-polaczenia-z-gliwic-do-stolicy\/","og_site_name":"24GLIWICE - Portal Gliwice | codziennie nowe informacje","article_publisher":"https:\/\/www.facebook.com\/24gliwice","article_published_time":"2017-11-15T01:47:43+00:00","article_modified_time":"2017-11-18T14:07:49+00:00","og_image":[{"width":727,"height":409,"url":"https:\/\/www.24gliwice.pl\/wiadomosci\/wp-content\/uploads\/2017\/11\/EIC-www727.jpg","type":"image\/jpeg"}],"author":"Micha\u0142 Szewczyk","twitter_card":"summary_large_image","twitter_creator":"@24gliwice","twitter_site":"@24gliwice","twitter_misc":{"Napisane przez":"Micha\u0142 Szewczyk","Szacowany czas czytania":"2 minuty"},"schema":{"@context":"https:\/\/schema.org","@graph":[{"@type":"Article","@id":"https:\/\/www.24gliwice.pl\/wiadomosci\/wraca-gornik-do-warszawy-od-grudnia-dwa-nowe-polaczenia-z-gliwic-do-stolicy\/#article","isPartOf":{"@id":"https:\/\/www.24gliwice.pl\/wiadomosci\/wraca-gornik-do-warszawy-od-grudnia-dwa-nowe-polaczenia-z-gliwic-do-stolicy\/"},"author":{"name":"Micha\u0142 Szewczyk","@id":"https:\/\/www.24gliwice.pl\/wiadomosci\/#\/schema\/person\/940e8f8a097e322de4f463f061ef8d45"},"headline":"Wraca &#8220;G\u00f3rnik&#8221; do Warszawy. Od grudnia dwa nowe po\u0142\u0105czenia z Gliwic do stolicy","datePublished":"2017-11-15T01:47:43+00:00","dateModified":"2017-11-18T14:07:49+00:00","mainEntityOfPage":{"@id":"https:\/\/www.24gliwice.pl\/wiadomosci\/wraca-gornik-do-warszawy-od-grudnia-dwa-nowe-polaczenia-z-gliwic-do-stolicy\/"},"wordCount":505,"commentCount":0,"publisher":{"@id":"https:\/\/www.24gliwice.pl\/wiadomosci\/#organization"},"image":{"@id":"https:\/\/www.24gliwice.pl\/wiadomosci\/wraca-gornik-do-warszawy-od-grudnia-dwa-nowe-polaczenia-z-gliwic-do-stolicy\/#primaryimage"},"thumbnailUrl":"https:\/\/www.24gliwice.pl\/wiadomosci\/wp-content\/uploads\/2017\/11\/EIC-www727.jpg","keywords":["gliwice warszawa","g\u00f3rnik gliwice","PKP","pkp intercity","rozk\u0142ad jazdy pkp"],"articleSection":["Gliwice","Najnowsze wiadomo\u015bci"],"inLanguage":"pl-PL","potentialAction":[{"@type":"CommentAction","name":"Comment","target":["https:\/\/www.24gliwice.pl\/wiadomosci\/wraca-gornik-do-warszawy-od-grudnia-dwa-nowe-polaczenia-z-gliwic-do-stolicy\/#respond"]}]},{"@type":"WebPage","@id":"https:\/\/www.24gliwice.pl\/wiadomosci\/wraca-gornik-do-warszawy-od-grudnia-dwa-nowe-polaczenia-z-gliwic-do-stolicy\/","url":"https:\/\/www.24gliwice.pl\/wiadomosci\/wraca-gornik-do-warszawy-od-grudnia-dwa-nowe-polaczenia-z-gliwic-do-stolicy\/","name":"Wraca \"G\u00f3rnik\" do Warszawy. Od grudnia dwa nowe po\u0142\u0105czenia z Gliwic do stolicy - 24GLIWICE - Portal Gliwice | codziennie nowe informacje","isPartOf":{"@id":"https:\/\/www.24gliwice.pl\/wiadomosci\/#website"},"primaryImageOfPage":{"@id":"https:\/\/www.24gliwice.pl\/wiadomosci\/wraca-gornik-do-warszawy-od-grudnia-dwa-nowe-polaczenia-z-gliwic-do-stolicy\/#primaryimage"},"image":{"@id":"https:\/\/www.24gliwice.pl\/wiadomosci\/wraca-gornik-do-warszawy-od-grudnia-dwa-nowe-polaczenia-z-gliwic-do-stolicy\/#primaryimage"},"thumbnailUrl":"https:\/\/www.24gliwice.pl\/wiadomosci\/wp-content\/uploads\/2017\/11\/EIC-www727.jpg","datePublished":"2017-11-15T01:47:43+00:00","dateModified":"2017-11-18T14:07:49+00:00","breadcrumb":{"@id":"https:\/\/www.24gliwice.pl\/wiadomosci\/wraca-gornik-do-warszawy-od-grudnia-dwa-nowe-polaczenia-z-gliwic-do-stolicy\/#breadcrumb"},"inLanguage":"pl-PL","potentialAction":[{"@type":"ReadAction","target":["https:\/\/www.24gliwice.pl\/wiadomosci\/wraca-gornik-do-warszawy-od-grudnia-dwa-nowe-polaczenia-z-gliwic-do-stolicy\/"]}]},{"@type":"ImageObject","inLanguage":"pl-PL","@id":"https:\/\/www.24gliwice.pl\/wiadomosci\/wraca-gornik-do-warszawy-od-grudnia-dwa-nowe-polaczenia-z-gliwic-do-stolicy\/#primaryimage","url":"https:\/\/www.24gliwice.pl\/wiadomosci\/wp-content\/uploads\/2017\/11\/EIC-www727.jpg","contentUrl":"https:\/\/www.24gliwice.pl\/wiadomosci\/wp-content\/uploads\/2017\/11\/EIC-www727.jpg","width":727,"height":409},{"@type":"BreadcrumbList","@id":"https:\/\/www.24gliwice.pl\/wiadomosci\/wraca-gornik-do-warszawy-od-grudnia-dwa-nowe-polaczenia-z-gliwic-do-stolicy\/#breadcrumb","itemListElement":[{"@type":"ListItem","position":1,"name":"Strona g\u0142\u00f3wna","item":"https:\/\/www.24gliwice.pl\/wiadomosci\/"},{"@type":"ListItem","position":2,"name":"Wraca &#8222;G\u00f3rnik&#8221; do Warszawy. Od grudnia dwa nowe po\u0142\u0105czenia z Gliwic do stolicy"}]},{"@type":"WebSite","@id":"https:\/\/www.24gliwice.pl\/wiadomosci\/#website","url":"https:\/\/www.24gliwice.pl\/wiadomosci\/","name":"24GLIWICE - Portal Gliwice | codziennie nowe wiadomo\u015bci","description":"Portal Miejski Gliwice","publisher":{"@id":"https:\/\/www.24gliwice.pl\/wiadomosci\/#organization"},"potentialAction":[{"@type":"SearchAction","target":{"@type":"EntryPoint","urlTemplate":"https:\/\/www.24gliwice.pl\/wiadomosci\/?s={search_term_string}"},"query-input":{"@type":"PropertyValueSpecification","valueRequired":true,"valueName":"search_term_string"}}],"inLanguage":"pl-PL"},{"@type":"Organization","@id":"https:\/\/www.24gliwice.pl\/wiadomosci\/#organization","name":"24gliwice","url":"https:\/\/www.24gliwice.pl\/wiadomosci\/","logo":{"@type":"ImageObject","inLanguage":"pl-PL","@id":"https:\/\/www.24gliwice.pl\/wiadomosci\/#\/schema\/logo\/image\/","url":"https:\/\/www.24gliwice.pl\/wiadomosci\/wp-content\/uploads\/2024\/10\/24gliwice-logo-696.jpg","contentUrl":"https:\/\/www.24gliwice.pl\/wiadomosci\/wp-content\/uploads\/2024\/10\/24gliwice-logo-696.jpg","width":696,"height":696,"caption":"24gliwice"},"image":{"@id":"https:\/\/www.24gliwice.pl\/wiadomosci\/#\/schema\/logo\/image\/"},"sameAs":["https:\/\/www.facebook.com\/24gliwice","https:\/\/x.com\/24gliwice","https:\/\/www.youtube.com\/@24gliwice"]},{"@type":"Person","@id":"https:\/\/www.24gliwice.pl\/wiadomosci\/#\/schema\/person\/940e8f8a097e322de4f463f061ef8d45","name":"Micha\u0142 Szewczyk","image":{"@type":"ImageObject","inLanguage":"pl-PL","@id":"https:\/\/secure.gravatar.com\/avatar\/771b8b6c74cd8d255e46392d605e01a86133900ef09b6ef3c8d451c9d92288cf?s=96&d=mm&r=g","url":"https:\/\/secure.gravatar.com\/avatar\/771b8b6c74cd8d255e46392d605e01a86133900ef09b6ef3c8d451c9d92288cf?s=96&d=mm&r=g","contentUrl":"https:\/\/secure.gravatar.com\/avatar\/771b8b6c74cd8d255e46392d605e01a86133900ef09b6ef3c8d451c9d92288cf?s=96&d=mm&r=g","caption":"Micha\u0142 Szewczyk"},"sameAs":["http:\/\/www.gazeta-miejska.pl"],"url":"https:\/\/www.24gliwice.pl\/wiadomosci\/author\/michal-szewczyk\/"}]}},"_links":{"self":[{"href":"https:\/\/www.24gliwice.pl\/wiadomosci\/wp-json\/wp\/v2\/posts\/107688","targetHints":{"allow":["GET"]}}],"collection":[{"href":"https:\/\/www.24gliwice.pl\/wiadomosci\/wp-json\/wp\/v2\/posts"}],"about":[{"href":"https:\/\/www.24gliwice.pl\/wiadomosci\/wp-json\/wp\/v2\/types\/post"}],"author":[{"embeddable":true,"href":"https:\/\/www.24gliwice.pl\/wiadomosci\/wp-json\/wp\/v2\/users\/12"}],"replies":[{"embeddable":true,"href":"https:\/\/www.24gliwice.pl\/wiadomosci\/wp-json\/wp\/v2\/comments?post=107688"}],"version-history":[{"count":0,"href":"https:\/\/www.24gliwice.pl\/wiadomosci\/wp-json\/wp\/v2\/posts\/107688\/revisions"}],"wp:featuredmedia":[{"embeddable":true,"href":"https:\/\/www.24gliwice.pl\/wiadomosci\/wp-json\/wp\/v2\/media\/107695"}],"wp:attachment":[{"href":"https:\/\/www.24gliwice.pl\/wiadomosci\/wp-json\/wp\/v2\/media?parent=107688"}],"wp:term":[{"taxonomy":"category","embeddable":true,"href":"https:\/\/www.24gliwice.pl\/wiadomosci\/wp-json\/wp\/v2\/categories?post=107688"},{"taxonomy":"post_tag","embeddable":true,"href":"https:\/\/www.24gliwice.pl\/wiadomosci\/wp-json\/wp\/v2\/tags?post=107688"}],"curies":[{"name":"wp","href":"https:\/\/api.w.org\/{rel}","templated":true}]}}