{"id":107889,"date":"2017-11-20T15:36:57","date_gmt":"2017-11-20T14:36:57","guid":{"rendered":"http:\/\/www.24gliwice.pl\/wiadomosci\/?p=107889"},"modified":"2017-11-21T17:17:44","modified_gmt":"2017-11-21T16:17:44","slug":"fragment-drogi-centrum-sosnica-jest-na-ukonczeniu-rowerzysci-pojada-wiosna","status":"publish","type":"post","link":"https:\/\/www.24gliwice.pl\/wiadomosci\/fragment-drogi-centrum-sosnica-jest-na-ukonczeniu-rowerzysci-pojada-wiosna\/","title":{"rendered":"Fragment drogi Centrum-So\u015bnica jest na uko\u0144czeniu. Rowerzy\u015bci pojad\u0105 wiosn\u0105"},"content":{"rendered":"<div class=\"gliwi-a6-nad-leadem-artykulow gliwi-entity-placement\" id=\"gliwi-1733819379\"><div class=\"gliwi-adlabel\"><span style=\"font-size: 9px\">REKLAMA<\/span><\/div><div id=\"gliwi-4003311304\" style=\"margin-bottom: 25px;margin-left: auto;margin-right: auto;text-align: center;\"><a data-no-instant=\"1\" href=\"https:\/\/dom100.eu\/\" rel=\"noopener\" class=\"a2t-link\" target=\"_blank\" aria-label=\"20260415 DOM100 D\"><img loading=\"lazy\" decoding=\"async\" src=\"https:\/\/www.24gliwice.pl\/wiadomosci\/wp-content\/uploads\/2026\/04\/20260415-DOM100-D.jpg\" alt=\"\"  srcset=\"https:\/\/www.24gliwice.pl\/wiadomosci\/wp-content\/uploads\/2026\/04\/20260415-DOM100-D.jpg 750w, https:\/\/www.24gliwice.pl\/wiadomosci\/wp-content\/uploads\/2026\/04\/20260415-DOM100-D-410x109.jpg 410w\" sizes=\"(max-width: 750px) 100vw, 750px\" class=\"no-lazyload\" width=\"750\" height=\"200\"  style=\"display: inline-block; max-width: 100%; height: auto;\" \/><\/a><\/div><\/div><h3>Odcinek \u0142\u0105cz\u0105cy ulice Berbeckiego i Akademick\u0105 mia\u0142 by\u0107 gotowy w lipcu. Terminu jednak nie uda\u0142o si\u0119 utrzyma\u0107. Teraz wiadomo ju\u017c na pewno, \u017ce prace realizowane przez PRUiM, zostan\u0105 uko\u0144czone 20 listopada.<\/h3>\n<p>Sama droga dla rower\u00f3w zostanie jednak oddana do u\u017cytku w grudniu, czyli ju\u017c po zamkni\u0119ciu sezonu rowerowego.<\/p>\n<p>Przedsi\u0119biorstwo Remont\u00f3w Ulic i Most\u00f3w prace nad budow\u0105 trasy rozpocz\u0119\u0142o w marcu tego roku. W pierwszej fazie rob\u00f3t pod asfaltem na Alei Przyja\u017ani odkryto chodnik u\u0142o\u017cony z kostki brukowej, kt\u00f3r\u0105 zebrano i zabezpieczono na terenie PRUiM, by nast\u0119pnie wykorzysta\u0107 j\u0105 do jego odtworzenia na fragmencie placu przy dawnym domu handlowym Weichmanna.<\/p><div class=\"gliwi-a3-w-tresci-artykulow gliwi-entity-placement\" id=\"gliwi-1402238688\"><div class=\"gliwi-adlabel\"><span style=\"font-size: 9px\">REKLAMA<\/span><\/div><div id=\"gliwi-583206096\" style=\"margin-bottom: 30px;margin-left: auto;margin-right: auto;text-align: center;\"><a data-no-instant=\"1\" href=\"https:\/\/zlobek.halogen.org.pl\/\" rel=\"noopener\" class=\"a2t-link\" target=\"_blank\" aria-label=\"animator-zlobek_750x200\"><img loading=\"lazy\" decoding=\"async\" src=\"https:\/\/www.24gliwice.pl\/wiadomosci\/wp-content\/uploads\/2026\/02\/animator-zlobek_750x200.webp\" alt=\"\"  srcset=\"https:\/\/www.24gliwice.pl\/wiadomosci\/wp-content\/uploads\/2026\/02\/animator-zlobek_750x200.webp 750w, https:\/\/www.24gliwice.pl\/wiadomosci\/wp-content\/uploads\/2026\/02\/animator-zlobek_750x200-410x109.webp 410w\" sizes=\"(max-width: 750px) 100vw, 750px\" class=\"no-lazyload\" width=\"750\" height=\"200\"  style=\"display: inline-block; max-width: 100%; height: auto;\" \/><\/a><\/div><\/div>\n<p><img loading=\"lazy\" decoding=\"async\" src=\"http:\/\/www.24gliwice.pl\/wiadomosci\/wp-content\/uploads\/2017\/03\/al-przyja\u017ani-3-002-e1510921050137.jpg\" alt=\"\" width=\"810\" height=\"456\" class=\"alignnone size-full wp-image-95475\" \/><\/p>\n<p>W nast\u0119pnej kolejno\u015bci na nawierzchni drogi rowerowej u\u0142o\u017cono panele z tworzywa, stanowi\u0105ce podk\u0142ad pod docelow\u0105 nawierzchni\u0119. Niestety, teren budowy nie zosta\u0142 odpowiednio zabezpieczony i po kilku dniach cz\u0119\u015b\u0107 z nich nadawa\u0142a si\u0119 tylko do wymiany.<\/p>\n<p><img loading=\"lazy\" decoding=\"async\" src=\"http:\/\/www.24gliwice.pl\/wiadomosci\/wp-content\/uploads\/2017\/04\/droga-rowerowa-nowe-zniszczenia-2.jpg\" alt=\"\" width=\"810\" height=\"456\" class=\"alignnone size-full wp-image-97189\" srcset=\"https:\/\/www.24gliwice.pl\/wiadomosci\/wp-content\/uploads\/2017\/04\/droga-rowerowa-nowe-zniszczenia-2.jpg 810w, https:\/\/www.24gliwice.pl\/wiadomosci\/wp-content\/uploads\/2017\/04\/droga-rowerowa-nowe-zniszczenia-2-410x232.jpg 410w, https:\/\/www.24gliwice.pl\/wiadomosci\/wp-content\/uploads\/2017\/04\/droga-rowerowa-nowe-zniszczenia-2-768x432.jpg 768w, https:\/\/www.24gliwice.pl\/wiadomosci\/wp-content\/uploads\/2017\/04\/droga-rowerowa-nowe-zniszczenia-2-808x455.jpg 808w\" sizes=\"auto, (max-width: 810px) 100vw, 810px\" \/><\/p>\n<p>Na kilka tygodni prace przerwano. Przypuszczalnie wszystkie si\u0142y robocze PRUiM zagospodarowano do uko\u0144czenia przebudowy ulicy Kujawskiej. Po jej realizacji robotnicy wr\u00f3cili na Alej\u0119 Przyja\u017ani, na kolejnych fragmentach drogi uk\u0142adana by\u0142a docelowa nawierzchnia gumowo-bazaltowa.<\/p>\n<p><img loading=\"lazy\" decoding=\"async\" src=\"http:\/\/www.24gliwice.pl\/wiadomosci\/wp-content\/uploads\/2017\/06\/1-aleja-przyjazni-1.jpg\" alt=\"\" width=\"810\" height=\"457\" class=\"alignnone size-full wp-image-100273\" srcset=\"https:\/\/www.24gliwice.pl\/wiadomosci\/wp-content\/uploads\/2017\/06\/1-aleja-przyjazni-1.jpg 810w, https:\/\/www.24gliwice.pl\/wiadomosci\/wp-content\/uploads\/2017\/06\/1-aleja-przyjazni-1-410x232.jpg 410w, https:\/\/www.24gliwice.pl\/wiadomosci\/wp-content\/uploads\/2017\/06\/1-aleja-przyjazni-1-768x433.jpg 768w, https:\/\/www.24gliwice.pl\/wiadomosci\/wp-content\/uploads\/2017\/06\/1-aleja-przyjazni-1-806x455.jpg 806w\" sizes=\"auto, (max-width: 810px) 100vw, 810px\" \/><\/p>\n[perfectpullquote align=&#8221;full&#8221; cite=&#8221;&#8221; link=&#8221;&#8221; color=&#8221;&#8221; class=&#8221;&#8221; size=&#8221;&#8221;] P\u00f3\u017aniej pojawia\u0142y si\u0119 kolejne problemy. Na odcinku Alei Przyja\u017ani mi\u0119dzy ulicami Dworcow\u0105 i Wroc\u0142awsk\u0105 grunt okaza\u0142 si\u0119 mie\u0107 inne w\u0142a\u015bciwo\u015bci, w zwi\u0105zku z tym ponownie prace ponownie przeci\u0105g\u0142y si\u0119 w czasie. \u00a0 [\/perfectpullquote]\n<p>Po sezonie letnim okaza\u0142o si\u0119, \u017ce u\u0142o\u017cona na trasie masa bitumiczna, na kt\u00f3rej wymalowano ju\u017c oznakowanie poziome, zaczyna p\u0119ka\u0107 i falowa\u0107. Pojawi\u0142a si\u0119 potrzeba naniesienia kolejnej warstwy. W mi\u0119dzyczasie wybudowano wysepk\u0119 na przeje\u017adzie dla rower\u00f3w przez ulic\u0119 Dworcow\u0105.<\/p>\n<p><img loading=\"lazy\" decoding=\"async\" src=\"http:\/\/www.24gliwice.pl\/wiadomosci\/wp-content\/uploads\/2017\/10\/1-dworcowa-wysepka-2.jpg\" alt=\"\" width=\"810\" height=\"456\" class=\"alignnone size-full wp-image-105759\" srcset=\"https:\/\/www.24gliwice.pl\/wiadomosci\/wp-content\/uploads\/2017\/10\/1-dworcowa-wysepka-2.jpg 810w, https:\/\/www.24gliwice.pl\/wiadomosci\/wp-content\/uploads\/2017\/10\/1-dworcowa-wysepka-2-410x232.jpg 410w, https:\/\/www.24gliwice.pl\/wiadomosci\/wp-content\/uploads\/2017\/10\/1-dworcowa-wysepka-2-768x432.jpg 768w, https:\/\/www.24gliwice.pl\/wiadomosci\/wp-content\/uploads\/2017\/10\/1-dworcowa-wysepka-2-808x455.jpg 808w\" sizes=\"auto, (max-width: 810px) 100vw, 810px\" \/><\/p>\n<p>Prace zako\u0144czy budowa sygnalizacji \u015bwietlnej na ulicy Cz\u0119stochowskiej i Konarskiego, co ma zosta\u0107 zrealizowane jeszcze w listopadzie, ale ostateczne odbiory potrwaj\u0105 do grudnia. To w\u00f3wczas ten ci\u0105g komunikacyjny b\u0119dzie oddany do dyspozycji u\u017cytkownik\u00f3w. Sezon rowerowy trwa od pocz\u0105tku marca do ko\u0144ca listopada, dlatego dopiero wiosn\u0105 przysz\u0142ego roku realnie zaczn\u0105 z niej korzysta\u0107 cykli\u015bci.<\/p>\n<p><img loading=\"lazy\" decoding=\"async\" src=\"http:\/\/www.24gliwice.pl\/wiadomosci\/wp-content\/uploads\/2017\/11\/droga-rowerowa-aleja-przyja\u017ani-e1510921307200.jpg\" alt=\"\" width=\"810\" height=\"456\" class=\"alignnone size-full wp-image-107904\" \/><\/p>\n<p>Gdy PRUiM wygrywa\u0142 przetarg na realizacj\u0119 tej inwestycji oferowa\u0142, \u017ce wykona j\u0105 za oko\u0142o 2,3 miliona z\u0142otych. Ostatecznie po kolejnych aneksach do umowy, na podstawie kt\u00f3rych miasto przekazywa\u0142o przedsi\u0119biorstwu dodatkowe pieni\u0105dze, koszt budowy drogi wyni\u00f3s\u0142 2,7 miliona z\u0142otych.<\/p>\n<p>\u017baneta Mrozek-Siewierska<\/p>\n<div class=\"gliwi-a5-na-koncu-artykulow gliwi-entity-placement\" id=\"gliwi-2790292636\"><div class=\"gliwi-adlabel\"><span style=\"font-size: 9px\">REKLAMA<\/span><\/div><div id=\"gliwi-612981632\" style=\"margin-left: auto;margin-right: auto;text-align: center;\"><a data-no-instant=\"1\" href=\"https:\/\/prezeroarenagliwice.pl\/\" rel=\"noopener\" class=\"a2t-link\" target=\"_blank\" aria-label=\"20260309-PREZERO-WIOSNA-D\"><img loading=\"lazy\" decoding=\"async\" src=\"https:\/\/www.24gliwice.pl\/wiadomosci\/wp-content\/uploads\/2026\/03\/20260309-PREZERO-WIOSNA-D.webp\" alt=\"\"  srcset=\"https:\/\/www.24gliwice.pl\/wiadomosci\/wp-content\/uploads\/2026\/03\/20260309-PREZERO-WIOSNA-D.webp 750w, https:\/\/www.24gliwice.pl\/wiadomosci\/wp-content\/uploads\/2026\/03\/20260309-PREZERO-WIOSNA-D-410x109.webp 410w\" sizes=\"(max-width: 750px) 100vw, 750px\" class=\"no-lazyload\" width=\"750\" height=\"200\"  style=\"display: inline-block; max-width: 100%; height: auto;\" \/><\/a><\/div><\/div>","protected":false},"excerpt":{"rendered":"<p>Odcinek \u0142\u0105cz\u0105cy ulice Berbeckiego i Akademick\u0105 mia\u0142 by\u0107 gotowy w lipcu. Terminu jednak nie uda\u0142o si\u0119 utrzyma\u0107. Teraz wiadomo ju\u017c na pewno, \u017ce prace realizowane przez PRUiM, zostan\u0105 uko\u0144czone 20 listopada. Sama droga dla rower\u00f3w zostanie jednak oddana do u\u017cytku w grudniu, czyli ju\u017c po zamkni\u0119ciu sezonu rowerowego. Przedsi\u0119biorstwo Remont\u00f3w Ulic i Most\u00f3w prace nad [&hellip;]<\/p>\n","protected":false},"author":15,"featured_media":107914,"comment_status":"open","ping_status":"closed","sticky":false,"template":"","format":"standard","meta":{"_monsterinsights_skip_tracking":false,"_monsterinsights_sitenote_active":false,"_monsterinsights_sitenote_note":"","_monsterinsights_sitenote_category":0,"footnotes":"","_links_to":"","_links_to_target":""},"categories":[3,1],"tags":[8798,8686,10637,9005,753,183,10716,7431],"class_list":["post-107889","post","type-post","status-publish","format-standard","has-post-thumbnail","hentry","category-gliwice","category-wszystko","tag-aleja-przyjazni","tag-centrum","tag-droga-dla-rowerow","tag-droga-rowerowa","tag-sciezka-rowerowa","tag-sosnica","tag-sosnica-centrum","tag-trasa-rowerowa"],"yoast_head":"<!-- This site is optimized with the Yoast SEO plugin v27.5 - https:\/\/yoast.com\/product\/yoast-seo-wordpress\/ -->\n<title>Fragment drogi Centrum-So\u015bnica jest na uko\u0144czeniu. Rowerzy\u015bci pojad\u0105 wiosn\u0105 - 24GLIWICE - Portal Gliwice | codziennie nowe informacje<\/title>\n<meta name=\"robots\" content=\"index, follow, max-snippet:-1, max-image-preview:large, max-video-preview:-1\" \/>\n<link rel=\"canonical\" href=\"https:\/\/www.24gliwice.pl\/wiadomosci\/fragment-drogi-centrum-sosnica-jest-na-ukonczeniu-rowerzysci-pojada-wiosna\/\" \/>\n<meta property=\"og:locale\" content=\"pl_PL\" \/>\n<meta property=\"og:type\" content=\"article\" \/>\n<meta property=\"og:title\" content=\"Fragment drogi Centrum-So\u015bnica jest na uko\u0144czeniu. Rowerzy\u015bci pojad\u0105 wiosn\u0105 - 24GLIWICE - Portal Gliwice | codziennie nowe informacje\" \/>\n<meta property=\"og:description\" content=\"Odcinek \u0142\u0105cz\u0105cy ulice Berbeckiego i Akademick\u0105 mia\u0142 by\u0107 gotowy w lipcu. Terminu jednak nie uda\u0142o si\u0119 utrzyma\u0107. Teraz wiadomo ju\u017c na pewno, \u017ce prace realizowane przez PRUiM, zostan\u0105 uko\u0144czone 20 listopada. Sama droga dla rower\u00f3w zostanie jednak oddana do u\u017cytku w grudniu, czyli ju\u017c po zamkni\u0119ciu sezonu rowerowego. Przedsi\u0119biorstwo Remont\u00f3w Ulic i Most\u00f3w prace nad [&hellip;]\" \/>\n<meta property=\"og:url\" content=\"https:\/\/www.24gliwice.pl\/wiadomosci\/fragment-drogi-centrum-sosnica-jest-na-ukonczeniu-rowerzysci-pojada-wiosna\/\" \/>\n<meta property=\"og:site_name\" content=\"24GLIWICE - Portal Gliwice | codziennie nowe informacje\" \/>\n<meta property=\"article:publisher\" content=\"https:\/\/www.facebook.com\/24gliwice\" \/>\n<meta property=\"article:published_time\" content=\"2017-11-20T14:36:57+00:00\" \/>\n<meta property=\"article:modified_time\" content=\"2017-11-21T16:17:44+00:00\" \/>\n<meta property=\"og:image\" content=\"https:\/\/www.24gliwice.pl\/wiadomosci\/wp-content\/uploads\/2017\/11\/droga-dla-rower\u00f3w-2-e1510922077607.jpg\" \/>\n\t<meta property=\"og:image:width\" content=\"810\" \/>\n\t<meta property=\"og:image:height\" content=\"456\" \/>\n\t<meta property=\"og:image:type\" content=\"image\/jpeg\" \/>\n<meta name=\"author\" content=\"\u017baneta Mrozek-Siewierska\" \/>\n<meta name=\"twitter:card\" content=\"summary_large_image\" \/>\n<meta name=\"twitter:creator\" content=\"@24gliwice\" \/>\n<meta name=\"twitter:site\" content=\"@24gliwice\" \/>\n<meta name=\"twitter:label1\" content=\"Napisane przez\" \/>\n\t<meta name=\"twitter:data1\" content=\"\u017baneta Mrozek-Siewierska\" \/>\n\t<meta name=\"twitter:label2\" content=\"Szacowany czas czytania\" \/>\n\t<meta name=\"twitter:data2\" content=\"2 minuty\" \/>\n<script type=\"application\/ld+json\" class=\"yoast-schema-graph\">{\"@context\":\"https:\\\/\\\/schema.org\",\"@graph\":[{\"@type\":\"Article\",\"@id\":\"https:\\\/\\\/www.24gliwice.pl\\\/wiadomosci\\\/fragment-drogi-centrum-sosnica-jest-na-ukonczeniu-rowerzysci-pojada-wiosna\\\/#article\",\"isPartOf\":{\"@id\":\"https:\\\/\\\/www.24gliwice.pl\\\/wiadomosci\\\/fragment-drogi-centrum-sosnica-jest-na-ukonczeniu-rowerzysci-pojada-wiosna\\\/\"},\"author\":{\"name\":\"\u017baneta Mrozek-Siewierska\",\"@id\":\"https:\\\/\\\/www.24gliwice.pl\\\/wiadomosci\\\/#\\\/schema\\\/person\\\/e42c650edd7f2fa332be3811fb166b6e\"},\"headline\":\"Fragment drogi Centrum-So\u015bnica jest na uko\u0144czeniu. Rowerzy\u015bci pojad\u0105 wiosn\u0105\",\"datePublished\":\"2017-11-20T14:36:57+00:00\",\"dateModified\":\"2017-11-21T16:17:44+00:00\",\"mainEntityOfPage\":{\"@id\":\"https:\\\/\\\/www.24gliwice.pl\\\/wiadomosci\\\/fragment-drogi-centrum-sosnica-jest-na-ukonczeniu-rowerzysci-pojada-wiosna\\\/\"},\"wordCount\":415,\"commentCount\":0,\"publisher\":{\"@id\":\"https:\\\/\\\/www.24gliwice.pl\\\/wiadomosci\\\/#organization\"},\"image\":{\"@id\":\"https:\\\/\\\/www.24gliwice.pl\\\/wiadomosci\\\/fragment-drogi-centrum-sosnica-jest-na-ukonczeniu-rowerzysci-pojada-wiosna\\\/#primaryimage\"},\"thumbnailUrl\":\"https:\\\/\\\/www.24gliwice.pl\\\/wiadomosci\\\/wp-content\\\/uploads\\\/2017\\\/11\\\/droga-dla-rower\u00f3w-2-e1510922077607.jpg\",\"keywords\":[\"ALEJA PRZYJA\u0179NI\",\"centrum\",\"DROGA DLA ROWER\u00d3W\",\"DROGA ROWEROWA\",\"\u015aCIE\u017bKA ROWEROWA\",\"SO\u015aNICA\",\"So\u015bnica - centrum\",\"TRASA ROWEROWA\"],\"articleSection\":[\"Gliwice\",\"Najnowsze wiadomo\u015bci\"],\"inLanguage\":\"pl-PL\",\"potentialAction\":[{\"@type\":\"CommentAction\",\"name\":\"Comment\",\"target\":[\"https:\\\/\\\/www.24gliwice.pl\\\/wiadomosci\\\/fragment-drogi-centrum-sosnica-jest-na-ukonczeniu-rowerzysci-pojada-wiosna\\\/#respond\"]}]},{\"@type\":\"WebPage\",\"@id\":\"https:\\\/\\\/www.24gliwice.pl\\\/wiadomosci\\\/fragment-drogi-centrum-sosnica-jest-na-ukonczeniu-rowerzysci-pojada-wiosna\\\/\",\"url\":\"https:\\\/\\\/www.24gliwice.pl\\\/wiadomosci\\\/fragment-drogi-centrum-sosnica-jest-na-ukonczeniu-rowerzysci-pojada-wiosna\\\/\",\"name\":\"Fragment drogi Centrum-So\u015bnica jest na uko\u0144czeniu. Rowerzy\u015bci pojad\u0105 wiosn\u0105 - 24GLIWICE - Portal Gliwice | codziennie nowe informacje\",\"isPartOf\":{\"@id\":\"https:\\\/\\\/www.24gliwice.pl\\\/wiadomosci\\\/#website\"},\"primaryImageOfPage\":{\"@id\":\"https:\\\/\\\/www.24gliwice.pl\\\/wiadomosci\\\/fragment-drogi-centrum-sosnica-jest-na-ukonczeniu-rowerzysci-pojada-wiosna\\\/#primaryimage\"},\"image\":{\"@id\":\"https:\\\/\\\/www.24gliwice.pl\\\/wiadomosci\\\/fragment-drogi-centrum-sosnica-jest-na-ukonczeniu-rowerzysci-pojada-wiosna\\\/#primaryimage\"},\"thumbnailUrl\":\"https:\\\/\\\/www.24gliwice.pl\\\/wiadomosci\\\/wp-content\\\/uploads\\\/2017\\\/11\\\/droga-dla-rower\u00f3w-2-e1510922077607.jpg\",\"datePublished\":\"2017-11-20T14:36:57+00:00\",\"dateModified\":\"2017-11-21T16:17:44+00:00\",\"breadcrumb\":{\"@id\":\"https:\\\/\\\/www.24gliwice.pl\\\/wiadomosci\\\/fragment-drogi-centrum-sosnica-jest-na-ukonczeniu-rowerzysci-pojada-wiosna\\\/#breadcrumb\"},\"inLanguage\":\"pl-PL\",\"potentialAction\":[{\"@type\":\"ReadAction\",\"target\":[\"https:\\\/\\\/www.24gliwice.pl\\\/wiadomosci\\\/fragment-drogi-centrum-sosnica-jest-na-ukonczeniu-rowerzysci-pojada-wiosna\\\/\"]}]},{\"@type\":\"ImageObject\",\"inLanguage\":\"pl-PL\",\"@id\":\"https:\\\/\\\/www.24gliwice.pl\\\/wiadomosci\\\/fragment-drogi-centrum-sosnica-jest-na-ukonczeniu-rowerzysci-pojada-wiosna\\\/#primaryimage\",\"url\":\"https:\\\/\\\/www.24gliwice.pl\\\/wiadomosci\\\/wp-content\\\/uploads\\\/2017\\\/11\\\/droga-dla-rower\u00f3w-2-e1510922077607.jpg\",\"contentUrl\":\"https:\\\/\\\/www.24gliwice.pl\\\/wiadomosci\\\/wp-content\\\/uploads\\\/2017\\\/11\\\/droga-dla-rower\u00f3w-2-e1510922077607.jpg\",\"width\":810,\"height\":456},{\"@type\":\"BreadcrumbList\",\"@id\":\"https:\\\/\\\/www.24gliwice.pl\\\/wiadomosci\\\/fragment-drogi-centrum-sosnica-jest-na-ukonczeniu-rowerzysci-pojada-wiosna\\\/#breadcrumb\",\"itemListElement\":[{\"@type\":\"ListItem\",\"position\":1,\"name\":\"Strona g\u0142\u00f3wna\",\"item\":\"https:\\\/\\\/www.24gliwice.pl\\\/wiadomosci\\\/\"},{\"@type\":\"ListItem\",\"position\":2,\"name\":\"Fragment drogi Centrum-So\u015bnica jest na uko\u0144czeniu. Rowerzy\u015bci pojad\u0105 wiosn\u0105\"}]},{\"@type\":\"WebSite\",\"@id\":\"https:\\\/\\\/www.24gliwice.pl\\\/wiadomosci\\\/#website\",\"url\":\"https:\\\/\\\/www.24gliwice.pl\\\/wiadomosci\\\/\",\"name\":\"24GLIWICE - Portal Gliwice | codziennie nowe wiadomo\u015bci\",\"description\":\"Portal Miejski Gliwice\",\"publisher\":{\"@id\":\"https:\\\/\\\/www.24gliwice.pl\\\/wiadomosci\\\/#organization\"},\"potentialAction\":[{\"@type\":\"SearchAction\",\"target\":{\"@type\":\"EntryPoint\",\"urlTemplate\":\"https:\\\/\\\/www.24gliwice.pl\\\/wiadomosci\\\/?s={search_term_string}\"},\"query-input\":{\"@type\":\"PropertyValueSpecification\",\"valueRequired\":true,\"valueName\":\"search_term_string\"}}],\"inLanguage\":\"pl-PL\"},{\"@type\":\"Organization\",\"@id\":\"https:\\\/\\\/www.24gliwice.pl\\\/wiadomosci\\\/#organization\",\"name\":\"24gliwice\",\"url\":\"https:\\\/\\\/www.24gliwice.pl\\\/wiadomosci\\\/\",\"logo\":{\"@type\":\"ImageObject\",\"inLanguage\":\"pl-PL\",\"@id\":\"https:\\\/\\\/www.24gliwice.pl\\\/wiadomosci\\\/#\\\/schema\\\/logo\\\/image\\\/\",\"url\":\"https:\\\/\\\/www.24gliwice.pl\\\/wiadomosci\\\/wp-content\\\/uploads\\\/2024\\\/10\\\/24gliwice-logo-696.jpg\",\"contentUrl\":\"https:\\\/\\\/www.24gliwice.pl\\\/wiadomosci\\\/wp-content\\\/uploads\\\/2024\\\/10\\\/24gliwice-logo-696.jpg\",\"width\":696,\"height\":696,\"caption\":\"24gliwice\"},\"image\":{\"@id\":\"https:\\\/\\\/www.24gliwice.pl\\\/wiadomosci\\\/#\\\/schema\\\/logo\\\/image\\\/\"},\"sameAs\":[\"https:\\\/\\\/www.facebook.com\\\/24gliwice\",\"https:\\\/\\\/x.com\\\/24gliwice\",\"https:\\\/\\\/www.youtube.com\\\/@24gliwice\"]},{\"@type\":\"Person\",\"@id\":\"https:\\\/\\\/www.24gliwice.pl\\\/wiadomosci\\\/#\\\/schema\\\/person\\\/e42c650edd7f2fa332be3811fb166b6e\",\"name\":\"\u017baneta Mrozek-Siewierska\",\"image\":{\"@type\":\"ImageObject\",\"inLanguage\":\"pl-PL\",\"@id\":\"https:\\\/\\\/secure.gravatar.com\\\/avatar\\\/1881429e9c64597c77ad7aef2d0a19be69a3253e57534d16aa15bf3a4d34a0a3?s=96&d=mm&r=g\",\"url\":\"https:\\\/\\\/secure.gravatar.com\\\/avatar\\\/1881429e9c64597c77ad7aef2d0a19be69a3253e57534d16aa15bf3a4d34a0a3?s=96&d=mm&r=g\",\"contentUrl\":\"https:\\\/\\\/secure.gravatar.com\\\/avatar\\\/1881429e9c64597c77ad7aef2d0a19be69a3253e57534d16aa15bf3a4d34a0a3?s=96&d=mm&r=g\",\"caption\":\"\u017baneta Mrozek-Siewierska\"},\"url\":\"https:\\\/\\\/www.24gliwice.pl\\\/wiadomosci\\\/author\\\/zms\\\/\"}]}<\/script>\n<!-- \/ Yoast SEO plugin. -->","yoast_head_json":{"title":"Fragment drogi Centrum-So\u015bnica jest na uko\u0144czeniu. Rowerzy\u015bci pojad\u0105 wiosn\u0105 - 24GLIWICE - Portal Gliwice | codziennie nowe informacje","robots":{"index":"index","follow":"follow","max-snippet":"max-snippet:-1","max-image-preview":"max-image-preview:large","max-video-preview":"max-video-preview:-1"},"canonical":"https:\/\/www.24gliwice.pl\/wiadomosci\/fragment-drogi-centrum-sosnica-jest-na-ukonczeniu-rowerzysci-pojada-wiosna\/","og_locale":"pl_PL","og_type":"article","og_title":"Fragment drogi Centrum-So\u015bnica jest na uko\u0144czeniu. Rowerzy\u015bci pojad\u0105 wiosn\u0105 - 24GLIWICE - Portal Gliwice | codziennie nowe informacje","og_description":"Odcinek \u0142\u0105cz\u0105cy ulice Berbeckiego i Akademick\u0105 mia\u0142 by\u0107 gotowy w lipcu. Terminu jednak nie uda\u0142o si\u0119 utrzyma\u0107. Teraz wiadomo ju\u017c na pewno, \u017ce prace realizowane przez PRUiM, zostan\u0105 uko\u0144czone 20 listopada. Sama droga dla rower\u00f3w zostanie jednak oddana do u\u017cytku w grudniu, czyli ju\u017c po zamkni\u0119ciu sezonu rowerowego. Przedsi\u0119biorstwo Remont\u00f3w Ulic i Most\u00f3w prace nad [&hellip;]","og_url":"https:\/\/www.24gliwice.pl\/wiadomosci\/fragment-drogi-centrum-sosnica-jest-na-ukonczeniu-rowerzysci-pojada-wiosna\/","og_site_name":"24GLIWICE - Portal Gliwice | codziennie nowe informacje","article_publisher":"https:\/\/www.facebook.com\/24gliwice","article_published_time":"2017-11-20T14:36:57+00:00","article_modified_time":"2017-11-21T16:17:44+00:00","og_image":[{"width":810,"height":456,"url":"https:\/\/www.24gliwice.pl\/wiadomosci\/wp-content\/uploads\/2017\/11\/droga-dla-rower\u00f3w-2-e1510922077607.jpg","type":"image\/jpeg"}],"author":"\u017baneta Mrozek-Siewierska","twitter_card":"summary_large_image","twitter_creator":"@24gliwice","twitter_site":"@24gliwice","twitter_misc":{"Napisane przez":"\u017baneta Mrozek-Siewierska","Szacowany czas czytania":"2 minuty"},"schema":{"@context":"https:\/\/schema.org","@graph":[{"@type":"Article","@id":"https:\/\/www.24gliwice.pl\/wiadomosci\/fragment-drogi-centrum-sosnica-jest-na-ukonczeniu-rowerzysci-pojada-wiosna\/#article","isPartOf":{"@id":"https:\/\/www.24gliwice.pl\/wiadomosci\/fragment-drogi-centrum-sosnica-jest-na-ukonczeniu-rowerzysci-pojada-wiosna\/"},"author":{"name":"\u017baneta Mrozek-Siewierska","@id":"https:\/\/www.24gliwice.pl\/wiadomosci\/#\/schema\/person\/e42c650edd7f2fa332be3811fb166b6e"},"headline":"Fragment drogi Centrum-So\u015bnica jest na uko\u0144czeniu. Rowerzy\u015bci pojad\u0105 wiosn\u0105","datePublished":"2017-11-20T14:36:57+00:00","dateModified":"2017-11-21T16:17:44+00:00","mainEntityOfPage":{"@id":"https:\/\/www.24gliwice.pl\/wiadomosci\/fragment-drogi-centrum-sosnica-jest-na-ukonczeniu-rowerzysci-pojada-wiosna\/"},"wordCount":415,"commentCount":0,"publisher":{"@id":"https:\/\/www.24gliwice.pl\/wiadomosci\/#organization"},"image":{"@id":"https:\/\/www.24gliwice.pl\/wiadomosci\/fragment-drogi-centrum-sosnica-jest-na-ukonczeniu-rowerzysci-pojada-wiosna\/#primaryimage"},"thumbnailUrl":"https:\/\/www.24gliwice.pl\/wiadomosci\/wp-content\/uploads\/2017\/11\/droga-dla-rower\u00f3w-2-e1510922077607.jpg","keywords":["ALEJA PRZYJA\u0179NI","centrum","DROGA DLA ROWER\u00d3W","DROGA ROWEROWA","\u015aCIE\u017bKA ROWEROWA","SO\u015aNICA","So\u015bnica - centrum","TRASA ROWEROWA"],"articleSection":["Gliwice","Najnowsze wiadomo\u015bci"],"inLanguage":"pl-PL","potentialAction":[{"@type":"CommentAction","name":"Comment","target":["https:\/\/www.24gliwice.pl\/wiadomosci\/fragment-drogi-centrum-sosnica-jest-na-ukonczeniu-rowerzysci-pojada-wiosna\/#respond"]}]},{"@type":"WebPage","@id":"https:\/\/www.24gliwice.pl\/wiadomosci\/fragment-drogi-centrum-sosnica-jest-na-ukonczeniu-rowerzysci-pojada-wiosna\/","url":"https:\/\/www.24gliwice.pl\/wiadomosci\/fragment-drogi-centrum-sosnica-jest-na-ukonczeniu-rowerzysci-pojada-wiosna\/","name":"Fragment drogi Centrum-So\u015bnica jest na uko\u0144czeniu. Rowerzy\u015bci pojad\u0105 wiosn\u0105 - 24GLIWICE - Portal Gliwice | codziennie nowe informacje","isPartOf":{"@id":"https:\/\/www.24gliwice.pl\/wiadomosci\/#website"},"primaryImageOfPage":{"@id":"https:\/\/www.24gliwice.pl\/wiadomosci\/fragment-drogi-centrum-sosnica-jest-na-ukonczeniu-rowerzysci-pojada-wiosna\/#primaryimage"},"image":{"@id":"https:\/\/www.24gliwice.pl\/wiadomosci\/fragment-drogi-centrum-sosnica-jest-na-ukonczeniu-rowerzysci-pojada-wiosna\/#primaryimage"},"thumbnailUrl":"https:\/\/www.24gliwice.pl\/wiadomosci\/wp-content\/uploads\/2017\/11\/droga-dla-rower\u00f3w-2-e1510922077607.jpg","datePublished":"2017-11-20T14:36:57+00:00","dateModified":"2017-11-21T16:17:44+00:00","breadcrumb":{"@id":"https:\/\/www.24gliwice.pl\/wiadomosci\/fragment-drogi-centrum-sosnica-jest-na-ukonczeniu-rowerzysci-pojada-wiosna\/#breadcrumb"},"inLanguage":"pl-PL","potentialAction":[{"@type":"ReadAction","target":["https:\/\/www.24gliwice.pl\/wiadomosci\/fragment-drogi-centrum-sosnica-jest-na-ukonczeniu-rowerzysci-pojada-wiosna\/"]}]},{"@type":"ImageObject","inLanguage":"pl-PL","@id":"https:\/\/www.24gliwice.pl\/wiadomosci\/fragment-drogi-centrum-sosnica-jest-na-ukonczeniu-rowerzysci-pojada-wiosna\/#primaryimage","url":"https:\/\/www.24gliwice.pl\/wiadomosci\/wp-content\/uploads\/2017\/11\/droga-dla-rower\u00f3w-2-e1510922077607.jpg","contentUrl":"https:\/\/www.24gliwice.pl\/wiadomosci\/wp-content\/uploads\/2017\/11\/droga-dla-rower\u00f3w-2-e1510922077607.jpg","width":810,"height":456},{"@type":"BreadcrumbList","@id":"https:\/\/www.24gliwice.pl\/wiadomosci\/fragment-drogi-centrum-sosnica-jest-na-ukonczeniu-rowerzysci-pojada-wiosna\/#breadcrumb","itemListElement":[{"@type":"ListItem","position":1,"name":"Strona g\u0142\u00f3wna","item":"https:\/\/www.24gliwice.pl\/wiadomosci\/"},{"@type":"ListItem","position":2,"name":"Fragment drogi Centrum-So\u015bnica jest na uko\u0144czeniu. Rowerzy\u015bci pojad\u0105 wiosn\u0105"}]},{"@type":"WebSite","@id":"https:\/\/www.24gliwice.pl\/wiadomosci\/#website","url":"https:\/\/www.24gliwice.pl\/wiadomosci\/","name":"24GLIWICE - Portal Gliwice | codziennie nowe wiadomo\u015bci","description":"Portal Miejski Gliwice","publisher":{"@id":"https:\/\/www.24gliwice.pl\/wiadomosci\/#organization"},"potentialAction":[{"@type":"SearchAction","target":{"@type":"EntryPoint","urlTemplate":"https:\/\/www.24gliwice.pl\/wiadomosci\/?s={search_term_string}"},"query-input":{"@type":"PropertyValueSpecification","valueRequired":true,"valueName":"search_term_string"}}],"inLanguage":"pl-PL"},{"@type":"Organization","@id":"https:\/\/www.24gliwice.pl\/wiadomosci\/#organization","name":"24gliwice","url":"https:\/\/www.24gliwice.pl\/wiadomosci\/","logo":{"@type":"ImageObject","inLanguage":"pl-PL","@id":"https:\/\/www.24gliwice.pl\/wiadomosci\/#\/schema\/logo\/image\/","url":"https:\/\/www.24gliwice.pl\/wiadomosci\/wp-content\/uploads\/2024\/10\/24gliwice-logo-696.jpg","contentUrl":"https:\/\/www.24gliwice.pl\/wiadomosci\/wp-content\/uploads\/2024\/10\/24gliwice-logo-696.jpg","width":696,"height":696,"caption":"24gliwice"},"image":{"@id":"https:\/\/www.24gliwice.pl\/wiadomosci\/#\/schema\/logo\/image\/"},"sameAs":["https:\/\/www.facebook.com\/24gliwice","https:\/\/x.com\/24gliwice","https:\/\/www.youtube.com\/@24gliwice"]},{"@type":"Person","@id":"https:\/\/www.24gliwice.pl\/wiadomosci\/#\/schema\/person\/e42c650edd7f2fa332be3811fb166b6e","name":"\u017baneta Mrozek-Siewierska","image":{"@type":"ImageObject","inLanguage":"pl-PL","@id":"https:\/\/secure.gravatar.com\/avatar\/1881429e9c64597c77ad7aef2d0a19be69a3253e57534d16aa15bf3a4d34a0a3?s=96&d=mm&r=g","url":"https:\/\/secure.gravatar.com\/avatar\/1881429e9c64597c77ad7aef2d0a19be69a3253e57534d16aa15bf3a4d34a0a3?s=96&d=mm&r=g","contentUrl":"https:\/\/secure.gravatar.com\/avatar\/1881429e9c64597c77ad7aef2d0a19be69a3253e57534d16aa15bf3a4d34a0a3?s=96&d=mm&r=g","caption":"\u017baneta Mrozek-Siewierska"},"url":"https:\/\/www.24gliwice.pl\/wiadomosci\/author\/zms\/"}]}},"_links":{"self":[{"href":"https:\/\/www.24gliwice.pl\/wiadomosci\/wp-json\/wp\/v2\/posts\/107889","targetHints":{"allow":["GET"]}}],"collection":[{"href":"https:\/\/www.24gliwice.pl\/wiadomosci\/wp-json\/wp\/v2\/posts"}],"about":[{"href":"https:\/\/www.24gliwice.pl\/wiadomosci\/wp-json\/wp\/v2\/types\/post"}],"author":[{"embeddable":true,"href":"https:\/\/www.24gliwice.pl\/wiadomosci\/wp-json\/wp\/v2\/users\/15"}],"replies":[{"embeddable":true,"href":"https:\/\/www.24gliwice.pl\/wiadomosci\/wp-json\/wp\/v2\/comments?post=107889"}],"version-history":[{"count":0,"href":"https:\/\/www.24gliwice.pl\/wiadomosci\/wp-json\/wp\/v2\/posts\/107889\/revisions"}],"wp:featuredmedia":[{"embeddable":true,"href":"https:\/\/www.24gliwice.pl\/wiadomosci\/wp-json\/wp\/v2\/media\/107914"}],"wp:attachment":[{"href":"https:\/\/www.24gliwice.pl\/wiadomosci\/wp-json\/wp\/v2\/media?parent=107889"}],"wp:term":[{"taxonomy":"category","embeddable":true,"href":"https:\/\/www.24gliwice.pl\/wiadomosci\/wp-json\/wp\/v2\/categories?post=107889"},{"taxonomy":"post_tag","embeddable":true,"href":"https:\/\/www.24gliwice.pl\/wiadomosci\/wp-json\/wp\/v2\/tags?post=107889"}],"curies":[{"name":"wp","href":"https:\/\/api.w.org\/{rel}","templated":true}]}}