{"id":107979,"date":"2017-11-21T01:58:28","date_gmt":"2017-11-21T00:58:28","guid":{"rendered":"http:\/\/www.24gliwice.pl\/wiadomosci\/?p=107979"},"modified":"2017-11-21T01:58:28","modified_gmt":"2017-11-21T00:58:28","slug":"od-zadaszenia-do-rozbiorki-plac-krakowski-zmienia-charakter-koniec-glosnych-imprez","status":"publish","type":"post","link":"https:\/\/www.24gliwice.pl\/wiadomosci\/od-zadaszenia-do-rozbiorki-plac-krakowski-zmienia-charakter-koniec-glosnych-imprez\/","title":{"rendered":"Od zadaszenia do rozbi\u00f3rki. Plac Krakowski zmienia charakter, koniec g\u0142o\u015bnych imprez?"},"content":{"rendered":"<div class=\"gliwi-a6-nad-leadem-artykulow gliwi-entity-placement\" id=\"gliwi-2311067836\"><div class=\"gliwi-adlabel\"><span style=\"font-size: 9px\">REKLAMA<\/span><\/div><div id=\"gliwi-2708448349\" style=\"margin-bottom: 25px;margin-left: auto;margin-right: auto;text-align: center;\"><a data-no-instant=\"1\" href=\"https:\/\/dom100.eu\/\" rel=\"noopener\" class=\"a2t-link\" target=\"_blank\" aria-label=\"20260415 DOM100 D\"><img loading=\"lazy\" decoding=\"async\" src=\"https:\/\/www.24gliwice.pl\/wiadomosci\/wp-content\/uploads\/2026\/04\/20260415-DOM100-D.jpg\" alt=\"\"  srcset=\"https:\/\/www.24gliwice.pl\/wiadomosci\/wp-content\/uploads\/2026\/04\/20260415-DOM100-D.jpg 750w, https:\/\/www.24gliwice.pl\/wiadomosci\/wp-content\/uploads\/2026\/04\/20260415-DOM100-D-410x109.jpg 410w\" sizes=\"(max-width: 750px) 100vw, 750px\" class=\"no-lazyload\" width=\"750\" height=\"200\"  style=\"display: inline-block; max-width: 100%; height: auto;\" \/><\/a><\/div><\/div><h3>Na Placu Krakowskim dobiega ko\u0144ca rozbi\u00f3rka sceny muzycznej. Po modernizacji plac zmieni charakter, a wi\u0119kszo\u015b\u0107 imprez i uroczysto\u015bci zostanie przeniesiona do Hali Gliwice lub na scen\u0119 kameraln\u0105 powstaj\u0105ca w Parku Chrobrego.<\/h3>\n<p>Rozbi\u00f3rk\u0119 estrady na Placu Krakowskim prowadzi firma &#8220;Korabud&#8221;. W miejsce sceny pojawi si\u0119 trawnik i elementy ma\u0142ej architektury. Koszt przedsi\u0119wzi\u0119cia to 182 tysi\u0105ce z\u0142otych. Wiosn\u0105 powinien ruszy\u0107 drugi etap modernizacji &#8211; remont trybun wraz z wymian\u0105 krzese\u0142ek. <\/p>\n<p><H4>PRIORYTET: OGRANICZY\u0106 HA\u0141AS<\/H4><\/p>\n<p>Demontowana scena w ostatnim czasie u\u017cywana by\u0142a sporadycznie (m.in. przez gliwickich organizator\u00f3w &#8220;Czarnego Protestu&#8221; lub podczas obchod\u00f3w \u015bwi\u0119ta policji). Du\u017ce koncerty odbywa\u0142y si\u0119 na scenie mobilnej, konstruowanej dora\u017anie na potrzeby konkretnych wydarze\u0144. Taki zabieg mia\u0142 ograniczy\u0107 ha\u0142as, na jaki skar\u017cyli si\u0119 mieszka\u0144cy s\u0105siaduj\u0105cego z Placem Krakowskim bloku przy ul. \u0141u\u017cyckiej. <\/p><div class=\"gliwi-a3-w-tresci-artykulow gliwi-entity-placement\" id=\"gliwi-3213962105\"><div class=\"gliwi-adlabel\"><span style=\"font-size: 9px\">REKLAMA<\/span><\/div><div id=\"gliwi-4063006154\" style=\"margin-bottom: 30px;margin-left: auto;margin-right: auto;text-align: center;\"><a data-no-instant=\"1\" href=\"https:\/\/ogrodyandersa.pl\/\" rel=\"noopener\" class=\"a2t-link\" target=\"_blank\" aria-label=\"20260415 Ogrody Andersa KUP TERAZ D\"><img loading=\"lazy\" decoding=\"async\" src=\"https:\/\/www.24gliwice.pl\/wiadomosci\/wp-content\/uploads\/2026\/04\/20260415-Ogrody-Andersa-KUP-TERAZ-D.jpg\" alt=\"\"  srcset=\"https:\/\/www.24gliwice.pl\/wiadomosci\/wp-content\/uploads\/2026\/04\/20260415-Ogrody-Andersa-KUP-TERAZ-D.jpg 750w, https:\/\/www.24gliwice.pl\/wiadomosci\/wp-content\/uploads\/2026\/04\/20260415-Ogrody-Andersa-KUP-TERAZ-D-410x109.jpg 410w\" sizes=\"(max-width: 750px) 100vw, 750px\" class=\"no-lazyload\" width=\"750\" height=\"200\"  style=\"display: inline-block; max-width: 100%; height: auto;\" \/><\/a><\/div><\/div>\n<p>Wszystko wskazuje na to, \u017ce ten problem wkr\u00f3tce zostanie rozwi\u0105zany definitywnie. Jak informuje Marek Jarz\u0119bowski, rzecznik prezydenta Gliwic, ju\u017c od przysz\u0142ego roku pod koncerty i inne wydarzenia estradowe dedykowane zostan\u0105 sceny w Hali Gliwice i w Parku Chrobrego. &#8220;Krakowski&#8221; zostanie jedynie z uroczysto\u015bciami o charakterze oficjalnym, jak np. rocznica Konstytucji 3 Maja. <\/p>\n<div id=\"attachment_108000\" style=\"width: 1150px\" class=\"wp-caption aligncenter\"><img loading=\"lazy\" decoding=\"async\" aria-describedby=\"caption-attachment-108000\" src=\"http:\/\/www.24gliwice.pl\/wiadomosci\/wp-content\/uploads\/2017\/11\/1-plac-krakowski-2008.jpg\" alt=\"\" width=\"1140\" height=\"631\" class=\"size-full wp-image-108000\" srcset=\"https:\/\/www.24gliwice.pl\/wiadomosci\/wp-content\/uploads\/2017\/11\/1-plac-krakowski-2008.jpg 1140w, https:\/\/www.24gliwice.pl\/wiadomosci\/wp-content\/uploads\/2017\/11\/1-plac-krakowski-2008-410x227.jpg 410w, https:\/\/www.24gliwice.pl\/wiadomosci\/wp-content\/uploads\/2017\/11\/1-plac-krakowski-2008-768x425.jpg 768w, https:\/\/www.24gliwice.pl\/wiadomosci\/wp-content\/uploads\/2017\/11\/1-plac-krakowski-2008-810x448.jpg 810w\" sizes=\"auto, (max-width: 1140px) 100vw, 1140px\" \/><p id=\"caption-attachment-108000\" class=\"wp-caption-text\">Zadaszona scena na Placu Krakowskim tu\u017c przed rozbi\u00f3rk\u0105 dachu w 2007 roku<\/p><\/div>\n<p>&#8211; Trzeba by\u0107 elastycznym w organizacji takich wydarze\u0144 w mie\u015bcie, dlatego zapewniam, \u017ce nie znikn\u0105 one z Placu Krakowskiego ca\u0142kowicie. Natomiast walorami scen w Hali Gliwice i plenerowej w Parku Chrobrego jest ich lokalizacja, z dala od zabudowa\u0144 i dobre skomunikowanie &#8211; t\u0142umaczy Jarz\u0119bowski. <\/p>\n<p>&#8220;Elastyczno\u015b\u0107&#8221;, o kt\u00f3rej wspomina rzecznik prezydenta, oznacza te\u017c &#8220;obdarowanie&#8221; wydarzeniami reprezentacyjnego Placu Pi\u0142sudskiego, gdzie tak jak dotychczas maj\u0105 odbywa\u0107 si\u0119 m.in. obchody \u015awi\u0119ta Niepodleg\u0142o\u015bci. Kwesti\u0105 otwart\u0105 pozostaje jeszcze organizacja imprez sylwestrowych, kt\u00f3re niemal co roku odbywaj\u0105 si\u0119 w\u0142a\u015bnie na &#8220;Kraku&#8221;. Podobnie b\u0119dzie jeszcze i podczas nachodz\u0105cej zabawy sylwestrowej. Czy b\u0119dzie to ostatnia &#8220;g\u0142o\u015bna&#8221; impreza na Placu Krakowskim &#8211; decyzje w tej sprawie jeszcze nie zapad\u0142y.<\/p>\n<p><img loading=\"lazy\" decoding=\"async\" src=\"http:\/\/www.24gliwice.pl\/wiadomosci\/wp-content\/uploads\/2017\/11\/DSCF0704.jpg\" alt=\"\" width=\"1200\" height=\"674\" class=\"alignnone size-full wp-image-107994\" srcset=\"https:\/\/www.24gliwice.pl\/wiadomosci\/wp-content\/uploads\/2017\/11\/DSCF0704.jpg 1200w, https:\/\/www.24gliwice.pl\/wiadomosci\/wp-content\/uploads\/2017\/11\/DSCF0704-410x230.jpg 410w, https:\/\/www.24gliwice.pl\/wiadomosci\/wp-content\/uploads\/2017\/11\/DSCF0704-768x431.jpg 768w, https:\/\/www.24gliwice.pl\/wiadomosci\/wp-content\/uploads\/2017\/11\/DSCF0704-810x455.jpg 810w, https:\/\/www.24gliwice.pl\/wiadomosci\/wp-content\/uploads\/2017\/11\/DSCF0704-1140x640.jpg 1140w\" sizes=\"auto, (max-width: 1200px) 100vw, 1200px\" \/><\/p>\n<h4>KR\u00d3TKA, ALE BURZLIWA HISTORIA<\/h4>\n<p>Estrada na Placu Krakowskim powsta\u0142a w 1999 roku. \u00d3wczesna modernizacja poch\u0142on\u0119\u0142a blisko milion z\u0142otych, ale ju\u017c siedem lat p\u00f3\u017aniej przysz\u0142o\u015b\u0107 obiektu stan\u0119\u0142a pod znakiem zapytania. Konstrukcja zadaszonego w\u00f3wczas obiektu okaza\u0142a si\u0119 niestabilna, a dach nad scen\u0105 zacz\u0105\u0142 si\u0119 ugina\u0107. Tym co szczeg\u00f3lnie wzbudza\u0142o niepok\u00f3j by\u0142 fakt, \u017ce za jej wykonanie odpowiada\u0142a firma Eko-Tech 2, odpowiedzialna za wadliwy projekt hali Mi\u0119dzynarodowych Targ\u00f3w Katowickich. Gliwicki Magistrat zdecydowa\u0142 o zamkni\u0119cie obiektu, a zadaszenie sceny zosta\u0142o rozebrane. Od tej pory estrada prezentowa\u0142a si\u0119 ju\u017c znaczenie skromniej.<\/p>\n<p><strong>Micha\u0142 Szewczyk<\/strong><\/p>\n<div id=\"attachment_107991\" style=\"width: 1210px\" class=\"wp-caption alignnone\"><img loading=\"lazy\" decoding=\"async\" aria-describedby=\"caption-attachment-107991\" src=\"http:\/\/www.24gliwice.pl\/wiadomosci\/wp-content\/uploads\/2017\/11\/20171116_114546.jpg\" alt=\"\" width=\"1200\" height=\"675\" class=\"size-full wp-image-107991\" srcset=\"https:\/\/www.24gliwice.pl\/wiadomosci\/wp-content\/uploads\/2017\/11\/20171116_114546.jpg 1200w, https:\/\/www.24gliwice.pl\/wiadomosci\/wp-content\/uploads\/2017\/11\/20171116_114546-410x232.jpg 410w, https:\/\/www.24gliwice.pl\/wiadomosci\/wp-content\/uploads\/2017\/11\/20171116_114546-768x432.jpg 768w, https:\/\/www.24gliwice.pl\/wiadomosci\/wp-content\/uploads\/2017\/11\/20171116_114546-810x456.jpg 810w, https:\/\/www.24gliwice.pl\/wiadomosci\/wp-content\/uploads\/2017\/11\/20171116_114546-1140x641.jpg 1140w\" sizes=\"auto, (max-width: 1200px) 100vw, 1200px\" \/><p id=\"caption-attachment-107991\" class=\"wp-caption-text\">Plac Krakowski &#8211; Listopad 2017r.<\/p><\/div>\n<div class=\"gliwi-a5-na-koncu-artykulow gliwi-entity-placement\" id=\"gliwi-704645578\"><div class=\"gliwi-adlabel\"><span style=\"font-size: 9px\">REKLAMA<\/span><\/div><div id=\"gliwi-2643953339\" style=\"margin-left: auto;margin-right: auto;text-align: center;\"><a data-no-instant=\"1\" href=\"https:\/\/www.jasek.pl\/\" rel=\"noopener\" class=\"a2t-link\" target=\"_blank\" aria-label=\"20200401-jasek 600\"><img loading=\"lazy\" decoding=\"async\" src=\"https:\/\/www.24gliwice.pl\/wiadomosci\/wp-content\/uploads\/2020\/04\/20200401-jasek-600.jpg\" alt=\"\"  srcset=\"https:\/\/www.24gliwice.pl\/wiadomosci\/wp-content\/uploads\/2020\/04\/20200401-jasek-600.jpg 600w, https:\/\/www.24gliwice.pl\/wiadomosci\/wp-content\/uploads\/2020\/04\/20200401-jasek-600-410x109.jpg 410w\" sizes=\"(max-width: 600px) 100vw, 600px\" class=\"no-lazyload\" width=\"600\" height=\"160\"  style=\"display: inline-block; max-width: 100%; height: auto;\" \/><\/a><\/div><\/div>","protected":false},"excerpt":{"rendered":"<p>Na Placu Krakowskim dobiega ko\u0144ca rozbi\u00f3rka sceny muzycznej. Po modernizacji plac zmieni charakter, a wi\u0119kszo\u015b\u0107 imprez i uroczysto\u015bci zostanie przeniesiona do Hali Gliwice lub na scen\u0119 kameraln\u0105 powstaj\u0105ca w Parku Chrobrego. Rozbi\u00f3rk\u0119 estrady na Placu Krakowskim prowadzi firma &#8220;Korabud&#8221;. W miejsce sceny pojawi si\u0119 trawnik i elementy ma\u0142ej architektury. Koszt przedsi\u0119wzi\u0119cia to 182 tysi\u0105ce z\u0142otych. [&hellip;]<\/p>\n","protected":false},"author":12,"featured_media":107989,"comment_status":"open","ping_status":"closed","sticky":false,"template":"","format":"standard","meta":{"_monsterinsights_skip_tracking":false,"_monsterinsights_sitenote_active":false,"_monsterinsights_sitenote_note":"","_monsterinsights_sitenote_category":0,"footnotes":"","_links_to":"","_links_to_target":""},"categories":[3,1,9],"tags":[2091],"class_list":["post-107979","post","type-post","status-publish","format-standard","has-post-thumbnail","hentry","category-gliwice","category-wszystko","category-aktualnosci_lokalne","tag-plac-krakowski"],"yoast_head":"<!-- This site is optimized with the Yoast SEO plugin v27.5 - https:\/\/yoast.com\/product\/yoast-seo-wordpress\/ -->\n<title>Od zadaszenia do rozbi\u00f3rki. Plac Krakowski zmienia charakter, koniec g\u0142o\u015bnych imprez? - 24GLIWICE - Portal Gliwice | codziennie nowe informacje<\/title>\n<meta name=\"robots\" content=\"index, follow, max-snippet:-1, max-image-preview:large, max-video-preview:-1\" \/>\n<link rel=\"canonical\" href=\"https:\/\/www.24gliwice.pl\/wiadomosci\/od-zadaszenia-do-rozbiorki-plac-krakowski-zmienia-charakter-koniec-glosnych-imprez\/\" \/>\n<meta property=\"og:locale\" content=\"pl_PL\" \/>\n<meta property=\"og:type\" content=\"article\" \/>\n<meta property=\"og:title\" content=\"Od zadaszenia do rozbi\u00f3rki. Plac Krakowski zmienia charakter, koniec g\u0142o\u015bnych imprez? - 24GLIWICE - Portal Gliwice | codziennie nowe informacje\" \/>\n<meta property=\"og:description\" content=\"Na Placu Krakowskim dobiega ko\u0144ca rozbi\u00f3rka sceny muzycznej. Po modernizacji plac zmieni charakter, a wi\u0119kszo\u015b\u0107 imprez i uroczysto\u015bci zostanie przeniesiona do Hali Gliwice lub na scen\u0119 kameraln\u0105 powstaj\u0105ca w Parku Chrobrego. Rozbi\u00f3rk\u0119 estrady na Placu Krakowskim prowadzi firma &#8220;Korabud&#8221;. W miejsce sceny pojawi si\u0119 trawnik i elementy ma\u0142ej architektury. Koszt przedsi\u0119wzi\u0119cia to 182 tysi\u0105ce z\u0142otych. [&hellip;]\" \/>\n<meta property=\"og:url\" content=\"https:\/\/www.24gliwice.pl\/wiadomosci\/od-zadaszenia-do-rozbiorki-plac-krakowski-zmienia-charakter-koniec-glosnych-imprez\/\" \/>\n<meta property=\"og:site_name\" content=\"24GLIWICE - Portal Gliwice | codziennie nowe informacje\" \/>\n<meta property=\"article:publisher\" content=\"https:\/\/www.facebook.com\/24gliwice\" \/>\n<meta property=\"article:published_time\" content=\"2017-11-21T00:58:28+00:00\" \/>\n<meta property=\"og:image\" content=\"https:\/\/www.24gliwice.pl\/wiadomosci\/wp-content\/uploads\/2017\/11\/16na9V3.jpg\" \/>\n\t<meta property=\"og:image:width\" content=\"1200\" \/>\n\t<meta property=\"og:image:height\" content=\"675\" \/>\n\t<meta property=\"og:image:type\" content=\"image\/jpeg\" \/>\n<meta name=\"author\" content=\"Micha\u0142 Szewczyk\" \/>\n<meta name=\"twitter:card\" content=\"summary_large_image\" \/>\n<meta name=\"twitter:creator\" content=\"@24gliwice\" \/>\n<meta name=\"twitter:site\" content=\"@24gliwice\" \/>\n<meta name=\"twitter:label1\" content=\"Napisane przez\" \/>\n\t<meta name=\"twitter:data1\" content=\"Micha\u0142 Szewczyk\" \/>\n\t<meta name=\"twitter:label2\" content=\"Szacowany czas czytania\" \/>\n\t<meta name=\"twitter:data2\" content=\"2 minuty\" \/>\n<script type=\"application\/ld+json\" class=\"yoast-schema-graph\">{\"@context\":\"https:\\\/\\\/schema.org\",\"@graph\":[{\"@type\":\"Article\",\"@id\":\"https:\\\/\\\/www.24gliwice.pl\\\/wiadomosci\\\/od-zadaszenia-do-rozbiorki-plac-krakowski-zmienia-charakter-koniec-glosnych-imprez\\\/#article\",\"isPartOf\":{\"@id\":\"https:\\\/\\\/www.24gliwice.pl\\\/wiadomosci\\\/od-zadaszenia-do-rozbiorki-plac-krakowski-zmienia-charakter-koniec-glosnych-imprez\\\/\"},\"author\":{\"name\":\"Micha\u0142 Szewczyk\",\"@id\":\"https:\\\/\\\/www.24gliwice.pl\\\/wiadomosci\\\/#\\\/schema\\\/person\\\/940e8f8a097e322de4f463f061ef8d45\"},\"headline\":\"Od zadaszenia do rozbi\u00f3rki. Plac Krakowski zmienia charakter, koniec g\u0142o\u015bnych imprez?\",\"datePublished\":\"2017-11-21T00:58:28+00:00\",\"mainEntityOfPage\":{\"@id\":\"https:\\\/\\\/www.24gliwice.pl\\\/wiadomosci\\\/od-zadaszenia-do-rozbiorki-plac-krakowski-zmienia-charakter-koniec-glosnych-imprez\\\/\"},\"wordCount\":482,\"commentCount\":0,\"publisher\":{\"@id\":\"https:\\\/\\\/www.24gliwice.pl\\\/wiadomosci\\\/#organization\"},\"image\":{\"@id\":\"https:\\\/\\\/www.24gliwice.pl\\\/wiadomosci\\\/od-zadaszenia-do-rozbiorki-plac-krakowski-zmienia-charakter-koniec-glosnych-imprez\\\/#primaryimage\"},\"thumbnailUrl\":\"https:\\\/\\\/www.24gliwice.pl\\\/wiadomosci\\\/wp-content\\\/uploads\\\/2017\\\/11\\\/16na9V3.jpg\",\"keywords\":[\"PLAC KRAKOWSKI\"],\"articleSection\":[\"Gliwice\",\"Najnowsze wiadomo\u015bci\",\"Portal Gliwice - Wiadomo\u015bci lokalne\"],\"inLanguage\":\"pl-PL\",\"potentialAction\":[{\"@type\":\"CommentAction\",\"name\":\"Comment\",\"target\":[\"https:\\\/\\\/www.24gliwice.pl\\\/wiadomosci\\\/od-zadaszenia-do-rozbiorki-plac-krakowski-zmienia-charakter-koniec-glosnych-imprez\\\/#respond\"]}]},{\"@type\":\"WebPage\",\"@id\":\"https:\\\/\\\/www.24gliwice.pl\\\/wiadomosci\\\/od-zadaszenia-do-rozbiorki-plac-krakowski-zmienia-charakter-koniec-glosnych-imprez\\\/\",\"url\":\"https:\\\/\\\/www.24gliwice.pl\\\/wiadomosci\\\/od-zadaszenia-do-rozbiorki-plac-krakowski-zmienia-charakter-koniec-glosnych-imprez\\\/\",\"name\":\"Od zadaszenia do rozbi\u00f3rki. Plac Krakowski zmienia charakter, koniec g\u0142o\u015bnych imprez? - 24GLIWICE - Portal Gliwice | codziennie nowe informacje\",\"isPartOf\":{\"@id\":\"https:\\\/\\\/www.24gliwice.pl\\\/wiadomosci\\\/#website\"},\"primaryImageOfPage\":{\"@id\":\"https:\\\/\\\/www.24gliwice.pl\\\/wiadomosci\\\/od-zadaszenia-do-rozbiorki-plac-krakowski-zmienia-charakter-koniec-glosnych-imprez\\\/#primaryimage\"},\"image\":{\"@id\":\"https:\\\/\\\/www.24gliwice.pl\\\/wiadomosci\\\/od-zadaszenia-do-rozbiorki-plac-krakowski-zmienia-charakter-koniec-glosnych-imprez\\\/#primaryimage\"},\"thumbnailUrl\":\"https:\\\/\\\/www.24gliwice.pl\\\/wiadomosci\\\/wp-content\\\/uploads\\\/2017\\\/11\\\/16na9V3.jpg\",\"datePublished\":\"2017-11-21T00:58:28+00:00\",\"breadcrumb\":{\"@id\":\"https:\\\/\\\/www.24gliwice.pl\\\/wiadomosci\\\/od-zadaszenia-do-rozbiorki-plac-krakowski-zmienia-charakter-koniec-glosnych-imprez\\\/#breadcrumb\"},\"inLanguage\":\"pl-PL\",\"potentialAction\":[{\"@type\":\"ReadAction\",\"target\":[\"https:\\\/\\\/www.24gliwice.pl\\\/wiadomosci\\\/od-zadaszenia-do-rozbiorki-plac-krakowski-zmienia-charakter-koniec-glosnych-imprez\\\/\"]}]},{\"@type\":\"ImageObject\",\"inLanguage\":\"pl-PL\",\"@id\":\"https:\\\/\\\/www.24gliwice.pl\\\/wiadomosci\\\/od-zadaszenia-do-rozbiorki-plac-krakowski-zmienia-charakter-koniec-glosnych-imprez\\\/#primaryimage\",\"url\":\"https:\\\/\\\/www.24gliwice.pl\\\/wiadomosci\\\/wp-content\\\/uploads\\\/2017\\\/11\\\/16na9V3.jpg\",\"contentUrl\":\"https:\\\/\\\/www.24gliwice.pl\\\/wiadomosci\\\/wp-content\\\/uploads\\\/2017\\\/11\\\/16na9V3.jpg\",\"width\":1200,\"height\":675},{\"@type\":\"BreadcrumbList\",\"@id\":\"https:\\\/\\\/www.24gliwice.pl\\\/wiadomosci\\\/od-zadaszenia-do-rozbiorki-plac-krakowski-zmienia-charakter-koniec-glosnych-imprez\\\/#breadcrumb\",\"itemListElement\":[{\"@type\":\"ListItem\",\"position\":1,\"name\":\"Strona g\u0142\u00f3wna\",\"item\":\"https:\\\/\\\/www.24gliwice.pl\\\/wiadomosci\\\/\"},{\"@type\":\"ListItem\",\"position\":2,\"name\":\"Od zadaszenia do rozbi\u00f3rki. Plac Krakowski zmienia charakter, koniec g\u0142o\u015bnych imprez?\"}]},{\"@type\":\"WebSite\",\"@id\":\"https:\\\/\\\/www.24gliwice.pl\\\/wiadomosci\\\/#website\",\"url\":\"https:\\\/\\\/www.24gliwice.pl\\\/wiadomosci\\\/\",\"name\":\"24GLIWICE - Portal Gliwice | codziennie nowe wiadomo\u015bci\",\"description\":\"Portal Miejski Gliwice\",\"publisher\":{\"@id\":\"https:\\\/\\\/www.24gliwice.pl\\\/wiadomosci\\\/#organization\"},\"potentialAction\":[{\"@type\":\"SearchAction\",\"target\":{\"@type\":\"EntryPoint\",\"urlTemplate\":\"https:\\\/\\\/www.24gliwice.pl\\\/wiadomosci\\\/?s={search_term_string}\"},\"query-input\":{\"@type\":\"PropertyValueSpecification\",\"valueRequired\":true,\"valueName\":\"search_term_string\"}}],\"inLanguage\":\"pl-PL\"},{\"@type\":\"Organization\",\"@id\":\"https:\\\/\\\/www.24gliwice.pl\\\/wiadomosci\\\/#organization\",\"name\":\"24gliwice\",\"url\":\"https:\\\/\\\/www.24gliwice.pl\\\/wiadomosci\\\/\",\"logo\":{\"@type\":\"ImageObject\",\"inLanguage\":\"pl-PL\",\"@id\":\"https:\\\/\\\/www.24gliwice.pl\\\/wiadomosci\\\/#\\\/schema\\\/logo\\\/image\\\/\",\"url\":\"https:\\\/\\\/www.24gliwice.pl\\\/wiadomosci\\\/wp-content\\\/uploads\\\/2024\\\/10\\\/24gliwice-logo-696.jpg\",\"contentUrl\":\"https:\\\/\\\/www.24gliwice.pl\\\/wiadomosci\\\/wp-content\\\/uploads\\\/2024\\\/10\\\/24gliwice-logo-696.jpg\",\"width\":696,\"height\":696,\"caption\":\"24gliwice\"},\"image\":{\"@id\":\"https:\\\/\\\/www.24gliwice.pl\\\/wiadomosci\\\/#\\\/schema\\\/logo\\\/image\\\/\"},\"sameAs\":[\"https:\\\/\\\/www.facebook.com\\\/24gliwice\",\"https:\\\/\\\/x.com\\\/24gliwice\",\"https:\\\/\\\/www.youtube.com\\\/@24gliwice\"]},{\"@type\":\"Person\",\"@id\":\"https:\\\/\\\/www.24gliwice.pl\\\/wiadomosci\\\/#\\\/schema\\\/person\\\/940e8f8a097e322de4f463f061ef8d45\",\"name\":\"Micha\u0142 Szewczyk\",\"image\":{\"@type\":\"ImageObject\",\"inLanguage\":\"pl-PL\",\"@id\":\"https:\\\/\\\/secure.gravatar.com\\\/avatar\\\/771b8b6c74cd8d255e46392d605e01a86133900ef09b6ef3c8d451c9d92288cf?s=96&d=mm&r=g\",\"url\":\"https:\\\/\\\/secure.gravatar.com\\\/avatar\\\/771b8b6c74cd8d255e46392d605e01a86133900ef09b6ef3c8d451c9d92288cf?s=96&d=mm&r=g\",\"contentUrl\":\"https:\\\/\\\/secure.gravatar.com\\\/avatar\\\/771b8b6c74cd8d255e46392d605e01a86133900ef09b6ef3c8d451c9d92288cf?s=96&d=mm&r=g\",\"caption\":\"Micha\u0142 Szewczyk\"},\"sameAs\":[\"http:\\\/\\\/www.gazeta-miejska.pl\"],\"url\":\"https:\\\/\\\/www.24gliwice.pl\\\/wiadomosci\\\/author\\\/michal-szewczyk\\\/\"}]}<\/script>\n<!-- \/ Yoast SEO plugin. -->","yoast_head_json":{"title":"Od zadaszenia do rozbi\u00f3rki. Plac Krakowski zmienia charakter, koniec g\u0142o\u015bnych imprez? - 24GLIWICE - Portal Gliwice | codziennie nowe informacje","robots":{"index":"index","follow":"follow","max-snippet":"max-snippet:-1","max-image-preview":"max-image-preview:large","max-video-preview":"max-video-preview:-1"},"canonical":"https:\/\/www.24gliwice.pl\/wiadomosci\/od-zadaszenia-do-rozbiorki-plac-krakowski-zmienia-charakter-koniec-glosnych-imprez\/","og_locale":"pl_PL","og_type":"article","og_title":"Od zadaszenia do rozbi\u00f3rki. Plac Krakowski zmienia charakter, koniec g\u0142o\u015bnych imprez? - 24GLIWICE - Portal Gliwice | codziennie nowe informacje","og_description":"Na Placu Krakowskim dobiega ko\u0144ca rozbi\u00f3rka sceny muzycznej. Po modernizacji plac zmieni charakter, a wi\u0119kszo\u015b\u0107 imprez i uroczysto\u015bci zostanie przeniesiona do Hali Gliwice lub na scen\u0119 kameraln\u0105 powstaj\u0105ca w Parku Chrobrego. Rozbi\u00f3rk\u0119 estrady na Placu Krakowskim prowadzi firma &#8220;Korabud&#8221;. W miejsce sceny pojawi si\u0119 trawnik i elementy ma\u0142ej architektury. Koszt przedsi\u0119wzi\u0119cia to 182 tysi\u0105ce z\u0142otych. [&hellip;]","og_url":"https:\/\/www.24gliwice.pl\/wiadomosci\/od-zadaszenia-do-rozbiorki-plac-krakowski-zmienia-charakter-koniec-glosnych-imprez\/","og_site_name":"24GLIWICE - Portal Gliwice | codziennie nowe informacje","article_publisher":"https:\/\/www.facebook.com\/24gliwice","article_published_time":"2017-11-21T00:58:28+00:00","og_image":[{"width":1200,"height":675,"url":"https:\/\/www.24gliwice.pl\/wiadomosci\/wp-content\/uploads\/2017\/11\/16na9V3.jpg","type":"image\/jpeg"}],"author":"Micha\u0142 Szewczyk","twitter_card":"summary_large_image","twitter_creator":"@24gliwice","twitter_site":"@24gliwice","twitter_misc":{"Napisane przez":"Micha\u0142 Szewczyk","Szacowany czas czytania":"2 minuty"},"schema":{"@context":"https:\/\/schema.org","@graph":[{"@type":"Article","@id":"https:\/\/www.24gliwice.pl\/wiadomosci\/od-zadaszenia-do-rozbiorki-plac-krakowski-zmienia-charakter-koniec-glosnych-imprez\/#article","isPartOf":{"@id":"https:\/\/www.24gliwice.pl\/wiadomosci\/od-zadaszenia-do-rozbiorki-plac-krakowski-zmienia-charakter-koniec-glosnych-imprez\/"},"author":{"name":"Micha\u0142 Szewczyk","@id":"https:\/\/www.24gliwice.pl\/wiadomosci\/#\/schema\/person\/940e8f8a097e322de4f463f061ef8d45"},"headline":"Od zadaszenia do rozbi\u00f3rki. Plac Krakowski zmienia charakter, koniec g\u0142o\u015bnych imprez?","datePublished":"2017-11-21T00:58:28+00:00","mainEntityOfPage":{"@id":"https:\/\/www.24gliwice.pl\/wiadomosci\/od-zadaszenia-do-rozbiorki-plac-krakowski-zmienia-charakter-koniec-glosnych-imprez\/"},"wordCount":482,"commentCount":0,"publisher":{"@id":"https:\/\/www.24gliwice.pl\/wiadomosci\/#organization"},"image":{"@id":"https:\/\/www.24gliwice.pl\/wiadomosci\/od-zadaszenia-do-rozbiorki-plac-krakowski-zmienia-charakter-koniec-glosnych-imprez\/#primaryimage"},"thumbnailUrl":"https:\/\/www.24gliwice.pl\/wiadomosci\/wp-content\/uploads\/2017\/11\/16na9V3.jpg","keywords":["PLAC KRAKOWSKI"],"articleSection":["Gliwice","Najnowsze wiadomo\u015bci","Portal Gliwice - Wiadomo\u015bci lokalne"],"inLanguage":"pl-PL","potentialAction":[{"@type":"CommentAction","name":"Comment","target":["https:\/\/www.24gliwice.pl\/wiadomosci\/od-zadaszenia-do-rozbiorki-plac-krakowski-zmienia-charakter-koniec-glosnych-imprez\/#respond"]}]},{"@type":"WebPage","@id":"https:\/\/www.24gliwice.pl\/wiadomosci\/od-zadaszenia-do-rozbiorki-plac-krakowski-zmienia-charakter-koniec-glosnych-imprez\/","url":"https:\/\/www.24gliwice.pl\/wiadomosci\/od-zadaszenia-do-rozbiorki-plac-krakowski-zmienia-charakter-koniec-glosnych-imprez\/","name":"Od zadaszenia do rozbi\u00f3rki. Plac Krakowski zmienia charakter, koniec g\u0142o\u015bnych imprez? - 24GLIWICE - Portal Gliwice | codziennie nowe informacje","isPartOf":{"@id":"https:\/\/www.24gliwice.pl\/wiadomosci\/#website"},"primaryImageOfPage":{"@id":"https:\/\/www.24gliwice.pl\/wiadomosci\/od-zadaszenia-do-rozbiorki-plac-krakowski-zmienia-charakter-koniec-glosnych-imprez\/#primaryimage"},"image":{"@id":"https:\/\/www.24gliwice.pl\/wiadomosci\/od-zadaszenia-do-rozbiorki-plac-krakowski-zmienia-charakter-koniec-glosnych-imprez\/#primaryimage"},"thumbnailUrl":"https:\/\/www.24gliwice.pl\/wiadomosci\/wp-content\/uploads\/2017\/11\/16na9V3.jpg","datePublished":"2017-11-21T00:58:28+00:00","breadcrumb":{"@id":"https:\/\/www.24gliwice.pl\/wiadomosci\/od-zadaszenia-do-rozbiorki-plac-krakowski-zmienia-charakter-koniec-glosnych-imprez\/#breadcrumb"},"inLanguage":"pl-PL","potentialAction":[{"@type":"ReadAction","target":["https:\/\/www.24gliwice.pl\/wiadomosci\/od-zadaszenia-do-rozbiorki-plac-krakowski-zmienia-charakter-koniec-glosnych-imprez\/"]}]},{"@type":"ImageObject","inLanguage":"pl-PL","@id":"https:\/\/www.24gliwice.pl\/wiadomosci\/od-zadaszenia-do-rozbiorki-plac-krakowski-zmienia-charakter-koniec-glosnych-imprez\/#primaryimage","url":"https:\/\/www.24gliwice.pl\/wiadomosci\/wp-content\/uploads\/2017\/11\/16na9V3.jpg","contentUrl":"https:\/\/www.24gliwice.pl\/wiadomosci\/wp-content\/uploads\/2017\/11\/16na9V3.jpg","width":1200,"height":675},{"@type":"BreadcrumbList","@id":"https:\/\/www.24gliwice.pl\/wiadomosci\/od-zadaszenia-do-rozbiorki-plac-krakowski-zmienia-charakter-koniec-glosnych-imprez\/#breadcrumb","itemListElement":[{"@type":"ListItem","position":1,"name":"Strona g\u0142\u00f3wna","item":"https:\/\/www.24gliwice.pl\/wiadomosci\/"},{"@type":"ListItem","position":2,"name":"Od zadaszenia do rozbi\u00f3rki. Plac Krakowski zmienia charakter, koniec g\u0142o\u015bnych imprez?"}]},{"@type":"WebSite","@id":"https:\/\/www.24gliwice.pl\/wiadomosci\/#website","url":"https:\/\/www.24gliwice.pl\/wiadomosci\/","name":"24GLIWICE - Portal Gliwice | codziennie nowe wiadomo\u015bci","description":"Portal Miejski Gliwice","publisher":{"@id":"https:\/\/www.24gliwice.pl\/wiadomosci\/#organization"},"potentialAction":[{"@type":"SearchAction","target":{"@type":"EntryPoint","urlTemplate":"https:\/\/www.24gliwice.pl\/wiadomosci\/?s={search_term_string}"},"query-input":{"@type":"PropertyValueSpecification","valueRequired":true,"valueName":"search_term_string"}}],"inLanguage":"pl-PL"},{"@type":"Organization","@id":"https:\/\/www.24gliwice.pl\/wiadomosci\/#organization","name":"24gliwice","url":"https:\/\/www.24gliwice.pl\/wiadomosci\/","logo":{"@type":"ImageObject","inLanguage":"pl-PL","@id":"https:\/\/www.24gliwice.pl\/wiadomosci\/#\/schema\/logo\/image\/","url":"https:\/\/www.24gliwice.pl\/wiadomosci\/wp-content\/uploads\/2024\/10\/24gliwice-logo-696.jpg","contentUrl":"https:\/\/www.24gliwice.pl\/wiadomosci\/wp-content\/uploads\/2024\/10\/24gliwice-logo-696.jpg","width":696,"height":696,"caption":"24gliwice"},"image":{"@id":"https:\/\/www.24gliwice.pl\/wiadomosci\/#\/schema\/logo\/image\/"},"sameAs":["https:\/\/www.facebook.com\/24gliwice","https:\/\/x.com\/24gliwice","https:\/\/www.youtube.com\/@24gliwice"]},{"@type":"Person","@id":"https:\/\/www.24gliwice.pl\/wiadomosci\/#\/schema\/person\/940e8f8a097e322de4f463f061ef8d45","name":"Micha\u0142 Szewczyk","image":{"@type":"ImageObject","inLanguage":"pl-PL","@id":"https:\/\/secure.gravatar.com\/avatar\/771b8b6c74cd8d255e46392d605e01a86133900ef09b6ef3c8d451c9d92288cf?s=96&d=mm&r=g","url":"https:\/\/secure.gravatar.com\/avatar\/771b8b6c74cd8d255e46392d605e01a86133900ef09b6ef3c8d451c9d92288cf?s=96&d=mm&r=g","contentUrl":"https:\/\/secure.gravatar.com\/avatar\/771b8b6c74cd8d255e46392d605e01a86133900ef09b6ef3c8d451c9d92288cf?s=96&d=mm&r=g","caption":"Micha\u0142 Szewczyk"},"sameAs":["http:\/\/www.gazeta-miejska.pl"],"url":"https:\/\/www.24gliwice.pl\/wiadomosci\/author\/michal-szewczyk\/"}]}},"_links":{"self":[{"href":"https:\/\/www.24gliwice.pl\/wiadomosci\/wp-json\/wp\/v2\/posts\/107979","targetHints":{"allow":["GET"]}}],"collection":[{"href":"https:\/\/www.24gliwice.pl\/wiadomosci\/wp-json\/wp\/v2\/posts"}],"about":[{"href":"https:\/\/www.24gliwice.pl\/wiadomosci\/wp-json\/wp\/v2\/types\/post"}],"author":[{"embeddable":true,"href":"https:\/\/www.24gliwice.pl\/wiadomosci\/wp-json\/wp\/v2\/users\/12"}],"replies":[{"embeddable":true,"href":"https:\/\/www.24gliwice.pl\/wiadomosci\/wp-json\/wp\/v2\/comments?post=107979"}],"version-history":[{"count":0,"href":"https:\/\/www.24gliwice.pl\/wiadomosci\/wp-json\/wp\/v2\/posts\/107979\/revisions"}],"wp:featuredmedia":[{"embeddable":true,"href":"https:\/\/www.24gliwice.pl\/wiadomosci\/wp-json\/wp\/v2\/media\/107989"}],"wp:attachment":[{"href":"https:\/\/www.24gliwice.pl\/wiadomosci\/wp-json\/wp\/v2\/media?parent=107979"}],"wp:term":[{"taxonomy":"category","embeddable":true,"href":"https:\/\/www.24gliwice.pl\/wiadomosci\/wp-json\/wp\/v2\/categories?post=107979"},{"taxonomy":"post_tag","embeddable":true,"href":"https:\/\/www.24gliwice.pl\/wiadomosci\/wp-json\/wp\/v2\/tags?post=107979"}],"curies":[{"name":"wp","href":"https:\/\/api.w.org\/{rel}","templated":true}]}}