{"id":108023,"date":"2017-11-22T01:33:55","date_gmt":"2017-11-22T00:33:55","guid":{"rendered":"http:\/\/www.24gliwice.pl\/wiadomosci\/?p=108023"},"modified":"2024-08-20T02:01:02","modified_gmt":"2024-08-20T00:01:02","slug":"niebiesko-czerwoni-i-awf-katowice-wspolnie-beda-ksztalcic-mlode-kadry-pilki-noznej","status":"publish","type":"post","link":"https:\/\/www.24gliwice.pl\/wiadomosci\/niebiesko-czerwoni-i-awf-katowice-wspolnie-beda-ksztalcic-mlode-kadry-pilki-noznej\/","title":{"rendered":"Niebiesko-czerwoni i AWF Katowice wsp\u00f3lnie b\u0119d\u0105 kszta\u0142ci\u0107 m\u0142ode kadry pi\u0142ki no\u017cnej"},"content":{"rendered":"<div class=\"gliwi-a6-nad-leadem-artykulow gliwi-entity-placement\" id=\"gliwi-3207690296\"><div class=\"gliwi-adlabel\"><span style=\"font-size: 9px\">REKLAMA<\/span><\/div><div id=\"gliwi-3928962961\" style=\"margin-bottom: 25px;margin-left: auto;margin-right: auto;text-align: center;\"><a data-no-instant=\"1\" href=\"https:\/\/dom100.eu\/\" rel=\"noopener\" class=\"a2t-link\" target=\"_blank\" aria-label=\"20260415 DOM100 D\"><img loading=\"lazy\" decoding=\"async\" src=\"https:\/\/www.24gliwice.pl\/wiadomosci\/wp-content\/uploads\/2026\/04\/20260415-DOM100-D.jpg\" alt=\"\"  srcset=\"https:\/\/www.24gliwice.pl\/wiadomosci\/wp-content\/uploads\/2026\/04\/20260415-DOM100-D.jpg 750w, https:\/\/www.24gliwice.pl\/wiadomosci\/wp-content\/uploads\/2026\/04\/20260415-DOM100-D-410x109.jpg 410w\" sizes=\"(max-width: 750px) 100vw, 750px\" class=\"no-lazyload\" width=\"750\" height=\"200\"  style=\"display: inline-block; max-width: 100%; height: auto;\" \/><\/a><\/div><\/div><h3>Piast Gliwice podpisa\u0142 umow\u0119 z AWF Katowice. Wsp\u00f3\u0142praca mi\u0119dzy uczelni\u0105 a klubem b\u0119dzie dotyczy\u0107 akademii pi\u0142karskiej oraz kompleksowej diagnostyki zawodnik\u00f3w pierwszej dru\u017cyny.<\/h3>\n<p>&#8211; To kolejna zmiana w zakresie szkolenia m\u0142odzie\u017cy w Pia\u015bcie oraz krok w stron\u0119 dalszego rozwoju akademii. Wsp\u00f3\u0142praca z AWF-em wp\u0142ynie na profesjonalizacj\u0119 szkolenia. Zapewni nam wsparcie merytoryczne pracownik\u00f3w naukowych uczelni, a tak\u017ce pozwoli korzysta\u0107 z wysokiej jako\u015bci sprz\u0119tu, kt\u00f3rym AWF dysponuje. Cieszymy si\u0119 z podpisania umowy, bo to krok w dobr\u0105 stron\u0119 dla klubu &#8211; powiedzia\u0142 <strong>Pawe\u0142 \u017belem<\/strong>, prezes Piasta Gliwice.<\/p>\n<p>Zadowolenia z faktu podpisania umowy nie ukrywa\u0142 r\u00f3wnie\u017c <strong>prof. dr hab. Adam Zaj\u0105c<\/strong>. &#8211; Ciesz\u0119 si\u0119, \u017ce Piast Gliwice dostrzeg\u0142 w jak\u0105 stron\u0119 pod\u0105\u017caj\u0105 kluby angielskie, holenderskie czy niemieckie, kt\u00f3re opr\u00f3cz stworzenia m\u0142odym zawodnikom dobrych warunk\u00f3w edukacyjnych, patrz\u0105 w przysz\u0142o\u015b\u0107 i k\u0142ad\u0105 du\u017cy nacisk na wsp\u00f3\u0142prac\u0119 z dietetykami, fizjologami, biomechanikami i specjalistami teorii sportu &#8211; m\u00f3wi\u0142 dla serwisu piast-gliwice.eu.<\/p><div class=\"gliwi-a3-w-tresci-artykulow gliwi-entity-placement\" id=\"gliwi-559309405\"><div class=\"gliwi-adlabel\"><span style=\"font-size: 9px\">REKLAMA<\/span><\/div><div id=\"gliwi-3358276313\" style=\"margin-bottom: 30px;margin-left: auto;margin-right: auto;text-align: center;\"><a data-no-instant=\"1\" href=\"https:\/\/ogrodyandersa.pl\/\" rel=\"noopener\" class=\"a2t-link\" target=\"_blank\" aria-label=\"20260415 Ogrody Andersa KUP TERAZ D\"><img loading=\"lazy\" decoding=\"async\" src=\"https:\/\/www.24gliwice.pl\/wiadomosci\/wp-content\/uploads\/2026\/04\/20260415-Ogrody-Andersa-KUP-TERAZ-D.jpg\" alt=\"\"  srcset=\"https:\/\/www.24gliwice.pl\/wiadomosci\/wp-content\/uploads\/2026\/04\/20260415-Ogrody-Andersa-KUP-TERAZ-D.jpg 750w, https:\/\/www.24gliwice.pl\/wiadomosci\/wp-content\/uploads\/2026\/04\/20260415-Ogrody-Andersa-KUP-TERAZ-D-410x109.jpg 410w\" sizes=\"(max-width: 750px) 100vw, 750px\" class=\"no-lazyload\" width=\"750\" height=\"200\"  style=\"display: inline-block; max-width: 100%; height: auto;\" \/><\/a><\/div><\/div>\n<p>&#8211; <strong>Jacek Bednarz <\/strong>wspomnia\u0142 o idei powstania kompleksu treningowego z baz\u0105 naukowo-badawcz\u0105, w kt\u00f3rym na bie\u017c\u0105co monitorowane b\u0119d\u0105 procesy treningowe zawodnik\u00f3w wyczynowych, ale i badania z zakresu tzw. identyfikacji talent\u00f3w, czyli kr\u00f3tko m\u00f3wi\u0105c &#8211; okre\u015blenie kt\u00f3ry zawodnik nadaje si\u0119 do wyczynowego uprawiania pi\u0142ki no\u017cnej, kt\u00f3ry ma mniejsze predyspozycje, a kt\u00f3ry rokuje na przysz\u0142ego mistrza &#8211; wskaza\u0142 rektor AWF-u.<\/p>\n<h4>Dobry partner do wsp\u00f3\u0142pracy<\/h4>\n<p>Prof. dr hab. Adam Zaj\u0105c przyzna\u0142 r\u00f3wnie\u017c, \u017ce katowicka uczelnia ma ju\u017c do\u015bwiadczenie z pracy w tej dziedzinie oraz ze wsp\u00f3\u0142pracy z Piastem Gliwice. &#8211; Od kilku lat realizujemy program Akademia M\u0142odych Or\u0142\u00f3w, a nasi pracownicy naukowi wsp\u00f3\u0142pracuj\u0105 z klubem, bo m.in. badania wydolno\u015bciowe prowadzi profesor<strong> Mi\u0142osz Czuba<\/strong>, a dietetykiem Piasta jest doktor <strong>Grzegorz Zydek<\/strong>. Mo\u017cemy by\u0107 dla Piasta dobrym partnerem, gdy\u017c dysponujemy specjalistami praktykuj\u0105cymi w swoich dziedzinach, a i sami na umowie skorzystamy, bo b\u0119dziemy dysponowali bogatym materia\u0142em badawczym pochodz\u0105cym z bada\u0144 wyczynowych sportowc\u00f3w oraz m\u0142odych zawodnik\u00f3w, kt\u00f3rzy na nich aspiruj\u0105 &#8211; przyzna\u0142 profesor Zaj\u0105c.<\/p>\n<h4>Korzy\u015bci dla Piasta<\/h4>\n<p>Dzi\u0119ki wsp\u00f3\u0142pracy z AWF Katowice pi\u0142karze Piasta b\u0119d\u0105 mogli korzysta\u0107 ze sprz\u0119tu wysokiej klasy oraz &#8211; wspomnianego przez rektora AWF-u &#8211; ogromnego potencja\u0142u merytorycznego, kt\u00f3ry zapewni kadra uczelni. Jedn\u0105 z korzy\u015bci dla klubu jest r\u00f3wnie\u017c mo\u017cliwo\u015b\u0107 przeprowadzenia ca\u0142ego zestawu bada\u0144 potencja\u0142u motorycznego zawodnik\u00f3w grup m\u0142odzie\u017cowych.<\/p>\n<p>Fakt podpisania umowy z AWF-em skomentowa\u0142 r\u00f3wnie\u017c <strong>Jacek Mazurek<\/strong>, szef pionu szkolenia m\u0142odzie\u017cy w Pia\u015bcie. <\/p>\n<blockquote><p>Najog\u00f3lniej m\u00f3wi\u0105c wsp\u00f3\u0142praca z AWF-em b\u0119dzie pe\u0142ni\u0142a funkcj\u0119 edukacyjno-wychowawcz\u0105 i popularyzacyjn\u0105 sportu <\/p><\/blockquote>\n<p>&#8211; m\u00f3wi\u0142 Mazurek.<\/p>\n<p>&#8211; Mamy r\u00f3\u017cne plany kr\u00f3tkoterminowe oraz d\u0142ugoterminowe. W pierwszej kolejno\u015bci chodzi o diagnozowanie pi\u0142karzy. Chcemy, \u017ceby byli systematycznie badani pod wzgl\u0119dem wieku biologicznego, pomiar\u00f3w antropometrycznych czy przygotowania fizycznego &#8211; doda\u0142.<\/p>\n<p>&#8211; Dzi\u0119ki tym badaniom b\u0119dziemy mogli dba\u0107 o harmonijny rozw\u00f3j m\u0142odych zawodnik\u00f3w. To natychmiastowe dzia\u0142anie, kt\u00f3re wdro\u017cymy jeszcze w tym roku. W d\u0142u\u017cszym procesie jedn\u0105 z korzy\u015bci dla uczelni b\u0119dzie mo\u017cliwo\u015b\u0107 delegowania student\u00f3w na sta\u017ce i praktyki do Piasta, aby zdobywali do\u015bwiadczenie w ekstraklasowym klubie pi\u0142karskim. Za tym wi\u0105\u017ce si\u0119 w\u0142a\u015bnie wspomniana wcze\u015bniej popularyzacja sportu oraz rozw\u00f3j pi\u0142ki no\u017cnej, w szczeg\u00f3lno\u015bci tej m\u0142odzie\u017cowej &#8211; powiedzia\u0142 Jacek Mazurek, dyrektor Akademii Pi\u0142karskiej Piasta Gliwice.<\/p>\n<p>(\u017cms)\/Biuro Prasowe GKS Piast SA<\/p>\n<div class=\"gliwi-a5-na-koncu-artykulow gliwi-entity-placement\" id=\"gliwi-4241445983\"><div class=\"gliwi-adlabel\"><span style=\"font-size: 9px\">REKLAMA<\/span><\/div><div id=\"gliwi-2070912811\" style=\"margin-left: auto;margin-right: auto;text-align: center;\"><a data-no-instant=\"1\" href=\"https:\/\/prezeroarenagliwice.pl\/\" rel=\"noopener\" class=\"a2t-link\" target=\"_blank\" aria-label=\"20260309-PREZERO-WIOSNA-D\"><img loading=\"lazy\" decoding=\"async\" src=\"https:\/\/www.24gliwice.pl\/wiadomosci\/wp-content\/uploads\/2026\/03\/20260309-PREZERO-WIOSNA-D.webp\" alt=\"\"  srcset=\"https:\/\/www.24gliwice.pl\/wiadomosci\/wp-content\/uploads\/2026\/03\/20260309-PREZERO-WIOSNA-D.webp 750w, https:\/\/www.24gliwice.pl\/wiadomosci\/wp-content\/uploads\/2026\/03\/20260309-PREZERO-WIOSNA-D-410x109.webp 410w\" sizes=\"(max-width: 750px) 100vw, 750px\" class=\"no-lazyload\" width=\"750\" height=\"200\"  style=\"display: inline-block; max-width: 100%; height: auto;\" \/><\/a><\/div><\/div>","protected":false},"excerpt":{"rendered":"<p>Piast Gliwice podpisa\u0142 umow\u0119 z AWF Katowice. Wsp\u00f3\u0142praca mi\u0119dzy uczelni\u0105 a klubem b\u0119dzie dotyczy\u0107 akademii pi\u0142karskiej oraz kompleksowej diagnostyki zawodnik\u00f3w pierwszej dru\u017cyny. &#8211; To kolejna zmiana w zakresie szkolenia m\u0142odzie\u017cy w Pia\u015bcie oraz krok w stron\u0119 dalszego rozwoju akademii. Wsp\u00f3\u0142praca z AWF-em wp\u0142ynie na profesjonalizacj\u0119 szkolenia. Zapewni nam wsparcie merytoryczne pracownik\u00f3w naukowych uczelni, a tak\u017ce [&hellip;]<\/p>\n","protected":false},"author":15,"featured_media":108028,"comment_status":"open","ping_status":"closed","sticky":false,"template":"","format":"standard","meta":{"_monsterinsights_skip_tracking":false,"_monsterinsights_sitenote_active":false,"_monsterinsights_sitenote_note":"","_monsterinsights_sitenote_category":0,"footnotes":"","_links_to":"","_links_to_target":""},"categories":[3,1,23842],"tags":[10730,9266,8754,74],"class_list":["post-108023","post","type-post","status-publish","format-standard","has-post-thumbnail","hentry","category-gliwice","category-wszystko","category-sport_gliwice","tag-awf-katowice","tag-niebiesko-czerwoni","tag-okrzei","tag-piast-gliwice"],"yoast_head":"<!-- This site is optimized with the Yoast SEO plugin v27.5 - https:\/\/yoast.com\/product\/yoast-seo-wordpress\/ -->\n<title>Niebiesko-czerwoni i AWF Katowice wsp\u00f3lnie b\u0119d\u0105 kszta\u0142ci\u0107 m\u0142ode kadry pi\u0142ki no\u017cnej - 24GLIWICE - Portal Gliwice | codziennie nowe informacje<\/title>\n<meta name=\"robots\" content=\"index, follow, max-snippet:-1, max-image-preview:large, max-video-preview:-1\" \/>\n<link rel=\"canonical\" href=\"https:\/\/www.24gliwice.pl\/wiadomosci\/niebiesko-czerwoni-i-awf-katowice-wspolnie-beda-ksztalcic-mlode-kadry-pilki-noznej\/\" \/>\n<meta property=\"og:locale\" content=\"pl_PL\" \/>\n<meta property=\"og:type\" content=\"article\" \/>\n<meta property=\"og:title\" content=\"Niebiesko-czerwoni i AWF Katowice wsp\u00f3lnie b\u0119d\u0105 kszta\u0142ci\u0107 m\u0142ode kadry pi\u0142ki no\u017cnej - 24GLIWICE - Portal Gliwice | codziennie nowe informacje\" \/>\n<meta property=\"og:description\" content=\"Piast Gliwice podpisa\u0142 umow\u0119 z AWF Katowice. Wsp\u00f3\u0142praca mi\u0119dzy uczelni\u0105 a klubem b\u0119dzie dotyczy\u0107 akademii pi\u0142karskiej oraz kompleksowej diagnostyki zawodnik\u00f3w pierwszej dru\u017cyny. &#8211; To kolejna zmiana w zakresie szkolenia m\u0142odzie\u017cy w Pia\u015bcie oraz krok w stron\u0119 dalszego rozwoju akademii. Wsp\u00f3\u0142praca z AWF-em wp\u0142ynie na profesjonalizacj\u0119 szkolenia. Zapewni nam wsparcie merytoryczne pracownik\u00f3w naukowych uczelni, a tak\u017ce [&hellip;]\" \/>\n<meta property=\"og:url\" content=\"https:\/\/www.24gliwice.pl\/wiadomosci\/niebiesko-czerwoni-i-awf-katowice-wspolnie-beda-ksztalcic-mlode-kadry-pilki-noznej\/\" \/>\n<meta property=\"og:site_name\" content=\"24GLIWICE - Portal Gliwice | codziennie nowe informacje\" \/>\n<meta property=\"article:publisher\" content=\"https:\/\/www.facebook.com\/24gliwice\" \/>\n<meta property=\"article:published_time\" content=\"2017-11-22T00:33:55+00:00\" \/>\n<meta property=\"article:modified_time\" content=\"2024-08-20T00:01:02+00:00\" \/>\n<meta property=\"og:image\" content=\"https:\/\/www.24gliwice.pl\/wiadomosci\/wp-content\/uploads\/2017\/11\/piast-AWF.jpg\" \/>\n\t<meta property=\"og:image:width\" content=\"800\" \/>\n\t<meta property=\"og:image:height\" content=\"450\" \/>\n\t<meta property=\"og:image:type\" content=\"image\/jpeg\" \/>\n<meta name=\"author\" content=\"\u017baneta Mrozek-Siewierska\" \/>\n<meta name=\"twitter:card\" content=\"summary_large_image\" \/>\n<meta name=\"twitter:creator\" content=\"@24gliwice\" \/>\n<meta name=\"twitter:site\" content=\"@24gliwice\" \/>\n<meta name=\"twitter:label1\" content=\"Napisane przez\" \/>\n\t<meta name=\"twitter:data1\" content=\"\u017baneta Mrozek-Siewierska\" \/>\n\t<meta name=\"twitter:label2\" content=\"Szacowany czas czytania\" \/>\n\t<meta name=\"twitter:data2\" content=\"3 minuty\" \/>\n<script type=\"application\/ld+json\" class=\"yoast-schema-graph\">{\"@context\":\"https:\\\/\\\/schema.org\",\"@graph\":[{\"@type\":\"Article\",\"@id\":\"https:\\\/\\\/www.24gliwice.pl\\\/wiadomosci\\\/niebiesko-czerwoni-i-awf-katowice-wspolnie-beda-ksztalcic-mlode-kadry-pilki-noznej\\\/#article\",\"isPartOf\":{\"@id\":\"https:\\\/\\\/www.24gliwice.pl\\\/wiadomosci\\\/niebiesko-czerwoni-i-awf-katowice-wspolnie-beda-ksztalcic-mlode-kadry-pilki-noznej\\\/\"},\"author\":{\"name\":\"\u017baneta Mrozek-Siewierska\",\"@id\":\"https:\\\/\\\/www.24gliwice.pl\\\/wiadomosci\\\/#\\\/schema\\\/person\\\/e42c650edd7f2fa332be3811fb166b6e\"},\"headline\":\"Niebiesko-czerwoni i AWF Katowice wsp\u00f3lnie b\u0119d\u0105 kszta\u0142ci\u0107 m\u0142ode kadry pi\u0142ki no\u017cnej\",\"datePublished\":\"2017-11-22T00:33:55+00:00\",\"dateModified\":\"2024-08-20T00:01:02+00:00\",\"mainEntityOfPage\":{\"@id\":\"https:\\\/\\\/www.24gliwice.pl\\\/wiadomosci\\\/niebiesko-czerwoni-i-awf-katowice-wspolnie-beda-ksztalcic-mlode-kadry-pilki-noznej\\\/\"},\"wordCount\":633,\"commentCount\":0,\"publisher\":{\"@id\":\"https:\\\/\\\/www.24gliwice.pl\\\/wiadomosci\\\/#organization\"},\"image\":{\"@id\":\"https:\\\/\\\/www.24gliwice.pl\\\/wiadomosci\\\/niebiesko-czerwoni-i-awf-katowice-wspolnie-beda-ksztalcic-mlode-kadry-pilki-noznej\\\/#primaryimage\"},\"thumbnailUrl\":\"https:\\\/\\\/www.24gliwice.pl\\\/wiadomosci\\\/wp-content\\\/uploads\\\/2017\\\/11\\\/piast-AWF.jpg\",\"keywords\":[\"AWF Katowice\",\"niebiesko-czerwoni\",\"OKRZEI\",\"PIAST GLIWICE\"],\"articleSection\":[\"Gliwice\",\"Najnowsze wiadomo\u015bci\",\"Sport\"],\"inLanguage\":\"pl-PL\",\"potentialAction\":[{\"@type\":\"CommentAction\",\"name\":\"Comment\",\"target\":[\"https:\\\/\\\/www.24gliwice.pl\\\/wiadomosci\\\/niebiesko-czerwoni-i-awf-katowice-wspolnie-beda-ksztalcic-mlode-kadry-pilki-noznej\\\/#respond\"]}]},{\"@type\":\"WebPage\",\"@id\":\"https:\\\/\\\/www.24gliwice.pl\\\/wiadomosci\\\/niebiesko-czerwoni-i-awf-katowice-wspolnie-beda-ksztalcic-mlode-kadry-pilki-noznej\\\/\",\"url\":\"https:\\\/\\\/www.24gliwice.pl\\\/wiadomosci\\\/niebiesko-czerwoni-i-awf-katowice-wspolnie-beda-ksztalcic-mlode-kadry-pilki-noznej\\\/\",\"name\":\"Niebiesko-czerwoni i AWF Katowice wsp\u00f3lnie b\u0119d\u0105 kszta\u0142ci\u0107 m\u0142ode kadry pi\u0142ki no\u017cnej - 24GLIWICE - Portal Gliwice | codziennie nowe informacje\",\"isPartOf\":{\"@id\":\"https:\\\/\\\/www.24gliwice.pl\\\/wiadomosci\\\/#website\"},\"primaryImageOfPage\":{\"@id\":\"https:\\\/\\\/www.24gliwice.pl\\\/wiadomosci\\\/niebiesko-czerwoni-i-awf-katowice-wspolnie-beda-ksztalcic-mlode-kadry-pilki-noznej\\\/#primaryimage\"},\"image\":{\"@id\":\"https:\\\/\\\/www.24gliwice.pl\\\/wiadomosci\\\/niebiesko-czerwoni-i-awf-katowice-wspolnie-beda-ksztalcic-mlode-kadry-pilki-noznej\\\/#primaryimage\"},\"thumbnailUrl\":\"https:\\\/\\\/www.24gliwice.pl\\\/wiadomosci\\\/wp-content\\\/uploads\\\/2017\\\/11\\\/piast-AWF.jpg\",\"datePublished\":\"2017-11-22T00:33:55+00:00\",\"dateModified\":\"2024-08-20T00:01:02+00:00\",\"breadcrumb\":{\"@id\":\"https:\\\/\\\/www.24gliwice.pl\\\/wiadomosci\\\/niebiesko-czerwoni-i-awf-katowice-wspolnie-beda-ksztalcic-mlode-kadry-pilki-noznej\\\/#breadcrumb\"},\"inLanguage\":\"pl-PL\",\"potentialAction\":[{\"@type\":\"ReadAction\",\"target\":[\"https:\\\/\\\/www.24gliwice.pl\\\/wiadomosci\\\/niebiesko-czerwoni-i-awf-katowice-wspolnie-beda-ksztalcic-mlode-kadry-pilki-noznej\\\/\"]}]},{\"@type\":\"ImageObject\",\"inLanguage\":\"pl-PL\",\"@id\":\"https:\\\/\\\/www.24gliwice.pl\\\/wiadomosci\\\/niebiesko-czerwoni-i-awf-katowice-wspolnie-beda-ksztalcic-mlode-kadry-pilki-noznej\\\/#primaryimage\",\"url\":\"https:\\\/\\\/www.24gliwice.pl\\\/wiadomosci\\\/wp-content\\\/uploads\\\/2017\\\/11\\\/piast-AWF.jpg\",\"contentUrl\":\"https:\\\/\\\/www.24gliwice.pl\\\/wiadomosci\\\/wp-content\\\/uploads\\\/2017\\\/11\\\/piast-AWF.jpg\",\"width\":800,\"height\":450},{\"@type\":\"BreadcrumbList\",\"@id\":\"https:\\\/\\\/www.24gliwice.pl\\\/wiadomosci\\\/niebiesko-czerwoni-i-awf-katowice-wspolnie-beda-ksztalcic-mlode-kadry-pilki-noznej\\\/#breadcrumb\",\"itemListElement\":[{\"@type\":\"ListItem\",\"position\":1,\"name\":\"Strona g\u0142\u00f3wna\",\"item\":\"https:\\\/\\\/www.24gliwice.pl\\\/wiadomosci\\\/\"},{\"@type\":\"ListItem\",\"position\":2,\"name\":\"Niebiesko-czerwoni i AWF Katowice wsp\u00f3lnie b\u0119d\u0105 kszta\u0142ci\u0107 m\u0142ode kadry pi\u0142ki no\u017cnej\"}]},{\"@type\":\"WebSite\",\"@id\":\"https:\\\/\\\/www.24gliwice.pl\\\/wiadomosci\\\/#website\",\"url\":\"https:\\\/\\\/www.24gliwice.pl\\\/wiadomosci\\\/\",\"name\":\"24GLIWICE - Portal Gliwice | codziennie nowe wiadomo\u015bci\",\"description\":\"Portal Miejski Gliwice\",\"publisher\":{\"@id\":\"https:\\\/\\\/www.24gliwice.pl\\\/wiadomosci\\\/#organization\"},\"potentialAction\":[{\"@type\":\"SearchAction\",\"target\":{\"@type\":\"EntryPoint\",\"urlTemplate\":\"https:\\\/\\\/www.24gliwice.pl\\\/wiadomosci\\\/?s={search_term_string}\"},\"query-input\":{\"@type\":\"PropertyValueSpecification\",\"valueRequired\":true,\"valueName\":\"search_term_string\"}}],\"inLanguage\":\"pl-PL\"},{\"@type\":\"Organization\",\"@id\":\"https:\\\/\\\/www.24gliwice.pl\\\/wiadomosci\\\/#organization\",\"name\":\"24gliwice\",\"url\":\"https:\\\/\\\/www.24gliwice.pl\\\/wiadomosci\\\/\",\"logo\":{\"@type\":\"ImageObject\",\"inLanguage\":\"pl-PL\",\"@id\":\"https:\\\/\\\/www.24gliwice.pl\\\/wiadomosci\\\/#\\\/schema\\\/logo\\\/image\\\/\",\"url\":\"https:\\\/\\\/www.24gliwice.pl\\\/wiadomosci\\\/wp-content\\\/uploads\\\/2024\\\/10\\\/24gliwice-logo-696.jpg\",\"contentUrl\":\"https:\\\/\\\/www.24gliwice.pl\\\/wiadomosci\\\/wp-content\\\/uploads\\\/2024\\\/10\\\/24gliwice-logo-696.jpg\",\"width\":696,\"height\":696,\"caption\":\"24gliwice\"},\"image\":{\"@id\":\"https:\\\/\\\/www.24gliwice.pl\\\/wiadomosci\\\/#\\\/schema\\\/logo\\\/image\\\/\"},\"sameAs\":[\"https:\\\/\\\/www.facebook.com\\\/24gliwice\",\"https:\\\/\\\/x.com\\\/24gliwice\",\"https:\\\/\\\/www.youtube.com\\\/@24gliwice\"]},{\"@type\":\"Person\",\"@id\":\"https:\\\/\\\/www.24gliwice.pl\\\/wiadomosci\\\/#\\\/schema\\\/person\\\/e42c650edd7f2fa332be3811fb166b6e\",\"name\":\"\u017baneta Mrozek-Siewierska\",\"image\":{\"@type\":\"ImageObject\",\"inLanguage\":\"pl-PL\",\"@id\":\"https:\\\/\\\/secure.gravatar.com\\\/avatar\\\/1881429e9c64597c77ad7aef2d0a19be69a3253e57534d16aa15bf3a4d34a0a3?s=96&d=mm&r=g\",\"url\":\"https:\\\/\\\/secure.gravatar.com\\\/avatar\\\/1881429e9c64597c77ad7aef2d0a19be69a3253e57534d16aa15bf3a4d34a0a3?s=96&d=mm&r=g\",\"contentUrl\":\"https:\\\/\\\/secure.gravatar.com\\\/avatar\\\/1881429e9c64597c77ad7aef2d0a19be69a3253e57534d16aa15bf3a4d34a0a3?s=96&d=mm&r=g\",\"caption\":\"\u017baneta Mrozek-Siewierska\"},\"url\":\"https:\\\/\\\/www.24gliwice.pl\\\/wiadomosci\\\/author\\\/zms\\\/\"}]}<\/script>\n<!-- \/ Yoast SEO plugin. -->","yoast_head_json":{"title":"Niebiesko-czerwoni i AWF Katowice wsp\u00f3lnie b\u0119d\u0105 kszta\u0142ci\u0107 m\u0142ode kadry pi\u0142ki no\u017cnej - 24GLIWICE - Portal Gliwice | codziennie nowe informacje","robots":{"index":"index","follow":"follow","max-snippet":"max-snippet:-1","max-image-preview":"max-image-preview:large","max-video-preview":"max-video-preview:-1"},"canonical":"https:\/\/www.24gliwice.pl\/wiadomosci\/niebiesko-czerwoni-i-awf-katowice-wspolnie-beda-ksztalcic-mlode-kadry-pilki-noznej\/","og_locale":"pl_PL","og_type":"article","og_title":"Niebiesko-czerwoni i AWF Katowice wsp\u00f3lnie b\u0119d\u0105 kszta\u0142ci\u0107 m\u0142ode kadry pi\u0142ki no\u017cnej - 24GLIWICE - Portal Gliwice | codziennie nowe informacje","og_description":"Piast Gliwice podpisa\u0142 umow\u0119 z AWF Katowice. Wsp\u00f3\u0142praca mi\u0119dzy uczelni\u0105 a klubem b\u0119dzie dotyczy\u0107 akademii pi\u0142karskiej oraz kompleksowej diagnostyki zawodnik\u00f3w pierwszej dru\u017cyny. &#8211; To kolejna zmiana w zakresie szkolenia m\u0142odzie\u017cy w Pia\u015bcie oraz krok w stron\u0119 dalszego rozwoju akademii. Wsp\u00f3\u0142praca z AWF-em wp\u0142ynie na profesjonalizacj\u0119 szkolenia. Zapewni nam wsparcie merytoryczne pracownik\u00f3w naukowych uczelni, a tak\u017ce [&hellip;]","og_url":"https:\/\/www.24gliwice.pl\/wiadomosci\/niebiesko-czerwoni-i-awf-katowice-wspolnie-beda-ksztalcic-mlode-kadry-pilki-noznej\/","og_site_name":"24GLIWICE - Portal Gliwice | codziennie nowe informacje","article_publisher":"https:\/\/www.facebook.com\/24gliwice","article_published_time":"2017-11-22T00:33:55+00:00","article_modified_time":"2024-08-20T00:01:02+00:00","og_image":[{"width":800,"height":450,"url":"https:\/\/www.24gliwice.pl\/wiadomosci\/wp-content\/uploads\/2017\/11\/piast-AWF.jpg","type":"image\/jpeg"}],"author":"\u017baneta Mrozek-Siewierska","twitter_card":"summary_large_image","twitter_creator":"@24gliwice","twitter_site":"@24gliwice","twitter_misc":{"Napisane przez":"\u017baneta Mrozek-Siewierska","Szacowany czas czytania":"3 minuty"},"schema":{"@context":"https:\/\/schema.org","@graph":[{"@type":"Article","@id":"https:\/\/www.24gliwice.pl\/wiadomosci\/niebiesko-czerwoni-i-awf-katowice-wspolnie-beda-ksztalcic-mlode-kadry-pilki-noznej\/#article","isPartOf":{"@id":"https:\/\/www.24gliwice.pl\/wiadomosci\/niebiesko-czerwoni-i-awf-katowice-wspolnie-beda-ksztalcic-mlode-kadry-pilki-noznej\/"},"author":{"name":"\u017baneta Mrozek-Siewierska","@id":"https:\/\/www.24gliwice.pl\/wiadomosci\/#\/schema\/person\/e42c650edd7f2fa332be3811fb166b6e"},"headline":"Niebiesko-czerwoni i AWF Katowice wsp\u00f3lnie b\u0119d\u0105 kszta\u0142ci\u0107 m\u0142ode kadry pi\u0142ki no\u017cnej","datePublished":"2017-11-22T00:33:55+00:00","dateModified":"2024-08-20T00:01:02+00:00","mainEntityOfPage":{"@id":"https:\/\/www.24gliwice.pl\/wiadomosci\/niebiesko-czerwoni-i-awf-katowice-wspolnie-beda-ksztalcic-mlode-kadry-pilki-noznej\/"},"wordCount":633,"commentCount":0,"publisher":{"@id":"https:\/\/www.24gliwice.pl\/wiadomosci\/#organization"},"image":{"@id":"https:\/\/www.24gliwice.pl\/wiadomosci\/niebiesko-czerwoni-i-awf-katowice-wspolnie-beda-ksztalcic-mlode-kadry-pilki-noznej\/#primaryimage"},"thumbnailUrl":"https:\/\/www.24gliwice.pl\/wiadomosci\/wp-content\/uploads\/2017\/11\/piast-AWF.jpg","keywords":["AWF Katowice","niebiesko-czerwoni","OKRZEI","PIAST GLIWICE"],"articleSection":["Gliwice","Najnowsze wiadomo\u015bci","Sport"],"inLanguage":"pl-PL","potentialAction":[{"@type":"CommentAction","name":"Comment","target":["https:\/\/www.24gliwice.pl\/wiadomosci\/niebiesko-czerwoni-i-awf-katowice-wspolnie-beda-ksztalcic-mlode-kadry-pilki-noznej\/#respond"]}]},{"@type":"WebPage","@id":"https:\/\/www.24gliwice.pl\/wiadomosci\/niebiesko-czerwoni-i-awf-katowice-wspolnie-beda-ksztalcic-mlode-kadry-pilki-noznej\/","url":"https:\/\/www.24gliwice.pl\/wiadomosci\/niebiesko-czerwoni-i-awf-katowice-wspolnie-beda-ksztalcic-mlode-kadry-pilki-noznej\/","name":"Niebiesko-czerwoni i AWF Katowice wsp\u00f3lnie b\u0119d\u0105 kszta\u0142ci\u0107 m\u0142ode kadry pi\u0142ki no\u017cnej - 24GLIWICE - Portal Gliwice | codziennie nowe informacje","isPartOf":{"@id":"https:\/\/www.24gliwice.pl\/wiadomosci\/#website"},"primaryImageOfPage":{"@id":"https:\/\/www.24gliwice.pl\/wiadomosci\/niebiesko-czerwoni-i-awf-katowice-wspolnie-beda-ksztalcic-mlode-kadry-pilki-noznej\/#primaryimage"},"image":{"@id":"https:\/\/www.24gliwice.pl\/wiadomosci\/niebiesko-czerwoni-i-awf-katowice-wspolnie-beda-ksztalcic-mlode-kadry-pilki-noznej\/#primaryimage"},"thumbnailUrl":"https:\/\/www.24gliwice.pl\/wiadomosci\/wp-content\/uploads\/2017\/11\/piast-AWF.jpg","datePublished":"2017-11-22T00:33:55+00:00","dateModified":"2024-08-20T00:01:02+00:00","breadcrumb":{"@id":"https:\/\/www.24gliwice.pl\/wiadomosci\/niebiesko-czerwoni-i-awf-katowice-wspolnie-beda-ksztalcic-mlode-kadry-pilki-noznej\/#breadcrumb"},"inLanguage":"pl-PL","potentialAction":[{"@type":"ReadAction","target":["https:\/\/www.24gliwice.pl\/wiadomosci\/niebiesko-czerwoni-i-awf-katowice-wspolnie-beda-ksztalcic-mlode-kadry-pilki-noznej\/"]}]},{"@type":"ImageObject","inLanguage":"pl-PL","@id":"https:\/\/www.24gliwice.pl\/wiadomosci\/niebiesko-czerwoni-i-awf-katowice-wspolnie-beda-ksztalcic-mlode-kadry-pilki-noznej\/#primaryimage","url":"https:\/\/www.24gliwice.pl\/wiadomosci\/wp-content\/uploads\/2017\/11\/piast-AWF.jpg","contentUrl":"https:\/\/www.24gliwice.pl\/wiadomosci\/wp-content\/uploads\/2017\/11\/piast-AWF.jpg","width":800,"height":450},{"@type":"BreadcrumbList","@id":"https:\/\/www.24gliwice.pl\/wiadomosci\/niebiesko-czerwoni-i-awf-katowice-wspolnie-beda-ksztalcic-mlode-kadry-pilki-noznej\/#breadcrumb","itemListElement":[{"@type":"ListItem","position":1,"name":"Strona g\u0142\u00f3wna","item":"https:\/\/www.24gliwice.pl\/wiadomosci\/"},{"@type":"ListItem","position":2,"name":"Niebiesko-czerwoni i AWF Katowice wsp\u00f3lnie b\u0119d\u0105 kszta\u0142ci\u0107 m\u0142ode kadry pi\u0142ki no\u017cnej"}]},{"@type":"WebSite","@id":"https:\/\/www.24gliwice.pl\/wiadomosci\/#website","url":"https:\/\/www.24gliwice.pl\/wiadomosci\/","name":"24GLIWICE - Portal Gliwice | codziennie nowe wiadomo\u015bci","description":"Portal Miejski Gliwice","publisher":{"@id":"https:\/\/www.24gliwice.pl\/wiadomosci\/#organization"},"potentialAction":[{"@type":"SearchAction","target":{"@type":"EntryPoint","urlTemplate":"https:\/\/www.24gliwice.pl\/wiadomosci\/?s={search_term_string}"},"query-input":{"@type":"PropertyValueSpecification","valueRequired":true,"valueName":"search_term_string"}}],"inLanguage":"pl-PL"},{"@type":"Organization","@id":"https:\/\/www.24gliwice.pl\/wiadomosci\/#organization","name":"24gliwice","url":"https:\/\/www.24gliwice.pl\/wiadomosci\/","logo":{"@type":"ImageObject","inLanguage":"pl-PL","@id":"https:\/\/www.24gliwice.pl\/wiadomosci\/#\/schema\/logo\/image\/","url":"https:\/\/www.24gliwice.pl\/wiadomosci\/wp-content\/uploads\/2024\/10\/24gliwice-logo-696.jpg","contentUrl":"https:\/\/www.24gliwice.pl\/wiadomosci\/wp-content\/uploads\/2024\/10\/24gliwice-logo-696.jpg","width":696,"height":696,"caption":"24gliwice"},"image":{"@id":"https:\/\/www.24gliwice.pl\/wiadomosci\/#\/schema\/logo\/image\/"},"sameAs":["https:\/\/www.facebook.com\/24gliwice","https:\/\/x.com\/24gliwice","https:\/\/www.youtube.com\/@24gliwice"]},{"@type":"Person","@id":"https:\/\/www.24gliwice.pl\/wiadomosci\/#\/schema\/person\/e42c650edd7f2fa332be3811fb166b6e","name":"\u017baneta Mrozek-Siewierska","image":{"@type":"ImageObject","inLanguage":"pl-PL","@id":"https:\/\/secure.gravatar.com\/avatar\/1881429e9c64597c77ad7aef2d0a19be69a3253e57534d16aa15bf3a4d34a0a3?s=96&d=mm&r=g","url":"https:\/\/secure.gravatar.com\/avatar\/1881429e9c64597c77ad7aef2d0a19be69a3253e57534d16aa15bf3a4d34a0a3?s=96&d=mm&r=g","contentUrl":"https:\/\/secure.gravatar.com\/avatar\/1881429e9c64597c77ad7aef2d0a19be69a3253e57534d16aa15bf3a4d34a0a3?s=96&d=mm&r=g","caption":"\u017baneta Mrozek-Siewierska"},"url":"https:\/\/www.24gliwice.pl\/wiadomosci\/author\/zms\/"}]}},"_links":{"self":[{"href":"https:\/\/www.24gliwice.pl\/wiadomosci\/wp-json\/wp\/v2\/posts\/108023","targetHints":{"allow":["GET"]}}],"collection":[{"href":"https:\/\/www.24gliwice.pl\/wiadomosci\/wp-json\/wp\/v2\/posts"}],"about":[{"href":"https:\/\/www.24gliwice.pl\/wiadomosci\/wp-json\/wp\/v2\/types\/post"}],"author":[{"embeddable":true,"href":"https:\/\/www.24gliwice.pl\/wiadomosci\/wp-json\/wp\/v2\/users\/15"}],"replies":[{"embeddable":true,"href":"https:\/\/www.24gliwice.pl\/wiadomosci\/wp-json\/wp\/v2\/comments?post=108023"}],"version-history":[{"count":0,"href":"https:\/\/www.24gliwice.pl\/wiadomosci\/wp-json\/wp\/v2\/posts\/108023\/revisions"}],"wp:featuredmedia":[{"embeddable":true,"href":"https:\/\/www.24gliwice.pl\/wiadomosci\/wp-json\/wp\/v2\/media\/108028"}],"wp:attachment":[{"href":"https:\/\/www.24gliwice.pl\/wiadomosci\/wp-json\/wp\/v2\/media?parent=108023"}],"wp:term":[{"taxonomy":"category","embeddable":true,"href":"https:\/\/www.24gliwice.pl\/wiadomosci\/wp-json\/wp\/v2\/categories?post=108023"},{"taxonomy":"post_tag","embeddable":true,"href":"https:\/\/www.24gliwice.pl\/wiadomosci\/wp-json\/wp\/v2\/tags?post=108023"}],"curies":[{"name":"wp","href":"https:\/\/api.w.org\/{rel}","templated":true}]}}