{"id":108064,"date":"2017-11-23T02:10:51","date_gmt":"2017-11-23T01:10:51","guid":{"rendered":"http:\/\/www.24gliwice.pl\/wiadomosci\/?p=108064"},"modified":"2017-11-23T02:10:51","modified_gmt":"2017-11-23T01:10:51","slug":"miasto-wczesnie-przystraja-sie-na-swieta-chcemy-zdazyc-przed-jarmarkiem-bozonarodzeniowym","status":"publish","type":"post","link":"https:\/\/www.24gliwice.pl\/wiadomosci\/miasto-wczesnie-przystraja-sie-na-swieta-chcemy-zdazyc-przed-jarmarkiem-bozonarodzeniowym\/","title":{"rendered":"Miasto wcze\u015bnie przystraja si\u0119 na \u015bwi\u0119ta. &#8220;Chcemy zd\u0105\u017cy\u0107 przed Jarmarkiem Bo\u017conarodzeniowym&#8221;"},"content":{"rendered":"<div class=\"gliwi-a6-nad-leadem-artykulow gliwi-entity-placement\" id=\"gliwi-1768934706\"><div class=\"gliwi-adlabel\"><span style=\"font-size: 9px\">REKLAMA<\/span><\/div><div id=\"gliwi-300357314\" style=\"margin-bottom: 25px;margin-left: auto;margin-right: auto;text-align: center;\"><a data-no-instant=\"1\" href=\"https:\/\/dom100.eu\/\" rel=\"noopener\" class=\"a2t-link\" target=\"_blank\" aria-label=\"20260415 DOM100 D\"><img loading=\"lazy\" decoding=\"async\" src=\"https:\/\/www.24gliwice.pl\/wiadomosci\/wp-content\/uploads\/2026\/04\/20260415-DOM100-D.jpg\" alt=\"\"  srcset=\"https:\/\/www.24gliwice.pl\/wiadomosci\/wp-content\/uploads\/2026\/04\/20260415-DOM100-D.jpg 750w, https:\/\/www.24gliwice.pl\/wiadomosci\/wp-content\/uploads\/2026\/04\/20260415-DOM100-D-410x109.jpg 410w\" sizes=\"(max-width: 750px) 100vw, 750px\" class=\"no-lazyload\" width=\"750\" height=\"200\"  style=\"display: inline-block; max-width: 100%; height: auto;\" \/><\/a><\/div><\/div><h3>Na skwerze nad DT\u015a pojawi si\u0119 18-metrowa choinka. W drodze zam\u00f3wienia zosta\u0142 ju\u017c wybrany dostawca sztucznego drzewa &#8211; firma ADAL z Wroc\u0142awia. Jego koszt to 209 tysi\u0119cy z\u0142otych.<\/h3>\n<p>W Gliwicach pracownicy MZUK instaluj\u0105 ju\u017c \u015bwi\u0105teczne ozdoby.<\/p>\n<p>Choinka, kt\u00f3ra stanie nad DT\u015a, znajdzie si\u0119 tam w terminie do 15 grudnia.To tylko jedna z bo\u017conarodzeniowych atrakcji, jakie b\u0119dzie mo\u017cna w najbli\u017cszym czasie zobaczy\u0107 w Gliwicach. Opr\u00f3cz tego \u015bwi\u0105teczne drzewo przyozdobi ulic\u0119 Dworcow\u0105. Jego monta\u017c rozpocznie si\u0119 prawdopodobnie w przysz\u0142ym tygodniu.<\/p><div class=\"gliwi-a3-w-tresci-artykulow gliwi-entity-placement\" id=\"gliwi-3905898929\"><div class=\"gliwi-adlabel\"><span style=\"font-size: 9px\">REKLAMA<\/span><\/div><div id=\"gliwi-1209515899\" style=\"margin-bottom: 30px;margin-left: auto;margin-right: auto;text-align: center;\"><a data-no-instant=\"1\" href=\"https:\/\/ogrodyandersa.pl\/\" rel=\"noopener\" class=\"a2t-link\" target=\"_blank\" aria-label=\"20260415 Ogrody Andersa KUP TERAZ D\"><img loading=\"lazy\" decoding=\"async\" src=\"https:\/\/www.24gliwice.pl\/wiadomosci\/wp-content\/uploads\/2026\/04\/20260415-Ogrody-Andersa-KUP-TERAZ-D.jpg\" alt=\"\"  srcset=\"https:\/\/www.24gliwice.pl\/wiadomosci\/wp-content\/uploads\/2026\/04\/20260415-Ogrody-Andersa-KUP-TERAZ-D.jpg 750w, https:\/\/www.24gliwice.pl\/wiadomosci\/wp-content\/uploads\/2026\/04\/20260415-Ogrody-Andersa-KUP-TERAZ-D-410x109.jpg 410w\" sizes=\"(max-width: 750px) 100vw, 750px\" class=\"no-lazyload\" width=\"750\" height=\"200\"  style=\"display: inline-block; max-width: 100%; height: auto;\" \/><\/a><\/div><\/div>\n[perfectpullquote align=&#8221;full&#8221; cite=&#8221;&#8221; link=&#8221;&#8221; color=&#8221;&#8221; class=&#8221;&#8221; size=&#8221;&#8221;] Przy Urz\u0119dzie Miasta ponownie pojawi si\u0119 zdewastowana na pocz\u0105tku tego roku bombka. Ozdoba zosta\u0142a ju\u017c naprawiona. \u00a0 [\/perfectpullquote]\n<div id=\"attachment_92277\" style=\"width: 820px\" class=\"wp-caption alignnone\"><img loading=\"lazy\" decoding=\"async\" aria-describedby=\"caption-attachment-92277\" src=\"http:\/\/www.24gliwice.pl\/wiadomosci\/wp-content\/uploads\/2017\/01\/1-Bombka-Skwer-Doncaster-001.jpg\" alt=\"\" width=\"810\" height=\"456\" class=\"size-full wp-image-92277\" srcset=\"https:\/\/www.24gliwice.pl\/wiadomosci\/wp-content\/uploads\/2017\/01\/1-Bombka-Skwer-Doncaster-001.jpg 810w, https:\/\/www.24gliwice.pl\/wiadomosci\/wp-content\/uploads\/2017\/01\/1-Bombka-Skwer-Doncaster-001-410x232.jpg 410w, https:\/\/www.24gliwice.pl\/wiadomosci\/wp-content\/uploads\/2017\/01\/1-Bombka-Skwer-Doncaster-001-768x432.jpg 768w, https:\/\/www.24gliwice.pl\/wiadomosci\/wp-content\/uploads\/2017\/01\/1-Bombka-Skwer-Doncaster-001-808x455.jpg 808w\" sizes=\"auto, (max-width: 810px) 100vw, 810px\" \/><p id=\"caption-attachment-92277\" class=\"wp-caption-text\">fot. arch. 24gliwice.pl<\/p><\/div>\n<p>Dekoracje \u015bwietlne s\u0105 aktualnie instalowane na latarniach na ulicy Zwyci\u0119stwa. B\u0119dzie je mo\u017cna ogl\u0105da\u0107 r\u00f3wnie\u017c na Rynku i placu Mickiewicza, na ulicy Wroc\u0142awskiej pojawi\u0105 si\u0119 wykonane z \u017car\u00f3wek choinki.<\/p>\n<p>&#8211; W przysz\u0142ym tygodniu prawdopodobnie b\u0119d\u0105 montowane tunele \u015bwietlne i ozdoby na placu Grunwaldzkim, a tak\u017ce przystrojone zostan\u0105 gliwickie fontanny &#8211; informuje <strong>Iwona Janik<\/strong>, rzeczniczka prasowa Miejskiego Zarz\u0105du Us\u0142ug Komunalnych.<\/p>\n<blockquote><p>W mie\u015bcie do zainstalowania jest sporo dekoracji, dlatego prace musimy zacz\u0105\u0107 na tyle wcze\u015bnie, \u017ceby zd\u0105\u017cy\u0107 przed Jarmarkiem Bo\u017conarodzeniowym <\/p><\/blockquote>\n<p>&#8211; wyja\u015bnia rzeczniczka. <\/p>\n<p>Rozpocz\u0119cie jarmarku planowane jest na 6 grudnia. <\/p>\n<p>(\u017cms)<br \/>\nfot. \u0141ukasz Gawin<\/p>\n<p><img loading=\"lazy\" decoding=\"async\" src=\"http:\/\/www.24gliwice.pl\/wiadomosci\/wp-content\/uploads\/2017\/11\/20171122_114529_RichtoneHDR-e1511358724621.jpg\" alt=\"\" width=\"810\" height=\"456\" class=\"alignnone size-full wp-image-108074\" \/><\/p>\n<p><img loading=\"lazy\" decoding=\"async\" src=\"http:\/\/www.24gliwice.pl\/wiadomosci\/wp-content\/uploads\/2017\/11\/20171122_114151_RichtoneHDR-e1511358706138.jpg\" alt=\"\" width=\"810\" height=\"456\" class=\"alignnone size-full wp-image-108073\" \/><\/p>\n<div class=\"gliwi-a5-na-koncu-artykulow gliwi-entity-placement\" id=\"gliwi-2233297173\"><div class=\"gliwi-adlabel\"><span style=\"font-size: 9px\">REKLAMA<\/span><\/div><div id=\"gliwi-1505936659\" style=\"margin-left: auto;margin-right: auto;text-align: center;\"><a data-no-instant=\"1\" href=\"https:\/\/prezeroarenagliwice.pl\/\" rel=\"noopener\" class=\"a2t-link\" target=\"_blank\" aria-label=\"20260309-PREZERO-WIOSNA-D\"><img loading=\"lazy\" decoding=\"async\" src=\"https:\/\/www.24gliwice.pl\/wiadomosci\/wp-content\/uploads\/2026\/03\/20260309-PREZERO-WIOSNA-D.webp\" alt=\"\"  srcset=\"https:\/\/www.24gliwice.pl\/wiadomosci\/wp-content\/uploads\/2026\/03\/20260309-PREZERO-WIOSNA-D.webp 750w, https:\/\/www.24gliwice.pl\/wiadomosci\/wp-content\/uploads\/2026\/03\/20260309-PREZERO-WIOSNA-D-410x109.webp 410w\" sizes=\"(max-width: 750px) 100vw, 750px\" class=\"no-lazyload\" width=\"750\" height=\"200\"  style=\"display: inline-block; max-width: 100%; height: auto;\" \/><\/a><\/div><\/div>","protected":false},"excerpt":{"rendered":"<p>Na skwerze nad DT\u015a pojawi si\u0119 18-metrowa choinka. W drodze zam\u00f3wienia zosta\u0142 ju\u017c wybrany dostawca sztucznego drzewa &#8211; firma ADAL z Wroc\u0142awia. Jego koszt to 209 tysi\u0119cy z\u0142otych. W Gliwicach pracownicy MZUK instaluj\u0105 ju\u017c \u015bwi\u0105teczne ozdoby. Choinka, kt\u00f3ra stanie nad DT\u015a, znajdzie si\u0119 tam w terminie do 15 grudnia.To tylko jedna z bo\u017conarodzeniowych atrakcji, jakie [&hellip;]<\/p>\n","protected":false},"author":15,"featured_media":108072,"comment_status":"open","ping_status":"closed","sticky":false,"template":"","format":"standard","meta":{"_monsterinsights_skip_tracking":false,"_monsterinsights_sitenote_active":false,"_monsterinsights_sitenote_note":"","_monsterinsights_sitenote_category":0,"footnotes":"","_links_to":"","_links_to_target":""},"categories":[3,1,9],"tags":[10736,1197,8480,10701,8150,3951,5323,475],"class_list":["post-108064","post","type-post","status-publish","format-standard","has-post-thumbnail","hentry","category-gliwice","category-wszystko","category-aktualnosci_lokalne","tag-dekoracje","tag-dts","tag-dworcowa","tag-jarmark-bozonarodzeniowy","tag-ozdoby-swiateczne","tag-plac-mickiewicza","tag-wroclawska","tag-labedzka"],"yoast_head":"<!-- This site is optimized with the Yoast SEO plugin v27.5 - https:\/\/yoast.com\/product\/yoast-seo-wordpress\/ -->\n<title>Miasto wcze\u015bnie przystraja si\u0119 na \u015bwi\u0119ta. &quot;Chcemy zd\u0105\u017cy\u0107 przed Jarmarkiem Bo\u017conarodzeniowym&quot; - 24GLIWICE - Portal Gliwice | codziennie nowe informacje<\/title>\n<meta name=\"robots\" content=\"index, follow, max-snippet:-1, max-image-preview:large, max-video-preview:-1\" \/>\n<link rel=\"canonical\" href=\"https:\/\/www.24gliwice.pl\/wiadomosci\/miasto-wczesnie-przystraja-sie-na-swieta-chcemy-zdazyc-przed-jarmarkiem-bozonarodzeniowym\/\" \/>\n<meta property=\"og:locale\" content=\"pl_PL\" \/>\n<meta property=\"og:type\" content=\"article\" \/>\n<meta property=\"og:title\" content=\"Miasto wcze\u015bnie przystraja si\u0119 na \u015bwi\u0119ta. &quot;Chcemy zd\u0105\u017cy\u0107 przed Jarmarkiem Bo\u017conarodzeniowym&quot; - 24GLIWICE - Portal Gliwice | codziennie nowe informacje\" \/>\n<meta property=\"og:description\" content=\"Na skwerze nad DT\u015a pojawi si\u0119 18-metrowa choinka. W drodze zam\u00f3wienia zosta\u0142 ju\u017c wybrany dostawca sztucznego drzewa &#8211; firma ADAL z Wroc\u0142awia. Jego koszt to 209 tysi\u0119cy z\u0142otych. W Gliwicach pracownicy MZUK instaluj\u0105 ju\u017c \u015bwi\u0105teczne ozdoby. Choinka, kt\u00f3ra stanie nad DT\u015a, znajdzie si\u0119 tam w terminie do 15 grudnia.To tylko jedna z bo\u017conarodzeniowych atrakcji, jakie [&hellip;]\" \/>\n<meta property=\"og:url\" content=\"https:\/\/www.24gliwice.pl\/wiadomosci\/miasto-wczesnie-przystraja-sie-na-swieta-chcemy-zdazyc-przed-jarmarkiem-bozonarodzeniowym\/\" \/>\n<meta property=\"og:site_name\" content=\"24GLIWICE - Portal Gliwice | codziennie nowe informacje\" \/>\n<meta property=\"article:publisher\" content=\"https:\/\/www.facebook.com\/24gliwice\" \/>\n<meta property=\"article:published_time\" content=\"2017-11-23T01:10:51+00:00\" \/>\n<meta property=\"og:image\" content=\"https:\/\/www.24gliwice.pl\/wiadomosci\/wp-content\/uploads\/2017\/11\/20171122_114046-e1511349853376.jpg\" \/>\n\t<meta property=\"og:image:width\" content=\"810\" \/>\n\t<meta property=\"og:image:height\" content=\"456\" \/>\n\t<meta property=\"og:image:type\" content=\"image\/jpeg\" \/>\n<meta name=\"author\" content=\"\u017baneta Mrozek-Siewierska\" \/>\n<meta name=\"twitter:card\" content=\"summary_large_image\" \/>\n<meta name=\"twitter:creator\" content=\"@24gliwice\" \/>\n<meta name=\"twitter:site\" content=\"@24gliwice\" \/>\n<meta name=\"twitter:label1\" content=\"Napisane przez\" \/>\n\t<meta name=\"twitter:data1\" content=\"\u017baneta Mrozek-Siewierska\" \/>\n\t<meta name=\"twitter:label2\" content=\"Szacowany czas czytania\" \/>\n\t<meta name=\"twitter:data2\" content=\"1 minuta\" \/>\n<script type=\"application\/ld+json\" class=\"yoast-schema-graph\">{\"@context\":\"https:\\\/\\\/schema.org\",\"@graph\":[{\"@type\":\"Article\",\"@id\":\"https:\\\/\\\/www.24gliwice.pl\\\/wiadomosci\\\/miasto-wczesnie-przystraja-sie-na-swieta-chcemy-zdazyc-przed-jarmarkiem-bozonarodzeniowym\\\/#article\",\"isPartOf\":{\"@id\":\"https:\\\/\\\/www.24gliwice.pl\\\/wiadomosci\\\/miasto-wczesnie-przystraja-sie-na-swieta-chcemy-zdazyc-przed-jarmarkiem-bozonarodzeniowym\\\/\"},\"author\":{\"name\":\"\u017baneta Mrozek-Siewierska\",\"@id\":\"https:\\\/\\\/www.24gliwice.pl\\\/wiadomosci\\\/#\\\/schema\\\/person\\\/e42c650edd7f2fa332be3811fb166b6e\"},\"headline\":\"Miasto wcze\u015bnie przystraja si\u0119 na \u015bwi\u0119ta. &#8220;Chcemy zd\u0105\u017cy\u0107 przed Jarmarkiem Bo\u017conarodzeniowym&#8221;\",\"datePublished\":\"2017-11-23T01:10:51+00:00\",\"mainEntityOfPage\":{\"@id\":\"https:\\\/\\\/www.24gliwice.pl\\\/wiadomosci\\\/miasto-wczesnie-przystraja-sie-na-swieta-chcemy-zdazyc-przed-jarmarkiem-bozonarodzeniowym\\\/\"},\"wordCount\":253,\"commentCount\":0,\"publisher\":{\"@id\":\"https:\\\/\\\/www.24gliwice.pl\\\/wiadomosci\\\/#organization\"},\"image\":{\"@id\":\"https:\\\/\\\/www.24gliwice.pl\\\/wiadomosci\\\/miasto-wczesnie-przystraja-sie-na-swieta-chcemy-zdazyc-przed-jarmarkiem-bozonarodzeniowym\\\/#primaryimage\"},\"thumbnailUrl\":\"https:\\\/\\\/www.24gliwice.pl\\\/wiadomosci\\\/wp-content\\\/uploads\\\/2017\\\/11\\\/20171122_114046-e1511349853376.jpg\",\"keywords\":[\"dekoracje\",\"DT\u015a\",\"DWORCOWA\",\"jarmark bo\u017conarodzeniowy\",\"ozdoby \u015bwi\u0105teczne\",\"plac mickiewicza\",\"wroc\u0142awska\",\"\u0142ab\u0119dzka\"],\"articleSection\":[\"Gliwice\",\"Najnowsze wiadomo\u015bci\",\"Portal Gliwice - Wiadomo\u015bci lokalne\"],\"inLanguage\":\"pl-PL\",\"potentialAction\":[{\"@type\":\"CommentAction\",\"name\":\"Comment\",\"target\":[\"https:\\\/\\\/www.24gliwice.pl\\\/wiadomosci\\\/miasto-wczesnie-przystraja-sie-na-swieta-chcemy-zdazyc-przed-jarmarkiem-bozonarodzeniowym\\\/#respond\"]}]},{\"@type\":\"WebPage\",\"@id\":\"https:\\\/\\\/www.24gliwice.pl\\\/wiadomosci\\\/miasto-wczesnie-przystraja-sie-na-swieta-chcemy-zdazyc-przed-jarmarkiem-bozonarodzeniowym\\\/\",\"url\":\"https:\\\/\\\/www.24gliwice.pl\\\/wiadomosci\\\/miasto-wczesnie-przystraja-sie-na-swieta-chcemy-zdazyc-przed-jarmarkiem-bozonarodzeniowym\\\/\",\"name\":\"Miasto wcze\u015bnie przystraja si\u0119 na \u015bwi\u0119ta. \\\"Chcemy zd\u0105\u017cy\u0107 przed Jarmarkiem Bo\u017conarodzeniowym\\\" - 24GLIWICE - Portal Gliwice | codziennie nowe informacje\",\"isPartOf\":{\"@id\":\"https:\\\/\\\/www.24gliwice.pl\\\/wiadomosci\\\/#website\"},\"primaryImageOfPage\":{\"@id\":\"https:\\\/\\\/www.24gliwice.pl\\\/wiadomosci\\\/miasto-wczesnie-przystraja-sie-na-swieta-chcemy-zdazyc-przed-jarmarkiem-bozonarodzeniowym\\\/#primaryimage\"},\"image\":{\"@id\":\"https:\\\/\\\/www.24gliwice.pl\\\/wiadomosci\\\/miasto-wczesnie-przystraja-sie-na-swieta-chcemy-zdazyc-przed-jarmarkiem-bozonarodzeniowym\\\/#primaryimage\"},\"thumbnailUrl\":\"https:\\\/\\\/www.24gliwice.pl\\\/wiadomosci\\\/wp-content\\\/uploads\\\/2017\\\/11\\\/20171122_114046-e1511349853376.jpg\",\"datePublished\":\"2017-11-23T01:10:51+00:00\",\"breadcrumb\":{\"@id\":\"https:\\\/\\\/www.24gliwice.pl\\\/wiadomosci\\\/miasto-wczesnie-przystraja-sie-na-swieta-chcemy-zdazyc-przed-jarmarkiem-bozonarodzeniowym\\\/#breadcrumb\"},\"inLanguage\":\"pl-PL\",\"potentialAction\":[{\"@type\":\"ReadAction\",\"target\":[\"https:\\\/\\\/www.24gliwice.pl\\\/wiadomosci\\\/miasto-wczesnie-przystraja-sie-na-swieta-chcemy-zdazyc-przed-jarmarkiem-bozonarodzeniowym\\\/\"]}]},{\"@type\":\"ImageObject\",\"inLanguage\":\"pl-PL\",\"@id\":\"https:\\\/\\\/www.24gliwice.pl\\\/wiadomosci\\\/miasto-wczesnie-przystraja-sie-na-swieta-chcemy-zdazyc-przed-jarmarkiem-bozonarodzeniowym\\\/#primaryimage\",\"url\":\"https:\\\/\\\/www.24gliwice.pl\\\/wiadomosci\\\/wp-content\\\/uploads\\\/2017\\\/11\\\/20171122_114046-e1511349853376.jpg\",\"contentUrl\":\"https:\\\/\\\/www.24gliwice.pl\\\/wiadomosci\\\/wp-content\\\/uploads\\\/2017\\\/11\\\/20171122_114046-e1511349853376.jpg\",\"width\":810,\"height\":456},{\"@type\":\"BreadcrumbList\",\"@id\":\"https:\\\/\\\/www.24gliwice.pl\\\/wiadomosci\\\/miasto-wczesnie-przystraja-sie-na-swieta-chcemy-zdazyc-przed-jarmarkiem-bozonarodzeniowym\\\/#breadcrumb\",\"itemListElement\":[{\"@type\":\"ListItem\",\"position\":1,\"name\":\"Strona g\u0142\u00f3wna\",\"item\":\"https:\\\/\\\/www.24gliwice.pl\\\/wiadomosci\\\/\"},{\"@type\":\"ListItem\",\"position\":2,\"name\":\"Miasto wcze\u015bnie przystraja si\u0119 na \u015bwi\u0119ta. &#8222;Chcemy zd\u0105\u017cy\u0107 przed Jarmarkiem Bo\u017conarodzeniowym&#8221;\"}]},{\"@type\":\"WebSite\",\"@id\":\"https:\\\/\\\/www.24gliwice.pl\\\/wiadomosci\\\/#website\",\"url\":\"https:\\\/\\\/www.24gliwice.pl\\\/wiadomosci\\\/\",\"name\":\"24GLIWICE - Portal Gliwice | codziennie nowe wiadomo\u015bci\",\"description\":\"Portal Miejski Gliwice\",\"publisher\":{\"@id\":\"https:\\\/\\\/www.24gliwice.pl\\\/wiadomosci\\\/#organization\"},\"potentialAction\":[{\"@type\":\"SearchAction\",\"target\":{\"@type\":\"EntryPoint\",\"urlTemplate\":\"https:\\\/\\\/www.24gliwice.pl\\\/wiadomosci\\\/?s={search_term_string}\"},\"query-input\":{\"@type\":\"PropertyValueSpecification\",\"valueRequired\":true,\"valueName\":\"search_term_string\"}}],\"inLanguage\":\"pl-PL\"},{\"@type\":\"Organization\",\"@id\":\"https:\\\/\\\/www.24gliwice.pl\\\/wiadomosci\\\/#organization\",\"name\":\"24gliwice\",\"url\":\"https:\\\/\\\/www.24gliwice.pl\\\/wiadomosci\\\/\",\"logo\":{\"@type\":\"ImageObject\",\"inLanguage\":\"pl-PL\",\"@id\":\"https:\\\/\\\/www.24gliwice.pl\\\/wiadomosci\\\/#\\\/schema\\\/logo\\\/image\\\/\",\"url\":\"https:\\\/\\\/www.24gliwice.pl\\\/wiadomosci\\\/wp-content\\\/uploads\\\/2024\\\/10\\\/24gliwice-logo-696.jpg\",\"contentUrl\":\"https:\\\/\\\/www.24gliwice.pl\\\/wiadomosci\\\/wp-content\\\/uploads\\\/2024\\\/10\\\/24gliwice-logo-696.jpg\",\"width\":696,\"height\":696,\"caption\":\"24gliwice\"},\"image\":{\"@id\":\"https:\\\/\\\/www.24gliwice.pl\\\/wiadomosci\\\/#\\\/schema\\\/logo\\\/image\\\/\"},\"sameAs\":[\"https:\\\/\\\/www.facebook.com\\\/24gliwice\",\"https:\\\/\\\/x.com\\\/24gliwice\",\"https:\\\/\\\/www.youtube.com\\\/@24gliwice\"]},{\"@type\":\"Person\",\"@id\":\"https:\\\/\\\/www.24gliwice.pl\\\/wiadomosci\\\/#\\\/schema\\\/person\\\/e42c650edd7f2fa332be3811fb166b6e\",\"name\":\"\u017baneta Mrozek-Siewierska\",\"image\":{\"@type\":\"ImageObject\",\"inLanguage\":\"pl-PL\",\"@id\":\"https:\\\/\\\/secure.gravatar.com\\\/avatar\\\/1881429e9c64597c77ad7aef2d0a19be69a3253e57534d16aa15bf3a4d34a0a3?s=96&d=mm&r=g\",\"url\":\"https:\\\/\\\/secure.gravatar.com\\\/avatar\\\/1881429e9c64597c77ad7aef2d0a19be69a3253e57534d16aa15bf3a4d34a0a3?s=96&d=mm&r=g\",\"contentUrl\":\"https:\\\/\\\/secure.gravatar.com\\\/avatar\\\/1881429e9c64597c77ad7aef2d0a19be69a3253e57534d16aa15bf3a4d34a0a3?s=96&d=mm&r=g\",\"caption\":\"\u017baneta Mrozek-Siewierska\"},\"url\":\"https:\\\/\\\/www.24gliwice.pl\\\/wiadomosci\\\/author\\\/zms\\\/\"}]}<\/script>\n<!-- \/ Yoast SEO plugin. -->","yoast_head_json":{"title":"Miasto wcze\u015bnie przystraja si\u0119 na \u015bwi\u0119ta. \"Chcemy zd\u0105\u017cy\u0107 przed Jarmarkiem Bo\u017conarodzeniowym\" - 24GLIWICE - Portal Gliwice | codziennie nowe informacje","robots":{"index":"index","follow":"follow","max-snippet":"max-snippet:-1","max-image-preview":"max-image-preview:large","max-video-preview":"max-video-preview:-1"},"canonical":"https:\/\/www.24gliwice.pl\/wiadomosci\/miasto-wczesnie-przystraja-sie-na-swieta-chcemy-zdazyc-przed-jarmarkiem-bozonarodzeniowym\/","og_locale":"pl_PL","og_type":"article","og_title":"Miasto wcze\u015bnie przystraja si\u0119 na \u015bwi\u0119ta. \"Chcemy zd\u0105\u017cy\u0107 przed Jarmarkiem Bo\u017conarodzeniowym\" - 24GLIWICE - Portal Gliwice | codziennie nowe informacje","og_description":"Na skwerze nad DT\u015a pojawi si\u0119 18-metrowa choinka. W drodze zam\u00f3wienia zosta\u0142 ju\u017c wybrany dostawca sztucznego drzewa &#8211; firma ADAL z Wroc\u0142awia. Jego koszt to 209 tysi\u0119cy z\u0142otych. W Gliwicach pracownicy MZUK instaluj\u0105 ju\u017c \u015bwi\u0105teczne ozdoby. Choinka, kt\u00f3ra stanie nad DT\u015a, znajdzie si\u0119 tam w terminie do 15 grudnia.To tylko jedna z bo\u017conarodzeniowych atrakcji, jakie [&hellip;]","og_url":"https:\/\/www.24gliwice.pl\/wiadomosci\/miasto-wczesnie-przystraja-sie-na-swieta-chcemy-zdazyc-przed-jarmarkiem-bozonarodzeniowym\/","og_site_name":"24GLIWICE - Portal Gliwice | codziennie nowe informacje","article_publisher":"https:\/\/www.facebook.com\/24gliwice","article_published_time":"2017-11-23T01:10:51+00:00","og_image":[{"width":810,"height":456,"url":"https:\/\/www.24gliwice.pl\/wiadomosci\/wp-content\/uploads\/2017\/11\/20171122_114046-e1511349853376.jpg","type":"image\/jpeg"}],"author":"\u017baneta Mrozek-Siewierska","twitter_card":"summary_large_image","twitter_creator":"@24gliwice","twitter_site":"@24gliwice","twitter_misc":{"Napisane przez":"\u017baneta Mrozek-Siewierska","Szacowany czas czytania":"1 minuta"},"schema":{"@context":"https:\/\/schema.org","@graph":[{"@type":"Article","@id":"https:\/\/www.24gliwice.pl\/wiadomosci\/miasto-wczesnie-przystraja-sie-na-swieta-chcemy-zdazyc-przed-jarmarkiem-bozonarodzeniowym\/#article","isPartOf":{"@id":"https:\/\/www.24gliwice.pl\/wiadomosci\/miasto-wczesnie-przystraja-sie-na-swieta-chcemy-zdazyc-przed-jarmarkiem-bozonarodzeniowym\/"},"author":{"name":"\u017baneta Mrozek-Siewierska","@id":"https:\/\/www.24gliwice.pl\/wiadomosci\/#\/schema\/person\/e42c650edd7f2fa332be3811fb166b6e"},"headline":"Miasto wcze\u015bnie przystraja si\u0119 na \u015bwi\u0119ta. &#8220;Chcemy zd\u0105\u017cy\u0107 przed Jarmarkiem Bo\u017conarodzeniowym&#8221;","datePublished":"2017-11-23T01:10:51+00:00","mainEntityOfPage":{"@id":"https:\/\/www.24gliwice.pl\/wiadomosci\/miasto-wczesnie-przystraja-sie-na-swieta-chcemy-zdazyc-przed-jarmarkiem-bozonarodzeniowym\/"},"wordCount":253,"commentCount":0,"publisher":{"@id":"https:\/\/www.24gliwice.pl\/wiadomosci\/#organization"},"image":{"@id":"https:\/\/www.24gliwice.pl\/wiadomosci\/miasto-wczesnie-przystraja-sie-na-swieta-chcemy-zdazyc-przed-jarmarkiem-bozonarodzeniowym\/#primaryimage"},"thumbnailUrl":"https:\/\/www.24gliwice.pl\/wiadomosci\/wp-content\/uploads\/2017\/11\/20171122_114046-e1511349853376.jpg","keywords":["dekoracje","DT\u015a","DWORCOWA","jarmark bo\u017conarodzeniowy","ozdoby \u015bwi\u0105teczne","plac mickiewicza","wroc\u0142awska","\u0142ab\u0119dzka"],"articleSection":["Gliwice","Najnowsze wiadomo\u015bci","Portal Gliwice - Wiadomo\u015bci lokalne"],"inLanguage":"pl-PL","potentialAction":[{"@type":"CommentAction","name":"Comment","target":["https:\/\/www.24gliwice.pl\/wiadomosci\/miasto-wczesnie-przystraja-sie-na-swieta-chcemy-zdazyc-przed-jarmarkiem-bozonarodzeniowym\/#respond"]}]},{"@type":"WebPage","@id":"https:\/\/www.24gliwice.pl\/wiadomosci\/miasto-wczesnie-przystraja-sie-na-swieta-chcemy-zdazyc-przed-jarmarkiem-bozonarodzeniowym\/","url":"https:\/\/www.24gliwice.pl\/wiadomosci\/miasto-wczesnie-przystraja-sie-na-swieta-chcemy-zdazyc-przed-jarmarkiem-bozonarodzeniowym\/","name":"Miasto wcze\u015bnie przystraja si\u0119 na \u015bwi\u0119ta. \"Chcemy zd\u0105\u017cy\u0107 przed Jarmarkiem Bo\u017conarodzeniowym\" - 24GLIWICE - Portal Gliwice | codziennie nowe informacje","isPartOf":{"@id":"https:\/\/www.24gliwice.pl\/wiadomosci\/#website"},"primaryImageOfPage":{"@id":"https:\/\/www.24gliwice.pl\/wiadomosci\/miasto-wczesnie-przystraja-sie-na-swieta-chcemy-zdazyc-przed-jarmarkiem-bozonarodzeniowym\/#primaryimage"},"image":{"@id":"https:\/\/www.24gliwice.pl\/wiadomosci\/miasto-wczesnie-przystraja-sie-na-swieta-chcemy-zdazyc-przed-jarmarkiem-bozonarodzeniowym\/#primaryimage"},"thumbnailUrl":"https:\/\/www.24gliwice.pl\/wiadomosci\/wp-content\/uploads\/2017\/11\/20171122_114046-e1511349853376.jpg","datePublished":"2017-11-23T01:10:51+00:00","breadcrumb":{"@id":"https:\/\/www.24gliwice.pl\/wiadomosci\/miasto-wczesnie-przystraja-sie-na-swieta-chcemy-zdazyc-przed-jarmarkiem-bozonarodzeniowym\/#breadcrumb"},"inLanguage":"pl-PL","potentialAction":[{"@type":"ReadAction","target":["https:\/\/www.24gliwice.pl\/wiadomosci\/miasto-wczesnie-przystraja-sie-na-swieta-chcemy-zdazyc-przed-jarmarkiem-bozonarodzeniowym\/"]}]},{"@type":"ImageObject","inLanguage":"pl-PL","@id":"https:\/\/www.24gliwice.pl\/wiadomosci\/miasto-wczesnie-przystraja-sie-na-swieta-chcemy-zdazyc-przed-jarmarkiem-bozonarodzeniowym\/#primaryimage","url":"https:\/\/www.24gliwice.pl\/wiadomosci\/wp-content\/uploads\/2017\/11\/20171122_114046-e1511349853376.jpg","contentUrl":"https:\/\/www.24gliwice.pl\/wiadomosci\/wp-content\/uploads\/2017\/11\/20171122_114046-e1511349853376.jpg","width":810,"height":456},{"@type":"BreadcrumbList","@id":"https:\/\/www.24gliwice.pl\/wiadomosci\/miasto-wczesnie-przystraja-sie-na-swieta-chcemy-zdazyc-przed-jarmarkiem-bozonarodzeniowym\/#breadcrumb","itemListElement":[{"@type":"ListItem","position":1,"name":"Strona g\u0142\u00f3wna","item":"https:\/\/www.24gliwice.pl\/wiadomosci\/"},{"@type":"ListItem","position":2,"name":"Miasto wcze\u015bnie przystraja si\u0119 na \u015bwi\u0119ta. &#8222;Chcemy zd\u0105\u017cy\u0107 przed Jarmarkiem Bo\u017conarodzeniowym&#8221;"}]},{"@type":"WebSite","@id":"https:\/\/www.24gliwice.pl\/wiadomosci\/#website","url":"https:\/\/www.24gliwice.pl\/wiadomosci\/","name":"24GLIWICE - Portal Gliwice | codziennie nowe wiadomo\u015bci","description":"Portal Miejski Gliwice","publisher":{"@id":"https:\/\/www.24gliwice.pl\/wiadomosci\/#organization"},"potentialAction":[{"@type":"SearchAction","target":{"@type":"EntryPoint","urlTemplate":"https:\/\/www.24gliwice.pl\/wiadomosci\/?s={search_term_string}"},"query-input":{"@type":"PropertyValueSpecification","valueRequired":true,"valueName":"search_term_string"}}],"inLanguage":"pl-PL"},{"@type":"Organization","@id":"https:\/\/www.24gliwice.pl\/wiadomosci\/#organization","name":"24gliwice","url":"https:\/\/www.24gliwice.pl\/wiadomosci\/","logo":{"@type":"ImageObject","inLanguage":"pl-PL","@id":"https:\/\/www.24gliwice.pl\/wiadomosci\/#\/schema\/logo\/image\/","url":"https:\/\/www.24gliwice.pl\/wiadomosci\/wp-content\/uploads\/2024\/10\/24gliwice-logo-696.jpg","contentUrl":"https:\/\/www.24gliwice.pl\/wiadomosci\/wp-content\/uploads\/2024\/10\/24gliwice-logo-696.jpg","width":696,"height":696,"caption":"24gliwice"},"image":{"@id":"https:\/\/www.24gliwice.pl\/wiadomosci\/#\/schema\/logo\/image\/"},"sameAs":["https:\/\/www.facebook.com\/24gliwice","https:\/\/x.com\/24gliwice","https:\/\/www.youtube.com\/@24gliwice"]},{"@type":"Person","@id":"https:\/\/www.24gliwice.pl\/wiadomosci\/#\/schema\/person\/e42c650edd7f2fa332be3811fb166b6e","name":"\u017baneta Mrozek-Siewierska","image":{"@type":"ImageObject","inLanguage":"pl-PL","@id":"https:\/\/secure.gravatar.com\/avatar\/1881429e9c64597c77ad7aef2d0a19be69a3253e57534d16aa15bf3a4d34a0a3?s=96&d=mm&r=g","url":"https:\/\/secure.gravatar.com\/avatar\/1881429e9c64597c77ad7aef2d0a19be69a3253e57534d16aa15bf3a4d34a0a3?s=96&d=mm&r=g","contentUrl":"https:\/\/secure.gravatar.com\/avatar\/1881429e9c64597c77ad7aef2d0a19be69a3253e57534d16aa15bf3a4d34a0a3?s=96&d=mm&r=g","caption":"\u017baneta Mrozek-Siewierska"},"url":"https:\/\/www.24gliwice.pl\/wiadomosci\/author\/zms\/"}]}},"_links":{"self":[{"href":"https:\/\/www.24gliwice.pl\/wiadomosci\/wp-json\/wp\/v2\/posts\/108064","targetHints":{"allow":["GET"]}}],"collection":[{"href":"https:\/\/www.24gliwice.pl\/wiadomosci\/wp-json\/wp\/v2\/posts"}],"about":[{"href":"https:\/\/www.24gliwice.pl\/wiadomosci\/wp-json\/wp\/v2\/types\/post"}],"author":[{"embeddable":true,"href":"https:\/\/www.24gliwice.pl\/wiadomosci\/wp-json\/wp\/v2\/users\/15"}],"replies":[{"embeddable":true,"href":"https:\/\/www.24gliwice.pl\/wiadomosci\/wp-json\/wp\/v2\/comments?post=108064"}],"version-history":[{"count":0,"href":"https:\/\/www.24gliwice.pl\/wiadomosci\/wp-json\/wp\/v2\/posts\/108064\/revisions"}],"wp:featuredmedia":[{"embeddable":true,"href":"https:\/\/www.24gliwice.pl\/wiadomosci\/wp-json\/wp\/v2\/media\/108072"}],"wp:attachment":[{"href":"https:\/\/www.24gliwice.pl\/wiadomosci\/wp-json\/wp\/v2\/media?parent=108064"}],"wp:term":[{"taxonomy":"category","embeddable":true,"href":"https:\/\/www.24gliwice.pl\/wiadomosci\/wp-json\/wp\/v2\/categories?post=108064"},{"taxonomy":"post_tag","embeddable":true,"href":"https:\/\/www.24gliwice.pl\/wiadomosci\/wp-json\/wp\/v2\/tags?post=108064"}],"curies":[{"name":"wp","href":"https:\/\/api.w.org\/{rel}","templated":true}]}}