{"id":108091,"date":"2017-12-04T03:01:49","date_gmt":"2017-12-04T02:01:49","guid":{"rendered":"http:\/\/www.24gliwice.pl\/wiadomosci\/?p=108091"},"modified":"2017-12-04T03:01:49","modified_gmt":"2017-12-04T02:01:49","slug":"historia-labed-zostala-zebrana-w-jednym-miejscu-powstala-monografia","status":"publish","type":"post","link":"https:\/\/www.24gliwice.pl\/wiadomosci\/historia-labed-zostala-zebrana-w-jednym-miejscu-powstala-monografia\/","title":{"rendered":"Historia \u0141ab\u0119d zosta\u0142a zebrana w jednym miejscu. Powsta\u0142a monografia"},"content":{"rendered":"<div class=\"gliwi-a6-nad-leadem-artykulow gliwi-entity-placement\" id=\"gliwi-3159368238\"><div class=\"gliwi-adlabel\"><span style=\"font-size: 9px\">REKLAMA<\/span><\/div><div id=\"gliwi-2089385786\" style=\"margin-bottom: 30px;margin-left: auto;margin-right: auto;text-align: center;\"><a data-no-instant=\"1\" href=\"https:\/\/przedszkole.halogen.org.pl\/\" rel=\"noopener\" class=\"a2t-link\" target=\"_blank\" aria-label=\"20260402-ANIMATOR-przedszkole_grafika_750x200\"><img loading=\"lazy\" decoding=\"async\" src=\"https:\/\/www.24gliwice.pl\/wiadomosci\/wp-content\/uploads\/2026\/04\/20260402-ANIMATOR-przedszkole_grafika_750x200.webp\" alt=\"\"  srcset=\"https:\/\/www.24gliwice.pl\/wiadomosci\/wp-content\/uploads\/2026\/04\/20260402-ANIMATOR-przedszkole_grafika_750x200.webp 750w, https:\/\/www.24gliwice.pl\/wiadomosci\/wp-content\/uploads\/2026\/04\/20260402-ANIMATOR-przedszkole_grafika_750x200-410x109.webp 410w\" sizes=\"(max-width: 750px) 100vw, 750px\" class=\"no-lazyload\" width=\"750\" height=\"200\"  style=\"display: inline-block; max-width: 100%; height: auto;\" \/><\/a><\/div><\/div><h3>\u201e\u0141ab\u0119dy. Dzieje miejscowo\u015bci i parafii\u201d to ciekawa lektura nie tylko dla mieszka\u0144c\u00f3w dzielnicy, ale i wszystkich gliwiczan zainteresowanych histori\u0105 miasta. Jedna z najstarszych cz\u0119\u015bci Gliwic doczeka\u0142a si\u0119 historycznego opracowania.<\/h3>\n<p>Dawna wie\u015b rycerska, przemys\u0142owa miejscowo\u015b\u0107 na skrzy\u017cowaniu wa\u017cnych szlak\u00f3w komunikacyjnych, w ko\u0144cu dzielnica na obrze\u017cach Gliwic \u2013 dzieje \u0141ab\u0119d by\u0142y bardzo zagmatwane, a przez to ciekawe. Zainteresowa\u0142y r\u00f3wnie\u017c naukowc\u00f3w i pasjonat\u00f3w lokalnej historii, kt\u00f3rzy wzi\u0119li na historyczny warsztat dzieje miejscowo\u015bci i funkcjonuj\u0105cych na jej terenie parafii rzymskokatolickich.<\/p>\n<p>\u2012 Ksi\u0105\u017cka sk\u0142ada si\u0119 z trzech cz\u0119\u015bci. Pierwsza ukazuje \u0141ab\u0119dy w rozwoju historycznym na tle dziej\u00f3w G\u00f3rnego \u015al\u0105ska. Drugi modu\u0142 po\u015bwi\u0119cony jest stosunkom ko\u015bcielnym w \u0141ab\u0119dach. W trzeciej cz\u0119\u015bci przedstawiono \u017ar\u00f3d\u0142a, takie jak niepublikowane dot\u0105d zapiski kronikarskie  \u2013 wyja\u015bnia ks. prof. <strong>Andrzej Hanich<\/strong>, g\u0142\u00f3wny redaktor monografii.<\/p><div class=\"gliwi-a3-w-tresci-artykulow gliwi-entity-placement\" id=\"gliwi-1171399837\"><div class=\"gliwi-adlabel\"><span style=\"font-size: 9px\">REKLAMA<\/span><\/div><div id=\"gliwi-1275056431\" style=\"margin-bottom: 30px;margin-left: auto;margin-right: auto;text-align: center;\"><a data-no-instant=\"1\" href=\"https:\/\/ogrodyandersa.pl\/\" rel=\"noopener\" class=\"a2t-link\" target=\"_blank\" aria-label=\"20260415 Ogrody Andersa KUP TERAZ D\"><img loading=\"lazy\" decoding=\"async\" src=\"https:\/\/www.24gliwice.pl\/wiadomosci\/wp-content\/uploads\/2026\/04\/20260415-Ogrody-Andersa-KUP-TERAZ-D.jpg\" alt=\"\"  srcset=\"https:\/\/www.24gliwice.pl\/wiadomosci\/wp-content\/uploads\/2026\/04\/20260415-Ogrody-Andersa-KUP-TERAZ-D.jpg 750w, https:\/\/www.24gliwice.pl\/wiadomosci\/wp-content\/uploads\/2026\/04\/20260415-Ogrody-Andersa-KUP-TERAZ-D-410x109.jpg 410w\" sizes=\"(max-width: 750px) 100vw, 750px\" class=\"no-lazyload\" width=\"750\" height=\"200\"  style=\"display: inline-block; max-width: 100%; height: auto;\" \/><\/a><\/div><\/div>\n<p>Publikacja jest g\u0142\u00f3wnym elementem dzia\u0142a\u0144 aktywizacyjnych prowadzonych z mieszka\u0144cami. Zorganizowano ju\u017c mi\u0119dzy innymi warsztaty dla m\u0142odzie\u017cy szkolnej i senior\u00f3w, podczas kt\u00f3rych przywracano pami\u0119\u0107 o wsp\u00f3lnej historii.<\/p>\n<p>Ksi\u0105\u017ck\u0119 b\u0119dzie mo\u017cna kupi\u0107 od 10 grudnia na plebanii ko\u015bcio\u0142a \u015bw. Jerzego w \u0141ab\u0119dach (ul. Radosna 2).<\/p>\n<p>(\u017cms)\/UM(mm)<\/p>\n<div class=\"gliwi-a5-na-koncu-artykulow gliwi-entity-placement\" id=\"gliwi-3614429306\"><div class=\"gliwi-adlabel\"><span style=\"font-size: 9px\">REKLAMA<\/span><\/div><div id=\"gliwi-1718424856\" style=\"margin-left: auto;margin-right: auto;text-align: center;\"><a data-no-instant=\"1\" href=\"https:\/\/prezeroarenagliwice.pl\/\" rel=\"noopener\" class=\"a2t-link\" target=\"_blank\" aria-label=\"20260309-PREZERO-WIOSNA-D\"><img loading=\"lazy\" decoding=\"async\" src=\"https:\/\/www.24gliwice.pl\/wiadomosci\/wp-content\/uploads\/2026\/03\/20260309-PREZERO-WIOSNA-D.webp\" alt=\"\"  srcset=\"https:\/\/www.24gliwice.pl\/wiadomosci\/wp-content\/uploads\/2026\/03\/20260309-PREZERO-WIOSNA-D.webp 750w, https:\/\/www.24gliwice.pl\/wiadomosci\/wp-content\/uploads\/2026\/03\/20260309-PREZERO-WIOSNA-D-410x109.webp 410w\" sizes=\"(max-width: 750px) 100vw, 750px\" class=\"no-lazyload\" width=\"750\" height=\"200\"  style=\"display: inline-block; max-width: 100%; height: auto;\" \/><\/a><\/div><\/div>","protected":false},"excerpt":{"rendered":"<p>\u201e\u0141ab\u0119dy. Dzieje miejscowo\u015bci i parafii\u201d to ciekawa lektura nie tylko dla mieszka\u0144c\u00f3w dzielnicy, ale i wszystkich gliwiczan zainteresowanych histori\u0105 miasta. Jedna z najstarszych cz\u0119\u015bci Gliwic doczeka\u0142a si\u0119 historycznego opracowania. Dawna wie\u015b rycerska, przemys\u0142owa miejscowo\u015b\u0107 na skrzy\u017cowaniu wa\u017cnych szlak\u00f3w komunikacyjnych, w ko\u0144cu dzielnica na obrze\u017cach Gliwic \u2013 dzieje \u0141ab\u0119d by\u0142y bardzo zagmatwane, a przez to ciekawe. [&hellip;]<\/p>\n","protected":false},"author":15,"featured_media":108094,"comment_status":"open","ping_status":"closed","sticky":false,"template":"","format":"standard","meta":{"_monsterinsights_skip_tracking":false,"_monsterinsights_sitenote_active":false,"_monsterinsights_sitenote_note":"","_monsterinsights_sitenote_category":0,"footnotes":"","_links_to":"","_links_to_target":""},"categories":[3,1],"tags":[1438],"class_list":["post-108091","post","type-post","status-publish","format-standard","has-post-thumbnail","hentry","category-gliwice","category-wszystko","tag-labedy"],"yoast_head":"<!-- This site is optimized with the Yoast SEO plugin v27.5 - https:\/\/yoast.com\/product\/yoast-seo-wordpress\/ -->\n<title>Historia \u0141ab\u0119d zosta\u0142a zebrana w jednym miejscu. Powsta\u0142a monografia - 24GLIWICE - Portal Gliwice | codziennie nowe informacje<\/title>\n<meta name=\"robots\" content=\"index, follow, max-snippet:-1, max-image-preview:large, max-video-preview:-1\" \/>\n<link rel=\"canonical\" href=\"https:\/\/www.24gliwice.pl\/wiadomosci\/historia-labed-zostala-zebrana-w-jednym-miejscu-powstala-monografia\/\" \/>\n<meta property=\"og:locale\" content=\"pl_PL\" \/>\n<meta property=\"og:type\" content=\"article\" \/>\n<meta property=\"og:title\" content=\"Historia \u0141ab\u0119d zosta\u0142a zebrana w jednym miejscu. Powsta\u0142a monografia - 24GLIWICE - Portal Gliwice | codziennie nowe informacje\" \/>\n<meta property=\"og:description\" content=\"\u201e\u0141ab\u0119dy. Dzieje miejscowo\u015bci i parafii\u201d to ciekawa lektura nie tylko dla mieszka\u0144c\u00f3w dzielnicy, ale i wszystkich gliwiczan zainteresowanych histori\u0105 miasta. Jedna z najstarszych cz\u0119\u015bci Gliwic doczeka\u0142a si\u0119 historycznego opracowania. Dawna wie\u015b rycerska, przemys\u0142owa miejscowo\u015b\u0107 na skrzy\u017cowaniu wa\u017cnych szlak\u00f3w komunikacyjnych, w ko\u0144cu dzielnica na obrze\u017cach Gliwic \u2013 dzieje \u0141ab\u0119d by\u0142y bardzo zagmatwane, a przez to ciekawe. [&hellip;]\" \/>\n<meta property=\"og:url\" content=\"https:\/\/www.24gliwice.pl\/wiadomosci\/historia-labed-zostala-zebrana-w-jednym-miejscu-powstala-monografia\/\" \/>\n<meta property=\"og:site_name\" content=\"24GLIWICE - Portal Gliwice | codziennie nowe informacje\" \/>\n<meta property=\"article:publisher\" content=\"https:\/\/www.facebook.com\/24gliwice\" \/>\n<meta property=\"article:published_time\" content=\"2017-12-04T02:01:49+00:00\" \/>\n<meta property=\"og:image\" content=\"https:\/\/www.24gliwice.pl\/wiadomosci\/wp-content\/uploads\/2017\/11\/dzieje-\u0142ab\u0119d.jpg\" \/>\n\t<meta property=\"og:image:width\" content=\"880\" \/>\n\t<meta property=\"og:image:height\" content=\"495\" \/>\n\t<meta property=\"og:image:type\" content=\"image\/jpeg\" \/>\n<meta name=\"author\" content=\"\u017baneta Mrozek-Siewierska\" \/>\n<meta name=\"twitter:card\" content=\"summary_large_image\" \/>\n<meta name=\"twitter:creator\" content=\"@24gliwice\" \/>\n<meta name=\"twitter:site\" content=\"@24gliwice\" \/>\n<meta name=\"twitter:label1\" content=\"Napisane przez\" \/>\n\t<meta name=\"twitter:data1\" content=\"\u017baneta Mrozek-Siewierska\" \/>\n\t<meta name=\"twitter:label2\" content=\"Szacowany czas czytania\" \/>\n\t<meta name=\"twitter:data2\" content=\"1 minuta\" \/>\n<script type=\"application\/ld+json\" class=\"yoast-schema-graph\">{\"@context\":\"https:\\\/\\\/schema.org\",\"@graph\":[{\"@type\":\"Article\",\"@id\":\"https:\\\/\\\/www.24gliwice.pl\\\/wiadomosci\\\/historia-labed-zostala-zebrana-w-jednym-miejscu-powstala-monografia\\\/#article\",\"isPartOf\":{\"@id\":\"https:\\\/\\\/www.24gliwice.pl\\\/wiadomosci\\\/historia-labed-zostala-zebrana-w-jednym-miejscu-powstala-monografia\\\/\"},\"author\":{\"name\":\"\u017baneta Mrozek-Siewierska\",\"@id\":\"https:\\\/\\\/www.24gliwice.pl\\\/wiadomosci\\\/#\\\/schema\\\/person\\\/e42c650edd7f2fa332be3811fb166b6e\"},\"headline\":\"Historia \u0141ab\u0119d zosta\u0142a zebrana w jednym miejscu. Powsta\u0142a monografia\",\"datePublished\":\"2017-12-04T02:01:49+00:00\",\"mainEntityOfPage\":{\"@id\":\"https:\\\/\\\/www.24gliwice.pl\\\/wiadomosci\\\/historia-labed-zostala-zebrana-w-jednym-miejscu-powstala-monografia\\\/\"},\"wordCount\":229,\"commentCount\":0,\"publisher\":{\"@id\":\"https:\\\/\\\/www.24gliwice.pl\\\/wiadomosci\\\/#organization\"},\"image\":{\"@id\":\"https:\\\/\\\/www.24gliwice.pl\\\/wiadomosci\\\/historia-labed-zostala-zebrana-w-jednym-miejscu-powstala-monografia\\\/#primaryimage\"},\"thumbnailUrl\":\"https:\\\/\\\/www.24gliwice.pl\\\/wiadomosci\\\/wp-content\\\/uploads\\\/2017\\\/11\\\/dzieje-\u0142ab\u0119d.jpg\",\"keywords\":[\"\u0141AB\u0118DY\"],\"articleSection\":[\"Gliwice\",\"Najnowsze wiadomo\u015bci\"],\"inLanguage\":\"pl-PL\",\"potentialAction\":[{\"@type\":\"CommentAction\",\"name\":\"Comment\",\"target\":[\"https:\\\/\\\/www.24gliwice.pl\\\/wiadomosci\\\/historia-labed-zostala-zebrana-w-jednym-miejscu-powstala-monografia\\\/#respond\"]}]},{\"@type\":\"WebPage\",\"@id\":\"https:\\\/\\\/www.24gliwice.pl\\\/wiadomosci\\\/historia-labed-zostala-zebrana-w-jednym-miejscu-powstala-monografia\\\/\",\"url\":\"https:\\\/\\\/www.24gliwice.pl\\\/wiadomosci\\\/historia-labed-zostala-zebrana-w-jednym-miejscu-powstala-monografia\\\/\",\"name\":\"Historia \u0141ab\u0119d zosta\u0142a zebrana w jednym miejscu. Powsta\u0142a monografia - 24GLIWICE - Portal Gliwice | codziennie nowe informacje\",\"isPartOf\":{\"@id\":\"https:\\\/\\\/www.24gliwice.pl\\\/wiadomosci\\\/#website\"},\"primaryImageOfPage\":{\"@id\":\"https:\\\/\\\/www.24gliwice.pl\\\/wiadomosci\\\/historia-labed-zostala-zebrana-w-jednym-miejscu-powstala-monografia\\\/#primaryimage\"},\"image\":{\"@id\":\"https:\\\/\\\/www.24gliwice.pl\\\/wiadomosci\\\/historia-labed-zostala-zebrana-w-jednym-miejscu-powstala-monografia\\\/#primaryimage\"},\"thumbnailUrl\":\"https:\\\/\\\/www.24gliwice.pl\\\/wiadomosci\\\/wp-content\\\/uploads\\\/2017\\\/11\\\/dzieje-\u0142ab\u0119d.jpg\",\"datePublished\":\"2017-12-04T02:01:49+00:00\",\"breadcrumb\":{\"@id\":\"https:\\\/\\\/www.24gliwice.pl\\\/wiadomosci\\\/historia-labed-zostala-zebrana-w-jednym-miejscu-powstala-monografia\\\/#breadcrumb\"},\"inLanguage\":\"pl-PL\",\"potentialAction\":[{\"@type\":\"ReadAction\",\"target\":[\"https:\\\/\\\/www.24gliwice.pl\\\/wiadomosci\\\/historia-labed-zostala-zebrana-w-jednym-miejscu-powstala-monografia\\\/\"]}]},{\"@type\":\"ImageObject\",\"inLanguage\":\"pl-PL\",\"@id\":\"https:\\\/\\\/www.24gliwice.pl\\\/wiadomosci\\\/historia-labed-zostala-zebrana-w-jednym-miejscu-powstala-monografia\\\/#primaryimage\",\"url\":\"https:\\\/\\\/www.24gliwice.pl\\\/wiadomosci\\\/wp-content\\\/uploads\\\/2017\\\/11\\\/dzieje-\u0142ab\u0119d.jpg\",\"contentUrl\":\"https:\\\/\\\/www.24gliwice.pl\\\/wiadomosci\\\/wp-content\\\/uploads\\\/2017\\\/11\\\/dzieje-\u0142ab\u0119d.jpg\",\"width\":880,\"height\":495},{\"@type\":\"BreadcrumbList\",\"@id\":\"https:\\\/\\\/www.24gliwice.pl\\\/wiadomosci\\\/historia-labed-zostala-zebrana-w-jednym-miejscu-powstala-monografia\\\/#breadcrumb\",\"itemListElement\":[{\"@type\":\"ListItem\",\"position\":1,\"name\":\"Strona g\u0142\u00f3wna\",\"item\":\"https:\\\/\\\/www.24gliwice.pl\\\/wiadomosci\\\/\"},{\"@type\":\"ListItem\",\"position\":2,\"name\":\"Historia \u0141ab\u0119d zosta\u0142a zebrana w jednym miejscu. Powsta\u0142a monografia\"}]},{\"@type\":\"WebSite\",\"@id\":\"https:\\\/\\\/www.24gliwice.pl\\\/wiadomosci\\\/#website\",\"url\":\"https:\\\/\\\/www.24gliwice.pl\\\/wiadomosci\\\/\",\"name\":\"24GLIWICE - Portal Gliwice | codziennie nowe wiadomo\u015bci\",\"description\":\"Portal Miejski Gliwice\",\"publisher\":{\"@id\":\"https:\\\/\\\/www.24gliwice.pl\\\/wiadomosci\\\/#organization\"},\"potentialAction\":[{\"@type\":\"SearchAction\",\"target\":{\"@type\":\"EntryPoint\",\"urlTemplate\":\"https:\\\/\\\/www.24gliwice.pl\\\/wiadomosci\\\/?s={search_term_string}\"},\"query-input\":{\"@type\":\"PropertyValueSpecification\",\"valueRequired\":true,\"valueName\":\"search_term_string\"}}],\"inLanguage\":\"pl-PL\"},{\"@type\":\"Organization\",\"@id\":\"https:\\\/\\\/www.24gliwice.pl\\\/wiadomosci\\\/#organization\",\"name\":\"24gliwice\",\"url\":\"https:\\\/\\\/www.24gliwice.pl\\\/wiadomosci\\\/\",\"logo\":{\"@type\":\"ImageObject\",\"inLanguage\":\"pl-PL\",\"@id\":\"https:\\\/\\\/www.24gliwice.pl\\\/wiadomosci\\\/#\\\/schema\\\/logo\\\/image\\\/\",\"url\":\"https:\\\/\\\/www.24gliwice.pl\\\/wiadomosci\\\/wp-content\\\/uploads\\\/2024\\\/10\\\/24gliwice-logo-696.jpg\",\"contentUrl\":\"https:\\\/\\\/www.24gliwice.pl\\\/wiadomosci\\\/wp-content\\\/uploads\\\/2024\\\/10\\\/24gliwice-logo-696.jpg\",\"width\":696,\"height\":696,\"caption\":\"24gliwice\"},\"image\":{\"@id\":\"https:\\\/\\\/www.24gliwice.pl\\\/wiadomosci\\\/#\\\/schema\\\/logo\\\/image\\\/\"},\"sameAs\":[\"https:\\\/\\\/www.facebook.com\\\/24gliwice\",\"https:\\\/\\\/x.com\\\/24gliwice\",\"https:\\\/\\\/www.youtube.com\\\/@24gliwice\"]},{\"@type\":\"Person\",\"@id\":\"https:\\\/\\\/www.24gliwice.pl\\\/wiadomosci\\\/#\\\/schema\\\/person\\\/e42c650edd7f2fa332be3811fb166b6e\",\"name\":\"\u017baneta Mrozek-Siewierska\",\"image\":{\"@type\":\"ImageObject\",\"inLanguage\":\"pl-PL\",\"@id\":\"https:\\\/\\\/secure.gravatar.com\\\/avatar\\\/1881429e9c64597c77ad7aef2d0a19be69a3253e57534d16aa15bf3a4d34a0a3?s=96&d=mm&r=g\",\"url\":\"https:\\\/\\\/secure.gravatar.com\\\/avatar\\\/1881429e9c64597c77ad7aef2d0a19be69a3253e57534d16aa15bf3a4d34a0a3?s=96&d=mm&r=g\",\"contentUrl\":\"https:\\\/\\\/secure.gravatar.com\\\/avatar\\\/1881429e9c64597c77ad7aef2d0a19be69a3253e57534d16aa15bf3a4d34a0a3?s=96&d=mm&r=g\",\"caption\":\"\u017baneta Mrozek-Siewierska\"},\"url\":\"https:\\\/\\\/www.24gliwice.pl\\\/wiadomosci\\\/author\\\/zms\\\/\"}]}<\/script>\n<!-- \/ Yoast SEO plugin. -->","yoast_head_json":{"title":"Historia \u0141ab\u0119d zosta\u0142a zebrana w jednym miejscu. Powsta\u0142a monografia - 24GLIWICE - Portal Gliwice | codziennie nowe informacje","robots":{"index":"index","follow":"follow","max-snippet":"max-snippet:-1","max-image-preview":"max-image-preview:large","max-video-preview":"max-video-preview:-1"},"canonical":"https:\/\/www.24gliwice.pl\/wiadomosci\/historia-labed-zostala-zebrana-w-jednym-miejscu-powstala-monografia\/","og_locale":"pl_PL","og_type":"article","og_title":"Historia \u0141ab\u0119d zosta\u0142a zebrana w jednym miejscu. Powsta\u0142a monografia - 24GLIWICE - Portal Gliwice | codziennie nowe informacje","og_description":"\u201e\u0141ab\u0119dy. Dzieje miejscowo\u015bci i parafii\u201d to ciekawa lektura nie tylko dla mieszka\u0144c\u00f3w dzielnicy, ale i wszystkich gliwiczan zainteresowanych histori\u0105 miasta. Jedna z najstarszych cz\u0119\u015bci Gliwic doczeka\u0142a si\u0119 historycznego opracowania. Dawna wie\u015b rycerska, przemys\u0142owa miejscowo\u015b\u0107 na skrzy\u017cowaniu wa\u017cnych szlak\u00f3w komunikacyjnych, w ko\u0144cu dzielnica na obrze\u017cach Gliwic \u2013 dzieje \u0141ab\u0119d by\u0142y bardzo zagmatwane, a przez to ciekawe. [&hellip;]","og_url":"https:\/\/www.24gliwice.pl\/wiadomosci\/historia-labed-zostala-zebrana-w-jednym-miejscu-powstala-monografia\/","og_site_name":"24GLIWICE - Portal Gliwice | codziennie nowe informacje","article_publisher":"https:\/\/www.facebook.com\/24gliwice","article_published_time":"2017-12-04T02:01:49+00:00","og_image":[{"width":880,"height":495,"url":"https:\/\/www.24gliwice.pl\/wiadomosci\/wp-content\/uploads\/2017\/11\/dzieje-\u0142ab\u0119d.jpg","type":"image\/jpeg"}],"author":"\u017baneta Mrozek-Siewierska","twitter_card":"summary_large_image","twitter_creator":"@24gliwice","twitter_site":"@24gliwice","twitter_misc":{"Napisane przez":"\u017baneta Mrozek-Siewierska","Szacowany czas czytania":"1 minuta"},"schema":{"@context":"https:\/\/schema.org","@graph":[{"@type":"Article","@id":"https:\/\/www.24gliwice.pl\/wiadomosci\/historia-labed-zostala-zebrana-w-jednym-miejscu-powstala-monografia\/#article","isPartOf":{"@id":"https:\/\/www.24gliwice.pl\/wiadomosci\/historia-labed-zostala-zebrana-w-jednym-miejscu-powstala-monografia\/"},"author":{"name":"\u017baneta Mrozek-Siewierska","@id":"https:\/\/www.24gliwice.pl\/wiadomosci\/#\/schema\/person\/e42c650edd7f2fa332be3811fb166b6e"},"headline":"Historia \u0141ab\u0119d zosta\u0142a zebrana w jednym miejscu. Powsta\u0142a monografia","datePublished":"2017-12-04T02:01:49+00:00","mainEntityOfPage":{"@id":"https:\/\/www.24gliwice.pl\/wiadomosci\/historia-labed-zostala-zebrana-w-jednym-miejscu-powstala-monografia\/"},"wordCount":229,"commentCount":0,"publisher":{"@id":"https:\/\/www.24gliwice.pl\/wiadomosci\/#organization"},"image":{"@id":"https:\/\/www.24gliwice.pl\/wiadomosci\/historia-labed-zostala-zebrana-w-jednym-miejscu-powstala-monografia\/#primaryimage"},"thumbnailUrl":"https:\/\/www.24gliwice.pl\/wiadomosci\/wp-content\/uploads\/2017\/11\/dzieje-\u0142ab\u0119d.jpg","keywords":["\u0141AB\u0118DY"],"articleSection":["Gliwice","Najnowsze wiadomo\u015bci"],"inLanguage":"pl-PL","potentialAction":[{"@type":"CommentAction","name":"Comment","target":["https:\/\/www.24gliwice.pl\/wiadomosci\/historia-labed-zostala-zebrana-w-jednym-miejscu-powstala-monografia\/#respond"]}]},{"@type":"WebPage","@id":"https:\/\/www.24gliwice.pl\/wiadomosci\/historia-labed-zostala-zebrana-w-jednym-miejscu-powstala-monografia\/","url":"https:\/\/www.24gliwice.pl\/wiadomosci\/historia-labed-zostala-zebrana-w-jednym-miejscu-powstala-monografia\/","name":"Historia \u0141ab\u0119d zosta\u0142a zebrana w jednym miejscu. Powsta\u0142a monografia - 24GLIWICE - Portal Gliwice | codziennie nowe informacje","isPartOf":{"@id":"https:\/\/www.24gliwice.pl\/wiadomosci\/#website"},"primaryImageOfPage":{"@id":"https:\/\/www.24gliwice.pl\/wiadomosci\/historia-labed-zostala-zebrana-w-jednym-miejscu-powstala-monografia\/#primaryimage"},"image":{"@id":"https:\/\/www.24gliwice.pl\/wiadomosci\/historia-labed-zostala-zebrana-w-jednym-miejscu-powstala-monografia\/#primaryimage"},"thumbnailUrl":"https:\/\/www.24gliwice.pl\/wiadomosci\/wp-content\/uploads\/2017\/11\/dzieje-\u0142ab\u0119d.jpg","datePublished":"2017-12-04T02:01:49+00:00","breadcrumb":{"@id":"https:\/\/www.24gliwice.pl\/wiadomosci\/historia-labed-zostala-zebrana-w-jednym-miejscu-powstala-monografia\/#breadcrumb"},"inLanguage":"pl-PL","potentialAction":[{"@type":"ReadAction","target":["https:\/\/www.24gliwice.pl\/wiadomosci\/historia-labed-zostala-zebrana-w-jednym-miejscu-powstala-monografia\/"]}]},{"@type":"ImageObject","inLanguage":"pl-PL","@id":"https:\/\/www.24gliwice.pl\/wiadomosci\/historia-labed-zostala-zebrana-w-jednym-miejscu-powstala-monografia\/#primaryimage","url":"https:\/\/www.24gliwice.pl\/wiadomosci\/wp-content\/uploads\/2017\/11\/dzieje-\u0142ab\u0119d.jpg","contentUrl":"https:\/\/www.24gliwice.pl\/wiadomosci\/wp-content\/uploads\/2017\/11\/dzieje-\u0142ab\u0119d.jpg","width":880,"height":495},{"@type":"BreadcrumbList","@id":"https:\/\/www.24gliwice.pl\/wiadomosci\/historia-labed-zostala-zebrana-w-jednym-miejscu-powstala-monografia\/#breadcrumb","itemListElement":[{"@type":"ListItem","position":1,"name":"Strona g\u0142\u00f3wna","item":"https:\/\/www.24gliwice.pl\/wiadomosci\/"},{"@type":"ListItem","position":2,"name":"Historia \u0141ab\u0119d zosta\u0142a zebrana w jednym miejscu. Powsta\u0142a monografia"}]},{"@type":"WebSite","@id":"https:\/\/www.24gliwice.pl\/wiadomosci\/#website","url":"https:\/\/www.24gliwice.pl\/wiadomosci\/","name":"24GLIWICE - Portal Gliwice | codziennie nowe wiadomo\u015bci","description":"Portal Miejski Gliwice","publisher":{"@id":"https:\/\/www.24gliwice.pl\/wiadomosci\/#organization"},"potentialAction":[{"@type":"SearchAction","target":{"@type":"EntryPoint","urlTemplate":"https:\/\/www.24gliwice.pl\/wiadomosci\/?s={search_term_string}"},"query-input":{"@type":"PropertyValueSpecification","valueRequired":true,"valueName":"search_term_string"}}],"inLanguage":"pl-PL"},{"@type":"Organization","@id":"https:\/\/www.24gliwice.pl\/wiadomosci\/#organization","name":"24gliwice","url":"https:\/\/www.24gliwice.pl\/wiadomosci\/","logo":{"@type":"ImageObject","inLanguage":"pl-PL","@id":"https:\/\/www.24gliwice.pl\/wiadomosci\/#\/schema\/logo\/image\/","url":"https:\/\/www.24gliwice.pl\/wiadomosci\/wp-content\/uploads\/2024\/10\/24gliwice-logo-696.jpg","contentUrl":"https:\/\/www.24gliwice.pl\/wiadomosci\/wp-content\/uploads\/2024\/10\/24gliwice-logo-696.jpg","width":696,"height":696,"caption":"24gliwice"},"image":{"@id":"https:\/\/www.24gliwice.pl\/wiadomosci\/#\/schema\/logo\/image\/"},"sameAs":["https:\/\/www.facebook.com\/24gliwice","https:\/\/x.com\/24gliwice","https:\/\/www.youtube.com\/@24gliwice"]},{"@type":"Person","@id":"https:\/\/www.24gliwice.pl\/wiadomosci\/#\/schema\/person\/e42c650edd7f2fa332be3811fb166b6e","name":"\u017baneta Mrozek-Siewierska","image":{"@type":"ImageObject","inLanguage":"pl-PL","@id":"https:\/\/secure.gravatar.com\/avatar\/1881429e9c64597c77ad7aef2d0a19be69a3253e57534d16aa15bf3a4d34a0a3?s=96&d=mm&r=g","url":"https:\/\/secure.gravatar.com\/avatar\/1881429e9c64597c77ad7aef2d0a19be69a3253e57534d16aa15bf3a4d34a0a3?s=96&d=mm&r=g","contentUrl":"https:\/\/secure.gravatar.com\/avatar\/1881429e9c64597c77ad7aef2d0a19be69a3253e57534d16aa15bf3a4d34a0a3?s=96&d=mm&r=g","caption":"\u017baneta Mrozek-Siewierska"},"url":"https:\/\/www.24gliwice.pl\/wiadomosci\/author\/zms\/"}]}},"_links":{"self":[{"href":"https:\/\/www.24gliwice.pl\/wiadomosci\/wp-json\/wp\/v2\/posts\/108091","targetHints":{"allow":["GET"]}}],"collection":[{"href":"https:\/\/www.24gliwice.pl\/wiadomosci\/wp-json\/wp\/v2\/posts"}],"about":[{"href":"https:\/\/www.24gliwice.pl\/wiadomosci\/wp-json\/wp\/v2\/types\/post"}],"author":[{"embeddable":true,"href":"https:\/\/www.24gliwice.pl\/wiadomosci\/wp-json\/wp\/v2\/users\/15"}],"replies":[{"embeddable":true,"href":"https:\/\/www.24gliwice.pl\/wiadomosci\/wp-json\/wp\/v2\/comments?post=108091"}],"version-history":[{"count":0,"href":"https:\/\/www.24gliwice.pl\/wiadomosci\/wp-json\/wp\/v2\/posts\/108091\/revisions"}],"wp:featuredmedia":[{"embeddable":true,"href":"https:\/\/www.24gliwice.pl\/wiadomosci\/wp-json\/wp\/v2\/media\/108094"}],"wp:attachment":[{"href":"https:\/\/www.24gliwice.pl\/wiadomosci\/wp-json\/wp\/v2\/media?parent=108091"}],"wp:term":[{"taxonomy":"category","embeddable":true,"href":"https:\/\/www.24gliwice.pl\/wiadomosci\/wp-json\/wp\/v2\/categories?post=108091"},{"taxonomy":"post_tag","embeddable":true,"href":"https:\/\/www.24gliwice.pl\/wiadomosci\/wp-json\/wp\/v2\/tags?post=108091"}],"curies":[{"name":"wp","href":"https:\/\/api.w.org\/{rel}","templated":true}]}}