{"id":108107,"date":"2017-11-22T20:36:01","date_gmt":"2017-11-22T19:36:01","guid":{"rendered":"http:\/\/www.24gliwice.pl\/wiadomosci\/?p=108107"},"modified":"2017-11-22T20:36:01","modified_gmt":"2017-11-22T19:36:01","slug":"adepci-slaskiego-rzemiosla-50-mlodych-osob-bez-pracy-moze-wziac-udzial-w-specjalnym-projekcie","status":"publish","type":"post","link":"https:\/\/www.24gliwice.pl\/wiadomosci\/adepci-slaskiego-rzemiosla-50-mlodych-osob-bez-pracy-moze-wziac-udzial-w-specjalnym-projekcie\/","title":{"rendered":"Adepci \u015al\u0105skiego Rzemios\u0142a. 50 m\u0142odych os\u00f3b bez pracy mo\u017ce wzi\u0105\u0107 udzia\u0142 w specjalnym projekcie"},"content":{"rendered":"<div class=\"gliwi-a6-nad-leadem-artykulow gliwi-entity-placement\" id=\"gliwi-738118392\"><div class=\"gliwi-adlabel\"><span style=\"font-size: 9px\">REKLAMA<\/span><\/div><div id=\"gliwi-2009084956\" style=\"margin-bottom: 30px;margin-left: auto;margin-right: auto;text-align: center;\"><a data-no-instant=\"1\" href=\"https:\/\/przedszkole.halogen.org.pl\/\" rel=\"noopener\" class=\"a2t-link\" target=\"_blank\" aria-label=\"20260402-ANIMATOR-przedszkole_grafika_750x200\"><img loading=\"lazy\" decoding=\"async\" src=\"https:\/\/www.24gliwice.pl\/wiadomosci\/wp-content\/uploads\/2026\/04\/20260402-ANIMATOR-przedszkole_grafika_750x200.webp\" alt=\"\"  srcset=\"https:\/\/www.24gliwice.pl\/wiadomosci\/wp-content\/uploads\/2026\/04\/20260402-ANIMATOR-przedszkole_grafika_750x200.webp 750w, https:\/\/www.24gliwice.pl\/wiadomosci\/wp-content\/uploads\/2026\/04\/20260402-ANIMATOR-przedszkole_grafika_750x200-410x109.webp 410w\" sizes=\"(max-width: 750px) 100vw, 750px\" class=\"no-lazyload\" width=\"750\" height=\"200\"  style=\"display: inline-block; max-width: 100%; height: auto;\" \/><\/a><\/div><\/div><h3>W Gliwicach organizowany jest szczeg\u00f3lny projekt maj\u0105cy na celu popularyzacj\u0119 zawod\u00f3w rzemie\u015blniczych i tym samym zwi\u0119kszanie zatrudnienia w\u015br\u00f3d os\u00f3b bezrobotnych. Mowa tu o programie \u201eAdepci \u015al\u0105skiego Rzemios\u0142a\u201d.<\/h3>\n<p> Jakie s\u0105 jego wytyczne? Kto mo\u017ce wzi\u0105\u0107 w nim udzia\u0142?<\/p>\n<h4>O projekcie \u201eAdepci \u015al\u0105skiego Rzemios\u0142a\u201d<\/h4>\n<p style=\"text-align: justify;\">Izba Rzemie\u015blnicza oraz Ma\u0142ej i \u015aredniej Przedsi\u0119biorczo\u015bci w Katowicach informuje na stronach Powiatowego Urz\u0119du Pracy w Gliwicach (<a href=\"https:\/\/www.gowork.pl\/praca\/gliwice;l\">https:\/\/www.gowork.pl\/praca\/gliwice;l<\/a>) o realizacji projektu <strong>\u201eAdepci \u015al\u0105skiego Rzemios\u0142a\u201d<\/strong>. Program posiada dofinansowanie z Funduszy Europejskich.<\/p><div class=\"gliwi-a3-w-tresci-artykulow gliwi-entity-placement\" id=\"gliwi-1046598572\"><div class=\"gliwi-adlabel\"><span style=\"font-size: 9px\">REKLAMA<\/span><\/div><div id=\"gliwi-3597602357\" style=\"margin-bottom: 30px;margin-left: auto;margin-right: auto;text-align: center;\"><a data-no-instant=\"1\" href=\"https:\/\/ogrodyandersa.pl\/\" rel=\"noopener\" class=\"a2t-link\" target=\"_blank\" aria-label=\"20260415 Ogrody Andersa KUP TERAZ D\"><img loading=\"lazy\" decoding=\"async\" src=\"https:\/\/www.24gliwice.pl\/wiadomosci\/wp-content\/uploads\/2026\/04\/20260415-Ogrody-Andersa-KUP-TERAZ-D.jpg\" alt=\"\"  srcset=\"https:\/\/www.24gliwice.pl\/wiadomosci\/wp-content\/uploads\/2026\/04\/20260415-Ogrody-Andersa-KUP-TERAZ-D.jpg 750w, https:\/\/www.24gliwice.pl\/wiadomosci\/wp-content\/uploads\/2026\/04\/20260415-Ogrody-Andersa-KUP-TERAZ-D-410x109.jpg 410w\" sizes=\"(max-width: 750px) 100vw, 750px\" class=\"no-lazyload\" width=\"750\" height=\"200\"  style=\"display: inline-block; max-width: 100%; height: auto;\" \/><\/a><\/div><\/div>\n<p style=\"text-align: justify;\">Ma on na celu zwi\u0119kszenie mo\u017cliwo\u015bci zatrudnienia 50 m\u0142odych os\u00f3b do 29 roku \u017cycia. W projekcie docelowo ma wzi\u0105\u0107 udzia\u0142 18 kobiet i 32 m\u0119\u017cczyzn pochodz\u0105cych z wojew\u00f3dztwa \u015bl\u0105skiego. Osoby te powinny pozostawa\u0107 bez pracy, w szczeg\u00f3lno\u015bci nie mog\u0105 uczestniczy\u0107 w kszta\u0142ceniu i szkoleniu. Dzi\u0119ki udzia\u0142owi w projekcie b\u0119d\u0105 mog\u0142y skorzysta\u0107 z indywidualnej i kompleksowej aktywizacji zawodowo-edukacyjnej prowadz\u0105cej do zdobycia tytu\u0142u czeladnika w zawodach rzemie\u015blniczych. Do profesji tych mo\u017cna zaliczy\u0107 mi\u0119dzy innymi:<\/p>\n<ul>\n<li>\n<p style=\"text-align: justify;\">betoniarzy,<\/p>\n<\/li>\n<li>\n<p style=\"text-align: justify;\">blacharzy,<\/p>\n<\/li>\n<li>\n<p style=\"text-align: justify;\">brukarzy,<\/p>\n<\/li>\n<li>\n<p style=\"text-align: justify;\">cie\u015bli,<\/p>\n<\/li>\n<li>\n<p style=\"text-align: justify;\">cukiernik\u00f3w,<\/p>\n<\/li>\n<li>\n<p style=\"text-align: justify;\">elektromechanik\u00f3w,<\/p>\n<\/li>\n<li>\n<p style=\"text-align: justify;\">fotograf\u00f3w,<\/p>\n<\/li>\n<li>\n<p style=\"text-align: justify;\">fryzjer\u00f3w,<\/p>\n<\/li>\n<li>\n<p style=\"text-align: justify;\">glazurnik\u00f3w,<\/p>\n<\/li>\n<li>\n<p style=\"text-align: justify;\">krawc\u00f3w,<\/p>\n<\/li>\n<li>\n<p style=\"text-align: justify;\">lakiernik\u00f3w,<\/p>\n<\/li>\n<li>\n<p style=\"text-align: justify;\">mechanik\u00f3w samochodowych i motocyklowych,<\/p>\n<\/li>\n<li>\n<p style=\"text-align: justify;\">murarzy,<\/p>\n<\/li>\n<li>\n<p style=\"text-align: justify;\">obuwnik\u00f3w,<\/p>\n<\/li>\n<li>\n<p style=\"text-align: justify;\">piekarzy,<\/p>\n<\/li>\n<li>\n<p style=\"text-align: justify;\">stolarzy,<\/p>\n<\/li>\n<li>\n<p style=\"text-align: justify;\">zegarmistrz\u00f3w,<\/p>\n<\/li>\n<li>\n<p style=\"text-align: justify;\">z\u0142otnik\u00f3w-jubiler\u00f3w itd.<\/p>\n<\/li>\n<\/ul>\n<h4>Dla kogo projekt?<\/h4>\n<p style=\"text-align: justify;\">Inicjatywa \u201eAdepci \u015al\u0105skiego Rzemios\u0142a\u201d kierowana jest do os\u00f3b m\u0142odych, w tym r\u00f3wnie\u017c niepe\u0142nosprawnych, kt\u00f3re:<\/p>\n<ul>\n<li>\n<p style=\"text-align: justify;\">maj\u0105 od 15 do 29 lat,<\/p>\n<\/li>\n<li>\n<p style=\"text-align: justify;\">nie uczestnicz\u0105 w kszta\u0142ceniu i szkoleniu &#8211; tzw. m\u0142odzie\u017c NEET,<\/p>\n<\/li>\n<li>\n<p style=\"text-align: justify;\">nie pracuj\u0105,<\/p>\n<\/li>\n<li>\n<p style=\"text-align: justify;\">nie kszta\u0142c\u0105 si\u0119 formalnie w trybie stacjonarnym,<\/p>\n<\/li>\n<li>\n<p style=\"text-align: justify;\">nie szkol\u0105 si\u0119.<\/p>\n<\/li>\n<\/ul>\n<h4>Przebieg projektu<\/h4>\n<p style=\"text-align: justify;\">Projekt zostanie zrealizowany po wy\u0142onieniu i zakwalifikowaniu wszystkich uczestnik\u00f3w. Wsparciem dla nich b\u0119dzie doradztwo zawodowe, po\u015brednictwo pracy, mo\u017cliwo\u015b\u0107 wzi\u0119cia udzia\u0142u w warsztatach z autoprezentacji i aktywnych metod poszukiwania pracy. Wezm\u0105 udzia\u0142 w nauce zawodu u wybranych pracodawc\u00f3w w liczbie 1008 godzin. Otrzymaj\u0105 stypendium szkoleniowe, a po zako\u0144czonym projekcie przyst\u0105pi\u0105 do egzaminu czeladniczego, kt\u00f3ry potwierdzi nabyte przez nich kwalifikacje zawodowe.<\/p>\n<p style=\"text-align: justify;\">W ramach projektu zostanie dokonana identyfikacja potrzeb os\u00f3b m\u0142odych, diagnoza mo\u017cliwo\u015bci doskonalenia zawodowego i po\u015brednictwo pracy w zakresie wyboru zawodu czeladniczego, zgodnego z kwalifikacjami i kompetencjami wspieranej osoby.<\/p>\n<p style=\"text-align: justify;\">Po uko\u0144czeniu sze\u015bciomiesi\u0119cznego programu nauki wybranego, dopasowanego dla ka\u017cdego uczestnika zawodu uczestnik zdob\u0119dzie tytu\u0142 czeladnika, uwierzytelniony przez Zwi\u0105zek Rzemios\u0142a Polskiego.<\/p>\n<div class=\"gliwi-a5-na-koncu-artykulow gliwi-entity-placement\" id=\"gliwi-812564967\"><div class=\"gliwi-adlabel\"><span style=\"font-size: 9px\">REKLAMA<\/span><\/div><div id=\"gliwi-340843410\" style=\"margin-left: auto;margin-right: auto;text-align: center;\"><a data-no-instant=\"1\" href=\"https:\/\/prezeroarenagliwice.pl\/\" rel=\"noopener\" class=\"a2t-link\" target=\"_blank\" aria-label=\"20260309-PREZERO-WIOSNA-D\"><img loading=\"lazy\" decoding=\"async\" src=\"https:\/\/www.24gliwice.pl\/wiadomosci\/wp-content\/uploads\/2026\/03\/20260309-PREZERO-WIOSNA-D.webp\" alt=\"\"  srcset=\"https:\/\/www.24gliwice.pl\/wiadomosci\/wp-content\/uploads\/2026\/03\/20260309-PREZERO-WIOSNA-D.webp 750w, https:\/\/www.24gliwice.pl\/wiadomosci\/wp-content\/uploads\/2026\/03\/20260309-PREZERO-WIOSNA-D-410x109.webp 410w\" sizes=\"(max-width: 750px) 100vw, 750px\" class=\"no-lazyload\" width=\"750\" height=\"200\"  style=\"display: inline-block; max-width: 100%; height: auto;\" \/><\/a><\/div><\/div>","protected":false},"excerpt":{"rendered":"<p>W Gliwicach organizowany jest szczeg\u00f3lny projekt maj\u0105cy na celu popularyzacj\u0119 zawod\u00f3w rzemie\u015blniczych i tym samym zwi\u0119kszanie zatrudnienia w\u015br\u00f3d os\u00f3b bezrobotnych. Mowa tu o programie \u201eAdepci \u015al\u0105skiego Rzemios\u0142a\u201d. Jakie s\u0105 jego wytyczne? Kto mo\u017ce wzi\u0105\u0107 w nim udzia\u0142? O projekcie \u201eAdepci \u015al\u0105skiego Rzemios\u0142a\u201d Izba Rzemie\u015blnicza oraz Ma\u0142ej i \u015aredniej Przedsi\u0119biorczo\u015bci w Katowicach informuje na stronach Powiatowego [&hellip;]<\/p>\n","protected":false},"author":4,"featured_media":108108,"comment_status":"closed","ping_status":"closed","sticky":false,"template":"","format":"standard","meta":{"_monsterinsights_skip_tracking":false,"_monsterinsights_sitenote_active":false,"_monsterinsights_sitenote_note":"","_monsterinsights_sitenote_category":0,"footnotes":"","_links_to":"","_links_to_target":""},"categories":[1,1129],"tags":[7648,10744],"class_list":["post-108107","post","type-post","status-publish","format-standard","has-post-thumbnail","hentry","category-wszystko","category-polecamy","tag-praca","tag-szkolenia"],"yoast_head":"<!-- This site is optimized with the Yoast SEO plugin v27.5 - https:\/\/yoast.com\/product\/yoast-seo-wordpress\/ -->\n<title>Adepci \u015al\u0105skiego Rzemios\u0142a. 50 m\u0142odych os\u00f3b bez pracy mo\u017ce wzi\u0105\u0107 udzia\u0142 w specjalnym projekcie - 24GLIWICE - Portal Gliwice | codziennie nowe informacje<\/title>\n<meta name=\"robots\" content=\"index, follow, max-snippet:-1, max-image-preview:large, max-video-preview:-1\" \/>\n<link rel=\"canonical\" href=\"https:\/\/www.24gliwice.pl\/wiadomosci\/adepci-slaskiego-rzemiosla-50-mlodych-osob-bez-pracy-moze-wziac-udzial-w-specjalnym-projekcie\/\" \/>\n<meta property=\"og:locale\" content=\"pl_PL\" \/>\n<meta property=\"og:type\" content=\"article\" \/>\n<meta property=\"og:title\" content=\"Adepci \u015al\u0105skiego Rzemios\u0142a. 50 m\u0142odych os\u00f3b bez pracy mo\u017ce wzi\u0105\u0107 udzia\u0142 w specjalnym projekcie - 24GLIWICE - Portal Gliwice | codziennie nowe informacje\" \/>\n<meta property=\"og:description\" content=\"W Gliwicach organizowany jest szczeg\u00f3lny projekt maj\u0105cy na celu popularyzacj\u0119 zawod\u00f3w rzemie\u015blniczych i tym samym zwi\u0119kszanie zatrudnienia w\u015br\u00f3d os\u00f3b bezrobotnych. Mowa tu o programie \u201eAdepci \u015al\u0105skiego Rzemios\u0142a\u201d. Jakie s\u0105 jego wytyczne? Kto mo\u017ce wzi\u0105\u0107 w nim udzia\u0142? O projekcie \u201eAdepci \u015al\u0105skiego Rzemios\u0142a\u201d Izba Rzemie\u015blnicza oraz Ma\u0142ej i \u015aredniej Przedsi\u0119biorczo\u015bci w Katowicach informuje na stronach Powiatowego [&hellip;]\" \/>\n<meta property=\"og:url\" content=\"https:\/\/www.24gliwice.pl\/wiadomosci\/adepci-slaskiego-rzemiosla-50-mlodych-osob-bez-pracy-moze-wziac-udzial-w-specjalnym-projekcie\/\" \/>\n<meta property=\"og:site_name\" content=\"24GLIWICE - Portal Gliwice | codziennie nowe informacje\" \/>\n<meta property=\"article:publisher\" content=\"https:\/\/www.facebook.com\/24gliwice\" \/>\n<meta property=\"article:author\" content=\"https:\/\/www.facebook.com\/marcin.fabrykowski\" \/>\n<meta property=\"article:published_time\" content=\"2017-11-22T19:36:01+00:00\" \/>\n<meta property=\"og:image\" content=\"https:\/\/www.24gliwice.pl\/wiadomosci\/wp-content\/uploads\/2017\/11\/Screenshot_58.jpg\" \/>\n\t<meta property=\"og:image:width\" content=\"946\" \/>\n\t<meta property=\"og:image:height\" content=\"519\" \/>\n\t<meta property=\"og:image:type\" content=\"image\/jpeg\" \/>\n<meta name=\"author\" content=\"Marcin Fabrykowski\" \/>\n<meta name=\"twitter:card\" content=\"summary_large_image\" \/>\n<meta name=\"twitter:creator\" content=\"@24gliwice\" \/>\n<meta name=\"twitter:site\" content=\"@24gliwice\" \/>\n<meta name=\"twitter:label1\" content=\"Napisane przez\" \/>\n\t<meta name=\"twitter:data1\" content=\"Marcin Fabrykowski\" \/>\n\t<meta name=\"twitter:label2\" content=\"Szacowany czas czytania\" \/>\n\t<meta name=\"twitter:data2\" content=\"2 minuty\" \/>\n<script type=\"application\/ld+json\" class=\"yoast-schema-graph\">{\"@context\":\"https:\\\/\\\/schema.org\",\"@graph\":[{\"@type\":\"Article\",\"@id\":\"https:\\\/\\\/www.24gliwice.pl\\\/wiadomosci\\\/adepci-slaskiego-rzemiosla-50-mlodych-osob-bez-pracy-moze-wziac-udzial-w-specjalnym-projekcie\\\/#article\",\"isPartOf\":{\"@id\":\"https:\\\/\\\/www.24gliwice.pl\\\/wiadomosci\\\/adepci-slaskiego-rzemiosla-50-mlodych-osob-bez-pracy-moze-wziac-udzial-w-specjalnym-projekcie\\\/\"},\"author\":{\"name\":\"Marcin Fabrykowski\",\"@id\":\"https:\\\/\\\/www.24gliwice.pl\\\/wiadomosci\\\/#\\\/schema\\\/person\\\/cb5857e4a4d048c15984c1edcc8ef0c0\"},\"headline\":\"Adepci \u015al\u0105skiego Rzemios\u0142a. 50 m\u0142odych os\u00f3b bez pracy mo\u017ce wzi\u0105\u0107 udzia\u0142 w specjalnym projekcie\",\"datePublished\":\"2017-11-22T19:36:01+00:00\",\"mainEntityOfPage\":{\"@id\":\"https:\\\/\\\/www.24gliwice.pl\\\/wiadomosci\\\/adepci-slaskiego-rzemiosla-50-mlodych-osob-bez-pracy-moze-wziac-udzial-w-specjalnym-projekcie\\\/\"},\"wordCount\":425,\"publisher\":{\"@id\":\"https:\\\/\\\/www.24gliwice.pl\\\/wiadomosci\\\/#organization\"},\"image\":{\"@id\":\"https:\\\/\\\/www.24gliwice.pl\\\/wiadomosci\\\/adepci-slaskiego-rzemiosla-50-mlodych-osob-bez-pracy-moze-wziac-udzial-w-specjalnym-projekcie\\\/#primaryimage\"},\"thumbnailUrl\":\"https:\\\/\\\/www.24gliwice.pl\\\/wiadomosci\\\/wp-content\\\/uploads\\\/2017\\\/11\\\/Screenshot_58.jpg\",\"keywords\":[\"PRACA\",\"szkolenia\"],\"articleSection\":[\"Najnowsze wiadomo\u015bci\",\"Polecamy\"],\"inLanguage\":\"pl-PL\"},{\"@type\":\"WebPage\",\"@id\":\"https:\\\/\\\/www.24gliwice.pl\\\/wiadomosci\\\/adepci-slaskiego-rzemiosla-50-mlodych-osob-bez-pracy-moze-wziac-udzial-w-specjalnym-projekcie\\\/\",\"url\":\"https:\\\/\\\/www.24gliwice.pl\\\/wiadomosci\\\/adepci-slaskiego-rzemiosla-50-mlodych-osob-bez-pracy-moze-wziac-udzial-w-specjalnym-projekcie\\\/\",\"name\":\"Adepci \u015al\u0105skiego Rzemios\u0142a. 50 m\u0142odych os\u00f3b bez pracy mo\u017ce wzi\u0105\u0107 udzia\u0142 w specjalnym projekcie - 24GLIWICE - Portal Gliwice | codziennie nowe informacje\",\"isPartOf\":{\"@id\":\"https:\\\/\\\/www.24gliwice.pl\\\/wiadomosci\\\/#website\"},\"primaryImageOfPage\":{\"@id\":\"https:\\\/\\\/www.24gliwice.pl\\\/wiadomosci\\\/adepci-slaskiego-rzemiosla-50-mlodych-osob-bez-pracy-moze-wziac-udzial-w-specjalnym-projekcie\\\/#primaryimage\"},\"image\":{\"@id\":\"https:\\\/\\\/www.24gliwice.pl\\\/wiadomosci\\\/adepci-slaskiego-rzemiosla-50-mlodych-osob-bez-pracy-moze-wziac-udzial-w-specjalnym-projekcie\\\/#primaryimage\"},\"thumbnailUrl\":\"https:\\\/\\\/www.24gliwice.pl\\\/wiadomosci\\\/wp-content\\\/uploads\\\/2017\\\/11\\\/Screenshot_58.jpg\",\"datePublished\":\"2017-11-22T19:36:01+00:00\",\"breadcrumb\":{\"@id\":\"https:\\\/\\\/www.24gliwice.pl\\\/wiadomosci\\\/adepci-slaskiego-rzemiosla-50-mlodych-osob-bez-pracy-moze-wziac-udzial-w-specjalnym-projekcie\\\/#breadcrumb\"},\"inLanguage\":\"pl-PL\",\"potentialAction\":[{\"@type\":\"ReadAction\",\"target\":[\"https:\\\/\\\/www.24gliwice.pl\\\/wiadomosci\\\/adepci-slaskiego-rzemiosla-50-mlodych-osob-bez-pracy-moze-wziac-udzial-w-specjalnym-projekcie\\\/\"]}]},{\"@type\":\"ImageObject\",\"inLanguage\":\"pl-PL\",\"@id\":\"https:\\\/\\\/www.24gliwice.pl\\\/wiadomosci\\\/adepci-slaskiego-rzemiosla-50-mlodych-osob-bez-pracy-moze-wziac-udzial-w-specjalnym-projekcie\\\/#primaryimage\",\"url\":\"https:\\\/\\\/www.24gliwice.pl\\\/wiadomosci\\\/wp-content\\\/uploads\\\/2017\\\/11\\\/Screenshot_58.jpg\",\"contentUrl\":\"https:\\\/\\\/www.24gliwice.pl\\\/wiadomosci\\\/wp-content\\\/uploads\\\/2017\\\/11\\\/Screenshot_58.jpg\",\"width\":946,\"height\":519},{\"@type\":\"BreadcrumbList\",\"@id\":\"https:\\\/\\\/www.24gliwice.pl\\\/wiadomosci\\\/adepci-slaskiego-rzemiosla-50-mlodych-osob-bez-pracy-moze-wziac-udzial-w-specjalnym-projekcie\\\/#breadcrumb\",\"itemListElement\":[{\"@type\":\"ListItem\",\"position\":1,\"name\":\"Strona g\u0142\u00f3wna\",\"item\":\"https:\\\/\\\/www.24gliwice.pl\\\/wiadomosci\\\/\"},{\"@type\":\"ListItem\",\"position\":2,\"name\":\"Adepci \u015al\u0105skiego Rzemios\u0142a. 50 m\u0142odych os\u00f3b bez pracy mo\u017ce wzi\u0105\u0107 udzia\u0142 w specjalnym projekcie\"}]},{\"@type\":\"WebSite\",\"@id\":\"https:\\\/\\\/www.24gliwice.pl\\\/wiadomosci\\\/#website\",\"url\":\"https:\\\/\\\/www.24gliwice.pl\\\/wiadomosci\\\/\",\"name\":\"24GLIWICE - Portal Gliwice | codziennie nowe wiadomo\u015bci\",\"description\":\"Portal Miejski Gliwice\",\"publisher\":{\"@id\":\"https:\\\/\\\/www.24gliwice.pl\\\/wiadomosci\\\/#organization\"},\"potentialAction\":[{\"@type\":\"SearchAction\",\"target\":{\"@type\":\"EntryPoint\",\"urlTemplate\":\"https:\\\/\\\/www.24gliwice.pl\\\/wiadomosci\\\/?s={search_term_string}\"},\"query-input\":{\"@type\":\"PropertyValueSpecification\",\"valueRequired\":true,\"valueName\":\"search_term_string\"}}],\"inLanguage\":\"pl-PL\"},{\"@type\":\"Organization\",\"@id\":\"https:\\\/\\\/www.24gliwice.pl\\\/wiadomosci\\\/#organization\",\"name\":\"24gliwice\",\"url\":\"https:\\\/\\\/www.24gliwice.pl\\\/wiadomosci\\\/\",\"logo\":{\"@type\":\"ImageObject\",\"inLanguage\":\"pl-PL\",\"@id\":\"https:\\\/\\\/www.24gliwice.pl\\\/wiadomosci\\\/#\\\/schema\\\/logo\\\/image\\\/\",\"url\":\"https:\\\/\\\/www.24gliwice.pl\\\/wiadomosci\\\/wp-content\\\/uploads\\\/2024\\\/10\\\/24gliwice-logo-696.jpg\",\"contentUrl\":\"https:\\\/\\\/www.24gliwice.pl\\\/wiadomosci\\\/wp-content\\\/uploads\\\/2024\\\/10\\\/24gliwice-logo-696.jpg\",\"width\":696,\"height\":696,\"caption\":\"24gliwice\"},\"image\":{\"@id\":\"https:\\\/\\\/www.24gliwice.pl\\\/wiadomosci\\\/#\\\/schema\\\/logo\\\/image\\\/\"},\"sameAs\":[\"https:\\\/\\\/www.facebook.com\\\/24gliwice\",\"https:\\\/\\\/x.com\\\/24gliwice\",\"https:\\\/\\\/www.youtube.com\\\/@24gliwice\"]},{\"@type\":\"Person\",\"@id\":\"https:\\\/\\\/www.24gliwice.pl\\\/wiadomosci\\\/#\\\/schema\\\/person\\\/cb5857e4a4d048c15984c1edcc8ef0c0\",\"name\":\"Marcin Fabrykowski\",\"image\":{\"@type\":\"ImageObject\",\"inLanguage\":\"pl-PL\",\"@id\":\"https:\\\/\\\/www.24gliwice.pl\\\/wiadomosci\\\/wp-content\\\/uploads\\\/2025\\\/11\\\/zdjecie-moje-marcin-300-96x96.jpg\",\"url\":\"https:\\\/\\\/www.24gliwice.pl\\\/wiadomosci\\\/wp-content\\\/uploads\\\/2025\\\/11\\\/zdjecie-moje-marcin-300-96x96.jpg\",\"contentUrl\":\"https:\\\/\\\/www.24gliwice.pl\\\/wiadomosci\\\/wp-content\\\/uploads\\\/2025\\\/11\\\/zdjecie-moje-marcin-300-96x96.jpg\",\"caption\":\"Marcin Fabrykowski\"},\"sameAs\":[\"http:\\\/\\\/24gliwice.pl\",\"https:\\\/\\\/www.facebook.com\\\/marcin.fabrykowski\"],\"url\":\"https:\\\/\\\/www.24gliwice.pl\\\/wiadomosci\\\/author\\\/marcin-fabrykowski\\\/\"}]}<\/script>\n<!-- \/ Yoast SEO plugin. -->","yoast_head_json":{"title":"Adepci \u015al\u0105skiego Rzemios\u0142a. 50 m\u0142odych os\u00f3b bez pracy mo\u017ce wzi\u0105\u0107 udzia\u0142 w specjalnym projekcie - 24GLIWICE - Portal Gliwice | codziennie nowe informacje","robots":{"index":"index","follow":"follow","max-snippet":"max-snippet:-1","max-image-preview":"max-image-preview:large","max-video-preview":"max-video-preview:-1"},"canonical":"https:\/\/www.24gliwice.pl\/wiadomosci\/adepci-slaskiego-rzemiosla-50-mlodych-osob-bez-pracy-moze-wziac-udzial-w-specjalnym-projekcie\/","og_locale":"pl_PL","og_type":"article","og_title":"Adepci \u015al\u0105skiego Rzemios\u0142a. 50 m\u0142odych os\u00f3b bez pracy mo\u017ce wzi\u0105\u0107 udzia\u0142 w specjalnym projekcie - 24GLIWICE - Portal Gliwice | codziennie nowe informacje","og_description":"W Gliwicach organizowany jest szczeg\u00f3lny projekt maj\u0105cy na celu popularyzacj\u0119 zawod\u00f3w rzemie\u015blniczych i tym samym zwi\u0119kszanie zatrudnienia w\u015br\u00f3d os\u00f3b bezrobotnych. Mowa tu o programie \u201eAdepci \u015al\u0105skiego Rzemios\u0142a\u201d. Jakie s\u0105 jego wytyczne? Kto mo\u017ce wzi\u0105\u0107 w nim udzia\u0142? O projekcie \u201eAdepci \u015al\u0105skiego Rzemios\u0142a\u201d Izba Rzemie\u015blnicza oraz Ma\u0142ej i \u015aredniej Przedsi\u0119biorczo\u015bci w Katowicach informuje na stronach Powiatowego [&hellip;]","og_url":"https:\/\/www.24gliwice.pl\/wiadomosci\/adepci-slaskiego-rzemiosla-50-mlodych-osob-bez-pracy-moze-wziac-udzial-w-specjalnym-projekcie\/","og_site_name":"24GLIWICE - Portal Gliwice | codziennie nowe informacje","article_publisher":"https:\/\/www.facebook.com\/24gliwice","article_author":"https:\/\/www.facebook.com\/marcin.fabrykowski","article_published_time":"2017-11-22T19:36:01+00:00","og_image":[{"width":946,"height":519,"url":"https:\/\/www.24gliwice.pl\/wiadomosci\/wp-content\/uploads\/2017\/11\/Screenshot_58.jpg","type":"image\/jpeg"}],"author":"Marcin Fabrykowski","twitter_card":"summary_large_image","twitter_creator":"@24gliwice","twitter_site":"@24gliwice","twitter_misc":{"Napisane przez":"Marcin Fabrykowski","Szacowany czas czytania":"2 minuty"},"schema":{"@context":"https:\/\/schema.org","@graph":[{"@type":"Article","@id":"https:\/\/www.24gliwice.pl\/wiadomosci\/adepci-slaskiego-rzemiosla-50-mlodych-osob-bez-pracy-moze-wziac-udzial-w-specjalnym-projekcie\/#article","isPartOf":{"@id":"https:\/\/www.24gliwice.pl\/wiadomosci\/adepci-slaskiego-rzemiosla-50-mlodych-osob-bez-pracy-moze-wziac-udzial-w-specjalnym-projekcie\/"},"author":{"name":"Marcin Fabrykowski","@id":"https:\/\/www.24gliwice.pl\/wiadomosci\/#\/schema\/person\/cb5857e4a4d048c15984c1edcc8ef0c0"},"headline":"Adepci \u015al\u0105skiego Rzemios\u0142a. 50 m\u0142odych os\u00f3b bez pracy mo\u017ce wzi\u0105\u0107 udzia\u0142 w specjalnym projekcie","datePublished":"2017-11-22T19:36:01+00:00","mainEntityOfPage":{"@id":"https:\/\/www.24gliwice.pl\/wiadomosci\/adepci-slaskiego-rzemiosla-50-mlodych-osob-bez-pracy-moze-wziac-udzial-w-specjalnym-projekcie\/"},"wordCount":425,"publisher":{"@id":"https:\/\/www.24gliwice.pl\/wiadomosci\/#organization"},"image":{"@id":"https:\/\/www.24gliwice.pl\/wiadomosci\/adepci-slaskiego-rzemiosla-50-mlodych-osob-bez-pracy-moze-wziac-udzial-w-specjalnym-projekcie\/#primaryimage"},"thumbnailUrl":"https:\/\/www.24gliwice.pl\/wiadomosci\/wp-content\/uploads\/2017\/11\/Screenshot_58.jpg","keywords":["PRACA","szkolenia"],"articleSection":["Najnowsze wiadomo\u015bci","Polecamy"],"inLanguage":"pl-PL"},{"@type":"WebPage","@id":"https:\/\/www.24gliwice.pl\/wiadomosci\/adepci-slaskiego-rzemiosla-50-mlodych-osob-bez-pracy-moze-wziac-udzial-w-specjalnym-projekcie\/","url":"https:\/\/www.24gliwice.pl\/wiadomosci\/adepci-slaskiego-rzemiosla-50-mlodych-osob-bez-pracy-moze-wziac-udzial-w-specjalnym-projekcie\/","name":"Adepci \u015al\u0105skiego Rzemios\u0142a. 50 m\u0142odych os\u00f3b bez pracy mo\u017ce wzi\u0105\u0107 udzia\u0142 w specjalnym projekcie - 24GLIWICE - Portal Gliwice | codziennie nowe informacje","isPartOf":{"@id":"https:\/\/www.24gliwice.pl\/wiadomosci\/#website"},"primaryImageOfPage":{"@id":"https:\/\/www.24gliwice.pl\/wiadomosci\/adepci-slaskiego-rzemiosla-50-mlodych-osob-bez-pracy-moze-wziac-udzial-w-specjalnym-projekcie\/#primaryimage"},"image":{"@id":"https:\/\/www.24gliwice.pl\/wiadomosci\/adepci-slaskiego-rzemiosla-50-mlodych-osob-bez-pracy-moze-wziac-udzial-w-specjalnym-projekcie\/#primaryimage"},"thumbnailUrl":"https:\/\/www.24gliwice.pl\/wiadomosci\/wp-content\/uploads\/2017\/11\/Screenshot_58.jpg","datePublished":"2017-11-22T19:36:01+00:00","breadcrumb":{"@id":"https:\/\/www.24gliwice.pl\/wiadomosci\/adepci-slaskiego-rzemiosla-50-mlodych-osob-bez-pracy-moze-wziac-udzial-w-specjalnym-projekcie\/#breadcrumb"},"inLanguage":"pl-PL","potentialAction":[{"@type":"ReadAction","target":["https:\/\/www.24gliwice.pl\/wiadomosci\/adepci-slaskiego-rzemiosla-50-mlodych-osob-bez-pracy-moze-wziac-udzial-w-specjalnym-projekcie\/"]}]},{"@type":"ImageObject","inLanguage":"pl-PL","@id":"https:\/\/www.24gliwice.pl\/wiadomosci\/adepci-slaskiego-rzemiosla-50-mlodych-osob-bez-pracy-moze-wziac-udzial-w-specjalnym-projekcie\/#primaryimage","url":"https:\/\/www.24gliwice.pl\/wiadomosci\/wp-content\/uploads\/2017\/11\/Screenshot_58.jpg","contentUrl":"https:\/\/www.24gliwice.pl\/wiadomosci\/wp-content\/uploads\/2017\/11\/Screenshot_58.jpg","width":946,"height":519},{"@type":"BreadcrumbList","@id":"https:\/\/www.24gliwice.pl\/wiadomosci\/adepci-slaskiego-rzemiosla-50-mlodych-osob-bez-pracy-moze-wziac-udzial-w-specjalnym-projekcie\/#breadcrumb","itemListElement":[{"@type":"ListItem","position":1,"name":"Strona g\u0142\u00f3wna","item":"https:\/\/www.24gliwice.pl\/wiadomosci\/"},{"@type":"ListItem","position":2,"name":"Adepci \u015al\u0105skiego Rzemios\u0142a. 50 m\u0142odych os\u00f3b bez pracy mo\u017ce wzi\u0105\u0107 udzia\u0142 w specjalnym projekcie"}]},{"@type":"WebSite","@id":"https:\/\/www.24gliwice.pl\/wiadomosci\/#website","url":"https:\/\/www.24gliwice.pl\/wiadomosci\/","name":"24GLIWICE - Portal Gliwice | codziennie nowe wiadomo\u015bci","description":"Portal Miejski Gliwice","publisher":{"@id":"https:\/\/www.24gliwice.pl\/wiadomosci\/#organization"},"potentialAction":[{"@type":"SearchAction","target":{"@type":"EntryPoint","urlTemplate":"https:\/\/www.24gliwice.pl\/wiadomosci\/?s={search_term_string}"},"query-input":{"@type":"PropertyValueSpecification","valueRequired":true,"valueName":"search_term_string"}}],"inLanguage":"pl-PL"},{"@type":"Organization","@id":"https:\/\/www.24gliwice.pl\/wiadomosci\/#organization","name":"24gliwice","url":"https:\/\/www.24gliwice.pl\/wiadomosci\/","logo":{"@type":"ImageObject","inLanguage":"pl-PL","@id":"https:\/\/www.24gliwice.pl\/wiadomosci\/#\/schema\/logo\/image\/","url":"https:\/\/www.24gliwice.pl\/wiadomosci\/wp-content\/uploads\/2024\/10\/24gliwice-logo-696.jpg","contentUrl":"https:\/\/www.24gliwice.pl\/wiadomosci\/wp-content\/uploads\/2024\/10\/24gliwice-logo-696.jpg","width":696,"height":696,"caption":"24gliwice"},"image":{"@id":"https:\/\/www.24gliwice.pl\/wiadomosci\/#\/schema\/logo\/image\/"},"sameAs":["https:\/\/www.facebook.com\/24gliwice","https:\/\/x.com\/24gliwice","https:\/\/www.youtube.com\/@24gliwice"]},{"@type":"Person","@id":"https:\/\/www.24gliwice.pl\/wiadomosci\/#\/schema\/person\/cb5857e4a4d048c15984c1edcc8ef0c0","name":"Marcin Fabrykowski","image":{"@type":"ImageObject","inLanguage":"pl-PL","@id":"https:\/\/www.24gliwice.pl\/wiadomosci\/wp-content\/uploads\/2025\/11\/zdjecie-moje-marcin-300-96x96.jpg","url":"https:\/\/www.24gliwice.pl\/wiadomosci\/wp-content\/uploads\/2025\/11\/zdjecie-moje-marcin-300-96x96.jpg","contentUrl":"https:\/\/www.24gliwice.pl\/wiadomosci\/wp-content\/uploads\/2025\/11\/zdjecie-moje-marcin-300-96x96.jpg","caption":"Marcin Fabrykowski"},"sameAs":["http:\/\/24gliwice.pl","https:\/\/www.facebook.com\/marcin.fabrykowski"],"url":"https:\/\/www.24gliwice.pl\/wiadomosci\/author\/marcin-fabrykowski\/"}]}},"_links":{"self":[{"href":"https:\/\/www.24gliwice.pl\/wiadomosci\/wp-json\/wp\/v2\/posts\/108107","targetHints":{"allow":["GET"]}}],"collection":[{"href":"https:\/\/www.24gliwice.pl\/wiadomosci\/wp-json\/wp\/v2\/posts"}],"about":[{"href":"https:\/\/www.24gliwice.pl\/wiadomosci\/wp-json\/wp\/v2\/types\/post"}],"author":[{"embeddable":true,"href":"https:\/\/www.24gliwice.pl\/wiadomosci\/wp-json\/wp\/v2\/users\/4"}],"replies":[{"embeddable":true,"href":"https:\/\/www.24gliwice.pl\/wiadomosci\/wp-json\/wp\/v2\/comments?post=108107"}],"version-history":[{"count":0,"href":"https:\/\/www.24gliwice.pl\/wiadomosci\/wp-json\/wp\/v2\/posts\/108107\/revisions"}],"wp:featuredmedia":[{"embeddable":true,"href":"https:\/\/www.24gliwice.pl\/wiadomosci\/wp-json\/wp\/v2\/media\/108108"}],"wp:attachment":[{"href":"https:\/\/www.24gliwice.pl\/wiadomosci\/wp-json\/wp\/v2\/media?parent=108107"}],"wp:term":[{"taxonomy":"category","embeddable":true,"href":"https:\/\/www.24gliwice.pl\/wiadomosci\/wp-json\/wp\/v2\/categories?post=108107"},{"taxonomy":"post_tag","embeddable":true,"href":"https:\/\/www.24gliwice.pl\/wiadomosci\/wp-json\/wp\/v2\/tags?post=108107"}],"curies":[{"name":"wp","href":"https:\/\/api.w.org\/{rel}","templated":true}]}}