{"id":108232,"date":"2017-11-27T02:37:49","date_gmt":"2017-11-27T01:37:49","guid":{"rendered":"http:\/\/www.24gliwice.pl\/wiadomosci\/?p=108232"},"modified":"2017-11-27T02:37:49","modified_gmt":"2017-11-27T01:37:49","slug":"woda-w-gliwicach-do-najtanszych-nie-nalezy-znamy-jej-ceny-na-2018-rok","status":"publish","type":"post","link":"https:\/\/www.24gliwice.pl\/wiadomosci\/woda-w-gliwicach-do-najtanszych-nie-nalezy-znamy-jej-ceny-na-2018-rok\/","title":{"rendered":"Woda w Gliwicach do najta\u0144szych nie nale\u017cy. Znamy jej ceny na 2018 rok"},"content":{"rendered":"<div class=\"gliwi-a6-nad-leadem-artykulow gliwi-entity-placement\" id=\"gliwi-1977806315\"><div class=\"gliwi-adlabel\"><span style=\"font-size: 9px\">REKLAMA<\/span><\/div><div id=\"gliwi-3930248737\" style=\"margin-bottom: 25px;margin-left: auto;margin-right: auto;text-align: center;\"><a data-no-instant=\"1\" href=\"https:\/\/dom100.eu\/\" rel=\"noopener\" class=\"a2t-link\" target=\"_blank\" aria-label=\"20260415 DOM100 D\"><img loading=\"lazy\" decoding=\"async\" src=\"https:\/\/www.24gliwice.pl\/wiadomosci\/wp-content\/uploads\/2026\/04\/20260415-DOM100-D.jpg\" alt=\"\"  srcset=\"https:\/\/www.24gliwice.pl\/wiadomosci\/wp-content\/uploads\/2026\/04\/20260415-DOM100-D.jpg 750w, https:\/\/www.24gliwice.pl\/wiadomosci\/wp-content\/uploads\/2026\/04\/20260415-DOM100-D-410x109.jpg 410w\" sizes=\"(max-width: 750px) 100vw, 750px\" class=\"no-lazyload\" width=\"750\" height=\"200\"  style=\"display: inline-block; max-width: 100%; height: auto;\" \/><\/a><\/div><\/div><h3>O stosunkowo wysokich na tle kraju cenach wody w mie\u015bcie pisali\u015bmy w artykule z <a href=\"http:\/\/www.24gliwice.pl\/wiadomosci\/woda-i-scieki-w-gliwicach-sa-drogie-jak-w-warszawie-w-niedalekim-opolu-maja-ponad-2-zl-taniej\/\" rel=\"noopener\" target=\"_blank\">czerwca.<\/a> W Gliwicach jest dro\u017cej ni\u017c w Poznaniu, Wroc\u0142awiu czy Opolu.<\/h3>\n<p>S\u0105 jednak dobre wie\u015bci. W nadchodz\u0105cym roku kwoty rachunk\u00f3w za wod\u0119 i \u015bcieki przy tym samym zu\u017cyciu nie zmieni\u0105 si\u0119. <\/p>\n<p>Przedsi\u0119biorstwo Wodoci\u0105g\u00f3w i Kanalizacji informuje, \u017ce na podstawie art. 24 ust. 9a ustawy z dnia 7 czerwca 2001 r. o zbiorowym zaopatrzeniu w wod\u0119 i zbiorowym odprowadzaniu \u015bciek\u00f3w, przed\u0142u\u017ca si\u0119 czas obowi\u0105zywania dotychczasowych taryf za zbiorowe zaopatrzenie w wod\u0119 i zbiorowe odprowadzanie \u015bciek\u00f3w na terenie gminy Gliwice, Pyskowice, So\u015bnicowice i Rudziniec. W tych miejscowo\u015bciach radni podj\u0119li stosowne uchwa\u0142y.<\/p><div class=\"gliwi-a3-w-tresci-artykulow gliwi-entity-placement\" id=\"gliwi-1356967661\"><div class=\"gliwi-adlabel\"><span style=\"font-size: 9px\">REKLAMA<\/span><\/div><div id=\"gliwi-2092666254\" style=\"margin-bottom: 30px;margin-left: auto;margin-right: auto;text-align: center;\"><a data-no-instant=\"1\" href=\"https:\/\/ogrodyandersa.pl\/\" rel=\"noopener\" class=\"a2t-link\" target=\"_blank\" aria-label=\"20260415 Ogrody Andersa KUP TERAZ D\"><img loading=\"lazy\" decoding=\"async\" src=\"https:\/\/www.24gliwice.pl\/wiadomosci\/wp-content\/uploads\/2026\/04\/20260415-Ogrody-Andersa-KUP-TERAZ-D.jpg\" alt=\"\"  srcset=\"https:\/\/www.24gliwice.pl\/wiadomosci\/wp-content\/uploads\/2026\/04\/20260415-Ogrody-Andersa-KUP-TERAZ-D.jpg 750w, https:\/\/www.24gliwice.pl\/wiadomosci\/wp-content\/uploads\/2026\/04\/20260415-Ogrody-Andersa-KUP-TERAZ-D-410x109.jpg 410w\" sizes=\"(max-width: 750px) 100vw, 750px\" class=\"no-lazyload\" width=\"750\" height=\"200\"  style=\"display: inline-block; max-width: 100%; height: auto;\" \/><\/a><\/div><\/div>\n<p>O wysoko\u015bci stawek nie zdecydowa\u0142a jeszcze gmina Zbros\u0142awice, gdzie sesja zosta\u0142a zaplanowana pod koniec listopada. Stawki b\u0119d\u0105 obowi\u0105zywa\u0107 od 1 stycznia 2018 r. do dnia 31 grudnia 2018 r. <\/p>\n<p>Poni\u017cej obowi\u0105zuj\u0105ce ceny. <\/p>\n<p><strong>Cena za 1 m3 dostarczanej wody:<\/strong><br \/>\n1. Gospodarstwa domowe &#8211; 4,46 (cena netto) \/ 4,82 (cena brutto)<br \/>\n2. Przemys\u0142 i pozstali odbiorcy &#8211; 4,61 (cena netto) \/ 4,98 (cena brutto) <\/p>\n<p><strong>Cena za 1 m3 odprowadzonych \u015bciek\u00f3w: <\/strong><br \/>\n1. Wszyscy odbiorcy us\u0142ug &#8211; 6,27 (cena netto) \/ 6,77 (cena brutto)<\/p>\n<p>\u0141\u0105cznie gliwiczanie za dostaw\u0119 wody i odprowadzanie \u015bciek\u00f3w p\u0142ac\u0105 11,59 z\u0142.<br \/>\n(\u017cms)\/pwik.gliwice.<\/p>\n<div class=\"gliwi-a5-na-koncu-artykulow gliwi-entity-placement\" id=\"gliwi-893636509\"><div class=\"gliwi-adlabel\"><span style=\"font-size: 9px\">REKLAMA<\/span><\/div><div id=\"gliwi-3569967425\" style=\"margin-left: auto;margin-right: auto;text-align: center;\"><a data-no-instant=\"1\" href=\"https:\/\/prezeroarenagliwice.pl\/\" rel=\"noopener\" class=\"a2t-link\" target=\"_blank\" aria-label=\"20260309-PREZERO-WIOSNA-D\"><img loading=\"lazy\" decoding=\"async\" src=\"https:\/\/www.24gliwice.pl\/wiadomosci\/wp-content\/uploads\/2026\/03\/20260309-PREZERO-WIOSNA-D.webp\" alt=\"\"  srcset=\"https:\/\/www.24gliwice.pl\/wiadomosci\/wp-content\/uploads\/2026\/03\/20260309-PREZERO-WIOSNA-D.webp 750w, https:\/\/www.24gliwice.pl\/wiadomosci\/wp-content\/uploads\/2026\/03\/20260309-PREZERO-WIOSNA-D-410x109.webp 410w\" sizes=\"(max-width: 750px) 100vw, 750px\" class=\"no-lazyload\" width=\"750\" height=\"200\"  style=\"display: inline-block; max-width: 100%; height: auto;\" \/><\/a><\/div><\/div>","protected":false},"excerpt":{"rendered":"<p>O stosunkowo wysokich na tle kraju cenach wody w mie\u015bcie pisali\u015bmy w artykule z czerwca. W Gliwicach jest dro\u017cej ni\u017c w Poznaniu, Wroc\u0142awiu czy Opolu. S\u0105 jednak dobre wie\u015bci. W nadchodz\u0105cym roku kwoty rachunk\u00f3w za wod\u0119 i \u015bcieki przy tym samym zu\u017cyciu nie zmieni\u0105 si\u0119. Przedsi\u0119biorstwo Wodoci\u0105g\u00f3w i Kanalizacji informuje, \u017ce na podstawie art. 24 [&hellip;]<\/p>\n","protected":false},"author":15,"featured_media":90534,"comment_status":"open","ping_status":"closed","sticky":false,"template":"","format":"standard","meta":{"_monsterinsights_skip_tracking":false,"_monsterinsights_sitenote_active":false,"_monsterinsights_sitenote_note":"","_monsterinsights_sitenote_category":0,"footnotes":"","_links_to":"","_links_to_target":""},"categories":[3,1],"tags":[9513,1804,9515,10748,8081],"class_list":["post-108232","post","type-post","status-publish","format-standard","has-post-thumbnail","hentry","category-gliwice","category-wszystko","tag-cena-wody","tag-pwik","tag-scieki","tag-taryfa","tag-woda"],"yoast_head":"<!-- This site is optimized with the Yoast SEO plugin v27.5 - https:\/\/yoast.com\/product\/yoast-seo-wordpress\/ -->\n<title>Woda w Gliwicach do najta\u0144szych nie nale\u017cy. Znamy jej ceny na 2018 rok - 24GLIWICE - Portal Gliwice | codziennie nowe informacje<\/title>\n<meta name=\"robots\" content=\"index, follow, max-snippet:-1, max-image-preview:large, max-video-preview:-1\" \/>\n<link rel=\"canonical\" href=\"https:\/\/www.24gliwice.pl\/wiadomosci\/woda-w-gliwicach-do-najtanszych-nie-nalezy-znamy-jej-ceny-na-2018-rok\/\" \/>\n<meta property=\"og:locale\" content=\"pl_PL\" \/>\n<meta property=\"og:type\" content=\"article\" \/>\n<meta property=\"og:title\" content=\"Woda w Gliwicach do najta\u0144szych nie nale\u017cy. Znamy jej ceny na 2018 rok - 24GLIWICE - Portal Gliwice | codziennie nowe informacje\" \/>\n<meta property=\"og:description\" content=\"O stosunkowo wysokich na tle kraju cenach wody w mie\u015bcie pisali\u015bmy w artykule z czerwca. W Gliwicach jest dro\u017cej ni\u017c w Poznaniu, Wroc\u0142awiu czy Opolu. S\u0105 jednak dobre wie\u015bci. W nadchodz\u0105cym roku kwoty rachunk\u00f3w za wod\u0119 i \u015bcieki przy tym samym zu\u017cyciu nie zmieni\u0105 si\u0119. Przedsi\u0119biorstwo Wodoci\u0105g\u00f3w i Kanalizacji informuje, \u017ce na podstawie art. 24 [&hellip;]\" \/>\n<meta property=\"og:url\" content=\"https:\/\/www.24gliwice.pl\/wiadomosci\/woda-w-gliwicach-do-najtanszych-nie-nalezy-znamy-jej-ceny-na-2018-rok\/\" \/>\n<meta property=\"og:site_name\" content=\"24GLIWICE - Portal Gliwice | codziennie nowe informacje\" \/>\n<meta property=\"article:publisher\" content=\"https:\/\/www.facebook.com\/24gliwice\" \/>\n<meta property=\"article:published_time\" content=\"2017-11-27T01:37:49+00:00\" \/>\n<meta property=\"og:image\" content=\"https:\/\/www.24gliwice.pl\/wiadomosci\/wp-content\/uploads\/2016\/11\/woda-podwy\u017cki.jpg\" \/>\n\t<meta property=\"og:image:width\" content=\"810\" \/>\n\t<meta property=\"og:image:height\" content=\"456\" \/>\n\t<meta property=\"og:image:type\" content=\"image\/jpeg\" \/>\n<meta name=\"author\" content=\"\u017baneta Mrozek-Siewierska\" \/>\n<meta name=\"twitter:card\" content=\"summary_large_image\" \/>\n<meta name=\"twitter:creator\" content=\"@24gliwice\" \/>\n<meta name=\"twitter:site\" content=\"@24gliwice\" \/>\n<meta name=\"twitter:label1\" content=\"Napisane przez\" \/>\n\t<meta name=\"twitter:data1\" content=\"\u017baneta Mrozek-Siewierska\" \/>\n\t<meta name=\"twitter:label2\" content=\"Szacowany czas czytania\" \/>\n\t<meta name=\"twitter:data2\" content=\"1 minuta\" \/>\n<script type=\"application\/ld+json\" class=\"yoast-schema-graph\">{\"@context\":\"https:\\\/\\\/schema.org\",\"@graph\":[{\"@type\":\"Article\",\"@id\":\"https:\\\/\\\/www.24gliwice.pl\\\/wiadomosci\\\/woda-w-gliwicach-do-najtanszych-nie-nalezy-znamy-jej-ceny-na-2018-rok\\\/#article\",\"isPartOf\":{\"@id\":\"https:\\\/\\\/www.24gliwice.pl\\\/wiadomosci\\\/woda-w-gliwicach-do-najtanszych-nie-nalezy-znamy-jej-ceny-na-2018-rok\\\/\"},\"author\":{\"name\":\"\u017baneta Mrozek-Siewierska\",\"@id\":\"https:\\\/\\\/www.24gliwice.pl\\\/wiadomosci\\\/#\\\/schema\\\/person\\\/e42c650edd7f2fa332be3811fb166b6e\"},\"headline\":\"Woda w Gliwicach do najta\u0144szych nie nale\u017cy. Znamy jej ceny na 2018 rok\",\"datePublished\":\"2017-11-27T01:37:49+00:00\",\"mainEntityOfPage\":{\"@id\":\"https:\\\/\\\/www.24gliwice.pl\\\/wiadomosci\\\/woda-w-gliwicach-do-najtanszych-nie-nalezy-znamy-jej-ceny-na-2018-rok\\\/\"},\"wordCount\":222,\"commentCount\":0,\"publisher\":{\"@id\":\"https:\\\/\\\/www.24gliwice.pl\\\/wiadomosci\\\/#organization\"},\"image\":{\"@id\":\"https:\\\/\\\/www.24gliwice.pl\\\/wiadomosci\\\/woda-w-gliwicach-do-najtanszych-nie-nalezy-znamy-jej-ceny-na-2018-rok\\\/#primaryimage\"},\"thumbnailUrl\":\"https:\\\/\\\/www.24gliwice.pl\\\/wiadomosci\\\/wp-content\\\/uploads\\\/2016\\\/11\\\/woda-podwy\u017cki.jpg\",\"keywords\":[\"cena wody\",\"PWIK\",\"\u015bcieki\",\"taryfa\",\"woda\"],\"articleSection\":[\"Gliwice\",\"Najnowsze wiadomo\u015bci\"],\"inLanguage\":\"pl-PL\",\"potentialAction\":[{\"@type\":\"CommentAction\",\"name\":\"Comment\",\"target\":[\"https:\\\/\\\/www.24gliwice.pl\\\/wiadomosci\\\/woda-w-gliwicach-do-najtanszych-nie-nalezy-znamy-jej-ceny-na-2018-rok\\\/#respond\"]}]},{\"@type\":\"WebPage\",\"@id\":\"https:\\\/\\\/www.24gliwice.pl\\\/wiadomosci\\\/woda-w-gliwicach-do-najtanszych-nie-nalezy-znamy-jej-ceny-na-2018-rok\\\/\",\"url\":\"https:\\\/\\\/www.24gliwice.pl\\\/wiadomosci\\\/woda-w-gliwicach-do-najtanszych-nie-nalezy-znamy-jej-ceny-na-2018-rok\\\/\",\"name\":\"Woda w Gliwicach do najta\u0144szych nie nale\u017cy. Znamy jej ceny na 2018 rok - 24GLIWICE - Portal Gliwice | codziennie nowe informacje\",\"isPartOf\":{\"@id\":\"https:\\\/\\\/www.24gliwice.pl\\\/wiadomosci\\\/#website\"},\"primaryImageOfPage\":{\"@id\":\"https:\\\/\\\/www.24gliwice.pl\\\/wiadomosci\\\/woda-w-gliwicach-do-najtanszych-nie-nalezy-znamy-jej-ceny-na-2018-rok\\\/#primaryimage\"},\"image\":{\"@id\":\"https:\\\/\\\/www.24gliwice.pl\\\/wiadomosci\\\/woda-w-gliwicach-do-najtanszych-nie-nalezy-znamy-jej-ceny-na-2018-rok\\\/#primaryimage\"},\"thumbnailUrl\":\"https:\\\/\\\/www.24gliwice.pl\\\/wiadomosci\\\/wp-content\\\/uploads\\\/2016\\\/11\\\/woda-podwy\u017cki.jpg\",\"datePublished\":\"2017-11-27T01:37:49+00:00\",\"breadcrumb\":{\"@id\":\"https:\\\/\\\/www.24gliwice.pl\\\/wiadomosci\\\/woda-w-gliwicach-do-najtanszych-nie-nalezy-znamy-jej-ceny-na-2018-rok\\\/#breadcrumb\"},\"inLanguage\":\"pl-PL\",\"potentialAction\":[{\"@type\":\"ReadAction\",\"target\":[\"https:\\\/\\\/www.24gliwice.pl\\\/wiadomosci\\\/woda-w-gliwicach-do-najtanszych-nie-nalezy-znamy-jej-ceny-na-2018-rok\\\/\"]}]},{\"@type\":\"ImageObject\",\"inLanguage\":\"pl-PL\",\"@id\":\"https:\\\/\\\/www.24gliwice.pl\\\/wiadomosci\\\/woda-w-gliwicach-do-najtanszych-nie-nalezy-znamy-jej-ceny-na-2018-rok\\\/#primaryimage\",\"url\":\"https:\\\/\\\/www.24gliwice.pl\\\/wiadomosci\\\/wp-content\\\/uploads\\\/2016\\\/11\\\/woda-podwy\u017cki.jpg\",\"contentUrl\":\"https:\\\/\\\/www.24gliwice.pl\\\/wiadomosci\\\/wp-content\\\/uploads\\\/2016\\\/11\\\/woda-podwy\u017cki.jpg\",\"width\":810,\"height\":456},{\"@type\":\"BreadcrumbList\",\"@id\":\"https:\\\/\\\/www.24gliwice.pl\\\/wiadomosci\\\/woda-w-gliwicach-do-najtanszych-nie-nalezy-znamy-jej-ceny-na-2018-rok\\\/#breadcrumb\",\"itemListElement\":[{\"@type\":\"ListItem\",\"position\":1,\"name\":\"Strona g\u0142\u00f3wna\",\"item\":\"https:\\\/\\\/www.24gliwice.pl\\\/wiadomosci\\\/\"},{\"@type\":\"ListItem\",\"position\":2,\"name\":\"Woda w Gliwicach do najta\u0144szych nie nale\u017cy. Znamy jej ceny na 2018 rok\"}]},{\"@type\":\"WebSite\",\"@id\":\"https:\\\/\\\/www.24gliwice.pl\\\/wiadomosci\\\/#website\",\"url\":\"https:\\\/\\\/www.24gliwice.pl\\\/wiadomosci\\\/\",\"name\":\"24GLIWICE - Portal Gliwice | codziennie nowe wiadomo\u015bci\",\"description\":\"Portal Miejski Gliwice\",\"publisher\":{\"@id\":\"https:\\\/\\\/www.24gliwice.pl\\\/wiadomosci\\\/#organization\"},\"potentialAction\":[{\"@type\":\"SearchAction\",\"target\":{\"@type\":\"EntryPoint\",\"urlTemplate\":\"https:\\\/\\\/www.24gliwice.pl\\\/wiadomosci\\\/?s={search_term_string}\"},\"query-input\":{\"@type\":\"PropertyValueSpecification\",\"valueRequired\":true,\"valueName\":\"search_term_string\"}}],\"inLanguage\":\"pl-PL\"},{\"@type\":\"Organization\",\"@id\":\"https:\\\/\\\/www.24gliwice.pl\\\/wiadomosci\\\/#organization\",\"name\":\"24gliwice\",\"url\":\"https:\\\/\\\/www.24gliwice.pl\\\/wiadomosci\\\/\",\"logo\":{\"@type\":\"ImageObject\",\"inLanguage\":\"pl-PL\",\"@id\":\"https:\\\/\\\/www.24gliwice.pl\\\/wiadomosci\\\/#\\\/schema\\\/logo\\\/image\\\/\",\"url\":\"https:\\\/\\\/www.24gliwice.pl\\\/wiadomosci\\\/wp-content\\\/uploads\\\/2024\\\/10\\\/24gliwice-logo-696.jpg\",\"contentUrl\":\"https:\\\/\\\/www.24gliwice.pl\\\/wiadomosci\\\/wp-content\\\/uploads\\\/2024\\\/10\\\/24gliwice-logo-696.jpg\",\"width\":696,\"height\":696,\"caption\":\"24gliwice\"},\"image\":{\"@id\":\"https:\\\/\\\/www.24gliwice.pl\\\/wiadomosci\\\/#\\\/schema\\\/logo\\\/image\\\/\"},\"sameAs\":[\"https:\\\/\\\/www.facebook.com\\\/24gliwice\",\"https:\\\/\\\/x.com\\\/24gliwice\",\"https:\\\/\\\/www.youtube.com\\\/@24gliwice\"]},{\"@type\":\"Person\",\"@id\":\"https:\\\/\\\/www.24gliwice.pl\\\/wiadomosci\\\/#\\\/schema\\\/person\\\/e42c650edd7f2fa332be3811fb166b6e\",\"name\":\"\u017baneta Mrozek-Siewierska\",\"image\":{\"@type\":\"ImageObject\",\"inLanguage\":\"pl-PL\",\"@id\":\"https:\\\/\\\/secure.gravatar.com\\\/avatar\\\/1881429e9c64597c77ad7aef2d0a19be69a3253e57534d16aa15bf3a4d34a0a3?s=96&d=mm&r=g\",\"url\":\"https:\\\/\\\/secure.gravatar.com\\\/avatar\\\/1881429e9c64597c77ad7aef2d0a19be69a3253e57534d16aa15bf3a4d34a0a3?s=96&d=mm&r=g\",\"contentUrl\":\"https:\\\/\\\/secure.gravatar.com\\\/avatar\\\/1881429e9c64597c77ad7aef2d0a19be69a3253e57534d16aa15bf3a4d34a0a3?s=96&d=mm&r=g\",\"caption\":\"\u017baneta Mrozek-Siewierska\"},\"url\":\"https:\\\/\\\/www.24gliwice.pl\\\/wiadomosci\\\/author\\\/zms\\\/\"}]}<\/script>\n<!-- \/ Yoast SEO plugin. -->","yoast_head_json":{"title":"Woda w Gliwicach do najta\u0144szych nie nale\u017cy. Znamy jej ceny na 2018 rok - 24GLIWICE - Portal Gliwice | codziennie nowe informacje","robots":{"index":"index","follow":"follow","max-snippet":"max-snippet:-1","max-image-preview":"max-image-preview:large","max-video-preview":"max-video-preview:-1"},"canonical":"https:\/\/www.24gliwice.pl\/wiadomosci\/woda-w-gliwicach-do-najtanszych-nie-nalezy-znamy-jej-ceny-na-2018-rok\/","og_locale":"pl_PL","og_type":"article","og_title":"Woda w Gliwicach do najta\u0144szych nie nale\u017cy. Znamy jej ceny na 2018 rok - 24GLIWICE - Portal Gliwice | codziennie nowe informacje","og_description":"O stosunkowo wysokich na tle kraju cenach wody w mie\u015bcie pisali\u015bmy w artykule z czerwca. W Gliwicach jest dro\u017cej ni\u017c w Poznaniu, Wroc\u0142awiu czy Opolu. S\u0105 jednak dobre wie\u015bci. W nadchodz\u0105cym roku kwoty rachunk\u00f3w za wod\u0119 i \u015bcieki przy tym samym zu\u017cyciu nie zmieni\u0105 si\u0119. Przedsi\u0119biorstwo Wodoci\u0105g\u00f3w i Kanalizacji informuje, \u017ce na podstawie art. 24 [&hellip;]","og_url":"https:\/\/www.24gliwice.pl\/wiadomosci\/woda-w-gliwicach-do-najtanszych-nie-nalezy-znamy-jej-ceny-na-2018-rok\/","og_site_name":"24GLIWICE - Portal Gliwice | codziennie nowe informacje","article_publisher":"https:\/\/www.facebook.com\/24gliwice","article_published_time":"2017-11-27T01:37:49+00:00","og_image":[{"width":810,"height":456,"url":"https:\/\/www.24gliwice.pl\/wiadomosci\/wp-content\/uploads\/2016\/11\/woda-podwy\u017cki.jpg","type":"image\/jpeg"}],"author":"\u017baneta Mrozek-Siewierska","twitter_card":"summary_large_image","twitter_creator":"@24gliwice","twitter_site":"@24gliwice","twitter_misc":{"Napisane przez":"\u017baneta Mrozek-Siewierska","Szacowany czas czytania":"1 minuta"},"schema":{"@context":"https:\/\/schema.org","@graph":[{"@type":"Article","@id":"https:\/\/www.24gliwice.pl\/wiadomosci\/woda-w-gliwicach-do-najtanszych-nie-nalezy-znamy-jej-ceny-na-2018-rok\/#article","isPartOf":{"@id":"https:\/\/www.24gliwice.pl\/wiadomosci\/woda-w-gliwicach-do-najtanszych-nie-nalezy-znamy-jej-ceny-na-2018-rok\/"},"author":{"name":"\u017baneta Mrozek-Siewierska","@id":"https:\/\/www.24gliwice.pl\/wiadomosci\/#\/schema\/person\/e42c650edd7f2fa332be3811fb166b6e"},"headline":"Woda w Gliwicach do najta\u0144szych nie nale\u017cy. Znamy jej ceny na 2018 rok","datePublished":"2017-11-27T01:37:49+00:00","mainEntityOfPage":{"@id":"https:\/\/www.24gliwice.pl\/wiadomosci\/woda-w-gliwicach-do-najtanszych-nie-nalezy-znamy-jej-ceny-na-2018-rok\/"},"wordCount":222,"commentCount":0,"publisher":{"@id":"https:\/\/www.24gliwice.pl\/wiadomosci\/#organization"},"image":{"@id":"https:\/\/www.24gliwice.pl\/wiadomosci\/woda-w-gliwicach-do-najtanszych-nie-nalezy-znamy-jej-ceny-na-2018-rok\/#primaryimage"},"thumbnailUrl":"https:\/\/www.24gliwice.pl\/wiadomosci\/wp-content\/uploads\/2016\/11\/woda-podwy\u017cki.jpg","keywords":["cena wody","PWIK","\u015bcieki","taryfa","woda"],"articleSection":["Gliwice","Najnowsze wiadomo\u015bci"],"inLanguage":"pl-PL","potentialAction":[{"@type":"CommentAction","name":"Comment","target":["https:\/\/www.24gliwice.pl\/wiadomosci\/woda-w-gliwicach-do-najtanszych-nie-nalezy-znamy-jej-ceny-na-2018-rok\/#respond"]}]},{"@type":"WebPage","@id":"https:\/\/www.24gliwice.pl\/wiadomosci\/woda-w-gliwicach-do-najtanszych-nie-nalezy-znamy-jej-ceny-na-2018-rok\/","url":"https:\/\/www.24gliwice.pl\/wiadomosci\/woda-w-gliwicach-do-najtanszych-nie-nalezy-znamy-jej-ceny-na-2018-rok\/","name":"Woda w Gliwicach do najta\u0144szych nie nale\u017cy. Znamy jej ceny na 2018 rok - 24GLIWICE - Portal Gliwice | codziennie nowe informacje","isPartOf":{"@id":"https:\/\/www.24gliwice.pl\/wiadomosci\/#website"},"primaryImageOfPage":{"@id":"https:\/\/www.24gliwice.pl\/wiadomosci\/woda-w-gliwicach-do-najtanszych-nie-nalezy-znamy-jej-ceny-na-2018-rok\/#primaryimage"},"image":{"@id":"https:\/\/www.24gliwice.pl\/wiadomosci\/woda-w-gliwicach-do-najtanszych-nie-nalezy-znamy-jej-ceny-na-2018-rok\/#primaryimage"},"thumbnailUrl":"https:\/\/www.24gliwice.pl\/wiadomosci\/wp-content\/uploads\/2016\/11\/woda-podwy\u017cki.jpg","datePublished":"2017-11-27T01:37:49+00:00","breadcrumb":{"@id":"https:\/\/www.24gliwice.pl\/wiadomosci\/woda-w-gliwicach-do-najtanszych-nie-nalezy-znamy-jej-ceny-na-2018-rok\/#breadcrumb"},"inLanguage":"pl-PL","potentialAction":[{"@type":"ReadAction","target":["https:\/\/www.24gliwice.pl\/wiadomosci\/woda-w-gliwicach-do-najtanszych-nie-nalezy-znamy-jej-ceny-na-2018-rok\/"]}]},{"@type":"ImageObject","inLanguage":"pl-PL","@id":"https:\/\/www.24gliwice.pl\/wiadomosci\/woda-w-gliwicach-do-najtanszych-nie-nalezy-znamy-jej-ceny-na-2018-rok\/#primaryimage","url":"https:\/\/www.24gliwice.pl\/wiadomosci\/wp-content\/uploads\/2016\/11\/woda-podwy\u017cki.jpg","contentUrl":"https:\/\/www.24gliwice.pl\/wiadomosci\/wp-content\/uploads\/2016\/11\/woda-podwy\u017cki.jpg","width":810,"height":456},{"@type":"BreadcrumbList","@id":"https:\/\/www.24gliwice.pl\/wiadomosci\/woda-w-gliwicach-do-najtanszych-nie-nalezy-znamy-jej-ceny-na-2018-rok\/#breadcrumb","itemListElement":[{"@type":"ListItem","position":1,"name":"Strona g\u0142\u00f3wna","item":"https:\/\/www.24gliwice.pl\/wiadomosci\/"},{"@type":"ListItem","position":2,"name":"Woda w Gliwicach do najta\u0144szych nie nale\u017cy. Znamy jej ceny na 2018 rok"}]},{"@type":"WebSite","@id":"https:\/\/www.24gliwice.pl\/wiadomosci\/#website","url":"https:\/\/www.24gliwice.pl\/wiadomosci\/","name":"24GLIWICE - Portal Gliwice | codziennie nowe wiadomo\u015bci","description":"Portal Miejski Gliwice","publisher":{"@id":"https:\/\/www.24gliwice.pl\/wiadomosci\/#organization"},"potentialAction":[{"@type":"SearchAction","target":{"@type":"EntryPoint","urlTemplate":"https:\/\/www.24gliwice.pl\/wiadomosci\/?s={search_term_string}"},"query-input":{"@type":"PropertyValueSpecification","valueRequired":true,"valueName":"search_term_string"}}],"inLanguage":"pl-PL"},{"@type":"Organization","@id":"https:\/\/www.24gliwice.pl\/wiadomosci\/#organization","name":"24gliwice","url":"https:\/\/www.24gliwice.pl\/wiadomosci\/","logo":{"@type":"ImageObject","inLanguage":"pl-PL","@id":"https:\/\/www.24gliwice.pl\/wiadomosci\/#\/schema\/logo\/image\/","url":"https:\/\/www.24gliwice.pl\/wiadomosci\/wp-content\/uploads\/2024\/10\/24gliwice-logo-696.jpg","contentUrl":"https:\/\/www.24gliwice.pl\/wiadomosci\/wp-content\/uploads\/2024\/10\/24gliwice-logo-696.jpg","width":696,"height":696,"caption":"24gliwice"},"image":{"@id":"https:\/\/www.24gliwice.pl\/wiadomosci\/#\/schema\/logo\/image\/"},"sameAs":["https:\/\/www.facebook.com\/24gliwice","https:\/\/x.com\/24gliwice","https:\/\/www.youtube.com\/@24gliwice"]},{"@type":"Person","@id":"https:\/\/www.24gliwice.pl\/wiadomosci\/#\/schema\/person\/e42c650edd7f2fa332be3811fb166b6e","name":"\u017baneta Mrozek-Siewierska","image":{"@type":"ImageObject","inLanguage":"pl-PL","@id":"https:\/\/secure.gravatar.com\/avatar\/1881429e9c64597c77ad7aef2d0a19be69a3253e57534d16aa15bf3a4d34a0a3?s=96&d=mm&r=g","url":"https:\/\/secure.gravatar.com\/avatar\/1881429e9c64597c77ad7aef2d0a19be69a3253e57534d16aa15bf3a4d34a0a3?s=96&d=mm&r=g","contentUrl":"https:\/\/secure.gravatar.com\/avatar\/1881429e9c64597c77ad7aef2d0a19be69a3253e57534d16aa15bf3a4d34a0a3?s=96&d=mm&r=g","caption":"\u017baneta Mrozek-Siewierska"},"url":"https:\/\/www.24gliwice.pl\/wiadomosci\/author\/zms\/"}]}},"_links":{"self":[{"href":"https:\/\/www.24gliwice.pl\/wiadomosci\/wp-json\/wp\/v2\/posts\/108232","targetHints":{"allow":["GET"]}}],"collection":[{"href":"https:\/\/www.24gliwice.pl\/wiadomosci\/wp-json\/wp\/v2\/posts"}],"about":[{"href":"https:\/\/www.24gliwice.pl\/wiadomosci\/wp-json\/wp\/v2\/types\/post"}],"author":[{"embeddable":true,"href":"https:\/\/www.24gliwice.pl\/wiadomosci\/wp-json\/wp\/v2\/users\/15"}],"replies":[{"embeddable":true,"href":"https:\/\/www.24gliwice.pl\/wiadomosci\/wp-json\/wp\/v2\/comments?post=108232"}],"version-history":[{"count":0,"href":"https:\/\/www.24gliwice.pl\/wiadomosci\/wp-json\/wp\/v2\/posts\/108232\/revisions"}],"wp:featuredmedia":[{"embeddable":true,"href":"https:\/\/www.24gliwice.pl\/wiadomosci\/wp-json\/wp\/v2\/media\/90534"}],"wp:attachment":[{"href":"https:\/\/www.24gliwice.pl\/wiadomosci\/wp-json\/wp\/v2\/media?parent=108232"}],"wp:term":[{"taxonomy":"category","embeddable":true,"href":"https:\/\/www.24gliwice.pl\/wiadomosci\/wp-json\/wp\/v2\/categories?post=108232"},{"taxonomy":"post_tag","embeddable":true,"href":"https:\/\/www.24gliwice.pl\/wiadomosci\/wp-json\/wp\/v2\/tags?post=108232"}],"curies":[{"name":"wp","href":"https:\/\/api.w.org\/{rel}","templated":true}]}}