{"id":108235,"date":"2017-11-25T02:10:38","date_gmt":"2017-11-25T01:10:38","guid":{"rendered":"http:\/\/www.24gliwice.pl\/wiadomosci\/?p=108235"},"modified":"2017-11-25T11:32:52","modified_gmt":"2017-11-25T10:32:52","slug":"dwie-niedziele-bez-handlu-od-marca-docelowo-czeka-nas-calkowity-zakaz","status":"publish","type":"post","link":"https:\/\/www.24gliwice.pl\/wiadomosci\/dwie-niedziele-bez-handlu-od-marca-docelowo-czeka-nas-calkowity-zakaz\/","title":{"rendered":"Dwie niedziele bez handlu od marca. Docelowo czeka nas ca\u0142kowity zakaz"},"content":{"rendered":"<div class=\"gliwi-a6-nad-leadem-artykulow gliwi-entity-placement\" id=\"gliwi-921127516\"><div class=\"gliwi-adlabel\"><span style=\"font-size: 9px\">REKLAMA<\/span><\/div><div id=\"gliwi-1193056503\" style=\"margin-bottom: 30px;margin-left: auto;margin-right: auto;text-align: center;\"><a data-no-instant=\"1\" href=\"https:\/\/przedszkole.halogen.org.pl\/\" rel=\"noopener\" class=\"a2t-link\" target=\"_blank\" aria-label=\"20260402-ANIMATOR-przedszkole_grafika_750x200\"><img loading=\"lazy\" decoding=\"async\" src=\"https:\/\/www.24gliwice.pl\/wiadomosci\/wp-content\/uploads\/2026\/04\/20260402-ANIMATOR-przedszkole_grafika_750x200.webp\" alt=\"\"  srcset=\"https:\/\/www.24gliwice.pl\/wiadomosci\/wp-content\/uploads\/2026\/04\/20260402-ANIMATOR-przedszkole_grafika_750x200.webp 750w, https:\/\/www.24gliwice.pl\/wiadomosci\/wp-content\/uploads\/2026\/04\/20260402-ANIMATOR-przedszkole_grafika_750x200-410x109.webp 410w\" sizes=\"(max-width: 750px) 100vw, 750px\" class=\"no-lazyload\" width=\"750\" height=\"200\"  style=\"display: inline-block; max-width: 100%; height: auto;\" \/><\/a><\/div><\/div><h3>Ograniczenie mia\u0142o wej\u015b\u0107 w \u017cycie ju\u017c od stycznia, jednak zostanie wprowadzone z pewnym op\u00f3\u017anieniem. Na razie zablokuje sprzeda\u017c przez 2 dni w miesi\u0105cu, by ostatecznie w 2020 roku obj\u0105\u0107 wszystkie niedziele. <\/h3>\n<p>Od 1 marca 2018 roku w ka\u017cdym miesi\u0105cu b\u0119d\u0105 dwie niedziele handlowe \u2013 pierwsza i ostatnia. W kolejnym 2019 roku b\u0119dzie to tylko jedna niedziela w miesi\u0105cu \u2013 ostatnia,  natomiast od 1 stycznia 2020 roku b\u0119dzie obowi\u0105zywa\u0142 zakaz handlu w niedziele z pewnymi odst\u0119pstwami.<\/p>\n<p>W trakcie wnoszenia poprawek do projektu ustawy doprecyzowano kwesti\u0119 ograniczenia handlu na stacjach benzynowych oraz dworcach kolejowych &#8211; b\u0119dzie on tam dopuszczalny. R\u00f3wnie\u017c w internecie b\u0119dzie mo\u017cna w niedziel\u0119 zrobi\u0107 zakupy.<\/p><div class=\"gliwi-a3-w-tresci-artykulow gliwi-entity-placement\" id=\"gliwi-781382584\"><div class=\"gliwi-adlabel\"><span style=\"font-size: 9px\">REKLAMA<\/span><\/div><div id=\"gliwi-2983943670\" style=\"margin-bottom: 30px;margin-left: auto;margin-right: auto;text-align: center;\"><a data-no-instant=\"1\" href=\"https:\/\/zlobek.halogen.org.pl\/\" rel=\"noopener\" class=\"a2t-link\" target=\"_blank\" aria-label=\"animator-zlobek_750x200\"><img loading=\"lazy\" decoding=\"async\" src=\"https:\/\/www.24gliwice.pl\/wiadomosci\/wp-content\/uploads\/2026\/02\/animator-zlobek_750x200.webp\" alt=\"\"  srcset=\"https:\/\/www.24gliwice.pl\/wiadomosci\/wp-content\/uploads\/2026\/02\/animator-zlobek_750x200.webp 750w, https:\/\/www.24gliwice.pl\/wiadomosci\/wp-content\/uploads\/2026\/02\/animator-zlobek_750x200-410x109.webp 410w\" sizes=\"(max-width: 750px) 100vw, 750px\" class=\"no-lazyload\" width=\"750\" height=\"200\"  style=\"display: inline-block; max-width: 100%; height: auto;\" \/><\/a><\/div><\/div>\n<p>Rozszerzona zosta\u0142a lista podmiot\u00f3w wy\u0142\u0105czonych z tego zakazu m.in. o piekarnie, cukiernie i lodziarnie oraz z dewocjonaliami. Nowe regulacje nie b\u0119d\u0105 tak\u017ce obowi\u0105zywa\u0107 na terenie rolno-spo\u017cywczych rynk\u00f3w hurtowych.<\/p>\n<p>W g\u0142osowaniu wzi\u0119\u0142o udzia\u0142 433 pos\u0142\u00f3w. Za uchwaleniem ustawy g\u0142osowa\u0142o 254, przeciwko by\u0142o 156, a 23 wstrzyma\u0142o si\u0119 od g\u0142osu. Nad ustaw\u0105 pochyli si\u0119 teraz Senat.<\/p>\n<p>(\u017cms)<\/p>\n<div class=\"gliwi-a5-na-koncu-artykulow gliwi-entity-placement\" id=\"gliwi-182407655\"><div class=\"gliwi-adlabel\"><span style=\"font-size: 9px\">REKLAMA<\/span><\/div><div id=\"gliwi-629910589\" style=\"margin-left: auto;margin-right: auto;text-align: center;\"><a data-no-instant=\"1\" href=\"https:\/\/prezeroarenagliwice.pl\/\" rel=\"noopener\" class=\"a2t-link\" target=\"_blank\" aria-label=\"20260309-PREZERO-WIOSNA-D\"><img loading=\"lazy\" decoding=\"async\" src=\"https:\/\/www.24gliwice.pl\/wiadomosci\/wp-content\/uploads\/2026\/03\/20260309-PREZERO-WIOSNA-D.webp\" alt=\"\"  srcset=\"https:\/\/www.24gliwice.pl\/wiadomosci\/wp-content\/uploads\/2026\/03\/20260309-PREZERO-WIOSNA-D.webp 750w, https:\/\/www.24gliwice.pl\/wiadomosci\/wp-content\/uploads\/2026\/03\/20260309-PREZERO-WIOSNA-D-410x109.webp 410w\" sizes=\"(max-width: 750px) 100vw, 750px\" class=\"no-lazyload\" width=\"750\" height=\"200\"  style=\"display: inline-block; max-width: 100%; height: auto;\" \/><\/a><\/div><\/div>","protected":false},"excerpt":{"rendered":"<p>Ograniczenie mia\u0142o wej\u015b\u0107 w \u017cycie ju\u017c od stycznia, jednak zostanie wprowadzone z pewnym op\u00f3\u017anieniem. Na razie zablokuje sprzeda\u017c przez 2 dni w miesi\u0105cu, by ostatecznie w 2020 roku obj\u0105\u0107 wszystkie niedziele. Od 1 marca 2018 roku w ka\u017cdym miesi\u0105cu b\u0119d\u0105 dwie niedziele handlowe \u2013 pierwsza i ostatnia. W kolejnym 2019 roku b\u0119dzie to tylko jedna [&hellip;]<\/p>\n","protected":false},"author":15,"featured_media":69446,"comment_status":"open","ping_status":"closed","sticky":false,"template":"","format":"standard","meta":{"_monsterinsights_skip_tracking":false,"_monsterinsights_sitenote_active":false,"_monsterinsights_sitenote_note":"","_monsterinsights_sitenote_category":0,"footnotes":"","_links_to":"","_links_to_target":""},"categories":[1,9],"tags":[10771,5683,10773,9295,9158,7493],"class_list":["post-108235","post","type-post","status-publish","format-standard","has-post-thumbnail","hentry","category-wszystko","category-aktualnosci_lokalne","tag-galeria-handlowa","tag-handel","tag-piekarnia","tag-sklep","tag-sklepy","tag-zakaz-handlu-w-niedziele"],"yoast_head":"<!-- This site is optimized with the Yoast SEO plugin v27.5 - https:\/\/yoast.com\/product\/yoast-seo-wordpress\/ -->\n<title>Dwie niedziele bez handlu od marca. Docelowo czeka nas ca\u0142kowity zakaz - 24GLIWICE - Portal Gliwice | codziennie nowe informacje<\/title>\n<meta name=\"robots\" content=\"index, follow, max-snippet:-1, max-image-preview:large, max-video-preview:-1\" \/>\n<link rel=\"canonical\" href=\"https:\/\/www.24gliwice.pl\/wiadomosci\/dwie-niedziele-bez-handlu-od-marca-docelowo-czeka-nas-calkowity-zakaz\/\" \/>\n<meta property=\"og:locale\" content=\"pl_PL\" \/>\n<meta property=\"og:type\" content=\"article\" \/>\n<meta property=\"og:title\" content=\"Dwie niedziele bez handlu od marca. Docelowo czeka nas ca\u0142kowity zakaz - 24GLIWICE - Portal Gliwice | codziennie nowe informacje\" \/>\n<meta property=\"og:description\" content=\"Ograniczenie mia\u0142o wej\u015b\u0107 w \u017cycie ju\u017c od stycznia, jednak zostanie wprowadzone z pewnym op\u00f3\u017anieniem. Na razie zablokuje sprzeda\u017c przez 2 dni w miesi\u0105cu, by ostatecznie w 2020 roku obj\u0105\u0107 wszystkie niedziele. Od 1 marca 2018 roku w ka\u017cdym miesi\u0105cu b\u0119d\u0105 dwie niedziele handlowe \u2013 pierwsza i ostatnia. W kolejnym 2019 roku b\u0119dzie to tylko jedna [&hellip;]\" \/>\n<meta property=\"og:url\" content=\"https:\/\/www.24gliwice.pl\/wiadomosci\/dwie-niedziele-bez-handlu-od-marca-docelowo-czeka-nas-calkowity-zakaz\/\" \/>\n<meta property=\"og:site_name\" content=\"24GLIWICE - Portal Gliwice | codziennie nowe informacje\" \/>\n<meta property=\"article:publisher\" content=\"https:\/\/www.facebook.com\/24gliwice\" \/>\n<meta property=\"article:published_time\" content=\"2017-11-25T01:10:38+00:00\" \/>\n<meta property=\"article:modified_time\" content=\"2017-11-25T10:32:52+00:00\" \/>\n<meta property=\"og:image\" content=\"https:\/\/www.24gliwice.pl\/wiadomosci\/wp-content\/uploads\/2015\/05\/tesco-puste2-510x287.jpg\" \/>\n\t<meta property=\"og:image:width\" content=\"510\" \/>\n\t<meta property=\"og:image:height\" content=\"287\" \/>\n\t<meta property=\"og:image:type\" content=\"image\/jpeg\" \/>\n<meta name=\"author\" content=\"\u017baneta Mrozek-Siewierska\" \/>\n<meta name=\"twitter:card\" content=\"summary_large_image\" \/>\n<meta name=\"twitter:creator\" content=\"@24gliwice\" \/>\n<meta name=\"twitter:site\" content=\"@24gliwice\" \/>\n<meta name=\"twitter:label1\" content=\"Napisane przez\" \/>\n\t<meta name=\"twitter:data1\" content=\"\u017baneta Mrozek-Siewierska\" \/>\n\t<meta name=\"twitter:label2\" content=\"Szacowany czas czytania\" \/>\n\t<meta name=\"twitter:data2\" content=\"1 minuta\" \/>\n<script type=\"application\/ld+json\" class=\"yoast-schema-graph\">{\"@context\":\"https:\\\/\\\/schema.org\",\"@graph\":[{\"@type\":\"Article\",\"@id\":\"https:\\\/\\\/www.24gliwice.pl\\\/wiadomosci\\\/dwie-niedziele-bez-handlu-od-marca-docelowo-czeka-nas-calkowity-zakaz\\\/#article\",\"isPartOf\":{\"@id\":\"https:\\\/\\\/www.24gliwice.pl\\\/wiadomosci\\\/dwie-niedziele-bez-handlu-od-marca-docelowo-czeka-nas-calkowity-zakaz\\\/\"},\"author\":{\"name\":\"\u017baneta Mrozek-Siewierska\",\"@id\":\"https:\\\/\\\/www.24gliwice.pl\\\/wiadomosci\\\/#\\\/schema\\\/person\\\/e42c650edd7f2fa332be3811fb166b6e\"},\"headline\":\"Dwie niedziele bez handlu od marca. Docelowo czeka nas ca\u0142kowity zakaz\",\"datePublished\":\"2017-11-25T01:10:38+00:00\",\"dateModified\":\"2017-11-25T10:32:52+00:00\",\"mainEntityOfPage\":{\"@id\":\"https:\\\/\\\/www.24gliwice.pl\\\/wiadomosci\\\/dwie-niedziele-bez-handlu-od-marca-docelowo-czeka-nas-calkowity-zakaz\\\/\"},\"wordCount\":192,\"commentCount\":0,\"publisher\":{\"@id\":\"https:\\\/\\\/www.24gliwice.pl\\\/wiadomosci\\\/#organization\"},\"image\":{\"@id\":\"https:\\\/\\\/www.24gliwice.pl\\\/wiadomosci\\\/dwie-niedziele-bez-handlu-od-marca-docelowo-czeka-nas-calkowity-zakaz\\\/#primaryimage\"},\"thumbnailUrl\":\"https:\\\/\\\/www.24gliwice.pl\\\/wiadomosci\\\/wp-content\\\/uploads\\\/2015\\\/05\\\/tesco-puste2-510x287.jpg\",\"keywords\":[\"galeria handlowa\",\"handel\",\"piekarnia\",\"sklep\",\"sklepy\",\"zakaz handlu w niedziel\u0119\"],\"articleSection\":[\"Najnowsze wiadomo\u015bci\",\"Portal Gliwice - Wiadomo\u015bci lokalne\"],\"inLanguage\":\"pl-PL\",\"potentialAction\":[{\"@type\":\"CommentAction\",\"name\":\"Comment\",\"target\":[\"https:\\\/\\\/www.24gliwice.pl\\\/wiadomosci\\\/dwie-niedziele-bez-handlu-od-marca-docelowo-czeka-nas-calkowity-zakaz\\\/#respond\"]}]},{\"@type\":\"WebPage\",\"@id\":\"https:\\\/\\\/www.24gliwice.pl\\\/wiadomosci\\\/dwie-niedziele-bez-handlu-od-marca-docelowo-czeka-nas-calkowity-zakaz\\\/\",\"url\":\"https:\\\/\\\/www.24gliwice.pl\\\/wiadomosci\\\/dwie-niedziele-bez-handlu-od-marca-docelowo-czeka-nas-calkowity-zakaz\\\/\",\"name\":\"Dwie niedziele bez handlu od marca. Docelowo czeka nas ca\u0142kowity zakaz - 24GLIWICE - Portal Gliwice | codziennie nowe informacje\",\"isPartOf\":{\"@id\":\"https:\\\/\\\/www.24gliwice.pl\\\/wiadomosci\\\/#website\"},\"primaryImageOfPage\":{\"@id\":\"https:\\\/\\\/www.24gliwice.pl\\\/wiadomosci\\\/dwie-niedziele-bez-handlu-od-marca-docelowo-czeka-nas-calkowity-zakaz\\\/#primaryimage\"},\"image\":{\"@id\":\"https:\\\/\\\/www.24gliwice.pl\\\/wiadomosci\\\/dwie-niedziele-bez-handlu-od-marca-docelowo-czeka-nas-calkowity-zakaz\\\/#primaryimage\"},\"thumbnailUrl\":\"https:\\\/\\\/www.24gliwice.pl\\\/wiadomosci\\\/wp-content\\\/uploads\\\/2015\\\/05\\\/tesco-puste2-510x287.jpg\",\"datePublished\":\"2017-11-25T01:10:38+00:00\",\"dateModified\":\"2017-11-25T10:32:52+00:00\",\"breadcrumb\":{\"@id\":\"https:\\\/\\\/www.24gliwice.pl\\\/wiadomosci\\\/dwie-niedziele-bez-handlu-od-marca-docelowo-czeka-nas-calkowity-zakaz\\\/#breadcrumb\"},\"inLanguage\":\"pl-PL\",\"potentialAction\":[{\"@type\":\"ReadAction\",\"target\":[\"https:\\\/\\\/www.24gliwice.pl\\\/wiadomosci\\\/dwie-niedziele-bez-handlu-od-marca-docelowo-czeka-nas-calkowity-zakaz\\\/\"]}]},{\"@type\":\"ImageObject\",\"inLanguage\":\"pl-PL\",\"@id\":\"https:\\\/\\\/www.24gliwice.pl\\\/wiadomosci\\\/dwie-niedziele-bez-handlu-od-marca-docelowo-czeka-nas-calkowity-zakaz\\\/#primaryimage\",\"url\":\"https:\\\/\\\/www.24gliwice.pl\\\/wiadomosci\\\/wp-content\\\/uploads\\\/2015\\\/05\\\/tesco-puste2-510x287.jpg\",\"contentUrl\":\"https:\\\/\\\/www.24gliwice.pl\\\/wiadomosci\\\/wp-content\\\/uploads\\\/2015\\\/05\\\/tesco-puste2-510x287.jpg\",\"width\":510,\"height\":287},{\"@type\":\"BreadcrumbList\",\"@id\":\"https:\\\/\\\/www.24gliwice.pl\\\/wiadomosci\\\/dwie-niedziele-bez-handlu-od-marca-docelowo-czeka-nas-calkowity-zakaz\\\/#breadcrumb\",\"itemListElement\":[{\"@type\":\"ListItem\",\"position\":1,\"name\":\"Strona g\u0142\u00f3wna\",\"item\":\"https:\\\/\\\/www.24gliwice.pl\\\/wiadomosci\\\/\"},{\"@type\":\"ListItem\",\"position\":2,\"name\":\"Dwie niedziele bez handlu od marca. Docelowo czeka nas ca\u0142kowity zakaz\"}]},{\"@type\":\"WebSite\",\"@id\":\"https:\\\/\\\/www.24gliwice.pl\\\/wiadomosci\\\/#website\",\"url\":\"https:\\\/\\\/www.24gliwice.pl\\\/wiadomosci\\\/\",\"name\":\"24GLIWICE - Portal Gliwice | codziennie nowe wiadomo\u015bci\",\"description\":\"Portal Miejski Gliwice\",\"publisher\":{\"@id\":\"https:\\\/\\\/www.24gliwice.pl\\\/wiadomosci\\\/#organization\"},\"potentialAction\":[{\"@type\":\"SearchAction\",\"target\":{\"@type\":\"EntryPoint\",\"urlTemplate\":\"https:\\\/\\\/www.24gliwice.pl\\\/wiadomosci\\\/?s={search_term_string}\"},\"query-input\":{\"@type\":\"PropertyValueSpecification\",\"valueRequired\":true,\"valueName\":\"search_term_string\"}}],\"inLanguage\":\"pl-PL\"},{\"@type\":\"Organization\",\"@id\":\"https:\\\/\\\/www.24gliwice.pl\\\/wiadomosci\\\/#organization\",\"name\":\"24gliwice\",\"url\":\"https:\\\/\\\/www.24gliwice.pl\\\/wiadomosci\\\/\",\"logo\":{\"@type\":\"ImageObject\",\"inLanguage\":\"pl-PL\",\"@id\":\"https:\\\/\\\/www.24gliwice.pl\\\/wiadomosci\\\/#\\\/schema\\\/logo\\\/image\\\/\",\"url\":\"https:\\\/\\\/www.24gliwice.pl\\\/wiadomosci\\\/wp-content\\\/uploads\\\/2024\\\/10\\\/24gliwice-logo-696.jpg\",\"contentUrl\":\"https:\\\/\\\/www.24gliwice.pl\\\/wiadomosci\\\/wp-content\\\/uploads\\\/2024\\\/10\\\/24gliwice-logo-696.jpg\",\"width\":696,\"height\":696,\"caption\":\"24gliwice\"},\"image\":{\"@id\":\"https:\\\/\\\/www.24gliwice.pl\\\/wiadomosci\\\/#\\\/schema\\\/logo\\\/image\\\/\"},\"sameAs\":[\"https:\\\/\\\/www.facebook.com\\\/24gliwice\",\"https:\\\/\\\/x.com\\\/24gliwice\",\"https:\\\/\\\/www.youtube.com\\\/@24gliwice\"]},{\"@type\":\"Person\",\"@id\":\"https:\\\/\\\/www.24gliwice.pl\\\/wiadomosci\\\/#\\\/schema\\\/person\\\/e42c650edd7f2fa332be3811fb166b6e\",\"name\":\"\u017baneta Mrozek-Siewierska\",\"image\":{\"@type\":\"ImageObject\",\"inLanguage\":\"pl-PL\",\"@id\":\"https:\\\/\\\/secure.gravatar.com\\\/avatar\\\/1881429e9c64597c77ad7aef2d0a19be69a3253e57534d16aa15bf3a4d34a0a3?s=96&d=mm&r=g\",\"url\":\"https:\\\/\\\/secure.gravatar.com\\\/avatar\\\/1881429e9c64597c77ad7aef2d0a19be69a3253e57534d16aa15bf3a4d34a0a3?s=96&d=mm&r=g\",\"contentUrl\":\"https:\\\/\\\/secure.gravatar.com\\\/avatar\\\/1881429e9c64597c77ad7aef2d0a19be69a3253e57534d16aa15bf3a4d34a0a3?s=96&d=mm&r=g\",\"caption\":\"\u017baneta Mrozek-Siewierska\"},\"url\":\"https:\\\/\\\/www.24gliwice.pl\\\/wiadomosci\\\/author\\\/zms\\\/\"}]}<\/script>\n<!-- \/ Yoast SEO plugin. -->","yoast_head_json":{"title":"Dwie niedziele bez handlu od marca. Docelowo czeka nas ca\u0142kowity zakaz - 24GLIWICE - Portal Gliwice | codziennie nowe informacje","robots":{"index":"index","follow":"follow","max-snippet":"max-snippet:-1","max-image-preview":"max-image-preview:large","max-video-preview":"max-video-preview:-1"},"canonical":"https:\/\/www.24gliwice.pl\/wiadomosci\/dwie-niedziele-bez-handlu-od-marca-docelowo-czeka-nas-calkowity-zakaz\/","og_locale":"pl_PL","og_type":"article","og_title":"Dwie niedziele bez handlu od marca. Docelowo czeka nas ca\u0142kowity zakaz - 24GLIWICE - Portal Gliwice | codziennie nowe informacje","og_description":"Ograniczenie mia\u0142o wej\u015b\u0107 w \u017cycie ju\u017c od stycznia, jednak zostanie wprowadzone z pewnym op\u00f3\u017anieniem. Na razie zablokuje sprzeda\u017c przez 2 dni w miesi\u0105cu, by ostatecznie w 2020 roku obj\u0105\u0107 wszystkie niedziele. Od 1 marca 2018 roku w ka\u017cdym miesi\u0105cu b\u0119d\u0105 dwie niedziele handlowe \u2013 pierwsza i ostatnia. W kolejnym 2019 roku b\u0119dzie to tylko jedna [&hellip;]","og_url":"https:\/\/www.24gliwice.pl\/wiadomosci\/dwie-niedziele-bez-handlu-od-marca-docelowo-czeka-nas-calkowity-zakaz\/","og_site_name":"24GLIWICE - Portal Gliwice | codziennie nowe informacje","article_publisher":"https:\/\/www.facebook.com\/24gliwice","article_published_time":"2017-11-25T01:10:38+00:00","article_modified_time":"2017-11-25T10:32:52+00:00","og_image":[{"width":510,"height":287,"url":"https:\/\/www.24gliwice.pl\/wiadomosci\/wp-content\/uploads\/2015\/05\/tesco-puste2-510x287.jpg","type":"image\/jpeg"}],"author":"\u017baneta Mrozek-Siewierska","twitter_card":"summary_large_image","twitter_creator":"@24gliwice","twitter_site":"@24gliwice","twitter_misc":{"Napisane przez":"\u017baneta Mrozek-Siewierska","Szacowany czas czytania":"1 minuta"},"schema":{"@context":"https:\/\/schema.org","@graph":[{"@type":"Article","@id":"https:\/\/www.24gliwice.pl\/wiadomosci\/dwie-niedziele-bez-handlu-od-marca-docelowo-czeka-nas-calkowity-zakaz\/#article","isPartOf":{"@id":"https:\/\/www.24gliwice.pl\/wiadomosci\/dwie-niedziele-bez-handlu-od-marca-docelowo-czeka-nas-calkowity-zakaz\/"},"author":{"name":"\u017baneta Mrozek-Siewierska","@id":"https:\/\/www.24gliwice.pl\/wiadomosci\/#\/schema\/person\/e42c650edd7f2fa332be3811fb166b6e"},"headline":"Dwie niedziele bez handlu od marca. Docelowo czeka nas ca\u0142kowity zakaz","datePublished":"2017-11-25T01:10:38+00:00","dateModified":"2017-11-25T10:32:52+00:00","mainEntityOfPage":{"@id":"https:\/\/www.24gliwice.pl\/wiadomosci\/dwie-niedziele-bez-handlu-od-marca-docelowo-czeka-nas-calkowity-zakaz\/"},"wordCount":192,"commentCount":0,"publisher":{"@id":"https:\/\/www.24gliwice.pl\/wiadomosci\/#organization"},"image":{"@id":"https:\/\/www.24gliwice.pl\/wiadomosci\/dwie-niedziele-bez-handlu-od-marca-docelowo-czeka-nas-calkowity-zakaz\/#primaryimage"},"thumbnailUrl":"https:\/\/www.24gliwice.pl\/wiadomosci\/wp-content\/uploads\/2015\/05\/tesco-puste2-510x287.jpg","keywords":["galeria handlowa","handel","piekarnia","sklep","sklepy","zakaz handlu w niedziel\u0119"],"articleSection":["Najnowsze wiadomo\u015bci","Portal Gliwice - Wiadomo\u015bci lokalne"],"inLanguage":"pl-PL","potentialAction":[{"@type":"CommentAction","name":"Comment","target":["https:\/\/www.24gliwice.pl\/wiadomosci\/dwie-niedziele-bez-handlu-od-marca-docelowo-czeka-nas-calkowity-zakaz\/#respond"]}]},{"@type":"WebPage","@id":"https:\/\/www.24gliwice.pl\/wiadomosci\/dwie-niedziele-bez-handlu-od-marca-docelowo-czeka-nas-calkowity-zakaz\/","url":"https:\/\/www.24gliwice.pl\/wiadomosci\/dwie-niedziele-bez-handlu-od-marca-docelowo-czeka-nas-calkowity-zakaz\/","name":"Dwie niedziele bez handlu od marca. Docelowo czeka nas ca\u0142kowity zakaz - 24GLIWICE - Portal Gliwice | codziennie nowe informacje","isPartOf":{"@id":"https:\/\/www.24gliwice.pl\/wiadomosci\/#website"},"primaryImageOfPage":{"@id":"https:\/\/www.24gliwice.pl\/wiadomosci\/dwie-niedziele-bez-handlu-od-marca-docelowo-czeka-nas-calkowity-zakaz\/#primaryimage"},"image":{"@id":"https:\/\/www.24gliwice.pl\/wiadomosci\/dwie-niedziele-bez-handlu-od-marca-docelowo-czeka-nas-calkowity-zakaz\/#primaryimage"},"thumbnailUrl":"https:\/\/www.24gliwice.pl\/wiadomosci\/wp-content\/uploads\/2015\/05\/tesco-puste2-510x287.jpg","datePublished":"2017-11-25T01:10:38+00:00","dateModified":"2017-11-25T10:32:52+00:00","breadcrumb":{"@id":"https:\/\/www.24gliwice.pl\/wiadomosci\/dwie-niedziele-bez-handlu-od-marca-docelowo-czeka-nas-calkowity-zakaz\/#breadcrumb"},"inLanguage":"pl-PL","potentialAction":[{"@type":"ReadAction","target":["https:\/\/www.24gliwice.pl\/wiadomosci\/dwie-niedziele-bez-handlu-od-marca-docelowo-czeka-nas-calkowity-zakaz\/"]}]},{"@type":"ImageObject","inLanguage":"pl-PL","@id":"https:\/\/www.24gliwice.pl\/wiadomosci\/dwie-niedziele-bez-handlu-od-marca-docelowo-czeka-nas-calkowity-zakaz\/#primaryimage","url":"https:\/\/www.24gliwice.pl\/wiadomosci\/wp-content\/uploads\/2015\/05\/tesco-puste2-510x287.jpg","contentUrl":"https:\/\/www.24gliwice.pl\/wiadomosci\/wp-content\/uploads\/2015\/05\/tesco-puste2-510x287.jpg","width":510,"height":287},{"@type":"BreadcrumbList","@id":"https:\/\/www.24gliwice.pl\/wiadomosci\/dwie-niedziele-bez-handlu-od-marca-docelowo-czeka-nas-calkowity-zakaz\/#breadcrumb","itemListElement":[{"@type":"ListItem","position":1,"name":"Strona g\u0142\u00f3wna","item":"https:\/\/www.24gliwice.pl\/wiadomosci\/"},{"@type":"ListItem","position":2,"name":"Dwie niedziele bez handlu od marca. Docelowo czeka nas ca\u0142kowity zakaz"}]},{"@type":"WebSite","@id":"https:\/\/www.24gliwice.pl\/wiadomosci\/#website","url":"https:\/\/www.24gliwice.pl\/wiadomosci\/","name":"24GLIWICE - Portal Gliwice | codziennie nowe wiadomo\u015bci","description":"Portal Miejski Gliwice","publisher":{"@id":"https:\/\/www.24gliwice.pl\/wiadomosci\/#organization"},"potentialAction":[{"@type":"SearchAction","target":{"@type":"EntryPoint","urlTemplate":"https:\/\/www.24gliwice.pl\/wiadomosci\/?s={search_term_string}"},"query-input":{"@type":"PropertyValueSpecification","valueRequired":true,"valueName":"search_term_string"}}],"inLanguage":"pl-PL"},{"@type":"Organization","@id":"https:\/\/www.24gliwice.pl\/wiadomosci\/#organization","name":"24gliwice","url":"https:\/\/www.24gliwice.pl\/wiadomosci\/","logo":{"@type":"ImageObject","inLanguage":"pl-PL","@id":"https:\/\/www.24gliwice.pl\/wiadomosci\/#\/schema\/logo\/image\/","url":"https:\/\/www.24gliwice.pl\/wiadomosci\/wp-content\/uploads\/2024\/10\/24gliwice-logo-696.jpg","contentUrl":"https:\/\/www.24gliwice.pl\/wiadomosci\/wp-content\/uploads\/2024\/10\/24gliwice-logo-696.jpg","width":696,"height":696,"caption":"24gliwice"},"image":{"@id":"https:\/\/www.24gliwice.pl\/wiadomosci\/#\/schema\/logo\/image\/"},"sameAs":["https:\/\/www.facebook.com\/24gliwice","https:\/\/x.com\/24gliwice","https:\/\/www.youtube.com\/@24gliwice"]},{"@type":"Person","@id":"https:\/\/www.24gliwice.pl\/wiadomosci\/#\/schema\/person\/e42c650edd7f2fa332be3811fb166b6e","name":"\u017baneta Mrozek-Siewierska","image":{"@type":"ImageObject","inLanguage":"pl-PL","@id":"https:\/\/secure.gravatar.com\/avatar\/1881429e9c64597c77ad7aef2d0a19be69a3253e57534d16aa15bf3a4d34a0a3?s=96&d=mm&r=g","url":"https:\/\/secure.gravatar.com\/avatar\/1881429e9c64597c77ad7aef2d0a19be69a3253e57534d16aa15bf3a4d34a0a3?s=96&d=mm&r=g","contentUrl":"https:\/\/secure.gravatar.com\/avatar\/1881429e9c64597c77ad7aef2d0a19be69a3253e57534d16aa15bf3a4d34a0a3?s=96&d=mm&r=g","caption":"\u017baneta Mrozek-Siewierska"},"url":"https:\/\/www.24gliwice.pl\/wiadomosci\/author\/zms\/"}]}},"_links":{"self":[{"href":"https:\/\/www.24gliwice.pl\/wiadomosci\/wp-json\/wp\/v2\/posts\/108235","targetHints":{"allow":["GET"]}}],"collection":[{"href":"https:\/\/www.24gliwice.pl\/wiadomosci\/wp-json\/wp\/v2\/posts"}],"about":[{"href":"https:\/\/www.24gliwice.pl\/wiadomosci\/wp-json\/wp\/v2\/types\/post"}],"author":[{"embeddable":true,"href":"https:\/\/www.24gliwice.pl\/wiadomosci\/wp-json\/wp\/v2\/users\/15"}],"replies":[{"embeddable":true,"href":"https:\/\/www.24gliwice.pl\/wiadomosci\/wp-json\/wp\/v2\/comments?post=108235"}],"version-history":[{"count":0,"href":"https:\/\/www.24gliwice.pl\/wiadomosci\/wp-json\/wp\/v2\/posts\/108235\/revisions"}],"wp:featuredmedia":[{"embeddable":true,"href":"https:\/\/www.24gliwice.pl\/wiadomosci\/wp-json\/wp\/v2\/media\/69446"}],"wp:attachment":[{"href":"https:\/\/www.24gliwice.pl\/wiadomosci\/wp-json\/wp\/v2\/media?parent=108235"}],"wp:term":[{"taxonomy":"category","embeddable":true,"href":"https:\/\/www.24gliwice.pl\/wiadomosci\/wp-json\/wp\/v2\/categories?post=108235"},{"taxonomy":"post_tag","embeddable":true,"href":"https:\/\/www.24gliwice.pl\/wiadomosci\/wp-json\/wp\/v2\/tags?post=108235"}],"curies":[{"name":"wp","href":"https:\/\/api.w.org\/{rel}","templated":true}]}}