{"id":108241,"date":"2017-11-27T02:33:41","date_gmt":"2017-11-27T01:33:41","guid":{"rendered":"http:\/\/www.24gliwice.pl\/wiadomosci\/?p=108241"},"modified":"2017-11-27T02:33:41","modified_gmt":"2017-11-27T01:33:41","slug":"pajaczek-zmieni-sie-calkowicie-dwa-skrzyzowania-sygnalizacja-przebudowe-ujeto-w-budzecie-2018","status":"publish","type":"post","link":"https:\/\/www.24gliwice.pl\/wiadomosci\/pajaczek-zmieni-sie-calkowicie-dwa-skrzyzowania-sygnalizacja-przebudowe-ujeto-w-budzecie-2018\/","title":{"rendered":"&#8220;Paj\u0105czek&#8221; zmieni si\u0119 ca\u0142kowicie. Dwa skrzy\u017cowania, sygnalizacja. Przebudow\u0119 uj\u0119to w bud\u017cecie 2018"},"content":{"rendered":"<div class=\"gliwi-a6-nad-leadem-artykulow gliwi-entity-placement\" id=\"gliwi-3830900090\"><div class=\"gliwi-adlabel\"><span style=\"font-size: 9px\">REKLAMA<\/span><\/div><div id=\"gliwi-502935145\" style=\"margin-bottom: 30px;margin-left: auto;margin-right: auto;text-align: center;\"><a data-no-instant=\"1\" href=\"https:\/\/przedszkole.halogen.org.pl\/\" rel=\"noopener\" class=\"a2t-link\" target=\"_blank\" aria-label=\"20260402-ANIMATOR-przedszkole_grafika_750x200\"><img loading=\"lazy\" decoding=\"async\" src=\"https:\/\/www.24gliwice.pl\/wiadomosci\/wp-content\/uploads\/2026\/04\/20260402-ANIMATOR-przedszkole_grafika_750x200.webp\" alt=\"\"  srcset=\"https:\/\/www.24gliwice.pl\/wiadomosci\/wp-content\/uploads\/2026\/04\/20260402-ANIMATOR-przedszkole_grafika_750x200.webp 750w, https:\/\/www.24gliwice.pl\/wiadomosci\/wp-content\/uploads\/2026\/04\/20260402-ANIMATOR-przedszkole_grafika_750x200-410x109.webp 410w\" sizes=\"(max-width: 750px) 100vw, 750px\" class=\"no-lazyload\" width=\"750\" height=\"200\"  style=\"display: inline-block; max-width: 100%; height: auto;\" \/><\/a><\/div><\/div><h3>Skrzy\u017cowanie ulic Daszy\u0144skiego, Wieczorka, Jasnog\u00f3rskiej, Kozielskiej i Sobieskiego nie nale\u017cy do naj\u0142atwiejszych. Pi\u0119\u0107 wylot\u00f3w powoduje, \u017ce z ka\u017cdej strony w\u0142a\u015bciwie mo\u017ce nadjecha\u0107 samoch\u00f3d.<\/h3>\n<p> W\u0142\u0105czanie si\u0119 do ruchu z podporz\u0105dkowanych uliczek w godzinach szczytu bywa trudne.<\/p>\n<p>Zapad\u0142a ju\u017c decyzja w sprawie przebudowy \u201epaj\u0105czka\u201d, projekt zosta\u0142 wpisany w plan bud\u017cetowy na 2018 r. Zostanie od podzielony na dwa odr\u0119bne skrzy\u017cowania. Jedno (Daszy\u0144skiego, Jasnog\u00f3rska, Wieczorka i Kozielska) b\u0119dzie sterowane sygnalizacj\u0105 \u015bwietln\u0105, drugie \u2013 Daszy\u0144skiego z ul. Sobieskiego \u2013 b\u0119dzie zwyk\u0142e.  <\/p><div class=\"gliwi-a3-w-tresci-artykulow gliwi-entity-placement\" id=\"gliwi-2803742631\"><div class=\"gliwi-adlabel\"><span style=\"font-size: 9px\">REKLAMA<\/span><\/div><div id=\"gliwi-2715620915\" style=\"margin-bottom: 30px;margin-left: auto;margin-right: auto;text-align: center;\"><a data-no-instant=\"1\" href=\"https:\/\/ogrodyandersa.pl\/\" rel=\"noopener\" class=\"a2t-link\" target=\"_blank\" aria-label=\"20260415 Ogrody Andersa KUP TERAZ D\"><img loading=\"lazy\" decoding=\"async\" src=\"https:\/\/www.24gliwice.pl\/wiadomosci\/wp-content\/uploads\/2026\/04\/20260415-Ogrody-Andersa-KUP-TERAZ-D.jpg\" alt=\"\"  srcset=\"https:\/\/www.24gliwice.pl\/wiadomosci\/wp-content\/uploads\/2026\/04\/20260415-Ogrody-Andersa-KUP-TERAZ-D.jpg 750w, https:\/\/www.24gliwice.pl\/wiadomosci\/wp-content\/uploads\/2026\/04\/20260415-Ogrody-Andersa-KUP-TERAZ-D-410x109.jpg 410w\" sizes=\"(max-width: 750px) 100vw, 750px\" class=\"no-lazyload\" width=\"750\" height=\"200\"  style=\"display: inline-block; max-width: 100%; height: auto;\" \/><\/a><\/div><\/div>\n<p>\u2013 Przy okazji przebudowy tory tramwajowe w ci\u0105gu ul. Daszy\u0144skiego zostan\u0105 usuni\u0119te. Zmodernizowana b\u0119dzie zatoka autobusowa przy ul. Jasnog\u00f3rskiej. Przy ko\u015bciele p.w. Podwy\u017cszenia Krzy\u017ca \u015awi\u0119tego przygotowane zostan\u0105 miejsca postojowe \u2013 wylicza <strong>Jadwiga Jagie\u0142\u0142o-Stiborska<\/strong>, rzecznik Zarz\u0105du Dr\u00f3g Miejskich w Gliwicach. <\/p>\n<blockquote><p>Ponadto przeniesiemy przystanek z ul. Wieczorka na ul. Daszy\u0144skiego, a ten z ul. Daszy\u0144skiego za skrzy\u017cowanie ul. Daszy\u0144skiego i Sobieskiego <\/p><\/blockquote>\n<p>\u2013 dodaje.<\/p>\n<p>Przetarg na opracowanie dokumentacji zosta\u0142 rozstrzygni\u0119ty ju\u017c w po\u0142owie 2014 roku. W 2016 zako\u0144czy\u0142y si\u0119 prace projektowe. Od tego czasu sprawa ucich\u0142a. Teraz wraca jako pozycja w bud\u017cecie na 2018 r., wi\u0119c pozostaje mie\u0107 nadziej\u0119, \u017ce nie podzieli losu autobusu szynowego, kt\u00f3ry realizacja jest przesuwana z roku na rok. <\/p>\n<p>(\u017cms)\/UM(mf)<br \/>\nfot. arch. 24gliwice.pl<\/p>\n<div class=\"gliwi-a5-na-koncu-artykulow gliwi-entity-placement\" id=\"gliwi-3943105998\"><div class=\"gliwi-adlabel\"><span style=\"font-size: 9px\">REKLAMA<\/span><\/div><div id=\"gliwi-523314516\" style=\"margin-left: auto;margin-right: auto;text-align: center;\"><a data-no-instant=\"1\" href=\"https:\/\/prezeroarenagliwice.pl\/\" rel=\"noopener\" class=\"a2t-link\" target=\"_blank\" aria-label=\"20260309-PREZERO-WIOSNA-D\"><img loading=\"lazy\" decoding=\"async\" src=\"https:\/\/www.24gliwice.pl\/wiadomosci\/wp-content\/uploads\/2026\/03\/20260309-PREZERO-WIOSNA-D.webp\" alt=\"\"  srcset=\"https:\/\/www.24gliwice.pl\/wiadomosci\/wp-content\/uploads\/2026\/03\/20260309-PREZERO-WIOSNA-D.webp 750w, https:\/\/www.24gliwice.pl\/wiadomosci\/wp-content\/uploads\/2026\/03\/20260309-PREZERO-WIOSNA-D-410x109.webp 410w\" sizes=\"(max-width: 750px) 100vw, 750px\" class=\"no-lazyload\" width=\"750\" height=\"200\"  style=\"display: inline-block; max-width: 100%; height: auto;\" \/><\/a><\/div><\/div>","protected":false},"excerpt":{"rendered":"<p>Skrzy\u017cowanie ulic Daszy\u0144skiego, Wieczorka, Jasnog\u00f3rskiej, Kozielskiej i Sobieskiego nie nale\u017cy do naj\u0142atwiejszych. Pi\u0119\u0107 wylot\u00f3w powoduje, \u017ce z ka\u017cdej strony w\u0142a\u015bciwie mo\u017ce nadjecha\u0107 samoch\u00f3d. W\u0142\u0105czanie si\u0119 do ruchu z podporz\u0105dkowanych uliczek w godzinach szczytu bywa trudne. Zapad\u0142a ju\u017c decyzja w sprawie przebudowy \u201epaj\u0105czka\u201d, projekt zosta\u0142 wpisany w plan bud\u017cetowy na 2018 r. Zostanie od podzielony na [&hellip;]<\/p>\n","protected":false},"author":15,"featured_media":85227,"comment_status":"open","ping_status":"closed","sticky":false,"template":"","format":"standard","meta":{"_monsterinsights_skip_tracking":false,"_monsterinsights_sitenote_active":false,"_monsterinsights_sitenote_note":"","_monsterinsights_sitenote_category":0,"footnotes":"","_links_to":"","_links_to_target":""},"categories":[3,1,9],"tags":[990,4781,476,10774,9429,981,4967,214],"class_list":["post-108241","post","type-post","status-publish","format-standard","has-post-thumbnail","hentry","category-gliwice","category-wszystko","category-aktualnosci_lokalne","tag-daszynskiego","tag-jasnogorska","tag-kozielska","tag-pajaczek","tag-przebudowa","tag-sobieskiego","tag-wieczorka","tag-zdm"],"yoast_head":"<!-- This site is optimized with the Yoast SEO plugin v27.5 - https:\/\/yoast.com\/product\/yoast-seo-wordpress\/ -->\n<title>&quot;Paj\u0105czek&quot; zmieni si\u0119 ca\u0142kowicie. Dwa skrzy\u017cowania, sygnalizacja. Przebudow\u0119 uj\u0119to w bud\u017cecie 2018 - 24GLIWICE - Portal Gliwice | codziennie nowe informacje<\/title>\n<meta name=\"robots\" content=\"index, follow, max-snippet:-1, max-image-preview:large, max-video-preview:-1\" \/>\n<link rel=\"canonical\" href=\"https:\/\/www.24gliwice.pl\/wiadomosci\/pajaczek-zmieni-sie-calkowicie-dwa-skrzyzowania-sygnalizacja-przebudowe-ujeto-w-budzecie-2018\/\" \/>\n<meta property=\"og:locale\" content=\"pl_PL\" \/>\n<meta property=\"og:type\" content=\"article\" \/>\n<meta property=\"og:title\" content=\"&quot;Paj\u0105czek&quot; zmieni si\u0119 ca\u0142kowicie. Dwa skrzy\u017cowania, sygnalizacja. Przebudow\u0119 uj\u0119to w bud\u017cecie 2018 - 24GLIWICE - Portal Gliwice | codziennie nowe informacje\" \/>\n<meta property=\"og:description\" content=\"Skrzy\u017cowanie ulic Daszy\u0144skiego, Wieczorka, Jasnog\u00f3rskiej, Kozielskiej i Sobieskiego nie nale\u017cy do naj\u0142atwiejszych. Pi\u0119\u0107 wylot\u00f3w powoduje, \u017ce z ka\u017cdej strony w\u0142a\u015bciwie mo\u017ce nadjecha\u0107 samoch\u00f3d. W\u0142\u0105czanie si\u0119 do ruchu z podporz\u0105dkowanych uliczek w godzinach szczytu bywa trudne. Zapad\u0142a ju\u017c decyzja w sprawie przebudowy \u201epaj\u0105czka\u201d, projekt zosta\u0142 wpisany w plan bud\u017cetowy na 2018 r. Zostanie od podzielony na [&hellip;]\" \/>\n<meta property=\"og:url\" content=\"https:\/\/www.24gliwice.pl\/wiadomosci\/pajaczek-zmieni-sie-calkowicie-dwa-skrzyzowania-sygnalizacja-przebudowe-ujeto-w-budzecie-2018\/\" \/>\n<meta property=\"og:site_name\" content=\"24GLIWICE - Portal Gliwice | codziennie nowe informacje\" \/>\n<meta property=\"article:publisher\" content=\"https:\/\/www.facebook.com\/24gliwice\" \/>\n<meta property=\"article:published_time\" content=\"2017-11-27T01:33:41+00:00\" \/>\n<meta property=\"og:image\" content=\"https:\/\/www.24gliwice.pl\/wiadomosci\/wp-content\/uploads\/2016\/06\/paj\u0105czek-e1511531401294.jpg\" \/>\n\t<meta property=\"og:image:width\" content=\"810\" \/>\n\t<meta property=\"og:image:height\" content=\"456\" \/>\n\t<meta property=\"og:image:type\" content=\"image\/jpeg\" \/>\n<meta name=\"author\" content=\"\u017baneta Mrozek-Siewierska\" \/>\n<meta name=\"twitter:card\" content=\"summary_large_image\" \/>\n<meta name=\"twitter:creator\" content=\"@24gliwice\" \/>\n<meta name=\"twitter:site\" content=\"@24gliwice\" \/>\n<meta name=\"twitter:label1\" content=\"Napisane przez\" \/>\n\t<meta name=\"twitter:data1\" content=\"\u017baneta Mrozek-Siewierska\" \/>\n\t<meta name=\"twitter:label2\" content=\"Szacowany czas czytania\" \/>\n\t<meta name=\"twitter:data2\" content=\"1 minuta\" \/>\n<script type=\"application\/ld+json\" class=\"yoast-schema-graph\">{\"@context\":\"https:\\\/\\\/schema.org\",\"@graph\":[{\"@type\":\"Article\",\"@id\":\"https:\\\/\\\/www.24gliwice.pl\\\/wiadomosci\\\/pajaczek-zmieni-sie-calkowicie-dwa-skrzyzowania-sygnalizacja-przebudowe-ujeto-w-budzecie-2018\\\/#article\",\"isPartOf\":{\"@id\":\"https:\\\/\\\/www.24gliwice.pl\\\/wiadomosci\\\/pajaczek-zmieni-sie-calkowicie-dwa-skrzyzowania-sygnalizacja-przebudowe-ujeto-w-budzecie-2018\\\/\"},\"author\":{\"name\":\"\u017baneta Mrozek-Siewierska\",\"@id\":\"https:\\\/\\\/www.24gliwice.pl\\\/wiadomosci\\\/#\\\/schema\\\/person\\\/e42c650edd7f2fa332be3811fb166b6e\"},\"headline\":\"&#8220;Paj\u0105czek&#8221; zmieni si\u0119 ca\u0142kowicie. Dwa skrzy\u017cowania, sygnalizacja. Przebudow\u0119 uj\u0119to w bud\u017cecie 2018\",\"datePublished\":\"2017-11-27T01:33:41+00:00\",\"mainEntityOfPage\":{\"@id\":\"https:\\\/\\\/www.24gliwice.pl\\\/wiadomosci\\\/pajaczek-zmieni-sie-calkowicie-dwa-skrzyzowania-sygnalizacja-przebudowe-ujeto-w-budzecie-2018\\\/\"},\"wordCount\":250,\"commentCount\":0,\"publisher\":{\"@id\":\"https:\\\/\\\/www.24gliwice.pl\\\/wiadomosci\\\/#organization\"},\"image\":{\"@id\":\"https:\\\/\\\/www.24gliwice.pl\\\/wiadomosci\\\/pajaczek-zmieni-sie-calkowicie-dwa-skrzyzowania-sygnalizacja-przebudowe-ujeto-w-budzecie-2018\\\/#primaryimage\"},\"thumbnailUrl\":\"https:\\\/\\\/www.24gliwice.pl\\\/wiadomosci\\\/wp-content\\\/uploads\\\/2016\\\/06\\\/paj\u0105czek-e1511531401294.jpg\",\"keywords\":[\"DASZY\u0143SKIEGO\",\"jasnog\u00f3rska\",\"KOZIELSKA\",\"paj\u0105czek\",\"PRZEBUDOWA\",\"sobieskiego\",\"WIECZORKA\",\"ZDM\"],\"articleSection\":[\"Gliwice\",\"Najnowsze wiadomo\u015bci\",\"Portal Gliwice - Wiadomo\u015bci lokalne\"],\"inLanguage\":\"pl-PL\",\"potentialAction\":[{\"@type\":\"CommentAction\",\"name\":\"Comment\",\"target\":[\"https:\\\/\\\/www.24gliwice.pl\\\/wiadomosci\\\/pajaczek-zmieni-sie-calkowicie-dwa-skrzyzowania-sygnalizacja-przebudowe-ujeto-w-budzecie-2018\\\/#respond\"]}]},{\"@type\":\"WebPage\",\"@id\":\"https:\\\/\\\/www.24gliwice.pl\\\/wiadomosci\\\/pajaczek-zmieni-sie-calkowicie-dwa-skrzyzowania-sygnalizacja-przebudowe-ujeto-w-budzecie-2018\\\/\",\"url\":\"https:\\\/\\\/www.24gliwice.pl\\\/wiadomosci\\\/pajaczek-zmieni-sie-calkowicie-dwa-skrzyzowania-sygnalizacja-przebudowe-ujeto-w-budzecie-2018\\\/\",\"name\":\"\\\"Paj\u0105czek\\\" zmieni si\u0119 ca\u0142kowicie. Dwa skrzy\u017cowania, sygnalizacja. Przebudow\u0119 uj\u0119to w bud\u017cecie 2018 - 24GLIWICE - Portal Gliwice | codziennie nowe informacje\",\"isPartOf\":{\"@id\":\"https:\\\/\\\/www.24gliwice.pl\\\/wiadomosci\\\/#website\"},\"primaryImageOfPage\":{\"@id\":\"https:\\\/\\\/www.24gliwice.pl\\\/wiadomosci\\\/pajaczek-zmieni-sie-calkowicie-dwa-skrzyzowania-sygnalizacja-przebudowe-ujeto-w-budzecie-2018\\\/#primaryimage\"},\"image\":{\"@id\":\"https:\\\/\\\/www.24gliwice.pl\\\/wiadomosci\\\/pajaczek-zmieni-sie-calkowicie-dwa-skrzyzowania-sygnalizacja-przebudowe-ujeto-w-budzecie-2018\\\/#primaryimage\"},\"thumbnailUrl\":\"https:\\\/\\\/www.24gliwice.pl\\\/wiadomosci\\\/wp-content\\\/uploads\\\/2016\\\/06\\\/paj\u0105czek-e1511531401294.jpg\",\"datePublished\":\"2017-11-27T01:33:41+00:00\",\"breadcrumb\":{\"@id\":\"https:\\\/\\\/www.24gliwice.pl\\\/wiadomosci\\\/pajaczek-zmieni-sie-calkowicie-dwa-skrzyzowania-sygnalizacja-przebudowe-ujeto-w-budzecie-2018\\\/#breadcrumb\"},\"inLanguage\":\"pl-PL\",\"potentialAction\":[{\"@type\":\"ReadAction\",\"target\":[\"https:\\\/\\\/www.24gliwice.pl\\\/wiadomosci\\\/pajaczek-zmieni-sie-calkowicie-dwa-skrzyzowania-sygnalizacja-przebudowe-ujeto-w-budzecie-2018\\\/\"]}]},{\"@type\":\"ImageObject\",\"inLanguage\":\"pl-PL\",\"@id\":\"https:\\\/\\\/www.24gliwice.pl\\\/wiadomosci\\\/pajaczek-zmieni-sie-calkowicie-dwa-skrzyzowania-sygnalizacja-przebudowe-ujeto-w-budzecie-2018\\\/#primaryimage\",\"url\":\"https:\\\/\\\/www.24gliwice.pl\\\/wiadomosci\\\/wp-content\\\/uploads\\\/2016\\\/06\\\/paj\u0105czek-e1511531401294.jpg\",\"contentUrl\":\"https:\\\/\\\/www.24gliwice.pl\\\/wiadomosci\\\/wp-content\\\/uploads\\\/2016\\\/06\\\/paj\u0105czek-e1511531401294.jpg\",\"width\":810,\"height\":456},{\"@type\":\"BreadcrumbList\",\"@id\":\"https:\\\/\\\/www.24gliwice.pl\\\/wiadomosci\\\/pajaczek-zmieni-sie-calkowicie-dwa-skrzyzowania-sygnalizacja-przebudowe-ujeto-w-budzecie-2018\\\/#breadcrumb\",\"itemListElement\":[{\"@type\":\"ListItem\",\"position\":1,\"name\":\"Strona g\u0142\u00f3wna\",\"item\":\"https:\\\/\\\/www.24gliwice.pl\\\/wiadomosci\\\/\"},{\"@type\":\"ListItem\",\"position\":2,\"name\":\"&#8222;Paj\u0105czek&#8221; zmieni si\u0119 ca\u0142kowicie. Dwa skrzy\u017cowania, sygnalizacja. Przebudow\u0119 uj\u0119to w bud\u017cecie 2018\"}]},{\"@type\":\"WebSite\",\"@id\":\"https:\\\/\\\/www.24gliwice.pl\\\/wiadomosci\\\/#website\",\"url\":\"https:\\\/\\\/www.24gliwice.pl\\\/wiadomosci\\\/\",\"name\":\"24GLIWICE - Portal Gliwice | codziennie nowe wiadomo\u015bci\",\"description\":\"Portal Miejski Gliwice\",\"publisher\":{\"@id\":\"https:\\\/\\\/www.24gliwice.pl\\\/wiadomosci\\\/#organization\"},\"potentialAction\":[{\"@type\":\"SearchAction\",\"target\":{\"@type\":\"EntryPoint\",\"urlTemplate\":\"https:\\\/\\\/www.24gliwice.pl\\\/wiadomosci\\\/?s={search_term_string}\"},\"query-input\":{\"@type\":\"PropertyValueSpecification\",\"valueRequired\":true,\"valueName\":\"search_term_string\"}}],\"inLanguage\":\"pl-PL\"},{\"@type\":\"Organization\",\"@id\":\"https:\\\/\\\/www.24gliwice.pl\\\/wiadomosci\\\/#organization\",\"name\":\"24gliwice\",\"url\":\"https:\\\/\\\/www.24gliwice.pl\\\/wiadomosci\\\/\",\"logo\":{\"@type\":\"ImageObject\",\"inLanguage\":\"pl-PL\",\"@id\":\"https:\\\/\\\/www.24gliwice.pl\\\/wiadomosci\\\/#\\\/schema\\\/logo\\\/image\\\/\",\"url\":\"https:\\\/\\\/www.24gliwice.pl\\\/wiadomosci\\\/wp-content\\\/uploads\\\/2024\\\/10\\\/24gliwice-logo-696.jpg\",\"contentUrl\":\"https:\\\/\\\/www.24gliwice.pl\\\/wiadomosci\\\/wp-content\\\/uploads\\\/2024\\\/10\\\/24gliwice-logo-696.jpg\",\"width\":696,\"height\":696,\"caption\":\"24gliwice\"},\"image\":{\"@id\":\"https:\\\/\\\/www.24gliwice.pl\\\/wiadomosci\\\/#\\\/schema\\\/logo\\\/image\\\/\"},\"sameAs\":[\"https:\\\/\\\/www.facebook.com\\\/24gliwice\",\"https:\\\/\\\/x.com\\\/24gliwice\",\"https:\\\/\\\/www.youtube.com\\\/@24gliwice\"]},{\"@type\":\"Person\",\"@id\":\"https:\\\/\\\/www.24gliwice.pl\\\/wiadomosci\\\/#\\\/schema\\\/person\\\/e42c650edd7f2fa332be3811fb166b6e\",\"name\":\"\u017baneta Mrozek-Siewierska\",\"image\":{\"@type\":\"ImageObject\",\"inLanguage\":\"pl-PL\",\"@id\":\"https:\\\/\\\/secure.gravatar.com\\\/avatar\\\/1881429e9c64597c77ad7aef2d0a19be69a3253e57534d16aa15bf3a4d34a0a3?s=96&d=mm&r=g\",\"url\":\"https:\\\/\\\/secure.gravatar.com\\\/avatar\\\/1881429e9c64597c77ad7aef2d0a19be69a3253e57534d16aa15bf3a4d34a0a3?s=96&d=mm&r=g\",\"contentUrl\":\"https:\\\/\\\/secure.gravatar.com\\\/avatar\\\/1881429e9c64597c77ad7aef2d0a19be69a3253e57534d16aa15bf3a4d34a0a3?s=96&d=mm&r=g\",\"caption\":\"\u017baneta Mrozek-Siewierska\"},\"url\":\"https:\\\/\\\/www.24gliwice.pl\\\/wiadomosci\\\/author\\\/zms\\\/\"}]}<\/script>\n<!-- \/ Yoast SEO plugin. -->","yoast_head_json":{"title":"\"Paj\u0105czek\" zmieni si\u0119 ca\u0142kowicie. Dwa skrzy\u017cowania, sygnalizacja. Przebudow\u0119 uj\u0119to w bud\u017cecie 2018 - 24GLIWICE - Portal Gliwice | codziennie nowe informacje","robots":{"index":"index","follow":"follow","max-snippet":"max-snippet:-1","max-image-preview":"max-image-preview:large","max-video-preview":"max-video-preview:-1"},"canonical":"https:\/\/www.24gliwice.pl\/wiadomosci\/pajaczek-zmieni-sie-calkowicie-dwa-skrzyzowania-sygnalizacja-przebudowe-ujeto-w-budzecie-2018\/","og_locale":"pl_PL","og_type":"article","og_title":"\"Paj\u0105czek\" zmieni si\u0119 ca\u0142kowicie. Dwa skrzy\u017cowania, sygnalizacja. Przebudow\u0119 uj\u0119to w bud\u017cecie 2018 - 24GLIWICE - Portal Gliwice | codziennie nowe informacje","og_description":"Skrzy\u017cowanie ulic Daszy\u0144skiego, Wieczorka, Jasnog\u00f3rskiej, Kozielskiej i Sobieskiego nie nale\u017cy do naj\u0142atwiejszych. Pi\u0119\u0107 wylot\u00f3w powoduje, \u017ce z ka\u017cdej strony w\u0142a\u015bciwie mo\u017ce nadjecha\u0107 samoch\u00f3d. W\u0142\u0105czanie si\u0119 do ruchu z podporz\u0105dkowanych uliczek w godzinach szczytu bywa trudne. Zapad\u0142a ju\u017c decyzja w sprawie przebudowy \u201epaj\u0105czka\u201d, projekt zosta\u0142 wpisany w plan bud\u017cetowy na 2018 r. Zostanie od podzielony na [&hellip;]","og_url":"https:\/\/www.24gliwice.pl\/wiadomosci\/pajaczek-zmieni-sie-calkowicie-dwa-skrzyzowania-sygnalizacja-przebudowe-ujeto-w-budzecie-2018\/","og_site_name":"24GLIWICE - Portal Gliwice | codziennie nowe informacje","article_publisher":"https:\/\/www.facebook.com\/24gliwice","article_published_time":"2017-11-27T01:33:41+00:00","og_image":[{"width":810,"height":456,"url":"https:\/\/www.24gliwice.pl\/wiadomosci\/wp-content\/uploads\/2016\/06\/paj\u0105czek-e1511531401294.jpg","type":"image\/jpeg"}],"author":"\u017baneta Mrozek-Siewierska","twitter_card":"summary_large_image","twitter_creator":"@24gliwice","twitter_site":"@24gliwice","twitter_misc":{"Napisane przez":"\u017baneta Mrozek-Siewierska","Szacowany czas czytania":"1 minuta"},"schema":{"@context":"https:\/\/schema.org","@graph":[{"@type":"Article","@id":"https:\/\/www.24gliwice.pl\/wiadomosci\/pajaczek-zmieni-sie-calkowicie-dwa-skrzyzowania-sygnalizacja-przebudowe-ujeto-w-budzecie-2018\/#article","isPartOf":{"@id":"https:\/\/www.24gliwice.pl\/wiadomosci\/pajaczek-zmieni-sie-calkowicie-dwa-skrzyzowania-sygnalizacja-przebudowe-ujeto-w-budzecie-2018\/"},"author":{"name":"\u017baneta Mrozek-Siewierska","@id":"https:\/\/www.24gliwice.pl\/wiadomosci\/#\/schema\/person\/e42c650edd7f2fa332be3811fb166b6e"},"headline":"&#8220;Paj\u0105czek&#8221; zmieni si\u0119 ca\u0142kowicie. Dwa skrzy\u017cowania, sygnalizacja. Przebudow\u0119 uj\u0119to w bud\u017cecie 2018","datePublished":"2017-11-27T01:33:41+00:00","mainEntityOfPage":{"@id":"https:\/\/www.24gliwice.pl\/wiadomosci\/pajaczek-zmieni-sie-calkowicie-dwa-skrzyzowania-sygnalizacja-przebudowe-ujeto-w-budzecie-2018\/"},"wordCount":250,"commentCount":0,"publisher":{"@id":"https:\/\/www.24gliwice.pl\/wiadomosci\/#organization"},"image":{"@id":"https:\/\/www.24gliwice.pl\/wiadomosci\/pajaczek-zmieni-sie-calkowicie-dwa-skrzyzowania-sygnalizacja-przebudowe-ujeto-w-budzecie-2018\/#primaryimage"},"thumbnailUrl":"https:\/\/www.24gliwice.pl\/wiadomosci\/wp-content\/uploads\/2016\/06\/paj\u0105czek-e1511531401294.jpg","keywords":["DASZY\u0143SKIEGO","jasnog\u00f3rska","KOZIELSKA","paj\u0105czek","PRZEBUDOWA","sobieskiego","WIECZORKA","ZDM"],"articleSection":["Gliwice","Najnowsze wiadomo\u015bci","Portal Gliwice - Wiadomo\u015bci lokalne"],"inLanguage":"pl-PL","potentialAction":[{"@type":"CommentAction","name":"Comment","target":["https:\/\/www.24gliwice.pl\/wiadomosci\/pajaczek-zmieni-sie-calkowicie-dwa-skrzyzowania-sygnalizacja-przebudowe-ujeto-w-budzecie-2018\/#respond"]}]},{"@type":"WebPage","@id":"https:\/\/www.24gliwice.pl\/wiadomosci\/pajaczek-zmieni-sie-calkowicie-dwa-skrzyzowania-sygnalizacja-przebudowe-ujeto-w-budzecie-2018\/","url":"https:\/\/www.24gliwice.pl\/wiadomosci\/pajaczek-zmieni-sie-calkowicie-dwa-skrzyzowania-sygnalizacja-przebudowe-ujeto-w-budzecie-2018\/","name":"\"Paj\u0105czek\" zmieni si\u0119 ca\u0142kowicie. Dwa skrzy\u017cowania, sygnalizacja. Przebudow\u0119 uj\u0119to w bud\u017cecie 2018 - 24GLIWICE - Portal Gliwice | codziennie nowe informacje","isPartOf":{"@id":"https:\/\/www.24gliwice.pl\/wiadomosci\/#website"},"primaryImageOfPage":{"@id":"https:\/\/www.24gliwice.pl\/wiadomosci\/pajaczek-zmieni-sie-calkowicie-dwa-skrzyzowania-sygnalizacja-przebudowe-ujeto-w-budzecie-2018\/#primaryimage"},"image":{"@id":"https:\/\/www.24gliwice.pl\/wiadomosci\/pajaczek-zmieni-sie-calkowicie-dwa-skrzyzowania-sygnalizacja-przebudowe-ujeto-w-budzecie-2018\/#primaryimage"},"thumbnailUrl":"https:\/\/www.24gliwice.pl\/wiadomosci\/wp-content\/uploads\/2016\/06\/paj\u0105czek-e1511531401294.jpg","datePublished":"2017-11-27T01:33:41+00:00","breadcrumb":{"@id":"https:\/\/www.24gliwice.pl\/wiadomosci\/pajaczek-zmieni-sie-calkowicie-dwa-skrzyzowania-sygnalizacja-przebudowe-ujeto-w-budzecie-2018\/#breadcrumb"},"inLanguage":"pl-PL","potentialAction":[{"@type":"ReadAction","target":["https:\/\/www.24gliwice.pl\/wiadomosci\/pajaczek-zmieni-sie-calkowicie-dwa-skrzyzowania-sygnalizacja-przebudowe-ujeto-w-budzecie-2018\/"]}]},{"@type":"ImageObject","inLanguage":"pl-PL","@id":"https:\/\/www.24gliwice.pl\/wiadomosci\/pajaczek-zmieni-sie-calkowicie-dwa-skrzyzowania-sygnalizacja-przebudowe-ujeto-w-budzecie-2018\/#primaryimage","url":"https:\/\/www.24gliwice.pl\/wiadomosci\/wp-content\/uploads\/2016\/06\/paj\u0105czek-e1511531401294.jpg","contentUrl":"https:\/\/www.24gliwice.pl\/wiadomosci\/wp-content\/uploads\/2016\/06\/paj\u0105czek-e1511531401294.jpg","width":810,"height":456},{"@type":"BreadcrumbList","@id":"https:\/\/www.24gliwice.pl\/wiadomosci\/pajaczek-zmieni-sie-calkowicie-dwa-skrzyzowania-sygnalizacja-przebudowe-ujeto-w-budzecie-2018\/#breadcrumb","itemListElement":[{"@type":"ListItem","position":1,"name":"Strona g\u0142\u00f3wna","item":"https:\/\/www.24gliwice.pl\/wiadomosci\/"},{"@type":"ListItem","position":2,"name":"&#8222;Paj\u0105czek&#8221; zmieni si\u0119 ca\u0142kowicie. Dwa skrzy\u017cowania, sygnalizacja. Przebudow\u0119 uj\u0119to w bud\u017cecie 2018"}]},{"@type":"WebSite","@id":"https:\/\/www.24gliwice.pl\/wiadomosci\/#website","url":"https:\/\/www.24gliwice.pl\/wiadomosci\/","name":"24GLIWICE - Portal Gliwice | codziennie nowe wiadomo\u015bci","description":"Portal Miejski Gliwice","publisher":{"@id":"https:\/\/www.24gliwice.pl\/wiadomosci\/#organization"},"potentialAction":[{"@type":"SearchAction","target":{"@type":"EntryPoint","urlTemplate":"https:\/\/www.24gliwice.pl\/wiadomosci\/?s={search_term_string}"},"query-input":{"@type":"PropertyValueSpecification","valueRequired":true,"valueName":"search_term_string"}}],"inLanguage":"pl-PL"},{"@type":"Organization","@id":"https:\/\/www.24gliwice.pl\/wiadomosci\/#organization","name":"24gliwice","url":"https:\/\/www.24gliwice.pl\/wiadomosci\/","logo":{"@type":"ImageObject","inLanguage":"pl-PL","@id":"https:\/\/www.24gliwice.pl\/wiadomosci\/#\/schema\/logo\/image\/","url":"https:\/\/www.24gliwice.pl\/wiadomosci\/wp-content\/uploads\/2024\/10\/24gliwice-logo-696.jpg","contentUrl":"https:\/\/www.24gliwice.pl\/wiadomosci\/wp-content\/uploads\/2024\/10\/24gliwice-logo-696.jpg","width":696,"height":696,"caption":"24gliwice"},"image":{"@id":"https:\/\/www.24gliwice.pl\/wiadomosci\/#\/schema\/logo\/image\/"},"sameAs":["https:\/\/www.facebook.com\/24gliwice","https:\/\/x.com\/24gliwice","https:\/\/www.youtube.com\/@24gliwice"]},{"@type":"Person","@id":"https:\/\/www.24gliwice.pl\/wiadomosci\/#\/schema\/person\/e42c650edd7f2fa332be3811fb166b6e","name":"\u017baneta Mrozek-Siewierska","image":{"@type":"ImageObject","inLanguage":"pl-PL","@id":"https:\/\/secure.gravatar.com\/avatar\/1881429e9c64597c77ad7aef2d0a19be69a3253e57534d16aa15bf3a4d34a0a3?s=96&d=mm&r=g","url":"https:\/\/secure.gravatar.com\/avatar\/1881429e9c64597c77ad7aef2d0a19be69a3253e57534d16aa15bf3a4d34a0a3?s=96&d=mm&r=g","contentUrl":"https:\/\/secure.gravatar.com\/avatar\/1881429e9c64597c77ad7aef2d0a19be69a3253e57534d16aa15bf3a4d34a0a3?s=96&d=mm&r=g","caption":"\u017baneta Mrozek-Siewierska"},"url":"https:\/\/www.24gliwice.pl\/wiadomosci\/author\/zms\/"}]}},"_links":{"self":[{"href":"https:\/\/www.24gliwice.pl\/wiadomosci\/wp-json\/wp\/v2\/posts\/108241","targetHints":{"allow":["GET"]}}],"collection":[{"href":"https:\/\/www.24gliwice.pl\/wiadomosci\/wp-json\/wp\/v2\/posts"}],"about":[{"href":"https:\/\/www.24gliwice.pl\/wiadomosci\/wp-json\/wp\/v2\/types\/post"}],"author":[{"embeddable":true,"href":"https:\/\/www.24gliwice.pl\/wiadomosci\/wp-json\/wp\/v2\/users\/15"}],"replies":[{"embeddable":true,"href":"https:\/\/www.24gliwice.pl\/wiadomosci\/wp-json\/wp\/v2\/comments?post=108241"}],"version-history":[{"count":0,"href":"https:\/\/www.24gliwice.pl\/wiadomosci\/wp-json\/wp\/v2\/posts\/108241\/revisions"}],"wp:featuredmedia":[{"embeddable":true,"href":"https:\/\/www.24gliwice.pl\/wiadomosci\/wp-json\/wp\/v2\/media\/85227"}],"wp:attachment":[{"href":"https:\/\/www.24gliwice.pl\/wiadomosci\/wp-json\/wp\/v2\/media?parent=108241"}],"wp:term":[{"taxonomy":"category","embeddable":true,"href":"https:\/\/www.24gliwice.pl\/wiadomosci\/wp-json\/wp\/v2\/categories?post=108241"},{"taxonomy":"post_tag","embeddable":true,"href":"https:\/\/www.24gliwice.pl\/wiadomosci\/wp-json\/wp\/v2\/tags?post=108241"}],"curies":[{"name":"wp","href":"https:\/\/api.w.org\/{rel}","templated":true}]}}