{"id":108267,"date":"2017-11-25T19:33:44","date_gmt":"2017-11-25T18:33:44","guid":{"rendered":"http:\/\/www.24gliwice.pl\/wiadomosci\/?p=108267"},"modified":"2024-08-20T02:01:02","modified_gmt":"2024-08-20T00:01:02","slug":"mecz-na-wodzie-zakonczony-remisem-rzesiste-ulewy-opoznily-spotkanie-pogoni-z-piastem","status":"publish","type":"post","link":"https:\/\/www.24gliwice.pl\/wiadomosci\/mecz-na-wodzie-zakonczony-remisem-rzesiste-ulewy-opoznily-spotkanie-pogoni-z-piastem\/","title":{"rendered":"Mecz na wodzie zako\u0144czony remisem. Rz\u0119siste ulewy op\u00f3\u017ani\u0142y spotkanie Pogoni z Piastem"},"content":{"rendered":"<div class=\"gliwi-a6-nad-leadem-artykulow gliwi-entity-placement\" id=\"gliwi-3167049789\"><div class=\"gliwi-adlabel\"><span style=\"font-size: 9px\">REKLAMA<\/span><\/div><div id=\"gliwi-436860473\" style=\"margin-bottom: 25px;margin-left: auto;margin-right: auto;text-align: center;\"><a data-no-instant=\"1\" href=\"https:\/\/dom100.eu\/\" rel=\"noopener\" class=\"a2t-link\" target=\"_blank\" aria-label=\"20260415 DOM100 D\"><img loading=\"lazy\" decoding=\"async\" src=\"https:\/\/www.24gliwice.pl\/wiadomosci\/wp-content\/uploads\/2026\/04\/20260415-DOM100-D.jpg\" alt=\"\"  srcset=\"https:\/\/www.24gliwice.pl\/wiadomosci\/wp-content\/uploads\/2026\/04\/20260415-DOM100-D.jpg 750w, https:\/\/www.24gliwice.pl\/wiadomosci\/wp-content\/uploads\/2026\/04\/20260415-DOM100-D-410x109.jpg 410w\" sizes=\"(max-width: 750px) 100vw, 750px\" class=\"no-lazyload\" width=\"750\" height=\"200\"  style=\"display: inline-block; max-width: 100%; height: auto;\" \/><\/a><\/div><\/div><h3>W sobotnim spotkaniu 17. kolejki Lotto Ekstraklasy Piast Gliwice zremisowa\u0142 w Szczecinie z Pogoni\u0105 2-2. To by\u0142 mecz pe\u0142en walki i zwrot\u00f3w akcji, odbywaj\u0105cy si\u0119 w bardzo trudnych warunkach.<\/h3>\n<p>Mecz od pierwszych minut by\u0142 otwarty. Oba zespo\u0142y postawi\u0142y na ofensywny futbol. Cz\u0119sto ich g\u0142\u00f3wnym przeciwnikiem by\u0142a jednak murawa, kt\u00f3ra by\u0142a grz\u0105ska i utrudnia\u0142a rozgrywanie pi\u0142ki. <\/p>\n<p>Gliwiczanie szybko obj\u0119li prowadzenie w meczu po sta\u0142ym fragmencie gry. <strong>Konstantin Vassiljev pos\u0142a\u0142 pi\u0142k\u0119 w pole karne z naro\u017cnika boiska, ale wybili j\u0105 obro\u0144cy Pogoni. Zrobili to jednak tak niefortunnie, \u017ce ta trafi\u0142a pod nogi Joela Valencii, kt\u00f3ry odda\u0142 niesygnalizowany strza\u0142 i kompletnie zaskoczy\u0142 \u0141ukasza Za\u0142usk\u0119.<\/strong><br \/>\nGospodarze starali si\u0119 atakowa\u0107 przede wszystkim skrzyd\u0142ami. Obro\u0144cy Piasta radzili sobie jednak z do\u015brodkowaniami Portowc\u00f3w. <\/p><div class=\"gliwi-a3-w-tresci-artykulow gliwi-entity-placement\" id=\"gliwi-2647839531\"><div class=\"gliwi-adlabel\"><span style=\"font-size: 9px\">REKLAMA<\/span><\/div><div id=\"gliwi-1792867541\" style=\"margin-bottom: 30px;margin-left: auto;margin-right: auto;text-align: center;\"><a data-no-instant=\"1\" href=\"https:\/\/zlobek.halogen.org.pl\/\" rel=\"noopener\" class=\"a2t-link\" target=\"_blank\" aria-label=\"animator-zlobek_750x200\"><img loading=\"lazy\" decoding=\"async\" src=\"https:\/\/www.24gliwice.pl\/wiadomosci\/wp-content\/uploads\/2026\/02\/animator-zlobek_750x200.webp\" alt=\"\"  srcset=\"https:\/\/www.24gliwice.pl\/wiadomosci\/wp-content\/uploads\/2026\/02\/animator-zlobek_750x200.webp 750w, https:\/\/www.24gliwice.pl\/wiadomosci\/wp-content\/uploads\/2026\/02\/animator-zlobek_750x200-410x109.webp 410w\" sizes=\"(max-width: 750px) 100vw, 750px\" class=\"no-lazyload\" width=\"750\" height=\"200\"  style=\"display: inline-block; max-width: 100%; height: auto;\" \/><\/a><\/div><\/div>\n<p><strong>Go\u015bcie wyr\u00f3wnali wynik meczu po 18 minutach, gdy Fr\u0105czczak z najbli\u017cszej odleg\u0142o\u015bci dobi\u0142 strza\u0142 Piotrowskiego.<\/strong> 10 minut p\u00f3\u017aniej gospodarze mogli prowadzi\u0107, ale sytuacyjn\u0105 pi\u0142k\u0119 zmarnowa\u0142 Piotrowski, kt\u00f3ry z kilku metr\u00f3w trafi\u0142 tylko w boczn\u0105 siatk\u0119.<br \/>\nPiast ograniczy\u0142 si\u0119 do zabezpieczenia ty\u0142\u00f3w i wyprowadzania kontr, murawa utrudnia\u0142a jednak gr\u0119 podaniami. Lepszym pomys\u0142em wydawa\u0142 si\u0119 spos\u00f3b gry Pogoni, kt\u00f3ra koncentrowa\u0142a si\u0119 na prostych \u015brodkach &#8211; d\u0142ugich pi\u0142kach i wrzutkach w pole karne.<\/p>\n<p>Drug\u0105 po\u0142ow\u0119 Piast rozpocz\u0105\u0142 od \u015bmielszych atak\u00f3w. Ponownie jednak &#8211; murawa utrudnia\u0142a opanowanie pi\u0142ki i stworzenie sk\u0142adnej akcji\u2026 W 66. minucie to Portowcy wyszli &#8211; po do\u015b\u0107 przypadkowej akcji &#8211; na prowadzenie. <strong>Lew\u0105 stron\u0105 ruszy\u0142 Fr\u0105czczak, kt\u00f3remu pod nogi spad\u0142a przypadkowa pi\u0142ka. Kapitan Portowc\u00f3w natychmiast odegra\u0142 j\u0105 na d\u0142ugi s\u0142upek, a tam akcj\u0119 zamkn\u0105\u0142 Spas Delev.<\/strong><\/p>\n<p>Du\u017co o\u017cywienia do ofensywnej gry Piasta wni\u00f3s\u0142 Aleksander Jagie\u0142\u0142o. Pomocnik ju\u017c w swojej pierwszej akcji wrzuci\u0142 niebezpieczn\u0105 pi\u0142k\u0119 w pole karne Pogoni. Tam by\u0142 Papadopulos, ale napastnik Piasta nie zdo\u0142a\u0142 doj\u015b\u0107 do pi\u0142ki. Gospodarze odpowiedzieli strza\u0142em Deleva, kt\u00f3ry zatrzyma\u0142 si\u0119 jednak na poprzeczce bramki Rusova!<\/p>\n<p>Po stracie bramki Piast nie z\u0142o\u017cy\u0142 broni i wci\u0105\u017c naciska\u0142 miejscowych. Jedna z akcji Niebiesko-Czerwonych sko\u0144czy\u0142a si\u0119 wstrzeleniem pi\u0142ki na d\u0142ugi s\u0142upek, gdzie do ko\u0144ca za pi\u0142k\u0105 poszed\u0142 Bukata i w\u015blizgiem wbi\u0142 j\u0105 do bramki. Futbol\u00f3wka, zanim przekroczy\u0142a lini\u0119 bramkow\u0105, trafi\u0142a jeszcze bramkarza Pogoni. <\/p>\n<p>Oba zespo\u0142y do samego ko\u0144ca pr\u00f3bowa\u0142y przechyli\u0107 szal\u0119 zwyci\u0119stwa na swoj\u0105 korzy\u015b\u0107, ale ta sztuka im si\u0119 nie uda\u0142a. <\/p>\n<p>Spotkanie zosta\u0142o rozegrane na Stadionie Miejskim im. Floriana  Krygiera w Szczecinie. Na trybunach pojawi\u0142o si\u0119 1611 os\u00f3b. W dniu meczu Szczecin nawiedzi\u0142y rz\u0119siste ulewy. Padaj\u0105cy deszcz sprawi\u0142, \u017ce pocz\u0105tek spotkania zosta\u0142 przesuni\u0119ty o p\u00f3\u0142 godziny. Mecz rozpocz\u0105\u0142 si\u0119 o godzinie 16:00.<\/p>\n<h4>Pogo\u0144 Szczecin &#8211; Piast Gliwice 2-2 (1-1)<\/h4>\n<p>0-1 &#8211; Valencia, 3 min.<br \/>\n1-1 &#8211; Fr\u0105czczak, 18 min.<br \/>\n2-1 &#8211; Delev, 66 min.<br \/>\n2-2 &#8211; Bukata, 82 min.<\/p>\n<p>Biuro Prasowe<br \/>\nGKS Piast SA<\/p>\n<div class=\"gliwi-a5-na-koncu-artykulow gliwi-entity-placement\" id=\"gliwi-1807500789\"><div class=\"gliwi-adlabel\"><span style=\"font-size: 9px\">REKLAMA<\/span><\/div><div id=\"gliwi-2928808454\" style=\"margin-left: auto;margin-right: auto;text-align: center;\"><a data-no-instant=\"1\" href=\"https:\/\/prezeroarenagliwice.pl\/\" rel=\"noopener\" class=\"a2t-link\" target=\"_blank\" aria-label=\"20260309-PREZERO-WIOSNA-D\"><img loading=\"lazy\" decoding=\"async\" src=\"https:\/\/www.24gliwice.pl\/wiadomosci\/wp-content\/uploads\/2026\/03\/20260309-PREZERO-WIOSNA-D.webp\" alt=\"\"  srcset=\"https:\/\/www.24gliwice.pl\/wiadomosci\/wp-content\/uploads\/2026\/03\/20260309-PREZERO-WIOSNA-D.webp 750w, https:\/\/www.24gliwice.pl\/wiadomosci\/wp-content\/uploads\/2026\/03\/20260309-PREZERO-WIOSNA-D-410x109.webp 410w\" sizes=\"(max-width: 750px) 100vw, 750px\" class=\"no-lazyload\" width=\"750\" height=\"200\"  style=\"display: inline-block; max-width: 100%; height: auto;\" \/><\/a><\/div><\/div>","protected":false},"excerpt":{"rendered":"<p>W sobotnim spotkaniu 17. kolejki Lotto Ekstraklasy Piast Gliwice zremisowa\u0142 w Szczecinie z Pogoni\u0105 2-2. To by\u0142 mecz pe\u0142en walki i zwrot\u00f3w akcji, odbywaj\u0105cy si\u0119 w bardzo trudnych warunkach. Mecz od pierwszych minut by\u0142 otwarty. Oba zespo\u0142y postawi\u0142y na ofensywny futbol. Cz\u0119sto ich g\u0142\u00f3wnym przeciwnikiem by\u0142a jednak murawa, kt\u00f3ra by\u0142a grz\u0105ska i utrudnia\u0142a rozgrywanie pi\u0142ki. [&hellip;]<\/p>\n","protected":false},"author":4,"featured_media":108269,"comment_status":"open","ping_status":"closed","sticky":false,"template":"","format":"standard","meta":{"_monsterinsights_skip_tracking":false,"_monsterinsights_sitenote_active":false,"_monsterinsights_sitenote_note":"","_monsterinsights_sitenote_category":0,"footnotes":"","_links_to":"","_links_to_target":""},"categories":[1,23842],"tags":[2786,8186,74,2685,9865],"class_list":["post-108267","post","type-post","status-publish","format-standard","has-post-thumbnail","hentry","category-wszystko","category-sport_gliwice","tag-ekstraklasa","tag-mecz","tag-piast-gliwice","tag-pilka-nozna","tag-pogon-szczecin"],"yoast_head":"<!-- This site is optimized with the Yoast SEO plugin v27.5 - https:\/\/yoast.com\/product\/yoast-seo-wordpress\/ -->\n<title>Mecz na wodzie zako\u0144czony remisem. Rz\u0119siste ulewy op\u00f3\u017ani\u0142y spotkanie Pogoni z Piastem - 24GLIWICE - Portal Gliwice | codziennie nowe informacje<\/title>\n<meta name=\"robots\" content=\"index, follow, max-snippet:-1, max-image-preview:large, max-video-preview:-1\" \/>\n<link rel=\"canonical\" href=\"https:\/\/www.24gliwice.pl\/wiadomosci\/mecz-na-wodzie-zakonczony-remisem-rzesiste-ulewy-opoznily-spotkanie-pogoni-z-piastem\/\" \/>\n<meta property=\"og:locale\" content=\"pl_PL\" \/>\n<meta property=\"og:type\" content=\"article\" \/>\n<meta property=\"og:title\" content=\"Mecz na wodzie zako\u0144czony remisem. Rz\u0119siste ulewy op\u00f3\u017ani\u0142y spotkanie Pogoni z Piastem - 24GLIWICE - Portal Gliwice | codziennie nowe informacje\" \/>\n<meta property=\"og:description\" content=\"W sobotnim spotkaniu 17. kolejki Lotto Ekstraklasy Piast Gliwice zremisowa\u0142 w Szczecinie z Pogoni\u0105 2-2. To by\u0142 mecz pe\u0142en walki i zwrot\u00f3w akcji, odbywaj\u0105cy si\u0119 w bardzo trudnych warunkach. Mecz od pierwszych minut by\u0142 otwarty. Oba zespo\u0142y postawi\u0142y na ofensywny futbol. Cz\u0119sto ich g\u0142\u00f3wnym przeciwnikiem by\u0142a jednak murawa, kt\u00f3ra by\u0142a grz\u0105ska i utrudnia\u0142a rozgrywanie pi\u0142ki. [&hellip;]\" \/>\n<meta property=\"og:url\" content=\"https:\/\/www.24gliwice.pl\/wiadomosci\/mecz-na-wodzie-zakonczony-remisem-rzesiste-ulewy-opoznily-spotkanie-pogoni-z-piastem\/\" \/>\n<meta property=\"og:site_name\" content=\"24GLIWICE - Portal Gliwice | codziennie nowe informacje\" \/>\n<meta property=\"article:publisher\" content=\"https:\/\/www.facebook.com\/24gliwice\" \/>\n<meta property=\"article:author\" content=\"https:\/\/www.facebook.com\/marcin.fabrykowski\" \/>\n<meta property=\"article:published_time\" content=\"2017-11-25T18:33:44+00:00\" \/>\n<meta property=\"article:modified_time\" content=\"2024-08-20T00:01:02+00:00\" \/>\n<meta property=\"og:image\" content=\"https:\/\/www.24gliwice.pl\/wiadomosci\/wp-content\/uploads\/2017\/11\/1-Screenshot_71.jpg\" \/>\n\t<meta property=\"og:image:width\" content=\"810\" \/>\n\t<meta property=\"og:image:height\" content=\"456\" \/>\n\t<meta property=\"og:image:type\" content=\"image\/jpeg\" \/>\n<meta name=\"author\" content=\"Marcin Fabrykowski\" \/>\n<meta name=\"twitter:card\" content=\"summary_large_image\" \/>\n<meta name=\"twitter:creator\" content=\"@24gliwice\" \/>\n<meta name=\"twitter:site\" content=\"@24gliwice\" \/>\n<meta name=\"twitter:label1\" content=\"Napisane przez\" \/>\n\t<meta name=\"twitter:data1\" content=\"Marcin Fabrykowski\" \/>\n\t<meta name=\"twitter:label2\" content=\"Szacowany czas czytania\" \/>\n\t<meta name=\"twitter:data2\" content=\"3 minuty\" \/>\n<script type=\"application\/ld+json\" class=\"yoast-schema-graph\">{\"@context\":\"https:\\\/\\\/schema.org\",\"@graph\":[{\"@type\":\"Article\",\"@id\":\"https:\\\/\\\/www.24gliwice.pl\\\/wiadomosci\\\/mecz-na-wodzie-zakonczony-remisem-rzesiste-ulewy-opoznily-spotkanie-pogoni-z-piastem\\\/#article\",\"isPartOf\":{\"@id\":\"https:\\\/\\\/www.24gliwice.pl\\\/wiadomosci\\\/mecz-na-wodzie-zakonczony-remisem-rzesiste-ulewy-opoznily-spotkanie-pogoni-z-piastem\\\/\"},\"author\":{\"name\":\"Marcin Fabrykowski\",\"@id\":\"https:\\\/\\\/www.24gliwice.pl\\\/wiadomosci\\\/#\\\/schema\\\/person\\\/cb5857e4a4d048c15984c1edcc8ef0c0\"},\"headline\":\"Mecz na wodzie zako\u0144czony remisem. Rz\u0119siste ulewy op\u00f3\u017ani\u0142y spotkanie Pogoni z Piastem\",\"datePublished\":\"2017-11-25T18:33:44+00:00\",\"dateModified\":\"2024-08-20T00:01:02+00:00\",\"mainEntityOfPage\":{\"@id\":\"https:\\\/\\\/www.24gliwice.pl\\\/wiadomosci\\\/mecz-na-wodzie-zakonczony-remisem-rzesiste-ulewy-opoznily-spotkanie-pogoni-z-piastem\\\/\"},\"wordCount\":522,\"commentCount\":0,\"publisher\":{\"@id\":\"https:\\\/\\\/www.24gliwice.pl\\\/wiadomosci\\\/#organization\"},\"image\":{\"@id\":\"https:\\\/\\\/www.24gliwice.pl\\\/wiadomosci\\\/mecz-na-wodzie-zakonczony-remisem-rzesiste-ulewy-opoznily-spotkanie-pogoni-z-piastem\\\/#primaryimage\"},\"thumbnailUrl\":\"https:\\\/\\\/www.24gliwice.pl\\\/wiadomosci\\\/wp-content\\\/uploads\\\/2017\\\/11\\\/1-Screenshot_71.jpg\",\"keywords\":[\"EKSTRAKLASA\",\"MECZ\",\"PIAST GLIWICE\",\"PI\u0141KA NO\u017bNA\",\"pogo\u0144 szczecin\"],\"articleSection\":[\"Najnowsze wiadomo\u015bci\",\"Sport\"],\"inLanguage\":\"pl-PL\",\"potentialAction\":[{\"@type\":\"CommentAction\",\"name\":\"Comment\",\"target\":[\"https:\\\/\\\/www.24gliwice.pl\\\/wiadomosci\\\/mecz-na-wodzie-zakonczony-remisem-rzesiste-ulewy-opoznily-spotkanie-pogoni-z-piastem\\\/#respond\"]}]},{\"@type\":\"WebPage\",\"@id\":\"https:\\\/\\\/www.24gliwice.pl\\\/wiadomosci\\\/mecz-na-wodzie-zakonczony-remisem-rzesiste-ulewy-opoznily-spotkanie-pogoni-z-piastem\\\/\",\"url\":\"https:\\\/\\\/www.24gliwice.pl\\\/wiadomosci\\\/mecz-na-wodzie-zakonczony-remisem-rzesiste-ulewy-opoznily-spotkanie-pogoni-z-piastem\\\/\",\"name\":\"Mecz na wodzie zako\u0144czony remisem. Rz\u0119siste ulewy op\u00f3\u017ani\u0142y spotkanie Pogoni z Piastem - 24GLIWICE - Portal Gliwice | codziennie nowe informacje\",\"isPartOf\":{\"@id\":\"https:\\\/\\\/www.24gliwice.pl\\\/wiadomosci\\\/#website\"},\"primaryImageOfPage\":{\"@id\":\"https:\\\/\\\/www.24gliwice.pl\\\/wiadomosci\\\/mecz-na-wodzie-zakonczony-remisem-rzesiste-ulewy-opoznily-spotkanie-pogoni-z-piastem\\\/#primaryimage\"},\"image\":{\"@id\":\"https:\\\/\\\/www.24gliwice.pl\\\/wiadomosci\\\/mecz-na-wodzie-zakonczony-remisem-rzesiste-ulewy-opoznily-spotkanie-pogoni-z-piastem\\\/#primaryimage\"},\"thumbnailUrl\":\"https:\\\/\\\/www.24gliwice.pl\\\/wiadomosci\\\/wp-content\\\/uploads\\\/2017\\\/11\\\/1-Screenshot_71.jpg\",\"datePublished\":\"2017-11-25T18:33:44+00:00\",\"dateModified\":\"2024-08-20T00:01:02+00:00\",\"breadcrumb\":{\"@id\":\"https:\\\/\\\/www.24gliwice.pl\\\/wiadomosci\\\/mecz-na-wodzie-zakonczony-remisem-rzesiste-ulewy-opoznily-spotkanie-pogoni-z-piastem\\\/#breadcrumb\"},\"inLanguage\":\"pl-PL\",\"potentialAction\":[{\"@type\":\"ReadAction\",\"target\":[\"https:\\\/\\\/www.24gliwice.pl\\\/wiadomosci\\\/mecz-na-wodzie-zakonczony-remisem-rzesiste-ulewy-opoznily-spotkanie-pogoni-z-piastem\\\/\"]}]},{\"@type\":\"ImageObject\",\"inLanguage\":\"pl-PL\",\"@id\":\"https:\\\/\\\/www.24gliwice.pl\\\/wiadomosci\\\/mecz-na-wodzie-zakonczony-remisem-rzesiste-ulewy-opoznily-spotkanie-pogoni-z-piastem\\\/#primaryimage\",\"url\":\"https:\\\/\\\/www.24gliwice.pl\\\/wiadomosci\\\/wp-content\\\/uploads\\\/2017\\\/11\\\/1-Screenshot_71.jpg\",\"contentUrl\":\"https:\\\/\\\/www.24gliwice.pl\\\/wiadomosci\\\/wp-content\\\/uploads\\\/2017\\\/11\\\/1-Screenshot_71.jpg\",\"width\":810,\"height\":456},{\"@type\":\"BreadcrumbList\",\"@id\":\"https:\\\/\\\/www.24gliwice.pl\\\/wiadomosci\\\/mecz-na-wodzie-zakonczony-remisem-rzesiste-ulewy-opoznily-spotkanie-pogoni-z-piastem\\\/#breadcrumb\",\"itemListElement\":[{\"@type\":\"ListItem\",\"position\":1,\"name\":\"Strona g\u0142\u00f3wna\",\"item\":\"https:\\\/\\\/www.24gliwice.pl\\\/wiadomosci\\\/\"},{\"@type\":\"ListItem\",\"position\":2,\"name\":\"Mecz na wodzie zako\u0144czony remisem. Rz\u0119siste ulewy op\u00f3\u017ani\u0142y spotkanie Pogoni z Piastem\"}]},{\"@type\":\"WebSite\",\"@id\":\"https:\\\/\\\/www.24gliwice.pl\\\/wiadomosci\\\/#website\",\"url\":\"https:\\\/\\\/www.24gliwice.pl\\\/wiadomosci\\\/\",\"name\":\"24GLIWICE - Portal Gliwice | codziennie nowe wiadomo\u015bci\",\"description\":\"Portal Miejski Gliwice\",\"publisher\":{\"@id\":\"https:\\\/\\\/www.24gliwice.pl\\\/wiadomosci\\\/#organization\"},\"potentialAction\":[{\"@type\":\"SearchAction\",\"target\":{\"@type\":\"EntryPoint\",\"urlTemplate\":\"https:\\\/\\\/www.24gliwice.pl\\\/wiadomosci\\\/?s={search_term_string}\"},\"query-input\":{\"@type\":\"PropertyValueSpecification\",\"valueRequired\":true,\"valueName\":\"search_term_string\"}}],\"inLanguage\":\"pl-PL\"},{\"@type\":\"Organization\",\"@id\":\"https:\\\/\\\/www.24gliwice.pl\\\/wiadomosci\\\/#organization\",\"name\":\"24gliwice\",\"url\":\"https:\\\/\\\/www.24gliwice.pl\\\/wiadomosci\\\/\",\"logo\":{\"@type\":\"ImageObject\",\"inLanguage\":\"pl-PL\",\"@id\":\"https:\\\/\\\/www.24gliwice.pl\\\/wiadomosci\\\/#\\\/schema\\\/logo\\\/image\\\/\",\"url\":\"https:\\\/\\\/www.24gliwice.pl\\\/wiadomosci\\\/wp-content\\\/uploads\\\/2024\\\/10\\\/24gliwice-logo-696.jpg\",\"contentUrl\":\"https:\\\/\\\/www.24gliwice.pl\\\/wiadomosci\\\/wp-content\\\/uploads\\\/2024\\\/10\\\/24gliwice-logo-696.jpg\",\"width\":696,\"height\":696,\"caption\":\"24gliwice\"},\"image\":{\"@id\":\"https:\\\/\\\/www.24gliwice.pl\\\/wiadomosci\\\/#\\\/schema\\\/logo\\\/image\\\/\"},\"sameAs\":[\"https:\\\/\\\/www.facebook.com\\\/24gliwice\",\"https:\\\/\\\/x.com\\\/24gliwice\",\"https:\\\/\\\/www.youtube.com\\\/@24gliwice\"]},{\"@type\":\"Person\",\"@id\":\"https:\\\/\\\/www.24gliwice.pl\\\/wiadomosci\\\/#\\\/schema\\\/person\\\/cb5857e4a4d048c15984c1edcc8ef0c0\",\"name\":\"Marcin Fabrykowski\",\"image\":{\"@type\":\"ImageObject\",\"inLanguage\":\"pl-PL\",\"@id\":\"https:\\\/\\\/www.24gliwice.pl\\\/wiadomosci\\\/wp-content\\\/uploads\\\/2025\\\/11\\\/zdjecie-moje-marcin-300-96x96.jpg\",\"url\":\"https:\\\/\\\/www.24gliwice.pl\\\/wiadomosci\\\/wp-content\\\/uploads\\\/2025\\\/11\\\/zdjecie-moje-marcin-300-96x96.jpg\",\"contentUrl\":\"https:\\\/\\\/www.24gliwice.pl\\\/wiadomosci\\\/wp-content\\\/uploads\\\/2025\\\/11\\\/zdjecie-moje-marcin-300-96x96.jpg\",\"caption\":\"Marcin Fabrykowski\"},\"sameAs\":[\"http:\\\/\\\/24gliwice.pl\",\"https:\\\/\\\/www.facebook.com\\\/marcin.fabrykowski\"],\"url\":\"https:\\\/\\\/www.24gliwice.pl\\\/wiadomosci\\\/author\\\/marcin-fabrykowski\\\/\"}]}<\/script>\n<!-- \/ Yoast SEO plugin. -->","yoast_head_json":{"title":"Mecz na wodzie zako\u0144czony remisem. Rz\u0119siste ulewy op\u00f3\u017ani\u0142y spotkanie Pogoni z Piastem - 24GLIWICE - Portal Gliwice | codziennie nowe informacje","robots":{"index":"index","follow":"follow","max-snippet":"max-snippet:-1","max-image-preview":"max-image-preview:large","max-video-preview":"max-video-preview:-1"},"canonical":"https:\/\/www.24gliwice.pl\/wiadomosci\/mecz-na-wodzie-zakonczony-remisem-rzesiste-ulewy-opoznily-spotkanie-pogoni-z-piastem\/","og_locale":"pl_PL","og_type":"article","og_title":"Mecz na wodzie zako\u0144czony remisem. Rz\u0119siste ulewy op\u00f3\u017ani\u0142y spotkanie Pogoni z Piastem - 24GLIWICE - Portal Gliwice | codziennie nowe informacje","og_description":"W sobotnim spotkaniu 17. kolejki Lotto Ekstraklasy Piast Gliwice zremisowa\u0142 w Szczecinie z Pogoni\u0105 2-2. To by\u0142 mecz pe\u0142en walki i zwrot\u00f3w akcji, odbywaj\u0105cy si\u0119 w bardzo trudnych warunkach. Mecz od pierwszych minut by\u0142 otwarty. Oba zespo\u0142y postawi\u0142y na ofensywny futbol. Cz\u0119sto ich g\u0142\u00f3wnym przeciwnikiem by\u0142a jednak murawa, kt\u00f3ra by\u0142a grz\u0105ska i utrudnia\u0142a rozgrywanie pi\u0142ki. [&hellip;]","og_url":"https:\/\/www.24gliwice.pl\/wiadomosci\/mecz-na-wodzie-zakonczony-remisem-rzesiste-ulewy-opoznily-spotkanie-pogoni-z-piastem\/","og_site_name":"24GLIWICE - Portal Gliwice | codziennie nowe informacje","article_publisher":"https:\/\/www.facebook.com\/24gliwice","article_author":"https:\/\/www.facebook.com\/marcin.fabrykowski","article_published_time":"2017-11-25T18:33:44+00:00","article_modified_time":"2024-08-20T00:01:02+00:00","og_image":[{"width":810,"height":456,"url":"https:\/\/www.24gliwice.pl\/wiadomosci\/wp-content\/uploads\/2017\/11\/1-Screenshot_71.jpg","type":"image\/jpeg"}],"author":"Marcin Fabrykowski","twitter_card":"summary_large_image","twitter_creator":"@24gliwice","twitter_site":"@24gliwice","twitter_misc":{"Napisane przez":"Marcin Fabrykowski","Szacowany czas czytania":"3 minuty"},"schema":{"@context":"https:\/\/schema.org","@graph":[{"@type":"Article","@id":"https:\/\/www.24gliwice.pl\/wiadomosci\/mecz-na-wodzie-zakonczony-remisem-rzesiste-ulewy-opoznily-spotkanie-pogoni-z-piastem\/#article","isPartOf":{"@id":"https:\/\/www.24gliwice.pl\/wiadomosci\/mecz-na-wodzie-zakonczony-remisem-rzesiste-ulewy-opoznily-spotkanie-pogoni-z-piastem\/"},"author":{"name":"Marcin Fabrykowski","@id":"https:\/\/www.24gliwice.pl\/wiadomosci\/#\/schema\/person\/cb5857e4a4d048c15984c1edcc8ef0c0"},"headline":"Mecz na wodzie zako\u0144czony remisem. Rz\u0119siste ulewy op\u00f3\u017ani\u0142y spotkanie Pogoni z Piastem","datePublished":"2017-11-25T18:33:44+00:00","dateModified":"2024-08-20T00:01:02+00:00","mainEntityOfPage":{"@id":"https:\/\/www.24gliwice.pl\/wiadomosci\/mecz-na-wodzie-zakonczony-remisem-rzesiste-ulewy-opoznily-spotkanie-pogoni-z-piastem\/"},"wordCount":522,"commentCount":0,"publisher":{"@id":"https:\/\/www.24gliwice.pl\/wiadomosci\/#organization"},"image":{"@id":"https:\/\/www.24gliwice.pl\/wiadomosci\/mecz-na-wodzie-zakonczony-remisem-rzesiste-ulewy-opoznily-spotkanie-pogoni-z-piastem\/#primaryimage"},"thumbnailUrl":"https:\/\/www.24gliwice.pl\/wiadomosci\/wp-content\/uploads\/2017\/11\/1-Screenshot_71.jpg","keywords":["EKSTRAKLASA","MECZ","PIAST GLIWICE","PI\u0141KA NO\u017bNA","pogo\u0144 szczecin"],"articleSection":["Najnowsze wiadomo\u015bci","Sport"],"inLanguage":"pl-PL","potentialAction":[{"@type":"CommentAction","name":"Comment","target":["https:\/\/www.24gliwice.pl\/wiadomosci\/mecz-na-wodzie-zakonczony-remisem-rzesiste-ulewy-opoznily-spotkanie-pogoni-z-piastem\/#respond"]}]},{"@type":"WebPage","@id":"https:\/\/www.24gliwice.pl\/wiadomosci\/mecz-na-wodzie-zakonczony-remisem-rzesiste-ulewy-opoznily-spotkanie-pogoni-z-piastem\/","url":"https:\/\/www.24gliwice.pl\/wiadomosci\/mecz-na-wodzie-zakonczony-remisem-rzesiste-ulewy-opoznily-spotkanie-pogoni-z-piastem\/","name":"Mecz na wodzie zako\u0144czony remisem. Rz\u0119siste ulewy op\u00f3\u017ani\u0142y spotkanie Pogoni z Piastem - 24GLIWICE - Portal Gliwice | codziennie nowe informacje","isPartOf":{"@id":"https:\/\/www.24gliwice.pl\/wiadomosci\/#website"},"primaryImageOfPage":{"@id":"https:\/\/www.24gliwice.pl\/wiadomosci\/mecz-na-wodzie-zakonczony-remisem-rzesiste-ulewy-opoznily-spotkanie-pogoni-z-piastem\/#primaryimage"},"image":{"@id":"https:\/\/www.24gliwice.pl\/wiadomosci\/mecz-na-wodzie-zakonczony-remisem-rzesiste-ulewy-opoznily-spotkanie-pogoni-z-piastem\/#primaryimage"},"thumbnailUrl":"https:\/\/www.24gliwice.pl\/wiadomosci\/wp-content\/uploads\/2017\/11\/1-Screenshot_71.jpg","datePublished":"2017-11-25T18:33:44+00:00","dateModified":"2024-08-20T00:01:02+00:00","breadcrumb":{"@id":"https:\/\/www.24gliwice.pl\/wiadomosci\/mecz-na-wodzie-zakonczony-remisem-rzesiste-ulewy-opoznily-spotkanie-pogoni-z-piastem\/#breadcrumb"},"inLanguage":"pl-PL","potentialAction":[{"@type":"ReadAction","target":["https:\/\/www.24gliwice.pl\/wiadomosci\/mecz-na-wodzie-zakonczony-remisem-rzesiste-ulewy-opoznily-spotkanie-pogoni-z-piastem\/"]}]},{"@type":"ImageObject","inLanguage":"pl-PL","@id":"https:\/\/www.24gliwice.pl\/wiadomosci\/mecz-na-wodzie-zakonczony-remisem-rzesiste-ulewy-opoznily-spotkanie-pogoni-z-piastem\/#primaryimage","url":"https:\/\/www.24gliwice.pl\/wiadomosci\/wp-content\/uploads\/2017\/11\/1-Screenshot_71.jpg","contentUrl":"https:\/\/www.24gliwice.pl\/wiadomosci\/wp-content\/uploads\/2017\/11\/1-Screenshot_71.jpg","width":810,"height":456},{"@type":"BreadcrumbList","@id":"https:\/\/www.24gliwice.pl\/wiadomosci\/mecz-na-wodzie-zakonczony-remisem-rzesiste-ulewy-opoznily-spotkanie-pogoni-z-piastem\/#breadcrumb","itemListElement":[{"@type":"ListItem","position":1,"name":"Strona g\u0142\u00f3wna","item":"https:\/\/www.24gliwice.pl\/wiadomosci\/"},{"@type":"ListItem","position":2,"name":"Mecz na wodzie zako\u0144czony remisem. Rz\u0119siste ulewy op\u00f3\u017ani\u0142y spotkanie Pogoni z Piastem"}]},{"@type":"WebSite","@id":"https:\/\/www.24gliwice.pl\/wiadomosci\/#website","url":"https:\/\/www.24gliwice.pl\/wiadomosci\/","name":"24GLIWICE - Portal Gliwice | codziennie nowe wiadomo\u015bci","description":"Portal Miejski Gliwice","publisher":{"@id":"https:\/\/www.24gliwice.pl\/wiadomosci\/#organization"},"potentialAction":[{"@type":"SearchAction","target":{"@type":"EntryPoint","urlTemplate":"https:\/\/www.24gliwice.pl\/wiadomosci\/?s={search_term_string}"},"query-input":{"@type":"PropertyValueSpecification","valueRequired":true,"valueName":"search_term_string"}}],"inLanguage":"pl-PL"},{"@type":"Organization","@id":"https:\/\/www.24gliwice.pl\/wiadomosci\/#organization","name":"24gliwice","url":"https:\/\/www.24gliwice.pl\/wiadomosci\/","logo":{"@type":"ImageObject","inLanguage":"pl-PL","@id":"https:\/\/www.24gliwice.pl\/wiadomosci\/#\/schema\/logo\/image\/","url":"https:\/\/www.24gliwice.pl\/wiadomosci\/wp-content\/uploads\/2024\/10\/24gliwice-logo-696.jpg","contentUrl":"https:\/\/www.24gliwice.pl\/wiadomosci\/wp-content\/uploads\/2024\/10\/24gliwice-logo-696.jpg","width":696,"height":696,"caption":"24gliwice"},"image":{"@id":"https:\/\/www.24gliwice.pl\/wiadomosci\/#\/schema\/logo\/image\/"},"sameAs":["https:\/\/www.facebook.com\/24gliwice","https:\/\/x.com\/24gliwice","https:\/\/www.youtube.com\/@24gliwice"]},{"@type":"Person","@id":"https:\/\/www.24gliwice.pl\/wiadomosci\/#\/schema\/person\/cb5857e4a4d048c15984c1edcc8ef0c0","name":"Marcin Fabrykowski","image":{"@type":"ImageObject","inLanguage":"pl-PL","@id":"https:\/\/www.24gliwice.pl\/wiadomosci\/wp-content\/uploads\/2025\/11\/zdjecie-moje-marcin-300-96x96.jpg","url":"https:\/\/www.24gliwice.pl\/wiadomosci\/wp-content\/uploads\/2025\/11\/zdjecie-moje-marcin-300-96x96.jpg","contentUrl":"https:\/\/www.24gliwice.pl\/wiadomosci\/wp-content\/uploads\/2025\/11\/zdjecie-moje-marcin-300-96x96.jpg","caption":"Marcin Fabrykowski"},"sameAs":["http:\/\/24gliwice.pl","https:\/\/www.facebook.com\/marcin.fabrykowski"],"url":"https:\/\/www.24gliwice.pl\/wiadomosci\/author\/marcin-fabrykowski\/"}]}},"_links":{"self":[{"href":"https:\/\/www.24gliwice.pl\/wiadomosci\/wp-json\/wp\/v2\/posts\/108267","targetHints":{"allow":["GET"]}}],"collection":[{"href":"https:\/\/www.24gliwice.pl\/wiadomosci\/wp-json\/wp\/v2\/posts"}],"about":[{"href":"https:\/\/www.24gliwice.pl\/wiadomosci\/wp-json\/wp\/v2\/types\/post"}],"author":[{"embeddable":true,"href":"https:\/\/www.24gliwice.pl\/wiadomosci\/wp-json\/wp\/v2\/users\/4"}],"replies":[{"embeddable":true,"href":"https:\/\/www.24gliwice.pl\/wiadomosci\/wp-json\/wp\/v2\/comments?post=108267"}],"version-history":[{"count":0,"href":"https:\/\/www.24gliwice.pl\/wiadomosci\/wp-json\/wp\/v2\/posts\/108267\/revisions"}],"wp:featuredmedia":[{"embeddable":true,"href":"https:\/\/www.24gliwice.pl\/wiadomosci\/wp-json\/wp\/v2\/media\/108269"}],"wp:attachment":[{"href":"https:\/\/www.24gliwice.pl\/wiadomosci\/wp-json\/wp\/v2\/media?parent=108267"}],"wp:term":[{"taxonomy":"category","embeddable":true,"href":"https:\/\/www.24gliwice.pl\/wiadomosci\/wp-json\/wp\/v2\/categories?post=108267"},{"taxonomy":"post_tag","embeddable":true,"href":"https:\/\/www.24gliwice.pl\/wiadomosci\/wp-json\/wp\/v2\/tags?post=108267"}],"curies":[{"name":"wp","href":"https:\/\/api.w.org\/{rel}","templated":true}]}}