{"id":108450,"date":"2017-11-29T03:02:57","date_gmt":"2017-11-29T02:02:57","guid":{"rendered":"http:\/\/www.24gliwice.pl\/wiadomosci\/?p=108450"},"modified":"2017-11-29T13:03:38","modified_gmt":"2017-11-29T12:03:38","slug":"60-tysiecy-wypozyczen-prawie-7-tysiecy-uzytkownikow-pierwszy-sezon-z-rowerem-miejskim-za-nami","status":"publish","type":"post","link":"https:\/\/www.24gliwice.pl\/wiadomosci\/60-tysiecy-wypozyczen-prawie-7-tysiecy-uzytkownikow-pierwszy-sezon-z-rowerem-miejskim-za-nami\/","title":{"rendered":"60 tysi\u0119cy wypo\u017cycze\u0144, prawie 7 tysi\u0119cy u\u017cytkownik\u00f3w. Pierwszy sezon z rowerem miejskim za nami"},"content":{"rendered":"<div class=\"gliwi-a6-nad-leadem-artykulow gliwi-entity-placement\" id=\"gliwi-2128028679\"><div class=\"gliwi-adlabel\"><span style=\"font-size: 9px\">REKLAMA<\/span><\/div><div id=\"gliwi-2340028889\" style=\"margin-bottom: 25px;margin-left: auto;margin-right: auto;text-align: center;\"><a data-no-instant=\"1\" href=\"https:\/\/dom100.eu\/\" rel=\"noopener\" class=\"a2t-link\" target=\"_blank\" aria-label=\"20260415 DOM100 D\"><img loading=\"lazy\" decoding=\"async\" src=\"https:\/\/www.24gliwice.pl\/wiadomosci\/wp-content\/uploads\/2026\/04\/20260415-DOM100-D.jpg\" alt=\"\"  srcset=\"https:\/\/www.24gliwice.pl\/wiadomosci\/wp-content\/uploads\/2026\/04\/20260415-DOM100-D.jpg 750w, https:\/\/www.24gliwice.pl\/wiadomosci\/wp-content\/uploads\/2026\/04\/20260415-DOM100-D-410x109.jpg 410w\" sizes=\"(max-width: 750px) 100vw, 750px\" class=\"no-lazyload\" width=\"750\" height=\"200\"  style=\"display: inline-block; max-width: 100%; height: auto;\" \/><\/a><\/div><\/div><h4>Dobiega ko\u0144ca pierwszy sezon Gliwickiego Roweru Miejskiego. W pi\u0105tek rowery trafi\u0105 do magazynu, a ponownie b\u0119dziemy mogli z nich korzysta\u0107 od 1 marca.<\/h4>\n<p>&#8211; Gliwiczanie pokochali rower miejski i bardzo ch\u0119tnie z niego korzystaj\u0105. Dzi\u0119ki takiej alternatywnej, przyjaznej dla \u015brodowiska formie komunikacji, miasto staje si\u0119 coraz bardziej ekologiczne. Mamy nadziej\u0119, \u017ce kolejny sezon b\u0119dzie r\u00f3wnie udany \u2013 m\u00f3wi <strong>Ewa Staszk\u00f3w<\/strong> z Wydzia\u0142u Przedsi\u0119wzi\u0119\u0107 Gospodarczych i Us\u0142ug Komunalnych Urz\u0119du Miejskiego w Gliwicach.<\/p>\n<p>Tak du\u017ce zainteresowanie mo\u017ce przerodzi\u0107 si\u0119 w decyzj\u0119 o rozbudowie systemu stacji rowerowych. Obecnie jest ich 10, a gliwiczanie do dyspozycji maj\u0105 \u0142\u0105cznie 100 rower\u00f3w. Na razie Magistrat jednak tonuje nastroje, cho\u0107 nie zaprzecza, \u017ce rozszerzenie sieci stacji jest mo\u017cliwe.<\/p><div class=\"gliwi-a3-w-tresci-artykulow gliwi-entity-placement\" id=\"gliwi-1449867367\"><div class=\"gliwi-adlabel\"><span style=\"font-size: 9px\">REKLAMA<\/span><\/div><div id=\"gliwi-73540694\" style=\"margin-bottom: 30px;margin-left: auto;margin-right: auto;text-align: center;\"><a data-no-instant=\"1\" href=\"https:\/\/ogrodyandersa.pl\/\" rel=\"noopener\" class=\"a2t-link\" target=\"_blank\" aria-label=\"20260415 Ogrody Andersa KUP TERAZ D\"><img loading=\"lazy\" decoding=\"async\" src=\"https:\/\/www.24gliwice.pl\/wiadomosci\/wp-content\/uploads\/2026\/04\/20260415-Ogrody-Andersa-KUP-TERAZ-D.jpg\" alt=\"\"  srcset=\"https:\/\/www.24gliwice.pl\/wiadomosci\/wp-content\/uploads\/2026\/04\/20260415-Ogrody-Andersa-KUP-TERAZ-D.jpg 750w, https:\/\/www.24gliwice.pl\/wiadomosci\/wp-content\/uploads\/2026\/04\/20260415-Ogrody-Andersa-KUP-TERAZ-D-410x109.jpg 410w\" sizes=\"(max-width: 750px) 100vw, 750px\" class=\"no-lazyload\" width=\"750\" height=\"200\"  style=\"display: inline-block; max-width: 100%; height: auto;\" \/><\/a><\/div><\/div>\n<p>&#8211; Nie podj\u0119to jeszcze decyzji dotycz\u0105cych rozbudowy systemu Gliwickiego Roweru Miejskiego &#8211; informuje nas <strong>Mariola Pendzia\u0142ek<\/strong>, naczelnik Wydzia\u0142u Przedsi\u0119wzi\u0119\u0107 Gospodarczych i Us\u0142ug Komunalnych UM. &#8211; Po zako\u0144czeniu obecnie trwaj\u0105cego sezonu zostan\u0105 przeanalizowane wszystkie dane wypo\u017cycze\u0144 rower\u00f3w, istniej\u0105ce lokalizacje oraz te zaproponowane przez mieszka\u0144c\u00f3w i zostanie podj\u0119ta decyzja o ewentualnej rozbudowie &#8211; dodaje. <\/p>\n<p><img loading=\"lazy\" decoding=\"async\" src=\"http:\/\/www.24gliwice.pl\/wiadomosci\/wp-content\/uploads\/2017\/11\/rower-miejski-2.jpg\" alt=\"\" width=\"1200\" height=\"675\" class=\"alignnone size-full wp-image-108451\" srcset=\"https:\/\/www.24gliwice.pl\/wiadomosci\/wp-content\/uploads\/2017\/11\/rower-miejski-2.jpg 1200w, https:\/\/www.24gliwice.pl\/wiadomosci\/wp-content\/uploads\/2017\/11\/rower-miejski-2-410x232.jpg 410w, https:\/\/www.24gliwice.pl\/wiadomosci\/wp-content\/uploads\/2017\/11\/rower-miejski-2-768x432.jpg 768w, https:\/\/www.24gliwice.pl\/wiadomosci\/wp-content\/uploads\/2017\/11\/rower-miejski-2-810x456.jpg 810w, https:\/\/www.24gliwice.pl\/wiadomosci\/wp-content\/uploads\/2017\/11\/rower-miejski-2-1140x641.jpg 1140w\" sizes=\"auto, (max-width: 1200px) 100vw, 1200px\" \/><\/p>\n<p>\u0141\u0105cznie, przez ca\u0142y okres funkcjonowania systemu, rowery miejskie w Gliwicach wypo\u017cyczono 60 tysi\u0119cy razy, a w systemie zarejestrowa\u0142o si\u0119 ponad 6700 os\u00f3b. Co ciekawe, co czwarte wypo\u017cyczenie zosta\u0142o dokonane przez osoby spoza Gliwic lub mieszka\u0144c\u00f3w miasta, kt\u00f3rzy mieli ju\u017c konto w innym systemie Nextbike.<\/p>\n<p>Jak informuje operator, ka\u017cdy gliwicki rower ma za sob\u0105 \u015brednio 600 wypo\u017cycze\u0144. U\u017cytkownicy najch\u0119tniej rowery wypo\u017cyczali w maju, kiedy dokonano 12\u00a0192 wypo\u017cycze\u0144. Najpopularniejszym dniem by\u0142 jednak pi\u0105tek, 31 marca. Jednego dnia dokonano a\u017c 857 wypo\u017cycze\u0144, co oznacza, \u017ce rowery by\u0142y wypo\u017cyczane \u015brednio co p\u00f3\u0142torej minuty. Przez ca\u0142y sezon \u015bredni czas jednego wypo\u017cyczenia Gliwickiego Roweru Miejskiego to 21 minut i 39 sekund.<\/p>\n<p><strong>Najpopularniejsze stacje Gliwickiego Roweru Miejskiego:<\/strong><br \/>\n1. Dworzec<br \/>\n2. ul. Akademicka<br \/>\n3. pl. Inwalid\u00f3w Wojennych<br \/>\n4. skwer Dessau<br \/>\n5. pl. Pi\u0142sudskiego<\/p>\n<p><strong>Najpopularniejsze trasy:<\/strong><br \/>\n1. ul. Akademicka do Dworzec<br \/>\n2. Dworzec do ul. Akademicka<br \/>\n3. Dworzec do pl. Inwalid\u00f3w Wojennych<br \/>\n4. pl. Inwalid\u00f3w Wojennych do Dworzec<br \/>\n5. Dworzec do skwer Dessau<\/p>\n<p>Przypomnijmy, pomys\u0142 wprowadzenia rowerowych wypo\u017cyczalni w Gliwicach pojawi\u0142 si\u0119 za spraw\u0105 radnego Dominika Dragona (PO) w 2008 roku. Szybko trafi\u0142 jednak do \u201eratuszowej zamra\u017carki\u201d. Gdy wydawa\u0142o si\u0119, \u017ce przepad\u0142 na zawsze, nieoczekiwanie wr\u00f3ci\u0142 pod obrady Komisji Rozwoju Miasta i Inwestycji pod koniec grudnia 2015 roku. To w\u00f3wczas wiceprezydent Piotr Wieczorek okre\u015bli\u0142 go mianem \u201emiejskiego gad\u017cetu, galanterii miejskiej\u201d. Ostatecznie projekt znalaz\u0142 jednak poparcie radnych i system wystartowa\u0142 w marcu 2017 roku. Koszt jego wdro\u017cenia wyni\u00f3s\u0142 931 tysi\u0119cy z\u0142otych.<\/p>\n<p>Cho\u0107 trudno wyci\u0105ga\u0107 wnioski ju\u017c po pierwszym sezonie funkcjonowania systemu, statystyki pokazuj\u0105, \u017ce inicjatywa znalaz\u0142a swoich odbiorc\u00f3w i warto pomy\u015ble\u0107 nad jej poszerzeniem.<br \/>\nMicha\u0142 Szewczyk<\/p>\n<div class=\"gliwi-a5-na-koncu-artykulow gliwi-entity-placement\" id=\"gliwi-2435944958\"><div class=\"gliwi-adlabel\"><span style=\"font-size: 9px\">REKLAMA<\/span><\/div><div id=\"gliwi-2842004642\" style=\"margin-left: auto;margin-right: auto;text-align: center;\"><a data-no-instant=\"1\" href=\"https:\/\/prezeroarenagliwice.pl\/\" rel=\"noopener\" class=\"a2t-link\" target=\"_blank\" aria-label=\"20260309-PREZERO-WIOSNA-D\"><img loading=\"lazy\" decoding=\"async\" src=\"https:\/\/www.24gliwice.pl\/wiadomosci\/wp-content\/uploads\/2026\/03\/20260309-PREZERO-WIOSNA-D.webp\" alt=\"\"  srcset=\"https:\/\/www.24gliwice.pl\/wiadomosci\/wp-content\/uploads\/2026\/03\/20260309-PREZERO-WIOSNA-D.webp 750w, https:\/\/www.24gliwice.pl\/wiadomosci\/wp-content\/uploads\/2026\/03\/20260309-PREZERO-WIOSNA-D-410x109.webp 410w\" sizes=\"(max-width: 750px) 100vw, 750px\" class=\"no-lazyload\" width=\"750\" height=\"200\"  style=\"display: inline-block; max-width: 100%; height: auto;\" \/><\/a><\/div><\/div>","protected":false},"excerpt":{"rendered":"<p>Dobiega ko\u0144ca pierwszy sezon Gliwickiego Roweru Miejskiego. W pi\u0105tek rowery trafi\u0105 do magazynu, a ponownie b\u0119dziemy mogli z nich korzysta\u0107 od 1 marca. &#8211; Gliwiczanie pokochali rower miejski i bardzo ch\u0119tnie z niego korzystaj\u0105. Dzi\u0119ki takiej alternatywnej, przyjaznej dla \u015brodowiska formie komunikacji, miasto staje si\u0119 coraz bardziej ekologiczne. Mamy nadziej\u0119, \u017ce kolejny sezon b\u0119dzie r\u00f3wnie [&hellip;]<\/p>\n","protected":false},"author":12,"featured_media":108452,"comment_status":"open","ping_status":"closed","sticky":false,"template":"","format":"standard","meta":{"_monsterinsights_skip_tracking":false,"_monsterinsights_sitenote_active":false,"_monsterinsights_sitenote_note":"","_monsterinsights_sitenote_category":0,"footnotes":"","_links_to":"","_links_to_target":""},"categories":[3,1,9],"tags":[8153],"class_list":["post-108450","post","type-post","status-publish","format-standard","has-post-thumbnail","hentry","category-gliwice","category-wszystko","category-aktualnosci_lokalne","tag-rower-miejski"],"yoast_head":"<!-- This site is optimized with the Yoast SEO plugin v27.5 - https:\/\/yoast.com\/product\/yoast-seo-wordpress\/ -->\n<title>60 tysi\u0119cy wypo\u017cycze\u0144, prawie 7 tysi\u0119cy u\u017cytkownik\u00f3w. Pierwszy sezon z rowerem miejskim za nami - 24GLIWICE - Portal Gliwice | codziennie nowe informacje<\/title>\n<meta name=\"robots\" content=\"index, follow, max-snippet:-1, max-image-preview:large, max-video-preview:-1\" \/>\n<link rel=\"canonical\" href=\"https:\/\/www.24gliwice.pl\/wiadomosci\/60-tysiecy-wypozyczen-prawie-7-tysiecy-uzytkownikow-pierwszy-sezon-z-rowerem-miejskim-za-nami\/\" \/>\n<meta property=\"og:locale\" content=\"pl_PL\" \/>\n<meta property=\"og:type\" content=\"article\" \/>\n<meta property=\"og:title\" content=\"60 tysi\u0119cy wypo\u017cycze\u0144, prawie 7 tysi\u0119cy u\u017cytkownik\u00f3w. Pierwszy sezon z rowerem miejskim za nami - 24GLIWICE - Portal Gliwice | codziennie nowe informacje\" \/>\n<meta property=\"og:description\" content=\"Dobiega ko\u0144ca pierwszy sezon Gliwickiego Roweru Miejskiego. W pi\u0105tek rowery trafi\u0105 do magazynu, a ponownie b\u0119dziemy mogli z nich korzysta\u0107 od 1 marca. &#8211; Gliwiczanie pokochali rower miejski i bardzo ch\u0119tnie z niego korzystaj\u0105. Dzi\u0119ki takiej alternatywnej, przyjaznej dla \u015brodowiska formie komunikacji, miasto staje si\u0119 coraz bardziej ekologiczne. Mamy nadziej\u0119, \u017ce kolejny sezon b\u0119dzie r\u00f3wnie [&hellip;]\" \/>\n<meta property=\"og:url\" content=\"https:\/\/www.24gliwice.pl\/wiadomosci\/60-tysiecy-wypozyczen-prawie-7-tysiecy-uzytkownikow-pierwszy-sezon-z-rowerem-miejskim-za-nami\/\" \/>\n<meta property=\"og:site_name\" content=\"24GLIWICE - Portal Gliwice | codziennie nowe informacje\" \/>\n<meta property=\"article:publisher\" content=\"https:\/\/www.facebook.com\/24gliwice\" \/>\n<meta property=\"article:published_time\" content=\"2017-11-29T02:02:57+00:00\" \/>\n<meta property=\"article:modified_time\" content=\"2017-11-29T12:03:38+00:00\" \/>\n<meta property=\"og:image\" content=\"https:\/\/www.24gliwice.pl\/wiadomosci\/wp-content\/uploads\/2017\/11\/rower-miejski.jpg\" \/>\n\t<meta property=\"og:image:width\" content=\"1200\" \/>\n\t<meta property=\"og:image:height\" content=\"675\" \/>\n\t<meta property=\"og:image:type\" content=\"image\/jpeg\" \/>\n<meta name=\"author\" content=\"Micha\u0142 Szewczyk\" \/>\n<meta name=\"twitter:card\" content=\"summary_large_image\" \/>\n<meta name=\"twitter:creator\" content=\"@24gliwice\" \/>\n<meta name=\"twitter:site\" content=\"@24gliwice\" \/>\n<meta name=\"twitter:label1\" content=\"Napisane przez\" \/>\n\t<meta name=\"twitter:data1\" content=\"Micha\u0142 Szewczyk\" \/>\n\t<meta name=\"twitter:label2\" content=\"Szacowany czas czytania\" \/>\n\t<meta name=\"twitter:data2\" content=\"2 minuty\" \/>\n<script type=\"application\/ld+json\" class=\"yoast-schema-graph\">{\"@context\":\"https:\\\/\\\/schema.org\",\"@graph\":[{\"@type\":\"Article\",\"@id\":\"https:\\\/\\\/www.24gliwice.pl\\\/wiadomosci\\\/60-tysiecy-wypozyczen-prawie-7-tysiecy-uzytkownikow-pierwszy-sezon-z-rowerem-miejskim-za-nami\\\/#article\",\"isPartOf\":{\"@id\":\"https:\\\/\\\/www.24gliwice.pl\\\/wiadomosci\\\/60-tysiecy-wypozyczen-prawie-7-tysiecy-uzytkownikow-pierwszy-sezon-z-rowerem-miejskim-za-nami\\\/\"},\"author\":{\"name\":\"Micha\u0142 Szewczyk\",\"@id\":\"https:\\\/\\\/www.24gliwice.pl\\\/wiadomosci\\\/#\\\/schema\\\/person\\\/940e8f8a097e322de4f463f061ef8d45\"},\"headline\":\"60 tysi\u0119cy wypo\u017cycze\u0144, prawie 7 tysi\u0119cy u\u017cytkownik\u00f3w. Pierwszy sezon z rowerem miejskim za nami\",\"datePublished\":\"2017-11-29T02:02:57+00:00\",\"dateModified\":\"2017-11-29T12:03:38+00:00\",\"mainEntityOfPage\":{\"@id\":\"https:\\\/\\\/www.24gliwice.pl\\\/wiadomosci\\\/60-tysiecy-wypozyczen-prawie-7-tysiecy-uzytkownikow-pierwszy-sezon-z-rowerem-miejskim-za-nami\\\/\"},\"wordCount\":483,\"commentCount\":0,\"publisher\":{\"@id\":\"https:\\\/\\\/www.24gliwice.pl\\\/wiadomosci\\\/#organization\"},\"image\":{\"@id\":\"https:\\\/\\\/www.24gliwice.pl\\\/wiadomosci\\\/60-tysiecy-wypozyczen-prawie-7-tysiecy-uzytkownikow-pierwszy-sezon-z-rowerem-miejskim-za-nami\\\/#primaryimage\"},\"thumbnailUrl\":\"https:\\\/\\\/www.24gliwice.pl\\\/wiadomosci\\\/wp-content\\\/uploads\\\/2017\\\/11\\\/rower-miejski.jpg\",\"keywords\":[\"ROWER MIEJSKI\"],\"articleSection\":[\"Gliwice\",\"Najnowsze wiadomo\u015bci\",\"Portal Gliwice - Wiadomo\u015bci lokalne\"],\"inLanguage\":\"pl-PL\",\"potentialAction\":[{\"@type\":\"CommentAction\",\"name\":\"Comment\",\"target\":[\"https:\\\/\\\/www.24gliwice.pl\\\/wiadomosci\\\/60-tysiecy-wypozyczen-prawie-7-tysiecy-uzytkownikow-pierwszy-sezon-z-rowerem-miejskim-za-nami\\\/#respond\"]}]},{\"@type\":\"WebPage\",\"@id\":\"https:\\\/\\\/www.24gliwice.pl\\\/wiadomosci\\\/60-tysiecy-wypozyczen-prawie-7-tysiecy-uzytkownikow-pierwszy-sezon-z-rowerem-miejskim-za-nami\\\/\",\"url\":\"https:\\\/\\\/www.24gliwice.pl\\\/wiadomosci\\\/60-tysiecy-wypozyczen-prawie-7-tysiecy-uzytkownikow-pierwszy-sezon-z-rowerem-miejskim-za-nami\\\/\",\"name\":\"60 tysi\u0119cy wypo\u017cycze\u0144, prawie 7 tysi\u0119cy u\u017cytkownik\u00f3w. Pierwszy sezon z rowerem miejskim za nami - 24GLIWICE - Portal Gliwice | codziennie nowe informacje\",\"isPartOf\":{\"@id\":\"https:\\\/\\\/www.24gliwice.pl\\\/wiadomosci\\\/#website\"},\"primaryImageOfPage\":{\"@id\":\"https:\\\/\\\/www.24gliwice.pl\\\/wiadomosci\\\/60-tysiecy-wypozyczen-prawie-7-tysiecy-uzytkownikow-pierwszy-sezon-z-rowerem-miejskim-za-nami\\\/#primaryimage\"},\"image\":{\"@id\":\"https:\\\/\\\/www.24gliwice.pl\\\/wiadomosci\\\/60-tysiecy-wypozyczen-prawie-7-tysiecy-uzytkownikow-pierwszy-sezon-z-rowerem-miejskim-za-nami\\\/#primaryimage\"},\"thumbnailUrl\":\"https:\\\/\\\/www.24gliwice.pl\\\/wiadomosci\\\/wp-content\\\/uploads\\\/2017\\\/11\\\/rower-miejski.jpg\",\"datePublished\":\"2017-11-29T02:02:57+00:00\",\"dateModified\":\"2017-11-29T12:03:38+00:00\",\"breadcrumb\":{\"@id\":\"https:\\\/\\\/www.24gliwice.pl\\\/wiadomosci\\\/60-tysiecy-wypozyczen-prawie-7-tysiecy-uzytkownikow-pierwszy-sezon-z-rowerem-miejskim-za-nami\\\/#breadcrumb\"},\"inLanguage\":\"pl-PL\",\"potentialAction\":[{\"@type\":\"ReadAction\",\"target\":[\"https:\\\/\\\/www.24gliwice.pl\\\/wiadomosci\\\/60-tysiecy-wypozyczen-prawie-7-tysiecy-uzytkownikow-pierwszy-sezon-z-rowerem-miejskim-za-nami\\\/\"]}]},{\"@type\":\"ImageObject\",\"inLanguage\":\"pl-PL\",\"@id\":\"https:\\\/\\\/www.24gliwice.pl\\\/wiadomosci\\\/60-tysiecy-wypozyczen-prawie-7-tysiecy-uzytkownikow-pierwszy-sezon-z-rowerem-miejskim-za-nami\\\/#primaryimage\",\"url\":\"https:\\\/\\\/www.24gliwice.pl\\\/wiadomosci\\\/wp-content\\\/uploads\\\/2017\\\/11\\\/rower-miejski.jpg\",\"contentUrl\":\"https:\\\/\\\/www.24gliwice.pl\\\/wiadomosci\\\/wp-content\\\/uploads\\\/2017\\\/11\\\/rower-miejski.jpg\",\"width\":1200,\"height\":675},{\"@type\":\"BreadcrumbList\",\"@id\":\"https:\\\/\\\/www.24gliwice.pl\\\/wiadomosci\\\/60-tysiecy-wypozyczen-prawie-7-tysiecy-uzytkownikow-pierwszy-sezon-z-rowerem-miejskim-za-nami\\\/#breadcrumb\",\"itemListElement\":[{\"@type\":\"ListItem\",\"position\":1,\"name\":\"Strona g\u0142\u00f3wna\",\"item\":\"https:\\\/\\\/www.24gliwice.pl\\\/wiadomosci\\\/\"},{\"@type\":\"ListItem\",\"position\":2,\"name\":\"60 tysi\u0119cy wypo\u017cycze\u0144, prawie 7 tysi\u0119cy u\u017cytkownik\u00f3w. Pierwszy sezon z rowerem miejskim za nami\"}]},{\"@type\":\"WebSite\",\"@id\":\"https:\\\/\\\/www.24gliwice.pl\\\/wiadomosci\\\/#website\",\"url\":\"https:\\\/\\\/www.24gliwice.pl\\\/wiadomosci\\\/\",\"name\":\"24GLIWICE - Portal Gliwice | codziennie nowe wiadomo\u015bci\",\"description\":\"Portal Miejski Gliwice\",\"publisher\":{\"@id\":\"https:\\\/\\\/www.24gliwice.pl\\\/wiadomosci\\\/#organization\"},\"potentialAction\":[{\"@type\":\"SearchAction\",\"target\":{\"@type\":\"EntryPoint\",\"urlTemplate\":\"https:\\\/\\\/www.24gliwice.pl\\\/wiadomosci\\\/?s={search_term_string}\"},\"query-input\":{\"@type\":\"PropertyValueSpecification\",\"valueRequired\":true,\"valueName\":\"search_term_string\"}}],\"inLanguage\":\"pl-PL\"},{\"@type\":\"Organization\",\"@id\":\"https:\\\/\\\/www.24gliwice.pl\\\/wiadomosci\\\/#organization\",\"name\":\"24gliwice\",\"url\":\"https:\\\/\\\/www.24gliwice.pl\\\/wiadomosci\\\/\",\"logo\":{\"@type\":\"ImageObject\",\"inLanguage\":\"pl-PL\",\"@id\":\"https:\\\/\\\/www.24gliwice.pl\\\/wiadomosci\\\/#\\\/schema\\\/logo\\\/image\\\/\",\"url\":\"https:\\\/\\\/www.24gliwice.pl\\\/wiadomosci\\\/wp-content\\\/uploads\\\/2024\\\/10\\\/24gliwice-logo-696.jpg\",\"contentUrl\":\"https:\\\/\\\/www.24gliwice.pl\\\/wiadomosci\\\/wp-content\\\/uploads\\\/2024\\\/10\\\/24gliwice-logo-696.jpg\",\"width\":696,\"height\":696,\"caption\":\"24gliwice\"},\"image\":{\"@id\":\"https:\\\/\\\/www.24gliwice.pl\\\/wiadomosci\\\/#\\\/schema\\\/logo\\\/image\\\/\"},\"sameAs\":[\"https:\\\/\\\/www.facebook.com\\\/24gliwice\",\"https:\\\/\\\/x.com\\\/24gliwice\",\"https:\\\/\\\/www.youtube.com\\\/@24gliwice\"]},{\"@type\":\"Person\",\"@id\":\"https:\\\/\\\/www.24gliwice.pl\\\/wiadomosci\\\/#\\\/schema\\\/person\\\/940e8f8a097e322de4f463f061ef8d45\",\"name\":\"Micha\u0142 Szewczyk\",\"image\":{\"@type\":\"ImageObject\",\"inLanguage\":\"pl-PL\",\"@id\":\"https:\\\/\\\/secure.gravatar.com\\\/avatar\\\/771b8b6c74cd8d255e46392d605e01a86133900ef09b6ef3c8d451c9d92288cf?s=96&d=mm&r=g\",\"url\":\"https:\\\/\\\/secure.gravatar.com\\\/avatar\\\/771b8b6c74cd8d255e46392d605e01a86133900ef09b6ef3c8d451c9d92288cf?s=96&d=mm&r=g\",\"contentUrl\":\"https:\\\/\\\/secure.gravatar.com\\\/avatar\\\/771b8b6c74cd8d255e46392d605e01a86133900ef09b6ef3c8d451c9d92288cf?s=96&d=mm&r=g\",\"caption\":\"Micha\u0142 Szewczyk\"},\"sameAs\":[\"http:\\\/\\\/www.gazeta-miejska.pl\"],\"url\":\"https:\\\/\\\/www.24gliwice.pl\\\/wiadomosci\\\/author\\\/michal-szewczyk\\\/\"}]}<\/script>\n<!-- \/ Yoast SEO plugin. -->","yoast_head_json":{"title":"60 tysi\u0119cy wypo\u017cycze\u0144, prawie 7 tysi\u0119cy u\u017cytkownik\u00f3w. Pierwszy sezon z rowerem miejskim za nami - 24GLIWICE - Portal Gliwice | codziennie nowe informacje","robots":{"index":"index","follow":"follow","max-snippet":"max-snippet:-1","max-image-preview":"max-image-preview:large","max-video-preview":"max-video-preview:-1"},"canonical":"https:\/\/www.24gliwice.pl\/wiadomosci\/60-tysiecy-wypozyczen-prawie-7-tysiecy-uzytkownikow-pierwszy-sezon-z-rowerem-miejskim-za-nami\/","og_locale":"pl_PL","og_type":"article","og_title":"60 tysi\u0119cy wypo\u017cycze\u0144, prawie 7 tysi\u0119cy u\u017cytkownik\u00f3w. Pierwszy sezon z rowerem miejskim za nami - 24GLIWICE - Portal Gliwice | codziennie nowe informacje","og_description":"Dobiega ko\u0144ca pierwszy sezon Gliwickiego Roweru Miejskiego. W pi\u0105tek rowery trafi\u0105 do magazynu, a ponownie b\u0119dziemy mogli z nich korzysta\u0107 od 1 marca. &#8211; Gliwiczanie pokochali rower miejski i bardzo ch\u0119tnie z niego korzystaj\u0105. Dzi\u0119ki takiej alternatywnej, przyjaznej dla \u015brodowiska formie komunikacji, miasto staje si\u0119 coraz bardziej ekologiczne. Mamy nadziej\u0119, \u017ce kolejny sezon b\u0119dzie r\u00f3wnie [&hellip;]","og_url":"https:\/\/www.24gliwice.pl\/wiadomosci\/60-tysiecy-wypozyczen-prawie-7-tysiecy-uzytkownikow-pierwszy-sezon-z-rowerem-miejskim-za-nami\/","og_site_name":"24GLIWICE - Portal Gliwice | codziennie nowe informacje","article_publisher":"https:\/\/www.facebook.com\/24gliwice","article_published_time":"2017-11-29T02:02:57+00:00","article_modified_time":"2017-11-29T12:03:38+00:00","og_image":[{"width":1200,"height":675,"url":"https:\/\/www.24gliwice.pl\/wiadomosci\/wp-content\/uploads\/2017\/11\/rower-miejski.jpg","type":"image\/jpeg"}],"author":"Micha\u0142 Szewczyk","twitter_card":"summary_large_image","twitter_creator":"@24gliwice","twitter_site":"@24gliwice","twitter_misc":{"Napisane przez":"Micha\u0142 Szewczyk","Szacowany czas czytania":"2 minuty"},"schema":{"@context":"https:\/\/schema.org","@graph":[{"@type":"Article","@id":"https:\/\/www.24gliwice.pl\/wiadomosci\/60-tysiecy-wypozyczen-prawie-7-tysiecy-uzytkownikow-pierwszy-sezon-z-rowerem-miejskim-za-nami\/#article","isPartOf":{"@id":"https:\/\/www.24gliwice.pl\/wiadomosci\/60-tysiecy-wypozyczen-prawie-7-tysiecy-uzytkownikow-pierwszy-sezon-z-rowerem-miejskim-za-nami\/"},"author":{"name":"Micha\u0142 Szewczyk","@id":"https:\/\/www.24gliwice.pl\/wiadomosci\/#\/schema\/person\/940e8f8a097e322de4f463f061ef8d45"},"headline":"60 tysi\u0119cy wypo\u017cycze\u0144, prawie 7 tysi\u0119cy u\u017cytkownik\u00f3w. Pierwszy sezon z rowerem miejskim za nami","datePublished":"2017-11-29T02:02:57+00:00","dateModified":"2017-11-29T12:03:38+00:00","mainEntityOfPage":{"@id":"https:\/\/www.24gliwice.pl\/wiadomosci\/60-tysiecy-wypozyczen-prawie-7-tysiecy-uzytkownikow-pierwszy-sezon-z-rowerem-miejskim-za-nami\/"},"wordCount":483,"commentCount":0,"publisher":{"@id":"https:\/\/www.24gliwice.pl\/wiadomosci\/#organization"},"image":{"@id":"https:\/\/www.24gliwice.pl\/wiadomosci\/60-tysiecy-wypozyczen-prawie-7-tysiecy-uzytkownikow-pierwszy-sezon-z-rowerem-miejskim-za-nami\/#primaryimage"},"thumbnailUrl":"https:\/\/www.24gliwice.pl\/wiadomosci\/wp-content\/uploads\/2017\/11\/rower-miejski.jpg","keywords":["ROWER MIEJSKI"],"articleSection":["Gliwice","Najnowsze wiadomo\u015bci","Portal Gliwice - Wiadomo\u015bci lokalne"],"inLanguage":"pl-PL","potentialAction":[{"@type":"CommentAction","name":"Comment","target":["https:\/\/www.24gliwice.pl\/wiadomosci\/60-tysiecy-wypozyczen-prawie-7-tysiecy-uzytkownikow-pierwszy-sezon-z-rowerem-miejskim-za-nami\/#respond"]}]},{"@type":"WebPage","@id":"https:\/\/www.24gliwice.pl\/wiadomosci\/60-tysiecy-wypozyczen-prawie-7-tysiecy-uzytkownikow-pierwszy-sezon-z-rowerem-miejskim-za-nami\/","url":"https:\/\/www.24gliwice.pl\/wiadomosci\/60-tysiecy-wypozyczen-prawie-7-tysiecy-uzytkownikow-pierwszy-sezon-z-rowerem-miejskim-za-nami\/","name":"60 tysi\u0119cy wypo\u017cycze\u0144, prawie 7 tysi\u0119cy u\u017cytkownik\u00f3w. Pierwszy sezon z rowerem miejskim za nami - 24GLIWICE - Portal Gliwice | codziennie nowe informacje","isPartOf":{"@id":"https:\/\/www.24gliwice.pl\/wiadomosci\/#website"},"primaryImageOfPage":{"@id":"https:\/\/www.24gliwice.pl\/wiadomosci\/60-tysiecy-wypozyczen-prawie-7-tysiecy-uzytkownikow-pierwszy-sezon-z-rowerem-miejskim-za-nami\/#primaryimage"},"image":{"@id":"https:\/\/www.24gliwice.pl\/wiadomosci\/60-tysiecy-wypozyczen-prawie-7-tysiecy-uzytkownikow-pierwszy-sezon-z-rowerem-miejskim-za-nami\/#primaryimage"},"thumbnailUrl":"https:\/\/www.24gliwice.pl\/wiadomosci\/wp-content\/uploads\/2017\/11\/rower-miejski.jpg","datePublished":"2017-11-29T02:02:57+00:00","dateModified":"2017-11-29T12:03:38+00:00","breadcrumb":{"@id":"https:\/\/www.24gliwice.pl\/wiadomosci\/60-tysiecy-wypozyczen-prawie-7-tysiecy-uzytkownikow-pierwszy-sezon-z-rowerem-miejskim-za-nami\/#breadcrumb"},"inLanguage":"pl-PL","potentialAction":[{"@type":"ReadAction","target":["https:\/\/www.24gliwice.pl\/wiadomosci\/60-tysiecy-wypozyczen-prawie-7-tysiecy-uzytkownikow-pierwszy-sezon-z-rowerem-miejskim-za-nami\/"]}]},{"@type":"ImageObject","inLanguage":"pl-PL","@id":"https:\/\/www.24gliwice.pl\/wiadomosci\/60-tysiecy-wypozyczen-prawie-7-tysiecy-uzytkownikow-pierwszy-sezon-z-rowerem-miejskim-za-nami\/#primaryimage","url":"https:\/\/www.24gliwice.pl\/wiadomosci\/wp-content\/uploads\/2017\/11\/rower-miejski.jpg","contentUrl":"https:\/\/www.24gliwice.pl\/wiadomosci\/wp-content\/uploads\/2017\/11\/rower-miejski.jpg","width":1200,"height":675},{"@type":"BreadcrumbList","@id":"https:\/\/www.24gliwice.pl\/wiadomosci\/60-tysiecy-wypozyczen-prawie-7-tysiecy-uzytkownikow-pierwszy-sezon-z-rowerem-miejskim-za-nami\/#breadcrumb","itemListElement":[{"@type":"ListItem","position":1,"name":"Strona g\u0142\u00f3wna","item":"https:\/\/www.24gliwice.pl\/wiadomosci\/"},{"@type":"ListItem","position":2,"name":"60 tysi\u0119cy wypo\u017cycze\u0144, prawie 7 tysi\u0119cy u\u017cytkownik\u00f3w. Pierwszy sezon z rowerem miejskim za nami"}]},{"@type":"WebSite","@id":"https:\/\/www.24gliwice.pl\/wiadomosci\/#website","url":"https:\/\/www.24gliwice.pl\/wiadomosci\/","name":"24GLIWICE - Portal Gliwice | codziennie nowe wiadomo\u015bci","description":"Portal Miejski Gliwice","publisher":{"@id":"https:\/\/www.24gliwice.pl\/wiadomosci\/#organization"},"potentialAction":[{"@type":"SearchAction","target":{"@type":"EntryPoint","urlTemplate":"https:\/\/www.24gliwice.pl\/wiadomosci\/?s={search_term_string}"},"query-input":{"@type":"PropertyValueSpecification","valueRequired":true,"valueName":"search_term_string"}}],"inLanguage":"pl-PL"},{"@type":"Organization","@id":"https:\/\/www.24gliwice.pl\/wiadomosci\/#organization","name":"24gliwice","url":"https:\/\/www.24gliwice.pl\/wiadomosci\/","logo":{"@type":"ImageObject","inLanguage":"pl-PL","@id":"https:\/\/www.24gliwice.pl\/wiadomosci\/#\/schema\/logo\/image\/","url":"https:\/\/www.24gliwice.pl\/wiadomosci\/wp-content\/uploads\/2024\/10\/24gliwice-logo-696.jpg","contentUrl":"https:\/\/www.24gliwice.pl\/wiadomosci\/wp-content\/uploads\/2024\/10\/24gliwice-logo-696.jpg","width":696,"height":696,"caption":"24gliwice"},"image":{"@id":"https:\/\/www.24gliwice.pl\/wiadomosci\/#\/schema\/logo\/image\/"},"sameAs":["https:\/\/www.facebook.com\/24gliwice","https:\/\/x.com\/24gliwice","https:\/\/www.youtube.com\/@24gliwice"]},{"@type":"Person","@id":"https:\/\/www.24gliwice.pl\/wiadomosci\/#\/schema\/person\/940e8f8a097e322de4f463f061ef8d45","name":"Micha\u0142 Szewczyk","image":{"@type":"ImageObject","inLanguage":"pl-PL","@id":"https:\/\/secure.gravatar.com\/avatar\/771b8b6c74cd8d255e46392d605e01a86133900ef09b6ef3c8d451c9d92288cf?s=96&d=mm&r=g","url":"https:\/\/secure.gravatar.com\/avatar\/771b8b6c74cd8d255e46392d605e01a86133900ef09b6ef3c8d451c9d92288cf?s=96&d=mm&r=g","contentUrl":"https:\/\/secure.gravatar.com\/avatar\/771b8b6c74cd8d255e46392d605e01a86133900ef09b6ef3c8d451c9d92288cf?s=96&d=mm&r=g","caption":"Micha\u0142 Szewczyk"},"sameAs":["http:\/\/www.gazeta-miejska.pl"],"url":"https:\/\/www.24gliwice.pl\/wiadomosci\/author\/michal-szewczyk\/"}]}},"_links":{"self":[{"href":"https:\/\/www.24gliwice.pl\/wiadomosci\/wp-json\/wp\/v2\/posts\/108450","targetHints":{"allow":["GET"]}}],"collection":[{"href":"https:\/\/www.24gliwice.pl\/wiadomosci\/wp-json\/wp\/v2\/posts"}],"about":[{"href":"https:\/\/www.24gliwice.pl\/wiadomosci\/wp-json\/wp\/v2\/types\/post"}],"author":[{"embeddable":true,"href":"https:\/\/www.24gliwice.pl\/wiadomosci\/wp-json\/wp\/v2\/users\/12"}],"replies":[{"embeddable":true,"href":"https:\/\/www.24gliwice.pl\/wiadomosci\/wp-json\/wp\/v2\/comments?post=108450"}],"version-history":[{"count":0,"href":"https:\/\/www.24gliwice.pl\/wiadomosci\/wp-json\/wp\/v2\/posts\/108450\/revisions"}],"wp:featuredmedia":[{"embeddable":true,"href":"https:\/\/www.24gliwice.pl\/wiadomosci\/wp-json\/wp\/v2\/media\/108452"}],"wp:attachment":[{"href":"https:\/\/www.24gliwice.pl\/wiadomosci\/wp-json\/wp\/v2\/media?parent=108450"}],"wp:term":[{"taxonomy":"category","embeddable":true,"href":"https:\/\/www.24gliwice.pl\/wiadomosci\/wp-json\/wp\/v2\/categories?post=108450"},{"taxonomy":"post_tag","embeddable":true,"href":"https:\/\/www.24gliwice.pl\/wiadomosci\/wp-json\/wp\/v2\/tags?post=108450"}],"curies":[{"name":"wp","href":"https:\/\/api.w.org\/{rel}","templated":true}]}}