{"id":108700,"date":"2017-12-05T11:25:20","date_gmt":"2017-12-05T10:25:20","guid":{"rendered":"http:\/\/www.24gliwice.pl\/wiadomosci\/?p=108700"},"modified":"2017-12-05T11:50:40","modified_gmt":"2017-12-05T10:50:40","slug":"hala-gliwice-z-nowym-oswietleniem-wyglada-kosmicznie-na-krawedzi-dachu-zainstalowano-519-lamp-led","status":"publish","type":"post","link":"https:\/\/www.24gliwice.pl\/wiadomosci\/hala-gliwice-z-nowym-oswietleniem-wyglada-kosmicznie-na-krawedzi-dachu-zainstalowano-519-lamp-led\/","title":{"rendered":"Hala Gliwice z nowym o\u015bwietleniem wygl\u0105da kosmicznie. Na kraw\u0119dzi dachu zainstalowano 519 lamp LED"},"content":{"rendered":"<div class=\"gliwi-a6-nad-leadem-artykulow gliwi-entity-placement\" id=\"gliwi-2763773451\"><div class=\"gliwi-adlabel\"><span style=\"font-size: 9px\">REKLAMA<\/span><\/div><div id=\"gliwi-475271448\" style=\"margin-bottom: 25px;margin-left: auto;margin-right: auto;text-align: center;\"><a data-no-instant=\"1\" href=\"https:\/\/dom100.eu\/\" rel=\"noopener\" class=\"a2t-link\" target=\"_blank\" aria-label=\"20260415 DOM100 D\"><img loading=\"lazy\" decoding=\"async\" src=\"https:\/\/www.24gliwice.pl\/wiadomosci\/wp-content\/uploads\/2026\/04\/20260415-DOM100-D.jpg\" alt=\"\"  srcset=\"https:\/\/www.24gliwice.pl\/wiadomosci\/wp-content\/uploads\/2026\/04\/20260415-DOM100-D.jpg 750w, https:\/\/www.24gliwice.pl\/wiadomosci\/wp-content\/uploads\/2026\/04\/20260415-DOM100-D-410x109.jpg 410w\" sizes=\"(max-width: 750px) 100vw, 750px\" class=\"no-lazyload\" width=\"750\" height=\"200\"  style=\"display: inline-block; max-width: 100%; height: auto;\" \/><\/a><\/div><\/div><h3>Dzi\u0119ki zewn\u0119trznemu o\u015bwietleniu Hali widowiskowo-sportowej w Gliwicach z daleka wida\u0107 kszta\u0142t obiektu. Wszystko przez zamontowany na elewacji system LED, a dok\u0142adniej na kraw\u0119dzi dachu.<\/h3>\n<p>Linia \u015bwietlna podkre\u015bla eliptyczny kszta\u0142t bry\u0142y Hali i wyr\u00f3\u017cnia j\u0105 w przestrzeni. O\u015bwietlenie zainstalowano tak\u017ce na kraw\u0119dzi \u015bciany, kt\u00f3ra znajduje si\u0119 przy g\u0142\u00f3wnym wej\u015bciu. <\/p>\n<blockquote><p>Dzi\u0119ki specjalnemu programowi steruj\u0105cemu o\u015bwietleniem zewn\u0119trznym wraz z o\u015bwietleniem LED na elewacji mo\u017cna sprawnie sterowa\u0107 \u015bwiat\u0142em na co dzie\u0144 oraz podczas r\u00f3\u017cnych imprez organizowanych na terenie Hali <\/p><\/blockquote>\n<p>&#8211; informuje rzeczniczka PWiK, <strong>Anna Wietrzyk<\/strong>. <\/p><div class=\"gliwi-a3-w-tresci-artykulow gliwi-entity-placement\" id=\"gliwi-288329078\"><div class=\"gliwi-adlabel\"><span style=\"font-size: 9px\">REKLAMA<\/span><\/div><div id=\"gliwi-4261577599\" style=\"margin-bottom: 30px;margin-left: auto;margin-right: auto;text-align: center;\"><a data-no-instant=\"1\" href=\"https:\/\/ogrodyandersa.pl\/\" rel=\"noopener\" class=\"a2t-link\" target=\"_blank\" aria-label=\"20260415 Ogrody Andersa KUP TERAZ D\"><img loading=\"lazy\" decoding=\"async\" src=\"https:\/\/www.24gliwice.pl\/wiadomosci\/wp-content\/uploads\/2026\/04\/20260415-Ogrody-Andersa-KUP-TERAZ-D.jpg\" alt=\"\"  srcset=\"https:\/\/www.24gliwice.pl\/wiadomosci\/wp-content\/uploads\/2026\/04\/20260415-Ogrody-Andersa-KUP-TERAZ-D.jpg 750w, https:\/\/www.24gliwice.pl\/wiadomosci\/wp-content\/uploads\/2026\/04\/20260415-Ogrody-Andersa-KUP-TERAZ-D-410x109.jpg 410w\" sizes=\"(max-width: 750px) 100vw, 750px\" class=\"no-lazyload\" width=\"750\" height=\"200\"  style=\"display: inline-block; max-width: 100%; height: auto;\" \/><\/a><\/div><\/div>\n<p>\u015awietlna wst\u0119ga sk\u0142ada si\u0119 z 519 sztuk lampek LED. Jest ona obecnie testowana i \u015bwieci si\u0119 jak najcz\u0119\u015bciej, tak\u017ce w ci\u0105gu dnia.<\/p>\n<p><img loading=\"lazy\" decoding=\"async\" src=\"http:\/\/www.24gliwice.pl\/wiadomosci\/wp-content\/uploads\/2017\/12\/1-hala-gliwice-noc-1.jpg\" alt=\"\" width=\"1140\" height=\"642\" class=\"aligncenter size-full wp-image-108712\" srcset=\"https:\/\/www.24gliwice.pl\/wiadomosci\/wp-content\/uploads\/2017\/12\/1-hala-gliwice-noc-1.jpg 1140w, https:\/\/www.24gliwice.pl\/wiadomosci\/wp-content\/uploads\/2017\/12\/1-hala-gliwice-noc-1-410x232.jpg 410w, https:\/\/www.24gliwice.pl\/wiadomosci\/wp-content\/uploads\/2017\/12\/1-hala-gliwice-noc-1-768x433.jpg 768w, https:\/\/www.24gliwice.pl\/wiadomosci\/wp-content\/uploads\/2017\/12\/1-hala-gliwice-noc-1-808x455.jpg 808w, https:\/\/www.24gliwice.pl\/wiadomosci\/wp-content\/uploads\/2017\/12\/1-hala-gliwice-noc-1-810x456.jpg 810w\" sizes=\"auto, (max-width: 1140px) 100vw, 1140px\" \/><\/p>\n<p>Opr\u00f3cz nowego o\u015bwietlenia, z boku Hali pojawi\u0142 si\u0119 tak\u017ce telebim. B\u0119dzie on s\u0142u\u017cy\u0142 do cel\u00f3w reklamowych i informacyjnych, jak r\u00f3wnie\u017c do wy\u015bwietlania tre\u015bci podczas imprez organizowanych na placu przy obiekcie. Powierzchnia ekranu wynosi 29,36 m2.<\/p>\n<p><img loading=\"lazy\" decoding=\"async\" src=\"http:\/\/www.24gliwice.pl\/wiadomosci\/wp-content\/uploads\/2017\/11\/telebim-hala-gliwice-e1512392176786.jpg\" alt=\"\" width=\"810\" height=\"456\" class=\"aligncenter size-full wp-image-108684\" \/><\/p>\n<p>(\u017cms)<br \/>\nfot. MF\/24gliwice.pl<\/p>\n<div class=\"gliwi-a5-na-koncu-artykulow gliwi-entity-placement\" id=\"gliwi-1618095148\"><div class=\"gliwi-adlabel\"><span style=\"font-size: 9px\">REKLAMA<\/span><\/div><div id=\"gliwi-3679060979\" style=\"margin-left: auto;margin-right: auto;text-align: center;\"><a data-no-instant=\"1\" href=\"https:\/\/prezeroarenagliwice.pl\/\" rel=\"noopener\" class=\"a2t-link\" target=\"_blank\" aria-label=\"20260309-PREZERO-WIOSNA-D\"><img loading=\"lazy\" decoding=\"async\" src=\"https:\/\/www.24gliwice.pl\/wiadomosci\/wp-content\/uploads\/2026\/03\/20260309-PREZERO-WIOSNA-D.webp\" alt=\"\"  srcset=\"https:\/\/www.24gliwice.pl\/wiadomosci\/wp-content\/uploads\/2026\/03\/20260309-PREZERO-WIOSNA-D.webp 750w, https:\/\/www.24gliwice.pl\/wiadomosci\/wp-content\/uploads\/2026\/03\/20260309-PREZERO-WIOSNA-D-410x109.webp 410w\" sizes=\"(max-width: 750px) 100vw, 750px\" class=\"no-lazyload\" width=\"750\" height=\"200\"  style=\"display: inline-block; max-width: 100%; height: auto;\" \/><\/a><\/div><\/div>","protected":false},"excerpt":{"rendered":"<p>Dzi\u0119ki zewn\u0119trznemu o\u015bwietleniu Hali widowiskowo-sportowej w Gliwicach z daleka wida\u0107 kszta\u0142t obiektu. Wszystko przez zamontowany na elewacji system LED, a dok\u0142adniej na kraw\u0119dzi dachu. Linia \u015bwietlna podkre\u015bla eliptyczny kszta\u0142t bry\u0142y Hali i wyr\u00f3\u017cnia j\u0105 w przestrzeni. O\u015bwietlenie zainstalowano tak\u017ce na kraw\u0119dzi \u015bciany, kt\u00f3ra znajduje si\u0119 przy g\u0142\u00f3wnym wej\u015bciu. Dzi\u0119ki specjalnemu programowi steruj\u0105cemu o\u015bwietleniem zewn\u0119trznym wraz [&hellip;]<\/p>\n","protected":false},"author":15,"featured_media":108718,"comment_status":"open","ping_status":"closed","sticky":false,"template":"","format":"standard","meta":{"_monsterinsights_skip_tracking":false,"_monsterinsights_sitenote_active":false,"_monsterinsights_sitenote_note":"","_monsterinsights_sitenote_category":0,"footnotes":"","_links_to":"","_links_to_target":""},"categories":[3,1,9],"tags":[4739,10813,5058,2618,1804],"class_list":["post-108700","post","type-post","status-publish","format-standard","has-post-thumbnail","hentry","category-gliwice","category-wszystko","category-aktualnosci_lokalne","tag-hala-gliwice","tag-led","tag-oswietlenie","tag-podium","tag-pwik"],"yoast_head":"<!-- This site is optimized with the Yoast SEO plugin v27.5 - https:\/\/yoast.com\/product\/yoast-seo-wordpress\/ -->\n<title>Hala Gliwice z nowym o\u015bwietleniem wygl\u0105da kosmicznie. Na kraw\u0119dzi dachu zainstalowano 519 lamp LED - 24GLIWICE - Portal Gliwice | codziennie nowe informacje<\/title>\n<meta name=\"robots\" content=\"index, follow, max-snippet:-1, max-image-preview:large, max-video-preview:-1\" \/>\n<link rel=\"canonical\" href=\"https:\/\/www.24gliwice.pl\/wiadomosci\/hala-gliwice-z-nowym-oswietleniem-wyglada-kosmicznie-na-krawedzi-dachu-zainstalowano-519-lamp-led\/\" \/>\n<meta property=\"og:locale\" content=\"pl_PL\" \/>\n<meta property=\"og:type\" content=\"article\" \/>\n<meta property=\"og:title\" content=\"Hala Gliwice z nowym o\u015bwietleniem wygl\u0105da kosmicznie. Na kraw\u0119dzi dachu zainstalowano 519 lamp LED - 24GLIWICE - Portal Gliwice | codziennie nowe informacje\" \/>\n<meta property=\"og:description\" content=\"Dzi\u0119ki zewn\u0119trznemu o\u015bwietleniu Hali widowiskowo-sportowej w Gliwicach z daleka wida\u0107 kszta\u0142t obiektu. Wszystko przez zamontowany na elewacji system LED, a dok\u0142adniej na kraw\u0119dzi dachu. Linia \u015bwietlna podkre\u015bla eliptyczny kszta\u0142t bry\u0142y Hali i wyr\u00f3\u017cnia j\u0105 w przestrzeni. O\u015bwietlenie zainstalowano tak\u017ce na kraw\u0119dzi \u015bciany, kt\u00f3ra znajduje si\u0119 przy g\u0142\u00f3wnym wej\u015bciu. Dzi\u0119ki specjalnemu programowi steruj\u0105cemu o\u015bwietleniem zewn\u0119trznym wraz [&hellip;]\" \/>\n<meta property=\"og:url\" content=\"https:\/\/www.24gliwice.pl\/wiadomosci\/hala-gliwice-z-nowym-oswietleniem-wyglada-kosmicznie-na-krawedzi-dachu-zainstalowano-519-lamp-led\/\" \/>\n<meta property=\"og:site_name\" content=\"24GLIWICE - Portal Gliwice | codziennie nowe informacje\" \/>\n<meta property=\"article:publisher\" content=\"https:\/\/www.facebook.com\/24gliwice\" \/>\n<meta property=\"article:published_time\" content=\"2017-12-05T10:25:20+00:00\" \/>\n<meta property=\"article:modified_time\" content=\"2017-12-05T10:50:40+00:00\" \/>\n<meta property=\"og:image\" content=\"https:\/\/www.24gliwice.pl\/wiadomosci\/wp-content\/uploads\/2017\/12\/1-hala-gliwice-noc-2-001.jpg\" \/>\n\t<meta property=\"og:image:width\" content=\"1140\" \/>\n\t<meta property=\"og:image:height\" content=\"642\" \/>\n\t<meta property=\"og:image:type\" content=\"image\/jpeg\" \/>\n<meta name=\"author\" content=\"\u017baneta Mrozek-Siewierska\" \/>\n<meta name=\"twitter:card\" content=\"summary_large_image\" \/>\n<meta name=\"twitter:creator\" content=\"@24gliwice\" \/>\n<meta name=\"twitter:site\" content=\"@24gliwice\" \/>\n<meta name=\"twitter:label1\" content=\"Napisane przez\" \/>\n\t<meta name=\"twitter:data1\" content=\"\u017baneta Mrozek-Siewierska\" \/>\n\t<meta name=\"twitter:label2\" content=\"Szacowany czas czytania\" \/>\n\t<meta name=\"twitter:data2\" content=\"1 minuta\" \/>\n<script type=\"application\/ld+json\" class=\"yoast-schema-graph\">{\"@context\":\"https:\\\/\\\/schema.org\",\"@graph\":[{\"@type\":\"Article\",\"@id\":\"https:\\\/\\\/www.24gliwice.pl\\\/wiadomosci\\\/hala-gliwice-z-nowym-oswietleniem-wyglada-kosmicznie-na-krawedzi-dachu-zainstalowano-519-lamp-led\\\/#article\",\"isPartOf\":{\"@id\":\"https:\\\/\\\/www.24gliwice.pl\\\/wiadomosci\\\/hala-gliwice-z-nowym-oswietleniem-wyglada-kosmicznie-na-krawedzi-dachu-zainstalowano-519-lamp-led\\\/\"},\"author\":{\"name\":\"\u017baneta Mrozek-Siewierska\",\"@id\":\"https:\\\/\\\/www.24gliwice.pl\\\/wiadomosci\\\/#\\\/schema\\\/person\\\/e42c650edd7f2fa332be3811fb166b6e\"},\"headline\":\"Hala Gliwice z nowym o\u015bwietleniem wygl\u0105da kosmicznie. Na kraw\u0119dzi dachu zainstalowano 519 lamp LED\",\"datePublished\":\"2017-12-05T10:25:20+00:00\",\"dateModified\":\"2017-12-05T10:50:40+00:00\",\"mainEntityOfPage\":{\"@id\":\"https:\\\/\\\/www.24gliwice.pl\\\/wiadomosci\\\/hala-gliwice-z-nowym-oswietleniem-wyglada-kosmicznie-na-krawedzi-dachu-zainstalowano-519-lamp-led\\\/\"},\"wordCount\":196,\"commentCount\":0,\"publisher\":{\"@id\":\"https:\\\/\\\/www.24gliwice.pl\\\/wiadomosci\\\/#organization\"},\"image\":{\"@id\":\"https:\\\/\\\/www.24gliwice.pl\\\/wiadomosci\\\/hala-gliwice-z-nowym-oswietleniem-wyglada-kosmicznie-na-krawedzi-dachu-zainstalowano-519-lamp-led\\\/#primaryimage\"},\"thumbnailUrl\":\"https:\\\/\\\/www.24gliwice.pl\\\/wiadomosci\\\/wp-content\\\/uploads\\\/2017\\\/12\\\/1-hala-gliwice-noc-2-001.jpg\",\"keywords\":[\"HALA GLIWICE\",\"led\",\"O\u015aWIETLENIE\",\"PODIUM\",\"PWIK\"],\"articleSection\":[\"Gliwice\",\"Najnowsze wiadomo\u015bci\",\"Portal Gliwice - Wiadomo\u015bci lokalne\"],\"inLanguage\":\"pl-PL\",\"potentialAction\":[{\"@type\":\"CommentAction\",\"name\":\"Comment\",\"target\":[\"https:\\\/\\\/www.24gliwice.pl\\\/wiadomosci\\\/hala-gliwice-z-nowym-oswietleniem-wyglada-kosmicznie-na-krawedzi-dachu-zainstalowano-519-lamp-led\\\/#respond\"]}]},{\"@type\":\"WebPage\",\"@id\":\"https:\\\/\\\/www.24gliwice.pl\\\/wiadomosci\\\/hala-gliwice-z-nowym-oswietleniem-wyglada-kosmicznie-na-krawedzi-dachu-zainstalowano-519-lamp-led\\\/\",\"url\":\"https:\\\/\\\/www.24gliwice.pl\\\/wiadomosci\\\/hala-gliwice-z-nowym-oswietleniem-wyglada-kosmicznie-na-krawedzi-dachu-zainstalowano-519-lamp-led\\\/\",\"name\":\"Hala Gliwice z nowym o\u015bwietleniem wygl\u0105da kosmicznie. Na kraw\u0119dzi dachu zainstalowano 519 lamp LED - 24GLIWICE - Portal Gliwice | codziennie nowe informacje\",\"isPartOf\":{\"@id\":\"https:\\\/\\\/www.24gliwice.pl\\\/wiadomosci\\\/#website\"},\"primaryImageOfPage\":{\"@id\":\"https:\\\/\\\/www.24gliwice.pl\\\/wiadomosci\\\/hala-gliwice-z-nowym-oswietleniem-wyglada-kosmicznie-na-krawedzi-dachu-zainstalowano-519-lamp-led\\\/#primaryimage\"},\"image\":{\"@id\":\"https:\\\/\\\/www.24gliwice.pl\\\/wiadomosci\\\/hala-gliwice-z-nowym-oswietleniem-wyglada-kosmicznie-na-krawedzi-dachu-zainstalowano-519-lamp-led\\\/#primaryimage\"},\"thumbnailUrl\":\"https:\\\/\\\/www.24gliwice.pl\\\/wiadomosci\\\/wp-content\\\/uploads\\\/2017\\\/12\\\/1-hala-gliwice-noc-2-001.jpg\",\"datePublished\":\"2017-12-05T10:25:20+00:00\",\"dateModified\":\"2017-12-05T10:50:40+00:00\",\"breadcrumb\":{\"@id\":\"https:\\\/\\\/www.24gliwice.pl\\\/wiadomosci\\\/hala-gliwice-z-nowym-oswietleniem-wyglada-kosmicznie-na-krawedzi-dachu-zainstalowano-519-lamp-led\\\/#breadcrumb\"},\"inLanguage\":\"pl-PL\",\"potentialAction\":[{\"@type\":\"ReadAction\",\"target\":[\"https:\\\/\\\/www.24gliwice.pl\\\/wiadomosci\\\/hala-gliwice-z-nowym-oswietleniem-wyglada-kosmicznie-na-krawedzi-dachu-zainstalowano-519-lamp-led\\\/\"]}]},{\"@type\":\"ImageObject\",\"inLanguage\":\"pl-PL\",\"@id\":\"https:\\\/\\\/www.24gliwice.pl\\\/wiadomosci\\\/hala-gliwice-z-nowym-oswietleniem-wyglada-kosmicznie-na-krawedzi-dachu-zainstalowano-519-lamp-led\\\/#primaryimage\",\"url\":\"https:\\\/\\\/www.24gliwice.pl\\\/wiadomosci\\\/wp-content\\\/uploads\\\/2017\\\/12\\\/1-hala-gliwice-noc-2-001.jpg\",\"contentUrl\":\"https:\\\/\\\/www.24gliwice.pl\\\/wiadomosci\\\/wp-content\\\/uploads\\\/2017\\\/12\\\/1-hala-gliwice-noc-2-001.jpg\",\"width\":1140,\"height\":642},{\"@type\":\"BreadcrumbList\",\"@id\":\"https:\\\/\\\/www.24gliwice.pl\\\/wiadomosci\\\/hala-gliwice-z-nowym-oswietleniem-wyglada-kosmicznie-na-krawedzi-dachu-zainstalowano-519-lamp-led\\\/#breadcrumb\",\"itemListElement\":[{\"@type\":\"ListItem\",\"position\":1,\"name\":\"Strona g\u0142\u00f3wna\",\"item\":\"https:\\\/\\\/www.24gliwice.pl\\\/wiadomosci\\\/\"},{\"@type\":\"ListItem\",\"position\":2,\"name\":\"Hala Gliwice z nowym o\u015bwietleniem wygl\u0105da kosmicznie. Na kraw\u0119dzi dachu zainstalowano 519 lamp LED\"}]},{\"@type\":\"WebSite\",\"@id\":\"https:\\\/\\\/www.24gliwice.pl\\\/wiadomosci\\\/#website\",\"url\":\"https:\\\/\\\/www.24gliwice.pl\\\/wiadomosci\\\/\",\"name\":\"24GLIWICE - Portal Gliwice | codziennie nowe wiadomo\u015bci\",\"description\":\"Portal Miejski Gliwice\",\"publisher\":{\"@id\":\"https:\\\/\\\/www.24gliwice.pl\\\/wiadomosci\\\/#organization\"},\"potentialAction\":[{\"@type\":\"SearchAction\",\"target\":{\"@type\":\"EntryPoint\",\"urlTemplate\":\"https:\\\/\\\/www.24gliwice.pl\\\/wiadomosci\\\/?s={search_term_string}\"},\"query-input\":{\"@type\":\"PropertyValueSpecification\",\"valueRequired\":true,\"valueName\":\"search_term_string\"}}],\"inLanguage\":\"pl-PL\"},{\"@type\":\"Organization\",\"@id\":\"https:\\\/\\\/www.24gliwice.pl\\\/wiadomosci\\\/#organization\",\"name\":\"24gliwice\",\"url\":\"https:\\\/\\\/www.24gliwice.pl\\\/wiadomosci\\\/\",\"logo\":{\"@type\":\"ImageObject\",\"inLanguage\":\"pl-PL\",\"@id\":\"https:\\\/\\\/www.24gliwice.pl\\\/wiadomosci\\\/#\\\/schema\\\/logo\\\/image\\\/\",\"url\":\"https:\\\/\\\/www.24gliwice.pl\\\/wiadomosci\\\/wp-content\\\/uploads\\\/2024\\\/10\\\/24gliwice-logo-696.jpg\",\"contentUrl\":\"https:\\\/\\\/www.24gliwice.pl\\\/wiadomosci\\\/wp-content\\\/uploads\\\/2024\\\/10\\\/24gliwice-logo-696.jpg\",\"width\":696,\"height\":696,\"caption\":\"24gliwice\"},\"image\":{\"@id\":\"https:\\\/\\\/www.24gliwice.pl\\\/wiadomosci\\\/#\\\/schema\\\/logo\\\/image\\\/\"},\"sameAs\":[\"https:\\\/\\\/www.facebook.com\\\/24gliwice\",\"https:\\\/\\\/x.com\\\/24gliwice\",\"https:\\\/\\\/www.youtube.com\\\/@24gliwice\"]},{\"@type\":\"Person\",\"@id\":\"https:\\\/\\\/www.24gliwice.pl\\\/wiadomosci\\\/#\\\/schema\\\/person\\\/e42c650edd7f2fa332be3811fb166b6e\",\"name\":\"\u017baneta Mrozek-Siewierska\",\"image\":{\"@type\":\"ImageObject\",\"inLanguage\":\"pl-PL\",\"@id\":\"https:\\\/\\\/secure.gravatar.com\\\/avatar\\\/1881429e9c64597c77ad7aef2d0a19be69a3253e57534d16aa15bf3a4d34a0a3?s=96&d=mm&r=g\",\"url\":\"https:\\\/\\\/secure.gravatar.com\\\/avatar\\\/1881429e9c64597c77ad7aef2d0a19be69a3253e57534d16aa15bf3a4d34a0a3?s=96&d=mm&r=g\",\"contentUrl\":\"https:\\\/\\\/secure.gravatar.com\\\/avatar\\\/1881429e9c64597c77ad7aef2d0a19be69a3253e57534d16aa15bf3a4d34a0a3?s=96&d=mm&r=g\",\"caption\":\"\u017baneta Mrozek-Siewierska\"},\"url\":\"https:\\\/\\\/www.24gliwice.pl\\\/wiadomosci\\\/author\\\/zms\\\/\"}]}<\/script>\n<!-- \/ Yoast SEO plugin. -->","yoast_head_json":{"title":"Hala Gliwice z nowym o\u015bwietleniem wygl\u0105da kosmicznie. Na kraw\u0119dzi dachu zainstalowano 519 lamp LED - 24GLIWICE - Portal Gliwice | codziennie nowe informacje","robots":{"index":"index","follow":"follow","max-snippet":"max-snippet:-1","max-image-preview":"max-image-preview:large","max-video-preview":"max-video-preview:-1"},"canonical":"https:\/\/www.24gliwice.pl\/wiadomosci\/hala-gliwice-z-nowym-oswietleniem-wyglada-kosmicznie-na-krawedzi-dachu-zainstalowano-519-lamp-led\/","og_locale":"pl_PL","og_type":"article","og_title":"Hala Gliwice z nowym o\u015bwietleniem wygl\u0105da kosmicznie. Na kraw\u0119dzi dachu zainstalowano 519 lamp LED - 24GLIWICE - Portal Gliwice | codziennie nowe informacje","og_description":"Dzi\u0119ki zewn\u0119trznemu o\u015bwietleniu Hali widowiskowo-sportowej w Gliwicach z daleka wida\u0107 kszta\u0142t obiektu. Wszystko przez zamontowany na elewacji system LED, a dok\u0142adniej na kraw\u0119dzi dachu. Linia \u015bwietlna podkre\u015bla eliptyczny kszta\u0142t bry\u0142y Hali i wyr\u00f3\u017cnia j\u0105 w przestrzeni. O\u015bwietlenie zainstalowano tak\u017ce na kraw\u0119dzi \u015bciany, kt\u00f3ra znajduje si\u0119 przy g\u0142\u00f3wnym wej\u015bciu. Dzi\u0119ki specjalnemu programowi steruj\u0105cemu o\u015bwietleniem zewn\u0119trznym wraz [&hellip;]","og_url":"https:\/\/www.24gliwice.pl\/wiadomosci\/hala-gliwice-z-nowym-oswietleniem-wyglada-kosmicznie-na-krawedzi-dachu-zainstalowano-519-lamp-led\/","og_site_name":"24GLIWICE - Portal Gliwice | codziennie nowe informacje","article_publisher":"https:\/\/www.facebook.com\/24gliwice","article_published_time":"2017-12-05T10:25:20+00:00","article_modified_time":"2017-12-05T10:50:40+00:00","og_image":[{"width":1140,"height":642,"url":"https:\/\/www.24gliwice.pl\/wiadomosci\/wp-content\/uploads\/2017\/12\/1-hala-gliwice-noc-2-001.jpg","type":"image\/jpeg"}],"author":"\u017baneta Mrozek-Siewierska","twitter_card":"summary_large_image","twitter_creator":"@24gliwice","twitter_site":"@24gliwice","twitter_misc":{"Napisane przez":"\u017baneta Mrozek-Siewierska","Szacowany czas czytania":"1 minuta"},"schema":{"@context":"https:\/\/schema.org","@graph":[{"@type":"Article","@id":"https:\/\/www.24gliwice.pl\/wiadomosci\/hala-gliwice-z-nowym-oswietleniem-wyglada-kosmicznie-na-krawedzi-dachu-zainstalowano-519-lamp-led\/#article","isPartOf":{"@id":"https:\/\/www.24gliwice.pl\/wiadomosci\/hala-gliwice-z-nowym-oswietleniem-wyglada-kosmicznie-na-krawedzi-dachu-zainstalowano-519-lamp-led\/"},"author":{"name":"\u017baneta Mrozek-Siewierska","@id":"https:\/\/www.24gliwice.pl\/wiadomosci\/#\/schema\/person\/e42c650edd7f2fa332be3811fb166b6e"},"headline":"Hala Gliwice z nowym o\u015bwietleniem wygl\u0105da kosmicznie. Na kraw\u0119dzi dachu zainstalowano 519 lamp LED","datePublished":"2017-12-05T10:25:20+00:00","dateModified":"2017-12-05T10:50:40+00:00","mainEntityOfPage":{"@id":"https:\/\/www.24gliwice.pl\/wiadomosci\/hala-gliwice-z-nowym-oswietleniem-wyglada-kosmicznie-na-krawedzi-dachu-zainstalowano-519-lamp-led\/"},"wordCount":196,"commentCount":0,"publisher":{"@id":"https:\/\/www.24gliwice.pl\/wiadomosci\/#organization"},"image":{"@id":"https:\/\/www.24gliwice.pl\/wiadomosci\/hala-gliwice-z-nowym-oswietleniem-wyglada-kosmicznie-na-krawedzi-dachu-zainstalowano-519-lamp-led\/#primaryimage"},"thumbnailUrl":"https:\/\/www.24gliwice.pl\/wiadomosci\/wp-content\/uploads\/2017\/12\/1-hala-gliwice-noc-2-001.jpg","keywords":["HALA GLIWICE","led","O\u015aWIETLENIE","PODIUM","PWIK"],"articleSection":["Gliwice","Najnowsze wiadomo\u015bci","Portal Gliwice - Wiadomo\u015bci lokalne"],"inLanguage":"pl-PL","potentialAction":[{"@type":"CommentAction","name":"Comment","target":["https:\/\/www.24gliwice.pl\/wiadomosci\/hala-gliwice-z-nowym-oswietleniem-wyglada-kosmicznie-na-krawedzi-dachu-zainstalowano-519-lamp-led\/#respond"]}]},{"@type":"WebPage","@id":"https:\/\/www.24gliwice.pl\/wiadomosci\/hala-gliwice-z-nowym-oswietleniem-wyglada-kosmicznie-na-krawedzi-dachu-zainstalowano-519-lamp-led\/","url":"https:\/\/www.24gliwice.pl\/wiadomosci\/hala-gliwice-z-nowym-oswietleniem-wyglada-kosmicznie-na-krawedzi-dachu-zainstalowano-519-lamp-led\/","name":"Hala Gliwice z nowym o\u015bwietleniem wygl\u0105da kosmicznie. Na kraw\u0119dzi dachu zainstalowano 519 lamp LED - 24GLIWICE - Portal Gliwice | codziennie nowe informacje","isPartOf":{"@id":"https:\/\/www.24gliwice.pl\/wiadomosci\/#website"},"primaryImageOfPage":{"@id":"https:\/\/www.24gliwice.pl\/wiadomosci\/hala-gliwice-z-nowym-oswietleniem-wyglada-kosmicznie-na-krawedzi-dachu-zainstalowano-519-lamp-led\/#primaryimage"},"image":{"@id":"https:\/\/www.24gliwice.pl\/wiadomosci\/hala-gliwice-z-nowym-oswietleniem-wyglada-kosmicznie-na-krawedzi-dachu-zainstalowano-519-lamp-led\/#primaryimage"},"thumbnailUrl":"https:\/\/www.24gliwice.pl\/wiadomosci\/wp-content\/uploads\/2017\/12\/1-hala-gliwice-noc-2-001.jpg","datePublished":"2017-12-05T10:25:20+00:00","dateModified":"2017-12-05T10:50:40+00:00","breadcrumb":{"@id":"https:\/\/www.24gliwice.pl\/wiadomosci\/hala-gliwice-z-nowym-oswietleniem-wyglada-kosmicznie-na-krawedzi-dachu-zainstalowano-519-lamp-led\/#breadcrumb"},"inLanguage":"pl-PL","potentialAction":[{"@type":"ReadAction","target":["https:\/\/www.24gliwice.pl\/wiadomosci\/hala-gliwice-z-nowym-oswietleniem-wyglada-kosmicznie-na-krawedzi-dachu-zainstalowano-519-lamp-led\/"]}]},{"@type":"ImageObject","inLanguage":"pl-PL","@id":"https:\/\/www.24gliwice.pl\/wiadomosci\/hala-gliwice-z-nowym-oswietleniem-wyglada-kosmicznie-na-krawedzi-dachu-zainstalowano-519-lamp-led\/#primaryimage","url":"https:\/\/www.24gliwice.pl\/wiadomosci\/wp-content\/uploads\/2017\/12\/1-hala-gliwice-noc-2-001.jpg","contentUrl":"https:\/\/www.24gliwice.pl\/wiadomosci\/wp-content\/uploads\/2017\/12\/1-hala-gliwice-noc-2-001.jpg","width":1140,"height":642},{"@type":"BreadcrumbList","@id":"https:\/\/www.24gliwice.pl\/wiadomosci\/hala-gliwice-z-nowym-oswietleniem-wyglada-kosmicznie-na-krawedzi-dachu-zainstalowano-519-lamp-led\/#breadcrumb","itemListElement":[{"@type":"ListItem","position":1,"name":"Strona g\u0142\u00f3wna","item":"https:\/\/www.24gliwice.pl\/wiadomosci\/"},{"@type":"ListItem","position":2,"name":"Hala Gliwice z nowym o\u015bwietleniem wygl\u0105da kosmicznie. Na kraw\u0119dzi dachu zainstalowano 519 lamp LED"}]},{"@type":"WebSite","@id":"https:\/\/www.24gliwice.pl\/wiadomosci\/#website","url":"https:\/\/www.24gliwice.pl\/wiadomosci\/","name":"24GLIWICE - Portal Gliwice | codziennie nowe wiadomo\u015bci","description":"Portal Miejski Gliwice","publisher":{"@id":"https:\/\/www.24gliwice.pl\/wiadomosci\/#organization"},"potentialAction":[{"@type":"SearchAction","target":{"@type":"EntryPoint","urlTemplate":"https:\/\/www.24gliwice.pl\/wiadomosci\/?s={search_term_string}"},"query-input":{"@type":"PropertyValueSpecification","valueRequired":true,"valueName":"search_term_string"}}],"inLanguage":"pl-PL"},{"@type":"Organization","@id":"https:\/\/www.24gliwice.pl\/wiadomosci\/#organization","name":"24gliwice","url":"https:\/\/www.24gliwice.pl\/wiadomosci\/","logo":{"@type":"ImageObject","inLanguage":"pl-PL","@id":"https:\/\/www.24gliwice.pl\/wiadomosci\/#\/schema\/logo\/image\/","url":"https:\/\/www.24gliwice.pl\/wiadomosci\/wp-content\/uploads\/2024\/10\/24gliwice-logo-696.jpg","contentUrl":"https:\/\/www.24gliwice.pl\/wiadomosci\/wp-content\/uploads\/2024\/10\/24gliwice-logo-696.jpg","width":696,"height":696,"caption":"24gliwice"},"image":{"@id":"https:\/\/www.24gliwice.pl\/wiadomosci\/#\/schema\/logo\/image\/"},"sameAs":["https:\/\/www.facebook.com\/24gliwice","https:\/\/x.com\/24gliwice","https:\/\/www.youtube.com\/@24gliwice"]},{"@type":"Person","@id":"https:\/\/www.24gliwice.pl\/wiadomosci\/#\/schema\/person\/e42c650edd7f2fa332be3811fb166b6e","name":"\u017baneta Mrozek-Siewierska","image":{"@type":"ImageObject","inLanguage":"pl-PL","@id":"https:\/\/secure.gravatar.com\/avatar\/1881429e9c64597c77ad7aef2d0a19be69a3253e57534d16aa15bf3a4d34a0a3?s=96&d=mm&r=g","url":"https:\/\/secure.gravatar.com\/avatar\/1881429e9c64597c77ad7aef2d0a19be69a3253e57534d16aa15bf3a4d34a0a3?s=96&d=mm&r=g","contentUrl":"https:\/\/secure.gravatar.com\/avatar\/1881429e9c64597c77ad7aef2d0a19be69a3253e57534d16aa15bf3a4d34a0a3?s=96&d=mm&r=g","caption":"\u017baneta Mrozek-Siewierska"},"url":"https:\/\/www.24gliwice.pl\/wiadomosci\/author\/zms\/"}]}},"_links":{"self":[{"href":"https:\/\/www.24gliwice.pl\/wiadomosci\/wp-json\/wp\/v2\/posts\/108700","targetHints":{"allow":["GET"]}}],"collection":[{"href":"https:\/\/www.24gliwice.pl\/wiadomosci\/wp-json\/wp\/v2\/posts"}],"about":[{"href":"https:\/\/www.24gliwice.pl\/wiadomosci\/wp-json\/wp\/v2\/types\/post"}],"author":[{"embeddable":true,"href":"https:\/\/www.24gliwice.pl\/wiadomosci\/wp-json\/wp\/v2\/users\/15"}],"replies":[{"embeddable":true,"href":"https:\/\/www.24gliwice.pl\/wiadomosci\/wp-json\/wp\/v2\/comments?post=108700"}],"version-history":[{"count":0,"href":"https:\/\/www.24gliwice.pl\/wiadomosci\/wp-json\/wp\/v2\/posts\/108700\/revisions"}],"wp:featuredmedia":[{"embeddable":true,"href":"https:\/\/www.24gliwice.pl\/wiadomosci\/wp-json\/wp\/v2\/media\/108718"}],"wp:attachment":[{"href":"https:\/\/www.24gliwice.pl\/wiadomosci\/wp-json\/wp\/v2\/media?parent=108700"}],"wp:term":[{"taxonomy":"category","embeddable":true,"href":"https:\/\/www.24gliwice.pl\/wiadomosci\/wp-json\/wp\/v2\/categories?post=108700"},{"taxonomy":"post_tag","embeddable":true,"href":"https:\/\/www.24gliwice.pl\/wiadomosci\/wp-json\/wp\/v2\/tags?post=108700"}],"curies":[{"name":"wp","href":"https:\/\/api.w.org\/{rel}","templated":true}]}}