{"id":108784,"date":"2017-12-08T06:38:00","date_gmt":"2017-12-08T05:38:00","guid":{"rendered":"http:\/\/www.24gliwice.pl\/wiadomosci\/?p=108784"},"modified":"2017-12-07T21:43:38","modified_gmt":"2017-12-07T20:43:38","slug":"nowy-zaklad-pogrzebowy-z-funkcja-kremacji-zwlok-mieszkancy-sosnicy-sa-zaniepokojeni","status":"publish","type":"post","link":"https:\/\/www.24gliwice.pl\/wiadomosci\/nowy-zaklad-pogrzebowy-z-funkcja-kremacji-zwlok-mieszkancy-sosnicy-sa-zaniepokojeni\/","title":{"rendered":"Nowy zak\u0142ad pogrzebowy z funkcj\u0105 kremacji zw\u0142ok? Mieszka\u0144cy So\u015bnicy s\u0105 zaniepokojeni"},"content":{"rendered":"<div class=\"gliwi-a6-nad-leadem-artykulow gliwi-entity-placement\" id=\"gliwi-310204876\"><div class=\"gliwi-adlabel\"><span style=\"font-size: 9px\">REKLAMA<\/span><\/div><div id=\"gliwi-1209598649\" style=\"margin-bottom: 25px;margin-left: auto;margin-right: auto;text-align: center;\"><a data-no-instant=\"1\" href=\"https:\/\/dom100.eu\/\" rel=\"noopener\" class=\"a2t-link\" target=\"_blank\" aria-label=\"20260415 DOM100 D\"><img loading=\"lazy\" decoding=\"async\" src=\"https:\/\/www.24gliwice.pl\/wiadomosci\/wp-content\/uploads\/2026\/04\/20260415-DOM100-D.jpg\" alt=\"\"  srcset=\"https:\/\/www.24gliwice.pl\/wiadomosci\/wp-content\/uploads\/2026\/04\/20260415-DOM100-D.jpg 750w, https:\/\/www.24gliwice.pl\/wiadomosci\/wp-content\/uploads\/2026\/04\/20260415-DOM100-D-410x109.jpg 410w\" sizes=\"(max-width: 750px) 100vw, 750px\" class=\"no-lazyload\" width=\"750\" height=\"200\"  style=\"display: inline-block; max-width: 100%; height: auto;\" \/><\/a><\/div><\/div><h3>Na dzia\u0142ce przy ulicy Odrow\u0105\u017c\u00f3w prowadzone s\u0105 prace budowlane. W\u015br\u00f3d mieszka\u0144c\u00f3w gruchn\u0119\u0142a plotka, \u017ce b\u0119dzie tam spalarnia zw\u0142ok. <\/h3>\n<p>Niewiele jest os\u00f3b, kt\u00f3rym s\u0142owo krematorium kojarzy\u0142oby si\u0119 pozytywnie, dlatego gdy na terenie So\u015bnicy rozpocz\u0119to inwestycj\u0119, gliwiczanie mieszkaj\u0105cy w tym rejonie zacz\u0119li si\u0119 niepokoi\u0107 o nieprzyjemne s\u0105siedztwo.<\/p>\n<p>Spraw\u0119 szybko uda\u0142o si\u0119 wyja\u015bni\u0107 dzi\u0119ki radnemu Janowi Paj\u0105kowi.<\/p><div class=\"gliwi-a3-w-tresci-artykulow gliwi-entity-placement\" id=\"gliwi-1382597285\"><div class=\"gliwi-adlabel\"><span style=\"font-size: 9px\">REKLAMA<\/span><\/div><div id=\"gliwi-3042656726\" style=\"margin-bottom: 30px;margin-left: auto;margin-right: auto;text-align: center;\"><a data-no-instant=\"1\" href=\"https:\/\/zlobek.halogen.org.pl\/\" rel=\"noopener\" class=\"a2t-link\" target=\"_blank\" aria-label=\"animator-zlobek_750x200\"><img loading=\"lazy\" decoding=\"async\" src=\"https:\/\/www.24gliwice.pl\/wiadomosci\/wp-content\/uploads\/2026\/02\/animator-zlobek_750x200.webp\" alt=\"\"  srcset=\"https:\/\/www.24gliwice.pl\/wiadomosci\/wp-content\/uploads\/2026\/02\/animator-zlobek_750x200.webp 750w, https:\/\/www.24gliwice.pl\/wiadomosci\/wp-content\/uploads\/2026\/02\/animator-zlobek_750x200-410x109.webp 410w\" sizes=\"(max-width: 750px) 100vw, 750px\" class=\"no-lazyload\" width=\"750\" height=\"200\"  style=\"display: inline-block; max-width: 100%; height: auto;\" \/><\/a><\/div><\/div>\n[perfectpullquote align=&#8221;full&#8221; cite=&#8221;&#8221; link=&#8221;&#8221; color=&#8221;&#8221; class=&#8221;&#8221; size=&#8221;&#8221;]Na terenie nieruchomo\u015bci rzeczywi\u015bcie powstaje dom jednorodzinny z funkcj\u0105 us\u0142ugow\u0105. W cz\u0119\u015bci parterowej budynku ma znale\u017a\u0107 si\u0119 zak\u0142ad pogrzebowy, na pi\u0119trze za\u015b b\u0119d\u0105 pomieszczenia mieszkalne. [\/perfectpullquote]\n<p>Jak informuje zast\u0119pca Prezydenta Miasta Gliwice, <strong>Piotr Wieczorek<\/strong>, inwestor posiada stosowane pozwolenie na budow\u0119, wydane z pocz\u0105tkiem roku. &#8211; W projekcie budowlanym zatwierdzonym t\u0105 decyzj\u0105 nie przewidziano funkcji kremacji &#8211; odpowiada zast\u0119pca prezydenta na zapytanie radnego <strong>Jana Paj\u0105ka<\/strong>.<\/p>\n<p>Obawy mieszka\u0144c\u00f3w So\u015bnicy okaza\u0142y si\u0119 wi\u0119c nieuzasadnione.<\/p>\n<p>(\u017cms)<\/p>\n<div class=\"gliwi-a5-na-koncu-artykulow gliwi-entity-placement\" id=\"gliwi-589885829\"><div class=\"gliwi-adlabel\"><span style=\"font-size: 9px\">REKLAMA<\/span><\/div><div id=\"gliwi-3158494368\" style=\"margin-left: auto;margin-right: auto;text-align: center;\"><a data-no-instant=\"1\" href=\"https:\/\/prezeroarenagliwice.pl\/\" rel=\"noopener\" class=\"a2t-link\" target=\"_blank\" aria-label=\"20260309-PREZERO-WIOSNA-D\"><img loading=\"lazy\" decoding=\"async\" src=\"https:\/\/www.24gliwice.pl\/wiadomosci\/wp-content\/uploads\/2026\/03\/20260309-PREZERO-WIOSNA-D.webp\" alt=\"\"  srcset=\"https:\/\/www.24gliwice.pl\/wiadomosci\/wp-content\/uploads\/2026\/03\/20260309-PREZERO-WIOSNA-D.webp 750w, https:\/\/www.24gliwice.pl\/wiadomosci\/wp-content\/uploads\/2026\/03\/20260309-PREZERO-WIOSNA-D-410x109.webp 410w\" sizes=\"(max-width: 750px) 100vw, 750px\" class=\"no-lazyload\" width=\"750\" height=\"200\"  style=\"display: inline-block; max-width: 100%; height: auto;\" \/><\/a><\/div><\/div>","protected":false},"excerpt":{"rendered":"<p>Na dzia\u0142ce przy ulicy Odrow\u0105\u017c\u00f3w prowadzone s\u0105 prace budowlane. W\u015br\u00f3d mieszka\u0144c\u00f3w gruchn\u0119\u0142a plotka, \u017ce b\u0119dzie tam spalarnia zw\u0142ok. Niewiele jest os\u00f3b, kt\u00f3rym s\u0142owo krematorium kojarzy\u0142oby si\u0119 pozytywnie, dlatego gdy na terenie So\u015bnicy rozpocz\u0119to inwestycj\u0119, gliwiczanie mieszkaj\u0105cy w tym rejonie zacz\u0119li si\u0119 niepokoi\u0107 o nieprzyjemne s\u0105siedztwo. Spraw\u0119 szybko uda\u0142o si\u0119 wyja\u015bni\u0107 dzi\u0119ki radnemu Janowi Paj\u0105kowi. [perfectpullquote [&hellip;]<\/p>\n","protected":false},"author":15,"featured_media":108790,"comment_status":"open","ping_status":"closed","sticky":false,"template":"","format":"standard","meta":{"_monsterinsights_skip_tracking":false,"_monsterinsights_sitenote_active":false,"_monsterinsights_sitenote_note":"","_monsterinsights_sitenote_category":0,"footnotes":"","_links_to":"","_links_to_target":""},"categories":[3,1],"tags":[10889,10890,183],"class_list":["post-108784","post","type-post","status-publish","format-standard","has-post-thumbnail","hentry","category-gliwice","category-wszystko","tag-dom-przedpogrzebowy","tag-odrowazow","tag-sosnica"],"yoast_head":"<!-- This site is optimized with the Yoast SEO plugin v27.5 - https:\/\/yoast.com\/product\/yoast-seo-wordpress\/ -->\n<title>Nowy zak\u0142ad pogrzebowy z funkcj\u0105 kremacji zw\u0142ok? Mieszka\u0144cy So\u015bnicy s\u0105 zaniepokojeni - 24GLIWICE - Portal Gliwice | codziennie nowe informacje<\/title>\n<meta name=\"robots\" content=\"index, follow, max-snippet:-1, max-image-preview:large, max-video-preview:-1\" \/>\n<link rel=\"canonical\" href=\"https:\/\/www.24gliwice.pl\/wiadomosci\/nowy-zaklad-pogrzebowy-z-funkcja-kremacji-zwlok-mieszkancy-sosnicy-sa-zaniepokojeni\/\" \/>\n<meta property=\"og:locale\" content=\"pl_PL\" \/>\n<meta property=\"og:type\" content=\"article\" \/>\n<meta property=\"og:title\" content=\"Nowy zak\u0142ad pogrzebowy z funkcj\u0105 kremacji zw\u0142ok? Mieszka\u0144cy So\u015bnicy s\u0105 zaniepokojeni - 24GLIWICE - Portal Gliwice | codziennie nowe informacje\" \/>\n<meta property=\"og:description\" content=\"Na dzia\u0142ce przy ulicy Odrow\u0105\u017c\u00f3w prowadzone s\u0105 prace budowlane. W\u015br\u00f3d mieszka\u0144c\u00f3w gruchn\u0119\u0142a plotka, \u017ce b\u0119dzie tam spalarnia zw\u0142ok. Niewiele jest os\u00f3b, kt\u00f3rym s\u0142owo krematorium kojarzy\u0142oby si\u0119 pozytywnie, dlatego gdy na terenie So\u015bnicy rozpocz\u0119to inwestycj\u0119, gliwiczanie mieszkaj\u0105cy w tym rejonie zacz\u0119li si\u0119 niepokoi\u0107 o nieprzyjemne s\u0105siedztwo. Spraw\u0119 szybko uda\u0142o si\u0119 wyja\u015bni\u0107 dzi\u0119ki radnemu Janowi Paj\u0105kowi. [perfectpullquote [&hellip;]\" \/>\n<meta property=\"og:url\" content=\"https:\/\/www.24gliwice.pl\/wiadomosci\/nowy-zaklad-pogrzebowy-z-funkcja-kremacji-zwlok-mieszkancy-sosnicy-sa-zaniepokojeni\/\" \/>\n<meta property=\"og:site_name\" content=\"24GLIWICE - Portal Gliwice | codziennie nowe informacje\" \/>\n<meta property=\"article:publisher\" content=\"https:\/\/www.facebook.com\/24gliwice\" \/>\n<meta property=\"article:published_time\" content=\"2017-12-08T05:38:00+00:00\" \/>\n<meta property=\"og:image\" content=\"https:\/\/www.24gliwice.pl\/wiadomosci\/wp-content\/uploads\/2017\/12\/trumny-1-e1512557696411.jpg\" \/>\n\t<meta property=\"og:image:width\" content=\"810\" \/>\n\t<meta property=\"og:image:height\" content=\"456\" \/>\n\t<meta property=\"og:image:type\" content=\"image\/jpeg\" \/>\n<meta name=\"author\" content=\"\u017baneta Mrozek-Siewierska\" \/>\n<meta name=\"twitter:card\" content=\"summary_large_image\" \/>\n<meta name=\"twitter:creator\" content=\"@24gliwice\" \/>\n<meta name=\"twitter:site\" content=\"@24gliwice\" \/>\n<meta name=\"twitter:label1\" content=\"Napisane przez\" \/>\n\t<meta name=\"twitter:data1\" content=\"\u017baneta Mrozek-Siewierska\" \/>\n\t<meta name=\"twitter:label2\" content=\"Szacowany czas czytania\" \/>\n\t<meta name=\"twitter:data2\" content=\"1 minuta\" \/>\n<script type=\"application\/ld+json\" class=\"yoast-schema-graph\">{\"@context\":\"https:\\\/\\\/schema.org\",\"@graph\":[{\"@type\":\"Article\",\"@id\":\"https:\\\/\\\/www.24gliwice.pl\\\/wiadomosci\\\/nowy-zaklad-pogrzebowy-z-funkcja-kremacji-zwlok-mieszkancy-sosnicy-sa-zaniepokojeni\\\/#article\",\"isPartOf\":{\"@id\":\"https:\\\/\\\/www.24gliwice.pl\\\/wiadomosci\\\/nowy-zaklad-pogrzebowy-z-funkcja-kremacji-zwlok-mieszkancy-sosnicy-sa-zaniepokojeni\\\/\"},\"author\":{\"name\":\"\u017baneta Mrozek-Siewierska\",\"@id\":\"https:\\\/\\\/www.24gliwice.pl\\\/wiadomosci\\\/#\\\/schema\\\/person\\\/e42c650edd7f2fa332be3811fb166b6e\"},\"headline\":\"Nowy zak\u0142ad pogrzebowy z funkcj\u0105 kremacji zw\u0142ok? Mieszka\u0144cy So\u015bnicy s\u0105 zaniepokojeni\",\"datePublished\":\"2017-12-08T05:38:00+00:00\",\"mainEntityOfPage\":{\"@id\":\"https:\\\/\\\/www.24gliwice.pl\\\/wiadomosci\\\/nowy-zaklad-pogrzebowy-z-funkcja-kremacji-zwlok-mieszkancy-sosnicy-sa-zaniepokojeni\\\/\"},\"wordCount\":187,\"commentCount\":0,\"publisher\":{\"@id\":\"https:\\\/\\\/www.24gliwice.pl\\\/wiadomosci\\\/#organization\"},\"image\":{\"@id\":\"https:\\\/\\\/www.24gliwice.pl\\\/wiadomosci\\\/nowy-zaklad-pogrzebowy-z-funkcja-kremacji-zwlok-mieszkancy-sosnicy-sa-zaniepokojeni\\\/#primaryimage\"},\"thumbnailUrl\":\"https:\\\/\\\/www.24gliwice.pl\\\/wiadomosci\\\/wp-content\\\/uploads\\\/2017\\\/12\\\/trumny-1-e1512557696411.jpg\",\"keywords\":[\"dom przedpogrzebowy\",\"odrow\u0105\u017c\u00f3w\",\"SO\u015aNICA\"],\"articleSection\":[\"Gliwice\",\"Najnowsze wiadomo\u015bci\"],\"inLanguage\":\"pl-PL\",\"potentialAction\":[{\"@type\":\"CommentAction\",\"name\":\"Comment\",\"target\":[\"https:\\\/\\\/www.24gliwice.pl\\\/wiadomosci\\\/nowy-zaklad-pogrzebowy-z-funkcja-kremacji-zwlok-mieszkancy-sosnicy-sa-zaniepokojeni\\\/#respond\"]}]},{\"@type\":\"WebPage\",\"@id\":\"https:\\\/\\\/www.24gliwice.pl\\\/wiadomosci\\\/nowy-zaklad-pogrzebowy-z-funkcja-kremacji-zwlok-mieszkancy-sosnicy-sa-zaniepokojeni\\\/\",\"url\":\"https:\\\/\\\/www.24gliwice.pl\\\/wiadomosci\\\/nowy-zaklad-pogrzebowy-z-funkcja-kremacji-zwlok-mieszkancy-sosnicy-sa-zaniepokojeni\\\/\",\"name\":\"Nowy zak\u0142ad pogrzebowy z funkcj\u0105 kremacji zw\u0142ok? Mieszka\u0144cy So\u015bnicy s\u0105 zaniepokojeni - 24GLIWICE - Portal Gliwice | codziennie nowe informacje\",\"isPartOf\":{\"@id\":\"https:\\\/\\\/www.24gliwice.pl\\\/wiadomosci\\\/#website\"},\"primaryImageOfPage\":{\"@id\":\"https:\\\/\\\/www.24gliwice.pl\\\/wiadomosci\\\/nowy-zaklad-pogrzebowy-z-funkcja-kremacji-zwlok-mieszkancy-sosnicy-sa-zaniepokojeni\\\/#primaryimage\"},\"image\":{\"@id\":\"https:\\\/\\\/www.24gliwice.pl\\\/wiadomosci\\\/nowy-zaklad-pogrzebowy-z-funkcja-kremacji-zwlok-mieszkancy-sosnicy-sa-zaniepokojeni\\\/#primaryimage\"},\"thumbnailUrl\":\"https:\\\/\\\/www.24gliwice.pl\\\/wiadomosci\\\/wp-content\\\/uploads\\\/2017\\\/12\\\/trumny-1-e1512557696411.jpg\",\"datePublished\":\"2017-12-08T05:38:00+00:00\",\"breadcrumb\":{\"@id\":\"https:\\\/\\\/www.24gliwice.pl\\\/wiadomosci\\\/nowy-zaklad-pogrzebowy-z-funkcja-kremacji-zwlok-mieszkancy-sosnicy-sa-zaniepokojeni\\\/#breadcrumb\"},\"inLanguage\":\"pl-PL\",\"potentialAction\":[{\"@type\":\"ReadAction\",\"target\":[\"https:\\\/\\\/www.24gliwice.pl\\\/wiadomosci\\\/nowy-zaklad-pogrzebowy-z-funkcja-kremacji-zwlok-mieszkancy-sosnicy-sa-zaniepokojeni\\\/\"]}]},{\"@type\":\"ImageObject\",\"inLanguage\":\"pl-PL\",\"@id\":\"https:\\\/\\\/www.24gliwice.pl\\\/wiadomosci\\\/nowy-zaklad-pogrzebowy-z-funkcja-kremacji-zwlok-mieszkancy-sosnicy-sa-zaniepokojeni\\\/#primaryimage\",\"url\":\"https:\\\/\\\/www.24gliwice.pl\\\/wiadomosci\\\/wp-content\\\/uploads\\\/2017\\\/12\\\/trumny-1-e1512557696411.jpg\",\"contentUrl\":\"https:\\\/\\\/www.24gliwice.pl\\\/wiadomosci\\\/wp-content\\\/uploads\\\/2017\\\/12\\\/trumny-1-e1512557696411.jpg\",\"width\":810,\"height\":456},{\"@type\":\"BreadcrumbList\",\"@id\":\"https:\\\/\\\/www.24gliwice.pl\\\/wiadomosci\\\/nowy-zaklad-pogrzebowy-z-funkcja-kremacji-zwlok-mieszkancy-sosnicy-sa-zaniepokojeni\\\/#breadcrumb\",\"itemListElement\":[{\"@type\":\"ListItem\",\"position\":1,\"name\":\"Strona g\u0142\u00f3wna\",\"item\":\"https:\\\/\\\/www.24gliwice.pl\\\/wiadomosci\\\/\"},{\"@type\":\"ListItem\",\"position\":2,\"name\":\"Nowy zak\u0142ad pogrzebowy z funkcj\u0105 kremacji zw\u0142ok? Mieszka\u0144cy So\u015bnicy s\u0105 zaniepokojeni\"}]},{\"@type\":\"WebSite\",\"@id\":\"https:\\\/\\\/www.24gliwice.pl\\\/wiadomosci\\\/#website\",\"url\":\"https:\\\/\\\/www.24gliwice.pl\\\/wiadomosci\\\/\",\"name\":\"24GLIWICE - Portal Gliwice | codziennie nowe wiadomo\u015bci\",\"description\":\"Portal Miejski Gliwice\",\"publisher\":{\"@id\":\"https:\\\/\\\/www.24gliwice.pl\\\/wiadomosci\\\/#organization\"},\"potentialAction\":[{\"@type\":\"SearchAction\",\"target\":{\"@type\":\"EntryPoint\",\"urlTemplate\":\"https:\\\/\\\/www.24gliwice.pl\\\/wiadomosci\\\/?s={search_term_string}\"},\"query-input\":{\"@type\":\"PropertyValueSpecification\",\"valueRequired\":true,\"valueName\":\"search_term_string\"}}],\"inLanguage\":\"pl-PL\"},{\"@type\":\"Organization\",\"@id\":\"https:\\\/\\\/www.24gliwice.pl\\\/wiadomosci\\\/#organization\",\"name\":\"24gliwice\",\"url\":\"https:\\\/\\\/www.24gliwice.pl\\\/wiadomosci\\\/\",\"logo\":{\"@type\":\"ImageObject\",\"inLanguage\":\"pl-PL\",\"@id\":\"https:\\\/\\\/www.24gliwice.pl\\\/wiadomosci\\\/#\\\/schema\\\/logo\\\/image\\\/\",\"url\":\"https:\\\/\\\/www.24gliwice.pl\\\/wiadomosci\\\/wp-content\\\/uploads\\\/2024\\\/10\\\/24gliwice-logo-696.jpg\",\"contentUrl\":\"https:\\\/\\\/www.24gliwice.pl\\\/wiadomosci\\\/wp-content\\\/uploads\\\/2024\\\/10\\\/24gliwice-logo-696.jpg\",\"width\":696,\"height\":696,\"caption\":\"24gliwice\"},\"image\":{\"@id\":\"https:\\\/\\\/www.24gliwice.pl\\\/wiadomosci\\\/#\\\/schema\\\/logo\\\/image\\\/\"},\"sameAs\":[\"https:\\\/\\\/www.facebook.com\\\/24gliwice\",\"https:\\\/\\\/x.com\\\/24gliwice\",\"https:\\\/\\\/www.youtube.com\\\/@24gliwice\"]},{\"@type\":\"Person\",\"@id\":\"https:\\\/\\\/www.24gliwice.pl\\\/wiadomosci\\\/#\\\/schema\\\/person\\\/e42c650edd7f2fa332be3811fb166b6e\",\"name\":\"\u017baneta Mrozek-Siewierska\",\"image\":{\"@type\":\"ImageObject\",\"inLanguage\":\"pl-PL\",\"@id\":\"https:\\\/\\\/secure.gravatar.com\\\/avatar\\\/1881429e9c64597c77ad7aef2d0a19be69a3253e57534d16aa15bf3a4d34a0a3?s=96&d=mm&r=g\",\"url\":\"https:\\\/\\\/secure.gravatar.com\\\/avatar\\\/1881429e9c64597c77ad7aef2d0a19be69a3253e57534d16aa15bf3a4d34a0a3?s=96&d=mm&r=g\",\"contentUrl\":\"https:\\\/\\\/secure.gravatar.com\\\/avatar\\\/1881429e9c64597c77ad7aef2d0a19be69a3253e57534d16aa15bf3a4d34a0a3?s=96&d=mm&r=g\",\"caption\":\"\u017baneta Mrozek-Siewierska\"},\"url\":\"https:\\\/\\\/www.24gliwice.pl\\\/wiadomosci\\\/author\\\/zms\\\/\"}]}<\/script>\n<!-- \/ Yoast SEO plugin. -->","yoast_head_json":{"title":"Nowy zak\u0142ad pogrzebowy z funkcj\u0105 kremacji zw\u0142ok? Mieszka\u0144cy So\u015bnicy s\u0105 zaniepokojeni - 24GLIWICE - Portal Gliwice | codziennie nowe informacje","robots":{"index":"index","follow":"follow","max-snippet":"max-snippet:-1","max-image-preview":"max-image-preview:large","max-video-preview":"max-video-preview:-1"},"canonical":"https:\/\/www.24gliwice.pl\/wiadomosci\/nowy-zaklad-pogrzebowy-z-funkcja-kremacji-zwlok-mieszkancy-sosnicy-sa-zaniepokojeni\/","og_locale":"pl_PL","og_type":"article","og_title":"Nowy zak\u0142ad pogrzebowy z funkcj\u0105 kremacji zw\u0142ok? Mieszka\u0144cy So\u015bnicy s\u0105 zaniepokojeni - 24GLIWICE - Portal Gliwice | codziennie nowe informacje","og_description":"Na dzia\u0142ce przy ulicy Odrow\u0105\u017c\u00f3w prowadzone s\u0105 prace budowlane. W\u015br\u00f3d mieszka\u0144c\u00f3w gruchn\u0119\u0142a plotka, \u017ce b\u0119dzie tam spalarnia zw\u0142ok. Niewiele jest os\u00f3b, kt\u00f3rym s\u0142owo krematorium kojarzy\u0142oby si\u0119 pozytywnie, dlatego gdy na terenie So\u015bnicy rozpocz\u0119to inwestycj\u0119, gliwiczanie mieszkaj\u0105cy w tym rejonie zacz\u0119li si\u0119 niepokoi\u0107 o nieprzyjemne s\u0105siedztwo. Spraw\u0119 szybko uda\u0142o si\u0119 wyja\u015bni\u0107 dzi\u0119ki radnemu Janowi Paj\u0105kowi. [perfectpullquote [&hellip;]","og_url":"https:\/\/www.24gliwice.pl\/wiadomosci\/nowy-zaklad-pogrzebowy-z-funkcja-kremacji-zwlok-mieszkancy-sosnicy-sa-zaniepokojeni\/","og_site_name":"24GLIWICE - Portal Gliwice | codziennie nowe informacje","article_publisher":"https:\/\/www.facebook.com\/24gliwice","article_published_time":"2017-12-08T05:38:00+00:00","og_image":[{"width":810,"height":456,"url":"https:\/\/www.24gliwice.pl\/wiadomosci\/wp-content\/uploads\/2017\/12\/trumny-1-e1512557696411.jpg","type":"image\/jpeg"}],"author":"\u017baneta Mrozek-Siewierska","twitter_card":"summary_large_image","twitter_creator":"@24gliwice","twitter_site":"@24gliwice","twitter_misc":{"Napisane przez":"\u017baneta Mrozek-Siewierska","Szacowany czas czytania":"1 minuta"},"schema":{"@context":"https:\/\/schema.org","@graph":[{"@type":"Article","@id":"https:\/\/www.24gliwice.pl\/wiadomosci\/nowy-zaklad-pogrzebowy-z-funkcja-kremacji-zwlok-mieszkancy-sosnicy-sa-zaniepokojeni\/#article","isPartOf":{"@id":"https:\/\/www.24gliwice.pl\/wiadomosci\/nowy-zaklad-pogrzebowy-z-funkcja-kremacji-zwlok-mieszkancy-sosnicy-sa-zaniepokojeni\/"},"author":{"name":"\u017baneta Mrozek-Siewierska","@id":"https:\/\/www.24gliwice.pl\/wiadomosci\/#\/schema\/person\/e42c650edd7f2fa332be3811fb166b6e"},"headline":"Nowy zak\u0142ad pogrzebowy z funkcj\u0105 kremacji zw\u0142ok? Mieszka\u0144cy So\u015bnicy s\u0105 zaniepokojeni","datePublished":"2017-12-08T05:38:00+00:00","mainEntityOfPage":{"@id":"https:\/\/www.24gliwice.pl\/wiadomosci\/nowy-zaklad-pogrzebowy-z-funkcja-kremacji-zwlok-mieszkancy-sosnicy-sa-zaniepokojeni\/"},"wordCount":187,"commentCount":0,"publisher":{"@id":"https:\/\/www.24gliwice.pl\/wiadomosci\/#organization"},"image":{"@id":"https:\/\/www.24gliwice.pl\/wiadomosci\/nowy-zaklad-pogrzebowy-z-funkcja-kremacji-zwlok-mieszkancy-sosnicy-sa-zaniepokojeni\/#primaryimage"},"thumbnailUrl":"https:\/\/www.24gliwice.pl\/wiadomosci\/wp-content\/uploads\/2017\/12\/trumny-1-e1512557696411.jpg","keywords":["dom przedpogrzebowy","odrow\u0105\u017c\u00f3w","SO\u015aNICA"],"articleSection":["Gliwice","Najnowsze wiadomo\u015bci"],"inLanguage":"pl-PL","potentialAction":[{"@type":"CommentAction","name":"Comment","target":["https:\/\/www.24gliwice.pl\/wiadomosci\/nowy-zaklad-pogrzebowy-z-funkcja-kremacji-zwlok-mieszkancy-sosnicy-sa-zaniepokojeni\/#respond"]}]},{"@type":"WebPage","@id":"https:\/\/www.24gliwice.pl\/wiadomosci\/nowy-zaklad-pogrzebowy-z-funkcja-kremacji-zwlok-mieszkancy-sosnicy-sa-zaniepokojeni\/","url":"https:\/\/www.24gliwice.pl\/wiadomosci\/nowy-zaklad-pogrzebowy-z-funkcja-kremacji-zwlok-mieszkancy-sosnicy-sa-zaniepokojeni\/","name":"Nowy zak\u0142ad pogrzebowy z funkcj\u0105 kremacji zw\u0142ok? Mieszka\u0144cy So\u015bnicy s\u0105 zaniepokojeni - 24GLIWICE - Portal Gliwice | codziennie nowe informacje","isPartOf":{"@id":"https:\/\/www.24gliwice.pl\/wiadomosci\/#website"},"primaryImageOfPage":{"@id":"https:\/\/www.24gliwice.pl\/wiadomosci\/nowy-zaklad-pogrzebowy-z-funkcja-kremacji-zwlok-mieszkancy-sosnicy-sa-zaniepokojeni\/#primaryimage"},"image":{"@id":"https:\/\/www.24gliwice.pl\/wiadomosci\/nowy-zaklad-pogrzebowy-z-funkcja-kremacji-zwlok-mieszkancy-sosnicy-sa-zaniepokojeni\/#primaryimage"},"thumbnailUrl":"https:\/\/www.24gliwice.pl\/wiadomosci\/wp-content\/uploads\/2017\/12\/trumny-1-e1512557696411.jpg","datePublished":"2017-12-08T05:38:00+00:00","breadcrumb":{"@id":"https:\/\/www.24gliwice.pl\/wiadomosci\/nowy-zaklad-pogrzebowy-z-funkcja-kremacji-zwlok-mieszkancy-sosnicy-sa-zaniepokojeni\/#breadcrumb"},"inLanguage":"pl-PL","potentialAction":[{"@type":"ReadAction","target":["https:\/\/www.24gliwice.pl\/wiadomosci\/nowy-zaklad-pogrzebowy-z-funkcja-kremacji-zwlok-mieszkancy-sosnicy-sa-zaniepokojeni\/"]}]},{"@type":"ImageObject","inLanguage":"pl-PL","@id":"https:\/\/www.24gliwice.pl\/wiadomosci\/nowy-zaklad-pogrzebowy-z-funkcja-kremacji-zwlok-mieszkancy-sosnicy-sa-zaniepokojeni\/#primaryimage","url":"https:\/\/www.24gliwice.pl\/wiadomosci\/wp-content\/uploads\/2017\/12\/trumny-1-e1512557696411.jpg","contentUrl":"https:\/\/www.24gliwice.pl\/wiadomosci\/wp-content\/uploads\/2017\/12\/trumny-1-e1512557696411.jpg","width":810,"height":456},{"@type":"BreadcrumbList","@id":"https:\/\/www.24gliwice.pl\/wiadomosci\/nowy-zaklad-pogrzebowy-z-funkcja-kremacji-zwlok-mieszkancy-sosnicy-sa-zaniepokojeni\/#breadcrumb","itemListElement":[{"@type":"ListItem","position":1,"name":"Strona g\u0142\u00f3wna","item":"https:\/\/www.24gliwice.pl\/wiadomosci\/"},{"@type":"ListItem","position":2,"name":"Nowy zak\u0142ad pogrzebowy z funkcj\u0105 kremacji zw\u0142ok? Mieszka\u0144cy So\u015bnicy s\u0105 zaniepokojeni"}]},{"@type":"WebSite","@id":"https:\/\/www.24gliwice.pl\/wiadomosci\/#website","url":"https:\/\/www.24gliwice.pl\/wiadomosci\/","name":"24GLIWICE - Portal Gliwice | codziennie nowe wiadomo\u015bci","description":"Portal Miejski Gliwice","publisher":{"@id":"https:\/\/www.24gliwice.pl\/wiadomosci\/#organization"},"potentialAction":[{"@type":"SearchAction","target":{"@type":"EntryPoint","urlTemplate":"https:\/\/www.24gliwice.pl\/wiadomosci\/?s={search_term_string}"},"query-input":{"@type":"PropertyValueSpecification","valueRequired":true,"valueName":"search_term_string"}}],"inLanguage":"pl-PL"},{"@type":"Organization","@id":"https:\/\/www.24gliwice.pl\/wiadomosci\/#organization","name":"24gliwice","url":"https:\/\/www.24gliwice.pl\/wiadomosci\/","logo":{"@type":"ImageObject","inLanguage":"pl-PL","@id":"https:\/\/www.24gliwice.pl\/wiadomosci\/#\/schema\/logo\/image\/","url":"https:\/\/www.24gliwice.pl\/wiadomosci\/wp-content\/uploads\/2024\/10\/24gliwice-logo-696.jpg","contentUrl":"https:\/\/www.24gliwice.pl\/wiadomosci\/wp-content\/uploads\/2024\/10\/24gliwice-logo-696.jpg","width":696,"height":696,"caption":"24gliwice"},"image":{"@id":"https:\/\/www.24gliwice.pl\/wiadomosci\/#\/schema\/logo\/image\/"},"sameAs":["https:\/\/www.facebook.com\/24gliwice","https:\/\/x.com\/24gliwice","https:\/\/www.youtube.com\/@24gliwice"]},{"@type":"Person","@id":"https:\/\/www.24gliwice.pl\/wiadomosci\/#\/schema\/person\/e42c650edd7f2fa332be3811fb166b6e","name":"\u017baneta Mrozek-Siewierska","image":{"@type":"ImageObject","inLanguage":"pl-PL","@id":"https:\/\/secure.gravatar.com\/avatar\/1881429e9c64597c77ad7aef2d0a19be69a3253e57534d16aa15bf3a4d34a0a3?s=96&d=mm&r=g","url":"https:\/\/secure.gravatar.com\/avatar\/1881429e9c64597c77ad7aef2d0a19be69a3253e57534d16aa15bf3a4d34a0a3?s=96&d=mm&r=g","contentUrl":"https:\/\/secure.gravatar.com\/avatar\/1881429e9c64597c77ad7aef2d0a19be69a3253e57534d16aa15bf3a4d34a0a3?s=96&d=mm&r=g","caption":"\u017baneta Mrozek-Siewierska"},"url":"https:\/\/www.24gliwice.pl\/wiadomosci\/author\/zms\/"}]}},"_links":{"self":[{"href":"https:\/\/www.24gliwice.pl\/wiadomosci\/wp-json\/wp\/v2\/posts\/108784","targetHints":{"allow":["GET"]}}],"collection":[{"href":"https:\/\/www.24gliwice.pl\/wiadomosci\/wp-json\/wp\/v2\/posts"}],"about":[{"href":"https:\/\/www.24gliwice.pl\/wiadomosci\/wp-json\/wp\/v2\/types\/post"}],"author":[{"embeddable":true,"href":"https:\/\/www.24gliwice.pl\/wiadomosci\/wp-json\/wp\/v2\/users\/15"}],"replies":[{"embeddable":true,"href":"https:\/\/www.24gliwice.pl\/wiadomosci\/wp-json\/wp\/v2\/comments?post=108784"}],"version-history":[{"count":0,"href":"https:\/\/www.24gliwice.pl\/wiadomosci\/wp-json\/wp\/v2\/posts\/108784\/revisions"}],"wp:featuredmedia":[{"embeddable":true,"href":"https:\/\/www.24gliwice.pl\/wiadomosci\/wp-json\/wp\/v2\/media\/108790"}],"wp:attachment":[{"href":"https:\/\/www.24gliwice.pl\/wiadomosci\/wp-json\/wp\/v2\/media?parent=108784"}],"wp:term":[{"taxonomy":"category","embeddable":true,"href":"https:\/\/www.24gliwice.pl\/wiadomosci\/wp-json\/wp\/v2\/categories?post=108784"},{"taxonomy":"post_tag","embeddable":true,"href":"https:\/\/www.24gliwice.pl\/wiadomosci\/wp-json\/wp\/v2\/tags?post=108784"}],"curies":[{"name":"wp","href":"https:\/\/api.w.org\/{rel}","templated":true}]}}