{"id":108897,"date":"2017-12-11T12:47:58","date_gmt":"2017-12-11T11:47:58","guid":{"rendered":"http:\/\/www.24gliwice.pl\/wiadomosci\/?p=108897"},"modified":"2017-12-11T12:47:58","modified_gmt":"2017-12-11T11:47:58","slug":"oplata-targowa-degraduje-mikroprzedsiebiorcow-sprzedawcy-zlozyli-petycje-do-rady-miasta","status":"publish","type":"post","link":"https:\/\/www.24gliwice.pl\/wiadomosci\/oplata-targowa-degraduje-mikroprzedsiebiorcow-sprzedawcy-zlozyli-petycje-do-rady-miasta\/","title":{"rendered":"&#8220;Op\u0142ata targowa degraduje mikroprzedsi\u0119biorc\u00f3w.&#8221; Sprzedawcy z\u0142o\u017cyli petycj\u0119 do Rady Miasta"},"content":{"rendered":"<div class=\"gliwi-a6-nad-leadem-artykulow gliwi-entity-placement\" id=\"gliwi-809486603\"><div class=\"gliwi-adlabel\"><span style=\"font-size: 9px\">REKLAMA<\/span><\/div><div id=\"gliwi-3896019687\" style=\"margin-bottom: 25px;margin-left: auto;margin-right: auto;text-align: center;\"><a data-no-instant=\"1\" href=\"https:\/\/dom100.eu\/\" rel=\"noopener\" class=\"a2t-link\" target=\"_blank\" aria-label=\"20260415 DOM100 D\"><img loading=\"lazy\" decoding=\"async\" src=\"https:\/\/www.24gliwice.pl\/wiadomosci\/wp-content\/uploads\/2026\/04\/20260415-DOM100-D.jpg\" alt=\"\"  srcset=\"https:\/\/www.24gliwice.pl\/wiadomosci\/wp-content\/uploads\/2026\/04\/20260415-DOM100-D.jpg 750w, https:\/\/www.24gliwice.pl\/wiadomosci\/wp-content\/uploads\/2026\/04\/20260415-DOM100-D-410x109.jpg 410w\" sizes=\"(max-width: 750px) 100vw, 750px\" class=\"no-lazyload\" width=\"750\" height=\"200\"  style=\"display: inline-block; max-width: 100%; height: auto;\" \/><\/a><\/div><\/div><h3>Temat zniesienia op\u0142aty targowej by\u0142 poruszany w ubieg\u0142ym roku, zyskuj\u0105c aprobat\u0119 w\u015br\u00f3d wielu radnych, jednak ostatecznie zdecydowano si\u0119 jedynie na przyj\u0119cie uchwa\u0142y zmniejszaj\u0105cej jej wysoko\u015b\u0107.<\/h3>\n<p>Przedsi\u0119biorcy handluj\u0105cy na targowisku &#8220;Jasna&#8221; zlokalizowanym przy ulicy \u017bwirki i Wigury zwr\u00f3cili si\u0119 z petycj\u0105 do Rady Miasta o zniesienie op\u0142aty targowej w tym miejscu. Argumentuj\u0105 to wysokim poziomem innych ponoszonych koszt\u00f3w zwi\u0105zanych z prowadzeniem dzia\u0142alno\u015bci gospodarczej.<\/p>\n<blockquote><p>Takie wysokie kwoty op\u0142at handlowych spowoduj\u0105 w naszym mie\u015bcie degradacj\u0119 mikroprzedsi\u0119biorc\u00f3w, niesprawiedliwie promuj\u0105c sklepy wielkopowierzchniowe<\/p><\/blockquote>\n<p>&#8211; pisz\u0105 w petycji <strong>sprzedawcy<\/strong>.<\/p><div class=\"gliwi-a3-w-tresci-artykulow gliwi-entity-placement\" id=\"gliwi-199593743\"><div class=\"gliwi-adlabel\"><span style=\"font-size: 9px\">REKLAMA<\/span><\/div><div id=\"gliwi-38694677\" style=\"margin-bottom: 30px;margin-left: auto;margin-right: auto;text-align: center;\"><a data-no-instant=\"1\" href=\"https:\/\/ogrodyandersa.pl\/\" rel=\"noopener\" class=\"a2t-link\" target=\"_blank\" aria-label=\"20260415 Ogrody Andersa KUP TERAZ D\"><img loading=\"lazy\" decoding=\"async\" src=\"https:\/\/www.24gliwice.pl\/wiadomosci\/wp-content\/uploads\/2026\/04\/20260415-Ogrody-Andersa-KUP-TERAZ-D.jpg\" alt=\"\"  srcset=\"https:\/\/www.24gliwice.pl\/wiadomosci\/wp-content\/uploads\/2026\/04\/20260415-Ogrody-Andersa-KUP-TERAZ-D.jpg 750w, https:\/\/www.24gliwice.pl\/wiadomosci\/wp-content\/uploads\/2026\/04\/20260415-Ogrody-Andersa-KUP-TERAZ-D-410x109.jpg 410w\" sizes=\"(max-width: 750px) 100vw, 750px\" class=\"no-lazyload\" width=\"750\" height=\"200\"  style=\"display: inline-block; max-width: 100%; height: auto;\" \/><\/a><\/div><\/div>\n<p>W <a href=\"http:\/\/www.24gliwice.pl\/wiadomosci\/bazary-bez-oplaty-miasto-chce-pomoc-kupcom-w-starciu-z-dyskontami\/\" target=\"_blank\" rel=\"noopener\">styczniu ubieg\u0142ego roku informowali\u015bmy<\/a> o pracach w komisjach Rady Miasta, na kt\u00f3rych pojawi\u0142 si\u0119 wniosek by t\u0119 p\u0142atno\u015b\u0107 zlikwidowa\u0107 ca\u0142kowicie. Pomys\u0142 wst\u0119pnie zyska\u0142 aprobat\u0119 wi\u0119kszo\u015bci klub\u00f3w, ale ostatecznie miasto nie zdecydowa\u0142o si\u0119 na tak du\u017c\u0105 zmian\u0119.<\/p>\n<div id=\"attachment_108935\" style=\"width: 820px\" class=\"wp-caption alignnone\"><img loading=\"lazy\" decoding=\"async\" aria-describedby=\"caption-attachment-108935\" class=\"wp-image-108935 size-full\" src=\"http:\/\/www.24gliwice.pl\/wiadomosci\/wp-content\/uploads\/2017\/12\/targowisko-jasna-2-e1512726926560.jpg\" alt=\"\" width=\"810\" height=\"455\" \/><p id=\"caption-attachment-108935\" class=\"wp-caption-text\">W pasa\u017cu wiele lokali jest zamkni\u0119tych<\/p><\/div>\n<p>O wprowadzeniu (lub nie) op\u0142aty targowej decyduje Rada Gminy. W niekt\u00f3rych du\u017cych polskich miastach postanowiono o zniesieniu tego obowi\u0105zku. Nale\u017c\u0105 do nich Gda\u0144sk, \u0141\u00f3d\u017a, Warszawa, Wroc\u0142aw, Lublin, Katowice i Pozna\u0144. Tam mikro przedsi\u0119biorcy maj\u0105 si\u0119 o wiele lepiej.<\/p>\n<h4>Co na to radni?<\/h4>\n<p>\u2013 Jeste\u015bmy zainteresowani w przysz\u0142o\u015bci dalsz\u0105 prac\u0105 nad stawkami op\u0142aty targowej w Gliwicach \u2013 zapowiada\u0142 w ubieg\u0142ym roku podczas majowej sesji Rady Miasta jej przewodnicz\u0105cy <strong>Marek Pszonak<\/strong>.<\/p>\n<blockquote><p>By\u0107 mo\u017ce wsp\u00f3lnymi si\u0142ami, jeszcze racjonalniej zostanie przygotowany projekt uchwa\u0142y w tej sprawie, chocia\u017c i ten idzie w dobrym kierunku<\/p><\/blockquote>\n<p>&#8211; doda\u0142.<\/p>\n<p>Z\u0142o\u017cona petycja wymaga rozstrzygni\u0119cia w ci\u0105gu trzech miesi\u0119cy, a to oznacza potrzeb\u0119 ponownego pochylenia si\u0119 nad tym tematem. Je\u017celi przewodnicz\u0105cy Rady Miasta podtrzyma swoje zdanie, dla przedsi\u0119biorc\u00f3w z targowiska &#8220;Jasna&#8221; pojawi si\u0119 cie\u0144 nadziei na zmniejszenie koszt\u00f3w prowadzenia dzia\u0142alno\u015bci.<\/p>\n<p><img loading=\"lazy\" decoding=\"async\" class=\"alignnone size-full wp-image-108936\" src=\"http:\/\/www.24gliwice.pl\/wiadomosci\/wp-content\/uploads\/2017\/12\/targowisko-jasna-3-e1512726888607.jpg\" alt=\"\" width=\"810\" height=\"456\" \/><\/p>\n<p>13 grudnia ma si\u0119 odby\u0107 kolejne posiedzenie Komisji Bud\u017cetu i Finans\u00f3w. Nasuwa si\u0119 pytanie, czy w zwi\u0105zku z wp\u0142yni\u0119ciem wniosku mieszka\u0144c\u00f3w radni wznowi\u0105 rozmowy na temat zniesienia op\u0142aty targowej na nadchodz\u0105cym spotkaniu. Okazuje si\u0119, \u017ce dokument nie trafi\u0142 jeszcze do adresata.<\/p>\n<p>&#8211; Nie mam \u017cadnej wiedzy na temat takiej petycji &#8211; skwitowa\u0142 kr\u00f3tko pytanie na ten temat przewodnicz\u0105cy Komisji Bud\u017cetu i Finans\u00f3w, <strong>Krzysztof Kleczka<\/strong>.<\/p>\n<p>(\u017cms)<br \/>\nfot. \u017bMS\/24gliwice.pl<\/p>\n<div class=\"gliwi-a5-na-koncu-artykulow gliwi-entity-placement\" id=\"gliwi-1372410577\"><div class=\"gliwi-adlabel\"><span style=\"font-size: 9px\">REKLAMA<\/span><\/div><div id=\"gliwi-906532128\" style=\"margin-left: auto;margin-right: auto;text-align: center;\"><a data-no-instant=\"1\" href=\"https:\/\/prezeroarenagliwice.pl\/\" rel=\"noopener\" class=\"a2t-link\" target=\"_blank\" aria-label=\"20260309-PREZERO-WIOSNA-D\"><img loading=\"lazy\" decoding=\"async\" src=\"https:\/\/www.24gliwice.pl\/wiadomosci\/wp-content\/uploads\/2026\/03\/20260309-PREZERO-WIOSNA-D.webp\" alt=\"\"  srcset=\"https:\/\/www.24gliwice.pl\/wiadomosci\/wp-content\/uploads\/2026\/03\/20260309-PREZERO-WIOSNA-D.webp 750w, https:\/\/www.24gliwice.pl\/wiadomosci\/wp-content\/uploads\/2026\/03\/20260309-PREZERO-WIOSNA-D-410x109.webp 410w\" sizes=\"(max-width: 750px) 100vw, 750px\" class=\"no-lazyload\" width=\"750\" height=\"200\"  style=\"display: inline-block; max-width: 100%; height: auto;\" \/><\/a><\/div><\/div>","protected":false},"excerpt":{"rendered":"<p>Temat zniesienia op\u0142aty targowej by\u0142 poruszany w ubieg\u0142ym roku, zyskuj\u0105c aprobat\u0119 w\u015br\u00f3d wielu radnych, jednak ostatecznie zdecydowano si\u0119 jedynie na przyj\u0119cie uchwa\u0142y zmniejszaj\u0105cej jej wysoko\u015b\u0107. Przedsi\u0119biorcy handluj\u0105cy na targowisku &#8220;Jasna&#8221; zlokalizowanym przy ulicy \u017bwirki i Wigury zwr\u00f3cili si\u0119 z petycj\u0105 do Rady Miasta o zniesienie op\u0142aty targowej w tym miejscu. Argumentuj\u0105 to wysokim poziomem innych [&hellip;]<\/p>\n","protected":false},"author":15,"featured_media":108938,"comment_status":"open","ping_status":"closed","sticky":false,"template":"","format":"standard","meta":{"_monsterinsights_skip_tracking":false,"_monsterinsights_sitenote_active":false,"_monsterinsights_sitenote_note":"","_monsterinsights_sitenote_category":0,"footnotes":"","_links_to":"","_links_to_target":""},"categories":[3,1],"tags":[5683,5659,10909,8859,10031],"class_list":["post-108897","post","type-post","status-publish","format-standard","has-post-thumbnail","hentry","category-gliwice","category-wszystko","tag-handel","tag-jasna","tag-oplata-targowa","tag-sprzedaz","tag-targowisko"],"yoast_head":"<!-- This site is optimized with the Yoast SEO plugin v27.5 - https:\/\/yoast.com\/product\/yoast-seo-wordpress\/ -->\n<title>&quot;Op\u0142ata targowa degraduje mikroprzedsi\u0119biorc\u00f3w.&quot; Sprzedawcy z\u0142o\u017cyli petycj\u0119 do Rady Miasta - 24GLIWICE - Portal Gliwice | codziennie nowe informacje<\/title>\n<meta name=\"robots\" content=\"index, follow, max-snippet:-1, max-image-preview:large, max-video-preview:-1\" \/>\n<link rel=\"canonical\" href=\"https:\/\/www.24gliwice.pl\/wiadomosci\/oplata-targowa-degraduje-mikroprzedsiebiorcow-sprzedawcy-zlozyli-petycje-do-rady-miasta\/\" \/>\n<meta property=\"og:locale\" content=\"pl_PL\" \/>\n<meta property=\"og:type\" content=\"article\" \/>\n<meta property=\"og:title\" content=\"&quot;Op\u0142ata targowa degraduje mikroprzedsi\u0119biorc\u00f3w.&quot; Sprzedawcy z\u0142o\u017cyli petycj\u0119 do Rady Miasta - 24GLIWICE - Portal Gliwice | codziennie nowe informacje\" \/>\n<meta property=\"og:description\" content=\"Temat zniesienia op\u0142aty targowej by\u0142 poruszany w ubieg\u0142ym roku, zyskuj\u0105c aprobat\u0119 w\u015br\u00f3d wielu radnych, jednak ostatecznie zdecydowano si\u0119 jedynie na przyj\u0119cie uchwa\u0142y zmniejszaj\u0105cej jej wysoko\u015b\u0107. Przedsi\u0119biorcy handluj\u0105cy na targowisku &#8220;Jasna&#8221; zlokalizowanym przy ulicy \u017bwirki i Wigury zwr\u00f3cili si\u0119 z petycj\u0105 do Rady Miasta o zniesienie op\u0142aty targowej w tym miejscu. Argumentuj\u0105 to wysokim poziomem innych [&hellip;]\" \/>\n<meta property=\"og:url\" content=\"https:\/\/www.24gliwice.pl\/wiadomosci\/oplata-targowa-degraduje-mikroprzedsiebiorcow-sprzedawcy-zlozyli-petycje-do-rady-miasta\/\" \/>\n<meta property=\"og:site_name\" content=\"24GLIWICE - Portal Gliwice | codziennie nowe informacje\" \/>\n<meta property=\"article:publisher\" content=\"https:\/\/www.facebook.com\/24gliwice\" \/>\n<meta property=\"article:published_time\" content=\"2017-12-11T11:47:58+00:00\" \/>\n<meta property=\"og:image\" content=\"https:\/\/www.24gliwice.pl\/wiadomosci\/wp-content\/uploads\/2017\/12\/targowisko-jasna.jpg\" \/>\n\t<meta property=\"og:image:width\" content=\"1920\" \/>\n\t<meta property=\"og:image:height\" content=\"1080\" \/>\n\t<meta property=\"og:image:type\" content=\"image\/jpeg\" \/>\n<meta name=\"author\" content=\"\u017baneta Mrozek-Siewierska\" \/>\n<meta name=\"twitter:card\" content=\"summary_large_image\" \/>\n<meta name=\"twitter:creator\" content=\"@24gliwice\" \/>\n<meta name=\"twitter:site\" content=\"@24gliwice\" \/>\n<meta name=\"twitter:label1\" content=\"Napisane przez\" \/>\n\t<meta name=\"twitter:data1\" content=\"\u017baneta Mrozek-Siewierska\" \/>\n\t<meta name=\"twitter:label2\" content=\"Szacowany czas czytania\" \/>\n\t<meta name=\"twitter:data2\" content=\"2 minuty\" \/>\n<script type=\"application\/ld+json\" class=\"yoast-schema-graph\">{\"@context\":\"https:\\\/\\\/schema.org\",\"@graph\":[{\"@type\":\"Article\",\"@id\":\"https:\\\/\\\/www.24gliwice.pl\\\/wiadomosci\\\/oplata-targowa-degraduje-mikroprzedsiebiorcow-sprzedawcy-zlozyli-petycje-do-rady-miasta\\\/#article\",\"isPartOf\":{\"@id\":\"https:\\\/\\\/www.24gliwice.pl\\\/wiadomosci\\\/oplata-targowa-degraduje-mikroprzedsiebiorcow-sprzedawcy-zlozyli-petycje-do-rady-miasta\\\/\"},\"author\":{\"name\":\"\u017baneta Mrozek-Siewierska\",\"@id\":\"https:\\\/\\\/www.24gliwice.pl\\\/wiadomosci\\\/#\\\/schema\\\/person\\\/e42c650edd7f2fa332be3811fb166b6e\"},\"headline\":\"&#8220;Op\u0142ata targowa degraduje mikroprzedsi\u0119biorc\u00f3w.&#8221; Sprzedawcy z\u0142o\u017cyli petycj\u0119 do Rady Miasta\",\"datePublished\":\"2017-12-11T11:47:58+00:00\",\"mainEntityOfPage\":{\"@id\":\"https:\\\/\\\/www.24gliwice.pl\\\/wiadomosci\\\/oplata-targowa-degraduje-mikroprzedsiebiorcow-sprzedawcy-zlozyli-petycje-do-rady-miasta\\\/\"},\"wordCount\":418,\"commentCount\":0,\"publisher\":{\"@id\":\"https:\\\/\\\/www.24gliwice.pl\\\/wiadomosci\\\/#organization\"},\"image\":{\"@id\":\"https:\\\/\\\/www.24gliwice.pl\\\/wiadomosci\\\/oplata-targowa-degraduje-mikroprzedsiebiorcow-sprzedawcy-zlozyli-petycje-do-rady-miasta\\\/#primaryimage\"},\"thumbnailUrl\":\"https:\\\/\\\/www.24gliwice.pl\\\/wiadomosci\\\/wp-content\\\/uploads\\\/2017\\\/12\\\/targowisko-jasna.jpg\",\"keywords\":[\"handel\",\"jasna\",\"op\u0142ata targowa\",\"sprzeda\u017c\",\"targowisko\"],\"articleSection\":[\"Gliwice\",\"Najnowsze wiadomo\u015bci\"],\"inLanguage\":\"pl-PL\",\"potentialAction\":[{\"@type\":\"CommentAction\",\"name\":\"Comment\",\"target\":[\"https:\\\/\\\/www.24gliwice.pl\\\/wiadomosci\\\/oplata-targowa-degraduje-mikroprzedsiebiorcow-sprzedawcy-zlozyli-petycje-do-rady-miasta\\\/#respond\"]}]},{\"@type\":\"WebPage\",\"@id\":\"https:\\\/\\\/www.24gliwice.pl\\\/wiadomosci\\\/oplata-targowa-degraduje-mikroprzedsiebiorcow-sprzedawcy-zlozyli-petycje-do-rady-miasta\\\/\",\"url\":\"https:\\\/\\\/www.24gliwice.pl\\\/wiadomosci\\\/oplata-targowa-degraduje-mikroprzedsiebiorcow-sprzedawcy-zlozyli-petycje-do-rady-miasta\\\/\",\"name\":\"\\\"Op\u0142ata targowa degraduje mikroprzedsi\u0119biorc\u00f3w.\\\" Sprzedawcy z\u0142o\u017cyli petycj\u0119 do Rady Miasta - 24GLIWICE - Portal Gliwice | codziennie nowe informacje\",\"isPartOf\":{\"@id\":\"https:\\\/\\\/www.24gliwice.pl\\\/wiadomosci\\\/#website\"},\"primaryImageOfPage\":{\"@id\":\"https:\\\/\\\/www.24gliwice.pl\\\/wiadomosci\\\/oplata-targowa-degraduje-mikroprzedsiebiorcow-sprzedawcy-zlozyli-petycje-do-rady-miasta\\\/#primaryimage\"},\"image\":{\"@id\":\"https:\\\/\\\/www.24gliwice.pl\\\/wiadomosci\\\/oplata-targowa-degraduje-mikroprzedsiebiorcow-sprzedawcy-zlozyli-petycje-do-rady-miasta\\\/#primaryimage\"},\"thumbnailUrl\":\"https:\\\/\\\/www.24gliwice.pl\\\/wiadomosci\\\/wp-content\\\/uploads\\\/2017\\\/12\\\/targowisko-jasna.jpg\",\"datePublished\":\"2017-12-11T11:47:58+00:00\",\"breadcrumb\":{\"@id\":\"https:\\\/\\\/www.24gliwice.pl\\\/wiadomosci\\\/oplata-targowa-degraduje-mikroprzedsiebiorcow-sprzedawcy-zlozyli-petycje-do-rady-miasta\\\/#breadcrumb\"},\"inLanguage\":\"pl-PL\",\"potentialAction\":[{\"@type\":\"ReadAction\",\"target\":[\"https:\\\/\\\/www.24gliwice.pl\\\/wiadomosci\\\/oplata-targowa-degraduje-mikroprzedsiebiorcow-sprzedawcy-zlozyli-petycje-do-rady-miasta\\\/\"]}]},{\"@type\":\"ImageObject\",\"inLanguage\":\"pl-PL\",\"@id\":\"https:\\\/\\\/www.24gliwice.pl\\\/wiadomosci\\\/oplata-targowa-degraduje-mikroprzedsiebiorcow-sprzedawcy-zlozyli-petycje-do-rady-miasta\\\/#primaryimage\",\"url\":\"https:\\\/\\\/www.24gliwice.pl\\\/wiadomosci\\\/wp-content\\\/uploads\\\/2017\\\/12\\\/targowisko-jasna.jpg\",\"contentUrl\":\"https:\\\/\\\/www.24gliwice.pl\\\/wiadomosci\\\/wp-content\\\/uploads\\\/2017\\\/12\\\/targowisko-jasna.jpg\",\"width\":1920,\"height\":1080},{\"@type\":\"BreadcrumbList\",\"@id\":\"https:\\\/\\\/www.24gliwice.pl\\\/wiadomosci\\\/oplata-targowa-degraduje-mikroprzedsiebiorcow-sprzedawcy-zlozyli-petycje-do-rady-miasta\\\/#breadcrumb\",\"itemListElement\":[{\"@type\":\"ListItem\",\"position\":1,\"name\":\"Strona g\u0142\u00f3wna\",\"item\":\"https:\\\/\\\/www.24gliwice.pl\\\/wiadomosci\\\/\"},{\"@type\":\"ListItem\",\"position\":2,\"name\":\"&#8222;Op\u0142ata targowa degraduje mikroprzedsi\u0119biorc\u00f3w.&#8221; Sprzedawcy z\u0142o\u017cyli petycj\u0119 do Rady Miasta\"}]},{\"@type\":\"WebSite\",\"@id\":\"https:\\\/\\\/www.24gliwice.pl\\\/wiadomosci\\\/#website\",\"url\":\"https:\\\/\\\/www.24gliwice.pl\\\/wiadomosci\\\/\",\"name\":\"24GLIWICE - Portal Gliwice | codziennie nowe wiadomo\u015bci\",\"description\":\"Portal Miejski Gliwice\",\"publisher\":{\"@id\":\"https:\\\/\\\/www.24gliwice.pl\\\/wiadomosci\\\/#organization\"},\"potentialAction\":[{\"@type\":\"SearchAction\",\"target\":{\"@type\":\"EntryPoint\",\"urlTemplate\":\"https:\\\/\\\/www.24gliwice.pl\\\/wiadomosci\\\/?s={search_term_string}\"},\"query-input\":{\"@type\":\"PropertyValueSpecification\",\"valueRequired\":true,\"valueName\":\"search_term_string\"}}],\"inLanguage\":\"pl-PL\"},{\"@type\":\"Organization\",\"@id\":\"https:\\\/\\\/www.24gliwice.pl\\\/wiadomosci\\\/#organization\",\"name\":\"24gliwice\",\"url\":\"https:\\\/\\\/www.24gliwice.pl\\\/wiadomosci\\\/\",\"logo\":{\"@type\":\"ImageObject\",\"inLanguage\":\"pl-PL\",\"@id\":\"https:\\\/\\\/www.24gliwice.pl\\\/wiadomosci\\\/#\\\/schema\\\/logo\\\/image\\\/\",\"url\":\"https:\\\/\\\/www.24gliwice.pl\\\/wiadomosci\\\/wp-content\\\/uploads\\\/2024\\\/10\\\/24gliwice-logo-696.jpg\",\"contentUrl\":\"https:\\\/\\\/www.24gliwice.pl\\\/wiadomosci\\\/wp-content\\\/uploads\\\/2024\\\/10\\\/24gliwice-logo-696.jpg\",\"width\":696,\"height\":696,\"caption\":\"24gliwice\"},\"image\":{\"@id\":\"https:\\\/\\\/www.24gliwice.pl\\\/wiadomosci\\\/#\\\/schema\\\/logo\\\/image\\\/\"},\"sameAs\":[\"https:\\\/\\\/www.facebook.com\\\/24gliwice\",\"https:\\\/\\\/x.com\\\/24gliwice\",\"https:\\\/\\\/www.youtube.com\\\/@24gliwice\"]},{\"@type\":\"Person\",\"@id\":\"https:\\\/\\\/www.24gliwice.pl\\\/wiadomosci\\\/#\\\/schema\\\/person\\\/e42c650edd7f2fa332be3811fb166b6e\",\"name\":\"\u017baneta Mrozek-Siewierska\",\"image\":{\"@type\":\"ImageObject\",\"inLanguage\":\"pl-PL\",\"@id\":\"https:\\\/\\\/secure.gravatar.com\\\/avatar\\\/1881429e9c64597c77ad7aef2d0a19be69a3253e57534d16aa15bf3a4d34a0a3?s=96&d=mm&r=g\",\"url\":\"https:\\\/\\\/secure.gravatar.com\\\/avatar\\\/1881429e9c64597c77ad7aef2d0a19be69a3253e57534d16aa15bf3a4d34a0a3?s=96&d=mm&r=g\",\"contentUrl\":\"https:\\\/\\\/secure.gravatar.com\\\/avatar\\\/1881429e9c64597c77ad7aef2d0a19be69a3253e57534d16aa15bf3a4d34a0a3?s=96&d=mm&r=g\",\"caption\":\"\u017baneta Mrozek-Siewierska\"},\"url\":\"https:\\\/\\\/www.24gliwice.pl\\\/wiadomosci\\\/author\\\/zms\\\/\"}]}<\/script>\n<!-- \/ Yoast SEO plugin. -->","yoast_head_json":{"title":"\"Op\u0142ata targowa degraduje mikroprzedsi\u0119biorc\u00f3w.\" Sprzedawcy z\u0142o\u017cyli petycj\u0119 do Rady Miasta - 24GLIWICE - Portal Gliwice | codziennie nowe informacje","robots":{"index":"index","follow":"follow","max-snippet":"max-snippet:-1","max-image-preview":"max-image-preview:large","max-video-preview":"max-video-preview:-1"},"canonical":"https:\/\/www.24gliwice.pl\/wiadomosci\/oplata-targowa-degraduje-mikroprzedsiebiorcow-sprzedawcy-zlozyli-petycje-do-rady-miasta\/","og_locale":"pl_PL","og_type":"article","og_title":"\"Op\u0142ata targowa degraduje mikroprzedsi\u0119biorc\u00f3w.\" Sprzedawcy z\u0142o\u017cyli petycj\u0119 do Rady Miasta - 24GLIWICE - Portal Gliwice | codziennie nowe informacje","og_description":"Temat zniesienia op\u0142aty targowej by\u0142 poruszany w ubieg\u0142ym roku, zyskuj\u0105c aprobat\u0119 w\u015br\u00f3d wielu radnych, jednak ostatecznie zdecydowano si\u0119 jedynie na przyj\u0119cie uchwa\u0142y zmniejszaj\u0105cej jej wysoko\u015b\u0107. Przedsi\u0119biorcy handluj\u0105cy na targowisku &#8220;Jasna&#8221; zlokalizowanym przy ulicy \u017bwirki i Wigury zwr\u00f3cili si\u0119 z petycj\u0105 do Rady Miasta o zniesienie op\u0142aty targowej w tym miejscu. Argumentuj\u0105 to wysokim poziomem innych [&hellip;]","og_url":"https:\/\/www.24gliwice.pl\/wiadomosci\/oplata-targowa-degraduje-mikroprzedsiebiorcow-sprzedawcy-zlozyli-petycje-do-rady-miasta\/","og_site_name":"24GLIWICE - Portal Gliwice | codziennie nowe informacje","article_publisher":"https:\/\/www.facebook.com\/24gliwice","article_published_time":"2017-12-11T11:47:58+00:00","og_image":[{"width":1920,"height":1080,"url":"https:\/\/www.24gliwice.pl\/wiadomosci\/wp-content\/uploads\/2017\/12\/targowisko-jasna.jpg","type":"image\/jpeg"}],"author":"\u017baneta Mrozek-Siewierska","twitter_card":"summary_large_image","twitter_creator":"@24gliwice","twitter_site":"@24gliwice","twitter_misc":{"Napisane przez":"\u017baneta Mrozek-Siewierska","Szacowany czas czytania":"2 minuty"},"schema":{"@context":"https:\/\/schema.org","@graph":[{"@type":"Article","@id":"https:\/\/www.24gliwice.pl\/wiadomosci\/oplata-targowa-degraduje-mikroprzedsiebiorcow-sprzedawcy-zlozyli-petycje-do-rady-miasta\/#article","isPartOf":{"@id":"https:\/\/www.24gliwice.pl\/wiadomosci\/oplata-targowa-degraduje-mikroprzedsiebiorcow-sprzedawcy-zlozyli-petycje-do-rady-miasta\/"},"author":{"name":"\u017baneta Mrozek-Siewierska","@id":"https:\/\/www.24gliwice.pl\/wiadomosci\/#\/schema\/person\/e42c650edd7f2fa332be3811fb166b6e"},"headline":"&#8220;Op\u0142ata targowa degraduje mikroprzedsi\u0119biorc\u00f3w.&#8221; Sprzedawcy z\u0142o\u017cyli petycj\u0119 do Rady Miasta","datePublished":"2017-12-11T11:47:58+00:00","mainEntityOfPage":{"@id":"https:\/\/www.24gliwice.pl\/wiadomosci\/oplata-targowa-degraduje-mikroprzedsiebiorcow-sprzedawcy-zlozyli-petycje-do-rady-miasta\/"},"wordCount":418,"commentCount":0,"publisher":{"@id":"https:\/\/www.24gliwice.pl\/wiadomosci\/#organization"},"image":{"@id":"https:\/\/www.24gliwice.pl\/wiadomosci\/oplata-targowa-degraduje-mikroprzedsiebiorcow-sprzedawcy-zlozyli-petycje-do-rady-miasta\/#primaryimage"},"thumbnailUrl":"https:\/\/www.24gliwice.pl\/wiadomosci\/wp-content\/uploads\/2017\/12\/targowisko-jasna.jpg","keywords":["handel","jasna","op\u0142ata targowa","sprzeda\u017c","targowisko"],"articleSection":["Gliwice","Najnowsze wiadomo\u015bci"],"inLanguage":"pl-PL","potentialAction":[{"@type":"CommentAction","name":"Comment","target":["https:\/\/www.24gliwice.pl\/wiadomosci\/oplata-targowa-degraduje-mikroprzedsiebiorcow-sprzedawcy-zlozyli-petycje-do-rady-miasta\/#respond"]}]},{"@type":"WebPage","@id":"https:\/\/www.24gliwice.pl\/wiadomosci\/oplata-targowa-degraduje-mikroprzedsiebiorcow-sprzedawcy-zlozyli-petycje-do-rady-miasta\/","url":"https:\/\/www.24gliwice.pl\/wiadomosci\/oplata-targowa-degraduje-mikroprzedsiebiorcow-sprzedawcy-zlozyli-petycje-do-rady-miasta\/","name":"\"Op\u0142ata targowa degraduje mikroprzedsi\u0119biorc\u00f3w.\" Sprzedawcy z\u0142o\u017cyli petycj\u0119 do Rady Miasta - 24GLIWICE - Portal Gliwice | codziennie nowe informacje","isPartOf":{"@id":"https:\/\/www.24gliwice.pl\/wiadomosci\/#website"},"primaryImageOfPage":{"@id":"https:\/\/www.24gliwice.pl\/wiadomosci\/oplata-targowa-degraduje-mikroprzedsiebiorcow-sprzedawcy-zlozyli-petycje-do-rady-miasta\/#primaryimage"},"image":{"@id":"https:\/\/www.24gliwice.pl\/wiadomosci\/oplata-targowa-degraduje-mikroprzedsiebiorcow-sprzedawcy-zlozyli-petycje-do-rady-miasta\/#primaryimage"},"thumbnailUrl":"https:\/\/www.24gliwice.pl\/wiadomosci\/wp-content\/uploads\/2017\/12\/targowisko-jasna.jpg","datePublished":"2017-12-11T11:47:58+00:00","breadcrumb":{"@id":"https:\/\/www.24gliwice.pl\/wiadomosci\/oplata-targowa-degraduje-mikroprzedsiebiorcow-sprzedawcy-zlozyli-petycje-do-rady-miasta\/#breadcrumb"},"inLanguage":"pl-PL","potentialAction":[{"@type":"ReadAction","target":["https:\/\/www.24gliwice.pl\/wiadomosci\/oplata-targowa-degraduje-mikroprzedsiebiorcow-sprzedawcy-zlozyli-petycje-do-rady-miasta\/"]}]},{"@type":"ImageObject","inLanguage":"pl-PL","@id":"https:\/\/www.24gliwice.pl\/wiadomosci\/oplata-targowa-degraduje-mikroprzedsiebiorcow-sprzedawcy-zlozyli-petycje-do-rady-miasta\/#primaryimage","url":"https:\/\/www.24gliwice.pl\/wiadomosci\/wp-content\/uploads\/2017\/12\/targowisko-jasna.jpg","contentUrl":"https:\/\/www.24gliwice.pl\/wiadomosci\/wp-content\/uploads\/2017\/12\/targowisko-jasna.jpg","width":1920,"height":1080},{"@type":"BreadcrumbList","@id":"https:\/\/www.24gliwice.pl\/wiadomosci\/oplata-targowa-degraduje-mikroprzedsiebiorcow-sprzedawcy-zlozyli-petycje-do-rady-miasta\/#breadcrumb","itemListElement":[{"@type":"ListItem","position":1,"name":"Strona g\u0142\u00f3wna","item":"https:\/\/www.24gliwice.pl\/wiadomosci\/"},{"@type":"ListItem","position":2,"name":"&#8222;Op\u0142ata targowa degraduje mikroprzedsi\u0119biorc\u00f3w.&#8221; Sprzedawcy z\u0142o\u017cyli petycj\u0119 do Rady Miasta"}]},{"@type":"WebSite","@id":"https:\/\/www.24gliwice.pl\/wiadomosci\/#website","url":"https:\/\/www.24gliwice.pl\/wiadomosci\/","name":"24GLIWICE - Portal Gliwice | codziennie nowe wiadomo\u015bci","description":"Portal Miejski Gliwice","publisher":{"@id":"https:\/\/www.24gliwice.pl\/wiadomosci\/#organization"},"potentialAction":[{"@type":"SearchAction","target":{"@type":"EntryPoint","urlTemplate":"https:\/\/www.24gliwice.pl\/wiadomosci\/?s={search_term_string}"},"query-input":{"@type":"PropertyValueSpecification","valueRequired":true,"valueName":"search_term_string"}}],"inLanguage":"pl-PL"},{"@type":"Organization","@id":"https:\/\/www.24gliwice.pl\/wiadomosci\/#organization","name":"24gliwice","url":"https:\/\/www.24gliwice.pl\/wiadomosci\/","logo":{"@type":"ImageObject","inLanguage":"pl-PL","@id":"https:\/\/www.24gliwice.pl\/wiadomosci\/#\/schema\/logo\/image\/","url":"https:\/\/www.24gliwice.pl\/wiadomosci\/wp-content\/uploads\/2024\/10\/24gliwice-logo-696.jpg","contentUrl":"https:\/\/www.24gliwice.pl\/wiadomosci\/wp-content\/uploads\/2024\/10\/24gliwice-logo-696.jpg","width":696,"height":696,"caption":"24gliwice"},"image":{"@id":"https:\/\/www.24gliwice.pl\/wiadomosci\/#\/schema\/logo\/image\/"},"sameAs":["https:\/\/www.facebook.com\/24gliwice","https:\/\/x.com\/24gliwice","https:\/\/www.youtube.com\/@24gliwice"]},{"@type":"Person","@id":"https:\/\/www.24gliwice.pl\/wiadomosci\/#\/schema\/person\/e42c650edd7f2fa332be3811fb166b6e","name":"\u017baneta Mrozek-Siewierska","image":{"@type":"ImageObject","inLanguage":"pl-PL","@id":"https:\/\/secure.gravatar.com\/avatar\/1881429e9c64597c77ad7aef2d0a19be69a3253e57534d16aa15bf3a4d34a0a3?s=96&d=mm&r=g","url":"https:\/\/secure.gravatar.com\/avatar\/1881429e9c64597c77ad7aef2d0a19be69a3253e57534d16aa15bf3a4d34a0a3?s=96&d=mm&r=g","contentUrl":"https:\/\/secure.gravatar.com\/avatar\/1881429e9c64597c77ad7aef2d0a19be69a3253e57534d16aa15bf3a4d34a0a3?s=96&d=mm&r=g","caption":"\u017baneta Mrozek-Siewierska"},"url":"https:\/\/www.24gliwice.pl\/wiadomosci\/author\/zms\/"}]}},"_links":{"self":[{"href":"https:\/\/www.24gliwice.pl\/wiadomosci\/wp-json\/wp\/v2\/posts\/108897","targetHints":{"allow":["GET"]}}],"collection":[{"href":"https:\/\/www.24gliwice.pl\/wiadomosci\/wp-json\/wp\/v2\/posts"}],"about":[{"href":"https:\/\/www.24gliwice.pl\/wiadomosci\/wp-json\/wp\/v2\/types\/post"}],"author":[{"embeddable":true,"href":"https:\/\/www.24gliwice.pl\/wiadomosci\/wp-json\/wp\/v2\/users\/15"}],"replies":[{"embeddable":true,"href":"https:\/\/www.24gliwice.pl\/wiadomosci\/wp-json\/wp\/v2\/comments?post=108897"}],"version-history":[{"count":0,"href":"https:\/\/www.24gliwice.pl\/wiadomosci\/wp-json\/wp\/v2\/posts\/108897\/revisions"}],"wp:featuredmedia":[{"embeddable":true,"href":"https:\/\/www.24gliwice.pl\/wiadomosci\/wp-json\/wp\/v2\/media\/108938"}],"wp:attachment":[{"href":"https:\/\/www.24gliwice.pl\/wiadomosci\/wp-json\/wp\/v2\/media?parent=108897"}],"wp:term":[{"taxonomy":"category","embeddable":true,"href":"https:\/\/www.24gliwice.pl\/wiadomosci\/wp-json\/wp\/v2\/categories?post=108897"},{"taxonomy":"post_tag","embeddable":true,"href":"https:\/\/www.24gliwice.pl\/wiadomosci\/wp-json\/wp\/v2\/tags?post=108897"}],"curies":[{"name":"wp","href":"https:\/\/api.w.org\/{rel}","templated":true}]}}