{"id":108957,"date":"2017-12-08T19:37:14","date_gmt":"2017-12-08T18:37:14","guid":{"rendered":"http:\/\/www.24gliwice.pl\/wiadomosci\/?p=108957"},"modified":"2017-12-08T19:37:14","modified_gmt":"2017-12-08T18:37:14","slug":"jest-tylko-piec-takich-instrumentow-w-europie-i-jeden-w-polsce-muzyczny-podwieczorek-w-willi-caro","status":"publish","type":"post","link":"https:\/\/www.24gliwice.pl\/wiadomosci\/jest-tylko-piec-takich-instrumentow-w-europie-i-jeden-w-polsce-muzyczny-podwieczorek-w-willi-caro\/","title":{"rendered":"Jest tylko pi\u0119\u0107 takich instrument\u00f3w w Europie i jeden w Polsce. Muzyczny Podwieczorek w Willi Caro"},"content":{"rendered":"<div class=\"gliwi-a6-nad-leadem-artykulow gliwi-entity-placement\" id=\"gliwi-1378648431\"><div class=\"gliwi-adlabel\"><span style=\"font-size: 9px\">REKLAMA<\/span><\/div><div id=\"gliwi-33632256\" style=\"margin-bottom: 30px;margin-left: auto;margin-right: auto;text-align: center;\"><a data-no-instant=\"1\" href=\"https:\/\/przedszkole.halogen.org.pl\/\" rel=\"noopener\" class=\"a2t-link\" target=\"_blank\" aria-label=\"20260402-ANIMATOR-przedszkole_grafika_750x200\"><img loading=\"lazy\" decoding=\"async\" src=\"https:\/\/www.24gliwice.pl\/wiadomosci\/wp-content\/uploads\/2026\/04\/20260402-ANIMATOR-przedszkole_grafika_750x200.webp\" alt=\"\"  srcset=\"https:\/\/www.24gliwice.pl\/wiadomosci\/wp-content\/uploads\/2026\/04\/20260402-ANIMATOR-przedszkole_grafika_750x200.webp 750w, https:\/\/www.24gliwice.pl\/wiadomosci\/wp-content\/uploads\/2026\/04\/20260402-ANIMATOR-przedszkole_grafika_750x200-410x109.webp 410w\" sizes=\"(max-width: 750px) 100vw, 750px\" class=\"no-lazyload\" width=\"750\" height=\"200\"  style=\"display: inline-block; max-width: 100%; height: auto;\" \/><\/a><\/div><\/div><h3>Muzyka organowa kojarzy si\u0119 g\u0142\u00f3wnie z wn\u0119trzem ko\u015bcio\u0142a. Dawniej jednak rozbrzmiewa\u0142a r\u00f3wnie\u017c w pa\u0142acowych salach i zamo\u017cniejszych domach. By\u0142o to mo\u017cliwe dzi\u0119ki mniejszym przeno\u015bnym instrumentom, tzw. pozytywom.<\/h3>\n<p> Ich szczeg\u00f3ln\u0105 odmian\u0119 stanowi\u0142y organy skrzyniowe (Truhenorgel).<\/p>\n<p>Takich instrument\u00f3w jest dzisiaj ju\u017c bardzo ma\u0142o; w Europie zaledwie pi\u0119\u0107, a w Polsce jeden. Zosta\u0142 wykonany na wz\u00f3r instrument\u00f3w barokowych przez manufaktur\u0119 Johannesa Kirchera z Heidelberegu. Jego w\u0142a\u015bcicielem jest <strong>Dariusz Hajdukiewicz<\/strong> \u2013 organista, absolwent Akademii Muzycznej w Katowicach w klasie organ\u00f3w prof. <strong>Juliana Gembalskiego<\/strong>.<\/p><div class=\"gliwi-a3-w-tresci-artykulow gliwi-entity-placement\" id=\"gliwi-860039\"><div class=\"gliwi-adlabel\"><span style=\"font-size: 9px\">REKLAMA<\/span><\/div><div id=\"gliwi-1817490899\" style=\"margin-bottom: 30px;margin-left: auto;margin-right: auto;text-align: center;\"><a data-no-instant=\"1\" href=\"https:\/\/zlobek.halogen.org.pl\/\" rel=\"noopener\" class=\"a2t-link\" target=\"_blank\" aria-label=\"animator-zlobek_750x200\"><img loading=\"lazy\" decoding=\"async\" src=\"https:\/\/www.24gliwice.pl\/wiadomosci\/wp-content\/uploads\/2026\/02\/animator-zlobek_750x200.webp\" alt=\"\"  srcset=\"https:\/\/www.24gliwice.pl\/wiadomosci\/wp-content\/uploads\/2026\/02\/animator-zlobek_750x200.webp 750w, https:\/\/www.24gliwice.pl\/wiadomosci\/wp-content\/uploads\/2026\/02\/animator-zlobek_750x200-410x109.webp 410w\" sizes=\"(max-width: 750px) 100vw, 750px\" class=\"no-lazyload\" width=\"750\" height=\"200\"  style=\"display: inline-block; max-width: 100%; height: auto;\" \/><\/a><\/div><\/div>\n<p><iframe loading=\"lazy\" width=\"560\" height=\"315\" src=\"https:\/\/www.youtube.com\/embed\/CGF_BHfugZA?start=10\" frameborder=\"0\" gesture=\"media\" allow=\"encrypted-media\" allowfullscreen><\/iframe><\/p>\n<p>Uczestniczy\u0142 w kursach mistrzowskich prowadzonych przez takie s\u0142awy, jak <strong>Guy Bovet <\/strong>(Szwajcaria),<strong> Herbert Wulf<\/strong> (Niemcy) i <strong>Urlik Spang-Hanssen<\/strong> (Dania). Koncert opatrzony zosta\u0142 \u0142aci\u0144skim mianem \u201eFlorilegium musicum\u201d (\u201eflorilegium\u201d znaczy \u201ezbi\u00f3r kwiat\u00f3w\u201d), co sugeruje swego rodzaju antologi\u0119 czy zbi\u00f3r drobniejszych form muzycznych \u2013 w tym przypadku powsta\u0142ych na od XVI do XVIII wieku.<\/p>\n[perfectpullquote align=&#8221;full&#8221; cite=&#8221;&#8221; link=&#8221;&#8221; color=&#8221;&#8221; class=&#8221;&#8221; size=&#8221;&#8221;]Artysta zaprosi nas do wsp\u00f3lnej muzycznej podr\u00f3\u017cy po 12 krajach. [\/perfectpullquote]\n<p>W jej trakcie zaprezentuje utwory dawnych kompozytor\u00f3w pochodz\u0105cych zar\u00f3wno z o\u015bmiu kraj\u00f3w dzisiejszej Europy Zachodniej, jak i z kraj\u00f3w Europy \u015arodkowej: W\u0119gier, Chorwacji, Czech i Polski. To niew\u0105tpliwie rzadka okazja, aby podczas jednego koncertu us\u0142ysze\u0107 muzyk\u0119 barokow\u0105 w takiej r\u00f3\u017cnorodno\u015bci, a tak\u017ce pozna\u0107 kompozycje tw\u00f3rc\u00f3w mniej spopularyzowanych.<\/p>\n<p>Niedziela, 17 grudnia 2017, Willa Caro (ul. Dolnych Wa\u0142\u00f3w 8A), godzina 16:00<br \/>\nBilety w cenie <strong>16 z\u0142 i 12 z\u0142<\/strong> do nabycia od \u015brody 13 grudnia 2017 w Centrum Informacji Kulturalnej i Turystycznej (ul. Dolnych Wa\u0142\u00f3w 3, wt.-sob., godziny 10:00-18:00) oraz przed koncertem w Willi Caro.<\/p>\n<p>(\u017cms)\/Muzeum w Gliwicach<\/p>\n<div class=\"gliwi-a5-na-koncu-artykulow gliwi-entity-placement\" id=\"gliwi-3669737234\"><div class=\"gliwi-adlabel\"><span style=\"font-size: 9px\">REKLAMA<\/span><\/div><div id=\"gliwi-996680940\" style=\"margin-left: auto;margin-right: auto;text-align: center;\"><a data-no-instant=\"1\" href=\"https:\/\/prezeroarenagliwice.pl\/\" rel=\"noopener\" class=\"a2t-link\" target=\"_blank\" aria-label=\"20260309-PREZERO-WIOSNA-D\"><img loading=\"lazy\" decoding=\"async\" src=\"https:\/\/www.24gliwice.pl\/wiadomosci\/wp-content\/uploads\/2026\/03\/20260309-PREZERO-WIOSNA-D.webp\" alt=\"\"  srcset=\"https:\/\/www.24gliwice.pl\/wiadomosci\/wp-content\/uploads\/2026\/03\/20260309-PREZERO-WIOSNA-D.webp 750w, https:\/\/www.24gliwice.pl\/wiadomosci\/wp-content\/uploads\/2026\/03\/20260309-PREZERO-WIOSNA-D-410x109.webp 410w\" sizes=\"(max-width: 750px) 100vw, 750px\" class=\"no-lazyload\" width=\"750\" height=\"200\"  style=\"display: inline-block; max-width: 100%; height: auto;\" \/><\/a><\/div><\/div>","protected":false},"excerpt":{"rendered":"<p>Muzyka organowa kojarzy si\u0119 g\u0142\u00f3wnie z wn\u0119trzem ko\u015bcio\u0142a. Dawniej jednak rozbrzmiewa\u0142a r\u00f3wnie\u017c w pa\u0142acowych salach i zamo\u017cniejszych domach. By\u0142o to mo\u017cliwe dzi\u0119ki mniejszym przeno\u015bnym instrumentom, tzw. pozytywom. Ich szczeg\u00f3ln\u0105 odmian\u0119 stanowi\u0142y organy skrzyniowe (Truhenorgel). Takich instrument\u00f3w jest dzisiaj ju\u017c bardzo ma\u0142o; w Europie zaledwie pi\u0119\u0107, a w Polsce jeden. Zosta\u0142 wykonany na wz\u00f3r instrument\u00f3w barokowych [&hellip;]<\/p>\n","protected":false},"author":15,"featured_media":108962,"comment_status":"open","ping_status":"closed","sticky":false,"template":"","format":"standard","meta":{"_monsterinsights_skip_tracking":false,"_monsterinsights_sitenote_active":false,"_monsterinsights_sitenote_note":"","_monsterinsights_sitenote_category":0,"footnotes":"","_links_to":"","_links_to_target":""},"categories":[3,6,1],"tags":[985,10920,210],"class_list":["post-108957","post","type-post","status-publish","format-standard","has-post-thumbnail","hentry","category-gliwice","category-kultura","category-wszystko","tag-koncert","tag-muzyczny-podwieczorek","tag-willa-caro"],"yoast_head":"<!-- This site is optimized with the Yoast SEO plugin v27.5 - https:\/\/yoast.com\/product\/yoast-seo-wordpress\/ -->\n<title>Jest tylko pi\u0119\u0107 takich instrument\u00f3w w Europie i jeden w Polsce. Muzyczny Podwieczorek w Willi Caro - 24GLIWICE - Portal Gliwice | codziennie nowe informacje<\/title>\n<meta name=\"robots\" content=\"index, follow, max-snippet:-1, max-image-preview:large, max-video-preview:-1\" \/>\n<link rel=\"canonical\" href=\"https:\/\/www.24gliwice.pl\/wiadomosci\/jest-tylko-piec-takich-instrumentow-w-europie-i-jeden-w-polsce-muzyczny-podwieczorek-w-willi-caro\/\" \/>\n<meta property=\"og:locale\" content=\"pl_PL\" \/>\n<meta property=\"og:type\" content=\"article\" \/>\n<meta property=\"og:title\" content=\"Jest tylko pi\u0119\u0107 takich instrument\u00f3w w Europie i jeden w Polsce. Muzyczny Podwieczorek w Willi Caro - 24GLIWICE - Portal Gliwice | codziennie nowe informacje\" \/>\n<meta property=\"og:description\" content=\"Muzyka organowa kojarzy si\u0119 g\u0142\u00f3wnie z wn\u0119trzem ko\u015bcio\u0142a. Dawniej jednak rozbrzmiewa\u0142a r\u00f3wnie\u017c w pa\u0142acowych salach i zamo\u017cniejszych domach. By\u0142o to mo\u017cliwe dzi\u0119ki mniejszym przeno\u015bnym instrumentom, tzw. pozytywom. Ich szczeg\u00f3ln\u0105 odmian\u0119 stanowi\u0142y organy skrzyniowe (Truhenorgel). Takich instrument\u00f3w jest dzisiaj ju\u017c bardzo ma\u0142o; w Europie zaledwie pi\u0119\u0107, a w Polsce jeden. Zosta\u0142 wykonany na wz\u00f3r instrument\u00f3w barokowych [&hellip;]\" \/>\n<meta property=\"og:url\" content=\"https:\/\/www.24gliwice.pl\/wiadomosci\/jest-tylko-piec-takich-instrumentow-w-europie-i-jeden-w-polsce-muzyczny-podwieczorek-w-willi-caro\/\" \/>\n<meta property=\"og:site_name\" content=\"24GLIWICE - Portal Gliwice | codziennie nowe informacje\" \/>\n<meta property=\"article:publisher\" content=\"https:\/\/www.facebook.com\/24gliwice\" \/>\n<meta property=\"article:published_time\" content=\"2017-12-08T18:37:14+00:00\" \/>\n<meta property=\"og:image\" content=\"https:\/\/www.24gliwice.pl\/wiadomosci\/wp-content\/uploads\/2017\/12\/muzyczny-podwieczorek-1-e1512734208469.jpg\" \/>\n\t<meta property=\"og:image:width\" content=\"810\" \/>\n\t<meta property=\"og:image:height\" content=\"455\" \/>\n\t<meta property=\"og:image:type\" content=\"image\/jpeg\" \/>\n<meta name=\"author\" content=\"\u017baneta Mrozek-Siewierska\" \/>\n<meta name=\"twitter:card\" content=\"summary_large_image\" \/>\n<meta name=\"twitter:creator\" content=\"@24gliwice\" \/>\n<meta name=\"twitter:site\" content=\"@24gliwice\" \/>\n<meta name=\"twitter:label1\" content=\"Napisane przez\" \/>\n\t<meta name=\"twitter:data1\" content=\"\u017baneta Mrozek-Siewierska\" \/>\n\t<meta name=\"twitter:label2\" content=\"Szacowany czas czytania\" \/>\n\t<meta name=\"twitter:data2\" content=\"1 minuta\" \/>\n<script type=\"application\/ld+json\" class=\"yoast-schema-graph\">{\"@context\":\"https:\\\/\\\/schema.org\",\"@graph\":[{\"@type\":\"Article\",\"@id\":\"https:\\\/\\\/www.24gliwice.pl\\\/wiadomosci\\\/jest-tylko-piec-takich-instrumentow-w-europie-i-jeden-w-polsce-muzyczny-podwieczorek-w-willi-caro\\\/#article\",\"isPartOf\":{\"@id\":\"https:\\\/\\\/www.24gliwice.pl\\\/wiadomosci\\\/jest-tylko-piec-takich-instrumentow-w-europie-i-jeden-w-polsce-muzyczny-podwieczorek-w-willi-caro\\\/\"},\"author\":{\"name\":\"\u017baneta Mrozek-Siewierska\",\"@id\":\"https:\\\/\\\/www.24gliwice.pl\\\/wiadomosci\\\/#\\\/schema\\\/person\\\/e42c650edd7f2fa332be3811fb166b6e\"},\"headline\":\"Jest tylko pi\u0119\u0107 takich instrument\u00f3w w Europie i jeden w Polsce. Muzyczny Podwieczorek w Willi Caro\",\"datePublished\":\"2017-12-08T18:37:14+00:00\",\"mainEntityOfPage\":{\"@id\":\"https:\\\/\\\/www.24gliwice.pl\\\/wiadomosci\\\/jest-tylko-piec-takich-instrumentow-w-europie-i-jeden-w-polsce-muzyczny-podwieczorek-w-willi-caro\\\/\"},\"wordCount\":298,\"commentCount\":0,\"publisher\":{\"@id\":\"https:\\\/\\\/www.24gliwice.pl\\\/wiadomosci\\\/#organization\"},\"image\":{\"@id\":\"https:\\\/\\\/www.24gliwice.pl\\\/wiadomosci\\\/jest-tylko-piec-takich-instrumentow-w-europie-i-jeden-w-polsce-muzyczny-podwieczorek-w-willi-caro\\\/#primaryimage\"},\"thumbnailUrl\":\"https:\\\/\\\/www.24gliwice.pl\\\/wiadomosci\\\/wp-content\\\/uploads\\\/2017\\\/12\\\/muzyczny-podwieczorek-1-e1512734208469.jpg\",\"keywords\":[\"KONCERT\",\"muzyczny podwieczorek\",\"WILLA CARO\"],\"articleSection\":[\"Gliwice\",\"Kultura, wydarzenia, imprezy\",\"Najnowsze wiadomo\u015bci\"],\"inLanguage\":\"pl-PL\",\"potentialAction\":[{\"@type\":\"CommentAction\",\"name\":\"Comment\",\"target\":[\"https:\\\/\\\/www.24gliwice.pl\\\/wiadomosci\\\/jest-tylko-piec-takich-instrumentow-w-europie-i-jeden-w-polsce-muzyczny-podwieczorek-w-willi-caro\\\/#respond\"]}]},{\"@type\":\"WebPage\",\"@id\":\"https:\\\/\\\/www.24gliwice.pl\\\/wiadomosci\\\/jest-tylko-piec-takich-instrumentow-w-europie-i-jeden-w-polsce-muzyczny-podwieczorek-w-willi-caro\\\/\",\"url\":\"https:\\\/\\\/www.24gliwice.pl\\\/wiadomosci\\\/jest-tylko-piec-takich-instrumentow-w-europie-i-jeden-w-polsce-muzyczny-podwieczorek-w-willi-caro\\\/\",\"name\":\"Jest tylko pi\u0119\u0107 takich instrument\u00f3w w Europie i jeden w Polsce. Muzyczny Podwieczorek w Willi Caro - 24GLIWICE - Portal Gliwice | codziennie nowe informacje\",\"isPartOf\":{\"@id\":\"https:\\\/\\\/www.24gliwice.pl\\\/wiadomosci\\\/#website\"},\"primaryImageOfPage\":{\"@id\":\"https:\\\/\\\/www.24gliwice.pl\\\/wiadomosci\\\/jest-tylko-piec-takich-instrumentow-w-europie-i-jeden-w-polsce-muzyczny-podwieczorek-w-willi-caro\\\/#primaryimage\"},\"image\":{\"@id\":\"https:\\\/\\\/www.24gliwice.pl\\\/wiadomosci\\\/jest-tylko-piec-takich-instrumentow-w-europie-i-jeden-w-polsce-muzyczny-podwieczorek-w-willi-caro\\\/#primaryimage\"},\"thumbnailUrl\":\"https:\\\/\\\/www.24gliwice.pl\\\/wiadomosci\\\/wp-content\\\/uploads\\\/2017\\\/12\\\/muzyczny-podwieczorek-1-e1512734208469.jpg\",\"datePublished\":\"2017-12-08T18:37:14+00:00\",\"breadcrumb\":{\"@id\":\"https:\\\/\\\/www.24gliwice.pl\\\/wiadomosci\\\/jest-tylko-piec-takich-instrumentow-w-europie-i-jeden-w-polsce-muzyczny-podwieczorek-w-willi-caro\\\/#breadcrumb\"},\"inLanguage\":\"pl-PL\",\"potentialAction\":[{\"@type\":\"ReadAction\",\"target\":[\"https:\\\/\\\/www.24gliwice.pl\\\/wiadomosci\\\/jest-tylko-piec-takich-instrumentow-w-europie-i-jeden-w-polsce-muzyczny-podwieczorek-w-willi-caro\\\/\"]}]},{\"@type\":\"ImageObject\",\"inLanguage\":\"pl-PL\",\"@id\":\"https:\\\/\\\/www.24gliwice.pl\\\/wiadomosci\\\/jest-tylko-piec-takich-instrumentow-w-europie-i-jeden-w-polsce-muzyczny-podwieczorek-w-willi-caro\\\/#primaryimage\",\"url\":\"https:\\\/\\\/www.24gliwice.pl\\\/wiadomosci\\\/wp-content\\\/uploads\\\/2017\\\/12\\\/muzyczny-podwieczorek-1-e1512734208469.jpg\",\"contentUrl\":\"https:\\\/\\\/www.24gliwice.pl\\\/wiadomosci\\\/wp-content\\\/uploads\\\/2017\\\/12\\\/muzyczny-podwieczorek-1-e1512734208469.jpg\",\"width\":810,\"height\":455},{\"@type\":\"BreadcrumbList\",\"@id\":\"https:\\\/\\\/www.24gliwice.pl\\\/wiadomosci\\\/jest-tylko-piec-takich-instrumentow-w-europie-i-jeden-w-polsce-muzyczny-podwieczorek-w-willi-caro\\\/#breadcrumb\",\"itemListElement\":[{\"@type\":\"ListItem\",\"position\":1,\"name\":\"Strona g\u0142\u00f3wna\",\"item\":\"https:\\\/\\\/www.24gliwice.pl\\\/wiadomosci\\\/\"},{\"@type\":\"ListItem\",\"position\":2,\"name\":\"Jest tylko pi\u0119\u0107 takich instrument\u00f3w w Europie i jeden w Polsce. Muzyczny Podwieczorek w Willi Caro\"}]},{\"@type\":\"WebSite\",\"@id\":\"https:\\\/\\\/www.24gliwice.pl\\\/wiadomosci\\\/#website\",\"url\":\"https:\\\/\\\/www.24gliwice.pl\\\/wiadomosci\\\/\",\"name\":\"24GLIWICE - Portal Gliwice | codziennie nowe wiadomo\u015bci\",\"description\":\"Portal Miejski Gliwice\",\"publisher\":{\"@id\":\"https:\\\/\\\/www.24gliwice.pl\\\/wiadomosci\\\/#organization\"},\"potentialAction\":[{\"@type\":\"SearchAction\",\"target\":{\"@type\":\"EntryPoint\",\"urlTemplate\":\"https:\\\/\\\/www.24gliwice.pl\\\/wiadomosci\\\/?s={search_term_string}\"},\"query-input\":{\"@type\":\"PropertyValueSpecification\",\"valueRequired\":true,\"valueName\":\"search_term_string\"}}],\"inLanguage\":\"pl-PL\"},{\"@type\":\"Organization\",\"@id\":\"https:\\\/\\\/www.24gliwice.pl\\\/wiadomosci\\\/#organization\",\"name\":\"24gliwice\",\"url\":\"https:\\\/\\\/www.24gliwice.pl\\\/wiadomosci\\\/\",\"logo\":{\"@type\":\"ImageObject\",\"inLanguage\":\"pl-PL\",\"@id\":\"https:\\\/\\\/www.24gliwice.pl\\\/wiadomosci\\\/#\\\/schema\\\/logo\\\/image\\\/\",\"url\":\"https:\\\/\\\/www.24gliwice.pl\\\/wiadomosci\\\/wp-content\\\/uploads\\\/2024\\\/10\\\/24gliwice-logo-696.jpg\",\"contentUrl\":\"https:\\\/\\\/www.24gliwice.pl\\\/wiadomosci\\\/wp-content\\\/uploads\\\/2024\\\/10\\\/24gliwice-logo-696.jpg\",\"width\":696,\"height\":696,\"caption\":\"24gliwice\"},\"image\":{\"@id\":\"https:\\\/\\\/www.24gliwice.pl\\\/wiadomosci\\\/#\\\/schema\\\/logo\\\/image\\\/\"},\"sameAs\":[\"https:\\\/\\\/www.facebook.com\\\/24gliwice\",\"https:\\\/\\\/x.com\\\/24gliwice\",\"https:\\\/\\\/www.youtube.com\\\/@24gliwice\"]},{\"@type\":\"Person\",\"@id\":\"https:\\\/\\\/www.24gliwice.pl\\\/wiadomosci\\\/#\\\/schema\\\/person\\\/e42c650edd7f2fa332be3811fb166b6e\",\"name\":\"\u017baneta Mrozek-Siewierska\",\"image\":{\"@type\":\"ImageObject\",\"inLanguage\":\"pl-PL\",\"@id\":\"https:\\\/\\\/secure.gravatar.com\\\/avatar\\\/1881429e9c64597c77ad7aef2d0a19be69a3253e57534d16aa15bf3a4d34a0a3?s=96&d=mm&r=g\",\"url\":\"https:\\\/\\\/secure.gravatar.com\\\/avatar\\\/1881429e9c64597c77ad7aef2d0a19be69a3253e57534d16aa15bf3a4d34a0a3?s=96&d=mm&r=g\",\"contentUrl\":\"https:\\\/\\\/secure.gravatar.com\\\/avatar\\\/1881429e9c64597c77ad7aef2d0a19be69a3253e57534d16aa15bf3a4d34a0a3?s=96&d=mm&r=g\",\"caption\":\"\u017baneta Mrozek-Siewierska\"},\"url\":\"https:\\\/\\\/www.24gliwice.pl\\\/wiadomosci\\\/author\\\/zms\\\/\"}]}<\/script>\n<!-- \/ Yoast SEO plugin. -->","yoast_head_json":{"title":"Jest tylko pi\u0119\u0107 takich instrument\u00f3w w Europie i jeden w Polsce. Muzyczny Podwieczorek w Willi Caro - 24GLIWICE - Portal Gliwice | codziennie nowe informacje","robots":{"index":"index","follow":"follow","max-snippet":"max-snippet:-1","max-image-preview":"max-image-preview:large","max-video-preview":"max-video-preview:-1"},"canonical":"https:\/\/www.24gliwice.pl\/wiadomosci\/jest-tylko-piec-takich-instrumentow-w-europie-i-jeden-w-polsce-muzyczny-podwieczorek-w-willi-caro\/","og_locale":"pl_PL","og_type":"article","og_title":"Jest tylko pi\u0119\u0107 takich instrument\u00f3w w Europie i jeden w Polsce. Muzyczny Podwieczorek w Willi Caro - 24GLIWICE - Portal Gliwice | codziennie nowe informacje","og_description":"Muzyka organowa kojarzy si\u0119 g\u0142\u00f3wnie z wn\u0119trzem ko\u015bcio\u0142a. Dawniej jednak rozbrzmiewa\u0142a r\u00f3wnie\u017c w pa\u0142acowych salach i zamo\u017cniejszych domach. By\u0142o to mo\u017cliwe dzi\u0119ki mniejszym przeno\u015bnym instrumentom, tzw. pozytywom. Ich szczeg\u00f3ln\u0105 odmian\u0119 stanowi\u0142y organy skrzyniowe (Truhenorgel). Takich instrument\u00f3w jest dzisiaj ju\u017c bardzo ma\u0142o; w Europie zaledwie pi\u0119\u0107, a w Polsce jeden. Zosta\u0142 wykonany na wz\u00f3r instrument\u00f3w barokowych [&hellip;]","og_url":"https:\/\/www.24gliwice.pl\/wiadomosci\/jest-tylko-piec-takich-instrumentow-w-europie-i-jeden-w-polsce-muzyczny-podwieczorek-w-willi-caro\/","og_site_name":"24GLIWICE - Portal Gliwice | codziennie nowe informacje","article_publisher":"https:\/\/www.facebook.com\/24gliwice","article_published_time":"2017-12-08T18:37:14+00:00","og_image":[{"width":810,"height":455,"url":"https:\/\/www.24gliwice.pl\/wiadomosci\/wp-content\/uploads\/2017\/12\/muzyczny-podwieczorek-1-e1512734208469.jpg","type":"image\/jpeg"}],"author":"\u017baneta Mrozek-Siewierska","twitter_card":"summary_large_image","twitter_creator":"@24gliwice","twitter_site":"@24gliwice","twitter_misc":{"Napisane przez":"\u017baneta Mrozek-Siewierska","Szacowany czas czytania":"1 minuta"},"schema":{"@context":"https:\/\/schema.org","@graph":[{"@type":"Article","@id":"https:\/\/www.24gliwice.pl\/wiadomosci\/jest-tylko-piec-takich-instrumentow-w-europie-i-jeden-w-polsce-muzyczny-podwieczorek-w-willi-caro\/#article","isPartOf":{"@id":"https:\/\/www.24gliwice.pl\/wiadomosci\/jest-tylko-piec-takich-instrumentow-w-europie-i-jeden-w-polsce-muzyczny-podwieczorek-w-willi-caro\/"},"author":{"name":"\u017baneta Mrozek-Siewierska","@id":"https:\/\/www.24gliwice.pl\/wiadomosci\/#\/schema\/person\/e42c650edd7f2fa332be3811fb166b6e"},"headline":"Jest tylko pi\u0119\u0107 takich instrument\u00f3w w Europie i jeden w Polsce. Muzyczny Podwieczorek w Willi Caro","datePublished":"2017-12-08T18:37:14+00:00","mainEntityOfPage":{"@id":"https:\/\/www.24gliwice.pl\/wiadomosci\/jest-tylko-piec-takich-instrumentow-w-europie-i-jeden-w-polsce-muzyczny-podwieczorek-w-willi-caro\/"},"wordCount":298,"commentCount":0,"publisher":{"@id":"https:\/\/www.24gliwice.pl\/wiadomosci\/#organization"},"image":{"@id":"https:\/\/www.24gliwice.pl\/wiadomosci\/jest-tylko-piec-takich-instrumentow-w-europie-i-jeden-w-polsce-muzyczny-podwieczorek-w-willi-caro\/#primaryimage"},"thumbnailUrl":"https:\/\/www.24gliwice.pl\/wiadomosci\/wp-content\/uploads\/2017\/12\/muzyczny-podwieczorek-1-e1512734208469.jpg","keywords":["KONCERT","muzyczny podwieczorek","WILLA CARO"],"articleSection":["Gliwice","Kultura, wydarzenia, imprezy","Najnowsze wiadomo\u015bci"],"inLanguage":"pl-PL","potentialAction":[{"@type":"CommentAction","name":"Comment","target":["https:\/\/www.24gliwice.pl\/wiadomosci\/jest-tylko-piec-takich-instrumentow-w-europie-i-jeden-w-polsce-muzyczny-podwieczorek-w-willi-caro\/#respond"]}]},{"@type":"WebPage","@id":"https:\/\/www.24gliwice.pl\/wiadomosci\/jest-tylko-piec-takich-instrumentow-w-europie-i-jeden-w-polsce-muzyczny-podwieczorek-w-willi-caro\/","url":"https:\/\/www.24gliwice.pl\/wiadomosci\/jest-tylko-piec-takich-instrumentow-w-europie-i-jeden-w-polsce-muzyczny-podwieczorek-w-willi-caro\/","name":"Jest tylko pi\u0119\u0107 takich instrument\u00f3w w Europie i jeden w Polsce. Muzyczny Podwieczorek w Willi Caro - 24GLIWICE - Portal Gliwice | codziennie nowe informacje","isPartOf":{"@id":"https:\/\/www.24gliwice.pl\/wiadomosci\/#website"},"primaryImageOfPage":{"@id":"https:\/\/www.24gliwice.pl\/wiadomosci\/jest-tylko-piec-takich-instrumentow-w-europie-i-jeden-w-polsce-muzyczny-podwieczorek-w-willi-caro\/#primaryimage"},"image":{"@id":"https:\/\/www.24gliwice.pl\/wiadomosci\/jest-tylko-piec-takich-instrumentow-w-europie-i-jeden-w-polsce-muzyczny-podwieczorek-w-willi-caro\/#primaryimage"},"thumbnailUrl":"https:\/\/www.24gliwice.pl\/wiadomosci\/wp-content\/uploads\/2017\/12\/muzyczny-podwieczorek-1-e1512734208469.jpg","datePublished":"2017-12-08T18:37:14+00:00","breadcrumb":{"@id":"https:\/\/www.24gliwice.pl\/wiadomosci\/jest-tylko-piec-takich-instrumentow-w-europie-i-jeden-w-polsce-muzyczny-podwieczorek-w-willi-caro\/#breadcrumb"},"inLanguage":"pl-PL","potentialAction":[{"@type":"ReadAction","target":["https:\/\/www.24gliwice.pl\/wiadomosci\/jest-tylko-piec-takich-instrumentow-w-europie-i-jeden-w-polsce-muzyczny-podwieczorek-w-willi-caro\/"]}]},{"@type":"ImageObject","inLanguage":"pl-PL","@id":"https:\/\/www.24gliwice.pl\/wiadomosci\/jest-tylko-piec-takich-instrumentow-w-europie-i-jeden-w-polsce-muzyczny-podwieczorek-w-willi-caro\/#primaryimage","url":"https:\/\/www.24gliwice.pl\/wiadomosci\/wp-content\/uploads\/2017\/12\/muzyczny-podwieczorek-1-e1512734208469.jpg","contentUrl":"https:\/\/www.24gliwice.pl\/wiadomosci\/wp-content\/uploads\/2017\/12\/muzyczny-podwieczorek-1-e1512734208469.jpg","width":810,"height":455},{"@type":"BreadcrumbList","@id":"https:\/\/www.24gliwice.pl\/wiadomosci\/jest-tylko-piec-takich-instrumentow-w-europie-i-jeden-w-polsce-muzyczny-podwieczorek-w-willi-caro\/#breadcrumb","itemListElement":[{"@type":"ListItem","position":1,"name":"Strona g\u0142\u00f3wna","item":"https:\/\/www.24gliwice.pl\/wiadomosci\/"},{"@type":"ListItem","position":2,"name":"Jest tylko pi\u0119\u0107 takich instrument\u00f3w w Europie i jeden w Polsce. Muzyczny Podwieczorek w Willi Caro"}]},{"@type":"WebSite","@id":"https:\/\/www.24gliwice.pl\/wiadomosci\/#website","url":"https:\/\/www.24gliwice.pl\/wiadomosci\/","name":"24GLIWICE - Portal Gliwice | codziennie nowe wiadomo\u015bci","description":"Portal Miejski Gliwice","publisher":{"@id":"https:\/\/www.24gliwice.pl\/wiadomosci\/#organization"},"potentialAction":[{"@type":"SearchAction","target":{"@type":"EntryPoint","urlTemplate":"https:\/\/www.24gliwice.pl\/wiadomosci\/?s={search_term_string}"},"query-input":{"@type":"PropertyValueSpecification","valueRequired":true,"valueName":"search_term_string"}}],"inLanguage":"pl-PL"},{"@type":"Organization","@id":"https:\/\/www.24gliwice.pl\/wiadomosci\/#organization","name":"24gliwice","url":"https:\/\/www.24gliwice.pl\/wiadomosci\/","logo":{"@type":"ImageObject","inLanguage":"pl-PL","@id":"https:\/\/www.24gliwice.pl\/wiadomosci\/#\/schema\/logo\/image\/","url":"https:\/\/www.24gliwice.pl\/wiadomosci\/wp-content\/uploads\/2024\/10\/24gliwice-logo-696.jpg","contentUrl":"https:\/\/www.24gliwice.pl\/wiadomosci\/wp-content\/uploads\/2024\/10\/24gliwice-logo-696.jpg","width":696,"height":696,"caption":"24gliwice"},"image":{"@id":"https:\/\/www.24gliwice.pl\/wiadomosci\/#\/schema\/logo\/image\/"},"sameAs":["https:\/\/www.facebook.com\/24gliwice","https:\/\/x.com\/24gliwice","https:\/\/www.youtube.com\/@24gliwice"]},{"@type":"Person","@id":"https:\/\/www.24gliwice.pl\/wiadomosci\/#\/schema\/person\/e42c650edd7f2fa332be3811fb166b6e","name":"\u017baneta Mrozek-Siewierska","image":{"@type":"ImageObject","inLanguage":"pl-PL","@id":"https:\/\/secure.gravatar.com\/avatar\/1881429e9c64597c77ad7aef2d0a19be69a3253e57534d16aa15bf3a4d34a0a3?s=96&d=mm&r=g","url":"https:\/\/secure.gravatar.com\/avatar\/1881429e9c64597c77ad7aef2d0a19be69a3253e57534d16aa15bf3a4d34a0a3?s=96&d=mm&r=g","contentUrl":"https:\/\/secure.gravatar.com\/avatar\/1881429e9c64597c77ad7aef2d0a19be69a3253e57534d16aa15bf3a4d34a0a3?s=96&d=mm&r=g","caption":"\u017baneta Mrozek-Siewierska"},"url":"https:\/\/www.24gliwice.pl\/wiadomosci\/author\/zms\/"}]}},"_links":{"self":[{"href":"https:\/\/www.24gliwice.pl\/wiadomosci\/wp-json\/wp\/v2\/posts\/108957","targetHints":{"allow":["GET"]}}],"collection":[{"href":"https:\/\/www.24gliwice.pl\/wiadomosci\/wp-json\/wp\/v2\/posts"}],"about":[{"href":"https:\/\/www.24gliwice.pl\/wiadomosci\/wp-json\/wp\/v2\/types\/post"}],"author":[{"embeddable":true,"href":"https:\/\/www.24gliwice.pl\/wiadomosci\/wp-json\/wp\/v2\/users\/15"}],"replies":[{"embeddable":true,"href":"https:\/\/www.24gliwice.pl\/wiadomosci\/wp-json\/wp\/v2\/comments?post=108957"}],"version-history":[{"count":0,"href":"https:\/\/www.24gliwice.pl\/wiadomosci\/wp-json\/wp\/v2\/posts\/108957\/revisions"}],"wp:featuredmedia":[{"embeddable":true,"href":"https:\/\/www.24gliwice.pl\/wiadomosci\/wp-json\/wp\/v2\/media\/108962"}],"wp:attachment":[{"href":"https:\/\/www.24gliwice.pl\/wiadomosci\/wp-json\/wp\/v2\/media?parent=108957"}],"wp:term":[{"taxonomy":"category","embeddable":true,"href":"https:\/\/www.24gliwice.pl\/wiadomosci\/wp-json\/wp\/v2\/categories?post=108957"},{"taxonomy":"post_tag","embeddable":true,"href":"https:\/\/www.24gliwice.pl\/wiadomosci\/wp-json\/wp\/v2\/tags?post=108957"}],"curies":[{"name":"wp","href":"https:\/\/api.w.org\/{rel}","templated":true}]}}