{"id":109022,"date":"2017-12-11T12:25:00","date_gmt":"2017-12-11T11:25:00","guid":{"rendered":"http:\/\/www.24gliwice.pl\/wiadomosci\/?p=109022"},"modified":"2017-12-11T13:37:06","modified_gmt":"2017-12-11T12:37:06","slug":"epidemia-zoltaczki-na-slasku-gliwice-wsrod-miast-zagrozonych","status":"publish","type":"post","link":"https:\/\/www.24gliwice.pl\/wiadomosci\/epidemia-zoltaczki-na-slasku-gliwice-wsrod-miast-zagrozonych\/","title":{"rendered":"Epidemia \u017c\u00f3\u0142taczki na \u015al\u0105sku. Gliwice w\u015br\u00f3d miast zagro\u017conych"},"content":{"rendered":"<div class=\"gliwi-a6-nad-leadem-artykulow gliwi-entity-placement\" id=\"gliwi-267790611\"><div class=\"gliwi-adlabel\"><span style=\"font-size: 9px\">REKLAMA<\/span><\/div><div id=\"gliwi-1485938840\" style=\"margin-bottom: 30px;margin-left: auto;margin-right: auto;text-align: center;\"><a data-no-instant=\"1\" href=\"https:\/\/przedszkole.halogen.org.pl\/\" rel=\"noopener\" class=\"a2t-link\" target=\"_blank\" aria-label=\"20260402-ANIMATOR-przedszkole_grafika_750x200\"><img loading=\"lazy\" decoding=\"async\" src=\"https:\/\/www.24gliwice.pl\/wiadomosci\/wp-content\/uploads\/2026\/04\/20260402-ANIMATOR-przedszkole_grafika_750x200.webp\" alt=\"\"  srcset=\"https:\/\/www.24gliwice.pl\/wiadomosci\/wp-content\/uploads\/2026\/04\/20260402-ANIMATOR-przedszkole_grafika_750x200.webp 750w, https:\/\/www.24gliwice.pl\/wiadomosci\/wp-content\/uploads\/2026\/04\/20260402-ANIMATOR-przedszkole_grafika_750x200-410x109.webp 410w\" sizes=\"(max-width: 750px) 100vw, 750px\" class=\"no-lazyload\" width=\"750\" height=\"200\"  style=\"display: inline-block; max-width: 100%; height: auto;\" \/><\/a><\/div><\/div><h3>Na \u015al\u0105sku nast\u0105pi\u0142 dynamiczny wzrost zachorowa\u0144 na wirusowe zapalenia w\u0105troby typu A &#8211; informuje wojew\u00f3dzki Sanepid.<\/h3>\n<p> Na terenie nadzorowanym przez gliwickich Powiatowych Inspektor\u00f3w Sanitarnych, wykryto 23 przypadki choroby. <\/p>\n<p>W wojew\u00f3dztwie \u015bl\u0105skim do grudnia 2017 roku na WZW A zachorowa\u0142o 438 os\u00f3b. Dla por\u00f3wnania w ca\u0142ym 2016 roku odnotowano zaledwie 3 takie przypadki (w 2015 roku &#8211; 7, a w 2014 &#8211; 9). Cho\u0107 skala epidemii szczeg\u00f3lnie zauwa\u017calna jest w wojew\u00f3dztwie \u015bl\u0105skim, choroba rozprzestrzenia si\u0119 w ca\u0142ym kraju.<\/p><div class=\"gliwi-a3-w-tresci-artykulow gliwi-entity-placement\" id=\"gliwi-1175547578\"><div class=\"gliwi-adlabel\"><span style=\"font-size: 9px\">REKLAMA<\/span><\/div><div id=\"gliwi-300905447\" style=\"margin-bottom: 30px;margin-left: auto;margin-right: auto;text-align: center;\"><a data-no-instant=\"1\" href=\"https:\/\/zlobek.halogen.org.pl\/\" rel=\"noopener\" class=\"a2t-link\" target=\"_blank\" aria-label=\"animator-zlobek_750x200\"><img loading=\"lazy\" decoding=\"async\" src=\"https:\/\/www.24gliwice.pl\/wiadomosci\/wp-content\/uploads\/2026\/02\/animator-zlobek_750x200.webp\" alt=\"\"  srcset=\"https:\/\/www.24gliwice.pl\/wiadomosci\/wp-content\/uploads\/2026\/02\/animator-zlobek_750x200.webp 750w, https:\/\/www.24gliwice.pl\/wiadomosci\/wp-content\/uploads\/2026\/02\/animator-zlobek_750x200-410x109.webp 410w\" sizes=\"(max-width: 750px) 100vw, 750px\" class=\"no-lazyload\" width=\"750\" height=\"200\"  style=\"display: inline-block; max-width: 100%; height: auto;\" \/><\/a><\/div><\/div>\n<p>&#8211; Na terenie Polski w okresie  od 1 stycznia do 30 listopada 2017 r. odnotowano 2644 przypadki WZW A. Dla por\u00f3wnania w analogicznym okresie w 2016 roku by\u0142y to 33 przypadki &#8211; czytamy w komunikacie Wojew\u00f3dzkiej Stacji Sanitarno-Epidemiologicznej w Katowicach.<\/p>\n<p>W regionie najwi\u0119cej przypadk\u00f3w WZW A wykryto w Sosnowcu (196) i D\u0105browie G\u00f3rniczej (45). Kolejne na li\u015bcie s\u0105 Katowice (29), Bytom (27) i Gliwice (23). Warto jednak zauwa\u017cy\u0107, \u017ce dane podawane przez sanepid obejmuj\u0105 zasi\u0119g poszczeg\u00f3lnych Pa\u0144stwowych Powiatowych Inspektor\u00f3w Sanitarnych. W wynikach dla Gliwic uwzgl\u0119dnione jest wi\u0119c te\u017c m.in. Zabrze i Knur\u00f3w. <\/p>\n<p><H4>JAK MO\u017bE DOJ\u015a\u0106 DO ZAKA\u017bENIA?<\/H4><\/p>\n<p>Wirusowe zapalenie w\u0105troby typu A (potocznie zwane \u017c\u00f3\u0142taczk\u0105 pokarmow\u0105 lub chorob\u0105 brudnych r\u0105k) jest schorzeniem wywo\u0142ywanym przez wirus A zapalenia w\u0105troby (HAV). <\/p>\n<p>Do zaka\u017cenia mo\u017ce doj\u015b\u0107 poprzez:<\/p>\n<p>\u208b spo\u017cycie ska\u017conego po\u017cywienia (np. nieumytych owoc\u00f3w) lub ska\u017conej wody (podstawowa droga),<\/p>\n<p>\u208b kontakt bezpo\u015bredni z zaka\u017conym cz\u0142owiekiem (np. przeniesienie wirusa poprzez nieumyte po wyj\u015bciu z toalety r\u0119ce),<\/p>\n<p>\u208b kontakty seksualne (nie tylko analne), w tym przez bezpo\u015bredni kontakt oralno\u2013analny, jak i poprzez kontakt oralny z cz\u0119\u015bciami cia\u0142a oraz powierzchniami, na kt\u00f3rych znajduje si\u0119 wirus.<\/p>\n<p><H4>JAK ZAPOBIEGA\u0106?<\/H4><\/p>\n<p>Podstaw\u0105 w zapobieganiu zaka\u017ceniom jest przestrzeganie zasad higieny, tak\u017ce przy przygotowywaniu i spo\u017cywaniu posi\u0142k\u00f3w. Brak jest specyficznego leczenia. Dost\u0119pna jest natomiast skuteczna szczepionka, kt\u00f3ra zgodnie z obowi\u0105zuj\u0105cym Programem Szczepie\u0144 Ochronnych zalecana jest:<\/p>\n<p>\u208b osobom  wyje\u017cd\u017caj\u0105cym do kraj\u00f3w  o wysokiej i  po\u015bredniej endemiczno\u015bci zachorowa\u0144 na WZW typu A<\/p>\n<p>\u208b osobom zatrudnionym przy produkcji i dystrybucji \u017cywno\u015bci, usuwaniu odpad\u00f3w komunalnych i p\u0142ynnych nieczysto\u015bci oraz przy konserwacji urz\u0105dze\u0144 s\u0142u\u017c\u0105cych temu celowi dzieciom w wieku przedszkolnym, szkolnym oraz m\u0142odzie\u017cy, kt\u00f3re nie chorowa\u0142y na WZW typu A.<br \/>\n(msz\/WSSE)<\/p>\n<div class=\"gliwi-a5-na-koncu-artykulow gliwi-entity-placement\" id=\"gliwi-411428392\"><div class=\"gliwi-adlabel\"><span style=\"font-size: 9px\">REKLAMA<\/span><\/div><div id=\"gliwi-2074902323\" style=\"margin-left: auto;margin-right: auto;text-align: center;\"><a data-no-instant=\"1\" href=\"https:\/\/prezeroarenagliwice.pl\/\" rel=\"noopener\" class=\"a2t-link\" target=\"_blank\" aria-label=\"20260309-PREZERO-WIOSNA-D\"><img loading=\"lazy\" decoding=\"async\" src=\"https:\/\/www.24gliwice.pl\/wiadomosci\/wp-content\/uploads\/2026\/03\/20260309-PREZERO-WIOSNA-D.webp\" alt=\"\"  srcset=\"https:\/\/www.24gliwice.pl\/wiadomosci\/wp-content\/uploads\/2026\/03\/20260309-PREZERO-WIOSNA-D.webp 750w, https:\/\/www.24gliwice.pl\/wiadomosci\/wp-content\/uploads\/2026\/03\/20260309-PREZERO-WIOSNA-D-410x109.webp 410w\" sizes=\"(max-width: 750px) 100vw, 750px\" class=\"no-lazyload\" width=\"750\" height=\"200\"  style=\"display: inline-block; max-width: 100%; height: auto;\" \/><\/a><\/div><\/div>","protected":false},"excerpt":{"rendered":"<p>Na \u015al\u0105sku nast\u0105pi\u0142 dynamiczny wzrost zachorowa\u0144 na wirusowe zapalenia w\u0105troby typu A &#8211; informuje wojew\u00f3dzki Sanepid. Na terenie nadzorowanym przez gliwickich Powiatowych Inspektor\u00f3w Sanitarnych, wykryto 23 przypadki choroby. W wojew\u00f3dztwie \u015bl\u0105skim do grudnia 2017 roku na WZW A zachorowa\u0142o 438 os\u00f3b. Dla por\u00f3wnania w ca\u0142ym 2016 roku odnotowano zaledwie 3 takie przypadki (w 2015 roku [&hellip;]<\/p>\n","protected":false},"author":12,"featured_media":109029,"comment_status":"open","ping_status":"closed","sticky":false,"template":"","format":"standard","meta":{"_monsterinsights_skip_tracking":false,"_monsterinsights_sitenote_active":false,"_monsterinsights_sitenote_note":"","_monsterinsights_sitenote_category":0,"footnotes":"","_links_to":"","_links_to_target":""},"categories":[3,1],"tags":[],"class_list":["post-109022","post","type-post","status-publish","format-standard","has-post-thumbnail","hentry","category-gliwice","category-wszystko"],"yoast_head":"<!-- This site is optimized with the Yoast SEO plugin v27.5 - https:\/\/yoast.com\/product\/yoast-seo-wordpress\/ -->\n<title>Epidemia \u017c\u00f3\u0142taczki na \u015al\u0105sku. Gliwice w\u015br\u00f3d miast zagro\u017conych - 24GLIWICE - Portal Gliwice | codziennie nowe informacje<\/title>\n<meta name=\"robots\" content=\"index, follow, max-snippet:-1, max-image-preview:large, max-video-preview:-1\" \/>\n<link rel=\"canonical\" href=\"https:\/\/www.24gliwice.pl\/wiadomosci\/epidemia-zoltaczki-na-slasku-gliwice-wsrod-miast-zagrozonych\/\" \/>\n<meta property=\"og:locale\" content=\"pl_PL\" \/>\n<meta property=\"og:type\" content=\"article\" \/>\n<meta property=\"og:title\" content=\"Epidemia \u017c\u00f3\u0142taczki na \u015al\u0105sku. Gliwice w\u015br\u00f3d miast zagro\u017conych - 24GLIWICE - Portal Gliwice | codziennie nowe informacje\" \/>\n<meta property=\"og:description\" content=\"Na \u015al\u0105sku nast\u0105pi\u0142 dynamiczny wzrost zachorowa\u0144 na wirusowe zapalenia w\u0105troby typu A &#8211; informuje wojew\u00f3dzki Sanepid. Na terenie nadzorowanym przez gliwickich Powiatowych Inspektor\u00f3w Sanitarnych, wykryto 23 przypadki choroby. W wojew\u00f3dztwie \u015bl\u0105skim do grudnia 2017 roku na WZW A zachorowa\u0142o 438 os\u00f3b. Dla por\u00f3wnania w ca\u0142ym 2016 roku odnotowano zaledwie 3 takie przypadki (w 2015 roku [&hellip;]\" \/>\n<meta property=\"og:url\" content=\"https:\/\/www.24gliwice.pl\/wiadomosci\/epidemia-zoltaczki-na-slasku-gliwice-wsrod-miast-zagrozonych\/\" \/>\n<meta property=\"og:site_name\" content=\"24GLIWICE - Portal Gliwice | codziennie nowe informacje\" \/>\n<meta property=\"article:publisher\" content=\"https:\/\/www.facebook.com\/24gliwice\" \/>\n<meta property=\"article:published_time\" content=\"2017-12-11T11:25:00+00:00\" \/>\n<meta property=\"article:modified_time\" content=\"2017-12-11T12:37:06+00:00\" \/>\n<meta property=\"og:image\" content=\"https:\/\/www.24gliwice.pl\/wiadomosci\/wp-content\/uploads\/2017\/12\/Szczepionka-Zastrzyk-Grypa.jpg\" \/>\n\t<meta property=\"og:image:width\" content=\"810\" \/>\n\t<meta property=\"og:image:height\" content=\"455\" \/>\n\t<meta property=\"og:image:type\" content=\"image\/jpeg\" \/>\n<meta name=\"author\" content=\"Micha\u0142 Szewczyk\" \/>\n<meta name=\"twitter:card\" content=\"summary_large_image\" \/>\n<meta name=\"twitter:creator\" content=\"@24gliwice\" \/>\n<meta name=\"twitter:site\" content=\"@24gliwice\" \/>\n<meta name=\"twitter:label1\" content=\"Napisane przez\" \/>\n\t<meta name=\"twitter:data1\" content=\"Micha\u0142 Szewczyk\" \/>\n\t<meta name=\"twitter:label2\" content=\"Szacowany czas czytania\" \/>\n\t<meta name=\"twitter:data2\" content=\"2 minuty\" \/>\n<script type=\"application\/ld+json\" class=\"yoast-schema-graph\">{\"@context\":\"https:\\\/\\\/schema.org\",\"@graph\":[{\"@type\":\"Article\",\"@id\":\"https:\\\/\\\/www.24gliwice.pl\\\/wiadomosci\\\/epidemia-zoltaczki-na-slasku-gliwice-wsrod-miast-zagrozonych\\\/#article\",\"isPartOf\":{\"@id\":\"https:\\\/\\\/www.24gliwice.pl\\\/wiadomosci\\\/epidemia-zoltaczki-na-slasku-gliwice-wsrod-miast-zagrozonych\\\/\"},\"author\":{\"name\":\"Micha\u0142 Szewczyk\",\"@id\":\"https:\\\/\\\/www.24gliwice.pl\\\/wiadomosci\\\/#\\\/schema\\\/person\\\/940e8f8a097e322de4f463f061ef8d45\"},\"headline\":\"Epidemia \u017c\u00f3\u0142taczki na \u015al\u0105sku. Gliwice w\u015br\u00f3d miast zagro\u017conych\",\"datePublished\":\"2017-12-11T11:25:00+00:00\",\"dateModified\":\"2017-12-11T12:37:06+00:00\",\"mainEntityOfPage\":{\"@id\":\"https:\\\/\\\/www.24gliwice.pl\\\/wiadomosci\\\/epidemia-zoltaczki-na-slasku-gliwice-wsrod-miast-zagrozonych\\\/\"},\"wordCount\":411,\"commentCount\":0,\"publisher\":{\"@id\":\"https:\\\/\\\/www.24gliwice.pl\\\/wiadomosci\\\/#organization\"},\"image\":{\"@id\":\"https:\\\/\\\/www.24gliwice.pl\\\/wiadomosci\\\/epidemia-zoltaczki-na-slasku-gliwice-wsrod-miast-zagrozonych\\\/#primaryimage\"},\"thumbnailUrl\":\"https:\\\/\\\/www.24gliwice.pl\\\/wiadomosci\\\/wp-content\\\/uploads\\\/2017\\\/12\\\/Szczepionka-Zastrzyk-Grypa.jpg\",\"articleSection\":[\"Gliwice\",\"Najnowsze wiadomo\u015bci\"],\"inLanguage\":\"pl-PL\",\"potentialAction\":[{\"@type\":\"CommentAction\",\"name\":\"Comment\",\"target\":[\"https:\\\/\\\/www.24gliwice.pl\\\/wiadomosci\\\/epidemia-zoltaczki-na-slasku-gliwice-wsrod-miast-zagrozonych\\\/#respond\"]}]},{\"@type\":\"WebPage\",\"@id\":\"https:\\\/\\\/www.24gliwice.pl\\\/wiadomosci\\\/epidemia-zoltaczki-na-slasku-gliwice-wsrod-miast-zagrozonych\\\/\",\"url\":\"https:\\\/\\\/www.24gliwice.pl\\\/wiadomosci\\\/epidemia-zoltaczki-na-slasku-gliwice-wsrod-miast-zagrozonych\\\/\",\"name\":\"Epidemia \u017c\u00f3\u0142taczki na \u015al\u0105sku. Gliwice w\u015br\u00f3d miast zagro\u017conych - 24GLIWICE - Portal Gliwice | codziennie nowe informacje\",\"isPartOf\":{\"@id\":\"https:\\\/\\\/www.24gliwice.pl\\\/wiadomosci\\\/#website\"},\"primaryImageOfPage\":{\"@id\":\"https:\\\/\\\/www.24gliwice.pl\\\/wiadomosci\\\/epidemia-zoltaczki-na-slasku-gliwice-wsrod-miast-zagrozonych\\\/#primaryimage\"},\"image\":{\"@id\":\"https:\\\/\\\/www.24gliwice.pl\\\/wiadomosci\\\/epidemia-zoltaczki-na-slasku-gliwice-wsrod-miast-zagrozonych\\\/#primaryimage\"},\"thumbnailUrl\":\"https:\\\/\\\/www.24gliwice.pl\\\/wiadomosci\\\/wp-content\\\/uploads\\\/2017\\\/12\\\/Szczepionka-Zastrzyk-Grypa.jpg\",\"datePublished\":\"2017-12-11T11:25:00+00:00\",\"dateModified\":\"2017-12-11T12:37:06+00:00\",\"breadcrumb\":{\"@id\":\"https:\\\/\\\/www.24gliwice.pl\\\/wiadomosci\\\/epidemia-zoltaczki-na-slasku-gliwice-wsrod-miast-zagrozonych\\\/#breadcrumb\"},\"inLanguage\":\"pl-PL\",\"potentialAction\":[{\"@type\":\"ReadAction\",\"target\":[\"https:\\\/\\\/www.24gliwice.pl\\\/wiadomosci\\\/epidemia-zoltaczki-na-slasku-gliwice-wsrod-miast-zagrozonych\\\/\"]}]},{\"@type\":\"ImageObject\",\"inLanguage\":\"pl-PL\",\"@id\":\"https:\\\/\\\/www.24gliwice.pl\\\/wiadomosci\\\/epidemia-zoltaczki-na-slasku-gliwice-wsrod-miast-zagrozonych\\\/#primaryimage\",\"url\":\"https:\\\/\\\/www.24gliwice.pl\\\/wiadomosci\\\/wp-content\\\/uploads\\\/2017\\\/12\\\/Szczepionka-Zastrzyk-Grypa.jpg\",\"contentUrl\":\"https:\\\/\\\/www.24gliwice.pl\\\/wiadomosci\\\/wp-content\\\/uploads\\\/2017\\\/12\\\/Szczepionka-Zastrzyk-Grypa.jpg\",\"width\":810,\"height\":455},{\"@type\":\"BreadcrumbList\",\"@id\":\"https:\\\/\\\/www.24gliwice.pl\\\/wiadomosci\\\/epidemia-zoltaczki-na-slasku-gliwice-wsrod-miast-zagrozonych\\\/#breadcrumb\",\"itemListElement\":[{\"@type\":\"ListItem\",\"position\":1,\"name\":\"Strona g\u0142\u00f3wna\",\"item\":\"https:\\\/\\\/www.24gliwice.pl\\\/wiadomosci\\\/\"},{\"@type\":\"ListItem\",\"position\":2,\"name\":\"Epidemia \u017c\u00f3\u0142taczki na \u015al\u0105sku. Gliwice w\u015br\u00f3d miast zagro\u017conych\"}]},{\"@type\":\"WebSite\",\"@id\":\"https:\\\/\\\/www.24gliwice.pl\\\/wiadomosci\\\/#website\",\"url\":\"https:\\\/\\\/www.24gliwice.pl\\\/wiadomosci\\\/\",\"name\":\"24GLIWICE - Portal Gliwice | codziennie nowe wiadomo\u015bci\",\"description\":\"Portal Miejski Gliwice\",\"publisher\":{\"@id\":\"https:\\\/\\\/www.24gliwice.pl\\\/wiadomosci\\\/#organization\"},\"potentialAction\":[{\"@type\":\"SearchAction\",\"target\":{\"@type\":\"EntryPoint\",\"urlTemplate\":\"https:\\\/\\\/www.24gliwice.pl\\\/wiadomosci\\\/?s={search_term_string}\"},\"query-input\":{\"@type\":\"PropertyValueSpecification\",\"valueRequired\":true,\"valueName\":\"search_term_string\"}}],\"inLanguage\":\"pl-PL\"},{\"@type\":\"Organization\",\"@id\":\"https:\\\/\\\/www.24gliwice.pl\\\/wiadomosci\\\/#organization\",\"name\":\"24gliwice\",\"url\":\"https:\\\/\\\/www.24gliwice.pl\\\/wiadomosci\\\/\",\"logo\":{\"@type\":\"ImageObject\",\"inLanguage\":\"pl-PL\",\"@id\":\"https:\\\/\\\/www.24gliwice.pl\\\/wiadomosci\\\/#\\\/schema\\\/logo\\\/image\\\/\",\"url\":\"https:\\\/\\\/www.24gliwice.pl\\\/wiadomosci\\\/wp-content\\\/uploads\\\/2024\\\/10\\\/24gliwice-logo-696.jpg\",\"contentUrl\":\"https:\\\/\\\/www.24gliwice.pl\\\/wiadomosci\\\/wp-content\\\/uploads\\\/2024\\\/10\\\/24gliwice-logo-696.jpg\",\"width\":696,\"height\":696,\"caption\":\"24gliwice\"},\"image\":{\"@id\":\"https:\\\/\\\/www.24gliwice.pl\\\/wiadomosci\\\/#\\\/schema\\\/logo\\\/image\\\/\"},\"sameAs\":[\"https:\\\/\\\/www.facebook.com\\\/24gliwice\",\"https:\\\/\\\/x.com\\\/24gliwice\",\"https:\\\/\\\/www.youtube.com\\\/@24gliwice\"]},{\"@type\":\"Person\",\"@id\":\"https:\\\/\\\/www.24gliwice.pl\\\/wiadomosci\\\/#\\\/schema\\\/person\\\/940e8f8a097e322de4f463f061ef8d45\",\"name\":\"Micha\u0142 Szewczyk\",\"image\":{\"@type\":\"ImageObject\",\"inLanguage\":\"pl-PL\",\"@id\":\"https:\\\/\\\/secure.gravatar.com\\\/avatar\\\/771b8b6c74cd8d255e46392d605e01a86133900ef09b6ef3c8d451c9d92288cf?s=96&d=mm&r=g\",\"url\":\"https:\\\/\\\/secure.gravatar.com\\\/avatar\\\/771b8b6c74cd8d255e46392d605e01a86133900ef09b6ef3c8d451c9d92288cf?s=96&d=mm&r=g\",\"contentUrl\":\"https:\\\/\\\/secure.gravatar.com\\\/avatar\\\/771b8b6c74cd8d255e46392d605e01a86133900ef09b6ef3c8d451c9d92288cf?s=96&d=mm&r=g\",\"caption\":\"Micha\u0142 Szewczyk\"},\"sameAs\":[\"http:\\\/\\\/www.gazeta-miejska.pl\"],\"url\":\"https:\\\/\\\/www.24gliwice.pl\\\/wiadomosci\\\/author\\\/michal-szewczyk\\\/\"}]}<\/script>\n<!-- \/ Yoast SEO plugin. -->","yoast_head_json":{"title":"Epidemia \u017c\u00f3\u0142taczki na \u015al\u0105sku. Gliwice w\u015br\u00f3d miast zagro\u017conych - 24GLIWICE - Portal Gliwice | codziennie nowe informacje","robots":{"index":"index","follow":"follow","max-snippet":"max-snippet:-1","max-image-preview":"max-image-preview:large","max-video-preview":"max-video-preview:-1"},"canonical":"https:\/\/www.24gliwice.pl\/wiadomosci\/epidemia-zoltaczki-na-slasku-gliwice-wsrod-miast-zagrozonych\/","og_locale":"pl_PL","og_type":"article","og_title":"Epidemia \u017c\u00f3\u0142taczki na \u015al\u0105sku. Gliwice w\u015br\u00f3d miast zagro\u017conych - 24GLIWICE - Portal Gliwice | codziennie nowe informacje","og_description":"Na \u015al\u0105sku nast\u0105pi\u0142 dynamiczny wzrost zachorowa\u0144 na wirusowe zapalenia w\u0105troby typu A &#8211; informuje wojew\u00f3dzki Sanepid. Na terenie nadzorowanym przez gliwickich Powiatowych Inspektor\u00f3w Sanitarnych, wykryto 23 przypadki choroby. W wojew\u00f3dztwie \u015bl\u0105skim do grudnia 2017 roku na WZW A zachorowa\u0142o 438 os\u00f3b. Dla por\u00f3wnania w ca\u0142ym 2016 roku odnotowano zaledwie 3 takie przypadki (w 2015 roku [&hellip;]","og_url":"https:\/\/www.24gliwice.pl\/wiadomosci\/epidemia-zoltaczki-na-slasku-gliwice-wsrod-miast-zagrozonych\/","og_site_name":"24GLIWICE - Portal Gliwice | codziennie nowe informacje","article_publisher":"https:\/\/www.facebook.com\/24gliwice","article_published_time":"2017-12-11T11:25:00+00:00","article_modified_time":"2017-12-11T12:37:06+00:00","og_image":[{"width":810,"height":455,"url":"https:\/\/www.24gliwice.pl\/wiadomosci\/wp-content\/uploads\/2017\/12\/Szczepionka-Zastrzyk-Grypa.jpg","type":"image\/jpeg"}],"author":"Micha\u0142 Szewczyk","twitter_card":"summary_large_image","twitter_creator":"@24gliwice","twitter_site":"@24gliwice","twitter_misc":{"Napisane przez":"Micha\u0142 Szewczyk","Szacowany czas czytania":"2 minuty"},"schema":{"@context":"https:\/\/schema.org","@graph":[{"@type":"Article","@id":"https:\/\/www.24gliwice.pl\/wiadomosci\/epidemia-zoltaczki-na-slasku-gliwice-wsrod-miast-zagrozonych\/#article","isPartOf":{"@id":"https:\/\/www.24gliwice.pl\/wiadomosci\/epidemia-zoltaczki-na-slasku-gliwice-wsrod-miast-zagrozonych\/"},"author":{"name":"Micha\u0142 Szewczyk","@id":"https:\/\/www.24gliwice.pl\/wiadomosci\/#\/schema\/person\/940e8f8a097e322de4f463f061ef8d45"},"headline":"Epidemia \u017c\u00f3\u0142taczki na \u015al\u0105sku. Gliwice w\u015br\u00f3d miast zagro\u017conych","datePublished":"2017-12-11T11:25:00+00:00","dateModified":"2017-12-11T12:37:06+00:00","mainEntityOfPage":{"@id":"https:\/\/www.24gliwice.pl\/wiadomosci\/epidemia-zoltaczki-na-slasku-gliwice-wsrod-miast-zagrozonych\/"},"wordCount":411,"commentCount":0,"publisher":{"@id":"https:\/\/www.24gliwice.pl\/wiadomosci\/#organization"},"image":{"@id":"https:\/\/www.24gliwice.pl\/wiadomosci\/epidemia-zoltaczki-na-slasku-gliwice-wsrod-miast-zagrozonych\/#primaryimage"},"thumbnailUrl":"https:\/\/www.24gliwice.pl\/wiadomosci\/wp-content\/uploads\/2017\/12\/Szczepionka-Zastrzyk-Grypa.jpg","articleSection":["Gliwice","Najnowsze wiadomo\u015bci"],"inLanguage":"pl-PL","potentialAction":[{"@type":"CommentAction","name":"Comment","target":["https:\/\/www.24gliwice.pl\/wiadomosci\/epidemia-zoltaczki-na-slasku-gliwice-wsrod-miast-zagrozonych\/#respond"]}]},{"@type":"WebPage","@id":"https:\/\/www.24gliwice.pl\/wiadomosci\/epidemia-zoltaczki-na-slasku-gliwice-wsrod-miast-zagrozonych\/","url":"https:\/\/www.24gliwice.pl\/wiadomosci\/epidemia-zoltaczki-na-slasku-gliwice-wsrod-miast-zagrozonych\/","name":"Epidemia \u017c\u00f3\u0142taczki na \u015al\u0105sku. Gliwice w\u015br\u00f3d miast zagro\u017conych - 24GLIWICE - Portal Gliwice | codziennie nowe informacje","isPartOf":{"@id":"https:\/\/www.24gliwice.pl\/wiadomosci\/#website"},"primaryImageOfPage":{"@id":"https:\/\/www.24gliwice.pl\/wiadomosci\/epidemia-zoltaczki-na-slasku-gliwice-wsrod-miast-zagrozonych\/#primaryimage"},"image":{"@id":"https:\/\/www.24gliwice.pl\/wiadomosci\/epidemia-zoltaczki-na-slasku-gliwice-wsrod-miast-zagrozonych\/#primaryimage"},"thumbnailUrl":"https:\/\/www.24gliwice.pl\/wiadomosci\/wp-content\/uploads\/2017\/12\/Szczepionka-Zastrzyk-Grypa.jpg","datePublished":"2017-12-11T11:25:00+00:00","dateModified":"2017-12-11T12:37:06+00:00","breadcrumb":{"@id":"https:\/\/www.24gliwice.pl\/wiadomosci\/epidemia-zoltaczki-na-slasku-gliwice-wsrod-miast-zagrozonych\/#breadcrumb"},"inLanguage":"pl-PL","potentialAction":[{"@type":"ReadAction","target":["https:\/\/www.24gliwice.pl\/wiadomosci\/epidemia-zoltaczki-na-slasku-gliwice-wsrod-miast-zagrozonych\/"]}]},{"@type":"ImageObject","inLanguage":"pl-PL","@id":"https:\/\/www.24gliwice.pl\/wiadomosci\/epidemia-zoltaczki-na-slasku-gliwice-wsrod-miast-zagrozonych\/#primaryimage","url":"https:\/\/www.24gliwice.pl\/wiadomosci\/wp-content\/uploads\/2017\/12\/Szczepionka-Zastrzyk-Grypa.jpg","contentUrl":"https:\/\/www.24gliwice.pl\/wiadomosci\/wp-content\/uploads\/2017\/12\/Szczepionka-Zastrzyk-Grypa.jpg","width":810,"height":455},{"@type":"BreadcrumbList","@id":"https:\/\/www.24gliwice.pl\/wiadomosci\/epidemia-zoltaczki-na-slasku-gliwice-wsrod-miast-zagrozonych\/#breadcrumb","itemListElement":[{"@type":"ListItem","position":1,"name":"Strona g\u0142\u00f3wna","item":"https:\/\/www.24gliwice.pl\/wiadomosci\/"},{"@type":"ListItem","position":2,"name":"Epidemia \u017c\u00f3\u0142taczki na \u015al\u0105sku. Gliwice w\u015br\u00f3d miast zagro\u017conych"}]},{"@type":"WebSite","@id":"https:\/\/www.24gliwice.pl\/wiadomosci\/#website","url":"https:\/\/www.24gliwice.pl\/wiadomosci\/","name":"24GLIWICE - Portal Gliwice | codziennie nowe wiadomo\u015bci","description":"Portal Miejski Gliwice","publisher":{"@id":"https:\/\/www.24gliwice.pl\/wiadomosci\/#organization"},"potentialAction":[{"@type":"SearchAction","target":{"@type":"EntryPoint","urlTemplate":"https:\/\/www.24gliwice.pl\/wiadomosci\/?s={search_term_string}"},"query-input":{"@type":"PropertyValueSpecification","valueRequired":true,"valueName":"search_term_string"}}],"inLanguage":"pl-PL"},{"@type":"Organization","@id":"https:\/\/www.24gliwice.pl\/wiadomosci\/#organization","name":"24gliwice","url":"https:\/\/www.24gliwice.pl\/wiadomosci\/","logo":{"@type":"ImageObject","inLanguage":"pl-PL","@id":"https:\/\/www.24gliwice.pl\/wiadomosci\/#\/schema\/logo\/image\/","url":"https:\/\/www.24gliwice.pl\/wiadomosci\/wp-content\/uploads\/2024\/10\/24gliwice-logo-696.jpg","contentUrl":"https:\/\/www.24gliwice.pl\/wiadomosci\/wp-content\/uploads\/2024\/10\/24gliwice-logo-696.jpg","width":696,"height":696,"caption":"24gliwice"},"image":{"@id":"https:\/\/www.24gliwice.pl\/wiadomosci\/#\/schema\/logo\/image\/"},"sameAs":["https:\/\/www.facebook.com\/24gliwice","https:\/\/x.com\/24gliwice","https:\/\/www.youtube.com\/@24gliwice"]},{"@type":"Person","@id":"https:\/\/www.24gliwice.pl\/wiadomosci\/#\/schema\/person\/940e8f8a097e322de4f463f061ef8d45","name":"Micha\u0142 Szewczyk","image":{"@type":"ImageObject","inLanguage":"pl-PL","@id":"https:\/\/secure.gravatar.com\/avatar\/771b8b6c74cd8d255e46392d605e01a86133900ef09b6ef3c8d451c9d92288cf?s=96&d=mm&r=g","url":"https:\/\/secure.gravatar.com\/avatar\/771b8b6c74cd8d255e46392d605e01a86133900ef09b6ef3c8d451c9d92288cf?s=96&d=mm&r=g","contentUrl":"https:\/\/secure.gravatar.com\/avatar\/771b8b6c74cd8d255e46392d605e01a86133900ef09b6ef3c8d451c9d92288cf?s=96&d=mm&r=g","caption":"Micha\u0142 Szewczyk"},"sameAs":["http:\/\/www.gazeta-miejska.pl"],"url":"https:\/\/www.24gliwice.pl\/wiadomosci\/author\/michal-szewczyk\/"}]}},"_links":{"self":[{"href":"https:\/\/www.24gliwice.pl\/wiadomosci\/wp-json\/wp\/v2\/posts\/109022","targetHints":{"allow":["GET"]}}],"collection":[{"href":"https:\/\/www.24gliwice.pl\/wiadomosci\/wp-json\/wp\/v2\/posts"}],"about":[{"href":"https:\/\/www.24gliwice.pl\/wiadomosci\/wp-json\/wp\/v2\/types\/post"}],"author":[{"embeddable":true,"href":"https:\/\/www.24gliwice.pl\/wiadomosci\/wp-json\/wp\/v2\/users\/12"}],"replies":[{"embeddable":true,"href":"https:\/\/www.24gliwice.pl\/wiadomosci\/wp-json\/wp\/v2\/comments?post=109022"}],"version-history":[{"count":0,"href":"https:\/\/www.24gliwice.pl\/wiadomosci\/wp-json\/wp\/v2\/posts\/109022\/revisions"}],"wp:featuredmedia":[{"embeddable":true,"href":"https:\/\/www.24gliwice.pl\/wiadomosci\/wp-json\/wp\/v2\/media\/109029"}],"wp:attachment":[{"href":"https:\/\/www.24gliwice.pl\/wiadomosci\/wp-json\/wp\/v2\/media?parent=109022"}],"wp:term":[{"taxonomy":"category","embeddable":true,"href":"https:\/\/www.24gliwice.pl\/wiadomosci\/wp-json\/wp\/v2\/categories?post=109022"},{"taxonomy":"post_tag","embeddable":true,"href":"https:\/\/www.24gliwice.pl\/wiadomosci\/wp-json\/wp\/v2\/tags?post=109022"}],"curies":[{"name":"wp","href":"https:\/\/api.w.org\/{rel}","templated":true}]}}