{"id":109034,"date":"2017-12-11T13:52:05","date_gmt":"2017-12-11T12:52:05","guid":{"rendered":"http:\/\/www.24gliwice.pl\/wiadomosci\/?p=109034"},"modified":"2018-09-04T17:55:56","modified_gmt":"2018-09-04T15:55:56","slug":"12-metrowy-obelisk-zwienczony-rzezba-na-placu-krakowskim-stanie-pomnik-powstan-polskich","status":"publish","type":"post","link":"https:\/\/www.24gliwice.pl\/wiadomosci\/12-metrowy-obelisk-zwienczony-rzezba-na-placu-krakowskim-stanie-pomnik-powstan-polskich\/","title":{"rendered":"12-metrowy obelisk zwie\u0144czony rze\u017ab\u0105. Na Placu Krakowskim mo\u017ce stan\u0105\u0107 Pomnik Powsta\u0144 Polskich"},"content":{"rendered":"<div class=\"gliwi-a6-nad-leadem-artykulow gliwi-entity-placement\" id=\"gliwi-902700338\"><div class=\"gliwi-adlabel\"><span style=\"font-size: 9px\">REKLAMA<\/span><\/div><div id=\"gliwi-1322359805\" style=\"margin-bottom: 30px;margin-left: auto;margin-right: auto;text-align: center;\"><a data-no-instant=\"1\" href=\"https:\/\/przedszkole.halogen.org.pl\/\" rel=\"noopener\" class=\"a2t-link\" target=\"_blank\" aria-label=\"20260402-ANIMATOR-przedszkole_grafika_750x200\"><img loading=\"lazy\" decoding=\"async\" src=\"https:\/\/www.24gliwice.pl\/wiadomosci\/wp-content\/uploads\/2026\/04\/20260402-ANIMATOR-przedszkole_grafika_750x200.webp\" alt=\"\"  srcset=\"https:\/\/www.24gliwice.pl\/wiadomosci\/wp-content\/uploads\/2026\/04\/20260402-ANIMATOR-przedszkole_grafika_750x200.webp 750w, https:\/\/www.24gliwice.pl\/wiadomosci\/wp-content\/uploads\/2026\/04\/20260402-ANIMATOR-przedszkole_grafika_750x200-410x109.webp 410w\" sizes=\"(max-width: 750px) 100vw, 750px\" class=\"no-lazyload\" width=\"750\" height=\"200\"  style=\"display: inline-block; max-width: 100%; height: auto;\" \/><\/a><\/div><\/div><h3>Na najbli\u017cszej sesji Rady Miasta radni b\u0119d\u0105 g\u0142osowa\u0107 nad pomys\u0142em wzniesienia Pomnika Powsta\u0144 Polskich na Placu Krakowskim.<\/h3>\n<p> &#8211; Uchwa\u0142a to tylko wyra\u017cenie zgody na inwestycj\u0119. Ca\u0142a inicjatywa oraz zebranie \u015brodk\u00f3w jest w r\u0119kach pomys\u0142odawc\u00f3w &#8211; m\u00f3wi nam <strong>Marek Jarz\u0119bowski<\/strong>, rzecznik prezydenta Gliwic.<\/p>\n<p>O powstanie pomnika zawnioskowa\u0142 kilka lat temu gliwicki oddzia\u0142 Stowarzyszenia Pami\u0119ci Armii Krajowej, kt\u00f3ry zwr\u00f3ci\u0142 si\u0119 do Magistratu z pro\u015bb\u0105 o wskazanie miejsca, gdzie b\u0119d\u0105 mog\u0142y odbywa\u0107 si\u0119 uroczysto\u015bci zwi\u0105zane z histori\u0105 Polski. Pomnik ma by\u0107 punktem, wok\u00f3\u0142 kt\u00f3rego takie zgromadzenia b\u0119d\u0105 si\u0119 koncentrowa\u0107. Monument zlokalizowany zostanie u wej\u015bcia na Plac Krakowski od strony ul. Wroc\u0142awskiej (w\u0105skie przej\u015bcie mi\u0119dzy trybunami widowni). <\/p><div class=\"gliwi-a3-w-tresci-artykulow gliwi-entity-placement\" id=\"gliwi-783600899\"><div class=\"gliwi-adlabel\"><span style=\"font-size: 9px\">REKLAMA<\/span><\/div><div id=\"gliwi-1509704707\" style=\"margin-bottom: 30px;margin-left: auto;margin-right: auto;text-align: center;\"><a data-no-instant=\"1\" href=\"https:\/\/ogrodyandersa.pl\/\" rel=\"noopener\" class=\"a2t-link\" target=\"_blank\" aria-label=\"20260415 Ogrody Andersa KUP TERAZ D\"><img loading=\"lazy\" decoding=\"async\" src=\"https:\/\/www.24gliwice.pl\/wiadomosci\/wp-content\/uploads\/2026\/04\/20260415-Ogrody-Andersa-KUP-TERAZ-D.jpg\" alt=\"\"  srcset=\"https:\/\/www.24gliwice.pl\/wiadomosci\/wp-content\/uploads\/2026\/04\/20260415-Ogrody-Andersa-KUP-TERAZ-D.jpg 750w, https:\/\/www.24gliwice.pl\/wiadomosci\/wp-content\/uploads\/2026\/04\/20260415-Ogrody-Andersa-KUP-TERAZ-D-410x109.jpg 410w\" sizes=\"(max-width: 750px) 100vw, 750px\" class=\"no-lazyload\" width=\"750\" height=\"200\"  style=\"display: inline-block; max-width: 100%; height: auto;\" \/><\/a><\/div><\/div>\n<p>&#8211; Decyzja o lokalizacji i propozycja umiejscowienia pomnika i jego otoczenia w tym, a nie innym miejscu, jest wynikiem dyskusji i ewolucji pogl\u0105d\u00f3w przedstawicieli Komitetu Budowy Pomnika i w\u0142adz miasta &#8211; czytamy w za\u0142\u0105cznikach do uchwa\u0142y.<\/p>\n<p>Z inicjatywy \u015brodowiska AK-owskiego powsta\u0142 ju\u017c szczeg\u00f3\u0142owy projekt \u017celbetowego obelisku. B\u0119dzie mia\u0142 oko\u0142o 12 metr\u00f3w wysoko\u015bci, granitow\u0105 podstaw\u0119 i kolumn\u0119 zwie\u0144czon\u0105 rze\u017ab\u0105. Napisy na pomniku wykonane maj\u0105 zosta\u0107 z nierdzewnych liter umieszczonych na p\u0142ytach z szlifowanego jasnego marmuru lub granitu.<\/p>\n<p>Pomnik Powsta\u0144 Polskich ma upami\u0119tnia\u0107 wszystkie najwa\u017cniejszy zrywy niepodleg\u0142o\u015bciowe w historii kraju. Zgodnie z \u017cyczeniem pomys\u0142odawc\u00f3w maj\u0105 to by\u0107:<\/p>\n<p>&#8211; na tablicy czo\u0142owej: Powstanie Listopadowe (1830r.), Powstanie Lwowskie (1918r.), Trzecie Powstanie \u015al\u0105skie (1921r.), Powstanie Solidarno\u015bci (1980r.); <\/p>\n<p>&#8211; na tablicy prawej: Konfederacja Barska (1768r.), Powstanie Krakowskie (1846r.), Powstanie Wielkopolskie (1918r.), Powstanie Warszawskie (1944r.);<\/p>\n<p>&#8211; na tablicy lewej: Powstanie Wielkopolskie (1806r.), Powstanie Styczniowe (1863r.), Drugie Powstanie \u015al\u0105skie (1920r.), Strajki Robotnicze (1970r.);<\/p>\n<p>&#8211; na tablicy tylnej: Insurekcja Ko\u015bciuszkowska (1794r.), Powstanie Wielkopolskie (1848r.), Pierwsze Powstanie \u015al\u0105skie (1919r.), Pozna\u0144ski Czerwiec (1956r.)<\/p>\n<p>Je\u017celi w czwartek radni wyra\u017c\u0105 zgod\u0119 na inwestycj\u0119, budowa pomnika zostanie sfinalizowana z funduszy pochodz\u0105cych od sponsor\u00f3w i zbi\u00f3rki publicznej.<\/p>\n<p>Plac Krakowski przechodzi w ostatnich miesi\u0105cach gruntowne zmiany. Miasto zdecydowa\u0142o o przeniesieniu wi\u0119kszo\u015bci imprez rozrywkowych na teren Hali Gliwice lub Parku Chrobrego. Na popularnym &#8220;Kraku&#8221; Magistrat planuje utrzyma\u0107 jedynie cz\u0119\u015b\u0107 uroczysto\u015bci o charakterze oficjalnym, jak np. rocznica Konstytucji 3 Maja.<\/p>\n<p>Micha\u0142 Szewczyk<\/p>\n<div class=\"gliwi-a5-na-koncu-artykulow gliwi-entity-placement\" id=\"gliwi-2564778976\"><div class=\"gliwi-adlabel\"><span style=\"font-size: 9px\">REKLAMA<\/span><\/div><div id=\"gliwi-1806389068\" style=\"margin-left: auto;margin-right: auto;text-align: center;\"><a data-no-instant=\"1\" href=\"https:\/\/prezeroarenagliwice.pl\/\" rel=\"noopener\" class=\"a2t-link\" target=\"_blank\" aria-label=\"20260309-PREZERO-WIOSNA-D\"><img loading=\"lazy\" decoding=\"async\" src=\"https:\/\/www.24gliwice.pl\/wiadomosci\/wp-content\/uploads\/2026\/03\/20260309-PREZERO-WIOSNA-D.webp\" alt=\"\"  srcset=\"https:\/\/www.24gliwice.pl\/wiadomosci\/wp-content\/uploads\/2026\/03\/20260309-PREZERO-WIOSNA-D.webp 750w, https:\/\/www.24gliwice.pl\/wiadomosci\/wp-content\/uploads\/2026\/03\/20260309-PREZERO-WIOSNA-D-410x109.webp 410w\" sizes=\"(max-width: 750px) 100vw, 750px\" class=\"no-lazyload\" width=\"750\" height=\"200\"  style=\"display: inline-block; max-width: 100%; height: auto;\" \/><\/a><\/div><\/div>","protected":false},"excerpt":{"rendered":"<p>Na najbli\u017cszej sesji Rady Miasta radni b\u0119d\u0105 g\u0142osowa\u0107 nad pomys\u0142em wzniesienia Pomnika Powsta\u0144 Polskich na Placu Krakowskim. &#8211; Uchwa\u0142a to tylko wyra\u017cenie zgody na inwestycj\u0119. Ca\u0142a inicjatywa oraz zebranie \u015brodk\u00f3w jest w r\u0119kach pomys\u0142odawc\u00f3w &#8211; m\u00f3wi nam Marek Jarz\u0119bowski, rzecznik prezydenta Gliwic. O powstanie pomnika zawnioskowa\u0142 kilka lat temu gliwicki oddzia\u0142 Stowarzyszenia Pami\u0119ci Armii Krajowej, [&hellip;]<\/p>\n","protected":false},"author":12,"featured_media":109062,"comment_status":"open","ping_status":"closed","sticky":false,"template":"","format":"standard","meta":{"_monsterinsights_skip_tracking":false,"_monsterinsights_sitenote_active":false,"_monsterinsights_sitenote_note":"","_monsterinsights_sitenote_category":0,"footnotes":"","_links_to":"","_links_to_target":""},"categories":[3,1,9],"tags":[1268],"class_list":["post-109034","post","type-post","status-publish","format-standard","has-post-thumbnail","hentry","category-gliwice","category-wszystko","category-aktualnosci_lokalne","tag-marek-jarzebowski"],"yoast_head":"<!-- This site is optimized with the Yoast SEO plugin v27.5 - https:\/\/yoast.com\/product\/yoast-seo-wordpress\/ -->\n<title>12-metrowy obelisk zwie\u0144czony rze\u017ab\u0105. Na Placu Krakowskim mo\u017ce stan\u0105\u0107 Pomnik Powsta\u0144 Polskich - 24GLIWICE - Portal Gliwice | codziennie nowe informacje<\/title>\n<meta name=\"robots\" content=\"index, follow, max-snippet:-1, max-image-preview:large, max-video-preview:-1\" \/>\n<link rel=\"canonical\" href=\"https:\/\/www.24gliwice.pl\/wiadomosci\/12-metrowy-obelisk-zwienczony-rzezba-na-placu-krakowskim-stanie-pomnik-powstan-polskich\/\" \/>\n<meta property=\"og:locale\" content=\"pl_PL\" \/>\n<meta property=\"og:type\" content=\"article\" \/>\n<meta property=\"og:title\" content=\"12-metrowy obelisk zwie\u0144czony rze\u017ab\u0105. Na Placu Krakowskim mo\u017ce stan\u0105\u0107 Pomnik Powsta\u0144 Polskich - 24GLIWICE - Portal Gliwice | codziennie nowe informacje\" \/>\n<meta property=\"og:description\" content=\"Na najbli\u017cszej sesji Rady Miasta radni b\u0119d\u0105 g\u0142osowa\u0107 nad pomys\u0142em wzniesienia Pomnika Powsta\u0144 Polskich na Placu Krakowskim. &#8211; Uchwa\u0142a to tylko wyra\u017cenie zgody na inwestycj\u0119. Ca\u0142a inicjatywa oraz zebranie \u015brodk\u00f3w jest w r\u0119kach pomys\u0142odawc\u00f3w &#8211; m\u00f3wi nam Marek Jarz\u0119bowski, rzecznik prezydenta Gliwic. O powstanie pomnika zawnioskowa\u0142 kilka lat temu gliwicki oddzia\u0142 Stowarzyszenia Pami\u0119ci Armii Krajowej, [&hellip;]\" \/>\n<meta property=\"og:url\" content=\"https:\/\/www.24gliwice.pl\/wiadomosci\/12-metrowy-obelisk-zwienczony-rzezba-na-placu-krakowskim-stanie-pomnik-powstan-polskich\/\" \/>\n<meta property=\"og:site_name\" content=\"24GLIWICE - Portal Gliwice | codziennie nowe informacje\" \/>\n<meta property=\"article:publisher\" content=\"https:\/\/www.facebook.com\/24gliwice\" \/>\n<meta property=\"article:published_time\" content=\"2017-12-11T12:52:05+00:00\" \/>\n<meta property=\"article:modified_time\" content=\"2018-09-04T15:55:56+00:00\" \/>\n<meta property=\"og:image\" content=\"https:\/\/www.24gliwice.pl\/wiadomosci\/wp-content\/uploads\/2017\/12\/1-25317217_10155978761449675_1791264293_o.jpg\" \/>\n\t<meta property=\"og:image:width\" content=\"810\" \/>\n\t<meta property=\"og:image:height\" content=\"456\" \/>\n\t<meta property=\"og:image:type\" content=\"image\/jpeg\" \/>\n<meta name=\"author\" content=\"Micha\u0142 Szewczyk\" \/>\n<meta name=\"twitter:card\" content=\"summary_large_image\" \/>\n<meta name=\"twitter:creator\" content=\"@24gliwice\" \/>\n<meta name=\"twitter:site\" content=\"@24gliwice\" \/>\n<meta name=\"twitter:label1\" content=\"Napisane przez\" \/>\n\t<meta name=\"twitter:data1\" content=\"Micha\u0142 Szewczyk\" \/>\n\t<meta name=\"twitter:label2\" content=\"Szacowany czas czytania\" \/>\n\t<meta name=\"twitter:data2\" content=\"2 minuty\" \/>\n<script type=\"application\/ld+json\" class=\"yoast-schema-graph\">{\"@context\":\"https:\\\/\\\/schema.org\",\"@graph\":[{\"@type\":\"Article\",\"@id\":\"https:\\\/\\\/www.24gliwice.pl\\\/wiadomosci\\\/12-metrowy-obelisk-zwienczony-rzezba-na-placu-krakowskim-stanie-pomnik-powstan-polskich\\\/#article\",\"isPartOf\":{\"@id\":\"https:\\\/\\\/www.24gliwice.pl\\\/wiadomosci\\\/12-metrowy-obelisk-zwienczony-rzezba-na-placu-krakowskim-stanie-pomnik-powstan-polskich\\\/\"},\"author\":{\"name\":\"Micha\u0142 Szewczyk\",\"@id\":\"https:\\\/\\\/www.24gliwice.pl\\\/wiadomosci\\\/#\\\/schema\\\/person\\\/940e8f8a097e322de4f463f061ef8d45\"},\"headline\":\"12-metrowy obelisk zwie\u0144czony rze\u017ab\u0105. Na Placu Krakowskim mo\u017ce stan\u0105\u0107 Pomnik Powsta\u0144 Polskich\",\"datePublished\":\"2017-12-11T12:52:05+00:00\",\"dateModified\":\"2018-09-04T15:55:56+00:00\",\"mainEntityOfPage\":{\"@id\":\"https:\\\/\\\/www.24gliwice.pl\\\/wiadomosci\\\/12-metrowy-obelisk-zwienczony-rzezba-na-placu-krakowskim-stanie-pomnik-powstan-polskich\\\/\"},\"wordCount\":403,\"commentCount\":0,\"publisher\":{\"@id\":\"https:\\\/\\\/www.24gliwice.pl\\\/wiadomosci\\\/#organization\"},\"image\":{\"@id\":\"https:\\\/\\\/www.24gliwice.pl\\\/wiadomosci\\\/12-metrowy-obelisk-zwienczony-rzezba-na-placu-krakowskim-stanie-pomnik-powstan-polskich\\\/#primaryimage\"},\"thumbnailUrl\":\"https:\\\/\\\/www.24gliwice.pl\\\/wiadomosci\\\/wp-content\\\/uploads\\\/2017\\\/12\\\/1-25317217_10155978761449675_1791264293_o.jpg\",\"keywords\":[\"MAREK JARZ\u0118BOWSKI\"],\"articleSection\":[\"Gliwice\",\"Najnowsze wiadomo\u015bci\",\"Portal Gliwice - Wiadomo\u015bci lokalne\"],\"inLanguage\":\"pl-PL\",\"potentialAction\":[{\"@type\":\"CommentAction\",\"name\":\"Comment\",\"target\":[\"https:\\\/\\\/www.24gliwice.pl\\\/wiadomosci\\\/12-metrowy-obelisk-zwienczony-rzezba-na-placu-krakowskim-stanie-pomnik-powstan-polskich\\\/#respond\"]}]},{\"@type\":\"WebPage\",\"@id\":\"https:\\\/\\\/www.24gliwice.pl\\\/wiadomosci\\\/12-metrowy-obelisk-zwienczony-rzezba-na-placu-krakowskim-stanie-pomnik-powstan-polskich\\\/\",\"url\":\"https:\\\/\\\/www.24gliwice.pl\\\/wiadomosci\\\/12-metrowy-obelisk-zwienczony-rzezba-na-placu-krakowskim-stanie-pomnik-powstan-polskich\\\/\",\"name\":\"12-metrowy obelisk zwie\u0144czony rze\u017ab\u0105. Na Placu Krakowskim mo\u017ce stan\u0105\u0107 Pomnik Powsta\u0144 Polskich - 24GLIWICE - Portal Gliwice | codziennie nowe informacje\",\"isPartOf\":{\"@id\":\"https:\\\/\\\/www.24gliwice.pl\\\/wiadomosci\\\/#website\"},\"primaryImageOfPage\":{\"@id\":\"https:\\\/\\\/www.24gliwice.pl\\\/wiadomosci\\\/12-metrowy-obelisk-zwienczony-rzezba-na-placu-krakowskim-stanie-pomnik-powstan-polskich\\\/#primaryimage\"},\"image\":{\"@id\":\"https:\\\/\\\/www.24gliwice.pl\\\/wiadomosci\\\/12-metrowy-obelisk-zwienczony-rzezba-na-placu-krakowskim-stanie-pomnik-powstan-polskich\\\/#primaryimage\"},\"thumbnailUrl\":\"https:\\\/\\\/www.24gliwice.pl\\\/wiadomosci\\\/wp-content\\\/uploads\\\/2017\\\/12\\\/1-25317217_10155978761449675_1791264293_o.jpg\",\"datePublished\":\"2017-12-11T12:52:05+00:00\",\"dateModified\":\"2018-09-04T15:55:56+00:00\",\"breadcrumb\":{\"@id\":\"https:\\\/\\\/www.24gliwice.pl\\\/wiadomosci\\\/12-metrowy-obelisk-zwienczony-rzezba-na-placu-krakowskim-stanie-pomnik-powstan-polskich\\\/#breadcrumb\"},\"inLanguage\":\"pl-PL\",\"potentialAction\":[{\"@type\":\"ReadAction\",\"target\":[\"https:\\\/\\\/www.24gliwice.pl\\\/wiadomosci\\\/12-metrowy-obelisk-zwienczony-rzezba-na-placu-krakowskim-stanie-pomnik-powstan-polskich\\\/\"]}]},{\"@type\":\"ImageObject\",\"inLanguage\":\"pl-PL\",\"@id\":\"https:\\\/\\\/www.24gliwice.pl\\\/wiadomosci\\\/12-metrowy-obelisk-zwienczony-rzezba-na-placu-krakowskim-stanie-pomnik-powstan-polskich\\\/#primaryimage\",\"url\":\"https:\\\/\\\/www.24gliwice.pl\\\/wiadomosci\\\/wp-content\\\/uploads\\\/2017\\\/12\\\/1-25317217_10155978761449675_1791264293_o.jpg\",\"contentUrl\":\"https:\\\/\\\/www.24gliwice.pl\\\/wiadomosci\\\/wp-content\\\/uploads\\\/2017\\\/12\\\/1-25317217_10155978761449675_1791264293_o.jpg\",\"width\":810,\"height\":456,\"caption\":\"Pierwotnie pomnik mia\u0142 stan\u0105\u0107 od strony ul. Wroc\u0142awskiej\"},{\"@type\":\"BreadcrumbList\",\"@id\":\"https:\\\/\\\/www.24gliwice.pl\\\/wiadomosci\\\/12-metrowy-obelisk-zwienczony-rzezba-na-placu-krakowskim-stanie-pomnik-powstan-polskich\\\/#breadcrumb\",\"itemListElement\":[{\"@type\":\"ListItem\",\"position\":1,\"name\":\"Strona g\u0142\u00f3wna\",\"item\":\"https:\\\/\\\/www.24gliwice.pl\\\/wiadomosci\\\/\"},{\"@type\":\"ListItem\",\"position\":2,\"name\":\"12-metrowy obelisk zwie\u0144czony rze\u017ab\u0105. Na Placu Krakowskim mo\u017ce stan\u0105\u0107 Pomnik Powsta\u0144 Polskich\"}]},{\"@type\":\"WebSite\",\"@id\":\"https:\\\/\\\/www.24gliwice.pl\\\/wiadomosci\\\/#website\",\"url\":\"https:\\\/\\\/www.24gliwice.pl\\\/wiadomosci\\\/\",\"name\":\"24GLIWICE - Portal Gliwice | codziennie nowe wiadomo\u015bci\",\"description\":\"Portal Miejski Gliwice\",\"publisher\":{\"@id\":\"https:\\\/\\\/www.24gliwice.pl\\\/wiadomosci\\\/#organization\"},\"potentialAction\":[{\"@type\":\"SearchAction\",\"target\":{\"@type\":\"EntryPoint\",\"urlTemplate\":\"https:\\\/\\\/www.24gliwice.pl\\\/wiadomosci\\\/?s={search_term_string}\"},\"query-input\":{\"@type\":\"PropertyValueSpecification\",\"valueRequired\":true,\"valueName\":\"search_term_string\"}}],\"inLanguage\":\"pl-PL\"},{\"@type\":\"Organization\",\"@id\":\"https:\\\/\\\/www.24gliwice.pl\\\/wiadomosci\\\/#organization\",\"name\":\"24gliwice\",\"url\":\"https:\\\/\\\/www.24gliwice.pl\\\/wiadomosci\\\/\",\"logo\":{\"@type\":\"ImageObject\",\"inLanguage\":\"pl-PL\",\"@id\":\"https:\\\/\\\/www.24gliwice.pl\\\/wiadomosci\\\/#\\\/schema\\\/logo\\\/image\\\/\",\"url\":\"https:\\\/\\\/www.24gliwice.pl\\\/wiadomosci\\\/wp-content\\\/uploads\\\/2024\\\/10\\\/24gliwice-logo-696.jpg\",\"contentUrl\":\"https:\\\/\\\/www.24gliwice.pl\\\/wiadomosci\\\/wp-content\\\/uploads\\\/2024\\\/10\\\/24gliwice-logo-696.jpg\",\"width\":696,\"height\":696,\"caption\":\"24gliwice\"},\"image\":{\"@id\":\"https:\\\/\\\/www.24gliwice.pl\\\/wiadomosci\\\/#\\\/schema\\\/logo\\\/image\\\/\"},\"sameAs\":[\"https:\\\/\\\/www.facebook.com\\\/24gliwice\",\"https:\\\/\\\/x.com\\\/24gliwice\",\"https:\\\/\\\/www.youtube.com\\\/@24gliwice\"]},{\"@type\":\"Person\",\"@id\":\"https:\\\/\\\/www.24gliwice.pl\\\/wiadomosci\\\/#\\\/schema\\\/person\\\/940e8f8a097e322de4f463f061ef8d45\",\"name\":\"Micha\u0142 Szewczyk\",\"image\":{\"@type\":\"ImageObject\",\"inLanguage\":\"pl-PL\",\"@id\":\"https:\\\/\\\/secure.gravatar.com\\\/avatar\\\/771b8b6c74cd8d255e46392d605e01a86133900ef09b6ef3c8d451c9d92288cf?s=96&d=mm&r=g\",\"url\":\"https:\\\/\\\/secure.gravatar.com\\\/avatar\\\/771b8b6c74cd8d255e46392d605e01a86133900ef09b6ef3c8d451c9d92288cf?s=96&d=mm&r=g\",\"contentUrl\":\"https:\\\/\\\/secure.gravatar.com\\\/avatar\\\/771b8b6c74cd8d255e46392d605e01a86133900ef09b6ef3c8d451c9d92288cf?s=96&d=mm&r=g\",\"caption\":\"Micha\u0142 Szewczyk\"},\"sameAs\":[\"http:\\\/\\\/www.gazeta-miejska.pl\"],\"url\":\"https:\\\/\\\/www.24gliwice.pl\\\/wiadomosci\\\/author\\\/michal-szewczyk\\\/\"}]}<\/script>\n<!-- \/ Yoast SEO plugin. -->","yoast_head_json":{"title":"12-metrowy obelisk zwie\u0144czony rze\u017ab\u0105. Na Placu Krakowskim mo\u017ce stan\u0105\u0107 Pomnik Powsta\u0144 Polskich - 24GLIWICE - Portal Gliwice | codziennie nowe informacje","robots":{"index":"index","follow":"follow","max-snippet":"max-snippet:-1","max-image-preview":"max-image-preview:large","max-video-preview":"max-video-preview:-1"},"canonical":"https:\/\/www.24gliwice.pl\/wiadomosci\/12-metrowy-obelisk-zwienczony-rzezba-na-placu-krakowskim-stanie-pomnik-powstan-polskich\/","og_locale":"pl_PL","og_type":"article","og_title":"12-metrowy obelisk zwie\u0144czony rze\u017ab\u0105. Na Placu Krakowskim mo\u017ce stan\u0105\u0107 Pomnik Powsta\u0144 Polskich - 24GLIWICE - Portal Gliwice | codziennie nowe informacje","og_description":"Na najbli\u017cszej sesji Rady Miasta radni b\u0119d\u0105 g\u0142osowa\u0107 nad pomys\u0142em wzniesienia Pomnika Powsta\u0144 Polskich na Placu Krakowskim. &#8211; Uchwa\u0142a to tylko wyra\u017cenie zgody na inwestycj\u0119. Ca\u0142a inicjatywa oraz zebranie \u015brodk\u00f3w jest w r\u0119kach pomys\u0142odawc\u00f3w &#8211; m\u00f3wi nam Marek Jarz\u0119bowski, rzecznik prezydenta Gliwic. O powstanie pomnika zawnioskowa\u0142 kilka lat temu gliwicki oddzia\u0142 Stowarzyszenia Pami\u0119ci Armii Krajowej, [&hellip;]","og_url":"https:\/\/www.24gliwice.pl\/wiadomosci\/12-metrowy-obelisk-zwienczony-rzezba-na-placu-krakowskim-stanie-pomnik-powstan-polskich\/","og_site_name":"24GLIWICE - Portal Gliwice | codziennie nowe informacje","article_publisher":"https:\/\/www.facebook.com\/24gliwice","article_published_time":"2017-12-11T12:52:05+00:00","article_modified_time":"2018-09-04T15:55:56+00:00","og_image":[{"width":810,"height":456,"url":"https:\/\/www.24gliwice.pl\/wiadomosci\/wp-content\/uploads\/2017\/12\/1-25317217_10155978761449675_1791264293_o.jpg","type":"image\/jpeg"}],"author":"Micha\u0142 Szewczyk","twitter_card":"summary_large_image","twitter_creator":"@24gliwice","twitter_site":"@24gliwice","twitter_misc":{"Napisane przez":"Micha\u0142 Szewczyk","Szacowany czas czytania":"2 minuty"},"schema":{"@context":"https:\/\/schema.org","@graph":[{"@type":"Article","@id":"https:\/\/www.24gliwice.pl\/wiadomosci\/12-metrowy-obelisk-zwienczony-rzezba-na-placu-krakowskim-stanie-pomnik-powstan-polskich\/#article","isPartOf":{"@id":"https:\/\/www.24gliwice.pl\/wiadomosci\/12-metrowy-obelisk-zwienczony-rzezba-na-placu-krakowskim-stanie-pomnik-powstan-polskich\/"},"author":{"name":"Micha\u0142 Szewczyk","@id":"https:\/\/www.24gliwice.pl\/wiadomosci\/#\/schema\/person\/940e8f8a097e322de4f463f061ef8d45"},"headline":"12-metrowy obelisk zwie\u0144czony rze\u017ab\u0105. Na Placu Krakowskim mo\u017ce stan\u0105\u0107 Pomnik Powsta\u0144 Polskich","datePublished":"2017-12-11T12:52:05+00:00","dateModified":"2018-09-04T15:55:56+00:00","mainEntityOfPage":{"@id":"https:\/\/www.24gliwice.pl\/wiadomosci\/12-metrowy-obelisk-zwienczony-rzezba-na-placu-krakowskim-stanie-pomnik-powstan-polskich\/"},"wordCount":403,"commentCount":0,"publisher":{"@id":"https:\/\/www.24gliwice.pl\/wiadomosci\/#organization"},"image":{"@id":"https:\/\/www.24gliwice.pl\/wiadomosci\/12-metrowy-obelisk-zwienczony-rzezba-na-placu-krakowskim-stanie-pomnik-powstan-polskich\/#primaryimage"},"thumbnailUrl":"https:\/\/www.24gliwice.pl\/wiadomosci\/wp-content\/uploads\/2017\/12\/1-25317217_10155978761449675_1791264293_o.jpg","keywords":["MAREK JARZ\u0118BOWSKI"],"articleSection":["Gliwice","Najnowsze wiadomo\u015bci","Portal Gliwice - Wiadomo\u015bci lokalne"],"inLanguage":"pl-PL","potentialAction":[{"@type":"CommentAction","name":"Comment","target":["https:\/\/www.24gliwice.pl\/wiadomosci\/12-metrowy-obelisk-zwienczony-rzezba-na-placu-krakowskim-stanie-pomnik-powstan-polskich\/#respond"]}]},{"@type":"WebPage","@id":"https:\/\/www.24gliwice.pl\/wiadomosci\/12-metrowy-obelisk-zwienczony-rzezba-na-placu-krakowskim-stanie-pomnik-powstan-polskich\/","url":"https:\/\/www.24gliwice.pl\/wiadomosci\/12-metrowy-obelisk-zwienczony-rzezba-na-placu-krakowskim-stanie-pomnik-powstan-polskich\/","name":"12-metrowy obelisk zwie\u0144czony rze\u017ab\u0105. Na Placu Krakowskim mo\u017ce stan\u0105\u0107 Pomnik Powsta\u0144 Polskich - 24GLIWICE - Portal Gliwice | codziennie nowe informacje","isPartOf":{"@id":"https:\/\/www.24gliwice.pl\/wiadomosci\/#website"},"primaryImageOfPage":{"@id":"https:\/\/www.24gliwice.pl\/wiadomosci\/12-metrowy-obelisk-zwienczony-rzezba-na-placu-krakowskim-stanie-pomnik-powstan-polskich\/#primaryimage"},"image":{"@id":"https:\/\/www.24gliwice.pl\/wiadomosci\/12-metrowy-obelisk-zwienczony-rzezba-na-placu-krakowskim-stanie-pomnik-powstan-polskich\/#primaryimage"},"thumbnailUrl":"https:\/\/www.24gliwice.pl\/wiadomosci\/wp-content\/uploads\/2017\/12\/1-25317217_10155978761449675_1791264293_o.jpg","datePublished":"2017-12-11T12:52:05+00:00","dateModified":"2018-09-04T15:55:56+00:00","breadcrumb":{"@id":"https:\/\/www.24gliwice.pl\/wiadomosci\/12-metrowy-obelisk-zwienczony-rzezba-na-placu-krakowskim-stanie-pomnik-powstan-polskich\/#breadcrumb"},"inLanguage":"pl-PL","potentialAction":[{"@type":"ReadAction","target":["https:\/\/www.24gliwice.pl\/wiadomosci\/12-metrowy-obelisk-zwienczony-rzezba-na-placu-krakowskim-stanie-pomnik-powstan-polskich\/"]}]},{"@type":"ImageObject","inLanguage":"pl-PL","@id":"https:\/\/www.24gliwice.pl\/wiadomosci\/12-metrowy-obelisk-zwienczony-rzezba-na-placu-krakowskim-stanie-pomnik-powstan-polskich\/#primaryimage","url":"https:\/\/www.24gliwice.pl\/wiadomosci\/wp-content\/uploads\/2017\/12\/1-25317217_10155978761449675_1791264293_o.jpg","contentUrl":"https:\/\/www.24gliwice.pl\/wiadomosci\/wp-content\/uploads\/2017\/12\/1-25317217_10155978761449675_1791264293_o.jpg","width":810,"height":456,"caption":"Pierwotnie pomnik mia\u0142 stan\u0105\u0107 od strony ul. Wroc\u0142awskiej"},{"@type":"BreadcrumbList","@id":"https:\/\/www.24gliwice.pl\/wiadomosci\/12-metrowy-obelisk-zwienczony-rzezba-na-placu-krakowskim-stanie-pomnik-powstan-polskich\/#breadcrumb","itemListElement":[{"@type":"ListItem","position":1,"name":"Strona g\u0142\u00f3wna","item":"https:\/\/www.24gliwice.pl\/wiadomosci\/"},{"@type":"ListItem","position":2,"name":"12-metrowy obelisk zwie\u0144czony rze\u017ab\u0105. Na Placu Krakowskim mo\u017ce stan\u0105\u0107 Pomnik Powsta\u0144 Polskich"}]},{"@type":"WebSite","@id":"https:\/\/www.24gliwice.pl\/wiadomosci\/#website","url":"https:\/\/www.24gliwice.pl\/wiadomosci\/","name":"24GLIWICE - Portal Gliwice | codziennie nowe wiadomo\u015bci","description":"Portal Miejski Gliwice","publisher":{"@id":"https:\/\/www.24gliwice.pl\/wiadomosci\/#organization"},"potentialAction":[{"@type":"SearchAction","target":{"@type":"EntryPoint","urlTemplate":"https:\/\/www.24gliwice.pl\/wiadomosci\/?s={search_term_string}"},"query-input":{"@type":"PropertyValueSpecification","valueRequired":true,"valueName":"search_term_string"}}],"inLanguage":"pl-PL"},{"@type":"Organization","@id":"https:\/\/www.24gliwice.pl\/wiadomosci\/#organization","name":"24gliwice","url":"https:\/\/www.24gliwice.pl\/wiadomosci\/","logo":{"@type":"ImageObject","inLanguage":"pl-PL","@id":"https:\/\/www.24gliwice.pl\/wiadomosci\/#\/schema\/logo\/image\/","url":"https:\/\/www.24gliwice.pl\/wiadomosci\/wp-content\/uploads\/2024\/10\/24gliwice-logo-696.jpg","contentUrl":"https:\/\/www.24gliwice.pl\/wiadomosci\/wp-content\/uploads\/2024\/10\/24gliwice-logo-696.jpg","width":696,"height":696,"caption":"24gliwice"},"image":{"@id":"https:\/\/www.24gliwice.pl\/wiadomosci\/#\/schema\/logo\/image\/"},"sameAs":["https:\/\/www.facebook.com\/24gliwice","https:\/\/x.com\/24gliwice","https:\/\/www.youtube.com\/@24gliwice"]},{"@type":"Person","@id":"https:\/\/www.24gliwice.pl\/wiadomosci\/#\/schema\/person\/940e8f8a097e322de4f463f061ef8d45","name":"Micha\u0142 Szewczyk","image":{"@type":"ImageObject","inLanguage":"pl-PL","@id":"https:\/\/secure.gravatar.com\/avatar\/771b8b6c74cd8d255e46392d605e01a86133900ef09b6ef3c8d451c9d92288cf?s=96&d=mm&r=g","url":"https:\/\/secure.gravatar.com\/avatar\/771b8b6c74cd8d255e46392d605e01a86133900ef09b6ef3c8d451c9d92288cf?s=96&d=mm&r=g","contentUrl":"https:\/\/secure.gravatar.com\/avatar\/771b8b6c74cd8d255e46392d605e01a86133900ef09b6ef3c8d451c9d92288cf?s=96&d=mm&r=g","caption":"Micha\u0142 Szewczyk"},"sameAs":["http:\/\/www.gazeta-miejska.pl"],"url":"https:\/\/www.24gliwice.pl\/wiadomosci\/author\/michal-szewczyk\/"}]}},"_links":{"self":[{"href":"https:\/\/www.24gliwice.pl\/wiadomosci\/wp-json\/wp\/v2\/posts\/109034","targetHints":{"allow":["GET"]}}],"collection":[{"href":"https:\/\/www.24gliwice.pl\/wiadomosci\/wp-json\/wp\/v2\/posts"}],"about":[{"href":"https:\/\/www.24gliwice.pl\/wiadomosci\/wp-json\/wp\/v2\/types\/post"}],"author":[{"embeddable":true,"href":"https:\/\/www.24gliwice.pl\/wiadomosci\/wp-json\/wp\/v2\/users\/12"}],"replies":[{"embeddable":true,"href":"https:\/\/www.24gliwice.pl\/wiadomosci\/wp-json\/wp\/v2\/comments?post=109034"}],"version-history":[{"count":0,"href":"https:\/\/www.24gliwice.pl\/wiadomosci\/wp-json\/wp\/v2\/posts\/109034\/revisions"}],"wp:featuredmedia":[{"embeddable":true,"href":"https:\/\/www.24gliwice.pl\/wiadomosci\/wp-json\/wp\/v2\/media\/109062"}],"wp:attachment":[{"href":"https:\/\/www.24gliwice.pl\/wiadomosci\/wp-json\/wp\/v2\/media?parent=109034"}],"wp:term":[{"taxonomy":"category","embeddable":true,"href":"https:\/\/www.24gliwice.pl\/wiadomosci\/wp-json\/wp\/v2\/categories?post=109034"},{"taxonomy":"post_tag","embeddable":true,"href":"https:\/\/www.24gliwice.pl\/wiadomosci\/wp-json\/wp\/v2\/tags?post=109034"}],"curies":[{"name":"wp","href":"https:\/\/api.w.org\/{rel}","templated":true}]}}