{"id":109145,"date":"2017-12-14T11:49:36","date_gmt":"2017-12-14T10:49:36","guid":{"rendered":"http:\/\/www.24gliwice.pl\/wiadomosci\/?p=109145"},"modified":"2017-12-14T11:59:23","modified_gmt":"2017-12-14T10:59:23","slug":"rozpoczela-sie-budowa-centrum-50-pierwsi-lokatorzy-wprowadza-sie-tam-za-niecale-2-lata","status":"publish","type":"post","link":"https:\/\/www.24gliwice.pl\/wiadomosci\/rozpoczela-sie-budowa-centrum-50-pierwsi-lokatorzy-wprowadza-sie-tam-za-niecale-2-lata\/","title":{"rendered":"Rozpocz\u0119\u0142a si\u0119 budowa Centrum 50+. Pierwsi lokatorzy zamieszkaj\u0105 tam ju\u017c za nieca\u0142e 2 lata"},"content":{"rendered":"<div class=\"gliwi-a6-nad-leadem-artykulow gliwi-entity-placement\" id=\"gliwi-2379690692\"><div class=\"gliwi-adlabel\"><span style=\"font-size: 9px\">REKLAMA<\/span><\/div><div id=\"gliwi-3448614875\" style=\"margin-bottom: 25px;margin-left: auto;margin-right: auto;text-align: center;\"><a data-no-instant=\"1\" href=\"https:\/\/dom100.eu\/\" rel=\"noopener\" class=\"a2t-link\" target=\"_blank\" aria-label=\"20260415 DOM100 D\"><img loading=\"lazy\" decoding=\"async\" src=\"https:\/\/www.24gliwice.pl\/wiadomosci\/wp-content\/uploads\/2026\/04\/20260415-DOM100-D.jpg\" alt=\"\"  srcset=\"https:\/\/www.24gliwice.pl\/wiadomosci\/wp-content\/uploads\/2026\/04\/20260415-DOM100-D.jpg 750w, https:\/\/www.24gliwice.pl\/wiadomosci\/wp-content\/uploads\/2026\/04\/20260415-DOM100-D-410x109.jpg 410w\" sizes=\"(max-width: 750px) 100vw, 750px\" class=\"no-lazyload\" width=\"750\" height=\"200\"  style=\"display: inline-block; max-width: 100%; height: auto;\" \/><\/a><\/div><\/div><h3>ZBM II TBS realizuje inwestycj\u0119, jakiej w Gliwicach jeszcze nie by\u0142o. Osiedle charakterystyczne dla kraj\u00f3w rozwini\u0119tych powstaje w rejonie komisariatu, p\u0142ywalni i przystanku komunikacji miejskiej.<\/h3>\n<p>Niebawem w tej okolicy powstanie r\u00f3wnie\u017c Centrum Przesiadkowe.<\/p>\n<p>W rejonie ulicy Warszawskiej, za siedzib\u0105 policji oraz ZBM-u rozpocz\u0119to budow\u0119 osiedla dedykowanego osobom starszym. Kompleks 4 budynk\u00f3w pomie\u015bci  \u0142\u0105cznie 84 mieszkania o metra\u017cu od 30 do 66 m2, z kt\u00f3rych 39 przeznaczonych b\u0119dzie na sprzeda\u017c, natomiast pozosta\u0142e pod wynajem.<\/p><div class=\"gliwi-a3-w-tresci-artykulow gliwi-entity-placement\" id=\"gliwi-2222064441\"><div class=\"gliwi-adlabel\"><span style=\"font-size: 9px\">REKLAMA<\/span><\/div><div id=\"gliwi-3045362859\" style=\"margin-bottom: 30px;margin-left: auto;margin-right: auto;text-align: center;\"><a data-no-instant=\"1\" href=\"https:\/\/zlobek.halogen.org.pl\/\" rel=\"noopener\" class=\"a2t-link\" target=\"_blank\" aria-label=\"animator-zlobek_750x200\"><img loading=\"lazy\" decoding=\"async\" src=\"https:\/\/www.24gliwice.pl\/wiadomosci\/wp-content\/uploads\/2026\/02\/animator-zlobek_750x200.webp\" alt=\"\"  srcset=\"https:\/\/www.24gliwice.pl\/wiadomosci\/wp-content\/uploads\/2026\/02\/animator-zlobek_750x200.webp 750w, https:\/\/www.24gliwice.pl\/wiadomosci\/wp-content\/uploads\/2026\/02\/animator-zlobek_750x200-410x109.webp 410w\" sizes=\"(max-width: 750px) 100vw, 750px\" class=\"no-lazyload\" width=\"750\" height=\"200\"  style=\"display: inline-block; max-width: 100%; height: auto;\" \/><\/a><\/div><\/div>\n[perfectpullquote align=&#8221;full&#8221; cite=&#8221;&#8221; link=&#8221;&#8221; color=&#8221;&#8221; class=&#8221;&#8221; size=&#8221;&#8221;]Jeden z obiekt\u00f3w b\u0119dzie mia\u0142 charakter us\u0142ugowy. Znajd\u0105 si\u0119 w nim pomieszczenia pod gabinety lekarskie oraz rehabilitacyjne. [\/perfectpullquote]\n<p><img loading=\"lazy\" decoding=\"async\" src=\"http:\/\/www.24gliwice.pl\/wiadomosci\/wp-content\/uploads\/2017\/12\/centrum-50-plus-budowa-3-e1513173103573.jpg\" alt=\"\" width=\"810\" height=\"456\" class=\"aligncenter size-full wp-image-109180\" \/><\/p>\n<h4>Udogodnienia dla przysz\u0142ych lokator\u00f3w<\/h4>\n<p>Wszystkie mieszkania przystosowane b\u0119d\u0105 do potrzeb os\u00f3b niepe\u0142nosprawnych. W ka\u017cdym z budynk\u00f3w znajdzie si\u0119 winda oraz szeroki korytarz. Lokale na parterze wyposa\u017cone zostan\u0105 w rolety zewn\u0119trzne oraz tarasy o wyko\u0144czonej powierzchni, te na wy\u017cszych kondygnacjach &#8211; w balkony z przesuwanymi \u017caluzjami.<\/p>\n<blockquote><p>G\u0142\u00f3wne za\u0142o\u017cenie tej inwestycji\u00a0to stworzenie swego\u00a0rodzaju oazy dla ludzi dojrza\u0142ych,\u00a0kt\u00f3rzy poszukuj\u0105 w swoim \u017cyciu\u00a0spokoju, wygody i bezpiecze\u0144stwa<\/p><\/blockquote>\n<p>&#8211; wyja\u015bnia\u0142a <strong>Bo\u017cena Or\u0142owska<\/strong>, prezes Zarz\u0105du Budynk\u00f3w Miejskich II TBS w rozmowie z Miejskim Serwisem Informacyjnym.<\/p>\n<p>&#8211; Dla ich potrzeb powstanie\u00a0r\u00f3wnie\u017c specjalnie zaprojektowany\u00a0teren rekreacyjny ze\u00a0\u015bcie\u017ck\u0105 zdrowia i miejscem do\u00a0gry w szachy czy bule, oraz ma\u0142y\u00a0letni amfiteatr \u2013 doda\u0142a Or\u0142owska.<\/p>\n<p>W pierwszej kolejno\u015bci powstanie budynek z mieszkaniami na sprzeda\u017c. Ma on zosta\u0107 wybudowany do ko\u0144ca 2018, a zasiedlony na pocz\u0105tku 2019 roku. Nast\u0119pnie ZBM przyst\u0105pi do realizacji obiektu us\u0142ugowego i dw\u00f3ch pozosta\u0142ych blok\u00f3w. Ca\u0142o\u015b\u0107 inwestycji ma by\u0107 gotowa w 2020 roku.\u00a0Konkurs na koncepcj\u0119 inwestycji wygra\u0142a pracownia architektoniczna Us\u0142ugi Projektowe <strong>Lech Wojtas<\/strong>.<\/p>\n<p>(\u017cms)<\/p>\n<p><img loading=\"lazy\" decoding=\"async\" class=\"alignnone size-full wp-image-109157\" src=\"http:\/\/www.24gliwice.pl\/wiadomosci\/wp-content\/uploads\/2017\/12\/centrum-50-plus-3.jpg\" alt=\"\" width=\"858\" height=\"553\" srcset=\"https:\/\/www.24gliwice.pl\/wiadomosci\/wp-content\/uploads\/2017\/12\/centrum-50-plus-3.jpg 858w, https:\/\/www.24gliwice.pl\/wiadomosci\/wp-content\/uploads\/2017\/12\/centrum-50-plus-3-360x232.jpg 360w, https:\/\/www.24gliwice.pl\/wiadomosci\/wp-content\/uploads\/2017\/12\/centrum-50-plus-3-768x495.jpg 768w, https:\/\/www.24gliwice.pl\/wiadomosci\/wp-content\/uploads\/2017\/12\/centrum-50-plus-3-706x455.jpg 706w, https:\/\/www.24gliwice.pl\/wiadomosci\/wp-content\/uploads\/2017\/12\/centrum-50-plus-3-810x522.jpg 810w\" sizes=\"auto, (max-width: 858px) 100vw, 858px\" \/><\/p>\n<p><img loading=\"lazy\" decoding=\"async\" class=\"alignnone size-full wp-image-109156\" src=\"http:\/\/www.24gliwice.pl\/wiadomosci\/wp-content\/uploads\/2017\/12\/centrum-50-plus-2.jpg\" alt=\"\" width=\"1041\" height=\"320\" srcset=\"https:\/\/www.24gliwice.pl\/wiadomosci\/wp-content\/uploads\/2017\/12\/centrum-50-plus-2.jpg 1041w, https:\/\/www.24gliwice.pl\/wiadomosci\/wp-content\/uploads\/2017\/12\/centrum-50-plus-2-410x126.jpg 410w, https:\/\/www.24gliwice.pl\/wiadomosci\/wp-content\/uploads\/2017\/12\/centrum-50-plus-2-768x236.jpg 768w, https:\/\/www.24gliwice.pl\/wiadomosci\/wp-content\/uploads\/2017\/12\/centrum-50-plus-2-810x249.jpg 810w\" sizes=\"auto, (max-width: 1041px) 100vw, 1041px\" \/><\/p>\n<div class=\"gliwi-a5-na-koncu-artykulow gliwi-entity-placement\" id=\"gliwi-1033446377\"><div class=\"gliwi-adlabel\"><span style=\"font-size: 9px\">REKLAMA<\/span><\/div><div id=\"gliwi-531650372\" style=\"margin-left: auto;margin-right: auto;text-align: center;\"><a data-no-instant=\"1\" href=\"https:\/\/www.jasek.pl\/\" rel=\"noopener\" class=\"a2t-link\" target=\"_blank\" aria-label=\"20200401-jasek 600\"><img loading=\"lazy\" decoding=\"async\" src=\"https:\/\/www.24gliwice.pl\/wiadomosci\/wp-content\/uploads\/2020\/04\/20200401-jasek-600.jpg\" alt=\"\"  srcset=\"https:\/\/www.24gliwice.pl\/wiadomosci\/wp-content\/uploads\/2020\/04\/20200401-jasek-600.jpg 600w, https:\/\/www.24gliwice.pl\/wiadomosci\/wp-content\/uploads\/2020\/04\/20200401-jasek-600-410x109.jpg 410w\" sizes=\"(max-width: 600px) 100vw, 600px\" class=\"no-lazyload\" width=\"600\" height=\"160\"  style=\"display: inline-block; max-width: 100%; height: auto;\" \/><\/a><\/div><\/div>","protected":false},"excerpt":{"rendered":"<p>ZBM II TBS realizuje inwestycj\u0119, jakiej w Gliwicach jeszcze nie by\u0142o. Osiedle charakterystyczne dla kraj\u00f3w rozwini\u0119tych powstaje w rejonie komisariatu, p\u0142ywalni i przystanku komunikacji miejskiej. Niebawem w tej okolicy powstanie r\u00f3wnie\u017c Centrum Przesiadkowe. W rejonie ulicy Warszawskiej, za siedzib\u0105 policji oraz ZBM-u rozpocz\u0119to budow\u0119 osiedla dedykowanego osobom starszym. Kompleks 4 budynk\u00f3w pomie\u015bci \u0142\u0105cznie 84 mieszkania [&hellip;]<\/p>\n","protected":false},"author":15,"featured_media":109232,"comment_status":"open","ping_status":"closed","sticky":false,"template":"","format":"standard","meta":{"_monsterinsights_skip_tracking":false,"_monsterinsights_sitenote_active":false,"_monsterinsights_sitenote_note":"","_monsterinsights_sitenote_category":0,"footnotes":"","_links_to":"","_links_to_target":""},"categories":[3,1,9],"tags":[10287,7304,6301,5173,1508,5527,8052,500],"class_list":["post-109145","post","type-post","status-publish","format-standard","has-post-thumbnail","hentry","category-gliwice","category-wszystko","category-aktualnosci_lokalne","tag-bernardynska","tag-grottgera","tag-komisariat","tag-ogrodki-dzialkowe","tag-tbs","tag-warszawska","tag-zbm","tag-zbm-ii-tbs"],"yoast_head":"<!-- This site is optimized with the Yoast SEO plugin v27.5 - https:\/\/yoast.com\/product\/yoast-seo-wordpress\/ -->\n<title>Rozpocz\u0119\u0142a si\u0119 budowa Centrum 50+. Pierwsi lokatorzy zamieszkaj\u0105 tam ju\u017c za nieca\u0142e 2 lata - 24GLIWICE - Portal Gliwice | codziennie nowe informacje<\/title>\n<meta name=\"robots\" content=\"index, follow, max-snippet:-1, max-image-preview:large, max-video-preview:-1\" \/>\n<link rel=\"canonical\" href=\"https:\/\/www.24gliwice.pl\/wiadomosci\/rozpoczela-sie-budowa-centrum-50-pierwsi-lokatorzy-wprowadza-sie-tam-za-niecale-2-lata\/\" \/>\n<meta property=\"og:locale\" content=\"pl_PL\" \/>\n<meta property=\"og:type\" content=\"article\" \/>\n<meta property=\"og:title\" content=\"Rozpocz\u0119\u0142a si\u0119 budowa Centrum 50+. Pierwsi lokatorzy zamieszkaj\u0105 tam ju\u017c za nieca\u0142e 2 lata - 24GLIWICE - Portal Gliwice | codziennie nowe informacje\" \/>\n<meta property=\"og:description\" content=\"ZBM II TBS realizuje inwestycj\u0119, jakiej w Gliwicach jeszcze nie by\u0142o. Osiedle charakterystyczne dla kraj\u00f3w rozwini\u0119tych powstaje w rejonie komisariatu, p\u0142ywalni i przystanku komunikacji miejskiej. Niebawem w tej okolicy powstanie r\u00f3wnie\u017c Centrum Przesiadkowe. W rejonie ulicy Warszawskiej, za siedzib\u0105 policji oraz ZBM-u rozpocz\u0119to budow\u0119 osiedla dedykowanego osobom starszym. Kompleks 4 budynk\u00f3w pomie\u015bci \u0142\u0105cznie 84 mieszkania [&hellip;]\" \/>\n<meta property=\"og:url\" content=\"https:\/\/www.24gliwice.pl\/wiadomosci\/rozpoczela-sie-budowa-centrum-50-pierwsi-lokatorzy-wprowadza-sie-tam-za-niecale-2-lata\/\" \/>\n<meta property=\"og:site_name\" content=\"24GLIWICE - Portal Gliwice | codziennie nowe informacje\" \/>\n<meta property=\"article:publisher\" content=\"https:\/\/www.facebook.com\/24gliwice\" \/>\n<meta property=\"article:published_time\" content=\"2017-12-14T10:49:36+00:00\" \/>\n<meta property=\"article:modified_time\" content=\"2017-12-14T10:59:23+00:00\" \/>\n<meta property=\"og:image\" content=\"https:\/\/www.24gliwice.pl\/wiadomosci\/wp-content\/uploads\/2017\/12\/Screenshot_32.jpg\" \/>\n\t<meta property=\"og:image:width\" content=\"1167\" \/>\n\t<meta property=\"og:image:height\" content=\"592\" \/>\n\t<meta property=\"og:image:type\" content=\"image\/jpeg\" \/>\n<meta name=\"author\" content=\"\u017baneta Mrozek-Siewierska\" \/>\n<meta name=\"twitter:card\" content=\"summary_large_image\" \/>\n<meta name=\"twitter:creator\" content=\"@24gliwice\" \/>\n<meta name=\"twitter:site\" content=\"@24gliwice\" \/>\n<meta name=\"twitter:label1\" content=\"Napisane przez\" \/>\n\t<meta name=\"twitter:data1\" content=\"\u017baneta Mrozek-Siewierska\" \/>\n\t<meta name=\"twitter:label2\" content=\"Szacowany czas czytania\" \/>\n\t<meta name=\"twitter:data2\" content=\"2 minuty\" \/>\n<script type=\"application\/ld+json\" class=\"yoast-schema-graph\">{\"@context\":\"https:\\\/\\\/schema.org\",\"@graph\":[{\"@type\":\"Article\",\"@id\":\"https:\\\/\\\/www.24gliwice.pl\\\/wiadomosci\\\/rozpoczela-sie-budowa-centrum-50-pierwsi-lokatorzy-wprowadza-sie-tam-za-niecale-2-lata\\\/#article\",\"isPartOf\":{\"@id\":\"https:\\\/\\\/www.24gliwice.pl\\\/wiadomosci\\\/rozpoczela-sie-budowa-centrum-50-pierwsi-lokatorzy-wprowadza-sie-tam-za-niecale-2-lata\\\/\"},\"author\":{\"name\":\"\u017baneta Mrozek-Siewierska\",\"@id\":\"https:\\\/\\\/www.24gliwice.pl\\\/wiadomosci\\\/#\\\/schema\\\/person\\\/e42c650edd7f2fa332be3811fb166b6e\"},\"headline\":\"Rozpocz\u0119\u0142a si\u0119 budowa Centrum 50+. Pierwsi lokatorzy zamieszkaj\u0105 tam ju\u017c za nieca\u0142e 2 lata\",\"datePublished\":\"2017-12-14T10:49:36+00:00\",\"dateModified\":\"2017-12-14T10:59:23+00:00\",\"mainEntityOfPage\":{\"@id\":\"https:\\\/\\\/www.24gliwice.pl\\\/wiadomosci\\\/rozpoczela-sie-budowa-centrum-50-pierwsi-lokatorzy-wprowadza-sie-tam-za-niecale-2-lata\\\/\"},\"wordCount\":322,\"commentCount\":0,\"publisher\":{\"@id\":\"https:\\\/\\\/www.24gliwice.pl\\\/wiadomosci\\\/#organization\"},\"image\":{\"@id\":\"https:\\\/\\\/www.24gliwice.pl\\\/wiadomosci\\\/rozpoczela-sie-budowa-centrum-50-pierwsi-lokatorzy-wprowadza-sie-tam-za-niecale-2-lata\\\/#primaryimage\"},\"thumbnailUrl\":\"https:\\\/\\\/www.24gliwice.pl\\\/wiadomosci\\\/wp-content\\\/uploads\\\/2017\\\/12\\\/Screenshot_32.jpg\",\"keywords\":[\"bernardy\u0144ska\",\"grottgera\",\"komisariat\",\"ogr\u00f3dki dzia\u0142kowe\",\"TBS\",\"warszawska\",\"zbm\",\"ZBM II TBS\"],\"articleSection\":[\"Gliwice\",\"Najnowsze wiadomo\u015bci\",\"Portal Gliwice - Wiadomo\u015bci lokalne\"],\"inLanguage\":\"pl-PL\",\"potentialAction\":[{\"@type\":\"CommentAction\",\"name\":\"Comment\",\"target\":[\"https:\\\/\\\/www.24gliwice.pl\\\/wiadomosci\\\/rozpoczela-sie-budowa-centrum-50-pierwsi-lokatorzy-wprowadza-sie-tam-za-niecale-2-lata\\\/#respond\"]}]},{\"@type\":\"WebPage\",\"@id\":\"https:\\\/\\\/www.24gliwice.pl\\\/wiadomosci\\\/rozpoczela-sie-budowa-centrum-50-pierwsi-lokatorzy-wprowadza-sie-tam-za-niecale-2-lata\\\/\",\"url\":\"https:\\\/\\\/www.24gliwice.pl\\\/wiadomosci\\\/rozpoczela-sie-budowa-centrum-50-pierwsi-lokatorzy-wprowadza-sie-tam-za-niecale-2-lata\\\/\",\"name\":\"Rozpocz\u0119\u0142a si\u0119 budowa Centrum 50+. Pierwsi lokatorzy zamieszkaj\u0105 tam ju\u017c za nieca\u0142e 2 lata - 24GLIWICE - Portal Gliwice | codziennie nowe informacje\",\"isPartOf\":{\"@id\":\"https:\\\/\\\/www.24gliwice.pl\\\/wiadomosci\\\/#website\"},\"primaryImageOfPage\":{\"@id\":\"https:\\\/\\\/www.24gliwice.pl\\\/wiadomosci\\\/rozpoczela-sie-budowa-centrum-50-pierwsi-lokatorzy-wprowadza-sie-tam-za-niecale-2-lata\\\/#primaryimage\"},\"image\":{\"@id\":\"https:\\\/\\\/www.24gliwice.pl\\\/wiadomosci\\\/rozpoczela-sie-budowa-centrum-50-pierwsi-lokatorzy-wprowadza-sie-tam-za-niecale-2-lata\\\/#primaryimage\"},\"thumbnailUrl\":\"https:\\\/\\\/www.24gliwice.pl\\\/wiadomosci\\\/wp-content\\\/uploads\\\/2017\\\/12\\\/Screenshot_32.jpg\",\"datePublished\":\"2017-12-14T10:49:36+00:00\",\"dateModified\":\"2017-12-14T10:59:23+00:00\",\"breadcrumb\":{\"@id\":\"https:\\\/\\\/www.24gliwice.pl\\\/wiadomosci\\\/rozpoczela-sie-budowa-centrum-50-pierwsi-lokatorzy-wprowadza-sie-tam-za-niecale-2-lata\\\/#breadcrumb\"},\"inLanguage\":\"pl-PL\",\"potentialAction\":[{\"@type\":\"ReadAction\",\"target\":[\"https:\\\/\\\/www.24gliwice.pl\\\/wiadomosci\\\/rozpoczela-sie-budowa-centrum-50-pierwsi-lokatorzy-wprowadza-sie-tam-za-niecale-2-lata\\\/\"]}]},{\"@type\":\"ImageObject\",\"inLanguage\":\"pl-PL\",\"@id\":\"https:\\\/\\\/www.24gliwice.pl\\\/wiadomosci\\\/rozpoczela-sie-budowa-centrum-50-pierwsi-lokatorzy-wprowadza-sie-tam-za-niecale-2-lata\\\/#primaryimage\",\"url\":\"https:\\\/\\\/www.24gliwice.pl\\\/wiadomosci\\\/wp-content\\\/uploads\\\/2017\\\/12\\\/Screenshot_32.jpg\",\"contentUrl\":\"https:\\\/\\\/www.24gliwice.pl\\\/wiadomosci\\\/wp-content\\\/uploads\\\/2017\\\/12\\\/Screenshot_32.jpg\",\"width\":1167,\"height\":592},{\"@type\":\"BreadcrumbList\",\"@id\":\"https:\\\/\\\/www.24gliwice.pl\\\/wiadomosci\\\/rozpoczela-sie-budowa-centrum-50-pierwsi-lokatorzy-wprowadza-sie-tam-za-niecale-2-lata\\\/#breadcrumb\",\"itemListElement\":[{\"@type\":\"ListItem\",\"position\":1,\"name\":\"Strona g\u0142\u00f3wna\",\"item\":\"https:\\\/\\\/www.24gliwice.pl\\\/wiadomosci\\\/\"},{\"@type\":\"ListItem\",\"position\":2,\"name\":\"Rozpocz\u0119\u0142a si\u0119 budowa Centrum 50+. Pierwsi lokatorzy zamieszkaj\u0105 tam ju\u017c za nieca\u0142e 2 lata\"}]},{\"@type\":\"WebSite\",\"@id\":\"https:\\\/\\\/www.24gliwice.pl\\\/wiadomosci\\\/#website\",\"url\":\"https:\\\/\\\/www.24gliwice.pl\\\/wiadomosci\\\/\",\"name\":\"24GLIWICE - Portal Gliwice | codziennie nowe wiadomo\u015bci\",\"description\":\"Portal Miejski Gliwice\",\"publisher\":{\"@id\":\"https:\\\/\\\/www.24gliwice.pl\\\/wiadomosci\\\/#organization\"},\"potentialAction\":[{\"@type\":\"SearchAction\",\"target\":{\"@type\":\"EntryPoint\",\"urlTemplate\":\"https:\\\/\\\/www.24gliwice.pl\\\/wiadomosci\\\/?s={search_term_string}\"},\"query-input\":{\"@type\":\"PropertyValueSpecification\",\"valueRequired\":true,\"valueName\":\"search_term_string\"}}],\"inLanguage\":\"pl-PL\"},{\"@type\":\"Organization\",\"@id\":\"https:\\\/\\\/www.24gliwice.pl\\\/wiadomosci\\\/#organization\",\"name\":\"24gliwice\",\"url\":\"https:\\\/\\\/www.24gliwice.pl\\\/wiadomosci\\\/\",\"logo\":{\"@type\":\"ImageObject\",\"inLanguage\":\"pl-PL\",\"@id\":\"https:\\\/\\\/www.24gliwice.pl\\\/wiadomosci\\\/#\\\/schema\\\/logo\\\/image\\\/\",\"url\":\"https:\\\/\\\/www.24gliwice.pl\\\/wiadomosci\\\/wp-content\\\/uploads\\\/2024\\\/10\\\/24gliwice-logo-696.jpg\",\"contentUrl\":\"https:\\\/\\\/www.24gliwice.pl\\\/wiadomosci\\\/wp-content\\\/uploads\\\/2024\\\/10\\\/24gliwice-logo-696.jpg\",\"width\":696,\"height\":696,\"caption\":\"24gliwice\"},\"image\":{\"@id\":\"https:\\\/\\\/www.24gliwice.pl\\\/wiadomosci\\\/#\\\/schema\\\/logo\\\/image\\\/\"},\"sameAs\":[\"https:\\\/\\\/www.facebook.com\\\/24gliwice\",\"https:\\\/\\\/x.com\\\/24gliwice\",\"https:\\\/\\\/www.youtube.com\\\/@24gliwice\"]},{\"@type\":\"Person\",\"@id\":\"https:\\\/\\\/www.24gliwice.pl\\\/wiadomosci\\\/#\\\/schema\\\/person\\\/e42c650edd7f2fa332be3811fb166b6e\",\"name\":\"\u017baneta Mrozek-Siewierska\",\"image\":{\"@type\":\"ImageObject\",\"inLanguage\":\"pl-PL\",\"@id\":\"https:\\\/\\\/secure.gravatar.com\\\/avatar\\\/1881429e9c64597c77ad7aef2d0a19be69a3253e57534d16aa15bf3a4d34a0a3?s=96&d=mm&r=g\",\"url\":\"https:\\\/\\\/secure.gravatar.com\\\/avatar\\\/1881429e9c64597c77ad7aef2d0a19be69a3253e57534d16aa15bf3a4d34a0a3?s=96&d=mm&r=g\",\"contentUrl\":\"https:\\\/\\\/secure.gravatar.com\\\/avatar\\\/1881429e9c64597c77ad7aef2d0a19be69a3253e57534d16aa15bf3a4d34a0a3?s=96&d=mm&r=g\",\"caption\":\"\u017baneta Mrozek-Siewierska\"},\"url\":\"https:\\\/\\\/www.24gliwice.pl\\\/wiadomosci\\\/author\\\/zms\\\/\"}]}<\/script>\n<!-- \/ Yoast SEO plugin. -->","yoast_head_json":{"title":"Rozpocz\u0119\u0142a si\u0119 budowa Centrum 50+. Pierwsi lokatorzy zamieszkaj\u0105 tam ju\u017c za nieca\u0142e 2 lata - 24GLIWICE - Portal Gliwice | codziennie nowe informacje","robots":{"index":"index","follow":"follow","max-snippet":"max-snippet:-1","max-image-preview":"max-image-preview:large","max-video-preview":"max-video-preview:-1"},"canonical":"https:\/\/www.24gliwice.pl\/wiadomosci\/rozpoczela-sie-budowa-centrum-50-pierwsi-lokatorzy-wprowadza-sie-tam-za-niecale-2-lata\/","og_locale":"pl_PL","og_type":"article","og_title":"Rozpocz\u0119\u0142a si\u0119 budowa Centrum 50+. Pierwsi lokatorzy zamieszkaj\u0105 tam ju\u017c za nieca\u0142e 2 lata - 24GLIWICE - Portal Gliwice | codziennie nowe informacje","og_description":"ZBM II TBS realizuje inwestycj\u0119, jakiej w Gliwicach jeszcze nie by\u0142o. Osiedle charakterystyczne dla kraj\u00f3w rozwini\u0119tych powstaje w rejonie komisariatu, p\u0142ywalni i przystanku komunikacji miejskiej. Niebawem w tej okolicy powstanie r\u00f3wnie\u017c Centrum Przesiadkowe. W rejonie ulicy Warszawskiej, za siedzib\u0105 policji oraz ZBM-u rozpocz\u0119to budow\u0119 osiedla dedykowanego osobom starszym. Kompleks 4 budynk\u00f3w pomie\u015bci \u0142\u0105cznie 84 mieszkania [&hellip;]","og_url":"https:\/\/www.24gliwice.pl\/wiadomosci\/rozpoczela-sie-budowa-centrum-50-pierwsi-lokatorzy-wprowadza-sie-tam-za-niecale-2-lata\/","og_site_name":"24GLIWICE - Portal Gliwice | codziennie nowe informacje","article_publisher":"https:\/\/www.facebook.com\/24gliwice","article_published_time":"2017-12-14T10:49:36+00:00","article_modified_time":"2017-12-14T10:59:23+00:00","og_image":[{"width":1167,"height":592,"url":"https:\/\/www.24gliwice.pl\/wiadomosci\/wp-content\/uploads\/2017\/12\/Screenshot_32.jpg","type":"image\/jpeg"}],"author":"\u017baneta Mrozek-Siewierska","twitter_card":"summary_large_image","twitter_creator":"@24gliwice","twitter_site":"@24gliwice","twitter_misc":{"Napisane przez":"\u017baneta Mrozek-Siewierska","Szacowany czas czytania":"2 minuty"},"schema":{"@context":"https:\/\/schema.org","@graph":[{"@type":"Article","@id":"https:\/\/www.24gliwice.pl\/wiadomosci\/rozpoczela-sie-budowa-centrum-50-pierwsi-lokatorzy-wprowadza-sie-tam-za-niecale-2-lata\/#article","isPartOf":{"@id":"https:\/\/www.24gliwice.pl\/wiadomosci\/rozpoczela-sie-budowa-centrum-50-pierwsi-lokatorzy-wprowadza-sie-tam-za-niecale-2-lata\/"},"author":{"name":"\u017baneta Mrozek-Siewierska","@id":"https:\/\/www.24gliwice.pl\/wiadomosci\/#\/schema\/person\/e42c650edd7f2fa332be3811fb166b6e"},"headline":"Rozpocz\u0119\u0142a si\u0119 budowa Centrum 50+. Pierwsi lokatorzy zamieszkaj\u0105 tam ju\u017c za nieca\u0142e 2 lata","datePublished":"2017-12-14T10:49:36+00:00","dateModified":"2017-12-14T10:59:23+00:00","mainEntityOfPage":{"@id":"https:\/\/www.24gliwice.pl\/wiadomosci\/rozpoczela-sie-budowa-centrum-50-pierwsi-lokatorzy-wprowadza-sie-tam-za-niecale-2-lata\/"},"wordCount":322,"commentCount":0,"publisher":{"@id":"https:\/\/www.24gliwice.pl\/wiadomosci\/#organization"},"image":{"@id":"https:\/\/www.24gliwice.pl\/wiadomosci\/rozpoczela-sie-budowa-centrum-50-pierwsi-lokatorzy-wprowadza-sie-tam-za-niecale-2-lata\/#primaryimage"},"thumbnailUrl":"https:\/\/www.24gliwice.pl\/wiadomosci\/wp-content\/uploads\/2017\/12\/Screenshot_32.jpg","keywords":["bernardy\u0144ska","grottgera","komisariat","ogr\u00f3dki dzia\u0142kowe","TBS","warszawska","zbm","ZBM II TBS"],"articleSection":["Gliwice","Najnowsze wiadomo\u015bci","Portal Gliwice - Wiadomo\u015bci lokalne"],"inLanguage":"pl-PL","potentialAction":[{"@type":"CommentAction","name":"Comment","target":["https:\/\/www.24gliwice.pl\/wiadomosci\/rozpoczela-sie-budowa-centrum-50-pierwsi-lokatorzy-wprowadza-sie-tam-za-niecale-2-lata\/#respond"]}]},{"@type":"WebPage","@id":"https:\/\/www.24gliwice.pl\/wiadomosci\/rozpoczela-sie-budowa-centrum-50-pierwsi-lokatorzy-wprowadza-sie-tam-za-niecale-2-lata\/","url":"https:\/\/www.24gliwice.pl\/wiadomosci\/rozpoczela-sie-budowa-centrum-50-pierwsi-lokatorzy-wprowadza-sie-tam-za-niecale-2-lata\/","name":"Rozpocz\u0119\u0142a si\u0119 budowa Centrum 50+. Pierwsi lokatorzy zamieszkaj\u0105 tam ju\u017c za nieca\u0142e 2 lata - 24GLIWICE - Portal Gliwice | codziennie nowe informacje","isPartOf":{"@id":"https:\/\/www.24gliwice.pl\/wiadomosci\/#website"},"primaryImageOfPage":{"@id":"https:\/\/www.24gliwice.pl\/wiadomosci\/rozpoczela-sie-budowa-centrum-50-pierwsi-lokatorzy-wprowadza-sie-tam-za-niecale-2-lata\/#primaryimage"},"image":{"@id":"https:\/\/www.24gliwice.pl\/wiadomosci\/rozpoczela-sie-budowa-centrum-50-pierwsi-lokatorzy-wprowadza-sie-tam-za-niecale-2-lata\/#primaryimage"},"thumbnailUrl":"https:\/\/www.24gliwice.pl\/wiadomosci\/wp-content\/uploads\/2017\/12\/Screenshot_32.jpg","datePublished":"2017-12-14T10:49:36+00:00","dateModified":"2017-12-14T10:59:23+00:00","breadcrumb":{"@id":"https:\/\/www.24gliwice.pl\/wiadomosci\/rozpoczela-sie-budowa-centrum-50-pierwsi-lokatorzy-wprowadza-sie-tam-za-niecale-2-lata\/#breadcrumb"},"inLanguage":"pl-PL","potentialAction":[{"@type":"ReadAction","target":["https:\/\/www.24gliwice.pl\/wiadomosci\/rozpoczela-sie-budowa-centrum-50-pierwsi-lokatorzy-wprowadza-sie-tam-za-niecale-2-lata\/"]}]},{"@type":"ImageObject","inLanguage":"pl-PL","@id":"https:\/\/www.24gliwice.pl\/wiadomosci\/rozpoczela-sie-budowa-centrum-50-pierwsi-lokatorzy-wprowadza-sie-tam-za-niecale-2-lata\/#primaryimage","url":"https:\/\/www.24gliwice.pl\/wiadomosci\/wp-content\/uploads\/2017\/12\/Screenshot_32.jpg","contentUrl":"https:\/\/www.24gliwice.pl\/wiadomosci\/wp-content\/uploads\/2017\/12\/Screenshot_32.jpg","width":1167,"height":592},{"@type":"BreadcrumbList","@id":"https:\/\/www.24gliwice.pl\/wiadomosci\/rozpoczela-sie-budowa-centrum-50-pierwsi-lokatorzy-wprowadza-sie-tam-za-niecale-2-lata\/#breadcrumb","itemListElement":[{"@type":"ListItem","position":1,"name":"Strona g\u0142\u00f3wna","item":"https:\/\/www.24gliwice.pl\/wiadomosci\/"},{"@type":"ListItem","position":2,"name":"Rozpocz\u0119\u0142a si\u0119 budowa Centrum 50+. Pierwsi lokatorzy zamieszkaj\u0105 tam ju\u017c za nieca\u0142e 2 lata"}]},{"@type":"WebSite","@id":"https:\/\/www.24gliwice.pl\/wiadomosci\/#website","url":"https:\/\/www.24gliwice.pl\/wiadomosci\/","name":"24GLIWICE - Portal Gliwice | codziennie nowe wiadomo\u015bci","description":"Portal Miejski Gliwice","publisher":{"@id":"https:\/\/www.24gliwice.pl\/wiadomosci\/#organization"},"potentialAction":[{"@type":"SearchAction","target":{"@type":"EntryPoint","urlTemplate":"https:\/\/www.24gliwice.pl\/wiadomosci\/?s={search_term_string}"},"query-input":{"@type":"PropertyValueSpecification","valueRequired":true,"valueName":"search_term_string"}}],"inLanguage":"pl-PL"},{"@type":"Organization","@id":"https:\/\/www.24gliwice.pl\/wiadomosci\/#organization","name":"24gliwice","url":"https:\/\/www.24gliwice.pl\/wiadomosci\/","logo":{"@type":"ImageObject","inLanguage":"pl-PL","@id":"https:\/\/www.24gliwice.pl\/wiadomosci\/#\/schema\/logo\/image\/","url":"https:\/\/www.24gliwice.pl\/wiadomosci\/wp-content\/uploads\/2024\/10\/24gliwice-logo-696.jpg","contentUrl":"https:\/\/www.24gliwice.pl\/wiadomosci\/wp-content\/uploads\/2024\/10\/24gliwice-logo-696.jpg","width":696,"height":696,"caption":"24gliwice"},"image":{"@id":"https:\/\/www.24gliwice.pl\/wiadomosci\/#\/schema\/logo\/image\/"},"sameAs":["https:\/\/www.facebook.com\/24gliwice","https:\/\/x.com\/24gliwice","https:\/\/www.youtube.com\/@24gliwice"]},{"@type":"Person","@id":"https:\/\/www.24gliwice.pl\/wiadomosci\/#\/schema\/person\/e42c650edd7f2fa332be3811fb166b6e","name":"\u017baneta Mrozek-Siewierska","image":{"@type":"ImageObject","inLanguage":"pl-PL","@id":"https:\/\/secure.gravatar.com\/avatar\/1881429e9c64597c77ad7aef2d0a19be69a3253e57534d16aa15bf3a4d34a0a3?s=96&d=mm&r=g","url":"https:\/\/secure.gravatar.com\/avatar\/1881429e9c64597c77ad7aef2d0a19be69a3253e57534d16aa15bf3a4d34a0a3?s=96&d=mm&r=g","contentUrl":"https:\/\/secure.gravatar.com\/avatar\/1881429e9c64597c77ad7aef2d0a19be69a3253e57534d16aa15bf3a4d34a0a3?s=96&d=mm&r=g","caption":"\u017baneta Mrozek-Siewierska"},"url":"https:\/\/www.24gliwice.pl\/wiadomosci\/author\/zms\/"}]}},"_links":{"self":[{"href":"https:\/\/www.24gliwice.pl\/wiadomosci\/wp-json\/wp\/v2\/posts\/109145","targetHints":{"allow":["GET"]}}],"collection":[{"href":"https:\/\/www.24gliwice.pl\/wiadomosci\/wp-json\/wp\/v2\/posts"}],"about":[{"href":"https:\/\/www.24gliwice.pl\/wiadomosci\/wp-json\/wp\/v2\/types\/post"}],"author":[{"embeddable":true,"href":"https:\/\/www.24gliwice.pl\/wiadomosci\/wp-json\/wp\/v2\/users\/15"}],"replies":[{"embeddable":true,"href":"https:\/\/www.24gliwice.pl\/wiadomosci\/wp-json\/wp\/v2\/comments?post=109145"}],"version-history":[{"count":0,"href":"https:\/\/www.24gliwice.pl\/wiadomosci\/wp-json\/wp\/v2\/posts\/109145\/revisions"}],"wp:featuredmedia":[{"embeddable":true,"href":"https:\/\/www.24gliwice.pl\/wiadomosci\/wp-json\/wp\/v2\/media\/109232"}],"wp:attachment":[{"href":"https:\/\/www.24gliwice.pl\/wiadomosci\/wp-json\/wp\/v2\/media?parent=109145"}],"wp:term":[{"taxonomy":"category","embeddable":true,"href":"https:\/\/www.24gliwice.pl\/wiadomosci\/wp-json\/wp\/v2\/categories?post=109145"},{"taxonomy":"post_tag","embeddable":true,"href":"https:\/\/www.24gliwice.pl\/wiadomosci\/wp-json\/wp\/v2\/tags?post=109145"}],"curies":[{"name":"wp","href":"https:\/\/api.w.org\/{rel}","templated":true}]}}