{"id":109257,"date":"2017-12-15T11:09:45","date_gmt":"2017-12-15T10:09:45","guid":{"rendered":"http:\/\/www.24gliwice.pl\/wiadomosci\/?p=109257"},"modified":"2017-12-15T21:39:17","modified_gmt":"2017-12-15T20:39:17","slug":"zaplacimy-wiecej-za-wywoz-smieci-stawki-w-gore-o-kilkadziesiat-procent","status":"publish","type":"post","link":"https:\/\/www.24gliwice.pl\/wiadomosci\/zaplacimy-wiecej-za-wywoz-smieci-stawki-w-gore-o-kilkadziesiat-procent\/","title":{"rendered":"Zap\u0142acimy wi\u0119cej za wyw\u00f3z \u015bmieci. Stawki w g\u00f3r\u0119 o kilkadziesi\u0105t procent"},"content":{"rendered":"<div class=\"gliwi-a6-nad-leadem-artykulow gliwi-entity-placement\" id=\"gliwi-803191008\"><div class=\"gliwi-adlabel\"><span style=\"font-size: 9px\">REKLAMA<\/span><\/div><div id=\"gliwi-1605473211\" style=\"margin-bottom: 30px;margin-left: auto;margin-right: auto;text-align: center;\"><a data-no-instant=\"1\" href=\"https:\/\/przedszkole.halogen.org.pl\/\" rel=\"noopener\" class=\"a2t-link\" target=\"_blank\" aria-label=\"20260402-ANIMATOR-przedszkole_grafika_750x200\"><img loading=\"lazy\" decoding=\"async\" src=\"https:\/\/www.24gliwice.pl\/wiadomosci\/wp-content\/uploads\/2026\/04\/20260402-ANIMATOR-przedszkole_grafika_750x200.webp\" alt=\"\"  srcset=\"https:\/\/www.24gliwice.pl\/wiadomosci\/wp-content\/uploads\/2026\/04\/20260402-ANIMATOR-przedszkole_grafika_750x200.webp 750w, https:\/\/www.24gliwice.pl\/wiadomosci\/wp-content\/uploads\/2026\/04\/20260402-ANIMATOR-przedszkole_grafika_750x200-410x109.webp 410w\" sizes=\"(max-width: 750px) 100vw, 750px\" class=\"no-lazyload\" width=\"750\" height=\"200\"  style=\"display: inline-block; max-width: 100%; height: auto;\" \/><\/a><\/div><\/div><h3>Radni przeg\u0142osowali uchwa\u0142\u0119 wprowadzaj\u0105c\u0105 wy\u017csze stawki za odbi\u00f3r odpad\u00f3w komunalnych zar\u00f3wno segregowanych, jak i zbieranych nieselektywnie. Prezydencki projekt poparli niemal wszyscy radni KdGZF, przeciw by\u0142o ca\u0142e PIS.<\/h3>\n<p> Cz\u0119\u015b\u0107 radnych PO tym razem popar\u0142a projekt, co zdecydowa\u0142o o przyj\u0119ciu uchwa\u0142y.  <\/p>\n<p>Po wej\u015bciu w \u017cycie zmian mieszka\u0144cy segreguj\u0105cy odpady zap\u0142ac\u0105 za ich wyw\u00f3z \u015brednio 20% wi\u0119cej. Podwy\u017cka op\u0142at w przypadku os\u00f3b niestosuj\u0105cych segregacji \u015bmieci b\u0119dzie si\u0119gnie nawet 163%.<br \/>\nDzia\u0142ania, kt\u00f3re maj\u0105 doprowadzi\u0107 do 50% udzia\u0142u odpad\u00f3w zbieranych selektywnie w ca\u0142kowitej ilo\u015bci odpad\u00f3w komunalnych, wymuszaj\u0105 unijne przepisy. Rosn\u0105 te\u017c koszty po stronie firmy zajmuj\u0105cej si\u0119 wyw\u00f3zk\u0105 (w Gliwicach jest to Remondis).<\/p><div class=\"gliwi-a3-w-tresci-artykulow gliwi-entity-placement\" id=\"gliwi-2064494469\"><div class=\"gliwi-adlabel\"><span style=\"font-size: 9px\">REKLAMA<\/span><\/div><div id=\"gliwi-1770950189\" style=\"margin-bottom: 30px;margin-left: auto;margin-right: auto;text-align: center;\"><a data-no-instant=\"1\" href=\"https:\/\/zlobek.halogen.org.pl\/\" rel=\"noopener\" class=\"a2t-link\" target=\"_blank\" aria-label=\"animator-zlobek_750x200\"><img loading=\"lazy\" decoding=\"async\" src=\"https:\/\/www.24gliwice.pl\/wiadomosci\/wp-content\/uploads\/2026\/02\/animator-zlobek_750x200.webp\" alt=\"\"  srcset=\"https:\/\/www.24gliwice.pl\/wiadomosci\/wp-content\/uploads\/2026\/02\/animator-zlobek_750x200.webp 750w, https:\/\/www.24gliwice.pl\/wiadomosci\/wp-content\/uploads\/2026\/02\/animator-zlobek_750x200-410x109.webp 410w\" sizes=\"(max-width: 750px) 100vw, 750px\" class=\"no-lazyload\" width=\"750\" height=\"200\"  style=\"display: inline-block; max-width: 100%; height: auto;\" \/><\/a><\/div><\/div>\n<p>Na ostatniej w tym roku sesji Rady Miasta, Magistrat uchwa\u0142\u0119 spr\u00f3bowa\u0142 przeforsowa\u0107 ju\u017c po raz trzeci i po raz kolejny w niezmienionym brzmieniu, zak\u0142adaj\u0105cym metod\u0119 ustalania op\u0142aty za wyw\u00f3z \u015bmieci od m2 powierzchni mieszkalnej. To rozwi\u0105zanie od dawna budzi\u0142o w\u0105tpliwo\u015bci radnych opozycji, kt\u00f3rzy kilkukrotnie wskazywali, \u017ce system jest niesprawiedliwy i postulowali wprowadzenie metody naliczania op\u0142at &#8220;od g\u0142owy&#8221;. <\/p>\n<p>Pat trwa\u0142 od sierpnia, a\u017c do czwartkowej sesji Rady Miasta. W dotychczas zgodnie blokuj\u0105cym zmiany tandemie PiS i PO, wy\u0142ama\u0142a si\u0119 cz\u0119\u015b\u0107 radnych tej drugiej partii, co pozwoli\u0142o na przyj\u0119cie uchwa\u0142y stosunkiem 12 g\u0142os\u00f3w za, 9 przeciw i 4 wstrzymuj\u0105cych si\u0119.<\/p>\n<p><strong>G\u0142osowali za:<\/strong><br \/>\nMagdalena Budny (KdGZF)<br \/>\nMicha\u0142 Ja\u015bniok (KdGZF)<br \/>\nKrzysztof Kleczka (KdGZF)<br \/>\nStanis\u0142aw Kubit (KdGZF)<br \/>\nTadeusz Olejnik (KdGZF)<br \/>\nMarek Pszonak (KdGZF)<br \/>\nKrystyna Sowa (KdGZF)<br \/>\nGra\u017cyna Walter-\u0141ukowicz (KdGZF)<br \/>\nPawe\u0142 Wr\u00f3blewski (KdGZF)<br \/>\nEwa Potocka (PO)<br \/>\nJanusz Szymanowski (PO)<br \/>\nUrszula Wi\u0119ckowska (PO)<\/p>\n<p><strong>G\u0142osowali przeciw:<\/strong><br \/>\nRyszard Buczek (PiS)<br \/>\nZdzis\u0142aw Goliszewski (PiS)<br \/>\nMarek Kopa\u0142a (PiS)<br \/>\nBart\u0142omiej Kowalski (PiS)<br \/>\nAdam Majgier (PiS)<br \/>\nKrzysztof Procel (PiS)<br \/>\nTomasz Tylutko (PiS)<br \/>\nDominik Dragon (PO)<br \/>\nKajetan Gornig (PO)<\/p>\n<p><strong>Wstrzymali si\u0119 od g\u0142osu:<\/strong><br \/>\nBernard Fic (SLD)<br \/>\nPatryk Hodura (SLD)<br \/>\nZbigniew Wygoda (PO)<br \/>\nJan Paj\u0105k (KdGZF)<\/p>\n<p>Przypomnijmy, ju\u017c przy okazji poprzednich g\u0142osowa\u0144 m\u00f3wi\u0142o si\u0119, \u017ce na decyzj\u0119 radnych wp\u0142yw wywiera partyjna g\u00f3ra. Ze strony kierownictwa PiS mia\u0142 pojawi\u0107 si\u0119 nacisk by utrudnia\u0107 dzia\u0142anie Zygmuntowi Frankiewiczowi (po tym jak popar\u0142 niepisowskiego kandydata w wyborach na szefa \u015bl\u0105skiej metropolii), z kolei radni PO zostali &#8220;poproszeni&#8221; o wsparcie ugrupowania prezydenckiego. S\u0105dz\u0105c po wynikach czwartkowego g\u0142osowania oczekiwania te cz\u0119\u015bciowo zosta\u0142y spe\u0142nione.<br \/>\n(\u017cms\/msz)<\/p>\n<h4>Po podwy\u017cce b\u0119d\u0105 obowi\u0105zywa\u0142y nast\u0119puj\u0105ce stawki:<\/h4>\n<p><strong>Dla odpad\u00f3w zbieranych w spos\u00f3b selektywny:<\/strong><\/p>\n<p>&#8211; 0,45 z\u0142 od l m2 powierzchni do 60 m2 w\u0142\u0105cznie,<br \/>\n&#8211; 0,36 z\u0142 od 1 m2 powierzchni powy\u017cej 60 m2 do 90 m2 w\u0142\u0105cznie,<br \/>\n&#8211; 0,24 z\u0142 od 1 m2 powierzchni powy\u017cej 90 m2 do 120 m2 w\u0142\u0105cznie,<br \/>\n&#8211; 0,12 z\u0142 od 1 m2 powierzchni powy\u017cej 120 m2.<\/p>\n<p><strong>Dla odpad\u00f3w zbieranych w spos\u00f3b nieselektywny:<\/strong><\/p>\n<p>&#8211; 2,00 z\u0142 od 1 m2 powierzchni do 60 m2 w\u0142\u0105cznie,<br \/>\n&#8211; 1,50 z\u0142 od 1 m2 powierzchni powy\u017cej 60 m2 do 90 m2 w\u0142\u0105cznie,<br \/>\n&#8211; 1,00 z\u0142 od 1 m2 powierzchni powy\u017cej 90 m2 do 120 m2 w\u0142\u0105cznie,<br \/>\n&#8211; 0,50 z\u0142 od 1 m2 powierzchni powy\u017cej 120 m2.<\/p>\n<div class=\"gliwi-a5-na-koncu-artykulow gliwi-entity-placement\" id=\"gliwi-3724410286\"><div class=\"gliwi-adlabel\"><span style=\"font-size: 9px\">REKLAMA<\/span><\/div><div id=\"gliwi-2562806162\" style=\"margin-left: auto;margin-right: auto;text-align: center;\"><a data-no-instant=\"1\" href=\"https:\/\/prezeroarenagliwice.pl\/\" rel=\"noopener\" class=\"a2t-link\" target=\"_blank\" aria-label=\"20260309-PREZERO-WIOSNA-D\"><img loading=\"lazy\" decoding=\"async\" src=\"https:\/\/www.24gliwice.pl\/wiadomosci\/wp-content\/uploads\/2026\/03\/20260309-PREZERO-WIOSNA-D.webp\" alt=\"\"  srcset=\"https:\/\/www.24gliwice.pl\/wiadomosci\/wp-content\/uploads\/2026\/03\/20260309-PREZERO-WIOSNA-D.webp 750w, https:\/\/www.24gliwice.pl\/wiadomosci\/wp-content\/uploads\/2026\/03\/20260309-PREZERO-WIOSNA-D-410x109.webp 410w\" sizes=\"(max-width: 750px) 100vw, 750px\" class=\"no-lazyload\" width=\"750\" height=\"200\"  style=\"display: inline-block; max-width: 100%; height: auto;\" \/><\/a><\/div><\/div>","protected":false},"excerpt":{"rendered":"<p>Radni przeg\u0142osowali uchwa\u0142\u0119 wprowadzaj\u0105c\u0105 wy\u017csze stawki za odbi\u00f3r odpad\u00f3w komunalnych zar\u00f3wno segregowanych, jak i zbieranych nieselektywnie. Prezydencki projekt poparli niemal wszyscy radni KdGZF, przeciw by\u0142o ca\u0142e PIS. Cz\u0119\u015b\u0107 radnych PO tym razem popar\u0142a projekt, co zdecydowa\u0142o o przyj\u0119ciu uchwa\u0142y. Po wej\u015bciu w \u017cycie zmian mieszka\u0144cy segreguj\u0105cy odpady zap\u0142ac\u0105 za ich wyw\u00f3z \u015brednio 20% wi\u0119cej. Podwy\u017cka [&hellip;]<\/p>\n","protected":false},"author":15,"featured_media":109291,"comment_status":"open","ping_status":"closed","sticky":false,"template":"","format":"standard","meta":{"_monsterinsights_skip_tracking":false,"_monsterinsights_sitenote_active":false,"_monsterinsights_sitenote_note":"","_monsterinsights_sitenote_category":0,"footnotes":"","_links_to":"","_links_to_target":""},"categories":[3,1,9],"tags":[10986,8942,10987,8706,1140,8328,10985],"class_list":["post-109257","post","type-post","status-publish","format-standard","has-post-thumbnail","hentry","category-gliwice","category-wszystko","category-aktualnosci_lokalne","tag-odbior-odpadow","tag-odpady","tag-odpady-segregowane","tag-oplaty","tag-smieci","tag-uchwala","tag-wywoz-odpadow"],"yoast_head":"<!-- This site is optimized with the Yoast SEO plugin v27.5 - https:\/\/yoast.com\/product\/yoast-seo-wordpress\/ -->\n<title>Zap\u0142acimy wi\u0119cej za wyw\u00f3z \u015bmieci. Stawki w g\u00f3r\u0119 o kilkadziesi\u0105t procent - 24GLIWICE - Portal Gliwice | codziennie nowe informacje<\/title>\n<meta name=\"robots\" content=\"index, follow, max-snippet:-1, max-image-preview:large, max-video-preview:-1\" \/>\n<link rel=\"canonical\" href=\"https:\/\/www.24gliwice.pl\/wiadomosci\/zaplacimy-wiecej-za-wywoz-smieci-stawki-w-gore-o-kilkadziesiat-procent\/\" \/>\n<meta property=\"og:locale\" content=\"pl_PL\" \/>\n<meta property=\"og:type\" content=\"article\" \/>\n<meta property=\"og:title\" content=\"Zap\u0142acimy wi\u0119cej za wyw\u00f3z \u015bmieci. Stawki w g\u00f3r\u0119 o kilkadziesi\u0105t procent - 24GLIWICE - Portal Gliwice | codziennie nowe informacje\" \/>\n<meta property=\"og:description\" content=\"Radni przeg\u0142osowali uchwa\u0142\u0119 wprowadzaj\u0105c\u0105 wy\u017csze stawki za odbi\u00f3r odpad\u00f3w komunalnych zar\u00f3wno segregowanych, jak i zbieranych nieselektywnie. Prezydencki projekt poparli niemal wszyscy radni KdGZF, przeciw by\u0142o ca\u0142e PIS. Cz\u0119\u015b\u0107 radnych PO tym razem popar\u0142a projekt, co zdecydowa\u0142o o przyj\u0119ciu uchwa\u0142y. Po wej\u015bciu w \u017cycie zmian mieszka\u0144cy segreguj\u0105cy odpady zap\u0142ac\u0105 za ich wyw\u00f3z \u015brednio 20% wi\u0119cej. Podwy\u017cka [&hellip;]\" \/>\n<meta property=\"og:url\" content=\"https:\/\/www.24gliwice.pl\/wiadomosci\/zaplacimy-wiecej-za-wywoz-smieci-stawki-w-gore-o-kilkadziesiat-procent\/\" \/>\n<meta property=\"og:site_name\" content=\"24GLIWICE - Portal Gliwice | codziennie nowe informacje\" \/>\n<meta property=\"article:publisher\" content=\"https:\/\/www.facebook.com\/24gliwice\" \/>\n<meta property=\"article:published_time\" content=\"2017-12-15T10:09:45+00:00\" \/>\n<meta property=\"article:modified_time\" content=\"2017-12-15T20:39:17+00:00\" \/>\n<meta property=\"og:image\" content=\"https:\/\/www.24gliwice.pl\/wiadomosci\/wp-content\/uploads\/2017\/12\/smieci-remondis.jpg\" \/>\n\t<meta property=\"og:image:width\" content=\"1321\" \/>\n\t<meta property=\"og:image:height\" content=\"723\" \/>\n\t<meta property=\"og:image:type\" content=\"image\/jpeg\" \/>\n<meta name=\"author\" content=\"\u017baneta Mrozek-Siewierska\" \/>\n<meta name=\"twitter:card\" content=\"summary_large_image\" \/>\n<meta name=\"twitter:creator\" content=\"@24gliwice\" \/>\n<meta name=\"twitter:site\" content=\"@24gliwice\" \/>\n<meta name=\"twitter:label1\" content=\"Napisane przez\" \/>\n\t<meta name=\"twitter:data1\" content=\"\u017baneta Mrozek-Siewierska\" \/>\n\t<meta name=\"twitter:label2\" content=\"Szacowany czas czytania\" \/>\n\t<meta name=\"twitter:data2\" content=\"3 minuty\" \/>\n<script type=\"application\/ld+json\" class=\"yoast-schema-graph\">{\"@context\":\"https:\\\/\\\/schema.org\",\"@graph\":[{\"@type\":\"Article\",\"@id\":\"https:\\\/\\\/www.24gliwice.pl\\\/wiadomosci\\\/zaplacimy-wiecej-za-wywoz-smieci-stawki-w-gore-o-kilkadziesiat-procent\\\/#article\",\"isPartOf\":{\"@id\":\"https:\\\/\\\/www.24gliwice.pl\\\/wiadomosci\\\/zaplacimy-wiecej-za-wywoz-smieci-stawki-w-gore-o-kilkadziesiat-procent\\\/\"},\"author\":{\"name\":\"\u017baneta Mrozek-Siewierska\",\"@id\":\"https:\\\/\\\/www.24gliwice.pl\\\/wiadomosci\\\/#\\\/schema\\\/person\\\/e42c650edd7f2fa332be3811fb166b6e\"},\"headline\":\"Zap\u0142acimy wi\u0119cej za wyw\u00f3z \u015bmieci. Stawki w g\u00f3r\u0119 o kilkadziesi\u0105t procent\",\"datePublished\":\"2017-12-15T10:09:45+00:00\",\"dateModified\":\"2017-12-15T20:39:17+00:00\",\"mainEntityOfPage\":{\"@id\":\"https:\\\/\\\/www.24gliwice.pl\\\/wiadomosci\\\/zaplacimy-wiecej-za-wywoz-smieci-stawki-w-gore-o-kilkadziesiat-procent\\\/\"},\"wordCount\":543,\"commentCount\":0,\"publisher\":{\"@id\":\"https:\\\/\\\/www.24gliwice.pl\\\/wiadomosci\\\/#organization\"},\"image\":{\"@id\":\"https:\\\/\\\/www.24gliwice.pl\\\/wiadomosci\\\/zaplacimy-wiecej-za-wywoz-smieci-stawki-w-gore-o-kilkadziesiat-procent\\\/#primaryimage\"},\"thumbnailUrl\":\"https:\\\/\\\/www.24gliwice.pl\\\/wiadomosci\\\/wp-content\\\/uploads\\\/2017\\\/12\\\/smieci-remondis.jpg\",\"keywords\":[\"odbi\u00f3r odpad\u00f3w\",\"ODPADY\",\"odpady segregowane\",\"op\u0142aty\",\"\u015aMIECI\",\"uchwa\u0142a\",\"wyw\u00f3z odpad\u00f3w\"],\"articleSection\":[\"Gliwice\",\"Najnowsze wiadomo\u015bci\",\"Portal Gliwice - Wiadomo\u015bci lokalne\"],\"inLanguage\":\"pl-PL\",\"potentialAction\":[{\"@type\":\"CommentAction\",\"name\":\"Comment\",\"target\":[\"https:\\\/\\\/www.24gliwice.pl\\\/wiadomosci\\\/zaplacimy-wiecej-za-wywoz-smieci-stawki-w-gore-o-kilkadziesiat-procent\\\/#respond\"]}]},{\"@type\":\"WebPage\",\"@id\":\"https:\\\/\\\/www.24gliwice.pl\\\/wiadomosci\\\/zaplacimy-wiecej-za-wywoz-smieci-stawki-w-gore-o-kilkadziesiat-procent\\\/\",\"url\":\"https:\\\/\\\/www.24gliwice.pl\\\/wiadomosci\\\/zaplacimy-wiecej-za-wywoz-smieci-stawki-w-gore-o-kilkadziesiat-procent\\\/\",\"name\":\"Zap\u0142acimy wi\u0119cej za wyw\u00f3z \u015bmieci. Stawki w g\u00f3r\u0119 o kilkadziesi\u0105t procent - 24GLIWICE - Portal Gliwice | codziennie nowe informacje\",\"isPartOf\":{\"@id\":\"https:\\\/\\\/www.24gliwice.pl\\\/wiadomosci\\\/#website\"},\"primaryImageOfPage\":{\"@id\":\"https:\\\/\\\/www.24gliwice.pl\\\/wiadomosci\\\/zaplacimy-wiecej-za-wywoz-smieci-stawki-w-gore-o-kilkadziesiat-procent\\\/#primaryimage\"},\"image\":{\"@id\":\"https:\\\/\\\/www.24gliwice.pl\\\/wiadomosci\\\/zaplacimy-wiecej-za-wywoz-smieci-stawki-w-gore-o-kilkadziesiat-procent\\\/#primaryimage\"},\"thumbnailUrl\":\"https:\\\/\\\/www.24gliwice.pl\\\/wiadomosci\\\/wp-content\\\/uploads\\\/2017\\\/12\\\/smieci-remondis.jpg\",\"datePublished\":\"2017-12-15T10:09:45+00:00\",\"dateModified\":\"2017-12-15T20:39:17+00:00\",\"breadcrumb\":{\"@id\":\"https:\\\/\\\/www.24gliwice.pl\\\/wiadomosci\\\/zaplacimy-wiecej-za-wywoz-smieci-stawki-w-gore-o-kilkadziesiat-procent\\\/#breadcrumb\"},\"inLanguage\":\"pl-PL\",\"potentialAction\":[{\"@type\":\"ReadAction\",\"target\":[\"https:\\\/\\\/www.24gliwice.pl\\\/wiadomosci\\\/zaplacimy-wiecej-za-wywoz-smieci-stawki-w-gore-o-kilkadziesiat-procent\\\/\"]}]},{\"@type\":\"ImageObject\",\"inLanguage\":\"pl-PL\",\"@id\":\"https:\\\/\\\/www.24gliwice.pl\\\/wiadomosci\\\/zaplacimy-wiecej-za-wywoz-smieci-stawki-w-gore-o-kilkadziesiat-procent\\\/#primaryimage\",\"url\":\"https:\\\/\\\/www.24gliwice.pl\\\/wiadomosci\\\/wp-content\\\/uploads\\\/2017\\\/12\\\/smieci-remondis.jpg\",\"contentUrl\":\"https:\\\/\\\/www.24gliwice.pl\\\/wiadomosci\\\/wp-content\\\/uploads\\\/2017\\\/12\\\/smieci-remondis.jpg\",\"width\":1321,\"height\":723,\"caption\":\"fot. 24gliwice.pl\"},{\"@type\":\"BreadcrumbList\",\"@id\":\"https:\\\/\\\/www.24gliwice.pl\\\/wiadomosci\\\/zaplacimy-wiecej-za-wywoz-smieci-stawki-w-gore-o-kilkadziesiat-procent\\\/#breadcrumb\",\"itemListElement\":[{\"@type\":\"ListItem\",\"position\":1,\"name\":\"Strona g\u0142\u00f3wna\",\"item\":\"https:\\\/\\\/www.24gliwice.pl\\\/wiadomosci\\\/\"},{\"@type\":\"ListItem\",\"position\":2,\"name\":\"Zap\u0142acimy wi\u0119cej za wyw\u00f3z \u015bmieci. Stawki w g\u00f3r\u0119 o kilkadziesi\u0105t procent\"}]},{\"@type\":\"WebSite\",\"@id\":\"https:\\\/\\\/www.24gliwice.pl\\\/wiadomosci\\\/#website\",\"url\":\"https:\\\/\\\/www.24gliwice.pl\\\/wiadomosci\\\/\",\"name\":\"24GLIWICE - Portal Gliwice | codziennie nowe wiadomo\u015bci\",\"description\":\"Portal Miejski Gliwice\",\"publisher\":{\"@id\":\"https:\\\/\\\/www.24gliwice.pl\\\/wiadomosci\\\/#organization\"},\"potentialAction\":[{\"@type\":\"SearchAction\",\"target\":{\"@type\":\"EntryPoint\",\"urlTemplate\":\"https:\\\/\\\/www.24gliwice.pl\\\/wiadomosci\\\/?s={search_term_string}\"},\"query-input\":{\"@type\":\"PropertyValueSpecification\",\"valueRequired\":true,\"valueName\":\"search_term_string\"}}],\"inLanguage\":\"pl-PL\"},{\"@type\":\"Organization\",\"@id\":\"https:\\\/\\\/www.24gliwice.pl\\\/wiadomosci\\\/#organization\",\"name\":\"24gliwice\",\"url\":\"https:\\\/\\\/www.24gliwice.pl\\\/wiadomosci\\\/\",\"logo\":{\"@type\":\"ImageObject\",\"inLanguage\":\"pl-PL\",\"@id\":\"https:\\\/\\\/www.24gliwice.pl\\\/wiadomosci\\\/#\\\/schema\\\/logo\\\/image\\\/\",\"url\":\"https:\\\/\\\/www.24gliwice.pl\\\/wiadomosci\\\/wp-content\\\/uploads\\\/2024\\\/10\\\/24gliwice-logo-696.jpg\",\"contentUrl\":\"https:\\\/\\\/www.24gliwice.pl\\\/wiadomosci\\\/wp-content\\\/uploads\\\/2024\\\/10\\\/24gliwice-logo-696.jpg\",\"width\":696,\"height\":696,\"caption\":\"24gliwice\"},\"image\":{\"@id\":\"https:\\\/\\\/www.24gliwice.pl\\\/wiadomosci\\\/#\\\/schema\\\/logo\\\/image\\\/\"},\"sameAs\":[\"https:\\\/\\\/www.facebook.com\\\/24gliwice\",\"https:\\\/\\\/x.com\\\/24gliwice\",\"https:\\\/\\\/www.youtube.com\\\/@24gliwice\"]},{\"@type\":\"Person\",\"@id\":\"https:\\\/\\\/www.24gliwice.pl\\\/wiadomosci\\\/#\\\/schema\\\/person\\\/e42c650edd7f2fa332be3811fb166b6e\",\"name\":\"\u017baneta Mrozek-Siewierska\",\"image\":{\"@type\":\"ImageObject\",\"inLanguage\":\"pl-PL\",\"@id\":\"https:\\\/\\\/secure.gravatar.com\\\/avatar\\\/1881429e9c64597c77ad7aef2d0a19be69a3253e57534d16aa15bf3a4d34a0a3?s=96&d=mm&r=g\",\"url\":\"https:\\\/\\\/secure.gravatar.com\\\/avatar\\\/1881429e9c64597c77ad7aef2d0a19be69a3253e57534d16aa15bf3a4d34a0a3?s=96&d=mm&r=g\",\"contentUrl\":\"https:\\\/\\\/secure.gravatar.com\\\/avatar\\\/1881429e9c64597c77ad7aef2d0a19be69a3253e57534d16aa15bf3a4d34a0a3?s=96&d=mm&r=g\",\"caption\":\"\u017baneta Mrozek-Siewierska\"},\"url\":\"https:\\\/\\\/www.24gliwice.pl\\\/wiadomosci\\\/author\\\/zms\\\/\"}]}<\/script>\n<!-- \/ Yoast SEO plugin. -->","yoast_head_json":{"title":"Zap\u0142acimy wi\u0119cej za wyw\u00f3z \u015bmieci. Stawki w g\u00f3r\u0119 o kilkadziesi\u0105t procent - 24GLIWICE - Portal Gliwice | codziennie nowe informacje","robots":{"index":"index","follow":"follow","max-snippet":"max-snippet:-1","max-image-preview":"max-image-preview:large","max-video-preview":"max-video-preview:-1"},"canonical":"https:\/\/www.24gliwice.pl\/wiadomosci\/zaplacimy-wiecej-za-wywoz-smieci-stawki-w-gore-o-kilkadziesiat-procent\/","og_locale":"pl_PL","og_type":"article","og_title":"Zap\u0142acimy wi\u0119cej za wyw\u00f3z \u015bmieci. Stawki w g\u00f3r\u0119 o kilkadziesi\u0105t procent - 24GLIWICE - Portal Gliwice | codziennie nowe informacje","og_description":"Radni przeg\u0142osowali uchwa\u0142\u0119 wprowadzaj\u0105c\u0105 wy\u017csze stawki za odbi\u00f3r odpad\u00f3w komunalnych zar\u00f3wno segregowanych, jak i zbieranych nieselektywnie. Prezydencki projekt poparli niemal wszyscy radni KdGZF, przeciw by\u0142o ca\u0142e PIS. Cz\u0119\u015b\u0107 radnych PO tym razem popar\u0142a projekt, co zdecydowa\u0142o o przyj\u0119ciu uchwa\u0142y. Po wej\u015bciu w \u017cycie zmian mieszka\u0144cy segreguj\u0105cy odpady zap\u0142ac\u0105 za ich wyw\u00f3z \u015brednio 20% wi\u0119cej. Podwy\u017cka [&hellip;]","og_url":"https:\/\/www.24gliwice.pl\/wiadomosci\/zaplacimy-wiecej-za-wywoz-smieci-stawki-w-gore-o-kilkadziesiat-procent\/","og_site_name":"24GLIWICE - Portal Gliwice | codziennie nowe informacje","article_publisher":"https:\/\/www.facebook.com\/24gliwice","article_published_time":"2017-12-15T10:09:45+00:00","article_modified_time":"2017-12-15T20:39:17+00:00","og_image":[{"width":1321,"height":723,"url":"https:\/\/www.24gliwice.pl\/wiadomosci\/wp-content\/uploads\/2017\/12\/smieci-remondis.jpg","type":"image\/jpeg"}],"author":"\u017baneta Mrozek-Siewierska","twitter_card":"summary_large_image","twitter_creator":"@24gliwice","twitter_site":"@24gliwice","twitter_misc":{"Napisane przez":"\u017baneta Mrozek-Siewierska","Szacowany czas czytania":"3 minuty"},"schema":{"@context":"https:\/\/schema.org","@graph":[{"@type":"Article","@id":"https:\/\/www.24gliwice.pl\/wiadomosci\/zaplacimy-wiecej-za-wywoz-smieci-stawki-w-gore-o-kilkadziesiat-procent\/#article","isPartOf":{"@id":"https:\/\/www.24gliwice.pl\/wiadomosci\/zaplacimy-wiecej-za-wywoz-smieci-stawki-w-gore-o-kilkadziesiat-procent\/"},"author":{"name":"\u017baneta Mrozek-Siewierska","@id":"https:\/\/www.24gliwice.pl\/wiadomosci\/#\/schema\/person\/e42c650edd7f2fa332be3811fb166b6e"},"headline":"Zap\u0142acimy wi\u0119cej za wyw\u00f3z \u015bmieci. Stawki w g\u00f3r\u0119 o kilkadziesi\u0105t procent","datePublished":"2017-12-15T10:09:45+00:00","dateModified":"2017-12-15T20:39:17+00:00","mainEntityOfPage":{"@id":"https:\/\/www.24gliwice.pl\/wiadomosci\/zaplacimy-wiecej-za-wywoz-smieci-stawki-w-gore-o-kilkadziesiat-procent\/"},"wordCount":543,"commentCount":0,"publisher":{"@id":"https:\/\/www.24gliwice.pl\/wiadomosci\/#organization"},"image":{"@id":"https:\/\/www.24gliwice.pl\/wiadomosci\/zaplacimy-wiecej-za-wywoz-smieci-stawki-w-gore-o-kilkadziesiat-procent\/#primaryimage"},"thumbnailUrl":"https:\/\/www.24gliwice.pl\/wiadomosci\/wp-content\/uploads\/2017\/12\/smieci-remondis.jpg","keywords":["odbi\u00f3r odpad\u00f3w","ODPADY","odpady segregowane","op\u0142aty","\u015aMIECI","uchwa\u0142a","wyw\u00f3z odpad\u00f3w"],"articleSection":["Gliwice","Najnowsze wiadomo\u015bci","Portal Gliwice - Wiadomo\u015bci lokalne"],"inLanguage":"pl-PL","potentialAction":[{"@type":"CommentAction","name":"Comment","target":["https:\/\/www.24gliwice.pl\/wiadomosci\/zaplacimy-wiecej-za-wywoz-smieci-stawki-w-gore-o-kilkadziesiat-procent\/#respond"]}]},{"@type":"WebPage","@id":"https:\/\/www.24gliwice.pl\/wiadomosci\/zaplacimy-wiecej-za-wywoz-smieci-stawki-w-gore-o-kilkadziesiat-procent\/","url":"https:\/\/www.24gliwice.pl\/wiadomosci\/zaplacimy-wiecej-za-wywoz-smieci-stawki-w-gore-o-kilkadziesiat-procent\/","name":"Zap\u0142acimy wi\u0119cej za wyw\u00f3z \u015bmieci. Stawki w g\u00f3r\u0119 o kilkadziesi\u0105t procent - 24GLIWICE - Portal Gliwice | codziennie nowe informacje","isPartOf":{"@id":"https:\/\/www.24gliwice.pl\/wiadomosci\/#website"},"primaryImageOfPage":{"@id":"https:\/\/www.24gliwice.pl\/wiadomosci\/zaplacimy-wiecej-za-wywoz-smieci-stawki-w-gore-o-kilkadziesiat-procent\/#primaryimage"},"image":{"@id":"https:\/\/www.24gliwice.pl\/wiadomosci\/zaplacimy-wiecej-za-wywoz-smieci-stawki-w-gore-o-kilkadziesiat-procent\/#primaryimage"},"thumbnailUrl":"https:\/\/www.24gliwice.pl\/wiadomosci\/wp-content\/uploads\/2017\/12\/smieci-remondis.jpg","datePublished":"2017-12-15T10:09:45+00:00","dateModified":"2017-12-15T20:39:17+00:00","breadcrumb":{"@id":"https:\/\/www.24gliwice.pl\/wiadomosci\/zaplacimy-wiecej-za-wywoz-smieci-stawki-w-gore-o-kilkadziesiat-procent\/#breadcrumb"},"inLanguage":"pl-PL","potentialAction":[{"@type":"ReadAction","target":["https:\/\/www.24gliwice.pl\/wiadomosci\/zaplacimy-wiecej-za-wywoz-smieci-stawki-w-gore-o-kilkadziesiat-procent\/"]}]},{"@type":"ImageObject","inLanguage":"pl-PL","@id":"https:\/\/www.24gliwice.pl\/wiadomosci\/zaplacimy-wiecej-za-wywoz-smieci-stawki-w-gore-o-kilkadziesiat-procent\/#primaryimage","url":"https:\/\/www.24gliwice.pl\/wiadomosci\/wp-content\/uploads\/2017\/12\/smieci-remondis.jpg","contentUrl":"https:\/\/www.24gliwice.pl\/wiadomosci\/wp-content\/uploads\/2017\/12\/smieci-remondis.jpg","width":1321,"height":723,"caption":"fot. 24gliwice.pl"},{"@type":"BreadcrumbList","@id":"https:\/\/www.24gliwice.pl\/wiadomosci\/zaplacimy-wiecej-za-wywoz-smieci-stawki-w-gore-o-kilkadziesiat-procent\/#breadcrumb","itemListElement":[{"@type":"ListItem","position":1,"name":"Strona g\u0142\u00f3wna","item":"https:\/\/www.24gliwice.pl\/wiadomosci\/"},{"@type":"ListItem","position":2,"name":"Zap\u0142acimy wi\u0119cej za wyw\u00f3z \u015bmieci. Stawki w g\u00f3r\u0119 o kilkadziesi\u0105t procent"}]},{"@type":"WebSite","@id":"https:\/\/www.24gliwice.pl\/wiadomosci\/#website","url":"https:\/\/www.24gliwice.pl\/wiadomosci\/","name":"24GLIWICE - Portal Gliwice | codziennie nowe wiadomo\u015bci","description":"Portal Miejski Gliwice","publisher":{"@id":"https:\/\/www.24gliwice.pl\/wiadomosci\/#organization"},"potentialAction":[{"@type":"SearchAction","target":{"@type":"EntryPoint","urlTemplate":"https:\/\/www.24gliwice.pl\/wiadomosci\/?s={search_term_string}"},"query-input":{"@type":"PropertyValueSpecification","valueRequired":true,"valueName":"search_term_string"}}],"inLanguage":"pl-PL"},{"@type":"Organization","@id":"https:\/\/www.24gliwice.pl\/wiadomosci\/#organization","name":"24gliwice","url":"https:\/\/www.24gliwice.pl\/wiadomosci\/","logo":{"@type":"ImageObject","inLanguage":"pl-PL","@id":"https:\/\/www.24gliwice.pl\/wiadomosci\/#\/schema\/logo\/image\/","url":"https:\/\/www.24gliwice.pl\/wiadomosci\/wp-content\/uploads\/2024\/10\/24gliwice-logo-696.jpg","contentUrl":"https:\/\/www.24gliwice.pl\/wiadomosci\/wp-content\/uploads\/2024\/10\/24gliwice-logo-696.jpg","width":696,"height":696,"caption":"24gliwice"},"image":{"@id":"https:\/\/www.24gliwice.pl\/wiadomosci\/#\/schema\/logo\/image\/"},"sameAs":["https:\/\/www.facebook.com\/24gliwice","https:\/\/x.com\/24gliwice","https:\/\/www.youtube.com\/@24gliwice"]},{"@type":"Person","@id":"https:\/\/www.24gliwice.pl\/wiadomosci\/#\/schema\/person\/e42c650edd7f2fa332be3811fb166b6e","name":"\u017baneta Mrozek-Siewierska","image":{"@type":"ImageObject","inLanguage":"pl-PL","@id":"https:\/\/secure.gravatar.com\/avatar\/1881429e9c64597c77ad7aef2d0a19be69a3253e57534d16aa15bf3a4d34a0a3?s=96&d=mm&r=g","url":"https:\/\/secure.gravatar.com\/avatar\/1881429e9c64597c77ad7aef2d0a19be69a3253e57534d16aa15bf3a4d34a0a3?s=96&d=mm&r=g","contentUrl":"https:\/\/secure.gravatar.com\/avatar\/1881429e9c64597c77ad7aef2d0a19be69a3253e57534d16aa15bf3a4d34a0a3?s=96&d=mm&r=g","caption":"\u017baneta Mrozek-Siewierska"},"url":"https:\/\/www.24gliwice.pl\/wiadomosci\/author\/zms\/"}]}},"_links":{"self":[{"href":"https:\/\/www.24gliwice.pl\/wiadomosci\/wp-json\/wp\/v2\/posts\/109257","targetHints":{"allow":["GET"]}}],"collection":[{"href":"https:\/\/www.24gliwice.pl\/wiadomosci\/wp-json\/wp\/v2\/posts"}],"about":[{"href":"https:\/\/www.24gliwice.pl\/wiadomosci\/wp-json\/wp\/v2\/types\/post"}],"author":[{"embeddable":true,"href":"https:\/\/www.24gliwice.pl\/wiadomosci\/wp-json\/wp\/v2\/users\/15"}],"replies":[{"embeddable":true,"href":"https:\/\/www.24gliwice.pl\/wiadomosci\/wp-json\/wp\/v2\/comments?post=109257"}],"version-history":[{"count":0,"href":"https:\/\/www.24gliwice.pl\/wiadomosci\/wp-json\/wp\/v2\/posts\/109257\/revisions"}],"wp:featuredmedia":[{"embeddable":true,"href":"https:\/\/www.24gliwice.pl\/wiadomosci\/wp-json\/wp\/v2\/media\/109291"}],"wp:attachment":[{"href":"https:\/\/www.24gliwice.pl\/wiadomosci\/wp-json\/wp\/v2\/media?parent=109257"}],"wp:term":[{"taxonomy":"category","embeddable":true,"href":"https:\/\/www.24gliwice.pl\/wiadomosci\/wp-json\/wp\/v2\/categories?post=109257"},{"taxonomy":"post_tag","embeddable":true,"href":"https:\/\/www.24gliwice.pl\/wiadomosci\/wp-json\/wp\/v2\/tags?post=109257"}],"curies":[{"name":"wp","href":"https:\/\/api.w.org\/{rel}","templated":true}]}}