{"id":109412,"date":"2017-12-19T16:36:52","date_gmt":"2017-12-19T15:36:52","guid":{"rendered":"http:\/\/www.24gliwice.pl\/wiadomosci\/?p=109412"},"modified":"2017-12-19T16:36:52","modified_gmt":"2017-12-19T15:36:52","slug":"zmiany-w-zlobkach-miejskich-od-1-stycznia-na-co-moga-liczyc-rodzice","status":"publish","type":"post","link":"https:\/\/www.24gliwice.pl\/wiadomosci\/zmiany-w-zlobkach-miejskich-od-1-stycznia-na-co-moga-liczyc-rodzice\/","title":{"rendered":"Zmiany w \u017b\u0142obkach Miejskich od 1 stycznia. Na co mog\u0105 liczy\u0107 rodzice?"},"content":{"rendered":"<div class=\"gliwi-a6-nad-leadem-artykulow gliwi-entity-placement\" id=\"gliwi-587383606\"><div class=\"gliwi-adlabel\"><span style=\"font-size: 9px\">REKLAMA<\/span><\/div><div id=\"gliwi-1757216054\" style=\"margin-bottom: 25px;margin-left: auto;margin-right: auto;text-align: center;\"><a data-no-instant=\"1\" href=\"https:\/\/dom100.eu\/\" rel=\"noopener\" class=\"a2t-link\" target=\"_blank\" aria-label=\"20260415 DOM100 D\"><img loading=\"lazy\" decoding=\"async\" src=\"https:\/\/www.24gliwice.pl\/wiadomosci\/wp-content\/uploads\/2026\/04\/20260415-DOM100-D.jpg\" alt=\"\"  srcset=\"https:\/\/www.24gliwice.pl\/wiadomosci\/wp-content\/uploads\/2026\/04\/20260415-DOM100-D.jpg 750w, https:\/\/www.24gliwice.pl\/wiadomosci\/wp-content\/uploads\/2026\/04\/20260415-DOM100-D-410x109.jpg 410w\" sizes=\"(max-width: 750px) 100vw, 750px\" class=\"no-lazyload\" width=\"750\" height=\"200\"  style=\"display: inline-block; max-width: 100%; height: auto;\" \/><\/a><\/div><\/div><h3>Od nowego roku w \u017b\u0142obkach Miejskich obowi\u0105zywa\u0107 b\u0119dzie nowy statut. Jedn\u0105 z r\u00f3\u017cnic wzgl\u0119dem dotychczasowych zasad jest przyjmowanie dzieci do \u017c\u0142obka na okres kr\u00f3tszy, ni\u017c do tej pory.<\/h3>\n<p>Taka mo\u017cliwo\u015b\u0107 pojawi si\u0119 w zwi\u0105zku z trwaj\u0105c\u0105 ponad dwa tygodnie nieobecno\u015bci\u0105 innego \u017c\u0142obkowicza. Pierwsze\u0144stwo w tej sytuacji b\u0119d\u0105 mia\u0142y dzieci z listy oczekuj\u0105cych.<\/p>\n<p>Wprowadzane zmiany w statucie \u017b\u0142obk\u00f3w Miejskich s\u0105 wymagane ustaw\u0105 z dnia 7 lipca 2017 r. o zmianie niekt\u00f3rych ustaw zwi\u0105zanych z systemami wsparcia rodzin. <\/p><div class=\"gliwi-a3-w-tresci-artykulow gliwi-entity-placement\" id=\"gliwi-178383524\"><div class=\"gliwi-adlabel\"><span style=\"font-size: 9px\">REKLAMA<\/span><\/div><div id=\"gliwi-3742872175\" style=\"margin-bottom: 30px;margin-left: auto;margin-right: auto;text-align: center;\"><a data-no-instant=\"1\" href=\"https:\/\/zlobek.halogen.org.pl\/\" rel=\"noopener\" class=\"a2t-link\" target=\"_blank\" aria-label=\"animator-zlobek_750x200\"><img loading=\"lazy\" decoding=\"async\" src=\"https:\/\/www.24gliwice.pl\/wiadomosci\/wp-content\/uploads\/2026\/02\/animator-zlobek_750x200.webp\" alt=\"\"  srcset=\"https:\/\/www.24gliwice.pl\/wiadomosci\/wp-content\/uploads\/2026\/02\/animator-zlobek_750x200.webp 750w, https:\/\/www.24gliwice.pl\/wiadomosci\/wp-content\/uploads\/2026\/02\/animator-zlobek_750x200-410x109.webp 410w\" sizes=\"(max-width: 750px) 100vw, 750px\" class=\"no-lazyload\" width=\"750\" height=\"200\"  style=\"display: inline-block; max-width: 100%; height: auto;\" \/><\/a><\/div><\/div>\n<blockquote><p>Ustawa okre\u015bla preferencyjne warunki przyjmowania dzieci z orzeczon\u0105 niepe\u0142nosprawno\u015bci oraz dzieci z rodzin wielodzietnych, dlatego w statucie wprowadzono zapis o przyjmowaniu tych dzieci w pierwszej kolejno\u015bci<\/p><\/blockquote>\n<p>\u2013 m\u00f3wi\u0142a podczas sesji Rady Miasta <strong>Hanna Ko\u0142odziejczyk<\/strong>, dyrektor \u017b\u0142obk\u00f3w Miejskich w Gliwicach.<\/p>\n<p>&#8211; Dodatkowo w przypadku przyj\u0119\u0107 dzieci niepe\u0142nosprawnych konieczna jest ka\u017cdorazowe, indywidualne rozeznanie sytuacji \u2013 to lekarz prowadz\u0105cy zdecyduje czy dziecko z okre\u015blonym rodzajem niepe\u0142nosprawno\u015bci mo\u017ce funkcjonowa\u0107 w grupie \u017c\u0142obkowej, wydaj\u0105c stosowne za\u015bwiadczenie &#8211; doda\u0142a dyrektor. <\/p>\n<p>Rodzice b\u0119d\u0105 mieli r\u00f3wnie\u017c mo\u017cliwo\u015b\u0107 aktywnego uczestnictwa w dzia\u0142alno\u015bci plac\u00f3wki, np. sk\u0142adania propozycji zaj\u0119\u0107, wsp\u00f3\u0142organizowania okazjonalnych uroczysto\u015bci i innych wydarze\u0144 integracyjnych. W oddziale b\u0119dzie mog\u0142a zosta\u0107 powo\u0142ana Rada Rodzic\u00f3w, podobnie jak w szko\u0142ach i przedszkolach b\u0119d\u0105 r\u00f3wnie\u017c organizowane okresowe zebrania.<\/p>\n<p>Nowy statut okre\u015bla te\u017c zasady opieki nad dzie\u0107mi niepe\u0142nosprawnymi z uwzgl\u0119dnieniem rodzaju niepe\u0142nosprawno\u015bci, wspomagania indywidualnego rozwoju oraz wychowania dziecka przy aktywnym udziale rodziny.<\/p>\n<p>W Gliwicach dzia\u0142aj\u0105 4 oddzia\u0142y \u017c\u0142obk\u00f3w miejskich. W sumie korzysta z nich 230 maluszk\u00f3w.  <\/p>\n<p>(\u017cms)\/UM(mf)<\/p>\n<div class=\"gliwi-a5-na-koncu-artykulow gliwi-entity-placement\" id=\"gliwi-1604028429\"><div class=\"gliwi-adlabel\"><span style=\"font-size: 9px\">REKLAMA<\/span><\/div><div id=\"gliwi-550828534\" style=\"margin-left: auto;margin-right: auto;text-align: center;\"><a data-no-instant=\"1\" href=\"https:\/\/www.jasek.pl\/\" rel=\"noopener\" class=\"a2t-link\" target=\"_blank\" aria-label=\"20200401-jasek 600\"><img loading=\"lazy\" decoding=\"async\" src=\"https:\/\/www.24gliwice.pl\/wiadomosci\/wp-content\/uploads\/2020\/04\/20200401-jasek-600.jpg\" alt=\"\"  srcset=\"https:\/\/www.24gliwice.pl\/wiadomosci\/wp-content\/uploads\/2020\/04\/20200401-jasek-600.jpg 600w, https:\/\/www.24gliwice.pl\/wiadomosci\/wp-content\/uploads\/2020\/04\/20200401-jasek-600-410x109.jpg 410w\" sizes=\"(max-width: 600px) 100vw, 600px\" class=\"no-lazyload\" width=\"600\" height=\"160\"  style=\"display: inline-block; max-width: 100%; height: auto;\" \/><\/a><\/div><\/div>","protected":false},"excerpt":{"rendered":"<p>Od nowego roku w \u017b\u0142obkach Miejskich obowi\u0105zywa\u0107 b\u0119dzie nowy statut. Jedn\u0105 z r\u00f3\u017cnic wzgl\u0119dem dotychczasowych zasad jest przyjmowanie dzieci do \u017c\u0142obka na okres kr\u00f3tszy, ni\u017c do tej pory. Taka mo\u017cliwo\u015b\u0107 pojawi si\u0119 w zwi\u0105zku z trwaj\u0105c\u0105 ponad dwa tygodnie nieobecno\u015bci\u0105 innego \u017c\u0142obkowicza. Pierwsze\u0144stwo w tej sytuacji b\u0119d\u0105 mia\u0142y dzieci z listy oczekuj\u0105cych. Wprowadzane zmiany w [&hellip;]<\/p>\n","protected":false},"author":15,"featured_media":109414,"comment_status":"open","ping_status":"closed","sticky":false,"template":"","format":"standard","meta":{"_monsterinsights_skip_tracking":false,"_monsterinsights_sitenote_active":false,"_monsterinsights_sitenote_note":"","_monsterinsights_sitenote_category":0,"footnotes":"","_links_to":"","_links_to_target":""},"categories":[3,1],"tags":[11010,11007,1154],"class_list":["post-109412","post","type-post","status-publish","format-standard","has-post-thumbnail","hentry","category-gliwice","category-wszystko","tag-statut","tag-zlobek","tag-zlobki"],"yoast_head":"<!-- This site is optimized with the Yoast SEO plugin v27.5 - https:\/\/yoast.com\/product\/yoast-seo-wordpress\/ -->\n<title>Zmiany w \u017b\u0142obkach Miejskich od 1 stycznia. Na co mog\u0105 liczy\u0107 rodzice? - 24GLIWICE - Portal Gliwice | codziennie nowe informacje<\/title>\n<meta name=\"robots\" content=\"index, follow, max-snippet:-1, max-image-preview:large, max-video-preview:-1\" \/>\n<link rel=\"canonical\" href=\"https:\/\/www.24gliwice.pl\/wiadomosci\/zmiany-w-zlobkach-miejskich-od-1-stycznia-na-co-moga-liczyc-rodzice\/\" \/>\n<meta property=\"og:locale\" content=\"pl_PL\" \/>\n<meta property=\"og:type\" content=\"article\" \/>\n<meta property=\"og:title\" content=\"Zmiany w \u017b\u0142obkach Miejskich od 1 stycznia. Na co mog\u0105 liczy\u0107 rodzice? - 24GLIWICE - Portal Gliwice | codziennie nowe informacje\" \/>\n<meta property=\"og:description\" content=\"Od nowego roku w \u017b\u0142obkach Miejskich obowi\u0105zywa\u0107 b\u0119dzie nowy statut. Jedn\u0105 z r\u00f3\u017cnic wzgl\u0119dem dotychczasowych zasad jest przyjmowanie dzieci do \u017c\u0142obka na okres kr\u00f3tszy, ni\u017c do tej pory. Taka mo\u017cliwo\u015b\u0107 pojawi si\u0119 w zwi\u0105zku z trwaj\u0105c\u0105 ponad dwa tygodnie nieobecno\u015bci\u0105 innego \u017c\u0142obkowicza. Pierwsze\u0144stwo w tej sytuacji b\u0119d\u0105 mia\u0142y dzieci z listy oczekuj\u0105cych. Wprowadzane zmiany w [&hellip;]\" \/>\n<meta property=\"og:url\" content=\"https:\/\/www.24gliwice.pl\/wiadomosci\/zmiany-w-zlobkach-miejskich-od-1-stycznia-na-co-moga-liczyc-rodzice\/\" \/>\n<meta property=\"og:site_name\" content=\"24GLIWICE - Portal Gliwice | codziennie nowe informacje\" \/>\n<meta property=\"article:publisher\" content=\"https:\/\/www.facebook.com\/24gliwice\" \/>\n<meta property=\"article:published_time\" content=\"2017-12-19T15:36:52+00:00\" \/>\n<meta property=\"og:image\" content=\"https:\/\/www.24gliwice.pl\/wiadomosci\/wp-content\/uploads\/2017\/12\/\u017c\u0142obki-miejskie.jpeg\" \/>\n\t<meta property=\"og:image:width\" content=\"1128\" \/>\n\t<meta property=\"og:image:height\" content=\"634\" \/>\n\t<meta property=\"og:image:type\" content=\"image\/jpeg\" \/>\n<meta name=\"author\" content=\"\u017baneta Mrozek-Siewierska\" \/>\n<meta name=\"twitter:card\" content=\"summary_large_image\" \/>\n<meta name=\"twitter:creator\" content=\"@24gliwice\" \/>\n<meta name=\"twitter:site\" content=\"@24gliwice\" \/>\n<meta name=\"twitter:label1\" content=\"Napisane przez\" \/>\n\t<meta name=\"twitter:data1\" content=\"\u017baneta Mrozek-Siewierska\" \/>\n\t<meta name=\"twitter:label2\" content=\"Szacowany czas czytania\" \/>\n\t<meta name=\"twitter:data2\" content=\"1 minuta\" \/>\n<script type=\"application\/ld+json\" class=\"yoast-schema-graph\">{\"@context\":\"https:\\\/\\\/schema.org\",\"@graph\":[{\"@type\":\"Article\",\"@id\":\"https:\\\/\\\/www.24gliwice.pl\\\/wiadomosci\\\/zmiany-w-zlobkach-miejskich-od-1-stycznia-na-co-moga-liczyc-rodzice\\\/#article\",\"isPartOf\":{\"@id\":\"https:\\\/\\\/www.24gliwice.pl\\\/wiadomosci\\\/zmiany-w-zlobkach-miejskich-od-1-stycznia-na-co-moga-liczyc-rodzice\\\/\"},\"author\":{\"name\":\"\u017baneta Mrozek-Siewierska\",\"@id\":\"https:\\\/\\\/www.24gliwice.pl\\\/wiadomosci\\\/#\\\/schema\\\/person\\\/e42c650edd7f2fa332be3811fb166b6e\"},\"headline\":\"Zmiany w \u017b\u0142obkach Miejskich od 1 stycznia. Na co mog\u0105 liczy\u0107 rodzice?\",\"datePublished\":\"2017-12-19T15:36:52+00:00\",\"mainEntityOfPage\":{\"@id\":\"https:\\\/\\\/www.24gliwice.pl\\\/wiadomosci\\\/zmiany-w-zlobkach-miejskich-od-1-stycznia-na-co-moga-liczyc-rodzice\\\/\"},\"wordCount\":295,\"commentCount\":0,\"publisher\":{\"@id\":\"https:\\\/\\\/www.24gliwice.pl\\\/wiadomosci\\\/#organization\"},\"image\":{\"@id\":\"https:\\\/\\\/www.24gliwice.pl\\\/wiadomosci\\\/zmiany-w-zlobkach-miejskich-od-1-stycznia-na-co-moga-liczyc-rodzice\\\/#primaryimage\"},\"thumbnailUrl\":\"https:\\\/\\\/www.24gliwice.pl\\\/wiadomosci\\\/wp-content\\\/uploads\\\/2017\\\/12\\\/\u017c\u0142obki-miejskie.jpeg\",\"keywords\":[\"statut\",\"\u017c\u0142obek\",\"\u017c\u0142obki\"],\"articleSection\":[\"Gliwice\",\"Najnowsze wiadomo\u015bci\"],\"inLanguage\":\"pl-PL\",\"potentialAction\":[{\"@type\":\"CommentAction\",\"name\":\"Comment\",\"target\":[\"https:\\\/\\\/www.24gliwice.pl\\\/wiadomosci\\\/zmiany-w-zlobkach-miejskich-od-1-stycznia-na-co-moga-liczyc-rodzice\\\/#respond\"]}]},{\"@type\":\"WebPage\",\"@id\":\"https:\\\/\\\/www.24gliwice.pl\\\/wiadomosci\\\/zmiany-w-zlobkach-miejskich-od-1-stycznia-na-co-moga-liczyc-rodzice\\\/\",\"url\":\"https:\\\/\\\/www.24gliwice.pl\\\/wiadomosci\\\/zmiany-w-zlobkach-miejskich-od-1-stycznia-na-co-moga-liczyc-rodzice\\\/\",\"name\":\"Zmiany w \u017b\u0142obkach Miejskich od 1 stycznia. Na co mog\u0105 liczy\u0107 rodzice? - 24GLIWICE - Portal Gliwice | codziennie nowe informacje\",\"isPartOf\":{\"@id\":\"https:\\\/\\\/www.24gliwice.pl\\\/wiadomosci\\\/#website\"},\"primaryImageOfPage\":{\"@id\":\"https:\\\/\\\/www.24gliwice.pl\\\/wiadomosci\\\/zmiany-w-zlobkach-miejskich-od-1-stycznia-na-co-moga-liczyc-rodzice\\\/#primaryimage\"},\"image\":{\"@id\":\"https:\\\/\\\/www.24gliwice.pl\\\/wiadomosci\\\/zmiany-w-zlobkach-miejskich-od-1-stycznia-na-co-moga-liczyc-rodzice\\\/#primaryimage\"},\"thumbnailUrl\":\"https:\\\/\\\/www.24gliwice.pl\\\/wiadomosci\\\/wp-content\\\/uploads\\\/2017\\\/12\\\/\u017c\u0142obki-miejskie.jpeg\",\"datePublished\":\"2017-12-19T15:36:52+00:00\",\"breadcrumb\":{\"@id\":\"https:\\\/\\\/www.24gliwice.pl\\\/wiadomosci\\\/zmiany-w-zlobkach-miejskich-od-1-stycznia-na-co-moga-liczyc-rodzice\\\/#breadcrumb\"},\"inLanguage\":\"pl-PL\",\"potentialAction\":[{\"@type\":\"ReadAction\",\"target\":[\"https:\\\/\\\/www.24gliwice.pl\\\/wiadomosci\\\/zmiany-w-zlobkach-miejskich-od-1-stycznia-na-co-moga-liczyc-rodzice\\\/\"]}]},{\"@type\":\"ImageObject\",\"inLanguage\":\"pl-PL\",\"@id\":\"https:\\\/\\\/www.24gliwice.pl\\\/wiadomosci\\\/zmiany-w-zlobkach-miejskich-od-1-stycznia-na-co-moga-liczyc-rodzice\\\/#primaryimage\",\"url\":\"https:\\\/\\\/www.24gliwice.pl\\\/wiadomosci\\\/wp-content\\\/uploads\\\/2017\\\/12\\\/\u017c\u0142obki-miejskie.jpeg\",\"contentUrl\":\"https:\\\/\\\/www.24gliwice.pl\\\/wiadomosci\\\/wp-content\\\/uploads\\\/2017\\\/12\\\/\u017c\u0142obki-miejskie.jpeg\",\"width\":1128,\"height\":634},{\"@type\":\"BreadcrumbList\",\"@id\":\"https:\\\/\\\/www.24gliwice.pl\\\/wiadomosci\\\/zmiany-w-zlobkach-miejskich-od-1-stycznia-na-co-moga-liczyc-rodzice\\\/#breadcrumb\",\"itemListElement\":[{\"@type\":\"ListItem\",\"position\":1,\"name\":\"Strona g\u0142\u00f3wna\",\"item\":\"https:\\\/\\\/www.24gliwice.pl\\\/wiadomosci\\\/\"},{\"@type\":\"ListItem\",\"position\":2,\"name\":\"Zmiany w \u017b\u0142obkach Miejskich od 1 stycznia. Na co mog\u0105 liczy\u0107 rodzice?\"}]},{\"@type\":\"WebSite\",\"@id\":\"https:\\\/\\\/www.24gliwice.pl\\\/wiadomosci\\\/#website\",\"url\":\"https:\\\/\\\/www.24gliwice.pl\\\/wiadomosci\\\/\",\"name\":\"24GLIWICE - Portal Gliwice | codziennie nowe wiadomo\u015bci\",\"description\":\"Portal Miejski Gliwice\",\"publisher\":{\"@id\":\"https:\\\/\\\/www.24gliwice.pl\\\/wiadomosci\\\/#organization\"},\"potentialAction\":[{\"@type\":\"SearchAction\",\"target\":{\"@type\":\"EntryPoint\",\"urlTemplate\":\"https:\\\/\\\/www.24gliwice.pl\\\/wiadomosci\\\/?s={search_term_string}\"},\"query-input\":{\"@type\":\"PropertyValueSpecification\",\"valueRequired\":true,\"valueName\":\"search_term_string\"}}],\"inLanguage\":\"pl-PL\"},{\"@type\":\"Organization\",\"@id\":\"https:\\\/\\\/www.24gliwice.pl\\\/wiadomosci\\\/#organization\",\"name\":\"24gliwice\",\"url\":\"https:\\\/\\\/www.24gliwice.pl\\\/wiadomosci\\\/\",\"logo\":{\"@type\":\"ImageObject\",\"inLanguage\":\"pl-PL\",\"@id\":\"https:\\\/\\\/www.24gliwice.pl\\\/wiadomosci\\\/#\\\/schema\\\/logo\\\/image\\\/\",\"url\":\"https:\\\/\\\/www.24gliwice.pl\\\/wiadomosci\\\/wp-content\\\/uploads\\\/2024\\\/10\\\/24gliwice-logo-696.jpg\",\"contentUrl\":\"https:\\\/\\\/www.24gliwice.pl\\\/wiadomosci\\\/wp-content\\\/uploads\\\/2024\\\/10\\\/24gliwice-logo-696.jpg\",\"width\":696,\"height\":696,\"caption\":\"24gliwice\"},\"image\":{\"@id\":\"https:\\\/\\\/www.24gliwice.pl\\\/wiadomosci\\\/#\\\/schema\\\/logo\\\/image\\\/\"},\"sameAs\":[\"https:\\\/\\\/www.facebook.com\\\/24gliwice\",\"https:\\\/\\\/x.com\\\/24gliwice\",\"https:\\\/\\\/www.youtube.com\\\/@24gliwice\"]},{\"@type\":\"Person\",\"@id\":\"https:\\\/\\\/www.24gliwice.pl\\\/wiadomosci\\\/#\\\/schema\\\/person\\\/e42c650edd7f2fa332be3811fb166b6e\",\"name\":\"\u017baneta Mrozek-Siewierska\",\"image\":{\"@type\":\"ImageObject\",\"inLanguage\":\"pl-PL\",\"@id\":\"https:\\\/\\\/secure.gravatar.com\\\/avatar\\\/1881429e9c64597c77ad7aef2d0a19be69a3253e57534d16aa15bf3a4d34a0a3?s=96&d=mm&r=g\",\"url\":\"https:\\\/\\\/secure.gravatar.com\\\/avatar\\\/1881429e9c64597c77ad7aef2d0a19be69a3253e57534d16aa15bf3a4d34a0a3?s=96&d=mm&r=g\",\"contentUrl\":\"https:\\\/\\\/secure.gravatar.com\\\/avatar\\\/1881429e9c64597c77ad7aef2d0a19be69a3253e57534d16aa15bf3a4d34a0a3?s=96&d=mm&r=g\",\"caption\":\"\u017baneta Mrozek-Siewierska\"},\"url\":\"https:\\\/\\\/www.24gliwice.pl\\\/wiadomosci\\\/author\\\/zms\\\/\"}]}<\/script>\n<!-- \/ Yoast SEO plugin. -->","yoast_head_json":{"title":"Zmiany w \u017b\u0142obkach Miejskich od 1 stycznia. Na co mog\u0105 liczy\u0107 rodzice? - 24GLIWICE - Portal Gliwice | codziennie nowe informacje","robots":{"index":"index","follow":"follow","max-snippet":"max-snippet:-1","max-image-preview":"max-image-preview:large","max-video-preview":"max-video-preview:-1"},"canonical":"https:\/\/www.24gliwice.pl\/wiadomosci\/zmiany-w-zlobkach-miejskich-od-1-stycznia-na-co-moga-liczyc-rodzice\/","og_locale":"pl_PL","og_type":"article","og_title":"Zmiany w \u017b\u0142obkach Miejskich od 1 stycznia. Na co mog\u0105 liczy\u0107 rodzice? - 24GLIWICE - Portal Gliwice | codziennie nowe informacje","og_description":"Od nowego roku w \u017b\u0142obkach Miejskich obowi\u0105zywa\u0107 b\u0119dzie nowy statut. Jedn\u0105 z r\u00f3\u017cnic wzgl\u0119dem dotychczasowych zasad jest przyjmowanie dzieci do \u017c\u0142obka na okres kr\u00f3tszy, ni\u017c do tej pory. Taka mo\u017cliwo\u015b\u0107 pojawi si\u0119 w zwi\u0105zku z trwaj\u0105c\u0105 ponad dwa tygodnie nieobecno\u015bci\u0105 innego \u017c\u0142obkowicza. Pierwsze\u0144stwo w tej sytuacji b\u0119d\u0105 mia\u0142y dzieci z listy oczekuj\u0105cych. Wprowadzane zmiany w [&hellip;]","og_url":"https:\/\/www.24gliwice.pl\/wiadomosci\/zmiany-w-zlobkach-miejskich-od-1-stycznia-na-co-moga-liczyc-rodzice\/","og_site_name":"24GLIWICE - Portal Gliwice | codziennie nowe informacje","article_publisher":"https:\/\/www.facebook.com\/24gliwice","article_published_time":"2017-12-19T15:36:52+00:00","og_image":[{"width":1128,"height":634,"url":"https:\/\/www.24gliwice.pl\/wiadomosci\/wp-content\/uploads\/2017\/12\/\u017c\u0142obki-miejskie.jpeg","type":"image\/jpeg"}],"author":"\u017baneta Mrozek-Siewierska","twitter_card":"summary_large_image","twitter_creator":"@24gliwice","twitter_site":"@24gliwice","twitter_misc":{"Napisane przez":"\u017baneta Mrozek-Siewierska","Szacowany czas czytania":"1 minuta"},"schema":{"@context":"https:\/\/schema.org","@graph":[{"@type":"Article","@id":"https:\/\/www.24gliwice.pl\/wiadomosci\/zmiany-w-zlobkach-miejskich-od-1-stycznia-na-co-moga-liczyc-rodzice\/#article","isPartOf":{"@id":"https:\/\/www.24gliwice.pl\/wiadomosci\/zmiany-w-zlobkach-miejskich-od-1-stycznia-na-co-moga-liczyc-rodzice\/"},"author":{"name":"\u017baneta Mrozek-Siewierska","@id":"https:\/\/www.24gliwice.pl\/wiadomosci\/#\/schema\/person\/e42c650edd7f2fa332be3811fb166b6e"},"headline":"Zmiany w \u017b\u0142obkach Miejskich od 1 stycznia. Na co mog\u0105 liczy\u0107 rodzice?","datePublished":"2017-12-19T15:36:52+00:00","mainEntityOfPage":{"@id":"https:\/\/www.24gliwice.pl\/wiadomosci\/zmiany-w-zlobkach-miejskich-od-1-stycznia-na-co-moga-liczyc-rodzice\/"},"wordCount":295,"commentCount":0,"publisher":{"@id":"https:\/\/www.24gliwice.pl\/wiadomosci\/#organization"},"image":{"@id":"https:\/\/www.24gliwice.pl\/wiadomosci\/zmiany-w-zlobkach-miejskich-od-1-stycznia-na-co-moga-liczyc-rodzice\/#primaryimage"},"thumbnailUrl":"https:\/\/www.24gliwice.pl\/wiadomosci\/wp-content\/uploads\/2017\/12\/\u017c\u0142obki-miejskie.jpeg","keywords":["statut","\u017c\u0142obek","\u017c\u0142obki"],"articleSection":["Gliwice","Najnowsze wiadomo\u015bci"],"inLanguage":"pl-PL","potentialAction":[{"@type":"CommentAction","name":"Comment","target":["https:\/\/www.24gliwice.pl\/wiadomosci\/zmiany-w-zlobkach-miejskich-od-1-stycznia-na-co-moga-liczyc-rodzice\/#respond"]}]},{"@type":"WebPage","@id":"https:\/\/www.24gliwice.pl\/wiadomosci\/zmiany-w-zlobkach-miejskich-od-1-stycznia-na-co-moga-liczyc-rodzice\/","url":"https:\/\/www.24gliwice.pl\/wiadomosci\/zmiany-w-zlobkach-miejskich-od-1-stycznia-na-co-moga-liczyc-rodzice\/","name":"Zmiany w \u017b\u0142obkach Miejskich od 1 stycznia. Na co mog\u0105 liczy\u0107 rodzice? - 24GLIWICE - Portal Gliwice | codziennie nowe informacje","isPartOf":{"@id":"https:\/\/www.24gliwice.pl\/wiadomosci\/#website"},"primaryImageOfPage":{"@id":"https:\/\/www.24gliwice.pl\/wiadomosci\/zmiany-w-zlobkach-miejskich-od-1-stycznia-na-co-moga-liczyc-rodzice\/#primaryimage"},"image":{"@id":"https:\/\/www.24gliwice.pl\/wiadomosci\/zmiany-w-zlobkach-miejskich-od-1-stycznia-na-co-moga-liczyc-rodzice\/#primaryimage"},"thumbnailUrl":"https:\/\/www.24gliwice.pl\/wiadomosci\/wp-content\/uploads\/2017\/12\/\u017c\u0142obki-miejskie.jpeg","datePublished":"2017-12-19T15:36:52+00:00","breadcrumb":{"@id":"https:\/\/www.24gliwice.pl\/wiadomosci\/zmiany-w-zlobkach-miejskich-od-1-stycznia-na-co-moga-liczyc-rodzice\/#breadcrumb"},"inLanguage":"pl-PL","potentialAction":[{"@type":"ReadAction","target":["https:\/\/www.24gliwice.pl\/wiadomosci\/zmiany-w-zlobkach-miejskich-od-1-stycznia-na-co-moga-liczyc-rodzice\/"]}]},{"@type":"ImageObject","inLanguage":"pl-PL","@id":"https:\/\/www.24gliwice.pl\/wiadomosci\/zmiany-w-zlobkach-miejskich-od-1-stycznia-na-co-moga-liczyc-rodzice\/#primaryimage","url":"https:\/\/www.24gliwice.pl\/wiadomosci\/wp-content\/uploads\/2017\/12\/\u017c\u0142obki-miejskie.jpeg","contentUrl":"https:\/\/www.24gliwice.pl\/wiadomosci\/wp-content\/uploads\/2017\/12\/\u017c\u0142obki-miejskie.jpeg","width":1128,"height":634},{"@type":"BreadcrumbList","@id":"https:\/\/www.24gliwice.pl\/wiadomosci\/zmiany-w-zlobkach-miejskich-od-1-stycznia-na-co-moga-liczyc-rodzice\/#breadcrumb","itemListElement":[{"@type":"ListItem","position":1,"name":"Strona g\u0142\u00f3wna","item":"https:\/\/www.24gliwice.pl\/wiadomosci\/"},{"@type":"ListItem","position":2,"name":"Zmiany w \u017b\u0142obkach Miejskich od 1 stycznia. Na co mog\u0105 liczy\u0107 rodzice?"}]},{"@type":"WebSite","@id":"https:\/\/www.24gliwice.pl\/wiadomosci\/#website","url":"https:\/\/www.24gliwice.pl\/wiadomosci\/","name":"24GLIWICE - Portal Gliwice | codziennie nowe wiadomo\u015bci","description":"Portal Miejski Gliwice","publisher":{"@id":"https:\/\/www.24gliwice.pl\/wiadomosci\/#organization"},"potentialAction":[{"@type":"SearchAction","target":{"@type":"EntryPoint","urlTemplate":"https:\/\/www.24gliwice.pl\/wiadomosci\/?s={search_term_string}"},"query-input":{"@type":"PropertyValueSpecification","valueRequired":true,"valueName":"search_term_string"}}],"inLanguage":"pl-PL"},{"@type":"Organization","@id":"https:\/\/www.24gliwice.pl\/wiadomosci\/#organization","name":"24gliwice","url":"https:\/\/www.24gliwice.pl\/wiadomosci\/","logo":{"@type":"ImageObject","inLanguage":"pl-PL","@id":"https:\/\/www.24gliwice.pl\/wiadomosci\/#\/schema\/logo\/image\/","url":"https:\/\/www.24gliwice.pl\/wiadomosci\/wp-content\/uploads\/2024\/10\/24gliwice-logo-696.jpg","contentUrl":"https:\/\/www.24gliwice.pl\/wiadomosci\/wp-content\/uploads\/2024\/10\/24gliwice-logo-696.jpg","width":696,"height":696,"caption":"24gliwice"},"image":{"@id":"https:\/\/www.24gliwice.pl\/wiadomosci\/#\/schema\/logo\/image\/"},"sameAs":["https:\/\/www.facebook.com\/24gliwice","https:\/\/x.com\/24gliwice","https:\/\/www.youtube.com\/@24gliwice"]},{"@type":"Person","@id":"https:\/\/www.24gliwice.pl\/wiadomosci\/#\/schema\/person\/e42c650edd7f2fa332be3811fb166b6e","name":"\u017baneta Mrozek-Siewierska","image":{"@type":"ImageObject","inLanguage":"pl-PL","@id":"https:\/\/secure.gravatar.com\/avatar\/1881429e9c64597c77ad7aef2d0a19be69a3253e57534d16aa15bf3a4d34a0a3?s=96&d=mm&r=g","url":"https:\/\/secure.gravatar.com\/avatar\/1881429e9c64597c77ad7aef2d0a19be69a3253e57534d16aa15bf3a4d34a0a3?s=96&d=mm&r=g","contentUrl":"https:\/\/secure.gravatar.com\/avatar\/1881429e9c64597c77ad7aef2d0a19be69a3253e57534d16aa15bf3a4d34a0a3?s=96&d=mm&r=g","caption":"\u017baneta Mrozek-Siewierska"},"url":"https:\/\/www.24gliwice.pl\/wiadomosci\/author\/zms\/"}]}},"_links":{"self":[{"href":"https:\/\/www.24gliwice.pl\/wiadomosci\/wp-json\/wp\/v2\/posts\/109412","targetHints":{"allow":["GET"]}}],"collection":[{"href":"https:\/\/www.24gliwice.pl\/wiadomosci\/wp-json\/wp\/v2\/posts"}],"about":[{"href":"https:\/\/www.24gliwice.pl\/wiadomosci\/wp-json\/wp\/v2\/types\/post"}],"author":[{"embeddable":true,"href":"https:\/\/www.24gliwice.pl\/wiadomosci\/wp-json\/wp\/v2\/users\/15"}],"replies":[{"embeddable":true,"href":"https:\/\/www.24gliwice.pl\/wiadomosci\/wp-json\/wp\/v2\/comments?post=109412"}],"version-history":[{"count":0,"href":"https:\/\/www.24gliwice.pl\/wiadomosci\/wp-json\/wp\/v2\/posts\/109412\/revisions"}],"wp:featuredmedia":[{"embeddable":true,"href":"https:\/\/www.24gliwice.pl\/wiadomosci\/wp-json\/wp\/v2\/media\/109414"}],"wp:attachment":[{"href":"https:\/\/www.24gliwice.pl\/wiadomosci\/wp-json\/wp\/v2\/media?parent=109412"}],"wp:term":[{"taxonomy":"category","embeddable":true,"href":"https:\/\/www.24gliwice.pl\/wiadomosci\/wp-json\/wp\/v2\/categories?post=109412"},{"taxonomy":"post_tag","embeddable":true,"href":"https:\/\/www.24gliwice.pl\/wiadomosci\/wp-json\/wp\/v2\/tags?post=109412"}],"curies":[{"name":"wp","href":"https:\/\/api.w.org\/{rel}","templated":true}]}}