{"id":109442,"date":"2018-03-13T15:53:10","date_gmt":"2018-03-13T14:53:10","guid":{"rendered":"http:\/\/www.24gliwice.pl\/wiadomosci\/?p=109442"},"modified":"2018-03-14T12:02:21","modified_gmt":"2018-03-14T11:02:21","slug":"czy-zygmunt-frankiewicz-moze-byc-spokojny-o-reelekcje-do-wyborow-zostalo-kilka-miesiecy","status":"publish","type":"post","link":"https:\/\/www.24gliwice.pl\/wiadomosci\/czy-zygmunt-frankiewicz-moze-byc-spokojny-o-reelekcje-do-wyborow-zostalo-kilka-miesiecy\/","title":{"rendered":"Czy Zygmunt Frankiewicz mo\u017ce by\u0107 spokojny o reelekcj\u0119? Do wybor\u00f3w zosta\u0142o kilka miesi\u0119cy"},"content":{"rendered":"<div class=\"gliwi-a6-nad-leadem-artykulow gliwi-entity-placement\" id=\"gliwi-4290411054\"><div class=\"gliwi-adlabel\"><span style=\"font-size: 9px\">REKLAMA<\/span><\/div><div id=\"gliwi-1605288417\" style=\"margin-bottom: 30px;margin-left: auto;margin-right: auto;text-align: center;\"><a data-no-instant=\"1\" href=\"https:\/\/przedszkole.halogen.org.pl\/\" rel=\"noopener\" class=\"a2t-link\" target=\"_blank\" aria-label=\"20260402-ANIMATOR-przedszkole_grafika_750x200\"><img loading=\"lazy\" decoding=\"async\" src=\"https:\/\/www.24gliwice.pl\/wiadomosci\/wp-content\/uploads\/2026\/04\/20260402-ANIMATOR-przedszkole_grafika_750x200.webp\" alt=\"\"  srcset=\"https:\/\/www.24gliwice.pl\/wiadomosci\/wp-content\/uploads\/2026\/04\/20260402-ANIMATOR-przedszkole_grafika_750x200.webp 750w, https:\/\/www.24gliwice.pl\/wiadomosci\/wp-content\/uploads\/2026\/04\/20260402-ANIMATOR-przedszkole_grafika_750x200-410x109.webp 410w\" sizes=\"(max-width: 750px) 100vw, 750px\" class=\"no-lazyload\" width=\"750\" height=\"200\"  style=\"display: inline-block; max-width: 100%; height: auto;\" \/><\/a><\/div><\/div><h3>Zygmunt Frankiewicz ponownie z poparciem PO? Wojewoda Wieczorek kandydatem PiS? Na kilka miesi\u0119cy przed wyborami samorz\u0105dowymi sprawdzamy, kto mo\u017ce jesieni\u0105 spr\u00f3bowa\u0107 powalczy\u0107 o Gliwice z urz\u0119duj\u0105cym prezydentem.<\/h3>\n<p>Trzy lata temu Frankiewicz w pokonanym polu zostawi\u0142 m.in. obecnego wojewod\u0119 \u015bl\u0105skiego <strong>Jaros\u0142awa Wieczorka<\/strong> (PiS) i jednego z lider\u00f3w opozycji <strong>Borysa Budk\u0119<\/strong>. Kolejni w stawce byli bezpartyjni <strong>Ma\u0142gorzata Tkacz-Janik<\/strong>, <strong>Dariusz Jezierski<\/strong> i <strong>Marek Widuch<\/strong> (SLD). Wszyscy przez trzy lata zrobili niewiele by zdobyty w\u00f3wczas elektorat utrzyma\u0107 i zdyskontowa\u0107 podczas tegorocznych wybor\u00f3w.<\/p>\n<h4>PLATFORMA P\u00d3JDZIE NA UK\u0141AD<\/h4>\n<p>Z oczywistych wzgl\u0119d\u00f3w zmieni\u0142a si\u0119 skala mo\u017cliwo\u015bci Borysa Budki. Ostatnie lata wywindowa\u0142y go na pozycj\u0119 polityka zdolnego obj\u0105\u0107 zarz\u0105dzanie krajem. Pytanie o kandydowanie w Gliwicach jest wi\u0119c bezzasadne. W g\u0142owach polityk\u00f3w PO zrodzi\u0142 si\u0119 jednak inny pomys\u0142. Skoro Frankiewicz pozostaje niezagro\u017cony, mo\u017cna spr\u00f3bowa\u0107 ogrza\u0107 si\u0119 jego blaskiem. St\u0105d pojawi\u0142a si\u0119 bardzo prawdopodobna koncepcja udzielenia przez PO oficjalnego poparcia Frankiewiczowi (o ile ten zdecyduje si\u0119 na ponowny start).<\/p><div class=\"gliwi-a3-w-tresci-artykulow gliwi-entity-placement\" id=\"gliwi-1985614563\"><div class=\"gliwi-adlabel\"><span style=\"font-size: 9px\">REKLAMA<\/span><\/div><div id=\"gliwi-868318145\" style=\"margin-bottom: 30px;margin-left: auto;margin-right: auto;text-align: center;\"><a data-no-instant=\"1\" href=\"https:\/\/zlobek.halogen.org.pl\/\" rel=\"noopener\" class=\"a2t-link\" target=\"_blank\" aria-label=\"animator-zlobek_750x200\"><img loading=\"lazy\" decoding=\"async\" src=\"https:\/\/www.24gliwice.pl\/wiadomosci\/wp-content\/uploads\/2026\/02\/animator-zlobek_750x200.webp\" alt=\"\"  srcset=\"https:\/\/www.24gliwice.pl\/wiadomosci\/wp-content\/uploads\/2026\/02\/animator-zlobek_750x200.webp 750w, https:\/\/www.24gliwice.pl\/wiadomosci\/wp-content\/uploads\/2026\/02\/animator-zlobek_750x200-410x109.webp 410w\" sizes=\"(max-width: 750px) 100vw, 750px\" class=\"no-lazyload\" width=\"750\" height=\"200\"  style=\"display: inline-block; max-width: 100%; height: auto;\" \/><\/a><\/div><\/div>\n<p>W skali kraju wybory samorz\u0105dowe na rok przed wyborami parlamentarnymi b\u0119d\u0105 dobrym pomiarem popularno\u015bci partii, a ewentualny sukces opozycji mo\u017ce by\u0107 dla niej punktem zwrotnym. Podpi\u0119cie si\u0119 Platformy pod zwyci\u0119stwo Frankiewicza da cenny punkt w rozliczaniu og\u00f3lnokrajowej konfrontacji z PiS. Problem w tym, \u017ce zbli\u017ceniu kierownictwa PO z gliwickim Magistratem niech\u0119tna jest cz\u0119\u015b\u0107 radnych tej partii. Wydaje si\u0119 jednak, \u017ce do negocjacji pozostanie im jedynie start z osobnych list wyborczych do Rady Miasta, a sprawa kandydowania na prezydenta jest ju\u017c zamkni\u0119ta.<\/p>\n<p>&#8211; Pytanie o ewentualne poparcie prezydenta przez Platform\u0119 Obywatelsk\u0105 to pytanie tylko i wy\u0142\u0105cznie do Platformy &#8211; komentuje rzecznik prezydenta <strong>Marek Jarz\u0119bowski<\/strong>.<\/p>\n<blockquote><p>&#8211; Obecnie nie widz\u0119 osoby, kt\u00f3ra mog\u0142aby, z dobrymi szansami, stan\u0105\u0107 do walki z prezydentem Frankiewiczem. Raczej nie znajdziemy jej podczas najbli\u017cszych wybor\u00f3w. W kole zmarnowali\u015bmy ostatnie dwa lata<\/p><\/blockquote>\n<p>&#8211; przyznawa\u0142 z zaskakuj\u0105c\u0105 szczero\u015bci\u0105 w niedawnym wywiadzie dla &#8220;Nowin Gliwickich&#8221;, nowy szef gliwickiej PO <strong>Zbigniew Wygoda<\/strong>.<\/p>\n[perfectpullquote align=&#8221;full&#8221; bordertop=&#8221;false&#8221; cite=&#8221;&#8221; link=&#8221;&#8221; color=&#8221;&#8221; class=&#8221;&#8221; size=&#8221;&#8221;]Je\u015bli Frankiewicz jest potrzebny Platformie, otwarte pozostaje pytanie czy Platforma jest potrzebna Frankiewiczowi?[\/perfectpullquote]\n<p>Prezydent zrobi\u0142 w ostatnich latach wiele by odci\u0105\u0107 si\u0119 od \u015brodowiska partyjnego, cz\u0119sto te\u017c kontestowa\u0142 ostatni okres rz\u0105d\u00f3w PO, a w wyborach parlamentarnych zadeklarowa\u0142 poparcie dla Ryszarda Petru. Start z \u0142atk\u0105 Platformy by\u0142by wi\u0119c bezpo\u015brednim nara\u017ceniem si\u0119 na zarzut niekonsekwencji. Z drugiej strony, taka koalicja to dla prezydenckiej ekipy gwarancja spokoju i przej\u015bcia wzgl\u0119dnie such\u0105 stop\u0105 przez okres kampanii wyborczej. Osobn\u0105 kwesti\u0105 pozostaje sam start w wyborach Frankiewicza. Prezydent z oficjaln\u0105 decyzj\u0105 zapewne poczeka mo\u017cliwie jak najd\u0142u\u017cej, tak by trzyma\u0107 w szachu konkurencj\u0119.<\/p>\n<h4>JAK TRWOGA TO DO WOJEWODY?<\/h4>\n<p>Wydaje si\u0119, \u017ce jedyn\u0105 partyjn\u0105 si\u0142\u0105 zdoln\u0105 wystawi\u0107 kontrkandydata dla Frankiewicza jest PiS. Partia <strong>Jaros\u0142awa Kaczy\u0144skiego<\/strong>, w Gliwicach na k\u0142opot bogactwa jednak nie narzeka. Po odej\u015bciu g\u0142\u00f3wnodowodz\u0105cego w Gliwicach <strong>Jaros\u0142awa Wieczorka<\/strong> do Katowic, klub PiS w Radzie Miasta to raczej mocny oddzia\u0142 szeregowych ani\u017celi ku\u017ania charyzmatycznych lider\u00f3w zdolnych do walki o najwa\u017cniejszy urz\u0105d w mie\u015bcie. St\u0105d pojawiaj\u0105 si\u0119 plotki o szansach by\u0142ego radnego a obecnie pos\u0142a <strong>Jaros\u0142awa Gonciarza<\/strong> (podsycone jeszcze wyst\u0105pieniem Gonciarza na ostatniej sesji Rady Miasta, gdzie detalicznie reklamowa\u0142 swoje dokonania przy Wiejskiej). Jak m\u00f3wi nam jeden z informator\u00f3w, najpowa\u017cniej traktowana jest jednak kandydatura wojewody.<\/p>\n<blockquote><p>&#8211; Zamierzam bardzo rzetelnie pracowa\u0107 na rzecz mieszka\u0144c\u00f3w wojew\u00f3dztwa \u015bl\u0105skiego, zosta\u0142em do tego powo\u0142any i kontynuuj\u0119 t\u0119 misj\u0119<\/p><\/blockquote>\n<p>&#8211; m\u00f3wi\u0142 w programie &#8220;Go\u015b\u0107 Dnia&#8221; Jaros\u0142aw Wieczorek zapytany o sw\u00f3j ewentualny start w Gliwicach.<\/p>\n[perfectpullquote align=&#8221;full&#8221; bordertop=&#8221;false&#8221; cite=&#8221;&#8221; link=&#8221;&#8221; color=&#8221;&#8221; class=&#8221;&#8221; size=&#8221;&#8221;]W \u015brodowisku PiS coraz g\u0142o\u015bniej m\u00f3wi si\u0119, \u017ce je\u015bli partia ma powalczy\u0107 o miasto, mo\u017ce to zrobi\u0107 tylko Wieczorek.[\/perfectpullquote]\n<p>Jego start b\u0105d\u017a nie, ma by\u0107 wi\u0119c wypadkow\u0105 ostatecznej decyzji kierownictwa: albo PiS uzna Gliwice za &#8220;stracone&#8221; i pozwoli Wieczorkowi na kontynuacj\u0119 przygody w wojew\u00f3dztwie, albo spr\u00f3buje pokrzy\u017cowa\u0107 szyki kandydatowi popieranemu przez PO (w domy\u015ble Zygmuntowi Frankiewiczowi) i spr\u00f3buje uszczkn\u0105\u0107 cho\u0107 troch\u0119 wyborczego tortu, nawet kosztem po\u015bwi\u0119cenia Wieczorka.<\/p>\n<div id=\"attachment_113844\" style=\"width: 1210px\" class=\"wp-caption alignnone\"><img loading=\"lazy\" decoding=\"async\" aria-describedby=\"caption-attachment-113844\" class=\"size-full wp-image-113844\" src=\"https:\/\/www.24gliwice.pl\/wiadomosci\/wp-content\/uploads\/2018\/03\/wieczorek2.jpg\" alt=\"\" width=\"1200\" height=\"674\" srcset=\"https:\/\/www.24gliwice.pl\/wiadomosci\/wp-content\/uploads\/2018\/03\/wieczorek2.jpg 1200w, https:\/\/www.24gliwice.pl\/wiadomosci\/wp-content\/uploads\/2018\/03\/wieczorek2-410x230.jpg 410w, https:\/\/www.24gliwice.pl\/wiadomosci\/wp-content\/uploads\/2018\/03\/wieczorek2-768x431.jpg 768w, https:\/\/www.24gliwice.pl\/wiadomosci\/wp-content\/uploads\/2018\/03\/wieczorek2-810x455.jpg 810w, https:\/\/www.24gliwice.pl\/wiadomosci\/wp-content\/uploads\/2018\/03\/wieczorek2-1140x640.jpg 1140w\" sizes=\"auto, (max-width: 1200px) 100vw, 1200px\" \/><p id=\"caption-attachment-113844\" class=\"wp-caption-text\">Jaros\u0142aw Wieczorek jako kandydat na prezydenta w 2014 roku<\/p><\/div>\n<p>Na prawicy, w tle g\u0142\u00f3wnego rozdania, toczy si\u0119 te\u017c interesuj\u0105ca pr\u00f3ba zaistnienia partii Porozumienie Jaros\u0142awa Gowina. Gliwicki szef ugrupowania, <strong>Petros Tovmasyan<\/strong> chce skorzysta\u0107 na konflikcie w PO i przyci\u0105gn\u0105\u0107 na wsp\u00f3lne listy z PiS ewentualnych roz\u0142amowc\u00f3w z PO.<br \/>\n&#8211; Bardzo ch\u0119tnie bym wsp\u00f3\u0142pracowa\u0142 z kilkoma, najbardziej aktywnymi radnymi PO. Rozmawiamy i ja jestem na nich bardzo otwarty &#8211; m\u00f3wi\u0142 pod koniec stycznia w Radiu Piekary Tovmasyan.<\/p>\n<p>Na razie to jednak g\u0142\u00f3wnie \u017cyczenia, bo jak s\u0142ycha\u0107 na Platformie, najwa\u017cniejsze jest porozumienie, ale to wewn\u0105trz struktur PO. Priorytetem ma by\u0107 unikni\u0119cie podzia\u0142\u00f3w w gliwickich strukturach partii.<\/p>\n<h4>BRAK BOHATER\u00d3W<\/h4>\n<p>Cho\u0107 minione lata obfitowa\u0142y w g\u0142o\u015bne konflikty mieszka\u0144c\u00f3w z urz\u0119dnikami (m.in. budowa zbiornik\u00f3w retencyjnych przy ul. S\u0142owackiego, fatalna sytuacja gliwickich szpitali czy likwidacja Gliwickiego Teatru Muzycznego), \u017caden z nich nie wykreowa\u0142 jednego konkretnego lidera, osobowo\u015bci, kt\u00f3ra uzbrojona w obywatelski mandat mog\u0142aby pokusi\u0107 si\u0119 o start w wyborach. Cztery lata temu bezpartyjni Ma\u0142gorzata Tkacz-Janik i Dariusz Jezierski \u0142\u0105cznie zdobyli prawie 13% g\u0142os\u00f3w. Komitet MTJ &#8220;Gliwice to MY&#8221; przekroczy\u0142 nawet pr\u00f3g wyborczy, a mandatu w Radzie Miasta pozbawi\u0142a go jedynie arytmetyka.<\/p>\n<div id=\"attachment_113845\" style=\"width: 1210px\" class=\"wp-caption alignnone\"><img loading=\"lazy\" decoding=\"async\" aria-describedby=\"caption-attachment-113845\" class=\"size-full wp-image-113845\" src=\"https:\/\/www.24gliwice.pl\/wiadomosci\/wp-content\/uploads\/2018\/03\/1-DSC_4297-\u2014-1.jpg\" alt=\"\" width=\"1200\" height=\"675\" srcset=\"https:\/\/www.24gliwice.pl\/wiadomosci\/wp-content\/uploads\/2018\/03\/1-DSC_4297-\u2014-1.jpg 1200w, https:\/\/www.24gliwice.pl\/wiadomosci\/wp-content\/uploads\/2018\/03\/1-DSC_4297-\u2014-1-410x232.jpg 410w, https:\/\/www.24gliwice.pl\/wiadomosci\/wp-content\/uploads\/2018\/03\/1-DSC_4297-\u2014-1-768x432.jpg 768w, https:\/\/www.24gliwice.pl\/wiadomosci\/wp-content\/uploads\/2018\/03\/1-DSC_4297-\u2014-1-810x456.jpg 810w, https:\/\/www.24gliwice.pl\/wiadomosci\/wp-content\/uploads\/2018\/03\/1-DSC_4297-\u2014-1-1140x641.jpg 1140w\" sizes=\"auto, (max-width: 1200px) 100vw, 1200px\" \/><p id=\"caption-attachment-113845\" class=\"wp-caption-text\">Mijaj\u0105ca kadencja obfitowa\u0142a w protesty mieszka\u0144c\u00f3w. \u017baden jednak nie wykreowa\u0142 lidera.<\/p><\/div>\n<p>Je\u015bli wypracowany w\u00f3wczas kapita\u0142 mia\u0142 zaprocentowa\u0107 w nast\u0119pnych wyborach ju\u017c wiadomo, \u017ce nic takiego si\u0119 nie stanie. Ewentualn\u0105 budow\u0119 poparcia Jezierski i Tkacz-Janik musieliby dzi\u015b rozpocz\u0105\u0107 od nowa, bo przez trzy lata dzia\u0142ali g\u0142\u00f3wnie poza Gliwicami. By\u0142 to jednak wyb\u00f3r \u015bwiadomy. Jezierski zaanga\u017cowa\u0142 si\u0119 m.in. w odbudow\u0119 Amfiteatru w Rudach, a Tkacz-Janik w og\u00f3lnopolsk\u0105 dzia\u0142alno\u015b\u0107 na rzecz praw kobiet. Z tego te\u017c powodu ich start w tym roku jest ma\u0142o prawdopodobny. Innych kandydat\u00f3w &#8220;po stronie mieszka\u0144c\u00f3w&#8221; na razie nie wida\u0107.<\/p>\n<p>Wybory samorz\u0105dowe w 2018 roku odb\u0119d\u0105 si\u0119 w jednym z trzech proponowanych termin\u00f3w: 21 pa\u017adziernika, 28 pa\u017adziernika lub 4 listopada. Premier powinien podj\u0105\u0107 decyzj\u0119 w sprawie wyboru ostatecznej daty na prze\u0142omie lipca i sierpnia.<\/p>\n<p>Micha\u0142 Szewczyk<\/p>\n<div class=\"gliwi-a5-na-koncu-artykulow gliwi-entity-placement\" id=\"gliwi-2506654646\"><div class=\"gliwi-adlabel\"><span style=\"font-size: 9px\">REKLAMA<\/span><\/div><div id=\"gliwi-798315109\" style=\"margin-left: auto;margin-right: auto;text-align: center;\"><a data-no-instant=\"1\" href=\"https:\/\/www.jasek.pl\/\" rel=\"noopener\" class=\"a2t-link\" target=\"_blank\" aria-label=\"20200401-jasek 600\"><img loading=\"lazy\" decoding=\"async\" src=\"https:\/\/www.24gliwice.pl\/wiadomosci\/wp-content\/uploads\/2020\/04\/20200401-jasek-600.jpg\" alt=\"\"  srcset=\"https:\/\/www.24gliwice.pl\/wiadomosci\/wp-content\/uploads\/2020\/04\/20200401-jasek-600.jpg 600w, https:\/\/www.24gliwice.pl\/wiadomosci\/wp-content\/uploads\/2020\/04\/20200401-jasek-600-410x109.jpg 410w\" sizes=\"(max-width: 600px) 100vw, 600px\" class=\"no-lazyload\" width=\"600\" height=\"160\"  style=\"display: inline-block; max-width: 100%; height: auto;\" \/><\/a><\/div><\/div>","protected":false},"excerpt":{"rendered":"<p>Zygmunt Frankiewicz ponownie z poparciem PO? Wojewoda Wieczorek kandydatem PiS? Na kilka miesi\u0119cy przed wyborami samorz\u0105dowymi sprawdzamy, kto mo\u017ce jesieni\u0105 spr\u00f3bowa\u0107 powalczy\u0107 o Gliwice z urz\u0119duj\u0105cym prezydentem. Trzy lata temu Frankiewicz w pokonanym polu zostawi\u0142 m.in. obecnego wojewod\u0119 \u015bl\u0105skiego Jaros\u0142awa Wieczorka (PiS) i jednego z lider\u00f3w opozycji Borysa Budk\u0119. Kolejni w stawce byli bezpartyjni Ma\u0142gorzata [&hellip;]<\/p>\n","protected":false},"author":12,"featured_media":113842,"comment_status":"open","ping_status":"closed","sticky":false,"template":"","format":"standard","meta":{"_monsterinsights_skip_tracking":false,"_monsterinsights_sitenote_active":false,"_monsterinsights_sitenote_note":"","_monsterinsights_sitenote_category":0,"footnotes":"","_links_to":"","_links_to_target":""},"categories":[3,1,9,8],"tags":[688,5624,29],"class_list":["post-109442","post","type-post","status-publish","format-standard","has-post-thumbnail","hentry","category-gliwice","category-wszystko","category-aktualnosci_lokalne","category-samorzad_polityka","tag-jaroslaw-wieczorek","tag-wybory-samorzadowe","tag-zygmunt-frankiewicz"],"yoast_head":"<!-- This site is optimized with the Yoast SEO plugin v27.5 - https:\/\/yoast.com\/product\/yoast-seo-wordpress\/ -->\n<title>Czy Zygmunt Frankiewicz mo\u017ce by\u0107 spokojny o reelekcj\u0119? Do wybor\u00f3w zosta\u0142o kilka miesi\u0119cy - 24GLIWICE - Portal Gliwice | codziennie nowe informacje<\/title>\n<meta name=\"robots\" content=\"index, follow, max-snippet:-1, max-image-preview:large, max-video-preview:-1\" \/>\n<link rel=\"canonical\" href=\"https:\/\/www.24gliwice.pl\/wiadomosci\/czy-zygmunt-frankiewicz-moze-byc-spokojny-o-reelekcje-do-wyborow-zostalo-kilka-miesiecy\/\" \/>\n<meta property=\"og:locale\" content=\"pl_PL\" \/>\n<meta property=\"og:type\" content=\"article\" \/>\n<meta property=\"og:title\" content=\"Czy Zygmunt Frankiewicz mo\u017ce by\u0107 spokojny o reelekcj\u0119? Do wybor\u00f3w zosta\u0142o kilka miesi\u0119cy - 24GLIWICE - Portal Gliwice | codziennie nowe informacje\" \/>\n<meta property=\"og:description\" content=\"Zygmunt Frankiewicz ponownie z poparciem PO? Wojewoda Wieczorek kandydatem PiS? Na kilka miesi\u0119cy przed wyborami samorz\u0105dowymi sprawdzamy, kto mo\u017ce jesieni\u0105 spr\u00f3bowa\u0107 powalczy\u0107 o Gliwice z urz\u0119duj\u0105cym prezydentem. Trzy lata temu Frankiewicz w pokonanym polu zostawi\u0142 m.in. obecnego wojewod\u0119 \u015bl\u0105skiego Jaros\u0142awa Wieczorka (PiS) i jednego z lider\u00f3w opozycji Borysa Budk\u0119. Kolejni w stawce byli bezpartyjni Ma\u0142gorzata [&hellip;]\" \/>\n<meta property=\"og:url\" content=\"https:\/\/www.24gliwice.pl\/wiadomosci\/czy-zygmunt-frankiewicz-moze-byc-spokojny-o-reelekcje-do-wyborow-zostalo-kilka-miesiecy\/\" \/>\n<meta property=\"og:site_name\" content=\"24GLIWICE - Portal Gliwice | codziennie nowe informacje\" \/>\n<meta property=\"article:publisher\" content=\"https:\/\/www.facebook.com\/24gliwice\" \/>\n<meta property=\"article:published_time\" content=\"2018-03-13T14:53:10+00:00\" \/>\n<meta property=\"article:modified_time\" content=\"2018-03-14T11:02:21+00:00\" \/>\n<meta property=\"og:image\" content=\"https:\/\/www.24gliwice.pl\/wiadomosci\/wp-content\/uploads\/2018\/03\/Frankiewicz.jpg\" \/>\n\t<meta property=\"og:image:width\" content=\"1200\" \/>\n\t<meta property=\"og:image:height\" content=\"675\" \/>\n\t<meta property=\"og:image:type\" content=\"image\/jpeg\" \/>\n<meta name=\"author\" content=\"Micha\u0142 Szewczyk\" \/>\n<meta name=\"twitter:card\" content=\"summary_large_image\" \/>\n<meta name=\"twitter:creator\" content=\"@24gliwice\" \/>\n<meta name=\"twitter:site\" content=\"@24gliwice\" \/>\n<meta name=\"twitter:label1\" content=\"Napisane przez\" \/>\n\t<meta name=\"twitter:data1\" content=\"Micha\u0142 Szewczyk\" \/>\n\t<meta name=\"twitter:label2\" content=\"Szacowany czas czytania\" \/>\n\t<meta name=\"twitter:data2\" content=\"6 minut\" \/>\n<script type=\"application\/ld+json\" class=\"yoast-schema-graph\">{\"@context\":\"https:\\\/\\\/schema.org\",\"@graph\":[{\"@type\":\"Article\",\"@id\":\"https:\\\/\\\/www.24gliwice.pl\\\/wiadomosci\\\/czy-zygmunt-frankiewicz-moze-byc-spokojny-o-reelekcje-do-wyborow-zostalo-kilka-miesiecy\\\/#article\",\"isPartOf\":{\"@id\":\"https:\\\/\\\/www.24gliwice.pl\\\/wiadomosci\\\/czy-zygmunt-frankiewicz-moze-byc-spokojny-o-reelekcje-do-wyborow-zostalo-kilka-miesiecy\\\/\"},\"author\":{\"name\":\"Micha\u0142 Szewczyk\",\"@id\":\"https:\\\/\\\/www.24gliwice.pl\\\/wiadomosci\\\/#\\\/schema\\\/person\\\/940e8f8a097e322de4f463f061ef8d45\"},\"headline\":\"Czy Zygmunt Frankiewicz mo\u017ce by\u0107 spokojny o reelekcj\u0119? Do wybor\u00f3w zosta\u0142o kilka miesi\u0119cy\",\"datePublished\":\"2018-03-13T14:53:10+00:00\",\"dateModified\":\"2018-03-14T11:02:21+00:00\",\"mainEntityOfPage\":{\"@id\":\"https:\\\/\\\/www.24gliwice.pl\\\/wiadomosci\\\/czy-zygmunt-frankiewicz-moze-byc-spokojny-o-reelekcje-do-wyborow-zostalo-kilka-miesiecy\\\/\"},\"wordCount\":1119,\"commentCount\":0,\"publisher\":{\"@id\":\"https:\\\/\\\/www.24gliwice.pl\\\/wiadomosci\\\/#organization\"},\"image\":{\"@id\":\"https:\\\/\\\/www.24gliwice.pl\\\/wiadomosci\\\/czy-zygmunt-frankiewicz-moze-byc-spokojny-o-reelekcje-do-wyborow-zostalo-kilka-miesiecy\\\/#primaryimage\"},\"thumbnailUrl\":\"https:\\\/\\\/www.24gliwice.pl\\\/wiadomosci\\\/wp-content\\\/uploads\\\/2018\\\/03\\\/Frankiewicz.jpg\",\"keywords\":[\"JAROS\u0141AW WIECZOREK\",\"WYBORY SAMORZ\u0104DOWE\",\"ZYGMUNT FRANKIEWICZ\"],\"articleSection\":[\"Gliwice\",\"Najnowsze wiadomo\u015bci\",\"Portal Gliwice - Wiadomo\u015bci lokalne\",\"Samorz\u0105d, polityka\"],\"inLanguage\":\"pl-PL\",\"potentialAction\":[{\"@type\":\"CommentAction\",\"name\":\"Comment\",\"target\":[\"https:\\\/\\\/www.24gliwice.pl\\\/wiadomosci\\\/czy-zygmunt-frankiewicz-moze-byc-spokojny-o-reelekcje-do-wyborow-zostalo-kilka-miesiecy\\\/#respond\"]}]},{\"@type\":\"WebPage\",\"@id\":\"https:\\\/\\\/www.24gliwice.pl\\\/wiadomosci\\\/czy-zygmunt-frankiewicz-moze-byc-spokojny-o-reelekcje-do-wyborow-zostalo-kilka-miesiecy\\\/\",\"url\":\"https:\\\/\\\/www.24gliwice.pl\\\/wiadomosci\\\/czy-zygmunt-frankiewicz-moze-byc-spokojny-o-reelekcje-do-wyborow-zostalo-kilka-miesiecy\\\/\",\"name\":\"Czy Zygmunt Frankiewicz mo\u017ce by\u0107 spokojny o reelekcj\u0119? Do wybor\u00f3w zosta\u0142o kilka miesi\u0119cy - 24GLIWICE - Portal Gliwice | codziennie nowe informacje\",\"isPartOf\":{\"@id\":\"https:\\\/\\\/www.24gliwice.pl\\\/wiadomosci\\\/#website\"},\"primaryImageOfPage\":{\"@id\":\"https:\\\/\\\/www.24gliwice.pl\\\/wiadomosci\\\/czy-zygmunt-frankiewicz-moze-byc-spokojny-o-reelekcje-do-wyborow-zostalo-kilka-miesiecy\\\/#primaryimage\"},\"image\":{\"@id\":\"https:\\\/\\\/www.24gliwice.pl\\\/wiadomosci\\\/czy-zygmunt-frankiewicz-moze-byc-spokojny-o-reelekcje-do-wyborow-zostalo-kilka-miesiecy\\\/#primaryimage\"},\"thumbnailUrl\":\"https:\\\/\\\/www.24gliwice.pl\\\/wiadomosci\\\/wp-content\\\/uploads\\\/2018\\\/03\\\/Frankiewicz.jpg\",\"datePublished\":\"2018-03-13T14:53:10+00:00\",\"dateModified\":\"2018-03-14T11:02:21+00:00\",\"breadcrumb\":{\"@id\":\"https:\\\/\\\/www.24gliwice.pl\\\/wiadomosci\\\/czy-zygmunt-frankiewicz-moze-byc-spokojny-o-reelekcje-do-wyborow-zostalo-kilka-miesiecy\\\/#breadcrumb\"},\"inLanguage\":\"pl-PL\",\"potentialAction\":[{\"@type\":\"ReadAction\",\"target\":[\"https:\\\/\\\/www.24gliwice.pl\\\/wiadomosci\\\/czy-zygmunt-frankiewicz-moze-byc-spokojny-o-reelekcje-do-wyborow-zostalo-kilka-miesiecy\\\/\"]}]},{\"@type\":\"ImageObject\",\"inLanguage\":\"pl-PL\",\"@id\":\"https:\\\/\\\/www.24gliwice.pl\\\/wiadomosci\\\/czy-zygmunt-frankiewicz-moze-byc-spokojny-o-reelekcje-do-wyborow-zostalo-kilka-miesiecy\\\/#primaryimage\",\"url\":\"https:\\\/\\\/www.24gliwice.pl\\\/wiadomosci\\\/wp-content\\\/uploads\\\/2018\\\/03\\\/Frankiewicz.jpg\",\"contentUrl\":\"https:\\\/\\\/www.24gliwice.pl\\\/wiadomosci\\\/wp-content\\\/uploads\\\/2018\\\/03\\\/Frankiewicz.jpg\",\"width\":1200,\"height\":675},{\"@type\":\"BreadcrumbList\",\"@id\":\"https:\\\/\\\/www.24gliwice.pl\\\/wiadomosci\\\/czy-zygmunt-frankiewicz-moze-byc-spokojny-o-reelekcje-do-wyborow-zostalo-kilka-miesiecy\\\/#breadcrumb\",\"itemListElement\":[{\"@type\":\"ListItem\",\"position\":1,\"name\":\"Strona g\u0142\u00f3wna\",\"item\":\"https:\\\/\\\/www.24gliwice.pl\\\/wiadomosci\\\/\"},{\"@type\":\"ListItem\",\"position\":2,\"name\":\"Czy Zygmunt Frankiewicz mo\u017ce by\u0107 spokojny o reelekcj\u0119? Do wybor\u00f3w zosta\u0142o kilka miesi\u0119cy\"}]},{\"@type\":\"WebSite\",\"@id\":\"https:\\\/\\\/www.24gliwice.pl\\\/wiadomosci\\\/#website\",\"url\":\"https:\\\/\\\/www.24gliwice.pl\\\/wiadomosci\\\/\",\"name\":\"24GLIWICE - Portal Gliwice | codziennie nowe wiadomo\u015bci\",\"description\":\"Portal Miejski Gliwice\",\"publisher\":{\"@id\":\"https:\\\/\\\/www.24gliwice.pl\\\/wiadomosci\\\/#organization\"},\"potentialAction\":[{\"@type\":\"SearchAction\",\"target\":{\"@type\":\"EntryPoint\",\"urlTemplate\":\"https:\\\/\\\/www.24gliwice.pl\\\/wiadomosci\\\/?s={search_term_string}\"},\"query-input\":{\"@type\":\"PropertyValueSpecification\",\"valueRequired\":true,\"valueName\":\"search_term_string\"}}],\"inLanguage\":\"pl-PL\"},{\"@type\":\"Organization\",\"@id\":\"https:\\\/\\\/www.24gliwice.pl\\\/wiadomosci\\\/#organization\",\"name\":\"24gliwice\",\"url\":\"https:\\\/\\\/www.24gliwice.pl\\\/wiadomosci\\\/\",\"logo\":{\"@type\":\"ImageObject\",\"inLanguage\":\"pl-PL\",\"@id\":\"https:\\\/\\\/www.24gliwice.pl\\\/wiadomosci\\\/#\\\/schema\\\/logo\\\/image\\\/\",\"url\":\"https:\\\/\\\/www.24gliwice.pl\\\/wiadomosci\\\/wp-content\\\/uploads\\\/2024\\\/10\\\/24gliwice-logo-696.jpg\",\"contentUrl\":\"https:\\\/\\\/www.24gliwice.pl\\\/wiadomosci\\\/wp-content\\\/uploads\\\/2024\\\/10\\\/24gliwice-logo-696.jpg\",\"width\":696,\"height\":696,\"caption\":\"24gliwice\"},\"image\":{\"@id\":\"https:\\\/\\\/www.24gliwice.pl\\\/wiadomosci\\\/#\\\/schema\\\/logo\\\/image\\\/\"},\"sameAs\":[\"https:\\\/\\\/www.facebook.com\\\/24gliwice\",\"https:\\\/\\\/x.com\\\/24gliwice\",\"https:\\\/\\\/www.youtube.com\\\/@24gliwice\"]},{\"@type\":\"Person\",\"@id\":\"https:\\\/\\\/www.24gliwice.pl\\\/wiadomosci\\\/#\\\/schema\\\/person\\\/940e8f8a097e322de4f463f061ef8d45\",\"name\":\"Micha\u0142 Szewczyk\",\"image\":{\"@type\":\"ImageObject\",\"inLanguage\":\"pl-PL\",\"@id\":\"https:\\\/\\\/secure.gravatar.com\\\/avatar\\\/771b8b6c74cd8d255e46392d605e01a86133900ef09b6ef3c8d451c9d92288cf?s=96&d=mm&r=g\",\"url\":\"https:\\\/\\\/secure.gravatar.com\\\/avatar\\\/771b8b6c74cd8d255e46392d605e01a86133900ef09b6ef3c8d451c9d92288cf?s=96&d=mm&r=g\",\"contentUrl\":\"https:\\\/\\\/secure.gravatar.com\\\/avatar\\\/771b8b6c74cd8d255e46392d605e01a86133900ef09b6ef3c8d451c9d92288cf?s=96&d=mm&r=g\",\"caption\":\"Micha\u0142 Szewczyk\"},\"sameAs\":[\"http:\\\/\\\/www.gazeta-miejska.pl\"],\"url\":\"https:\\\/\\\/www.24gliwice.pl\\\/wiadomosci\\\/author\\\/michal-szewczyk\\\/\"}]}<\/script>\n<!-- \/ Yoast SEO plugin. -->","yoast_head_json":{"title":"Czy Zygmunt Frankiewicz mo\u017ce by\u0107 spokojny o reelekcj\u0119? Do wybor\u00f3w zosta\u0142o kilka miesi\u0119cy - 24GLIWICE - Portal Gliwice | codziennie nowe informacje","robots":{"index":"index","follow":"follow","max-snippet":"max-snippet:-1","max-image-preview":"max-image-preview:large","max-video-preview":"max-video-preview:-1"},"canonical":"https:\/\/www.24gliwice.pl\/wiadomosci\/czy-zygmunt-frankiewicz-moze-byc-spokojny-o-reelekcje-do-wyborow-zostalo-kilka-miesiecy\/","og_locale":"pl_PL","og_type":"article","og_title":"Czy Zygmunt Frankiewicz mo\u017ce by\u0107 spokojny o reelekcj\u0119? Do wybor\u00f3w zosta\u0142o kilka miesi\u0119cy - 24GLIWICE - Portal Gliwice | codziennie nowe informacje","og_description":"Zygmunt Frankiewicz ponownie z poparciem PO? Wojewoda Wieczorek kandydatem PiS? Na kilka miesi\u0119cy przed wyborami samorz\u0105dowymi sprawdzamy, kto mo\u017ce jesieni\u0105 spr\u00f3bowa\u0107 powalczy\u0107 o Gliwice z urz\u0119duj\u0105cym prezydentem. Trzy lata temu Frankiewicz w pokonanym polu zostawi\u0142 m.in. obecnego wojewod\u0119 \u015bl\u0105skiego Jaros\u0142awa Wieczorka (PiS) i jednego z lider\u00f3w opozycji Borysa Budk\u0119. Kolejni w stawce byli bezpartyjni Ma\u0142gorzata [&hellip;]","og_url":"https:\/\/www.24gliwice.pl\/wiadomosci\/czy-zygmunt-frankiewicz-moze-byc-spokojny-o-reelekcje-do-wyborow-zostalo-kilka-miesiecy\/","og_site_name":"24GLIWICE - Portal Gliwice | codziennie nowe informacje","article_publisher":"https:\/\/www.facebook.com\/24gliwice","article_published_time":"2018-03-13T14:53:10+00:00","article_modified_time":"2018-03-14T11:02:21+00:00","og_image":[{"width":1200,"height":675,"url":"https:\/\/www.24gliwice.pl\/wiadomosci\/wp-content\/uploads\/2018\/03\/Frankiewicz.jpg","type":"image\/jpeg"}],"author":"Micha\u0142 Szewczyk","twitter_card":"summary_large_image","twitter_creator":"@24gliwice","twitter_site":"@24gliwice","twitter_misc":{"Napisane przez":"Micha\u0142 Szewczyk","Szacowany czas czytania":"6 minut"},"schema":{"@context":"https:\/\/schema.org","@graph":[{"@type":"Article","@id":"https:\/\/www.24gliwice.pl\/wiadomosci\/czy-zygmunt-frankiewicz-moze-byc-spokojny-o-reelekcje-do-wyborow-zostalo-kilka-miesiecy\/#article","isPartOf":{"@id":"https:\/\/www.24gliwice.pl\/wiadomosci\/czy-zygmunt-frankiewicz-moze-byc-spokojny-o-reelekcje-do-wyborow-zostalo-kilka-miesiecy\/"},"author":{"name":"Micha\u0142 Szewczyk","@id":"https:\/\/www.24gliwice.pl\/wiadomosci\/#\/schema\/person\/940e8f8a097e322de4f463f061ef8d45"},"headline":"Czy Zygmunt Frankiewicz mo\u017ce by\u0107 spokojny o reelekcj\u0119? Do wybor\u00f3w zosta\u0142o kilka miesi\u0119cy","datePublished":"2018-03-13T14:53:10+00:00","dateModified":"2018-03-14T11:02:21+00:00","mainEntityOfPage":{"@id":"https:\/\/www.24gliwice.pl\/wiadomosci\/czy-zygmunt-frankiewicz-moze-byc-spokojny-o-reelekcje-do-wyborow-zostalo-kilka-miesiecy\/"},"wordCount":1119,"commentCount":0,"publisher":{"@id":"https:\/\/www.24gliwice.pl\/wiadomosci\/#organization"},"image":{"@id":"https:\/\/www.24gliwice.pl\/wiadomosci\/czy-zygmunt-frankiewicz-moze-byc-spokojny-o-reelekcje-do-wyborow-zostalo-kilka-miesiecy\/#primaryimage"},"thumbnailUrl":"https:\/\/www.24gliwice.pl\/wiadomosci\/wp-content\/uploads\/2018\/03\/Frankiewicz.jpg","keywords":["JAROS\u0141AW WIECZOREK","WYBORY SAMORZ\u0104DOWE","ZYGMUNT FRANKIEWICZ"],"articleSection":["Gliwice","Najnowsze wiadomo\u015bci","Portal Gliwice - Wiadomo\u015bci lokalne","Samorz\u0105d, polityka"],"inLanguage":"pl-PL","potentialAction":[{"@type":"CommentAction","name":"Comment","target":["https:\/\/www.24gliwice.pl\/wiadomosci\/czy-zygmunt-frankiewicz-moze-byc-spokojny-o-reelekcje-do-wyborow-zostalo-kilka-miesiecy\/#respond"]}]},{"@type":"WebPage","@id":"https:\/\/www.24gliwice.pl\/wiadomosci\/czy-zygmunt-frankiewicz-moze-byc-spokojny-o-reelekcje-do-wyborow-zostalo-kilka-miesiecy\/","url":"https:\/\/www.24gliwice.pl\/wiadomosci\/czy-zygmunt-frankiewicz-moze-byc-spokojny-o-reelekcje-do-wyborow-zostalo-kilka-miesiecy\/","name":"Czy Zygmunt Frankiewicz mo\u017ce by\u0107 spokojny o reelekcj\u0119? Do wybor\u00f3w zosta\u0142o kilka miesi\u0119cy - 24GLIWICE - Portal Gliwice | codziennie nowe informacje","isPartOf":{"@id":"https:\/\/www.24gliwice.pl\/wiadomosci\/#website"},"primaryImageOfPage":{"@id":"https:\/\/www.24gliwice.pl\/wiadomosci\/czy-zygmunt-frankiewicz-moze-byc-spokojny-o-reelekcje-do-wyborow-zostalo-kilka-miesiecy\/#primaryimage"},"image":{"@id":"https:\/\/www.24gliwice.pl\/wiadomosci\/czy-zygmunt-frankiewicz-moze-byc-spokojny-o-reelekcje-do-wyborow-zostalo-kilka-miesiecy\/#primaryimage"},"thumbnailUrl":"https:\/\/www.24gliwice.pl\/wiadomosci\/wp-content\/uploads\/2018\/03\/Frankiewicz.jpg","datePublished":"2018-03-13T14:53:10+00:00","dateModified":"2018-03-14T11:02:21+00:00","breadcrumb":{"@id":"https:\/\/www.24gliwice.pl\/wiadomosci\/czy-zygmunt-frankiewicz-moze-byc-spokojny-o-reelekcje-do-wyborow-zostalo-kilka-miesiecy\/#breadcrumb"},"inLanguage":"pl-PL","potentialAction":[{"@type":"ReadAction","target":["https:\/\/www.24gliwice.pl\/wiadomosci\/czy-zygmunt-frankiewicz-moze-byc-spokojny-o-reelekcje-do-wyborow-zostalo-kilka-miesiecy\/"]}]},{"@type":"ImageObject","inLanguage":"pl-PL","@id":"https:\/\/www.24gliwice.pl\/wiadomosci\/czy-zygmunt-frankiewicz-moze-byc-spokojny-o-reelekcje-do-wyborow-zostalo-kilka-miesiecy\/#primaryimage","url":"https:\/\/www.24gliwice.pl\/wiadomosci\/wp-content\/uploads\/2018\/03\/Frankiewicz.jpg","contentUrl":"https:\/\/www.24gliwice.pl\/wiadomosci\/wp-content\/uploads\/2018\/03\/Frankiewicz.jpg","width":1200,"height":675},{"@type":"BreadcrumbList","@id":"https:\/\/www.24gliwice.pl\/wiadomosci\/czy-zygmunt-frankiewicz-moze-byc-spokojny-o-reelekcje-do-wyborow-zostalo-kilka-miesiecy\/#breadcrumb","itemListElement":[{"@type":"ListItem","position":1,"name":"Strona g\u0142\u00f3wna","item":"https:\/\/www.24gliwice.pl\/wiadomosci\/"},{"@type":"ListItem","position":2,"name":"Czy Zygmunt Frankiewicz mo\u017ce by\u0107 spokojny o reelekcj\u0119? Do wybor\u00f3w zosta\u0142o kilka miesi\u0119cy"}]},{"@type":"WebSite","@id":"https:\/\/www.24gliwice.pl\/wiadomosci\/#website","url":"https:\/\/www.24gliwice.pl\/wiadomosci\/","name":"24GLIWICE - Portal Gliwice | codziennie nowe wiadomo\u015bci","description":"Portal Miejski Gliwice","publisher":{"@id":"https:\/\/www.24gliwice.pl\/wiadomosci\/#organization"},"potentialAction":[{"@type":"SearchAction","target":{"@type":"EntryPoint","urlTemplate":"https:\/\/www.24gliwice.pl\/wiadomosci\/?s={search_term_string}"},"query-input":{"@type":"PropertyValueSpecification","valueRequired":true,"valueName":"search_term_string"}}],"inLanguage":"pl-PL"},{"@type":"Organization","@id":"https:\/\/www.24gliwice.pl\/wiadomosci\/#organization","name":"24gliwice","url":"https:\/\/www.24gliwice.pl\/wiadomosci\/","logo":{"@type":"ImageObject","inLanguage":"pl-PL","@id":"https:\/\/www.24gliwice.pl\/wiadomosci\/#\/schema\/logo\/image\/","url":"https:\/\/www.24gliwice.pl\/wiadomosci\/wp-content\/uploads\/2024\/10\/24gliwice-logo-696.jpg","contentUrl":"https:\/\/www.24gliwice.pl\/wiadomosci\/wp-content\/uploads\/2024\/10\/24gliwice-logo-696.jpg","width":696,"height":696,"caption":"24gliwice"},"image":{"@id":"https:\/\/www.24gliwice.pl\/wiadomosci\/#\/schema\/logo\/image\/"},"sameAs":["https:\/\/www.facebook.com\/24gliwice","https:\/\/x.com\/24gliwice","https:\/\/www.youtube.com\/@24gliwice"]},{"@type":"Person","@id":"https:\/\/www.24gliwice.pl\/wiadomosci\/#\/schema\/person\/940e8f8a097e322de4f463f061ef8d45","name":"Micha\u0142 Szewczyk","image":{"@type":"ImageObject","inLanguage":"pl-PL","@id":"https:\/\/secure.gravatar.com\/avatar\/771b8b6c74cd8d255e46392d605e01a86133900ef09b6ef3c8d451c9d92288cf?s=96&d=mm&r=g","url":"https:\/\/secure.gravatar.com\/avatar\/771b8b6c74cd8d255e46392d605e01a86133900ef09b6ef3c8d451c9d92288cf?s=96&d=mm&r=g","contentUrl":"https:\/\/secure.gravatar.com\/avatar\/771b8b6c74cd8d255e46392d605e01a86133900ef09b6ef3c8d451c9d92288cf?s=96&d=mm&r=g","caption":"Micha\u0142 Szewczyk"},"sameAs":["http:\/\/www.gazeta-miejska.pl"],"url":"https:\/\/www.24gliwice.pl\/wiadomosci\/author\/michal-szewczyk\/"}]}},"_links":{"self":[{"href":"https:\/\/www.24gliwice.pl\/wiadomosci\/wp-json\/wp\/v2\/posts\/109442","targetHints":{"allow":["GET"]}}],"collection":[{"href":"https:\/\/www.24gliwice.pl\/wiadomosci\/wp-json\/wp\/v2\/posts"}],"about":[{"href":"https:\/\/www.24gliwice.pl\/wiadomosci\/wp-json\/wp\/v2\/types\/post"}],"author":[{"embeddable":true,"href":"https:\/\/www.24gliwice.pl\/wiadomosci\/wp-json\/wp\/v2\/users\/12"}],"replies":[{"embeddable":true,"href":"https:\/\/www.24gliwice.pl\/wiadomosci\/wp-json\/wp\/v2\/comments?post=109442"}],"version-history":[{"count":0,"href":"https:\/\/www.24gliwice.pl\/wiadomosci\/wp-json\/wp\/v2\/posts\/109442\/revisions"}],"wp:featuredmedia":[{"embeddable":true,"href":"https:\/\/www.24gliwice.pl\/wiadomosci\/wp-json\/wp\/v2\/media\/113842"}],"wp:attachment":[{"href":"https:\/\/www.24gliwice.pl\/wiadomosci\/wp-json\/wp\/v2\/media?parent=109442"}],"wp:term":[{"taxonomy":"category","embeddable":true,"href":"https:\/\/www.24gliwice.pl\/wiadomosci\/wp-json\/wp\/v2\/categories?post=109442"},{"taxonomy":"post_tag","embeddable":true,"href":"https:\/\/www.24gliwice.pl\/wiadomosci\/wp-json\/wp\/v2\/tags?post=109442"}],"curies":[{"name":"wp","href":"https:\/\/api.w.org\/{rel}","templated":true}]}}