{"id":109691,"date":"2017-12-22T13:42:34","date_gmt":"2017-12-22T12:42:34","guid":{"rendered":"http:\/\/www.24gliwice.pl\/wiadomosci\/?p=109691"},"modified":"2017-12-22T13:42:34","modified_gmt":"2017-12-22T12:42:34","slug":"glivia-reaktywacja-budowa-osiedla-przy-ul-daszynskiego-ma-ruszyc-w-pierwszym-kwartale-2018-roku","status":"publish","type":"post","link":"https:\/\/www.24gliwice.pl\/wiadomosci\/glivia-reaktywacja-budowa-osiedla-przy-ul-daszynskiego-ma-ruszyc-w-pierwszym-kwartale-2018-roku\/","title":{"rendered":"Glivia reaktywacja. Budowa osiedla przy ul. Daszy\u0144skiego ma ruszy\u0107 w pierwszym kwartale 2018 roku"},"content":{"rendered":"<div class=\"gliwi-a6-nad-leadem-artykulow gliwi-entity-placement\" id=\"gliwi-1481727844\"><div class=\"gliwi-adlabel\"><span style=\"font-size: 9px\">REKLAMA<\/span><\/div><div id=\"gliwi-131639289\" style=\"margin-bottom: 30px;margin-left: auto;margin-right: auto;text-align: center;\"><a data-no-instant=\"1\" href=\"https:\/\/przedszkole.halogen.org.pl\/\" rel=\"noopener\" class=\"a2t-link\" target=\"_blank\" aria-label=\"20260402-ANIMATOR-przedszkole_grafika_750x200\"><img loading=\"lazy\" decoding=\"async\" src=\"https:\/\/www.24gliwice.pl\/wiadomosci\/wp-content\/uploads\/2026\/04\/20260402-ANIMATOR-przedszkole_grafika_750x200.webp\" alt=\"\"  srcset=\"https:\/\/www.24gliwice.pl\/wiadomosci\/wp-content\/uploads\/2026\/04\/20260402-ANIMATOR-przedszkole_grafika_750x200.webp 750w, https:\/\/www.24gliwice.pl\/wiadomosci\/wp-content\/uploads\/2026\/04\/20260402-ANIMATOR-przedszkole_grafika_750x200-410x109.webp 410w\" sizes=\"(max-width: 750px) 100vw, 750px\" class=\"no-lazyload\" width=\"750\" height=\"200\"  style=\"display: inline-block; max-width: 100%; height: auto;\" \/><\/a><\/div><\/div><h3>Wraca pomys\u0142 budowy osiedla mieszkaniowego na terenie dawnych koszar\u00f3w wojskowych przy ul. Daszy\u0144skiego 68.<\/h3>\n<p>Koncepcja nabra\u0142a ju\u017c realnych kszta\u0142t\u00f3w, inwestor do po\u0142owy 2019 roku planuje wybudowa\u0107 dwa pierwsze budynki z 66 mieszkaniami. Cho\u0107 zachowana zostanie pierwotna nazwa osiedla &#8220;Glivia&#8221;, inwestycja zostanie zrealizowana na podstawie zupe\u0142nie innego projektu.<\/p>\n<div id='gallery-1' class='vce-gallery gallery galleryid-109691 gallery-columns-3 gallery-size-vce-lay-b'><div class=\"vce-gallery-big\"><div class=\"big-gallery-item item-0\" >\n\t\t\t<div class='gallery-icon'>\n\t\t\t\t<a href='https:\/\/www.24gliwice.pl\/wiadomosci\/wp-content\/uploads\/2017\/12\/gliv2.jpg'><img loading=\"lazy\" decoding=\"async\" width=\"810\" height=\"426\" src=\"https:\/\/www.24gliwice.pl\/wiadomosci\/wp-content\/uploads\/2017\/12\/gliv2-810x426.jpg\" class=\"attachment-vce-lay-a size-vce-lay-a\" alt=\"\" srcset=\"https:\/\/www.24gliwice.pl\/wiadomosci\/wp-content\/uploads\/2017\/12\/gliv2-810x426.jpg 810w, https:\/\/www.24gliwice.pl\/wiadomosci\/wp-content\/uploads\/2017\/12\/gliv2-410x216.jpg 410w, https:\/\/www.24gliwice.pl\/wiadomosci\/wp-content\/uploads\/2017\/12\/gliv2-768x404.jpg 768w, https:\/\/www.24gliwice.pl\/wiadomosci\/wp-content\/uploads\/2017\/12\/gliv2-1140x600.jpg 1140w, https:\/\/www.24gliwice.pl\/wiadomosci\/wp-content\/uploads\/2017\/12\/gliv2.jpg 1330w\" sizes=\"auto, (max-width: 810px) 100vw, 810px\" \/><\/a>\n\t\t\t<\/div><\/div><div class=\"big-gallery-item item-1\" style=\"display:none;\">\n\t\t\t<div class='gallery-icon'>\n\t\t\t\t<a href='https:\/\/www.24gliwice.pl\/wiadomosci\/wp-content\/uploads\/2017\/12\/gliv3.jpg'><img loading=\"lazy\" decoding=\"async\" width=\"810\" height=\"378\" src=\"https:\/\/www.24gliwice.pl\/wiadomosci\/wp-content\/uploads\/2017\/12\/gliv3-810x378.jpg\" class=\"attachment-vce-lay-a size-vce-lay-a\" alt=\"\" srcset=\"https:\/\/www.24gliwice.pl\/wiadomosci\/wp-content\/uploads\/2017\/12\/gliv3-810x378.jpg 810w, https:\/\/www.24gliwice.pl\/wiadomosci\/wp-content\/uploads\/2017\/12\/gliv3-410x191.jpg 410w, https:\/\/www.24gliwice.pl\/wiadomosci\/wp-content\/uploads\/2017\/12\/gliv3-768x358.jpg 768w, https:\/\/www.24gliwice.pl\/wiadomosci\/wp-content\/uploads\/2017\/12\/gliv3-1140x532.jpg 1140w, https:\/\/www.24gliwice.pl\/wiadomosci\/wp-content\/uploads\/2017\/12\/gliv3.jpg 1500w\" sizes=\"auto, (max-width: 810px) 100vw, 810px\" \/><\/a>\n\t\t\t<\/div><\/div><div class=\"big-gallery-item item-2\" style=\"display:none;\">\n\t\t\t<div class='gallery-icon'>\n\t\t\t\t<a href='https:\/\/www.24gliwice.pl\/wiadomosci\/wp-content\/uploads\/2017\/12\/gliv4.jpg'><img loading=\"lazy\" decoding=\"async\" width=\"810\" height=\"378\" src=\"https:\/\/www.24gliwice.pl\/wiadomosci\/wp-content\/uploads\/2017\/12\/gliv4-810x378.jpg\" class=\"attachment-vce-lay-a size-vce-lay-a\" alt=\"\" srcset=\"https:\/\/www.24gliwice.pl\/wiadomosci\/wp-content\/uploads\/2017\/12\/gliv4-810x378.jpg 810w, https:\/\/www.24gliwice.pl\/wiadomosci\/wp-content\/uploads\/2017\/12\/gliv4-410x191.jpg 410w, https:\/\/www.24gliwice.pl\/wiadomosci\/wp-content\/uploads\/2017\/12\/gliv4-768x358.jpg 768w, https:\/\/www.24gliwice.pl\/wiadomosci\/wp-content\/uploads\/2017\/12\/gliv4-1140x532.jpg 1140w, https:\/\/www.24gliwice.pl\/wiadomosci\/wp-content\/uploads\/2017\/12\/gliv4.jpg 1500w\" sizes=\"auto, (max-width: 810px) 100vw, 810px\" \/><\/a>\n\t\t\t<\/div><\/div><div class=\"big-gallery-item item-3\" style=\"display:none;\">\n\t\t\t<div class='gallery-icon'>\n\t\t\t\t<a href='https:\/\/www.24gliwice.pl\/wiadomosci\/wp-content\/uploads\/2017\/12\/gliv1.jpg'><img loading=\"lazy\" decoding=\"async\" width=\"810\" height=\"432\" src=\"https:\/\/www.24gliwice.pl\/wiadomosci\/wp-content\/uploads\/2017\/12\/gliv1-810x432.jpg\" class=\"attachment-vce-lay-a size-vce-lay-a\" alt=\"\" srcset=\"https:\/\/www.24gliwice.pl\/wiadomosci\/wp-content\/uploads\/2017\/12\/gliv1-810x432.jpg 810w, https:\/\/www.24gliwice.pl\/wiadomosci\/wp-content\/uploads\/2017\/12\/gliv1-410x219.jpg 410w, https:\/\/www.24gliwice.pl\/wiadomosci\/wp-content\/uploads\/2017\/12\/gliv1-768x409.jpg 768w, https:\/\/www.24gliwice.pl\/wiadomosci\/wp-content\/uploads\/2017\/12\/gliv1-1140x608.jpg 1140w, https:\/\/www.24gliwice.pl\/wiadomosci\/wp-content\/uploads\/2017\/12\/gliv1.jpg 1313w\" sizes=\"auto, (max-width: 810px) 100vw, 810px\" \/><\/a>\n\t\t\t<\/div><\/div><\/div><div class=\"vce-gallery-slider\" data-columns=\"3\"><figure class='gallery-item' data-item='0'>\n\t\t\t<div class='gallery-icon landscape'>\n\t\t\t\t<a href='https:\/\/www.24gliwice.pl\/wiadomosci\/wp-content\/uploads\/2017\/12\/gliv2.jpg'><img loading=\"lazy\" decoding=\"async\" width=\"375\" height=\"195\" src=\"https:\/\/www.24gliwice.pl\/wiadomosci\/wp-content\/uploads\/2017\/12\/gliv2-375x195.jpg\" class=\"attachment-vce-lay-b size-vce-lay-b\" alt=\"\" \/><\/a>\n\t\t\t<\/div><\/figure><figure class='gallery-item' data-item='1'>\n\t\t\t<div class='gallery-icon landscape'>\n\t\t\t\t<a href='https:\/\/www.24gliwice.pl\/wiadomosci\/wp-content\/uploads\/2017\/12\/gliv3.jpg'><img loading=\"lazy\" decoding=\"async\" width=\"375\" height=\"195\" src=\"https:\/\/www.24gliwice.pl\/wiadomosci\/wp-content\/uploads\/2017\/12\/gliv3-375x195.jpg\" class=\"attachment-vce-lay-b size-vce-lay-b\" alt=\"\" \/><\/a>\n\t\t\t<\/div><\/figure><figure class='gallery-item' data-item='2'>\n\t\t\t<div class='gallery-icon landscape'>\n\t\t\t\t<a href='https:\/\/www.24gliwice.pl\/wiadomosci\/wp-content\/uploads\/2017\/12\/gliv4.jpg'><img loading=\"lazy\" decoding=\"async\" width=\"375\" height=\"195\" src=\"https:\/\/www.24gliwice.pl\/wiadomosci\/wp-content\/uploads\/2017\/12\/gliv4-375x195.jpg\" class=\"attachment-vce-lay-b size-vce-lay-b\" alt=\"\" \/><\/a>\n\t\t\t<\/div><\/figure><figure class='gallery-item' data-item='3'>\n\t\t\t<div class='gallery-icon landscape'>\n\t\t\t\t<a href='https:\/\/www.24gliwice.pl\/wiadomosci\/wp-content\/uploads\/2017\/12\/gliv1.jpg'><img loading=\"lazy\" decoding=\"async\" width=\"375\" height=\"195\" src=\"https:\/\/www.24gliwice.pl\/wiadomosci\/wp-content\/uploads\/2017\/12\/gliv1-375x195.jpg\" class=\"attachment-vce-lay-b size-vce-lay-b\" alt=\"\" \/><\/a>\n\t\t\t<\/div><\/figure><\/div><\/div>\n\n[perfectpullquote align=&#8221;full&#8221; bordertop=&#8221;false&#8221; cite=&#8221;&#8221; link=&#8221;&#8221; color=&#8221;&#8221; class=&#8221;&#8221; size=&#8221;&#8221;]Docelowo przy ul. Daszy\u0144skiego ma powsta\u0107 osiem budynk\u00f3w. Dwa pierwsze b\u0119d\u0105 oferowa\u0107 mieszkania o zr\u00f3\u017cnicowanym metra\u017cu od 28 do 84 m2. [\/perfectpullquote]\n<p>Ka\u017cdy lokal b\u0119dzie mia\u0142 balkon, loggi\u0119 lub taras. Do dyspozycji mieszka\u0144c\u00f3w przewidziano prywatne miejsca postojowe oraz hal\u0119 gara\u017cow\u0105.<\/p><div class=\"gliwi-a3-w-tresci-artykulow gliwi-entity-placement\" id=\"gliwi-1558032869\"><div class=\"gliwi-adlabel\"><span style=\"font-size: 9px\">REKLAMA<\/span><\/div><div id=\"gliwi-4044557592\" style=\"margin-bottom: 30px;margin-left: auto;margin-right: auto;text-align: center;\"><a data-no-instant=\"1\" href=\"https:\/\/ogrodyandersa.pl\/\" rel=\"noopener\" class=\"a2t-link\" target=\"_blank\" aria-label=\"20260415 Ogrody Andersa KUP TERAZ D\"><img loading=\"lazy\" decoding=\"async\" src=\"https:\/\/www.24gliwice.pl\/wiadomosci\/wp-content\/uploads\/2026\/04\/20260415-Ogrody-Andersa-KUP-TERAZ-D.jpg\" alt=\"\"  srcset=\"https:\/\/www.24gliwice.pl\/wiadomosci\/wp-content\/uploads\/2026\/04\/20260415-Ogrody-Andersa-KUP-TERAZ-D.jpg 750w, https:\/\/www.24gliwice.pl\/wiadomosci\/wp-content\/uploads\/2026\/04\/20260415-Ogrody-Andersa-KUP-TERAZ-D-410x109.jpg 410w\" sizes=\"(max-width: 750px) 100vw, 750px\" class=\"no-lazyload\" width=\"750\" height=\"200\"  style=\"display: inline-block; max-width: 100%; height: auto;\" \/><\/a><\/div><\/div>\n<p>Niestety pomimo budowy osiedla mieszkaniowego, niedost\u0119pny obecnie teren dawnych koszar pozostanie zamkni\u0119t\u0105 miejsk\u0105 enklaw\u0105. Wst\u0119p na teren osiedla inwestor przewiduje tylko dla mieszka\u0144c\u00f3w &#8220;Glivii&#8221;.<\/p>\n<blockquote><p>&#8211; Z budow\u0105 planujemy ruszy\u0107 w pierwszym kwartale 2018 roku. Termin oddania dw\u00f3ch pierwszych budynk\u00f3w to drugi kwarta\u0142 2019 roku<\/p><\/blockquote>\n<p> &#8211; m\u00f3wi nam <strong>Dominika \u0141achan<\/strong> z katowickiej firmy Renner Sp. z o.o.<\/p>\n<p>Na temat szczeg\u00f3\u0142\u00f3w inwestycji i harmonogramu dalszych prac sp\u00f3\u0142ka na razie nie udziela informacji.<\/p>\n<h4>GLIVIA MIA\u0141A POWSTA\u0106 10 LAT TEMU<\/h4>\n<p>Przypomnijmy, przez lata w koszarach stacjonowa\u0142a gliwicka jednostka Wojsk Ochrony Pogranicza. Wojskowi wyprowadzili si\u0119 z tego terenu w 1990 roku, ale na konkretny plan rewitalizacji koszary musia\u0142y poczeka\u0107 prawie dekad\u0119, kiedy za spraw\u0105 firmy ING Real Estate pojawi\u0142 si\u0119 pomys\u0142 zaadaptowania nieruchomo\u015bci pod nowoczesne osiedle \u201eGlivia\u201d. W jego sk\u0142ad mia\u0142y wej\u015b\u0107 nowoczesne apartamenty w by\u0142ych budynkach wojskowych oraz nowe domy mieszkalne. \u0141\u0105cznie 14 czteropi\u0119trowych budynk\u00f3w, kawiarnia, pasa\u017c handlowy i place z \u0142awkami i miejscami zabaw dla dzieci.<\/p>\n<p>Pomys\u0142 zderzy\u0142 si\u0119 jednak w 2009 roku z kryzysem na \u015bwiatowych rynkach finansowych, kt\u00f3ry uderzy\u0142 w dzia\u0142alno\u015b\u0107 ING, a rykoszetem tak\u017ce w jego sp\u00f3\u0142ki. Ostatecznie ING Real Estate wycofa\u0142 si\u0119 z realizowania ambitnej inwestycji, a w kwietniu 2015 roku teren naby\u0142a firma Henniger Investment. Nast\u0119pnie nieruchomo\u015b\u0107 ponownie zosta\u0142a sprzedana, tym razem firmie Glivia sp z o.o., kt\u00f3ra zmieni\u0142a nazw\u0119 na Renner. Jak wynika ze strony internetowej sp\u00f3\u0142ki, jej dzia\u0142alno\u015b\u0107 koncentruje si\u0119 na du\u017cych projektach mieszkaniowych. Renner Group odpowiedzialna jest za \u201eOsiedle D\u0119bowe\u201d w Tychach i \u201eZielone Tarasy\u201d w Krakowie.<\/p>\n<p>(msz)<br \/>\nwizualizacje: Renner\/ glivia.pl<\/p>\n<div class=\"gliwi-a5-na-koncu-artykulow gliwi-entity-placement\" id=\"gliwi-2466378736\"><div class=\"gliwi-adlabel\"><span style=\"font-size: 9px\">REKLAMA<\/span><\/div><div id=\"gliwi-2537588023\" style=\"margin-left: auto;margin-right: auto;text-align: center;\"><a data-no-instant=\"1\" href=\"https:\/\/prezeroarenagliwice.pl\/\" rel=\"noopener\" class=\"a2t-link\" target=\"_blank\" aria-label=\"20260309-PREZERO-WIOSNA-D\"><img loading=\"lazy\" decoding=\"async\" src=\"https:\/\/www.24gliwice.pl\/wiadomosci\/wp-content\/uploads\/2026\/03\/20260309-PREZERO-WIOSNA-D.webp\" alt=\"\"  srcset=\"https:\/\/www.24gliwice.pl\/wiadomosci\/wp-content\/uploads\/2026\/03\/20260309-PREZERO-WIOSNA-D.webp 750w, https:\/\/www.24gliwice.pl\/wiadomosci\/wp-content\/uploads\/2026\/03\/20260309-PREZERO-WIOSNA-D-410x109.webp 410w\" sizes=\"(max-width: 750px) 100vw, 750px\" class=\"no-lazyload\" width=\"750\" height=\"200\"  style=\"display: inline-block; max-width: 100%; height: auto;\" \/><\/a><\/div><\/div>","protected":false},"excerpt":{"rendered":"<p>Wraca pomys\u0142 budowy osiedla mieszkaniowego na terenie dawnych koszar\u00f3w wojskowych przy ul. Daszy\u0144skiego 68. Koncepcja nabra\u0142a ju\u017c realnych kszta\u0142t\u00f3w, inwestor do po\u0142owy 2019 roku planuje wybudowa\u0107 dwa pierwsze budynki z 66 mieszkaniami. Cho\u0107 zachowana zostanie pierwotna nazwa osiedla &#8220;Glivia&#8221;, inwestycja zostanie zrealizowana na podstawie zupe\u0142nie innego projektu. [perfectpullquote align=&#8221;full&#8221; bordertop=&#8221;false&#8221; cite=&#8221;&#8221; link=&#8221;&#8221; color=&#8221;&#8221; class=&#8221;&#8221; size=&#8221;&#8221;]Docelowo [&hellip;]<\/p>\n","protected":false},"author":12,"featured_media":109692,"comment_status":"open","ping_status":"closed","sticky":false,"template":"","format":"gallery","meta":{"_monsterinsights_skip_tracking":false,"_monsterinsights_sitenote_active":false,"_monsterinsights_sitenote_note":"","_monsterinsights_sitenote_category":0,"footnotes":"","_links_to":"","_links_to_target":""},"categories":[3,1,9],"tags":[11055,11056,10331],"class_list":["post-109691","post","type-post","status-publish","format-gallery","has-post-thumbnail","hentry","category-gliwice","category-wszystko","category-aktualnosci_lokalne","tag-osiedle-glivia","tag-renner","tag-renner-gliwice","post_format-post-format-gallery"],"yoast_head":"<!-- This site is optimized with the Yoast SEO plugin v27.5 - https:\/\/yoast.com\/product\/yoast-seo-wordpress\/ -->\n<title>Glivia reaktywacja. Budowa osiedla przy ul. Daszy\u0144skiego ma ruszy\u0107 w pierwszym kwartale 2018 roku - 24GLIWICE - Portal Gliwice | codziennie nowe informacje<\/title>\n<meta name=\"robots\" content=\"index, follow, max-snippet:-1, max-image-preview:large, max-video-preview:-1\" \/>\n<link rel=\"canonical\" href=\"https:\/\/www.24gliwice.pl\/wiadomosci\/glivia-reaktywacja-budowa-osiedla-przy-ul-daszynskiego-ma-ruszyc-w-pierwszym-kwartale-2018-roku\/\" \/>\n<meta property=\"og:locale\" content=\"pl_PL\" \/>\n<meta property=\"og:type\" content=\"article\" \/>\n<meta property=\"og:title\" content=\"Glivia reaktywacja. Budowa osiedla przy ul. Daszy\u0144skiego ma ruszy\u0107 w pierwszym kwartale 2018 roku - 24GLIWICE - Portal Gliwice | codziennie nowe informacje\" \/>\n<meta property=\"og:description\" content=\"Wraca pomys\u0142 budowy osiedla mieszkaniowego na terenie dawnych koszar\u00f3w wojskowych przy ul. Daszy\u0144skiego 68. Koncepcja nabra\u0142a ju\u017c realnych kszta\u0142t\u00f3w, inwestor do po\u0142owy 2019 roku planuje wybudowa\u0107 dwa pierwsze budynki z 66 mieszkaniami. Cho\u0107 zachowana zostanie pierwotna nazwa osiedla &#8220;Glivia&#8221;, inwestycja zostanie zrealizowana na podstawie zupe\u0142nie innego projektu. [perfectpullquote align=&#8221;full&#8221; bordertop=&#8221;false&#8221; cite=&#8221;&#8221; link=&#8221;&#8221; color=&#8221;&#8221; class=&#8221;&#8221; size=&#8221;&#8221;]Docelowo [&hellip;]\" \/>\n<meta property=\"og:url\" content=\"https:\/\/www.24gliwice.pl\/wiadomosci\/glivia-reaktywacja-budowa-osiedla-przy-ul-daszynskiego-ma-ruszyc-w-pierwszym-kwartale-2018-roku\/\" \/>\n<meta property=\"og:site_name\" content=\"24GLIWICE - Portal Gliwice | codziennie nowe informacje\" \/>\n<meta property=\"article:publisher\" content=\"https:\/\/www.facebook.com\/24gliwice\" \/>\n<meta property=\"article:published_time\" content=\"2017-12-22T12:42:34+00:00\" \/>\n<meta property=\"og:image\" content=\"https:\/\/www.24gliwice.pl\/wiadomosci\/wp-content\/uploads\/2017\/12\/gliv1.jpg\" \/>\n\t<meta property=\"og:image:width\" content=\"1313\" \/>\n\t<meta property=\"og:image:height\" content=\"700\" \/>\n\t<meta property=\"og:image:type\" content=\"image\/jpeg\" \/>\n<meta name=\"author\" content=\"Micha\u0142 Szewczyk\" \/>\n<meta name=\"twitter:card\" content=\"summary_large_image\" \/>\n<meta name=\"twitter:creator\" content=\"@24gliwice\" \/>\n<meta name=\"twitter:site\" content=\"@24gliwice\" \/>\n<meta name=\"twitter:label1\" content=\"Napisane przez\" \/>\n\t<meta name=\"twitter:data1\" content=\"Micha\u0142 Szewczyk\" \/>\n\t<meta name=\"twitter:label2\" content=\"Szacowany czas czytania\" \/>\n\t<meta name=\"twitter:data2\" content=\"2 minuty\" \/>\n<script type=\"application\/ld+json\" class=\"yoast-schema-graph\">{\"@context\":\"https:\\\/\\\/schema.org\",\"@graph\":[{\"@type\":\"Article\",\"@id\":\"https:\\\/\\\/www.24gliwice.pl\\\/wiadomosci\\\/glivia-reaktywacja-budowa-osiedla-przy-ul-daszynskiego-ma-ruszyc-w-pierwszym-kwartale-2018-roku\\\/#article\",\"isPartOf\":{\"@id\":\"https:\\\/\\\/www.24gliwice.pl\\\/wiadomosci\\\/glivia-reaktywacja-budowa-osiedla-przy-ul-daszynskiego-ma-ruszyc-w-pierwszym-kwartale-2018-roku\\\/\"},\"author\":{\"name\":\"Micha\u0142 Szewczyk\",\"@id\":\"https:\\\/\\\/www.24gliwice.pl\\\/wiadomosci\\\/#\\\/schema\\\/person\\\/940e8f8a097e322de4f463f061ef8d45\"},\"headline\":\"Glivia reaktywacja. Budowa osiedla przy ul. Daszy\u0144skiego ma ruszy\u0107 w pierwszym kwartale 2018 roku\",\"datePublished\":\"2017-12-22T12:42:34+00:00\",\"mainEntityOfPage\":{\"@id\":\"https:\\\/\\\/www.24gliwice.pl\\\/wiadomosci\\\/glivia-reaktywacja-budowa-osiedla-przy-ul-daszynskiego-ma-ruszyc-w-pierwszym-kwartale-2018-roku\\\/\"},\"wordCount\":399,\"commentCount\":0,\"publisher\":{\"@id\":\"https:\\\/\\\/www.24gliwice.pl\\\/wiadomosci\\\/#organization\"},\"image\":{\"@id\":\"https:\\\/\\\/www.24gliwice.pl\\\/wiadomosci\\\/glivia-reaktywacja-budowa-osiedla-przy-ul-daszynskiego-ma-ruszyc-w-pierwszym-kwartale-2018-roku\\\/#primaryimage\"},\"thumbnailUrl\":\"https:\\\/\\\/www.24gliwice.pl\\\/wiadomosci\\\/wp-content\\\/uploads\\\/2017\\\/12\\\/gliv1.jpg\",\"keywords\":[\"osiedle glivia\",\"renner\",\"renner gliwice\"],\"articleSection\":[\"Gliwice\",\"Najnowsze wiadomo\u015bci\",\"Portal Gliwice - Wiadomo\u015bci lokalne\"],\"inLanguage\":\"pl-PL\",\"potentialAction\":[{\"@type\":\"CommentAction\",\"name\":\"Comment\",\"target\":[\"https:\\\/\\\/www.24gliwice.pl\\\/wiadomosci\\\/glivia-reaktywacja-budowa-osiedla-przy-ul-daszynskiego-ma-ruszyc-w-pierwszym-kwartale-2018-roku\\\/#respond\"]}]},{\"@type\":\"WebPage\",\"@id\":\"https:\\\/\\\/www.24gliwice.pl\\\/wiadomosci\\\/glivia-reaktywacja-budowa-osiedla-przy-ul-daszynskiego-ma-ruszyc-w-pierwszym-kwartale-2018-roku\\\/\",\"url\":\"https:\\\/\\\/www.24gliwice.pl\\\/wiadomosci\\\/glivia-reaktywacja-budowa-osiedla-przy-ul-daszynskiego-ma-ruszyc-w-pierwszym-kwartale-2018-roku\\\/\",\"name\":\"Glivia reaktywacja. Budowa osiedla przy ul. Daszy\u0144skiego ma ruszy\u0107 w pierwszym kwartale 2018 roku - 24GLIWICE - Portal Gliwice | codziennie nowe informacje\",\"isPartOf\":{\"@id\":\"https:\\\/\\\/www.24gliwice.pl\\\/wiadomosci\\\/#website\"},\"primaryImageOfPage\":{\"@id\":\"https:\\\/\\\/www.24gliwice.pl\\\/wiadomosci\\\/glivia-reaktywacja-budowa-osiedla-przy-ul-daszynskiego-ma-ruszyc-w-pierwszym-kwartale-2018-roku\\\/#primaryimage\"},\"image\":{\"@id\":\"https:\\\/\\\/www.24gliwice.pl\\\/wiadomosci\\\/glivia-reaktywacja-budowa-osiedla-przy-ul-daszynskiego-ma-ruszyc-w-pierwszym-kwartale-2018-roku\\\/#primaryimage\"},\"thumbnailUrl\":\"https:\\\/\\\/www.24gliwice.pl\\\/wiadomosci\\\/wp-content\\\/uploads\\\/2017\\\/12\\\/gliv1.jpg\",\"datePublished\":\"2017-12-22T12:42:34+00:00\",\"breadcrumb\":{\"@id\":\"https:\\\/\\\/www.24gliwice.pl\\\/wiadomosci\\\/glivia-reaktywacja-budowa-osiedla-przy-ul-daszynskiego-ma-ruszyc-w-pierwszym-kwartale-2018-roku\\\/#breadcrumb\"},\"inLanguage\":\"pl-PL\",\"potentialAction\":[{\"@type\":\"ReadAction\",\"target\":[\"https:\\\/\\\/www.24gliwice.pl\\\/wiadomosci\\\/glivia-reaktywacja-budowa-osiedla-przy-ul-daszynskiego-ma-ruszyc-w-pierwszym-kwartale-2018-roku\\\/\"]}]},{\"@type\":\"ImageObject\",\"inLanguage\":\"pl-PL\",\"@id\":\"https:\\\/\\\/www.24gliwice.pl\\\/wiadomosci\\\/glivia-reaktywacja-budowa-osiedla-przy-ul-daszynskiego-ma-ruszyc-w-pierwszym-kwartale-2018-roku\\\/#primaryimage\",\"url\":\"https:\\\/\\\/www.24gliwice.pl\\\/wiadomosci\\\/wp-content\\\/uploads\\\/2017\\\/12\\\/gliv1.jpg\",\"contentUrl\":\"https:\\\/\\\/www.24gliwice.pl\\\/wiadomosci\\\/wp-content\\\/uploads\\\/2017\\\/12\\\/gliv1.jpg\",\"width\":1313,\"height\":700},{\"@type\":\"BreadcrumbList\",\"@id\":\"https:\\\/\\\/www.24gliwice.pl\\\/wiadomosci\\\/glivia-reaktywacja-budowa-osiedla-przy-ul-daszynskiego-ma-ruszyc-w-pierwszym-kwartale-2018-roku\\\/#breadcrumb\",\"itemListElement\":[{\"@type\":\"ListItem\",\"position\":1,\"name\":\"Strona g\u0142\u00f3wna\",\"item\":\"https:\\\/\\\/www.24gliwice.pl\\\/wiadomosci\\\/\"},{\"@type\":\"ListItem\",\"position\":2,\"name\":\"Glivia reaktywacja. Budowa osiedla przy ul. Daszy\u0144skiego ma ruszy\u0107 w pierwszym kwartale 2018 roku\"}]},{\"@type\":\"WebSite\",\"@id\":\"https:\\\/\\\/www.24gliwice.pl\\\/wiadomosci\\\/#website\",\"url\":\"https:\\\/\\\/www.24gliwice.pl\\\/wiadomosci\\\/\",\"name\":\"24GLIWICE - Portal Gliwice | codziennie nowe wiadomo\u015bci\",\"description\":\"Portal Miejski Gliwice\",\"publisher\":{\"@id\":\"https:\\\/\\\/www.24gliwice.pl\\\/wiadomosci\\\/#organization\"},\"potentialAction\":[{\"@type\":\"SearchAction\",\"target\":{\"@type\":\"EntryPoint\",\"urlTemplate\":\"https:\\\/\\\/www.24gliwice.pl\\\/wiadomosci\\\/?s={search_term_string}\"},\"query-input\":{\"@type\":\"PropertyValueSpecification\",\"valueRequired\":true,\"valueName\":\"search_term_string\"}}],\"inLanguage\":\"pl-PL\"},{\"@type\":\"Organization\",\"@id\":\"https:\\\/\\\/www.24gliwice.pl\\\/wiadomosci\\\/#organization\",\"name\":\"24gliwice\",\"url\":\"https:\\\/\\\/www.24gliwice.pl\\\/wiadomosci\\\/\",\"logo\":{\"@type\":\"ImageObject\",\"inLanguage\":\"pl-PL\",\"@id\":\"https:\\\/\\\/www.24gliwice.pl\\\/wiadomosci\\\/#\\\/schema\\\/logo\\\/image\\\/\",\"url\":\"https:\\\/\\\/www.24gliwice.pl\\\/wiadomosci\\\/wp-content\\\/uploads\\\/2024\\\/10\\\/24gliwice-logo-696.jpg\",\"contentUrl\":\"https:\\\/\\\/www.24gliwice.pl\\\/wiadomosci\\\/wp-content\\\/uploads\\\/2024\\\/10\\\/24gliwice-logo-696.jpg\",\"width\":696,\"height\":696,\"caption\":\"24gliwice\"},\"image\":{\"@id\":\"https:\\\/\\\/www.24gliwice.pl\\\/wiadomosci\\\/#\\\/schema\\\/logo\\\/image\\\/\"},\"sameAs\":[\"https:\\\/\\\/www.facebook.com\\\/24gliwice\",\"https:\\\/\\\/x.com\\\/24gliwice\",\"https:\\\/\\\/www.youtube.com\\\/@24gliwice\"]},{\"@type\":\"Person\",\"@id\":\"https:\\\/\\\/www.24gliwice.pl\\\/wiadomosci\\\/#\\\/schema\\\/person\\\/940e8f8a097e322de4f463f061ef8d45\",\"name\":\"Micha\u0142 Szewczyk\",\"image\":{\"@type\":\"ImageObject\",\"inLanguage\":\"pl-PL\",\"@id\":\"https:\\\/\\\/secure.gravatar.com\\\/avatar\\\/771b8b6c74cd8d255e46392d605e01a86133900ef09b6ef3c8d451c9d92288cf?s=96&d=mm&r=g\",\"url\":\"https:\\\/\\\/secure.gravatar.com\\\/avatar\\\/771b8b6c74cd8d255e46392d605e01a86133900ef09b6ef3c8d451c9d92288cf?s=96&d=mm&r=g\",\"contentUrl\":\"https:\\\/\\\/secure.gravatar.com\\\/avatar\\\/771b8b6c74cd8d255e46392d605e01a86133900ef09b6ef3c8d451c9d92288cf?s=96&d=mm&r=g\",\"caption\":\"Micha\u0142 Szewczyk\"},\"sameAs\":[\"http:\\\/\\\/www.gazeta-miejska.pl\"],\"url\":\"https:\\\/\\\/www.24gliwice.pl\\\/wiadomosci\\\/author\\\/michal-szewczyk\\\/\"}]}<\/script>\n<!-- \/ Yoast SEO plugin. -->","yoast_head_json":{"title":"Glivia reaktywacja. Budowa osiedla przy ul. Daszy\u0144skiego ma ruszy\u0107 w pierwszym kwartale 2018 roku - 24GLIWICE - Portal Gliwice | codziennie nowe informacje","robots":{"index":"index","follow":"follow","max-snippet":"max-snippet:-1","max-image-preview":"max-image-preview:large","max-video-preview":"max-video-preview:-1"},"canonical":"https:\/\/www.24gliwice.pl\/wiadomosci\/glivia-reaktywacja-budowa-osiedla-przy-ul-daszynskiego-ma-ruszyc-w-pierwszym-kwartale-2018-roku\/","og_locale":"pl_PL","og_type":"article","og_title":"Glivia reaktywacja. Budowa osiedla przy ul. Daszy\u0144skiego ma ruszy\u0107 w pierwszym kwartale 2018 roku - 24GLIWICE - Portal Gliwice | codziennie nowe informacje","og_description":"Wraca pomys\u0142 budowy osiedla mieszkaniowego na terenie dawnych koszar\u00f3w wojskowych przy ul. Daszy\u0144skiego 68. Koncepcja nabra\u0142a ju\u017c realnych kszta\u0142t\u00f3w, inwestor do po\u0142owy 2019 roku planuje wybudowa\u0107 dwa pierwsze budynki z 66 mieszkaniami. Cho\u0107 zachowana zostanie pierwotna nazwa osiedla &#8220;Glivia&#8221;, inwestycja zostanie zrealizowana na podstawie zupe\u0142nie innego projektu. [perfectpullquote align=&#8221;full&#8221; bordertop=&#8221;false&#8221; cite=&#8221;&#8221; link=&#8221;&#8221; color=&#8221;&#8221; class=&#8221;&#8221; size=&#8221;&#8221;]Docelowo [&hellip;]","og_url":"https:\/\/www.24gliwice.pl\/wiadomosci\/glivia-reaktywacja-budowa-osiedla-przy-ul-daszynskiego-ma-ruszyc-w-pierwszym-kwartale-2018-roku\/","og_site_name":"24GLIWICE - Portal Gliwice | codziennie nowe informacje","article_publisher":"https:\/\/www.facebook.com\/24gliwice","article_published_time":"2017-12-22T12:42:34+00:00","og_image":[{"width":1313,"height":700,"url":"https:\/\/www.24gliwice.pl\/wiadomosci\/wp-content\/uploads\/2017\/12\/gliv1.jpg","type":"image\/jpeg"}],"author":"Micha\u0142 Szewczyk","twitter_card":"summary_large_image","twitter_creator":"@24gliwice","twitter_site":"@24gliwice","twitter_misc":{"Napisane przez":"Micha\u0142 Szewczyk","Szacowany czas czytania":"2 minuty"},"schema":{"@context":"https:\/\/schema.org","@graph":[{"@type":"Article","@id":"https:\/\/www.24gliwice.pl\/wiadomosci\/glivia-reaktywacja-budowa-osiedla-przy-ul-daszynskiego-ma-ruszyc-w-pierwszym-kwartale-2018-roku\/#article","isPartOf":{"@id":"https:\/\/www.24gliwice.pl\/wiadomosci\/glivia-reaktywacja-budowa-osiedla-przy-ul-daszynskiego-ma-ruszyc-w-pierwszym-kwartale-2018-roku\/"},"author":{"name":"Micha\u0142 Szewczyk","@id":"https:\/\/www.24gliwice.pl\/wiadomosci\/#\/schema\/person\/940e8f8a097e322de4f463f061ef8d45"},"headline":"Glivia reaktywacja. Budowa osiedla przy ul. Daszy\u0144skiego ma ruszy\u0107 w pierwszym kwartale 2018 roku","datePublished":"2017-12-22T12:42:34+00:00","mainEntityOfPage":{"@id":"https:\/\/www.24gliwice.pl\/wiadomosci\/glivia-reaktywacja-budowa-osiedla-przy-ul-daszynskiego-ma-ruszyc-w-pierwszym-kwartale-2018-roku\/"},"wordCount":399,"commentCount":0,"publisher":{"@id":"https:\/\/www.24gliwice.pl\/wiadomosci\/#organization"},"image":{"@id":"https:\/\/www.24gliwice.pl\/wiadomosci\/glivia-reaktywacja-budowa-osiedla-przy-ul-daszynskiego-ma-ruszyc-w-pierwszym-kwartale-2018-roku\/#primaryimage"},"thumbnailUrl":"https:\/\/www.24gliwice.pl\/wiadomosci\/wp-content\/uploads\/2017\/12\/gliv1.jpg","keywords":["osiedle glivia","renner","renner gliwice"],"articleSection":["Gliwice","Najnowsze wiadomo\u015bci","Portal Gliwice - Wiadomo\u015bci lokalne"],"inLanguage":"pl-PL","potentialAction":[{"@type":"CommentAction","name":"Comment","target":["https:\/\/www.24gliwice.pl\/wiadomosci\/glivia-reaktywacja-budowa-osiedla-przy-ul-daszynskiego-ma-ruszyc-w-pierwszym-kwartale-2018-roku\/#respond"]}]},{"@type":"WebPage","@id":"https:\/\/www.24gliwice.pl\/wiadomosci\/glivia-reaktywacja-budowa-osiedla-przy-ul-daszynskiego-ma-ruszyc-w-pierwszym-kwartale-2018-roku\/","url":"https:\/\/www.24gliwice.pl\/wiadomosci\/glivia-reaktywacja-budowa-osiedla-przy-ul-daszynskiego-ma-ruszyc-w-pierwszym-kwartale-2018-roku\/","name":"Glivia reaktywacja. Budowa osiedla przy ul. Daszy\u0144skiego ma ruszy\u0107 w pierwszym kwartale 2018 roku - 24GLIWICE - Portal Gliwice | codziennie nowe informacje","isPartOf":{"@id":"https:\/\/www.24gliwice.pl\/wiadomosci\/#website"},"primaryImageOfPage":{"@id":"https:\/\/www.24gliwice.pl\/wiadomosci\/glivia-reaktywacja-budowa-osiedla-przy-ul-daszynskiego-ma-ruszyc-w-pierwszym-kwartale-2018-roku\/#primaryimage"},"image":{"@id":"https:\/\/www.24gliwice.pl\/wiadomosci\/glivia-reaktywacja-budowa-osiedla-przy-ul-daszynskiego-ma-ruszyc-w-pierwszym-kwartale-2018-roku\/#primaryimage"},"thumbnailUrl":"https:\/\/www.24gliwice.pl\/wiadomosci\/wp-content\/uploads\/2017\/12\/gliv1.jpg","datePublished":"2017-12-22T12:42:34+00:00","breadcrumb":{"@id":"https:\/\/www.24gliwice.pl\/wiadomosci\/glivia-reaktywacja-budowa-osiedla-przy-ul-daszynskiego-ma-ruszyc-w-pierwszym-kwartale-2018-roku\/#breadcrumb"},"inLanguage":"pl-PL","potentialAction":[{"@type":"ReadAction","target":["https:\/\/www.24gliwice.pl\/wiadomosci\/glivia-reaktywacja-budowa-osiedla-przy-ul-daszynskiego-ma-ruszyc-w-pierwszym-kwartale-2018-roku\/"]}]},{"@type":"ImageObject","inLanguage":"pl-PL","@id":"https:\/\/www.24gliwice.pl\/wiadomosci\/glivia-reaktywacja-budowa-osiedla-przy-ul-daszynskiego-ma-ruszyc-w-pierwszym-kwartale-2018-roku\/#primaryimage","url":"https:\/\/www.24gliwice.pl\/wiadomosci\/wp-content\/uploads\/2017\/12\/gliv1.jpg","contentUrl":"https:\/\/www.24gliwice.pl\/wiadomosci\/wp-content\/uploads\/2017\/12\/gliv1.jpg","width":1313,"height":700},{"@type":"BreadcrumbList","@id":"https:\/\/www.24gliwice.pl\/wiadomosci\/glivia-reaktywacja-budowa-osiedla-przy-ul-daszynskiego-ma-ruszyc-w-pierwszym-kwartale-2018-roku\/#breadcrumb","itemListElement":[{"@type":"ListItem","position":1,"name":"Strona g\u0142\u00f3wna","item":"https:\/\/www.24gliwice.pl\/wiadomosci\/"},{"@type":"ListItem","position":2,"name":"Glivia reaktywacja. Budowa osiedla przy ul. Daszy\u0144skiego ma ruszy\u0107 w pierwszym kwartale 2018 roku"}]},{"@type":"WebSite","@id":"https:\/\/www.24gliwice.pl\/wiadomosci\/#website","url":"https:\/\/www.24gliwice.pl\/wiadomosci\/","name":"24GLIWICE - Portal Gliwice | codziennie nowe wiadomo\u015bci","description":"Portal Miejski Gliwice","publisher":{"@id":"https:\/\/www.24gliwice.pl\/wiadomosci\/#organization"},"potentialAction":[{"@type":"SearchAction","target":{"@type":"EntryPoint","urlTemplate":"https:\/\/www.24gliwice.pl\/wiadomosci\/?s={search_term_string}"},"query-input":{"@type":"PropertyValueSpecification","valueRequired":true,"valueName":"search_term_string"}}],"inLanguage":"pl-PL"},{"@type":"Organization","@id":"https:\/\/www.24gliwice.pl\/wiadomosci\/#organization","name":"24gliwice","url":"https:\/\/www.24gliwice.pl\/wiadomosci\/","logo":{"@type":"ImageObject","inLanguage":"pl-PL","@id":"https:\/\/www.24gliwice.pl\/wiadomosci\/#\/schema\/logo\/image\/","url":"https:\/\/www.24gliwice.pl\/wiadomosci\/wp-content\/uploads\/2024\/10\/24gliwice-logo-696.jpg","contentUrl":"https:\/\/www.24gliwice.pl\/wiadomosci\/wp-content\/uploads\/2024\/10\/24gliwice-logo-696.jpg","width":696,"height":696,"caption":"24gliwice"},"image":{"@id":"https:\/\/www.24gliwice.pl\/wiadomosci\/#\/schema\/logo\/image\/"},"sameAs":["https:\/\/www.facebook.com\/24gliwice","https:\/\/x.com\/24gliwice","https:\/\/www.youtube.com\/@24gliwice"]},{"@type":"Person","@id":"https:\/\/www.24gliwice.pl\/wiadomosci\/#\/schema\/person\/940e8f8a097e322de4f463f061ef8d45","name":"Micha\u0142 Szewczyk","image":{"@type":"ImageObject","inLanguage":"pl-PL","@id":"https:\/\/secure.gravatar.com\/avatar\/771b8b6c74cd8d255e46392d605e01a86133900ef09b6ef3c8d451c9d92288cf?s=96&d=mm&r=g","url":"https:\/\/secure.gravatar.com\/avatar\/771b8b6c74cd8d255e46392d605e01a86133900ef09b6ef3c8d451c9d92288cf?s=96&d=mm&r=g","contentUrl":"https:\/\/secure.gravatar.com\/avatar\/771b8b6c74cd8d255e46392d605e01a86133900ef09b6ef3c8d451c9d92288cf?s=96&d=mm&r=g","caption":"Micha\u0142 Szewczyk"},"sameAs":["http:\/\/www.gazeta-miejska.pl"],"url":"https:\/\/www.24gliwice.pl\/wiadomosci\/author\/michal-szewczyk\/"}]}},"_links":{"self":[{"href":"https:\/\/www.24gliwice.pl\/wiadomosci\/wp-json\/wp\/v2\/posts\/109691","targetHints":{"allow":["GET"]}}],"collection":[{"href":"https:\/\/www.24gliwice.pl\/wiadomosci\/wp-json\/wp\/v2\/posts"}],"about":[{"href":"https:\/\/www.24gliwice.pl\/wiadomosci\/wp-json\/wp\/v2\/types\/post"}],"author":[{"embeddable":true,"href":"https:\/\/www.24gliwice.pl\/wiadomosci\/wp-json\/wp\/v2\/users\/12"}],"replies":[{"embeddable":true,"href":"https:\/\/www.24gliwice.pl\/wiadomosci\/wp-json\/wp\/v2\/comments?post=109691"}],"version-history":[{"count":0,"href":"https:\/\/www.24gliwice.pl\/wiadomosci\/wp-json\/wp\/v2\/posts\/109691\/revisions"}],"wp:featuredmedia":[{"embeddable":true,"href":"https:\/\/www.24gliwice.pl\/wiadomosci\/wp-json\/wp\/v2\/media\/109692"}],"wp:attachment":[{"href":"https:\/\/www.24gliwice.pl\/wiadomosci\/wp-json\/wp\/v2\/media?parent=109691"}],"wp:term":[{"taxonomy":"category","embeddable":true,"href":"https:\/\/www.24gliwice.pl\/wiadomosci\/wp-json\/wp\/v2\/categories?post=109691"},{"taxonomy":"post_tag","embeddable":true,"href":"https:\/\/www.24gliwice.pl\/wiadomosci\/wp-json\/wp\/v2\/tags?post=109691"}],"curies":[{"name":"wp","href":"https:\/\/api.w.org\/{rel}","templated":true}]}}