{"id":109700,"date":"2017-12-22T13:23:08","date_gmt":"2017-12-22T12:23:08","guid":{"rendered":"http:\/\/www.24gliwice.pl\/wiadomosci\/?p=109700"},"modified":"2017-12-22T14:32:25","modified_gmt":"2017-12-22T13:32:25","slug":"skad-wziely-sie-czapki-na-gliwickich-lwach-to-final-spolecznej-akcji","status":"publish","type":"post","link":"https:\/\/www.24gliwice.pl\/wiadomosci\/skad-wziely-sie-czapki-na-gliwickich-lwach-to-final-spolecznej-akcji\/","title":{"rendered":"Sk\u0105d wzi\u0119\u0142y si\u0119 czapki na gliwickich lwach? To fina\u0142 spo\u0142ecznej akcji"},"content":{"rendered":"<div class=\"gliwi-a6-nad-leadem-artykulow gliwi-entity-placement\" id=\"gliwi-2295520945\"><div class=\"gliwi-adlabel\"><span style=\"font-size: 9px\">REKLAMA<\/span><\/div><div id=\"gliwi-871630654\" style=\"margin-bottom: 30px;margin-left: auto;margin-right: auto;text-align: center;\"><a data-no-instant=\"1\" href=\"https:\/\/przedszkole.halogen.org.pl\/\" rel=\"noopener\" class=\"a2t-link\" target=\"_blank\" aria-label=\"20260402-ANIMATOR-przedszkole_grafika_750x200\"><img loading=\"lazy\" decoding=\"async\" src=\"https:\/\/www.24gliwice.pl\/wiadomosci\/wp-content\/uploads\/2026\/04\/20260402-ANIMATOR-przedszkole_grafika_750x200.webp\" alt=\"\"  srcset=\"https:\/\/www.24gliwice.pl\/wiadomosci\/wp-content\/uploads\/2026\/04\/20260402-ANIMATOR-przedszkole_grafika_750x200.webp 750w, https:\/\/www.24gliwice.pl\/wiadomosci\/wp-content\/uploads\/2026\/04\/20260402-ANIMATOR-przedszkole_grafika_750x200-410x109.webp 410w\" sizes=\"(max-width: 750px) 100vw, 750px\" class=\"no-lazyload\" width=\"750\" height=\"200\"  style=\"display: inline-block; max-width: 100%; height: auto;\" \/><\/a><\/div><\/div><h3>Z okazji zbli\u017caj\u0105cych si\u0119 \u015awi\u0105t Bo\u017cego Narodzenia nieformalna grupa Pozytywni zorganizowa\u0142a akcj\u0119 &#8220;Podaruj czapk\u0119&#8221;.<\/h3>\n<p>W ramach tej niezwyk\u0142ej inicjatywy powsta\u0142y czapki i szaliki, kt\u00f3re tu\u017c przed Wigili\u0105 zostan\u0105 udost\u0119pnione na wieszakach rozstawionych w kilku punktach miasta. Ka\u017cdy, kto chcia\u0142 mie\u0107 w tym sw\u00f3j udzia\u0142 m\u00f3g\u0142 zajrze\u0107 do Biblioteki Centralnej w godzinach jej otwarcia i z my\u015bl\u0105 o wszystkich potrzebuj\u0105cych ciep\u0142a zrobi\u0107 czapk\u0119 b\u0105d\u017a szalik. Akcja trwa\u0142a do 20 grudnia.<\/p>\n<p>Cz\u0142onkowie grupy Pozytywni rozpisali projekt kampanii na dwa lata i od jesieni 2015 roku konsekwentnie go realizuj\u0105. Odbi\u00f3r spo\u0142eczny jest bardzo dobry, niewykluczone wi\u0119c, \u017ce pozytywne dzia\u0142ania b\u0119d\u0105 kontynuowane tak\u017ce po zako\u0144czeniu wst\u0119pnego projektu. Tym bardziej, \u017ce pomys\u0142odawcy kampanii co rusz wpadaj\u0105 na nowe pomys\u0142y, a potem wcielaj\u0105 je w \u017cycie i inspiruj\u0105 kolejne osoby do bycia pozytywnym.<\/p><div class=\"gliwi-a3-w-tresci-artykulow gliwi-entity-placement\" id=\"gliwi-2537954304\"><div class=\"gliwi-adlabel\"><span style=\"font-size: 9px\">REKLAMA<\/span><\/div><div id=\"gliwi-3416930271\" style=\"margin-bottom: 30px;margin-left: auto;margin-right: auto;text-align: center;\"><a data-no-instant=\"1\" href=\"https:\/\/zlobek.halogen.org.pl\/\" rel=\"noopener\" class=\"a2t-link\" target=\"_blank\" aria-label=\"animator-zlobek_750x200\"><img loading=\"lazy\" decoding=\"async\" src=\"https:\/\/www.24gliwice.pl\/wiadomosci\/wp-content\/uploads\/2026\/02\/animator-zlobek_750x200.webp\" alt=\"\"  srcset=\"https:\/\/www.24gliwice.pl\/wiadomosci\/wp-content\/uploads\/2026\/02\/animator-zlobek_750x200.webp 750w, https:\/\/www.24gliwice.pl\/wiadomosci\/wp-content\/uploads\/2026\/02\/animator-zlobek_750x200-410x109.webp 410w\" sizes=\"(max-width: 750px) 100vw, 750px\" class=\"no-lazyload\" width=\"750\" height=\"200\"  style=\"display: inline-block; max-width: 100%; height: auto;\" \/><\/a><\/div><\/div>\n[perfectpullquote align=&#8221;full&#8221; cite=&#8221;&#8221; link=&#8221;&#8221; color=&#8221;&#8221; class=&#8221;&#8221; size=&#8221;&#8221;]Dzia\u0142ania, kt\u00f3re podejmuj\u0105, s\u0105 wyznaczane przez trzy g\u0142\u00f3wne kierunki \u2013 \u201ePozytywni w sieci\u201d, \u201ePozytywnie r\u00f3\u017cni\u201d i \u201ePozytywni wobec otoczenia\u201d. [\/perfectpullquote]\n<h4>\u201ePozytywni w sieci\u201d<\/h4>\n<p>To dba\u0142o\u015b\u0107 o szeroko poj\u0119t\u0105 komunikacj\u0119 w Internecie, kultur\u0119 s\u0142owa \u2013 panuje przekonanie, \u017ce sie\u0107 pe\u0142na jest mowy nienawi\u015bci, hejtu, arogancji i wulgarnych s\u0142\u00f3w. Pozytywni chc\u0105 pokaza\u0107 mieszka\u0144com, zw\u0142aszcza m\u0142odzie\u017cy, w\u0142a\u015bciwe sposoby wyra\u017cania emocji. W celu u\u015bwiadomienia zagro\u017ce\u0144 w Internecie og\u0142oszony zosta\u0142 konkurs na komiks pod has\u0142em \u201eJestem OK, nie hejtuj\u0119\u201d.<\/p>\n<p><img loading=\"lazy\" decoding=\"async\" src=\"http:\/\/www.24gliwice.pl\/wiadomosci\/wp-content\/uploads\/2017\/12\/lew-w-czapce-e1513940779125.jpg\" alt=\"\" width=\"810\" height=\"456\" class=\"alignnone size-full wp-image-109715\" \/><\/p>\n<h4>\u201ePozytywnie r\u00f3\u017cni\u201d<\/h4>\n<p>To dzia\u0142ania maj\u0105ce na celu uwra\u017cliwienie spo\u0142ecze\u0144stwa na inno\u015b\u0107 i poszanowanie odmiennych postaw. Powiedzie\u0107, \u017ce ka\u017cdy z nas jest inny i zas\u0142uguje na szacunek to bana\u0142, ale to, co wydaje si\u0119 oczywiste, cz\u0119sto wcale nie jest powszechnie przestrzegane. W tym celu pierwszy raz w Gliwicach Miejska Biblioteka Publiczna zorganizowa\u0142a spotkanie wed\u0142ug formu\u0142y \u017bywej  Biblioteki, czyli mo\u017cliwo\u015bci rozmowy w lud\u017ami postrzeganymi stereotypowo. Uczestnicy akcji mogli przekona\u0107 si\u0119, \u017ce obiegowe opinie cz\u0119sto nijak maj\u0105 si\u0119 do rzeczywisto\u015bci. Go\u015b\u0107mi \u017bywej Biblioteki w Biblioforum byli m.in.: osoby z niepe\u0142nosprawno\u015bci\u0105, anorektyczka, niepij\u0105cy alkoholik i wyznawcy r\u00f3\u017cnych religii. <\/p>\n<h4>\u201ePozytywni wobec otoczenia\u201d<\/h4>\n<p>To dba\u0142o\u015b\u0107 o przestrze\u0144 publiczn\u0105 naszego miasta i relacje mi\u0119dzyludzkie. Drzewa musz\u0105 by\u0107 wycinane, a my chcemy zielonego miasta? S\u0105 miejsca, w kt\u00f3rych mo\u017cemy je sami legalnie posadzi\u0107 \u2013 tak zrobili uczestnicy akcji sadzenia Pozytywnego Drzewka. <\/p>\n<p>Opisane wy\u017cej przedsi\u0119wzi\u0119cia to tylko wycinek kampanii. Poza wymienionymi dzia\u0142aniami realizowane s\u0105 te\u017c inne pomys\u0142y. Pozytywni.Gliwice.pl to kampania oddolna, inspirowana przez uczestnik\u00f3w. Podczas festyn\u00f3w osiedlowych i innych imprez mo\u017cna oddawa\u0107 krew i rejestrowa\u0107 si\u0119 w bazie dawc\u00f3w szpiku i kom\u00f3rek macierzystych. Szerokim echem w\u015br\u00f3d mieszka\u0144c\u00f3w Gliwic odbi\u0142o si\u0119 przedsi\u0119wzi\u0119cie &#8220;Pozytywni dla \u017cycia&#8221;, kt\u00f3re wiosn\u0105 ubieg\u0142ego roku mia\u0142o miejsce w CH Forum i z powodzeniem zaanga\u017cowa\u0142o do wsp\u00f3lnego dzia\u0142ania r\u00f3\u017cne podmioty. Wtedy m.in. podczas akcji \u201eDaj w\u0142os\u201d gliwiczanki obcina\u0142y w\u0142osy oraz przekazywa\u0142y je na peruki dla kobiet walcz\u0105cych z chorobami nowotworowymi. <\/p>\n<blockquote><p>Kampania Pozytywni.Gliwice.pl jednoczy i pokazuje si\u0142\u0119 gliwickiego spo\u0142ecze\u0144stwa <\/p><\/blockquote>\n<p>\u2013 m\u00f3wi\u0105 jej <strong>uczestnicy<\/strong>. <\/p>\n<p>Do wsp\u00f3lnego dzia\u0142ania na rzecz pozytywnego miasta i silnej wsp\u00f3lnoty w\u0142\u0105czy\u0142y si\u0119 bardzo r\u00f3\u017cne podmioty: szko\u0142y, przedszkola, Miejska Biblioteka Publiczna, Poradnia Psychologiczno-Pedagogiczna, Gliwicki Teatr Muzyczny, Gliwickie Centrum Organizacji Pozarz\u0105dowych, Gliwicki O\u015brodek Metodyczny, Miejski Dom Kultury, kluby sportowe, stowarzyszenia, przedsi\u0119biorstwa i inne instytucje. <\/p>\n<p>Generalna zasada jest taka, \u017ce do Pozytywnych mo\u017ce przy\u0142\u0105czy\u0107 si\u0119 ka\u017cdy, kto podziela przekonanie, \u017ce budowanie wsp\u00f3lnoty powinno opiera\u0107 si\u0119 na wra\u017cliwo\u015bci i szacunku. Szczeg\u00f3\u0142owe informacje na temat inicjatywy s\u0105 dost\u0119pne na Facebooku: <a href=\"https:\/\/www.facebook.com\/PozytywniGliwicepl\/\" rel=\"noopener\" target=\"_blank\">www.facebook.com\/PozytywniGliwicepl<\/a>. <\/p>\n<p>(\u017cms)\/(mm)UM Gliwice<\/p>\n<div class=\"gliwi-a5-na-koncu-artykulow gliwi-entity-placement\" id=\"gliwi-1455615656\"><div class=\"gliwi-adlabel\"><span style=\"font-size: 9px\">REKLAMA<\/span><\/div><div id=\"gliwi-3650768398\" style=\"margin-left: auto;margin-right: auto;text-align: center;\"><a data-no-instant=\"1\" href=\"https:\/\/prezeroarenagliwice.pl\/\" rel=\"noopener\" class=\"a2t-link\" target=\"_blank\" aria-label=\"20260309-PREZERO-WIOSNA-D\"><img loading=\"lazy\" decoding=\"async\" src=\"https:\/\/www.24gliwice.pl\/wiadomosci\/wp-content\/uploads\/2026\/03\/20260309-PREZERO-WIOSNA-D.webp\" alt=\"\"  srcset=\"https:\/\/www.24gliwice.pl\/wiadomosci\/wp-content\/uploads\/2026\/03\/20260309-PREZERO-WIOSNA-D.webp 750w, https:\/\/www.24gliwice.pl\/wiadomosci\/wp-content\/uploads\/2026\/03\/20260309-PREZERO-WIOSNA-D-410x109.webp 410w\" sizes=\"(max-width: 750px) 100vw, 750px\" class=\"no-lazyload\" width=\"750\" height=\"200\"  style=\"display: inline-block; max-width: 100%; height: auto;\" \/><\/a><\/div><\/div>","protected":false},"excerpt":{"rendered":"<p>Z okazji zbli\u017caj\u0105cych si\u0119 \u015awi\u0105t Bo\u017cego Narodzenia nieformalna grupa Pozytywni zorganizowa\u0142a akcj\u0119 &#8220;Podaruj czapk\u0119&#8221;. W ramach tej niezwyk\u0142ej inicjatywy powsta\u0142y czapki i szaliki, kt\u00f3re tu\u017c przed Wigili\u0105 zostan\u0105 udost\u0119pnione na wieszakach rozstawionych w kilku punktach miasta. Ka\u017cdy, kto chcia\u0142 mie\u0107 w tym sw\u00f3j udzia\u0142 m\u00f3g\u0142 zajrze\u0107 do Biblioteki Centralnej w godzinach jej otwarcia i z [&hellip;]<\/p>\n","protected":false},"author":15,"featured_media":109714,"comment_status":"open","ping_status":"closed","sticky":false,"template":"","format":"standard","meta":{"_monsterinsights_skip_tracking":false,"_monsterinsights_sitenote_active":false,"_monsterinsights_sitenote_note":"","_monsterinsights_sitenote_category":0,"footnotes":"","_links_to":"","_links_to_target":""},"categories":[3,1],"tags":[8098],"class_list":["post-109700","post","type-post","status-publish","format-standard","has-post-thumbnail","hentry","category-gliwice","category-wszystko","tag-pozytywni"],"yoast_head":"<!-- This site is optimized with the Yoast SEO plugin v27.5 - https:\/\/yoast.com\/product\/yoast-seo-wordpress\/ -->\n<title>Sk\u0105d wzi\u0119\u0142y si\u0119 czapki na gliwickich lwach? To fina\u0142 spo\u0142ecznej akcji - 24GLIWICE - Portal Gliwice | codziennie nowe informacje<\/title>\n<meta name=\"robots\" content=\"index, follow, max-snippet:-1, max-image-preview:large, max-video-preview:-1\" \/>\n<link rel=\"canonical\" href=\"https:\/\/www.24gliwice.pl\/wiadomosci\/skad-wziely-sie-czapki-na-gliwickich-lwach-to-final-spolecznej-akcji\/\" \/>\n<meta property=\"og:locale\" content=\"pl_PL\" \/>\n<meta property=\"og:type\" content=\"article\" \/>\n<meta property=\"og:title\" content=\"Sk\u0105d wzi\u0119\u0142y si\u0119 czapki na gliwickich lwach? To fina\u0142 spo\u0142ecznej akcji - 24GLIWICE - Portal Gliwice | codziennie nowe informacje\" \/>\n<meta property=\"og:description\" content=\"Z okazji zbli\u017caj\u0105cych si\u0119 \u015awi\u0105t Bo\u017cego Narodzenia nieformalna grupa Pozytywni zorganizowa\u0142a akcj\u0119 &#8220;Podaruj czapk\u0119&#8221;. W ramach tej niezwyk\u0142ej inicjatywy powsta\u0142y czapki i szaliki, kt\u00f3re tu\u017c przed Wigili\u0105 zostan\u0105 udost\u0119pnione na wieszakach rozstawionych w kilku punktach miasta. Ka\u017cdy, kto chcia\u0142 mie\u0107 w tym sw\u00f3j udzia\u0142 m\u00f3g\u0142 zajrze\u0107 do Biblioteki Centralnej w godzinach jej otwarcia i z [&hellip;]\" \/>\n<meta property=\"og:url\" content=\"https:\/\/www.24gliwice.pl\/wiadomosci\/skad-wziely-sie-czapki-na-gliwickich-lwach-to-final-spolecznej-akcji\/\" \/>\n<meta property=\"og:site_name\" content=\"24GLIWICE - Portal Gliwice | codziennie nowe informacje\" \/>\n<meta property=\"article:publisher\" content=\"https:\/\/www.facebook.com\/24gliwice\" \/>\n<meta property=\"article:published_time\" content=\"2017-12-22T12:23:08+00:00\" \/>\n<meta property=\"article:modified_time\" content=\"2017-12-22T13:32:25+00:00\" \/>\n<meta property=\"og:image\" content=\"https:\/\/www.24gliwice.pl\/wiadomosci\/wp-content\/uploads\/2017\/12\/lew-w-czapce-2-e1513940717294.jpg\" \/>\n\t<meta property=\"og:image:width\" content=\"810\" \/>\n\t<meta property=\"og:image:height\" content=\"456\" \/>\n\t<meta property=\"og:image:type\" content=\"image\/jpeg\" \/>\n<meta name=\"author\" content=\"\u017baneta Mrozek-Siewierska\" \/>\n<meta name=\"twitter:card\" content=\"summary_large_image\" \/>\n<meta name=\"twitter:creator\" content=\"@24gliwice\" \/>\n<meta name=\"twitter:site\" content=\"@24gliwice\" \/>\n<meta name=\"twitter:label1\" content=\"Napisane przez\" \/>\n\t<meta name=\"twitter:data1\" content=\"\u017baneta Mrozek-Siewierska\" \/>\n\t<meta name=\"twitter:label2\" content=\"Szacowany czas czytania\" \/>\n\t<meta name=\"twitter:data2\" content=\"3 minuty\" \/>\n<script type=\"application\/ld+json\" class=\"yoast-schema-graph\">{\"@context\":\"https:\\\/\\\/schema.org\",\"@graph\":[{\"@type\":\"Article\",\"@id\":\"https:\\\/\\\/www.24gliwice.pl\\\/wiadomosci\\\/skad-wziely-sie-czapki-na-gliwickich-lwach-to-final-spolecznej-akcji\\\/#article\",\"isPartOf\":{\"@id\":\"https:\\\/\\\/www.24gliwice.pl\\\/wiadomosci\\\/skad-wziely-sie-czapki-na-gliwickich-lwach-to-final-spolecznej-akcji\\\/\"},\"author\":{\"name\":\"\u017baneta Mrozek-Siewierska\",\"@id\":\"https:\\\/\\\/www.24gliwice.pl\\\/wiadomosci\\\/#\\\/schema\\\/person\\\/e42c650edd7f2fa332be3811fb166b6e\"},\"headline\":\"Sk\u0105d wzi\u0119\u0142y si\u0119 czapki na gliwickich lwach? To fina\u0142 spo\u0142ecznej akcji\",\"datePublished\":\"2017-12-22T12:23:08+00:00\",\"dateModified\":\"2017-12-22T13:32:25+00:00\",\"mainEntityOfPage\":{\"@id\":\"https:\\\/\\\/www.24gliwice.pl\\\/wiadomosci\\\/skad-wziely-sie-czapki-na-gliwickich-lwach-to-final-spolecznej-akcji\\\/\"},\"wordCount\":667,\"commentCount\":0,\"publisher\":{\"@id\":\"https:\\\/\\\/www.24gliwice.pl\\\/wiadomosci\\\/#organization\"},\"image\":{\"@id\":\"https:\\\/\\\/www.24gliwice.pl\\\/wiadomosci\\\/skad-wziely-sie-czapki-na-gliwickich-lwach-to-final-spolecznej-akcji\\\/#primaryimage\"},\"thumbnailUrl\":\"https:\\\/\\\/www.24gliwice.pl\\\/wiadomosci\\\/wp-content\\\/uploads\\\/2017\\\/12\\\/lew-w-czapce-2-e1513940717294.jpg\",\"keywords\":[\"pozytywni\"],\"articleSection\":[\"Gliwice\",\"Najnowsze wiadomo\u015bci\"],\"inLanguage\":\"pl-PL\",\"potentialAction\":[{\"@type\":\"CommentAction\",\"name\":\"Comment\",\"target\":[\"https:\\\/\\\/www.24gliwice.pl\\\/wiadomosci\\\/skad-wziely-sie-czapki-na-gliwickich-lwach-to-final-spolecznej-akcji\\\/#respond\"]}]},{\"@type\":\"WebPage\",\"@id\":\"https:\\\/\\\/www.24gliwice.pl\\\/wiadomosci\\\/skad-wziely-sie-czapki-na-gliwickich-lwach-to-final-spolecznej-akcji\\\/\",\"url\":\"https:\\\/\\\/www.24gliwice.pl\\\/wiadomosci\\\/skad-wziely-sie-czapki-na-gliwickich-lwach-to-final-spolecznej-akcji\\\/\",\"name\":\"Sk\u0105d wzi\u0119\u0142y si\u0119 czapki na gliwickich lwach? To fina\u0142 spo\u0142ecznej akcji - 24GLIWICE - Portal Gliwice | codziennie nowe informacje\",\"isPartOf\":{\"@id\":\"https:\\\/\\\/www.24gliwice.pl\\\/wiadomosci\\\/#website\"},\"primaryImageOfPage\":{\"@id\":\"https:\\\/\\\/www.24gliwice.pl\\\/wiadomosci\\\/skad-wziely-sie-czapki-na-gliwickich-lwach-to-final-spolecznej-akcji\\\/#primaryimage\"},\"image\":{\"@id\":\"https:\\\/\\\/www.24gliwice.pl\\\/wiadomosci\\\/skad-wziely-sie-czapki-na-gliwickich-lwach-to-final-spolecznej-akcji\\\/#primaryimage\"},\"thumbnailUrl\":\"https:\\\/\\\/www.24gliwice.pl\\\/wiadomosci\\\/wp-content\\\/uploads\\\/2017\\\/12\\\/lew-w-czapce-2-e1513940717294.jpg\",\"datePublished\":\"2017-12-22T12:23:08+00:00\",\"dateModified\":\"2017-12-22T13:32:25+00:00\",\"breadcrumb\":{\"@id\":\"https:\\\/\\\/www.24gliwice.pl\\\/wiadomosci\\\/skad-wziely-sie-czapki-na-gliwickich-lwach-to-final-spolecznej-akcji\\\/#breadcrumb\"},\"inLanguage\":\"pl-PL\",\"potentialAction\":[{\"@type\":\"ReadAction\",\"target\":[\"https:\\\/\\\/www.24gliwice.pl\\\/wiadomosci\\\/skad-wziely-sie-czapki-na-gliwickich-lwach-to-final-spolecznej-akcji\\\/\"]}]},{\"@type\":\"ImageObject\",\"inLanguage\":\"pl-PL\",\"@id\":\"https:\\\/\\\/www.24gliwice.pl\\\/wiadomosci\\\/skad-wziely-sie-czapki-na-gliwickich-lwach-to-final-spolecznej-akcji\\\/#primaryimage\",\"url\":\"https:\\\/\\\/www.24gliwice.pl\\\/wiadomosci\\\/wp-content\\\/uploads\\\/2017\\\/12\\\/lew-w-czapce-2-e1513940717294.jpg\",\"contentUrl\":\"https:\\\/\\\/www.24gliwice.pl\\\/wiadomosci\\\/wp-content\\\/uploads\\\/2017\\\/12\\\/lew-w-czapce-2-e1513940717294.jpg\",\"width\":810,\"height\":456},{\"@type\":\"BreadcrumbList\",\"@id\":\"https:\\\/\\\/www.24gliwice.pl\\\/wiadomosci\\\/skad-wziely-sie-czapki-na-gliwickich-lwach-to-final-spolecznej-akcji\\\/#breadcrumb\",\"itemListElement\":[{\"@type\":\"ListItem\",\"position\":1,\"name\":\"Strona g\u0142\u00f3wna\",\"item\":\"https:\\\/\\\/www.24gliwice.pl\\\/wiadomosci\\\/\"},{\"@type\":\"ListItem\",\"position\":2,\"name\":\"Sk\u0105d wzi\u0119\u0142y si\u0119 czapki na gliwickich lwach? To fina\u0142 spo\u0142ecznej akcji\"}]},{\"@type\":\"WebSite\",\"@id\":\"https:\\\/\\\/www.24gliwice.pl\\\/wiadomosci\\\/#website\",\"url\":\"https:\\\/\\\/www.24gliwice.pl\\\/wiadomosci\\\/\",\"name\":\"24GLIWICE - Portal Gliwice | codziennie nowe wiadomo\u015bci\",\"description\":\"Portal Miejski Gliwice\",\"publisher\":{\"@id\":\"https:\\\/\\\/www.24gliwice.pl\\\/wiadomosci\\\/#organization\"},\"potentialAction\":[{\"@type\":\"SearchAction\",\"target\":{\"@type\":\"EntryPoint\",\"urlTemplate\":\"https:\\\/\\\/www.24gliwice.pl\\\/wiadomosci\\\/?s={search_term_string}\"},\"query-input\":{\"@type\":\"PropertyValueSpecification\",\"valueRequired\":true,\"valueName\":\"search_term_string\"}}],\"inLanguage\":\"pl-PL\"},{\"@type\":\"Organization\",\"@id\":\"https:\\\/\\\/www.24gliwice.pl\\\/wiadomosci\\\/#organization\",\"name\":\"24gliwice\",\"url\":\"https:\\\/\\\/www.24gliwice.pl\\\/wiadomosci\\\/\",\"logo\":{\"@type\":\"ImageObject\",\"inLanguage\":\"pl-PL\",\"@id\":\"https:\\\/\\\/www.24gliwice.pl\\\/wiadomosci\\\/#\\\/schema\\\/logo\\\/image\\\/\",\"url\":\"https:\\\/\\\/www.24gliwice.pl\\\/wiadomosci\\\/wp-content\\\/uploads\\\/2024\\\/10\\\/24gliwice-logo-696.jpg\",\"contentUrl\":\"https:\\\/\\\/www.24gliwice.pl\\\/wiadomosci\\\/wp-content\\\/uploads\\\/2024\\\/10\\\/24gliwice-logo-696.jpg\",\"width\":696,\"height\":696,\"caption\":\"24gliwice\"},\"image\":{\"@id\":\"https:\\\/\\\/www.24gliwice.pl\\\/wiadomosci\\\/#\\\/schema\\\/logo\\\/image\\\/\"},\"sameAs\":[\"https:\\\/\\\/www.facebook.com\\\/24gliwice\",\"https:\\\/\\\/x.com\\\/24gliwice\",\"https:\\\/\\\/www.youtube.com\\\/@24gliwice\"]},{\"@type\":\"Person\",\"@id\":\"https:\\\/\\\/www.24gliwice.pl\\\/wiadomosci\\\/#\\\/schema\\\/person\\\/e42c650edd7f2fa332be3811fb166b6e\",\"name\":\"\u017baneta Mrozek-Siewierska\",\"image\":{\"@type\":\"ImageObject\",\"inLanguage\":\"pl-PL\",\"@id\":\"https:\\\/\\\/secure.gravatar.com\\\/avatar\\\/1881429e9c64597c77ad7aef2d0a19be69a3253e57534d16aa15bf3a4d34a0a3?s=96&d=mm&r=g\",\"url\":\"https:\\\/\\\/secure.gravatar.com\\\/avatar\\\/1881429e9c64597c77ad7aef2d0a19be69a3253e57534d16aa15bf3a4d34a0a3?s=96&d=mm&r=g\",\"contentUrl\":\"https:\\\/\\\/secure.gravatar.com\\\/avatar\\\/1881429e9c64597c77ad7aef2d0a19be69a3253e57534d16aa15bf3a4d34a0a3?s=96&d=mm&r=g\",\"caption\":\"\u017baneta Mrozek-Siewierska\"},\"url\":\"https:\\\/\\\/www.24gliwice.pl\\\/wiadomosci\\\/author\\\/zms\\\/\"}]}<\/script>\n<!-- \/ Yoast SEO plugin. -->","yoast_head_json":{"title":"Sk\u0105d wzi\u0119\u0142y si\u0119 czapki na gliwickich lwach? To fina\u0142 spo\u0142ecznej akcji - 24GLIWICE - Portal Gliwice | codziennie nowe informacje","robots":{"index":"index","follow":"follow","max-snippet":"max-snippet:-1","max-image-preview":"max-image-preview:large","max-video-preview":"max-video-preview:-1"},"canonical":"https:\/\/www.24gliwice.pl\/wiadomosci\/skad-wziely-sie-czapki-na-gliwickich-lwach-to-final-spolecznej-akcji\/","og_locale":"pl_PL","og_type":"article","og_title":"Sk\u0105d wzi\u0119\u0142y si\u0119 czapki na gliwickich lwach? To fina\u0142 spo\u0142ecznej akcji - 24GLIWICE - Portal Gliwice | codziennie nowe informacje","og_description":"Z okazji zbli\u017caj\u0105cych si\u0119 \u015awi\u0105t Bo\u017cego Narodzenia nieformalna grupa Pozytywni zorganizowa\u0142a akcj\u0119 &#8220;Podaruj czapk\u0119&#8221;. W ramach tej niezwyk\u0142ej inicjatywy powsta\u0142y czapki i szaliki, kt\u00f3re tu\u017c przed Wigili\u0105 zostan\u0105 udost\u0119pnione na wieszakach rozstawionych w kilku punktach miasta. Ka\u017cdy, kto chcia\u0142 mie\u0107 w tym sw\u00f3j udzia\u0142 m\u00f3g\u0142 zajrze\u0107 do Biblioteki Centralnej w godzinach jej otwarcia i z [&hellip;]","og_url":"https:\/\/www.24gliwice.pl\/wiadomosci\/skad-wziely-sie-czapki-na-gliwickich-lwach-to-final-spolecznej-akcji\/","og_site_name":"24GLIWICE - Portal Gliwice | codziennie nowe informacje","article_publisher":"https:\/\/www.facebook.com\/24gliwice","article_published_time":"2017-12-22T12:23:08+00:00","article_modified_time":"2017-12-22T13:32:25+00:00","og_image":[{"width":810,"height":456,"url":"https:\/\/www.24gliwice.pl\/wiadomosci\/wp-content\/uploads\/2017\/12\/lew-w-czapce-2-e1513940717294.jpg","type":"image\/jpeg"}],"author":"\u017baneta Mrozek-Siewierska","twitter_card":"summary_large_image","twitter_creator":"@24gliwice","twitter_site":"@24gliwice","twitter_misc":{"Napisane przez":"\u017baneta Mrozek-Siewierska","Szacowany czas czytania":"3 minuty"},"schema":{"@context":"https:\/\/schema.org","@graph":[{"@type":"Article","@id":"https:\/\/www.24gliwice.pl\/wiadomosci\/skad-wziely-sie-czapki-na-gliwickich-lwach-to-final-spolecznej-akcji\/#article","isPartOf":{"@id":"https:\/\/www.24gliwice.pl\/wiadomosci\/skad-wziely-sie-czapki-na-gliwickich-lwach-to-final-spolecznej-akcji\/"},"author":{"name":"\u017baneta Mrozek-Siewierska","@id":"https:\/\/www.24gliwice.pl\/wiadomosci\/#\/schema\/person\/e42c650edd7f2fa332be3811fb166b6e"},"headline":"Sk\u0105d wzi\u0119\u0142y si\u0119 czapki na gliwickich lwach? To fina\u0142 spo\u0142ecznej akcji","datePublished":"2017-12-22T12:23:08+00:00","dateModified":"2017-12-22T13:32:25+00:00","mainEntityOfPage":{"@id":"https:\/\/www.24gliwice.pl\/wiadomosci\/skad-wziely-sie-czapki-na-gliwickich-lwach-to-final-spolecznej-akcji\/"},"wordCount":667,"commentCount":0,"publisher":{"@id":"https:\/\/www.24gliwice.pl\/wiadomosci\/#organization"},"image":{"@id":"https:\/\/www.24gliwice.pl\/wiadomosci\/skad-wziely-sie-czapki-na-gliwickich-lwach-to-final-spolecznej-akcji\/#primaryimage"},"thumbnailUrl":"https:\/\/www.24gliwice.pl\/wiadomosci\/wp-content\/uploads\/2017\/12\/lew-w-czapce-2-e1513940717294.jpg","keywords":["pozytywni"],"articleSection":["Gliwice","Najnowsze wiadomo\u015bci"],"inLanguage":"pl-PL","potentialAction":[{"@type":"CommentAction","name":"Comment","target":["https:\/\/www.24gliwice.pl\/wiadomosci\/skad-wziely-sie-czapki-na-gliwickich-lwach-to-final-spolecznej-akcji\/#respond"]}]},{"@type":"WebPage","@id":"https:\/\/www.24gliwice.pl\/wiadomosci\/skad-wziely-sie-czapki-na-gliwickich-lwach-to-final-spolecznej-akcji\/","url":"https:\/\/www.24gliwice.pl\/wiadomosci\/skad-wziely-sie-czapki-na-gliwickich-lwach-to-final-spolecznej-akcji\/","name":"Sk\u0105d wzi\u0119\u0142y si\u0119 czapki na gliwickich lwach? To fina\u0142 spo\u0142ecznej akcji - 24GLIWICE - Portal Gliwice | codziennie nowe informacje","isPartOf":{"@id":"https:\/\/www.24gliwice.pl\/wiadomosci\/#website"},"primaryImageOfPage":{"@id":"https:\/\/www.24gliwice.pl\/wiadomosci\/skad-wziely-sie-czapki-na-gliwickich-lwach-to-final-spolecznej-akcji\/#primaryimage"},"image":{"@id":"https:\/\/www.24gliwice.pl\/wiadomosci\/skad-wziely-sie-czapki-na-gliwickich-lwach-to-final-spolecznej-akcji\/#primaryimage"},"thumbnailUrl":"https:\/\/www.24gliwice.pl\/wiadomosci\/wp-content\/uploads\/2017\/12\/lew-w-czapce-2-e1513940717294.jpg","datePublished":"2017-12-22T12:23:08+00:00","dateModified":"2017-12-22T13:32:25+00:00","breadcrumb":{"@id":"https:\/\/www.24gliwice.pl\/wiadomosci\/skad-wziely-sie-czapki-na-gliwickich-lwach-to-final-spolecznej-akcji\/#breadcrumb"},"inLanguage":"pl-PL","potentialAction":[{"@type":"ReadAction","target":["https:\/\/www.24gliwice.pl\/wiadomosci\/skad-wziely-sie-czapki-na-gliwickich-lwach-to-final-spolecznej-akcji\/"]}]},{"@type":"ImageObject","inLanguage":"pl-PL","@id":"https:\/\/www.24gliwice.pl\/wiadomosci\/skad-wziely-sie-czapki-na-gliwickich-lwach-to-final-spolecznej-akcji\/#primaryimage","url":"https:\/\/www.24gliwice.pl\/wiadomosci\/wp-content\/uploads\/2017\/12\/lew-w-czapce-2-e1513940717294.jpg","contentUrl":"https:\/\/www.24gliwice.pl\/wiadomosci\/wp-content\/uploads\/2017\/12\/lew-w-czapce-2-e1513940717294.jpg","width":810,"height":456},{"@type":"BreadcrumbList","@id":"https:\/\/www.24gliwice.pl\/wiadomosci\/skad-wziely-sie-czapki-na-gliwickich-lwach-to-final-spolecznej-akcji\/#breadcrumb","itemListElement":[{"@type":"ListItem","position":1,"name":"Strona g\u0142\u00f3wna","item":"https:\/\/www.24gliwice.pl\/wiadomosci\/"},{"@type":"ListItem","position":2,"name":"Sk\u0105d wzi\u0119\u0142y si\u0119 czapki na gliwickich lwach? To fina\u0142 spo\u0142ecznej akcji"}]},{"@type":"WebSite","@id":"https:\/\/www.24gliwice.pl\/wiadomosci\/#website","url":"https:\/\/www.24gliwice.pl\/wiadomosci\/","name":"24GLIWICE - Portal Gliwice | codziennie nowe wiadomo\u015bci","description":"Portal Miejski Gliwice","publisher":{"@id":"https:\/\/www.24gliwice.pl\/wiadomosci\/#organization"},"potentialAction":[{"@type":"SearchAction","target":{"@type":"EntryPoint","urlTemplate":"https:\/\/www.24gliwice.pl\/wiadomosci\/?s={search_term_string}"},"query-input":{"@type":"PropertyValueSpecification","valueRequired":true,"valueName":"search_term_string"}}],"inLanguage":"pl-PL"},{"@type":"Organization","@id":"https:\/\/www.24gliwice.pl\/wiadomosci\/#organization","name":"24gliwice","url":"https:\/\/www.24gliwice.pl\/wiadomosci\/","logo":{"@type":"ImageObject","inLanguage":"pl-PL","@id":"https:\/\/www.24gliwice.pl\/wiadomosci\/#\/schema\/logo\/image\/","url":"https:\/\/www.24gliwice.pl\/wiadomosci\/wp-content\/uploads\/2024\/10\/24gliwice-logo-696.jpg","contentUrl":"https:\/\/www.24gliwice.pl\/wiadomosci\/wp-content\/uploads\/2024\/10\/24gliwice-logo-696.jpg","width":696,"height":696,"caption":"24gliwice"},"image":{"@id":"https:\/\/www.24gliwice.pl\/wiadomosci\/#\/schema\/logo\/image\/"},"sameAs":["https:\/\/www.facebook.com\/24gliwice","https:\/\/x.com\/24gliwice","https:\/\/www.youtube.com\/@24gliwice"]},{"@type":"Person","@id":"https:\/\/www.24gliwice.pl\/wiadomosci\/#\/schema\/person\/e42c650edd7f2fa332be3811fb166b6e","name":"\u017baneta Mrozek-Siewierska","image":{"@type":"ImageObject","inLanguage":"pl-PL","@id":"https:\/\/secure.gravatar.com\/avatar\/1881429e9c64597c77ad7aef2d0a19be69a3253e57534d16aa15bf3a4d34a0a3?s=96&d=mm&r=g","url":"https:\/\/secure.gravatar.com\/avatar\/1881429e9c64597c77ad7aef2d0a19be69a3253e57534d16aa15bf3a4d34a0a3?s=96&d=mm&r=g","contentUrl":"https:\/\/secure.gravatar.com\/avatar\/1881429e9c64597c77ad7aef2d0a19be69a3253e57534d16aa15bf3a4d34a0a3?s=96&d=mm&r=g","caption":"\u017baneta Mrozek-Siewierska"},"url":"https:\/\/www.24gliwice.pl\/wiadomosci\/author\/zms\/"}]}},"_links":{"self":[{"href":"https:\/\/www.24gliwice.pl\/wiadomosci\/wp-json\/wp\/v2\/posts\/109700","targetHints":{"allow":["GET"]}}],"collection":[{"href":"https:\/\/www.24gliwice.pl\/wiadomosci\/wp-json\/wp\/v2\/posts"}],"about":[{"href":"https:\/\/www.24gliwice.pl\/wiadomosci\/wp-json\/wp\/v2\/types\/post"}],"author":[{"embeddable":true,"href":"https:\/\/www.24gliwice.pl\/wiadomosci\/wp-json\/wp\/v2\/users\/15"}],"replies":[{"embeddable":true,"href":"https:\/\/www.24gliwice.pl\/wiadomosci\/wp-json\/wp\/v2\/comments?post=109700"}],"version-history":[{"count":0,"href":"https:\/\/www.24gliwice.pl\/wiadomosci\/wp-json\/wp\/v2\/posts\/109700\/revisions"}],"wp:featuredmedia":[{"embeddable":true,"href":"https:\/\/www.24gliwice.pl\/wiadomosci\/wp-json\/wp\/v2\/media\/109714"}],"wp:attachment":[{"href":"https:\/\/www.24gliwice.pl\/wiadomosci\/wp-json\/wp\/v2\/media?parent=109700"}],"wp:term":[{"taxonomy":"category","embeddable":true,"href":"https:\/\/www.24gliwice.pl\/wiadomosci\/wp-json\/wp\/v2\/categories?post=109700"},{"taxonomy":"post_tag","embeddable":true,"href":"https:\/\/www.24gliwice.pl\/wiadomosci\/wp-json\/wp\/v2\/tags?post=109700"}],"curies":[{"name":"wp","href":"https:\/\/api.w.org\/{rel}","templated":true}]}}