{"id":109777,"date":"2017-12-29T11:33:05","date_gmt":"2017-12-29T10:33:05","guid":{"rendered":"http:\/\/www.24gliwice.pl\/wiadomosci\/?p=109777"},"modified":"2017-12-29T13:41:18","modified_gmt":"2017-12-29T12:41:18","slug":"polacy-chca-jako-pierwsi-zdobyc-zima-k2-gliwiczanin-kierownikiem-sportowym-wyprawy","status":"publish","type":"post","link":"https:\/\/www.24gliwice.pl\/wiadomosci\/polacy-chca-jako-pierwsi-zdobyc-zima-k2-gliwiczanin-kierownikiem-sportowym-wyprawy\/","title":{"rendered":"Polacy chc\u0105 jako pierwsi zdoby\u0107 zim\u0105 K2. Gliwiczanin kierownikiem sportowym wyprawy"},"content":{"rendered":"<div class=\"gliwi-a6-nad-leadem-artykulow gliwi-entity-placement\" id=\"gliwi-3425791347\"><div class=\"gliwi-adlabel\"><span style=\"font-size: 9px\">REKLAMA<\/span><\/div><div id=\"gliwi-872689700\" style=\"margin-bottom: 30px;margin-left: auto;margin-right: auto;text-align: center;\"><a data-no-instant=\"1\" href=\"https:\/\/przedszkole.halogen.org.pl\/\" rel=\"noopener\" class=\"a2t-link\" target=\"_blank\" aria-label=\"20260402-ANIMATOR-przedszkole_grafika_750x200\"><img loading=\"lazy\" decoding=\"async\" src=\"https:\/\/www.24gliwice.pl\/wiadomosci\/wp-content\/uploads\/2026\/04\/20260402-ANIMATOR-przedszkole_grafika_750x200.webp\" alt=\"\"  srcset=\"https:\/\/www.24gliwice.pl\/wiadomosci\/wp-content\/uploads\/2026\/04\/20260402-ANIMATOR-przedszkole_grafika_750x200.webp 750w, https:\/\/www.24gliwice.pl\/wiadomosci\/wp-content\/uploads\/2026\/04\/20260402-ANIMATOR-przedszkole_grafika_750x200-410x109.webp 410w\" sizes=\"(max-width: 750px) 100vw, 750px\" class=\"no-lazyload\" width=\"750\" height=\"200\"  style=\"display: inline-block; max-width: 100%; height: auto;\" \/><\/a><\/div><\/div><h3>W pi\u0105tek, 29 grudnia startuje zimowa wyprawa na K2. Polacy jako pierwsi w historii b\u0119d\u0105 chcieli zdoby\u0107 ten szczyt zim\u0105. Kierownikiem sportowym wyprawy jest gliwiczanin Janusz Go\u0142\u0105b.<\/h3>\n<p>Dla himalaisty z Gliwic nie b\u0119dzie to pierwsze do\u015bwiadczenie z zim\u0105 w Himalajach. Go\u0142\u0105b w 2012 roku wraz z Adamem Bieleckim jako pierwszy w historii dokona\u0142 zimowego wej\u015bcia na Gaszerbrum I (8068m n.p.m.). Dwa lata p\u00f3\u017aniej Go\u0142\u0105b stan\u0105\u0142 na wierzcho\u0142ku K2. Teraz wraca z wypraw\u0105, kt\u00f3ra chce dokona\u0107 rzeczy historycznej.  <\/p>\n<blockquote><p>\u2013 Ja bym sobie \u017cyczy\u0142, \u017ceby na K2 by\u0142o tak, jak na Gaszerbrumie I: \u017ceby nie by\u0142o twardych lod\u00f3w. W tych g\u00f3rach zima jest okresem suchym, ale bardzo wietrznym<\/p><\/blockquote>\n<p> &#8211; m\u00f3wi\u0142 cytowany przez &#8220;MSI&#8221;, na niedawnym spotkaniu w Nowych Gliwicach Go\u0142\u0105b. &#8211; Czasami problemem mo\u017ce by\u0107 brak \u015bniegu, dlatego \u017ce wiatr go wywiewa z wy\u017cszych partii g\u00f3r i ods\u0142ania ten twardy l\u00f3d oraz kamienie. W tak trudnych warunkach optymalna b\u0119dzie droga szybka i prosta technicznie. Zim\u0105 wchodzi si\u0119 na szczyty drogami pierwszych zdobywc\u00f3w <\/p><div class=\"gliwi-a3-w-tresci-artykulow gliwi-entity-placement\" id=\"gliwi-2191727453\"><div class=\"gliwi-adlabel\"><span style=\"font-size: 9px\">REKLAMA<\/span><\/div><div id=\"gliwi-2216288608\" style=\"margin-bottom: 30px;margin-left: auto;margin-right: auto;text-align: center;\"><a data-no-instant=\"1\" href=\"https:\/\/zlobek.halogen.org.pl\/\" rel=\"noopener\" class=\"a2t-link\" target=\"_blank\" aria-label=\"animator-zlobek_750x200\"><img loading=\"lazy\" decoding=\"async\" src=\"https:\/\/www.24gliwice.pl\/wiadomosci\/wp-content\/uploads\/2026\/02\/animator-zlobek_750x200.webp\" alt=\"\"  srcset=\"https:\/\/www.24gliwice.pl\/wiadomosci\/wp-content\/uploads\/2026\/02\/animator-zlobek_750x200.webp 750w, https:\/\/www.24gliwice.pl\/wiadomosci\/wp-content\/uploads\/2026\/02\/animator-zlobek_750x200-410x109.webp 410w\" sizes=\"(max-width: 750px) 100vw, 750px\" class=\"no-lazyload\" width=\"750\" height=\"200\"  style=\"display: inline-block; max-width: 100%; height: auto;\" \/><\/a><\/div><\/div>\n<p>Je\u017celi cel zostanie osi\u0105gni\u0119ty, wielk\u0105 klamr\u0105 spi\u0119ty zostanie rozpocz\u0119ty w latach 80 polski projekt zdobywania zim\u0105 najwy\u017cszych szczyt\u00f3w na Ziemi. Polacy o tej porze roku jako pierwsi stawali na dziesi\u0119ciu o\u015bmiotysi\u0119cznikach (ta sztuka nie uda\u0142a si\u0119 jedynie na Makalu, Gaszerbrumie II i Nanga Parbat). K2 jest ostatnim niezdobytym zim\u0105 o\u015bmiotysi\u0119cznikiem.<\/p>\n<p><iframe loading=\"lazy\" width=\"810\" height=\"465\" src=\"https:\/\/www.youtube.com\/embed\/zV3nk82T1ZU\" frameborder=\"0\" allowfullscreen><\/iframe><\/p>\n<p>Kierownikiem ca\u0142ej wyprawy jest Krzysztof Wielicki. Opr\u00f3cz kierownika sportowego (Janusz Go\u0142\u0105b) w ekipie znajduj\u0105 si\u0119 Adam Bielecki, Krzysztof Wranicz, Dariusz Za\u0142uski, Artur Ma\u0142ek, Marek Chmielarski, Rafa\u0142 Fronia, Marcin Kaczkan, Denis Urubko, Jaros\u0142aw Botor, Maciej Bedrejczuk, Piotr Snopczy\u0144ski i Piotr Tomala. Czas na zdobycie szczytu Polacy maj\u0105 do 20 marca, gdy sko\u0144czy si\u0119 zima.<br \/>\n(msz)<br \/>\nfot. <a href=\"https:\/\/www.facebook.com\/JanuszGolabAlpinist\/\" rel=\"noopener\" target=\"_blank\">Janusz Go\u0142\u0105b &#8211; 8a Team<\/a> <\/p>\n<div class=\"gliwi-a5-na-koncu-artykulow gliwi-entity-placement\" id=\"gliwi-1622116753\"><div class=\"gliwi-adlabel\"><span style=\"font-size: 9px\">REKLAMA<\/span><\/div><div id=\"gliwi-3140777542\" style=\"margin-left: auto;margin-right: auto;text-align: center;\"><a data-no-instant=\"1\" href=\"https:\/\/prezeroarenagliwice.pl\/\" rel=\"noopener\" class=\"a2t-link\" target=\"_blank\" aria-label=\"20260309-PREZERO-WIOSNA-D\"><img loading=\"lazy\" decoding=\"async\" src=\"https:\/\/www.24gliwice.pl\/wiadomosci\/wp-content\/uploads\/2026\/03\/20260309-PREZERO-WIOSNA-D.webp\" alt=\"\"  srcset=\"https:\/\/www.24gliwice.pl\/wiadomosci\/wp-content\/uploads\/2026\/03\/20260309-PREZERO-WIOSNA-D.webp 750w, https:\/\/www.24gliwice.pl\/wiadomosci\/wp-content\/uploads\/2026\/03\/20260309-PREZERO-WIOSNA-D-410x109.webp 410w\" sizes=\"(max-width: 750px) 100vw, 750px\" class=\"no-lazyload\" width=\"750\" height=\"200\"  style=\"display: inline-block; max-width: 100%; height: auto;\" \/><\/a><\/div><\/div>","protected":false},"excerpt":{"rendered":"<p>W pi\u0105tek, 29 grudnia startuje zimowa wyprawa na K2. Polacy jako pierwsi w historii b\u0119d\u0105 chcieli zdoby\u0107 ten szczyt zim\u0105. Kierownikiem sportowym wyprawy jest gliwiczanin Janusz Go\u0142\u0105b. Dla himalaisty z Gliwic nie b\u0119dzie to pierwsze do\u015bwiadczenie z zim\u0105 w Himalajach. Go\u0142\u0105b w 2012 roku wraz z Adamem Bieleckim jako pierwszy w historii dokona\u0142 zimowego wej\u015bcia [&hellip;]<\/p>\n","protected":false},"author":12,"featured_media":109778,"comment_status":"open","ping_status":"closed","sticky":false,"template":"","format":"standard","meta":{"_monsterinsights_skip_tracking":false,"_monsterinsights_sitenote_active":false,"_monsterinsights_sitenote_note":"","_monsterinsights_sitenote_category":0,"footnotes":"","_links_to":"","_links_to_target":""},"categories":[3,1,9],"tags":[],"class_list":["post-109777","post","type-post","status-publish","format-standard","has-post-thumbnail","hentry","category-gliwice","category-wszystko","category-aktualnosci_lokalne"],"yoast_head":"<!-- This site is optimized with the Yoast SEO plugin v27.5 - https:\/\/yoast.com\/product\/yoast-seo-wordpress\/ -->\n<title>Polacy chc\u0105 jako pierwsi zdoby\u0107 zim\u0105 K2. Gliwiczanin kierownikiem sportowym wyprawy - 24GLIWICE - Portal Gliwice | codziennie nowe informacje<\/title>\n<meta name=\"robots\" content=\"index, follow, max-snippet:-1, max-image-preview:large, max-video-preview:-1\" \/>\n<link rel=\"canonical\" href=\"https:\/\/www.24gliwice.pl\/wiadomosci\/polacy-chca-jako-pierwsi-zdobyc-zima-k2-gliwiczanin-kierownikiem-sportowym-wyprawy\/\" \/>\n<meta property=\"og:locale\" content=\"pl_PL\" \/>\n<meta property=\"og:type\" content=\"article\" \/>\n<meta property=\"og:title\" content=\"Polacy chc\u0105 jako pierwsi zdoby\u0107 zim\u0105 K2. Gliwiczanin kierownikiem sportowym wyprawy - 24GLIWICE - Portal Gliwice | codziennie nowe informacje\" \/>\n<meta property=\"og:description\" content=\"W pi\u0105tek, 29 grudnia startuje zimowa wyprawa na K2. Polacy jako pierwsi w historii b\u0119d\u0105 chcieli zdoby\u0107 ten szczyt zim\u0105. Kierownikiem sportowym wyprawy jest gliwiczanin Janusz Go\u0142\u0105b. Dla himalaisty z Gliwic nie b\u0119dzie to pierwsze do\u015bwiadczenie z zim\u0105 w Himalajach. Go\u0142\u0105b w 2012 roku wraz z Adamem Bieleckim jako pierwszy w historii dokona\u0142 zimowego wej\u015bcia [&hellip;]\" \/>\n<meta property=\"og:url\" content=\"https:\/\/www.24gliwice.pl\/wiadomosci\/polacy-chca-jako-pierwsi-zdobyc-zima-k2-gliwiczanin-kierownikiem-sportowym-wyprawy\/\" \/>\n<meta property=\"og:site_name\" content=\"24GLIWICE - Portal Gliwice | codziennie nowe informacje\" \/>\n<meta property=\"article:publisher\" content=\"https:\/\/www.facebook.com\/24gliwice\" \/>\n<meta property=\"article:published_time\" content=\"2017-12-29T10:33:05+00:00\" \/>\n<meta property=\"article:modified_time\" content=\"2017-12-29T12:41:18+00:00\" \/>\n<meta property=\"og:image\" content=\"https:\/\/www.24gliwice.pl\/wiadomosci\/wp-content\/uploads\/2017\/12\/go\u0142\u0105b.jpg\" \/>\n\t<meta property=\"og:image:width\" content=\"960\" \/>\n\t<meta property=\"og:image:height\" content=\"556\" \/>\n\t<meta property=\"og:image:type\" content=\"image\/jpeg\" \/>\n<meta name=\"author\" content=\"Micha\u0142 Szewczyk\" \/>\n<meta name=\"twitter:card\" content=\"summary_large_image\" \/>\n<meta name=\"twitter:creator\" content=\"@24gliwice\" \/>\n<meta name=\"twitter:site\" content=\"@24gliwice\" \/>\n<meta name=\"twitter:label1\" content=\"Napisane przez\" \/>\n\t<meta name=\"twitter:data1\" content=\"Micha\u0142 Szewczyk\" \/>\n\t<meta name=\"twitter:label2\" content=\"Szacowany czas czytania\" \/>\n\t<meta name=\"twitter:data2\" content=\"2 minuty\" \/>\n<script type=\"application\/ld+json\" class=\"yoast-schema-graph\">{\"@context\":\"https:\\\/\\\/schema.org\",\"@graph\":[{\"@type\":\"Article\",\"@id\":\"https:\\\/\\\/www.24gliwice.pl\\\/wiadomosci\\\/polacy-chca-jako-pierwsi-zdobyc-zima-k2-gliwiczanin-kierownikiem-sportowym-wyprawy\\\/#article\",\"isPartOf\":{\"@id\":\"https:\\\/\\\/www.24gliwice.pl\\\/wiadomosci\\\/polacy-chca-jako-pierwsi-zdobyc-zima-k2-gliwiczanin-kierownikiem-sportowym-wyprawy\\\/\"},\"author\":{\"name\":\"Micha\u0142 Szewczyk\",\"@id\":\"https:\\\/\\\/www.24gliwice.pl\\\/wiadomosci\\\/#\\\/schema\\\/person\\\/940e8f8a097e322de4f463f061ef8d45\"},\"headline\":\"Polacy chc\u0105 jako pierwsi zdoby\u0107 zim\u0105 K2. Gliwiczanin kierownikiem sportowym wyprawy\",\"datePublished\":\"2017-12-29T10:33:05+00:00\",\"dateModified\":\"2017-12-29T12:41:18+00:00\",\"mainEntityOfPage\":{\"@id\":\"https:\\\/\\\/www.24gliwice.pl\\\/wiadomosci\\\/polacy-chca-jako-pierwsi-zdobyc-zima-k2-gliwiczanin-kierownikiem-sportowym-wyprawy\\\/\"},\"wordCount\":324,\"commentCount\":0,\"publisher\":{\"@id\":\"https:\\\/\\\/www.24gliwice.pl\\\/wiadomosci\\\/#organization\"},\"image\":{\"@id\":\"https:\\\/\\\/www.24gliwice.pl\\\/wiadomosci\\\/polacy-chca-jako-pierwsi-zdobyc-zima-k2-gliwiczanin-kierownikiem-sportowym-wyprawy\\\/#primaryimage\"},\"thumbnailUrl\":\"https:\\\/\\\/www.24gliwice.pl\\\/wiadomosci\\\/wp-content\\\/uploads\\\/2017\\\/12\\\/go\u0142\u0105b.jpg\",\"articleSection\":[\"Gliwice\",\"Najnowsze wiadomo\u015bci\",\"Portal Gliwice - Wiadomo\u015bci lokalne\"],\"inLanguage\":\"pl-PL\",\"potentialAction\":[{\"@type\":\"CommentAction\",\"name\":\"Comment\",\"target\":[\"https:\\\/\\\/www.24gliwice.pl\\\/wiadomosci\\\/polacy-chca-jako-pierwsi-zdobyc-zima-k2-gliwiczanin-kierownikiem-sportowym-wyprawy\\\/#respond\"]}]},{\"@type\":\"WebPage\",\"@id\":\"https:\\\/\\\/www.24gliwice.pl\\\/wiadomosci\\\/polacy-chca-jako-pierwsi-zdobyc-zima-k2-gliwiczanin-kierownikiem-sportowym-wyprawy\\\/\",\"url\":\"https:\\\/\\\/www.24gliwice.pl\\\/wiadomosci\\\/polacy-chca-jako-pierwsi-zdobyc-zima-k2-gliwiczanin-kierownikiem-sportowym-wyprawy\\\/\",\"name\":\"Polacy chc\u0105 jako pierwsi zdoby\u0107 zim\u0105 K2. Gliwiczanin kierownikiem sportowym wyprawy - 24GLIWICE - Portal Gliwice | codziennie nowe informacje\",\"isPartOf\":{\"@id\":\"https:\\\/\\\/www.24gliwice.pl\\\/wiadomosci\\\/#website\"},\"primaryImageOfPage\":{\"@id\":\"https:\\\/\\\/www.24gliwice.pl\\\/wiadomosci\\\/polacy-chca-jako-pierwsi-zdobyc-zima-k2-gliwiczanin-kierownikiem-sportowym-wyprawy\\\/#primaryimage\"},\"image\":{\"@id\":\"https:\\\/\\\/www.24gliwice.pl\\\/wiadomosci\\\/polacy-chca-jako-pierwsi-zdobyc-zima-k2-gliwiczanin-kierownikiem-sportowym-wyprawy\\\/#primaryimage\"},\"thumbnailUrl\":\"https:\\\/\\\/www.24gliwice.pl\\\/wiadomosci\\\/wp-content\\\/uploads\\\/2017\\\/12\\\/go\u0142\u0105b.jpg\",\"datePublished\":\"2017-12-29T10:33:05+00:00\",\"dateModified\":\"2017-12-29T12:41:18+00:00\",\"breadcrumb\":{\"@id\":\"https:\\\/\\\/www.24gliwice.pl\\\/wiadomosci\\\/polacy-chca-jako-pierwsi-zdobyc-zima-k2-gliwiczanin-kierownikiem-sportowym-wyprawy\\\/#breadcrumb\"},\"inLanguage\":\"pl-PL\",\"potentialAction\":[{\"@type\":\"ReadAction\",\"target\":[\"https:\\\/\\\/www.24gliwice.pl\\\/wiadomosci\\\/polacy-chca-jako-pierwsi-zdobyc-zima-k2-gliwiczanin-kierownikiem-sportowym-wyprawy\\\/\"]}]},{\"@type\":\"ImageObject\",\"inLanguage\":\"pl-PL\",\"@id\":\"https:\\\/\\\/www.24gliwice.pl\\\/wiadomosci\\\/polacy-chca-jako-pierwsi-zdobyc-zima-k2-gliwiczanin-kierownikiem-sportowym-wyprawy\\\/#primaryimage\",\"url\":\"https:\\\/\\\/www.24gliwice.pl\\\/wiadomosci\\\/wp-content\\\/uploads\\\/2017\\\/12\\\/go\u0142\u0105b.jpg\",\"contentUrl\":\"https:\\\/\\\/www.24gliwice.pl\\\/wiadomosci\\\/wp-content\\\/uploads\\\/2017\\\/12\\\/go\u0142\u0105b.jpg\",\"width\":960,\"height\":556},{\"@type\":\"BreadcrumbList\",\"@id\":\"https:\\\/\\\/www.24gliwice.pl\\\/wiadomosci\\\/polacy-chca-jako-pierwsi-zdobyc-zima-k2-gliwiczanin-kierownikiem-sportowym-wyprawy\\\/#breadcrumb\",\"itemListElement\":[{\"@type\":\"ListItem\",\"position\":1,\"name\":\"Strona g\u0142\u00f3wna\",\"item\":\"https:\\\/\\\/www.24gliwice.pl\\\/wiadomosci\\\/\"},{\"@type\":\"ListItem\",\"position\":2,\"name\":\"Polacy chc\u0105 jako pierwsi zdoby\u0107 zim\u0105 K2. Gliwiczanin kierownikiem sportowym wyprawy\"}]},{\"@type\":\"WebSite\",\"@id\":\"https:\\\/\\\/www.24gliwice.pl\\\/wiadomosci\\\/#website\",\"url\":\"https:\\\/\\\/www.24gliwice.pl\\\/wiadomosci\\\/\",\"name\":\"24GLIWICE - Portal Gliwice | codziennie nowe wiadomo\u015bci\",\"description\":\"Portal Miejski Gliwice\",\"publisher\":{\"@id\":\"https:\\\/\\\/www.24gliwice.pl\\\/wiadomosci\\\/#organization\"},\"potentialAction\":[{\"@type\":\"SearchAction\",\"target\":{\"@type\":\"EntryPoint\",\"urlTemplate\":\"https:\\\/\\\/www.24gliwice.pl\\\/wiadomosci\\\/?s={search_term_string}\"},\"query-input\":{\"@type\":\"PropertyValueSpecification\",\"valueRequired\":true,\"valueName\":\"search_term_string\"}}],\"inLanguage\":\"pl-PL\"},{\"@type\":\"Organization\",\"@id\":\"https:\\\/\\\/www.24gliwice.pl\\\/wiadomosci\\\/#organization\",\"name\":\"24gliwice\",\"url\":\"https:\\\/\\\/www.24gliwice.pl\\\/wiadomosci\\\/\",\"logo\":{\"@type\":\"ImageObject\",\"inLanguage\":\"pl-PL\",\"@id\":\"https:\\\/\\\/www.24gliwice.pl\\\/wiadomosci\\\/#\\\/schema\\\/logo\\\/image\\\/\",\"url\":\"https:\\\/\\\/www.24gliwice.pl\\\/wiadomosci\\\/wp-content\\\/uploads\\\/2024\\\/10\\\/24gliwice-logo-696.jpg\",\"contentUrl\":\"https:\\\/\\\/www.24gliwice.pl\\\/wiadomosci\\\/wp-content\\\/uploads\\\/2024\\\/10\\\/24gliwice-logo-696.jpg\",\"width\":696,\"height\":696,\"caption\":\"24gliwice\"},\"image\":{\"@id\":\"https:\\\/\\\/www.24gliwice.pl\\\/wiadomosci\\\/#\\\/schema\\\/logo\\\/image\\\/\"},\"sameAs\":[\"https:\\\/\\\/www.facebook.com\\\/24gliwice\",\"https:\\\/\\\/x.com\\\/24gliwice\",\"https:\\\/\\\/www.youtube.com\\\/@24gliwice\"]},{\"@type\":\"Person\",\"@id\":\"https:\\\/\\\/www.24gliwice.pl\\\/wiadomosci\\\/#\\\/schema\\\/person\\\/940e8f8a097e322de4f463f061ef8d45\",\"name\":\"Micha\u0142 Szewczyk\",\"image\":{\"@type\":\"ImageObject\",\"inLanguage\":\"pl-PL\",\"@id\":\"https:\\\/\\\/secure.gravatar.com\\\/avatar\\\/771b8b6c74cd8d255e46392d605e01a86133900ef09b6ef3c8d451c9d92288cf?s=96&d=mm&r=g\",\"url\":\"https:\\\/\\\/secure.gravatar.com\\\/avatar\\\/771b8b6c74cd8d255e46392d605e01a86133900ef09b6ef3c8d451c9d92288cf?s=96&d=mm&r=g\",\"contentUrl\":\"https:\\\/\\\/secure.gravatar.com\\\/avatar\\\/771b8b6c74cd8d255e46392d605e01a86133900ef09b6ef3c8d451c9d92288cf?s=96&d=mm&r=g\",\"caption\":\"Micha\u0142 Szewczyk\"},\"sameAs\":[\"http:\\\/\\\/www.gazeta-miejska.pl\"],\"url\":\"https:\\\/\\\/www.24gliwice.pl\\\/wiadomosci\\\/author\\\/michal-szewczyk\\\/\"}]}<\/script>\n<!-- \/ Yoast SEO plugin. -->","yoast_head_json":{"title":"Polacy chc\u0105 jako pierwsi zdoby\u0107 zim\u0105 K2. Gliwiczanin kierownikiem sportowym wyprawy - 24GLIWICE - Portal Gliwice | codziennie nowe informacje","robots":{"index":"index","follow":"follow","max-snippet":"max-snippet:-1","max-image-preview":"max-image-preview:large","max-video-preview":"max-video-preview:-1"},"canonical":"https:\/\/www.24gliwice.pl\/wiadomosci\/polacy-chca-jako-pierwsi-zdobyc-zima-k2-gliwiczanin-kierownikiem-sportowym-wyprawy\/","og_locale":"pl_PL","og_type":"article","og_title":"Polacy chc\u0105 jako pierwsi zdoby\u0107 zim\u0105 K2. Gliwiczanin kierownikiem sportowym wyprawy - 24GLIWICE - Portal Gliwice | codziennie nowe informacje","og_description":"W pi\u0105tek, 29 grudnia startuje zimowa wyprawa na K2. Polacy jako pierwsi w historii b\u0119d\u0105 chcieli zdoby\u0107 ten szczyt zim\u0105. Kierownikiem sportowym wyprawy jest gliwiczanin Janusz Go\u0142\u0105b. Dla himalaisty z Gliwic nie b\u0119dzie to pierwsze do\u015bwiadczenie z zim\u0105 w Himalajach. Go\u0142\u0105b w 2012 roku wraz z Adamem Bieleckim jako pierwszy w historii dokona\u0142 zimowego wej\u015bcia [&hellip;]","og_url":"https:\/\/www.24gliwice.pl\/wiadomosci\/polacy-chca-jako-pierwsi-zdobyc-zima-k2-gliwiczanin-kierownikiem-sportowym-wyprawy\/","og_site_name":"24GLIWICE - Portal Gliwice | codziennie nowe informacje","article_publisher":"https:\/\/www.facebook.com\/24gliwice","article_published_time":"2017-12-29T10:33:05+00:00","article_modified_time":"2017-12-29T12:41:18+00:00","og_image":[{"width":960,"height":556,"url":"https:\/\/www.24gliwice.pl\/wiadomosci\/wp-content\/uploads\/2017\/12\/go\u0142\u0105b.jpg","type":"image\/jpeg"}],"author":"Micha\u0142 Szewczyk","twitter_card":"summary_large_image","twitter_creator":"@24gliwice","twitter_site":"@24gliwice","twitter_misc":{"Napisane przez":"Micha\u0142 Szewczyk","Szacowany czas czytania":"2 minuty"},"schema":{"@context":"https:\/\/schema.org","@graph":[{"@type":"Article","@id":"https:\/\/www.24gliwice.pl\/wiadomosci\/polacy-chca-jako-pierwsi-zdobyc-zima-k2-gliwiczanin-kierownikiem-sportowym-wyprawy\/#article","isPartOf":{"@id":"https:\/\/www.24gliwice.pl\/wiadomosci\/polacy-chca-jako-pierwsi-zdobyc-zima-k2-gliwiczanin-kierownikiem-sportowym-wyprawy\/"},"author":{"name":"Micha\u0142 Szewczyk","@id":"https:\/\/www.24gliwice.pl\/wiadomosci\/#\/schema\/person\/940e8f8a097e322de4f463f061ef8d45"},"headline":"Polacy chc\u0105 jako pierwsi zdoby\u0107 zim\u0105 K2. Gliwiczanin kierownikiem sportowym wyprawy","datePublished":"2017-12-29T10:33:05+00:00","dateModified":"2017-12-29T12:41:18+00:00","mainEntityOfPage":{"@id":"https:\/\/www.24gliwice.pl\/wiadomosci\/polacy-chca-jako-pierwsi-zdobyc-zima-k2-gliwiczanin-kierownikiem-sportowym-wyprawy\/"},"wordCount":324,"commentCount":0,"publisher":{"@id":"https:\/\/www.24gliwice.pl\/wiadomosci\/#organization"},"image":{"@id":"https:\/\/www.24gliwice.pl\/wiadomosci\/polacy-chca-jako-pierwsi-zdobyc-zima-k2-gliwiczanin-kierownikiem-sportowym-wyprawy\/#primaryimage"},"thumbnailUrl":"https:\/\/www.24gliwice.pl\/wiadomosci\/wp-content\/uploads\/2017\/12\/go\u0142\u0105b.jpg","articleSection":["Gliwice","Najnowsze wiadomo\u015bci","Portal Gliwice - Wiadomo\u015bci lokalne"],"inLanguage":"pl-PL","potentialAction":[{"@type":"CommentAction","name":"Comment","target":["https:\/\/www.24gliwice.pl\/wiadomosci\/polacy-chca-jako-pierwsi-zdobyc-zima-k2-gliwiczanin-kierownikiem-sportowym-wyprawy\/#respond"]}]},{"@type":"WebPage","@id":"https:\/\/www.24gliwice.pl\/wiadomosci\/polacy-chca-jako-pierwsi-zdobyc-zima-k2-gliwiczanin-kierownikiem-sportowym-wyprawy\/","url":"https:\/\/www.24gliwice.pl\/wiadomosci\/polacy-chca-jako-pierwsi-zdobyc-zima-k2-gliwiczanin-kierownikiem-sportowym-wyprawy\/","name":"Polacy chc\u0105 jako pierwsi zdoby\u0107 zim\u0105 K2. Gliwiczanin kierownikiem sportowym wyprawy - 24GLIWICE - Portal Gliwice | codziennie nowe informacje","isPartOf":{"@id":"https:\/\/www.24gliwice.pl\/wiadomosci\/#website"},"primaryImageOfPage":{"@id":"https:\/\/www.24gliwice.pl\/wiadomosci\/polacy-chca-jako-pierwsi-zdobyc-zima-k2-gliwiczanin-kierownikiem-sportowym-wyprawy\/#primaryimage"},"image":{"@id":"https:\/\/www.24gliwice.pl\/wiadomosci\/polacy-chca-jako-pierwsi-zdobyc-zima-k2-gliwiczanin-kierownikiem-sportowym-wyprawy\/#primaryimage"},"thumbnailUrl":"https:\/\/www.24gliwice.pl\/wiadomosci\/wp-content\/uploads\/2017\/12\/go\u0142\u0105b.jpg","datePublished":"2017-12-29T10:33:05+00:00","dateModified":"2017-12-29T12:41:18+00:00","breadcrumb":{"@id":"https:\/\/www.24gliwice.pl\/wiadomosci\/polacy-chca-jako-pierwsi-zdobyc-zima-k2-gliwiczanin-kierownikiem-sportowym-wyprawy\/#breadcrumb"},"inLanguage":"pl-PL","potentialAction":[{"@type":"ReadAction","target":["https:\/\/www.24gliwice.pl\/wiadomosci\/polacy-chca-jako-pierwsi-zdobyc-zima-k2-gliwiczanin-kierownikiem-sportowym-wyprawy\/"]}]},{"@type":"ImageObject","inLanguage":"pl-PL","@id":"https:\/\/www.24gliwice.pl\/wiadomosci\/polacy-chca-jako-pierwsi-zdobyc-zima-k2-gliwiczanin-kierownikiem-sportowym-wyprawy\/#primaryimage","url":"https:\/\/www.24gliwice.pl\/wiadomosci\/wp-content\/uploads\/2017\/12\/go\u0142\u0105b.jpg","contentUrl":"https:\/\/www.24gliwice.pl\/wiadomosci\/wp-content\/uploads\/2017\/12\/go\u0142\u0105b.jpg","width":960,"height":556},{"@type":"BreadcrumbList","@id":"https:\/\/www.24gliwice.pl\/wiadomosci\/polacy-chca-jako-pierwsi-zdobyc-zima-k2-gliwiczanin-kierownikiem-sportowym-wyprawy\/#breadcrumb","itemListElement":[{"@type":"ListItem","position":1,"name":"Strona g\u0142\u00f3wna","item":"https:\/\/www.24gliwice.pl\/wiadomosci\/"},{"@type":"ListItem","position":2,"name":"Polacy chc\u0105 jako pierwsi zdoby\u0107 zim\u0105 K2. Gliwiczanin kierownikiem sportowym wyprawy"}]},{"@type":"WebSite","@id":"https:\/\/www.24gliwice.pl\/wiadomosci\/#website","url":"https:\/\/www.24gliwice.pl\/wiadomosci\/","name":"24GLIWICE - Portal Gliwice | codziennie nowe wiadomo\u015bci","description":"Portal Miejski Gliwice","publisher":{"@id":"https:\/\/www.24gliwice.pl\/wiadomosci\/#organization"},"potentialAction":[{"@type":"SearchAction","target":{"@type":"EntryPoint","urlTemplate":"https:\/\/www.24gliwice.pl\/wiadomosci\/?s={search_term_string}"},"query-input":{"@type":"PropertyValueSpecification","valueRequired":true,"valueName":"search_term_string"}}],"inLanguage":"pl-PL"},{"@type":"Organization","@id":"https:\/\/www.24gliwice.pl\/wiadomosci\/#organization","name":"24gliwice","url":"https:\/\/www.24gliwice.pl\/wiadomosci\/","logo":{"@type":"ImageObject","inLanguage":"pl-PL","@id":"https:\/\/www.24gliwice.pl\/wiadomosci\/#\/schema\/logo\/image\/","url":"https:\/\/www.24gliwice.pl\/wiadomosci\/wp-content\/uploads\/2024\/10\/24gliwice-logo-696.jpg","contentUrl":"https:\/\/www.24gliwice.pl\/wiadomosci\/wp-content\/uploads\/2024\/10\/24gliwice-logo-696.jpg","width":696,"height":696,"caption":"24gliwice"},"image":{"@id":"https:\/\/www.24gliwice.pl\/wiadomosci\/#\/schema\/logo\/image\/"},"sameAs":["https:\/\/www.facebook.com\/24gliwice","https:\/\/x.com\/24gliwice","https:\/\/www.youtube.com\/@24gliwice"]},{"@type":"Person","@id":"https:\/\/www.24gliwice.pl\/wiadomosci\/#\/schema\/person\/940e8f8a097e322de4f463f061ef8d45","name":"Micha\u0142 Szewczyk","image":{"@type":"ImageObject","inLanguage":"pl-PL","@id":"https:\/\/secure.gravatar.com\/avatar\/771b8b6c74cd8d255e46392d605e01a86133900ef09b6ef3c8d451c9d92288cf?s=96&d=mm&r=g","url":"https:\/\/secure.gravatar.com\/avatar\/771b8b6c74cd8d255e46392d605e01a86133900ef09b6ef3c8d451c9d92288cf?s=96&d=mm&r=g","contentUrl":"https:\/\/secure.gravatar.com\/avatar\/771b8b6c74cd8d255e46392d605e01a86133900ef09b6ef3c8d451c9d92288cf?s=96&d=mm&r=g","caption":"Micha\u0142 Szewczyk"},"sameAs":["http:\/\/www.gazeta-miejska.pl"],"url":"https:\/\/www.24gliwice.pl\/wiadomosci\/author\/michal-szewczyk\/"}]}},"_links":{"self":[{"href":"https:\/\/www.24gliwice.pl\/wiadomosci\/wp-json\/wp\/v2\/posts\/109777","targetHints":{"allow":["GET"]}}],"collection":[{"href":"https:\/\/www.24gliwice.pl\/wiadomosci\/wp-json\/wp\/v2\/posts"}],"about":[{"href":"https:\/\/www.24gliwice.pl\/wiadomosci\/wp-json\/wp\/v2\/types\/post"}],"author":[{"embeddable":true,"href":"https:\/\/www.24gliwice.pl\/wiadomosci\/wp-json\/wp\/v2\/users\/12"}],"replies":[{"embeddable":true,"href":"https:\/\/www.24gliwice.pl\/wiadomosci\/wp-json\/wp\/v2\/comments?post=109777"}],"version-history":[{"count":0,"href":"https:\/\/www.24gliwice.pl\/wiadomosci\/wp-json\/wp\/v2\/posts\/109777\/revisions"}],"wp:featuredmedia":[{"embeddable":true,"href":"https:\/\/www.24gliwice.pl\/wiadomosci\/wp-json\/wp\/v2\/media\/109778"}],"wp:attachment":[{"href":"https:\/\/www.24gliwice.pl\/wiadomosci\/wp-json\/wp\/v2\/media?parent=109777"}],"wp:term":[{"taxonomy":"category","embeddable":true,"href":"https:\/\/www.24gliwice.pl\/wiadomosci\/wp-json\/wp\/v2\/categories?post=109777"},{"taxonomy":"post_tag","embeddable":true,"href":"https:\/\/www.24gliwice.pl\/wiadomosci\/wp-json\/wp\/v2\/tags?post=109777"}],"curies":[{"name":"wp","href":"https:\/\/api.w.org\/{rel}","templated":true}]}}