{"id":109808,"date":"2017-12-30T00:51:23","date_gmt":"2017-12-29T23:51:23","guid":{"rendered":"http:\/\/www.24gliwice.pl\/wiadomosci\/?p=109808"},"modified":"2017-12-30T00:51:23","modified_gmt":"2017-12-29T23:51:23","slug":"wiadomo-kto-bedzie-odpowiedzialny-za-kalendarz-imprez-w-hali-gliwice-to-nie-jakas-tam-firma-kogucik","status":"publish","type":"post","link":"https:\/\/www.24gliwice.pl\/wiadomosci\/wiadomo-kto-bedzie-odpowiedzialny-za-kalendarz-imprez-w-hali-gliwice-to-nie-jakas-tam-firma-kogucik\/","title":{"rendered":"Wiadomo kto b\u0119dzie odpowiedzialny za kalendarz imprez w Hali Gliwice. &#8220;To nie jaka\u015b tam firma-kogucik&#8221;"},"content":{"rendered":"<div class=\"gliwi-a6-nad-leadem-artykulow gliwi-entity-placement\" id=\"gliwi-4072499708\"><div class=\"gliwi-adlabel\"><span style=\"font-size: 9px\">REKLAMA<\/span><\/div><div id=\"gliwi-1809862794\" style=\"margin-bottom: 30px;margin-left: auto;margin-right: auto;text-align: center;\"><a data-no-instant=\"1\" href=\"https:\/\/przedszkole.halogen.org.pl\/\" rel=\"noopener\" class=\"a2t-link\" target=\"_blank\" aria-label=\"20260402-ANIMATOR-przedszkole_grafika_750x200\"><img loading=\"lazy\" decoding=\"async\" src=\"https:\/\/www.24gliwice.pl\/wiadomosci\/wp-content\/uploads\/2026\/04\/20260402-ANIMATOR-przedszkole_grafika_750x200.webp\" alt=\"\"  srcset=\"https:\/\/www.24gliwice.pl\/wiadomosci\/wp-content\/uploads\/2026\/04\/20260402-ANIMATOR-przedszkole_grafika_750x200.webp 750w, https:\/\/www.24gliwice.pl\/wiadomosci\/wp-content\/uploads\/2026\/04\/20260402-ANIMATOR-przedszkole_grafika_750x200-410x109.webp 410w\" sizes=\"(max-width: 750px) 100vw, 750px\" class=\"no-lazyload\" width=\"750\" height=\"200\"  style=\"display: inline-block; max-width: 100%; height: auto;\" \/><\/a><\/div><\/div><h3>Gliwicka Fundacja Radan odpowiada\u0107 b\u0119dzie za pozyskiwanie wydarze\u0144 do Areny Gliwice. Umowa z gliwickimi urz\u0119dnikami zostanie podpisana na trzy lata.<\/h3>\n<p>W listopadzie hala zosta\u0142a przekazana w dzier\u017caw\u0119 miejskiemu Przedsi\u0119biorstwu Wodoci\u0105g\u00f3w i Kanalizacji w Gliwicach, kt\u00f3re wcze\u015bniej &#8211; jako menad\u017cer kontraktu &#8211; nadzorowa\u0142o budow\u0119 obiektu. PWiK odpowiada\u0107 b\u0119dzie za administracyjne zarz\u0105dzanie hal\u0105, ale o tym kto wyst\u0105pi i jaki charakter b\u0119d\u0105 mia\u0142y imprezy w Arenie Gliwice odpowiada\u0107 b\u0119dzie ju\u017c fundacja.<\/p>\n<blockquote><p>&#8211; Radan to porz\u0105dna marka, nie jaka\u015b tam &#8220;firma kogucik&#8221;, kt\u00f3ra wypad\u0142a sroce spod ogona. Maj\u0105 du\u017ce do\u015bwiadczenie w zakresie organizacji imprez o charakterze sportowym i spo\u0142ecznym<\/p><\/blockquote>\n<p>&#8211; m\u00f3wi w rozmowie z nami <strong>Marek Jarz\u0119bowski<\/strong>, rzecznik prezydenta Gliwic.<\/p><div class=\"gliwi-a3-w-tresci-artykulow gliwi-entity-placement\" id=\"gliwi-299752474\"><div class=\"gliwi-adlabel\"><span style=\"font-size: 9px\">REKLAMA<\/span><\/div><div id=\"gliwi-756978957\" style=\"margin-bottom: 30px;margin-left: auto;margin-right: auto;text-align: center;\"><a data-no-instant=\"1\" href=\"https:\/\/ogrodyandersa.pl\/\" rel=\"noopener\" class=\"a2t-link\" target=\"_blank\" aria-label=\"20260415 Ogrody Andersa KUP TERAZ D\"><img loading=\"lazy\" decoding=\"async\" src=\"https:\/\/www.24gliwice.pl\/wiadomosci\/wp-content\/uploads\/2026\/04\/20260415-Ogrody-Andersa-KUP-TERAZ-D.jpg\" alt=\"\"  srcset=\"https:\/\/www.24gliwice.pl\/wiadomosci\/wp-content\/uploads\/2026\/04\/20260415-Ogrody-Andersa-KUP-TERAZ-D.jpg 750w, https:\/\/www.24gliwice.pl\/wiadomosci\/wp-content\/uploads\/2026\/04\/20260415-Ogrody-Andersa-KUP-TERAZ-D-410x109.jpg 410w\" sizes=\"(max-width: 750px) 100vw, 750px\" class=\"no-lazyload\" width=\"750\" height=\"200\"  style=\"display: inline-block; max-width: 100%; height: auto;\" \/><\/a><\/div><\/div>\n<p>&#8211; Fundacja Radan jest instytucj\u0105, kt\u00f3ra podejmuje szereg dzia\u0142a\u0144 spo\u0142ecznych. W swojej dzia\u0142alno\u015bci zajmuje si\u0119 wspieraniem rozwoju kultury fizycznej i rekreacji. Przekazuje dofinansowanie wielu gliwickim sekcjom sportowym. Fundacja dostrzega potencja\u0142, jaki stwarza otwarcie gliwickiej areny dla rozwoju gospodarczego miasta, z kt\u00f3rym wi\u0105\u017ce si\u0119 wiele jej dotychczasowych przedsi\u0119wzi\u0119\u0107 &#8211; czytamy w komunikacie wydanym w pi\u0105tek przez urz\u0119dnik\u00f3w.<\/p>\n[perfectpullquote align=&#8221;full&#8221; bordertop=&#8221;false&#8221; cite=&#8221;&#8221; link=&#8221;&#8221; color=&#8221;&#8221; class=&#8221;&#8221; size=&#8221;&#8221;]Przed fundacj\u0105 du\u017ca odpowiedzialno\u015b\u0107, bo to od decyzji repertuarowo-imprezowych b\u0119dzie zale\u017ce\u0107 przysz\u0142o\u015b\u0107, a przede wszystkim rentowno\u015b\u0107 wzniesionego kosztem ponad 400 mln z\u0142otych obiektu. Dlatego warto przyjrze\u0107 si\u0119 portfolio organizacji.[\/perfectpullquote]\n<p>Zgodnie z informacjami prezentowanymi na stronie internetowej fundacji, w tym roku instytucja wspar\u0142a kolejno: Turniej judo &#8220;O Z\u0142oto Shoguna&#8221; w Gliwicach, Mistrzostwa Polski Polskiej Ligi Western i Rodeo we Wroc\u0142awiu, Amatorskie Mistrzostwa Gliwic w Tenisie oraz 91 Mistrzostwa Polski w Tenisie. W ubieg\u0142ym roku, opr\u00f3cz organizacji zawod\u00f3w tenisowych, fundacja udzieli\u0142a wsparcia m.in. Stowarzyszeniu Modelarzy Lotniczych, Stowarzyszeniu Pi\u0142ki R\u0119cznej w So\u015bnicy i pomog\u0142a w organizacji VI edycji Panewnickiego Biegu Dzika.<\/p>\n<p>&#8211; W celu skutecznego poszerzenia profilu swojej dzia\u0142alno\u015bci o zarz\u0105dzanie najnowocze\u015bniejszym w Polsce obiektem widowiskowo-sportowym, fundacja nawi\u0105za\u0142a wsp\u00f3\u0142prac\u0119 z zespo\u0142em os\u00f3b posiadaj\u0105cych do\u015bwiadczenie w zarz\u0105dzaniu du\u017cymi wydarzeniami i obiektami. Potencja\u0142 organizacyjny oraz zesp\u00f3\u0142 do\u015bwiadczonych ekspert\u00f3w dzia\u0142aj\u0105cych na rzecz fundacji, a tak\u017ce wieloletnie do\u015bwiadczenia we wsp\u00f3\u0142pracy oraz silne zwi\u0105zki z Gliwicami s\u0105 w ocenie miasta niezaprzeczalnymi atutami Fundacji Radan &#8211; informuj\u0105 urz\u0119dnicy.<\/p>\n<p>Prace nad programem wydarze\u0144 ju\u017c trwaj\u0105, a kalendarz imprez oraz zesp\u00f3\u0142 odpowiedzialny za ich organizacj\u0119 ma zosta\u0107 zaprezentowany do ko\u0144ca marca 2018 roku. Jak m\u00f3wi Marek Jarz\u0119bowski, b\u0119d\u0105 to osoby zar\u00f3wno spoza miasta, jak i te, kt\u00f3re dzia\u0142aj\u0105 w Gliwicach od lat.<\/p>\n<h4>RADAN, CZYLI ZNANA MARKA<\/h4>\n<p>&#8220;Fundacja Wspierania Ratownictwa G\u00f3rskiego, Sportu oraz Dzia\u0142alno\u015bci Charytatywnej RADAN&#8221; za\u0142o\u017cona zosta\u0142a w 2007 roku przez <strong>Tadeusza Weso\u0142owskiego<\/strong>, wiceprezesa Beskidzkiej Grupy GOPR i znanego w Gliwicach biznesmena, w powszechnej opinii &#8220;dobrze \u017cyj\u0105cego&#8221; z gliwickim Magistratem. Fundacja blisko zwi\u0105zana jest z firm\u0105 Radan dzia\u0142aj\u0105c\u0105 w bran\u017cy budowlanej. W Gliwicach ta sp\u00f3\u0142ka w ostatnich latach odpowiada\u0142a za kilka wa\u017cnych inwestycji m.in. doko\u0144czenie budowy &#8220;szkieletora&#8221; przy ul. Zwyci\u0119stwa (w\u0142a\u015bciciel obiektu, firma Gamla Poland to sp\u00f3\u0142ka zale\u017cna Radanu), realizacj\u0119 Osiedla Miasto Ogr\u00f3d przy ul. Kozielskiej, czy rewitalizacj\u0119 i stworzenie kompleksu Ogrody Kr\u00f3lowej Bony przy ulicy o tej samej nazwie.<\/p>\n<p><img loading=\"lazy\" decoding=\"async\" src=\"http:\/\/www.24gliwice.pl\/wiadomosci\/wp-content\/uploads\/2017\/12\/1-hala-gliwice-noc-1.jpg\" alt=\"\" width=\"1140\" height=\"642\" class=\"aligncenter size-full wp-image-108712\" srcset=\"https:\/\/www.24gliwice.pl\/wiadomosci\/wp-content\/uploads\/2017\/12\/1-hala-gliwice-noc-1.jpg 1140w, https:\/\/www.24gliwice.pl\/wiadomosci\/wp-content\/uploads\/2017\/12\/1-hala-gliwice-noc-1-410x232.jpg 410w, https:\/\/www.24gliwice.pl\/wiadomosci\/wp-content\/uploads\/2017\/12\/1-hala-gliwice-noc-1-768x433.jpg 768w, https:\/\/www.24gliwice.pl\/wiadomosci\/wp-content\/uploads\/2017\/12\/1-hala-gliwice-noc-1-808x455.jpg 808w, https:\/\/www.24gliwice.pl\/wiadomosci\/wp-content\/uploads\/2017\/12\/1-hala-gliwice-noc-1-810x456.jpg 810w\" sizes=\"auto, (max-width: 1140px) 100vw, 1140px\" \/><\/p>\n<h4>WODA NA M\u0141YN DLA KRYTYK\u00d3W<\/h4>\n<p>Odk\u0105d tylko pojawi\u0142 si\u0119 pomys\u0142 wybudowania hali (w\u00f3wczas jeszcze Podium), a wiadomym sta\u0142o si\u0119, \u017ce ca\u0142a inwestycja zostanie sfinansowana z bud\u017cetu miasta (Komisja Europejska uzna\u0142a realizacj\u0119 za nierentown\u0105), pojawia\u0142y si\u0119 g\u0142osy sceptyczne, sugeruj\u0105ce, \u017ce obiekt b\u0119dzie skarbonk\u0105, do kt\u00f3rej dorzuca\u0107 si\u0119 b\u0119d\u0105 wszyscy gliwiczanie, a zarazem Arena spe\u0142ni funkcje intratnej przechowalni dla &#8220;znajomych kr\u00f3lika&#8221;.<\/p>\n<p>Oddanie w po\u0142owie roku (pomimo zainteresowania podmiot\u00f3w zewn\u0119trznych) hali w zarz\u0105d miejskiej sp\u00f3\u0142ki (PWiK) by\u0142o wod\u0105 na m\u0142yn dla tego typu podejrze\u0144. Decyzja o przekazaniu dzia\u0142alno\u015bci organizacyjnej Fundacji Radan, takie domys\u0142y tylko podsyca. A kolejne odkrycie kart dopiero przed nami, za trzy miesi\u0105ce, kiedy urz\u0119dnicy przedstawi\u0105 personalia os\u00f3b odpowiedzialnych za powodzenie najpowa\u017cniejszej i najbardziej kontrowersyjnej inwestycji w mie\u015bcie w ostatnich latach.<\/p>\n<p><strong>Micha\u0142 Szewczyk<\/strong><\/p>\n<div class=\"gliwi-a5-na-koncu-artykulow gliwi-entity-placement\" id=\"gliwi-3935311328\"><div class=\"gliwi-adlabel\"><span style=\"font-size: 9px\">REKLAMA<\/span><\/div><div id=\"gliwi-3264257304\" style=\"margin-left: auto;margin-right: auto;text-align: center;\"><a data-no-instant=\"1\" href=\"https:\/\/prezeroarenagliwice.pl\/\" rel=\"noopener\" class=\"a2t-link\" target=\"_blank\" aria-label=\"20260309-PREZERO-WIOSNA-D\"><img loading=\"lazy\" decoding=\"async\" src=\"https:\/\/www.24gliwice.pl\/wiadomosci\/wp-content\/uploads\/2026\/03\/20260309-PREZERO-WIOSNA-D.webp\" alt=\"\"  srcset=\"https:\/\/www.24gliwice.pl\/wiadomosci\/wp-content\/uploads\/2026\/03\/20260309-PREZERO-WIOSNA-D.webp 750w, https:\/\/www.24gliwice.pl\/wiadomosci\/wp-content\/uploads\/2026\/03\/20260309-PREZERO-WIOSNA-D-410x109.webp 410w\" sizes=\"(max-width: 750px) 100vw, 750px\" class=\"no-lazyload\" width=\"750\" height=\"200\"  style=\"display: inline-block; max-width: 100%; height: auto;\" \/><\/a><\/div><\/div>","protected":false},"excerpt":{"rendered":"<p>Gliwicka Fundacja Radan odpowiada\u0107 b\u0119dzie za pozyskiwanie wydarze\u0144 do Areny Gliwice. Umowa z gliwickimi urz\u0119dnikami zostanie podpisana na trzy lata. W listopadzie hala zosta\u0142a przekazana w dzier\u017caw\u0119 miejskiemu Przedsi\u0119biorstwu Wodoci\u0105g\u00f3w i Kanalizacji w Gliwicach, kt\u00f3re wcze\u015bniej &#8211; jako menad\u017cer kontraktu &#8211; nadzorowa\u0142o budow\u0119 obiektu. PWiK odpowiada\u0107 b\u0119dzie za administracyjne zarz\u0105dzanie hal\u0105, ale o tym kto [&hellip;]<\/p>\n","protected":false},"author":12,"featured_media":106988,"comment_status":"open","ping_status":"closed","sticky":false,"template":"","format":"standard","meta":{"_monsterinsights_skip_tracking":false,"_monsterinsights_sitenote_active":false,"_monsterinsights_sitenote_note":"","_monsterinsights_sitenote_category":0,"footnotes":"","_links_to":"","_links_to_target":""},"categories":[3,1,9],"tags":[3077,2618,5203],"class_list":["post-109808","post","type-post","status-publish","format-standard","has-post-thumbnail","hentry","category-gliwice","category-wszystko","category-aktualnosci_lokalne","tag-arena-gliwice","tag-podium","tag-radan-gliwice"],"yoast_head":"<!-- This site is optimized with the Yoast SEO plugin v27.5 - https:\/\/yoast.com\/product\/yoast-seo-wordpress\/ -->\n<title>Wiadomo kto b\u0119dzie odpowiedzialny za kalendarz imprez w Hali Gliwice. &quot;To nie jaka\u015b tam firma-kogucik&quot; - 24GLIWICE - Portal Gliwice | codziennie nowe informacje<\/title>\n<meta name=\"robots\" content=\"index, follow, max-snippet:-1, max-image-preview:large, max-video-preview:-1\" \/>\n<link rel=\"canonical\" href=\"https:\/\/www.24gliwice.pl\/wiadomosci\/wiadomo-kto-bedzie-odpowiedzialny-za-kalendarz-imprez-w-hali-gliwice-to-nie-jakas-tam-firma-kogucik\/\" \/>\n<meta property=\"og:locale\" content=\"pl_PL\" \/>\n<meta property=\"og:type\" content=\"article\" \/>\n<meta property=\"og:title\" content=\"Wiadomo kto b\u0119dzie odpowiedzialny za kalendarz imprez w Hali Gliwice. &quot;To nie jaka\u015b tam firma-kogucik&quot; - 24GLIWICE - Portal Gliwice | codziennie nowe informacje\" \/>\n<meta property=\"og:description\" content=\"Gliwicka Fundacja Radan odpowiada\u0107 b\u0119dzie za pozyskiwanie wydarze\u0144 do Areny Gliwice. Umowa z gliwickimi urz\u0119dnikami zostanie podpisana na trzy lata. W listopadzie hala zosta\u0142a przekazana w dzier\u017caw\u0119 miejskiemu Przedsi\u0119biorstwu Wodoci\u0105g\u00f3w i Kanalizacji w Gliwicach, kt\u00f3re wcze\u015bniej &#8211; jako menad\u017cer kontraktu &#8211; nadzorowa\u0142o budow\u0119 obiektu. PWiK odpowiada\u0107 b\u0119dzie za administracyjne zarz\u0105dzanie hal\u0105, ale o tym kto [&hellip;]\" \/>\n<meta property=\"og:url\" content=\"https:\/\/www.24gliwice.pl\/wiadomosci\/wiadomo-kto-bedzie-odpowiedzialny-za-kalendarz-imprez-w-hali-gliwice-to-nie-jakas-tam-firma-kogucik\/\" \/>\n<meta property=\"og:site_name\" content=\"24GLIWICE - Portal Gliwice | codziennie nowe informacje\" \/>\n<meta property=\"article:publisher\" content=\"https:\/\/www.facebook.com\/24gliwice\" \/>\n<meta property=\"article:published_time\" content=\"2017-12-29T23:51:23+00:00\" \/>\n<meta property=\"og:image\" content=\"https:\/\/www.24gliwice.pl\/wiadomosci\/wp-content\/uploads\/2017\/10\/1-20171002_113354.jpg\" \/>\n\t<meta property=\"og:image:width\" content=\"1140\" \/>\n\t<meta property=\"og:image:height\" content=\"642\" \/>\n\t<meta property=\"og:image:type\" content=\"image\/jpeg\" \/>\n<meta name=\"author\" content=\"Micha\u0142 Szewczyk\" \/>\n<meta name=\"twitter:card\" content=\"summary_large_image\" \/>\n<meta name=\"twitter:creator\" content=\"@24gliwice\" \/>\n<meta name=\"twitter:site\" content=\"@24gliwice\" \/>\n<meta name=\"twitter:label1\" content=\"Napisane przez\" \/>\n\t<meta name=\"twitter:data1\" content=\"Micha\u0142 Szewczyk\" \/>\n\t<meta name=\"twitter:label2\" content=\"Szacowany czas czytania\" \/>\n\t<meta name=\"twitter:data2\" content=\"4 minuty\" \/>\n<script type=\"application\/ld+json\" class=\"yoast-schema-graph\">{\"@context\":\"https:\\\/\\\/schema.org\",\"@graph\":[{\"@type\":\"Article\",\"@id\":\"https:\\\/\\\/www.24gliwice.pl\\\/wiadomosci\\\/wiadomo-kto-bedzie-odpowiedzialny-za-kalendarz-imprez-w-hali-gliwice-to-nie-jakas-tam-firma-kogucik\\\/#article\",\"isPartOf\":{\"@id\":\"https:\\\/\\\/www.24gliwice.pl\\\/wiadomosci\\\/wiadomo-kto-bedzie-odpowiedzialny-za-kalendarz-imprez-w-hali-gliwice-to-nie-jakas-tam-firma-kogucik\\\/\"},\"author\":{\"name\":\"Micha\u0142 Szewczyk\",\"@id\":\"https:\\\/\\\/www.24gliwice.pl\\\/wiadomosci\\\/#\\\/schema\\\/person\\\/940e8f8a097e322de4f463f061ef8d45\"},\"headline\":\"Wiadomo kto b\u0119dzie odpowiedzialny za kalendarz imprez w Hali Gliwice. &#8220;To nie jaka\u015b tam firma-kogucik&#8221;\",\"datePublished\":\"2017-12-29T23:51:23+00:00\",\"mainEntityOfPage\":{\"@id\":\"https:\\\/\\\/www.24gliwice.pl\\\/wiadomosci\\\/wiadomo-kto-bedzie-odpowiedzialny-za-kalendarz-imprez-w-hali-gliwice-to-nie-jakas-tam-firma-kogucik\\\/\"},\"wordCount\":744,\"commentCount\":0,\"publisher\":{\"@id\":\"https:\\\/\\\/www.24gliwice.pl\\\/wiadomosci\\\/#organization\"},\"image\":{\"@id\":\"https:\\\/\\\/www.24gliwice.pl\\\/wiadomosci\\\/wiadomo-kto-bedzie-odpowiedzialny-za-kalendarz-imprez-w-hali-gliwice-to-nie-jakas-tam-firma-kogucik\\\/#primaryimage\"},\"thumbnailUrl\":\"https:\\\/\\\/www.24gliwice.pl\\\/wiadomosci\\\/wp-content\\\/uploads\\\/2017\\\/10\\\/1-20171002_113354.jpg\",\"keywords\":[\"ARENA GLIWICE\",\"PODIUM\",\"radan gliwice\"],\"articleSection\":[\"Gliwice\",\"Najnowsze wiadomo\u015bci\",\"Portal Gliwice - Wiadomo\u015bci lokalne\"],\"inLanguage\":\"pl-PL\",\"potentialAction\":[{\"@type\":\"CommentAction\",\"name\":\"Comment\",\"target\":[\"https:\\\/\\\/www.24gliwice.pl\\\/wiadomosci\\\/wiadomo-kto-bedzie-odpowiedzialny-za-kalendarz-imprez-w-hali-gliwice-to-nie-jakas-tam-firma-kogucik\\\/#respond\"]}]},{\"@type\":\"WebPage\",\"@id\":\"https:\\\/\\\/www.24gliwice.pl\\\/wiadomosci\\\/wiadomo-kto-bedzie-odpowiedzialny-za-kalendarz-imprez-w-hali-gliwice-to-nie-jakas-tam-firma-kogucik\\\/\",\"url\":\"https:\\\/\\\/www.24gliwice.pl\\\/wiadomosci\\\/wiadomo-kto-bedzie-odpowiedzialny-za-kalendarz-imprez-w-hali-gliwice-to-nie-jakas-tam-firma-kogucik\\\/\",\"name\":\"Wiadomo kto b\u0119dzie odpowiedzialny za kalendarz imprez w Hali Gliwice. \\\"To nie jaka\u015b tam firma-kogucik\\\" - 24GLIWICE - Portal Gliwice | codziennie nowe informacje\",\"isPartOf\":{\"@id\":\"https:\\\/\\\/www.24gliwice.pl\\\/wiadomosci\\\/#website\"},\"primaryImageOfPage\":{\"@id\":\"https:\\\/\\\/www.24gliwice.pl\\\/wiadomosci\\\/wiadomo-kto-bedzie-odpowiedzialny-za-kalendarz-imprez-w-hali-gliwice-to-nie-jakas-tam-firma-kogucik\\\/#primaryimage\"},\"image\":{\"@id\":\"https:\\\/\\\/www.24gliwice.pl\\\/wiadomosci\\\/wiadomo-kto-bedzie-odpowiedzialny-za-kalendarz-imprez-w-hali-gliwice-to-nie-jakas-tam-firma-kogucik\\\/#primaryimage\"},\"thumbnailUrl\":\"https:\\\/\\\/www.24gliwice.pl\\\/wiadomosci\\\/wp-content\\\/uploads\\\/2017\\\/10\\\/1-20171002_113354.jpg\",\"datePublished\":\"2017-12-29T23:51:23+00:00\",\"breadcrumb\":{\"@id\":\"https:\\\/\\\/www.24gliwice.pl\\\/wiadomosci\\\/wiadomo-kto-bedzie-odpowiedzialny-za-kalendarz-imprez-w-hali-gliwice-to-nie-jakas-tam-firma-kogucik\\\/#breadcrumb\"},\"inLanguage\":\"pl-PL\",\"potentialAction\":[{\"@type\":\"ReadAction\",\"target\":[\"https:\\\/\\\/www.24gliwice.pl\\\/wiadomosci\\\/wiadomo-kto-bedzie-odpowiedzialny-za-kalendarz-imprez-w-hali-gliwice-to-nie-jakas-tam-firma-kogucik\\\/\"]}]},{\"@type\":\"ImageObject\",\"inLanguage\":\"pl-PL\",\"@id\":\"https:\\\/\\\/www.24gliwice.pl\\\/wiadomosci\\\/wiadomo-kto-bedzie-odpowiedzialny-za-kalendarz-imprez-w-hali-gliwice-to-nie-jakas-tam-firma-kogucik\\\/#primaryimage\",\"url\":\"https:\\\/\\\/www.24gliwice.pl\\\/wiadomosci\\\/wp-content\\\/uploads\\\/2017\\\/10\\\/1-20171002_113354.jpg\",\"contentUrl\":\"https:\\\/\\\/www.24gliwice.pl\\\/wiadomosci\\\/wp-content\\\/uploads\\\/2017\\\/10\\\/1-20171002_113354.jpg\",\"width\":1140,\"height\":642},{\"@type\":\"BreadcrumbList\",\"@id\":\"https:\\\/\\\/www.24gliwice.pl\\\/wiadomosci\\\/wiadomo-kto-bedzie-odpowiedzialny-za-kalendarz-imprez-w-hali-gliwice-to-nie-jakas-tam-firma-kogucik\\\/#breadcrumb\",\"itemListElement\":[{\"@type\":\"ListItem\",\"position\":1,\"name\":\"Strona g\u0142\u00f3wna\",\"item\":\"https:\\\/\\\/www.24gliwice.pl\\\/wiadomosci\\\/\"},{\"@type\":\"ListItem\",\"position\":2,\"name\":\"Wiadomo kto b\u0119dzie odpowiedzialny za kalendarz imprez w Hali Gliwice. &#8222;To nie jaka\u015b tam firma-kogucik&#8221;\"}]},{\"@type\":\"WebSite\",\"@id\":\"https:\\\/\\\/www.24gliwice.pl\\\/wiadomosci\\\/#website\",\"url\":\"https:\\\/\\\/www.24gliwice.pl\\\/wiadomosci\\\/\",\"name\":\"24GLIWICE - Portal Gliwice | codziennie nowe wiadomo\u015bci\",\"description\":\"Portal Miejski Gliwice\",\"publisher\":{\"@id\":\"https:\\\/\\\/www.24gliwice.pl\\\/wiadomosci\\\/#organization\"},\"potentialAction\":[{\"@type\":\"SearchAction\",\"target\":{\"@type\":\"EntryPoint\",\"urlTemplate\":\"https:\\\/\\\/www.24gliwice.pl\\\/wiadomosci\\\/?s={search_term_string}\"},\"query-input\":{\"@type\":\"PropertyValueSpecification\",\"valueRequired\":true,\"valueName\":\"search_term_string\"}}],\"inLanguage\":\"pl-PL\"},{\"@type\":\"Organization\",\"@id\":\"https:\\\/\\\/www.24gliwice.pl\\\/wiadomosci\\\/#organization\",\"name\":\"24gliwice\",\"url\":\"https:\\\/\\\/www.24gliwice.pl\\\/wiadomosci\\\/\",\"logo\":{\"@type\":\"ImageObject\",\"inLanguage\":\"pl-PL\",\"@id\":\"https:\\\/\\\/www.24gliwice.pl\\\/wiadomosci\\\/#\\\/schema\\\/logo\\\/image\\\/\",\"url\":\"https:\\\/\\\/www.24gliwice.pl\\\/wiadomosci\\\/wp-content\\\/uploads\\\/2024\\\/10\\\/24gliwice-logo-696.jpg\",\"contentUrl\":\"https:\\\/\\\/www.24gliwice.pl\\\/wiadomosci\\\/wp-content\\\/uploads\\\/2024\\\/10\\\/24gliwice-logo-696.jpg\",\"width\":696,\"height\":696,\"caption\":\"24gliwice\"},\"image\":{\"@id\":\"https:\\\/\\\/www.24gliwice.pl\\\/wiadomosci\\\/#\\\/schema\\\/logo\\\/image\\\/\"},\"sameAs\":[\"https:\\\/\\\/www.facebook.com\\\/24gliwice\",\"https:\\\/\\\/x.com\\\/24gliwice\",\"https:\\\/\\\/www.youtube.com\\\/@24gliwice\"]},{\"@type\":\"Person\",\"@id\":\"https:\\\/\\\/www.24gliwice.pl\\\/wiadomosci\\\/#\\\/schema\\\/person\\\/940e8f8a097e322de4f463f061ef8d45\",\"name\":\"Micha\u0142 Szewczyk\",\"image\":{\"@type\":\"ImageObject\",\"inLanguage\":\"pl-PL\",\"@id\":\"https:\\\/\\\/secure.gravatar.com\\\/avatar\\\/771b8b6c74cd8d255e46392d605e01a86133900ef09b6ef3c8d451c9d92288cf?s=96&d=mm&r=g\",\"url\":\"https:\\\/\\\/secure.gravatar.com\\\/avatar\\\/771b8b6c74cd8d255e46392d605e01a86133900ef09b6ef3c8d451c9d92288cf?s=96&d=mm&r=g\",\"contentUrl\":\"https:\\\/\\\/secure.gravatar.com\\\/avatar\\\/771b8b6c74cd8d255e46392d605e01a86133900ef09b6ef3c8d451c9d92288cf?s=96&d=mm&r=g\",\"caption\":\"Micha\u0142 Szewczyk\"},\"sameAs\":[\"http:\\\/\\\/www.gazeta-miejska.pl\"],\"url\":\"https:\\\/\\\/www.24gliwice.pl\\\/wiadomosci\\\/author\\\/michal-szewczyk\\\/\"}]}<\/script>\n<!-- \/ Yoast SEO plugin. -->","yoast_head_json":{"title":"Wiadomo kto b\u0119dzie odpowiedzialny za kalendarz imprez w Hali Gliwice. \"To nie jaka\u015b tam firma-kogucik\" - 24GLIWICE - Portal Gliwice | codziennie nowe informacje","robots":{"index":"index","follow":"follow","max-snippet":"max-snippet:-1","max-image-preview":"max-image-preview:large","max-video-preview":"max-video-preview:-1"},"canonical":"https:\/\/www.24gliwice.pl\/wiadomosci\/wiadomo-kto-bedzie-odpowiedzialny-za-kalendarz-imprez-w-hali-gliwice-to-nie-jakas-tam-firma-kogucik\/","og_locale":"pl_PL","og_type":"article","og_title":"Wiadomo kto b\u0119dzie odpowiedzialny za kalendarz imprez w Hali Gliwice. \"To nie jaka\u015b tam firma-kogucik\" - 24GLIWICE - Portal Gliwice | codziennie nowe informacje","og_description":"Gliwicka Fundacja Radan odpowiada\u0107 b\u0119dzie za pozyskiwanie wydarze\u0144 do Areny Gliwice. Umowa z gliwickimi urz\u0119dnikami zostanie podpisana na trzy lata. W listopadzie hala zosta\u0142a przekazana w dzier\u017caw\u0119 miejskiemu Przedsi\u0119biorstwu Wodoci\u0105g\u00f3w i Kanalizacji w Gliwicach, kt\u00f3re wcze\u015bniej &#8211; jako menad\u017cer kontraktu &#8211; nadzorowa\u0142o budow\u0119 obiektu. PWiK odpowiada\u0107 b\u0119dzie za administracyjne zarz\u0105dzanie hal\u0105, ale o tym kto [&hellip;]","og_url":"https:\/\/www.24gliwice.pl\/wiadomosci\/wiadomo-kto-bedzie-odpowiedzialny-za-kalendarz-imprez-w-hali-gliwice-to-nie-jakas-tam-firma-kogucik\/","og_site_name":"24GLIWICE - Portal Gliwice | codziennie nowe informacje","article_publisher":"https:\/\/www.facebook.com\/24gliwice","article_published_time":"2017-12-29T23:51:23+00:00","og_image":[{"width":1140,"height":642,"url":"https:\/\/www.24gliwice.pl\/wiadomosci\/wp-content\/uploads\/2017\/10\/1-20171002_113354.jpg","type":"image\/jpeg"}],"author":"Micha\u0142 Szewczyk","twitter_card":"summary_large_image","twitter_creator":"@24gliwice","twitter_site":"@24gliwice","twitter_misc":{"Napisane przez":"Micha\u0142 Szewczyk","Szacowany czas czytania":"4 minuty"},"schema":{"@context":"https:\/\/schema.org","@graph":[{"@type":"Article","@id":"https:\/\/www.24gliwice.pl\/wiadomosci\/wiadomo-kto-bedzie-odpowiedzialny-za-kalendarz-imprez-w-hali-gliwice-to-nie-jakas-tam-firma-kogucik\/#article","isPartOf":{"@id":"https:\/\/www.24gliwice.pl\/wiadomosci\/wiadomo-kto-bedzie-odpowiedzialny-za-kalendarz-imprez-w-hali-gliwice-to-nie-jakas-tam-firma-kogucik\/"},"author":{"name":"Micha\u0142 Szewczyk","@id":"https:\/\/www.24gliwice.pl\/wiadomosci\/#\/schema\/person\/940e8f8a097e322de4f463f061ef8d45"},"headline":"Wiadomo kto b\u0119dzie odpowiedzialny za kalendarz imprez w Hali Gliwice. &#8220;To nie jaka\u015b tam firma-kogucik&#8221;","datePublished":"2017-12-29T23:51:23+00:00","mainEntityOfPage":{"@id":"https:\/\/www.24gliwice.pl\/wiadomosci\/wiadomo-kto-bedzie-odpowiedzialny-za-kalendarz-imprez-w-hali-gliwice-to-nie-jakas-tam-firma-kogucik\/"},"wordCount":744,"commentCount":0,"publisher":{"@id":"https:\/\/www.24gliwice.pl\/wiadomosci\/#organization"},"image":{"@id":"https:\/\/www.24gliwice.pl\/wiadomosci\/wiadomo-kto-bedzie-odpowiedzialny-za-kalendarz-imprez-w-hali-gliwice-to-nie-jakas-tam-firma-kogucik\/#primaryimage"},"thumbnailUrl":"https:\/\/www.24gliwice.pl\/wiadomosci\/wp-content\/uploads\/2017\/10\/1-20171002_113354.jpg","keywords":["ARENA GLIWICE","PODIUM","radan gliwice"],"articleSection":["Gliwice","Najnowsze wiadomo\u015bci","Portal Gliwice - Wiadomo\u015bci lokalne"],"inLanguage":"pl-PL","potentialAction":[{"@type":"CommentAction","name":"Comment","target":["https:\/\/www.24gliwice.pl\/wiadomosci\/wiadomo-kto-bedzie-odpowiedzialny-za-kalendarz-imprez-w-hali-gliwice-to-nie-jakas-tam-firma-kogucik\/#respond"]}]},{"@type":"WebPage","@id":"https:\/\/www.24gliwice.pl\/wiadomosci\/wiadomo-kto-bedzie-odpowiedzialny-za-kalendarz-imprez-w-hali-gliwice-to-nie-jakas-tam-firma-kogucik\/","url":"https:\/\/www.24gliwice.pl\/wiadomosci\/wiadomo-kto-bedzie-odpowiedzialny-za-kalendarz-imprez-w-hali-gliwice-to-nie-jakas-tam-firma-kogucik\/","name":"Wiadomo kto b\u0119dzie odpowiedzialny za kalendarz imprez w Hali Gliwice. \"To nie jaka\u015b tam firma-kogucik\" - 24GLIWICE - Portal Gliwice | codziennie nowe informacje","isPartOf":{"@id":"https:\/\/www.24gliwice.pl\/wiadomosci\/#website"},"primaryImageOfPage":{"@id":"https:\/\/www.24gliwice.pl\/wiadomosci\/wiadomo-kto-bedzie-odpowiedzialny-za-kalendarz-imprez-w-hali-gliwice-to-nie-jakas-tam-firma-kogucik\/#primaryimage"},"image":{"@id":"https:\/\/www.24gliwice.pl\/wiadomosci\/wiadomo-kto-bedzie-odpowiedzialny-za-kalendarz-imprez-w-hali-gliwice-to-nie-jakas-tam-firma-kogucik\/#primaryimage"},"thumbnailUrl":"https:\/\/www.24gliwice.pl\/wiadomosci\/wp-content\/uploads\/2017\/10\/1-20171002_113354.jpg","datePublished":"2017-12-29T23:51:23+00:00","breadcrumb":{"@id":"https:\/\/www.24gliwice.pl\/wiadomosci\/wiadomo-kto-bedzie-odpowiedzialny-za-kalendarz-imprez-w-hali-gliwice-to-nie-jakas-tam-firma-kogucik\/#breadcrumb"},"inLanguage":"pl-PL","potentialAction":[{"@type":"ReadAction","target":["https:\/\/www.24gliwice.pl\/wiadomosci\/wiadomo-kto-bedzie-odpowiedzialny-za-kalendarz-imprez-w-hali-gliwice-to-nie-jakas-tam-firma-kogucik\/"]}]},{"@type":"ImageObject","inLanguage":"pl-PL","@id":"https:\/\/www.24gliwice.pl\/wiadomosci\/wiadomo-kto-bedzie-odpowiedzialny-za-kalendarz-imprez-w-hali-gliwice-to-nie-jakas-tam-firma-kogucik\/#primaryimage","url":"https:\/\/www.24gliwice.pl\/wiadomosci\/wp-content\/uploads\/2017\/10\/1-20171002_113354.jpg","contentUrl":"https:\/\/www.24gliwice.pl\/wiadomosci\/wp-content\/uploads\/2017\/10\/1-20171002_113354.jpg","width":1140,"height":642},{"@type":"BreadcrumbList","@id":"https:\/\/www.24gliwice.pl\/wiadomosci\/wiadomo-kto-bedzie-odpowiedzialny-za-kalendarz-imprez-w-hali-gliwice-to-nie-jakas-tam-firma-kogucik\/#breadcrumb","itemListElement":[{"@type":"ListItem","position":1,"name":"Strona g\u0142\u00f3wna","item":"https:\/\/www.24gliwice.pl\/wiadomosci\/"},{"@type":"ListItem","position":2,"name":"Wiadomo kto b\u0119dzie odpowiedzialny za kalendarz imprez w Hali Gliwice. &#8222;To nie jaka\u015b tam firma-kogucik&#8221;"}]},{"@type":"WebSite","@id":"https:\/\/www.24gliwice.pl\/wiadomosci\/#website","url":"https:\/\/www.24gliwice.pl\/wiadomosci\/","name":"24GLIWICE - Portal Gliwice | codziennie nowe wiadomo\u015bci","description":"Portal Miejski Gliwice","publisher":{"@id":"https:\/\/www.24gliwice.pl\/wiadomosci\/#organization"},"potentialAction":[{"@type":"SearchAction","target":{"@type":"EntryPoint","urlTemplate":"https:\/\/www.24gliwice.pl\/wiadomosci\/?s={search_term_string}"},"query-input":{"@type":"PropertyValueSpecification","valueRequired":true,"valueName":"search_term_string"}}],"inLanguage":"pl-PL"},{"@type":"Organization","@id":"https:\/\/www.24gliwice.pl\/wiadomosci\/#organization","name":"24gliwice","url":"https:\/\/www.24gliwice.pl\/wiadomosci\/","logo":{"@type":"ImageObject","inLanguage":"pl-PL","@id":"https:\/\/www.24gliwice.pl\/wiadomosci\/#\/schema\/logo\/image\/","url":"https:\/\/www.24gliwice.pl\/wiadomosci\/wp-content\/uploads\/2024\/10\/24gliwice-logo-696.jpg","contentUrl":"https:\/\/www.24gliwice.pl\/wiadomosci\/wp-content\/uploads\/2024\/10\/24gliwice-logo-696.jpg","width":696,"height":696,"caption":"24gliwice"},"image":{"@id":"https:\/\/www.24gliwice.pl\/wiadomosci\/#\/schema\/logo\/image\/"},"sameAs":["https:\/\/www.facebook.com\/24gliwice","https:\/\/x.com\/24gliwice","https:\/\/www.youtube.com\/@24gliwice"]},{"@type":"Person","@id":"https:\/\/www.24gliwice.pl\/wiadomosci\/#\/schema\/person\/940e8f8a097e322de4f463f061ef8d45","name":"Micha\u0142 Szewczyk","image":{"@type":"ImageObject","inLanguage":"pl-PL","@id":"https:\/\/secure.gravatar.com\/avatar\/771b8b6c74cd8d255e46392d605e01a86133900ef09b6ef3c8d451c9d92288cf?s=96&d=mm&r=g","url":"https:\/\/secure.gravatar.com\/avatar\/771b8b6c74cd8d255e46392d605e01a86133900ef09b6ef3c8d451c9d92288cf?s=96&d=mm&r=g","contentUrl":"https:\/\/secure.gravatar.com\/avatar\/771b8b6c74cd8d255e46392d605e01a86133900ef09b6ef3c8d451c9d92288cf?s=96&d=mm&r=g","caption":"Micha\u0142 Szewczyk"},"sameAs":["http:\/\/www.gazeta-miejska.pl"],"url":"https:\/\/www.24gliwice.pl\/wiadomosci\/author\/michal-szewczyk\/"}]}},"_links":{"self":[{"href":"https:\/\/www.24gliwice.pl\/wiadomosci\/wp-json\/wp\/v2\/posts\/109808","targetHints":{"allow":["GET"]}}],"collection":[{"href":"https:\/\/www.24gliwice.pl\/wiadomosci\/wp-json\/wp\/v2\/posts"}],"about":[{"href":"https:\/\/www.24gliwice.pl\/wiadomosci\/wp-json\/wp\/v2\/types\/post"}],"author":[{"embeddable":true,"href":"https:\/\/www.24gliwice.pl\/wiadomosci\/wp-json\/wp\/v2\/users\/12"}],"replies":[{"embeddable":true,"href":"https:\/\/www.24gliwice.pl\/wiadomosci\/wp-json\/wp\/v2\/comments?post=109808"}],"version-history":[{"count":0,"href":"https:\/\/www.24gliwice.pl\/wiadomosci\/wp-json\/wp\/v2\/posts\/109808\/revisions"}],"wp:featuredmedia":[{"embeddable":true,"href":"https:\/\/www.24gliwice.pl\/wiadomosci\/wp-json\/wp\/v2\/media\/106988"}],"wp:attachment":[{"href":"https:\/\/www.24gliwice.pl\/wiadomosci\/wp-json\/wp\/v2\/media?parent=109808"}],"wp:term":[{"taxonomy":"category","embeddable":true,"href":"https:\/\/www.24gliwice.pl\/wiadomosci\/wp-json\/wp\/v2\/categories?post=109808"},{"taxonomy":"post_tag","embeddable":true,"href":"https:\/\/www.24gliwice.pl\/wiadomosci\/wp-json\/wp\/v2\/tags?post=109808"}],"curies":[{"name":"wp","href":"https:\/\/api.w.org\/{rel}","templated":true}]}}