{"id":109856,"date":"2018-01-02T14:51:13","date_gmt":"2018-01-02T13:51:13","guid":{"rendered":"http:\/\/www.24gliwice.pl\/wiadomosci\/?p=109856"},"modified":"2024-08-20T02:00:56","modified_gmt":"2024-08-20T00:00:56","slug":"piast-gliwice-podsumowuje-miniony-rok-zawodnicy-lacznie-otrzymali-71-zoltych-i-czerwonych-kartek","status":"publish","type":"post","link":"https:\/\/www.24gliwice.pl\/wiadomosci\/piast-gliwice-podsumowuje-miniony-rok-zawodnicy-lacznie-otrzymali-71-zoltych-i-czerwonych-kartek\/","title":{"rendered":"Piast Gliwice podsumowuje miniony rok. Zawodnicy \u0142\u0105cznie otrzymali 71 \u017c\u00f3\u0142tych i czerwonych kartek"},"content":{"rendered":"<div class=\"gliwi-a6-nad-leadem-artykulow gliwi-entity-placement\" id=\"gliwi-1163169629\"><div class=\"gliwi-adlabel\"><span style=\"font-size: 9px\">REKLAMA<\/span><\/div><div id=\"gliwi-3964477784\" style=\"margin-bottom: 30px;margin-left: auto;margin-right: auto;text-align: center;\"><a data-no-instant=\"1\" href=\"https:\/\/przedszkole.halogen.org.pl\/\" rel=\"noopener\" class=\"a2t-link\" target=\"_blank\" aria-label=\"20260402-ANIMATOR-przedszkole_grafika_750x200\"><img loading=\"lazy\" decoding=\"async\" src=\"https:\/\/www.24gliwice.pl\/wiadomosci\/wp-content\/uploads\/2026\/04\/20260402-ANIMATOR-przedszkole_grafika_750x200.webp\" alt=\"\"  srcset=\"https:\/\/www.24gliwice.pl\/wiadomosci\/wp-content\/uploads\/2026\/04\/20260402-ANIMATOR-przedszkole_grafika_750x200.webp 750w, https:\/\/www.24gliwice.pl\/wiadomosci\/wp-content\/uploads\/2026\/04\/20260402-ANIMATOR-przedszkole_grafika_750x200-410x109.webp 410w\" sizes=\"(max-width: 750px) 100vw, 750px\" class=\"no-lazyload\" width=\"750\" height=\"200\"  style=\"display: inline-block; max-width: 100%; height: auto;\" \/><\/a><\/div><\/div><h3>Klub z Okrzei wzi\u0105\u0142 pod lup\u0119 przewinienia swoich graczy. Spo\u015br\u00f3d 33 zawodnik\u00f3w, kt\u00f3rzy w 2017 roku reprezentowali Niebiesko-Czerwonych na stadionach, \u017c\u00f3\u0142t\u0105 lub czerwon\u0105 kartk\u0105 ukaranych zosta\u0142o 23 pi\u0142karzy.<\/h3>\n<p>Indywidualnej kary nie dosta\u0142o zaledwie dziesi\u0119ciu cz\u0142onk\u00f3w sk\u0142adu. Na uwag\u0119 zas\u0142uguje fakt, \u017ce w\u015br\u00f3d nich znalaz\u0142 si\u0119 <strong>Martin Konczkowski<\/strong>. Prawy obro\u0144ca rozegra\u0142 21 spotka\u0144 w pe\u0142nym wymiarze czasowym i w ci\u0105gu 1890 minut ani razu nie trafi\u0142 do notesu s\u0119dziego. Bez ani jednego kartonika zagrali r\u00f3wnie\u017c <strong>Dobrivoj Rusov<\/strong>, <strong>Denis Gojko<\/strong>, <strong>Josip Barisi\u0107<\/strong>, <strong>Karol Angielski<\/strong>, <strong>\u0141ukasz Krakowczyk<\/strong>, <strong>Patrik Mraz<\/strong>, <strong>Tomasz Mokwa<\/strong>, <strong>\u0141ukasz Mas\u0142owski<\/strong> oraz <strong>Lukas Cmelik<\/strong>.<\/p>\n<p>W ostatnich dwunastu miesi\u0105cach s\u0119dziowie pokazali zawodnikom Piasta a\u017c 71 kartek (68 \u017c\u00f3\u0142tych i trzy czerwone). Najcz\u0119\u015bciej karanym przez arbitr\u00f3w pi\u0142karzem okaza\u0142 si\u0119 <strong>Aleksandar Sedlar<\/strong>. Serb zobaczy\u0142 \u0142\u0105cznie 13 \u017c\u00f3\u0142tych kartek, z czego dwie w konsekwencji sprawi\u0142y, \u017ce musia\u0142 przedwcze\u015bnie opu\u015bci\u0107 plac gry. 26-latek nie doko\u0144czy\u0142 wyjazdowych spotka\u0144 z G\u00f3rnikiem \u0141\u0119czna oraz Ark\u0105 Gdynia.<\/p><div class=\"gliwi-a3-w-tresci-artykulow gliwi-entity-placement\" id=\"gliwi-1013107507\"><div class=\"gliwi-adlabel\"><span style=\"font-size: 9px\">REKLAMA<\/span><\/div><div id=\"gliwi-186221285\" style=\"margin-bottom: 30px;margin-left: auto;margin-right: auto;text-align: center;\"><a data-no-instant=\"1\" href=\"https:\/\/ogrodyandersa.pl\/\" rel=\"noopener\" class=\"a2t-link\" target=\"_blank\" aria-label=\"20260415 Ogrody Andersa KUP TERAZ D\"><img loading=\"lazy\" decoding=\"async\" src=\"https:\/\/www.24gliwice.pl\/wiadomosci\/wp-content\/uploads\/2026\/04\/20260415-Ogrody-Andersa-KUP-TERAZ-D.jpg\" alt=\"\"  srcset=\"https:\/\/www.24gliwice.pl\/wiadomosci\/wp-content\/uploads\/2026\/04\/20260415-Ogrody-Andersa-KUP-TERAZ-D.jpg 750w, https:\/\/www.24gliwice.pl\/wiadomosci\/wp-content\/uploads\/2026\/04\/20260415-Ogrody-Andersa-KUP-TERAZ-D-410x109.jpg 410w\" sizes=\"(max-width: 750px) 100vw, 750px\" class=\"no-lazyload\" width=\"750\" height=\"200\"  style=\"display: inline-block; max-width: 100%; height: auto;\" \/><\/a><\/div><\/div>\n[perfectpullquote align=&#8221;full&#8221; cite=&#8221;&#8221; link=&#8221;&#8221; color=&#8221;&#8221; class=&#8221;&#8221; size=&#8221;&#8221;]W pierwszym przypadku Sedlar boisko opu\u015bci\u0142 w 83. minucie, a pod jego nieobecno\u015b\u0107 Niebiesko-Czerwoni stracili bramk\u0119 i ostatecznie przegrali z Zielono-Czarnymi 0-1. [\/perfectpullquote]\n<p>W meczu z \u017b\u00f3\u0142to-Niebieskimi konsekwencje by\u0142y nieco inne. Piast gra\u0142 w os\u0142abieniu od 73. minuty, ale zdo\u0142a\u0142 wyr\u00f3wna\u0107 za spraw\u0105 trafienia <strong>Macieja Jankowskiego<\/strong> z ko\u0144c\u00f3wki spotkania. Warto tak\u017ce zaznaczy\u0107, \u017ce pierwsza z kartek, kt\u00f3re Serb otrzyma\u0142 w Gdyni, zosta\u0142a p\u00f3\u017aniej anulowana przez Komisj\u0119 Ligi. Jednak mimo to zosta\u0142a uj\u0119ta w zestawieniu.<\/p>\n<p>Zawodnikiem, kt\u00f3ry na swoim koncie uzbiera\u0142 drug\u0105 najwi\u0119ksz\u0105 liczb\u0119 kartek by\u0142 <strong>Uros Korun<\/strong>. S\u0142oweniec zosta\u0142 napominany dziewi\u0119ciokrotnie. W spotkaniu z Pogoni\u0105 Szczecin musia\u0142 przedwcze\u015bnie uda\u0107 si\u0119 do szatni. W 88. minucie s\u0119dzia pokaza\u0142 mu drug\u0105 \u017c\u00f3\u0142t\u0105 i w konsekwencji czerwon\u0105 kartk\u0119, a tak\u017ce podyktowa\u0142 rzut karny. Jedenastka zosta\u0142a wykorzystana przez <strong>Adama Gyurcso<\/strong> i ostatecznie przechyli\u0142a szal\u0119 zwyci\u0119stwa na korzy\u015b\u0107 Portowc\u00f3w.\u00a0Nieco mniej razy w notesach s\u0119dzi\u00f3w l\u0105dowa\u0142 <strong>Patryk Dziczek<\/strong>. W 2017 roku m\u0142ody pomocnik otrzyma\u0142 sze\u015b\u0107 \u017c\u00f3\u0142tych kartek.<\/p>\n[perfectpullquote align=&#8221;full&#8221; cite=&#8221;&#8221; link=&#8221;&#8221; color=&#8221;&#8221; class=&#8221;&#8221; size=&#8221;&#8221;] Wszystkie zobaczy\u0142 w obecnych rozgrywkach i przez to &#8211; razem z Aleksandarem Sedlarem &#8211; jest najcz\u0119\u015bciej upominanym pi\u0142karzem Piasta w aktualnym sezonie Lotto Ekstraklasy. \u00a0 [\/perfectpullquote]\n<p>Pi\u0119\u0107 \u017c\u00f3\u0142tych kartek na swoim koncie zanotowa\u0142 <strong>Sasa Zivec<\/strong>. Jedn\u0105 mniej od S\u0142owe\u0144ca uzbierali <strong>Michal Papadopulos<\/strong> i <strong>Martin Bukata<\/strong>, z kolei po trzy upomnienia otrzymali <strong>Adam M\u00f3jta<\/strong>, <strong>Stojan Vranjes<\/strong> oraz <strong>Hebert Silva Santos<\/strong>. Ten ostatni w notesie s\u0119dziego wyl\u0105dowa\u0142 tak\u017ce po spotkaniu ze \u015al\u0105skiem Wroc\u0142aw, gdy otrzyma\u0142 czerwon\u0105 kartk\u0119. Tu\u017c po zako\u0144czeniu spotkania Brazylijczyk wda\u0142 si\u0119 w przepychank\u0119 z rywalem i zosta\u0142 odes\u0142any do szatni. Za swoje zachowanie zosta\u0142 ukarany przez Komisj\u0119 Ligi dwoma meczami dyskwalifikacji.<\/p>\n<p>Innym zawodnikiem, kt\u00f3ry w 2017 roku zobaczy\u0142 czerwon\u0105 kartk\u0119 by\u0142 <strong>Jakub Szmatu\u0142a<\/strong>. Bramkarz Niebiesko-Czerwonych nie doko\u0144czy\u0142 meczu a\u017c dwukrotnie. Po raz pierwszy musia\u0142 przedwcze\u015bnie zej\u015b\u0107 z murawy w derbowym meczu z G\u00f3rnikiem Zabrze. Golkiper Piasta nie m\u00f3g\u0142 pogodzi\u0107 si\u0119 z decyzj\u0105 s\u0119dziego, kt\u00f3ry podyktowa\u0142 rzut karny po rzekomym faulu na <strong>Igorze Angulo<\/strong>. Za swoje protesty musia\u0142 pauzowa\u0107 przez cztery spotkania. Czerwon\u0105 kartk\u0119 Szmatu\u0142a otrzyma\u0142 tak\u017ce w starciu z Legi\u0105 Warszawa. 36-latek opu\u015bci\u0142 plac gry ju\u017c w si\u00f3dmej minucie po przewinieniu na <strong>Jaros\u0142awie Niezgodzie<\/strong>.<\/p>\n<p>Dwie \u017c\u00f3\u0142te kartki na swoim koncie uzbierali<strong> Dario Rugasevi\u0107<\/strong>, <strong>Marcin Pietrowski<\/strong>, <strong>Rados\u0142aw Murawski<\/strong>, <strong>Gerard Badia <\/strong>i <strong>Mateusz Mak<\/strong>. Ponadto do protoko\u0142\u00f3w meczowych trafiali r\u00f3wnie\u017c <strong>Aleksander Jagie\u0142\u0142o<\/strong>, <strong>Konstantin Vassiljev<\/strong>,<strong> Maciej Jankowski<\/strong>, <strong>Joel Valencia<\/strong>, <strong>Bartosz Szeliga<\/strong>, <strong>Marcin Flis<\/strong>, <strong>Edvinas Girdvainis<\/strong> i <strong>\u0141ukasz Sekulski<\/strong>. Ka\u017cdy z wymienionych zawodnik\u00f3w otrzyma\u0142 po jednym kartoniku.<\/p>\n<p>(\u017cms)\/Biuro Prasowe Piasta Gliwice<\/p>\n<p>fot. arch. Piast Gliwice<\/p>\n<div class=\"gliwi-a5-na-koncu-artykulow gliwi-entity-placement\" id=\"gliwi-3352530195\"><div class=\"gliwi-adlabel\"><span style=\"font-size: 9px\">REKLAMA<\/span><\/div><div id=\"gliwi-1495054630\" style=\"margin-left: auto;margin-right: auto;text-align: center;\"><a data-no-instant=\"1\" href=\"https:\/\/prezeroarenagliwice.pl\/\" rel=\"noopener\" class=\"a2t-link\" target=\"_blank\" aria-label=\"20260309-PREZERO-WIOSNA-D\"><img loading=\"lazy\" decoding=\"async\" src=\"https:\/\/www.24gliwice.pl\/wiadomosci\/wp-content\/uploads\/2026\/03\/20260309-PREZERO-WIOSNA-D.webp\" alt=\"\"  srcset=\"https:\/\/www.24gliwice.pl\/wiadomosci\/wp-content\/uploads\/2026\/03\/20260309-PREZERO-WIOSNA-D.webp 750w, https:\/\/www.24gliwice.pl\/wiadomosci\/wp-content\/uploads\/2026\/03\/20260309-PREZERO-WIOSNA-D-410x109.webp 410w\" sizes=\"(max-width: 750px) 100vw, 750px\" class=\"no-lazyload\" width=\"750\" height=\"200\"  style=\"display: inline-block; max-width: 100%; height: auto;\" \/><\/a><\/div><\/div>","protected":false},"excerpt":{"rendered":"<p>Klub z Okrzei wzi\u0105\u0142 pod lup\u0119 przewinienia swoich graczy. Spo\u015br\u00f3d 33 zawodnik\u00f3w, kt\u00f3rzy w 2017 roku reprezentowali Niebiesko-Czerwonych na stadionach, \u017c\u00f3\u0142t\u0105 lub czerwon\u0105 kartk\u0105 ukaranych zosta\u0142o 23 pi\u0142karzy. Indywidualnej kary nie dosta\u0142o zaledwie dziesi\u0119ciu cz\u0142onk\u00f3w sk\u0142adu. Na uwag\u0119 zas\u0142uguje fakt, \u017ce w\u015br\u00f3d nich znalaz\u0142 si\u0119 Martin Konczkowski. Prawy obro\u0144ca rozegra\u0142 21 spotka\u0144 w pe\u0142nym wymiarze [&hellip;]<\/p>\n","protected":false},"author":15,"featured_media":109860,"comment_status":"open","ping_status":"closed","sticky":false,"template":"","format":"standard","meta":{"_monsterinsights_skip_tracking":false,"_monsterinsights_sitenote_active":false,"_monsterinsights_sitenote_note":"","_monsterinsights_sitenote_category":0,"footnotes":"","_links_to":"","_links_to_target":""},"categories":[3,1,23842],"tags":[11080,8754,119],"class_list":["post-109856","post","type-post","status-publish","format-standard","has-post-thumbnail","hentry","category-gliwice","category-wszystko","category-sport_gliwice","tag-czerwona-kartka","tag-okrzei","tag-piast"],"yoast_head":"<!-- This site is optimized with the Yoast SEO plugin v27.5 - https:\/\/yoast.com\/product\/yoast-seo-wordpress\/ -->\n<title>Piast Gliwice podsumowuje miniony rok. Zawodnicy \u0142\u0105cznie otrzymali 71 \u017c\u00f3\u0142tych i czerwonych kartek - 24GLIWICE - Portal Gliwice | codziennie nowe informacje<\/title>\n<meta name=\"robots\" content=\"index, follow, max-snippet:-1, max-image-preview:large, max-video-preview:-1\" \/>\n<link rel=\"canonical\" href=\"https:\/\/www.24gliwice.pl\/wiadomosci\/piast-gliwice-podsumowuje-miniony-rok-zawodnicy-lacznie-otrzymali-71-zoltych-i-czerwonych-kartek\/\" \/>\n<meta property=\"og:locale\" content=\"pl_PL\" \/>\n<meta property=\"og:type\" content=\"article\" \/>\n<meta property=\"og:title\" content=\"Piast Gliwice podsumowuje miniony rok. Zawodnicy \u0142\u0105cznie otrzymali 71 \u017c\u00f3\u0142tych i czerwonych kartek - 24GLIWICE - Portal Gliwice | codziennie nowe informacje\" \/>\n<meta property=\"og:description\" content=\"Klub z Okrzei wzi\u0105\u0142 pod lup\u0119 przewinienia swoich graczy. Spo\u015br\u00f3d 33 zawodnik\u00f3w, kt\u00f3rzy w 2017 roku reprezentowali Niebiesko-Czerwonych na stadionach, \u017c\u00f3\u0142t\u0105 lub czerwon\u0105 kartk\u0105 ukaranych zosta\u0142o 23 pi\u0142karzy. Indywidualnej kary nie dosta\u0142o zaledwie dziesi\u0119ciu cz\u0142onk\u00f3w sk\u0142adu. Na uwag\u0119 zas\u0142uguje fakt, \u017ce w\u015br\u00f3d nich znalaz\u0142 si\u0119 Martin Konczkowski. Prawy obro\u0144ca rozegra\u0142 21 spotka\u0144 w pe\u0142nym wymiarze [&hellip;]\" \/>\n<meta property=\"og:url\" content=\"https:\/\/www.24gliwice.pl\/wiadomosci\/piast-gliwice-podsumowuje-miniony-rok-zawodnicy-lacznie-otrzymali-71-zoltych-i-czerwonych-kartek\/\" \/>\n<meta property=\"og:site_name\" content=\"24GLIWICE - Portal Gliwice | codziennie nowe informacje\" \/>\n<meta property=\"article:publisher\" content=\"https:\/\/www.facebook.com\/24gliwice\" \/>\n<meta property=\"article:published_time\" content=\"2018-01-02T13:51:13+00:00\" \/>\n<meta property=\"article:modified_time\" content=\"2024-08-20T00:00:56+00:00\" \/>\n<meta property=\"og:image\" content=\"https:\/\/www.24gliwice.pl\/wiadomosci\/wp-content\/uploads\/2018\/01\/piast-kartki-e1514897752809.jpg\" \/>\n\t<meta property=\"og:image:width\" content=\"810\" \/>\n\t<meta property=\"og:image:height\" content=\"456\" \/>\n\t<meta property=\"og:image:type\" content=\"image\/jpeg\" \/>\n<meta name=\"author\" content=\"\u017baneta Mrozek-Siewierska\" \/>\n<meta name=\"twitter:card\" content=\"summary_large_image\" \/>\n<meta name=\"twitter:creator\" content=\"@24gliwice\" \/>\n<meta name=\"twitter:site\" content=\"@24gliwice\" \/>\n<meta name=\"twitter:label1\" content=\"Napisane przez\" \/>\n\t<meta name=\"twitter:data1\" content=\"\u017baneta Mrozek-Siewierska\" \/>\n\t<meta name=\"twitter:label2\" content=\"Szacowany czas czytania\" \/>\n\t<meta name=\"twitter:data2\" content=\"3 minuty\" \/>\n<script type=\"application\/ld+json\" class=\"yoast-schema-graph\">{\"@context\":\"https:\\\/\\\/schema.org\",\"@graph\":[{\"@type\":\"Article\",\"@id\":\"https:\\\/\\\/www.24gliwice.pl\\\/wiadomosci\\\/piast-gliwice-podsumowuje-miniony-rok-zawodnicy-lacznie-otrzymali-71-zoltych-i-czerwonych-kartek\\\/#article\",\"isPartOf\":{\"@id\":\"https:\\\/\\\/www.24gliwice.pl\\\/wiadomosci\\\/piast-gliwice-podsumowuje-miniony-rok-zawodnicy-lacznie-otrzymali-71-zoltych-i-czerwonych-kartek\\\/\"},\"author\":{\"name\":\"\u017baneta Mrozek-Siewierska\",\"@id\":\"https:\\\/\\\/www.24gliwice.pl\\\/wiadomosci\\\/#\\\/schema\\\/person\\\/e42c650edd7f2fa332be3811fb166b6e\"},\"headline\":\"Piast Gliwice podsumowuje miniony rok. Zawodnicy \u0142\u0105cznie otrzymali 71 \u017c\u00f3\u0142tych i czerwonych kartek\",\"datePublished\":\"2018-01-02T13:51:13+00:00\",\"dateModified\":\"2024-08-20T00:00:56+00:00\",\"mainEntityOfPage\":{\"@id\":\"https:\\\/\\\/www.24gliwice.pl\\\/wiadomosci\\\/piast-gliwice-podsumowuje-miniony-rok-zawodnicy-lacznie-otrzymali-71-zoltych-i-czerwonych-kartek\\\/\"},\"wordCount\":645,\"commentCount\":0,\"publisher\":{\"@id\":\"https:\\\/\\\/www.24gliwice.pl\\\/wiadomosci\\\/#organization\"},\"image\":{\"@id\":\"https:\\\/\\\/www.24gliwice.pl\\\/wiadomosci\\\/piast-gliwice-podsumowuje-miniony-rok-zawodnicy-lacznie-otrzymali-71-zoltych-i-czerwonych-kartek\\\/#primaryimage\"},\"thumbnailUrl\":\"https:\\\/\\\/www.24gliwice.pl\\\/wiadomosci\\\/wp-content\\\/uploads\\\/2018\\\/01\\\/piast-kartki-e1514897752809.jpg\",\"keywords\":[\"czerwona kartka\",\"OKRZEI\",\"PIAST\"],\"articleSection\":[\"Gliwice\",\"Najnowsze wiadomo\u015bci\",\"Sport\"],\"inLanguage\":\"pl-PL\",\"potentialAction\":[{\"@type\":\"CommentAction\",\"name\":\"Comment\",\"target\":[\"https:\\\/\\\/www.24gliwice.pl\\\/wiadomosci\\\/piast-gliwice-podsumowuje-miniony-rok-zawodnicy-lacznie-otrzymali-71-zoltych-i-czerwonych-kartek\\\/#respond\"]}]},{\"@type\":\"WebPage\",\"@id\":\"https:\\\/\\\/www.24gliwice.pl\\\/wiadomosci\\\/piast-gliwice-podsumowuje-miniony-rok-zawodnicy-lacznie-otrzymali-71-zoltych-i-czerwonych-kartek\\\/\",\"url\":\"https:\\\/\\\/www.24gliwice.pl\\\/wiadomosci\\\/piast-gliwice-podsumowuje-miniony-rok-zawodnicy-lacznie-otrzymali-71-zoltych-i-czerwonych-kartek\\\/\",\"name\":\"Piast Gliwice podsumowuje miniony rok. Zawodnicy \u0142\u0105cznie otrzymali 71 \u017c\u00f3\u0142tych i czerwonych kartek - 24GLIWICE - Portal Gliwice | codziennie nowe informacje\",\"isPartOf\":{\"@id\":\"https:\\\/\\\/www.24gliwice.pl\\\/wiadomosci\\\/#website\"},\"primaryImageOfPage\":{\"@id\":\"https:\\\/\\\/www.24gliwice.pl\\\/wiadomosci\\\/piast-gliwice-podsumowuje-miniony-rok-zawodnicy-lacznie-otrzymali-71-zoltych-i-czerwonych-kartek\\\/#primaryimage\"},\"image\":{\"@id\":\"https:\\\/\\\/www.24gliwice.pl\\\/wiadomosci\\\/piast-gliwice-podsumowuje-miniony-rok-zawodnicy-lacznie-otrzymali-71-zoltych-i-czerwonych-kartek\\\/#primaryimage\"},\"thumbnailUrl\":\"https:\\\/\\\/www.24gliwice.pl\\\/wiadomosci\\\/wp-content\\\/uploads\\\/2018\\\/01\\\/piast-kartki-e1514897752809.jpg\",\"datePublished\":\"2018-01-02T13:51:13+00:00\",\"dateModified\":\"2024-08-20T00:00:56+00:00\",\"breadcrumb\":{\"@id\":\"https:\\\/\\\/www.24gliwice.pl\\\/wiadomosci\\\/piast-gliwice-podsumowuje-miniony-rok-zawodnicy-lacznie-otrzymali-71-zoltych-i-czerwonych-kartek\\\/#breadcrumb\"},\"inLanguage\":\"pl-PL\",\"potentialAction\":[{\"@type\":\"ReadAction\",\"target\":[\"https:\\\/\\\/www.24gliwice.pl\\\/wiadomosci\\\/piast-gliwice-podsumowuje-miniony-rok-zawodnicy-lacznie-otrzymali-71-zoltych-i-czerwonych-kartek\\\/\"]}]},{\"@type\":\"ImageObject\",\"inLanguage\":\"pl-PL\",\"@id\":\"https:\\\/\\\/www.24gliwice.pl\\\/wiadomosci\\\/piast-gliwice-podsumowuje-miniony-rok-zawodnicy-lacznie-otrzymali-71-zoltych-i-czerwonych-kartek\\\/#primaryimage\",\"url\":\"https:\\\/\\\/www.24gliwice.pl\\\/wiadomosci\\\/wp-content\\\/uploads\\\/2018\\\/01\\\/piast-kartki-e1514897752809.jpg\",\"contentUrl\":\"https:\\\/\\\/www.24gliwice.pl\\\/wiadomosci\\\/wp-content\\\/uploads\\\/2018\\\/01\\\/piast-kartki-e1514897752809.jpg\",\"width\":810,\"height\":456},{\"@type\":\"BreadcrumbList\",\"@id\":\"https:\\\/\\\/www.24gliwice.pl\\\/wiadomosci\\\/piast-gliwice-podsumowuje-miniony-rok-zawodnicy-lacznie-otrzymali-71-zoltych-i-czerwonych-kartek\\\/#breadcrumb\",\"itemListElement\":[{\"@type\":\"ListItem\",\"position\":1,\"name\":\"Strona g\u0142\u00f3wna\",\"item\":\"https:\\\/\\\/www.24gliwice.pl\\\/wiadomosci\\\/\"},{\"@type\":\"ListItem\",\"position\":2,\"name\":\"Piast Gliwice podsumowuje miniony rok. Zawodnicy \u0142\u0105cznie otrzymali 71 \u017c\u00f3\u0142tych i czerwonych kartek\"}]},{\"@type\":\"WebSite\",\"@id\":\"https:\\\/\\\/www.24gliwice.pl\\\/wiadomosci\\\/#website\",\"url\":\"https:\\\/\\\/www.24gliwice.pl\\\/wiadomosci\\\/\",\"name\":\"24GLIWICE - Portal Gliwice | codziennie nowe wiadomo\u015bci\",\"description\":\"Portal Miejski Gliwice\",\"publisher\":{\"@id\":\"https:\\\/\\\/www.24gliwice.pl\\\/wiadomosci\\\/#organization\"},\"potentialAction\":[{\"@type\":\"SearchAction\",\"target\":{\"@type\":\"EntryPoint\",\"urlTemplate\":\"https:\\\/\\\/www.24gliwice.pl\\\/wiadomosci\\\/?s={search_term_string}\"},\"query-input\":{\"@type\":\"PropertyValueSpecification\",\"valueRequired\":true,\"valueName\":\"search_term_string\"}}],\"inLanguage\":\"pl-PL\"},{\"@type\":\"Organization\",\"@id\":\"https:\\\/\\\/www.24gliwice.pl\\\/wiadomosci\\\/#organization\",\"name\":\"24gliwice\",\"url\":\"https:\\\/\\\/www.24gliwice.pl\\\/wiadomosci\\\/\",\"logo\":{\"@type\":\"ImageObject\",\"inLanguage\":\"pl-PL\",\"@id\":\"https:\\\/\\\/www.24gliwice.pl\\\/wiadomosci\\\/#\\\/schema\\\/logo\\\/image\\\/\",\"url\":\"https:\\\/\\\/www.24gliwice.pl\\\/wiadomosci\\\/wp-content\\\/uploads\\\/2024\\\/10\\\/24gliwice-logo-696.jpg\",\"contentUrl\":\"https:\\\/\\\/www.24gliwice.pl\\\/wiadomosci\\\/wp-content\\\/uploads\\\/2024\\\/10\\\/24gliwice-logo-696.jpg\",\"width\":696,\"height\":696,\"caption\":\"24gliwice\"},\"image\":{\"@id\":\"https:\\\/\\\/www.24gliwice.pl\\\/wiadomosci\\\/#\\\/schema\\\/logo\\\/image\\\/\"},\"sameAs\":[\"https:\\\/\\\/www.facebook.com\\\/24gliwice\",\"https:\\\/\\\/x.com\\\/24gliwice\",\"https:\\\/\\\/www.youtube.com\\\/@24gliwice\"]},{\"@type\":\"Person\",\"@id\":\"https:\\\/\\\/www.24gliwice.pl\\\/wiadomosci\\\/#\\\/schema\\\/person\\\/e42c650edd7f2fa332be3811fb166b6e\",\"name\":\"\u017baneta Mrozek-Siewierska\",\"image\":{\"@type\":\"ImageObject\",\"inLanguage\":\"pl-PL\",\"@id\":\"https:\\\/\\\/secure.gravatar.com\\\/avatar\\\/1881429e9c64597c77ad7aef2d0a19be69a3253e57534d16aa15bf3a4d34a0a3?s=96&d=mm&r=g\",\"url\":\"https:\\\/\\\/secure.gravatar.com\\\/avatar\\\/1881429e9c64597c77ad7aef2d0a19be69a3253e57534d16aa15bf3a4d34a0a3?s=96&d=mm&r=g\",\"contentUrl\":\"https:\\\/\\\/secure.gravatar.com\\\/avatar\\\/1881429e9c64597c77ad7aef2d0a19be69a3253e57534d16aa15bf3a4d34a0a3?s=96&d=mm&r=g\",\"caption\":\"\u017baneta Mrozek-Siewierska\"},\"url\":\"https:\\\/\\\/www.24gliwice.pl\\\/wiadomosci\\\/author\\\/zms\\\/\"}]}<\/script>\n<!-- \/ Yoast SEO plugin. -->","yoast_head_json":{"title":"Piast Gliwice podsumowuje miniony rok. Zawodnicy \u0142\u0105cznie otrzymali 71 \u017c\u00f3\u0142tych i czerwonych kartek - 24GLIWICE - Portal Gliwice | codziennie nowe informacje","robots":{"index":"index","follow":"follow","max-snippet":"max-snippet:-1","max-image-preview":"max-image-preview:large","max-video-preview":"max-video-preview:-1"},"canonical":"https:\/\/www.24gliwice.pl\/wiadomosci\/piast-gliwice-podsumowuje-miniony-rok-zawodnicy-lacznie-otrzymali-71-zoltych-i-czerwonych-kartek\/","og_locale":"pl_PL","og_type":"article","og_title":"Piast Gliwice podsumowuje miniony rok. Zawodnicy \u0142\u0105cznie otrzymali 71 \u017c\u00f3\u0142tych i czerwonych kartek - 24GLIWICE - Portal Gliwice | codziennie nowe informacje","og_description":"Klub z Okrzei wzi\u0105\u0142 pod lup\u0119 przewinienia swoich graczy. Spo\u015br\u00f3d 33 zawodnik\u00f3w, kt\u00f3rzy w 2017 roku reprezentowali Niebiesko-Czerwonych na stadionach, \u017c\u00f3\u0142t\u0105 lub czerwon\u0105 kartk\u0105 ukaranych zosta\u0142o 23 pi\u0142karzy. Indywidualnej kary nie dosta\u0142o zaledwie dziesi\u0119ciu cz\u0142onk\u00f3w sk\u0142adu. Na uwag\u0119 zas\u0142uguje fakt, \u017ce w\u015br\u00f3d nich znalaz\u0142 si\u0119 Martin Konczkowski. Prawy obro\u0144ca rozegra\u0142 21 spotka\u0144 w pe\u0142nym wymiarze [&hellip;]","og_url":"https:\/\/www.24gliwice.pl\/wiadomosci\/piast-gliwice-podsumowuje-miniony-rok-zawodnicy-lacznie-otrzymali-71-zoltych-i-czerwonych-kartek\/","og_site_name":"24GLIWICE - Portal Gliwice | codziennie nowe informacje","article_publisher":"https:\/\/www.facebook.com\/24gliwice","article_published_time":"2018-01-02T13:51:13+00:00","article_modified_time":"2024-08-20T00:00:56+00:00","og_image":[{"width":810,"height":456,"url":"https:\/\/www.24gliwice.pl\/wiadomosci\/wp-content\/uploads\/2018\/01\/piast-kartki-e1514897752809.jpg","type":"image\/jpeg"}],"author":"\u017baneta Mrozek-Siewierska","twitter_card":"summary_large_image","twitter_creator":"@24gliwice","twitter_site":"@24gliwice","twitter_misc":{"Napisane przez":"\u017baneta Mrozek-Siewierska","Szacowany czas czytania":"3 minuty"},"schema":{"@context":"https:\/\/schema.org","@graph":[{"@type":"Article","@id":"https:\/\/www.24gliwice.pl\/wiadomosci\/piast-gliwice-podsumowuje-miniony-rok-zawodnicy-lacznie-otrzymali-71-zoltych-i-czerwonych-kartek\/#article","isPartOf":{"@id":"https:\/\/www.24gliwice.pl\/wiadomosci\/piast-gliwice-podsumowuje-miniony-rok-zawodnicy-lacznie-otrzymali-71-zoltych-i-czerwonych-kartek\/"},"author":{"name":"\u017baneta Mrozek-Siewierska","@id":"https:\/\/www.24gliwice.pl\/wiadomosci\/#\/schema\/person\/e42c650edd7f2fa332be3811fb166b6e"},"headline":"Piast Gliwice podsumowuje miniony rok. Zawodnicy \u0142\u0105cznie otrzymali 71 \u017c\u00f3\u0142tych i czerwonych kartek","datePublished":"2018-01-02T13:51:13+00:00","dateModified":"2024-08-20T00:00:56+00:00","mainEntityOfPage":{"@id":"https:\/\/www.24gliwice.pl\/wiadomosci\/piast-gliwice-podsumowuje-miniony-rok-zawodnicy-lacznie-otrzymali-71-zoltych-i-czerwonych-kartek\/"},"wordCount":645,"commentCount":0,"publisher":{"@id":"https:\/\/www.24gliwice.pl\/wiadomosci\/#organization"},"image":{"@id":"https:\/\/www.24gliwice.pl\/wiadomosci\/piast-gliwice-podsumowuje-miniony-rok-zawodnicy-lacznie-otrzymali-71-zoltych-i-czerwonych-kartek\/#primaryimage"},"thumbnailUrl":"https:\/\/www.24gliwice.pl\/wiadomosci\/wp-content\/uploads\/2018\/01\/piast-kartki-e1514897752809.jpg","keywords":["czerwona kartka","OKRZEI","PIAST"],"articleSection":["Gliwice","Najnowsze wiadomo\u015bci","Sport"],"inLanguage":"pl-PL","potentialAction":[{"@type":"CommentAction","name":"Comment","target":["https:\/\/www.24gliwice.pl\/wiadomosci\/piast-gliwice-podsumowuje-miniony-rok-zawodnicy-lacznie-otrzymali-71-zoltych-i-czerwonych-kartek\/#respond"]}]},{"@type":"WebPage","@id":"https:\/\/www.24gliwice.pl\/wiadomosci\/piast-gliwice-podsumowuje-miniony-rok-zawodnicy-lacznie-otrzymali-71-zoltych-i-czerwonych-kartek\/","url":"https:\/\/www.24gliwice.pl\/wiadomosci\/piast-gliwice-podsumowuje-miniony-rok-zawodnicy-lacznie-otrzymali-71-zoltych-i-czerwonych-kartek\/","name":"Piast Gliwice podsumowuje miniony rok. Zawodnicy \u0142\u0105cznie otrzymali 71 \u017c\u00f3\u0142tych i czerwonych kartek - 24GLIWICE - Portal Gliwice | codziennie nowe informacje","isPartOf":{"@id":"https:\/\/www.24gliwice.pl\/wiadomosci\/#website"},"primaryImageOfPage":{"@id":"https:\/\/www.24gliwice.pl\/wiadomosci\/piast-gliwice-podsumowuje-miniony-rok-zawodnicy-lacznie-otrzymali-71-zoltych-i-czerwonych-kartek\/#primaryimage"},"image":{"@id":"https:\/\/www.24gliwice.pl\/wiadomosci\/piast-gliwice-podsumowuje-miniony-rok-zawodnicy-lacznie-otrzymali-71-zoltych-i-czerwonych-kartek\/#primaryimage"},"thumbnailUrl":"https:\/\/www.24gliwice.pl\/wiadomosci\/wp-content\/uploads\/2018\/01\/piast-kartki-e1514897752809.jpg","datePublished":"2018-01-02T13:51:13+00:00","dateModified":"2024-08-20T00:00:56+00:00","breadcrumb":{"@id":"https:\/\/www.24gliwice.pl\/wiadomosci\/piast-gliwice-podsumowuje-miniony-rok-zawodnicy-lacznie-otrzymali-71-zoltych-i-czerwonych-kartek\/#breadcrumb"},"inLanguage":"pl-PL","potentialAction":[{"@type":"ReadAction","target":["https:\/\/www.24gliwice.pl\/wiadomosci\/piast-gliwice-podsumowuje-miniony-rok-zawodnicy-lacznie-otrzymali-71-zoltych-i-czerwonych-kartek\/"]}]},{"@type":"ImageObject","inLanguage":"pl-PL","@id":"https:\/\/www.24gliwice.pl\/wiadomosci\/piast-gliwice-podsumowuje-miniony-rok-zawodnicy-lacznie-otrzymali-71-zoltych-i-czerwonych-kartek\/#primaryimage","url":"https:\/\/www.24gliwice.pl\/wiadomosci\/wp-content\/uploads\/2018\/01\/piast-kartki-e1514897752809.jpg","contentUrl":"https:\/\/www.24gliwice.pl\/wiadomosci\/wp-content\/uploads\/2018\/01\/piast-kartki-e1514897752809.jpg","width":810,"height":456},{"@type":"BreadcrumbList","@id":"https:\/\/www.24gliwice.pl\/wiadomosci\/piast-gliwice-podsumowuje-miniony-rok-zawodnicy-lacznie-otrzymali-71-zoltych-i-czerwonych-kartek\/#breadcrumb","itemListElement":[{"@type":"ListItem","position":1,"name":"Strona g\u0142\u00f3wna","item":"https:\/\/www.24gliwice.pl\/wiadomosci\/"},{"@type":"ListItem","position":2,"name":"Piast Gliwice podsumowuje miniony rok. Zawodnicy \u0142\u0105cznie otrzymali 71 \u017c\u00f3\u0142tych i czerwonych kartek"}]},{"@type":"WebSite","@id":"https:\/\/www.24gliwice.pl\/wiadomosci\/#website","url":"https:\/\/www.24gliwice.pl\/wiadomosci\/","name":"24GLIWICE - Portal Gliwice | codziennie nowe wiadomo\u015bci","description":"Portal Miejski Gliwice","publisher":{"@id":"https:\/\/www.24gliwice.pl\/wiadomosci\/#organization"},"potentialAction":[{"@type":"SearchAction","target":{"@type":"EntryPoint","urlTemplate":"https:\/\/www.24gliwice.pl\/wiadomosci\/?s={search_term_string}"},"query-input":{"@type":"PropertyValueSpecification","valueRequired":true,"valueName":"search_term_string"}}],"inLanguage":"pl-PL"},{"@type":"Organization","@id":"https:\/\/www.24gliwice.pl\/wiadomosci\/#organization","name":"24gliwice","url":"https:\/\/www.24gliwice.pl\/wiadomosci\/","logo":{"@type":"ImageObject","inLanguage":"pl-PL","@id":"https:\/\/www.24gliwice.pl\/wiadomosci\/#\/schema\/logo\/image\/","url":"https:\/\/www.24gliwice.pl\/wiadomosci\/wp-content\/uploads\/2024\/10\/24gliwice-logo-696.jpg","contentUrl":"https:\/\/www.24gliwice.pl\/wiadomosci\/wp-content\/uploads\/2024\/10\/24gliwice-logo-696.jpg","width":696,"height":696,"caption":"24gliwice"},"image":{"@id":"https:\/\/www.24gliwice.pl\/wiadomosci\/#\/schema\/logo\/image\/"},"sameAs":["https:\/\/www.facebook.com\/24gliwice","https:\/\/x.com\/24gliwice","https:\/\/www.youtube.com\/@24gliwice"]},{"@type":"Person","@id":"https:\/\/www.24gliwice.pl\/wiadomosci\/#\/schema\/person\/e42c650edd7f2fa332be3811fb166b6e","name":"\u017baneta Mrozek-Siewierska","image":{"@type":"ImageObject","inLanguage":"pl-PL","@id":"https:\/\/secure.gravatar.com\/avatar\/1881429e9c64597c77ad7aef2d0a19be69a3253e57534d16aa15bf3a4d34a0a3?s=96&d=mm&r=g","url":"https:\/\/secure.gravatar.com\/avatar\/1881429e9c64597c77ad7aef2d0a19be69a3253e57534d16aa15bf3a4d34a0a3?s=96&d=mm&r=g","contentUrl":"https:\/\/secure.gravatar.com\/avatar\/1881429e9c64597c77ad7aef2d0a19be69a3253e57534d16aa15bf3a4d34a0a3?s=96&d=mm&r=g","caption":"\u017baneta Mrozek-Siewierska"},"url":"https:\/\/www.24gliwice.pl\/wiadomosci\/author\/zms\/"}]}},"_links":{"self":[{"href":"https:\/\/www.24gliwice.pl\/wiadomosci\/wp-json\/wp\/v2\/posts\/109856","targetHints":{"allow":["GET"]}}],"collection":[{"href":"https:\/\/www.24gliwice.pl\/wiadomosci\/wp-json\/wp\/v2\/posts"}],"about":[{"href":"https:\/\/www.24gliwice.pl\/wiadomosci\/wp-json\/wp\/v2\/types\/post"}],"author":[{"embeddable":true,"href":"https:\/\/www.24gliwice.pl\/wiadomosci\/wp-json\/wp\/v2\/users\/15"}],"replies":[{"embeddable":true,"href":"https:\/\/www.24gliwice.pl\/wiadomosci\/wp-json\/wp\/v2\/comments?post=109856"}],"version-history":[{"count":0,"href":"https:\/\/www.24gliwice.pl\/wiadomosci\/wp-json\/wp\/v2\/posts\/109856\/revisions"}],"wp:featuredmedia":[{"embeddable":true,"href":"https:\/\/www.24gliwice.pl\/wiadomosci\/wp-json\/wp\/v2\/media\/109860"}],"wp:attachment":[{"href":"https:\/\/www.24gliwice.pl\/wiadomosci\/wp-json\/wp\/v2\/media?parent=109856"}],"wp:term":[{"taxonomy":"category","embeddable":true,"href":"https:\/\/www.24gliwice.pl\/wiadomosci\/wp-json\/wp\/v2\/categories?post=109856"},{"taxonomy":"post_tag","embeddable":true,"href":"https:\/\/www.24gliwice.pl\/wiadomosci\/wp-json\/wp\/v2\/tags?post=109856"}],"curies":[{"name":"wp","href":"https:\/\/api.w.org\/{rel}","templated":true}]}}