{"id":110121,"date":"2018-01-08T11:37:24","date_gmt":"2018-01-08T10:37:24","guid":{"rendered":"http:\/\/www.24gliwice.pl\/wiadomosci\/?p=110121"},"modified":"2018-01-08T11:37:24","modified_gmt":"2018-01-08T10:37:24","slug":"pierwsze-swiecenia-biskupie-w-diecezji-gliwickiej-uczestniczyl-w-nich-nuncjusz-apostolski","status":"publish","type":"post","link":"https:\/\/www.24gliwice.pl\/wiadomosci\/pierwsze-swiecenia-biskupie-w-diecezji-gliwickiej-uczestniczyl-w-nich-nuncjusz-apostolski\/","title":{"rendered":"Pierwsze \u015bwi\u0119cenia biskupie w diecezji gliwickiej. Uczestniczy\u0142 w nich nuncjusz apostolski"},"content":{"rendered":"<div class=\"gliwi-a6-nad-leadem-artykulow gliwi-entity-placement\" id=\"gliwi-247418127\"><div class=\"gliwi-adlabel\"><span style=\"font-size: 9px\">REKLAMA<\/span><\/div><div id=\"gliwi-1515658442\" style=\"margin-bottom: 25px;margin-left: auto;margin-right: auto;text-align: center;\"><a data-no-instant=\"1\" href=\"https:\/\/dom100.eu\/\" rel=\"noopener\" class=\"a2t-link\" target=\"_blank\" aria-label=\"20260415 DOM100 D\"><img loading=\"lazy\" decoding=\"async\" src=\"https:\/\/www.24gliwice.pl\/wiadomosci\/wp-content\/uploads\/2026\/04\/20260415-DOM100-D.jpg\" alt=\"\"  srcset=\"https:\/\/www.24gliwice.pl\/wiadomosci\/wp-content\/uploads\/2026\/04\/20260415-DOM100-D.jpg 750w, https:\/\/www.24gliwice.pl\/wiadomosci\/wp-content\/uploads\/2026\/04\/20260415-DOM100-D-410x109.jpg 410w\" sizes=\"(max-width: 750px) 100vw, 750px\" class=\"no-lazyload\" width=\"750\" height=\"200\"  style=\"display: inline-block; max-width: 100%; height: auto;\" \/><\/a><\/div><\/div><h3>Gliwicka diecezja ma nowego biskupa pomocniczego. Zosta\u0142 nim ks. pra\u0142at Andrzej Iwanecki, proboszcz parafii \u015bw. Franciszka z Asy\u017cu w Zabrzu.<\/h3>\n<p>\u015awi\u0119cenia biskupie przyj\u0105\u0142 7 stycznia w gliwickiej katedrze pw. \u015awi\u0119tych Aposto\u0142\u00f3w Piotra i Paw\u0142a. Konsekrowa\u0142 go biskup diecezjalny gliwicki <strong>Jan Kopiec<\/strong> w asy\u015bcie arcybiskupa <strong>Salvatore Pennacchia<\/strong>, nuncjusza apostolskiego w Polsce, oraz arcybiskupa metropolity katowickiego <strong>Wiktora Skworca<\/strong>.<\/p>\n[perfectpullquote align=&#8221;full&#8221; bordertop=&#8221;false&#8221; cite=&#8221;&#8221; link=&#8221;&#8221; color=&#8221;&#8221; class=&#8221;&#8221; size=&#8221;&#8221;]By\u0142y to pierwsze \u015bwi\u0119cenia biskupie w diecezji gliwickiej w jej 25-letniej historii. [\/perfectpullquote]\n<p>&#8211; B\u0105d\u017a nasz\u0105 rado\u015bci\u0105 w wielkim wysi\u0142ku przekonywania dzisiejszego cz\u0142owieka, \u017ce ka\u017cdy ma szans\u0119 znale\u017a\u0107 Pana, kt\u00f3ry go uwolni od ci\u0119\u017caru win i zagubienia. Wno\u015b aktywn\u0105 zach\u0119t\u0119, by\u015bmy wszyscy tworzyli wsp\u00f3lnot\u0119 ludzi szcz\u0119\u015bliwych, odnajduj\u0105cych swoje wezwanie do otrzymania nadprzyrodzonych dar\u00f3w. Zostajesz w\u0142\u0105czony do tysi\u0105cletniej rzeszy pasterzy \u015bl\u0105skiej ziemi, na kt\u00f3rej od 1000 roku g\u0142oszona jest Dobra Nowina &#8211; powiedzia\u0142 w homilii bp Kopiec, zwracaj\u0105c si\u0119 do nowego biskupa pomocniczego.<\/p><div class=\"gliwi-a3-w-tresci-artykulow gliwi-entity-placement\" id=\"gliwi-4117965978\"><div class=\"gliwi-adlabel\"><span style=\"font-size: 9px\">REKLAMA<\/span><\/div><div id=\"gliwi-3318815624\" style=\"margin-bottom: 30px;margin-left: auto;margin-right: auto;text-align: center;\"><a data-no-instant=\"1\" href=\"https:\/\/ogrodyandersa.pl\/\" rel=\"noopener\" class=\"a2t-link\" target=\"_blank\" aria-label=\"20260415 Ogrody Andersa KUP TERAZ D\"><img loading=\"lazy\" decoding=\"async\" src=\"https:\/\/www.24gliwice.pl\/wiadomosci\/wp-content\/uploads\/2026\/04\/20260415-Ogrody-Andersa-KUP-TERAZ-D.jpg\" alt=\"\"  srcset=\"https:\/\/www.24gliwice.pl\/wiadomosci\/wp-content\/uploads\/2026\/04\/20260415-Ogrody-Andersa-KUP-TERAZ-D.jpg 750w, https:\/\/www.24gliwice.pl\/wiadomosci\/wp-content\/uploads\/2026\/04\/20260415-Ogrody-Andersa-KUP-TERAZ-D-410x109.jpg 410w\" sizes=\"(max-width: 750px) 100vw, 750px\" class=\"no-lazyload\" width=\"750\" height=\"200\"  style=\"display: inline-block; max-width: 100%; height: auto;\" \/><\/a><\/div><\/div>\n[perfectpullquote align=&#8221;full&#8221; bordertop=&#8221;false&#8221; cite=&#8221;&#8221; link=&#8221;&#8221; color=&#8221;&#8221; class=&#8221;&#8221; size=&#8221;&#8221;]<strong>Andrzej Iwanecki<\/strong> przyj\u0105\u0142 jako swoje zawo\u0142anie biskupie s\u0142owa &#8220;Jezus jest Panem&#8221;, co oznacza wyznanie wiary w Zbawiciela i oddanie mu swojego \u017cycia. [\/perfectpullquote]\n<p>Biskup Iwanecki urodzi\u0142 si\u0119 3 listopada 1960 roku w Siemianowicach \u015al\u0105skich. W latach 1975\u20131979 ucz\u0119szcza\u0142 do I Liceum Og\u00f3lnokszta\u0142c\u0105cego im. J. \u015aniadeckiego w Siemianowicach \u015al. Po maturze wst\u0105pi\u0142 do \u015al\u0105skiego Seminarium Duchownego w Krakowie. 27 marca 1986 roku w katedrze Chrystusa Kr\u00f3la w Katowicach przyj\u0105\u0142 \u015bwi\u0119cenia kap\u0142a\u0144skie z r\u0105k \u00f3wczesnego biskupa diecezji katowickiej <strong>Damiana Zimonia<\/strong>.<\/p>\n<p>Pracowa\u0142 jako wikariusz w parafiach: Nawiedzenia Naj\u015bwi\u0119tszej Maryi Panny w Orzeszu (1986\u20131989), Przenaj\u015bwi\u0119tszej Tr\u00f3jcy w Bielsku-Bia\u0142ej (1989\u20131990) i Naj\u015bwi\u0119tszego Serca Pana Jezusa i Matki Bo\u017cej Fatimskiej w Strzybnicy (1990\u20131995). W 1992 roku zosta\u0142 w\u0142\u0105czony do prezbiterium diecezji gliwickiej. W 1995 roku obj\u0105\u0142 wikariat w parafii \u015bw. Franciszka w Zabrzu, a w 1998 roku \u2013 probostwo. W diecezji zosta\u0142 cz\u0142onkiem kolegium konsultor\u00f3w i rady kap\u0142a\u0144skiej, moderatorem rejonowym Ruchu \u015awiat\u0142o-\u017bycie i dziekanem dekanatu zabrza\u0144skiego. W 2008 zosta\u0142 obdarzony godno\u015bci\u0105 pra\u0142ata.<\/p>\n<p>18 listopada 2017 roku <strong>papie\u017c Franciszek<\/strong> mianowa\u0142 go biskupem pomocniczym diecezji gliwickiej.<\/p>\n<p>(\u017cms)\/UM Gliwice<br \/>\nfot. Z. Daniec\/UM Gliwice<\/p>\n<div class=\"gliwi-a5-na-koncu-artykulow gliwi-entity-placement\" id=\"gliwi-153956035\"><div class=\"gliwi-adlabel\"><span style=\"font-size: 9px\">REKLAMA<\/span><\/div><div id=\"gliwi-596501171\" style=\"margin-left: auto;margin-right: auto;text-align: center;\"><a data-no-instant=\"1\" href=\"https:\/\/www.jasek.pl\/\" rel=\"noopener\" class=\"a2t-link\" target=\"_blank\" aria-label=\"20200401-jasek 600\"><img loading=\"lazy\" decoding=\"async\" src=\"https:\/\/www.24gliwice.pl\/wiadomosci\/wp-content\/uploads\/2020\/04\/20200401-jasek-600.jpg\" alt=\"\"  srcset=\"https:\/\/www.24gliwice.pl\/wiadomosci\/wp-content\/uploads\/2020\/04\/20200401-jasek-600.jpg 600w, https:\/\/www.24gliwice.pl\/wiadomosci\/wp-content\/uploads\/2020\/04\/20200401-jasek-600-410x109.jpg 410w\" sizes=\"(max-width: 600px) 100vw, 600px\" class=\"no-lazyload\" width=\"600\" height=\"160\"  style=\"display: inline-block; max-width: 100%; height: auto;\" \/><\/a><\/div><\/div>","protected":false},"excerpt":{"rendered":"<p>Gliwicka diecezja ma nowego biskupa pomocniczego. Zosta\u0142 nim ks. pra\u0142at Andrzej Iwanecki, proboszcz parafii \u015bw. Franciszka z Asy\u017cu w Zabrzu. \u015awi\u0119cenia biskupie przyj\u0105\u0142 7 stycznia w gliwickiej katedrze pw. \u015awi\u0119tych Aposto\u0142\u00f3w Piotra i Paw\u0142a. Konsekrowa\u0142 go biskup diecezjalny gliwicki Jan Kopiec w asy\u015bcie arcybiskupa Salvatore Pennacchia, nuncjusza apostolskiego w Polsce, oraz arcybiskupa metropolity katowickiego Wiktora [&hellip;]<\/p>\n","protected":false},"author":15,"featured_media":110124,"comment_status":"open","ping_status":"closed","sticky":false,"template":"","format":"standard","meta":{"_monsterinsights_skip_tracking":false,"_monsterinsights_sitenote_active":false,"_monsterinsights_sitenote_note":"","_monsterinsights_sitenote_category":0,"footnotes":"","_links_to":"","_links_to_target":""},"categories":[3,1],"tags":[8909,10720,10719,8906],"class_list":["post-110121","post","type-post","status-publish","format-standard","has-post-thumbnail","hentry","category-gliwice","category-wszystko","tag-biskup","tag-iwanecki","tag-kopiec","tag-kuria"],"yoast_head":"<!-- This site is optimized with the Yoast SEO plugin v27.5 - https:\/\/yoast.com\/product\/yoast-seo-wordpress\/ -->\n<title>Pierwsze \u015bwi\u0119cenia biskupie w diecezji gliwickiej. Uczestniczy\u0142 w nich nuncjusz apostolski - 24GLIWICE - Portal Gliwice | codziennie nowe informacje<\/title>\n<meta name=\"robots\" content=\"index, follow, max-snippet:-1, max-image-preview:large, max-video-preview:-1\" \/>\n<link rel=\"canonical\" href=\"https:\/\/www.24gliwice.pl\/wiadomosci\/pierwsze-swiecenia-biskupie-w-diecezji-gliwickiej-uczestniczyl-w-nich-nuncjusz-apostolski\/\" \/>\n<meta property=\"og:locale\" content=\"pl_PL\" \/>\n<meta property=\"og:type\" content=\"article\" \/>\n<meta property=\"og:title\" content=\"Pierwsze \u015bwi\u0119cenia biskupie w diecezji gliwickiej. Uczestniczy\u0142 w nich nuncjusz apostolski - 24GLIWICE - Portal Gliwice | codziennie nowe informacje\" \/>\n<meta property=\"og:description\" content=\"Gliwicka diecezja ma nowego biskupa pomocniczego. Zosta\u0142 nim ks. pra\u0142at Andrzej Iwanecki, proboszcz parafii \u015bw. Franciszka z Asy\u017cu w Zabrzu. \u015awi\u0119cenia biskupie przyj\u0105\u0142 7 stycznia w gliwickiej katedrze pw. \u015awi\u0119tych Aposto\u0142\u00f3w Piotra i Paw\u0142a. Konsekrowa\u0142 go biskup diecezjalny gliwicki Jan Kopiec w asy\u015bcie arcybiskupa Salvatore Pennacchia, nuncjusza apostolskiego w Polsce, oraz arcybiskupa metropolity katowickiego Wiktora [&hellip;]\" \/>\n<meta property=\"og:url\" content=\"https:\/\/www.24gliwice.pl\/wiadomosci\/pierwsze-swiecenia-biskupie-w-diecezji-gliwickiej-uczestniczyl-w-nich-nuncjusz-apostolski\/\" \/>\n<meta property=\"og:site_name\" content=\"24GLIWICE - Portal Gliwice | codziennie nowe informacje\" \/>\n<meta property=\"article:publisher\" content=\"https:\/\/www.facebook.com\/24gliwice\" \/>\n<meta property=\"article:published_time\" content=\"2018-01-08T10:37:24+00:00\" \/>\n<meta property=\"og:image\" content=\"https:\/\/www.24gliwice.pl\/wiadomosci\/wp-content\/uploads\/2018\/01\/biskup-e1515407305520.jpg\" \/>\n\t<meta property=\"og:image:width\" content=\"810\" \/>\n\t<meta property=\"og:image:height\" content=\"456\" \/>\n\t<meta property=\"og:image:type\" content=\"image\/jpeg\" \/>\n<meta name=\"author\" content=\"\u017baneta Mrozek-Siewierska\" \/>\n<meta name=\"twitter:card\" content=\"summary_large_image\" \/>\n<meta name=\"twitter:creator\" content=\"@24gliwice\" \/>\n<meta name=\"twitter:site\" content=\"@24gliwice\" \/>\n<meta name=\"twitter:label1\" content=\"Napisane przez\" \/>\n\t<meta name=\"twitter:data1\" content=\"\u017baneta Mrozek-Siewierska\" \/>\n\t<meta name=\"twitter:label2\" content=\"Szacowany czas czytania\" \/>\n\t<meta name=\"twitter:data2\" content=\"2 minuty\" \/>\n<script type=\"application\/ld+json\" class=\"yoast-schema-graph\">{\"@context\":\"https:\\\/\\\/schema.org\",\"@graph\":[{\"@type\":\"Article\",\"@id\":\"https:\\\/\\\/www.24gliwice.pl\\\/wiadomosci\\\/pierwsze-swiecenia-biskupie-w-diecezji-gliwickiej-uczestniczyl-w-nich-nuncjusz-apostolski\\\/#article\",\"isPartOf\":{\"@id\":\"https:\\\/\\\/www.24gliwice.pl\\\/wiadomosci\\\/pierwsze-swiecenia-biskupie-w-diecezji-gliwickiej-uczestniczyl-w-nich-nuncjusz-apostolski\\\/\"},\"author\":{\"name\":\"\u017baneta Mrozek-Siewierska\",\"@id\":\"https:\\\/\\\/www.24gliwice.pl\\\/wiadomosci\\\/#\\\/schema\\\/person\\\/e42c650edd7f2fa332be3811fb166b6e\"},\"headline\":\"Pierwsze \u015bwi\u0119cenia biskupie w diecezji gliwickiej. Uczestniczy\u0142 w nich nuncjusz apostolski\",\"datePublished\":\"2018-01-08T10:37:24+00:00\",\"mainEntityOfPage\":{\"@id\":\"https:\\\/\\\/www.24gliwice.pl\\\/wiadomosci\\\/pierwsze-swiecenia-biskupie-w-diecezji-gliwickiej-uczestniczyl-w-nich-nuncjusz-apostolski\\\/\"},\"wordCount\":390,\"commentCount\":0,\"publisher\":{\"@id\":\"https:\\\/\\\/www.24gliwice.pl\\\/wiadomosci\\\/#organization\"},\"image\":{\"@id\":\"https:\\\/\\\/www.24gliwice.pl\\\/wiadomosci\\\/pierwsze-swiecenia-biskupie-w-diecezji-gliwickiej-uczestniczyl-w-nich-nuncjusz-apostolski\\\/#primaryimage\"},\"thumbnailUrl\":\"https:\\\/\\\/www.24gliwice.pl\\\/wiadomosci\\\/wp-content\\\/uploads\\\/2018\\\/01\\\/biskup-e1515407305520.jpg\",\"keywords\":[\"biskup\",\"iwanecki\",\"kopiec\",\"kuria\"],\"articleSection\":[\"Gliwice\",\"Najnowsze wiadomo\u015bci\"],\"inLanguage\":\"pl-PL\",\"potentialAction\":[{\"@type\":\"CommentAction\",\"name\":\"Comment\",\"target\":[\"https:\\\/\\\/www.24gliwice.pl\\\/wiadomosci\\\/pierwsze-swiecenia-biskupie-w-diecezji-gliwickiej-uczestniczyl-w-nich-nuncjusz-apostolski\\\/#respond\"]}]},{\"@type\":\"WebPage\",\"@id\":\"https:\\\/\\\/www.24gliwice.pl\\\/wiadomosci\\\/pierwsze-swiecenia-biskupie-w-diecezji-gliwickiej-uczestniczyl-w-nich-nuncjusz-apostolski\\\/\",\"url\":\"https:\\\/\\\/www.24gliwice.pl\\\/wiadomosci\\\/pierwsze-swiecenia-biskupie-w-diecezji-gliwickiej-uczestniczyl-w-nich-nuncjusz-apostolski\\\/\",\"name\":\"Pierwsze \u015bwi\u0119cenia biskupie w diecezji gliwickiej. Uczestniczy\u0142 w nich nuncjusz apostolski - 24GLIWICE - Portal Gliwice | codziennie nowe informacje\",\"isPartOf\":{\"@id\":\"https:\\\/\\\/www.24gliwice.pl\\\/wiadomosci\\\/#website\"},\"primaryImageOfPage\":{\"@id\":\"https:\\\/\\\/www.24gliwice.pl\\\/wiadomosci\\\/pierwsze-swiecenia-biskupie-w-diecezji-gliwickiej-uczestniczyl-w-nich-nuncjusz-apostolski\\\/#primaryimage\"},\"image\":{\"@id\":\"https:\\\/\\\/www.24gliwice.pl\\\/wiadomosci\\\/pierwsze-swiecenia-biskupie-w-diecezji-gliwickiej-uczestniczyl-w-nich-nuncjusz-apostolski\\\/#primaryimage\"},\"thumbnailUrl\":\"https:\\\/\\\/www.24gliwice.pl\\\/wiadomosci\\\/wp-content\\\/uploads\\\/2018\\\/01\\\/biskup-e1515407305520.jpg\",\"datePublished\":\"2018-01-08T10:37:24+00:00\",\"breadcrumb\":{\"@id\":\"https:\\\/\\\/www.24gliwice.pl\\\/wiadomosci\\\/pierwsze-swiecenia-biskupie-w-diecezji-gliwickiej-uczestniczyl-w-nich-nuncjusz-apostolski\\\/#breadcrumb\"},\"inLanguage\":\"pl-PL\",\"potentialAction\":[{\"@type\":\"ReadAction\",\"target\":[\"https:\\\/\\\/www.24gliwice.pl\\\/wiadomosci\\\/pierwsze-swiecenia-biskupie-w-diecezji-gliwickiej-uczestniczyl-w-nich-nuncjusz-apostolski\\\/\"]}]},{\"@type\":\"ImageObject\",\"inLanguage\":\"pl-PL\",\"@id\":\"https:\\\/\\\/www.24gliwice.pl\\\/wiadomosci\\\/pierwsze-swiecenia-biskupie-w-diecezji-gliwickiej-uczestniczyl-w-nich-nuncjusz-apostolski\\\/#primaryimage\",\"url\":\"https:\\\/\\\/www.24gliwice.pl\\\/wiadomosci\\\/wp-content\\\/uploads\\\/2018\\\/01\\\/biskup-e1515407305520.jpg\",\"contentUrl\":\"https:\\\/\\\/www.24gliwice.pl\\\/wiadomosci\\\/wp-content\\\/uploads\\\/2018\\\/01\\\/biskup-e1515407305520.jpg\",\"width\":810,\"height\":456},{\"@type\":\"BreadcrumbList\",\"@id\":\"https:\\\/\\\/www.24gliwice.pl\\\/wiadomosci\\\/pierwsze-swiecenia-biskupie-w-diecezji-gliwickiej-uczestniczyl-w-nich-nuncjusz-apostolski\\\/#breadcrumb\",\"itemListElement\":[{\"@type\":\"ListItem\",\"position\":1,\"name\":\"Strona g\u0142\u00f3wna\",\"item\":\"https:\\\/\\\/www.24gliwice.pl\\\/wiadomosci\\\/\"},{\"@type\":\"ListItem\",\"position\":2,\"name\":\"Pierwsze \u015bwi\u0119cenia biskupie w diecezji gliwickiej. Uczestniczy\u0142 w nich nuncjusz apostolski\"}]},{\"@type\":\"WebSite\",\"@id\":\"https:\\\/\\\/www.24gliwice.pl\\\/wiadomosci\\\/#website\",\"url\":\"https:\\\/\\\/www.24gliwice.pl\\\/wiadomosci\\\/\",\"name\":\"24GLIWICE - Portal Gliwice | codziennie nowe wiadomo\u015bci\",\"description\":\"Portal Miejski Gliwice\",\"publisher\":{\"@id\":\"https:\\\/\\\/www.24gliwice.pl\\\/wiadomosci\\\/#organization\"},\"potentialAction\":[{\"@type\":\"SearchAction\",\"target\":{\"@type\":\"EntryPoint\",\"urlTemplate\":\"https:\\\/\\\/www.24gliwice.pl\\\/wiadomosci\\\/?s={search_term_string}\"},\"query-input\":{\"@type\":\"PropertyValueSpecification\",\"valueRequired\":true,\"valueName\":\"search_term_string\"}}],\"inLanguage\":\"pl-PL\"},{\"@type\":\"Organization\",\"@id\":\"https:\\\/\\\/www.24gliwice.pl\\\/wiadomosci\\\/#organization\",\"name\":\"24gliwice\",\"url\":\"https:\\\/\\\/www.24gliwice.pl\\\/wiadomosci\\\/\",\"logo\":{\"@type\":\"ImageObject\",\"inLanguage\":\"pl-PL\",\"@id\":\"https:\\\/\\\/www.24gliwice.pl\\\/wiadomosci\\\/#\\\/schema\\\/logo\\\/image\\\/\",\"url\":\"https:\\\/\\\/www.24gliwice.pl\\\/wiadomosci\\\/wp-content\\\/uploads\\\/2024\\\/10\\\/24gliwice-logo-696.jpg\",\"contentUrl\":\"https:\\\/\\\/www.24gliwice.pl\\\/wiadomosci\\\/wp-content\\\/uploads\\\/2024\\\/10\\\/24gliwice-logo-696.jpg\",\"width\":696,\"height\":696,\"caption\":\"24gliwice\"},\"image\":{\"@id\":\"https:\\\/\\\/www.24gliwice.pl\\\/wiadomosci\\\/#\\\/schema\\\/logo\\\/image\\\/\"},\"sameAs\":[\"https:\\\/\\\/www.facebook.com\\\/24gliwice\",\"https:\\\/\\\/x.com\\\/24gliwice\",\"https:\\\/\\\/www.youtube.com\\\/@24gliwice\"]},{\"@type\":\"Person\",\"@id\":\"https:\\\/\\\/www.24gliwice.pl\\\/wiadomosci\\\/#\\\/schema\\\/person\\\/e42c650edd7f2fa332be3811fb166b6e\",\"name\":\"\u017baneta Mrozek-Siewierska\",\"image\":{\"@type\":\"ImageObject\",\"inLanguage\":\"pl-PL\",\"@id\":\"https:\\\/\\\/secure.gravatar.com\\\/avatar\\\/1881429e9c64597c77ad7aef2d0a19be69a3253e57534d16aa15bf3a4d34a0a3?s=96&d=mm&r=g\",\"url\":\"https:\\\/\\\/secure.gravatar.com\\\/avatar\\\/1881429e9c64597c77ad7aef2d0a19be69a3253e57534d16aa15bf3a4d34a0a3?s=96&d=mm&r=g\",\"contentUrl\":\"https:\\\/\\\/secure.gravatar.com\\\/avatar\\\/1881429e9c64597c77ad7aef2d0a19be69a3253e57534d16aa15bf3a4d34a0a3?s=96&d=mm&r=g\",\"caption\":\"\u017baneta Mrozek-Siewierska\"},\"url\":\"https:\\\/\\\/www.24gliwice.pl\\\/wiadomosci\\\/author\\\/zms\\\/\"}]}<\/script>\n<!-- \/ Yoast SEO plugin. -->","yoast_head_json":{"title":"Pierwsze \u015bwi\u0119cenia biskupie w diecezji gliwickiej. Uczestniczy\u0142 w nich nuncjusz apostolski - 24GLIWICE - Portal Gliwice | codziennie nowe informacje","robots":{"index":"index","follow":"follow","max-snippet":"max-snippet:-1","max-image-preview":"max-image-preview:large","max-video-preview":"max-video-preview:-1"},"canonical":"https:\/\/www.24gliwice.pl\/wiadomosci\/pierwsze-swiecenia-biskupie-w-diecezji-gliwickiej-uczestniczyl-w-nich-nuncjusz-apostolski\/","og_locale":"pl_PL","og_type":"article","og_title":"Pierwsze \u015bwi\u0119cenia biskupie w diecezji gliwickiej. Uczestniczy\u0142 w nich nuncjusz apostolski - 24GLIWICE - Portal Gliwice | codziennie nowe informacje","og_description":"Gliwicka diecezja ma nowego biskupa pomocniczego. Zosta\u0142 nim ks. pra\u0142at Andrzej Iwanecki, proboszcz parafii \u015bw. Franciszka z Asy\u017cu w Zabrzu. \u015awi\u0119cenia biskupie przyj\u0105\u0142 7 stycznia w gliwickiej katedrze pw. \u015awi\u0119tych Aposto\u0142\u00f3w Piotra i Paw\u0142a. Konsekrowa\u0142 go biskup diecezjalny gliwicki Jan Kopiec w asy\u015bcie arcybiskupa Salvatore Pennacchia, nuncjusza apostolskiego w Polsce, oraz arcybiskupa metropolity katowickiego Wiktora [&hellip;]","og_url":"https:\/\/www.24gliwice.pl\/wiadomosci\/pierwsze-swiecenia-biskupie-w-diecezji-gliwickiej-uczestniczyl-w-nich-nuncjusz-apostolski\/","og_site_name":"24GLIWICE - Portal Gliwice | codziennie nowe informacje","article_publisher":"https:\/\/www.facebook.com\/24gliwice","article_published_time":"2018-01-08T10:37:24+00:00","og_image":[{"width":810,"height":456,"url":"https:\/\/www.24gliwice.pl\/wiadomosci\/wp-content\/uploads\/2018\/01\/biskup-e1515407305520.jpg","type":"image\/jpeg"}],"author":"\u017baneta Mrozek-Siewierska","twitter_card":"summary_large_image","twitter_creator":"@24gliwice","twitter_site":"@24gliwice","twitter_misc":{"Napisane przez":"\u017baneta Mrozek-Siewierska","Szacowany czas czytania":"2 minuty"},"schema":{"@context":"https:\/\/schema.org","@graph":[{"@type":"Article","@id":"https:\/\/www.24gliwice.pl\/wiadomosci\/pierwsze-swiecenia-biskupie-w-diecezji-gliwickiej-uczestniczyl-w-nich-nuncjusz-apostolski\/#article","isPartOf":{"@id":"https:\/\/www.24gliwice.pl\/wiadomosci\/pierwsze-swiecenia-biskupie-w-diecezji-gliwickiej-uczestniczyl-w-nich-nuncjusz-apostolski\/"},"author":{"name":"\u017baneta Mrozek-Siewierska","@id":"https:\/\/www.24gliwice.pl\/wiadomosci\/#\/schema\/person\/e42c650edd7f2fa332be3811fb166b6e"},"headline":"Pierwsze \u015bwi\u0119cenia biskupie w diecezji gliwickiej. Uczestniczy\u0142 w nich nuncjusz apostolski","datePublished":"2018-01-08T10:37:24+00:00","mainEntityOfPage":{"@id":"https:\/\/www.24gliwice.pl\/wiadomosci\/pierwsze-swiecenia-biskupie-w-diecezji-gliwickiej-uczestniczyl-w-nich-nuncjusz-apostolski\/"},"wordCount":390,"commentCount":0,"publisher":{"@id":"https:\/\/www.24gliwice.pl\/wiadomosci\/#organization"},"image":{"@id":"https:\/\/www.24gliwice.pl\/wiadomosci\/pierwsze-swiecenia-biskupie-w-diecezji-gliwickiej-uczestniczyl-w-nich-nuncjusz-apostolski\/#primaryimage"},"thumbnailUrl":"https:\/\/www.24gliwice.pl\/wiadomosci\/wp-content\/uploads\/2018\/01\/biskup-e1515407305520.jpg","keywords":["biskup","iwanecki","kopiec","kuria"],"articleSection":["Gliwice","Najnowsze wiadomo\u015bci"],"inLanguage":"pl-PL","potentialAction":[{"@type":"CommentAction","name":"Comment","target":["https:\/\/www.24gliwice.pl\/wiadomosci\/pierwsze-swiecenia-biskupie-w-diecezji-gliwickiej-uczestniczyl-w-nich-nuncjusz-apostolski\/#respond"]}]},{"@type":"WebPage","@id":"https:\/\/www.24gliwice.pl\/wiadomosci\/pierwsze-swiecenia-biskupie-w-diecezji-gliwickiej-uczestniczyl-w-nich-nuncjusz-apostolski\/","url":"https:\/\/www.24gliwice.pl\/wiadomosci\/pierwsze-swiecenia-biskupie-w-diecezji-gliwickiej-uczestniczyl-w-nich-nuncjusz-apostolski\/","name":"Pierwsze \u015bwi\u0119cenia biskupie w diecezji gliwickiej. Uczestniczy\u0142 w nich nuncjusz apostolski - 24GLIWICE - Portal Gliwice | codziennie nowe informacje","isPartOf":{"@id":"https:\/\/www.24gliwice.pl\/wiadomosci\/#website"},"primaryImageOfPage":{"@id":"https:\/\/www.24gliwice.pl\/wiadomosci\/pierwsze-swiecenia-biskupie-w-diecezji-gliwickiej-uczestniczyl-w-nich-nuncjusz-apostolski\/#primaryimage"},"image":{"@id":"https:\/\/www.24gliwice.pl\/wiadomosci\/pierwsze-swiecenia-biskupie-w-diecezji-gliwickiej-uczestniczyl-w-nich-nuncjusz-apostolski\/#primaryimage"},"thumbnailUrl":"https:\/\/www.24gliwice.pl\/wiadomosci\/wp-content\/uploads\/2018\/01\/biskup-e1515407305520.jpg","datePublished":"2018-01-08T10:37:24+00:00","breadcrumb":{"@id":"https:\/\/www.24gliwice.pl\/wiadomosci\/pierwsze-swiecenia-biskupie-w-diecezji-gliwickiej-uczestniczyl-w-nich-nuncjusz-apostolski\/#breadcrumb"},"inLanguage":"pl-PL","potentialAction":[{"@type":"ReadAction","target":["https:\/\/www.24gliwice.pl\/wiadomosci\/pierwsze-swiecenia-biskupie-w-diecezji-gliwickiej-uczestniczyl-w-nich-nuncjusz-apostolski\/"]}]},{"@type":"ImageObject","inLanguage":"pl-PL","@id":"https:\/\/www.24gliwice.pl\/wiadomosci\/pierwsze-swiecenia-biskupie-w-diecezji-gliwickiej-uczestniczyl-w-nich-nuncjusz-apostolski\/#primaryimage","url":"https:\/\/www.24gliwice.pl\/wiadomosci\/wp-content\/uploads\/2018\/01\/biskup-e1515407305520.jpg","contentUrl":"https:\/\/www.24gliwice.pl\/wiadomosci\/wp-content\/uploads\/2018\/01\/biskup-e1515407305520.jpg","width":810,"height":456},{"@type":"BreadcrumbList","@id":"https:\/\/www.24gliwice.pl\/wiadomosci\/pierwsze-swiecenia-biskupie-w-diecezji-gliwickiej-uczestniczyl-w-nich-nuncjusz-apostolski\/#breadcrumb","itemListElement":[{"@type":"ListItem","position":1,"name":"Strona g\u0142\u00f3wna","item":"https:\/\/www.24gliwice.pl\/wiadomosci\/"},{"@type":"ListItem","position":2,"name":"Pierwsze \u015bwi\u0119cenia biskupie w diecezji gliwickiej. Uczestniczy\u0142 w nich nuncjusz apostolski"}]},{"@type":"WebSite","@id":"https:\/\/www.24gliwice.pl\/wiadomosci\/#website","url":"https:\/\/www.24gliwice.pl\/wiadomosci\/","name":"24GLIWICE - Portal Gliwice | codziennie nowe wiadomo\u015bci","description":"Portal Miejski Gliwice","publisher":{"@id":"https:\/\/www.24gliwice.pl\/wiadomosci\/#organization"},"potentialAction":[{"@type":"SearchAction","target":{"@type":"EntryPoint","urlTemplate":"https:\/\/www.24gliwice.pl\/wiadomosci\/?s={search_term_string}"},"query-input":{"@type":"PropertyValueSpecification","valueRequired":true,"valueName":"search_term_string"}}],"inLanguage":"pl-PL"},{"@type":"Organization","@id":"https:\/\/www.24gliwice.pl\/wiadomosci\/#organization","name":"24gliwice","url":"https:\/\/www.24gliwice.pl\/wiadomosci\/","logo":{"@type":"ImageObject","inLanguage":"pl-PL","@id":"https:\/\/www.24gliwice.pl\/wiadomosci\/#\/schema\/logo\/image\/","url":"https:\/\/www.24gliwice.pl\/wiadomosci\/wp-content\/uploads\/2024\/10\/24gliwice-logo-696.jpg","contentUrl":"https:\/\/www.24gliwice.pl\/wiadomosci\/wp-content\/uploads\/2024\/10\/24gliwice-logo-696.jpg","width":696,"height":696,"caption":"24gliwice"},"image":{"@id":"https:\/\/www.24gliwice.pl\/wiadomosci\/#\/schema\/logo\/image\/"},"sameAs":["https:\/\/www.facebook.com\/24gliwice","https:\/\/x.com\/24gliwice","https:\/\/www.youtube.com\/@24gliwice"]},{"@type":"Person","@id":"https:\/\/www.24gliwice.pl\/wiadomosci\/#\/schema\/person\/e42c650edd7f2fa332be3811fb166b6e","name":"\u017baneta Mrozek-Siewierska","image":{"@type":"ImageObject","inLanguage":"pl-PL","@id":"https:\/\/secure.gravatar.com\/avatar\/1881429e9c64597c77ad7aef2d0a19be69a3253e57534d16aa15bf3a4d34a0a3?s=96&d=mm&r=g","url":"https:\/\/secure.gravatar.com\/avatar\/1881429e9c64597c77ad7aef2d0a19be69a3253e57534d16aa15bf3a4d34a0a3?s=96&d=mm&r=g","contentUrl":"https:\/\/secure.gravatar.com\/avatar\/1881429e9c64597c77ad7aef2d0a19be69a3253e57534d16aa15bf3a4d34a0a3?s=96&d=mm&r=g","caption":"\u017baneta Mrozek-Siewierska"},"url":"https:\/\/www.24gliwice.pl\/wiadomosci\/author\/zms\/"}]}},"_links":{"self":[{"href":"https:\/\/www.24gliwice.pl\/wiadomosci\/wp-json\/wp\/v2\/posts\/110121","targetHints":{"allow":["GET"]}}],"collection":[{"href":"https:\/\/www.24gliwice.pl\/wiadomosci\/wp-json\/wp\/v2\/posts"}],"about":[{"href":"https:\/\/www.24gliwice.pl\/wiadomosci\/wp-json\/wp\/v2\/types\/post"}],"author":[{"embeddable":true,"href":"https:\/\/www.24gliwice.pl\/wiadomosci\/wp-json\/wp\/v2\/users\/15"}],"replies":[{"embeddable":true,"href":"https:\/\/www.24gliwice.pl\/wiadomosci\/wp-json\/wp\/v2\/comments?post=110121"}],"version-history":[{"count":0,"href":"https:\/\/www.24gliwice.pl\/wiadomosci\/wp-json\/wp\/v2\/posts\/110121\/revisions"}],"wp:featuredmedia":[{"embeddable":true,"href":"https:\/\/www.24gliwice.pl\/wiadomosci\/wp-json\/wp\/v2\/media\/110124"}],"wp:attachment":[{"href":"https:\/\/www.24gliwice.pl\/wiadomosci\/wp-json\/wp\/v2\/media?parent=110121"}],"wp:term":[{"taxonomy":"category","embeddable":true,"href":"https:\/\/www.24gliwice.pl\/wiadomosci\/wp-json\/wp\/v2\/categories?post=110121"},{"taxonomy":"post_tag","embeddable":true,"href":"https:\/\/www.24gliwice.pl\/wiadomosci\/wp-json\/wp\/v2\/tags?post=110121"}],"curies":[{"name":"wp","href":"https:\/\/api.w.org\/{rel}","templated":true}]}}