{"id":110193,"date":"2018-01-10T01:00:43","date_gmt":"2018-01-10T00:00:43","guid":{"rendered":"http:\/\/www.24gliwice.pl\/wiadomosci\/?p=110193"},"modified":"2018-01-10T11:03:45","modified_gmt":"2018-01-10T10:03:45","slug":"liczba-mieszkancow-gliwic-spada-w-zastraszajacym-tempie-miasto-sie-wyludnia","status":"publish","type":"post","link":"https:\/\/www.24gliwice.pl\/wiadomosci\/liczba-mieszkancow-gliwic-spada-w-zastraszajacym-tempie-miasto-sie-wyludnia\/","title":{"rendered":"Gliwiczan ubywa w zastraszaj\u0105cym tempie. Miasto coraz bardziej si\u0119 wyludnia"},"content":{"rendered":"<div class=\"gliwi-a6-nad-leadem-artykulow gliwi-entity-placement\" id=\"gliwi-1098997007\"><div class=\"gliwi-adlabel\"><span style=\"font-size: 9px\">REKLAMA<\/span><\/div><div id=\"gliwi-3603438922\" style=\"margin-bottom: 30px;margin-left: auto;margin-right: auto;text-align: center;\"><a data-no-instant=\"1\" href=\"https:\/\/przedszkole.halogen.org.pl\/\" rel=\"noopener\" class=\"a2t-link\" target=\"_blank\" aria-label=\"20260402-ANIMATOR-przedszkole_grafika_750x200\"><img loading=\"lazy\" decoding=\"async\" src=\"https:\/\/www.24gliwice.pl\/wiadomosci\/wp-content\/uploads\/2026\/04\/20260402-ANIMATOR-przedszkole_grafika_750x200.webp\" alt=\"\"  srcset=\"https:\/\/www.24gliwice.pl\/wiadomosci\/wp-content\/uploads\/2026\/04\/20260402-ANIMATOR-przedszkole_grafika_750x200.webp 750w, https:\/\/www.24gliwice.pl\/wiadomosci\/wp-content\/uploads\/2026\/04\/20260402-ANIMATOR-przedszkole_grafika_750x200-410x109.webp 410w\" sizes=\"(max-width: 750px) 100vw, 750px\" class=\"no-lazyload\" width=\"750\" height=\"200\"  style=\"display: inline-block; max-width: 100%; height: auto;\" \/><\/a><\/div><\/div><h3>Mimo obserwowanego wzrostu urodze\u0144 w Gliwicach, liczba mieszka\u0144c\u00f3w sukcesywnie spada. W ci\u0105gu 2,5 roku miastu uby\u0142o 8,5 tysi\u0105ca mieszka\u0144c\u00f3w.<\/h3>\n<p>Wed\u0142ug stanu na 31 grudnia ubieg\u0142ego roku, w Gliwicach mieszka 174,4 tysi\u0105ca os\u00f3b, 91 tysi\u0119cy kobiet i 83 tysi\u0105ce m\u0119\u017cczyzn. Jeszcze w czerwcu 2016 roku liczba ludno\u015bci wynosi\u0142a 182,9 tysi\u0105ca. G\u0142\u00f3wny Urz\u0105d Statystyczny prognozuje, \u017ce w 2050 roku miasto b\u0119dzie liczy\u0107 zaledwie 135 265 mieszka\u0144c\u00f3w.<\/p>\n[perfectpullquote align=&#8221;full&#8221; bordertop=&#8221;false&#8221; cite=&#8221;&#8221; link=&#8221;&#8221; color=&#8221;&#8221; class=&#8221;&#8221; size=&#8221;&#8221;]Je\u015bli chodzi o poszczeg\u00f3lne osiedla, najwi\u0119cej gliwiczan mieszka w So\u015bnicy (18 tysi\u0119cy os\u00f3b). [\/perfectpullquote]\n<p>W pierwszej tr\u00f3jce uplasowa\u0142y si\u0119 tak\u017ce Trynek (16 tysi\u0119cy mieszka\u0144c\u00f3w) i \u0141ab\u0119dy (14 tysi\u0119cy mieszka\u0144c\u00f3w). Najmniej, 727 os\u00f3b, zameldowanych jest na pobyt sta\u0142y w Czechowicach. Niewielu mieszka\u0144c\u00f3w maj\u0105 r\u00f3wnie\u017c Wilcze Gard\u0142o (1 146) i Ligota Zabrska (2 037).<\/p><div class=\"gliwi-a3-w-tresci-artykulow gliwi-entity-placement\" id=\"gliwi-2090874917\"><div class=\"gliwi-adlabel\"><span style=\"font-size: 9px\">REKLAMA<\/span><\/div><div id=\"gliwi-3674130764\" style=\"margin-bottom: 30px;margin-left: auto;margin-right: auto;text-align: center;\"><a data-no-instant=\"1\" href=\"https:\/\/ogrodyandersa.pl\/\" rel=\"noopener\" class=\"a2t-link\" target=\"_blank\" aria-label=\"20260415 Ogrody Andersa KUP TERAZ D\"><img loading=\"lazy\" decoding=\"async\" src=\"https:\/\/www.24gliwice.pl\/wiadomosci\/wp-content\/uploads\/2026\/04\/20260415-Ogrody-Andersa-KUP-TERAZ-D.jpg\" alt=\"\"  srcset=\"https:\/\/www.24gliwice.pl\/wiadomosci\/wp-content\/uploads\/2026\/04\/20260415-Ogrody-Andersa-KUP-TERAZ-D.jpg 750w, https:\/\/www.24gliwice.pl\/wiadomosci\/wp-content\/uploads\/2026\/04\/20260415-Ogrody-Andersa-KUP-TERAZ-D-410x109.jpg 410w\" sizes=\"(max-width: 750px) 100vw, 750px\" class=\"no-lazyload\" width=\"750\" height=\"200\"  style=\"display: inline-block; max-width: 100%; height: auto;\" \/><\/a><\/div><\/div>\n<p>W 2017 roku Urz\u0105d Stanu Cywilnego zarejestrowa\u0142 833 ma\u0142\u017ce\u0144stw, w tym 153 umiejscowione (zawarte za granic\u0105) i 370 rozwod\u00f3w. Zawarto 420 \u015blub\u00f3w cywilnych i 413 konkordatowych, w 17 przypadkach jedno z ma\u0142\u017conk\u00f3w jest obcokrajowcem. Wsp\u00f3\u0142ma\u0142\u017conkowie pochodz\u0105 m.in. z Japonii, Tunezji, Francji, Wietnamu, Republiki Po\u0142udniowej Afryki, Stan\u00f3w Zjednoczonych i Korei Po\u0142udniowej.<\/p>\n<p>(\u017cms)\/UM Gliwice<br \/>\nfot. Mosquidron<\/p>\n<div class=\"gliwi-a5-na-koncu-artykulow gliwi-entity-placement\" id=\"gliwi-3830001877\"><div class=\"gliwi-adlabel\"><span style=\"font-size: 9px\">REKLAMA<\/span><\/div><div id=\"gliwi-1483045072\" style=\"margin-left: auto;margin-right: auto;text-align: center;\"><a data-no-instant=\"1\" href=\"https:\/\/prezeroarenagliwice.pl\/\" rel=\"noopener\" class=\"a2t-link\" target=\"_blank\" aria-label=\"20260309-PREZERO-WIOSNA-D\"><img loading=\"lazy\" decoding=\"async\" src=\"https:\/\/www.24gliwice.pl\/wiadomosci\/wp-content\/uploads\/2026\/03\/20260309-PREZERO-WIOSNA-D.webp\" alt=\"\"  srcset=\"https:\/\/www.24gliwice.pl\/wiadomosci\/wp-content\/uploads\/2026\/03\/20260309-PREZERO-WIOSNA-D.webp 750w, https:\/\/www.24gliwice.pl\/wiadomosci\/wp-content\/uploads\/2026\/03\/20260309-PREZERO-WIOSNA-D-410x109.webp 410w\" sizes=\"(max-width: 750px) 100vw, 750px\" class=\"no-lazyload\" width=\"750\" height=\"200\"  style=\"display: inline-block; max-width: 100%; height: auto;\" \/><\/a><\/div><\/div>","protected":false},"excerpt":{"rendered":"<p>Mimo obserwowanego wzrostu urodze\u0144 w Gliwicach, liczba mieszka\u0144c\u00f3w sukcesywnie spada. W ci\u0105gu 2,5 roku miastu uby\u0142o 8,5 tysi\u0105ca mieszka\u0144c\u00f3w. Wed\u0142ug stanu na 31 grudnia ubieg\u0142ego roku, w Gliwicach mieszka 174,4 tysi\u0105ca os\u00f3b, 91 tysi\u0119cy kobiet i 83 tysi\u0105ce m\u0119\u017cczyzn. Jeszcze w czerwcu 2016 roku liczba ludno\u015bci wynosi\u0142a 182,9 tysi\u0105ca. G\u0142\u00f3wny Urz\u0105d Statystyczny prognozuje, \u017ce w [&hellip;]<\/p>\n","protected":false},"author":15,"featured_media":110234,"comment_status":"open","ping_status":"closed","sticky":false,"template":"","format":"standard","meta":{"_monsterinsights_skip_tracking":false,"_monsterinsights_sitenote_active":false,"_monsterinsights_sitenote_note":"","_monsterinsights_sitenote_category":0,"footnotes":"","_links_to":"","_links_to_target":""},"categories":[3,1,9],"tags":[8123,9191],"class_list":["post-110193","post","type-post","status-publish","format-standard","has-post-thumbnail","hentry","category-gliwice","category-wszystko","category-aktualnosci_lokalne","tag-demografia","tag-liczba-mieszkancow"],"yoast_head":"<!-- This site is optimized with the Yoast SEO plugin v27.5 - https:\/\/yoast.com\/product\/yoast-seo-wordpress\/ -->\n<title>Gliwiczan ubywa w zastraszaj\u0105cym tempie. Miasto coraz bardziej si\u0119 wyludnia - 24GLIWICE - Portal Gliwice | codziennie nowe informacje<\/title>\n<meta name=\"robots\" content=\"index, follow, max-snippet:-1, max-image-preview:large, max-video-preview:-1\" \/>\n<link rel=\"canonical\" href=\"https:\/\/www.24gliwice.pl\/wiadomosci\/liczba-mieszkancow-gliwic-spada-w-zastraszajacym-tempie-miasto-sie-wyludnia\/\" \/>\n<meta property=\"og:locale\" content=\"pl_PL\" \/>\n<meta property=\"og:type\" content=\"article\" \/>\n<meta property=\"og:title\" content=\"Gliwiczan ubywa w zastraszaj\u0105cym tempie. Miasto coraz bardziej si\u0119 wyludnia - 24GLIWICE - Portal Gliwice | codziennie nowe informacje\" \/>\n<meta property=\"og:description\" content=\"Mimo obserwowanego wzrostu urodze\u0144 w Gliwicach, liczba mieszka\u0144c\u00f3w sukcesywnie spada. W ci\u0105gu 2,5 roku miastu uby\u0142o 8,5 tysi\u0105ca mieszka\u0144c\u00f3w. Wed\u0142ug stanu na 31 grudnia ubieg\u0142ego roku, w Gliwicach mieszka 174,4 tysi\u0105ca os\u00f3b, 91 tysi\u0119cy kobiet i 83 tysi\u0105ce m\u0119\u017cczyzn. Jeszcze w czerwcu 2016 roku liczba ludno\u015bci wynosi\u0142a 182,9 tysi\u0105ca. G\u0142\u00f3wny Urz\u0105d Statystyczny prognozuje, \u017ce w [&hellip;]\" \/>\n<meta property=\"og:url\" content=\"https:\/\/www.24gliwice.pl\/wiadomosci\/liczba-mieszkancow-gliwic-spada-w-zastraszajacym-tempie-miasto-sie-wyludnia\/\" \/>\n<meta property=\"og:site_name\" content=\"24GLIWICE - Portal Gliwice | codziennie nowe informacje\" \/>\n<meta property=\"article:publisher\" content=\"https:\/\/www.facebook.com\/24gliwice\" \/>\n<meta property=\"article:published_time\" content=\"2018-01-10T00:00:43+00:00\" \/>\n<meta property=\"article:modified_time\" content=\"2018-01-10T10:03:45+00:00\" \/>\n<meta property=\"og:image\" content=\"https:\/\/www.24gliwice.pl\/wiadomosci\/wp-content\/uploads\/2018\/01\/Screenshot_22.jpg\" \/>\n\t<meta property=\"og:image:width\" content=\"798\" \/>\n\t<meta property=\"og:image:height\" content=\"451\" \/>\n\t<meta property=\"og:image:type\" content=\"image\/jpeg\" \/>\n<meta name=\"author\" content=\"\u017baneta Mrozek-Siewierska\" \/>\n<meta name=\"twitter:card\" content=\"summary_large_image\" \/>\n<meta name=\"twitter:creator\" content=\"@24gliwice\" \/>\n<meta name=\"twitter:site\" content=\"@24gliwice\" \/>\n<meta name=\"twitter:label1\" content=\"Napisane przez\" \/>\n\t<meta name=\"twitter:data1\" content=\"\u017baneta Mrozek-Siewierska\" \/>\n\t<meta name=\"twitter:label2\" content=\"Szacowany czas czytania\" \/>\n\t<meta name=\"twitter:data2\" content=\"1 minuta\" \/>\n<script type=\"application\/ld+json\" class=\"yoast-schema-graph\">{\"@context\":\"https:\\\/\\\/schema.org\",\"@graph\":[{\"@type\":\"Article\",\"@id\":\"https:\\\/\\\/www.24gliwice.pl\\\/wiadomosci\\\/liczba-mieszkancow-gliwic-spada-w-zastraszajacym-tempie-miasto-sie-wyludnia\\\/#article\",\"isPartOf\":{\"@id\":\"https:\\\/\\\/www.24gliwice.pl\\\/wiadomosci\\\/liczba-mieszkancow-gliwic-spada-w-zastraszajacym-tempie-miasto-sie-wyludnia\\\/\"},\"author\":{\"name\":\"\u017baneta Mrozek-Siewierska\",\"@id\":\"https:\\\/\\\/www.24gliwice.pl\\\/wiadomosci\\\/#\\\/schema\\\/person\\\/e42c650edd7f2fa332be3811fb166b6e\"},\"headline\":\"Gliwiczan ubywa w zastraszaj\u0105cym tempie. Miasto coraz bardziej si\u0119 wyludnia\",\"datePublished\":\"2018-01-10T00:00:43+00:00\",\"dateModified\":\"2018-01-10T10:03:45+00:00\",\"mainEntityOfPage\":{\"@id\":\"https:\\\/\\\/www.24gliwice.pl\\\/wiadomosci\\\/liczba-mieszkancow-gliwic-spada-w-zastraszajacym-tempie-miasto-sie-wyludnia\\\/\"},\"wordCount\":223,\"commentCount\":0,\"publisher\":{\"@id\":\"https:\\\/\\\/www.24gliwice.pl\\\/wiadomosci\\\/#organization\"},\"image\":{\"@id\":\"https:\\\/\\\/www.24gliwice.pl\\\/wiadomosci\\\/liczba-mieszkancow-gliwic-spada-w-zastraszajacym-tempie-miasto-sie-wyludnia\\\/#primaryimage\"},\"thumbnailUrl\":\"https:\\\/\\\/www.24gliwice.pl\\\/wiadomosci\\\/wp-content\\\/uploads\\\/2018\\\/01\\\/Screenshot_22.jpg\",\"keywords\":[\"demografia\",\"liczba mieszka\u0144c\u00f3w\"],\"articleSection\":[\"Gliwice\",\"Najnowsze wiadomo\u015bci\",\"Portal Gliwice - Wiadomo\u015bci lokalne\"],\"inLanguage\":\"pl-PL\",\"potentialAction\":[{\"@type\":\"CommentAction\",\"name\":\"Comment\",\"target\":[\"https:\\\/\\\/www.24gliwice.pl\\\/wiadomosci\\\/liczba-mieszkancow-gliwic-spada-w-zastraszajacym-tempie-miasto-sie-wyludnia\\\/#respond\"]}]},{\"@type\":\"WebPage\",\"@id\":\"https:\\\/\\\/www.24gliwice.pl\\\/wiadomosci\\\/liczba-mieszkancow-gliwic-spada-w-zastraszajacym-tempie-miasto-sie-wyludnia\\\/\",\"url\":\"https:\\\/\\\/www.24gliwice.pl\\\/wiadomosci\\\/liczba-mieszkancow-gliwic-spada-w-zastraszajacym-tempie-miasto-sie-wyludnia\\\/\",\"name\":\"Gliwiczan ubywa w zastraszaj\u0105cym tempie. Miasto coraz bardziej si\u0119 wyludnia - 24GLIWICE - Portal Gliwice | codziennie nowe informacje\",\"isPartOf\":{\"@id\":\"https:\\\/\\\/www.24gliwice.pl\\\/wiadomosci\\\/#website\"},\"primaryImageOfPage\":{\"@id\":\"https:\\\/\\\/www.24gliwice.pl\\\/wiadomosci\\\/liczba-mieszkancow-gliwic-spada-w-zastraszajacym-tempie-miasto-sie-wyludnia\\\/#primaryimage\"},\"image\":{\"@id\":\"https:\\\/\\\/www.24gliwice.pl\\\/wiadomosci\\\/liczba-mieszkancow-gliwic-spada-w-zastraszajacym-tempie-miasto-sie-wyludnia\\\/#primaryimage\"},\"thumbnailUrl\":\"https:\\\/\\\/www.24gliwice.pl\\\/wiadomosci\\\/wp-content\\\/uploads\\\/2018\\\/01\\\/Screenshot_22.jpg\",\"datePublished\":\"2018-01-10T00:00:43+00:00\",\"dateModified\":\"2018-01-10T10:03:45+00:00\",\"breadcrumb\":{\"@id\":\"https:\\\/\\\/www.24gliwice.pl\\\/wiadomosci\\\/liczba-mieszkancow-gliwic-spada-w-zastraszajacym-tempie-miasto-sie-wyludnia\\\/#breadcrumb\"},\"inLanguage\":\"pl-PL\",\"potentialAction\":[{\"@type\":\"ReadAction\",\"target\":[\"https:\\\/\\\/www.24gliwice.pl\\\/wiadomosci\\\/liczba-mieszkancow-gliwic-spada-w-zastraszajacym-tempie-miasto-sie-wyludnia\\\/\"]}]},{\"@type\":\"ImageObject\",\"inLanguage\":\"pl-PL\",\"@id\":\"https:\\\/\\\/www.24gliwice.pl\\\/wiadomosci\\\/liczba-mieszkancow-gliwic-spada-w-zastraszajacym-tempie-miasto-sie-wyludnia\\\/#primaryimage\",\"url\":\"https:\\\/\\\/www.24gliwice.pl\\\/wiadomosci\\\/wp-content\\\/uploads\\\/2018\\\/01\\\/Screenshot_22.jpg\",\"contentUrl\":\"https:\\\/\\\/www.24gliwice.pl\\\/wiadomosci\\\/wp-content\\\/uploads\\\/2018\\\/01\\\/Screenshot_22.jpg\",\"width\":798,\"height\":451},{\"@type\":\"BreadcrumbList\",\"@id\":\"https:\\\/\\\/www.24gliwice.pl\\\/wiadomosci\\\/liczba-mieszkancow-gliwic-spada-w-zastraszajacym-tempie-miasto-sie-wyludnia\\\/#breadcrumb\",\"itemListElement\":[{\"@type\":\"ListItem\",\"position\":1,\"name\":\"Strona g\u0142\u00f3wna\",\"item\":\"https:\\\/\\\/www.24gliwice.pl\\\/wiadomosci\\\/\"},{\"@type\":\"ListItem\",\"position\":2,\"name\":\"Gliwiczan ubywa w zastraszaj\u0105cym tempie. Miasto coraz bardziej si\u0119 wyludnia\"}]},{\"@type\":\"WebSite\",\"@id\":\"https:\\\/\\\/www.24gliwice.pl\\\/wiadomosci\\\/#website\",\"url\":\"https:\\\/\\\/www.24gliwice.pl\\\/wiadomosci\\\/\",\"name\":\"24GLIWICE - Portal Gliwice | codziennie nowe wiadomo\u015bci\",\"description\":\"Portal Miejski Gliwice\",\"publisher\":{\"@id\":\"https:\\\/\\\/www.24gliwice.pl\\\/wiadomosci\\\/#organization\"},\"potentialAction\":[{\"@type\":\"SearchAction\",\"target\":{\"@type\":\"EntryPoint\",\"urlTemplate\":\"https:\\\/\\\/www.24gliwice.pl\\\/wiadomosci\\\/?s={search_term_string}\"},\"query-input\":{\"@type\":\"PropertyValueSpecification\",\"valueRequired\":true,\"valueName\":\"search_term_string\"}}],\"inLanguage\":\"pl-PL\"},{\"@type\":\"Organization\",\"@id\":\"https:\\\/\\\/www.24gliwice.pl\\\/wiadomosci\\\/#organization\",\"name\":\"24gliwice\",\"url\":\"https:\\\/\\\/www.24gliwice.pl\\\/wiadomosci\\\/\",\"logo\":{\"@type\":\"ImageObject\",\"inLanguage\":\"pl-PL\",\"@id\":\"https:\\\/\\\/www.24gliwice.pl\\\/wiadomosci\\\/#\\\/schema\\\/logo\\\/image\\\/\",\"url\":\"https:\\\/\\\/www.24gliwice.pl\\\/wiadomosci\\\/wp-content\\\/uploads\\\/2024\\\/10\\\/24gliwice-logo-696.jpg\",\"contentUrl\":\"https:\\\/\\\/www.24gliwice.pl\\\/wiadomosci\\\/wp-content\\\/uploads\\\/2024\\\/10\\\/24gliwice-logo-696.jpg\",\"width\":696,\"height\":696,\"caption\":\"24gliwice\"},\"image\":{\"@id\":\"https:\\\/\\\/www.24gliwice.pl\\\/wiadomosci\\\/#\\\/schema\\\/logo\\\/image\\\/\"},\"sameAs\":[\"https:\\\/\\\/www.facebook.com\\\/24gliwice\",\"https:\\\/\\\/x.com\\\/24gliwice\",\"https:\\\/\\\/www.youtube.com\\\/@24gliwice\"]},{\"@type\":\"Person\",\"@id\":\"https:\\\/\\\/www.24gliwice.pl\\\/wiadomosci\\\/#\\\/schema\\\/person\\\/e42c650edd7f2fa332be3811fb166b6e\",\"name\":\"\u017baneta Mrozek-Siewierska\",\"image\":{\"@type\":\"ImageObject\",\"inLanguage\":\"pl-PL\",\"@id\":\"https:\\\/\\\/secure.gravatar.com\\\/avatar\\\/1881429e9c64597c77ad7aef2d0a19be69a3253e57534d16aa15bf3a4d34a0a3?s=96&d=mm&r=g\",\"url\":\"https:\\\/\\\/secure.gravatar.com\\\/avatar\\\/1881429e9c64597c77ad7aef2d0a19be69a3253e57534d16aa15bf3a4d34a0a3?s=96&d=mm&r=g\",\"contentUrl\":\"https:\\\/\\\/secure.gravatar.com\\\/avatar\\\/1881429e9c64597c77ad7aef2d0a19be69a3253e57534d16aa15bf3a4d34a0a3?s=96&d=mm&r=g\",\"caption\":\"\u017baneta Mrozek-Siewierska\"},\"url\":\"https:\\\/\\\/www.24gliwice.pl\\\/wiadomosci\\\/author\\\/zms\\\/\"}]}<\/script>\n<!-- \/ Yoast SEO plugin. -->","yoast_head_json":{"title":"Gliwiczan ubywa w zastraszaj\u0105cym tempie. Miasto coraz bardziej si\u0119 wyludnia - 24GLIWICE - Portal Gliwice | codziennie nowe informacje","robots":{"index":"index","follow":"follow","max-snippet":"max-snippet:-1","max-image-preview":"max-image-preview:large","max-video-preview":"max-video-preview:-1"},"canonical":"https:\/\/www.24gliwice.pl\/wiadomosci\/liczba-mieszkancow-gliwic-spada-w-zastraszajacym-tempie-miasto-sie-wyludnia\/","og_locale":"pl_PL","og_type":"article","og_title":"Gliwiczan ubywa w zastraszaj\u0105cym tempie. Miasto coraz bardziej si\u0119 wyludnia - 24GLIWICE - Portal Gliwice | codziennie nowe informacje","og_description":"Mimo obserwowanego wzrostu urodze\u0144 w Gliwicach, liczba mieszka\u0144c\u00f3w sukcesywnie spada. W ci\u0105gu 2,5 roku miastu uby\u0142o 8,5 tysi\u0105ca mieszka\u0144c\u00f3w. Wed\u0142ug stanu na 31 grudnia ubieg\u0142ego roku, w Gliwicach mieszka 174,4 tysi\u0105ca os\u00f3b, 91 tysi\u0119cy kobiet i 83 tysi\u0105ce m\u0119\u017cczyzn. Jeszcze w czerwcu 2016 roku liczba ludno\u015bci wynosi\u0142a 182,9 tysi\u0105ca. G\u0142\u00f3wny Urz\u0105d Statystyczny prognozuje, \u017ce w [&hellip;]","og_url":"https:\/\/www.24gliwice.pl\/wiadomosci\/liczba-mieszkancow-gliwic-spada-w-zastraszajacym-tempie-miasto-sie-wyludnia\/","og_site_name":"24GLIWICE - Portal Gliwice | codziennie nowe informacje","article_publisher":"https:\/\/www.facebook.com\/24gliwice","article_published_time":"2018-01-10T00:00:43+00:00","article_modified_time":"2018-01-10T10:03:45+00:00","og_image":[{"width":798,"height":451,"url":"https:\/\/www.24gliwice.pl\/wiadomosci\/wp-content\/uploads\/2018\/01\/Screenshot_22.jpg","type":"image\/jpeg"}],"author":"\u017baneta Mrozek-Siewierska","twitter_card":"summary_large_image","twitter_creator":"@24gliwice","twitter_site":"@24gliwice","twitter_misc":{"Napisane przez":"\u017baneta Mrozek-Siewierska","Szacowany czas czytania":"1 minuta"},"schema":{"@context":"https:\/\/schema.org","@graph":[{"@type":"Article","@id":"https:\/\/www.24gliwice.pl\/wiadomosci\/liczba-mieszkancow-gliwic-spada-w-zastraszajacym-tempie-miasto-sie-wyludnia\/#article","isPartOf":{"@id":"https:\/\/www.24gliwice.pl\/wiadomosci\/liczba-mieszkancow-gliwic-spada-w-zastraszajacym-tempie-miasto-sie-wyludnia\/"},"author":{"name":"\u017baneta Mrozek-Siewierska","@id":"https:\/\/www.24gliwice.pl\/wiadomosci\/#\/schema\/person\/e42c650edd7f2fa332be3811fb166b6e"},"headline":"Gliwiczan ubywa w zastraszaj\u0105cym tempie. Miasto coraz bardziej si\u0119 wyludnia","datePublished":"2018-01-10T00:00:43+00:00","dateModified":"2018-01-10T10:03:45+00:00","mainEntityOfPage":{"@id":"https:\/\/www.24gliwice.pl\/wiadomosci\/liczba-mieszkancow-gliwic-spada-w-zastraszajacym-tempie-miasto-sie-wyludnia\/"},"wordCount":223,"commentCount":0,"publisher":{"@id":"https:\/\/www.24gliwice.pl\/wiadomosci\/#organization"},"image":{"@id":"https:\/\/www.24gliwice.pl\/wiadomosci\/liczba-mieszkancow-gliwic-spada-w-zastraszajacym-tempie-miasto-sie-wyludnia\/#primaryimage"},"thumbnailUrl":"https:\/\/www.24gliwice.pl\/wiadomosci\/wp-content\/uploads\/2018\/01\/Screenshot_22.jpg","keywords":["demografia","liczba mieszka\u0144c\u00f3w"],"articleSection":["Gliwice","Najnowsze wiadomo\u015bci","Portal Gliwice - Wiadomo\u015bci lokalne"],"inLanguage":"pl-PL","potentialAction":[{"@type":"CommentAction","name":"Comment","target":["https:\/\/www.24gliwice.pl\/wiadomosci\/liczba-mieszkancow-gliwic-spada-w-zastraszajacym-tempie-miasto-sie-wyludnia\/#respond"]}]},{"@type":"WebPage","@id":"https:\/\/www.24gliwice.pl\/wiadomosci\/liczba-mieszkancow-gliwic-spada-w-zastraszajacym-tempie-miasto-sie-wyludnia\/","url":"https:\/\/www.24gliwice.pl\/wiadomosci\/liczba-mieszkancow-gliwic-spada-w-zastraszajacym-tempie-miasto-sie-wyludnia\/","name":"Gliwiczan ubywa w zastraszaj\u0105cym tempie. Miasto coraz bardziej si\u0119 wyludnia - 24GLIWICE - Portal Gliwice | codziennie nowe informacje","isPartOf":{"@id":"https:\/\/www.24gliwice.pl\/wiadomosci\/#website"},"primaryImageOfPage":{"@id":"https:\/\/www.24gliwice.pl\/wiadomosci\/liczba-mieszkancow-gliwic-spada-w-zastraszajacym-tempie-miasto-sie-wyludnia\/#primaryimage"},"image":{"@id":"https:\/\/www.24gliwice.pl\/wiadomosci\/liczba-mieszkancow-gliwic-spada-w-zastraszajacym-tempie-miasto-sie-wyludnia\/#primaryimage"},"thumbnailUrl":"https:\/\/www.24gliwice.pl\/wiadomosci\/wp-content\/uploads\/2018\/01\/Screenshot_22.jpg","datePublished":"2018-01-10T00:00:43+00:00","dateModified":"2018-01-10T10:03:45+00:00","breadcrumb":{"@id":"https:\/\/www.24gliwice.pl\/wiadomosci\/liczba-mieszkancow-gliwic-spada-w-zastraszajacym-tempie-miasto-sie-wyludnia\/#breadcrumb"},"inLanguage":"pl-PL","potentialAction":[{"@type":"ReadAction","target":["https:\/\/www.24gliwice.pl\/wiadomosci\/liczba-mieszkancow-gliwic-spada-w-zastraszajacym-tempie-miasto-sie-wyludnia\/"]}]},{"@type":"ImageObject","inLanguage":"pl-PL","@id":"https:\/\/www.24gliwice.pl\/wiadomosci\/liczba-mieszkancow-gliwic-spada-w-zastraszajacym-tempie-miasto-sie-wyludnia\/#primaryimage","url":"https:\/\/www.24gliwice.pl\/wiadomosci\/wp-content\/uploads\/2018\/01\/Screenshot_22.jpg","contentUrl":"https:\/\/www.24gliwice.pl\/wiadomosci\/wp-content\/uploads\/2018\/01\/Screenshot_22.jpg","width":798,"height":451},{"@type":"BreadcrumbList","@id":"https:\/\/www.24gliwice.pl\/wiadomosci\/liczba-mieszkancow-gliwic-spada-w-zastraszajacym-tempie-miasto-sie-wyludnia\/#breadcrumb","itemListElement":[{"@type":"ListItem","position":1,"name":"Strona g\u0142\u00f3wna","item":"https:\/\/www.24gliwice.pl\/wiadomosci\/"},{"@type":"ListItem","position":2,"name":"Gliwiczan ubywa w zastraszaj\u0105cym tempie. Miasto coraz bardziej si\u0119 wyludnia"}]},{"@type":"WebSite","@id":"https:\/\/www.24gliwice.pl\/wiadomosci\/#website","url":"https:\/\/www.24gliwice.pl\/wiadomosci\/","name":"24GLIWICE - Portal Gliwice | codziennie nowe wiadomo\u015bci","description":"Portal Miejski Gliwice","publisher":{"@id":"https:\/\/www.24gliwice.pl\/wiadomosci\/#organization"},"potentialAction":[{"@type":"SearchAction","target":{"@type":"EntryPoint","urlTemplate":"https:\/\/www.24gliwice.pl\/wiadomosci\/?s={search_term_string}"},"query-input":{"@type":"PropertyValueSpecification","valueRequired":true,"valueName":"search_term_string"}}],"inLanguage":"pl-PL"},{"@type":"Organization","@id":"https:\/\/www.24gliwice.pl\/wiadomosci\/#organization","name":"24gliwice","url":"https:\/\/www.24gliwice.pl\/wiadomosci\/","logo":{"@type":"ImageObject","inLanguage":"pl-PL","@id":"https:\/\/www.24gliwice.pl\/wiadomosci\/#\/schema\/logo\/image\/","url":"https:\/\/www.24gliwice.pl\/wiadomosci\/wp-content\/uploads\/2024\/10\/24gliwice-logo-696.jpg","contentUrl":"https:\/\/www.24gliwice.pl\/wiadomosci\/wp-content\/uploads\/2024\/10\/24gliwice-logo-696.jpg","width":696,"height":696,"caption":"24gliwice"},"image":{"@id":"https:\/\/www.24gliwice.pl\/wiadomosci\/#\/schema\/logo\/image\/"},"sameAs":["https:\/\/www.facebook.com\/24gliwice","https:\/\/x.com\/24gliwice","https:\/\/www.youtube.com\/@24gliwice"]},{"@type":"Person","@id":"https:\/\/www.24gliwice.pl\/wiadomosci\/#\/schema\/person\/e42c650edd7f2fa332be3811fb166b6e","name":"\u017baneta Mrozek-Siewierska","image":{"@type":"ImageObject","inLanguage":"pl-PL","@id":"https:\/\/secure.gravatar.com\/avatar\/1881429e9c64597c77ad7aef2d0a19be69a3253e57534d16aa15bf3a4d34a0a3?s=96&d=mm&r=g","url":"https:\/\/secure.gravatar.com\/avatar\/1881429e9c64597c77ad7aef2d0a19be69a3253e57534d16aa15bf3a4d34a0a3?s=96&d=mm&r=g","contentUrl":"https:\/\/secure.gravatar.com\/avatar\/1881429e9c64597c77ad7aef2d0a19be69a3253e57534d16aa15bf3a4d34a0a3?s=96&d=mm&r=g","caption":"\u017baneta Mrozek-Siewierska"},"url":"https:\/\/www.24gliwice.pl\/wiadomosci\/author\/zms\/"}]}},"_links":{"self":[{"href":"https:\/\/www.24gliwice.pl\/wiadomosci\/wp-json\/wp\/v2\/posts\/110193","targetHints":{"allow":["GET"]}}],"collection":[{"href":"https:\/\/www.24gliwice.pl\/wiadomosci\/wp-json\/wp\/v2\/posts"}],"about":[{"href":"https:\/\/www.24gliwice.pl\/wiadomosci\/wp-json\/wp\/v2\/types\/post"}],"author":[{"embeddable":true,"href":"https:\/\/www.24gliwice.pl\/wiadomosci\/wp-json\/wp\/v2\/users\/15"}],"replies":[{"embeddable":true,"href":"https:\/\/www.24gliwice.pl\/wiadomosci\/wp-json\/wp\/v2\/comments?post=110193"}],"version-history":[{"count":0,"href":"https:\/\/www.24gliwice.pl\/wiadomosci\/wp-json\/wp\/v2\/posts\/110193\/revisions"}],"wp:featuredmedia":[{"embeddable":true,"href":"https:\/\/www.24gliwice.pl\/wiadomosci\/wp-json\/wp\/v2\/media\/110234"}],"wp:attachment":[{"href":"https:\/\/www.24gliwice.pl\/wiadomosci\/wp-json\/wp\/v2\/media?parent=110193"}],"wp:term":[{"taxonomy":"category","embeddable":true,"href":"https:\/\/www.24gliwice.pl\/wiadomosci\/wp-json\/wp\/v2\/categories?post=110193"},{"taxonomy":"post_tag","embeddable":true,"href":"https:\/\/www.24gliwice.pl\/wiadomosci\/wp-json\/wp\/v2\/tags?post=110193"}],"curies":[{"name":"wp","href":"https:\/\/api.w.org\/{rel}","templated":true}]}}